{"id":191540,"date":"2018-09-05T17:00:43","date_gmt":"2018-09-05T17:00:43","guid":{"rendered":"https:\/\/www.meydan.tv\/article\/zelzele-evimizi-yararsiz-veziyyete-salib\/"},"modified":"2018-09-05T17:00:43","modified_gmt":"2018-09-05T17:00:43","slug":"zelzele-evimizi-yararsiz-veziyyete-salib","status":"publish","type":"post","link":"https:\/\/www.meydan.tv\/az\/article\/zelzele-evimizi-yararsiz-veziyyete-salib\/","title":{"rendered":"&#8221;Z\u0259lz\u0259l\u0259 evimizi yarars\u0131z v\u0259ziyy\u0259t\u0259 sal\u0131b&#8221;"},"content":{"rendered":"<figure class=\"wp-block-image size-large\">\n  <img decoding=\"async\" src=\"https:\/\/www.meydan.tv\/az\/109138\/\" alt=\"\" class=\"wp-image-109138\"\/><figcaption><\/figcaption><\/figure>\n<p>\n  <i><br \/>\n    Lerik sakini k\u00f6m\u0259k ist\u0259yir<br \/>\n  <\/i>\n<\/p>\n<p>\n  \u201cZ\u0259lz\u0259l\u0259d\u0259 evimiz da\u011f\u0131ld\u0131. K\u0259ndimizin icra n\u00fcmay\u0259nd\u0259si g\u0259lib baxd\u0131. Dedi, burada ya\u015faya bilm\u0259zsiniz. Ya\u015famaq \u00fc\u00e7\u00fcn yarars\u0131zd\u0131r. O ged\u0259n getdi. Ondan sonra qap\u0131m\u0131z\u0131 d\u00f6y\u0259n olmay\u0131b\u201d.\n<\/p>\n<p>\n  Lerik rayonunun Babak\u00fcc\u0259 k\u0259ndinin 35 ya\u015fl\u0131 sakini F\u0259qani Cahangirov bel\u0259 deyir. Bildirir ki, u\u00e7an evini d\u00fcz\u0259ltdir\u0259c\u0259k maddi imkana sahib deyil.\n<\/p>\n<blockquote><p>\n  D\u00f6vl\u0259t k\u00f6m\u0259k ets\u0259, ed\u0259c\u0259k, etm\u0259s\u0259, k\u00fc\u00e7\u0259d\u0259 qalaca\u011f\u0131q\n<\/p><\/blockquote>\n<p>\n  \u201cElektrik m\u00fch\u0259ndisiy\u0259m. 200 manatl\u0131q maa\u015f\u0131m var. Vergil\u0259ri \u00e7\u0131xandan sonra h\u0259r ay \u0259lim\u0259 170 manat ke\u00e7ir. Bunun m\u00fcqabilind\u0259 5 n\u0259f\u0259rlik ail\u0259 saxlay\u0131ram. 3 k\u00f6rp\u0259 u\u015fa\u011f\u0131m var. Ya\u015fl\u0131 anam da biziml\u0259 qal\u0131r. U\u015faqlar\u0131n x\u0259rcini \u00f6z\u00fcn\u00fcz bilirsiniz. Bunun \u00fcst\u00fcn\u0259 anam\u0131n d\u0259rmanlar\u0131, m\u00fcalic\u0259si v\u0259 s. d\u0259 g\u0259lir. Yem\u0259yimizi g\u00fccl\u0259 \u00f6d\u0259yirik. Hardan alaq t\u0259mir \u00fc\u00e7\u00fcn pulu? D\u00f6vl\u0259t k\u00f6m\u0259k ets\u0259, ed\u0259c\u0259k, etm\u0259s\u0259, k\u00fc\u00e7\u0259d\u0259 qalaca\u011f\u0131q, he\u00e7 n\u0259\u201d.\n<\/p>\n<blockquote><p>\n  Z\u0259lz\u0259l\u0259d\u0259n sonra h\u0259y\u0259td\u0259 qal\u0131r\u0131q\n<\/p><\/blockquote>\n<p>\n  F. Cahangirov deyir ki, \u00f6t\u0259n d\u0259f\u0259 z\u0259lz\u0259l\u0259 olanda evl\u0259rind\u0259 b\u00f6y\u00fck \u00e7atlar \u0259m\u0259l\u0259 g\u0259libmi\u015f. Bu d\u0259f\u0259 is\u0259 ota\u011f\u0131n biri t\u0259miz u\u00e7ub. Dig\u0259rl\u0259ri is\u0259 q\u0259zal\u0131 v\u0259ziyy\u0259t\u0259 d\u00fc\u015f\u00fcb:\n<\/p>\n<figure class=\"wp-block-image size-large\">\n  <img decoding=\"async\" src=\"https:\/\/www.meydan.tv\/az\/109141\/\" alt=\"\" class=\"wp-image-109141\"\/><figcaption><\/figcaption><\/figure>\n<p>\n  \u201c1972-ci ild\u0259 tikil\u0259n evdir. D\u00fczd\u00fcr, ikim\u0259rt\u0259b\u0259li idi, t\u0259miri d\u0259 pis deyildi. Ancaq ya\u015famaq \u00fc\u00e7\u00fcn t\u0259hl\u00fck\u0259li idi. \u0130ndi is\u0259, \u00fcmumiyy\u0259tl\u0259, i\u00e7in\u0259 girm\u0259y\u0259 d\u0259 qorxuruq. H\u0259y\u0259timizd\u0259 \u0259lav\u0259 \u0259\u015fyalar\u0131 y\u0131\u011fmaq \u00fc\u00e7\u00fcn ki\u00e7ik dam\u0131m\u0131z var. Z\u0259lz\u0259l\u0259d\u0259n sonra orada qal\u0131r\u0131q ail\u0259likc\u0259. Da\u011fl\u0131q b\u00f6lg\u0259di. Buran\u0131n ya\u011f\u0131\u015flar\u0131n\u0131 da bilirsiz. Bir-iki h\u0259ft\u0259y\u0259 h\u0259y\u0259td\u0259 ya\u015famaq da \u00e7\u0259tinl\u0259\u015f\u0259c\u0259k. U\u015faqlara isti ev laz\u0131md\u0131r\u201d.\n<\/p>\n<blockquote><p>\n  Son 20 ild\u0259 Lerikd\u0259 bel\u0259 g\u00fccl\u00fc z\u0259lz\u0259l\u0259 olmam\u0131\u015fd\u0131\n<\/p><\/blockquote>\n<p>\n  Avqustun 28-d\u0259 saat 17 rad\u0259l\u0259rind\u0259 Lerik rayonu \u0259razisind\u0259 15 kilometr d\u0259rinlikd\u0259 5.1 g\u00fcc\u00fcnd\u0259 z\u0259lz\u0259l\u0259 ba\u015f verib. Z\u0259lz\u0259l\u0259 L\u0259nk\u0259ran rayonunda da 5.1 g\u00fcc\u00fcnd\u0259 hiss edilib. Qalan \u0259traf rayonlarda is\u0259 4-3 g\u00fcc\u00fcnd\u0259 hiss olunub.\n<\/p>\n<p>\n  Milli Elml\u0259r Akademiyas\u0131 Respublika Seysmoloji Xidm\u0259t M\u0259rk\u0259zinin m\u0259lumat\u0131na g\u00f6r\u0259, avqustun 28-d\u0259 ax\u015fam 3,7 v\u0259 3,2 g\u00fcc\u00fcnd\u0259 yeralt\u0131 t\u0259kanlar qeyd\u0259 al\u0131n\u0131b. Avqustun 29-da s\u0259h\u0259r z\u0259lz\u0259l\u0259 b\u00f6lg\u0259sind\u0259 60-dan \u00e7ox after\u015fok ba\u015f verib ki, bu da h\u0259min \u0259razil\u0259rd\u0259 enerjinin bo\u015falmas\u0131 il\u0259 ba\u011fl\u0131d\u0131r.\n<\/p>\n<figure class=\"wp-block-image size-large\">\n  <img decoding=\"async\" src=\"https:\/\/www.meydan.tv\/az\/109144\/\" alt=\"\" class=\"wp-image-109144\"\/><figcaption><\/figcaption><\/figure>\n<p>\n  F. Cahangirov deyir ki, son 20 ild\u0259 Lerikd\u0259 bel\u0259 g\u00fccl\u00fc z\u0259lz\u0259l\u0259 olmam\u0131\u015fd\u0131:\n<\/p>\n<p>\n  \u201cAra-s\u0131ra x\u0131rda t\u0259kanlar olub, ancaq bel\u0259 g\u00fccl\u00fcs\u00fc yad\u0131ma g\u0259lmir. Yad\u0131mdad\u0131, m\u0259n m\u0259kt\u0259b\u0259 ged\u0259nd\u0259 z\u0259lz\u0259l\u0259 olmu\u015fdu. Onda evimiz\u0259 \u00e7at d\u00fc\u015fm\u00fc\u015fd\u00fc. Bud\u0259f\u0259ki z\u0259lz\u0259l\u0259d\u0259 h\u0259min \u00e7atlar geni\u015fl\u0259nib. \u00dcmumiyy\u0259tl\u0259, bir otaq tamamil\u0259 u\u00e7ub-t\u00f6k\u00fcl\u00fcb. Allah \u00fcz\u00fcm\u00fcz\u0259 bax\u0131b ki, z\u0259lz\u0259l\u0259 zaman\u0131 evd\u0259 olmam\u0131\u015f\u0131q. Yoxsa, u\u015faqlar \u0259m\u0259lli travma alard\u0131\u201d.\n<\/p>\n<blockquote><p>\n  G\u0259r\u0259k h\u0259min ev\u0259 d\u0259 komissiya getsin v\u0259 r\u0259y versin\n<\/p><\/blockquote>\n<p>\n  Meydan TV m\u0259s\u0259l\u0259y\u0259 m\u00fcnasib\u0259t \u00f6yr\u0259nm\u0259k \u00fc\u00e7\u00fcn Lerik Rayon \u0130cra Hakimiyy\u0259ti il\u0259 \u0259laq\u0259 saxlay\u0131b. \u0130cra hakimiyy\u0259tind\u0259n bildiribl\u0259r ki, z\u0259lz\u0259l\u0259d\u0259n sonra evind\u0259 \u00e7at olan, evi u\u00e7an insanlardan xeyli m\u00fcraci\u0259t al\u0131blar:\n<\/p>\n<figure class=\"wp-block-image size-large\">\n  <img decoding=\"async\" src=\"https:\/\/www.meydan.tv\/az\/109147\/\" alt=\"\" class=\"wp-image-109147\"\/><figcaption><\/figcaption><\/figure>\n<p>\n  \u201cDediyiniz \u015f\u0259xsl\u0259r d\u0259 biz\u0259 m\u00fcraci\u0259t etsinl\u0259r. Biz m\u00fcraci\u0259tl\u0259ri al\u0131r, sonra h\u0259min evl\u0259r\u0259 bax\u0131\u015f ke\u00e7iririk. H\u0259qiq\u0259t\u0259n q\u0259zal\u0131 v\u0259ziyy\u0259td\u0259 olan evl\u0259rl\u0259 ba\u011fl\u0131 rayon F\u00f6vq\u0259lad\u0259 Hallar Komissiyas\u0131 F\u00f6vq\u0259lad\u0259 Hallar Nazirliyin\u0259 m\u00fcraci\u0259t \u00fcnvanlay\u0131r. Onlar h\u0259min v\u0259t\u0259nda\u015flara m\u00fcvafiq k\u00f6m\u0259yi g\u00f6st\u0259rirl\u0259r. \u0130ndi bilmir\u0259m, evin yenid\u0259n tikilm\u0259si \u00fc\u00e7\u00fcnm\u00fc, yoxsa t\u0259mir \u00fc\u00e7\u00fcnm\u00fc pul ay\u0131rarlar. Onu d\u0259qiq dey\u0259 bilmir\u0259m. G\u0259r\u0259k h\u0259min ev\u0259 d\u0259 komissiya getsin v\u0259 r\u0259y versin\u201d.<\/p>\n","protected":false},"excerpt":{"rendered":"<p>Lerik sakini k\u00f6m\u0259k ist\u0259yir<\/p>\n","protected":false},"author":11,"featured_media":109138,"comment_status":"closed","ping_status":"open","sticky":false,"template":"","format":"standard","meta":{"_acf_changed":false,"_sitemap_exclude":false,"_sitemap_priority":"","_sitemap_frequency":"","footnotes":""},"categories":[60],"tags":[],"class_list":["post-191540","post","type-post","status-publish","format-standard","has-post-thumbnail","hentry","category-bolge","infinite-scroll-item","generate-columns","tablet-grid-50","mobile-grid-100","grid-parent","grid-33","no-featured-image-padding"],"acf":[],"yoast_head":"<!-- This site is optimized with the Yoast SEO plugin v27.4 - https:\/\/yoast.com\/product\/yoast-seo-wordpress\/ -->\n<title>&#039;&#039;Z\u0259lz\u0259l\u0259 evimizi yarars\u0131z v\u0259ziyy\u0259t\u0259 sal\u0131b&#039;&#039; - MEYDAN.TV<\/title>\n<meta name=\"robots\" content=\"index, follow, max-snippet:-1, max-image-preview:large, max-video-preview:-1\" \/>\n<link rel=\"canonical\" href=\"https:\/\/www.meydan.tv\/az\/article\/zelzele-evimizi-yararsiz-veziyyete-salib\/\" \/>\n<meta property=\"og:locale\" content=\"az_AZ\" \/>\n<meta property=\"og:type\" content=\"article\" \/>\n<meta property=\"og:title\" content=\"&#039;&#039;Z\u0259lz\u0259l\u0259 evimizi yarars\u0131z v\u0259ziyy\u0259t\u0259 sal\u0131b&#039;&#039; - MEYDAN.TV\" \/>\n<meta property=\"og:description\" content=\"Lerik sakini k\u00f6m\u0259k ist\u0259yir\" \/>\n<meta property=\"og:url\" content=\"https:\/\/www.meydan.tv\/az\/article\/zelzele-evimizi-yararsiz-veziyyete-salib\/\" \/>\n<meta property=\"og:site_name\" content=\"MEYDAN.TV\" \/>\n<meta property=\"article:published_time\" content=\"2018-09-05T17:00:43+00:00\" \/>\n<meta property=\"og:image\" content=\"https:\/\/www.meydan.tv\/wp-content\/uploads\/43389.jpg\" \/>\n\t<meta property=\"og:image:width\" content=\"960\" \/>\n\t<meta property=\"og:image:height\" content=\"720\" \/>\n\t<meta property=\"og:image:type\" content=\"image\/jpeg\" \/>\n<meta name=\"author\" content=\"user-manager\" \/>\n<meta name=\"twitter:card\" content=\"summary_large_image\" \/>\n<script type=\"application\/ld+json\" class=\"yoast-schema-graph\">{\"@context\":\"https:\\\/\\\/schema.org\",\"@graph\":[{\"@type\":\"Article\",\"@id\":\"https:\\\/\\\/www.meydan.tv\\\/az\\\/article\\\/zelzele-evimizi-yararsiz-veziyyete-salib\\\/#article\",\"isPartOf\":{\"@id\":\"https:\\\/\\\/www.meydan.tv\\\/az\\\/article\\\/zelzele-evimizi-yararsiz-veziyyete-salib\\\/\"},\"author\":{\"name\":\"user-manager\",\"@id\":\"https:\\\/\\\/www.meydan.tv\\\/az\\\/#\\\/schema\\\/person\\\/10d11eccf6da3662cf5fdab9806ea91a\"},\"headline\":\"&#8221;Z\u0259lz\u0259l\u0259 evimizi yarars\u0131z v\u0259ziyy\u0259t\u0259 sal\u0131b&#8221;\",\"datePublished\":\"2018-09-05T17:00:43+00:00\",\"mainEntityOfPage\":{\"@id\":\"https:\\\/\\\/www.meydan.tv\\\/az\\\/article\\\/zelzele-evimizi-yararsiz-veziyyete-salib\\\/\"},\"wordCount\":733,\"publisher\":{\"@id\":\"https:\\\/\\\/www.meydan.tv\\\/az\\\/#organization\"},\"image\":{\"@id\":\"https:\\\/\\\/www.meydan.tv\\\/az\\\/article\\\/zelzele-evimizi-yararsiz-veziyyete-salib\\\/#primaryimage\"},\"thumbnailUrl\":\"https:\\\/\\\/www.meydan.tv\\\/wp-content\\\/uploads\\\/43389.jpg\",\"articleSection\":[\"B\u00f6lg\u0259\"],\"inLanguage\":\"az\"},{\"@type\":\"WebPage\",\"@id\":\"https:\\\/\\\/www.meydan.tv\\\/az\\\/article\\\/zelzele-evimizi-yararsiz-veziyyete-salib\\\/\",\"url\":\"https:\\\/\\\/www.meydan.tv\\\/az\\\/article\\\/zelzele-evimizi-yararsiz-veziyyete-salib\\\/\",\"name\":\"''Z\u0259lz\u0259l\u0259 evimizi yarars\u0131z v\u0259ziyy\u0259t\u0259 sal\u0131b'' - MEYDAN.TV\",\"isPartOf\":{\"@id\":\"https:\\\/\\\/www.meydan.tv\\\/az\\\/#website\"},\"primaryImageOfPage\":{\"@id\":\"https:\\\/\\\/www.meydan.tv\\\/az\\\/article\\\/zelzele-evimizi-yararsiz-veziyyete-salib\\\/#primaryimage\"},\"image\":{\"@id\":\"https:\\\/\\\/www.meydan.tv\\\/az\\\/article\\\/zelzele-evimizi-yararsiz-veziyyete-salib\\\/#primaryimage\"},\"thumbnailUrl\":\"https:\\\/\\\/www.meydan.tv\\\/wp-content\\\/uploads\\\/43389.jpg\",\"datePublished\":\"2018-09-05T17:00:43+00:00\",\"breadcrumb\":{\"@id\":\"https:\\\/\\\/www.meydan.tv\\\/az\\\/article\\\/zelzele-evimizi-yararsiz-veziyyete-salib\\\/#breadcrumb\"},\"inLanguage\":\"az\",\"potentialAction\":[{\"@type\":\"ReadAction\",\"target\":[\"https:\\\/\\\/www.meydan.tv\\\/az\\\/article\\\/zelzele-evimizi-yararsiz-veziyyete-salib\\\/\"]}]},{\"@type\":\"ImageObject\",\"inLanguage\":\"az\",\"@id\":\"https:\\\/\\\/www.meydan.tv\\\/az\\\/article\\\/zelzele-evimizi-yararsiz-veziyyete-salib\\\/#primaryimage\",\"url\":\"https:\\\/\\\/www.meydan.tv\\\/wp-content\\\/uploads\\\/43389.jpg\",\"contentUrl\":\"https:\\\/\\\/www.meydan.tv\\\/wp-content\\\/uploads\\\/43389.jpg\",\"width\":960,\"height\":720,\"caption\":\"Source:\"},{\"@type\":\"BreadcrumbList\",\"@id\":\"https:\\\/\\\/www.meydan.tv\\\/az\\\/article\\\/zelzele-evimizi-yararsiz-veziyyete-salib\\\/#breadcrumb\",\"itemListElement\":[{\"@type\":\"ListItem\",\"position\":1,\"name\":\"Ana s\u0259hif\u0259\",\"item\":\"https:\\\/\\\/www.meydan.tv\\\/az\\\/\"},{\"@type\":\"ListItem\",\"position\":2,\"name\":\"B\u00f6lg\u0259\",\"item\":\"https:\\\/\\\/www.meydan.tv\\\/az\\\/section\\\/bolge\\\/\"},{\"@type\":\"ListItem\",\"position\":3,\"name\":\"&#8221;Z\u0259lz\u0259l\u0259 evimizi yarars\u0131z v\u0259ziyy\u0259t\u0259 sal\u0131b&#8221;\"}]},{\"@type\":\"WebSite\",\"@id\":\"https:\\\/\\\/www.meydan.tv\\\/az\\\/#website\",\"url\":\"https:\\\/\\\/www.meydan.tv\\\/az\\\/\",\"name\":\"MEYDAN.TV\",\"description\":\"Meydan TV Az\u0259rbaycan\u0131n media m\u0259kan\u0131ndak\u0131 alternativ s\u0259sidir\",\"publisher\":{\"@id\":\"https:\\\/\\\/www.meydan.tv\\\/az\\\/#organization\"},\"potentialAction\":[{\"@type\":\"SearchAction\",\"target\":{\"@type\":\"EntryPoint\",\"urlTemplate\":\"https:\\\/\\\/www.meydan.tv\\\/az\\\/?s={search_term_string}\"},\"query-input\":{\"@type\":\"PropertyValueSpecification\",\"valueRequired\":true,\"valueName\":\"search_term_string\"}}],\"inLanguage\":\"az\"},{\"@type\":\"Organization\",\"@id\":\"https:\\\/\\\/www.meydan.tv\\\/az\\\/#organization\",\"name\":\"Meydan TV\",\"url\":\"https:\\\/\\\/www.meydan.tv\\\/az\\\/\",\"logo\":{\"@type\":\"ImageObject\",\"inLanguage\":\"az\",\"@id\":\"https:\\\/\\\/www.meydan.tv\\\/az\\\/#\\\/schema\\\/logo\\\/image\\\/\",\"url\":\"https:\\\/\\\/www.meydan.tv\\\/wp-content\\\/uploads\\\/2021\\\/07\\\/meydan-logo.svg\",\"contentUrl\":\"https:\\\/\\\/www.meydan.tv\\\/wp-content\\\/uploads\\\/2021\\\/07\\\/meydan-logo.svg\",\"width\":195,\"height\":46,\"caption\":\"Meydan TV\"},\"image\":{\"@id\":\"https:\\\/\\\/www.meydan.tv\\\/az\\\/#\\\/schema\\\/logo\\\/image\\\/\"}},{\"@type\":\"Person\",\"@id\":\"https:\\\/\\\/www.meydan.tv\\\/az\\\/#\\\/schema\\\/person\\\/10d11eccf6da3662cf5fdab9806ea91a\",\"name\":\"user-manager\"}]}<\/script>\n<!-- \/ Yoast SEO plugin. -->","yoast_head_json":{"title":"''Z\u0259lz\u0259l\u0259 evimizi yarars\u0131z v\u0259ziyy\u0259t\u0259 sal\u0131b'' - MEYDAN.TV","robots":{"index":"index","follow":"follow","max-snippet":"max-snippet:-1","max-image-preview":"max-image-preview:large","max-video-preview":"max-video-preview:-1"},"canonical":"https:\/\/www.meydan.tv\/az\/article\/zelzele-evimizi-yararsiz-veziyyete-salib\/","og_locale":"az_AZ","og_type":"article","og_title":"''Z\u0259lz\u0259l\u0259 evimizi yarars\u0131z v\u0259ziyy\u0259t\u0259 sal\u0131b'' - MEYDAN.TV","og_description":"Lerik sakini k\u00f6m\u0259k ist\u0259yir","og_url":"https:\/\/www.meydan.tv\/az\/article\/zelzele-evimizi-yararsiz-veziyyete-salib\/","og_site_name":"MEYDAN.TV","article_published_time":"2018-09-05T17:00:43+00:00","og_image":[{"width":960,"height":720,"url":"https:\/\/www.meydan.tv\/wp-content\/uploads\/43389.jpg","type":"image\/jpeg"}],"author":"user-manager","twitter_card":"summary_large_image","schema":{"@context":"https:\/\/schema.org","@graph":[{"@type":"Article","@id":"https:\/\/www.meydan.tv\/az\/article\/zelzele-evimizi-yararsiz-veziyyete-salib\/#article","isPartOf":{"@id":"https:\/\/www.meydan.tv\/az\/article\/zelzele-evimizi-yararsiz-veziyyete-salib\/"},"author":{"name":"user-manager","@id":"https:\/\/www.meydan.tv\/az\/#\/schema\/person\/10d11eccf6da3662cf5fdab9806ea91a"},"headline":"&#8221;Z\u0259lz\u0259l\u0259 evimizi yarars\u0131z v\u0259ziyy\u0259t\u0259 sal\u0131b&#8221;","datePublished":"2018-09-05T17:00:43+00:00","mainEntityOfPage":{"@id":"https:\/\/www.meydan.tv\/az\/article\/zelzele-evimizi-yararsiz-veziyyete-salib\/"},"wordCount":733,"publisher":{"@id":"https:\/\/www.meydan.tv\/az\/#organization"},"image":{"@id":"https:\/\/www.meydan.tv\/az\/article\/zelzele-evimizi-yararsiz-veziyyete-salib\/#primaryimage"},"thumbnailUrl":"https:\/\/www.meydan.tv\/wp-content\/uploads\/43389.jpg","articleSection":["B\u00f6lg\u0259"],"inLanguage":"az"},{"@type":"WebPage","@id":"https:\/\/www.meydan.tv\/az\/article\/zelzele-evimizi-yararsiz-veziyyete-salib\/","url":"https:\/\/www.meydan.tv\/az\/article\/zelzele-evimizi-yararsiz-veziyyete-salib\/","name":"''Z\u0259lz\u0259l\u0259 evimizi yarars\u0131z v\u0259ziyy\u0259t\u0259 sal\u0131b'' - MEYDAN.TV","isPartOf":{"@id":"https:\/\/www.meydan.tv\/az\/#website"},"primaryImageOfPage":{"@id":"https:\/\/www.meydan.tv\/az\/article\/zelzele-evimizi-yararsiz-veziyyete-salib\/#primaryimage"},"image":{"@id":"https:\/\/www.meydan.tv\/az\/article\/zelzele-evimizi-yararsiz-veziyyete-salib\/#primaryimage"},"thumbnailUrl":"https:\/\/www.meydan.tv\/wp-content\/uploads\/43389.jpg","datePublished":"2018-09-05T17:00:43+00:00","breadcrumb":{"@id":"https:\/\/www.meydan.tv\/az\/article\/zelzele-evimizi-yararsiz-veziyyete-salib\/#breadcrumb"},"inLanguage":"az","potentialAction":[{"@type":"ReadAction","target":["https:\/\/www.meydan.tv\/az\/article\/zelzele-evimizi-yararsiz-veziyyete-salib\/"]}]},{"@type":"ImageObject","inLanguage":"az","@id":"https:\/\/www.meydan.tv\/az\/article\/zelzele-evimizi-yararsiz-veziyyete-salib\/#primaryimage","url":"https:\/\/www.meydan.tv\/wp-content\/uploads\/43389.jpg","contentUrl":"https:\/\/www.meydan.tv\/wp-content\/uploads\/43389.jpg","width":960,"height":720,"caption":"Source:"},{"@type":"BreadcrumbList","@id":"https:\/\/www.meydan.tv\/az\/article\/zelzele-evimizi-yararsiz-veziyyete-salib\/#breadcrumb","itemListElement":[{"@type":"ListItem","position":1,"name":"Ana s\u0259hif\u0259","item":"https:\/\/www.meydan.tv\/az\/"},{"@type":"ListItem","position":2,"name":"B\u00f6lg\u0259","item":"https:\/\/www.meydan.tv\/az\/section\/bolge\/"},{"@type":"ListItem","position":3,"name":"&#8221;Z\u0259lz\u0259l\u0259 evimizi yarars\u0131z v\u0259ziyy\u0259t\u0259 sal\u0131b&#8221;"}]},{"@type":"WebSite","@id":"https:\/\/www.meydan.tv\/az\/#website","url":"https:\/\/www.meydan.tv\/az\/","name":"MEYDAN.TV","description":"Meydan TV Az\u0259rbaycan\u0131n media m\u0259kan\u0131ndak\u0131 alternativ s\u0259sidir","publisher":{"@id":"https:\/\/www.meydan.tv\/az\/#organization"},"potentialAction":[{"@type":"SearchAction","target":{"@type":"EntryPoint","urlTemplate":"https:\/\/www.meydan.tv\/az\/?s={search_term_string}"},"query-input":{"@type":"PropertyValueSpecification","valueRequired":true,"valueName":"search_term_string"}}],"inLanguage":"az"},{"@type":"Organization","@id":"https:\/\/www.meydan.tv\/az\/#organization","name":"Meydan TV","url":"https:\/\/www.meydan.tv\/az\/","logo":{"@type":"ImageObject","inLanguage":"az","@id":"https:\/\/www.meydan.tv\/az\/#\/schema\/logo\/image\/","url":"https:\/\/www.meydan.tv\/wp-content\/uploads\/2021\/07\/meydan-logo.svg","contentUrl":"https:\/\/www.meydan.tv\/wp-content\/uploads\/2021\/07\/meydan-logo.svg","width":195,"height":46,"caption":"Meydan TV"},"image":{"@id":"https:\/\/www.meydan.tv\/az\/#\/schema\/logo\/image\/"}},{"@type":"Person","@id":"https:\/\/www.meydan.tv\/az\/#\/schema\/person\/10d11eccf6da3662cf5fdab9806ea91a","name":"user-manager"}]}},"_links":{"self":[{"href":"https:\/\/www.meydan.tv\/az\/wp-json\/wp\/v2\/posts\/191540","targetHints":{"allow":["GET"]}}],"collection":[{"href":"https:\/\/www.meydan.tv\/az\/wp-json\/wp\/v2\/posts"}],"about":[{"href":"https:\/\/www.meydan.tv\/az\/wp-json\/wp\/v2\/types\/post"}],"author":[{"embeddable":true,"href":"https:\/\/www.meydan.tv\/az\/wp-json\/wp\/v2\/users\/11"}],"replies":[{"embeddable":true,"href":"https:\/\/www.meydan.tv\/az\/wp-json\/wp\/v2\/comments?post=191540"}],"version-history":[{"count":0,"href":"https:\/\/www.meydan.tv\/az\/wp-json\/wp\/v2\/posts\/191540\/revisions"}],"wp:featuredmedia":[{"embeddable":true,"href":"https:\/\/www.meydan.tv\/az\/wp-json\/wp\/v2\/media\/109138"}],"wp:attachment":[{"href":"https:\/\/www.meydan.tv\/az\/wp-json\/wp\/v2\/media?parent=191540"}],"wp:term":[{"taxonomy":"category","embeddable":true,"href":"https:\/\/www.meydan.tv\/az\/wp-json\/wp\/v2\/categories?post=191540"},{"taxonomy":"post_tag","embeddable":true,"href":"https:\/\/www.meydan.tv\/az\/wp-json\/wp\/v2\/tags?post=191540"}],"curies":[{"name":"wp","href":"https:\/\/api.w.org\/{rel}","templated":true}]}}