{"id":191515,"date":"2018-09-03T20:11:04","date_gmt":"2018-09-03T20:11:04","guid":{"rendered":"https:\/\/www.meydan.tv\/article\/prezidentlerin-gorusu-regional-kontekstde\/"},"modified":"2018-09-03T20:11:04","modified_gmt":"2018-09-03T20:11:04","slug":"prezidentlerin-gorusu-regional-kontekstde","status":"publish","type":"post","link":"https:\/\/www.meydan.tv\/az\/article\/prezidentlerin-gorusu-regional-kontekstde\/","title":{"rendered":"Prezidentl\u0259rin g\u00f6r\u00fc\u015f\u00fc regional kontekstd\u0259"},"content":{"rendered":"<figure class=\"wp-block-image size-large\">\n  <img decoding=\"async\" src=\"https:\/\/www.meydan.tv\/az\/fotolar-azertac-7\/\" alt=\"fotolar Az\u0259rtac\" class=\"wp-image-109066\"\/><figcaption>\n    fotolar Az\u0259rtac<br \/>\n  <\/figcaption><\/figure>\n<p>\n  <i><br \/>\n    T\u0259r\u0259fl\u0259r 2024-c\u00fc il\u0259 q\u0259d\u0259r m\u00fcnaqi\u015f\u0259 il\u0259 ba\u011fl\u0131 planlar haqq\u0131nda he\u00e7 n\u0259 dem\u0259yibl\u0259r, amma&#8230;<br \/>\n  <\/i>\n<\/p>\n<p>\n  Rusiya prezidenti Vladimir Putinl\u0259 Az\u0259rbaycan prezidenti \u0130lham \u018fliyevin sentyabr\u0131n 1-d\u0259 So\u00e7id\u0259 ke\u00e7iril\u0259n g\u00f6r\u00fc\u015f\u00fc 2024-c\u00fc il\u0259 q\u0259d\u0259r, y\u0259ni Putinin prezidentlik m\u00fcdd\u0259tinin ba\u015fa \u00e7atd\u0131\u011f\u0131 v\u0259 \u018fliyevin prezidentlik m\u00fcdd\u0259tinin ba\u015fa \u00e7atmas\u0131na &#8211; 2025-ci il\u0259 az qalana q\u0259d\u0259r iki \u00f6lk\u0259nin \u0259m\u0259kda\u015fl\u0131q konturlar\u0131n\u0131 m\u00fc\u0259yy\u0259n edib.\n<\/p>\n<p>\n  Raz\u0131la\u015fmalar qism\u0259n Rusiya Federasiyas\u0131 h\u00f6kum\u0259ti v\u0259 Az\u0259rbaycan Respublikas\u0131 h\u00f6kum\u0259ti aras\u0131nda 2024-c\u00fc il\u0259 q\u0259d\u0259r \u018fm\u0259kda\u015fl\u0131q Proqram\u0131nda v\u0259 Rusiya-Az\u0259rbaycan \u0259m\u0259kda\u015fl\u0131\u011f\u0131n\u0131n \u0259sas istiqam\u0259tl\u0259rinin inki\u015faf\u0131 \u00fczr\u0259 F\u0259aliyy\u0259t Plan\u0131nda (5 &#8220;yol x\u0259rit\u0259si&#8221;) t\u0259sbit edilib.\n<\/p>\n<p>\n  Proqram\u0131n v\u0259 Plan\u0131n t\u0259fsilat\u0131 h\u0259l\u0259lik a\u00e7\u0131qlanmay\u0131b. Amma Rusiya t\u0259r\u0259fi deyir ki, be\u015f yol x\u0259rit\u0259sin\u0259 ticar\u0259tin v\u0259 qar\u015f\u0131l\u0131ql\u0131 investisiyalar\u0131n art\u0131r\u0131lmas\u0131, n\u0259qliyyat mar\u015frutlar\u0131n\u0131n yarad\u0131lmas\u0131 v\u0259 m\u00fcxt\u0259lif sah\u0259l\u0259rd\u0259, o c\u00fcml\u0259d\u0259n m\u0259d\u0259niyy\u0259t, turizm m\u00fcbadil\u0259si sah\u0259sind\u0259, habel\u0259 neft sektrounda humanitar \u0259laq\u0259l\u0259rin geni\u015fl\u0259ndirilm\u0259si daxildir.\n<\/p>\n<p>\n  \u018fliyevi q\u0259bul ed\u0259n Putin \u0259n\u0259n\u0259vi klassik t\u0259rzd\u0259 a\u00e7\u0131q-a\u015fkar iqtisadi \u0259m\u0259kda\u015fl\u0131\u011f\u0131n geni\u015fl\u0259ndirilm\u0259si v\u0259 ticar\u0259t d\u00f6vriyy\u0259si h\u0259cminin art\u0131r\u0131lmas\u0131 z\u0259rur\u0259tini vur\u011fulay\u0131b.\n<\/p>\n<p>\n  Statistik m\u0259lumatlar g\u00f6st\u0259rir ki, neft qiym\u0259tl\u0259rinin artmas\u0131 il\u0259 \u0259laq\u0259dar 2017-ci ild\u0259 iki \u00f6lk\u0259 aras\u0131nda ticar\u0259t d\u00f6vriyy\u0259sinin art\u0131m t\u0259may\u00fcl\u00fc var. Rusiya FTX-nin m\u0259lumat\u0131na g\u00f6r\u0259, 2017-ci ild\u0259 Rusiya-Az\u0259rbaycan ticar\u0259t d\u00f6vriyy\u0259si 2016-c\u0131 ill\u0259 m\u00fcqayis\u0259d\u0259 34,4% artaraq, 2 627,2 mln. dollar t\u0259\u015fkil edib. Rusiyan\u0131n Az\u0259rbaycana ixrac\u0131 1 935,1 mln dollara (+28,3%), idxal 692,1 mln. dollara (+55%) \u00e7at\u0131b. Rusiya \u00fc\u00e7\u00fcn xarici ticar\u0259t \u0259m\u0259liyyatlar\u0131n\u0131n saldosu 1 243,0 mln. dollar \u00f6l\u00e7\u00fcs\u00fcnd\u0259 m\u00fcsb\u0259t olub. Bu m\u0259hsul \u0259sas\u0259n m\u00fclki t\u0259yinatl\u0131d\u0131r. Rusiya Az\u0259rbaycan\u0131n \u0259sas xarici ticar\u0259t t\u0259r\u0259fda\u015flar\u0131ndan biridir, 2017-ci ilin sonuna olan m\u0259lumata g\u00f6r\u0259 \u00f6lk\u0259nin \u00fcmumi ticar\u0259t d\u00f6vriyy\u0259sind\u0259 9,48%-lik payla \u00fc\u00e7\u00fcnc\u00fc yeri tutur v\u0259 17,7%-lik payla Az\u0259rbaycan idxal\u0131nda liderlik edir.\n<\/p>\n<p>\n  Bu il dinamika bir q\u0259d\u0259r azal\u0131b, birinci yar\u0131milin ticar\u0259t d\u00f6vriyy\u0259si m\u0259lumatlar\u0131 1,137 mlrd. dollard\u0131r. Amma g\u00f6zl\u0259m\u0259k olar ki, So\u00e7i g\u00f6r\u00fc\u015f\u00fc 2017-ci ilin g\u00f6st\u0259ric\u0259l\u0259rin s\u0259viyy\u0259sini a\u015fmaq \u00fc\u00e7\u00fcn laz\u0131m\u0131 dinamikan\u0131 ver\u0259c\u0259 bil\u0259c\u0259k.\n<\/p>\n<p>\n  \u0130mzalanm\u0131\u015f 12 s\u0259n\u0259dd\u0259n g\u00f6r\u00fcnd\u00fcy\u00fc kimi, g\u00f6r\u00fc\u015f\u00fcn yekunlar\u0131na g\u00f6r\u0259 ticari-iqtisadi \u0259m\u0259kda\u015fl\u0131\u011f\u0131n inki\u015faf\u0131na x\u00fcsusi diqq\u0259t \u00e7\u0259kils\u0259 d\u0259, prezident \u018fliyev qeyd edib ki, regional m\u0259s\u0259l\u0259l\u0259r m\u00fczakir\u0259 olunub.\n<\/p>\n<p>\n  Onlara a\u015fa\u011f\u0131dak\u0131lar\u0131 aid etm\u0259k olar:\n<\/p>\n<p>\n  <b><br \/>\n    1.<br \/>\n  <\/b><br \/>\n  Transx\u0259z\u0259r qaz k\u0259m\u0259ri\n<\/p>\n<p>\n  <b><br \/>\n    2.<br \/>\n  <\/b><br \/>\n  \u015eimal-C\u0259nub v\u0259 \u015e\u0259rq-Q\u0259rb n\u0259qliyyat d\u0259hlizi\n<\/p>\n<p>\n  <b><br \/>\n    3.<br \/>\n  <\/b><br \/>\n  Qaraba\u011f m\u00fcnaqi\u015f\u0259si\n<\/p>\n<p>\n  <b><br \/>\n    4.<br \/>\n  <\/b><br \/>\n  Amerika sanksiyalar\u0131 kontekstind\u0259 \u0130randa v\u0259ziyy\u0259tin inki\u015faf\u0131\n<\/p>\n<p>\n  <b><br \/>\n    5<br \/>\n  <\/b><br \/>\n  . Qar\u015f\u0131da duran \u0130dlib \u0259m\u0259liyyat\u0131 fonunda \u0130\u015e\u0130D d\u00f6y\u00fc\u015f\u00e7\u00fcl\u0259rinin MDB \u0259razisin\u0259 ke\u00e7m\u0259si ehtimal\u0131n\u0131n qar\u015f\u0131s\u0131n\u0131n al\u0131nmas\u0131.\n<\/p>\n<p>\n  Burada qeyd etm\u0259k laz\u0131md\u0131r ki, Rusiya, \u00e7\u0259tin ki, Transx\u0259z\u0259r qaz k\u0259m\u0259rinin tikintisin\u0259 mane olsun, \u00e7\u00fcnki illik 30 mlrd. kubmetr h\u0259cmind\u0259 n\u0259qli planla\u015fd\u0131r\u0131lan T\u00fcrkm\u0259nistan v\u0259 Az\u0259rbaycan qaz\u0131 Rusiyan\u0131n d\u00fcnya v\u0259 region bazar\u0131nda pay i\u015ftirak\u0131 \u00fc\u00e7\u00fcn t\u0259hl\u00fck\u0259 yaratm\u0131r. Rusiyan\u0131n Avropa istehlak\u00e7\u0131lar\u0131 \u00fc\u00e7\u00fcn T\u00fcrkm\u0259nistan qaz\u0131 almaqdan imtina etm\u0259si buna d\u0259lal\u0259t edir.\n<\/p>\n<figure class=\"wp-block-image size-large\">\n  <img decoding=\"async\" src=\"https:\/\/www.meydan.tv\/az\/109060\/\" alt=\"\" class=\"wp-image-109060\"\/><figcaption><\/figcaption><\/figure>\n<p>\n  Bu t\u0259xmini tranzit v\u0259 t\u0259hl\u00fck\u0259sizlik fonunda Az\u0259rbaycan\u0131n Rusiya \u00fc\u00e7\u00fcn \u0259h\u0259miyy\u0259tli rolu il\u0259 m\u00f6hk\u0259ml\u0259ndirm\u0259k olar. Az\u0259rbaycan Rusiya \u00fc\u00e7\u00fcn kifay\u0259t q\u0259d\u0259r maraql\u0131 olan m\u00fch\u00fcm n\u0259qliyyat hab\u0131na \u00e7evrilir. \u018fliyev g\u00f6r\u00fc\u015fd\u0259 xat\u0131rlad\u0131b ki, Rusiyadan y\u00fck da\u015f\u0131nmas\u0131 ill\u0259r \u0259rzind\u0259 100 d\u0259f\u0259 art\u0131b. Konkret h\u0259cm a\u00e7\u0131qlanmay\u0131b, amma y\u00fcz d\u0259f\u0259 art\u0131m b\u00f6y\u00fck bir g\u00f6st\u0259ricidir. V\u0259 bu, \u015eimal-C\u0259nub \u0130ran d\u0259mir yolu qolunun i\u015f\u0259 sal\u0131nmas\u0131ndan \u00f6nc\u0259 tranzit prosesinin yaln\u0131z ba\u015flan\u011f\u0131c\u0131d\u0131r.<br \/>\n  <br \/>\n  T\u0259hl\u00fck\u0259sizlik m\u00f6vzusunu davam etdirs\u0259k, &#8211; bu m\u00f6vzu son ill\u0259r Rusiya-Az\u0259rbaycan m\u0259sl\u0259h\u0259tl\u0259\u015fm\u0259l\u0259rinin \u0259n az iqtisadi m\u00f6vzular q\u0259d\u0259r prioritet m\u00f6vzusu olur, &#8211; h\u0259r iki t\u0259r\u0259fi \u0130ran v\u0259 Suriyadak\u0131 v\u0259ziyy\u0259t narahat etm\u0259lidir. \u0130rana qar\u015f\u0131 Amerika sanksiyalar\u0131n\u0131n daha da g\u00fccl\u0259ndirilm\u0259si v\u0259 planla\u015fd\u0131r\u0131lan AB\u015e t\u0259r\u0259find\u0259n \u0130ran nefti ixrac\u0131n\u0131n tamamil\u0259 bloklanmas\u0131 \u0130randa sosial v\u0259 daha sonra siyasi partlay\u0131\u015fa g\u0259tirib \u00e7\u0131xara bil\u0259r.\n<\/p>\n<p>\n  \u0130randaxili iqtisadi v\u0259 siyasi b\u00f6hran ba\u015flasa, onun n\u0259tic\u0259l\u0259ri Az\u0259rbaycana, o c\u00fcml\u0259d\u0259n Rusiyaya t\u0259sir ed\u0259 bil\u0259r. Prinsipc\u0259, onlardan qa\u00e7maq m\u00fcmk\u00fcn deyil. S\u00f6hb\u0259t irandaxili kollaps\u0131n t\u0259sirinin minimuma endirilm\u0259sind\u0259n gedir. \u018fs\u0259d v\u0259 RF ordusunun Suriyan\u0131n \u0130dlib m\u00fchasir\u0259sind\u0259 \u0130\u015e\u0130D v\u0259 \u018fl Nusra d\u00f6y\u00fc\u015f\u00e7\u00fcl\u0259rinin b\u00f6y\u00fck bir d\u0259st\u0259sin\u0259 (50 min) qar\u015f\u0131 planla\u015fd\u0131r\u0131lan \u0259m\u0259liyyat\u0131n\u0131n n\u0259tic\u0259l\u0259ri daha operativ t\u0259hl\u00fck\u0259 t\u0259\u015fkil edir. \u015eimali Qafqaz v\u0259 M\u0259rk\u0259zi Asiyadan olanlar\u0131n \u00fcst\u00fcnl\u00fck t\u0259\u015fkil etdiyi qrupla\u015fmalar\u0131n m\u00fcxt\u0259lif yollardan v\u0259t\u0259nl\u0259rin\u0259 ke\u00e7m\u0259y\u0259 \u00e7al\u0131\u015faca\u011f\u0131 t\u0259hl\u00fck\u0259si var. Yeri g\u0259lmi\u015fk\u0259n, Suriya b\u00f6hran\u0131n\u0131n bu v\u0259 dig\u0259r m\u0259s\u0259l\u0259l\u0259ri \u0130ran, Rusiya v\u0259 T\u00fcrkiy\u0259 prezidentl\u0259rinin sentyabr\u0131n 7-d\u0259 T\u0259brizd\u0259 ke\u00e7iril\u0259c\u0259k g\u00f6r\u00fc\u015f\u00fcnd\u0259 d\u0259 \u0259ksini tapacaq. Regional t\u0259hl\u00fck\u0259sizlik sah\u0259sind\u0259, x\u00fcsus\u0259n Suriya il\u0259 ba\u011fl\u0131 y\u00fcks\u0259k s\u0259viyy\u0259d\u0259 T\u00fcrkiy\u0259-Az\u0259rbaycan m\u0259sl\u0259h\u0259tl\u0259\u015fm\u0259l\u0259rinin f\u0259alla\u015fmas\u0131 da bunu g\u00f6st\u0259rir.\n<\/p>\n<p>\n  Bu kontekstd\u0259 Rusiyan\u0131n \u0259razi b\u00fct\u00f6vl\u00fcy\u00fc v\u0259 xalqlar\u0131n \u00f6z m\u00fcq\u0259dd\u0259rat\u0131n\u0131 t\u0259yin etm\u0259si prinsipl\u0259rinin sintezi \u00e7\u0259r\u00e7iv\u0259sind\u0259 Qaraba\u011f m\u00fcnaqi\u015f\u0259sinin nizamlanmas\u0131 \u00fczr\u0259 \u0259m\u0259ll\u0259ri daha da realistl\u0259\u015fir. T\u0259r\u0259fl\u0259r 2024-c\u00fc il\u0259 q\u0259d\u0259r m\u00fcnaqi\u015f\u0259 il\u0259 ba\u011fl\u0131 planlar haqq\u0131nda he\u00e7 n\u0259 dem\u0259yibl\u0259r, amma bu m\u0259s\u0259l\u0259 \u00fczr\u0259 f\u0259aliyy\u0259t plan\u0131n\u0131n ola bil\u0259c\u0259yi istisna deyil, bu, regional layih\u0259l\u0259rin t\u0259\u015fviqi v\u0259 t\u0259hl\u00fck\u0259sizlik n\u00f6qteyi-n\u0259z\u0259rd\u0259n m\u0259ntiqli olard\u0131 ki, C\u0259nubi Qafqazla h\u0259ms\u0259rh\u0259d olan Rusiya bunda maraql\u0131d\u0131r.\n<\/p>\n<p>\n  Bel\u0259likl\u0259, Rusiya v\u0259 Az\u0259rbaycan\u0131n regional g\u00fcnd\u0259liyind\u0259n ir\u0259li g\u0259l\u0259r\u0259k, prezidentl\u0259rin q\u0131sam\u00fcdd\u0259tli i\u015fg\u00fczar g\u00f6r\u00fc\u015f\u00fcn\u00fcn regional kontekstd\u0259 iki \u00f6lk\u0259nin qar\u015f\u0131l\u0131ql\u0131 f\u0259aliyy\u0259tinin daha da g\u00fccl\u0259ndirilm\u0259sini n\u0259z\u0259rd\u0259 tutan daha m\u00fch\u00fcm m\u0259qs\u0259dl\u0259rinin v\u0259 g\u0259l\u0259c\u0259k v\u0259zif\u0259l\u0259rinin oldu\u011funu dey\u0259 bil\u0259rik. Az\u0259rbaycan\u0131n t\u0259hl\u00fck\u0259sizliyi v\u0259 sabitliyi, o c\u00fcml\u0259d\u0259n Qaraba\u011f m\u00fcnaqi\u015f\u0259sinin h\u0259lli n\u00f6qteyi-n\u0259z\u0259rd\u0259n regional probleml\u0259r r\u0259smi Bak\u0131n\u0131n \u00f6z maraqlar\u0131n\u0131 t\u0259\u015fviq etm\u0259si \u00fc\u00e7\u00fcn \u0259lveri\u015fli fon yarad\u0131r. T\u0259kc\u0259 ondan d\u00fczg\u00fcn istifad\u0259 etm\u0259k qal\u0131r.<\/p>\n","protected":false},"excerpt":{"rendered":"<p>T\u0259r\u0259fl\u0259r 2024-c\u00fc il\u0259 q\u0259d\u0259r m\u00fcnaqi\u015f\u0259 il\u0259 ba\u011fl\u0131 planlar haqq\u0131nda he\u00e7 n\u0259 dem\u0259yibl\u0259r, amma<\/p>\n","protected":false},"author":11,"featured_media":109066,"comment_status":"closed","ping_status":"open","sticky":false,"template":"","format":"standard","meta":{"_acf_changed":false,"_sitemap_exclude":false,"_sitemap_priority":"","_sitemap_frequency":"","footnotes":""},"categories":[51],"tags":[],"class_list":["post-191515","post","type-post","status-publish","format-standard","has-post-thumbnail","hentry","category-analitika","infinite-scroll-item","generate-columns","tablet-grid-50","mobile-grid-100","grid-parent","grid-33","no-featured-image-padding"],"acf":[],"yoast_head":"<!-- This site is optimized with the Yoast SEO plugin v27.4 - https:\/\/yoast.com\/product\/yoast-seo-wordpress\/ -->\n<title>Prezidentl\u0259rin g\u00f6r\u00fc\u015f\u00fc regional kontekstd\u0259 - MEYDAN.TV<\/title>\n<meta name=\"robots\" content=\"index, follow, max-snippet:-1, max-image-preview:large, max-video-preview:-1\" \/>\n<link rel=\"canonical\" href=\"https:\/\/www.meydan.tv\/az\/article\/prezidentlerin-gorusu-regional-kontekstde\/\" \/>\n<meta property=\"og:locale\" content=\"az_AZ\" \/>\n<meta property=\"og:type\" content=\"article\" \/>\n<meta property=\"og:title\" content=\"Prezidentl\u0259rin g\u00f6r\u00fc\u015f\u00fc regional kontekstd\u0259 - MEYDAN.TV\" \/>\n<meta property=\"og:description\" content=\"T\u0259r\u0259fl\u0259r 2024-c\u00fc il\u0259 q\u0259d\u0259r m\u00fcnaqi\u015f\u0259 il\u0259 ba\u011fl\u0131 planlar haqq\u0131nda he\u00e7 n\u0259 dem\u0259yibl\u0259r, amma\" \/>\n<meta property=\"og:url\" content=\"https:\/\/www.meydan.tv\/az\/article\/prezidentlerin-gorusu-regional-kontekstde\/\" \/>\n<meta property=\"og:site_name\" content=\"MEYDAN.TV\" \/>\n<meta property=\"article:published_time\" content=\"2018-09-03T20:11:04+00:00\" \/>\n<meta property=\"og:image\" content=\"https:\/\/www.meydan.tv\/wp-content\/uploads\/43354.jpg\" \/>\n\t<meta property=\"og:image:width\" content=\"1000\" \/>\n\t<meta property=\"og:image:height\" content=\"663\" \/>\n\t<meta property=\"og:image:type\" content=\"image\/jpeg\" \/>\n<meta name=\"author\" content=\"user-manager\" \/>\n<meta name=\"twitter:card\" content=\"summary_large_image\" \/>\n<script type=\"application\/ld+json\" class=\"yoast-schema-graph\">{\"@context\":\"https:\\\/\\\/schema.org\",\"@graph\":[{\"@type\":\"Article\",\"@id\":\"https:\\\/\\\/www.meydan.tv\\\/az\\\/article\\\/prezidentlerin-gorusu-regional-kontekstde\\\/#article\",\"isPartOf\":{\"@id\":\"https:\\\/\\\/www.meydan.tv\\\/az\\\/article\\\/prezidentlerin-gorusu-regional-kontekstde\\\/\"},\"author\":{\"name\":\"user-manager\",\"@id\":\"https:\\\/\\\/www.meydan.tv\\\/az\\\/#\\\/schema\\\/person\\\/10d11eccf6da3662cf5fdab9806ea91a\"},\"headline\":\"Prezidentl\u0259rin g\u00f6r\u00fc\u015f\u00fc regional kontekstd\u0259\",\"datePublished\":\"2018-09-03T20:11:04+00:00\",\"mainEntityOfPage\":{\"@id\":\"https:\\\/\\\/www.meydan.tv\\\/az\\\/article\\\/prezidentlerin-gorusu-regional-kontekstde\\\/\"},\"wordCount\":1317,\"publisher\":{\"@id\":\"https:\\\/\\\/www.meydan.tv\\\/az\\\/#organization\"},\"image\":{\"@id\":\"https:\\\/\\\/www.meydan.tv\\\/az\\\/article\\\/prezidentlerin-gorusu-regional-kontekstde\\\/#primaryimage\"},\"thumbnailUrl\":\"https:\\\/\\\/www.meydan.tv\\\/wp-content\\\/uploads\\\/43354.jpg\",\"articleSection\":[\"Analitika\"],\"inLanguage\":\"az\"},{\"@type\":\"WebPage\",\"@id\":\"https:\\\/\\\/www.meydan.tv\\\/az\\\/article\\\/prezidentlerin-gorusu-regional-kontekstde\\\/\",\"url\":\"https:\\\/\\\/www.meydan.tv\\\/az\\\/article\\\/prezidentlerin-gorusu-regional-kontekstde\\\/\",\"name\":\"Prezidentl\u0259rin g\u00f6r\u00fc\u015f\u00fc regional kontekstd\u0259 - MEYDAN.TV\",\"isPartOf\":{\"@id\":\"https:\\\/\\\/www.meydan.tv\\\/az\\\/#website\"},\"primaryImageOfPage\":{\"@id\":\"https:\\\/\\\/www.meydan.tv\\\/az\\\/article\\\/prezidentlerin-gorusu-regional-kontekstde\\\/#primaryimage\"},\"image\":{\"@id\":\"https:\\\/\\\/www.meydan.tv\\\/az\\\/article\\\/prezidentlerin-gorusu-regional-kontekstde\\\/#primaryimage\"},\"thumbnailUrl\":\"https:\\\/\\\/www.meydan.tv\\\/wp-content\\\/uploads\\\/43354.jpg\",\"datePublished\":\"2018-09-03T20:11:04+00:00\",\"breadcrumb\":{\"@id\":\"https:\\\/\\\/www.meydan.tv\\\/az\\\/article\\\/prezidentlerin-gorusu-regional-kontekstde\\\/#breadcrumb\"},\"inLanguage\":\"az\",\"potentialAction\":[{\"@type\":\"ReadAction\",\"target\":[\"https:\\\/\\\/www.meydan.tv\\\/az\\\/article\\\/prezidentlerin-gorusu-regional-kontekstde\\\/\"]}]},{\"@type\":\"ImageObject\",\"inLanguage\":\"az\",\"@id\":\"https:\\\/\\\/www.meydan.tv\\\/az\\\/article\\\/prezidentlerin-gorusu-regional-kontekstde\\\/#primaryimage\",\"url\":\"https:\\\/\\\/www.meydan.tv\\\/wp-content\\\/uploads\\\/43354.jpg\",\"contentUrl\":\"https:\\\/\\\/www.meydan.tv\\\/wp-content\\\/uploads\\\/43354.jpg\",\"width\":1000,\"height\":663,\"caption\":\"Source:\"},{\"@type\":\"BreadcrumbList\",\"@id\":\"https:\\\/\\\/www.meydan.tv\\\/az\\\/article\\\/prezidentlerin-gorusu-regional-kontekstde\\\/#breadcrumb\",\"itemListElement\":[{\"@type\":\"ListItem\",\"position\":1,\"name\":\"Ana s\u0259hif\u0259\",\"item\":\"https:\\\/\\\/www.meydan.tv\\\/az\\\/\"},{\"@type\":\"ListItem\",\"position\":2,\"name\":\"Analitika\",\"item\":\"https:\\\/\\\/www.meydan.tv\\\/az\\\/section\\\/analitika\\\/\"},{\"@type\":\"ListItem\",\"position\":3,\"name\":\"Prezidentl\u0259rin g\u00f6r\u00fc\u015f\u00fc regional kontekstd\u0259\"}]},{\"@type\":\"WebSite\",\"@id\":\"https:\\\/\\\/www.meydan.tv\\\/az\\\/#website\",\"url\":\"https:\\\/\\\/www.meydan.tv\\\/az\\\/\",\"name\":\"MEYDAN.TV\",\"description\":\"Meydan TV Az\u0259rbaycan\u0131n media m\u0259kan\u0131ndak\u0131 alternativ s\u0259sidir\",\"publisher\":{\"@id\":\"https:\\\/\\\/www.meydan.tv\\\/az\\\/#organization\"},\"potentialAction\":[{\"@type\":\"SearchAction\",\"target\":{\"@type\":\"EntryPoint\",\"urlTemplate\":\"https:\\\/\\\/www.meydan.tv\\\/az\\\/?s={search_term_string}\"},\"query-input\":{\"@type\":\"PropertyValueSpecification\",\"valueRequired\":true,\"valueName\":\"search_term_string\"}}],\"inLanguage\":\"az\"},{\"@type\":\"Organization\",\"@id\":\"https:\\\/\\\/www.meydan.tv\\\/az\\\/#organization\",\"name\":\"Meydan TV\",\"url\":\"https:\\\/\\\/www.meydan.tv\\\/az\\\/\",\"logo\":{\"@type\":\"ImageObject\",\"inLanguage\":\"az\",\"@id\":\"https:\\\/\\\/www.meydan.tv\\\/az\\\/#\\\/schema\\\/logo\\\/image\\\/\",\"url\":\"https:\\\/\\\/www.meydan.tv\\\/wp-content\\\/uploads\\\/2021\\\/07\\\/meydan-logo.svg\",\"contentUrl\":\"https:\\\/\\\/www.meydan.tv\\\/wp-content\\\/uploads\\\/2021\\\/07\\\/meydan-logo.svg\",\"width\":195,\"height\":46,\"caption\":\"Meydan TV\"},\"image\":{\"@id\":\"https:\\\/\\\/www.meydan.tv\\\/az\\\/#\\\/schema\\\/logo\\\/image\\\/\"}},{\"@type\":\"Person\",\"@id\":\"https:\\\/\\\/www.meydan.tv\\\/az\\\/#\\\/schema\\\/person\\\/10d11eccf6da3662cf5fdab9806ea91a\",\"name\":\"user-manager\"}]}<\/script>\n<!-- \/ Yoast SEO plugin. -->","yoast_head_json":{"title":"Prezidentl\u0259rin g\u00f6r\u00fc\u015f\u00fc regional kontekstd\u0259 - MEYDAN.TV","robots":{"index":"index","follow":"follow","max-snippet":"max-snippet:-1","max-image-preview":"max-image-preview:large","max-video-preview":"max-video-preview:-1"},"canonical":"https:\/\/www.meydan.tv\/az\/article\/prezidentlerin-gorusu-regional-kontekstde\/","og_locale":"az_AZ","og_type":"article","og_title":"Prezidentl\u0259rin g\u00f6r\u00fc\u015f\u00fc regional kontekstd\u0259 - MEYDAN.TV","og_description":"T\u0259r\u0259fl\u0259r 2024-c\u00fc il\u0259 q\u0259d\u0259r m\u00fcnaqi\u015f\u0259 il\u0259 ba\u011fl\u0131 planlar haqq\u0131nda he\u00e7 n\u0259 dem\u0259yibl\u0259r, amma","og_url":"https:\/\/www.meydan.tv\/az\/article\/prezidentlerin-gorusu-regional-kontekstde\/","og_site_name":"MEYDAN.TV","article_published_time":"2018-09-03T20:11:04+00:00","og_image":[{"width":1000,"height":663,"url":"https:\/\/www.meydan.tv\/wp-content\/uploads\/43354.jpg","type":"image\/jpeg"}],"author":"user-manager","twitter_card":"summary_large_image","schema":{"@context":"https:\/\/schema.org","@graph":[{"@type":"Article","@id":"https:\/\/www.meydan.tv\/az\/article\/prezidentlerin-gorusu-regional-kontekstde\/#article","isPartOf":{"@id":"https:\/\/www.meydan.tv\/az\/article\/prezidentlerin-gorusu-regional-kontekstde\/"},"author":{"name":"user-manager","@id":"https:\/\/www.meydan.tv\/az\/#\/schema\/person\/10d11eccf6da3662cf5fdab9806ea91a"},"headline":"Prezidentl\u0259rin g\u00f6r\u00fc\u015f\u00fc regional kontekstd\u0259","datePublished":"2018-09-03T20:11:04+00:00","mainEntityOfPage":{"@id":"https:\/\/www.meydan.tv\/az\/article\/prezidentlerin-gorusu-regional-kontekstde\/"},"wordCount":1317,"publisher":{"@id":"https:\/\/www.meydan.tv\/az\/#organization"},"image":{"@id":"https:\/\/www.meydan.tv\/az\/article\/prezidentlerin-gorusu-regional-kontekstde\/#primaryimage"},"thumbnailUrl":"https:\/\/www.meydan.tv\/wp-content\/uploads\/43354.jpg","articleSection":["Analitika"],"inLanguage":"az"},{"@type":"WebPage","@id":"https:\/\/www.meydan.tv\/az\/article\/prezidentlerin-gorusu-regional-kontekstde\/","url":"https:\/\/www.meydan.tv\/az\/article\/prezidentlerin-gorusu-regional-kontekstde\/","name":"Prezidentl\u0259rin g\u00f6r\u00fc\u015f\u00fc regional kontekstd\u0259 - MEYDAN.TV","isPartOf":{"@id":"https:\/\/www.meydan.tv\/az\/#website"},"primaryImageOfPage":{"@id":"https:\/\/www.meydan.tv\/az\/article\/prezidentlerin-gorusu-regional-kontekstde\/#primaryimage"},"image":{"@id":"https:\/\/www.meydan.tv\/az\/article\/prezidentlerin-gorusu-regional-kontekstde\/#primaryimage"},"thumbnailUrl":"https:\/\/www.meydan.tv\/wp-content\/uploads\/43354.jpg","datePublished":"2018-09-03T20:11:04+00:00","breadcrumb":{"@id":"https:\/\/www.meydan.tv\/az\/article\/prezidentlerin-gorusu-regional-kontekstde\/#breadcrumb"},"inLanguage":"az","potentialAction":[{"@type":"ReadAction","target":["https:\/\/www.meydan.tv\/az\/article\/prezidentlerin-gorusu-regional-kontekstde\/"]}]},{"@type":"ImageObject","inLanguage":"az","@id":"https:\/\/www.meydan.tv\/az\/article\/prezidentlerin-gorusu-regional-kontekstde\/#primaryimage","url":"https:\/\/www.meydan.tv\/wp-content\/uploads\/43354.jpg","contentUrl":"https:\/\/www.meydan.tv\/wp-content\/uploads\/43354.jpg","width":1000,"height":663,"caption":"Source:"},{"@type":"BreadcrumbList","@id":"https:\/\/www.meydan.tv\/az\/article\/prezidentlerin-gorusu-regional-kontekstde\/#breadcrumb","itemListElement":[{"@type":"ListItem","position":1,"name":"Ana s\u0259hif\u0259","item":"https:\/\/www.meydan.tv\/az\/"},{"@type":"ListItem","position":2,"name":"Analitika","item":"https:\/\/www.meydan.tv\/az\/section\/analitika\/"},{"@type":"ListItem","position":3,"name":"Prezidentl\u0259rin g\u00f6r\u00fc\u015f\u00fc regional kontekstd\u0259"}]},{"@type":"WebSite","@id":"https:\/\/www.meydan.tv\/az\/#website","url":"https:\/\/www.meydan.tv\/az\/","name":"MEYDAN.TV","description":"Meydan TV Az\u0259rbaycan\u0131n media m\u0259kan\u0131ndak\u0131 alternativ s\u0259sidir","publisher":{"@id":"https:\/\/www.meydan.tv\/az\/#organization"},"potentialAction":[{"@type":"SearchAction","target":{"@type":"EntryPoint","urlTemplate":"https:\/\/www.meydan.tv\/az\/?s={search_term_string}"},"query-input":{"@type":"PropertyValueSpecification","valueRequired":true,"valueName":"search_term_string"}}],"inLanguage":"az"},{"@type":"Organization","@id":"https:\/\/www.meydan.tv\/az\/#organization","name":"Meydan TV","url":"https:\/\/www.meydan.tv\/az\/","logo":{"@type":"ImageObject","inLanguage":"az","@id":"https:\/\/www.meydan.tv\/az\/#\/schema\/logo\/image\/","url":"https:\/\/www.meydan.tv\/wp-content\/uploads\/2021\/07\/meydan-logo.svg","contentUrl":"https:\/\/www.meydan.tv\/wp-content\/uploads\/2021\/07\/meydan-logo.svg","width":195,"height":46,"caption":"Meydan TV"},"image":{"@id":"https:\/\/www.meydan.tv\/az\/#\/schema\/logo\/image\/"}},{"@type":"Person","@id":"https:\/\/www.meydan.tv\/az\/#\/schema\/person\/10d11eccf6da3662cf5fdab9806ea91a","name":"user-manager"}]}},"_links":{"self":[{"href":"https:\/\/www.meydan.tv\/az\/wp-json\/wp\/v2\/posts\/191515","targetHints":{"allow":["GET"]}}],"collection":[{"href":"https:\/\/www.meydan.tv\/az\/wp-json\/wp\/v2\/posts"}],"about":[{"href":"https:\/\/www.meydan.tv\/az\/wp-json\/wp\/v2\/types\/post"}],"author":[{"embeddable":true,"href":"https:\/\/www.meydan.tv\/az\/wp-json\/wp\/v2\/users\/11"}],"replies":[{"embeddable":true,"href":"https:\/\/www.meydan.tv\/az\/wp-json\/wp\/v2\/comments?post=191515"}],"version-history":[{"count":0,"href":"https:\/\/www.meydan.tv\/az\/wp-json\/wp\/v2\/posts\/191515\/revisions"}],"wp:featuredmedia":[{"embeddable":true,"href":"https:\/\/www.meydan.tv\/az\/wp-json\/wp\/v2\/media\/109066"}],"wp:attachment":[{"href":"https:\/\/www.meydan.tv\/az\/wp-json\/wp\/v2\/media?parent=191515"}],"wp:term":[{"taxonomy":"category","embeddable":true,"href":"https:\/\/www.meydan.tv\/az\/wp-json\/wp\/v2\/categories?post=191515"},{"taxonomy":"post_tag","embeddable":true,"href":"https:\/\/www.meydan.tv\/az\/wp-json\/wp\/v2\/tags?post=191515"}],"curies":[{"name":"wp","href":"https:\/\/api.w.org\/{rel}","templated":true}]}}