{"id":191505,"date":"2018-09-03T16:12:46","date_gmt":"2018-09-03T16:12:46","guid":{"rendered":"https:\/\/www.meydan.tv\/article\/oglum-doyusde-yaralanib-pensiya-ucun-rusvet-teleb-edirler\/"},"modified":"2018-09-03T16:12:46","modified_gmt":"2018-09-03T16:12:46","slug":"oglum-doyusde-yaralanib-pensiya-ucun-rusvet-teleb-edirler","status":"publish","type":"post","link":"https:\/\/www.meydan.tv\/az\/article\/oglum-doyusde-yaralanib-pensiya-ucun-rusvet-teleb-edirler\/","title":{"rendered":"&#8221;O\u011flum d\u00f6y\u00fc\u015fd\u0259 yaralan\u0131b, pensiya \u00fc\u00e7\u00fcn r\u00fc\u015fv\u0259t t\u0259l\u0259b edirl\u0259r&#8221;"},"content":{"rendered":"<figure class=\"wp-block-image size-large\">\n  <img decoding=\"async\" src=\"https:\/\/www.meydan.tv\/az\/idret-azadov\/\" alt=\"\u0130dr\u0259t Azadov\" class=\"wp-image-109042\"\/><figcaption>\n    \u0130dr\u0259t Azadov<br \/>\n  <\/figcaption><\/figure>\n<p>\n  <i><br \/>\n    \u0130dr\u0259t Azadov: &#8221;Ba\u015f h\u0259kimd\u0259n yazd\u0131m, \u0130cra Hakimiyy\u0259tin\u0259 \u00e7a\u011f\u0131r\u0131b dedil\u0259r ki, \u015fikay\u0259tl\u0259ri dayand\u0131r&#8221;<br \/>\n  <\/i>\n<\/p>\n<p>\n  &#8220;O\u011flum h\u0259rbi xidm\u0259ti d\u00f6y\u00fc\u015f b\u00f6lg\u0259sind\u0259 ke\u00e7ib. Erm\u0259ni silahl\u0131 q\u00fcvv\u0259l\u0259rinin a\u00e7d\u0131\u011f\u0131 at\u0259\u015f n\u0259tic\u0259sind\u0259 a\u011f\u0131r yaralan\u0131b, ald\u0131\u011f\u0131 g\u00fcll\u0259 yaras\u0131ndan uzun m\u00fcdd\u0259t x\u0259st\u0259xanada yat\u0131b, haz\u0131rda da durumu a\u011f\u0131rd\u0131r. H\u0259r g\u00fcn s\u0259hh\u0259ti pisl\u0259\u015fir, g\u00fcll\u0259d\u0259n ald\u0131\u011f\u0131 z\u0259d\u0259nin f\u0259sadlar\u0131 getdikc\u0259 \u00fcz\u0259 \u00e7\u0131x\u0131r. Amma ona pensiya d\u00fcz\u0259ld\u0259 bilmir\u0259m. M\u0259nd\u0259n 2 min manat r\u00fc\u015fv\u0259t ist\u0259yirl\u0259r&#8221;.\n<\/p>\n<p>\n  Bunu Meydan TV-y\u0259 Lerik rayonu Bil\u0259v\u0259r k\u0259nd sakini \u0130dr\u0259t \u015e\u0259v\u0259qq\u0259t o\u011flu Azadov deyib.\n<\/p>\n<p>\n  <b><br \/>\n    <i><br \/>\n      Qorxurdum ki, u\u015faq sa\u011f qalmayacaq<br \/>\n    <\/i><br \/>\n  <\/b>\n<\/p>\n<p>\n  Ata bildirib ki, o\u011flu, 1996-c\u0131 il t\u0259v\u0259ll\u00fcdl\u00fc Azadl\u0131 \u0130ltimas 9 oktyabr 2014-c\u00fc il tarixd\u0259 S\u0259f\u0259rb\u0259rlik v\u0259 H\u0259rbi Xidm\u0259t\u0259 \u00c7a\u011f\u0131r\u0131\u015f \u00fczr\u0259 D\u00f6vl\u0259t Xidm\u0259tinin Lerik rayon \u015f\u00f6b\u0259si t\u0259r\u0259find\u0259n orduya \u00e7a\u011f\u0131r\u0131l\u0131b.\n<\/p>\n<figure class=\"wp-block-image size-large\">\n  <img decoding=\"async\" src=\"https:\/\/www.meydan.tv\/az\/109024\/\" alt=\"\" class=\"wp-image-109024\"\/><figcaption><\/figcaption><\/figure>\n<p>\n  &#8220;Orduya sapsa\u011flam u\u015faq g\u00f6nd\u0259rmi\u015fdim. \u0130ltimas t\u0259mas x\u0259ttind\u0259 yerl\u0259\u015f\u0259n N sayl\u0131 h\u0259rbi hiss\u0259d\u0259 xidm\u0259t edib. 2015-ci ilin sentyabr\u0131n 3-d\u0259 d\u00f6y\u00fc\u015f tap\u015f\u0131r\u0131\u011f\u0131n\u0131 yerin\u0259 yetir\u0259rk\u0259n d\u00fc\u015fm\u0259n t\u0259r\u0259find\u0259n at\u0131lan g\u00fcll\u0259d\u0259n yaralan\u0131b. G\u00fcll\u0259 bel nahiy\u0259sind\u0259n d\u0259yib v\u0259 bel, h\u0259m\u00e7inin b\u00f6yr\u0259k z\u0259d\u0259l\u0259nm\u0259si il\u0259 n\u0259tic\u0259l\u0259n\u0259n yara al\u0131b. Oradan M\u00fcdafi\u0259 Nazirliyinin A\u011fdamda yerl\u0259\u015f\u0259n Sar\u0131cal\u0131 H\u0259rbi Hospital\u0131na g\u0259tirilib. Uzun m\u00fcdd\u0259t burada m\u00fcalic\u0259 olunub. H\u0259kiml\u0259r\u0259 dedim ki, t\u0259rxis olunmal\u0131d\u0131r, bu v\u0259ziyy\u0259td\u0259 d\u00f6y\u00fc\u015f b\u00f6lg\u0259sin\u0259 g\u00f6nd\u0259ril\u0259 bilm\u0259z. Amma dinl\u0259m\u0259dil\u0259r. Kas\u0131b oldu\u011fum \u00fc\u00e7\u00fcn pul da ver\u0259 bilm\u0259dim, yaras\u0131 qism\u0259n sa\u011falandan sonra yenid\u0259n d\u00f6y\u00fc\u015f b\u00f6lg\u0259sin\u0259 g\u00f6nd\u0259rildi. Bir ne\u00e7\u0259 aydan sonra is\u0259 h\u0259rbi xidm\u0259tini ba\u015fa vuraraq, ev\u0259 d\u00f6nd\u00fc. O, xidm\u0259td\u0259 olanda bir aya\u011f\u0131m c\u0259bh\u0259 b\u00f6lg\u0259sind\u0259 idi, qorxurdum ki, u\u015faq sa\u011f qalmayacaq&#8221;.\n<\/p>\n<blockquote><p>\n  Ald\u0131\u011f\u0131 yaradan \u0259ziyy\u0259t \u00e7\u0259kir, b\u00f6yr\u0259yi incidir\n<\/p><\/blockquote>\n<p>\n  \u0130dr\u0259t Azadov deyir ki, H\u0259rbi H\u0259kim Komissiyas\u0131n\u0131n q\u0259rar\u0131 il\u0259 o\u011fluna a\u011f\u0131r travma diaqnozu qoyulub. Q\u0259rarda bel\u0259 yaz\u0131l\u0131b: &#8220;\u201cSol bel nahiyy\u0259sinin d\u0259lib ke\u00e7\u0259n odlu silah yaralanmas\u0131ndan sonrak\u0131 b\u0259rkimi\u015f d\u0259ri \u00e7ap\u0131\u011f\u0131 il\u0259 \u201cH\u0259rbi travmad\u0131r, Az\u0259rbaycan Respublikas\u0131n\u0131n m\u00fcdafi\u0259si zaman\u0131 al\u0131nm\u0131\u015fd\u0131r\u201d.\n<\/p>\n<figure class=\"wp-block-image size-large\">\n  <img decoding=\"async\" src=\"https:\/\/www.meydan.tv\/az\/109039\/\" alt=\"\" class=\"wp-image-109039\"\/><figcaption><\/figcaption><\/figure>\n<p>\n  &#8220;Haz\u0131rda o\u011flum ald\u0131\u011f\u0131 yaradan \u0259ziyy\u0259t \u00e7\u0259kir, b\u00f6yr\u0259yi onu incidir. Art\u0131q m\u00fcalic\u0259sini d\u0259 davam etdirm\u0259y\u0259 maddi imkan\u0131m yoxdur&#8221;, &#8211; deyir \u0130.Azadov.\n<\/p>\n<blockquote><p>\n  D\u0259f\u0259l\u0259rl\u0259 \u00f6lk\u0259 ba\u015f\u00e7\u0131s\u0131na m\u00fcraci\u0259t etmi\u015f\u0259m\n<\/p><\/blockquote>\n<p>\n  Onun s\u00f6zl\u0259rin\u0259 g\u00f6r\u0259, o\u011fluna pensiya d\u00fcz\u0259ltm\u0259k ist\u0259s\u0259 d\u0259, Lerik Rayon M\u0259rk\u0259zi X\u0259st\u0259xanas\u0131n\u0131n ba\u015f h\u0259kimi, Tibbi H\u0259rbi Komissiyas\u0131n\u0131n s\u0259dri M\u00fcbariz A\u011fayev ona \u0259lillikl\u0259 ba\u011fl\u0131 m\u00fcvafiq s\u0259n\u0259di &#8211; &#8220;forma 88&#8221;-i verm\u0259yib.\n<\/p>\n<p>\n  X\u0259st\u0259xanan\u0131n h\u0259kimi, \u015f\u00f6b\u0259 m\u00fcdiri R\u0259fael A\u011fayevin is\u0259 ondan r\u00fc\u015fv\u0259t t\u0259l\u0259b etdiyini deyir:\n<\/p>\n<figure class=\"wp-block-image size-large\">\n  <img decoding=\"async\" src=\"https:\/\/www.meydan.tv\/az\/109033\/\" alt=\"\" class=\"wp-image-109033\"\/><figcaption><\/figcaption><\/figure>\n<p>\n  &#8220;H\u0259kim m\u0259nd\u0259n 2 min manat pul t\u0259l\u0259b edib. 2 min manat\u0131m olsa, \u00f6vlad\u0131m\u0131n m\u00fcalic\u0259sin\u0259 x\u0259rcl\u0259y\u0259r\u0259m d\u0259. M\u0259n \u00f6vlad\u0131m\u0131 v\u0259t\u0259ni qorumaq \u00fc\u00e7\u00fcn g\u00f6nd\u0259rmi\u015fdim. M\u0259nim \u00fc\u00e7\u00fcn i\u015f g\u00f6r\u0259nd\u0259 g\u00fcll\u0259 yaras\u0131 almay\u0131b ax\u0131. N\u0259dir bu bigan\u0259liyin v\u0259 \u00f6zba\u015f\u0131nal\u0131\u011f\u0131n s\u0259b\u0259bi? D\u0259f\u0259l\u0259rl\u0259 \u00f6lk\u0259 ba\u015f\u00e7\u0131s\u0131na, Birinci vitse-prezident\u0259, M\u00fcdafi\u0259 Nazirliyin\u0259, S\u0259hiyy\u0259 Nazirliyin\u0259 m\u00fcraci\u0259t etmi\u015f\u0259m, amma he\u00e7 bir t\u0259dbir g\u00f6r\u00fclm\u0259yib&#8221;.\n<\/p>\n<blockquote><p>\n  \u0130cra Hakimiyy\u0259tin\u0259 \u00e7a\u011f\u0131r\u0131b \u015fikay\u0259tl\u0259ri dayand\u0131rma\u011f\u0131 t\u0259l\u0259b edirl\u0259r\n<\/p><\/blockquote>\n<p>\n  Lerik sakini deyir ki, indiy\u0259 q\u0259d\u0259r x\u0259st\u0259xana o\u011fluna h\u0259r hans\u0131 bir tibbi yard\u0131m da g\u00f6st\u0259rm\u0259yib:\n<\/p>\n<figure class=\"wp-block-image size-large\">\n  <img decoding=\"async\" src=\"https:\/\/www.meydan.tv\/az\/109036\/\" alt=\"\" class=\"wp-image-109036\"\/><figcaption><\/figcaption><\/figure>\n<p>\n  \u201cAz\u0259rbaycan Respublikas\u0131n\u0131n Ba\u015f Prokurorlu\u011funa m\u00fcraci\u0259t etmi\u015f\u0259m, lakin m\u00fcraci\u0259tim cavabs\u0131z qal\u0131b. O\u011flum Azadl\u0131 \u0130ltimasa da he\u00e7 bir yard\u0131m g\u00f6st\u0259rilm\u0259yib, \u0259ksin\u0259, ba\u015f h\u0259kim m\u00fcraci\u0259timi r\u0259dd edib. Dem\u0259k olar ki, rayonda d\u00f6ym\u0259diyim qap\u0131 qalmay\u0131b. Ba\u015f h\u0259kimd\u0259n \u015fikay\u0259t ed\u0259n kimi Lerik Rayon \u0130cra Hakimiyy\u0259ti m\u0259s\u0259l\u0259y\u0259 qar\u0131\u015f\u0131r, m\u0259ni \u00e7a\u011f\u0131r\u0131b \u015fikay\u0259tl\u0259ri dayand\u0131rma\u011f\u0131 t\u0259l\u0259b edirl\u0259r, amma \u00f6zl\u0259ri d\u0259 k\u00f6m\u0259k etmirl\u0259r&#8221;.\n<\/p>\n<blockquote><p>\n  Ondan he\u00e7 k\u0259s r\u00fc\u015fv\u0259t ist\u0259m\u0259yib, b\u00f6htan at\u0131r\n<\/p><\/blockquote>\n<p>\n  Lerik Rayon M\u0259rk\u0259zi X\u0259st\u0259xanas\u0131n\u0131n ba\u015f h\u0259kimi M\u00fcbariz A\u011fayev is\u0259 Meydan TV-y\u0259 a\u00e7\u0131qlamas\u0131nda bildirib ki, \u015fikay\u0259t\u00e7inin iddialar\u0131 \u0259sass\u0131zd\u0131r:\n<\/p>\n<p>\n  \u201c\u018fvv\u0259la, ondan he\u00e7 k\u0259s r\u00fc\u015fv\u0259t ist\u0259m\u0259yib, b\u00f6htan at\u0131r. S\u0259hiyy\u0259 Nazirliyin\u0259 d\u0259, Ba\u015f Prokurorlu\u011fa da m\u00fcraci\u0259t g\u00f6nd\u0259rib, orada deyir ki, \u0259g\u0259r pulu olsayd\u0131, o\u011fluna \u0259lillik veril\u0259rdi. \u018fvv\u0259l bel\u0259 deyirdi, indi d\u0259 durub b\u00f6htan atmaqla m\u0259\u015f\u011fuldur, \u015fantaj edir. \u0130kincisi d\u0259, \u0259lilliyi biz vermirik, \u018fm\u0259k v\u0259 \u018fhalinin Sosial M\u00fcdafi\u0259si Nazirliyi verir. \u0130ndi h\u0259r \u015fey elektron sisteml\u0259dir. D\u00fczd\u00fcr, \u201cforma 88\u201d-i biz veririk, amma iki d\u0259f\u0259 &#8220;forma 88&#8221;-i onlay\u0131n sistem\u0259 yerl\u0259\u015fdirmi\u015fik, imtina cavab\u0131 g\u0259lib. \u00c7\u00fcnki onun o\u011flunda \u201cd\u0259lib ke\u00e7\u0259n g\u00fcll\u0259 yaras\u0131\u201dd\u0131r. D\u0259lib ke\u00e7\u0259n g\u00fcll\u0259 yaras\u0131na da pensiya verilmir. Bu u\u015faq da o vaxtdan bir d\u0259f\u0259 x\u0259st\u0259xanada yatmay\u0131b, hans\u0131 a\u011f\u0131rla\u015fmadan s\u00f6hb\u0259t ged\u0259 bil\u0259r? \u00d6z\u00fc d\u0259 m\u0259n\u0259 yax\u0131n adamd\u0131r. \u00d6z\u00fcn\u0259 d\u0259 ba\u015fa salm\u0131\u015fam, amma xeyri yoxdur. Deyir\u0259m, g\u00fcll\u0259 \u00e7anaq s\u00fcm\u00fcy\u00fcn\u0259 d\u0259yib, \u00e7anaq s\u00fcm\u00fcy\u00fcnd\u0259 d\u0259 he\u00e7 bir f\u0259sad yoxdur. Adam\u0131n Allah\u0131 olar, ax\u0131 kims\u0259 r\u00fc\u015fv\u0259t ist\u0259m\u0259yib\u201d.<\/p>\n","protected":false},"excerpt":{"rendered":"<p>\u0130dr\u0259t Azadov: &#8221;Ba\u015f h\u0259kimd\u0259n yazd\u0131m, \u0130cra Hakimiyy\u0259tin\u0259 \u00e7a\u011f\u0131r\u0131b dedil\u0259r ki, \u015fikay\u0259tl\u0259ri dayand\u0131r&#8221;<\/p>\n","protected":false},"author":11,"featured_media":109042,"comment_status":"closed","ping_status":"open","sticky":false,"template":"","format":"standard","meta":{"_acf_changed":false,"_sitemap_exclude":false,"_sitemap_priority":"","_sitemap_frequency":"","footnotes":""},"categories":[60],"tags":[],"class_list":["post-191505","post","type-post","status-publish","format-standard","has-post-thumbnail","hentry","category-bolge","infinite-scroll-item","generate-columns","tablet-grid-50","mobile-grid-100","grid-parent","grid-33","no-featured-image-padding"],"acf":[],"yoast_head":"<!-- This site is optimized with the Yoast SEO plugin v27.4 - https:\/\/yoast.com\/product\/yoast-seo-wordpress\/ -->\n<title>&#039;&#039;O\u011flum d\u00f6y\u00fc\u015fd\u0259 yaralan\u0131b, pensiya \u00fc\u00e7\u00fcn r\u00fc\u015fv\u0259t t\u0259l\u0259b edirl\u0259r&#039;&#039; - MEYDAN.TV<\/title>\n<meta name=\"robots\" content=\"index, follow, max-snippet:-1, max-image-preview:large, max-video-preview:-1\" \/>\n<link rel=\"canonical\" href=\"https:\/\/www.meydan.tv\/az\/article\/oglum-doyusde-yaralanib-pensiya-ucun-rusvet-teleb-edirler\/\" \/>\n<meta property=\"og:locale\" content=\"az_AZ\" \/>\n<meta property=\"og:type\" content=\"article\" \/>\n<meta property=\"og:title\" content=\"&#039;&#039;O\u011flum d\u00f6y\u00fc\u015fd\u0259 yaralan\u0131b, pensiya \u00fc\u00e7\u00fcn r\u00fc\u015fv\u0259t t\u0259l\u0259b edirl\u0259r&#039;&#039; - MEYDAN.TV\" \/>\n<meta property=\"og:description\" content=\"\u0130dr\u0259t Azadov: &#039;&#039;Ba\u015f h\u0259kimd\u0259n yazd\u0131m, \u0130cra Hakimiyy\u0259tin\u0259 \u00e7a\u011f\u0131r\u0131b dedil\u0259r ki, \u015fikay\u0259tl\u0259ri dayand\u0131r&#039;&#039;\" \/>\n<meta property=\"og:url\" content=\"https:\/\/www.meydan.tv\/az\/article\/oglum-doyusde-yaralanib-pensiya-ucun-rusvet-teleb-edirler\/\" \/>\n<meta property=\"og:site_name\" content=\"MEYDAN.TV\" \/>\n<meta property=\"article:published_time\" content=\"2018-09-03T16:12:46+00:00\" \/>\n<meta property=\"og:image\" content=\"https:\/\/www.meydan.tv\/wp-content\/uploads\/43342-scaled.jpg\" \/>\n\t<meta property=\"og:image:width\" content=\"2560\" \/>\n\t<meta property=\"og:image:height\" content=\"1920\" \/>\n\t<meta property=\"og:image:type\" content=\"image\/jpeg\" \/>\n<meta name=\"author\" content=\"user-manager\" \/>\n<meta name=\"twitter:card\" content=\"summary_large_image\" \/>\n<script type=\"application\/ld+json\" class=\"yoast-schema-graph\">{\"@context\":\"https:\\\/\\\/schema.org\",\"@graph\":[{\"@type\":\"Article\",\"@id\":\"https:\\\/\\\/www.meydan.tv\\\/az\\\/article\\\/oglum-doyusde-yaralanib-pensiya-ucun-rusvet-teleb-edirler\\\/#article\",\"isPartOf\":{\"@id\":\"https:\\\/\\\/www.meydan.tv\\\/az\\\/article\\\/oglum-doyusde-yaralanib-pensiya-ucun-rusvet-teleb-edirler\\\/\"},\"author\":{\"name\":\"user-manager\",\"@id\":\"https:\\\/\\\/www.meydan.tv\\\/az\\\/#\\\/schema\\\/person\\\/10d11eccf6da3662cf5fdab9806ea91a\"},\"headline\":\"&#8221;O\u011flum d\u00f6y\u00fc\u015fd\u0259 yaralan\u0131b, pensiya \u00fc\u00e7\u00fcn r\u00fc\u015fv\u0259t t\u0259l\u0259b edirl\u0259r&#8221;\",\"datePublished\":\"2018-09-03T16:12:46+00:00\",\"mainEntityOfPage\":{\"@id\":\"https:\\\/\\\/www.meydan.tv\\\/az\\\/article\\\/oglum-doyusde-yaralanib-pensiya-ucun-rusvet-teleb-edirler\\\/\"},\"wordCount\":1083,\"publisher\":{\"@id\":\"https:\\\/\\\/www.meydan.tv\\\/az\\\/#organization\"},\"image\":{\"@id\":\"https:\\\/\\\/www.meydan.tv\\\/az\\\/article\\\/oglum-doyusde-yaralanib-pensiya-ucun-rusvet-teleb-edirler\\\/#primaryimage\"},\"thumbnailUrl\":\"https:\\\/\\\/www.meydan.tv\\\/wp-content\\\/uploads\\\/43342-scaled.jpg\",\"articleSection\":[\"B\u00f6lg\u0259\"],\"inLanguage\":\"az\"},{\"@type\":\"WebPage\",\"@id\":\"https:\\\/\\\/www.meydan.tv\\\/az\\\/article\\\/oglum-doyusde-yaralanib-pensiya-ucun-rusvet-teleb-edirler\\\/\",\"url\":\"https:\\\/\\\/www.meydan.tv\\\/az\\\/article\\\/oglum-doyusde-yaralanib-pensiya-ucun-rusvet-teleb-edirler\\\/\",\"name\":\"''O\u011flum d\u00f6y\u00fc\u015fd\u0259 yaralan\u0131b, pensiya \u00fc\u00e7\u00fcn r\u00fc\u015fv\u0259t t\u0259l\u0259b edirl\u0259r'' - MEYDAN.TV\",\"isPartOf\":{\"@id\":\"https:\\\/\\\/www.meydan.tv\\\/az\\\/#website\"},\"primaryImageOfPage\":{\"@id\":\"https:\\\/\\\/www.meydan.tv\\\/az\\\/article\\\/oglum-doyusde-yaralanib-pensiya-ucun-rusvet-teleb-edirler\\\/#primaryimage\"},\"image\":{\"@id\":\"https:\\\/\\\/www.meydan.tv\\\/az\\\/article\\\/oglum-doyusde-yaralanib-pensiya-ucun-rusvet-teleb-edirler\\\/#primaryimage\"},\"thumbnailUrl\":\"https:\\\/\\\/www.meydan.tv\\\/wp-content\\\/uploads\\\/43342-scaled.jpg\",\"datePublished\":\"2018-09-03T16:12:46+00:00\",\"breadcrumb\":{\"@id\":\"https:\\\/\\\/www.meydan.tv\\\/az\\\/article\\\/oglum-doyusde-yaralanib-pensiya-ucun-rusvet-teleb-edirler\\\/#breadcrumb\"},\"inLanguage\":\"az\",\"potentialAction\":[{\"@type\":\"ReadAction\",\"target\":[\"https:\\\/\\\/www.meydan.tv\\\/az\\\/article\\\/oglum-doyusde-yaralanib-pensiya-ucun-rusvet-teleb-edirler\\\/\"]}]},{\"@type\":\"ImageObject\",\"inLanguage\":\"az\",\"@id\":\"https:\\\/\\\/www.meydan.tv\\\/az\\\/article\\\/oglum-doyusde-yaralanib-pensiya-ucun-rusvet-teleb-edirler\\\/#primaryimage\",\"url\":\"https:\\\/\\\/www.meydan.tv\\\/wp-content\\\/uploads\\\/43342-scaled.jpg\",\"contentUrl\":\"https:\\\/\\\/www.meydan.tv\\\/wp-content\\\/uploads\\\/43342-scaled.jpg\",\"width\":2560,\"height\":1920,\"caption\":\"Source:\"},{\"@type\":\"BreadcrumbList\",\"@id\":\"https:\\\/\\\/www.meydan.tv\\\/az\\\/article\\\/oglum-doyusde-yaralanib-pensiya-ucun-rusvet-teleb-edirler\\\/#breadcrumb\",\"itemListElement\":[{\"@type\":\"ListItem\",\"position\":1,\"name\":\"Ana s\u0259hif\u0259\",\"item\":\"https:\\\/\\\/www.meydan.tv\\\/az\\\/\"},{\"@type\":\"ListItem\",\"position\":2,\"name\":\"B\u00f6lg\u0259\",\"item\":\"https:\\\/\\\/www.meydan.tv\\\/az\\\/section\\\/bolge\\\/\"},{\"@type\":\"ListItem\",\"position\":3,\"name\":\"&#8221;O\u011flum d\u00f6y\u00fc\u015fd\u0259 yaralan\u0131b, pensiya \u00fc\u00e7\u00fcn r\u00fc\u015fv\u0259t t\u0259l\u0259b edirl\u0259r&#8221;\"}]},{\"@type\":\"WebSite\",\"@id\":\"https:\\\/\\\/www.meydan.tv\\\/az\\\/#website\",\"url\":\"https:\\\/\\\/www.meydan.tv\\\/az\\\/\",\"name\":\"MEYDAN.TV\",\"description\":\"Meydan TV Az\u0259rbaycan\u0131n media m\u0259kan\u0131ndak\u0131 alternativ s\u0259sidir\",\"publisher\":{\"@id\":\"https:\\\/\\\/www.meydan.tv\\\/az\\\/#organization\"},\"potentialAction\":[{\"@type\":\"SearchAction\",\"target\":{\"@type\":\"EntryPoint\",\"urlTemplate\":\"https:\\\/\\\/www.meydan.tv\\\/az\\\/?s={search_term_string}\"},\"query-input\":{\"@type\":\"PropertyValueSpecification\",\"valueRequired\":true,\"valueName\":\"search_term_string\"}}],\"inLanguage\":\"az\"},{\"@type\":\"Organization\",\"@id\":\"https:\\\/\\\/www.meydan.tv\\\/az\\\/#organization\",\"name\":\"Meydan TV\",\"url\":\"https:\\\/\\\/www.meydan.tv\\\/az\\\/\",\"logo\":{\"@type\":\"ImageObject\",\"inLanguage\":\"az\",\"@id\":\"https:\\\/\\\/www.meydan.tv\\\/az\\\/#\\\/schema\\\/logo\\\/image\\\/\",\"url\":\"https:\\\/\\\/www.meydan.tv\\\/wp-content\\\/uploads\\\/2021\\\/07\\\/meydan-logo.svg\",\"contentUrl\":\"https:\\\/\\\/www.meydan.tv\\\/wp-content\\\/uploads\\\/2021\\\/07\\\/meydan-logo.svg\",\"width\":195,\"height\":46,\"caption\":\"Meydan TV\"},\"image\":{\"@id\":\"https:\\\/\\\/www.meydan.tv\\\/az\\\/#\\\/schema\\\/logo\\\/image\\\/\"}},{\"@type\":\"Person\",\"@id\":\"https:\\\/\\\/www.meydan.tv\\\/az\\\/#\\\/schema\\\/person\\\/10d11eccf6da3662cf5fdab9806ea91a\",\"name\":\"user-manager\"}]}<\/script>\n<!-- \/ Yoast SEO plugin. -->","yoast_head_json":{"title":"''O\u011flum d\u00f6y\u00fc\u015fd\u0259 yaralan\u0131b, pensiya \u00fc\u00e7\u00fcn r\u00fc\u015fv\u0259t t\u0259l\u0259b edirl\u0259r'' - MEYDAN.TV","robots":{"index":"index","follow":"follow","max-snippet":"max-snippet:-1","max-image-preview":"max-image-preview:large","max-video-preview":"max-video-preview:-1"},"canonical":"https:\/\/www.meydan.tv\/az\/article\/oglum-doyusde-yaralanib-pensiya-ucun-rusvet-teleb-edirler\/","og_locale":"az_AZ","og_type":"article","og_title":"''O\u011flum d\u00f6y\u00fc\u015fd\u0259 yaralan\u0131b, pensiya \u00fc\u00e7\u00fcn r\u00fc\u015fv\u0259t t\u0259l\u0259b edirl\u0259r'' - MEYDAN.TV","og_description":"\u0130dr\u0259t Azadov: ''Ba\u015f h\u0259kimd\u0259n yazd\u0131m, \u0130cra Hakimiyy\u0259tin\u0259 \u00e7a\u011f\u0131r\u0131b dedil\u0259r ki, \u015fikay\u0259tl\u0259ri dayand\u0131r''","og_url":"https:\/\/www.meydan.tv\/az\/article\/oglum-doyusde-yaralanib-pensiya-ucun-rusvet-teleb-edirler\/","og_site_name":"MEYDAN.TV","article_published_time":"2018-09-03T16:12:46+00:00","og_image":[{"width":2560,"height":1920,"url":"https:\/\/www.meydan.tv\/wp-content\/uploads\/43342-scaled.jpg","type":"image\/jpeg"}],"author":"user-manager","twitter_card":"summary_large_image","schema":{"@context":"https:\/\/schema.org","@graph":[{"@type":"Article","@id":"https:\/\/www.meydan.tv\/az\/article\/oglum-doyusde-yaralanib-pensiya-ucun-rusvet-teleb-edirler\/#article","isPartOf":{"@id":"https:\/\/www.meydan.tv\/az\/article\/oglum-doyusde-yaralanib-pensiya-ucun-rusvet-teleb-edirler\/"},"author":{"name":"user-manager","@id":"https:\/\/www.meydan.tv\/az\/#\/schema\/person\/10d11eccf6da3662cf5fdab9806ea91a"},"headline":"&#8221;O\u011flum d\u00f6y\u00fc\u015fd\u0259 yaralan\u0131b, pensiya \u00fc\u00e7\u00fcn r\u00fc\u015fv\u0259t t\u0259l\u0259b edirl\u0259r&#8221;","datePublished":"2018-09-03T16:12:46+00:00","mainEntityOfPage":{"@id":"https:\/\/www.meydan.tv\/az\/article\/oglum-doyusde-yaralanib-pensiya-ucun-rusvet-teleb-edirler\/"},"wordCount":1083,"publisher":{"@id":"https:\/\/www.meydan.tv\/az\/#organization"},"image":{"@id":"https:\/\/www.meydan.tv\/az\/article\/oglum-doyusde-yaralanib-pensiya-ucun-rusvet-teleb-edirler\/#primaryimage"},"thumbnailUrl":"https:\/\/www.meydan.tv\/wp-content\/uploads\/43342-scaled.jpg","articleSection":["B\u00f6lg\u0259"],"inLanguage":"az"},{"@type":"WebPage","@id":"https:\/\/www.meydan.tv\/az\/article\/oglum-doyusde-yaralanib-pensiya-ucun-rusvet-teleb-edirler\/","url":"https:\/\/www.meydan.tv\/az\/article\/oglum-doyusde-yaralanib-pensiya-ucun-rusvet-teleb-edirler\/","name":"''O\u011flum d\u00f6y\u00fc\u015fd\u0259 yaralan\u0131b, pensiya \u00fc\u00e7\u00fcn r\u00fc\u015fv\u0259t t\u0259l\u0259b edirl\u0259r'' - MEYDAN.TV","isPartOf":{"@id":"https:\/\/www.meydan.tv\/az\/#website"},"primaryImageOfPage":{"@id":"https:\/\/www.meydan.tv\/az\/article\/oglum-doyusde-yaralanib-pensiya-ucun-rusvet-teleb-edirler\/#primaryimage"},"image":{"@id":"https:\/\/www.meydan.tv\/az\/article\/oglum-doyusde-yaralanib-pensiya-ucun-rusvet-teleb-edirler\/#primaryimage"},"thumbnailUrl":"https:\/\/www.meydan.tv\/wp-content\/uploads\/43342-scaled.jpg","datePublished":"2018-09-03T16:12:46+00:00","breadcrumb":{"@id":"https:\/\/www.meydan.tv\/az\/article\/oglum-doyusde-yaralanib-pensiya-ucun-rusvet-teleb-edirler\/#breadcrumb"},"inLanguage":"az","potentialAction":[{"@type":"ReadAction","target":["https:\/\/www.meydan.tv\/az\/article\/oglum-doyusde-yaralanib-pensiya-ucun-rusvet-teleb-edirler\/"]}]},{"@type":"ImageObject","inLanguage":"az","@id":"https:\/\/www.meydan.tv\/az\/article\/oglum-doyusde-yaralanib-pensiya-ucun-rusvet-teleb-edirler\/#primaryimage","url":"https:\/\/www.meydan.tv\/wp-content\/uploads\/43342-scaled.jpg","contentUrl":"https:\/\/www.meydan.tv\/wp-content\/uploads\/43342-scaled.jpg","width":2560,"height":1920,"caption":"Source:"},{"@type":"BreadcrumbList","@id":"https:\/\/www.meydan.tv\/az\/article\/oglum-doyusde-yaralanib-pensiya-ucun-rusvet-teleb-edirler\/#breadcrumb","itemListElement":[{"@type":"ListItem","position":1,"name":"Ana s\u0259hif\u0259","item":"https:\/\/www.meydan.tv\/az\/"},{"@type":"ListItem","position":2,"name":"B\u00f6lg\u0259","item":"https:\/\/www.meydan.tv\/az\/section\/bolge\/"},{"@type":"ListItem","position":3,"name":"&#8221;O\u011flum d\u00f6y\u00fc\u015fd\u0259 yaralan\u0131b, pensiya \u00fc\u00e7\u00fcn r\u00fc\u015fv\u0259t t\u0259l\u0259b edirl\u0259r&#8221;"}]},{"@type":"WebSite","@id":"https:\/\/www.meydan.tv\/az\/#website","url":"https:\/\/www.meydan.tv\/az\/","name":"MEYDAN.TV","description":"Meydan TV Az\u0259rbaycan\u0131n media m\u0259kan\u0131ndak\u0131 alternativ s\u0259sidir","publisher":{"@id":"https:\/\/www.meydan.tv\/az\/#organization"},"potentialAction":[{"@type":"SearchAction","target":{"@type":"EntryPoint","urlTemplate":"https:\/\/www.meydan.tv\/az\/?s={search_term_string}"},"query-input":{"@type":"PropertyValueSpecification","valueRequired":true,"valueName":"search_term_string"}}],"inLanguage":"az"},{"@type":"Organization","@id":"https:\/\/www.meydan.tv\/az\/#organization","name":"Meydan TV","url":"https:\/\/www.meydan.tv\/az\/","logo":{"@type":"ImageObject","inLanguage":"az","@id":"https:\/\/www.meydan.tv\/az\/#\/schema\/logo\/image\/","url":"https:\/\/www.meydan.tv\/wp-content\/uploads\/2021\/07\/meydan-logo.svg","contentUrl":"https:\/\/www.meydan.tv\/wp-content\/uploads\/2021\/07\/meydan-logo.svg","width":195,"height":46,"caption":"Meydan TV"},"image":{"@id":"https:\/\/www.meydan.tv\/az\/#\/schema\/logo\/image\/"}},{"@type":"Person","@id":"https:\/\/www.meydan.tv\/az\/#\/schema\/person\/10d11eccf6da3662cf5fdab9806ea91a","name":"user-manager"}]}},"_links":{"self":[{"href":"https:\/\/www.meydan.tv\/az\/wp-json\/wp\/v2\/posts\/191505","targetHints":{"allow":["GET"]}}],"collection":[{"href":"https:\/\/www.meydan.tv\/az\/wp-json\/wp\/v2\/posts"}],"about":[{"href":"https:\/\/www.meydan.tv\/az\/wp-json\/wp\/v2\/types\/post"}],"author":[{"embeddable":true,"href":"https:\/\/www.meydan.tv\/az\/wp-json\/wp\/v2\/users\/11"}],"replies":[{"embeddable":true,"href":"https:\/\/www.meydan.tv\/az\/wp-json\/wp\/v2\/comments?post=191505"}],"version-history":[{"count":0,"href":"https:\/\/www.meydan.tv\/az\/wp-json\/wp\/v2\/posts\/191505\/revisions"}],"wp:featuredmedia":[{"embeddable":true,"href":"https:\/\/www.meydan.tv\/az\/wp-json\/wp\/v2\/media\/109042"}],"wp:attachment":[{"href":"https:\/\/www.meydan.tv\/az\/wp-json\/wp\/v2\/media?parent=191505"}],"wp:term":[{"taxonomy":"category","embeddable":true,"href":"https:\/\/www.meydan.tv\/az\/wp-json\/wp\/v2\/categories?post=191505"},{"taxonomy":"post_tag","embeddable":true,"href":"https:\/\/www.meydan.tv\/az\/wp-json\/wp\/v2\/tags?post=191505"}],"curies":[{"name":"wp","href":"https:\/\/api.w.org\/{rel}","templated":true}]}}