{"id":191491,"date":"2018-09-01T13:30:40","date_gmt":"2018-09-01T13:30:40","guid":{"rendered":"https:\/\/www.meydan.tv\/article\/kremlin-esas-meqsedi-nikol-pasinyani-devirmek-deyil\/"},"modified":"2018-09-01T13:30:40","modified_gmt":"2018-09-01T13:30:40","slug":"kremlin-esas-meqsedi-nikol-pasinyani-devirmek-deyil","status":"publish","type":"post","link":"https:\/\/www.meydan.tv\/az\/article\/kremlin-esas-meqsedi-nikol-pasinyani-devirmek-deyil\/","title":{"rendered":"&#8221;Kremlin \u0259sas m\u0259qs\u0259di Nikol Pa\u015finyan\u0131 devirm\u0259k deyil&#8221;"},"content":{"rendered":"<figure class=\"wp-block-image size-large\">\n  <img decoding=\"async\" src=\"https:\/\/www.meydan.tv\/az\/rauf-mirqedirov-5\/\" alt=\"Rauf Mirq\u0259dirov\" class=\"wp-image-108453\"\/><figcaption>\n    Rauf Mirq\u0259dirov<br \/>\n  <\/figcaption><\/figure>\n<p>\n  <i><br \/>\n    &#8221;Pa\u015finyan haz\u0131rda k\u00fctl\u0259l\u0259rin d\u0259st\u0259yin\u0259 malikdir&#8221;<br \/>\n  <\/i>\n<\/p>\n<p>\n  1998-2008-ci ill\u0259rd\u0259 Erm\u0259nistan prezidenti olmu\u015f<br \/>\n  <a href=\"https:\/\/www.youtube.com\/watch?v=8IXy2iiUPTE\"><br \/>\n    Robert K\u00f6\u00e7\u0259ryan<br \/>\n  <\/a><br \/>\n  \u0131n n\u00f6vb\u0259d\u0259nk\u0259nar parlament se\u00e7kil\u0259rin\u0259 qat\u0131lmaq haqda b\u0259yanat\u0131 g\u00fcnd\u0259min daha \u00e7ox m\u00fczakir\u0259 olunan m\u0259s\u0259l\u0259l\u0259ri s\u0131ras\u0131ndad\u0131r.\n<\/p>\n<p>\n  <a href=\"\/az\/article\/robert-koceryan-serti-azadliga-buraxilib\/\"><br \/>\n    \u0130yulun 28-d\u0259<br \/>\n  <\/a><br \/>\n  h\u0259bs olunan, amma 15 g\u00fcn sonra \u015f\u0259rti azadl\u0131\u011fa burax\u0131lan sabiq prezident bildirib ki, siyas\u0259t\u0259 qay\u0131td\u0131\u011f\u0131n\u0131 elan edibs\u0259, buna uy\u011fun olaraq, se\u00e7kil\u0259r\u0259 d\u0259 ged\u0259c\u0259k:\n<\/p>\n<p>\n  \u201cAncaq h\u0259l\u0259 vaxta \u00e7ox var, durum da s\u00fcr\u0259tl\u0259 d\u0259yi\u015fir. H\u0259l\u0259lik, format m\u0259s\u0259l\u0259sini a\u00e7\u0131q saxlamaq, t\u0259\u015fkilati m\u0259s\u0259l\u0259l\u0259ri h\u0259ll etm\u0259k, h\u0259d\u0259f qoymaq, siyasi dayaq sayd\u0131\u011f\u0131m \u015f\u0259xsl\u0259rin s\u0259f\u0259rb\u0259rliyi \u00fcz\u0259rind\u0259 i\u015fl\u0259m\u0259k laz\u0131md\u0131r\u201d.\n<\/p>\n<p>\n  R.K\u00f6\u00e7\u0259ryan partiyalar\u0131n onu d\u0259st\u0259kl\u0259m\u0259k sual\u0131na konkret cavab verm\u0259yib:\n<\/p>\n<p>\n  \u201cPartiyalara g\u0259linc\u0259, bunu onlardan soru\u015fmaq laz\u0131md\u0131r. M\u0259n\u0259 el\u0259 g\u0259lir, durum zamanla el\u0259 dinamik inki\u015faf ed\u0259c\u0259k ki, he\u00e7 n\u0259yi istisna etm\u0259k olmaz. Amma t\u0259krar edir\u0259m, indi onlar\u0131n yerin\u0259 q\u0259rar ver\u0259 bilm\u0259r\u0259m. H\u0259r \u015feyd\u0259n \u0259vv\u0259l \u00f6z\u00fcm\u0259, \u00f6z q\u00fcvv\u0259m\u0259, el\u0259c\u0259 d\u0259 \u0259traf\u0131mda birl\u0259\u015f\u0259n v\u0259t\u0259nda\u015flara bel ba\u011flay\u0131ram\u201d.\n<\/p>\n<p>\n  Erm\u0259nistandak\u0259 m\u00f6vcud v\u0259ziyy\u0259ti Meydan TV-y\u0259 \u015f\u0259rh ed\u0259n Avropada m\u00fchacir h\u0259yat\u0131 ya\u015fayan siyasi icmal\u00e7\u0131 Rauf Mirq\u0259dirov d\u00fc\u015f\u00fcn\u00fcr ki, Rusiyan\u0131n \u0259sas siyas\u0259ti ba\u015f nazir Nikol Pa\u015finyan\u0131 \u00f6z t\u0259siri alt\u0131nda saxlamaqd\u0131r:\n<\/p>\n<p>\n  \u201cKremlin \u0259sas m\u0259qs\u0259di Nikol Pa\u015finyan\u0131 devirm\u0259k deyil, yeni hakimiyy\u0259t d\u0259yi\u015fikliyind\u0259n sonra n\u00f6vb\u0259ti hakimiyy\u0259t d\u0259yi\u015fikliyi bar\u0259d\u0259 d\u00fc\u015f\u00fcnm\u0259k bir q\u0259d\u0259r kobud v\u0259 \u00e7\u0259tin olard\u0131. \u00c7\u00fcnki Pa\u015finyan haz\u0131rda \u0259n az\u0131 k\u00fctl\u0259l\u0259rin d\u0259st\u0259yin\u0259 malikdir&#8221;\n<\/p>\n<p>\n  O hesab edir ki, prinsipc\u0259, Erm\u0259nistan c\u0259miyy\u0259ti ba\u015f nazirin 1998-ci ild\u0259n bu ilin aprelin\u0259 q\u0259d\u0259r hakimiyy\u0259td\u0259 olan siyasi v\u0259 iqtisadi-h\u0259rbi elitaya qar\u015f\u0131 add\u0131mlar\u0131n\u0131 d\u0259st\u0259kl\u0259yir.\n<\/p>\n<p>\n  &#8220;Bu elita Erm\u0259nistan\u0131n probleml\u0259rini h\u0259ll ed\u0259 bilm\u0259diyind\u0259n a\u011f\u0131r sosial-iqtisadi v\u0259ziyy\u0259t\u0259 g\u00f6r\u0259 m\u0259suliyy\u0259t da\u015f\u0131y\u0131r. Eyni zamanda, bu elita korrupsiyaya u\u011fray\u0131b, K\u00f6\u00e7\u0259ryan v\u0259 Sarkisyan Erm\u0259nistan\u0131n \u0259n varl\u0131 insanlar\u0131ndand\u0131r v\u0259 bu imkanlar\u0131 hakimiyy\u0259t vasit\u0259sil\u0259 \u0259ld\u0259 edibl\u0259r. Ona g\u00f6r\u0259 bu c\u00fcr v\u0259ziyy\u0259td\u0259 birba\u015fa hakimiyy\u0259t d\u0259yi\u015fikliyini stimulla\u015fd\u0131rmaq \u00e7\u0259tin olar&#8221;.\n<\/p>\n<p>\n  R.Mirq\u0259dirov qeyd edib ki, bununla yana\u015f\u0131 h\u0259r iki \u015f\u0259xsin maliyy\u0259, informasiya, siyasi v\u0259 inzibati resurslar\u0131 var.\n<\/p>\n<p>\n  &#8220;\u018fn az\u0131 parlamentd\u0259 \u0259n b\u00f6y\u00fck fraksiya Respublika Partiyas\u0131d\u0131r. H\u0259m d\u0259 ba\u015f nazir Pa\u015finyanla da\u015fnaklar v\u0259 \u201c\u00c7i\u00e7\u0259kl\u0259n\u0259n Erm\u0259nistan\u201d aras\u0131nda sazi\u015f maraqlardan ir\u0259li g\u0259ldiyi \u00fc\u00e7\u00fcn m\u00fcv\u0259qq\u0259tidir. Y\u0259ni k\u00fctl\u0259nin d\u0259st\u0259yi olsa da, Pa\u015finyan\u0131n resurslar\u0131 \u00f6lk\u0259ni tam n\u0259zar\u0259t\u0259 g\u00f6t\u00fcrm\u0259y\u0259 imkan vermir. N\u0259hay\u0259t, ba\u015f nazirin Erm\u0259nistan\u0131n xarici siyas\u0259ti il\u0259 ba\u011fl\u0131 fikirl\u0259ri bir q\u0259d\u0259r f\u0259rqlidir, bu amil d\u0259 Rusiyan\u0131n ona m\u00fcnasib\u0259tin\u0259 t\u0259sir edir\u201d.\n<\/p>\n<p>\n  Rauf Mirq\u0259dirov deyir ki, Serj Sarkisyandan f\u0259rqli olaraq Robert K\u00f6\u00e7\u0259ryana Moskvada inam b\u00f6y\u00fckd\u00fcr.\n<\/p>\n<p>\n  &#8220;Putin hakimiyy\u0259t\u0259 g\u0259l\u0259nd\u0259n sonra K\u00f6\u00e7\u0259ryanla he\u00e7 vaxt ciddi fikir ayr\u0131l\u0131\u011f\u0131 olmay\u0131b. T\u0259sad\u00fcf\u00fc deyil ki, K\u00f6\u00e7\u0259ryan hakimiyy\u0259td\u0259n ged\u0259nd\u0259n sonra q\u0131sa m\u00fcdd\u0259td\u0259 Rusiyada AFK \u201cSistema\u201d kimi apar\u0131c\u0131 bir korporosiyan\u0131n Direktorlar \u015euras\u0131n\u0131n \u00fczv\u00fc oldu. M\u0259s\u0259l\u0259 ondad\u0131r ki, K\u00f6\u00e7\u0259ryan birba\u015fa v\u0259 d\u00fc\u015f\u00fcn\u00fclm\u00fc\u015f \u015f\u0259kild\u0259 Rusiya il\u0259 \u0259m\u0259kda\u015fl\u0131q edirdis\u0259, Sarkisyan h\u0259mi\u015f\u0259 aya\u011f\u0131 s\u00fcr\u00fc\u015fk\u0259n olub, hans\u0131sa vasit\u0259l\u0259rl\u0259 Q\u0259rbl\u0259 yax\u0131nla\u015fmaq ist\u0259yib, Assotiativ Sazi\u015fi imzalama\u011fa haz\u0131rla\u015f\u0131rd\u0131, amma Moskvaya d\u0259v\u0259t olundu\u011fundan geri \u00e7\u0259kildi. O, h\u0259m d\u0259 T\u00fcrkiy\u0259 v\u0259 Az\u0259rbaycanla m\u00fcnasib\u0259tl\u0259ri normalla\u015fd\u0131rmaq \u00fc\u00e7\u00fcn addlmlar atmaq niyy\u0259ti g\u00fcd\u00fcb. M\u0259s\u0259l\u0259n, Ankara il\u0259 S\u00fcrix protokollar\u0131n\u0131 imzalad\u0131, yaxud bir d\u0259f\u0259 demi\u015fdi ki, A\u011fdam\u0131n Erm\u0259nistan \u0259razisi oldu\u011funu he\u00e7 vaxt s\u00f6yl\u0259m\u0259yib\u201d.<\/p>\n","protected":false},"excerpt":{"rendered":"<p>&#8221;Pa\u015finyan haz\u0131rda k\u00fctl\u0259l\u0259rin d\u0259st\u0259yin\u0259 malikdir&#8221;<\/p>\n","protected":false},"author":11,"featured_media":108453,"comment_status":"closed","ping_status":"open","sticky":false,"template":"","format":"standard","meta":{"_acf_changed":false,"_sitemap_exclude":false,"_sitemap_priority":"","_sitemap_frequency":"","footnotes":""},"categories":[51],"tags":[],"class_list":["post-191491","post","type-post","status-publish","format-standard","has-post-thumbnail","hentry","category-analitika","infinite-scroll-item","generate-columns","tablet-grid-50","mobile-grid-100","grid-parent","grid-33","no-featured-image-padding"],"acf":[],"yoast_head":"<!-- This site is optimized with the Yoast SEO plugin v27.4 - https:\/\/yoast.com\/product\/yoast-seo-wordpress\/ -->\n<title>&#039;&#039;Kremlin \u0259sas m\u0259qs\u0259di Nikol Pa\u015finyan\u0131 devirm\u0259k deyil&#039;&#039; - MEYDAN.TV<\/title>\n<meta name=\"robots\" content=\"index, follow, max-snippet:-1, max-image-preview:large, max-video-preview:-1\" \/>\n<link rel=\"canonical\" href=\"https:\/\/www.meydan.tv\/az\/article\/kremlin-esas-meqsedi-nikol-pasinyani-devirmek-deyil\/\" \/>\n<meta property=\"og:locale\" content=\"az_AZ\" \/>\n<meta property=\"og:type\" content=\"article\" \/>\n<meta property=\"og:title\" content=\"&#039;&#039;Kremlin \u0259sas m\u0259qs\u0259di Nikol Pa\u015finyan\u0131 devirm\u0259k deyil&#039;&#039; - MEYDAN.TV\" \/>\n<meta property=\"og:description\" content=\"&#039;&#039;Pa\u015finyan haz\u0131rda k\u00fctl\u0259l\u0259rin d\u0259st\u0259yin\u0259 malikdir&#039;&#039;\" \/>\n<meta property=\"og:url\" content=\"https:\/\/www.meydan.tv\/az\/article\/kremlin-esas-meqsedi-nikol-pasinyani-devirmek-deyil\/\" \/>\n<meta property=\"og:site_name\" content=\"MEYDAN.TV\" \/>\n<meta property=\"article:published_time\" content=\"2018-09-01T13:30:40+00:00\" \/>\n<meta property=\"og:image\" content=\"https:\/\/www.meydan.tv\/wp-content\/uploads\/43311.jpg\" \/>\n\t<meta property=\"og:image:width\" content=\"800\" \/>\n\t<meta property=\"og:image:height\" content=\"600\" \/>\n\t<meta property=\"og:image:type\" content=\"image\/jpeg\" \/>\n<meta name=\"author\" content=\"user-manager\" \/>\n<meta name=\"twitter:card\" content=\"summary_large_image\" \/>\n<script type=\"application\/ld+json\" class=\"yoast-schema-graph\">{\"@context\":\"https:\\\/\\\/schema.org\",\"@graph\":[{\"@type\":\"Article\",\"@id\":\"https:\\\/\\\/www.meydan.tv\\\/az\\\/article\\\/kremlin-esas-meqsedi-nikol-pasinyani-devirmek-deyil\\\/#article\",\"isPartOf\":{\"@id\":\"https:\\\/\\\/www.meydan.tv\\\/az\\\/article\\\/kremlin-esas-meqsedi-nikol-pasinyani-devirmek-deyil\\\/\"},\"author\":{\"name\":\"user-manager\",\"@id\":\"https:\\\/\\\/www.meydan.tv\\\/az\\\/#\\\/schema\\\/person\\\/10d11eccf6da3662cf5fdab9806ea91a\"},\"headline\":\"&#8221;Kremlin \u0259sas m\u0259qs\u0259di Nikol Pa\u015finyan\u0131 devirm\u0259k deyil&#8221;\",\"datePublished\":\"2018-09-01T13:30:40+00:00\",\"mainEntityOfPage\":{\"@id\":\"https:\\\/\\\/www.meydan.tv\\\/az\\\/article\\\/kremlin-esas-meqsedi-nikol-pasinyani-devirmek-deyil\\\/\"},\"wordCount\":777,\"publisher\":{\"@id\":\"https:\\\/\\\/www.meydan.tv\\\/az\\\/#organization\"},\"image\":{\"@id\":\"https:\\\/\\\/www.meydan.tv\\\/az\\\/article\\\/kremlin-esas-meqsedi-nikol-pasinyani-devirmek-deyil\\\/#primaryimage\"},\"thumbnailUrl\":\"https:\\\/\\\/www.meydan.tv\\\/wp-content\\\/uploads\\\/43311.jpg\",\"articleSection\":[\"Analitika\"],\"inLanguage\":\"az\"},{\"@type\":\"WebPage\",\"@id\":\"https:\\\/\\\/www.meydan.tv\\\/az\\\/article\\\/kremlin-esas-meqsedi-nikol-pasinyani-devirmek-deyil\\\/\",\"url\":\"https:\\\/\\\/www.meydan.tv\\\/az\\\/article\\\/kremlin-esas-meqsedi-nikol-pasinyani-devirmek-deyil\\\/\",\"name\":\"''Kremlin \u0259sas m\u0259qs\u0259di Nikol Pa\u015finyan\u0131 devirm\u0259k deyil'' - MEYDAN.TV\",\"isPartOf\":{\"@id\":\"https:\\\/\\\/www.meydan.tv\\\/az\\\/#website\"},\"primaryImageOfPage\":{\"@id\":\"https:\\\/\\\/www.meydan.tv\\\/az\\\/article\\\/kremlin-esas-meqsedi-nikol-pasinyani-devirmek-deyil\\\/#primaryimage\"},\"image\":{\"@id\":\"https:\\\/\\\/www.meydan.tv\\\/az\\\/article\\\/kremlin-esas-meqsedi-nikol-pasinyani-devirmek-deyil\\\/#primaryimage\"},\"thumbnailUrl\":\"https:\\\/\\\/www.meydan.tv\\\/wp-content\\\/uploads\\\/43311.jpg\",\"datePublished\":\"2018-09-01T13:30:40+00:00\",\"breadcrumb\":{\"@id\":\"https:\\\/\\\/www.meydan.tv\\\/az\\\/article\\\/kremlin-esas-meqsedi-nikol-pasinyani-devirmek-deyil\\\/#breadcrumb\"},\"inLanguage\":\"az\",\"potentialAction\":[{\"@type\":\"ReadAction\",\"target\":[\"https:\\\/\\\/www.meydan.tv\\\/az\\\/article\\\/kremlin-esas-meqsedi-nikol-pasinyani-devirmek-deyil\\\/\"]}]},{\"@type\":\"ImageObject\",\"inLanguage\":\"az\",\"@id\":\"https:\\\/\\\/www.meydan.tv\\\/az\\\/article\\\/kremlin-esas-meqsedi-nikol-pasinyani-devirmek-deyil\\\/#primaryimage\",\"url\":\"https:\\\/\\\/www.meydan.tv\\\/wp-content\\\/uploads\\\/43311.jpg\",\"contentUrl\":\"https:\\\/\\\/www.meydan.tv\\\/wp-content\\\/uploads\\\/43311.jpg\",\"width\":800,\"height\":600,\"caption\":\"Source:\"},{\"@type\":\"BreadcrumbList\",\"@id\":\"https:\\\/\\\/www.meydan.tv\\\/az\\\/article\\\/kremlin-esas-meqsedi-nikol-pasinyani-devirmek-deyil\\\/#breadcrumb\",\"itemListElement\":[{\"@type\":\"ListItem\",\"position\":1,\"name\":\"Ana s\u0259hif\u0259\",\"item\":\"https:\\\/\\\/www.meydan.tv\\\/az\\\/\"},{\"@type\":\"ListItem\",\"position\":2,\"name\":\"Analitika\",\"item\":\"https:\\\/\\\/www.meydan.tv\\\/az\\\/section\\\/analitika\\\/\"},{\"@type\":\"ListItem\",\"position\":3,\"name\":\"&#8221;Kremlin \u0259sas m\u0259qs\u0259di Nikol Pa\u015finyan\u0131 devirm\u0259k deyil&#8221;\"}]},{\"@type\":\"WebSite\",\"@id\":\"https:\\\/\\\/www.meydan.tv\\\/az\\\/#website\",\"url\":\"https:\\\/\\\/www.meydan.tv\\\/az\\\/\",\"name\":\"MEYDAN.TV\",\"description\":\"Meydan TV Az\u0259rbaycan\u0131n media m\u0259kan\u0131ndak\u0131 alternativ s\u0259sidir\",\"publisher\":{\"@id\":\"https:\\\/\\\/www.meydan.tv\\\/az\\\/#organization\"},\"potentialAction\":[{\"@type\":\"SearchAction\",\"target\":{\"@type\":\"EntryPoint\",\"urlTemplate\":\"https:\\\/\\\/www.meydan.tv\\\/az\\\/?s={search_term_string}\"},\"query-input\":{\"@type\":\"PropertyValueSpecification\",\"valueRequired\":true,\"valueName\":\"search_term_string\"}}],\"inLanguage\":\"az\"},{\"@type\":\"Organization\",\"@id\":\"https:\\\/\\\/www.meydan.tv\\\/az\\\/#organization\",\"name\":\"Meydan TV\",\"url\":\"https:\\\/\\\/www.meydan.tv\\\/az\\\/\",\"logo\":{\"@type\":\"ImageObject\",\"inLanguage\":\"az\",\"@id\":\"https:\\\/\\\/www.meydan.tv\\\/az\\\/#\\\/schema\\\/logo\\\/image\\\/\",\"url\":\"https:\\\/\\\/www.meydan.tv\\\/wp-content\\\/uploads\\\/2021\\\/07\\\/meydan-logo.svg\",\"contentUrl\":\"https:\\\/\\\/www.meydan.tv\\\/wp-content\\\/uploads\\\/2021\\\/07\\\/meydan-logo.svg\",\"width\":195,\"height\":46,\"caption\":\"Meydan TV\"},\"image\":{\"@id\":\"https:\\\/\\\/www.meydan.tv\\\/az\\\/#\\\/schema\\\/logo\\\/image\\\/\"}},{\"@type\":\"Person\",\"@id\":\"https:\\\/\\\/www.meydan.tv\\\/az\\\/#\\\/schema\\\/person\\\/10d11eccf6da3662cf5fdab9806ea91a\",\"name\":\"user-manager\"}]}<\/script>\n<!-- \/ Yoast SEO plugin. -->","yoast_head_json":{"title":"''Kremlin \u0259sas m\u0259qs\u0259di Nikol Pa\u015finyan\u0131 devirm\u0259k deyil'' - MEYDAN.TV","robots":{"index":"index","follow":"follow","max-snippet":"max-snippet:-1","max-image-preview":"max-image-preview:large","max-video-preview":"max-video-preview:-1"},"canonical":"https:\/\/www.meydan.tv\/az\/article\/kremlin-esas-meqsedi-nikol-pasinyani-devirmek-deyil\/","og_locale":"az_AZ","og_type":"article","og_title":"''Kremlin \u0259sas m\u0259qs\u0259di Nikol Pa\u015finyan\u0131 devirm\u0259k deyil'' - MEYDAN.TV","og_description":"''Pa\u015finyan haz\u0131rda k\u00fctl\u0259l\u0259rin d\u0259st\u0259yin\u0259 malikdir''","og_url":"https:\/\/www.meydan.tv\/az\/article\/kremlin-esas-meqsedi-nikol-pasinyani-devirmek-deyil\/","og_site_name":"MEYDAN.TV","article_published_time":"2018-09-01T13:30:40+00:00","og_image":[{"width":800,"height":600,"url":"https:\/\/www.meydan.tv\/wp-content\/uploads\/43311.jpg","type":"image\/jpeg"}],"author":"user-manager","twitter_card":"summary_large_image","schema":{"@context":"https:\/\/schema.org","@graph":[{"@type":"Article","@id":"https:\/\/www.meydan.tv\/az\/article\/kremlin-esas-meqsedi-nikol-pasinyani-devirmek-deyil\/#article","isPartOf":{"@id":"https:\/\/www.meydan.tv\/az\/article\/kremlin-esas-meqsedi-nikol-pasinyani-devirmek-deyil\/"},"author":{"name":"user-manager","@id":"https:\/\/www.meydan.tv\/az\/#\/schema\/person\/10d11eccf6da3662cf5fdab9806ea91a"},"headline":"&#8221;Kremlin \u0259sas m\u0259qs\u0259di Nikol Pa\u015finyan\u0131 devirm\u0259k deyil&#8221;","datePublished":"2018-09-01T13:30:40+00:00","mainEntityOfPage":{"@id":"https:\/\/www.meydan.tv\/az\/article\/kremlin-esas-meqsedi-nikol-pasinyani-devirmek-deyil\/"},"wordCount":777,"publisher":{"@id":"https:\/\/www.meydan.tv\/az\/#organization"},"image":{"@id":"https:\/\/www.meydan.tv\/az\/article\/kremlin-esas-meqsedi-nikol-pasinyani-devirmek-deyil\/#primaryimage"},"thumbnailUrl":"https:\/\/www.meydan.tv\/wp-content\/uploads\/43311.jpg","articleSection":["Analitika"],"inLanguage":"az"},{"@type":"WebPage","@id":"https:\/\/www.meydan.tv\/az\/article\/kremlin-esas-meqsedi-nikol-pasinyani-devirmek-deyil\/","url":"https:\/\/www.meydan.tv\/az\/article\/kremlin-esas-meqsedi-nikol-pasinyani-devirmek-deyil\/","name":"''Kremlin \u0259sas m\u0259qs\u0259di Nikol Pa\u015finyan\u0131 devirm\u0259k deyil'' - MEYDAN.TV","isPartOf":{"@id":"https:\/\/www.meydan.tv\/az\/#website"},"primaryImageOfPage":{"@id":"https:\/\/www.meydan.tv\/az\/article\/kremlin-esas-meqsedi-nikol-pasinyani-devirmek-deyil\/#primaryimage"},"image":{"@id":"https:\/\/www.meydan.tv\/az\/article\/kremlin-esas-meqsedi-nikol-pasinyani-devirmek-deyil\/#primaryimage"},"thumbnailUrl":"https:\/\/www.meydan.tv\/wp-content\/uploads\/43311.jpg","datePublished":"2018-09-01T13:30:40+00:00","breadcrumb":{"@id":"https:\/\/www.meydan.tv\/az\/article\/kremlin-esas-meqsedi-nikol-pasinyani-devirmek-deyil\/#breadcrumb"},"inLanguage":"az","potentialAction":[{"@type":"ReadAction","target":["https:\/\/www.meydan.tv\/az\/article\/kremlin-esas-meqsedi-nikol-pasinyani-devirmek-deyil\/"]}]},{"@type":"ImageObject","inLanguage":"az","@id":"https:\/\/www.meydan.tv\/az\/article\/kremlin-esas-meqsedi-nikol-pasinyani-devirmek-deyil\/#primaryimage","url":"https:\/\/www.meydan.tv\/wp-content\/uploads\/43311.jpg","contentUrl":"https:\/\/www.meydan.tv\/wp-content\/uploads\/43311.jpg","width":800,"height":600,"caption":"Source:"},{"@type":"BreadcrumbList","@id":"https:\/\/www.meydan.tv\/az\/article\/kremlin-esas-meqsedi-nikol-pasinyani-devirmek-deyil\/#breadcrumb","itemListElement":[{"@type":"ListItem","position":1,"name":"Ana s\u0259hif\u0259","item":"https:\/\/www.meydan.tv\/az\/"},{"@type":"ListItem","position":2,"name":"Analitika","item":"https:\/\/www.meydan.tv\/az\/section\/analitika\/"},{"@type":"ListItem","position":3,"name":"&#8221;Kremlin \u0259sas m\u0259qs\u0259di Nikol Pa\u015finyan\u0131 devirm\u0259k deyil&#8221;"}]},{"@type":"WebSite","@id":"https:\/\/www.meydan.tv\/az\/#website","url":"https:\/\/www.meydan.tv\/az\/","name":"MEYDAN.TV","description":"Meydan TV Az\u0259rbaycan\u0131n media m\u0259kan\u0131ndak\u0131 alternativ s\u0259sidir","publisher":{"@id":"https:\/\/www.meydan.tv\/az\/#organization"},"potentialAction":[{"@type":"SearchAction","target":{"@type":"EntryPoint","urlTemplate":"https:\/\/www.meydan.tv\/az\/?s={search_term_string}"},"query-input":{"@type":"PropertyValueSpecification","valueRequired":true,"valueName":"search_term_string"}}],"inLanguage":"az"},{"@type":"Organization","@id":"https:\/\/www.meydan.tv\/az\/#organization","name":"Meydan TV","url":"https:\/\/www.meydan.tv\/az\/","logo":{"@type":"ImageObject","inLanguage":"az","@id":"https:\/\/www.meydan.tv\/az\/#\/schema\/logo\/image\/","url":"https:\/\/www.meydan.tv\/wp-content\/uploads\/2021\/07\/meydan-logo.svg","contentUrl":"https:\/\/www.meydan.tv\/wp-content\/uploads\/2021\/07\/meydan-logo.svg","width":195,"height":46,"caption":"Meydan TV"},"image":{"@id":"https:\/\/www.meydan.tv\/az\/#\/schema\/logo\/image\/"}},{"@type":"Person","@id":"https:\/\/www.meydan.tv\/az\/#\/schema\/person\/10d11eccf6da3662cf5fdab9806ea91a","name":"user-manager"}]}},"_links":{"self":[{"href":"https:\/\/www.meydan.tv\/az\/wp-json\/wp\/v2\/posts\/191491","targetHints":{"allow":["GET"]}}],"collection":[{"href":"https:\/\/www.meydan.tv\/az\/wp-json\/wp\/v2\/posts"}],"about":[{"href":"https:\/\/www.meydan.tv\/az\/wp-json\/wp\/v2\/types\/post"}],"author":[{"embeddable":true,"href":"https:\/\/www.meydan.tv\/az\/wp-json\/wp\/v2\/users\/11"}],"replies":[{"embeddable":true,"href":"https:\/\/www.meydan.tv\/az\/wp-json\/wp\/v2\/comments?post=191491"}],"version-history":[{"count":0,"href":"https:\/\/www.meydan.tv\/az\/wp-json\/wp\/v2\/posts\/191491\/revisions"}],"wp:featuredmedia":[{"embeddable":true,"href":"https:\/\/www.meydan.tv\/az\/wp-json\/wp\/v2\/media\/108453"}],"wp:attachment":[{"href":"https:\/\/www.meydan.tv\/az\/wp-json\/wp\/v2\/media?parent=191491"}],"wp:term":[{"taxonomy":"category","embeddable":true,"href":"https:\/\/www.meydan.tv\/az\/wp-json\/wp\/v2\/categories?post=191491"},{"taxonomy":"post_tag","embeddable":true,"href":"https:\/\/www.meydan.tv\/az\/wp-json\/wp\/v2\/tags?post=191491"}],"curies":[{"name":"wp","href":"https:\/\/api.w.org\/{rel}","templated":true}]}}