{"id":191485,"date":"2018-08-31T21:59:27","date_gmt":"2018-08-31T21:59:27","guid":{"rendered":"https:\/\/www.meydan.tv\/article\/elilliyi-olan-qizimin-pensiyasini-kesibler-ki-yeniden-yoxlansin\/"},"modified":"2018-08-31T21:59:27","modified_gmt":"2018-08-31T21:59:27","slug":"elilliyi-olan-qizimin-pensiyasini-kesibler-ki-yeniden-yoxlansin","status":"publish","type":"post","link":"https:\/\/www.meydan.tv\/az\/article\/elilliyi-olan-qizimin-pensiyasini-kesibler-ki-yeniden-yoxlansin\/","title":{"rendered":"&#8221;\u018flilliyi olan q\u0131z\u0131m\u0131n pensiyas\u0131n\u0131 k\u0259sibl\u0259r ki, yenid\u0259n yoxlans\u0131n&#8221;"},"content":{"rendered":"<figure class=\"wp-block-image size-large\">\n  <img decoding=\"async\" src=\"https:\/\/www.meydan.tv\/az\/ramiz-sariyev\/\" alt=\"Ramiz Sar\u0131yev\" class=\"wp-image-108820\"\/><figcaption>\n    Ramiz Sar\u0131yev<br \/>\n  <\/figcaption><\/figure>\n<p>\n  <i><br \/>\n    &#8221;42 d\u0259r\u0259c\u0259 istid\u0259, \u00f6z\u00fcn\u00fc, h\u0259r\u0259k\u0259tl\u0259rini, bioloji ehtiyaclar\u0131n\u0131 hiss etm\u0259y\u0259n x\u0259st\u0259 il\u0259 Bak\u0131 k\u00fc\u00e7\u0259l\u0259rind\u0259 qald\u0131m&#8221;<br \/>\n  <\/i>\n<\/p>\n<p>\n  \u201cQ\u0131z\u0131m anadang\u0259lm\u0259 \u0259lildir. D\u00fcn\u0259n\u0259d\u0259k buna g\u00f6r\u0259 pensiya al\u0131rd\u0131. Nazir d\u0259yi\u015f\u0259nd\u0259n sonra pensiya dayand\u0131r\u0131ld\u0131. Dedil\u0259r, yenid\u0259n h\u0259kim komissiyas\u0131ndan ke\u00e7m\u0259lisiniz. H\u0259min g\u00fcnd\u0259n qalm\u0131\u015f\u0131q k\u00fc\u00e7\u0259l\u0259rd\u0259. Pensiyan\u0131 d\u00fcz\u0259ld\u0259 bilm\u0259mi\u015fik\u201d, &#8211; A\u011fcab\u0259di rayonunun K\u0259hrizli k\u0259ndinin sakini Ramiz Sar\u0131yev bel\u0259 deyir.\n<\/p>\n<p>\n  Bildirir ki, o, h\u0259m d\u0259 v\u0259t\u0259nin azadl\u0131\u011f\u0131 u\u011frunda ged\u0259n d\u00f6y\u00fc\u015fl\u0259rd\u0259 i\u015ftirak edib, d\u00f6y\u00fc\u015f\u00e7\u00fcd\u00fcr:\n<\/p>\n<p>\n  \u201cBuna g\u00f6r\u0259 pe\u015fman deyil\u0259m. Yen\u0259 olsa, yen\u0259 ged\u0259r\u0259m. Ancaq u\u011frunda d\u00f6y\u00fc\u015f\u00fcb, can\u0131m\u0131z\u0131 ortaya qoydu\u011fumuz v\u0259t\u0259nimizd\u0259 bu g\u00fcn ya\u015fama\u011fa imkan vermirl\u0259r. Bilmirik d\u0259rdimizi hara, kim\u0259 dey\u0259k. N\u0259 baxan, n\u0259 d\u0259 e\u015fid\u0259n var\u201d.\n<\/p>\n<blockquote><p>\n  Dedil\u0259r, yeni nazirin g\u00f6st\u0259ri\u015fidir\n<\/p><\/blockquote>\n<p>\n  R.Sar\u0131yev deyir ki, \u0259lilliyi olan q\u0131z\u0131 Nazp\u0259ri Sar\u0131yeva 1999-cu il do\u011fumludur. \u018flilliyi anadang\u0259lm\u0259dir, sonradan qazan\u0131lmay\u0131b. \u0130lk g\u00fcnd\u0259n d\u0259 pensiya k\u0259silib. Atas\u0131 deyir ki, bug\u00fcn\u0259d\u0259k onun pensiya almas\u0131nda he\u00e7 bir probleml\u0259ri olmay\u0131b:\n<\/p>\n<figure class=\"wp-block-image size-large\">\n  <img decoding=\"async\" src=\"https:\/\/www.meydan.tv\/az\/108829\/\" alt=\"\" class=\"wp-image-108829\"\/><figcaption><\/figcaption><\/figure>\n<p>\n  \u201cBu \u0259lillik el\u0259 bir \u015feydir ki, b\u0259rpas\u0131 yoxdur ax\u0131. \u0130ndi nec\u0259 dey\u0259 bil\u0259rl\u0259r ki, yenid\u0259n h\u0259kim m\u00fcayin\u0259sind\u0259n ke\u00e7m\u0259k laz\u0131md\u0131r. Sa\u011falan x\u0259st\u0259lik deyil. \u0130yunda A\u011fcab\u0259di rayon M\u0259rk\u0259zi X\u0259st\u0259xanas\u0131nda yerl\u0259\u015f\u0259n h\u0259kim komissiyas\u0131 m\u00fcavin\u0259ti l\u0259\u011fv etdi. A\u00e7\u0131q-a\u015fkar da bildirdil\u0259r ki, yeni t\u0259yin olunmu\u015f \u0259m\u0259k v\u0259 \u0259halinin sosial m\u00fcdafi\u0259si nazirinin g\u00f6st\u0259ri\u015fidir. Onun g\u00f6st\u0259ri\u015fin\u0259 g\u00f6r\u0259, x\u0259st\u0259 birba\u015fa Bak\u0131 \u015f\u0259h\u0259rind\u0259 yerl\u0259\u015f\u0259n h\u0259kim komissiyas\u0131 t\u0259r\u0259find\u0259n yoxlanmal\u0131 v\u0259 \u0259lillik d\u0259r\u0259c\u0259si orada, y\u0259ni Bak\u0131 \u015f\u0259h\u0259rind\u0259 t\u0259yin edilm\u0259lidir\u201d.\n<\/p>\n<blockquote><p>\n  Bak\u0131da biz\u0259 dedil\u0259r ki, sizi bura nahaq g\u00f6nd\u0259ribl\u0259r\n<\/p><\/blockquote>\n<p>\n  Ramiz Sar\u0131yev bundan sonra, iyulun 17-d\u0259 x\u0259st\u0259 q\u0131z\u0131n\u0131 g\u00f6t\u00fcr\u00fcb, Bak\u0131ya yollan\u0131b:\n<\/p>\n<figure class=\"wp-block-image size-large\">\n  <img decoding=\"async\" src=\"https:\/\/www.meydan.tv\/az\/108835\/\" alt=\"\" class=\"wp-image-108835\"\/><figcaption><\/figcaption><\/figure>\n<p>\n  \u201cKiray\u0259 ma\u015f\u0131n tutdum, \u00e7\u00fcnki ba\u015fqa c\u00fcr m\u00fcmk\u00fcn deyildi. Bir \u0259t\u0259k d\u0259 pul verdim. T\u0259s\u0259vv\u00fcr edin, 42 d\u0259r\u0259c\u0259 istid\u0259, tamamil\u0259 \u00f6z\u00fcn\u00fc, h\u0259r\u0259k\u0259tl\u0259rini, bioloji ehtiyaclar\u0131n\u0131 hiss ed\u0259 bilm\u0259y\u0259n x\u0259st\u0259 il\u0259 Bak\u0131n\u0131n nab\u0259l\u0259d k\u00fc\u00e7\u0259l\u0259rind\u0259 qalmaq n\u0259 dem\u0259kdir? N\u0259hay\u0259t, Bak\u0131 \u015f\u0259h\u0259rind\u0259 biz\u0259 dedil\u0259r ki, sizi bura nahaq g\u00f6nd\u0259ribl\u0259r. Bu u\u015fa\u011fa baxma\u011fa n\u0259 ehtiyac var? H\u0259r \u015fey g\u00f6z qaba\u011f\u0131ndad\u0131r. A\u011fcab\u0259di Rayon M\u0259rk\u0259zi X\u0259st\u0259xanas\u0131nda yerl\u0259\u015f\u0259n Tibbi Komissiya bu x\u0259st\u0259nin \u0259lillik d\u0259r\u0259c\u0259sini nahaq yer\u0259 l\u0259\u011fv edib. Qay\u0131d\u0131b gedin, onlar \u00f6zl\u0259ri h\u0259min s\u0259n\u0259dl\u0259ri b\u0259rpa etsinl\u0259r. Kor-pe\u015fman t\u0259krar\u0259n u\u015fa\u011f\u0131 da g\u00f6t\u00fcr\u00fcb A\u011fcab\u0259di rayon Tibbi Komissiyan\u0131n yan\u0131na apard\u0131m. Ald\u0131\u011f\u0131m cavab is\u0259 bel\u0259 oldu: \u201cBizlik deyil\u201d\u201d.\n<\/p>\n<blockquote><p>\n  \u018flilliyi g\u00f6z qaba\u011f\u0131nda olan bir insan\u0131n pensiyas\u0131n\u0131 niy\u0259 k\u0259sm\u0259lidirl\u0259r?\n<\/p><\/blockquote>\n<p>\n  R.Sar\u0131yev deyir ki, indi d\u0259rdini kim\u0259 desin, n\u0259 etsin bilmir:\n<\/p>\n<p>\n  \u201cBu, s\u00fcr\u00fcnd\u00fcrm\u0259\u00e7ilikd\u0259n ba\u015fqa bir \u015fey deyil. Yoxsa \u0259lilliyi g\u00f6z qaba\u011f\u0131nda olan bir insan\u0131n pensiyas\u0131n\u0131 niy\u0259 k\u0259sm\u0259lidirl\u0259r? N\u0259 \u0259sasla, hans\u0131 s\u0259b\u0259bl\u0259? M\u0259n bir \u015fey anlam\u0131\u015fam, dey\u0259s\u0259n v\u0259t\u0259nda\u015flar\u0131 h\u00f6vs\u0259l\u0259d\u0259n, \u00e7il\u0259d\u0259n \u00e7\u0131xar\u0131b, d\u00f6vl\u0259t\u0259 qar\u015f\u0131 y\u00f6nl\u0259ndirm\u0259k ist\u0259yirl\u0259r. Bu i\u015f\u0259 ba\u015fqa ad qoya bilmir\u0259m\u201d.\n<\/p>\n<blockquote><p>\n  B\u00fct\u00fcn m\u00fcraci\u0259tl\u0259r\u0259 eyni anda baxmaq m\u00fcmk\u00fcn deyil\n<\/p><\/blockquote>\n<p>\n  Meydan TV m\u0259s\u0259l\u0259y\u0259 m\u00fcnasib\u0259t \u00f6yr\u0259nm\u0259k \u00fc\u00e7\u00fcn A\u011fcab\u0259di Rayon M\u0259rk\u0259zi X\u0259st\u0259xanas\u0131 il\u0259 \u0259laq\u0259 saxlay\u0131b. X\u0259st\u0259xanadan bildirilib ki, \u0259g\u0259r h\u0259min \u015f\u0259xsin \u0259lilliyi varsa, t\u0259qa\u00fcd k\u0259sil\u0259 bilm\u0259z:\n<\/p>\n<figure class=\"wp-block-image size-large\">\n  <img decoding=\"async\" src=\"https:\/\/www.meydan.tv\/az\/108823\/\" alt=\"\" class=\"wp-image-108823\"\/><figcaption><\/figcaption><\/figure>\n<p>\n  \u201cProses bel\u0259dir ki, bir ne\u00e7\u0259 ild\u0259nbir h\u0259kim komissiyas\u0131 t\u0259yin edilir. Bundan sonra \u0259lillikl\u0259 ba\u011fl\u0131 pensiyan\u0131n verilib, verilm\u0259m\u0259si m\u0259s\u0259l\u0259sin\u0259 bax\u0131l\u0131r. \u018fg\u0259r h\u0259min \u015f\u0259xsin v\u0259ziyy\u0259tind\u0259 h\u0259r hans\u0131 bir ir\u0259lil\u0259yi\u015f yoxdursa, pensiyas\u0131 yenid\u0259n veril\u0259c\u0259k. Ola bilsin, s\u0259n\u0259dl\u0259rin haz\u0131rlanmas\u0131nda bir az l\u0259ngim\u0259 olub. H\u0259r halda, m\u00fcraci\u0259t ed\u0259nl\u0259r \u00e7oxdur. B\u00fct\u00fcn m\u00fcraci\u0259tl\u0259r\u0259 is\u0259 eyni anda baxmaq m\u00fcmk\u00fcn deyil\u201d.\n<\/p>\n<p>\n  \u018fm\u0259k v\u0259 \u018fhalinin Sosial M\u00fcdafi\u0259 Nazirliyind\u0259n is\u0259 \u015fikay\u0259tin ara\u015fd\u0131r\u0131laca\u011f\u0131 deyilib.<\/p>\n","protected":false},"excerpt":{"rendered":"<p>&#8221;42 d\u0259r\u0259c\u0259 istid\u0259, \u00f6z\u00fcn\u00fc, h\u0259r\u0259k\u0259tl\u0259rini, bioloji ehtiyaclar\u0131n\u0131 hiss etm\u0259y\u0259n x\u0259st\u0259 il\u0259 Bak\u0131 k\u00fc\u00e7\u0259l\u0259rind\u0259 qald\u0131m&#8221;<\/p>\n","protected":false},"author":11,"featured_media":108820,"comment_status":"closed","ping_status":"open","sticky":false,"template":"","format":"standard","meta":{"_acf_changed":false,"_sitemap_exclude":false,"_sitemap_priority":"","_sitemap_frequency":"","footnotes":""},"categories":[60],"tags":[],"class_list":["post-191485","post","type-post","status-publish","format-standard","has-post-thumbnail","hentry","category-bolge","infinite-scroll-item","generate-columns","tablet-grid-50","mobile-grid-100","grid-parent","grid-33","no-featured-image-padding"],"acf":[],"yoast_head":"<!-- This site is optimized with the Yoast SEO plugin v27.4 - https:\/\/yoast.com\/product\/yoast-seo-wordpress\/ -->\n<title>&#039;&#039;\u018flilliyi olan q\u0131z\u0131m\u0131n pensiyas\u0131n\u0131 k\u0259sibl\u0259r ki, yenid\u0259n yoxlans\u0131n&#039;&#039; - MEYDAN.TV<\/title>\n<meta name=\"robots\" content=\"index, follow, max-snippet:-1, max-image-preview:large, max-video-preview:-1\" \/>\n<link rel=\"canonical\" href=\"https:\/\/www.meydan.tv\/az\/article\/elilliyi-olan-qizimin-pensiyasini-kesibler-ki-yeniden-yoxlansin\/\" \/>\n<meta property=\"og:locale\" content=\"az_AZ\" \/>\n<meta property=\"og:type\" content=\"article\" \/>\n<meta property=\"og:title\" content=\"&#039;&#039;\u018flilliyi olan q\u0131z\u0131m\u0131n pensiyas\u0131n\u0131 k\u0259sibl\u0259r ki, yenid\u0259n yoxlans\u0131n&#039;&#039; - MEYDAN.TV\" \/>\n<meta property=\"og:description\" content=\"&#039;&#039;42 d\u0259r\u0259c\u0259 istid\u0259, \u00f6z\u00fcn\u00fc, h\u0259r\u0259k\u0259tl\u0259rini, bioloji ehtiyaclar\u0131n\u0131 hiss etm\u0259y\u0259n x\u0259st\u0259 il\u0259 Bak\u0131 k\u00fc\u00e7\u0259l\u0259rind\u0259 qald\u0131m&#039;&#039;\" \/>\n<meta property=\"og:url\" content=\"https:\/\/www.meydan.tv\/az\/article\/elilliyi-olan-qizimin-pensiyasini-kesibler-ki-yeniden-yoxlansin\/\" \/>\n<meta property=\"og:site_name\" content=\"MEYDAN.TV\" \/>\n<meta property=\"article:published_time\" content=\"2018-08-31T21:59:27+00:00\" \/>\n<meta property=\"og:image\" content=\"https:\/\/www.meydan.tv\/wp-content\/uploads\/43291.png\" \/>\n\t<meta property=\"og:image:width\" content=\"750\" \/>\n\t<meta property=\"og:image:height\" content=\"1000\" \/>\n\t<meta property=\"og:image:type\" content=\"image\/png\" \/>\n<meta name=\"author\" content=\"user-manager\" \/>\n<meta name=\"twitter:card\" content=\"summary_large_image\" \/>\n<script type=\"application\/ld+json\" class=\"yoast-schema-graph\">{\"@context\":\"https:\\\/\\\/schema.org\",\"@graph\":[{\"@type\":\"Article\",\"@id\":\"https:\\\/\\\/www.meydan.tv\\\/az\\\/article\\\/elilliyi-olan-qizimin-pensiyasini-kesibler-ki-yeniden-yoxlansin\\\/#article\",\"isPartOf\":{\"@id\":\"https:\\\/\\\/www.meydan.tv\\\/az\\\/article\\\/elilliyi-olan-qizimin-pensiyasini-kesibler-ki-yeniden-yoxlansin\\\/\"},\"author\":{\"name\":\"user-manager\",\"@id\":\"https:\\\/\\\/www.meydan.tv\\\/az\\\/#\\\/schema\\\/person\\\/10d11eccf6da3662cf5fdab9806ea91a\"},\"headline\":\"&#8221;\u018flilliyi olan q\u0131z\u0131m\u0131n pensiyas\u0131n\u0131 k\u0259sibl\u0259r ki, yenid\u0259n yoxlans\u0131n&#8221;\",\"datePublished\":\"2018-08-31T21:59:27+00:00\",\"mainEntityOfPage\":{\"@id\":\"https:\\\/\\\/www.meydan.tv\\\/az\\\/article\\\/elilliyi-olan-qizimin-pensiyasini-kesibler-ki-yeniden-yoxlansin\\\/\"},\"wordCount\":855,\"publisher\":{\"@id\":\"https:\\\/\\\/www.meydan.tv\\\/az\\\/#organization\"},\"image\":{\"@id\":\"https:\\\/\\\/www.meydan.tv\\\/az\\\/article\\\/elilliyi-olan-qizimin-pensiyasini-kesibler-ki-yeniden-yoxlansin\\\/#primaryimage\"},\"thumbnailUrl\":\"https:\\\/\\\/www.meydan.tv\\\/wp-content\\\/uploads\\\/43291.png\",\"articleSection\":[\"B\u00f6lg\u0259\"],\"inLanguage\":\"az\"},{\"@type\":\"WebPage\",\"@id\":\"https:\\\/\\\/www.meydan.tv\\\/az\\\/article\\\/elilliyi-olan-qizimin-pensiyasini-kesibler-ki-yeniden-yoxlansin\\\/\",\"url\":\"https:\\\/\\\/www.meydan.tv\\\/az\\\/article\\\/elilliyi-olan-qizimin-pensiyasini-kesibler-ki-yeniden-yoxlansin\\\/\",\"name\":\"''\u018flilliyi olan q\u0131z\u0131m\u0131n pensiyas\u0131n\u0131 k\u0259sibl\u0259r ki, yenid\u0259n yoxlans\u0131n'' - MEYDAN.TV\",\"isPartOf\":{\"@id\":\"https:\\\/\\\/www.meydan.tv\\\/az\\\/#website\"},\"primaryImageOfPage\":{\"@id\":\"https:\\\/\\\/www.meydan.tv\\\/az\\\/article\\\/elilliyi-olan-qizimin-pensiyasini-kesibler-ki-yeniden-yoxlansin\\\/#primaryimage\"},\"image\":{\"@id\":\"https:\\\/\\\/www.meydan.tv\\\/az\\\/article\\\/elilliyi-olan-qizimin-pensiyasini-kesibler-ki-yeniden-yoxlansin\\\/#primaryimage\"},\"thumbnailUrl\":\"https:\\\/\\\/www.meydan.tv\\\/wp-content\\\/uploads\\\/43291.png\",\"datePublished\":\"2018-08-31T21:59:27+00:00\",\"breadcrumb\":{\"@id\":\"https:\\\/\\\/www.meydan.tv\\\/az\\\/article\\\/elilliyi-olan-qizimin-pensiyasini-kesibler-ki-yeniden-yoxlansin\\\/#breadcrumb\"},\"inLanguage\":\"az\",\"potentialAction\":[{\"@type\":\"ReadAction\",\"target\":[\"https:\\\/\\\/www.meydan.tv\\\/az\\\/article\\\/elilliyi-olan-qizimin-pensiyasini-kesibler-ki-yeniden-yoxlansin\\\/\"]}]},{\"@type\":\"ImageObject\",\"inLanguage\":\"az\",\"@id\":\"https:\\\/\\\/www.meydan.tv\\\/az\\\/article\\\/elilliyi-olan-qizimin-pensiyasini-kesibler-ki-yeniden-yoxlansin\\\/#primaryimage\",\"url\":\"https:\\\/\\\/www.meydan.tv\\\/wp-content\\\/uploads\\\/43291.png\",\"contentUrl\":\"https:\\\/\\\/www.meydan.tv\\\/wp-content\\\/uploads\\\/43291.png\",\"width\":750,\"height\":1000,\"caption\":\"Source:\"},{\"@type\":\"BreadcrumbList\",\"@id\":\"https:\\\/\\\/www.meydan.tv\\\/az\\\/article\\\/elilliyi-olan-qizimin-pensiyasini-kesibler-ki-yeniden-yoxlansin\\\/#breadcrumb\",\"itemListElement\":[{\"@type\":\"ListItem\",\"position\":1,\"name\":\"Ana s\u0259hif\u0259\",\"item\":\"https:\\\/\\\/www.meydan.tv\\\/az\\\/\"},{\"@type\":\"ListItem\",\"position\":2,\"name\":\"B\u00f6lg\u0259\",\"item\":\"https:\\\/\\\/www.meydan.tv\\\/az\\\/section\\\/bolge\\\/\"},{\"@type\":\"ListItem\",\"position\":3,\"name\":\"&#8221;\u018flilliyi olan q\u0131z\u0131m\u0131n pensiyas\u0131n\u0131 k\u0259sibl\u0259r ki, yenid\u0259n yoxlans\u0131n&#8221;\"}]},{\"@type\":\"WebSite\",\"@id\":\"https:\\\/\\\/www.meydan.tv\\\/az\\\/#website\",\"url\":\"https:\\\/\\\/www.meydan.tv\\\/az\\\/\",\"name\":\"MEYDAN.TV\",\"description\":\"Meydan TV Az\u0259rbaycan\u0131n media m\u0259kan\u0131ndak\u0131 alternativ s\u0259sidir\",\"publisher\":{\"@id\":\"https:\\\/\\\/www.meydan.tv\\\/az\\\/#organization\"},\"potentialAction\":[{\"@type\":\"SearchAction\",\"target\":{\"@type\":\"EntryPoint\",\"urlTemplate\":\"https:\\\/\\\/www.meydan.tv\\\/az\\\/?s={search_term_string}\"},\"query-input\":{\"@type\":\"PropertyValueSpecification\",\"valueRequired\":true,\"valueName\":\"search_term_string\"}}],\"inLanguage\":\"az\"},{\"@type\":\"Organization\",\"@id\":\"https:\\\/\\\/www.meydan.tv\\\/az\\\/#organization\",\"name\":\"Meydan TV\",\"url\":\"https:\\\/\\\/www.meydan.tv\\\/az\\\/\",\"logo\":{\"@type\":\"ImageObject\",\"inLanguage\":\"az\",\"@id\":\"https:\\\/\\\/www.meydan.tv\\\/az\\\/#\\\/schema\\\/logo\\\/image\\\/\",\"url\":\"https:\\\/\\\/www.meydan.tv\\\/wp-content\\\/uploads\\\/2021\\\/07\\\/meydan-logo.svg\",\"contentUrl\":\"https:\\\/\\\/www.meydan.tv\\\/wp-content\\\/uploads\\\/2021\\\/07\\\/meydan-logo.svg\",\"width\":195,\"height\":46,\"caption\":\"Meydan TV\"},\"image\":{\"@id\":\"https:\\\/\\\/www.meydan.tv\\\/az\\\/#\\\/schema\\\/logo\\\/image\\\/\"}},{\"@type\":\"Person\",\"@id\":\"https:\\\/\\\/www.meydan.tv\\\/az\\\/#\\\/schema\\\/person\\\/10d11eccf6da3662cf5fdab9806ea91a\",\"name\":\"user-manager\"}]}<\/script>\n<!-- \/ Yoast SEO plugin. -->","yoast_head_json":{"title":"''\u018flilliyi olan q\u0131z\u0131m\u0131n pensiyas\u0131n\u0131 k\u0259sibl\u0259r ki, yenid\u0259n yoxlans\u0131n'' - MEYDAN.TV","robots":{"index":"index","follow":"follow","max-snippet":"max-snippet:-1","max-image-preview":"max-image-preview:large","max-video-preview":"max-video-preview:-1"},"canonical":"https:\/\/www.meydan.tv\/az\/article\/elilliyi-olan-qizimin-pensiyasini-kesibler-ki-yeniden-yoxlansin\/","og_locale":"az_AZ","og_type":"article","og_title":"''\u018flilliyi olan q\u0131z\u0131m\u0131n pensiyas\u0131n\u0131 k\u0259sibl\u0259r ki, yenid\u0259n yoxlans\u0131n'' - MEYDAN.TV","og_description":"''42 d\u0259r\u0259c\u0259 istid\u0259, \u00f6z\u00fcn\u00fc, h\u0259r\u0259k\u0259tl\u0259rini, bioloji ehtiyaclar\u0131n\u0131 hiss etm\u0259y\u0259n x\u0259st\u0259 il\u0259 Bak\u0131 k\u00fc\u00e7\u0259l\u0259rind\u0259 qald\u0131m''","og_url":"https:\/\/www.meydan.tv\/az\/article\/elilliyi-olan-qizimin-pensiyasini-kesibler-ki-yeniden-yoxlansin\/","og_site_name":"MEYDAN.TV","article_published_time":"2018-08-31T21:59:27+00:00","og_image":[{"width":750,"height":1000,"url":"https:\/\/www.meydan.tv\/wp-content\/uploads\/43291.png","type":"image\/png"}],"author":"user-manager","twitter_card":"summary_large_image","schema":{"@context":"https:\/\/schema.org","@graph":[{"@type":"Article","@id":"https:\/\/www.meydan.tv\/az\/article\/elilliyi-olan-qizimin-pensiyasini-kesibler-ki-yeniden-yoxlansin\/#article","isPartOf":{"@id":"https:\/\/www.meydan.tv\/az\/article\/elilliyi-olan-qizimin-pensiyasini-kesibler-ki-yeniden-yoxlansin\/"},"author":{"name":"user-manager","@id":"https:\/\/www.meydan.tv\/az\/#\/schema\/person\/10d11eccf6da3662cf5fdab9806ea91a"},"headline":"&#8221;\u018flilliyi olan q\u0131z\u0131m\u0131n pensiyas\u0131n\u0131 k\u0259sibl\u0259r ki, yenid\u0259n yoxlans\u0131n&#8221;","datePublished":"2018-08-31T21:59:27+00:00","mainEntityOfPage":{"@id":"https:\/\/www.meydan.tv\/az\/article\/elilliyi-olan-qizimin-pensiyasini-kesibler-ki-yeniden-yoxlansin\/"},"wordCount":855,"publisher":{"@id":"https:\/\/www.meydan.tv\/az\/#organization"},"image":{"@id":"https:\/\/www.meydan.tv\/az\/article\/elilliyi-olan-qizimin-pensiyasini-kesibler-ki-yeniden-yoxlansin\/#primaryimage"},"thumbnailUrl":"https:\/\/www.meydan.tv\/wp-content\/uploads\/43291.png","articleSection":["B\u00f6lg\u0259"],"inLanguage":"az"},{"@type":"WebPage","@id":"https:\/\/www.meydan.tv\/az\/article\/elilliyi-olan-qizimin-pensiyasini-kesibler-ki-yeniden-yoxlansin\/","url":"https:\/\/www.meydan.tv\/az\/article\/elilliyi-olan-qizimin-pensiyasini-kesibler-ki-yeniden-yoxlansin\/","name":"''\u018flilliyi olan q\u0131z\u0131m\u0131n pensiyas\u0131n\u0131 k\u0259sibl\u0259r ki, yenid\u0259n yoxlans\u0131n'' - MEYDAN.TV","isPartOf":{"@id":"https:\/\/www.meydan.tv\/az\/#website"},"primaryImageOfPage":{"@id":"https:\/\/www.meydan.tv\/az\/article\/elilliyi-olan-qizimin-pensiyasini-kesibler-ki-yeniden-yoxlansin\/#primaryimage"},"image":{"@id":"https:\/\/www.meydan.tv\/az\/article\/elilliyi-olan-qizimin-pensiyasini-kesibler-ki-yeniden-yoxlansin\/#primaryimage"},"thumbnailUrl":"https:\/\/www.meydan.tv\/wp-content\/uploads\/43291.png","datePublished":"2018-08-31T21:59:27+00:00","breadcrumb":{"@id":"https:\/\/www.meydan.tv\/az\/article\/elilliyi-olan-qizimin-pensiyasini-kesibler-ki-yeniden-yoxlansin\/#breadcrumb"},"inLanguage":"az","potentialAction":[{"@type":"ReadAction","target":["https:\/\/www.meydan.tv\/az\/article\/elilliyi-olan-qizimin-pensiyasini-kesibler-ki-yeniden-yoxlansin\/"]}]},{"@type":"ImageObject","inLanguage":"az","@id":"https:\/\/www.meydan.tv\/az\/article\/elilliyi-olan-qizimin-pensiyasini-kesibler-ki-yeniden-yoxlansin\/#primaryimage","url":"https:\/\/www.meydan.tv\/wp-content\/uploads\/43291.png","contentUrl":"https:\/\/www.meydan.tv\/wp-content\/uploads\/43291.png","width":750,"height":1000,"caption":"Source:"},{"@type":"BreadcrumbList","@id":"https:\/\/www.meydan.tv\/az\/article\/elilliyi-olan-qizimin-pensiyasini-kesibler-ki-yeniden-yoxlansin\/#breadcrumb","itemListElement":[{"@type":"ListItem","position":1,"name":"Ana s\u0259hif\u0259","item":"https:\/\/www.meydan.tv\/az\/"},{"@type":"ListItem","position":2,"name":"B\u00f6lg\u0259","item":"https:\/\/www.meydan.tv\/az\/section\/bolge\/"},{"@type":"ListItem","position":3,"name":"&#8221;\u018flilliyi olan q\u0131z\u0131m\u0131n pensiyas\u0131n\u0131 k\u0259sibl\u0259r ki, yenid\u0259n yoxlans\u0131n&#8221;"}]},{"@type":"WebSite","@id":"https:\/\/www.meydan.tv\/az\/#website","url":"https:\/\/www.meydan.tv\/az\/","name":"MEYDAN.TV","description":"Meydan TV Az\u0259rbaycan\u0131n media m\u0259kan\u0131ndak\u0131 alternativ s\u0259sidir","publisher":{"@id":"https:\/\/www.meydan.tv\/az\/#organization"},"potentialAction":[{"@type":"SearchAction","target":{"@type":"EntryPoint","urlTemplate":"https:\/\/www.meydan.tv\/az\/?s={search_term_string}"},"query-input":{"@type":"PropertyValueSpecification","valueRequired":true,"valueName":"search_term_string"}}],"inLanguage":"az"},{"@type":"Organization","@id":"https:\/\/www.meydan.tv\/az\/#organization","name":"Meydan TV","url":"https:\/\/www.meydan.tv\/az\/","logo":{"@type":"ImageObject","inLanguage":"az","@id":"https:\/\/www.meydan.tv\/az\/#\/schema\/logo\/image\/","url":"https:\/\/www.meydan.tv\/wp-content\/uploads\/2021\/07\/meydan-logo.svg","contentUrl":"https:\/\/www.meydan.tv\/wp-content\/uploads\/2021\/07\/meydan-logo.svg","width":195,"height":46,"caption":"Meydan TV"},"image":{"@id":"https:\/\/www.meydan.tv\/az\/#\/schema\/logo\/image\/"}},{"@type":"Person","@id":"https:\/\/www.meydan.tv\/az\/#\/schema\/person\/10d11eccf6da3662cf5fdab9806ea91a","name":"user-manager"}]}},"_links":{"self":[{"href":"https:\/\/www.meydan.tv\/az\/wp-json\/wp\/v2\/posts\/191485","targetHints":{"allow":["GET"]}}],"collection":[{"href":"https:\/\/www.meydan.tv\/az\/wp-json\/wp\/v2\/posts"}],"about":[{"href":"https:\/\/www.meydan.tv\/az\/wp-json\/wp\/v2\/types\/post"}],"author":[{"embeddable":true,"href":"https:\/\/www.meydan.tv\/az\/wp-json\/wp\/v2\/users\/11"}],"replies":[{"embeddable":true,"href":"https:\/\/www.meydan.tv\/az\/wp-json\/wp\/v2\/comments?post=191485"}],"version-history":[{"count":0,"href":"https:\/\/www.meydan.tv\/az\/wp-json\/wp\/v2\/posts\/191485\/revisions"}],"wp:featuredmedia":[{"embeddable":true,"href":"https:\/\/www.meydan.tv\/az\/wp-json\/wp\/v2\/media\/108820"}],"wp:attachment":[{"href":"https:\/\/www.meydan.tv\/az\/wp-json\/wp\/v2\/media?parent=191485"}],"wp:term":[{"taxonomy":"category","embeddable":true,"href":"https:\/\/www.meydan.tv\/az\/wp-json\/wp\/v2\/categories?post=191485"},{"taxonomy":"post_tag","embeddable":true,"href":"https:\/\/www.meydan.tv\/az\/wp-json\/wp\/v2\/tags?post=191485"}],"curies":[{"name":"wp","href":"https:\/\/api.w.org\/{rel}","templated":true}]}}