{"id":191471,"date":"2018-08-31T12:46:11","date_gmt":"2018-08-31T12:46:11","guid":{"rendered":"https:\/\/www.meydan.tv\/article\/sehid-pulu-qarsima-siper-kimi-cekilir\/"},"modified":"2018-08-31T12:46:11","modified_gmt":"2018-08-31T12:46:11","slug":"sehid-pulu-qarsima-siper-kimi-cekilir","status":"publish","type":"post","link":"https:\/\/www.meydan.tv\/az\/article\/sehid-pulu-qarsima-siper-kimi-cekilir\/","title":{"rendered":"&#8221;\u015e\u0259hid pulu qar\u015f\u0131ma sip\u0259r kimi \u00e7\u0259kilir&#8221;"},"content":{"rendered":"<figure class=\"wp-block-image size-large\">\n  <img decoding=\"async\" src=\"https:\/\/www.meydan.tv\/az\/108790\/\" alt=\"\" class=\"wp-image-108790\"\/><figcaption><\/figcaption><\/figure>\n<p>\n  <i><br \/>\n    Xocal\u0131dan olan m\u0259cburi k\u00f6\u00e7k\u00fcn m\u0259mur laqeydliyind\u0259n gileylidir<br \/>\n  <\/i>\n<\/p>\n<p>\n  Bak\u0131dan 330 kilometr aral\u0131da yerl\u0259\u015f\u0259n Goranboy rayonu, Yuxar\u0131 A\u011fcak\u0259nd q\u0259s\u0259b\u0259sind\u0259 ya\u015fayan \u015f\u0259hid ail\u0259si a\u011f\u0131r durumundan gileylidir. M\u0259mur laqeydliyi a\u011f\u0131r \u015f\u0259rtl\u0259r alt\u0131nda ya\u015fayan Hac\u0131yevl\u0259r ail\u0259sinin son \u00fcmidl\u0259rini d\u0259 k\u0259sir.\n<\/p>\n<p>\n  \u201cBiz 3 d\u0259f\u0259 k\u00f6\u00e7k\u00fcn d\u00fc\u015fm\u00fc\u015f\u00fck. Xank\u0259ndid\u0259n Xocal\u0131ya, oradan A\u011fdama, oradan da G\u0259nc\u0259y\u0259 k\u00f6\u00e7k\u00fcn d\u00fc\u015fd\u00fck. G\u0259nc\u0259d\u0259n d\u0259 bizi Goranboy rayonu, Yuxar\u0131 A\u011fcak\u0259nd q\u0259s\u0259b\u0259sind\u0259ki qa\u00e7q\u0131n \u015f\u0259h\u0259rciyin\u0259 k\u00f6\u00e7\u00fcrd\u00fcl\u0259r. \u00c7ox a\u011f\u0131r durumda ya\u015fay\u0131r\u0131q, biz\u0259 baxan yoxdur\u201d &#8211; Goranboy rayonu, Yuxar\u0131 A\u011fcak\u0259nd q\u0259s\u0259b\u0259sind\u0259ki qa\u00e7q\u0131n \u015f\u0259h\u0259rciyind\u0259 yerl\u0259\u015f\u0259n 3 sayl\u0131 evd\u0259 ya\u015fayan Rahil\u0259 R\u0259\u015fid q\u0131z\u0131 Hac\u0131yeva bel\u0259 deyir. Onun s\u00f6zl\u0259rin\u0259 g\u00f6r\u0259, d\u00f6vl\u0259tin verdiyi m\u00fcavin\u0259tl\u0259 dolana bilmirl\u0259r.\n<\/p>\n<blockquote><p>\n  Xocal\u0131da \u0259sir d\u00fc\u015fd\u00fc, erm\u0259nil\u0259r ba\u015f\u0131n\u0131 k\u0259sdil\u0259r\n<\/p><\/blockquote>\n<p>\n  Rahil\u0259 Hac\u0131yeva deyir ki, bir t\u0259r\u0259fd\u0259n d\u0259, bank kreditl\u0259ri, kreditl\u0259rin faizl\u0259ri onun dolan\u0131\u015f\u0131\u011f\u0131n\u0131 a\u011f\u0131rla\u015fd\u0131r\u0131b:\n<\/p>\n<p>\n  \u201cAllah\u0131n o yard\u0131m\u0131 n\u0259dir, onu da vermirl\u0259r. 4 statusum var \u2013 ail\u0259likc\u0259 erm\u0259ni \u0259sirliyind\u0259 olmu\u015fuq. \u018fsirlikd\u0259 biz\u0259 z\u00fclm etdil\u0259r. K\u0259ll\u0259-beyin travmas\u0131 v\u0259 \u00e7oxsayl\u0131 x\u0259sar\u0259tl\u0259r alm\u0131\u015fam. \u018fsirlikd\u0259n azad edil\u0259nd\u0259n sonra 5 d\u0259f\u0259 \u0259m\u0259liyyat olunmu\u015fam. 6 aydan bir Sosial Fond biz\u0259 putyovka verirdi. A\u011fcak\u0259nd\u0259 k\u00f6\u00e7\u0259nd\u0259n sonra daha putyovka da verilmir. M\u00fcalic\u0259y\u0259 getmir\u0259m dey\u0259 g\u00f6zl\u0259rim z\u0259ifl\u0259yir. Yolda\u015f\u0131m Vidadi \u015e\u0259fa o\u011flu Mustafayev Xocal\u0131da \u015f\u0259hid olub. Vidadi Qaraba\u011f m\u00fcharib\u0259sind\u0259n \u0259vv\u0259l \u018ffqan\u0131standa d\u00f6y\u00fc\u015fm\u00fc\u015fd\u00fc. Qaraba\u011f u\u011frunda ged\u0259n d\u00f6y\u00fc\u015fl\u0259rd\u0259 d\u0259 f\u0259rql\u0259nirdi. Erm\u0259nil\u0259r d\u0259 onun ba\u015f\u0131na pul qoymu\u015fdular. Xocal\u0131da \u0259sir d\u00fc\u015fd\u00fc, erm\u0259nil\u0259r ba\u015f\u0131n\u0131 k\u0259sdil\u0259r. Xocal\u0131 haqda b\u00fct\u00fcn kitablarda Vidadinin bar\u0259sind\u0259 yaz\u0131l\u0131b. O\u011flumla q\u0131z\u0131m\u0131 erm\u0259nil\u0259r \u00f6ld\u00fcr\u00fcb, \u00f6z\u00fcm d\u0259 Xocal\u0131 qa\u00e7q\u0131n\u0131yam. 2-ci qrup \u0259lil\u0259m, h\u0259m d\u0259 \u015f\u0259hid ail\u0259siy\u0259m. Biz\u0259 baxan yoxdur. Qonum-qon\u015fuya yard\u0131m paylay\u0131rlar. Gedir\u0259m, deyirl\u0259r ki, s\u0259n\u0259 d\u00fc\u015fm\u00fcr. Vallah, s\u0259b\u0259bini d\u0259 bilmir\u0259m n\u0259dir. Deyirl\u0259r, G\u0259nc\u0259d\u0259 ya\u015fam\u0131s\u0131z, yard\u0131m\u0131 Naftalandan bura k\u00f6\u00e7\u00fcr\u00fcl\u0259nl\u0259r\u0259 veririk. G\u0259nc\u0259d\u0259n g\u0259l\u0259nl\u0259r\u0259 yard\u0131m d\u00fc\u015fm\u00fcr. Niy\u0259 d\u00fc\u015fm\u00fcr, bunun s\u0259b\u0259bini dey\u0259n yoxdur\u201d.\n<\/p>\n<blockquote><p>\n  Ac\u0131nacaql\u0131 v\u0259ziyy\u0259td\u0259yik\n<\/p><\/blockquote>\n<p>\n  Rahil\u0259 Hac\u0131yeva deyir ki, q\u0131z\u0131 Ay\u015f\u0259n Vidadi q\u0131z\u0131 Mustafayeva da 2 u\u015faqla onun himay\u0259sind\u0259dir:\n<\/p>\n<figure class=\"wp-block-image size-large\">\n  <img decoding=\"async\" src=\"https:\/\/www.meydan.tv\/az\/108793\/\" alt=\"\" class=\"wp-image-108793\"\/><figcaption><\/figcaption><\/figure>\n<p>\n  \u201cYolda\u015f\u0131 il\u0259 3 il \u0259vv\u0259l ayr\u0131ld\u0131. O vaxtdan q\u0131z\u0131m 2 \u00f6vlad\u0131 il\u0259 m\u0259niml\u0259 ya\u015fay\u0131r. Gedir\u0259m, deyir\u0259m ki, he\u00e7 olmasa q\u0131z\u0131ma \u00e7\u00f6r\u0259kpulu verin. Vermirl\u0259r. H\u00f6kum\u0259tin verdiyi 40 manat \u00e7\u00f6r\u0259kpulunu da q\u0131z\u0131ma \u00e7ox g\u00f6r\u00fcrl\u0259r. M\u0259\u015f\u011fullu\u011fa, sosiala da ad\u0131n\u0131 yazm\u0131rlar. Ac\u0131nacaql\u0131 v\u0259ziyy\u0259td\u0259yik. 2 n\u0259v\u0259m, q\u0131z\u0131mla yan\u0131mdad\u0131r. Dan\u0131\u015f\u0131ram, deyirl\u0259r ki, s\u0259n \u015f\u0259hid pulu al\u0131rsan. Hara gedir\u0259m, \u015f\u0259hid pulu qar\u015f\u0131ma sip\u0259r kimi \u00e7\u0259kilir. 230 manat \u015f\u0259hid pulu v\u0259 40 manat \u00e7\u00f6r\u0259kpulu il\u0259 dolana bilmirik\u201d.\n<\/p>\n<blockquote><p>\n  Ev verdil\u0259r, hamam\u0131, tualeti yox idi\n<\/p><\/blockquote>\n<p>\n  Rahil\u0259 Hac\u0131yevan\u0131n s\u00f6zl\u0259rind\u0259n bel\u0259 ayd\u0131n olur ki, b\u00fcdc\u0259 v\u0259saiti hesab\u0131na qa\u00e7q\u0131nlar v\u0259 m\u0259cburi k\u00f6\u00e7k\u00fcnl\u0259r \u00fc\u00e7\u00fcn tikil\u0259n evl\u0259rin sanitar qov\u015faqlar\u0131 olmay\u0131b:\n<\/p>\n<figure class=\"wp-block-image size-large\">\n  <img decoding=\"async\" src=\"https:\/\/www.meydan.tv\/az\/108796\/\" alt=\"\" class=\"wp-image-108796\"\/><figcaption>\n    Rahil\u0259 R\u0259\u015fid q\u0131z\u0131 Hac\u0131yeva<br \/>\n  <\/figcaption><\/figure>\n<p>\n  \u201cBiz\u0259 burada ev verdil\u0259r, amma evin hamam\u0131, tualeti yox idi. M\u0259cbur olub bankdan kredit al\u0131b hamam, tualet tikmi\u015fik. Evi alandan sonra t\u0259mir el\u0259tdirmi\u015fik. Z\u0259lz\u0259l\u0259d\u0259n sonra da ev u\u00e7ub da\u011f\u0131l\u0131r. Evin da\u011f\u0131n\u0131q yerl\u0259rinin \u015f\u0259kill\u0259rini d\u00f6vl\u0259t\u0259 g\u00f6nd\u0259rmi\u015f\u0259m. G\u0259l\u0259n, ara\u015fd\u0131ran, biziml\u0259 maraqlanan yoxdur. G\u00f6zl\u0259yirl\u0259r ev ba\u015f\u0131m\u0131za u\u00e7sun, ondan sonra g\u0259lsinl\u0259r. Bir 2 otaql\u0131, quru divarlardan ibar\u0259t ev veribl\u0259r ki, y\u0131\u011f\u0131\u015f\u0131n, qal\u0131n i\u00e7ind\u0259. Burada x\u0259st\u0259xana yoxdur. Yaz\u0131r\u0131q, deyirl\u0259r ki, ev vermi\u015fik, oturun. Yol da da\u011f\u0131l\u0131b. D\u0259f\u0259l\u0259rl\u0259 dedim ki, k\u00f6m\u0259k edin hamam tikim, yax\u0131n g\u0259lm\u0259dil\u0259r. Borca girib \u00f6z\u00fcm\u00fcz tikmi\u015fik. \u0130ndi d\u0259 n\u0259 borcu ver\u0259 bilirik, n\u0259 d\u0259 dolana bilirik\u201d.\n<\/p>\n<blockquote><p>\n  Maa\u015f\u0131m 130-150 manat olurdu, onu da k\u0259sdil\u0259r\n<\/p><\/blockquote>\n<p>\n  Rahil\u0259 Hac\u0131yeva Goranboya k\u00f6\u00e7\u00fcr\u00fcl\u0259nd\u0259n sonra A\u011fcak\u0259nd q\u0259s\u0259b\u0259sind\u0259 yerl\u0259\u015f\u0259n Xocal\u0131 M\u0259d\u0259niyy\u0259t Evind\u0259ki kitabxanada i\u015fl\u0259yib. Onun s\u00f6zl\u0259rin\u0259 g\u00f6r\u0259, oradan da i\u015fd\u0259n \u00e7\u0131xar\u0131l\u0131b:\n<\/p>\n<figure class=\"wp-block-image size-large\">\n  <img decoding=\"async\" src=\"https:\/\/www.meydan.tv\/az\/108799\/\" alt=\"\" class=\"wp-image-108799\"\/><figcaption><\/figcaption><\/figure>\n<p>\n  \u201cG\u00fcnl\u0259rin birind\u0259 getdim ki, m\u0259ni i\u015fd\u0259n \u00e7\u0131xar\u0131blar. S\u0259b\u0259bini soru\u015fdum, dedil\u0259r ki, M\u0259d\u0259niyy\u0259t Nazirliyind\u0259n deyibl\u0259r, \u00e7\u0131xarm\u0131\u015f\u0131q. Ondan 1 g\u00fcn \u0259vv\u0259l m\u0259nd\u0259n 100 manat ist\u0259yirdil\u0259r. Deyirdil\u0259r ki, nazirlikd\u0259n h\u0259r bir i\u015f\u00e7iy\u0259 g\u00f6r\u0259 100 manat ist\u0259yirl\u0259r. M\u0259n d\u0259 demi\u015fdim ki, m\u0259nim 100 manat\u0131m yoxdur, nazirlik niy\u0259 \u015f\u0259hid ail\u0259sind\u0259n 100 manat ist\u0259yir ki? S\u0259h\u0259ri i\u015f\u0259 getdim, dedil\u0259r ki, s\u0259ni i\u015fd\u0259n \u00e7\u0131xar\u0131blar. Dedil\u0259r, kim pulu veribs\u0259, qal\u0131b i\u015fl\u0259yir, verm\u0259y\u0259nl\u0259ri d\u0259 i\u015fd\u0259n \u00e7\u0131xar\u0131blar. Maa\u015f\u0131m 130-150 manat olurdu, onu da k\u0259sdil\u0259r. M\u00fcraci\u0259t d\u0259 edirik, i\u015fl\u0259 t\u0259min el\u0259mirl\u0259r. 2 ildir ki, M\u0259\u015f\u011fulluq \u0130dar\u0259sin\u0259 \u0259riz\u0259 vermi\u015f\u0259m. Q\u0131z\u0131m\u0131n da, \u00f6z\u00fcm\u00fcn d\u0259 ad\u0131na anket a\u00e7d\u0131rm\u0131\u015fam. Gedir\u0259m deyirl\u0259r, i\u015f yoxdur\u201d.\n<\/p>\n<p>\n  Goranboy Rayon \u0130cra Hakimiyy\u0259tind\u0259n v\u0259 M\u0259d\u0259niyy\u0259t Nazirliyind\u0259n Meydan TV-y\u0259 m\u0259s\u0259l\u0259nin ara\u015fd\u0131r\u0131laca\u011f\u0131n\u0131 bildiribl\u0259r.\n<\/p><\/p>\n","protected":false},"excerpt":{"rendered":"<p>Xocal\u0131dan olan m\u0259cburi k\u00f6\u00e7k\u00fcn m\u0259mur laqeydliyind\u0259n gileylidir<\/p>\n","protected":false},"author":11,"featured_media":108790,"comment_status":"closed","ping_status":"open","sticky":false,"template":"","format":"standard","meta":{"_acf_changed":false,"_sitemap_exclude":false,"_sitemap_priority":"","_sitemap_frequency":"","footnotes":""},"categories":[60],"tags":[],"class_list":["post-191471","post","type-post","status-publish","format-standard","has-post-thumbnail","hentry","category-bolge","infinite-scroll-item","generate-columns","tablet-grid-50","mobile-grid-100","grid-parent","grid-33","no-featured-image-padding"],"acf":[],"yoast_head":"<!-- This site is optimized with the Yoast SEO plugin v27.4 - https:\/\/yoast.com\/product\/yoast-seo-wordpress\/ -->\n<title>&#039;&#039;\u015e\u0259hid pulu qar\u015f\u0131ma sip\u0259r kimi \u00e7\u0259kilir&#039;&#039; - MEYDAN.TV<\/title>\n<meta name=\"robots\" content=\"index, follow, max-snippet:-1, max-image-preview:large, max-video-preview:-1\" \/>\n<link rel=\"canonical\" href=\"https:\/\/www.meydan.tv\/az\/article\/sehid-pulu-qarsima-siper-kimi-cekilir\/\" \/>\n<meta property=\"og:locale\" content=\"az_AZ\" \/>\n<meta property=\"og:type\" content=\"article\" \/>\n<meta property=\"og:title\" content=\"&#039;&#039;\u015e\u0259hid pulu qar\u015f\u0131ma sip\u0259r kimi \u00e7\u0259kilir&#039;&#039; - MEYDAN.TV\" \/>\n<meta property=\"og:description\" content=\"Xocal\u0131dan olan m\u0259cburi k\u00f6\u00e7k\u00fcn m\u0259mur laqeydliyind\u0259n gileylidir\" \/>\n<meta property=\"og:url\" content=\"https:\/\/www.meydan.tv\/az\/article\/sehid-pulu-qarsima-siper-kimi-cekilir\/\" \/>\n<meta property=\"og:site_name\" content=\"MEYDAN.TV\" \/>\n<meta property=\"article:published_time\" content=\"2018-08-31T12:46:11+00:00\" \/>\n<meta property=\"og:image\" content=\"https:\/\/www.meydan.tv\/wp-content\/uploads\/43253.jpg\" \/>\n\t<meta property=\"og:image:width\" content=\"1280\" \/>\n\t<meta property=\"og:image:height\" content=\"720\" \/>\n\t<meta property=\"og:image:type\" content=\"image\/jpeg\" \/>\n<meta name=\"author\" content=\"user-manager\" \/>\n<meta name=\"twitter:card\" content=\"summary_large_image\" \/>\n<script type=\"application\/ld+json\" class=\"yoast-schema-graph\">{\"@context\":\"https:\\\/\\\/schema.org\",\"@graph\":[{\"@type\":\"Article\",\"@id\":\"https:\\\/\\\/www.meydan.tv\\\/az\\\/article\\\/sehid-pulu-qarsima-siper-kimi-cekilir\\\/#article\",\"isPartOf\":{\"@id\":\"https:\\\/\\\/www.meydan.tv\\\/az\\\/article\\\/sehid-pulu-qarsima-siper-kimi-cekilir\\\/\"},\"author\":{\"name\":\"user-manager\",\"@id\":\"https:\\\/\\\/www.meydan.tv\\\/az\\\/#\\\/schema\\\/person\\\/10d11eccf6da3662cf5fdab9806ea91a\"},\"headline\":\"&#8221;\u015e\u0259hid pulu qar\u015f\u0131ma sip\u0259r kimi \u00e7\u0259kilir&#8221;\",\"datePublished\":\"2018-08-31T12:46:11+00:00\",\"mainEntityOfPage\":{\"@id\":\"https:\\\/\\\/www.meydan.tv\\\/az\\\/article\\\/sehid-pulu-qarsima-siper-kimi-cekilir\\\/\"},\"wordCount\":1062,\"publisher\":{\"@id\":\"https:\\\/\\\/www.meydan.tv\\\/az\\\/#organization\"},\"image\":{\"@id\":\"https:\\\/\\\/www.meydan.tv\\\/az\\\/article\\\/sehid-pulu-qarsima-siper-kimi-cekilir\\\/#primaryimage\"},\"thumbnailUrl\":\"https:\\\/\\\/www.meydan.tv\\\/wp-content\\\/uploads\\\/43253.jpg\",\"articleSection\":[\"B\u00f6lg\u0259\"],\"inLanguage\":\"az\"},{\"@type\":\"WebPage\",\"@id\":\"https:\\\/\\\/www.meydan.tv\\\/az\\\/article\\\/sehid-pulu-qarsima-siper-kimi-cekilir\\\/\",\"url\":\"https:\\\/\\\/www.meydan.tv\\\/az\\\/article\\\/sehid-pulu-qarsima-siper-kimi-cekilir\\\/\",\"name\":\"''\u015e\u0259hid pulu qar\u015f\u0131ma sip\u0259r kimi \u00e7\u0259kilir'' - MEYDAN.TV\",\"isPartOf\":{\"@id\":\"https:\\\/\\\/www.meydan.tv\\\/az\\\/#website\"},\"primaryImageOfPage\":{\"@id\":\"https:\\\/\\\/www.meydan.tv\\\/az\\\/article\\\/sehid-pulu-qarsima-siper-kimi-cekilir\\\/#primaryimage\"},\"image\":{\"@id\":\"https:\\\/\\\/www.meydan.tv\\\/az\\\/article\\\/sehid-pulu-qarsima-siper-kimi-cekilir\\\/#primaryimage\"},\"thumbnailUrl\":\"https:\\\/\\\/www.meydan.tv\\\/wp-content\\\/uploads\\\/43253.jpg\",\"datePublished\":\"2018-08-31T12:46:11+00:00\",\"breadcrumb\":{\"@id\":\"https:\\\/\\\/www.meydan.tv\\\/az\\\/article\\\/sehid-pulu-qarsima-siper-kimi-cekilir\\\/#breadcrumb\"},\"inLanguage\":\"az\",\"potentialAction\":[{\"@type\":\"ReadAction\",\"target\":[\"https:\\\/\\\/www.meydan.tv\\\/az\\\/article\\\/sehid-pulu-qarsima-siper-kimi-cekilir\\\/\"]}]},{\"@type\":\"ImageObject\",\"inLanguage\":\"az\",\"@id\":\"https:\\\/\\\/www.meydan.tv\\\/az\\\/article\\\/sehid-pulu-qarsima-siper-kimi-cekilir\\\/#primaryimage\",\"url\":\"https:\\\/\\\/www.meydan.tv\\\/wp-content\\\/uploads\\\/43253.jpg\",\"contentUrl\":\"https:\\\/\\\/www.meydan.tv\\\/wp-content\\\/uploads\\\/43253.jpg\",\"width\":1280,\"height\":720,\"caption\":\"Source:\"},{\"@type\":\"BreadcrumbList\",\"@id\":\"https:\\\/\\\/www.meydan.tv\\\/az\\\/article\\\/sehid-pulu-qarsima-siper-kimi-cekilir\\\/#breadcrumb\",\"itemListElement\":[{\"@type\":\"ListItem\",\"position\":1,\"name\":\"Ana s\u0259hif\u0259\",\"item\":\"https:\\\/\\\/www.meydan.tv\\\/az\\\/\"},{\"@type\":\"ListItem\",\"position\":2,\"name\":\"B\u00f6lg\u0259\",\"item\":\"https:\\\/\\\/www.meydan.tv\\\/az\\\/section\\\/bolge\\\/\"},{\"@type\":\"ListItem\",\"position\":3,\"name\":\"&#8221;\u015e\u0259hid pulu qar\u015f\u0131ma sip\u0259r kimi \u00e7\u0259kilir&#8221;\"}]},{\"@type\":\"WebSite\",\"@id\":\"https:\\\/\\\/www.meydan.tv\\\/az\\\/#website\",\"url\":\"https:\\\/\\\/www.meydan.tv\\\/az\\\/\",\"name\":\"MEYDAN.TV\",\"description\":\"Meydan TV Az\u0259rbaycan\u0131n media m\u0259kan\u0131ndak\u0131 alternativ s\u0259sidir\",\"publisher\":{\"@id\":\"https:\\\/\\\/www.meydan.tv\\\/az\\\/#organization\"},\"potentialAction\":[{\"@type\":\"SearchAction\",\"target\":{\"@type\":\"EntryPoint\",\"urlTemplate\":\"https:\\\/\\\/www.meydan.tv\\\/az\\\/?s={search_term_string}\"},\"query-input\":{\"@type\":\"PropertyValueSpecification\",\"valueRequired\":true,\"valueName\":\"search_term_string\"}}],\"inLanguage\":\"az\"},{\"@type\":\"Organization\",\"@id\":\"https:\\\/\\\/www.meydan.tv\\\/az\\\/#organization\",\"name\":\"Meydan TV\",\"url\":\"https:\\\/\\\/www.meydan.tv\\\/az\\\/\",\"logo\":{\"@type\":\"ImageObject\",\"inLanguage\":\"az\",\"@id\":\"https:\\\/\\\/www.meydan.tv\\\/az\\\/#\\\/schema\\\/logo\\\/image\\\/\",\"url\":\"https:\\\/\\\/www.meydan.tv\\\/wp-content\\\/uploads\\\/2021\\\/07\\\/meydan-logo.svg\",\"contentUrl\":\"https:\\\/\\\/www.meydan.tv\\\/wp-content\\\/uploads\\\/2021\\\/07\\\/meydan-logo.svg\",\"width\":195,\"height\":46,\"caption\":\"Meydan TV\"},\"image\":{\"@id\":\"https:\\\/\\\/www.meydan.tv\\\/az\\\/#\\\/schema\\\/logo\\\/image\\\/\"}},{\"@type\":\"Person\",\"@id\":\"https:\\\/\\\/www.meydan.tv\\\/az\\\/#\\\/schema\\\/person\\\/10d11eccf6da3662cf5fdab9806ea91a\",\"name\":\"user-manager\"}]}<\/script>\n<!-- \/ Yoast SEO plugin. -->","yoast_head_json":{"title":"''\u015e\u0259hid pulu qar\u015f\u0131ma sip\u0259r kimi \u00e7\u0259kilir'' - MEYDAN.TV","robots":{"index":"index","follow":"follow","max-snippet":"max-snippet:-1","max-image-preview":"max-image-preview:large","max-video-preview":"max-video-preview:-1"},"canonical":"https:\/\/www.meydan.tv\/az\/article\/sehid-pulu-qarsima-siper-kimi-cekilir\/","og_locale":"az_AZ","og_type":"article","og_title":"''\u015e\u0259hid pulu qar\u015f\u0131ma sip\u0259r kimi \u00e7\u0259kilir'' - MEYDAN.TV","og_description":"Xocal\u0131dan olan m\u0259cburi k\u00f6\u00e7k\u00fcn m\u0259mur laqeydliyind\u0259n gileylidir","og_url":"https:\/\/www.meydan.tv\/az\/article\/sehid-pulu-qarsima-siper-kimi-cekilir\/","og_site_name":"MEYDAN.TV","article_published_time":"2018-08-31T12:46:11+00:00","og_image":[{"width":1280,"height":720,"url":"https:\/\/www.meydan.tv\/wp-content\/uploads\/43253.jpg","type":"image\/jpeg"}],"author":"user-manager","twitter_card":"summary_large_image","schema":{"@context":"https:\/\/schema.org","@graph":[{"@type":"Article","@id":"https:\/\/www.meydan.tv\/az\/article\/sehid-pulu-qarsima-siper-kimi-cekilir\/#article","isPartOf":{"@id":"https:\/\/www.meydan.tv\/az\/article\/sehid-pulu-qarsima-siper-kimi-cekilir\/"},"author":{"name":"user-manager","@id":"https:\/\/www.meydan.tv\/az\/#\/schema\/person\/10d11eccf6da3662cf5fdab9806ea91a"},"headline":"&#8221;\u015e\u0259hid pulu qar\u015f\u0131ma sip\u0259r kimi \u00e7\u0259kilir&#8221;","datePublished":"2018-08-31T12:46:11+00:00","mainEntityOfPage":{"@id":"https:\/\/www.meydan.tv\/az\/article\/sehid-pulu-qarsima-siper-kimi-cekilir\/"},"wordCount":1062,"publisher":{"@id":"https:\/\/www.meydan.tv\/az\/#organization"},"image":{"@id":"https:\/\/www.meydan.tv\/az\/article\/sehid-pulu-qarsima-siper-kimi-cekilir\/#primaryimage"},"thumbnailUrl":"https:\/\/www.meydan.tv\/wp-content\/uploads\/43253.jpg","articleSection":["B\u00f6lg\u0259"],"inLanguage":"az"},{"@type":"WebPage","@id":"https:\/\/www.meydan.tv\/az\/article\/sehid-pulu-qarsima-siper-kimi-cekilir\/","url":"https:\/\/www.meydan.tv\/az\/article\/sehid-pulu-qarsima-siper-kimi-cekilir\/","name":"''\u015e\u0259hid pulu qar\u015f\u0131ma sip\u0259r kimi \u00e7\u0259kilir'' - MEYDAN.TV","isPartOf":{"@id":"https:\/\/www.meydan.tv\/az\/#website"},"primaryImageOfPage":{"@id":"https:\/\/www.meydan.tv\/az\/article\/sehid-pulu-qarsima-siper-kimi-cekilir\/#primaryimage"},"image":{"@id":"https:\/\/www.meydan.tv\/az\/article\/sehid-pulu-qarsima-siper-kimi-cekilir\/#primaryimage"},"thumbnailUrl":"https:\/\/www.meydan.tv\/wp-content\/uploads\/43253.jpg","datePublished":"2018-08-31T12:46:11+00:00","breadcrumb":{"@id":"https:\/\/www.meydan.tv\/az\/article\/sehid-pulu-qarsima-siper-kimi-cekilir\/#breadcrumb"},"inLanguage":"az","potentialAction":[{"@type":"ReadAction","target":["https:\/\/www.meydan.tv\/az\/article\/sehid-pulu-qarsima-siper-kimi-cekilir\/"]}]},{"@type":"ImageObject","inLanguage":"az","@id":"https:\/\/www.meydan.tv\/az\/article\/sehid-pulu-qarsima-siper-kimi-cekilir\/#primaryimage","url":"https:\/\/www.meydan.tv\/wp-content\/uploads\/43253.jpg","contentUrl":"https:\/\/www.meydan.tv\/wp-content\/uploads\/43253.jpg","width":1280,"height":720,"caption":"Source:"},{"@type":"BreadcrumbList","@id":"https:\/\/www.meydan.tv\/az\/article\/sehid-pulu-qarsima-siper-kimi-cekilir\/#breadcrumb","itemListElement":[{"@type":"ListItem","position":1,"name":"Ana s\u0259hif\u0259","item":"https:\/\/www.meydan.tv\/az\/"},{"@type":"ListItem","position":2,"name":"B\u00f6lg\u0259","item":"https:\/\/www.meydan.tv\/az\/section\/bolge\/"},{"@type":"ListItem","position":3,"name":"&#8221;\u015e\u0259hid pulu qar\u015f\u0131ma sip\u0259r kimi \u00e7\u0259kilir&#8221;"}]},{"@type":"WebSite","@id":"https:\/\/www.meydan.tv\/az\/#website","url":"https:\/\/www.meydan.tv\/az\/","name":"MEYDAN.TV","description":"Meydan TV Az\u0259rbaycan\u0131n media m\u0259kan\u0131ndak\u0131 alternativ s\u0259sidir","publisher":{"@id":"https:\/\/www.meydan.tv\/az\/#organization"},"potentialAction":[{"@type":"SearchAction","target":{"@type":"EntryPoint","urlTemplate":"https:\/\/www.meydan.tv\/az\/?s={search_term_string}"},"query-input":{"@type":"PropertyValueSpecification","valueRequired":true,"valueName":"search_term_string"}}],"inLanguage":"az"},{"@type":"Organization","@id":"https:\/\/www.meydan.tv\/az\/#organization","name":"Meydan TV","url":"https:\/\/www.meydan.tv\/az\/","logo":{"@type":"ImageObject","inLanguage":"az","@id":"https:\/\/www.meydan.tv\/az\/#\/schema\/logo\/image\/","url":"https:\/\/www.meydan.tv\/wp-content\/uploads\/2021\/07\/meydan-logo.svg","contentUrl":"https:\/\/www.meydan.tv\/wp-content\/uploads\/2021\/07\/meydan-logo.svg","width":195,"height":46,"caption":"Meydan TV"},"image":{"@id":"https:\/\/www.meydan.tv\/az\/#\/schema\/logo\/image\/"}},{"@type":"Person","@id":"https:\/\/www.meydan.tv\/az\/#\/schema\/person\/10d11eccf6da3662cf5fdab9806ea91a","name":"user-manager"}]}},"_links":{"self":[{"href":"https:\/\/www.meydan.tv\/az\/wp-json\/wp\/v2\/posts\/191471","targetHints":{"allow":["GET"]}}],"collection":[{"href":"https:\/\/www.meydan.tv\/az\/wp-json\/wp\/v2\/posts"}],"about":[{"href":"https:\/\/www.meydan.tv\/az\/wp-json\/wp\/v2\/types\/post"}],"author":[{"embeddable":true,"href":"https:\/\/www.meydan.tv\/az\/wp-json\/wp\/v2\/users\/11"}],"replies":[{"embeddable":true,"href":"https:\/\/www.meydan.tv\/az\/wp-json\/wp\/v2\/comments?post=191471"}],"version-history":[{"count":0,"href":"https:\/\/www.meydan.tv\/az\/wp-json\/wp\/v2\/posts\/191471\/revisions"}],"wp:featuredmedia":[{"embeddable":true,"href":"https:\/\/www.meydan.tv\/az\/wp-json\/wp\/v2\/media\/108790"}],"wp:attachment":[{"href":"https:\/\/www.meydan.tv\/az\/wp-json\/wp\/v2\/media?parent=191471"}],"wp:term":[{"taxonomy":"category","embeddable":true,"href":"https:\/\/www.meydan.tv\/az\/wp-json\/wp\/v2\/categories?post=191471"},{"taxonomy":"post_tag","embeddable":true,"href":"https:\/\/www.meydan.tv\/az\/wp-json\/wp\/v2\/tags?post=191471"}],"curies":[{"name":"wp","href":"https:\/\/api.w.org\/{rel}","templated":true}]}}