{"id":191466,"date":"2018-08-30T21:22:16","date_gmt":"2018-08-30T21:22:16","guid":{"rendered":"https:\/\/www.meydan.tv\/article\/ilqar-memmedovun-elindeki-balta\/"},"modified":"2018-08-30T21:22:16","modified_gmt":"2018-08-30T21:22:16","slug":"ilqar-memmedovun-elindeki-balta","status":"publish","type":"post","link":"https:\/\/www.meydan.tv\/az\/article\/ilqar-memmedovun-elindeki-balta\/","title":{"rendered":"\u0130lqar M\u0259mm\u0259dovun \u0259lind\u0259ki balta&#8230;"},"content":{"rendered":"<figure class=\"wp-block-image size-large\">\n  <img decoding=\"async\" src=\"https:\/\/www.meydan.tv\/az\/ilqar-memmedov-9\/\" alt=\"\u0130lqar M\u0259mm\u0259dov\" class=\"wp-image-107826\"\/><figcaption>\n    \u0130lqar M\u0259mm\u0259dov<br \/>\n  <\/figcaption><\/figure>\n<p>\n  Biz ist\u0259s\u0259k d\u0259, ist\u0259m\u0259s\u0259k d\u0259, din insanlar\u0131n d\u00fcnyag\u00f6r\u00fc\u015f\u00fcn\u00fcn formala\u015fmas\u0131nda m\u00fch\u00fcm rola malikdir v\u0259 m\u0259hz bu s\u0259b\u0259bd\u0259n d\u0259 bir \u00e7ox siyasi konsepsiyan\u0131n izahat\u0131nda bu institutdan istifad\u0259 etm\u0259k m\u00fcmk\u00fcnd\u00fcr. H\u0259tta d\u00fc\u015f\u00fcn\u00fcr\u0259m ki, vacibdir. Bel\u0259 olan halda insanlar \u0259n m\u00fcr\u0259kk\u0259b siyasi konsepsiyan\u0131 daha rahat g\u00f6r\u0259 v\u0259 q\u0259bul ed\u0259 bilirl\u0259r. Dinin v\u0259 ya insanlar\u0131n inanc\u0131n\u0131n inki\u015faf tarixin\u0259 baxsaq g\u00f6r\u0259rik ki, insanlar \u0259vv\u0259l g\u00fcn\u0259\u015f, ay v\u0259 od kimi t\u0259bi\u0259t hadis\u0259l\u0259rin\u0259 inan\u0131rd\u0131lar. Bunun s\u0259b\u0259bini yaln\u0131z insanlar\u0131n t\u0259bii hadis\u0259l\u0259r qar\u015f\u0131s\u0131nda acizliyi il\u0259 izah etm\u0259k olmaz. Burada eyni zamanda insanlar\u0131n h\u0259min fenomenl\u0259ri g\u00f6zl\u0259 g\u00f6rm\u0259l\u0259ri v\u0259 hiss etm\u0259l\u0259ri d\u0259 vacib rol oynay\u0131r. Yarad\u0131c\u0131 q\u00fcvv\u0259 kimi m\u00fcc\u0259rr\u0259d olan varl\u0131q daha b\u0259sit elementl\u0259rl\u0259 v\u0259 o c\u00fcml\u0259d\u0259n \u0259ll\u0259 d\u00fcz\u0259ldilmi\u015f b\u00fctl\u0259rl\u0259 d\u0259rk edilm\u0259kd\u0259 idi. Qurana istinad ed\u0259r\u0259k, \u0130brahim pey\u011f\u0259mb\u0259r b\u00fctl\u0259ri da\u011f\u0131daraq inanc\u0131 daha m\u00fcc\u0259rr\u0259d olan bir pill\u0259y\u0259 qald\u0131rd\u0131. \u0130slam\u0131n geni\u015f bir co\u011frafiyaya yay\u0131la bilm\u0259sinin s\u0259b\u0259bl\u0259rind\u0259n biri d\u0259 onun b\u00fct\u00fcn cisim v\u0259 \u0259\u015fyalardan azad edilm\u0259si idi. M\u00fcc\u0259rr\u0259d olan bir dinin g\u00fcc\u00fc ondan ibar\u0259tdir ki, o, Allah haqq\u0131nda t\u0259s\u0259vv\u00fcrl\u0259ri h\u0259r k\u0259sin beynind\u0259 onun inanc\u0131na v\u0259 z\u00f6vq\u00fcn\u0259 uy\u011fun formala\u015fd\u0131rd\u0131 v\u0259 n\u0259tic\u0259d\u0259 yarad\u0131c\u0131 q\u00fcvv\u0259 olan vahid Allah h\u0259r k\u0259sin \u00f6z Allah\u0131na \u00e7evrildi. \u0130nsanlar onunla dan\u0131\u015f\u0131r, d\u0259rdl\u0259\u015fir v\u0259 fikirl\u0259rini payla\u015f\u0131rlar.\n<\/p>\n<p>\n  <br \/>\n  T\u0259kc\u0259 dinin deyil, ideologiyan\u0131n da m\u00fcc\u0259rr\u0259d olmas\u0131 onun geni\u015f k\u00fctl\u0259y\u0259 yay\u0131la bilm\u0259 ehtimal\u0131n\u0131 \u00e7oxald\u0131r. Bu ideologiyaya inanan insanlar h\u0259min ideologiyan\u0131n \u0259sas konsepsiyalar\u0131n\u0131 \u00f6z\u00fcnk\u00fcl\u0259\u015fdirir v\u0259 \u00f6zl\u0259rin\u0259 m\u0259xsus bir h\u0259qiq\u0259t kimi q\u0259bul edirl\u0259r. Bu h\u0259qiq\u0259tl\u0259ri m\u00fcdafi\u0259 etm\u0259k \u00fc\u00e7\u00fcn \u00f6l\u00fcm\u0259 bel\u0259 gedirl\u0259r. Bu m\u0259qs\u0259dl\u0259 tarix\u0259 n\u0259z\u0259r salsaq g\u00f6r\u0259rik ki, ideologiyalar\u0131n olmad\u0131\u011f\u0131 bir d\u00f6vrl\u0259rd\u0259 siyasi prosesl\u0259r krallar v\u0259 onlar\u0131n yaratd\u0131qlar\u0131 \u015f\u0259xsiyy\u0259t\u0259 p\u0259r\u0259sti\u015flik \u00fcz\u0259rind\u0259n c\u0259r\u0259yan edirdi. M\u00fcharib\u0259l\u0259r \u0259sas\u0259n bu \u015f\u0259xsl\u0259rin ist\u0259yi v\u0259 ambisiyalar\u0131na g\u00f6r\u0259 ba\u015f tuturdu. Dinin m\u00fcc\u0259rr\u0259dl\u0259\u015fm\u0259si, \u015f\u0259xsl\u0259rd\u0259n v\u0259 \u0259\u015fyalardan uzaqla\u015fmas\u0131 fonunda geni\u015f k\u00fctl\u0259y\u0259 \u00e7\u0131xa bilm\u0259si \u0259srl\u0259r boyu b\u00f6y\u00fck imperialar\u0131n siyasi al\u0259tin\u0259 \u00e7evrildi. Lakin buna baxmayaraq, m\u00fc\u0259yy\u0259n zamandan sonra Q\u0259rb c\u0259miyy\u0259tind\u0259 din yenid\u0259n abstrakt hal\u0131ndan \u00e7\u0131xaraq, f\u0259rd v\u0259 simvol formas\u0131na d\u00fc\u015fd\u00fc v\u0259 yerini siyasi ideologiyalara verm\u0259y\u0259 ba\u015flad\u0131.\n<\/p>\n<p>\n  \u0130deologiyan\u0131n abstrakt olmas\u0131 s\u00fcr\u0259tl\u0259 s\u0259rh\u0259dl\u0259ri a\u015faraq d\u00fcnyan\u0131n super g\u00fccl\u0259rini bel\u0259 \u00e7\u0131x\u0131lmaz v\u0259ziyy\u0259t\u0259 sala bildi. D\u00fcnya siyas\u0259tin\u0259 h\u00f6kmranl\u0131q ed\u0259n AB\u015e v\u0259 SSR\u0130 bir-birl\u0259rinin h\u0259rbi g\u00fcc\u00fcnd\u0259n daha \u00e7ox idealoji t\u0259bli\u011fat\u0131ndan qorxurdular. S\u0259b\u0259b is\u0259 \u00e7ox sad\u0259 idi. \u0130dealogiya fiziki s\u0259rh\u0259d tan\u0131madan beyinl\u0259rd\u0259 s\u00fcr\u0259tl\u0259 yay\u0131l\u0131rd\u0131. SSR\u0130-nin soyuq m\u00fcharib\u0259ni uduzmas\u0131n\u0131n \u0259sas s\u0259b\u0259bl\u0259rind\u0259n biri d\u0259 idealogiyan\u0131n \u015f\u0259xsiyy\u0259t\u0259 p\u0259r\u0259sti\u015flikl\u0259 \u0259v\u0259zl\u0259nm\u0259si oldu v\u0259 n\u0259tic\u0259d\u0259 SSR\u0130-d\u0259 marksizm v\u0259 ya sosializm yerini stalinizm\u0259 verdi. AB\u015e-da is\u0259 tam \u0259ksin\u0259, siyasi liderl\u0259r \u015f\u0259xsiyy\u0259tl\u0259rini deyil, m\u00fcdafi\u0259 etdikl\u0259ri ideologiyalar\u0131 v\u0259 d\u0259y\u0259rl\u0259ri qaba\u011fa verdil\u0259r v\u0259 q\u0259l\u0259b\u0259ni d\u0259 ideologiyan\u0131n aya\u011f\u0131na yazd\u0131lar.<\/p>\n<p>  SSR\u0130-nin t\u0259rkibind\u0259 70 illik d\u00f6vr v\u0259 m\u00fcst\u0259qillikd\u0259n sonra \u0130ran\u0131n dini t\u0259siri alt\u0131na d\u00fc\u015fm\u0259yimiz bizim bu x\u0259st\u0259liy\u0259 yoluxma\u011f\u0131m\u0131za s\u0259b\u0259b oldu. SSR\u0130 d\u00f6vr\u00fcnd\u0259ki \u015f\u0259xsiyy\u0259t\u0259 p\u0259r\u0259sti\u015flik h\u0259r k\u0259s\u0259 m\u0259lumdur dey\u0259 onun \u00fcz\u0259rind\u0259 durmuram. \u0130randa dinin \u015f\u0259xsiyy\u0259t\u0259 p\u0259r\u0259sti\u015flik \u00fcz\u0259rind\u0259 qurulmas\u0131 problemi daha da d\u0259rinl\u0259\u015fdirir. \u0130mam H\u00fcseyn \u00f6z \u015f\u0259xsiyy\u0259tini ideal bildiyi ideyalar u\u011frunda qurban verir, biz is\u0259 onun \u00f6z\u00fcn\u00fcn idealla\u015fd\u0131rd\u0131\u011f\u0131 d\u0259y\u0259rl\u0259ri deyil, onun \u015f\u0259xsiyy\u0259tini idealla\u015fd\u0131rd\u0131q. D\u00fc\u015f\u00fcnm\u00fcr\u00fck ki, \u0259dal\u0259tsizliy\u0259 qar\u015f\u0131 m\u00fcbariz\u0259 aparmaq g\u00f6r\u00fcn nec\u0259 ali bir d\u0259y\u0259rdir ki, m\u00fcq\u0259dd\u0259s sayd\u0131\u011f\u0131m\u0131z \u0130mam H\u00fcseyn bel\u0259 \u00f6z \u015f\u0259xsiyy\u0259tini v\u0259 sevdikl\u0259rini onun u\u011frunda qurban verdi.\n<\/p>\n<p>\n  \u0130randa h\u0259tta m\u00fcasir dini liderl\u0259r bel\u0259 insanlar\u0131n dini inanc\u0131ndan istifad\u0259 ed\u0259r\u0259k \u015f\u0259xsiyy\u0259t\u0259 p\u0259r\u0259sti\u015fliyi v\u0259 dini liderl\u0259rin toxunulmazl\u0131\u011f\u0131n\u0131 t\u0259min ed\u0259 bilibl\u0259r. M\u00fcasir dini liderl\u0259ri n\u0259inki \u0130randa, he\u00e7 Az\u0259rbaycanda t\u0259nqid etm\u0259k qeyri-m\u00fcmk\u00fcnd\u00fcr.<\/p>\n<p>  Bu, bizim siyas\u0259t\u0259 olan bax\u0131\u015f\u0131m\u0131za da t\u0259sirsiz \u00f6t\u00fc\u015fm\u0259yib. SSR\u0130-nin v\u0259 o c\u00fcml\u0259d\u0259n stalinizmin da\u011f\u0131lmas\u0131 Az\u0259rbaycanda Heyd\u0259r \u018fliyevin \u015f\u0259xsiyy\u0259ti \u00fcz\u0259rind\u0259 qurulmu\u015f heyd\u0259rizm ideologiyas\u0131 s\u00fcni \u015f\u0259kild\u0259 v\u0259 siyasi hakimiyy\u0259t t\u0259r\u0259find\u0259n zorla formala\u015fd\u0131r\u0131lma\u011fa ba\u015flad\u0131. \u00d6lk\u0259 boyu ucald\u0131lan heyk\u0259ll\u0259r, Heyd\u0259r \u018fliyev ad\u0131n\u0131 da\u015f\u0131yan parklar, m\u0259rk\u0259zl\u0259r, k\u00fc\u00e7\u0259 v\u0259 hava liman\u0131 siyasi m\u00fcbariz\u0259 m\u00fcst\u0259visin\u0259 ciddi t\u0259sir g\u00f6st\u0259rdi. Heyd\u0259r \u018fliyevin \u015f\u0259xsiyy\u0259tin\u0259 qar\u015f\u0131 m\u00fcxalif\u0259t d\u00fc\u015f\u0259rg\u0259sind\u0259 ideyalar deyil, \u015f\u0259xs v\u0259 \u015f\u0259xsiyy\u0259tl\u0259r populyarl\u0131q qazanma\u011fa ba\u015flad\u0131. M\u00fcxalif\u0259tin buraxd\u0131\u011f\u0131 \u0259n b\u00f6y\u00fck s\u0259hv d\u0259 ordan ba\u015flad\u0131 v\u0259 h\u0259r k\u0259s ata \u018fliyevin oyununa g\u0259ldi. \u018fliyeva qar\u015f\u0131 Lal\u0259 \u015e\u00f6vk\u0259t, Etibar M\u0259mm\u0259dov, \u0130sa G\u0259mb\u0259r v\u0259 bu komandan\u0131n sonuncu ulduzu \u018fli K\u0259rimli tan\u0131nma\u011fa ba\u015flad\u0131. He\u00e7 birinin ideyas\u0131 \u015f\u0259xsiyy\u0259tind\u0259n populyar ola bilm\u0259di. 2003-c\u00fc ild\u0259 d\u0259 m\u00fcbariz\u0259 ideyalar u\u011frunda deyil, \u015f\u0259xsiyy\u0259tl\u0259r \u2013 \u0130sa Q\u0259mb\u0259r, Etibar M\u0259mm\u0259dov v\u0259 R\u0259sul Quliyev \u2013 aras\u0131nda getdi. Q\u0259rb c\u0259miyy\u0259tl\u0259rind\u0259ki siyasi m\u00fcst\u0259vini is\u0259 \u015f\u0259xsl\u0259r deyil \u201csosial demokratiya\u201d, \u201cliberalizm\u201d v\u0259 \u201cxristian demokratiya\u201d kimi ideoloji konsepsiyalar z\u0259bt etm\u0259y\u0259 ba\u015flad\u0131.<\/p>\n<p>  Siyasi ideologiyalar\u0131n \u015f\u0259xsiyy\u0259t\u0259 p\u0259r\u0259sti\u015flikd\u0259n \u0259sas f\u0259rqi ondan ibar\u0259tdir bu ideologiyalar xalq\u0131n xo\u015fb\u0259xtliyi \u00fc\u00e7\u00fcn f\u0259rqli metodlar t\u0259klif edir, \u015f\u0259xsiyy\u0259t\u0259 p\u0259r\u0259sti\u015flik is\u0259 qul psixologiyas\u0131n\u0131 formala\u015fd\u0131r\u0131r. \u0130deologiyalar\u0131n da\u015f\u0131y\u0131c\u0131lar\u0131 m\u00fcbariz insanlara \u00e7evrildiyi zaman, \u015f\u0259xsiyy\u0259t\u0259 p\u0259r\u0259sti\u015f ed\u0259nl\u0259r is\u0259 k\u00f6l\u0259 psixologiyas\u0131 il\u0259 idar\u0259 olunma\u011fa ba\u015flad\u0131lar. Bu insanlara ideologiyalar v\u0259 onlar\u0131n d\u0259y\u0259rl\u0259ri t\u0259bli\u011f olunmad\u0131\u011f\u0131 \u00fc\u00e7\u00fcn onlar siyas\u0259t\u0259 abstrakt yana\u015fman\u0131 ortaya qoya bilm\u0259dil\u0259r v\u0259 n\u0259tic\u0259d\u0259 ideya deyil, \u015f\u0259xs v\u0259 ya lider arzulama\u011fa ba\u015flad\u0131lar. Liberalizm, \u0259dal\u0259t v\u0259 azadl\u0131\u011f\u0131 g\u00f6rm\u0259k \u00fc\u00e7\u00fcn onu t\u0259qdim ed\u0259n \u015f\u0259xsi g\u00f6rm\u0259kl\u0259 kifay\u0259tl\u0259ndil\u0259r. \u00c7\u00fcnki qeyd etdiyim ideya v\u0259 d\u0259y\u0259rl\u0259r abstrakt d\u00fc\u015f\u00fcnc\u0259 t\u0259l\u0259b edir, onu g\u00f6rm\u0259k \u00fc\u00e7\u00fcn d\u00fc\u015f\u00fcnm\u0259k v\u0259 analiz etm\u0259k laz\u0131md\u0131r. F\u0259rdi g\u00f6rm\u0259k is\u0259 \u00e7ox asand\u0131, ona t\u0259r\u0259f baxmaq kifay\u0259t edir. T\u0259\u0259ss\u00fcfl\u0259r olsun ki, lider sayd\u0131qlar\u0131 insan\u0131 da bos v\u0259 ya m\u00fcdir kimi q\u0259bul edirl\u0259r. Burda da \u015f\u0259xsiyy\u0259t\u0259 p\u0259r\u0259sti\u015flik \u00f6z t\u0259sirini g\u00f6st\u0259rir.<\/p>\n<p>  ReAL\u0131n h\u0259r\u0259kat olaraq yaranmas\u0131 ilk d\u0259f\u0259 olaraq siyasi m\u00fcbariz\u0259ni \u015f\u0259xsiyy\u0259td\u0259n ay\u0131rd\u0131 v\u0259 \u201cc\u00fcmhuriyy\u0259t\u00e7ilik\u201d ideyalar\u0131 m\u00fcst\u0259visin\u0259 qald\u0131rd\u0131. Lakin \u0130lqar M\u0259mm\u0259dovun h\u0259bsi v\u0259 bununla ba\u011fl\u0131 qazand\u0131\u011f\u0131 populyarl\u0131q \u00f6z\u00fcn\u00fcn u\u011frunda azadl\u0131\u011f\u0131ndan ke\u00e7diyi d\u0259y\u0259rl\u0259ri k\u00f6lg\u0259d\u0259 saxlad\u0131 v\u0259 \u00f6z\u00fcnd\u0259n as\u0131l\u0131 olmayaraq yen\u0259 d\u0259 siyasi m\u00fcbariz\u0259 \u015f\u0259xsiyy\u0259tin \u00fcz\u0259rind\u0259 formala\u015fd\u0131. B\u0259lk\u0259 d\u0259 hakimiyy\u0259tin ist\u0259yi d\u0259 bu idi. \u0130ndi b\u00f6y\u00fck \u0259ks\u0259riyy\u0259t \u0130lqar M\u0259mm\u0259dovdan \u00e7\u0131x\u0131\u015f yolu g\u00f6zl\u0259yir. Bu g\u00f6zl\u0259ntil\u0259r do\u011frulmayaca\u011f\u0131 t\u0259qdird\u0259 t\u0259kc\u0259 \u0130lqar M\u0259mm\u0259dova deyil, b\u00fct\u00fcn siyasi m\u00fcbariz\u0259y\u0259 z\u0259rb\u0259 olacaq v\u0259 insanlar b\u00f6y\u00fck x\u0259yal q\u0131r\u0131ql\u0131\u011f\u0131na u\u011frayacaqlar.<\/p>\n<p>  Bu v\u0259ziyy\u0259td\u0259 \u0130lqar M\u0259mm\u0259dovun ata bil\u0259c\u0259yi add\u0131mlar \u00e7ox m\u0259hduddur. H\u0259r bir add\u0131m\u0131n da \u00f6z\u00fcn\u0259 g\u00f6r\u0259 x\u0259rci var. Az\u0259rbaycan reall\u0131qlar\u0131n\u0131 n\u0259z\u0259r\u0259 alsaq, \u0130lqar M\u0259mm\u0259dovun ata bil\u0259c\u0259yi 3 add\u0131m\u0131 xarakteriz\u0259 etm\u0259k olar.<\/p>\n<p>  1. Aktiv siyasi m\u00fcbariz\u0259y\u0259 ba\u015flamaq v\u0259 \u00f6lk\u0259d\u0259 siyasi kapital formala\u015fd\u0131rmaq. Bu, hakimiyy\u0259t \u00fc\u00e7\u00fcn \u0259n arzuolunmaz se\u00e7imdir v\u0259 bunun c\u0259zas\u0131 \u00e7ox s\u0259rt olacaq.<br \/>\n  <br \/>\n  2. Klassik m\u00fcxalif\u0259tin getdiyi yolu getm\u0259k. Y\u0259ni, hakimiyy\u0259ti gec\u0259-g\u00fcnd\u00fcz t\u0259nqid etm\u0259k v\u0259 arada bir mitinq t\u0259\u015fkil edib g\u0259rginliyi aradan qald\u0131rmaq. Bu, hakimiyy\u0259t \u00fc\u00e7\u00fcn \u0259n ideal yoldur v\u0259 hakimiyy\u0259t\u0259 tam imkan verir ki, Az\u0259rbaycan\u0131 xaricd\u0259 demokratik bir d\u00f6vl\u0259t kimi t\u0259bli\u011f ed\u0259 bilsin.<br \/>\n  <br \/>\n  3. Xaric\u0259 g\u0259lm\u0259k. Bu, xalq \u00fc\u00e7\u00fcn \u0259n ideal variantd\u0131r. Lakin hakimiyy\u0259tin buna imkan verm\u0259 ehtimal\u0131 \u00e7ox azd\u0131r.<\/p>\n<p>  B\u00fct\u00fcn bunlara baxmayaraq, d\u00fc\u015f\u00fcn\u00fcr\u0259m ki, \u0130lqar M\u0259mm\u0259dovun daha bir se\u00e7imi var. M\u0259qal\u0259ni \u0130brahim pey\u011f\u0259mb\u0259rin balta olay\u0131 il\u0259 t\u0259sad\u00fcf\u0259n ba\u015flamad\u0131m. \u0130lqar M\u0259mm\u0259dovun \u015f\u0259xsiyy\u0259t olaraq son d\u0259r\u0259c\u0259 populyar olmas\u0131 onun \u0259lin\u0259 \u015f\u0259xsiyy\u0259t\u0259 p\u0259r\u0259sti\u015fliy\u0259 sars\u0131d\u0131c\u0131 z\u0259rb\u0259 endirm\u0259k \u00fc\u00e7\u00fcn iti bir balta verib. O, bundan istifad\u0259 ed\u0259r\u0259k \u00f6z\u00fcn\u0259 qar\u015f\u0131 olan g\u00f6zl\u0259ntil\u0259ri \u00f6z\u00fcn\u00fcn d\u0259 m\u00fcdafi\u0259 etdiyi d\u0259y\u0259rl\u0259r\u0259 v\u0259 ideyalara t\u0259r\u0259f y\u00f6n\u0259ltm\u0259lidir. Bunun \u00fc\u00e7\u00fcn sad\u0259c\u0259 xalqla s\u0259mimi olmaq laz\u0131md\u0131r. Xalqa dem\u0259k laz\u0131md\u0131r: \u201cSiz\u0259 d\u0259yi\u015fikliyi m\u0259n deyil, c\u00fcmhuriyy\u0259t\u00e7ilik ideyalar\u0131 g\u0259tir\u0259c\u0259k. 6 illik h\u0259bs c\u0259zas\u0131 bel\u0259 m\u0259nim bu ideyalara sadiqliyimi sars\u0131da bilm\u0259di. M\u0259n xo\u015fb\u0259xtliyin bu ideyalarla g\u0259l\u0259c\u0259yin\u0259 inan\u0131ram. Biz bundan sonra da bu ideyalar\u0131n geni\u015f toplum t\u0259r\u0259find\u0259n q\u0259bul edilm\u0259si \u00fc\u00e7\u00fcn \u0259limizd\u0259n g\u0259l\u0259ni ed\u0259rik. Ya\u015fas\u0131n c\u00fcmhuriyy\u0259t\u00e7ilik\u201d. Bu d\u0259yi\u015fiklikl\u0259 ba\u011fl\u0131 b\u00fct\u00fcn m\u0259suliyy\u0259ti \u015f\u0259xsd\u0259n xalqa \u00f6t\u00fcr\u00fcr v\u0259 \u015f\u0259xsi populyarl\u0131q ideyaya transfer olunur. \u018fg\u0259r \u0130lqar M\u0259mm\u0259dov bu \u0259zb\u0259ri pozmayacaqsa v\u0259 siyasi m\u00fcbariz\u0259sini \u015f\u0259xsi populyarl\u0131\u011f\u0131 \u00fcz\u0259rind\u0259 qurub \u0259sass\u0131z v\u0259dl\u0259r ver\u0259c\u0259ks\u0259, bu balta ba\u015fqas\u0131n\u0131n \u0259lin\u0259 ke\u00e7\u0259c\u0259k v\u0259 \u0130lqar M\u0259mm\u0259dov da \u00f6z\u00fcnd\u0259n \u00f6nc\u0259 g\u0259l\u0259n siyasil\u0259rin taleyini ya\u015fayacaq.\n<\/p>\n<p>\n  <b><br \/>\n    <i><br \/>\n      Yaz\u0131 m\u00fc\u0259llifin fikirl\u0259rini \u0259ks etdirir v\u0259 Meydan TV-nin m\u00f6vqeyi il\u0259 \u00fcst-\u00fcst\u0259 d\u00fc\u015fm\u0259y\u0259 bil\u0259r.<br \/>\n    <\/i><br \/>\n  <\/b><\/p>\n","protected":false},"excerpt":{"rendered":"<p>Biz ist\u0259s\u0259k d\u0259, ist\u0259m\u0259s\u0259k d\u0259, din insanlar\u0131n d\u00fcnyag\u00f6r\u00fc\u015f\u00fcn\u00fcn formala\u015fmas\u0131nda m\u00fch\u00fcm rola malikdir<\/p>\n","protected":false},"author":11,"featured_media":107826,"comment_status":"closed","ping_status":"open","sticky":false,"template":"","format":"standard","meta":{"_acf_changed":false,"_sitemap_exclude":false,"_sitemap_priority":"","_sitemap_frequency":"","footnotes":""},"categories":[57],"tags":[],"class_list":["post-191466","post","type-post","status-publish","format-standard","has-post-thumbnail","hentry","category-menim-fikrimce","infinite-scroll-item","generate-columns","tablet-grid-50","mobile-grid-100","grid-parent","grid-33","no-featured-image-padding"],"acf":[],"yoast_head":"<!-- This site is optimized with the Yoast SEO plugin v27.4 - https:\/\/yoast.com\/product\/yoast-seo-wordpress\/ -->\n<title>\u0130lqar M\u0259mm\u0259dovun \u0259lind\u0259ki balta... - MEYDAN.TV<\/title>\n<meta name=\"robots\" content=\"index, follow, max-snippet:-1, max-image-preview:large, max-video-preview:-1\" \/>\n<link rel=\"canonical\" href=\"https:\/\/www.meydan.tv\/az\/article\/ilqar-memmedovun-elindeki-balta\/\" \/>\n<meta property=\"og:locale\" content=\"az_AZ\" \/>\n<meta property=\"og:type\" content=\"article\" \/>\n<meta property=\"og:title\" content=\"\u0130lqar M\u0259mm\u0259dovun \u0259lind\u0259ki balta... - MEYDAN.TV\" \/>\n<meta property=\"og:description\" content=\"Biz ist\u0259s\u0259k d\u0259, ist\u0259m\u0259s\u0259k d\u0259, din insanlar\u0131n d\u00fcnyag\u00f6r\u00fc\u015f\u00fcn\u00fcn formala\u015fmas\u0131nda m\u00fch\u00fcm rola malikdir\" \/>\n<meta property=\"og:url\" content=\"https:\/\/www.meydan.tv\/az\/article\/ilqar-memmedovun-elindeki-balta\/\" \/>\n<meta property=\"og:site_name\" content=\"MEYDAN.TV\" \/>\n<meta property=\"article:published_time\" content=\"2018-08-30T21:22:16+00:00\" \/>\n<meta property=\"og:image\" content=\"https:\/\/www.meydan.tv\/wp-content\/uploads\/42839.jpg\" \/>\n\t<meta property=\"og:image:width\" content=\"1500\" \/>\n\t<meta property=\"og:image:height\" content=\"1000\" \/>\n\t<meta property=\"og:image:type\" content=\"image\/jpeg\" \/>\n<meta name=\"author\" content=\"user-manager\" \/>\n<meta name=\"twitter:card\" content=\"summary_large_image\" \/>\n<script type=\"application\/ld+json\" class=\"yoast-schema-graph\">{\"@context\":\"https:\\\/\\\/schema.org\",\"@graph\":[{\"@type\":\"Article\",\"@id\":\"https:\\\/\\\/www.meydan.tv\\\/az\\\/article\\\/ilqar-memmedovun-elindeki-balta\\\/#article\",\"isPartOf\":{\"@id\":\"https:\\\/\\\/www.meydan.tv\\\/az\\\/article\\\/ilqar-memmedovun-elindeki-balta\\\/\"},\"author\":{\"name\":\"user-manager\",\"@id\":\"https:\\\/\\\/www.meydan.tv\\\/az\\\/#\\\/schema\\\/person\\\/10d11eccf6da3662cf5fdab9806ea91a\"},\"headline\":\"\u0130lqar M\u0259mm\u0259dovun \u0259lind\u0259ki balta&#8230;\",\"datePublished\":\"2018-08-30T21:22:16+00:00\",\"mainEntityOfPage\":{\"@id\":\"https:\\\/\\\/www.meydan.tv\\\/az\\\/article\\\/ilqar-memmedovun-elindeki-balta\\\/\"},\"wordCount\":1953,\"publisher\":{\"@id\":\"https:\\\/\\\/www.meydan.tv\\\/az\\\/#organization\"},\"image\":{\"@id\":\"https:\\\/\\\/www.meydan.tv\\\/az\\\/article\\\/ilqar-memmedovun-elindeki-balta\\\/#primaryimage\"},\"thumbnailUrl\":\"https:\\\/\\\/www.meydan.tv\\\/wp-content\\\/uploads\\\/42839.jpg\",\"articleSection\":[\"M\u0259nim Fikrimc\u0259\"],\"inLanguage\":\"az\"},{\"@type\":\"WebPage\",\"@id\":\"https:\\\/\\\/www.meydan.tv\\\/az\\\/article\\\/ilqar-memmedovun-elindeki-balta\\\/\",\"url\":\"https:\\\/\\\/www.meydan.tv\\\/az\\\/article\\\/ilqar-memmedovun-elindeki-balta\\\/\",\"name\":\"\u0130lqar M\u0259mm\u0259dovun \u0259lind\u0259ki balta... - MEYDAN.TV\",\"isPartOf\":{\"@id\":\"https:\\\/\\\/www.meydan.tv\\\/az\\\/#website\"},\"primaryImageOfPage\":{\"@id\":\"https:\\\/\\\/www.meydan.tv\\\/az\\\/article\\\/ilqar-memmedovun-elindeki-balta\\\/#primaryimage\"},\"image\":{\"@id\":\"https:\\\/\\\/www.meydan.tv\\\/az\\\/article\\\/ilqar-memmedovun-elindeki-balta\\\/#primaryimage\"},\"thumbnailUrl\":\"https:\\\/\\\/www.meydan.tv\\\/wp-content\\\/uploads\\\/42839.jpg\",\"datePublished\":\"2018-08-30T21:22:16+00:00\",\"breadcrumb\":{\"@id\":\"https:\\\/\\\/www.meydan.tv\\\/az\\\/article\\\/ilqar-memmedovun-elindeki-balta\\\/#breadcrumb\"},\"inLanguage\":\"az\",\"potentialAction\":[{\"@type\":\"ReadAction\",\"target\":[\"https:\\\/\\\/www.meydan.tv\\\/az\\\/article\\\/ilqar-memmedovun-elindeki-balta\\\/\"]}]},{\"@type\":\"ImageObject\",\"inLanguage\":\"az\",\"@id\":\"https:\\\/\\\/www.meydan.tv\\\/az\\\/article\\\/ilqar-memmedovun-elindeki-balta\\\/#primaryimage\",\"url\":\"https:\\\/\\\/www.meydan.tv\\\/wp-content\\\/uploads\\\/42839.jpg\",\"contentUrl\":\"https:\\\/\\\/www.meydan.tv\\\/wp-content\\\/uploads\\\/42839.jpg\",\"width\":1500,\"height\":1000,\"caption\":\"Source:\"},{\"@type\":\"BreadcrumbList\",\"@id\":\"https:\\\/\\\/www.meydan.tv\\\/az\\\/article\\\/ilqar-memmedovun-elindeki-balta\\\/#breadcrumb\",\"itemListElement\":[{\"@type\":\"ListItem\",\"position\":1,\"name\":\"Ana s\u0259hif\u0259\",\"item\":\"https:\\\/\\\/www.meydan.tv\\\/az\\\/\"},{\"@type\":\"ListItem\",\"position\":2,\"name\":\"M\u0259nim Fikrimc\u0259\",\"item\":\"https:\\\/\\\/www.meydan.tv\\\/az\\\/section\\\/menim-fikrimce\\\/\"},{\"@type\":\"ListItem\",\"position\":3,\"name\":\"\u0130lqar M\u0259mm\u0259dovun \u0259lind\u0259ki balta&#8230;\"}]},{\"@type\":\"WebSite\",\"@id\":\"https:\\\/\\\/www.meydan.tv\\\/az\\\/#website\",\"url\":\"https:\\\/\\\/www.meydan.tv\\\/az\\\/\",\"name\":\"MEYDAN.TV\",\"description\":\"Meydan TV Az\u0259rbaycan\u0131n media m\u0259kan\u0131ndak\u0131 alternativ s\u0259sidir\",\"publisher\":{\"@id\":\"https:\\\/\\\/www.meydan.tv\\\/az\\\/#organization\"},\"potentialAction\":[{\"@type\":\"SearchAction\",\"target\":{\"@type\":\"EntryPoint\",\"urlTemplate\":\"https:\\\/\\\/www.meydan.tv\\\/az\\\/?s={search_term_string}\"},\"query-input\":{\"@type\":\"PropertyValueSpecification\",\"valueRequired\":true,\"valueName\":\"search_term_string\"}}],\"inLanguage\":\"az\"},{\"@type\":\"Organization\",\"@id\":\"https:\\\/\\\/www.meydan.tv\\\/az\\\/#organization\",\"name\":\"Meydan TV\",\"url\":\"https:\\\/\\\/www.meydan.tv\\\/az\\\/\",\"logo\":{\"@type\":\"ImageObject\",\"inLanguage\":\"az\",\"@id\":\"https:\\\/\\\/www.meydan.tv\\\/az\\\/#\\\/schema\\\/logo\\\/image\\\/\",\"url\":\"https:\\\/\\\/www.meydan.tv\\\/wp-content\\\/uploads\\\/2021\\\/07\\\/meydan-logo.svg\",\"contentUrl\":\"https:\\\/\\\/www.meydan.tv\\\/wp-content\\\/uploads\\\/2021\\\/07\\\/meydan-logo.svg\",\"width\":195,\"height\":46,\"caption\":\"Meydan TV\"},\"image\":{\"@id\":\"https:\\\/\\\/www.meydan.tv\\\/az\\\/#\\\/schema\\\/logo\\\/image\\\/\"}},{\"@type\":\"Person\",\"@id\":\"https:\\\/\\\/www.meydan.tv\\\/az\\\/#\\\/schema\\\/person\\\/10d11eccf6da3662cf5fdab9806ea91a\",\"name\":\"user-manager\"}]}<\/script>\n<!-- \/ Yoast SEO plugin. -->","yoast_head_json":{"title":"\u0130lqar M\u0259mm\u0259dovun \u0259lind\u0259ki balta... - MEYDAN.TV","robots":{"index":"index","follow":"follow","max-snippet":"max-snippet:-1","max-image-preview":"max-image-preview:large","max-video-preview":"max-video-preview:-1"},"canonical":"https:\/\/www.meydan.tv\/az\/article\/ilqar-memmedovun-elindeki-balta\/","og_locale":"az_AZ","og_type":"article","og_title":"\u0130lqar M\u0259mm\u0259dovun \u0259lind\u0259ki balta... - MEYDAN.TV","og_description":"Biz ist\u0259s\u0259k d\u0259, ist\u0259m\u0259s\u0259k d\u0259, din insanlar\u0131n d\u00fcnyag\u00f6r\u00fc\u015f\u00fcn\u00fcn formala\u015fmas\u0131nda m\u00fch\u00fcm rola malikdir","og_url":"https:\/\/www.meydan.tv\/az\/article\/ilqar-memmedovun-elindeki-balta\/","og_site_name":"MEYDAN.TV","article_published_time":"2018-08-30T21:22:16+00:00","og_image":[{"width":1500,"height":1000,"url":"https:\/\/www.meydan.tv\/wp-content\/uploads\/42839.jpg","type":"image\/jpeg"}],"author":"user-manager","twitter_card":"summary_large_image","schema":{"@context":"https:\/\/schema.org","@graph":[{"@type":"Article","@id":"https:\/\/www.meydan.tv\/az\/article\/ilqar-memmedovun-elindeki-balta\/#article","isPartOf":{"@id":"https:\/\/www.meydan.tv\/az\/article\/ilqar-memmedovun-elindeki-balta\/"},"author":{"name":"user-manager","@id":"https:\/\/www.meydan.tv\/az\/#\/schema\/person\/10d11eccf6da3662cf5fdab9806ea91a"},"headline":"\u0130lqar M\u0259mm\u0259dovun \u0259lind\u0259ki balta&#8230;","datePublished":"2018-08-30T21:22:16+00:00","mainEntityOfPage":{"@id":"https:\/\/www.meydan.tv\/az\/article\/ilqar-memmedovun-elindeki-balta\/"},"wordCount":1953,"publisher":{"@id":"https:\/\/www.meydan.tv\/az\/#organization"},"image":{"@id":"https:\/\/www.meydan.tv\/az\/article\/ilqar-memmedovun-elindeki-balta\/#primaryimage"},"thumbnailUrl":"https:\/\/www.meydan.tv\/wp-content\/uploads\/42839.jpg","articleSection":["M\u0259nim Fikrimc\u0259"],"inLanguage":"az"},{"@type":"WebPage","@id":"https:\/\/www.meydan.tv\/az\/article\/ilqar-memmedovun-elindeki-balta\/","url":"https:\/\/www.meydan.tv\/az\/article\/ilqar-memmedovun-elindeki-balta\/","name":"\u0130lqar M\u0259mm\u0259dovun \u0259lind\u0259ki balta... - MEYDAN.TV","isPartOf":{"@id":"https:\/\/www.meydan.tv\/az\/#website"},"primaryImageOfPage":{"@id":"https:\/\/www.meydan.tv\/az\/article\/ilqar-memmedovun-elindeki-balta\/#primaryimage"},"image":{"@id":"https:\/\/www.meydan.tv\/az\/article\/ilqar-memmedovun-elindeki-balta\/#primaryimage"},"thumbnailUrl":"https:\/\/www.meydan.tv\/wp-content\/uploads\/42839.jpg","datePublished":"2018-08-30T21:22:16+00:00","breadcrumb":{"@id":"https:\/\/www.meydan.tv\/az\/article\/ilqar-memmedovun-elindeki-balta\/#breadcrumb"},"inLanguage":"az","potentialAction":[{"@type":"ReadAction","target":["https:\/\/www.meydan.tv\/az\/article\/ilqar-memmedovun-elindeki-balta\/"]}]},{"@type":"ImageObject","inLanguage":"az","@id":"https:\/\/www.meydan.tv\/az\/article\/ilqar-memmedovun-elindeki-balta\/#primaryimage","url":"https:\/\/www.meydan.tv\/wp-content\/uploads\/42839.jpg","contentUrl":"https:\/\/www.meydan.tv\/wp-content\/uploads\/42839.jpg","width":1500,"height":1000,"caption":"Source:"},{"@type":"BreadcrumbList","@id":"https:\/\/www.meydan.tv\/az\/article\/ilqar-memmedovun-elindeki-balta\/#breadcrumb","itemListElement":[{"@type":"ListItem","position":1,"name":"Ana s\u0259hif\u0259","item":"https:\/\/www.meydan.tv\/az\/"},{"@type":"ListItem","position":2,"name":"M\u0259nim Fikrimc\u0259","item":"https:\/\/www.meydan.tv\/az\/section\/menim-fikrimce\/"},{"@type":"ListItem","position":3,"name":"\u0130lqar M\u0259mm\u0259dovun \u0259lind\u0259ki balta&#8230;"}]},{"@type":"WebSite","@id":"https:\/\/www.meydan.tv\/az\/#website","url":"https:\/\/www.meydan.tv\/az\/","name":"MEYDAN.TV","description":"Meydan TV Az\u0259rbaycan\u0131n media m\u0259kan\u0131ndak\u0131 alternativ s\u0259sidir","publisher":{"@id":"https:\/\/www.meydan.tv\/az\/#organization"},"potentialAction":[{"@type":"SearchAction","target":{"@type":"EntryPoint","urlTemplate":"https:\/\/www.meydan.tv\/az\/?s={search_term_string}"},"query-input":{"@type":"PropertyValueSpecification","valueRequired":true,"valueName":"search_term_string"}}],"inLanguage":"az"},{"@type":"Organization","@id":"https:\/\/www.meydan.tv\/az\/#organization","name":"Meydan TV","url":"https:\/\/www.meydan.tv\/az\/","logo":{"@type":"ImageObject","inLanguage":"az","@id":"https:\/\/www.meydan.tv\/az\/#\/schema\/logo\/image\/","url":"https:\/\/www.meydan.tv\/wp-content\/uploads\/2021\/07\/meydan-logo.svg","contentUrl":"https:\/\/www.meydan.tv\/wp-content\/uploads\/2021\/07\/meydan-logo.svg","width":195,"height":46,"caption":"Meydan TV"},"image":{"@id":"https:\/\/www.meydan.tv\/az\/#\/schema\/logo\/image\/"}},{"@type":"Person","@id":"https:\/\/www.meydan.tv\/az\/#\/schema\/person\/10d11eccf6da3662cf5fdab9806ea91a","name":"user-manager"}]}},"_links":{"self":[{"href":"https:\/\/www.meydan.tv\/az\/wp-json\/wp\/v2\/posts\/191466","targetHints":{"allow":["GET"]}}],"collection":[{"href":"https:\/\/www.meydan.tv\/az\/wp-json\/wp\/v2\/posts"}],"about":[{"href":"https:\/\/www.meydan.tv\/az\/wp-json\/wp\/v2\/types\/post"}],"author":[{"embeddable":true,"href":"https:\/\/www.meydan.tv\/az\/wp-json\/wp\/v2\/users\/11"}],"replies":[{"embeddable":true,"href":"https:\/\/www.meydan.tv\/az\/wp-json\/wp\/v2\/comments?post=191466"}],"version-history":[{"count":0,"href":"https:\/\/www.meydan.tv\/az\/wp-json\/wp\/v2\/posts\/191466\/revisions"}],"wp:featuredmedia":[{"embeddable":true,"href":"https:\/\/www.meydan.tv\/az\/wp-json\/wp\/v2\/media\/107826"}],"wp:attachment":[{"href":"https:\/\/www.meydan.tv\/az\/wp-json\/wp\/v2\/media?parent=191466"}],"wp:term":[{"taxonomy":"category","embeddable":true,"href":"https:\/\/www.meydan.tv\/az\/wp-json\/wp\/v2\/categories?post=191466"},{"taxonomy":"post_tag","embeddable":true,"href":"https:\/\/www.meydan.tv\/az\/wp-json\/wp\/v2\/tags?post=191466"}],"curies":[{"name":"wp","href":"https:\/\/api.w.org\/{rel}","templated":true}]}}