{"id":191366,"date":"2018-08-22T21:06:29","date_gmt":"2018-08-22T21:06:29","guid":{"rendered":"https:\/\/www.meydan.tv\/article\/praqa-bahari-ve-sekkiz-samuray\/"},"modified":"2018-08-22T21:06:29","modified_gmt":"2018-08-22T21:06:29","slug":"praqa-bahari-ve-sekkiz-samuray","status":"publish","type":"post","link":"https:\/\/www.meydan.tv\/az\/article\/praqa-bahari-ve-sekkiz-samuray\/","title":{"rendered":"Praqa bahar\u0131 v\u0259 s\u0259kkiz samuray"},"content":{"rendered":"<figure class=\"wp-block-image size-large\">\n  <img decoding=\"async\" src=\"https:\/\/www.meydan.tv\/az\/108347\/\" alt=\"\" class=\"wp-image-108347\"\/><figcaption><\/figcaption><\/figure>\n<p>\n  50 il \u00f6nc\u0259, 1968-ci ilin 25 avqustunda d\u00fcz saat 12-d\u0259 Moskvada, Q\u0131z\u0131l meydanda inan\u0131lmaz hadis\u0259 ba\u015f verdi. \u00dc\u00e7 qad\u0131n v\u0259 be\u015f ki\u015fi olmaqla s\u0259kkiz n\u0259f\u0259r meydan\u0131n &#8220;Lobnoye mesto&#8221; deyil\u0259n hiss\u0259sind\u0259 plakatlar a\u00e7araq \u015f\u00fcarlar s\u0259sl\u0259ndirm\u0259y\u0259 ba\u015flad\u0131lar. Onlar \u0259ll\u0259rind\u0259 h\u0259m d\u0259 \u00c7exoslovakiyan\u0131n bayra\u011f\u0131n\u0131 tutmu\u015fdular.\n<\/p>\n<p>\n  Bu s\u0259kkiz n\u0259f\u0259r d\u00f6rd g\u00fcn \u00f6nc\u0259 sosialist \u00f6lk\u0259l\u0259rinin h\u0259rbi bloku olan Var\u015fava M\u00fcqavil\u0259si T\u0259\u015fkilat\u0131n\u0131n \u00c7exoslovakiyaya qo\u015fun yeritm\u0259sin\u0259 etiraz edirdil\u0259r. Qald\u0131rd\u0131qlar\u0131 plakatlarda rusca &#8220;Sizin v\u0259 bizim azadl\u0131\u011f\u0131m\u0131z u\u011frunda!&#8221;, &#8220;\u0130\u015f\u011fal\u00e7\u0131lara ar olsun!&#8221;, &#8220;\u00c7SSR-d\u0259n \u0259linizi \u00e7\u0259kin!&#8221;, &#8220;Biz \u0259n yax\u015f\u0131 dostlar\u0131m\u0131z\u0131 itiririk!&#8221;, &#8220;Dub\u00e7ek\u0259 azadl\u0131q!&#8221; v\u0259 \u00e7ex dilind\u0259 &#8220;At\u2019 \u017eije svobodn\u00e9 a nez\u00e1visl\u00e9 \u010ceskoslovensko!&#8221; (Ya\u015fas\u0131n azad v\u0259 m\u00fcst\u0259qil \u00c7exoslovakiya) \u015f\u00fcarlar\u0131 yaz\u0131lm\u0131\u015fd\u0131.\n<\/p>\n<p>\n  ***\n<\/p>\n<p>\n  Stalinist idar\u0259\u00e7iliyin\u0259 g\u00f6r\u0259 getdikc\u0259 artan t\u0259nqid v\u0259 etirazlarla \u00fczl\u0259\u015f\u0259n Antonin Novotn\u0131 1968-ci il yanvar\u0131n 5-d\u0259 \u00c7exoslovakiya Kommunist Partiyas\u0131n\u0131n birinci katibi v\u0259zif\u0259sind\u0259n istefa verdi. Onun yerin\u0259 islahat\u00e7\u0131lar qanad\u0131n\u0131n r\u0259hb\u0259ri Aleksandr Dub\u00e7ek se\u00e7ildi. Yeni lider siyasi rejimi xeyli yum\u015faltma\u011f\u0131, &#8220;insan simal\u0131 sosializm&#8221; yaratma\u011f\u0131 h\u0259d\u0259fl\u0259yirdi.\n<\/p>\n<figure class=\"wp-block-image size-large\">\n  <img decoding=\"async\" src=\"https:\/\/www.meydan.tv\/az\/108344\/\" alt=\"\" class=\"wp-image-108344\"\/><figcaption><\/figcaption><\/figure>\n<p>\n  Novotn\u0131 is\u0259 \u00f6z\u00fcn\u00fcn daha bir m\u00fch\u00fcm v\u0259zif\u0259sini &#8211; \u00c7exoslovakiya Sosialist Respublikas\u0131n\u0131n (\u00c7SSR) prezidenti v\u0259zif\u0259sini saxlam\u0131\u015fd\u0131. O, bundan istifad\u0259 ed\u0259r\u0259k Dub\u00e7ekin islahatlar\u0131na mane olmaq fikrind\u0259 idi. Lakin ictimai r\u0259y q\u0259ti \u015f\u0259kild\u0259 Dub\u00e7ekin t\u0259r\u0259find\u0259 oldu\u011fundan, Novotn\u0131 mart ay\u0131nda prezident k\u00fcrs\u00fcs\u00fcn\u00fc d\u0259 t\u0259rk etm\u0259li oldu.\n<\/p>\n<p>\n  Respublikan\u0131n yeni prezidenti \u0130kinci cahan sava\u015f\u0131n\u0131 q\u0259hr\u0259man\u0131, sovet ordusunun t\u0259rkibind\u0259 d\u00f6y\u00fc\u015f\u0259n \u00e7exoslovak korpusunun komandiri olmu\u015f L\u00fcdvik Svoboda se\u00e7ildi. Yeni prezident Dub\u00e7eki d\u0259st\u0259kl\u0259diyini bildirdi. Bundan sonra islahatlar daha s\u00fcr\u0259tl\u0259 getm\u0259y\u0259 ba\u015flad\u0131.\n<\/p>\n<p>\n  Kommunist Partiyas\u0131n\u0131n aprel plenumundan sonra Dub\u00e7ek \u00f6z m\u00f6vqel\u0259rini daha da g\u00fccl\u0259ndirdi, h\u0259mfikirl\u0259rini Oldrjix \u00c7ernik ba\u015f nazir, Yozef Smrkovski is\u0259 parlamentin s\u0259dri oldu. Dub\u00e7ek v\u0259 t\u0259r\u0259fdarlar\u0131 tezlikl\u0259 &#8220;F\u0259aliyy\u0259t proqram\u0131&#8221; adlanan islahatlar paketini elan etdil\u0259r.\n<\/p>\n<p>\n  H\u00f6kum\u0259t ist\u0259r iqtisadi, ist\u0259rs\u0259 d\u0259 siyasi sah\u0259d\u0259 ciddi islahatlar ke\u00e7irm\u0259yi planla\u015fd\u0131r\u0131rd\u0131. \u00d6lk\u0259nin h\u0259yat\u0131 xeyli demokratikl\u0259\u015fdiril\u0259c\u0259k, senzura l\u0259\u011fv olunacaq, \u00e7oxpartiyal\u0131 sistemin \u0259sas\u0131 qoyulacaqd\u0131. \u0130qtisadiyyatda \u00f6z\u0259l sahibkarl\u0131\u011fa m\u00fcnbit \u015f\u0259rait yarad\u0131lacaqd\u0131. Bu siyas\u0259t &#8220;Praqa bahar\u0131&#8221; ad\u0131n\u0131 ald\u0131.\n<\/p>\n<figure class=\"wp-block-image size-large\">\n  <img decoding=\"async\" src=\"https:\/\/www.meydan.tv\/az\/108350\/\" alt=\"\" class=\"wp-image-108350\"\/><figcaption><\/figcaption><\/figure>\n<p>\n  Dub\u00e7ek h\u00f6kum\u0259ti sosializmd\u0259n v\u0259 Var\u015fava m\u00fcqavil\u0259si t\u0259\u015fkilat\u0131ndan (VMT) uzaqla\u015fmayaca\u011f\u0131n\u0131 b\u0259yan ets\u0259 d\u0259, atd\u0131\u011f\u0131 add\u0131mlar SSR\u0130-d\u0259 v\u0259 dig\u0259r sosialist \u00f6lk\u0259l\u0259rind\u0259 t\u0259\u015fvi\u015fl\u0259 qar\u015f\u0131land\u0131. \u015e\u0259rqi Almaniyan\u0131n r\u0259hb\u0259ri Valter Ulbrixt v\u0259 Pol\u015fa r\u0259hb\u0259ri Vladislav Qomulka bu y\u00f6nd\u0259 x\u00fcsusil\u0259 f\u0259rql\u0259nirdil\u0259r.\n<\/p>\n<p>\n  SSR\u0130-d\u0259 is\u0259 \u0259n m\u00fcrt\u0259ce m\u00f6vqeni bir il \u00f6nc\u0259 D\u00f6vl\u0259t T\u0259hl\u00fck\u0259sizlik Komit\u0259sinin s\u0259dri t\u0259yin olunan, 1956-c\u0131 il Macar\u0131stan hadis\u0259l\u0259rind\u0259ki m\u0259\u015fum rolu il\u0259 yadda qalan Yuri Andropov tuturdu. O, Dub\u00e7ek v\u0259 t\u0259r\u0259fdarlar\u0131n\u0131 n\u0259z\u0259rd\u0259 tutaraq deyirdi: &#8220;Onlar \u00f6lk\u0259d\u0259n \u0259vv\u0259lc\u0259 Yuqoslaviyaya, sonra da Avstriyaya b\u0259nz\u0259r bir \u015fey d\u00fcz\u0259ltm\u0259k ist\u0259yirl\u0259r&#8221;.\n<\/p>\n<p>\n  Qeyd etm\u0259k laz\u0131md\u0131r ki, h\u0259l\u0259 50-ci ill\u0259rd\u0259n \u00c7exoslovakiya SSR\u0130-d\u0259n m\u00fc\u0259yy\u0259n m\u0259saf\u0259 saxlama\u011fa \u00e7al\u0131\u015f\u0131rd\u0131. Moskvan\u0131n t\u0259kidl\u0259rin\u0259 baxmayaraq, Novotn\u0131 \u00f6lk\u0259 \u0259razisind\u0259 sovet qo\u015funlar\u0131n\u0131n yerl\u0259\u015fdirilm\u0259sin\u0259 raz\u0131l\u0131q vermirdi. \u0130ndi onun x\u0259l\u0259fi Dub\u00e7ek bu faktdan yararlanaraq daha c\u0259sar\u0259tl\u0259 h\u0259r\u0259k\u0259t edirdi.\n<\/p>\n<p>\n  Mart\u0131n 23-d\u0259 Drezdend\u0259 SSR\u0130, \u00c7exoslovakiya, \u015e\u0259rqi Almaniya, Macar\u0131stan, Pol\u015fa v\u0259 Bolqar\u0131stan r\u0259hb\u0259rl\u0259rinin g\u00f6r\u00fc\u015f\u00fc oldu. Bu g\u00f6r\u00fc\u015fd\u0259 Dub\u00e7ekin islahatlar\u0131ndan ciddi narahatl\u0131q ifad\u0259 olundu. Dub\u00e7ek is\u0259 \u00f6z h\u0259mkarlar\u0131n\u0131 sosializm\u0259, VMT-na sadiqlikd\u0259 \u0259min etm\u0259y\u0259 \u00e7al\u0131\u015fd\u0131.\n<\/p>\n<p>\n  May\u0131n 8-d\u0259 is\u0259 \u00c7exoslovakiyan\u0131n t\u0259msil\u00e7il\u0259ri olmadan 5 d\u00f6vl\u0259t Moskvada fikir m\u00fcbadil\u0259si apard\u0131lar. \u015e\u0259rqi Almaniya, Pol\u015fa v\u0259 Bolqar\u0131stan r\u0259hb\u0259rliyi d\u0259rhal \u00c7exoslovakiyaya h\u0259rbi m\u00fcdaxil\u0259 edilm\u0259sini ist\u0259yirdil\u0259r. Macar\u0131stan r\u0259hb\u0259ri Yano\u015f Kadar bu t\u0259klfin \u0259leyhin\u0259 \u00e7\u0131x\u0131rd\u0131. Sovet r\u0259hb\u0259ri Leonid Brejnev is\u0259 h\u0259l\u0259 t\u0259r\u0259dd\u00fcd ke\u00e7irirdi.\n<\/p>\n<p>\n  Ba\u015fda SSR\u0130 olmaqla sosialist \u00f6lk\u0259l\u0259rinin islahatlara m\u0259nfi m\u00fcnasib\u0259ti \u00c7exoslovakiya ictimaiyy\u0259tind\u0259n gizli qalm\u0131rd\u0131. Bu amil onlar\u0131n m\u00f6vqeyin\u0259 ciddi t\u0259sir g\u00f6st\u0259rdi. Antikommunist, h\u0259tta rusofob \u0259hvallar gecl\u0259ndi. Bu is\u0259 Moskvan\u0131 daha \u00e7ox narahat etdi. Bel\u0259c\u0259, qapal\u0131 dair\u0259 yaranm\u0131\u015fd\u0131. SSR\u0130-nin m\u0259nfi m\u00f6vqeyi \u00c7exoslovakiyada antisovet \u0259hval\u0131 gecl\u0259ndirirdi. Bu is\u0259 SSR\u0130-nin m\u00f6vqeyinin daha m\u0259nfi olmas\u0131na s\u0259b\u0259b olurdu. Bu da \u00f6z n\u00f6vb\u0259sind\u0259 \u00e7exoslovaklar\u0131 daha antisovet edirdi v\u0259 bel\u0259c\u0259 davam edirdi.\n<\/p>\n<p>\n  Senzuran\u0131n l\u0259\u011fvind\u0259n sonra \u00e7exoslovak m\u0259tbuat\u0131nda SSR\u0130 v\u0259 dig\u0259r sosialist \u00f6lk\u0259l\u0259ri r\u0259hb\u0259rl\u0259rini h\u0259d\u0259f alan t\u0259nqidi yaz\u0131lar, h\u0259tta karikaturalarla rastla\u015fmaq nadir hal deyildi. Tezlikl\u0259 k\u00fc\u00e7\u0259l\u0259rd\u0259 antisovet qrafitil\u0259r d\u0259 peyda oldu. H\u0259r\u00e7\u0259nd, bir \u00e7ox t\u0259dqiqat\u00e7\u0131 ilk bel\u0259 yaz\u0131lar\u0131n DTK agenturas\u0131 t\u0259r\u0259find\u0259n yaz\u0131ld\u0131\u011f\u0131n\u0131 v\u0259 m\u0259qs\u0259din Brejnevi m\u00fcdaxil\u0259y\u0259 t\u0259hrik etm\u0259k oldu\u011funu iddia edirl\u0259r.\n<\/p>\n<p>\n  \u0130yunun 20-30-da \u00c7exoslovakiya \u0259razisind\u0259 Var\u015fava m\u00fcqavil\u0259si t\u0259\u015fkilat\u0131n\u0131n &#8220;\u015eumava&#8221; adl\u0131 h\u0259rbi t\u0259liml\u0259ri ke\u00e7irildi. T\u0259liml\u0259r bitdikd\u0259n sonra is\u0259 sovet qo\u015funlar\u0131 m\u00fcxt\u0259lif b\u0259han\u0259l\u0259rl\u0259 \u00f6lk\u0259ni t\u0259rk etm\u0259kd\u0259n imtina etdi. Dub\u00e7ek\u0259 qa\u015f\u0131 daha ciddi h\u0259d\u0259 olan bu add\u0131m \u00f6lk\u0259d\u0259 antikommunist \u0259hval-ruhiyy\u0259nin daha da artmas\u0131na s\u0259b\u0259b oldu.\n<\/p>\n<p>\n  \u0130yulun 29-dan avqustun 1-\u0259 q\u0259d\u0259r \u0259n y\u00fcks\u0259k s\u0259viyy\u0259d\u0259 sovet-\u00e7exoslovak dan\u0131\u015f\u0131qlar\u0131 apar\u0131ld\u0131. \u018fld\u0259 olunan raz\u0131la\u015fmalara g\u00f6r\u0259, Praqa islahatlar\u0131 daha m\u0259hdud \u00e7\u0259r\u00e7iv\u0259d\u0259 aparmal\u0131, SSR\u0130 r\u0259hb\u0259rliyi \u0259leyhin\u0259 t\u0259bli\u011fat\u0131n qar\u015f\u0131s\u0131n\u0131 almal\u0131, Moskva is\u0259 qo\u015funlar\u0131n\u0131 \u00c7exoslovakiyadan \u00e7\u0131xarmal\u0131 idi.\n<\/p>\n<p>\n  Lakin azadl\u0131q havas\u0131ndan s\u0259rm\u0259st olan \u00e7exl\u0259r v\u0259 slovaklar he\u00e7 bir senzura, o c\u00fcml\u0259d\u0259n \u00f6z\u00fcn\u00fcsenzura haqq\u0131nda e\u015fitm\u0259k ist\u0259mirdil\u0259r. Ba\u015f nazir daxili i\u015fl\u0259r nazirin\u0259 Brejnevin karikaturas\u0131 \u00e7\u0259kilmi\u015f q\u0259zetin b\u00fct\u00fcn tiraj\u0131n\u0131 m\u00fcsadir\u0259 etm\u0259yi t\u0259klif ed\u0259nd\u0259, sonuncu qanunun buna icaz\u0259 verm\u0259diyini s\u00f6yl\u0259mi\u015fdi.<br \/>\n  <br \/>\n  Sovet \u0130ttifaq\u0131n\u0131n islahatlar\u0131n m\u0259hdudla\u015fd\u0131r\u0131lmas\u0131 t\u0259l\u0259bi antisovet, rusofob \u0259hval-ruhiyy\u0259ni xeyli art\u0131rd\u0131. Praqa k\u00fc\u00e7\u0259l\u0259rini &#8220;\u0130van, evin\u0259 get&#8221;, &#8220;S\u0259nin Nata\u015fan ba\u015fqas\u0131n\u0131 tapacaq&#8221; kimi yaz\u0131lar b\u0259z\u0259yirdi. H\u0259tta \u00c7exoslovakiyan\u0131n Var\u015fava M\u00fcqavil\u0259si T\u0259\u015fkilat\u0131ndan \u00e7\u0131xmas\u0131 \u00fc\u00e7\u00fcn nam\u0259lum \u015f\u0259xsl\u0259r t\u0259r\u0259find\u0259n imza toplan\u0131\u015f\u0131 t\u0259\u015fkil olundu. Burada x\u00fcsusi xidm\u0259t orqanlar\u0131n\u0131n, sovet DTK-nin barma\u011f\u0131 olmas\u0131 ehtimal\u0131 b\u00f6y\u00fck idi.\n<\/p>\n<p>\n  N\u0259hay\u0259t, avqustun 18-d\u0259 SSR\u0130, \u015e\u0259rqi Almaniya, Pol\u015fa, Bolqar\u0131stan v\u0259 Macar\u0131stan r\u0259hb\u0259rliyini Moskvada ke\u00e7iril\u0259n ikinci g\u00f6r\u00fc\u015f\u00fcnd\u0259 \u00c7exoslovakiyaya m\u00fcdaxil\u0259 bar\u0259d\u0259 q\u0259rar q\u0259bul edildi. Bu d\u0259f\u0259 Brejnev v\u0259 Kadar da m\u00fcdaxil\u0259 t\u0259klifini d\u0259st\u0259kl\u0259dil\u0259r.\n<\/p>\n<p>\n  &#8220;Dunay \u0259m\u0259liyyat\u0131&#8221; adlanan t\u0259cav\u00fcz \u00fc\u00e7\u00fcn SSR\u0130 170 min, Pol\u015fa 40 min, Macar\u0131stan 12,5 min, Bolqar\u0131stan 2,2 min, \u015e\u0259rqi Almaniya is\u0259 15 min canl\u0131 q\u00fcvv\u0259 ay\u0131rd\u0131. Lakin son anda \u0130kinci cahan sava\u015f\u0131nda ba\u015f ver\u0259nl\u0259r \u00fcz\u00fcnd\u0259n \u00e7exl\u0259rin alman m\u00fcdaxil\u0259sin\u0259 x\u00fcsus\u0259n k\u0259skin hidd\u0259tl\u0259n\u0259 bil\u0259c\u0259kl\u0259ri s\u0259b\u0259bind\u0259n alman h\u0259rb\u00e7il\u0259rinin k\u00f6m\u0259yind\u0259n imtina edildi.\n<\/p>\n<p>\n  Avqustun 20-d\u0259n 21-\u0259 ke\u00e7\u0259n gec\u0259 4 \u00f6lk\u0259nin (SSR\u0130, \u015e\u0259rqi Almaniya, Pol\u015fa, Macar\u0131stan) \u0259razisind\u0259ki 18 yerd\u0259n \u00c7exoslovakiyaya qar\u015f\u0131 t\u0259cav\u00fcz ba\u015flad\u0131. Q\u00fcvv\u0259l\u0259rin qeyri-b\u0259rab\u0259rliyini anlayan prezident v\u0259 Ali Ba\u015f komandan Svoboda orduya m\u00fcqavim\u0259t \u0259mri verm\u0259di. Buna g\u00f6r\u0259 \u0259m\u0259liyyat miqyas\u0131na g\u00f6r\u0259 xeyli az qurbanla m\u00fc\u015faiy\u0259t olundu.\n<\/p>\n<figure class=\"wp-block-image size-large\">\n  <img decoding=\"async\" src=\"https:\/\/www.meydan.tv\/az\/108353\/\" alt=\"\" class=\"wp-image-108353\"\/><figcaption><\/figcaption><\/figure>\n<p>\n  M\u00fcdaxil\u0259 x\u0259b\u0259rini e\u015fid\u0259n kimi \u00c7exoslovakiya kommunist partiyas\u0131n\u0131n r\u0259yas\u0259t hey\u0259ti topland\u0131. Kremlin hesablamalar\u0131na g\u00f6r\u0259 bu ali orqanda q\u00fcvv\u0259l\u0259r nisb\u0259ti 6:5 onlar\u0131n xeyrin\u0259 olmal\u0131 idi. Lakin r\u0259yas\u0259t hey\u0259ti 7 s\u0259s lehin\u0259, 4 s\u0259s \u0259leyhin\u0259 olmaqla m\u00fcdaxil\u0259ni pisl\u0259di. Bununla bel\u0259, Dub\u00e7ek qanl\u0131 Macar\u0131stan hadis\u0259l\u0259rinin t\u0259krarlanmas\u0131n\u0131 ist\u0259m\u0259y\u0259r\u0259k \u0259haliy\u0259 m\u00fcraci\u0259tind\u0259 t\u0259mkinli olma\u011fa, asayi\u015f\u0259 riay\u0259t etm\u0259y\u0259 \u00e7a\u011f\u0131rd\u0131.\n<\/p>\n<p>\n  \u00c7exoslovakiya \u0259halisi \u0259sas\u0259n dinc vasit\u0259l\u0259rl\u0259 \u00f6z suverenlikl\u0259rinin pozulmas\u0131na etiraz edirdil\u0259r. Bununla bel\u0259, b\u0259zi hallarda insanlar\u0131n hidd\u0259ti i\u015f\u011fall\u00e7\u0131lara h\u00fccum \u015f\u0259klind\u0259 \u00f6z\u00fcn\u00fc b\u00fcruz\u0259 verirdi. Hadis\u0259l\u0259r zaman\u0131 108 yerli sakin h\u0259lak oldu. Sovet ordusu 12 d\u00f6y\u00fc\u015f v\u0259 84 qeyri-d\u00f6y\u00fc\u015f itkisi verdi. Pol\u015fa ordusu 10, bolqar v\u0259 macar ordusu is\u0259 h\u0259r\u0259y\u0259 1 n\u0259f\u0259r itirdil\u0259r.\n<\/p>\n<p>\n  Avqustun 21-d\u0259 s\u0259h\u0259r saatlar\u0131nda Aleksandr Dub\u00e7ek, Ba\u015f nazir \u00c7ernik, spiker Smrkovski daxil olmaqla 6 n\u0259f\u0259r y\u00fcks\u0259k v\u0259zif\u0259li \u015f\u0259xs DTK \u0259m\u0259kda\u015flar\u0131 t\u0259r\u0259find\u0259n aerodroma apar\u0131ld\u0131, oradan da t\u0259yyar\u0259 il\u0259 Moskvaya \u00e7atd\u0131r\u0131ld\u0131. Sovet r\u0259hb\u0259rliyi islahat\u00e7\u0131lar\u0131n m\u0259hk\u0259m\u0259y\u0259 verilm\u0259sini, \u00f6zl\u0259rin\u0259 yax\u0131n m\u00fchafiz\u0259kar kommunistl\u0259rd\u0259n ibar\u0259t yeni h\u00f6kum\u0259tin formala\u015fmas\u0131n\u0131 planla\u015fd\u0131r\u0131rd\u0131.\n<\/p>\n<p>\n  Lakin prezident Svoboda bu plana q\u0259ti etiraz etdi. \u00dcst\u0259lik \u00c7exoslovakiya \u0259halisinin d\u0259 Dub\u00e7ek v\u0259 t\u0259r\u0259fdarlar\u0131n\u0131 tamamil\u0259 d\u0259st\u0259kl\u0259dikl\u0259ri, m\u00fchafiz\u0259karlar\u0131 q\u0259bul etm\u0259y\u0259c\u0259kl\u0259ri m\u0259lum oldu. Bel\u0259 olduqda, Kremlin m\u00f6vcud r\u0259hb\u0259rlikl\u0259 konsensus tapmaqdan ba\u015fqa yolu qalmad\u0131.\n<\/p>\n<p>\n  Avqustun 23-d\u0259 L\u00fcdviq Svoboda v\u0259 Ba\u015f nazirin m\u00fcavini Qustav Qusak Moskvaya u\u00e7dular. Onlar daha \u00f6nc\u0259 Moskvaya g\u0259tiril\u0259n 6 n\u0259f\u0259rl\u0259 birlikd\u0259 SSR\u0130 r\u0259hb\u0259rliyi il\u0259 dan\u0131\u015f\u0131qlarda i\u015ftirak etdil\u0259r. T\u0259r\u0259fl\u0259r avqustun 26-da &#8220;B\u00f6hran v\u0259ziyy\u0259tind\u0259n \u00e7\u0131x\u0131\u015f proqram\u0131&#8221;n\u0131 imzalad\u0131lar. 15 madd\u0259d\u0259n ibar\u0259t olan s\u0259n\u0259d &#8220;Praqa bahar\u0131&#8221;n\u0131n nailiyy\u0259tl\u0259rini m\u0259hv edir, \u00f6lk\u0259d\u0259 sovet qo\u015funlar\u0131n\u0131n daimi kontingentinin saxlan\u0131lmas\u0131n\u0131 n\u0259z\u0259rd\u0259 tuturdu. Bununla da \u00c7exoslovakiyan\u0131n d\u00f6vl\u0259t suverenliyi xeyli m\u0259hdudla\u015fd\u0131r\u0131ld\u0131.\n<\/p>\n<p>\n  M\u00fchafiz\u0259karlar\u0131n \u00c7exoslovakiyada qeyri-populyarl\u0131\u011f\u0131 il\u0259 hesabla\u015fmal\u0131 olan Moskva islahat\u00e7\u0131lardan kimis\u0259 \u00f6z t\u0259r\u0259fin\u0259 \u00e7\u0259km\u0259y\u0259 giri\u015fdi. 1969-cu ilin aprelind\u0259 Dub\u00e7ek n\u0259hay\u0259t v\u0259zif\u0259sind\u0259n uzaqla\u015fd\u0131r\u0131ld\u0131. Onun yerin\u0259 \u0259vv\u0259ll\u0259r islahatlar t\u0259r\u0259fdar\u0131 olan, sonra is\u0259 \u00f6z\u00fcn\u00fc Brejnev\u0259 sevdir\u0259 bilmi\u015f Qustav Qusak \u00c7exoslovakiya kommunist partiyas\u0131n\u0131n n\u00f6vb\u0259ti v\u0259 son r\u0259hb\u0259ri oldu. Daha bir il sonra is\u0259 Dub\u00e7ek &#8220;sa\u011f opportunist q\u00fcvv\u0259l\u0259r\u0259 m\u00fcnasib\u0259td\u0259 s\u0259hl\u0259nkarl\u0131\u011fa yol verdiyi \u00fc\u00e7\u00fcn&#8221; partiyadan xaric edildi.\n<\/p>\n<p>\n  \u0130yrmi il siyas\u0259td\u0259n k\u0259narda qalan Dub\u00e7ek 1980-ci ill\u0259rin sonlar\u0131nda \u00c7exoslovakiyada ba\u015f ver\u0259n M\u0259xm\u0259ri inqilabda \u0259h\u0259miyy\u0259tli rol oynad\u0131, \u00f6lk\u0259nin Federal m\u0259clisinin s\u0259dri se\u00e7ildi. O, \u00f6lk\u0259nin b\u00fct\u00f6vl\u00fcy\u00fcn\u00fcn qorunmas\u0131n\u0131n qat\u0131 t\u0259r\u0259fdar\u0131 idi. Lakin 1992-ci ilin sentyabr\u0131nda u\u011frad\u0131\u011f\u0131 avtoq\u0259zada ald\u0131\u011f\u0131 a\u011f\u0131r x\u0259sar\u0259tl\u0259rd\u0259n iki ay sonra v\u0259fat etdi. Daha iki ay sonra is\u0259 \u00c7exoslovakiya s\u00fcqut etdi, yerind\u0259 \u00c7exiya v\u0259 Slovakiya d\u00f6vl\u0259tl\u0259ri yarand\u0131.\n<\/p>\n<p>\n  ***\n<\/p>\n<p>\n  Be\u015f sosialist d\u00f6vl\u0259tinin \u00c7exoslovakiyaya m\u00fcdaxil\u0259si d\u00fcnyada b\u00f6y\u00fck rezonans do\u011furdu. Q\u0259rb \u00f6lk\u0259l\u0259ri t\u0259cav\u00fcz\u00fc q\u0259ti sur\u0259td\u0259 pisl\u0259dil\u0259r. H\u0259tta Rum\u0131niya, Albaniya, Yuqoslaviya v\u0259 \u00c7in kimi sosialist \u00f6lk\u0259l\u0259ri bel\u0259 bu add\u0131m\u0131n \u0259leyhin\u0259 \u00e7\u0131x\u0131\u015f etdil\u0259r.\n<\/p>\n<p>\n  Aksiya beyn\u0259lxalq kommunist h\u0259r\u0259kat\u0131na ciddi z\u0259rb\u0259 vurdu. Q\u0259rbi Avropan\u0131n \u0259n n\u00fcfuzlu kommunist partiyalar\u0131ndan olan \u0130taliya v\u0259 \u0130spaniya kommunistl\u0259ri m\u00fcdaxil\u0259ni birm\u0259nal\u0131 pisl\u0259dil\u0259r. Fransa kommunist partiyas\u0131n\u0131n b\u0259zi qeydl\u0259rl\u0259 aksiyan\u0131 d\u0259st\u0259kl\u0259m\u0259si s\u0131ralar\u0131nda par\u00e7alanma yaratd\u0131.\n<\/p>\n<p>\n  \u0130sve\u00e7 kommunist partiyas\u0131 is\u0259 inan\u0131lmaz add\u0131m atd\u0131. Onlar Sovet \u0130ttifaq\u0131n\u0131n Stokholmdak\u0131 s\u0259firliyi qar\u015f\u0131s\u0131nda etiraz aksiyas\u0131 ke\u00e7irdil\u0259r. Bir kommunist t\u0259\u015fkilat\u0131n\u0131n kommunist d\u00f6vl\u0259tinin s\u0259firliyi qar\u015f\u0131s\u0131nda etiraz aksiyas\u0131 ke\u00e7irm\u0259si o vaxta q\u0259d\u0259r g\u00f6r\u00fcnm\u0259mi\u015f hadis\u0259 idi.\n<\/p>\n<p>\n  \u00dcmumiyy\u0259tl\u0259, &#8220;Praqa bahar\u0131&#8221;n\u0131n zorak\u0131 &#8220;x\u0259zan&#8221;\u0131ndan sonra Q\u0259rbi Avropada kommunizm\u0259 v\u0259 sol g\u00f6r\u00fc\u015fl\u0259r\u0259 r\u0259\u011fb\u0259tl\u0259 yana\u015fan xeyli sayda intellektuallar\u0131n, s\u0259n\u0259t adamlar\u0131n\u0131n g\u00f6r\u00fc\u015fl\u0259rind\u0259 d\u00f6n\u00fc\u015f ba\u015f verdi. Onlar kommunizmin n\u0259 zamansa &#8220;insan simal\u0131&#8221; olaca\u011f\u0131na inamlar\u0131n\u0131 itirdil\u0259r.\n<\/p>\n<p>\n  ***\n<\/p>\n<p>\n  \u00c7exoslovakiyaya m\u00fcdaxil\u0259nin \u0259leyhin\u0259 Q\u0131z\u0131l meydanda ba\u015f tutan aksiya da a\u011flag\u0259lm\u0259z bir hadis\u0259 idi. S\u0259kkiz dissident h\u0259bsl\u0259 n\u0259tic\u0259l\u0259n\u0259c\u0259kl\u0259rin\u0259 \u015f\u00fcbh\u0259 etm\u0259dikl\u0259ri add\u0131m atm\u0131\u015fd\u0131lar. Onlar Larisa Boqoraz, Natalya Qorbanevskaya, Tatyana Bayeva, Konstantin Babitski, Viktor Faynberq, Vladimir Dremlyuqa, Pavel Litvinov v\u0259 Vadim Delone idil\u0259r.\n<\/p>\n<p>\n  Aksiya uzun \u00e7\u0259km\u0259di, \u0259n \u00e7oxu 5 d\u0259qiq\u0259. Q\u0131z\u0131l meydanda daim g\u0259zi\u015f\u0259n milis v\u0259 DTK \u0259m\u0259kda\u015flar\u0131 t\u0259l\u0259sik \u00f6zl\u0259rini aksiya yerin\u0259 \u00e7atd\u0131rd\u0131lar. Plakatlar\u0131 c\u0131rd\u0131lar, h\u0259tta \u00c7SSR bayra\u011f\u0131n\u0131 da eyni aqib\u0259t g\u00f6zl\u0259yirdi. Lakin bayra\u011f\u0131 \u0259lind\u0259 tutan Natalya Qorbanevskayan\u0131n &#8220;siz qarda\u015f \u00e7exoslovak d\u00f6vl\u0259tinin bayra\u011f\u0131n\u0131 c\u0131r\u0131rs\u0131n\u0131z?&#8221; sual\u0131 \u0259m\u0259kda\u015flar\u0131 \u00e7a\u015f-ba\u015f sald\u0131 v\u0259 dayand\u0131rd\u0131.\n<\/p>\n<p>\n  \u018fv\u0259zind\u0259 ki\u015fil\u0259r\u0259 qar\u015f\u0131 zorak\u0131l\u0131q t\u0259tbiq edilir. X\u00fcsus\u0259n Viktor Faynberq v\u0259h\u015fic\u0259sin\u0259 d\u00f6y\u00fcl\u00fcr. Tatyana Bayevan\u0131n xatir\u0259l\u0259rin\u0259 g\u00f6r\u0259, aksiyan\u0131n davam etdiyi q\u0131sa m\u00fcdd\u0259td\u0259 topla\u015fan k\u00fctl\u0259 bu zorak\u0131l\u0131\u011f\u0131 m\u0259mnunluqla izl\u0259yir; yaln\u0131z bir qad\u0131n &#8220;daha d\u00f6ym\u0259k niy\u0259?&#8221; dey\u0259r\u0259k etiraz edir.<br \/>\n  <br \/>\n  Milis b\u00f6lm\u0259sind\u0259 etiraz\u00e7\u0131lar aralar\u0131nda \u0259n g\u0259nc olan v\u0259 aksiya haqq\u0131nda son d\u0259qiq\u0259l\u0259rd\u0259 x\u0259b\u0259r tutub qo\u015fulan Tatyana Bayevadan onlardan biri olmad\u0131\u011f\u0131n\u0131, meydanda t\u0259sad\u00fcf\u0259n oldu\u011funu dem\u0259sini xahi\u015f edirl\u0259r. Tatyana n\u0259hay\u0259t raz\u0131la\u015f\u0131r v\u0259 izahat\u0131 al\u0131nd\u0131qdan sonra s\u0259rb\u0259st burax\u0131l\u0131r. Buna g\u00f6r\u0259 d\u0259 \u0259slind\u0259 s\u0259kkiz n\u0259f\u0259r olan etiraz\u00e7\u0131lar uzun m\u00fcdd\u0259t &#8220;yeddilik&#8221; kimi xat\u0131rlan\u0131rlar.\n<\/p>\n<p>\n  Sonrak\u0131 ill\u0259rd\u0259 d\u0259 dissident f\u0259aliyy\u0259tini davam etdir\u0259n Bayeva 1992-ci ild\u0259 AB\u015e-a k\u00f6\u00e7d\u00fc v\u0259 haz\u0131rda da orada ya\u015fay\u0131r. 71 ya\u015f\u0131 var<br \/>\n  <br \/>\n  Larisa Boqoraz aksiyada i\u015ftirak\u0131na g\u00f6r\u0259 \u0130rkutsk vilay\u0259tin\u0259 4 illlik s\u00fcrg\u00fcn edildi. Sonrak\u0131 ill\u0259rd\u0259 d\u0259 dissident v\u0259 h\u00fcququ m\u00fcdafi\u0259\u00e7isi kimi f\u0259aliyy\u0259t g\u00f6st\u0259rdi. 1989-1996-c\u0131 ill\u0259rd\u0259 Moskva Helsinki qrupunun s\u0259dri oldu. 2004-c\u00fc ild\u0259 74 ya\u015f\u0131nda v\u0259fat etdi.\n<\/p>\n<p>\n  Aksiyan\u0131n plakatlar\u0131n\u0131 3 h\u0259ft\u0259lik \u00f6vlad\u0131 il\u0259 birlikd\u0259 u\u015faq arabas\u0131nda g\u0259tir\u0259n Natalya Qorbanevskaya m\u0259hz azya\u015fl\u0131 u\u015fa\u011f\u0131na g\u00f6r\u0259 c\u0259zaland\u0131r\u0131lmad\u0131. Lakin dissident f\u0259aliyy\u0259tini davam etdirdiyin\u0259 g\u00f6r\u0259 art\u0131q 1969-cu ild\u0259 h\u0259bs edildi, sovet c\u0259za psixiatriyas\u0131n\u0131n qaydalar\u0131 \u0259sas\u0131nda &#8220;\u015fizofreniya&#8221; diaqnozu qoyuldu v\u0259 13 ay psixi x\u0259st\u0259xanada m\u0259cburi &#8220;m\u00fcalic\u0259&#8221; ald\u0131. 1975-ci ild\u0259 m\u00fchacir\u0259t\u0259 yolland\u0131. 2013-c\u00fc ild\u0259 77 ya\u015f\u0131nda v\u0259fat etdi.\n<\/p>\n<p>\n  Konstantin Babitski 3 il s\u00fcrg\u00fcn\u0259 m\u0259hkum edildi. C\u0259zas\u0131 bitdikd\u0259n sonra ixtisas\u0131 (filologiya) \u00fczr\u0259 i\u015fl\u0259m\u0259kd\u0259n m\u0259hrum oldu, d\u00fclg\u0259rlik etdi. Dissident f\u0259aliyy\u0259tini davam etdirdi. \u00c7\u0259tinlikl\u0259r\u0259 baxmayaraq, m\u00fchacir\u0259t etm\u0259di. 1993-c\u00fc ild\u0259 64 ya\u015f\u0131nda d\u00fcnyas\u0131n\u0131 d\u0259yi\u015fdi.\n<\/p>\n<p>\n  Viktor Faynberq saxlan\u0131lark\u0259n d\u00f6y\u00fcld\u00fcy\u00fcnd\u0259n \u00f6n di\u015fl\u0259ri t\u00f6k\u00fclm\u00fc\u015fd\u00fc. Buna g\u00f6r\u0259 d\u0259 onun a\u00e7\u0131q m\u0259hk\u0259m\u0259 qar\u015f\u0131s\u0131na \u00e7\u0131xar\u0131lmas\u0131 m\u0259qs\u0259d\u0259uy\u011fun say\u0131lmad\u0131. \u00d6z i\u015ftirak\u0131 olmadan ke\u00e7iril\u0259n m\u0259hk\u0259m\u0259d\u0259 psixiatriya ekspertizas\u0131n\u0131n r\u0259yin\u0259 \u0259sas\u0259n 4 il m\u0259cburi m\u00fcalic\u0259y\u0259 m\u0259hkum edildi. Yerl\u0259\u015fdirildiyi x\u0259st\u0259xanan\u0131n qad\u0131n h\u0259kimi Faynberq\u0259 k\u00f6m\u0259k edir, onun haqq\u0131nda m\u0259lumat\u0131 h\u00fcquq m\u00fcdafi\u0259\u00e7il\u0259rin\u0259 \u00e7atd\u0131r\u0131rd\u0131. Onlar sonradan evl\u0259ndil\u0259r v\u0259 Fransaya k\u00f6\u00e7d\u00fcl\u0259r. Sovet c\u0259za psixiatriyas\u0131n\u0131n if\u015fas\u0131 \u00fc\u00e7\u00fcn xeyli i\u015f g\u00f6r\u0259n Faynberq haz\u0131rda Parisd\u0259 ya\u015fay\u0131r, 86 ya\u015f\u0131 var.\n<\/p>\n<p>\n  Vladimir Dremlyuqa 3 il h\u0259bs\u0259 m\u0259hkum edildi. H\u0259bsd\u0259 antisovet ifad\u0259l\u0259rin\u0259 g\u00f6r\u0259 c\u0259zas\u0131 daha 3 il art\u0131r\u0131ld\u0131. 1974-c\u00fc ild\u0259 azadl\u0131\u011fa \u00e7\u0131x\u0131b AB\u015e-a m\u00fchacir\u0259t etdi. 2015-ci ild\u0259 75 ya\u015f\u0131nda v\u0259fat etdi.\n<\/p>\n<p>\n  Pavel Litvinov 4 il s\u00fcrg\u00fcnd\u0259 ke\u00e7irdi. 1974-c\u00fc ild\u0259 AB\u015e-a k\u00f6\u00e7d\u00fc v\u0259 haz\u0131rda da orada ya\u015fay\u0131r. 78 ya\u015f\u0131 var.\n<\/p>\n<p>\n  Son s\u00f6z\u00fcnd\u0259 &#8220;Q\u0131z\u0131l meydandak\u0131 5 d\u0259qiq\u0259lik azadl\u0131qdan \u00f6tr\u00fc ill\u0259rl\u0259 azadl\u0131qdan m\u0259hrum olma\u011fa haz\u0131ram&#8221; dey\u0259n Vadim Delone 2 il 10 ay h\u0259bs\u0259 m\u0259hkum olundu. 1975-ci ild\u0259 Delone v\u0259 h\u00fcquq m\u00fcdafi\u0259\u00e7isi olan arvad\u0131 Fransaya m\u00fchacir\u0259t etdil\u0259r. Vadim Delone 1983-c\u00fc ild\u0259 35 ya\u015f\u0131nda \u00fcr\u0259k \u00e7at\u0131\u015fmazl\u0131\u011f\u0131ndan yuxuda ke\u00e7indi.\n<\/p>\n<p>\n  Q\u0131z\u0131l meydandak\u0131 aksiya b\u00fct\u00fcn d\u00fcnyada geni\u015f \u0259ks-s\u0259da do\u011furdu. Bu s\u0131rada ilk yeri t\u0259bii ki, \u00c7exoslovakiya tuturdu. F\u0259dakar d\u0259st\u0259k aksiyas\u0131 \u00e7ex v\u0259 slovak xalqlar\u0131nda b\u00f6y\u00fck m\u0259mnunluq hissi oyatd\u0131. &#8220;Literarn\u0131 listy&#8221; q\u0259zeti yaz\u0131rd\u0131: &#8220;Q\u0131z\u0131l meydandak\u0131 7 n\u0259f\u0259r &#8211; bizim ruslara he\u00e7 vaxt nifr\u0259t etm\u0259m\u0259yimiz \u00fc\u00e7\u00fcn 7 s\u0259b\u0259bdirl\u0259r&#8221;.\n<\/p>\n<p>\n  \u00c7exoslovakiya sovet boyunduru\u011fundan azad olan kimi aksiya i\u015ftirak\u00e7\u0131lar\u0131na t\u0259\u015f\u0259kk\u00fcr borcunu \u00f6d\u0259di. 1990-c\u0131 ild\u0259 onlara (Vadim Deloney\u0259 \u00f6l\u00fcm\u00fcnd\u0259n sonra olmaqla) Praqan\u0131n f\u0259xri v\u0259t\u0259nda\u015f\u0131 ad\u0131 verildi.\n<\/p>\n<p>\n  &#8220;\u00c7exoslovakiyan\u0131n i\u015f\u011fal\u0131na Q\u0131z\u0131l meydanda etiraz ed\u0259nl\u0259r b\u0259\u015f\u0259ri h\u0259mr\u0259ylik v\u0259 \u015f\u0259xsi c\u0259sar\u0259t n\u00fcmayi\u015f etdirdil\u0259r. M\u0259n onlar\u0131n add\u0131m\u0131n\u0131 y\u00fcks\u0259k qiym\u0259tl\u0259ndirir\u0259m, \u00e7\u00fcnki onlar n\u0259y\u0259 getdikl\u0259rini v\u0259 sovet h\u00f6kum\u0259tind\u0259n n\u0259 g\u00f6zl\u0259m\u0259k m\u00fcmk\u00fcn oldu\u011funu bilirdil\u0259r. \u00c7exoslovakiya \u00fc\u00e7\u00fcn bu insanlar &#8211; r\u0259hb\u0259rliyi suveren d\u00f6vl\u0259t\u0259 v\u0259 m\u00fctt\u0259fiq\u0259 qar\u015f\u0131 al\u00e7aqca h\u0259rbi t\u0259cav\u00fcz h\u0259yata ke\u00e7ir\u0259n Sovet \u0130ttifaq\u0131n\u0131n vicdan\u0131 oldular&#8221;,-<br \/>\n  <br \/>\n  Vatslav Havel (antilommunist dissident, 1989-1992-ci ill\u0259rd\u0259 \u00c7exoslovakiyan\u0131n v\u0259 1993-2003-c\u00fc ill\u0259rd\u0259 \u00c7exiyan\u0131n prezidenti).<br \/>\n  \n<\/p><\/p>\n","protected":false},"excerpt":{"rendered":"<p>50 il \u00f6nc\u0259, 1968-ci ilin 25 avqustunda d\u00fcz saat 12-d\u0259 Moskvada, Q\u0131z\u0131l meydanda inan\u0131lmaz hadis\u0259 ba\u015f verdi<\/p>\n","protected":false},"author":11,"featured_media":108347,"comment_status":"closed","ping_status":"open","sticky":false,"template":"","format":"standard","meta":{"_acf_changed":false,"_sitemap_exclude":false,"_sitemap_priority":"","_sitemap_frequency":"","footnotes":""},"categories":[57],"tags":[],"class_list":["post-191366","post","type-post","status-publish","format-standard","has-post-thumbnail","hentry","category-menim-fikrimce","infinite-scroll-item","generate-columns","tablet-grid-50","mobile-grid-100","grid-parent","grid-33","no-featured-image-padding"],"acf":[],"yoast_head":"<!-- This site is optimized with the Yoast SEO plugin v27.4 - https:\/\/yoast.com\/product\/yoast-seo-wordpress\/ -->\n<title>Praqa bahar\u0131 v\u0259 s\u0259kkiz samuray - MEYDAN.TV<\/title>\n<meta name=\"robots\" content=\"index, follow, max-snippet:-1, max-image-preview:large, max-video-preview:-1\" \/>\n<link rel=\"canonical\" href=\"https:\/\/www.meydan.tv\/az\/article\/praqa-bahari-ve-sekkiz-samuray\/\" \/>\n<meta property=\"og:locale\" content=\"az_AZ\" \/>\n<meta property=\"og:type\" content=\"article\" \/>\n<meta property=\"og:title\" content=\"Praqa bahar\u0131 v\u0259 s\u0259kkiz samuray - MEYDAN.TV\" \/>\n<meta property=\"og:description\" content=\"50 il \u00f6nc\u0259, 1968-ci ilin 25 avqustunda d\u00fcz saat 12-d\u0259 Moskvada, Q\u0131z\u0131l meydanda inan\u0131lmaz hadis\u0259 ba\u015f verdi\" \/>\n<meta property=\"og:url\" content=\"https:\/\/www.meydan.tv\/az\/article\/praqa-bahari-ve-sekkiz-samuray\/\" \/>\n<meta property=\"og:site_name\" content=\"MEYDAN.TV\" \/>\n<meta property=\"article:published_time\" content=\"2018-08-22T21:06:29+00:00\" \/>\n<meta property=\"og:image\" content=\"https:\/\/www.meydan.tv\/wp-content\/uploads\/43061.png\" \/>\n\t<meta property=\"og:image:width\" content=\"1200\" \/>\n\t<meta property=\"og:image:height\" content=\"592\" \/>\n\t<meta property=\"og:image:type\" content=\"image\/png\" \/>\n<meta name=\"author\" content=\"user-manager\" \/>\n<meta name=\"twitter:card\" content=\"summary_large_image\" \/>\n<script type=\"application\/ld+json\" class=\"yoast-schema-graph\">{\"@context\":\"https:\\\/\\\/schema.org\",\"@graph\":[{\"@type\":\"Article\",\"@id\":\"https:\\\/\\\/www.meydan.tv\\\/az\\\/article\\\/praqa-bahari-ve-sekkiz-samuray\\\/#article\",\"isPartOf\":{\"@id\":\"https:\\\/\\\/www.meydan.tv\\\/az\\\/article\\\/praqa-bahari-ve-sekkiz-samuray\\\/\"},\"author\":{\"name\":\"user-manager\",\"@id\":\"https:\\\/\\\/www.meydan.tv\\\/az\\\/#\\\/schema\\\/person\\\/10d11eccf6da3662cf5fdab9806ea91a\"},\"headline\":\"Praqa bahar\u0131 v\u0259 s\u0259kkiz samuray\",\"datePublished\":\"2018-08-22T21:06:29+00:00\",\"mainEntityOfPage\":{\"@id\":\"https:\\\/\\\/www.meydan.tv\\\/az\\\/article\\\/praqa-bahari-ve-sekkiz-samuray\\\/\"},\"wordCount\":3244,\"publisher\":{\"@id\":\"https:\\\/\\\/www.meydan.tv\\\/az\\\/#organization\"},\"image\":{\"@id\":\"https:\\\/\\\/www.meydan.tv\\\/az\\\/article\\\/praqa-bahari-ve-sekkiz-samuray\\\/#primaryimage\"},\"thumbnailUrl\":\"https:\\\/\\\/www.meydan.tv\\\/wp-content\\\/uploads\\\/43061.png\",\"articleSection\":[\"M\u0259nim Fikrimc\u0259\"],\"inLanguage\":\"az\"},{\"@type\":\"WebPage\",\"@id\":\"https:\\\/\\\/www.meydan.tv\\\/az\\\/article\\\/praqa-bahari-ve-sekkiz-samuray\\\/\",\"url\":\"https:\\\/\\\/www.meydan.tv\\\/az\\\/article\\\/praqa-bahari-ve-sekkiz-samuray\\\/\",\"name\":\"Praqa bahar\u0131 v\u0259 s\u0259kkiz samuray - MEYDAN.TV\",\"isPartOf\":{\"@id\":\"https:\\\/\\\/www.meydan.tv\\\/az\\\/#website\"},\"primaryImageOfPage\":{\"@id\":\"https:\\\/\\\/www.meydan.tv\\\/az\\\/article\\\/praqa-bahari-ve-sekkiz-samuray\\\/#primaryimage\"},\"image\":{\"@id\":\"https:\\\/\\\/www.meydan.tv\\\/az\\\/article\\\/praqa-bahari-ve-sekkiz-samuray\\\/#primaryimage\"},\"thumbnailUrl\":\"https:\\\/\\\/www.meydan.tv\\\/wp-content\\\/uploads\\\/43061.png\",\"datePublished\":\"2018-08-22T21:06:29+00:00\",\"breadcrumb\":{\"@id\":\"https:\\\/\\\/www.meydan.tv\\\/az\\\/article\\\/praqa-bahari-ve-sekkiz-samuray\\\/#breadcrumb\"},\"inLanguage\":\"az\",\"potentialAction\":[{\"@type\":\"ReadAction\",\"target\":[\"https:\\\/\\\/www.meydan.tv\\\/az\\\/article\\\/praqa-bahari-ve-sekkiz-samuray\\\/\"]}]},{\"@type\":\"ImageObject\",\"inLanguage\":\"az\",\"@id\":\"https:\\\/\\\/www.meydan.tv\\\/az\\\/article\\\/praqa-bahari-ve-sekkiz-samuray\\\/#primaryimage\",\"url\":\"https:\\\/\\\/www.meydan.tv\\\/wp-content\\\/uploads\\\/43061.png\",\"contentUrl\":\"https:\\\/\\\/www.meydan.tv\\\/wp-content\\\/uploads\\\/43061.png\",\"width\":1200,\"height\":592,\"caption\":\"Source:\"},{\"@type\":\"BreadcrumbList\",\"@id\":\"https:\\\/\\\/www.meydan.tv\\\/az\\\/article\\\/praqa-bahari-ve-sekkiz-samuray\\\/#breadcrumb\",\"itemListElement\":[{\"@type\":\"ListItem\",\"position\":1,\"name\":\"Ana s\u0259hif\u0259\",\"item\":\"https:\\\/\\\/www.meydan.tv\\\/az\\\/\"},{\"@type\":\"ListItem\",\"position\":2,\"name\":\"M\u0259nim Fikrimc\u0259\",\"item\":\"https:\\\/\\\/www.meydan.tv\\\/az\\\/section\\\/menim-fikrimce\\\/\"},{\"@type\":\"ListItem\",\"position\":3,\"name\":\"Praqa bahar\u0131 v\u0259 s\u0259kkiz samuray\"}]},{\"@type\":\"WebSite\",\"@id\":\"https:\\\/\\\/www.meydan.tv\\\/az\\\/#website\",\"url\":\"https:\\\/\\\/www.meydan.tv\\\/az\\\/\",\"name\":\"MEYDAN.TV\",\"description\":\"Meydan TV Az\u0259rbaycan\u0131n media m\u0259kan\u0131ndak\u0131 alternativ s\u0259sidir\",\"publisher\":{\"@id\":\"https:\\\/\\\/www.meydan.tv\\\/az\\\/#organization\"},\"potentialAction\":[{\"@type\":\"SearchAction\",\"target\":{\"@type\":\"EntryPoint\",\"urlTemplate\":\"https:\\\/\\\/www.meydan.tv\\\/az\\\/?s={search_term_string}\"},\"query-input\":{\"@type\":\"PropertyValueSpecification\",\"valueRequired\":true,\"valueName\":\"search_term_string\"}}],\"inLanguage\":\"az\"},{\"@type\":\"Organization\",\"@id\":\"https:\\\/\\\/www.meydan.tv\\\/az\\\/#organization\",\"name\":\"Meydan TV\",\"url\":\"https:\\\/\\\/www.meydan.tv\\\/az\\\/\",\"logo\":{\"@type\":\"ImageObject\",\"inLanguage\":\"az\",\"@id\":\"https:\\\/\\\/www.meydan.tv\\\/az\\\/#\\\/schema\\\/logo\\\/image\\\/\",\"url\":\"https:\\\/\\\/www.meydan.tv\\\/wp-content\\\/uploads\\\/2021\\\/07\\\/meydan-logo.svg\",\"contentUrl\":\"https:\\\/\\\/www.meydan.tv\\\/wp-content\\\/uploads\\\/2021\\\/07\\\/meydan-logo.svg\",\"width\":195,\"height\":46,\"caption\":\"Meydan TV\"},\"image\":{\"@id\":\"https:\\\/\\\/www.meydan.tv\\\/az\\\/#\\\/schema\\\/logo\\\/image\\\/\"}},{\"@type\":\"Person\",\"@id\":\"https:\\\/\\\/www.meydan.tv\\\/az\\\/#\\\/schema\\\/person\\\/10d11eccf6da3662cf5fdab9806ea91a\",\"name\":\"user-manager\"}]}<\/script>\n<!-- \/ Yoast SEO plugin. -->","yoast_head_json":{"title":"Praqa bahar\u0131 v\u0259 s\u0259kkiz samuray - MEYDAN.TV","robots":{"index":"index","follow":"follow","max-snippet":"max-snippet:-1","max-image-preview":"max-image-preview:large","max-video-preview":"max-video-preview:-1"},"canonical":"https:\/\/www.meydan.tv\/az\/article\/praqa-bahari-ve-sekkiz-samuray\/","og_locale":"az_AZ","og_type":"article","og_title":"Praqa bahar\u0131 v\u0259 s\u0259kkiz samuray - MEYDAN.TV","og_description":"50 il \u00f6nc\u0259, 1968-ci ilin 25 avqustunda d\u00fcz saat 12-d\u0259 Moskvada, Q\u0131z\u0131l meydanda inan\u0131lmaz hadis\u0259 ba\u015f verdi","og_url":"https:\/\/www.meydan.tv\/az\/article\/praqa-bahari-ve-sekkiz-samuray\/","og_site_name":"MEYDAN.TV","article_published_time":"2018-08-22T21:06:29+00:00","og_image":[{"width":1200,"height":592,"url":"https:\/\/www.meydan.tv\/wp-content\/uploads\/43061.png","type":"image\/png"}],"author":"user-manager","twitter_card":"summary_large_image","schema":{"@context":"https:\/\/schema.org","@graph":[{"@type":"Article","@id":"https:\/\/www.meydan.tv\/az\/article\/praqa-bahari-ve-sekkiz-samuray\/#article","isPartOf":{"@id":"https:\/\/www.meydan.tv\/az\/article\/praqa-bahari-ve-sekkiz-samuray\/"},"author":{"name":"user-manager","@id":"https:\/\/www.meydan.tv\/az\/#\/schema\/person\/10d11eccf6da3662cf5fdab9806ea91a"},"headline":"Praqa bahar\u0131 v\u0259 s\u0259kkiz samuray","datePublished":"2018-08-22T21:06:29+00:00","mainEntityOfPage":{"@id":"https:\/\/www.meydan.tv\/az\/article\/praqa-bahari-ve-sekkiz-samuray\/"},"wordCount":3244,"publisher":{"@id":"https:\/\/www.meydan.tv\/az\/#organization"},"image":{"@id":"https:\/\/www.meydan.tv\/az\/article\/praqa-bahari-ve-sekkiz-samuray\/#primaryimage"},"thumbnailUrl":"https:\/\/www.meydan.tv\/wp-content\/uploads\/43061.png","articleSection":["M\u0259nim Fikrimc\u0259"],"inLanguage":"az"},{"@type":"WebPage","@id":"https:\/\/www.meydan.tv\/az\/article\/praqa-bahari-ve-sekkiz-samuray\/","url":"https:\/\/www.meydan.tv\/az\/article\/praqa-bahari-ve-sekkiz-samuray\/","name":"Praqa bahar\u0131 v\u0259 s\u0259kkiz samuray - MEYDAN.TV","isPartOf":{"@id":"https:\/\/www.meydan.tv\/az\/#website"},"primaryImageOfPage":{"@id":"https:\/\/www.meydan.tv\/az\/article\/praqa-bahari-ve-sekkiz-samuray\/#primaryimage"},"image":{"@id":"https:\/\/www.meydan.tv\/az\/article\/praqa-bahari-ve-sekkiz-samuray\/#primaryimage"},"thumbnailUrl":"https:\/\/www.meydan.tv\/wp-content\/uploads\/43061.png","datePublished":"2018-08-22T21:06:29+00:00","breadcrumb":{"@id":"https:\/\/www.meydan.tv\/az\/article\/praqa-bahari-ve-sekkiz-samuray\/#breadcrumb"},"inLanguage":"az","potentialAction":[{"@type":"ReadAction","target":["https:\/\/www.meydan.tv\/az\/article\/praqa-bahari-ve-sekkiz-samuray\/"]}]},{"@type":"ImageObject","inLanguage":"az","@id":"https:\/\/www.meydan.tv\/az\/article\/praqa-bahari-ve-sekkiz-samuray\/#primaryimage","url":"https:\/\/www.meydan.tv\/wp-content\/uploads\/43061.png","contentUrl":"https:\/\/www.meydan.tv\/wp-content\/uploads\/43061.png","width":1200,"height":592,"caption":"Source:"},{"@type":"BreadcrumbList","@id":"https:\/\/www.meydan.tv\/az\/article\/praqa-bahari-ve-sekkiz-samuray\/#breadcrumb","itemListElement":[{"@type":"ListItem","position":1,"name":"Ana s\u0259hif\u0259","item":"https:\/\/www.meydan.tv\/az\/"},{"@type":"ListItem","position":2,"name":"M\u0259nim Fikrimc\u0259","item":"https:\/\/www.meydan.tv\/az\/section\/menim-fikrimce\/"},{"@type":"ListItem","position":3,"name":"Praqa bahar\u0131 v\u0259 s\u0259kkiz samuray"}]},{"@type":"WebSite","@id":"https:\/\/www.meydan.tv\/az\/#website","url":"https:\/\/www.meydan.tv\/az\/","name":"MEYDAN.TV","description":"Meydan TV Az\u0259rbaycan\u0131n media m\u0259kan\u0131ndak\u0131 alternativ s\u0259sidir","publisher":{"@id":"https:\/\/www.meydan.tv\/az\/#organization"},"potentialAction":[{"@type":"SearchAction","target":{"@type":"EntryPoint","urlTemplate":"https:\/\/www.meydan.tv\/az\/?s={search_term_string}"},"query-input":{"@type":"PropertyValueSpecification","valueRequired":true,"valueName":"search_term_string"}}],"inLanguage":"az"},{"@type":"Organization","@id":"https:\/\/www.meydan.tv\/az\/#organization","name":"Meydan TV","url":"https:\/\/www.meydan.tv\/az\/","logo":{"@type":"ImageObject","inLanguage":"az","@id":"https:\/\/www.meydan.tv\/az\/#\/schema\/logo\/image\/","url":"https:\/\/www.meydan.tv\/wp-content\/uploads\/2021\/07\/meydan-logo.svg","contentUrl":"https:\/\/www.meydan.tv\/wp-content\/uploads\/2021\/07\/meydan-logo.svg","width":195,"height":46,"caption":"Meydan TV"},"image":{"@id":"https:\/\/www.meydan.tv\/az\/#\/schema\/logo\/image\/"}},{"@type":"Person","@id":"https:\/\/www.meydan.tv\/az\/#\/schema\/person\/10d11eccf6da3662cf5fdab9806ea91a","name":"user-manager"}]}},"_links":{"self":[{"href":"https:\/\/www.meydan.tv\/az\/wp-json\/wp\/v2\/posts\/191366","targetHints":{"allow":["GET"]}}],"collection":[{"href":"https:\/\/www.meydan.tv\/az\/wp-json\/wp\/v2\/posts"}],"about":[{"href":"https:\/\/www.meydan.tv\/az\/wp-json\/wp\/v2\/types\/post"}],"author":[{"embeddable":true,"href":"https:\/\/www.meydan.tv\/az\/wp-json\/wp\/v2\/users\/11"}],"replies":[{"embeddable":true,"href":"https:\/\/www.meydan.tv\/az\/wp-json\/wp\/v2\/comments?post=191366"}],"version-history":[{"count":0,"href":"https:\/\/www.meydan.tv\/az\/wp-json\/wp\/v2\/posts\/191366\/revisions"}],"wp:featuredmedia":[{"embeddable":true,"href":"https:\/\/www.meydan.tv\/az\/wp-json\/wp\/v2\/media\/108347"}],"wp:attachment":[{"href":"https:\/\/www.meydan.tv\/az\/wp-json\/wp\/v2\/media?parent=191366"}],"wp:term":[{"taxonomy":"category","embeddable":true,"href":"https:\/\/www.meydan.tv\/az\/wp-json\/wp\/v2\/categories?post=191366"},{"taxonomy":"post_tag","embeddable":true,"href":"https:\/\/www.meydan.tv\/az\/wp-json\/wp\/v2\/tags?post=191366"}],"curies":[{"name":"wp","href":"https:\/\/api.w.org\/{rel}","templated":true}]}}