{"id":191306,"date":"2018-08-17T17:14:27","date_gmt":"2018-08-17T17:14:27","guid":{"rendered":"https:\/\/www.meydan.tv\/article\/oglum-mene-yazdi-ki\/"},"modified":"2018-08-17T17:14:27","modified_gmt":"2018-08-17T17:14:27","slug":"oglum-mene-yazdi-ki","status":"publish","type":"post","link":"https:\/\/www.meydan.tv\/az\/article\/oglum-mene-yazdi-ki\/","title":{"rendered":"O\u011flum m\u0259n\u0259 yazd\u0131 ki&#8230;"},"content":{"rendered":"<figure class=\"wp-block-image size-large\">\n  <img decoding=\"async\" src=\"https:\/\/www.meydan.tv\/az\/taleh-bagirzade-15\/\" alt=\"Taleh Ba\u011f\u0131rzad\u0259\" class=\"wp-image-108109\"\/><figcaption>\n    Taleh Ba\u011f\u0131rzad\u0259<br \/>\n  <\/figcaption><\/figure>\n<p>\n  Onunla ba\u011fl\u0131 q\u0259l\u0259m\u0259 almaq ist\u0259diyim xatir\u0259l\u0259ri hans\u0131 ard\u0131c\u0131ll\u0131qla yazaca\u011f\u0131ma q\u0259rar ver\u0259 bilmir\u0259m. Yadda\u015f\u0131mda onunla ba\u011fl\u0131 o q\u0259d\u0259r g\u00f6z\u0259l v\u0259 \u00e7ox xatir\u0259l\u0259r var ki&#8230; Bu \u00e7\u0259tinliyi a\u015f\u0131m dey\u0259, el\u0259 ilk tan\u0131\u015fl\u0131\u011f\u0131m\u0131zdan yazmaq q\u0259rar\u0131na g\u0259ldim.\n<\/p>\n<p>\n  Tarix 9 iyul 2016-c\u0131 il&#8230; M\u0259lum Nardaran hadis\u0259l\u0259ri il\u0259 ba\u011fl\u0131 Bak\u0131 Ag\u0131r Cinay\u0259tl\u0259r M\u0259hk\u0259m\u0259sinin iclas salonunda qondarma cinay\u0259t i\u015fi \u00fczr\u0259 m\u0259hk\u0259m\u0259 prosesinin a\u00e7\u0131l\u0131\u015f iclas\u0131 ba\u015flam\u0131\u015fd\u0131. Dem\u0259k olar ki, m\u0259hk\u0259m\u0259 salonu tamamil\u0259 dolmu\u015f ,b\u00fct\u00fcn diqq\u0259tl\u0259r, x\u00fcsus\u0259n analar\u0131n, bac\u0131lar\u0131n ya\u015fl\u0131 g\u00f6zl\u0259ri \u015f\u0259fq\u0259t v\u0259 m\u0259rh\u0259m\u0259t hissi il\u0259 d\u0259mir barmaql\u0131qlar aras\u0131ndak\u0131 m\u0259hbuslara y\u00f6n\u0259lmi\u015fdi. M\u0259hbuslar is\u0259 b\u00fct\u00fcn a\u011flag\u0259lm\u0259z i\u015fg\u0259nc\u0259l\u0259r\u0259, \u0259zab-\u0259ziyy\u0259tl\u0259r\u0259 r\u0259\u011fm\u0259n, yen\u0259 d\u0259 ayaqda dik duraraq, \u00f6z ideallar\u0131 u\u011frunda m\u00fcbariz\u0259nin yeni, dey\u0259rdim ki, \u0259n vacib m\u0259rh\u0259l\u0259si \u00fc\u00e7\u00fcn sin\u0259l\u0259rini qaba\u011fa verib, bu m\u0259rh\u0259l\u0259y\u0259 d\u0259 haz\u0131r olduqlar\u0131n\u0131 bildirdil\u0259r.\n<\/p>\n<p>\n  \u018flb\u0259tt\u0259, t\u0259kc\u0259 m\u0259hbuslar deyil, h\u0259m d\u0259 d\u0259mir barmaql\u0131qlarla paralel \u015f\u0259kild\u0259 \u0259yl\u0259\u015fmi\u015f, adlar\u0131n\u0131 Az\u0259rbaycan\u0131n yeni m\u00fcbariz\u0259 tarixin\u0259 q\u0131z\u0131l h\u0259rfl\u0259rl\u0259 yazd\u0131rm\u0131\u015f m\u00fcst\u0259qil v\u0259kill\u0259r d\u0259 m\u0259s\u0259l\u0259nin b\u00fct\u00fcn ciddiyy\u0259tini anlayaraq, f\u0259dakar d\u00f6y\u00fc\u015f\u00e7\u00fcl\u0259r t\u0259k bu m\u0259hk\u0259m\u0259d\u0259 v\u0259kil kimi rol alma\u011fa raz\u0131la\u015fm\u0131\u015fd\u0131lar. Bununla h\u0259m d\u0259 faktiki \u00f6zl\u0259ri \u00fc\u00e7\u00fcn d\u0259 a\u011f\u0131r bir prosesd\u0259 i\u015ftiraka haz\u0131r oldu\u011fular\u0131n\u0131 b\u0259yan etmi\u015fdil\u0259r.\n<\/p>\n<p>\n  Bax, onunla ilk g\u00f6r\u00fc\u015f\u00fcm\u00fcz d\u0259 bu m\u0259kanda ba\u015f tutmu\u015fdu. Haqq\u0131nda e\u015fitdiyim, ancaq \u00f6z\u00fcn\u00fc g\u00f6rm\u0259diyim vicdanl\u0131 v\u0259kill\u0259 indi aram\u0131zda iki add\u0131ml\u0131q m\u0259saf\u0259, bir d\u0259 d\u0259mir barmaql\u0131qlar var idi. T\u0259bii, n\u0259 iki add\u0131ml\u0131q m\u0259saf\u0259, n\u0259 d\u0259 d\u0259mir barmaql\u0131qlar onunla tan\u0131\u015fl\u0131\u011f\u0131m\u0131za mane ola bildi.\n<\/p>\n<p>\n  Onu da deyim ki, bu tan\u0131\u015fl\u0131\u011fa g\u00f6r\u0259 R\u0259bbim\u0259 d\u0259f\u0259l\u0259rl\u0259 h\u0259md-s\u0259na etmi\u015f\u0259m. N\u0259 yax\u015f\u0131 ki, onun kimi \u015f\u0259xsiyy\u0259ti qar\u015f\u0131m\u0131za \u00e7\u0131xard\u0131. \u00d6z\u00fc d\u0259 \u0259n \u00e7\u0259tin anlar\u0131m\u0131zda&#8230;\n<\/p>\n<p>\n  \u201cNardaran i\u015fi\u201d m\u0259hk\u0259m\u0259 prosesind\u0259n daha \u00e7ox, haqla batilin qar\u015f\u0131-qar\u015f\u0131ya g\u0259ldiyi sava\u015f meydan\u00e7as\u0131n\u0131 xat\u0131rlad\u0131rd\u0131. Bu m\u0259kanda batil\u0259 qar\u015f\u0131 dir\u0259ni\u015f g\u00f6st\u0259rm\u0259k, s\u00f6z\u00fcn \u0259sl m\u0259nas\u0131nda insandan h\u0259ddind\u0259n art\u0131q c\u0259sar\u0259t t\u0259l\u0259b edirdi. H\u0259min c\u0259sar\u0259t hissi haqq c\u0259bh\u0259sini t\u0259msil ed\u0259n m\u0259hbus v\u0259 v\u0259kill\u0259rin simas\u0131nda g\u00fcnb\u0259g\u00fcn ayd\u0131n \u015f\u0259kild\u0259 \u00f6z\u00fcn\u00fc g\u00f6st\u0259rirdi.\n<\/p>\n<p>\n  Bel\u0259c\u0259, m\u0259hk\u0259m\u0259 ba\u015fald\u0131, biz h\u0259ft\u0259nin 3 g\u00fcn\u00fc onunla birlikd\u0259, saatlarla batil c\u0259bh\u0259sin\u0259 qar\u015f\u0131 dayan\u0131rd\u0131q. Sava\u015f\u0131rd\u0131q, batilin qorxu mislini sabun k\u00f6p\u00fcy\u00fc kimi partlad\u0131b, h\u0259qiq\u0259tl\u0259ri ortaya \u00e7\u0131xar\u0131rd\u0131q. G\u00fcnl\u0259r ke\u00e7dikc\u0259, biz \u00f6z m\u0259qs\u0259dl\u0259rimiz\u0259 add\u0131m- add\u0131m yax\u0131nla\u015faraq, batil c\u0259bh\u0259sini if\u015fa edirdik. Z\u0259rb\u0259l\u0259rin t\u0259sirind\u0259n ba\u015flar\u0131n\u0131 itirib daha da \u00e7\u0131l\u011f\u0131nla\u015fma\u011fa ba\u015flam\u0131\u015fd\u0131lar. M\u0259hz h\u0259min g\u00fcnl\u0259rd\u0259 biz onun n\u0259 q\u0259d\u0259r vicdanl\u0131, c\u0259sar\u0259tli, m\u0259n\u0259viyyatl\u0131 bir \u015f\u0259xsiyy\u0259t oldu\u011funu k\u0259\u015ff etmi\u015fdik&#8230; (edited)<br \/>\n  <br \/>\n  O, art\u0131q ham\u0131n\u0131n sevimlisin\u0259 \u00e7evrilmi\u015fdi. \u018flb\u0259tt\u0259, batil c\u0259bh\u0259sind\u0259kil\u0259rd\u0259n ba\u015fqa&#8230; \u00c7\u00fcnki if\u015faedici z\u0259rb\u0259l\u0259rin \u0259sas m\u00fc\u0259llifl\u0259rind\u0259n biri d\u0259 m\u0259hz o idi. Nec\u0259 ki, d\u00f6y\u00fc\u015f\u00e7\u00fcl\u0259r \u00f6z sevimli s\u0259rk\u0259rd\u0259l\u0259rini g\u00f6rd\u00fckd\u0259 daxil\u0259n rahatlan\u0131b qurur duyarlar, biz d\u0259 onu g\u00f6rd\u00fckd\u0259 eynil\u0259 bu hissi ya\u015fay\u0131rd\u0131q. B\u0259li, o, bizim haqs\u0131zca ayaqlar alt\u0131na at\u0131lm\u0131\u015f h\u00fcquqlar\u0131m\u0131z\u0131n qoruyucu s\u0259rk\u0259rd\u0259si idi. Sona q\u0259d\u0259r d\u0259 \u0259sl s\u0259rk\u0259rd\u0259l\u0259r kimi, n\u0259yin bahas\u0131na olursa olsun, h\u00fcquqlar\u0131m\u0131z\u0131 l\u0259yaq\u0259tl\u0259 m\u00fcdafi\u0259 etdi. N\u0259tic\u0259d\u0259 m\u0259n\u0259vi bax\u0131mdan qalib g\u0259lmi\u015f s\u0259rk\u0259rd\u0259nin parlaq f\u0259aliyy\u0259ti g\u00f6zl\u0259nildiyi kimi, batil c\u0259bh\u0259sinin q\u0259z\u0259bin\u0259 tu\u015f g\u0259ldi. V\u0259 onu V\u0259kill\u0259r Kollegiyas\u0131ndan uzaqla\u015fd\u0131rd\u0131lar. Lakin onun f\u0259dakar obraz\u0131n\u0131 \u015f\u00fcurlardan, sevgisini q\u0259lbl\u0259rd\u0259n \u0259sla \u00e7\u0131xara bilm\u0259dil\u0259r. Bilm\u0259y\u0259c\u0259kl\u0259r d\u0259&#8230;.\n<\/p>\n<p>\n  Ger\u00e7\u0259k \u0130NSAN \u00fc\u00e7\u00fcn d\u0259 laz\u0131m olan m\u0259hz budur.\n<\/p>\n<p>\n  Y\u0259qin ki, s\u00f6hb\u0259tin v\u0259kil Yal\u00e7\u0131n \u0130manovdan getdiyini hiss etmisiz&#8230;\n<\/p>\n<p>\n  \u018fminlikl\u0259 dey\u0259 bil\u0259r\u0259m,Yal\u00e7\u0131n b\u0259y g\u0259l\u0259c\u0259k n\u0259sill\u0259r \u00fc\u00e7\u00fcn d\u0259 n\u00fcmun\u0259y\u0259 \u00e7evrilib. Bu \u0259minliyi b\u00f6y\u00fck oglum Muh\u0259mm\u0259dh\u0259s\u0259nin m\u0259n\u0259 yazd\u0131\u011f\u0131 m\u0259ktubunun s\u0259tirl\u0259rind\u0259 duydum. Ki\u00e7ik \u0259ll\u0259ri il\u0259 m\u0259n\u0259 yazd\u0131\u011f\u0131 m\u0259ktubunda deyirdi ki, \u201cata, m\u0259n b\u00f6y\u00fcy\u0259nd\u0259 Yal\u00e7\u0131n \u0259mi kimi v\u0259kil olacam, insanlar\u0131n h\u00fcquqlar\u0131n\u0131 m\u00fcdafi\u0259 ed\u0259c\u0259m\u201d.\n<\/p>\n<p>\n  \u015e\u0259xs\u0259n m\u0259nim \u00fc\u00e7\u00fcn Yal\u00e7\u0131n d\u00fczg\u00fcnl\u00fck, g\u00fcz\u0259\u015ftsiz m\u00fcbariz\u0259, s\u0259daq\u0259tli dost dem\u0259kdir. Onun haqq\u0131nda xatir\u0259l\u0259rim o q\u0259d\u0259r \u00e7oxdur ki&#8230; Ancaq m\u0259lum s\u0259b\u0259bd\u0259n &#8211; imkanlar\u0131m\u0131n h\u0259rt\u0259r\u0259fli m\u0259hdudiyy\u0259tin\u0259 g\u00f6r\u0259 ixtisarla yazmaq m\u0259cburiyy\u0259tind\u0259y\u0259m. Bu q\u0131sa yaz\u0131n\u0131 da q\u0259l\u0259m\u0259 almaqda m\u0259qs\u0259dim h\u00f6rm\u0259tli qarda\u015f\u0131m Yal\u00e7\u0131n\u0131n do\u011fum g\u00fcn\u00fc il\u0259 \u0259laq\u0259lidir.\n<\/p>\n<p>\n  B\u00fc g\u00fcn, avqustun 17-si onun 45 ya\u015f\u0131 tamam olur.\n<\/p>\n<p>\n  Bir il bundan \u00f6nc\u0259 ba\u015f ver\u0259n, he\u00e7 vaxt unutmayaca\u011f\u0131m bir m\u0259qam\u0131 qeyd edim. Ke\u00e7\u0259n il qarda\u015f\u0131m Yal\u00e7\u0131n \u00f6z do\u011fum g\u00fcn\u00fcn\u00fc Qobustan h\u0259bsxanas\u0131nda biziml\u0259 birlikd\u0259 qeyd etmi\u015fdi. Bu qutlama onunla uzun-uzun v\u0259 g\u00f6z\u0259l s\u00f6hb\u0259tl\u0259\u015fm\u0259kd\u0259n ibar\u0259t idi. \u00c7oxunun yayda istirah\u0259t m\u0259rk\u0259zl\u0259rind\u0259 dinc\u0259ldiyi q\u0131zmar avqust g\u00fcnl\u0259rind\u0259, o, bizi, biziml\u0259 g\u00f6r\u00fc\u015f\u00fcb-s\u00f6hb\u0259tl\u0259\u015fm\u0259yi se\u00e7mi\u015fdi&#8230;\n<\/p>\n<p>\n  H\u0259bsxanaya ilk d\u00fc\u015fd\u00fcy\u00fcm g\u00fcnd\u0259n indiy\u0259 q\u0259d\u0259r var g\u00fcc\u00fcml\u0259 \u00e7al\u0131\u015fm\u0131\u015fam ki, dar\u0131xmaq hissini \u00f6z\u00fcm\u0259 yax\u0131n buraxmay\u0131m. Etiraf etm\u0259liy\u0259m ki, h\u0259bsxana h\u0259yat\u0131nda bizi t\u0259b\u0259ss\u00fcml\u0259 qar\u015f\u0131lay\u0131b ba\u011fr\u0131na bas\u0131b d\u0259rdl\u0259rimizi b\u00f6l\u00fc\u015f\u0259n Yal\u00e7\u0131n \u0130manov \u00fc\u00e7\u00fcn \u00e7ox, lap \u00e7ox dar\u0131xm\u0131\u015fam&#8230;\n<\/p>\n<p>\n  Do\u011fum g\u00fcn\u00fcn m\u00fcbar\u0259k, ey g\u00f6z\u0259l insan! Yenid\u0259n g\u00f6r\u00fc\u015fm\u0259k \u00fcmidi il\u0259&#8230;\n<\/p>\n<p>\n  Tanr\u0131 s\u0259ni qorusun!\n<\/p>\n<p>\n  <b><br \/>\n    Taleh Ba\u011f\u0131rzad\u0259, Qobustan h\u0259bsxanas\u0131<br \/>\n  <\/b>\n<\/p>\n<p>\n  <b><br \/>\n    <i><br \/>\n      Yaz\u0131 m\u00fc\u0259llifin fikirl\u0259rini \u0259ks etdirir v\u0259 Meydan TV-nin m\u00f6vqeyi il\u0259 \u00fcst-\u00fcst\u0259 d\u00fc\u015fm\u0259y\u0259 bil\u0259r.<br \/>\n    <\/i><br \/>\n  <\/b><\/p>\n","protected":false},"excerpt":{"rendered":"<p>Onunla ba\u011fl\u0131 q\u0259l\u0259m\u0259 almaq ist\u0259diyim xatir\u0259l\u0259ri hans\u0131 ard\u0131c\u0131ll\u0131qla yazaca\u011f\u0131ma q\u0259rar ver\u0259 bilmir\u0259m<\/p>\n","protected":false},"author":11,"featured_media":108109,"comment_status":"closed","ping_status":"open","sticky":false,"template":"","format":"standard","meta":{"_acf_changed":false,"_sitemap_exclude":false,"_sitemap_priority":"","_sitemap_frequency":"","footnotes":""},"categories":[57],"tags":[],"class_list":["post-191306","post","type-post","status-publish","format-standard","has-post-thumbnail","hentry","category-menim-fikrimce","infinite-scroll-item","generate-columns","tablet-grid-50","mobile-grid-100","grid-parent","grid-33","no-featured-image-padding"],"acf":[],"yoast_head":"<!-- This site is optimized with the Yoast SEO plugin v27.4 - https:\/\/yoast.com\/product\/yoast-seo-wordpress\/ -->\n<title>O\u011flum m\u0259n\u0259 yazd\u0131 ki... - MEYDAN.TV<\/title>\n<meta name=\"robots\" content=\"index, follow, max-snippet:-1, max-image-preview:large, max-video-preview:-1\" \/>\n<link rel=\"canonical\" href=\"https:\/\/www.meydan.tv\/az\/article\/oglum-mene-yazdi-ki\/\" \/>\n<meta property=\"og:locale\" content=\"az_AZ\" \/>\n<meta property=\"og:type\" content=\"article\" \/>\n<meta property=\"og:title\" content=\"O\u011flum m\u0259n\u0259 yazd\u0131 ki... - MEYDAN.TV\" \/>\n<meta property=\"og:description\" content=\"Onunla ba\u011fl\u0131 q\u0259l\u0259m\u0259 almaq ist\u0259diyim xatir\u0259l\u0259ri hans\u0131 ard\u0131c\u0131ll\u0131qla yazaca\u011f\u0131ma q\u0259rar ver\u0259 bilmir\u0259m\" \/>\n<meta property=\"og:url\" content=\"https:\/\/www.meydan.tv\/az\/article\/oglum-mene-yazdi-ki\/\" \/>\n<meta property=\"og:site_name\" content=\"MEYDAN.TV\" \/>\n<meta property=\"article:published_time\" content=\"2018-08-17T17:14:27+00:00\" \/>\n<meta property=\"og:image\" content=\"https:\/\/www.meydan.tv\/wp-content\/uploads\/42952-scaled.jpg\" \/>\n\t<meta property=\"og:image:width\" content=\"2560\" \/>\n\t<meta property=\"og:image:height\" content=\"1164\" \/>\n\t<meta property=\"og:image:type\" content=\"image\/jpeg\" \/>\n<meta name=\"author\" content=\"user-manager\" \/>\n<meta name=\"twitter:card\" content=\"summary_large_image\" \/>\n<script type=\"application\/ld+json\" class=\"yoast-schema-graph\">{\"@context\":\"https:\\\/\\\/schema.org\",\"@graph\":[{\"@type\":\"Article\",\"@id\":\"https:\\\/\\\/www.meydan.tv\\\/az\\\/article\\\/oglum-mene-yazdi-ki\\\/#article\",\"isPartOf\":{\"@id\":\"https:\\\/\\\/www.meydan.tv\\\/az\\\/article\\\/oglum-mene-yazdi-ki\\\/\"},\"author\":{\"name\":\"user-manager\",\"@id\":\"https:\\\/\\\/www.meydan.tv\\\/az\\\/#\\\/schema\\\/person\\\/10d11eccf6da3662cf5fdab9806ea91a\"},\"headline\":\"O\u011flum m\u0259n\u0259 yazd\u0131 ki&#8230;\",\"datePublished\":\"2018-08-17T17:14:27+00:00\",\"mainEntityOfPage\":{\"@id\":\"https:\\\/\\\/www.meydan.tv\\\/az\\\/article\\\/oglum-mene-yazdi-ki\\\/\"},\"wordCount\":1236,\"publisher\":{\"@id\":\"https:\\\/\\\/www.meydan.tv\\\/az\\\/#organization\"},\"image\":{\"@id\":\"https:\\\/\\\/www.meydan.tv\\\/az\\\/article\\\/oglum-mene-yazdi-ki\\\/#primaryimage\"},\"thumbnailUrl\":\"https:\\\/\\\/www.meydan.tv\\\/wp-content\\\/uploads\\\/42952-scaled.jpg\",\"articleSection\":[\"M\u0259nim Fikrimc\u0259\"],\"inLanguage\":\"az\"},{\"@type\":\"WebPage\",\"@id\":\"https:\\\/\\\/www.meydan.tv\\\/az\\\/article\\\/oglum-mene-yazdi-ki\\\/\",\"url\":\"https:\\\/\\\/www.meydan.tv\\\/az\\\/article\\\/oglum-mene-yazdi-ki\\\/\",\"name\":\"O\u011flum m\u0259n\u0259 yazd\u0131 ki... - MEYDAN.TV\",\"isPartOf\":{\"@id\":\"https:\\\/\\\/www.meydan.tv\\\/az\\\/#website\"},\"primaryImageOfPage\":{\"@id\":\"https:\\\/\\\/www.meydan.tv\\\/az\\\/article\\\/oglum-mene-yazdi-ki\\\/#primaryimage\"},\"image\":{\"@id\":\"https:\\\/\\\/www.meydan.tv\\\/az\\\/article\\\/oglum-mene-yazdi-ki\\\/#primaryimage\"},\"thumbnailUrl\":\"https:\\\/\\\/www.meydan.tv\\\/wp-content\\\/uploads\\\/42952-scaled.jpg\",\"datePublished\":\"2018-08-17T17:14:27+00:00\",\"breadcrumb\":{\"@id\":\"https:\\\/\\\/www.meydan.tv\\\/az\\\/article\\\/oglum-mene-yazdi-ki\\\/#breadcrumb\"},\"inLanguage\":\"az\",\"potentialAction\":[{\"@type\":\"ReadAction\",\"target\":[\"https:\\\/\\\/www.meydan.tv\\\/az\\\/article\\\/oglum-mene-yazdi-ki\\\/\"]}]},{\"@type\":\"ImageObject\",\"inLanguage\":\"az\",\"@id\":\"https:\\\/\\\/www.meydan.tv\\\/az\\\/article\\\/oglum-mene-yazdi-ki\\\/#primaryimage\",\"url\":\"https:\\\/\\\/www.meydan.tv\\\/wp-content\\\/uploads\\\/42952-scaled.jpg\",\"contentUrl\":\"https:\\\/\\\/www.meydan.tv\\\/wp-content\\\/uploads\\\/42952-scaled.jpg\",\"width\":2560,\"height\":1164,\"caption\":\"\u0130ll\u00fcstrasiya: Meydan TV\"},{\"@type\":\"BreadcrumbList\",\"@id\":\"https:\\\/\\\/www.meydan.tv\\\/az\\\/article\\\/oglum-mene-yazdi-ki\\\/#breadcrumb\",\"itemListElement\":[{\"@type\":\"ListItem\",\"position\":1,\"name\":\"Ana s\u0259hif\u0259\",\"item\":\"https:\\\/\\\/www.meydan.tv\\\/az\\\/\"},{\"@type\":\"ListItem\",\"position\":2,\"name\":\"M\u0259nim Fikrimc\u0259\",\"item\":\"https:\\\/\\\/www.meydan.tv\\\/az\\\/section\\\/menim-fikrimce\\\/\"},{\"@type\":\"ListItem\",\"position\":3,\"name\":\"O\u011flum m\u0259n\u0259 yazd\u0131 ki&#8230;\"}]},{\"@type\":\"WebSite\",\"@id\":\"https:\\\/\\\/www.meydan.tv\\\/az\\\/#website\",\"url\":\"https:\\\/\\\/www.meydan.tv\\\/az\\\/\",\"name\":\"MEYDAN.TV\",\"description\":\"Meydan TV Az\u0259rbaycan\u0131n media m\u0259kan\u0131ndak\u0131 alternativ s\u0259sidir\",\"publisher\":{\"@id\":\"https:\\\/\\\/www.meydan.tv\\\/az\\\/#organization\"},\"potentialAction\":[{\"@type\":\"SearchAction\",\"target\":{\"@type\":\"EntryPoint\",\"urlTemplate\":\"https:\\\/\\\/www.meydan.tv\\\/az\\\/?s={search_term_string}\"},\"query-input\":{\"@type\":\"PropertyValueSpecification\",\"valueRequired\":true,\"valueName\":\"search_term_string\"}}],\"inLanguage\":\"az\"},{\"@type\":\"Organization\",\"@id\":\"https:\\\/\\\/www.meydan.tv\\\/az\\\/#organization\",\"name\":\"Meydan TV\",\"url\":\"https:\\\/\\\/www.meydan.tv\\\/az\\\/\",\"logo\":{\"@type\":\"ImageObject\",\"inLanguage\":\"az\",\"@id\":\"https:\\\/\\\/www.meydan.tv\\\/az\\\/#\\\/schema\\\/logo\\\/image\\\/\",\"url\":\"https:\\\/\\\/www.meydan.tv\\\/wp-content\\\/uploads\\\/2021\\\/07\\\/meydan-logo.svg\",\"contentUrl\":\"https:\\\/\\\/www.meydan.tv\\\/wp-content\\\/uploads\\\/2021\\\/07\\\/meydan-logo.svg\",\"width\":195,\"height\":46,\"caption\":\"Meydan TV\"},\"image\":{\"@id\":\"https:\\\/\\\/www.meydan.tv\\\/az\\\/#\\\/schema\\\/logo\\\/image\\\/\"}},{\"@type\":\"Person\",\"@id\":\"https:\\\/\\\/www.meydan.tv\\\/az\\\/#\\\/schema\\\/person\\\/10d11eccf6da3662cf5fdab9806ea91a\",\"name\":\"user-manager\"}]}<\/script>\n<!-- \/ Yoast SEO plugin. -->","yoast_head_json":{"title":"O\u011flum m\u0259n\u0259 yazd\u0131 ki... - MEYDAN.TV","robots":{"index":"index","follow":"follow","max-snippet":"max-snippet:-1","max-image-preview":"max-image-preview:large","max-video-preview":"max-video-preview:-1"},"canonical":"https:\/\/www.meydan.tv\/az\/article\/oglum-mene-yazdi-ki\/","og_locale":"az_AZ","og_type":"article","og_title":"O\u011flum m\u0259n\u0259 yazd\u0131 ki... - MEYDAN.TV","og_description":"Onunla ba\u011fl\u0131 q\u0259l\u0259m\u0259 almaq ist\u0259diyim xatir\u0259l\u0259ri hans\u0131 ard\u0131c\u0131ll\u0131qla yazaca\u011f\u0131ma q\u0259rar ver\u0259 bilmir\u0259m","og_url":"https:\/\/www.meydan.tv\/az\/article\/oglum-mene-yazdi-ki\/","og_site_name":"MEYDAN.TV","article_published_time":"2018-08-17T17:14:27+00:00","og_image":[{"width":2560,"height":1164,"url":"https:\/\/www.meydan.tv\/wp-content\/uploads\/42952-scaled.jpg","type":"image\/jpeg"}],"author":"user-manager","twitter_card":"summary_large_image","schema":{"@context":"https:\/\/schema.org","@graph":[{"@type":"Article","@id":"https:\/\/www.meydan.tv\/az\/article\/oglum-mene-yazdi-ki\/#article","isPartOf":{"@id":"https:\/\/www.meydan.tv\/az\/article\/oglum-mene-yazdi-ki\/"},"author":{"name":"user-manager","@id":"https:\/\/www.meydan.tv\/az\/#\/schema\/person\/10d11eccf6da3662cf5fdab9806ea91a"},"headline":"O\u011flum m\u0259n\u0259 yazd\u0131 ki&#8230;","datePublished":"2018-08-17T17:14:27+00:00","mainEntityOfPage":{"@id":"https:\/\/www.meydan.tv\/az\/article\/oglum-mene-yazdi-ki\/"},"wordCount":1236,"publisher":{"@id":"https:\/\/www.meydan.tv\/az\/#organization"},"image":{"@id":"https:\/\/www.meydan.tv\/az\/article\/oglum-mene-yazdi-ki\/#primaryimage"},"thumbnailUrl":"https:\/\/www.meydan.tv\/wp-content\/uploads\/42952-scaled.jpg","articleSection":["M\u0259nim Fikrimc\u0259"],"inLanguage":"az"},{"@type":"WebPage","@id":"https:\/\/www.meydan.tv\/az\/article\/oglum-mene-yazdi-ki\/","url":"https:\/\/www.meydan.tv\/az\/article\/oglum-mene-yazdi-ki\/","name":"O\u011flum m\u0259n\u0259 yazd\u0131 ki... - MEYDAN.TV","isPartOf":{"@id":"https:\/\/www.meydan.tv\/az\/#website"},"primaryImageOfPage":{"@id":"https:\/\/www.meydan.tv\/az\/article\/oglum-mene-yazdi-ki\/#primaryimage"},"image":{"@id":"https:\/\/www.meydan.tv\/az\/article\/oglum-mene-yazdi-ki\/#primaryimage"},"thumbnailUrl":"https:\/\/www.meydan.tv\/wp-content\/uploads\/42952-scaled.jpg","datePublished":"2018-08-17T17:14:27+00:00","breadcrumb":{"@id":"https:\/\/www.meydan.tv\/az\/article\/oglum-mene-yazdi-ki\/#breadcrumb"},"inLanguage":"az","potentialAction":[{"@type":"ReadAction","target":["https:\/\/www.meydan.tv\/az\/article\/oglum-mene-yazdi-ki\/"]}]},{"@type":"ImageObject","inLanguage":"az","@id":"https:\/\/www.meydan.tv\/az\/article\/oglum-mene-yazdi-ki\/#primaryimage","url":"https:\/\/www.meydan.tv\/wp-content\/uploads\/42952-scaled.jpg","contentUrl":"https:\/\/www.meydan.tv\/wp-content\/uploads\/42952-scaled.jpg","width":2560,"height":1164,"caption":"\u0130ll\u00fcstrasiya: Meydan TV"},{"@type":"BreadcrumbList","@id":"https:\/\/www.meydan.tv\/az\/article\/oglum-mene-yazdi-ki\/#breadcrumb","itemListElement":[{"@type":"ListItem","position":1,"name":"Ana s\u0259hif\u0259","item":"https:\/\/www.meydan.tv\/az\/"},{"@type":"ListItem","position":2,"name":"M\u0259nim Fikrimc\u0259","item":"https:\/\/www.meydan.tv\/az\/section\/menim-fikrimce\/"},{"@type":"ListItem","position":3,"name":"O\u011flum m\u0259n\u0259 yazd\u0131 ki&#8230;"}]},{"@type":"WebSite","@id":"https:\/\/www.meydan.tv\/az\/#website","url":"https:\/\/www.meydan.tv\/az\/","name":"MEYDAN.TV","description":"Meydan TV Az\u0259rbaycan\u0131n media m\u0259kan\u0131ndak\u0131 alternativ s\u0259sidir","publisher":{"@id":"https:\/\/www.meydan.tv\/az\/#organization"},"potentialAction":[{"@type":"SearchAction","target":{"@type":"EntryPoint","urlTemplate":"https:\/\/www.meydan.tv\/az\/?s={search_term_string}"},"query-input":{"@type":"PropertyValueSpecification","valueRequired":true,"valueName":"search_term_string"}}],"inLanguage":"az"},{"@type":"Organization","@id":"https:\/\/www.meydan.tv\/az\/#organization","name":"Meydan TV","url":"https:\/\/www.meydan.tv\/az\/","logo":{"@type":"ImageObject","inLanguage":"az","@id":"https:\/\/www.meydan.tv\/az\/#\/schema\/logo\/image\/","url":"https:\/\/www.meydan.tv\/wp-content\/uploads\/2021\/07\/meydan-logo.svg","contentUrl":"https:\/\/www.meydan.tv\/wp-content\/uploads\/2021\/07\/meydan-logo.svg","width":195,"height":46,"caption":"Meydan TV"},"image":{"@id":"https:\/\/www.meydan.tv\/az\/#\/schema\/logo\/image\/"}},{"@type":"Person","@id":"https:\/\/www.meydan.tv\/az\/#\/schema\/person\/10d11eccf6da3662cf5fdab9806ea91a","name":"user-manager"}]}},"_links":{"self":[{"href":"https:\/\/www.meydan.tv\/az\/wp-json\/wp\/v2\/posts\/191306","targetHints":{"allow":["GET"]}}],"collection":[{"href":"https:\/\/www.meydan.tv\/az\/wp-json\/wp\/v2\/posts"}],"about":[{"href":"https:\/\/www.meydan.tv\/az\/wp-json\/wp\/v2\/types\/post"}],"author":[{"embeddable":true,"href":"https:\/\/www.meydan.tv\/az\/wp-json\/wp\/v2\/users\/11"}],"replies":[{"embeddable":true,"href":"https:\/\/www.meydan.tv\/az\/wp-json\/wp\/v2\/comments?post=191306"}],"version-history":[{"count":0,"href":"https:\/\/www.meydan.tv\/az\/wp-json\/wp\/v2\/posts\/191306\/revisions"}],"wp:featuredmedia":[{"embeddable":true,"href":"https:\/\/www.meydan.tv\/az\/wp-json\/wp\/v2\/media\/108109"}],"wp:attachment":[{"href":"https:\/\/www.meydan.tv\/az\/wp-json\/wp\/v2\/media?parent=191306"}],"wp:term":[{"taxonomy":"category","embeddable":true,"href":"https:\/\/www.meydan.tv\/az\/wp-json\/wp\/v2\/categories?post=191306"},{"taxonomy":"post_tag","embeddable":true,"href":"https:\/\/www.meydan.tv\/az\/wp-json\/wp\/v2\/tags?post=191306"}],"curies":[{"name":"wp","href":"https:\/\/api.w.org\/{rel}","templated":true}]}}