{"id":191260,"date":"2018-08-14T18:52:51","date_gmt":"2018-08-14T18:52:51","guid":{"rendered":"https:\/\/www.meydan.tv\/article\/zehere-cevrilen-ag-qizil\/"},"modified":"2018-08-14T18:52:51","modified_gmt":"2018-08-14T18:52:51","slug":"zehere-cevrilen-ag-qizil","status":"publish","type":"post","link":"https:\/\/www.meydan.tv\/az\/article\/zehere-cevrilen-ag-qizil\/","title":{"rendered":"Z\u0259h\u0259r\u0259 \u00e7evril\u0259n a\u011f q\u0131z\u0131l"},"content":{"rendered":"<figure class=\"wp-block-embed is-type-video is-provider-youtube wp-block-embed-youtube wp-embed-aspect-16-9 wp-has-aspect-ratio\">\n<div class=\"wp-block-embed__wrapper\">\n    <iframe\ttitle=\"\" width=\"1200\" height=\"675\" data-src=\"https:\/\/www.youtube.com\/embed\/LOin1Piolc4\"\tframeborder=\"0\"\tallow=\"accelerometer; autoplay; clipboard-write; encrypted-media; gyroscope; picture-in-picture\" allowfullscreen src=\"data:image\/svg+xml;base64,PHN2ZyB3aWR0aD0iMSIgaGVpZ2h0PSIxIiB4bWxucz0iaHR0cDovL3d3dy53My5vcmcvMjAwMC9zdmciPjwvc3ZnPg==\" class=\"lazyload\" data-load-mode=\"1\"><\/iframe>\n  <\/div><figcaption><\/figcaption><\/figure>\n<p>\n  \u201cHam\u0131m\u0131z\u0131n qar\u0131n nahiy\u0259sind\u0259n sanc\u0131lar ba\u015flad\u0131. A\u011fz\u0131m\u0131zdan k\u00f6p\u00fck g\u0259lirdi. Pamb\u0131q sah\u0259sinin k\u0259nar\u0131na \u00e7\u0131xd\u0131q. Dig\u0259r yolda\u015flar\u0131m\u0131z da g\u0259lib bizi x\u0259st\u0259xanaya apard\u0131lar\u201d, &#8211; dey\u0259n Sabirabad rayon sakini, 33 ya\u015fl\u0131 G\u00fclnar\u0259 Qarda\u015fova bu il Az\u0259rbaycanda pamb\u0131q sah\u0259l\u0259rind\u0259 z\u0259h\u0259rl\u0259n\u0259n y\u00fczl\u0259rl\u0259 f\u0259hl\u0259l\u0259rd\u0259n biridir. Onunla eyni g\u00fcnd\u0259 daha 25 n\u0259f\u0259r z\u0259h\u0259rl\u0259nm\u0131\u015fd\u0131.\n<\/p>\n<p>\n  <b><br \/>\n    \u201cG\u00f6r\u00fcn\u00fcr d\u0259rman\u0131n t\u0259siri h\u0259l\u0259 var imi\u015f\u201d<br \/>\n  <\/b>\n<\/p>\n<p>\n  Son aylar \u00f6lk\u0259nin d\u00f6rd m\u00fcxt\u0259lif rayonunda pamb\u0131q sah\u0259l\u0259rind\u0259 \u00e7al\u0131\u015fan f\u0259hl\u0259l\u0259r aras\u0131nda k\u00fctl\u0259vi z\u0259h\u0259rl\u0259nm\u0259 ba\u015f verib. Z\u0259h\u0259rl\u0259n\u0259nl\u0259rin d\u0259qiq say\u0131 ictimaiyy\u0259td\u0259n gizl\u0259dilir. Media v\u0259 \u015fahidl\u0259rl\u0259rin verdiyi m\u0259lumata \u0259sas\u0259n, z\u0259h\u0259rl\u0259n\u0259n \u015f\u0259xsl\u0259rin say\u0131 400-d\u0259n \u00e7oxdur v\u0259 onlar\u0131n aras\u0131nda u\u015faqlar da var. Bel\u0259 ki, b\u0259zi f\u0259hl\u0259l\u0259r onlara k\u00f6m\u0259k etm\u0259l\u0259ri \u00fc\u00e7\u00fcn u\u015faqlar\u0131n\u0131 da pamb\u0131q sah\u0259l\u0259rin\u0259 i\u015fl\u0259m\u0259y\u0259 g\u00f6t\u00fcr\u00fcrl\u0259r. Meydan TV-nin \u0259m\u0259kda\u015f\u0131 Saatl\u0131da pamb\u0131q sah\u0259sind\u0259 \u00e7al\u0131\u015fan f\u0259hl\u0259l\u0259rl\u0259 g\u00f6r\u00fc\u015f\u0259n zaman da, i\u015f\u00e7i briqadas\u0131nda \u00fc\u00e7 yeniyetm\u0259 q\u0131za rast g\u0259lib. Lakin onlar \u0259sl ya\u015flar\u0131n\u0131 bildirm\u0259kd\u0259n \u00e7\u0259kinibl\u0259r.\n<\/p>\n<p>\n  \u0130lkin m\u0259lumatlara \u0259sas\u0259n, f\u0259hl\u0259l\u0259r pamb\u0131q sah\u0259l\u0259rind\u0259 alaq otlar\u0131na v\u0259 ziyanvericil\u0259r\u0259 qar\u015f\u0131 istifad\u0259 edil\u0259n pestisidl\u0259rd\u0259n z\u0259h\u0259rl\u0259nibl\u0259r.\n<\/p>\n<p>\n  \u201c\u0130\u015fl\u0259m\u0259y\u0259 Saatl\u0131ya getmi\u015fdik. \u0130\u015f\u0259 ba\u015flamazdan \u0259vv\u0259l fermer biz\u0259 bildirdi ki, art\u0131q 15 g\u00fcnd\u00fcr torpa\u011fa d\u0259rman s\u0259pilib v\u0259 d\u0259rman\u0131n \u00fcz\u0259rind\u0259 yaz\u0131l\u0131b ki, s\u0259pil\u0259nd\u0259n bir g\u00fcn sonra art\u0131q sah\u0259d\u0259 i\u015fl\u0259m\u0259k olar. Biz d\u0259 ba\u015flad\u0131q i\u015fl\u0259m\u0259y\u0259, amma g\u00f6r\u00fcn\u00fcr, d\u0259rman\u0131n t\u0259siri h\u0259l\u0259 d\u0259 var imi\u015f\u201d, &#8211; dey\u0259, G\u00fclnar\u0259 Qarda\u015fova bildirir.\n<\/p>\n<figure class=\"wp-block-image size-large\">\n  <img decoding=\"async\" src=\"https:\/\/www.meydan.tv\/az\/107931\/\" alt=\"\" class=\"wp-image-107931\"\/><figcaption><\/figcaption><\/figure>\n<p>\n  <b><br \/>\n    \u201cM\u0259qs\u0259d 2022-ci il\u0259 q\u0259d\u0259r pamb\u0131q istehsal\u0131n\u0131 500 min tona \u00e7atd\u0131rmaqd\u0131r\u201d<br \/>\n  <\/b>\n<\/p>\n<p>\n  Son \u00fc\u00e7 ild\u0259 Az\u0259rbaycan h\u00f6kum\u0259ti qeyri-neft sektorunun inki\u015faf\u0131n\u0131, x\u00fcsusil\u0259 d\u0259 k\u0259nd t\u0259s\u0259rr\u00fcfat\u0131n\u0131 \u00f6z prioritet sah\u0259si elan edib. \u00d6lk\u0259 prezidenti \u0130lham \u018fliyevin 2017-ci il 13 iyul tarixli<br \/>\n  <a href=\"http:\/\/www.e-qanun.az\/framework\/36050\"><br \/>\n    s\u0259r\u0259ncam<br \/>\n  <\/a><br \/>\n  \u0131 il\u0259 \u201cAz\u0259rbaycan Respublikas\u0131nda pamb\u0131q\u00e7\u0131l\u0131\u011f\u0131n inki\u015faf\u0131na dair 2017\u20132022-ci ill\u0259r \u00fc\u00e7\u00fcn D\u00f6vl\u0259t Proqram\u0131\u201d da t\u0259sdiq edilib v\u0259 m\u0259qs\u0259d 2022-ci il\u0259 kimi pamb\u0131q istehsal\u0131n\u0131 500 min tona \u00e7atd\u0131rmaqd\u0131r. Proqram dem\u0259k olar ki, b\u00fct\u00fcn dovl\u0259t qurumlar\u0131, x\u00fcsusi il\u0259 d\u0259 Maliyy\u0259 v\u0259 \u0130qtisadi \u0130nki\u015faf nazirlikl\u0259rinin \u00fcz\u0259rin\u0259 pamb\u0131q\u00e7\u0131l\u0131\u011f\u0131n inki\u015faf\u0131na x\u00fcsusi diqq\u0259t ay\u0131rmaqla ba\u011fl\u0131 \u00f6hd\u0259lik qoyub. H\u0259m\u00e7inin bu sah\u0259y\u0259 2016-ci ild\u0259n ba\u015flayaraq d\u00f6vl\u0259t b\u00fcrc\u0259sid\u0259n<br \/>\n  <a href=\"http:\/\/www.cabmin.gov.az\/page\/doc\/2058\"><br \/>\n    subsidiya<br \/>\n  <\/a><br \/>\n  da ayr\u0131l\u0131r v\u0259 pamb\u0131q istehsal\u00e7\u0131lar\u0131na emal m\u00fc\u0259ssis\u0259l\u0259rin\u0259 satd\u0131qlar\u0131 xam pamb\u0131\u011f\u0131n h\u0259r kiloqram\u0131na g\u00f6r\u0259 0,1 manat m\u0259bl\u0259\u011find\u0259 subsidiya verilir. Eyni zamanda \u0259kil\u0259n torpaq sah\u0259l\u0259rinin h\u0259cmin\u0259 g\u00f6r\u0259 fermerl\u0259r\u0259, aqrolizinq t\u0259\u015fkilatlar\u0131 vasit\u0259sil\u0259 k\u0259nd t\u0259s\u0259rr\u00fcfat\u0131 texnikalar\u0131n\u0131n, toxumlar\u0131n, yanacaq, k\u00fcbr\u0259 v\u0259 pestisidl\u0259rin al\u0131nmas\u0131 \u00fc\u00e7\u00fcn d\u0259 subsidiyalar ayr\u0131l\u0131r.\n<\/p>\n<p>\n  Pamb\u0131q sah\u0259l\u0259rind\u0259 k\u00fctl\u0259vi z\u0259h\u0259rl\u0259nm\u0259l\u0259r\u0259 s\u0259b\u0259b oldu\u011fu g\u00fcman edil\u0259n pestisidl\u0259rin al\u0131nmas\u0131 v\u0259 fermerl\u0259r\u0259 paylanmas\u0131 da \u0259sas\u0259n d\u00f6vl\u0259tin n\u0259zar\u0259tind\u0259 olan aqro-s\u0259nay\u0259 birlikl\u0259ri t\u0259rfind\u0259n h\u0259yata ke\u00e7irilir. M\u0259hz bu s\u0259b\u0259bd\u0259n fermerl\u0259rin hans\u0131 pestisidl\u0259rd\u0259n istifad\u0259 etdikl\u0259ri haqda m\u0259lumat \u0259ld\u0259 etm\u0259k \u00e7\u0259tindir.\n<\/p>\n<figure class=\"wp-block-image size-large\">\n  <img decoding=\"async\" src=\"https:\/\/www.meydan.tv\/az\/107937\/\" alt=\"\" class=\"wp-image-107937\"\/><figcaption><\/figcaption><\/figure>\n<p>\n  <b><br \/>\n    Z\u0259h\u0259rl\u0259nm\u0259 \u201ct\u0259sdiq edilm\u0259yib\u201d, amma cinay\u0259t i\u015fi a\u00e7\u0131l\u0131b<br \/>\n  <\/b>\n<\/p>\n<p>\n  \u00a0Pamb\u0131q sah\u0259l\u0259rind\u0259 z\u0259h\u0259rl\u0259nm\u0259nin say\u0131n\u0131n daha \u00e7ox oldu\u011fu \u0130mi\u015flid\u0259 z\u0259r\u0259r\u00e7\u0259k\u0259nl\u0259rin \u0259ks\u0259riyy\u0259ti rayonun M\u0259rk\u0259zi X\u0259st\u0259xanas\u0131nda m\u00fcalic\u0259 al\u0131b. X\u0259st\u0259xanan\u0131n ba\u015f h\u0259kimi Eynulla Qas\u0131mov f\u0259hl\u0259l\u0259rin pesdisidl\u0259rd\u0259n z\u0259h\u0259rl\u0259ndiyini t\u0259sdiql\u0259yir:\n<\/p>\n<p>\n  \u201cPesdisidl\u0259rd\u0259n z\u0259h\u0259rl\u0259nm\u0259 Sovetl\u0259r zaman\u0131 da olurdu, indi d\u0259 bel\u0259 hallara t\u0259sad\u00fcf edilir. Bu da, bel\u0259 hallardan biridir\u201d.\n<\/p>\n<p>\n  G\u00fclnar\u0259 Qarda\u015fova kimi v\u0259ziyy\u0259ti nisb\u0259t\u0259n daha a\u011f\u0131r olan bir ne\u00e7\u0259 pamb\u0131q\u00e7\u0131 rayon x\u0259st\u0259xanalar\u0131nda ilkin yard\u0131m ald\u0131qdan sonra Bak\u0131dak\u0131 Kliniki Tibbi M\u0259rk\u0259z\u0259 g\u00f6nd\u0259rilib. Lakin M\u0259rk\u0259zin toksikologiya \u015f\u00f6b\u0259sinin m\u00fcdiri Az\u0259r Maqsudov s\u00f6z\u00fcged\u0259n \u015f\u0259xsl\u0259rd\u0259 z\u0259h\u0259rl\u0259nm\u0259nin t\u0259sdiq edilm\u0259diyini iddia edir:\n<\/p>\n<p>\n  \u201cOnlarda y\u00fcng\u00fcl ba\u015fgic\u0259ll\u0259nm\u0259, \u00fcr\u0259kbulanma var idi. Bizim M\u0259rk\u0259z s\u0131rf z\u0259h\u0259rl\u0259nm\u0259 il\u0259 m\u0259\u015f\u011ful olur, z\u0259h\u0259rl\u0259nm\u0259ni ya t\u0259sdiq edirik, ya da inkar edirik. Bu pasientl\u0259rd\u0259 he\u00e7 bir z\u0259h\u0259rl\u0259nm\u0259 t\u0259sdiq olunmad\u0131\u201d.\n<\/p>\n<p>\n  Art\u0131q T\u0259rt\u0259r v\u0259 Sabirabadda pamb\u0131q sah\u0259l\u0259rind\u0259 ba\u015f ver\u0259n n\u00f6vb\u0259ti k\u00fctl\u0259vi z\u0259h\u0259rl\u0259nm\u0259 hadis\u0259l\u0259ri ictimaiyy\u0259t\u0259 g\u00fcnvurma kimi t\u0259qdim edilir.\n<\/p>\n<figure class=\"wp-block-image size-large\">\n  <img decoding=\"async\" src=\"https:\/\/www.meydan.tv\/az\/107934\/\" alt=\"\" class=\"wp-image-107934\"\/><figcaption><\/figcaption><\/figure>\n<p>\n  Ba\u015f vermi\u015f z\u0259h\u0259rl\u0259nm\u0259 hadis\u0259l\u0259ri il\u0259 ba\u011fl\u0131 10 iyun tarixind\u0259 Ba\u015f Prokurorluq t\u0259r\u0259find\u0259n bitki x\u0259st\u0259likl\u0259rin\u0259 v\u0259 ziyanvericil\u0259r\u0259 qar\u015f\u0131 m\u00fcbariz\u0259 qaydalar\u0131n\u0131n pozulmas\u0131 v\u0259 v\u0259zif\u0259li \u015f\u0259xsin v\u0259zif\u0259 s\u0259lahiyy\u0259tl\u0259rini d\u00fczg\u00fcn yerin\u0259 yetirm\u0259m\u0259si \u0259sas g\u0259tiril\u0259r\u0259k cinay\u0259t i\u015fi ba\u015flan\u0131b v\u0259 art\u0131q 10 n\u0259f\u0259rin saxlan\u0131ld\u0131\u011f\u0131 bildirilir. Ba\u015f Prokurorlu\u011fun bir ne\u00e7\u0259 d\u00f6vl\u0259t qurumu il\u0259 birg\u0259 yayd\u0131\u011f\u0131 b\u0259yanatda da m\u00fcxt\u0259lif b\u00f6lg\u0259l\u0259rd\u0259 bir qrup \u015f\u0259xsin z\u0259h\u0259rl\u0259nm\u0259 diaqnozu il\u0259 m\u00fcalic\u0259 m\u00fc\u0259ssis\u0259l\u0259rin\u0259 daxil oldu\u011fu qeyd olunur. Lakin istintaq prosesinin getdiyi \u0259sas g\u0259tiril\u0259r\u0259k, h\u0259l\u0259 d\u0259 z\u0259h\u0259rl\u0259nm\u0259l\u0259rin hans\u0131 \u015f\u0259raitd\u0259 ba\u015f verm\u0259si il\u0259 ba\u011fl\u0131 ictimaiyy\u0259t\u0259 konkret m\u0259lumatlar verilmir. Ba\u015f Prokurorlu\u011fun 9 avqust tarixind\u0259 yayd\u0131\u011f\u0131 m\u0259lumata g\u00f6r\u0259, art\u0131q saxlan\u0131lanlar bar\u0259sind\u0259 cinay\u0259t i\u015fl\u0259rinin ibtidai istintaq\u0131 tamamlan\u0131b v\u0259 m\u00fcvafiq olaraq Saatl\u0131, \u0130mi\u015fli v\u0259 T\u0259rt\u0259r rayon m\u0259hk\u0259m\u0259l\u0259rin\u0259 g\u00f6nd\u0259rilib.\n<\/p>\n<p>\n  <b><br \/>\n    \u201cF\u0259hl\u0259 tutduq ki, ala\u011f\u0131 t\u0259mizl\u0259sin, n\u0259tic\u0259si d\u0259 bel\u0259 oldu\u201d<br \/>\n  <\/b>\n<\/p>\n<p>\n  \u00a0\u0130fact.ge Saatl\u0131n\u0131n pamb\u0131q tarlalar\u0131nda \u00e7\u0259kil\u0259n<br \/>\n  <a href=\"https:\/\/ifact.ge\/en\/cotton-weed-pickers-didnt-know-standing-poison\/\"><br \/>\n    \u201cRifle 48 EC\u201d d\u0259rman preparat\u0131n\u0131n fotolar\u0131n\u0131<br \/>\n  <\/a><br \/>\n  yay\u0131b. Bu d\u0259rman\u0131n t\u0259rkibind\u0259ki \u0259sas inqridient \u201cTrifluralin\u201ddir. Yaban\u0131 otlar\u0131n m\u0259hvi \u00fc\u00e7\u00fcn n\u0259z\u0259rd\u0259 tutulan \u201cTrifluralin\u201din istehsal\u0131 v\u0259 istifad\u0259si 2008-ci ild\u0259n etibar\u0259n Avropa Birliyind\u0259 qada\u011fan edilib. Bu kimy\u0259vi madd\u0259 h\u0259l\u0259 d\u0259 T\u00fcrkiy\u0259d\u0259, Kanada v\u0259 AB\u015e-da istifad\u0259 edils\u0259 d\u0259, qaydalara \u0259sas\u0259n d\u0259rman, yaln\u0131z x\u00fcsusi geyimd\u0259 olan i\u015f\u00e7il\u0259r t\u0259r\u0259find\u0259n istifad\u0259 edil\u0259 bil\u0259r.\n<\/p>\n<p>\n  G\u00fclnar\u0259 Qarda\u015fovan\u0131n i\u015fl\u0259y\u0259rk\u0259n z\u0259h\u0259rl\u0259nidiyi torpaq sah\u0259si fermer L\u0259tif X\u0259lidova m\u0259xsusdur. \u0130fact.ge-y\u0259 dan\u0131\u015fan fermer pestisidi m\u00fcqavil\u0259 \u0259sas\u0131nda MTK \u0130stehsalat Kommersiya MMC-d\u0259n \u0259ld\u0259 etdiyini deyir. Onun s\u00f6zl\u0259rin\u0259 g\u00f6r\u0259, d\u0259rman\u0131n istifad\u0259sind\u0259n sonra i\u015f\u00e7il\u0259ri n\u0259 vaxt tarlaya g\u0259tirm\u0259li olduqlar\u0131 haqda he\u00e7 bir m\u0259lumat\u0131 olmay\u0131b:\n<\/p>\n<p>\n  \u201cBiz sad\u0259 insanlar\u0131q, bilmirik n\u0259 d\u0259rmand\u0131r, yax\u015f\u0131d\u0131r, yoxsa pis. Buna zavod, bil\u0259n insanlar n\u0259zar\u0259t etm\u0259lidir. G\u00f6rd\u00fck ki, d\u0259rman\u0131n ala\u011fa t\u0259siri olmad\u0131, \u0259l \u0259m\u0259yind\u0259n istifad\u0259 etm\u0259k q\u0259rar\u0131na g\u0259ldik. F\u0259hl\u0259 tutduq ki, ala\u011f\u0131 t\u0259mizl\u0259sin, n\u0259tic\u0259si d\u0259 bel\u0259 oldu\u201d.\n<\/p>\n<p>\n  Az\u0259rbaycanda pestisidl\u0259rin keyfiyy\u0259tin\u0259 n\u0259zar\u0259ti bu ilin 1 iyul tarixin\u0259d\u0259k K\u0259nd T\u0259s\u0259rr\u00fcfat\u0131\u00a0 Nazirliyi yan\u0131nda D\u00f6vl\u0259t Fitosanitar N\u0259zar\u0259ti Xidm\u0259ti h\u0259yata ke\u00e7irirdi. Saxlan\u0131lanlar aras\u0131nda xidm\u0259tin d\u0259 \u00fc\u00e7 \u0259m\u0259kda\u015f\u0131 var. Direktor m\u00fcavini Yaqub M\u0259mm\u0259dlinin s\u00f6zl\u0259rin\u0259 g\u00f6r\u0259, m\u00f6vcud qanunvericiliy\u0259 g\u00f6r\u0259, xidm\u0259t \u0259m\u0259kda\u015flar\u0131 yaln\u0131z fermerl\u0259rin \u00f6z\u00fcn\u00fcn m\u00fcraci\u0259ti \u0259sas\u0131nda \u0259kin sah\u0259l\u0259rin\u0259 bax\u0131\u015f h\u0259yata ke\u00e7irm\u0259k, m\u00fc\u0259yy\u0259n m\u0259sl\u0259h\u0259tl\u0259r verm\u0259k s\u0259lahiyy\u0259tl\u0259rin\u0259 malikdirl\u0259r. Qurumun \u00f6z\u00fc d\u0259 z\u0259h\u0259rl\u0259nm\u0259l\u0259rl\u0259 ba\u011fl\u0131 m\u00fc\u0259yy\u0259n ara\u015fd\u0131rmalar aparsa da, Yaqub M\u0259mm\u0259dli istintaq s\u0259b\u0259bind\u0259n bu haqda a\u00e7\u0131qlama ver\u0259 bilm\u0259y\u0259c\u0259yini deyir.\n<\/p>\n<p>\n  Bu ilin 1 iyul tarixind\u0259n pestisidl\u0259rin, bioloji preparatlar\u0131n v\u0259 aqrokimy\u0259vi madd\u0259l\u0259rin \u00f6lk\u0259y\u0259 idxal\u0131na n\u0259zar\u0259ti Qida T\u0259hl\u00fck\u0259sizliyi Agentliyi h\u0259yata ke\u00e7irm\u0259y\u0259 ba\u015flay\u0131b. Qurumun m\u0259tbuat xidm\u0259tinin yayd\u0131\u011f\u0131 m\u0259lumata g\u00f6r\u0259, s\u00f6z\u00fcged\u0259n m\u0259hsullar\u0131n idxal\u0131nda yeni n\u0259zar\u0259t mexanizml\u0259ri t\u0259tbiq olunacaq v\u0259 n\u0259zar\u0259t g\u00fccl\u0259ndiril\u0259c\u0259k.\n<\/p>\n<p>\n  MKT \u0130stehsalat Kommersiya MMC respublikan\u0131n bir \u00e7ox rayonunda pamb\u0131q sah\u0259l\u0259rinin \u015fumlanmas\u0131, pestisid v\u0259 k\u00fcbr\u0259l\u0259rl\u0259 t\u0259minat\u0131n\u0131, pamb\u0131q al\u0131\u015f\u0131n\u0131 h\u0259yata ke\u00e7irir. Ifact.ge-nin m\u0259lumat\u0131na g\u00f6r\u0259, bu \u015firk\u0259t \u0130mi\u015flid\u0259 4 min hektara yax\u0131n sah\u0259ni icar\u0259y\u0259 g\u00f6t\u00fcr\u0259r\u0259k orada pamb\u0131q bec\u0259rir. \u0130yunun 19-da h\u0259min sah\u0259d\u0259 \u00e7al\u0131\u015fan daha 80 f\u0259hl\u0259 d\u0259 z\u0259h\u0259rl\u0259nmi\u015fdi.\n<\/p>\n<p>\n  MKT Az\u0259rbaycanda pamb\u0131q sat\u0131\u015f\u0131n\u0131 h\u0259yata ke\u00e7ir\u0259n \u0259n apar\u0131c\u0131 \u015firk\u0259tl\u0259 &#8211; \u201eGilan Holding\u201cl\u0259 eyni \u00fcnvanda qeydiyyatdad\u0131r. \u201eGilan Holding\u201cin b\u00f6y\u00fck pay hiss\u0259si Dubay qeydiyyat\u0131nda olan \u201eSahra FZCO\u201c \u015firk\u0259tind\u0259dir.<br \/>\n  <a href=\"https:\/\/www.occrp.org\/en\/thedaphneproject\/pilatus-a-private-bank-for-azerbaijans-ruling-elite\"><br \/>\n    OCCRP ara\u015fd\u0131rmalar\u0131n\u0131n<br \/>\n  <\/a><br \/>\n  birind\u0259 \u201eSahra FZCO\u201cnun real sahibl\u0259rinin prezident \u018fliyevin q\u0131zlar\u0131 Arzu v\u0259 Leyla oldu\u011fu qeyd edilir.\n<\/p>\n<p>\n  \u201ciFact.ge\u201d-nin m\u00fcxbiri \u0130mi\u015flid\u0259 yerl\u0259\u015f\u0259n tarlan\u0131n \u0259traf\u0131nda \u201cMegasun 20 SP\u201d yaz\u0131lan sellofanlar tap\u0131b. Selofan paketl\u0259rin \u00fcz\u0259rind\u0259 \u201cGilan Holding\u201d \u015firk\u0259ti t\u0259r\u0259find\u0259n Az\u0259rbaycanda istehsal olundu\u011fu qeyd edilib. \u0130mi\u015flid\u0259ki MKT-ya m\u0259xsus sah\u0259d\u0259 \u00e7al\u0131\u015fan f\u0259hl\u0259l\u0259r d\u0259 \u0259raziy\u0259 g\u0259l\u0259rk\u0259n \u0259trafda \u00fcz\u0259rind\u0259 \u201eGilan Holding\u201c yaz\u0131lan d\u0259rman paketl\u0259rin\u0259 r\u0259st g\u0259ldikl\u0259rini bildirirl\u0259r.\n<\/p>\n<p>\n  Z\u0259h\u0259rl\u0259nm\u0259 hadis\u0259l\u0259ri il\u0259 ba\u011fl\u0131 apar\u0131lan istintaqa \u0259sas\u0259n h\u0259bs olunanlardan d\u00f6rd n\u0259f\u0259r MKT-n\u0131n \u0259m\u0259kda\u015flar\u0131d\u0131r. Z\u0259h\u0259rl\u0259nm\u0259l\u0259rin s\u0259b\u0259bi haqda bir s\u00f6z dey\u0259 bilm\u0259y\u0259c\u0259yini s\u00f6yl\u0259y\u0259n \u015firk\u0259tin direktor m\u00fcavini R\u00f6v\u015f\u0259n H\u00fcseynov, \u201eGilan Holding\u201cd\u0259n he\u00e7 bir d\u0259rman preparat\u0131 almad\u0131qlar\u0131n\u0131 iddia edir:\n<\/p>\n<p>\n  \u201eBiz \u00f6lk\u0259 daxilind\u0259 istehsal edil\u0259n pesdisidl\u0259ri yaln\u0131z \u201eAqrokimya Az\u0259rbaycan\u201c \u015firk\u0259tind\u0259n al\u0131r\u0131q. Dig\u0259rl\u0259rini is\u0259 xaricd\u0259n \u0259ld\u0259 edirik\u201c.\n<\/p>\n<figure class=\"wp-block-image size-large\">\n  <img decoding=\"async\" src=\"https:\/\/www.meydan.tv\/az\/fotolar-ifact-ge-saytina-mexsusdur\/\" alt=\"Fotolar ifact.ge sayt\u0131na m\u0259xsusdur\" class=\"wp-image-107955\"\/><figcaption><\/figcaption><\/figure>\n<p>\n  <b><br \/>\n    Ekspertl\u0259r deyir ki&#8230;<br \/>\n  <\/b>\n<\/p>\n<p>\n  Aqrar sah\u0259 \u00fczr\u0259 m\u00fct\u0259x\u0259ssis Vahid M\u0259h\u0259rr\u0259mli is\u0259 hesab edir ki, z\u0259h\u0259rl\u0259nm\u0259 hadis\u0259sin\u0259 tez bir zamanda ayd\u0131nl\u0131q g\u0259tirm\u0259k m\u00fcmk\u00fcn idi:\n<\/p>\n<p>\n  \u201cM\u0259s\u0259l\u0259nin bu q\u0259d\u0259r uzad\u0131lmas\u0131 v\u0259 indiy\u0259d\u0259k qeyri-m\u00fc\u0259yy\u0259nliyin olmas\u0131 ondan x\u0259b\u0259r verir ki, bunlar bu i\u015fin \u00f6hd\u0259sind\u0259n g\u0259l\u0259 bil\u0259c\u0259k g\u00fccd\u0259 deyill\u0259r. Dig\u0259r t\u0259r\u0259fd\u0259n bu hadis\u0259d\u0259 g\u00fcnahkar olanlar o q\u0259d\u0259r g\u00fccl\u00fcd\u00fcr ki, h\u00fcquq-m\u00fchafiz\u0259 orqanlar\u0131 onlarla bacaracaq g\u00fccd\u0259 deyil\u201d.\n<\/p>\n<p>\n  H\u00fcquq\u015f\u00fcnas Xalid Ba\u011f\u0131rov hesab edir ki, \u00f6lk\u0259 \u00fc\u00e7\u00fcn prioritet say\u0131lan bir sah\u0259d\u0259 bel\u0259 bir hadis\u0259nin ba\u015f verm\u0259si \u0259n az\u0131 Milli M\u0259clis s\u0259viyy\u0259sind\u0259 komissiya yarad\u0131laraq ara\u015fd\u0131rma apar\u0131lmas\u0131n\u0131 t\u0259l\u0259b edirdi. Bel\u0259 bir komissiya ba\u015f ver\u0259nl\u0259r\u0259 \u00f6z h\u00fcquqi-siyasi qiym\u0259tini ver\u0259 bil\u0259r v\u0259 g\u0259l\u0259c\u0259kd\u0259 bu c\u00fcr n\u00f6qsanlara yol verilm\u0259m\u0259si \u00fc\u00e7\u00fcn laz\u0131m g\u0259l\u0259rs\u0259, qanunvericilikd\u0259 d\u0259 m\u00fc\u0259yy\u0259n d\u0259yi\u015fikl\u0259r edil\u0259 bil\u0259rdi.\n<\/p>\n<p>\n  Z\u0259h\u0259rl\u0259nm\u0259 hadis\u0259sind\u0259n sonra sol g\u00f6z\u00fcnd\u0259 torlanma yaranan \u00fc\u00e7 u\u015faq anas\u0131 Banu Sad\u0131qova \u0259ks\u0259r f\u0259hl\u0259l\u0259r kimi pamb\u0131q sah\u0259l\u0259rind\u0259 he\u00e7 bir \u0259m\u0259k m\u00fcqavil\u0259si olmadan i\u015fl\u0259yib:\n<\/p>\n<p>\n  \u201cT\u0259bii ki, m\u00fcqavil\u0259 g\u0259tirs\u0259 idil\u0259r, biz\u00a0 imzalayard\u0131q. \u0130ndi bu s\u0259b\u0259bd\u0259n haqq\u0131m\u0131z\u0131 t\u0259l\u0259b ed\u0259nd\u0259 biz\u0259 he\u00e7 kim he\u00e7 n\u0259 demir, y\u0259ni \u00f6z xo\u015funa g\u0259lmis\u0259n, \u00f6z\u00fcn bil\u0259rs\u0259n\u201d.\n<\/p>\n<figure class=\"wp-block-image size-large\">\n  <img decoding=\"async\" src=\"https:\/\/www.meydan.tv\/az\/banu-sadiqova\/\" alt=\"Banu Sadiqova\" class=\"wp-image-107940\"\/><figcaption>\n    Banu Sadiqova<br \/>\n  <\/figcaption><\/figure>\n<p>\n  Xal\u0131d Ba\u011f\u0131rov hesab edir ki, k\u0259nd t\u0259s\u0259r\u00fcffat\u0131 sah\u0259sind\u0259 \u00e7al\u0131\u015fan i\u015f\u00e7il\u0259rin h\u00fcquqlar\u0131 il\u0259 ba\u011fl\u0131 ciddi problem var:\n<\/p>\n<p>\n  \u201c\u018fm\u0259k m\u00fcqavil\u0259sinin olmamas\u0131ndan ba\u015fqa i\u015f\u00e7il\u0259rin \u0259m\u0259k t\u0259hl\u00fck\u0259sizliyi il\u0259 ba\u011fl\u0131 problem var. Pamb\u0131q\u00e7\u0131l\u0131q kimi z\u0259r\u0259rli sah\u0259d\u0259 i\u015f\u00e7il\u0259r m\u00fctl\u0259q s\u0131\u011fortalanmal\u0131d\u0131r\u201d.\n<\/p>\n<p>\n  Son ill\u0259r Az\u0259rbaycanda b\u00fcdc\u0259 t\u0259\u015fkilatlar\u0131n\u0131n i\u015f\u00e7il\u0259ri v\u0259 t\u0259l\u0259b\u0259l\u0259r d\u0259 m\u0259cburi qaydada pamb\u0131q y\u0131\u011f\u0131m\u0131na c\u0259lb edilir. \u00d6t\u0259n il, 19 sentyabr tarixind\u0259 Bil\u0259s\u00fcvar rayonunda M\u0259rk\u0259zi X\u0259st\u0259xanan\u0131n i\u015f\u00e7il\u0259ri\u00a0 t\u0259cili tibbi yard\u0131m ma\u015f\u0131n\u0131nda pamb\u0131q y\u0131\u011f\u0131m\u0131ndan qay\u0131dark\u0259n q\u0259zaya u\u011frayaraq x\u0259sar\u0259t al\u0131blar. \u0130qtisad\u00e7\u0131 Natiq C\u0259f\u0259rli bu c\u00fcr hallar\u0131 insanlar\u0131n \u0259m\u0259yind\u0259n qeyri-qanuni istifad\u0259 kimi qiym\u0259tl\u0259ndirir. O, h\u0259m\u00e7inin fermerl\u0259rin d\u0259 pamb\u0131q \u0259km\u0259y\u0259 m\u0259cbur edildiyini bildirir:\n<\/p>\n<p>\n  \u201cAz\u0259rbaycanda torpaqlar islahatlar n\u0259tic\u0259sind\u0259 \u00e7oxdan \u00f6z\u0259l m\u00fclkiyy\u0259t\u0259 verils\u0259 d\u0259, 2016-c\u0131 ild\u0259 ke\u00e7iril\u0259n referendumun n\u0259tic\u0259si olaraq torpaqlardan s\u0259m\u0259r\u0259li istifad\u0259 ad\u0131 alt\u0131nda torpaq \u00fcz\u0259rind\u0259 m\u00fclkiyy\u0259t h\u00fcququ qanunla m\u0259hdudla\u015fd\u0131r\u0131ld\u0131. \u0130cra hakimiyy\u0259tl\u0259ri d\u0259 qanunvercilikd\u0259ki bu d\u0259yi\u015fiklikl\u0259rd\u0259n sui-istifad\u0259 ed\u0259r\u0259k fermerl\u0259ri bu v\u0259 ya dig\u0259r m\u0259hsulu \u0259m\u0259y\u0259 m\u0259cbur edirl\u0259r. Bu g\u00fcn \u0259ks\u0259r fermerl\u0259r torpaqlar\u0131n\u0131 itirm\u0259kd\u0259n qorxduqlar\u0131 \u00fc\u00e7\u00fcn pamb\u0131q \u0259kir\u201d.\n<\/p>\n<figure class=\"wp-block-image size-large\">\n  <img decoding=\"async\" src=\"https:\/\/www.meydan.tv\/az\/107943\/\" alt=\"\" class=\"wp-image-107943\"\/><figcaption><\/figcaption><\/figure>\n<p>\n  Az\u0259rbaycan 2016-c\u0131 ild\u0259 24 milyon AB\u015e dollar\u0131 d\u0259y\u0259rind\u0259 89,4 min ton, 2017-ci ild\u0259 is\u0259 52 milyon dollarl\u0131q 207 min ton h\u0259cmind\u0259 pamb\u0131q idxal edib. \u018fsas idxal \u00f6lk\u0259l\u0259ri T\u00fcrkiy\u0259 v\u0259 Rusiyad\u0131r. H\u00f6kum\u0259tin bu sah\u0259ni inki\u015faf etdirm\u0259k y\u00f6n\u00fcnd\u0259 s\u0259yl\u0259rini art\u0131rmas\u0131na baxmayaraq, h\u0259r hektar \u00fczr\u0259 m\u0259hsuldarl\u0131q 2017-ci ild\u0259 \u00f6nc\u0259ki il\u0259 nisb\u0259t\u0259n azalaraq 1730 tondan 1510 tona enib. \u0130qtisad\u00e7\u0131 To\u011frul Ma\u015fall\u0131 is\u0259 hesab edir ki, h\u00f6kum\u0259tin pamb\u0131q\u00e7\u0131l\u0131qda inzibati m\u00fcdaxil\u0259si \u0259ksin\u0259, bu sah\u0259d\u0259 m\u0259hsuldarl\u0131q v\u0259 rentabelliyi a\u015fa\u011f\u0131 sal\u0131r:\n<\/p>\n<p>\n  \u201c\u0130cra hakimiyy\u0259ti fermeri pamb\u0131q \u0259km\u0259y\u0259 m\u0259cbur ed\u0259nd\u0259, fermer bu i\u015fi nec\u0259 g\u00f6r\u0259c\u0259yini, m\u0259hsuldarl\u0131\u011f\u0131 art\u0131rmaq, el\u0259c\u0259 d\u0259 torpaqlar \u00fc\u00e7\u00fcn n\u0259 laz\u0131m oldu\u011funu, hans\u0131 pestisidl\u0259rd\u0259n istifad\u0259nin g\u0259r\u0259kdiyini bilmir. N\u0259tic\u0259d\u0259 keyfiyy\u0259tli m\u0259hsul istehsal\u0131, y\u00fcks\u0259k s\u0259m\u0259r\u0259 \u0259ld\u0259 edilm\u0259si m\u00fcmk\u00fcn olmur. \u018fl \u0259m\u0259yind\u0259n istifad\u0259 edilm\u0259si d\u0259 m\u0259hsulun keyfiyy\u0259tin\u0259 m\u0259nfi t\u0259sir g\u00f6st\u0259rir\u201d.\n<\/p>\n<p>\n  \u0130qtisad\u00e7\u0131 Natiq C\u0259f\u0259rli is\u0259 hesab edir ki, \u00fcmumiyy\u0259tl\u0259, Az\u0259rbaycan h\u00f6kum\u0259tinin \u0259sas m\u0259qs\u0259di he\u00e7 d\u0259 pamb\u0131q\u00e7\u0131l\u0131qdan g\u0259lir \u0259ld\u0259 etm\u0259k deyil:\n<\/p>\n<p>\n  \u201cAz\u0259rbaycan h\u00f6kum\u0259ti pamb\u0131q\u00e7\u0131l\u0131\u011fa bir sosial layih\u0259 kimi bax\u0131r. M\u0259qs\u0259d bu sah\u0259d\u0259 az maa\u015fl\u0131 da olsa minl\u0259rl\u0259 i\u015f yerl\u0259ri a\u00e7araq regionlarda sosial g\u0259rginliyi azaltmaqd\u0131r\u201d.\n<\/p>\n<p>\n  <b><br \/>\n    Boykot t\u0259hl\u00fck\u0259si?<br \/>\n  <\/b>\n<\/p>\n<p>\n  \u201cCotton Campaign\u201d adl\u0131 beyn\u0259lxalq \u015f\u0259b\u0259k\u0259nin koordinatoru Kirill Boychenko \u00d6zb\u0259kistan v\u0259 T\u00fcrkm\u0259nistanda pamb\u0131q\u00e7\u0131l\u0131\u011f\u0131n nec\u0259 t\u0259\u015fkil edilm\u0259sind\u0259n dan\u0131\u015f\u0131r:\n<\/p>\n<p>\n  \u201cM\u0259s\u0259l\u0259n, \u00d6zb\u0259kistanda d\u00f6vl\u0259t kvota t\u0259yin edir v\u0259 \u00f6z \u015f\u0259xsi torpaqlar\u0131 olmad\u0131\u011f\u0131ndan d\u00f6vl\u0259td\u0259n torpaq icar\u0259y\u0259 g\u00f6t\u00fcr\u0259n fermerl\u0259r pamb\u0131q \u0259km\u0259y\u0259 v\u0259 bazar qiym\u0259tl\u0259rind\u0259n xeyli a\u015fa\u011f\u0131 qiym\u0259t\u0259 satma\u011fa m\u0259cbur edilirl\u0259r. \u018fks halda torpaqlar\u0131n\u0131 itir\u0259 bil\u0259rl\u0259r. H\u0259r il hakimiyy\u0259t c\u0259za il\u0259 h\u0259d\u0259l\u0259y\u0259r\u0259k t\u0259l\u0259b\u0259l\u0259ri, m\u00fc\u0259lliml\u0259ri, tibb v\u0259 dig\u0259r b\u00fcdc\u0259 t\u0259\u015fkilatlar\u0131n\u0131n i\u015f\u00e7il\u0259rini pamb\u0131q y\u0131\u011fma\u011fa, fermerl\u0259ri is\u0259 norman\u0131 yerin\u0259 yetirm\u0259y\u0259 m\u0259cbur edir. T\u00fcrkm\u0259nistanda is\u0259 v\u0259ziyy\u0259t daha ac\u0131nacaql\u0131d\u0131r. Burda ill\u0259rdir ki, m\u0259cburi qaydada u\u015faq \u0259m\u0259yind\u0259n d\u0259 istifad\u0259 edirl\u0259r. Beyn\u0259lxalq konvensiyalara v\u0259 t\u00f6vsiyy\u0259l\u0259r\u0259 \u0259sas\u0259n pamb\u0131q\u00e7\u0131l\u0131q z\u0259r\u0259rli sah\u0259 hesab edilir v\u0259 burada u\u015faq \u0259m\u0259yi, \u00fcmumiyy\u0259tl\u0259, yolverilm\u0259zdir\u201d.\n<\/p>\n<figure class=\"wp-block-image size-large\">\n  <img decoding=\"async\" src=\"https:\/\/www.meydan.tv\/az\/107949\/\" alt=\"\" class=\"wp-image-107949\"\/><figcaption><\/figcaption><\/figure>\n<p>\n  \u201cCotton Campaign\u201d \u015f\u0259b\u0259k\u0259si 2005-ci ild\u0259 \u00d6zb\u0259kistan v\u0259 T\u00fckm\u0259nistanda u\u015faq v\u0259 m\u0259cburi \u0259m\u0259yin aradan qald\u0131r\u0131lmas\u0131 m\u0259qs\u0259di il\u0259 yarad\u0131l\u0131b. K.Boychenkonun s\u00f6zl\u0259rin\u0259 g\u00f6r\u0259, m\u0259hs m\u0259cburi \u0259m\u0259yin t\u0259tbiq edilm\u0259si s\u0259b\u0259bind\u0259n art\u0131q 300-\u0259 yax\u0131n \u015firk\u0259tin \u00d6zb\u0259kistan pamb\u0131\u011f\u0131n\u0131 almaqdan imtina edib. Bu \u015firk\u0259tl\u0259rin aras\u0131nda d\u00fcnyaca m\u0259\u015fhur b\u00f6y\u00fck geyim brendl\u0259ri d\u0259 var. AB\u015e-da is\u0259 bu ild\u0259n etibar\u0259n T\u00fcrkm\u0259nistandan pamb\u0131q idxal\u0131na qada\u011fa qoyulub.\n<\/p>\n<p>\n  \u201c\u00dcmid etm\u0259k ist\u0259rdik ki, Az\u0259rbaycan eyni yolla getm\u0259y\u0259c\u0259k\u201d &#8211; K.Boychenko bel\u0259 deyir.\n<\/p>\n<p>\n  <b><br \/>\n    Pamb\u0131q sah\u0259l\u0259ri il\u0259 birg\u0259 artan qiym\u0259tl\u0259r<br \/>\n  <\/b>\n<\/p>\n<p>\n  Son \u00fc\u00e7 ild\u0259 Az\u0259rbaycanda pamb\u0131q sah\u0259l\u0259rinin geni\u015fl\u0259ndirilm\u0259si otlaq v\u0259 dig\u0259r k\u0259nd t\u0259s\u0259rr\u00fcfat\u0131 m\u0259hsullar\u0131 sah\u0259l\u0259rinin azald\u0131lmas\u0131 hesab\u0131na m\u00fcmk\u00fcn olub. Aqrar sah\u0259 \u00fczr\u0259 m\u00fct\u0259x\u0259ssis Vahid M\u0259h\u0259rr\u0259mlinin s\u00f6zl\u0259rin\u0259 g\u00f6r\u0259, \u00fcmumilikd\u0259 50 min hektar \u00f6r\u00fc\u015f v\u0259 bi\u00e7\u0259n\u0259k sah\u0259l\u0259ri bu m\u0259qs\u0259dl\u0259 istifad\u0259 olunub v\u0259 art\u0131q son iki ild\u0259 \u00f6lk\u0259y\u0259 idxal edil\u0259n heyvandarl\u0131q m\u0259hsullar\u0131n\u0131n h\u0259cmi 50 milyon dollara \u00e7at\u0131b, y\u0259ni \u00fc\u00e7 d\u0259f\u0259 art\u0131b. Pamb\u0131q\u00e7\u0131l\u0131q heyvandarl\u0131qla yana\u015f\u0131 dig\u0259r k\u0259nd t\u0259s\u0259rr\u00fcfat\u0131 m\u0259hsullar\u0131n\u0131n qiym\u0259tind\u0259 art\u0131ma s\u0259b\u0259b olub. M\u0259s\u0259l\u0259n, bostan m\u0259hsullar\u0131n\u0131n qiym\u0259ti 3 d\u0259f\u0259 bahala\u015f\u0131b.\n<\/p>\n<p>\n  D\u00f6vl\u0259t r\u0259smil\u0259rinin a\u00e7\u0131qlamalar\u0131na g\u00f6r\u0259, pamb\u0131q\u00e7\u0131l\u0131q siyas\u0259tind\u0259n daha \u00e7ox b\u0259hr\u0259l\u0259n\u0259nl\u0259r region \u0259halisi olmal\u0131 idi v\u0259 \u00f6lk\u0259d\u0259 200 mind\u0259n \u00e7ox i\u015f yerl\u0259rinin yarad\u0131laca\u011f\u0131 bildirilirdi. Lakin bir ay \u00f6nc\u0259 pamb\u0131q sah\u0259sind\u0259 z\u0259h\u0259rl\u0259n\u0259n H\u0259qiq\u0259t M\u0259mm\u0259dovan\u0131n sol qolunun funksiyas\u0131 h\u0259l\u0259 d\u0259 tam b\u0259rpa olmad\u0131\u011f\u0131ndan, o, uzun m\u00fcdd\u0259t i\u015fl\u0259y\u0259 bilm\u0259y\u0259c\u0259k:\n<\/p>\n<p>\n  \u201cG\u00fcn\u0259 8-9 manat da olsa, pamb\u0131qda i\u015fl\u0259yib u\u015faqlar\u0131m\u0131 birt\u0259h\u0259r doland\u0131r\u0131rd\u0131m. \u0130ndi he\u00e7 yerd\u0259n g\u0259lirim yoxdur v\u0259 qoluma g\u00f6r\u0259 ala\u011fa ged\u0259 bilmir\u0259m. M\u00fcalic\u0259mi davam etdirm\u0259y\u0259 d\u0259 pulum yoxdur\u201d.\n<\/p>\n<p>\n  Sabirabad sakini Elnar\u0259 H\u0259s\u0259nova is\u0259 h\u0259l\u0259 d\u0259 \u00fcr\u0259kbulanmadan v\u0259 ba\u015f gic\u0259ll\u0259nm\u0259sind\u0259n \u0259ziyy\u0259t \u00e7\u0259ks\u0259 d\u0259, pamb\u0131q sah\u0259sind\u0259ki i\u015fin\u0259 geri d\u00f6n\u00fcb:\n<\/p>\n<p>\n  \u201cM\u0259cburiyy\u0259td\u0259n g\u0259lmi\u015f\u0259m. Ba\u015fqa imkan\u0131m yoxdur. \u0130ki \u00f6vlad\u0131m\u0131 atas\u0131z b\u00f6y\u00fcd\u00fcr\u0259m\u201d.\n<\/p>\n<p>\n  <b><br \/>\n    &#8220;Media\u015f\u0259b\u0259k\u0259&#8221;nin d\u0259st\u0259yi il\u0259<br \/>\n  <\/b><\/p>\n","protected":false},"excerpt":{"rendered":"<p>Ekspertl\u0259r hesab edir ki, pamb\u0131q\u00e7\u0131l\u0131\u011fa n\u0259zar\u0259tin tam h\u00f6kum\u0259tin \u0259lind\u0259 olmas\u0131 bu sah\u0259ni inki\u015fafdan saxlay\u0131r<\/p>\n","protected":false},"author":11,"featured_media":107928,"comment_status":"closed","ping_status":"open","sticky":false,"template":"","format":"standard","meta":{"_acf_changed":false,"_sitemap_exclude":false,"_sitemap_priority":"","_sitemap_frequency":"","footnotes":""},"categories":[51],"tags":[],"class_list":["post-191260","post","type-post","status-publish","format-standard","has-post-thumbnail","hentry","category-analitika","infinite-scroll-item","generate-columns","tablet-grid-50","mobile-grid-100","grid-parent","grid-33","no-featured-image-padding"],"acf":[],"yoast_head":"<!-- This site is optimized with the Yoast SEO plugin v27.4 - https:\/\/yoast.com\/product\/yoast-seo-wordpress\/ -->\n<title>Z\u0259h\u0259r\u0259 \u00e7evril\u0259n a\u011f q\u0131z\u0131l - MEYDAN.TV<\/title>\n<meta name=\"robots\" content=\"index, follow, max-snippet:-1, max-image-preview:large, max-video-preview:-1\" \/>\n<link rel=\"canonical\" href=\"https:\/\/www.meydan.tv\/az\/article\/zehere-cevrilen-ag-qizil\/\" \/>\n<meta property=\"og:locale\" content=\"az_AZ\" \/>\n<meta property=\"og:type\" content=\"article\" \/>\n<meta property=\"og:title\" content=\"Z\u0259h\u0259r\u0259 \u00e7evril\u0259n a\u011f q\u0131z\u0131l - MEYDAN.TV\" \/>\n<meta property=\"og:description\" content=\"Ekspertl\u0259r hesab edir ki, pamb\u0131q\u00e7\u0131l\u0131\u011fa n\u0259zar\u0259tin tam h\u00f6kum\u0259tin \u0259lind\u0259 olmas\u0131 bu sah\u0259ni inki\u015fafdan saxlay\u0131r\" \/>\n<meta property=\"og:url\" content=\"https:\/\/www.meydan.tv\/az\/article\/zehere-cevrilen-ag-qizil\/\" \/>\n<meta property=\"og:site_name\" content=\"MEYDAN.TV\" \/>\n<meta property=\"article:published_time\" content=\"2018-08-14T18:52:51+00:00\" \/>\n<meta property=\"og:image\" content=\"https:\/\/www.meydan.tv\/wp-content\/uploads\/42876.jpg\" \/>\n\t<meta property=\"og:image:width\" content=\"1920\" \/>\n\t<meta property=\"og:image:height\" content=\"1080\" \/>\n\t<meta property=\"og:image:type\" content=\"image\/jpeg\" \/>\n<meta name=\"author\" content=\"user-manager\" \/>\n<meta name=\"twitter:card\" content=\"summary_large_image\" \/>\n<script type=\"application\/ld+json\" class=\"yoast-schema-graph\">{\"@context\":\"https:\\\/\\\/schema.org\",\"@graph\":[{\"@type\":\"Article\",\"@id\":\"https:\\\/\\\/www.meydan.tv\\\/az\\\/article\\\/zehere-cevrilen-ag-qizil\\\/#article\",\"isPartOf\":{\"@id\":\"https:\\\/\\\/www.meydan.tv\\\/az\\\/article\\\/zehere-cevrilen-ag-qizil\\\/\"},\"author\":{\"name\":\"user-manager\",\"@id\":\"https:\\\/\\\/www.meydan.tv\\\/az\\\/#\\\/schema\\\/person\\\/10d11eccf6da3662cf5fdab9806ea91a\"},\"headline\":\"Z\u0259h\u0259r\u0259 \u00e7evril\u0259n a\u011f q\u0131z\u0131l\",\"datePublished\":\"2018-08-14T18:52:51+00:00\",\"mainEntityOfPage\":{\"@id\":\"https:\\\/\\\/www.meydan.tv\\\/az\\\/article\\\/zehere-cevrilen-ag-qizil\\\/\"},\"wordCount\":3444,\"publisher\":{\"@id\":\"https:\\\/\\\/www.meydan.tv\\\/az\\\/#organization\"},\"image\":{\"@id\":\"https:\\\/\\\/www.meydan.tv\\\/az\\\/article\\\/zehere-cevrilen-ag-qizil\\\/#primaryimage\"},\"thumbnailUrl\":\"https:\\\/\\\/www.meydan.tv\\\/wp-content\\\/uploads\\\/42876.jpg\",\"articleSection\":[\"Analitika\"],\"inLanguage\":\"az\"},{\"@type\":\"WebPage\",\"@id\":\"https:\\\/\\\/www.meydan.tv\\\/az\\\/article\\\/zehere-cevrilen-ag-qizil\\\/\",\"url\":\"https:\\\/\\\/www.meydan.tv\\\/az\\\/article\\\/zehere-cevrilen-ag-qizil\\\/\",\"name\":\"Z\u0259h\u0259r\u0259 \u00e7evril\u0259n a\u011f q\u0131z\u0131l - MEYDAN.TV\",\"isPartOf\":{\"@id\":\"https:\\\/\\\/www.meydan.tv\\\/az\\\/#website\"},\"primaryImageOfPage\":{\"@id\":\"https:\\\/\\\/www.meydan.tv\\\/az\\\/article\\\/zehere-cevrilen-ag-qizil\\\/#primaryimage\"},\"image\":{\"@id\":\"https:\\\/\\\/www.meydan.tv\\\/az\\\/article\\\/zehere-cevrilen-ag-qizil\\\/#primaryimage\"},\"thumbnailUrl\":\"https:\\\/\\\/www.meydan.tv\\\/wp-content\\\/uploads\\\/42876.jpg\",\"datePublished\":\"2018-08-14T18:52:51+00:00\",\"breadcrumb\":{\"@id\":\"https:\\\/\\\/www.meydan.tv\\\/az\\\/article\\\/zehere-cevrilen-ag-qizil\\\/#breadcrumb\"},\"inLanguage\":\"az\",\"potentialAction\":[{\"@type\":\"ReadAction\",\"target\":[\"https:\\\/\\\/www.meydan.tv\\\/az\\\/article\\\/zehere-cevrilen-ag-qizil\\\/\"]}]},{\"@type\":\"ImageObject\",\"inLanguage\":\"az\",\"@id\":\"https:\\\/\\\/www.meydan.tv\\\/az\\\/article\\\/zehere-cevrilen-ag-qizil\\\/#primaryimage\",\"url\":\"https:\\\/\\\/www.meydan.tv\\\/wp-content\\\/uploads\\\/42876.jpg\",\"contentUrl\":\"https:\\\/\\\/www.meydan.tv\\\/wp-content\\\/uploads\\\/42876.jpg\",\"width\":1920,\"height\":1080,\"caption\":\"Source:\"},{\"@type\":\"BreadcrumbList\",\"@id\":\"https:\\\/\\\/www.meydan.tv\\\/az\\\/article\\\/zehere-cevrilen-ag-qizil\\\/#breadcrumb\",\"itemListElement\":[{\"@type\":\"ListItem\",\"position\":1,\"name\":\"Ana s\u0259hif\u0259\",\"item\":\"https:\\\/\\\/www.meydan.tv\\\/az\\\/\"},{\"@type\":\"ListItem\",\"position\":2,\"name\":\"Analitika\",\"item\":\"https:\\\/\\\/www.meydan.tv\\\/az\\\/section\\\/analitika\\\/\"},{\"@type\":\"ListItem\",\"position\":3,\"name\":\"Z\u0259h\u0259r\u0259 \u00e7evril\u0259n a\u011f q\u0131z\u0131l\"}]},{\"@type\":\"WebSite\",\"@id\":\"https:\\\/\\\/www.meydan.tv\\\/az\\\/#website\",\"url\":\"https:\\\/\\\/www.meydan.tv\\\/az\\\/\",\"name\":\"MEYDAN.TV\",\"description\":\"Meydan TV Az\u0259rbaycan\u0131n media m\u0259kan\u0131ndak\u0131 alternativ s\u0259sidir\",\"publisher\":{\"@id\":\"https:\\\/\\\/www.meydan.tv\\\/az\\\/#organization\"},\"potentialAction\":[{\"@type\":\"SearchAction\",\"target\":{\"@type\":\"EntryPoint\",\"urlTemplate\":\"https:\\\/\\\/www.meydan.tv\\\/az\\\/?s={search_term_string}\"},\"query-input\":{\"@type\":\"PropertyValueSpecification\",\"valueRequired\":true,\"valueName\":\"search_term_string\"}}],\"inLanguage\":\"az\"},{\"@type\":\"Organization\",\"@id\":\"https:\\\/\\\/www.meydan.tv\\\/az\\\/#organization\",\"name\":\"Meydan TV\",\"url\":\"https:\\\/\\\/www.meydan.tv\\\/az\\\/\",\"logo\":{\"@type\":\"ImageObject\",\"inLanguage\":\"az\",\"@id\":\"https:\\\/\\\/www.meydan.tv\\\/az\\\/#\\\/schema\\\/logo\\\/image\\\/\",\"url\":\"https:\\\/\\\/www.meydan.tv\\\/wp-content\\\/uploads\\\/2021\\\/07\\\/meydan-logo.svg\",\"contentUrl\":\"https:\\\/\\\/www.meydan.tv\\\/wp-content\\\/uploads\\\/2021\\\/07\\\/meydan-logo.svg\",\"width\":195,\"height\":46,\"caption\":\"Meydan TV\"},\"image\":{\"@id\":\"https:\\\/\\\/www.meydan.tv\\\/az\\\/#\\\/schema\\\/logo\\\/image\\\/\"}},{\"@type\":\"Person\",\"@id\":\"https:\\\/\\\/www.meydan.tv\\\/az\\\/#\\\/schema\\\/person\\\/10d11eccf6da3662cf5fdab9806ea91a\",\"name\":\"user-manager\"}]}<\/script>\n<!-- \/ Yoast SEO plugin. -->","yoast_head_json":{"title":"Z\u0259h\u0259r\u0259 \u00e7evril\u0259n a\u011f q\u0131z\u0131l - MEYDAN.TV","robots":{"index":"index","follow":"follow","max-snippet":"max-snippet:-1","max-image-preview":"max-image-preview:large","max-video-preview":"max-video-preview:-1"},"canonical":"https:\/\/www.meydan.tv\/az\/article\/zehere-cevrilen-ag-qizil\/","og_locale":"az_AZ","og_type":"article","og_title":"Z\u0259h\u0259r\u0259 \u00e7evril\u0259n a\u011f q\u0131z\u0131l - MEYDAN.TV","og_description":"Ekspertl\u0259r hesab edir ki, pamb\u0131q\u00e7\u0131l\u0131\u011fa n\u0259zar\u0259tin tam h\u00f6kum\u0259tin \u0259lind\u0259 olmas\u0131 bu sah\u0259ni inki\u015fafdan saxlay\u0131r","og_url":"https:\/\/www.meydan.tv\/az\/article\/zehere-cevrilen-ag-qizil\/","og_site_name":"MEYDAN.TV","article_published_time":"2018-08-14T18:52:51+00:00","og_image":[{"width":1920,"height":1080,"url":"https:\/\/www.meydan.tv\/wp-content\/uploads\/42876.jpg","type":"image\/jpeg"}],"author":"user-manager","twitter_card":"summary_large_image","schema":{"@context":"https:\/\/schema.org","@graph":[{"@type":"Article","@id":"https:\/\/www.meydan.tv\/az\/article\/zehere-cevrilen-ag-qizil\/#article","isPartOf":{"@id":"https:\/\/www.meydan.tv\/az\/article\/zehere-cevrilen-ag-qizil\/"},"author":{"name":"user-manager","@id":"https:\/\/www.meydan.tv\/az\/#\/schema\/person\/10d11eccf6da3662cf5fdab9806ea91a"},"headline":"Z\u0259h\u0259r\u0259 \u00e7evril\u0259n a\u011f q\u0131z\u0131l","datePublished":"2018-08-14T18:52:51+00:00","mainEntityOfPage":{"@id":"https:\/\/www.meydan.tv\/az\/article\/zehere-cevrilen-ag-qizil\/"},"wordCount":3444,"publisher":{"@id":"https:\/\/www.meydan.tv\/az\/#organization"},"image":{"@id":"https:\/\/www.meydan.tv\/az\/article\/zehere-cevrilen-ag-qizil\/#primaryimage"},"thumbnailUrl":"https:\/\/www.meydan.tv\/wp-content\/uploads\/42876.jpg","articleSection":["Analitika"],"inLanguage":"az"},{"@type":"WebPage","@id":"https:\/\/www.meydan.tv\/az\/article\/zehere-cevrilen-ag-qizil\/","url":"https:\/\/www.meydan.tv\/az\/article\/zehere-cevrilen-ag-qizil\/","name":"Z\u0259h\u0259r\u0259 \u00e7evril\u0259n a\u011f q\u0131z\u0131l - MEYDAN.TV","isPartOf":{"@id":"https:\/\/www.meydan.tv\/az\/#website"},"primaryImageOfPage":{"@id":"https:\/\/www.meydan.tv\/az\/article\/zehere-cevrilen-ag-qizil\/#primaryimage"},"image":{"@id":"https:\/\/www.meydan.tv\/az\/article\/zehere-cevrilen-ag-qizil\/#primaryimage"},"thumbnailUrl":"https:\/\/www.meydan.tv\/wp-content\/uploads\/42876.jpg","datePublished":"2018-08-14T18:52:51+00:00","breadcrumb":{"@id":"https:\/\/www.meydan.tv\/az\/article\/zehere-cevrilen-ag-qizil\/#breadcrumb"},"inLanguage":"az","potentialAction":[{"@type":"ReadAction","target":["https:\/\/www.meydan.tv\/az\/article\/zehere-cevrilen-ag-qizil\/"]}]},{"@type":"ImageObject","inLanguage":"az","@id":"https:\/\/www.meydan.tv\/az\/article\/zehere-cevrilen-ag-qizil\/#primaryimage","url":"https:\/\/www.meydan.tv\/wp-content\/uploads\/42876.jpg","contentUrl":"https:\/\/www.meydan.tv\/wp-content\/uploads\/42876.jpg","width":1920,"height":1080,"caption":"Source:"},{"@type":"BreadcrumbList","@id":"https:\/\/www.meydan.tv\/az\/article\/zehere-cevrilen-ag-qizil\/#breadcrumb","itemListElement":[{"@type":"ListItem","position":1,"name":"Ana s\u0259hif\u0259","item":"https:\/\/www.meydan.tv\/az\/"},{"@type":"ListItem","position":2,"name":"Analitika","item":"https:\/\/www.meydan.tv\/az\/section\/analitika\/"},{"@type":"ListItem","position":3,"name":"Z\u0259h\u0259r\u0259 \u00e7evril\u0259n a\u011f q\u0131z\u0131l"}]},{"@type":"WebSite","@id":"https:\/\/www.meydan.tv\/az\/#website","url":"https:\/\/www.meydan.tv\/az\/","name":"MEYDAN.TV","description":"Meydan TV Az\u0259rbaycan\u0131n media m\u0259kan\u0131ndak\u0131 alternativ s\u0259sidir","publisher":{"@id":"https:\/\/www.meydan.tv\/az\/#organization"},"potentialAction":[{"@type":"SearchAction","target":{"@type":"EntryPoint","urlTemplate":"https:\/\/www.meydan.tv\/az\/?s={search_term_string}"},"query-input":{"@type":"PropertyValueSpecification","valueRequired":true,"valueName":"search_term_string"}}],"inLanguage":"az"},{"@type":"Organization","@id":"https:\/\/www.meydan.tv\/az\/#organization","name":"Meydan TV","url":"https:\/\/www.meydan.tv\/az\/","logo":{"@type":"ImageObject","inLanguage":"az","@id":"https:\/\/www.meydan.tv\/az\/#\/schema\/logo\/image\/","url":"https:\/\/www.meydan.tv\/wp-content\/uploads\/2021\/07\/meydan-logo.svg","contentUrl":"https:\/\/www.meydan.tv\/wp-content\/uploads\/2021\/07\/meydan-logo.svg","width":195,"height":46,"caption":"Meydan TV"},"image":{"@id":"https:\/\/www.meydan.tv\/az\/#\/schema\/logo\/image\/"}},{"@type":"Person","@id":"https:\/\/www.meydan.tv\/az\/#\/schema\/person\/10d11eccf6da3662cf5fdab9806ea91a","name":"user-manager"}]}},"_links":{"self":[{"href":"https:\/\/www.meydan.tv\/az\/wp-json\/wp\/v2\/posts\/191260","targetHints":{"allow":["GET"]}}],"collection":[{"href":"https:\/\/www.meydan.tv\/az\/wp-json\/wp\/v2\/posts"}],"about":[{"href":"https:\/\/www.meydan.tv\/az\/wp-json\/wp\/v2\/types\/post"}],"author":[{"embeddable":true,"href":"https:\/\/www.meydan.tv\/az\/wp-json\/wp\/v2\/users\/11"}],"replies":[{"embeddable":true,"href":"https:\/\/www.meydan.tv\/az\/wp-json\/wp\/v2\/comments?post=191260"}],"version-history":[{"count":0,"href":"https:\/\/www.meydan.tv\/az\/wp-json\/wp\/v2\/posts\/191260\/revisions"}],"wp:featuredmedia":[{"embeddable":true,"href":"https:\/\/www.meydan.tv\/az\/wp-json\/wp\/v2\/media\/107928"}],"wp:attachment":[{"href":"https:\/\/www.meydan.tv\/az\/wp-json\/wp\/v2\/media?parent=191260"}],"wp:term":[{"taxonomy":"category","embeddable":true,"href":"https:\/\/www.meydan.tv\/az\/wp-json\/wp\/v2\/categories?post=191260"},{"taxonomy":"post_tag","embeddable":true,"href":"https:\/\/www.meydan.tv\/az\/wp-json\/wp\/v2\/tags?post=191260"}],"curies":[{"name":"wp","href":"https:\/\/api.w.org\/{rel}","templated":true}]}}