{"id":191249,"date":"2018-08-13T20:52:16","date_gmt":"2018-08-13T20:52:16","guid":{"rendered":"https:\/\/www.meydan.tv\/article\/robert-koceryan-serti-azadliga-buraxilib\/"},"modified":"2018-08-13T20:52:16","modified_gmt":"2018-08-13T20:52:16","slug":"robert-koceryan-serti-azadliga-buraxilib","status":"publish","type":"post","link":"https:\/\/www.meydan.tv\/az\/article\/robert-koceryan-serti-azadliga-buraxilib\/","title":{"rendered":"Robert K\u00f6\u00e7\u0259ryan \u015f\u0259rti azadl\u0131\u011fa burax\u0131l\u0131b"},"content":{"rendered":"<figure class=\"wp-block-image size-large\">\n  <img decoding=\"async\" src=\"https:\/\/www.meydan.tv\/az\/robert-koceryan\/\" alt=\"Robert K\u00f6\u00e7\u0259ryan\" class=\"wp-image-107187\"\/><figcaption>\n    Robert K\u00f6\u00e7\u0259ryan<br \/>\n  <\/figcaption><\/figure>\n<p>\n  <i><br \/>\n    Apelyasiya M\u0259hk\u0259m\u0259si sabiq prezidentin iddias\u0131n\u0131 t\u0259min edib<br \/>\n  <\/i>\n<\/p>\n<p>\n  Erm\u0259nistan\u0131n Apelyasiya M\u0259hk\u0259m\u0259si sabiq prezident Robert K\u00f6\u00e7\u0259ryan\u0131n bar\u0259sind\u0259ki h\u0259bs-q\u0259timkan t\u0259dbirini d\u0259yi\u015fdirib v\u0259 onu polis n\u0259zar\u0259ti alt\u0131nda olmaqla \u015f\u0259rti azadl\u0131\u011fa burax\u0131b.\n<\/p>\n<p>\n  M\u0259lumat\u0131 \u201c<br \/>\n  <a href=\"https:\/\/ria.ru\/world\/20180813\/1526452148.html\"><br \/>\n    Ria Novosti<br \/>\n  <\/a><br \/>\n  \u201d-y\u0259 v\u0259kil Ruben Saakyan verib.\n<\/p>\n<p>\n  V\u0259kil deyib ki, Apelyasiya M\u0259hk\u0259m\u0259si sabiq prezidentin m\u00fcdafi\u0259 iddias\u0131n\u0131 t\u0259min edib.\n<\/p>\n<p>\n  Robert K\u00f6\u00e7\u0259ryan<br \/>\n  <a href=\"\/az\/article\/sabiq-prezident-haqda-hebs-qerari-cixarildi\/\"><br \/>\n    iyulun 28-d\u0259<br \/>\n  <\/a><br \/>\n  Yerevan \u015e\u0259h\u0259r M\u0259hk\u0259m\u0259sinin q\u0259rar\u0131 il\u0259 h\u0259bs olunmu\u015fdu.\n<\/p>\n<p>\n  Sabiq prezident Robert K\u00f6\u00e7\u0259ryan 2008-ci il prezident se\u00e7kil\u0259rind\u0259n sonra mart\u0131n 1-d\u0259 paytaxtda ke\u00e7iril\u0259n etiraz aksiyas\u0131n\u0131n zorak\u0131l\u0131qla da\u011f\u0131d\u0131lmas\u0131 bar\u0259d\u0259 \u0259mr verm\u0259kd\u0259 ittiham olunur. Hadis\u0259l\u0259r n\u0259tic\u0259sind\u0259 10 n\u0259f\u0259r \u00f6l\u00fcb.<\/p>\n","protected":false},"excerpt":{"rendered":"<p>Apelyasiya M\u0259hk\u0259m\u0259si sabiq prezidentin iddias\u0131n\u0131 t\u0259min edib<\/p>\n","protected":false},"author":11,"featured_media":107187,"comment_status":"closed","ping_status":"open","sticky":false,"template":"","format":"standard","meta":{"_acf_changed":false,"_sitemap_exclude":false,"_sitemap_priority":"","_sitemap_frequency":"","footnotes":""},"categories":[56],"tags":[],"class_list":["post-191249","post","type-post","status-publish","format-standard","has-post-thumbnail","hentry","category-xeberler","infinite-scroll-item","generate-columns","tablet-grid-50","mobile-grid-100","grid-parent","grid-33","no-featured-image-padding"],"acf":[],"yoast_head":"<!-- This site is optimized with the Yoast SEO plugin v27.4 - https:\/\/yoast.com\/product\/yoast-seo-wordpress\/ -->\n<title>Robert K\u00f6\u00e7\u0259ryan \u015f\u0259rti azadl\u0131\u011fa burax\u0131l\u0131b - MEYDAN.TV<\/title>\n<meta name=\"robots\" content=\"index, follow, max-snippet:-1, max-image-preview:large, max-video-preview:-1\" \/>\n<link rel=\"canonical\" href=\"https:\/\/www.meydan.tv\/az\/article\/robert-koceryan-serti-azadliga-buraxilib\/\" \/>\n<meta property=\"og:locale\" content=\"az_AZ\" \/>\n<meta property=\"og:type\" content=\"article\" \/>\n<meta property=\"og:title\" content=\"Robert K\u00f6\u00e7\u0259ryan \u015f\u0259rti azadl\u0131\u011fa burax\u0131l\u0131b - MEYDAN.TV\" \/>\n<meta property=\"og:description\" content=\"Apelyasiya M\u0259hk\u0259m\u0259si sabiq prezidentin iddias\u0131n\u0131 t\u0259min edib\" \/>\n<meta property=\"og:url\" content=\"https:\/\/www.meydan.tv\/az\/article\/robert-koceryan-serti-azadliga-buraxilib\/\" \/>\n<meta property=\"og:site_name\" content=\"MEYDAN.TV\" \/>\n<meta property=\"article:published_time\" content=\"2018-08-13T20:52:16+00:00\" \/>\n<meta property=\"og:image\" content=\"https:\/\/www.meydan.tv\/wp-content\/uploads\/42565.jpg\" \/>\n\t<meta property=\"og:image:width\" content=\"744\" \/>\n\t<meta property=\"og:image:height\" content=\"473\" \/>\n\t<meta property=\"og:image:type\" content=\"image\/jpeg\" \/>\n<meta name=\"author\" content=\"user-manager\" \/>\n<meta name=\"twitter:card\" content=\"summary_large_image\" \/>\n<script type=\"application\/ld+json\" class=\"yoast-schema-graph\">{\"@context\":\"https:\\\/\\\/schema.org\",\"@graph\":[{\"@type\":\"Article\",\"@id\":\"https:\\\/\\\/www.meydan.tv\\\/az\\\/article\\\/robert-koceryan-serti-azadliga-buraxilib\\\/#article\",\"isPartOf\":{\"@id\":\"https:\\\/\\\/www.meydan.tv\\\/az\\\/article\\\/robert-koceryan-serti-azadliga-buraxilib\\\/\"},\"author\":{\"name\":\"user-manager\",\"@id\":\"https:\\\/\\\/www.meydan.tv\\\/az\\\/#\\\/schema\\\/person\\\/10d11eccf6da3662cf5fdab9806ea91a\"},\"headline\":\"Robert K\u00f6\u00e7\u0259ryan \u015f\u0259rti azadl\u0131\u011fa burax\u0131l\u0131b\",\"datePublished\":\"2018-08-13T20:52:16+00:00\",\"mainEntityOfPage\":{\"@id\":\"https:\\\/\\\/www.meydan.tv\\\/az\\\/article\\\/robert-koceryan-serti-azadliga-buraxilib\\\/\"},\"wordCount\":158,\"publisher\":{\"@id\":\"https:\\\/\\\/www.meydan.tv\\\/az\\\/#organization\"},\"image\":{\"@id\":\"https:\\\/\\\/www.meydan.tv\\\/az\\\/article\\\/robert-koceryan-serti-azadliga-buraxilib\\\/#primaryimage\"},\"thumbnailUrl\":\"https:\\\/\\\/www.meydan.tv\\\/wp-content\\\/uploads\\\/42565.jpg\",\"articleSection\":[\"X\u0259b\u0259rl\u0259r\"],\"inLanguage\":\"az\"},{\"@type\":\"WebPage\",\"@id\":\"https:\\\/\\\/www.meydan.tv\\\/az\\\/article\\\/robert-koceryan-serti-azadliga-buraxilib\\\/\",\"url\":\"https:\\\/\\\/www.meydan.tv\\\/az\\\/article\\\/robert-koceryan-serti-azadliga-buraxilib\\\/\",\"name\":\"Robert K\u00f6\u00e7\u0259ryan \u015f\u0259rti azadl\u0131\u011fa burax\u0131l\u0131b - MEYDAN.TV\",\"isPartOf\":{\"@id\":\"https:\\\/\\\/www.meydan.tv\\\/az\\\/#website\"},\"primaryImageOfPage\":{\"@id\":\"https:\\\/\\\/www.meydan.tv\\\/az\\\/article\\\/robert-koceryan-serti-azadliga-buraxilib\\\/#primaryimage\"},\"image\":{\"@id\":\"https:\\\/\\\/www.meydan.tv\\\/az\\\/article\\\/robert-koceryan-serti-azadliga-buraxilib\\\/#primaryimage\"},\"thumbnailUrl\":\"https:\\\/\\\/www.meydan.tv\\\/wp-content\\\/uploads\\\/42565.jpg\",\"datePublished\":\"2018-08-13T20:52:16+00:00\",\"breadcrumb\":{\"@id\":\"https:\\\/\\\/www.meydan.tv\\\/az\\\/article\\\/robert-koceryan-serti-azadliga-buraxilib\\\/#breadcrumb\"},\"inLanguage\":\"az\",\"potentialAction\":[{\"@type\":\"ReadAction\",\"target\":[\"https:\\\/\\\/www.meydan.tv\\\/az\\\/article\\\/robert-koceryan-serti-azadliga-buraxilib\\\/\"]}]},{\"@type\":\"ImageObject\",\"inLanguage\":\"az\",\"@id\":\"https:\\\/\\\/www.meydan.tv\\\/az\\\/article\\\/robert-koceryan-serti-azadliga-buraxilib\\\/#primaryimage\",\"url\":\"https:\\\/\\\/www.meydan.tv\\\/wp-content\\\/uploads\\\/42565.jpg\",\"contentUrl\":\"https:\\\/\\\/www.meydan.tv\\\/wp-content\\\/uploads\\\/42565.jpg\",\"width\":744,\"height\":473,\"caption\":\"Source:\"},{\"@type\":\"BreadcrumbList\",\"@id\":\"https:\\\/\\\/www.meydan.tv\\\/az\\\/article\\\/robert-koceryan-serti-azadliga-buraxilib\\\/#breadcrumb\",\"itemListElement\":[{\"@type\":\"ListItem\",\"position\":1,\"name\":\"Ana s\u0259hif\u0259\",\"item\":\"https:\\\/\\\/www.meydan.tv\\\/az\\\/\"},{\"@type\":\"ListItem\",\"position\":2,\"name\":\"X\u0259b\u0259rl\u0259r\",\"item\":\"https:\\\/\\\/www.meydan.tv\\\/az\\\/section\\\/xeberler\\\/\"},{\"@type\":\"ListItem\",\"position\":3,\"name\":\"Robert K\u00f6\u00e7\u0259ryan \u015f\u0259rti azadl\u0131\u011fa burax\u0131l\u0131b\"}]},{\"@type\":\"WebSite\",\"@id\":\"https:\\\/\\\/www.meydan.tv\\\/az\\\/#website\",\"url\":\"https:\\\/\\\/www.meydan.tv\\\/az\\\/\",\"name\":\"MEYDAN.TV\",\"description\":\"Meydan TV Az\u0259rbaycan\u0131n media m\u0259kan\u0131ndak\u0131 alternativ s\u0259sidir\",\"publisher\":{\"@id\":\"https:\\\/\\\/www.meydan.tv\\\/az\\\/#organization\"},\"potentialAction\":[{\"@type\":\"SearchAction\",\"target\":{\"@type\":\"EntryPoint\",\"urlTemplate\":\"https:\\\/\\\/www.meydan.tv\\\/az\\\/?s={search_term_string}\"},\"query-input\":{\"@type\":\"PropertyValueSpecification\",\"valueRequired\":true,\"valueName\":\"search_term_string\"}}],\"inLanguage\":\"az\"},{\"@type\":\"Organization\",\"@id\":\"https:\\\/\\\/www.meydan.tv\\\/az\\\/#organization\",\"name\":\"Meydan TV\",\"url\":\"https:\\\/\\\/www.meydan.tv\\\/az\\\/\",\"logo\":{\"@type\":\"ImageObject\",\"inLanguage\":\"az\",\"@id\":\"https:\\\/\\\/www.meydan.tv\\\/az\\\/#\\\/schema\\\/logo\\\/image\\\/\",\"url\":\"https:\\\/\\\/www.meydan.tv\\\/wp-content\\\/uploads\\\/2021\\\/07\\\/meydan-logo.svg\",\"contentUrl\":\"https:\\\/\\\/www.meydan.tv\\\/wp-content\\\/uploads\\\/2021\\\/07\\\/meydan-logo.svg\",\"width\":195,\"height\":46,\"caption\":\"Meydan TV\"},\"image\":{\"@id\":\"https:\\\/\\\/www.meydan.tv\\\/az\\\/#\\\/schema\\\/logo\\\/image\\\/\"}},{\"@type\":\"Person\",\"@id\":\"https:\\\/\\\/www.meydan.tv\\\/az\\\/#\\\/schema\\\/person\\\/10d11eccf6da3662cf5fdab9806ea91a\",\"name\":\"user-manager\"}]}<\/script>\n<!-- \/ Yoast SEO plugin. -->","yoast_head_json":{"title":"Robert K\u00f6\u00e7\u0259ryan \u015f\u0259rti azadl\u0131\u011fa burax\u0131l\u0131b - MEYDAN.TV","robots":{"index":"index","follow":"follow","max-snippet":"max-snippet:-1","max-image-preview":"max-image-preview:large","max-video-preview":"max-video-preview:-1"},"canonical":"https:\/\/www.meydan.tv\/az\/article\/robert-koceryan-serti-azadliga-buraxilib\/","og_locale":"az_AZ","og_type":"article","og_title":"Robert K\u00f6\u00e7\u0259ryan \u015f\u0259rti azadl\u0131\u011fa burax\u0131l\u0131b - MEYDAN.TV","og_description":"Apelyasiya M\u0259hk\u0259m\u0259si sabiq prezidentin iddias\u0131n\u0131 t\u0259min edib","og_url":"https:\/\/www.meydan.tv\/az\/article\/robert-koceryan-serti-azadliga-buraxilib\/","og_site_name":"MEYDAN.TV","article_published_time":"2018-08-13T20:52:16+00:00","og_image":[{"width":744,"height":473,"url":"https:\/\/www.meydan.tv\/wp-content\/uploads\/42565.jpg","type":"image\/jpeg"}],"author":"user-manager","twitter_card":"summary_large_image","schema":{"@context":"https:\/\/schema.org","@graph":[{"@type":"Article","@id":"https:\/\/www.meydan.tv\/az\/article\/robert-koceryan-serti-azadliga-buraxilib\/#article","isPartOf":{"@id":"https:\/\/www.meydan.tv\/az\/article\/robert-koceryan-serti-azadliga-buraxilib\/"},"author":{"name":"user-manager","@id":"https:\/\/www.meydan.tv\/az\/#\/schema\/person\/10d11eccf6da3662cf5fdab9806ea91a"},"headline":"Robert K\u00f6\u00e7\u0259ryan \u015f\u0259rti azadl\u0131\u011fa burax\u0131l\u0131b","datePublished":"2018-08-13T20:52:16+00:00","mainEntityOfPage":{"@id":"https:\/\/www.meydan.tv\/az\/article\/robert-koceryan-serti-azadliga-buraxilib\/"},"wordCount":158,"publisher":{"@id":"https:\/\/www.meydan.tv\/az\/#organization"},"image":{"@id":"https:\/\/www.meydan.tv\/az\/article\/robert-koceryan-serti-azadliga-buraxilib\/#primaryimage"},"thumbnailUrl":"https:\/\/www.meydan.tv\/wp-content\/uploads\/42565.jpg","articleSection":["X\u0259b\u0259rl\u0259r"],"inLanguage":"az"},{"@type":"WebPage","@id":"https:\/\/www.meydan.tv\/az\/article\/robert-koceryan-serti-azadliga-buraxilib\/","url":"https:\/\/www.meydan.tv\/az\/article\/robert-koceryan-serti-azadliga-buraxilib\/","name":"Robert K\u00f6\u00e7\u0259ryan \u015f\u0259rti azadl\u0131\u011fa burax\u0131l\u0131b - MEYDAN.TV","isPartOf":{"@id":"https:\/\/www.meydan.tv\/az\/#website"},"primaryImageOfPage":{"@id":"https:\/\/www.meydan.tv\/az\/article\/robert-koceryan-serti-azadliga-buraxilib\/#primaryimage"},"image":{"@id":"https:\/\/www.meydan.tv\/az\/article\/robert-koceryan-serti-azadliga-buraxilib\/#primaryimage"},"thumbnailUrl":"https:\/\/www.meydan.tv\/wp-content\/uploads\/42565.jpg","datePublished":"2018-08-13T20:52:16+00:00","breadcrumb":{"@id":"https:\/\/www.meydan.tv\/az\/article\/robert-koceryan-serti-azadliga-buraxilib\/#breadcrumb"},"inLanguage":"az","potentialAction":[{"@type":"ReadAction","target":["https:\/\/www.meydan.tv\/az\/article\/robert-koceryan-serti-azadliga-buraxilib\/"]}]},{"@type":"ImageObject","inLanguage":"az","@id":"https:\/\/www.meydan.tv\/az\/article\/robert-koceryan-serti-azadliga-buraxilib\/#primaryimage","url":"https:\/\/www.meydan.tv\/wp-content\/uploads\/42565.jpg","contentUrl":"https:\/\/www.meydan.tv\/wp-content\/uploads\/42565.jpg","width":744,"height":473,"caption":"Source:"},{"@type":"BreadcrumbList","@id":"https:\/\/www.meydan.tv\/az\/article\/robert-koceryan-serti-azadliga-buraxilib\/#breadcrumb","itemListElement":[{"@type":"ListItem","position":1,"name":"Ana s\u0259hif\u0259","item":"https:\/\/www.meydan.tv\/az\/"},{"@type":"ListItem","position":2,"name":"X\u0259b\u0259rl\u0259r","item":"https:\/\/www.meydan.tv\/az\/section\/xeberler\/"},{"@type":"ListItem","position":3,"name":"Robert K\u00f6\u00e7\u0259ryan \u015f\u0259rti azadl\u0131\u011fa burax\u0131l\u0131b"}]},{"@type":"WebSite","@id":"https:\/\/www.meydan.tv\/az\/#website","url":"https:\/\/www.meydan.tv\/az\/","name":"MEYDAN.TV","description":"Meydan TV Az\u0259rbaycan\u0131n media m\u0259kan\u0131ndak\u0131 alternativ s\u0259sidir","publisher":{"@id":"https:\/\/www.meydan.tv\/az\/#organization"},"potentialAction":[{"@type":"SearchAction","target":{"@type":"EntryPoint","urlTemplate":"https:\/\/www.meydan.tv\/az\/?s={search_term_string}"},"query-input":{"@type":"PropertyValueSpecification","valueRequired":true,"valueName":"search_term_string"}}],"inLanguage":"az"},{"@type":"Organization","@id":"https:\/\/www.meydan.tv\/az\/#organization","name":"Meydan TV","url":"https:\/\/www.meydan.tv\/az\/","logo":{"@type":"ImageObject","inLanguage":"az","@id":"https:\/\/www.meydan.tv\/az\/#\/schema\/logo\/image\/","url":"https:\/\/www.meydan.tv\/wp-content\/uploads\/2021\/07\/meydan-logo.svg","contentUrl":"https:\/\/www.meydan.tv\/wp-content\/uploads\/2021\/07\/meydan-logo.svg","width":195,"height":46,"caption":"Meydan TV"},"image":{"@id":"https:\/\/www.meydan.tv\/az\/#\/schema\/logo\/image\/"}},{"@type":"Person","@id":"https:\/\/www.meydan.tv\/az\/#\/schema\/person\/10d11eccf6da3662cf5fdab9806ea91a","name":"user-manager"}]}},"_links":{"self":[{"href":"https:\/\/www.meydan.tv\/az\/wp-json\/wp\/v2\/posts\/191249","targetHints":{"allow":["GET"]}}],"collection":[{"href":"https:\/\/www.meydan.tv\/az\/wp-json\/wp\/v2\/posts"}],"about":[{"href":"https:\/\/www.meydan.tv\/az\/wp-json\/wp\/v2\/types\/post"}],"author":[{"embeddable":true,"href":"https:\/\/www.meydan.tv\/az\/wp-json\/wp\/v2\/users\/11"}],"replies":[{"embeddable":true,"href":"https:\/\/www.meydan.tv\/az\/wp-json\/wp\/v2\/comments?post=191249"}],"version-history":[{"count":0,"href":"https:\/\/www.meydan.tv\/az\/wp-json\/wp\/v2\/posts\/191249\/revisions"}],"wp:featuredmedia":[{"embeddable":true,"href":"https:\/\/www.meydan.tv\/az\/wp-json\/wp\/v2\/media\/107187"}],"wp:attachment":[{"href":"https:\/\/www.meydan.tv\/az\/wp-json\/wp\/v2\/media?parent=191249"}],"wp:term":[{"taxonomy":"category","embeddable":true,"href":"https:\/\/www.meydan.tv\/az\/wp-json\/wp\/v2\/categories?post=191249"},{"taxonomy":"post_tag","embeddable":true,"href":"https:\/\/www.meydan.tv\/az\/wp-json\/wp\/v2\/tags?post=191249"}],"curies":[{"name":"wp","href":"https:\/\/api.w.org\/{rel}","templated":true}]}}