{"id":191237,"date":"2018-08-13T18:44:56","date_gmt":"2018-08-13T18:44:56","guid":{"rendered":"https:\/\/www.meydan.tv\/article\/xezerin-statusu-ile-bagli-hell-olunmamis-meqamlar-var\/"},"modified":"2018-08-13T18:44:56","modified_gmt":"2018-08-13T18:44:56","slug":"xezerin-statusu-ile-bagli-hell-olunmamis-meqamlar-var","status":"publish","type":"post","link":"https:\/\/www.meydan.tv\/az\/article\/xezerin-statusu-ile-bagli-hell-olunmamis-meqamlar-var\/","title":{"rendered":"&#8221;X\u0259z\u0259rin statusu il\u0259 ba\u011fl\u0131 h\u0259ll olunmam\u0131\u015f m\u0259qamlar var&#8221;"},"content":{"rendered":"<figure class=\"wp-block-image size-large\">\n  <img decoding=\"async\" src=\"https:\/\/www.meydan.tv\/az\/107850\/\" alt=\"\" class=\"wp-image-107850\"\/><figcaption><\/figcaption><\/figure>\n<p>\n  <i><br \/>\n    Ekspertl\u0259r imzalanan konvensiyan\u0131 \u015f\u0259rh edibl\u0259r<br \/>\n  <\/i>\n<\/p>\n<p>\n  Az\u0259rbaycan, Rusiya, Qazax\u0131stan, \u0130ran v\u0259 T\u00fcrkm\u0259nistan prezidentl\u0259ri<br \/>\n  <a href=\"\/az\/article\/xezerin-huquqi-statusuna-dair-konvensiya-imzalandi\/\"><br \/>\n    avqustun 12-d\u0259<br \/>\n  <\/a><br \/>\n  Aktau \u015f\u0259h\u0259rind\u0259 X\u0259z\u0259r d\u0259nizinin h\u00fcquqi statusuna dair Konvensiyaya imza at\u0131blar.<br \/>\n  <br \/>\n  H\u0259ft\u0259sonu imzalanan konvensiya g\u00fcn\u00fcn \u0259n \u00e7ox m\u00fczakir\u0259 olunan m\u0259s\u0259l\u0259l\u0259rind\u0259ndir.\n<\/p>\n<p>\n  <b><br \/>\n    <i><br \/>\n      S\u0259n\u0259dd\u0259 Rusiyan\u0131n mara\u011f\u0131 n\u0259z\u0259r\u0259 al\u0131n\u0131b<br \/>\n    <\/i><br \/>\n  <\/b>\n<\/p>\n<p>\n  Haz\u0131rda hans\u0131 d\u00f6vl\u0259tin bu prosesd\u0259n qazancla \u00e7\u0131xd\u0131\u011f\u0131, 20 ild\u0259n \u00e7ox m\u00fczakir\u0259si apar\u0131lan konvensiyan\u0131n detallar\u0131 diqq\u0259t m\u0259rk\u0259zind\u0259dir.\n<\/p>\n<p>\n  \u0130ll\u0259r uzunu daha \u00e7ox m\u00fcbahis\u0259 m\u00f6vzusu d\u0259niz dibinin b\u00f6l\u00fcnm\u0259si idi. S\u0259n\u0259dd\u0259 qeyd olunub ki, X\u0259z\u0259rin dibil\u0259 k\u0259m\u0259rl\u0259r \u00e7\u0259kil\u0259 bil\u0259r v\u0259 bunun \u00fc\u00e7\u00fcn yaln\u0131z k\u0259m\u0259rin ke\u00e7diyi sektorlara sahib \u00f6lk\u0259l\u0259rin raz\u0131l\u0131\u011f\u0131 laz\u0131md\u0131r. Rusiya xarici i\u015fl\u0259r nazirinin m\u00fcavini Griqory Karasin \u201cKommersant\u201da deyib ki, Moskva Az\u0259rbaycan, \u0130ran v\u0259 T\u00fcrkm\u0259nistan\u0131n yerin t\u0259ki haqq\u0131nda raz\u0131la\u015fman\u0131 \u00f6z aralar\u0131nda, bu m\u00fczakir\u0259l\u0259r\u0259 b\u00fct\u00fcn be\u015fliyi \u201cdartmadan\u201d \u0259ld\u0259 etm\u0259sini ist\u0259rdi. Bundan \u0259lav\u0259, X\u0259z\u0259rin d\u0259niz v\u0259 ya g\u00f6l olmas\u0131 bar\u0259d\u0259 fundamental co\u011frafi m\u0259s\u0259l\u0259d\u0259 d\u0259 raz\u0131la\u015fmay\u0131b. N\u0259tic\u0259d\u0259 s\u0259n\u0259dd\u0259 kompromis \u201csu h\u00f6vz\u0259si\u201d terminind\u0259n istifad\u0259 olunub. X\u0259z\u0259rin karbohidrogen yataqlar\u0131n\u0131n sahibliyi bar\u0259d\u0259 m\u0259s\u0259l\u0259 d\u0259 a\u00e7\u0131q qal\u0131b.\n<\/p>\n<p>\n  Daha sonra bildirilib ki, b\u00f6l\u00fc\u015fd\u00fcr\u00fcl\u0259n h\u0259l\u0259lik yaln\u0131z daxili v\u0259 \u0259razi sular\u0131d\u0131r. Bu m\u0259s\u0259l\u0259d\u0259 h\u0259mi\u015f\u0259 inadkar m\u00f6vqe tutan \u0130ran h\u0259tta Konvensiyan\u0131n q\u0259bulundan sonra da s\u0259rh\u0259d m\u0259s\u0259l\u0259sinin a\u00e7\u0131q qald\u0131\u011f\u0131n\u0131, bu s\u0259n\u0259din, \u00fcmumiyy\u0259tl\u0259, \u0130ran parlamentind\u0259n ke\u00e7m\u0259si z\u0259rur\u0259tini b\u0259yan edib. Eyni zamanda, \u0130ran Az\u0259rbaycan\u0131n iddia etdiyi S\u0259rdar-C\u0259ng\u0259l yata\u011f\u0131nda art\u0131q qazma i\u015fl\u0259ri apar\u0131b. \u00d6z n\u00f6vb\u0259sind\u0259 Az\u0259rbaycan v\u0259 T\u00fcrkm\u0259nistan aras\u0131nda K\u0259p\u0259z, Az\u0259ri, \u00c7\u0131raq (t\u00fcrkm\u0259n variant\u0131nda Serdar, Osman v\u0259 Omra) yataqlar\u0131n\u0131n sahibliyi \u00fcst\u00fcnd\u0259 m\u00fcbahis\u0259 formal olaraq qal\u0131r.\n<\/p>\n<p>\n  S\u0259n\u0259dd\u0259 Rusiyan\u0131n \u0259n \u0259sas mara\u011f\u0131 n\u0259z\u0259r\u0259 al\u0131n\u0131b ki, bu, X\u0259z\u0259rd\u0259 sahil \u00f6lk\u0259si olmayan d\u00f6vl\u0259tl\u0259rin g\u0259mil\u0259rinin \u00fczm\u0259sini qada\u011fan edilm\u0259si bar\u0259d\u0259 m\u00fcdd\u0259ad\u0131r. Rusiya d\u0259nizd\u0259 \u0259n b\u00f6y\u00fck h\u0259rbi q\u00fcvv\u0259y\u0259 malikdir, qalan \u00f6lk\u0259l\u0259r\u0259 is\u0259 \u201cb\u00fct\u00fcn t\u0259r\u0259fl\u0259rin maraqlar\u0131 n\u0259z\u0259r\u0259 al\u0131nmaqla a\u011flabatan \u00f6l\u00e7\u00fcd\u0259 h\u0259rbi quruculuq\u201d icaz\u0259si verilir. Grigory Karasin deyib ki, bu Konvensiyada Rusiya silahl\u0131 q\u00fcvv\u0259l\u0259rinin maraqlar\u0131 \u201ctam h\u0259cmd\u0259\u201d t\u0259min olunub.\n<\/p>\n<blockquote><p>\n  H\u0259rbi bazalar\u0131n d\u0259nizd\u0259 yerl\u0259\u015fdirilm\u0259m\u0259si d\u00fczg\u00fcn q\u0259rard\u0131r\n<\/p><\/blockquote>\n<p>\n  Neft Ara\u015fd\u0131rmalar\u0131 M\u0259rk\u0259zinin r\u0259hb\u0259ri \u0130lham \u015eaban \u00fcmumilikd\u0259 s\u0259n\u0259din imzalanmas\u0131n\u0131 m\u00fcsb\u0259t hesab edir:\n<\/p>\n<p>\n  \u201c\u00c7\u00fcnki 22 ildir faktiki olaraq ortada h\u00fcquqi s\u0259n\u0259d olmadan X\u0259z\u0259ryan\u0131 \u00f6lk\u0259l\u0259r bir-biri il\u0259 d\u0259nizd\u0259 h\u0259r hans\u0131 f\u0259aliyy\u0259td\u0259 idil\u0259r. M\u00fcbahis\u0259 predmeti olanda da n\u0259 arbitraj, n\u0259 d\u0259 beyn\u0259lxalq s\u0259n\u0259d\u0259 m\u00fcraci\u0259ti etm\u0259k h\u00fcquqlar\u0131 vard\u0131. S\u0259b\u0259b o idi ki, 1996-c\u0131 ild\u0259 yeni h\u00fcququ s\u0259n\u0259din i\u015fl\u0259nm\u0259si raz\u0131la\u015fd\u0131r\u0131ld\u0131, o zaman d\u0259nizl\u0259 ba\u011fl\u0131 beyn\u0259lxalq s\u0259n\u0259dl\u0259r q\u00fcvv\u0259d\u0259n d\u00fc\u015fd\u00fc. Haz\u0131rda h\u00fcquqi m\u00fcst\u0259vid\u0259 m\u0259s\u0259l\u0259l\u0259ri h\u0259ll etm\u0259k \u00fc\u00e7\u00fcn \u015f\u0259rait yaran\u0131b\u201d.\n<\/p>\n<p>\n  D\u0259yi\u015fiklikl\u0259r\u0259 g\u0259linc\u0259, \u0130lham \u015eaban bildirib ki, boru k\u0259m\u0259rl\u0259rinin, magistral kabel x\u0259tl\u0259rinin \u00e7\u0259kilm\u0259sind\u0259 raz\u0131l\u0131\u011fa g\u0259lm\u0259k yax\u015f\u0131d\u0131r:\n<\/p>\n<p>\n  \u201cMagistral k\u0259m\u0259rl\u0259rin \u00e7\u0259kilm\u0259sind\u0259 5 \u00f6lk\u0259nin h\u0259r birind\u0259n raz\u0131l\u0131q almaq laz\u0131m deyil, k\u0259m\u0259r hans\u0131 \u00f6lk\u0259nin \u0259razi sular\u0131ndan ke\u00e7irs\u0259, onun raz\u0131l\u0131\u011f\u0131 kifay\u0259tdir. Sad\u0259c\u0259, ekoloji m\u0259s\u0259l\u0259l\u0259rl\u0259 ba\u011fl\u0131 5 \u00f6lk\u0259nin raz\u0131l\u0131\u011f\u0131 g\u0259r\u0259kdir, bu da beyn\u0259lxalq praktika olan m\u0259s\u0259l\u0259dir. \u0130kinci, X\u0259z\u0259rin dibinin b\u00f6l\u00fcnm\u0259sind\u0259 orta x\u0259tt prinsipi saxlan\u0131ld\u0131, ancaq Az\u0259rbaycan, \u0130ran v\u0259 T\u00fcrkm\u0259nistan aras\u0131ndak\u0131 probleml\u0259rl\u0259 ba\u011fl\u0131 deyildi ki, formula t\u0259klif edilmir, \u015fimal hiss\u0259 nec\u0259 b\u00f6l\u00fcn\u00fcb, o t\u0259klif olunur. 5 \u00f6lk\u0259nin n\u0259yis\u0259 dikt\u0259 etm\u0259si g\u00fcnd\u0259md\u0259 deyil, konsensus yolu il\u0259 olmal\u0131d\u0131r, iki \u00f6lk\u0259 qar\u015f\u0131l\u0131ql\u0131 raz\u0131l\u0131\u011fa g\u0259lm\u0259lidir. \u018fg\u0259r m\u00fcbahis\u0259li yataq varsa, bir \u00f6lk\u0259 icaz\u0259 vermirs\u0259, dig\u0259ri ondan yararlanmayacaq. Tutaq ki, K\u0259p\u0259z yata\u011f\u0131, T\u00fcrkm\u0259nistan \u0259llinin \u0259lliy\u0259 i\u015fl\u0259nm\u0259sin\u0259 raz\u0131l\u0131q vermirs\u0259, \u00f6z m\u0259nf\u0259\u0259tind\u0259n qa\u00e7\u0131rsa, bu, 100 il d\u0259 uzana bil\u0259r\u201d.\n<\/p>\n<figure class=\"wp-block-image size-large\">\n  <img decoding=\"async\" src=\"https:\/\/www.meydan.tv\/az\/ilham-saban-2\/\" alt=\"\u0130lham \u015eaban\" class=\"wp-image-102834\"\/><figcaption>\n    \u0130lham \u015eaban<br \/>\n  <\/figcaption><\/figure>\n<p>\n  Ekspert \u00fc\u00e7\u00fcnc\u00fc \u00f6lk\u0259nin h\u0259rbi bazalar\u0131n\u0131n d\u0259nizd\u0259 yerl\u0259\u015fdirilm\u0259m\u0259sini d\u00fczg\u00fcn q\u0259rar adland\u0131r\u0131b:\n<\/p>\n<p>\n  \u201c\u018fvv\u0259la, X\u0259z\u0259rin h\u00fcquqi statusu s\u00f6hb\u0259ti 1994-c\u00fc ild\u0259 Az\u0259rbaycan\u0131n Az\u0259ri-\u00c7\u0131raq-G\u00fcn\u0259\u015fli yataqlar\u0131 il\u0259 ba\u011fl\u0131 ilk sazi\u015fd\u0259n do\u011fdu. O zaman Rusiya Xarici \u0130\u015fl\u0259r Nazirliyi \u00e7ox neqativ b\u0259yanat verdi, ard\u0131nca \u0130ran. 1996-c\u0131 ild\u0259 Az\u0259rbaycan h\u0259r iki d\u00f6vl\u0259ti \u201c\u015eahd\u0259niz\u201dl\u0259 ba\u011fl\u0131 k\u0259\u015ffiyyat strukturuna d\u0259v\u0259t etdi. Orda da BP operator olmaqla naraz\u0131 qalan d\u00f6vl\u0259tin mara\u011f\u0131n\u0131 ortal\u0131\u011fa qoydu v\u0259 n\u0259tic\u0259d\u0259 layih\u0259 imzaland\u0131. Bundan sonra X\u0259z\u0259rin h\u00fcquqi statusunun yenid\u0259n i\u015fl\u0259nm\u0259si il\u0259 ba\u011fl\u0131 ilk g\u00f6r\u00fc\u015f ke\u00e7irildi. B\u0259li, 22 il az zaman deyil, amma reall\u0131q ondan ibar\u0259tdir ki, X\u0259z\u0259ryan\u0131 \u00f6lk\u0259l\u0259r i\u00e7\u0259risind\u0259 neft v\u0259 qazdan \u0259n \u00e7ox Az\u0259rbaycan b\u0259hr\u0259l\u0259ndi. S\u00f6hb\u0259t neft-qaz layih\u0259l\u0259rinin i\u015fl\u0259nm\u0259si, onlar\u0131n d\u00fcnya bazar\u0131na \u00e7\u0131xar\u0131lmas\u0131, yeni infrastrukturlar\u0131n yarad\u0131lmas\u0131 v\u0259 X\u0259z\u0259r regionu \u00f6lk\u0259l\u0259rinin bu layih\u0259l\u0259r\u0259 c\u0259lb edilm\u0259sind\u0259n gedir. Haz\u0131rda Qazax\u0131stan, T\u00fcrkm\u0259nistan v\u0259 Rusiyan\u0131n nefti BTC il\u0259 d\u00fcnya bazar\u0131na da\u015f\u0131n\u0131r. D\u00fczd\u00fcr, onlar g\u0259mil\u0259rl\u0259 S\u0259ng\u0259\u00e7al terminal\u0131na g\u0259tirilir. 10 il sonra bu terminala Qazax\u0131standan neft, T\u00fcrkm\u0259nistan da qaz \u00e7\u0259kil\u0259 bil\u0259r\u201d.\n<\/p>\n<blockquote><p>\n  H\u0259ll olunmam\u0131\u015f m\u0259qamlar var\n<\/p><\/blockquote>\n<p>\n  Avropada ya\u015fayan siyasi m\u00fchacir Rauf Mirq\u0259dirov imzalanm\u0131\u015f konvensiyan\u0131n pozitiv t\u0259r\u0259fl\u0259ri il\u0259 b\u0259rab\u0259r h\u0259ll olunmam\u0131\u015f m\u0259qamlar\u0131n\u0131n da \u00e7ox oldu\u011funu d\u00fc\u015f\u00fcn\u00fcr:\n<\/p>\n<p>\n  \u201cPozitiv m\u0259s\u0259l\u0259l\u0259rd\u0259n ba\u015flayaq. Prinsipc\u0259, h\u00f6vz\u0259d\u0259 g\u0259mil\u0259rin h\u0259r\u0259k\u0259ti v\u0259 iqtisadi m\u0259s\u0259l\u0259l\u0259r m\u00fc\u0259yy\u0259n q\u0259d\u0259r reqlamentl\u0259\u015fdirilib. M\u00fctl\u0259q iqtisadi zonalardan k\u0259nardak\u0131 b\u00fct\u00fcn bioresurslar\u0131n \u0259ld\u0259 olunmas\u0131 ham\u0131 \u00fc\u00e7\u00fcn eynidir. D\u0259nizin dibinin sektorlara b\u00f6l\u00fcnm\u0259sind\u0259 yaln\u0131z Az\u0259rbaycan\u0131n problemleml\u0259ri ortaya \u00e7\u0131x\u0131r. Rusiya-Az\u0259rbaycan-Qazax\u0131stan d\u0259nizin dibinin b\u00f6l\u00fcnm\u0259si m\u0259s\u0259l\u0259sind\u0259 qar\u015f\u0131l\u0131ql\u0131 probleml\u0259rini ikit\u0259r\u0259fli m\u00fcqavil\u0259l\u0259rl\u0259 h\u0259ll ets\u0259l\u0259r d\u0259, T\u00fcrkm\u0259nistan v\u0259 \u0130ranla probleml\u0259r qal\u0131r. Konvensiya bu m\u0259s\u0259l\u0259ni ikit\u0259r\u0259fli formatda h\u0259llini n\u0259z\u0259rd\u0259 tutur. Dem\u0259li, d\u0259nizin dibinin \u00fcmumi sektora b\u00f6l\u00fcnm\u0259sini raz\u0131la\u015fa bilm\u0259yibl\u0259r. Raz\u0131la\u015fman\u0131n olmamas\u0131 m\u00fcbahis\u0259li yataqlar problemini g\u00fcnd\u0259m\u0259 g\u0259tirir, Bak\u0131 bu m\u0259s\u0259l\u0259d\u0259 Tehran v\u0259 A\u015fqabadla ciddi fikir ayr\u0131l\u0131\u011f\u0131na malikdir. Burda pozitiv m\u0259qam h\u0259m d\u0259 odur ki, Rusiya v\u0259 \u0130ran d\u0259nizin dibind\u0259n neft v\u0259 qaz k\u0259m\u0259rl\u0259rinin \u00e7\u0259kilm\u0259sind\u0259 g\u00fcz\u0259\u015ft\u0259 gedib. H\u0259r iki d\u00f6vl\u0259t buna q\u0259d\u0259r d\u0259nizin dibi il\u0259 k\u0259m\u0259rl\u0259rin \u00e7\u0259kilm\u0259sind\u0259 b\u00fct\u00fcn X\u0259z\u0259ryan\u0131 d\u00f6vl\u0259tl\u0259rin raz\u0131l\u0131\u011f\u0131n\u0131 t\u0259l\u0259b edirdil\u0259r. O zaman Rusiya v\u0259 \u0130ran bunu onunla \u0259sasland\u0131r\u0131rd\u0131 ki, d\u0259niz x\u00fcsusi ekoloji rejim\u0259 malik olmal\u0131d\u0131r, halbuki, \u00e7ox absurd m\u00f6vqe idi. \u00c7\u00fcnki X\u0259z\u0259ryan\u0131 d\u00f6vl\u0259tl\u0259rin ham\u0131s\u0131 karbohidrogen ehtiyatlar\u0131n \u00e7\u0131xar\u0131lmas\u0131 v\u0259 ixrac\u0131 il\u0259 m\u0259\u015f\u011fuldurlar, bunlar\u0131n da sahil\u0259 da\u015f\u0131nmas\u0131 k\u0259m\u0259rl\u0259r vasit\u0259sil\u0259 m\u00fcmk\u00fcnd\u00fcr. Rusiya bu israr\u0131yla Orta Asiya resurslar\u0131n\u0131n ondan k\u0259nar Avropa bazarlar\u0131na \u00e7\u0131xar\u0131lmas\u0131n\u0131n qar\u015f\u0131s\u0131n\u0131 al\u0131rd\u0131. Bu m\u0259s\u0259l\u0259 h\u0259ll olunsa da, m\u00fc\u0259yy\u0259n t\u0259hl\u00fck\u0259l\u0259r qoyur, y\u0259ni Rusiyan\u0131n bel\u0259 asanl\u0131qla Orta Asiya enerji resurslar\u0131n\u0131n Avropa bazar\u0131na \u00e7\u0131xar\u0131lmas\u0131 suallar do\u011furur. G\u00f6r\u00fcn\u00fcr, Rusiyan\u0131n bird\u0259n-bir\u0259 bel\u0259 g\u00fcz\u0259\u015ft\u0259 getm\u0259si daha \u00e7ox imicini pozitivl\u0259\u015fdirm\u0259k ist\u0259yind\u0259n g\u0259lir. \u00dcmumiyy\u0259tl\u0259, 2008-ci ild\u0259n Rusiya h\u0259rbi, siyasi v\u0259 elektoral aqressiv d\u00f6vl\u0259t imicin\u0259 malikdir, indi g\u00fcz\u0259\u015ft\u0259 getm\u0259kl\u0259 pozitiv imicini yaratmaq ist\u0259yir\u201d.\n<\/p>\n<figure class=\"wp-block-image size-large\">\n  <img decoding=\"async\" src=\"https:\/\/www.meydan.tv\/az\/rauf-mirqedirov-2\/\" alt=\"Rauf Mirq\u0259dirov\" class=\"wp-image-50606\"\/><figcaption>\n    Rauf Mirq\u0259dirov<br \/>\n  <\/figcaption><\/figure>\n<p>\n  Rauf Mirq\u0259dirovun s\u00f6zl\u0259rin\u0259 g\u00f6r\u0259, d\u0259nizin dibinin sektorlara b\u00f6l\u00fcnm\u0259sind\u0259 Az\u0259rbaycanla T\u00fcrkm\u0259nistan\u0131n \u201cdil tapmas\u0131\u201d imkanlar\u0131 kifay\u0259t q\u0259d\u0259r geni\u015fdir:\n<\/p>\n<p>\n  \u201c\u00c7\u00fcnki T\u00fcrkm\u0259nistan Rusiyadan k\u0259nar x\u0259tt olan \u201cTransX\u0259z\u0259r\u201d qaz k\u0259m\u0259rinin \u00e7\u0259kilm\u0259sind\u0259 maraql\u0131d\u0131r. \u0130ndiy\u0259 q\u0259d\u0259r T\u00fcrkm\u0259nistan Avropa bazar\u0131na Rusiya vasit\u0259sil\u0259 \u00e7\u0131x\u0131r, bel\u0259 olanda Moskva ist\u0259diyi vaxt h\u0259m qiym\u0259t, h\u0259m d\u0259 h\u0259cml\u0259rl\u0259 manipulyasiya edir. 2008-ci il b\u00f6hran\u0131 zaman\u0131 T\u00fcrkm\u0259nistanla Rusiya aras\u0131nda bu istiqam\u0259td\u0259 \u0259m\u0259kda\u015fl\u0131q bir q\u0259d\u0259r dayand\u0131r\u0131ld\u0131. S\u0259b\u0259b o idi ki, Moskva m\u00fcqavil\u0259d\u0259 n\u0259z\u0259rd\u0259 tutulan qiym\u0259tl\u0259rl\u0259 deyil, h\u0259dd\u0259n art\u0131q ucuz qiym\u0259tl\u0259r v\u0259 daha az h\u0259cmd\u0259 qaz ist\u0259yirdi. \u0130kinci, Az\u0259rbaycan da tranzit \u00f6lk\u0259y\u0259 \u00e7evrilm\u0259kd\u0259 maraql\u0131d\u0131r. Bel\u0259 olanda Bak\u0131 il\u0259 A\u015fqabad m\u00fcbahis\u0259li yataqlar\u0131n birg\u0259 istismar\u0131nda kompromis tapa bil\u0259rl\u0259r. Amma \u0130ranla dan\u0131\u015f\u0131qlar \u00e7\u0259tindir, g\u00fcman ki, Tehran g\u00fcz\u0259\u015ft\u0259 getm\u0259y\u0259c\u0259k. H\u0259m d\u0259 konvensiyada m\u00fcbahis\u0259li yataqlar\u0131n yaln\u0131z dan\u0131\u015f\u0131qlar yolu il\u0259 istismar\u0131n\u0131 qeyd ed\u0259n madd\u0259 yoxdur\u201d.\n<\/p>\n<p>\n  Rauf Mirq\u0259dirov deyir ki, X\u0259z\u0259rd\u0259 qeyri-regional d\u00f6vl\u0259tl\u0259rin h\u0259rbi birl\u0259\u015fm\u0259l\u0259rinin olmamas\u0131 q\u0259rar\u0131 Rusiya v\u0259 \u0130ran\u0131n israr\u0131 n\u0259tic\u0259sind\u0259 q\u0259bul edilib. Konvensiyada ayd\u0131nla\u015fd\u0131r\u0131lma\u011fa ehtiyac\u0131 olan ba\u015fqa bir madd\u0259 d\u0259 var, bu, \u00f6z \u0259razil\u0259rind\u0259n dig\u0259r X\u0259z\u0259ryan\u0131 d\u00f6vl\u0259tl\u0259r\u0259 qar\u015f\u0131 t\u0259cav\u00fcz \u00fc\u00e7\u00fcn imkan verilm\u0259m\u0259sidir:\n<\/p>\n<p>\n  &#8220;M\u0259s\u0259l\u0259n, Az\u0259rbaycan NATO-ya daxil olsa, yaxud T\u00fcrkiy\u0259 il\u0259 h\u0259rbi m\u00fcqavil\u0259 imzalasa v\u0259 n\u0259tic\u0259d\u0259 \u0259razisind\u0259 h\u0259rbi bazan\u0131n yerl\u0259\u015fdirilm\u0259sin\u0259 raz\u0131l\u0131q ver\u0259rs\u0259, \u0130ran v\u0259 Rusiya bunu \u00f6zl\u0259rin\u0259 qar\u015f\u0131 t\u0259cav\u00fcz akt\u0131 kimi qiym\u0259tl\u0259ndir\u0259c\u0259kl\u0259rmi? Bu halda Rusiyan\u0131n Erm\u0259nistandak\u0131 h\u0259rbi bazas\u0131ndan Da\u011fl\u0131q Qaraba\u011f m\u0259s\u0259l\u0259sind\u0259 istifad\u0259 olunarsa, Az\u0259rbaycan nec\u0259 d\u0259y\u0259rl\u0259ndir\u0259c\u0259k? Az\u0259rbaycana bu madd\u0259 n\u0259l\u0259r verir, Bak\u0131n\u0131n maraqlar\u0131 n\u0259d\u0259n ibar\u0259tdir, yaln\u0131z Rusiyaya g\u00fcz\u0259\u015ft\u0259 gedilirs\u0259, d\u00f6vl\u0259tin maraqlar\u0131 n\u0259z\u0259r\u0259 al\u0131n\u0131rm\u0131? Y\u0259ni bu madd\u0259 m\u00fcr\u0259kk\u0259b suallar do\u011furur?\u201d<\/p>\n","protected":false},"excerpt":{"rendered":"<p>Ekspertl\u0259r imzalanan konvensiyan\u0131 \u015f\u0259rh edibl\u0259r<\/p>\n","protected":false},"author":11,"featured_media":107850,"comment_status":"closed","ping_status":"open","sticky":false,"template":"","format":"standard","meta":{"_acf_changed":false,"_sitemap_exclude":false,"_sitemap_priority":"","_sitemap_frequency":"","footnotes":""},"categories":[51],"tags":[],"class_list":["post-191237","post","type-post","status-publish","format-standard","has-post-thumbnail","hentry","category-analitika","infinite-scroll-item","generate-columns","tablet-grid-50","mobile-grid-100","grid-parent","grid-33","no-featured-image-padding"],"acf":[],"yoast_head":"<!-- This site is optimized with the Yoast SEO plugin v27.4 - https:\/\/yoast.com\/product\/yoast-seo-wordpress\/ -->\n<title>&#039;&#039;X\u0259z\u0259rin statusu il\u0259 ba\u011fl\u0131 h\u0259ll olunmam\u0131\u015f m\u0259qamlar var&#039;&#039; - MEYDAN.TV<\/title>\n<meta name=\"robots\" content=\"index, follow, max-snippet:-1, max-image-preview:large, max-video-preview:-1\" \/>\n<link rel=\"canonical\" href=\"https:\/\/www.meydan.tv\/az\/article\/xezerin-statusu-ile-bagli-hell-olunmamis-meqamlar-var\/\" \/>\n<meta property=\"og:locale\" content=\"az_AZ\" \/>\n<meta property=\"og:type\" content=\"article\" \/>\n<meta property=\"og:title\" content=\"&#039;&#039;X\u0259z\u0259rin statusu il\u0259 ba\u011fl\u0131 h\u0259ll olunmam\u0131\u015f m\u0259qamlar var&#039;&#039; - MEYDAN.TV\" \/>\n<meta property=\"og:description\" content=\"Ekspertl\u0259r imzalanan konvensiyan\u0131 \u015f\u0259rh edibl\u0259r\" \/>\n<meta property=\"og:url\" content=\"https:\/\/www.meydan.tv\/az\/article\/xezerin-statusu-ile-bagli-hell-olunmamis-meqamlar-var\/\" \/>\n<meta property=\"og:site_name\" content=\"MEYDAN.TV\" \/>\n<meta property=\"article:published_time\" content=\"2018-08-13T18:44:56+00:00\" \/>\n<meta property=\"og:image\" content=\"https:\/\/www.meydan.tv\/wp-content\/uploads\/42824.jpg\" \/>\n\t<meta property=\"og:image:width\" content=\"981\" \/>\n\t<meta property=\"og:image:height\" content=\"669\" \/>\n\t<meta property=\"og:image:type\" content=\"image\/jpeg\" \/>\n<meta name=\"author\" content=\"user-manager\" \/>\n<meta name=\"twitter:card\" content=\"summary_large_image\" \/>\n<script type=\"application\/ld+json\" class=\"yoast-schema-graph\">{\"@context\":\"https:\\\/\\\/schema.org\",\"@graph\":[{\"@type\":\"Article\",\"@id\":\"https:\\\/\\\/www.meydan.tv\\\/az\\\/article\\\/xezerin-statusu-ile-bagli-hell-olunmamis-meqamlar-var\\\/#article\",\"isPartOf\":{\"@id\":\"https:\\\/\\\/www.meydan.tv\\\/az\\\/article\\\/xezerin-statusu-ile-bagli-hell-olunmamis-meqamlar-var\\\/\"},\"author\":{\"name\":\"user-manager\",\"@id\":\"https:\\\/\\\/www.meydan.tv\\\/az\\\/#\\\/schema\\\/person\\\/10d11eccf6da3662cf5fdab9806ea91a\"},\"headline\":\"&#8221;X\u0259z\u0259rin statusu il\u0259 ba\u011fl\u0131 h\u0259ll olunmam\u0131\u015f m\u0259qamlar var&#8221;\",\"datePublished\":\"2018-08-13T18:44:56+00:00\",\"mainEntityOfPage\":{\"@id\":\"https:\\\/\\\/www.meydan.tv\\\/az\\\/article\\\/xezerin-statusu-ile-bagli-hell-olunmamis-meqamlar-var\\\/\"},\"wordCount\":2008,\"publisher\":{\"@id\":\"https:\\\/\\\/www.meydan.tv\\\/az\\\/#organization\"},\"image\":{\"@id\":\"https:\\\/\\\/www.meydan.tv\\\/az\\\/article\\\/xezerin-statusu-ile-bagli-hell-olunmamis-meqamlar-var\\\/#primaryimage\"},\"thumbnailUrl\":\"https:\\\/\\\/www.meydan.tv\\\/wp-content\\\/uploads\\\/42824.jpg\",\"articleSection\":[\"Analitika\"],\"inLanguage\":\"az\"},{\"@type\":\"WebPage\",\"@id\":\"https:\\\/\\\/www.meydan.tv\\\/az\\\/article\\\/xezerin-statusu-ile-bagli-hell-olunmamis-meqamlar-var\\\/\",\"url\":\"https:\\\/\\\/www.meydan.tv\\\/az\\\/article\\\/xezerin-statusu-ile-bagli-hell-olunmamis-meqamlar-var\\\/\",\"name\":\"''X\u0259z\u0259rin statusu il\u0259 ba\u011fl\u0131 h\u0259ll olunmam\u0131\u015f m\u0259qamlar var'' - MEYDAN.TV\",\"isPartOf\":{\"@id\":\"https:\\\/\\\/www.meydan.tv\\\/az\\\/#website\"},\"primaryImageOfPage\":{\"@id\":\"https:\\\/\\\/www.meydan.tv\\\/az\\\/article\\\/xezerin-statusu-ile-bagli-hell-olunmamis-meqamlar-var\\\/#primaryimage\"},\"image\":{\"@id\":\"https:\\\/\\\/www.meydan.tv\\\/az\\\/article\\\/xezerin-statusu-ile-bagli-hell-olunmamis-meqamlar-var\\\/#primaryimage\"},\"thumbnailUrl\":\"https:\\\/\\\/www.meydan.tv\\\/wp-content\\\/uploads\\\/42824.jpg\",\"datePublished\":\"2018-08-13T18:44:56+00:00\",\"breadcrumb\":{\"@id\":\"https:\\\/\\\/www.meydan.tv\\\/az\\\/article\\\/xezerin-statusu-ile-bagli-hell-olunmamis-meqamlar-var\\\/#breadcrumb\"},\"inLanguage\":\"az\",\"potentialAction\":[{\"@type\":\"ReadAction\",\"target\":[\"https:\\\/\\\/www.meydan.tv\\\/az\\\/article\\\/xezerin-statusu-ile-bagli-hell-olunmamis-meqamlar-var\\\/\"]}]},{\"@type\":\"ImageObject\",\"inLanguage\":\"az\",\"@id\":\"https:\\\/\\\/www.meydan.tv\\\/az\\\/article\\\/xezerin-statusu-ile-bagli-hell-olunmamis-meqamlar-var\\\/#primaryimage\",\"url\":\"https:\\\/\\\/www.meydan.tv\\\/wp-content\\\/uploads\\\/42824.jpg\",\"contentUrl\":\"https:\\\/\\\/www.meydan.tv\\\/wp-content\\\/uploads\\\/42824.jpg\",\"width\":981,\"height\":669,\"caption\":\"Source:\"},{\"@type\":\"BreadcrumbList\",\"@id\":\"https:\\\/\\\/www.meydan.tv\\\/az\\\/article\\\/xezerin-statusu-ile-bagli-hell-olunmamis-meqamlar-var\\\/#breadcrumb\",\"itemListElement\":[{\"@type\":\"ListItem\",\"position\":1,\"name\":\"Ana s\u0259hif\u0259\",\"item\":\"https:\\\/\\\/www.meydan.tv\\\/az\\\/\"},{\"@type\":\"ListItem\",\"position\":2,\"name\":\"Analitika\",\"item\":\"https:\\\/\\\/www.meydan.tv\\\/az\\\/section\\\/analitika\\\/\"},{\"@type\":\"ListItem\",\"position\":3,\"name\":\"&#8221;X\u0259z\u0259rin statusu il\u0259 ba\u011fl\u0131 h\u0259ll olunmam\u0131\u015f m\u0259qamlar var&#8221;\"}]},{\"@type\":\"WebSite\",\"@id\":\"https:\\\/\\\/www.meydan.tv\\\/az\\\/#website\",\"url\":\"https:\\\/\\\/www.meydan.tv\\\/az\\\/\",\"name\":\"MEYDAN.TV\",\"description\":\"Meydan TV Az\u0259rbaycan\u0131n media m\u0259kan\u0131ndak\u0131 alternativ s\u0259sidir\",\"publisher\":{\"@id\":\"https:\\\/\\\/www.meydan.tv\\\/az\\\/#organization\"},\"potentialAction\":[{\"@type\":\"SearchAction\",\"target\":{\"@type\":\"EntryPoint\",\"urlTemplate\":\"https:\\\/\\\/www.meydan.tv\\\/az\\\/?s={search_term_string}\"},\"query-input\":{\"@type\":\"PropertyValueSpecification\",\"valueRequired\":true,\"valueName\":\"search_term_string\"}}],\"inLanguage\":\"az\"},{\"@type\":\"Organization\",\"@id\":\"https:\\\/\\\/www.meydan.tv\\\/az\\\/#organization\",\"name\":\"Meydan TV\",\"url\":\"https:\\\/\\\/www.meydan.tv\\\/az\\\/\",\"logo\":{\"@type\":\"ImageObject\",\"inLanguage\":\"az\",\"@id\":\"https:\\\/\\\/www.meydan.tv\\\/az\\\/#\\\/schema\\\/logo\\\/image\\\/\",\"url\":\"https:\\\/\\\/www.meydan.tv\\\/wp-content\\\/uploads\\\/2021\\\/07\\\/meydan-logo.svg\",\"contentUrl\":\"https:\\\/\\\/www.meydan.tv\\\/wp-content\\\/uploads\\\/2021\\\/07\\\/meydan-logo.svg\",\"width\":195,\"height\":46,\"caption\":\"Meydan TV\"},\"image\":{\"@id\":\"https:\\\/\\\/www.meydan.tv\\\/az\\\/#\\\/schema\\\/logo\\\/image\\\/\"}},{\"@type\":\"Person\",\"@id\":\"https:\\\/\\\/www.meydan.tv\\\/az\\\/#\\\/schema\\\/person\\\/10d11eccf6da3662cf5fdab9806ea91a\",\"name\":\"user-manager\"}]}<\/script>\n<!-- \/ Yoast SEO plugin. -->","yoast_head_json":{"title":"''X\u0259z\u0259rin statusu il\u0259 ba\u011fl\u0131 h\u0259ll olunmam\u0131\u015f m\u0259qamlar var'' - MEYDAN.TV","robots":{"index":"index","follow":"follow","max-snippet":"max-snippet:-1","max-image-preview":"max-image-preview:large","max-video-preview":"max-video-preview:-1"},"canonical":"https:\/\/www.meydan.tv\/az\/article\/xezerin-statusu-ile-bagli-hell-olunmamis-meqamlar-var\/","og_locale":"az_AZ","og_type":"article","og_title":"''X\u0259z\u0259rin statusu il\u0259 ba\u011fl\u0131 h\u0259ll olunmam\u0131\u015f m\u0259qamlar var'' - MEYDAN.TV","og_description":"Ekspertl\u0259r imzalanan konvensiyan\u0131 \u015f\u0259rh edibl\u0259r","og_url":"https:\/\/www.meydan.tv\/az\/article\/xezerin-statusu-ile-bagli-hell-olunmamis-meqamlar-var\/","og_site_name":"MEYDAN.TV","article_published_time":"2018-08-13T18:44:56+00:00","og_image":[{"width":981,"height":669,"url":"https:\/\/www.meydan.tv\/wp-content\/uploads\/42824.jpg","type":"image\/jpeg"}],"author":"user-manager","twitter_card":"summary_large_image","schema":{"@context":"https:\/\/schema.org","@graph":[{"@type":"Article","@id":"https:\/\/www.meydan.tv\/az\/article\/xezerin-statusu-ile-bagli-hell-olunmamis-meqamlar-var\/#article","isPartOf":{"@id":"https:\/\/www.meydan.tv\/az\/article\/xezerin-statusu-ile-bagli-hell-olunmamis-meqamlar-var\/"},"author":{"name":"user-manager","@id":"https:\/\/www.meydan.tv\/az\/#\/schema\/person\/10d11eccf6da3662cf5fdab9806ea91a"},"headline":"&#8221;X\u0259z\u0259rin statusu il\u0259 ba\u011fl\u0131 h\u0259ll olunmam\u0131\u015f m\u0259qamlar var&#8221;","datePublished":"2018-08-13T18:44:56+00:00","mainEntityOfPage":{"@id":"https:\/\/www.meydan.tv\/az\/article\/xezerin-statusu-ile-bagli-hell-olunmamis-meqamlar-var\/"},"wordCount":2008,"publisher":{"@id":"https:\/\/www.meydan.tv\/az\/#organization"},"image":{"@id":"https:\/\/www.meydan.tv\/az\/article\/xezerin-statusu-ile-bagli-hell-olunmamis-meqamlar-var\/#primaryimage"},"thumbnailUrl":"https:\/\/www.meydan.tv\/wp-content\/uploads\/42824.jpg","articleSection":["Analitika"],"inLanguage":"az"},{"@type":"WebPage","@id":"https:\/\/www.meydan.tv\/az\/article\/xezerin-statusu-ile-bagli-hell-olunmamis-meqamlar-var\/","url":"https:\/\/www.meydan.tv\/az\/article\/xezerin-statusu-ile-bagli-hell-olunmamis-meqamlar-var\/","name":"''X\u0259z\u0259rin statusu il\u0259 ba\u011fl\u0131 h\u0259ll olunmam\u0131\u015f m\u0259qamlar var'' - MEYDAN.TV","isPartOf":{"@id":"https:\/\/www.meydan.tv\/az\/#website"},"primaryImageOfPage":{"@id":"https:\/\/www.meydan.tv\/az\/article\/xezerin-statusu-ile-bagli-hell-olunmamis-meqamlar-var\/#primaryimage"},"image":{"@id":"https:\/\/www.meydan.tv\/az\/article\/xezerin-statusu-ile-bagli-hell-olunmamis-meqamlar-var\/#primaryimage"},"thumbnailUrl":"https:\/\/www.meydan.tv\/wp-content\/uploads\/42824.jpg","datePublished":"2018-08-13T18:44:56+00:00","breadcrumb":{"@id":"https:\/\/www.meydan.tv\/az\/article\/xezerin-statusu-ile-bagli-hell-olunmamis-meqamlar-var\/#breadcrumb"},"inLanguage":"az","potentialAction":[{"@type":"ReadAction","target":["https:\/\/www.meydan.tv\/az\/article\/xezerin-statusu-ile-bagli-hell-olunmamis-meqamlar-var\/"]}]},{"@type":"ImageObject","inLanguage":"az","@id":"https:\/\/www.meydan.tv\/az\/article\/xezerin-statusu-ile-bagli-hell-olunmamis-meqamlar-var\/#primaryimage","url":"https:\/\/www.meydan.tv\/wp-content\/uploads\/42824.jpg","contentUrl":"https:\/\/www.meydan.tv\/wp-content\/uploads\/42824.jpg","width":981,"height":669,"caption":"Source:"},{"@type":"BreadcrumbList","@id":"https:\/\/www.meydan.tv\/az\/article\/xezerin-statusu-ile-bagli-hell-olunmamis-meqamlar-var\/#breadcrumb","itemListElement":[{"@type":"ListItem","position":1,"name":"Ana s\u0259hif\u0259","item":"https:\/\/www.meydan.tv\/az\/"},{"@type":"ListItem","position":2,"name":"Analitika","item":"https:\/\/www.meydan.tv\/az\/section\/analitika\/"},{"@type":"ListItem","position":3,"name":"&#8221;X\u0259z\u0259rin statusu il\u0259 ba\u011fl\u0131 h\u0259ll olunmam\u0131\u015f m\u0259qamlar var&#8221;"}]},{"@type":"WebSite","@id":"https:\/\/www.meydan.tv\/az\/#website","url":"https:\/\/www.meydan.tv\/az\/","name":"MEYDAN.TV","description":"Meydan TV Az\u0259rbaycan\u0131n media m\u0259kan\u0131ndak\u0131 alternativ s\u0259sidir","publisher":{"@id":"https:\/\/www.meydan.tv\/az\/#organization"},"potentialAction":[{"@type":"SearchAction","target":{"@type":"EntryPoint","urlTemplate":"https:\/\/www.meydan.tv\/az\/?s={search_term_string}"},"query-input":{"@type":"PropertyValueSpecification","valueRequired":true,"valueName":"search_term_string"}}],"inLanguage":"az"},{"@type":"Organization","@id":"https:\/\/www.meydan.tv\/az\/#organization","name":"Meydan TV","url":"https:\/\/www.meydan.tv\/az\/","logo":{"@type":"ImageObject","inLanguage":"az","@id":"https:\/\/www.meydan.tv\/az\/#\/schema\/logo\/image\/","url":"https:\/\/www.meydan.tv\/wp-content\/uploads\/2021\/07\/meydan-logo.svg","contentUrl":"https:\/\/www.meydan.tv\/wp-content\/uploads\/2021\/07\/meydan-logo.svg","width":195,"height":46,"caption":"Meydan TV"},"image":{"@id":"https:\/\/www.meydan.tv\/az\/#\/schema\/logo\/image\/"}},{"@type":"Person","@id":"https:\/\/www.meydan.tv\/az\/#\/schema\/person\/10d11eccf6da3662cf5fdab9806ea91a","name":"user-manager"}]}},"_links":{"self":[{"href":"https:\/\/www.meydan.tv\/az\/wp-json\/wp\/v2\/posts\/191237","targetHints":{"allow":["GET"]}}],"collection":[{"href":"https:\/\/www.meydan.tv\/az\/wp-json\/wp\/v2\/posts"}],"about":[{"href":"https:\/\/www.meydan.tv\/az\/wp-json\/wp\/v2\/types\/post"}],"author":[{"embeddable":true,"href":"https:\/\/www.meydan.tv\/az\/wp-json\/wp\/v2\/users\/11"}],"replies":[{"embeddable":true,"href":"https:\/\/www.meydan.tv\/az\/wp-json\/wp\/v2\/comments?post=191237"}],"version-history":[{"count":0,"href":"https:\/\/www.meydan.tv\/az\/wp-json\/wp\/v2\/posts\/191237\/revisions"}],"wp:featuredmedia":[{"embeddable":true,"href":"https:\/\/www.meydan.tv\/az\/wp-json\/wp\/v2\/media\/107850"}],"wp:attachment":[{"href":"https:\/\/www.meydan.tv\/az\/wp-json\/wp\/v2\/media?parent=191237"}],"wp:term":[{"taxonomy":"category","embeddable":true,"href":"https:\/\/www.meydan.tv\/az\/wp-json\/wp\/v2\/categories?post=191237"},{"taxonomy":"post_tag","embeddable":true,"href":"https:\/\/www.meydan.tv\/az\/wp-json\/wp\/v2\/tags?post=191237"}],"curies":[{"name":"wp","href":"https:\/\/api.w.org\/{rel}","templated":true}]}}