{"id":191230,"date":"2018-08-12T18:10:26","date_gmt":"2018-08-12T18:10:26","guid":{"rendered":"https:\/\/www.meydan.tv\/article\/xezerin-huquqi-statusuna-dair-konvensiya-imzalandi\/"},"modified":"2018-08-12T18:10:26","modified_gmt":"2018-08-12T18:10:26","slug":"xezerin-huquqi-statusuna-dair-konvensiya-imzalandi","status":"publish","type":"post","link":"https:\/\/www.meydan.tv\/az\/article\/xezerin-huquqi-statusuna-dair-konvensiya-imzalandi\/","title":{"rendered":"X\u0259z\u0259rin h\u00fcquqi statusuna dair Konvensiya imzaland\u0131"},"content":{"rendered":"<figure class=\"wp-block-image size-large\">\n  <img decoding=\"async\" src=\"https:\/\/www.meydan.tv\/az\/107805\/\" alt=\"\" class=\"wp-image-107805\"\/><figcaption><\/figcaption><\/figure>\n<p>\n  <i><br \/>\n    5 \u00f6lk\u0259d\u0259n ba\u015fqa he\u00e7 bir d\u00f6vl\u0259tin X\u0259z\u0259rd\u0259 h\u0259rbi bazas\u0131 olmayacaq<br \/>\n  <\/i>\n<\/p>\n<p>\n  Az\u0259rbaycan, Rusiya, Qazax\u0131stan, \u0130ran v\u0259 T\u00fcrkm\u0259nistan prezidentl\u0259ri avqustun 12-d\u0259 Aktau \u015f\u0259h\u0259rind\u0259 X\u0259z\u0259r d\u0259nizinin h\u00fcquqi statusuna dair Konvensiyaya imza at\u0131blar.\n<\/p>\n<p>\n  <a href=\"https:\/\/ria.ru\/world\/20180812\/1526397019.html?referrer_block=index_main_1\"><br \/>\n    V X\u0259z\u0259r sammiti<br \/>\n  <\/a><br \/>\n  nin yekununda \u0130lham \u018fliyev, Vladimir Putin, Nursultan Nazarbayev, H\u0259s\u0259n Ruhani v\u0259 Qurbanqul\u0131 Berd\u0131m\u0259h\u0259mm\u0259dov \u00f6z imzalar\u0131 il\u0259 X\u0259z\u0259r d\u0259nizinin h\u00fcquqi statusunu m\u00fc\u0259yy\u0259n ed\u0259n s\u0259n\u0259di t\u0259sdiq edibl\u0259r.\n<\/p>\n<p>\n  \u0130ran prezidenti H\u0259s\u0259n Ruhani sammitd\u0259 deyib ki, s\u0259n\u0259din \u0259sas \u0259h\u0259miyy\u0259ti X\u0259z\u0259rd\u0259 xarici h\u0259rbi bazalar\u0131n saxlanmas\u0131n\u0131 qada\u011fa etm\u0259sidir. Bu, \u00e7ox ciddi add\u0131md\u0131r.\n<\/p>\n<p>\n  Rusiya prezidenti Vladimir Putin sammiti \u201cX\u0259z\u0259r be\u015fliyi\u201d adland\u0131r\u0131b. Konvensiyan\u0131n haz\u0131rlanmas\u0131 d\u0259nizd\u0259 qeyri-regional s\u0259lahiyy\u0259tl\u0259rin m\u00f6vcud olmad\u0131\u011f\u0131n\u0131 t\u0259min edir:\n<\/p>\n<p>\n  \u201c\u00d6t\u0259n 20 ild\u0259n \u00e7ox davam ed\u0259n dan\u0131\u015f\u0131qlarda haz\u0131rlanan kurs X\u0259z\u0259r d\u0259nizinin h\u00fcquqi status haqq\u0131nda Konvensiya m\u00fcst\u0259sna h\u00fcquqlar v\u0259 d\u0259nizin taleyi \u00fc\u00e7\u00fcn d\u00f6vl\u0259tl\u0259rimizin v\u0259zif\u0259l\u0259ri, kollektiv istifad\u0259 \u00fc\u00e7\u00fcn ayd\u0131n qaydalar m\u00fc\u0259yy\u0259n edib\u201d.\n<\/p>\n<p>\n  Qazax\u0131stan\u0131n xarici i\u015fl\u0259r naziri Kayrat Abdrakhmanov bundan \u0259vv\u0259l bildirmi\u015fdi ki, 5 X\u0259z\u0259ryan\u0131 d\u00f6vl\u0259t \u00f6lk\u0259l\u0259rin suverenliyi, naviqasiya, sualt\u0131 boru k\u0259m\u0259rl\u0259ri v\u0259 dig\u0259r \u0259sas m\u0259s\u0259l\u0259l\u0259r \u00fczr\u0259 konsolidasiya edilmi\u015f bir yana\u015fma \u0259ld\u0259 edib.\n<\/p>\n<p>\n  Yekun s\u0259n\u0259d \u0259razi sular\u0131, d\u0259niz s\u0259rh\u0259dl\u0259ri, naviqasiya qaydalar\u0131, bal\u0131q ovu h\u00fcquqlar\u0131, ekologiya m\u0259s\u0259l\u0259l\u0259ri v\u0259 \u0259n m\u00fch\u00fcm\u00fc, d\u0259nizin s\u0259rv\u0259tl\u0259rind\u0259n istifad\u0259nin t\u0259nziml\u0259nm\u0259sini n\u0259z\u0259rd\u0259 tutur.\n<\/p>\n<p>\n  Siyasi icmal\u00e7\u0131 Z\u0259rd\u00fc\u015ft \u018flizad\u0259 Aktau \u015f\u0259h\u0259rind\u0259 imzalanan konvensiyan\u0131 m\u00fcsb\u0259t d\u0259y\u0259rl\u0259ndirib. O, Meydan TV-y\u0259 deyib:\n<\/p>\n<p>\n  \u201c5 \u00f6lk\u0259 X\u0259z\u0259rin statusu probleminin h\u0259llind\u0259 \u00e7ox maraql\u0131yd\u0131 v\u0259 n\u0259hay\u0259t, \u00fcmumi sazi\u015f imzaland\u0131. Az\u0259rbaycan\u0131n qazanc\u0131 o oldu ki, \u0130ranla m\u00fcbahis\u0259li m\u0259s\u0259l\u0259l\u0259rin biri d\u0259 h\u0259ll edildi. \u00c7\u00fcnki status m\u0259s\u0259l\u0259sind\u0259 \u0130ran\u0131n yana\u015fmas\u0131 Az\u0259rbaycan\u0131n, Qazax\u0131stan\u0131n v\u0259 Rusiyan\u0131n bax\u0131\u015f\u0131ndan f\u0259rql\u0259nirdi. Tehran b\u0259rab\u0259r b\u00f6l\u00fcnm\u0259 ist\u0259yirdi, bu is\u0259 m\u00fcmk\u00fcn deyildi. Sovet d\u00f6vr\u00fcnd\u0259 \u0130rana X\u0259z\u0259rin 13 faizi \u00e7atm\u0131\u015fd\u0131, SSR\u0130 g\u00fccl\u00fc idi, ona g\u00f6r\u0259. \u0130ndi bu \u00f6lk\u0259 b\u0259rab\u0259r b\u00f6l\u00fcnm\u0259 ona g\u00f6r\u0259 ist\u0259yirdi ki, 20 faiz g\u00f6t\u00fcr\u0259c\u0259kdi\u201d.\n<\/p>\n<figure class=\"wp-block-image size-large\">\n  <img decoding=\"async\" src=\"https:\/\/www.meydan.tv\/az\/siyasi-serhci-zerdust-elizade\/\" alt=\"Siyasi \u015f\u0259rh\u00e7i Z\u0259rd\u00fc\u015ft \u018flizad\u0259\" class=\"wp-image-106976\"\/><figcaption>\n    Siyasi \u015f\u0259rh\u00e7i Z\u0259rd\u00fc\u015ft \u018flizad\u0259<br \/>\n  <\/figcaption><\/figure>\n<p>\n  Z.\u018flizad\u0259 xarici h\u0259rbi bazalar\u0131n d\u0259nizd\u0259 yerl\u0259\u015fdirilm\u0259sinin qada\u011fan olunmas\u0131n\u0131 m\u00fcsb\u0259t hal say\u0131b:\n<\/p>\n<p>\n  \u201cAncaq m\u0259n ist\u0259rdim, \u00fcmumiyy\u0259tl\u0259, X\u0259z\u0259rd\u0259 silahs\u0131zla\u015fma apar\u0131ls\u0131n, he\u00e7 bir d\u00f6vl\u0259tin h\u0259rbi g\u0259mil\u0259ri olmas\u0131n. \u00c7\u00fcnki b\u0259nz\u0259rsiz g\u00f6l oldu\u011fundan b\u0259nz\u0259rsiz faunas\u0131 var. H\u0259r halda d\u0259nizd\u0259 xarici d\u00f6vl\u0259tl\u0259rin h\u0259rbi g\u0259mil\u0259rin\u0259 qada\u011fa qoyulmas\u0131 \u00e7ox m\u00fcsb\u0259tdir\u201d.\n<\/p>\n<p>\n  \u0130qtisad\u00e7\u0131-alim Nazim B\u0259yd\u0259mirli is\u0259 f\u0259rqli d\u00fc\u015f\u00fcn\u00fcr. Onun fikrinc\u0259, 20 illik dan\u0131\u015f\u0131qlardan sonra n\u0259tic\u0259 yen\u0259 Rusiyan\u0131n ist\u0259diyi kimi olub:\n<\/p>\n<figure class=\"wp-block-image size-large\">\n  <img decoding=\"async\" src=\"https:\/\/www.meydan.tv\/az\/nazim-beydemirli-2\/\" alt=\"Nazim B\u0259yd\u0259mirli\" class=\"wp-image-99936\"\/><figcaption>\n    Nazim B\u0259yd\u0259mirli<br \/>\n  <\/figcaption><\/figure>\n<p>\n  \u201cM\u0259nim dedikl\u0259rimi Rusiya Xarici \u0130\u015fl\u0259r Nazirliyinin r\u0259smisi Karasin &#8220;Kommersant&#8221;a a\u00e7\u0131qlamas\u0131 il\u0259 t\u0259sdiql\u0259yib. Y\u0259ni X\u0259z\u0259r Beyn\u0259lxalq Konvensiyalarda oldu\u011fu kimi n\u0259 d\u0259niz, n\u0259 d\u0259 g\u00f6l adland\u0131r\u0131ld\u0131, sad\u0259c\u0259 &#8220;vodoyem&#8221;, su anbar\u0131 kimi bir \u015fey. Ona g\u00f6r\u0259 d\u0259 onun \u00fcz\u0259rind\u0259 su s\u0259rh\u0259dl\u0259rimiz olmayacaq, dibi v\u0259 yerin t\u0259kind\u0259ki maddi tap\u0131nt\u0131lar (\u0259sas olaraq neft, qaz n\u0259z\u0259rd\u0259 tutulur) \u00f6lk\u0259l\u0259r aras\u0131nda ikit\u0259r\u0259fli m\u00fcqavil\u0259l\u0259rl\u0259 h\u0259ll olunmal\u0131d\u0131r. X\u0259z\u0259rin dibi il\u0259 h\u0259r hans\u0131 bir neft, qaz k\u0259m\u0259ri \u00e7\u0259kil\u0259c\u0259ks\u0259, o da &#8220;ekoloji ekspertiza&#8221; adl\u0131 bir STOP-la \u00fczl\u0259\u015f\u0259 bil\u0259r. \u018fn \u0259sas\u0131 X\u0259z\u0259ryan\u0131 d\u00f6vl\u0259tl\u0259rd\u0259n ba\u015fqa he\u00e7 bir d\u00f6vl\u0259tin h\u0259rbi bazas\u0131 burada yerl\u0259\u015fdiril\u0259 bilm\u0259z. Rusiyan\u0131n da \u0259sas ist\u0259yi budur ki, NATO-AB\u015e, \u00c7in v\u0259 s. onun meydan sulad\u0131\u011f\u0131, hegemonluq etdiyi X\u0259z\u0259rd\u0259 baza qurmas\u0131n. Bel\u0259 dem\u0259k m\u00fcmk\u00fcnd\u00fcrs\u0259, Rusiyan\u0131n h\u0259rbi g\u0259mil\u0259ri ist\u0259diyi vaxt X\u0259z\u0259ryan\u0131 \u00f6lk\u0259l\u0259ri t\u0259hdid alt\u0131nda saxlama\u011fa davam ed\u0259c\u0259k\u201d.\n<\/p>\n<p>\n  S\u0259n\u0259d \u00fcz\u0259rind\u0259 i\u015f 1996-c\u0131 ild\u0259n apar\u0131l\u0131b, Konvensiya layih\u0259si is\u0259 yekun olaraq X\u0259z\u0259ryan\u0131 \u00f6lk\u0259l\u0259rin X\u0130N r\u0259hb\u0259rl\u0259rinin 4-5 dekabr 2017-ci il tarixind\u0259 Moskvada ke\u00e7iril\u0259n m\u00fc\u015favir\u0259sind\u0259 raz\u0131la\u015fd\u0131r\u0131l\u0131b.<\/p>\n","protected":false},"excerpt":{"rendered":"<p>5 \u00f6lk\u0259d\u0259n ba\u015fqa he\u00e7 bir d\u00f6vl\u0259tin X\u0259z\u0259rd\u0259 h\u0259rbi bazas\u0131 olmayacaq<\/p>\n","protected":false},"author":11,"featured_media":107805,"comment_status":"closed","ping_status":"open","sticky":false,"template":"","format":"standard","meta":{"_acf_changed":false,"_sitemap_exclude":false,"_sitemap_priority":"","_sitemap_frequency":"","footnotes":""},"categories":[56],"tags":[],"class_list":["post-191230","post","type-post","status-publish","format-standard","has-post-thumbnail","hentry","category-xeberler","infinite-scroll-item","generate-columns","tablet-grid-50","mobile-grid-100","grid-parent","grid-33","no-featured-image-padding"],"acf":[],"yoast_head":"<!-- This site is optimized with the Yoast SEO plugin v27.4 - https:\/\/yoast.com\/product\/yoast-seo-wordpress\/ -->\n<title>X\u0259z\u0259rin h\u00fcquqi statusuna dair Konvensiya imzaland\u0131 - MEYDAN.TV<\/title>\n<meta name=\"robots\" content=\"index, follow, max-snippet:-1, max-image-preview:large, max-video-preview:-1\" \/>\n<link rel=\"canonical\" href=\"https:\/\/www.meydan.tv\/az\/article\/xezerin-huquqi-statusuna-dair-konvensiya-imzalandi\/\" \/>\n<meta property=\"og:locale\" content=\"az_AZ\" \/>\n<meta property=\"og:type\" content=\"article\" \/>\n<meta property=\"og:title\" content=\"X\u0259z\u0259rin h\u00fcquqi statusuna dair Konvensiya imzaland\u0131 - MEYDAN.TV\" \/>\n<meta property=\"og:description\" content=\"5 \u00f6lk\u0259d\u0259n ba\u015fqa he\u00e7 bir d\u00f6vl\u0259tin X\u0259z\u0259rd\u0259 h\u0259rbi bazas\u0131 olmayacaq\" \/>\n<meta property=\"og:url\" content=\"https:\/\/www.meydan.tv\/az\/article\/xezerin-huquqi-statusuna-dair-konvensiya-imzalandi\/\" \/>\n<meta property=\"og:site_name\" content=\"MEYDAN.TV\" \/>\n<meta property=\"article:published_time\" content=\"2018-08-12T18:10:26+00:00\" \/>\n<meta property=\"og:image\" content=\"https:\/\/www.meydan.tv\/wp-content\/uploads\/42814.jpg\" \/>\n\t<meta property=\"og:image:width\" content=\"1000\" \/>\n\t<meta property=\"og:image:height\" content=\"625\" \/>\n\t<meta property=\"og:image:type\" content=\"image\/jpeg\" \/>\n<meta name=\"author\" content=\"user-manager\" \/>\n<meta name=\"twitter:card\" content=\"summary_large_image\" \/>\n<script type=\"application\/ld+json\" class=\"yoast-schema-graph\">{\"@context\":\"https:\\\/\\\/schema.org\",\"@graph\":[{\"@type\":\"Article\",\"@id\":\"https:\\\/\\\/www.meydan.tv\\\/az\\\/article\\\/xezerin-huquqi-statusuna-dair-konvensiya-imzalandi\\\/#article\",\"isPartOf\":{\"@id\":\"https:\\\/\\\/www.meydan.tv\\\/az\\\/article\\\/xezerin-huquqi-statusuna-dair-konvensiya-imzalandi\\\/\"},\"author\":{\"name\":\"user-manager\",\"@id\":\"https:\\\/\\\/www.meydan.tv\\\/az\\\/#\\\/schema\\\/person\\\/10d11eccf6da3662cf5fdab9806ea91a\"},\"headline\":\"X\u0259z\u0259rin h\u00fcquqi statusuna dair Konvensiya imzaland\u0131\",\"datePublished\":\"2018-08-12T18:10:26+00:00\",\"mainEntityOfPage\":{\"@id\":\"https:\\\/\\\/www.meydan.tv\\\/az\\\/article\\\/xezerin-huquqi-statusuna-dair-konvensiya-imzalandi\\\/\"},\"wordCount\":834,\"publisher\":{\"@id\":\"https:\\\/\\\/www.meydan.tv\\\/az\\\/#organization\"},\"image\":{\"@id\":\"https:\\\/\\\/www.meydan.tv\\\/az\\\/article\\\/xezerin-huquqi-statusuna-dair-konvensiya-imzalandi\\\/#primaryimage\"},\"thumbnailUrl\":\"https:\\\/\\\/www.meydan.tv\\\/wp-content\\\/uploads\\\/42814.jpg\",\"articleSection\":[\"X\u0259b\u0259rl\u0259r\"],\"inLanguage\":\"az\"},{\"@type\":\"WebPage\",\"@id\":\"https:\\\/\\\/www.meydan.tv\\\/az\\\/article\\\/xezerin-huquqi-statusuna-dair-konvensiya-imzalandi\\\/\",\"url\":\"https:\\\/\\\/www.meydan.tv\\\/az\\\/article\\\/xezerin-huquqi-statusuna-dair-konvensiya-imzalandi\\\/\",\"name\":\"X\u0259z\u0259rin h\u00fcquqi statusuna dair Konvensiya imzaland\u0131 - MEYDAN.TV\",\"isPartOf\":{\"@id\":\"https:\\\/\\\/www.meydan.tv\\\/az\\\/#website\"},\"primaryImageOfPage\":{\"@id\":\"https:\\\/\\\/www.meydan.tv\\\/az\\\/article\\\/xezerin-huquqi-statusuna-dair-konvensiya-imzalandi\\\/#primaryimage\"},\"image\":{\"@id\":\"https:\\\/\\\/www.meydan.tv\\\/az\\\/article\\\/xezerin-huquqi-statusuna-dair-konvensiya-imzalandi\\\/#primaryimage\"},\"thumbnailUrl\":\"https:\\\/\\\/www.meydan.tv\\\/wp-content\\\/uploads\\\/42814.jpg\",\"datePublished\":\"2018-08-12T18:10:26+00:00\",\"breadcrumb\":{\"@id\":\"https:\\\/\\\/www.meydan.tv\\\/az\\\/article\\\/xezerin-huquqi-statusuna-dair-konvensiya-imzalandi\\\/#breadcrumb\"},\"inLanguage\":\"az\",\"potentialAction\":[{\"@type\":\"ReadAction\",\"target\":[\"https:\\\/\\\/www.meydan.tv\\\/az\\\/article\\\/xezerin-huquqi-statusuna-dair-konvensiya-imzalandi\\\/\"]}]},{\"@type\":\"ImageObject\",\"inLanguage\":\"az\",\"@id\":\"https:\\\/\\\/www.meydan.tv\\\/az\\\/article\\\/xezerin-huquqi-statusuna-dair-konvensiya-imzalandi\\\/#primaryimage\",\"url\":\"https:\\\/\\\/www.meydan.tv\\\/wp-content\\\/uploads\\\/42814.jpg\",\"contentUrl\":\"https:\\\/\\\/www.meydan.tv\\\/wp-content\\\/uploads\\\/42814.jpg\",\"width\":1000,\"height\":625,\"caption\":\"Source:\"},{\"@type\":\"BreadcrumbList\",\"@id\":\"https:\\\/\\\/www.meydan.tv\\\/az\\\/article\\\/xezerin-huquqi-statusuna-dair-konvensiya-imzalandi\\\/#breadcrumb\",\"itemListElement\":[{\"@type\":\"ListItem\",\"position\":1,\"name\":\"Ana s\u0259hif\u0259\",\"item\":\"https:\\\/\\\/www.meydan.tv\\\/az\\\/\"},{\"@type\":\"ListItem\",\"position\":2,\"name\":\"X\u0259b\u0259rl\u0259r\",\"item\":\"https:\\\/\\\/www.meydan.tv\\\/az\\\/section\\\/xeberler\\\/\"},{\"@type\":\"ListItem\",\"position\":3,\"name\":\"X\u0259z\u0259rin h\u00fcquqi statusuna dair Konvensiya imzaland\u0131\"}]},{\"@type\":\"WebSite\",\"@id\":\"https:\\\/\\\/www.meydan.tv\\\/az\\\/#website\",\"url\":\"https:\\\/\\\/www.meydan.tv\\\/az\\\/\",\"name\":\"MEYDAN.TV\",\"description\":\"Meydan TV Az\u0259rbaycan\u0131n media m\u0259kan\u0131ndak\u0131 alternativ s\u0259sidir\",\"publisher\":{\"@id\":\"https:\\\/\\\/www.meydan.tv\\\/az\\\/#organization\"},\"potentialAction\":[{\"@type\":\"SearchAction\",\"target\":{\"@type\":\"EntryPoint\",\"urlTemplate\":\"https:\\\/\\\/www.meydan.tv\\\/az\\\/?s={search_term_string}\"},\"query-input\":{\"@type\":\"PropertyValueSpecification\",\"valueRequired\":true,\"valueName\":\"search_term_string\"}}],\"inLanguage\":\"az\"},{\"@type\":\"Organization\",\"@id\":\"https:\\\/\\\/www.meydan.tv\\\/az\\\/#organization\",\"name\":\"Meydan TV\",\"url\":\"https:\\\/\\\/www.meydan.tv\\\/az\\\/\",\"logo\":{\"@type\":\"ImageObject\",\"inLanguage\":\"az\",\"@id\":\"https:\\\/\\\/www.meydan.tv\\\/az\\\/#\\\/schema\\\/logo\\\/image\\\/\",\"url\":\"https:\\\/\\\/www.meydan.tv\\\/wp-content\\\/uploads\\\/2021\\\/07\\\/meydan-logo.svg\",\"contentUrl\":\"https:\\\/\\\/www.meydan.tv\\\/wp-content\\\/uploads\\\/2021\\\/07\\\/meydan-logo.svg\",\"width\":195,\"height\":46,\"caption\":\"Meydan TV\"},\"image\":{\"@id\":\"https:\\\/\\\/www.meydan.tv\\\/az\\\/#\\\/schema\\\/logo\\\/image\\\/\"}},{\"@type\":\"Person\",\"@id\":\"https:\\\/\\\/www.meydan.tv\\\/az\\\/#\\\/schema\\\/person\\\/10d11eccf6da3662cf5fdab9806ea91a\",\"name\":\"user-manager\"}]}<\/script>\n<!-- \/ Yoast SEO plugin. -->","yoast_head_json":{"title":"X\u0259z\u0259rin h\u00fcquqi statusuna dair Konvensiya imzaland\u0131 - MEYDAN.TV","robots":{"index":"index","follow":"follow","max-snippet":"max-snippet:-1","max-image-preview":"max-image-preview:large","max-video-preview":"max-video-preview:-1"},"canonical":"https:\/\/www.meydan.tv\/az\/article\/xezerin-huquqi-statusuna-dair-konvensiya-imzalandi\/","og_locale":"az_AZ","og_type":"article","og_title":"X\u0259z\u0259rin h\u00fcquqi statusuna dair Konvensiya imzaland\u0131 - MEYDAN.TV","og_description":"5 \u00f6lk\u0259d\u0259n ba\u015fqa he\u00e7 bir d\u00f6vl\u0259tin X\u0259z\u0259rd\u0259 h\u0259rbi bazas\u0131 olmayacaq","og_url":"https:\/\/www.meydan.tv\/az\/article\/xezerin-huquqi-statusuna-dair-konvensiya-imzalandi\/","og_site_name":"MEYDAN.TV","article_published_time":"2018-08-12T18:10:26+00:00","og_image":[{"width":1000,"height":625,"url":"https:\/\/www.meydan.tv\/wp-content\/uploads\/42814.jpg","type":"image\/jpeg"}],"author":"user-manager","twitter_card":"summary_large_image","schema":{"@context":"https:\/\/schema.org","@graph":[{"@type":"Article","@id":"https:\/\/www.meydan.tv\/az\/article\/xezerin-huquqi-statusuna-dair-konvensiya-imzalandi\/#article","isPartOf":{"@id":"https:\/\/www.meydan.tv\/az\/article\/xezerin-huquqi-statusuna-dair-konvensiya-imzalandi\/"},"author":{"name":"user-manager","@id":"https:\/\/www.meydan.tv\/az\/#\/schema\/person\/10d11eccf6da3662cf5fdab9806ea91a"},"headline":"X\u0259z\u0259rin h\u00fcquqi statusuna dair Konvensiya imzaland\u0131","datePublished":"2018-08-12T18:10:26+00:00","mainEntityOfPage":{"@id":"https:\/\/www.meydan.tv\/az\/article\/xezerin-huquqi-statusuna-dair-konvensiya-imzalandi\/"},"wordCount":834,"publisher":{"@id":"https:\/\/www.meydan.tv\/az\/#organization"},"image":{"@id":"https:\/\/www.meydan.tv\/az\/article\/xezerin-huquqi-statusuna-dair-konvensiya-imzalandi\/#primaryimage"},"thumbnailUrl":"https:\/\/www.meydan.tv\/wp-content\/uploads\/42814.jpg","articleSection":["X\u0259b\u0259rl\u0259r"],"inLanguage":"az"},{"@type":"WebPage","@id":"https:\/\/www.meydan.tv\/az\/article\/xezerin-huquqi-statusuna-dair-konvensiya-imzalandi\/","url":"https:\/\/www.meydan.tv\/az\/article\/xezerin-huquqi-statusuna-dair-konvensiya-imzalandi\/","name":"X\u0259z\u0259rin h\u00fcquqi statusuna dair Konvensiya imzaland\u0131 - MEYDAN.TV","isPartOf":{"@id":"https:\/\/www.meydan.tv\/az\/#website"},"primaryImageOfPage":{"@id":"https:\/\/www.meydan.tv\/az\/article\/xezerin-huquqi-statusuna-dair-konvensiya-imzalandi\/#primaryimage"},"image":{"@id":"https:\/\/www.meydan.tv\/az\/article\/xezerin-huquqi-statusuna-dair-konvensiya-imzalandi\/#primaryimage"},"thumbnailUrl":"https:\/\/www.meydan.tv\/wp-content\/uploads\/42814.jpg","datePublished":"2018-08-12T18:10:26+00:00","breadcrumb":{"@id":"https:\/\/www.meydan.tv\/az\/article\/xezerin-huquqi-statusuna-dair-konvensiya-imzalandi\/#breadcrumb"},"inLanguage":"az","potentialAction":[{"@type":"ReadAction","target":["https:\/\/www.meydan.tv\/az\/article\/xezerin-huquqi-statusuna-dair-konvensiya-imzalandi\/"]}]},{"@type":"ImageObject","inLanguage":"az","@id":"https:\/\/www.meydan.tv\/az\/article\/xezerin-huquqi-statusuna-dair-konvensiya-imzalandi\/#primaryimage","url":"https:\/\/www.meydan.tv\/wp-content\/uploads\/42814.jpg","contentUrl":"https:\/\/www.meydan.tv\/wp-content\/uploads\/42814.jpg","width":1000,"height":625,"caption":"Source:"},{"@type":"BreadcrumbList","@id":"https:\/\/www.meydan.tv\/az\/article\/xezerin-huquqi-statusuna-dair-konvensiya-imzalandi\/#breadcrumb","itemListElement":[{"@type":"ListItem","position":1,"name":"Ana s\u0259hif\u0259","item":"https:\/\/www.meydan.tv\/az\/"},{"@type":"ListItem","position":2,"name":"X\u0259b\u0259rl\u0259r","item":"https:\/\/www.meydan.tv\/az\/section\/xeberler\/"},{"@type":"ListItem","position":3,"name":"X\u0259z\u0259rin h\u00fcquqi statusuna dair Konvensiya imzaland\u0131"}]},{"@type":"WebSite","@id":"https:\/\/www.meydan.tv\/az\/#website","url":"https:\/\/www.meydan.tv\/az\/","name":"MEYDAN.TV","description":"Meydan TV Az\u0259rbaycan\u0131n media m\u0259kan\u0131ndak\u0131 alternativ s\u0259sidir","publisher":{"@id":"https:\/\/www.meydan.tv\/az\/#organization"},"potentialAction":[{"@type":"SearchAction","target":{"@type":"EntryPoint","urlTemplate":"https:\/\/www.meydan.tv\/az\/?s={search_term_string}"},"query-input":{"@type":"PropertyValueSpecification","valueRequired":true,"valueName":"search_term_string"}}],"inLanguage":"az"},{"@type":"Organization","@id":"https:\/\/www.meydan.tv\/az\/#organization","name":"Meydan TV","url":"https:\/\/www.meydan.tv\/az\/","logo":{"@type":"ImageObject","inLanguage":"az","@id":"https:\/\/www.meydan.tv\/az\/#\/schema\/logo\/image\/","url":"https:\/\/www.meydan.tv\/wp-content\/uploads\/2021\/07\/meydan-logo.svg","contentUrl":"https:\/\/www.meydan.tv\/wp-content\/uploads\/2021\/07\/meydan-logo.svg","width":195,"height":46,"caption":"Meydan TV"},"image":{"@id":"https:\/\/www.meydan.tv\/az\/#\/schema\/logo\/image\/"}},{"@type":"Person","@id":"https:\/\/www.meydan.tv\/az\/#\/schema\/person\/10d11eccf6da3662cf5fdab9806ea91a","name":"user-manager"}]}},"_links":{"self":[{"href":"https:\/\/www.meydan.tv\/az\/wp-json\/wp\/v2\/posts\/191230","targetHints":{"allow":["GET"]}}],"collection":[{"href":"https:\/\/www.meydan.tv\/az\/wp-json\/wp\/v2\/posts"}],"about":[{"href":"https:\/\/www.meydan.tv\/az\/wp-json\/wp\/v2\/types\/post"}],"author":[{"embeddable":true,"href":"https:\/\/www.meydan.tv\/az\/wp-json\/wp\/v2\/users\/11"}],"replies":[{"embeddable":true,"href":"https:\/\/www.meydan.tv\/az\/wp-json\/wp\/v2\/comments?post=191230"}],"version-history":[{"count":0,"href":"https:\/\/www.meydan.tv\/az\/wp-json\/wp\/v2\/posts\/191230\/revisions"}],"wp:featuredmedia":[{"embeddable":true,"href":"https:\/\/www.meydan.tv\/az\/wp-json\/wp\/v2\/media\/107805"}],"wp:attachment":[{"href":"https:\/\/www.meydan.tv\/az\/wp-json\/wp\/v2\/media?parent=191230"}],"wp:term":[{"taxonomy":"category","embeddable":true,"href":"https:\/\/www.meydan.tv\/az\/wp-json\/wp\/v2\/categories?post=191230"},{"taxonomy":"post_tag","embeddable":true,"href":"https:\/\/www.meydan.tv\/az\/wp-json\/wp\/v2\/tags?post=191230"}],"curies":[{"name":"wp","href":"https:\/\/api.w.org\/{rel}","templated":true}]}}