{"id":191217,"date":"2018-08-10T20:20:56","date_gmt":"2018-08-10T20:20:56","guid":{"rendered":"https:\/\/www.meydan.tv\/article\/azerisiq-in-agilli-saygaclari\/"},"modified":"2018-08-10T20:20:56","modified_gmt":"2018-08-10T20:20:56","slug":"azerisiq-in-agilli-saygaclari","status":"publish","type":"post","link":"https:\/\/www.meydan.tv\/az\/article\/azerisiq-in-agilli-saygaclari\/","title":{"rendered":"&#8221;Az\u0259ri\u015f\u0131q&#8221;-\u0131n &#8221;a\u011f\u0131ll\u0131 say\u011fac&#8221;lar\u0131"},"content":{"rendered":"<figure class=\"wp-block-image size-large\">\n  <img decoding=\"async\" src=\"https:\/\/www.meydan.tv\/az\/osman-gunduz\/\" alt=\"Osman G\u00fcnd\u00fcz\" class=\"wp-image-97966\"\/><figcaption>\n    Osman G\u00fcnd\u00fcz<br \/>\n  <\/figcaption><\/figure>\n<p>\n  \u201c\u0130\u015f\u0131qpulu\u201d m\u0259s\u0259l\u0259sind\u0259 texniki problem v\u0259 ya k\u00fctl\u0259vi saxtakarl\u0131q olubmu?\n<\/p>\n<p>\n  \u201cA\u011f\u0131ll\u0131 say\u011fac\u201dlarla ba\u011fl\u0131 q\u0131sa bir ara\u015fd\u0131rma aparandan sonra q\u0259na\u0259tim budur ki, son aylarda \u201cAz\u0259ri\u015f\u0131q\u201d-\u0131n g\u00f6nd\u0259rdiyi bildiri\u015fl\u0259rd\u0259ki m\u0259bl\u0259\u011fin real enerji s\u0259rfiyyat\u0131na uy\u011funlu\u011fundan \u015f\u00fcbh\u0259l\u0259nm\u0259k \u00fc\u00e7\u00fcn m\u00fc\u0259yy\u0259n \u0259saslar var.\n<\/p>\n<p>\n  Y\u0259ni mediada m\u00fczakir\u0259 m\u00f6vzusuna \u00e7evril\u0259n \u00e7oxsayl\u0131 \u015fikay\u0259tl\u0259r \u015f\u00fcbh\u0259l\u0259nm\u0259k \u00fc\u00e7\u00fcn \u0259sas verir ki, \u0259slind\u0259 evl\u0259rd\u0259ki elektrik avadanl\u0131qlar\u0131 az enerji s\u0259rf edib, \u201ca\u011f\u0131ll\u0131 say\u011fac\u201d bunu \u00e7ox g\u00f6st\u0259rib. Daha do\u011frusu, say\u011fac texniki s\u0259b\u0259bd\u0259n v\u0259 ya m\u0259qs\u0259dy\u00f6nl\u00fc olaraq da s\u0259rfiyyat\u0131 d\u00fcz hesablamay\u0131b.\n<\/p>\n<p>\n  \u0130lk \u00f6nc\u0259 t\u0259\u0259ss\u00fcf edir\u0259m ki , bu q\u0259d\u0259r naraz\u0131l\u0131qlardan sonra indiy\u0259d\u0259k d\u0259 sah\u0259 \u00fczr\u0259 he\u00e7 bir ekspert, sah\u0259 \u00fczr\u0259 bir ictimai qurum normal bir ara\u015fd\u0131rma apar\u0131b mediada bunu payla\u015fmay\u0131b. \u018fvv\u0259ll\u0259r pe\u015f\u0259kar jurnalist ara\u015fd\u0131rmalar\u0131 da olurdu. Bilmir\u0259m, b\u0259lk\u0259 d\u0259 olub, o da m\u0259n\u0259 rast g\u0259lm\u0259yib.\n<\/p>\n<p>\n  \u201cAz\u0259ri\u015f\u0131q\u201d is\u0259 h\u0259l\u0259lik problemi R\u0130YAZ\u0130YYAT \u00fcz\u0259rin\u0259 g\u0259tirm\u0259kl\u0259 izah etm\u0259y\u0259 \u00fcst\u00fcnl\u00fck verir.\n<\/p>\n<p>\n  \u015e\u00fcbh\u0259l\u0259r is\u0259 problemin riyaziyyatla deyil, ELEKTRON\u0130KA, FAKTURA, \u0130NSAN AM\u0130LI V\u018f YA K\u018fNAR M\u00dcDAX\u0130L\u018f il\u0259 \u0259laq\u0259li ola bil\u0259c\u0259yini deyir.\n<\/p>\n<p>\n  \u00dcmumiyy\u0259tl\u0259, q\u0131sa ara\u015fd\u0131rmada g\u00f6rm\u0259k olar ki bel\u0259 bir problem \u00e7ox yerl\u0259rd\u0259 olubmu\u015f. \u201cA\u011f\u0131ll\u0131 say\u011fac\u201d lara qar\u015f\u0131 ciddi ittihamlar \u00e7ox olub. H\u0259tta el\u0259 \u00f6lk\u0259l\u0259r olub ki geriy\u0259, k\u00f6hn\u0259 say\u011faclara ke\u00e7id t\u0259klif olunub.\n<\/p>\n<p>\n  K\u00f6hn\u0259 say\u011faclardan \u201ca\u011f\u0131ll\u0131 say\u011fac\u201d \u0131n \u0259sas f\u0259rqi odur ki, onun sad\u0259c\u0259 yadda\u015f\u0131 var v\u0259 ekranda olan m\u0259lumatlar, g\u00fcnd\u0259lik s\u0259rfiyyat h\u0259r g\u00fcn m\u0259rk\u0259zi server\u0259, y\u0259ni \u201cAz\u0259ri\u015f\u0131q\u201d-a \u00f6t\u00fcr\u00fcl\u00fcr. Sistem el\u0259 qurulub ki, \u201cAz\u0259ri\u015f\u0131q\u201d uzaqdan say\u011faca m\u00fcdaxil\u0259 ed\u0259 v\u0259 onu dayand\u0131ra bil\u0259r. \u00d6t\u00fcr\u00fclm\u0259 kanal\u0131 da el\u0259 \u00f6zl\u0259rinin elektrik x\u0259tl\u0259ri v\u0259 ya mobil \u015f\u0259b\u0259k\u0259 \u00fcz\u0259rind\u0259n d\u0259 ola bilir.\n<\/p>\n<p>\n  Buradan bel\u0259 q\u0259na\u0259t\u0259 g\u0259lm\u0259k olar ki, say\u011faclar\u0131n d\u00fcz i\u015fl\u0259m\u0259m\u0259si v\u0259 s\u0259rfiyyat\u0131n \u00e7ox yaz\u0131lmas\u0131 il\u0259 ba\u011fl\u0131 problem a\u015fa\u011f\u0131dak\u0131 s\u0259b\u0259bl\u0259rd\u0259n yarana bil\u0259r :\n<\/p>\n<p>\n  <b><br \/>\n    1.<br \/>\n  <\/b><br \/>\n  \u201cA\u011f\u0131ll\u0131 say\u011fac \u201dlar\u0131n \u00f6z\u00fcnd\u0259 problem var v\u0259 standarta uy\u011fun deyil, ehtimal ola bil\u0259r ki, hans\u0131sa s\u0259b\u0259bd\u0259n i\u015f prinsipi pozulub. Y\u0259ni s\u0259rfiyyat\u0131 sad\u0259c\u0259 d\u00fcz hesablam\u0131r.\n<\/p>\n<p>\n  <b><br \/>\n    2.<br \/>\n  <\/b><br \/>\n  \u201cAz\u0259ri\u015f\u0131q\u201d-\u0131n informasiya sistemin\u0259, \u015f\u0259b\u0259k\u0259sin\u0259 k\u0259nardan qeyri-qanuni m\u00fcdaxil\u0259 olub. Say\u011faclardan \u00f6t\u00fcr\u00fcl\u0259n m\u0259lumatlar ola bil\u0259r ki, ba\u015fqa alternativ bir faktura sistem\u0259 y\u00f6nl\u0259ndirilib v\u0259 ba\u015fqa hesablama apar\u0131l\u0131b. (Vaxtil\u0259 \u00f6lk\u0259nin beyn\u0259lxalq telefon trafikind\u0259 bel\u0259 k\u0259nar y\u00f6nl\u0259ndirm\u0259 il\u0259 milyonlar qazananlar oldu)\n<\/p>\n<p>\n  <b><br \/>\n    3.<br \/>\n  <\/b><br \/>\n  \u0130nsan amili rol oynay\u0131b. Y\u0259ni manual olaraq say\u011faclara k\u0259nar m\u00fcdaxil\u0259 olunub. Amma problem k\u00fctl\u0259vi oldu\u011fundan \u00f6z\u00fcm\u0259 d\u0259 bu inand\u0131r\u0131c\u0131 g\u0259lmir.\n<\/p>\n<p>\n  <b><br \/>\n    4.<br \/>\n  <\/b><br \/>\n  Ola bil\u0259r ki \u201cAz\u0259ri\u015f\u0131q\u201d-\u0131n real faktura sistemind\u0259 v\u0259 ya \u00f6t\u00fcrm\u0259 kanallar\u0131nda problem ya\u015fan\u0131b. G\u00fcman ki hans\u0131sa s\u0259b\u0259bd\u0259n m\u0259lumatlar\u0131n \u00f6t\u00fcr\u00fclm\u0259sind\u0259 k\u0259sinti olub. V\u0259 r\u0259smil\u0259r d\u0259 manual olaraq ortalama hesabla\u015fma apar\u0131blar. Bu ortalama hesablamalar \u00fczr\u0259 olan bildiri\u015fl\u0259rd\u0259 d\u0259, \u0259vv\u0259lkil\u0259rl\u0259 m\u00fcqayis\u0259d\u0259 ciddi f\u0259rql\u0259r olub. M\u0259n\u0259 daha \u00e7ox bu variant inand\u0131r\u0131c\u0131 g\u0259lir.\n<\/p>\n<p>\n  <b><br \/>\n    5.<br \/>\n  <\/b><br \/>\n  Sosial mediada b\u0259z\u0259n s\u0259sl\u0259nir ki, bu, \u201cAz\u0259ri\u015f\u0131q\u201d t\u0259r\u0259find\u0259n m\u0259qs\u0259dy\u00f6nl\u00fc olaraq, investisya x\u0259rcl\u0259rini qar\u015f\u0131lamaq \u00fc\u00e7\u00fcn edilib. D\u0259rhal qeyd edim ki, bu h\u0259dsiz, \u00e7ox b\u00f6y\u00fck risk olard\u0131, bu bax\u0131mdan inand\u0131r\u0131c\u0131 deyil. Amma texniki-texnoloji c\u0259h\u0259td\u0259n realla\u015fd\u0131rmaq m\u00fcmk\u00fcnd\u00fcr.\n<\/p>\n<p>\n  Bel\u0259likl\u0259, bir daha qeyd etm\u0259k ist\u0259rdim ki, yuxar\u0131dak\u0131lar m\u0259nim versiyalar\u0131md\u0131r. Sah\u0259 \u00fczr\u0259 pe\u015f\u0259karlar, aidiyyat\u0131 d\u00f6vl\u0259t qurumlar\u0131 daha d\u0259qiq diaqnoz qoya bil\u0259r.\n<\/p>\n<p>\n  D\u00fc\u015f\u00fcn\u00fcr\u0259m ki, \u201cA\u011f\u0131ll\u0131 say\u011fac\u201d\u0131n d\u00fcz i\u015fl\u0259m\u0259sini Standartla\u015fd\u0131rma \u00fczr\u0259 m\u00fcvafiq d\u00f6vl\u0259t qurumu m\u00fcst\u0259qil ekspertl\u0259ri d\u0259 c\u0259lb etm\u0259kl\u0259 q\u0131sa bir zamanda yoxlaya bil\u0259r.<br \/>\n  <br \/>\n  \u201cAz\u0259ri\u015f\u0131q\u201d-\u0131n faktura sistemi, \u00f6t\u00fcrm\u0259 kanallar\u0131 v\u0259 k\u0259nar m\u00fcdaxil\u0259l\u0259rl\u0259 ba\u011fl\u0131 v\u0259ziyy\u0259ti is\u0259 fikrimc\u0259, XDMX, VXS\u0130 D\u00f6vl\u0259t Agentliyi v\u0259 dig\u0259r aidiyyat\u0131 d\u00f6vl\u0259t qurumlar\u0131n\u0131n m\u00fcst\u0259qil ekspertl\u0259rl\u0259 birg\u0259 audit etm\u0259si daha do\u011fru yana\u015fma olard\u0131.<br \/>\n  <br \/>\n  M\u0259hz bu formada ara\u015fd\u0131rma n\u0259tic\u0259sind\u0259 \u0259ld\u0259 olunan informasiya g\u00fcv\u0259nli hesab oluna bil\u0259r.<\/p>\n","protected":false},"excerpt":{"rendered":"<p>Osman G\u00fcnd\u00fcz \u201c\u0130\u015f\u0131qpulu\u201d m\u0259s\u0259l\u0259sind\u0259 texniki problem v\u0259 ya k\u00fctl\u0259vi saxtakarl\u0131q &#8230; <\/p>\n<p class=\"read-more-container\"><a title=\"&#8221;Az\u0259ri\u015f\u0131q&#8221;-\u0131n &#8221;a\u011f\u0131ll\u0131 say\u011fac&#8221;lar\u0131\" class=\"read-more button\" href=\"https:\/\/www.meydan.tv\/az\/article\/azerisiq-in-agilli-saygaclari\/#more-191217\" aria-label=\"Read more about &#8221;Az\u0259ri\u015f\u0131q&#8221;-\u0131n &#8221;a\u011f\u0131ll\u0131 say\u011fac&#8221;lar\u0131\">Davam\u0131<\/a><\/p>\n","protected":false},"author":11,"featured_media":97966,"comment_status":"closed","ping_status":"open","sticky":false,"template":"","format":"standard","meta":{"_acf_changed":false,"_sitemap_exclude":false,"_sitemap_priority":"","_sitemap_frequency":"","footnotes":""},"categories":[51],"tags":[],"class_list":["post-191217","post","type-post","status-publish","format-standard","has-post-thumbnail","hentry","category-analitika","infinite-scroll-item","generate-columns","tablet-grid-50","mobile-grid-100","grid-parent","grid-33","no-featured-image-padding"],"acf":[],"yoast_head":"<!-- This site is optimized with the Yoast SEO plugin v27.4 - https:\/\/yoast.com\/product\/yoast-seo-wordpress\/ -->\n<title>&#039;&#039;Az\u0259ri\u015f\u0131q&#039;&#039;-\u0131n &#039;&#039;a\u011f\u0131ll\u0131 say\u011fac&#039;&#039;lar\u0131 - MEYDAN.TV<\/title>\n<meta name=\"robots\" content=\"index, follow, max-snippet:-1, max-image-preview:large, max-video-preview:-1\" \/>\n<link rel=\"canonical\" href=\"https:\/\/www.meydan.tv\/az\/article\/azerisiq-in-agilli-saygaclari\/\" \/>\n<meta property=\"og:locale\" content=\"az_AZ\" \/>\n<meta property=\"og:type\" content=\"article\" \/>\n<meta property=\"og:title\" content=\"&#039;&#039;Az\u0259ri\u015f\u0131q&#039;&#039;-\u0131n &#039;&#039;a\u011f\u0131ll\u0131 say\u011fac&#039;&#039;lar\u0131 - MEYDAN.TV\" \/>\n<meta property=\"og:description\" content=\"Osman G\u00fcnd\u00fcz \u201c\u0130\u015f\u0131qpulu\u201d m\u0259s\u0259l\u0259sind\u0259 texniki problem v\u0259 ya k\u00fctl\u0259vi saxtakarl\u0131q ... Davam\u0131\" \/>\n<meta property=\"og:url\" content=\"https:\/\/www.meydan.tv\/az\/article\/azerisiq-in-agilli-saygaclari\/\" \/>\n<meta property=\"og:site_name\" content=\"MEYDAN.TV\" \/>\n<meta property=\"article:published_time\" content=\"2018-08-10T20:20:56+00:00\" \/>\n<meta property=\"og:image\" content=\"https:\/\/www.meydan.tv\/wp-content\/uploads\/38652.jpg\" \/>\n\t<meta property=\"og:image:width\" content=\"960\" \/>\n\t<meta property=\"og:image:height\" content=\"640\" \/>\n\t<meta property=\"og:image:type\" content=\"image\/jpeg\" \/>\n<meta name=\"author\" content=\"user-manager\" \/>\n<meta name=\"twitter:card\" content=\"summary_large_image\" \/>\n<script type=\"application\/ld+json\" class=\"yoast-schema-graph\">{\"@context\":\"https:\\\/\\\/schema.org\",\"@graph\":[{\"@type\":\"Article\",\"@id\":\"https:\\\/\\\/www.meydan.tv\\\/az\\\/article\\\/azerisiq-in-agilli-saygaclari\\\/#article\",\"isPartOf\":{\"@id\":\"https:\\\/\\\/www.meydan.tv\\\/az\\\/article\\\/azerisiq-in-agilli-saygaclari\\\/\"},\"author\":{\"name\":\"user-manager\",\"@id\":\"https:\\\/\\\/www.meydan.tv\\\/az\\\/#\\\/schema\\\/person\\\/10d11eccf6da3662cf5fdab9806ea91a\"},\"headline\":\"&#8221;Az\u0259ri\u015f\u0131q&#8221;-\u0131n &#8221;a\u011f\u0131ll\u0131 say\u011fac&#8221;lar\u0131\",\"datePublished\":\"2018-08-10T20:20:56+00:00\",\"mainEntityOfPage\":{\"@id\":\"https:\\\/\\\/www.meydan.tv\\\/az\\\/article\\\/azerisiq-in-agilli-saygaclari\\\/\"},\"wordCount\":878,\"publisher\":{\"@id\":\"https:\\\/\\\/www.meydan.tv\\\/az\\\/#organization\"},\"image\":{\"@id\":\"https:\\\/\\\/www.meydan.tv\\\/az\\\/article\\\/azerisiq-in-agilli-saygaclari\\\/#primaryimage\"},\"thumbnailUrl\":\"https:\\\/\\\/www.meydan.tv\\\/wp-content\\\/uploads\\\/38652.jpg\",\"articleSection\":[\"Analitika\"],\"inLanguage\":\"az\"},{\"@type\":\"WebPage\",\"@id\":\"https:\\\/\\\/www.meydan.tv\\\/az\\\/article\\\/azerisiq-in-agilli-saygaclari\\\/\",\"url\":\"https:\\\/\\\/www.meydan.tv\\\/az\\\/article\\\/azerisiq-in-agilli-saygaclari\\\/\",\"name\":\"''Az\u0259ri\u015f\u0131q''-\u0131n ''a\u011f\u0131ll\u0131 say\u011fac''lar\u0131 - MEYDAN.TV\",\"isPartOf\":{\"@id\":\"https:\\\/\\\/www.meydan.tv\\\/az\\\/#website\"},\"primaryImageOfPage\":{\"@id\":\"https:\\\/\\\/www.meydan.tv\\\/az\\\/article\\\/azerisiq-in-agilli-saygaclari\\\/#primaryimage\"},\"image\":{\"@id\":\"https:\\\/\\\/www.meydan.tv\\\/az\\\/article\\\/azerisiq-in-agilli-saygaclari\\\/#primaryimage\"},\"thumbnailUrl\":\"https:\\\/\\\/www.meydan.tv\\\/wp-content\\\/uploads\\\/38652.jpg\",\"datePublished\":\"2018-08-10T20:20:56+00:00\",\"breadcrumb\":{\"@id\":\"https:\\\/\\\/www.meydan.tv\\\/az\\\/article\\\/azerisiq-in-agilli-saygaclari\\\/#breadcrumb\"},\"inLanguage\":\"az\",\"potentialAction\":[{\"@type\":\"ReadAction\",\"target\":[\"https:\\\/\\\/www.meydan.tv\\\/az\\\/article\\\/azerisiq-in-agilli-saygaclari\\\/\"]}]},{\"@type\":\"ImageObject\",\"inLanguage\":\"az\",\"@id\":\"https:\\\/\\\/www.meydan.tv\\\/az\\\/article\\\/azerisiq-in-agilli-saygaclari\\\/#primaryimage\",\"url\":\"https:\\\/\\\/www.meydan.tv\\\/wp-content\\\/uploads\\\/38652.jpg\",\"contentUrl\":\"https:\\\/\\\/www.meydan.tv\\\/wp-content\\\/uploads\\\/38652.jpg\",\"width\":960,\"height\":640,\"caption\":\"Osman G\u00fcnd\u00fcz\u00fcn \u015f\u0259xsi arxivi\"},{\"@type\":\"BreadcrumbList\",\"@id\":\"https:\\\/\\\/www.meydan.tv\\\/az\\\/article\\\/azerisiq-in-agilli-saygaclari\\\/#breadcrumb\",\"itemListElement\":[{\"@type\":\"ListItem\",\"position\":1,\"name\":\"Ana s\u0259hif\u0259\",\"item\":\"https:\\\/\\\/www.meydan.tv\\\/az\\\/\"},{\"@type\":\"ListItem\",\"position\":2,\"name\":\"Analitika\",\"item\":\"https:\\\/\\\/www.meydan.tv\\\/az\\\/section\\\/analitika\\\/\"},{\"@type\":\"ListItem\",\"position\":3,\"name\":\"&#8221;Az\u0259ri\u015f\u0131q&#8221;-\u0131n &#8221;a\u011f\u0131ll\u0131 say\u011fac&#8221;lar\u0131\"}]},{\"@type\":\"WebSite\",\"@id\":\"https:\\\/\\\/www.meydan.tv\\\/az\\\/#website\",\"url\":\"https:\\\/\\\/www.meydan.tv\\\/az\\\/\",\"name\":\"MEYDAN.TV\",\"description\":\"Meydan TV Az\u0259rbaycan\u0131n media m\u0259kan\u0131ndak\u0131 alternativ s\u0259sidir\",\"publisher\":{\"@id\":\"https:\\\/\\\/www.meydan.tv\\\/az\\\/#organization\"},\"potentialAction\":[{\"@type\":\"SearchAction\",\"target\":{\"@type\":\"EntryPoint\",\"urlTemplate\":\"https:\\\/\\\/www.meydan.tv\\\/az\\\/?s={search_term_string}\"},\"query-input\":{\"@type\":\"PropertyValueSpecification\",\"valueRequired\":true,\"valueName\":\"search_term_string\"}}],\"inLanguage\":\"az\"},{\"@type\":\"Organization\",\"@id\":\"https:\\\/\\\/www.meydan.tv\\\/az\\\/#organization\",\"name\":\"Meydan TV\",\"url\":\"https:\\\/\\\/www.meydan.tv\\\/az\\\/\",\"logo\":{\"@type\":\"ImageObject\",\"inLanguage\":\"az\",\"@id\":\"https:\\\/\\\/www.meydan.tv\\\/az\\\/#\\\/schema\\\/logo\\\/image\\\/\",\"url\":\"https:\\\/\\\/www.meydan.tv\\\/wp-content\\\/uploads\\\/2021\\\/07\\\/meydan-logo.svg\",\"contentUrl\":\"https:\\\/\\\/www.meydan.tv\\\/wp-content\\\/uploads\\\/2021\\\/07\\\/meydan-logo.svg\",\"width\":195,\"height\":46,\"caption\":\"Meydan TV\"},\"image\":{\"@id\":\"https:\\\/\\\/www.meydan.tv\\\/az\\\/#\\\/schema\\\/logo\\\/image\\\/\"}},{\"@type\":\"Person\",\"@id\":\"https:\\\/\\\/www.meydan.tv\\\/az\\\/#\\\/schema\\\/person\\\/10d11eccf6da3662cf5fdab9806ea91a\",\"name\":\"user-manager\"}]}<\/script>\n<!-- \/ Yoast SEO plugin. -->","yoast_head_json":{"title":"''Az\u0259ri\u015f\u0131q''-\u0131n ''a\u011f\u0131ll\u0131 say\u011fac''lar\u0131 - MEYDAN.TV","robots":{"index":"index","follow":"follow","max-snippet":"max-snippet:-1","max-image-preview":"max-image-preview:large","max-video-preview":"max-video-preview:-1"},"canonical":"https:\/\/www.meydan.tv\/az\/article\/azerisiq-in-agilli-saygaclari\/","og_locale":"az_AZ","og_type":"article","og_title":"''Az\u0259ri\u015f\u0131q''-\u0131n ''a\u011f\u0131ll\u0131 say\u011fac''lar\u0131 - MEYDAN.TV","og_description":"Osman G\u00fcnd\u00fcz \u201c\u0130\u015f\u0131qpulu\u201d m\u0259s\u0259l\u0259sind\u0259 texniki problem v\u0259 ya k\u00fctl\u0259vi saxtakarl\u0131q ... Davam\u0131","og_url":"https:\/\/www.meydan.tv\/az\/article\/azerisiq-in-agilli-saygaclari\/","og_site_name":"MEYDAN.TV","article_published_time":"2018-08-10T20:20:56+00:00","og_image":[{"width":960,"height":640,"url":"https:\/\/www.meydan.tv\/wp-content\/uploads\/38652.jpg","type":"image\/jpeg"}],"author":"user-manager","twitter_card":"summary_large_image","schema":{"@context":"https:\/\/schema.org","@graph":[{"@type":"Article","@id":"https:\/\/www.meydan.tv\/az\/article\/azerisiq-in-agilli-saygaclari\/#article","isPartOf":{"@id":"https:\/\/www.meydan.tv\/az\/article\/azerisiq-in-agilli-saygaclari\/"},"author":{"name":"user-manager","@id":"https:\/\/www.meydan.tv\/az\/#\/schema\/person\/10d11eccf6da3662cf5fdab9806ea91a"},"headline":"&#8221;Az\u0259ri\u015f\u0131q&#8221;-\u0131n &#8221;a\u011f\u0131ll\u0131 say\u011fac&#8221;lar\u0131","datePublished":"2018-08-10T20:20:56+00:00","mainEntityOfPage":{"@id":"https:\/\/www.meydan.tv\/az\/article\/azerisiq-in-agilli-saygaclari\/"},"wordCount":878,"publisher":{"@id":"https:\/\/www.meydan.tv\/az\/#organization"},"image":{"@id":"https:\/\/www.meydan.tv\/az\/article\/azerisiq-in-agilli-saygaclari\/#primaryimage"},"thumbnailUrl":"https:\/\/www.meydan.tv\/wp-content\/uploads\/38652.jpg","articleSection":["Analitika"],"inLanguage":"az"},{"@type":"WebPage","@id":"https:\/\/www.meydan.tv\/az\/article\/azerisiq-in-agilli-saygaclari\/","url":"https:\/\/www.meydan.tv\/az\/article\/azerisiq-in-agilli-saygaclari\/","name":"''Az\u0259ri\u015f\u0131q''-\u0131n ''a\u011f\u0131ll\u0131 say\u011fac''lar\u0131 - MEYDAN.TV","isPartOf":{"@id":"https:\/\/www.meydan.tv\/az\/#website"},"primaryImageOfPage":{"@id":"https:\/\/www.meydan.tv\/az\/article\/azerisiq-in-agilli-saygaclari\/#primaryimage"},"image":{"@id":"https:\/\/www.meydan.tv\/az\/article\/azerisiq-in-agilli-saygaclari\/#primaryimage"},"thumbnailUrl":"https:\/\/www.meydan.tv\/wp-content\/uploads\/38652.jpg","datePublished":"2018-08-10T20:20:56+00:00","breadcrumb":{"@id":"https:\/\/www.meydan.tv\/az\/article\/azerisiq-in-agilli-saygaclari\/#breadcrumb"},"inLanguage":"az","potentialAction":[{"@type":"ReadAction","target":["https:\/\/www.meydan.tv\/az\/article\/azerisiq-in-agilli-saygaclari\/"]}]},{"@type":"ImageObject","inLanguage":"az","@id":"https:\/\/www.meydan.tv\/az\/article\/azerisiq-in-agilli-saygaclari\/#primaryimage","url":"https:\/\/www.meydan.tv\/wp-content\/uploads\/38652.jpg","contentUrl":"https:\/\/www.meydan.tv\/wp-content\/uploads\/38652.jpg","width":960,"height":640,"caption":"Osman G\u00fcnd\u00fcz\u00fcn \u015f\u0259xsi arxivi"},{"@type":"BreadcrumbList","@id":"https:\/\/www.meydan.tv\/az\/article\/azerisiq-in-agilli-saygaclari\/#breadcrumb","itemListElement":[{"@type":"ListItem","position":1,"name":"Ana s\u0259hif\u0259","item":"https:\/\/www.meydan.tv\/az\/"},{"@type":"ListItem","position":2,"name":"Analitika","item":"https:\/\/www.meydan.tv\/az\/section\/analitika\/"},{"@type":"ListItem","position":3,"name":"&#8221;Az\u0259ri\u015f\u0131q&#8221;-\u0131n &#8221;a\u011f\u0131ll\u0131 say\u011fac&#8221;lar\u0131"}]},{"@type":"WebSite","@id":"https:\/\/www.meydan.tv\/az\/#website","url":"https:\/\/www.meydan.tv\/az\/","name":"MEYDAN.TV","description":"Meydan TV Az\u0259rbaycan\u0131n media m\u0259kan\u0131ndak\u0131 alternativ s\u0259sidir","publisher":{"@id":"https:\/\/www.meydan.tv\/az\/#organization"},"potentialAction":[{"@type":"SearchAction","target":{"@type":"EntryPoint","urlTemplate":"https:\/\/www.meydan.tv\/az\/?s={search_term_string}"},"query-input":{"@type":"PropertyValueSpecification","valueRequired":true,"valueName":"search_term_string"}}],"inLanguage":"az"},{"@type":"Organization","@id":"https:\/\/www.meydan.tv\/az\/#organization","name":"Meydan TV","url":"https:\/\/www.meydan.tv\/az\/","logo":{"@type":"ImageObject","inLanguage":"az","@id":"https:\/\/www.meydan.tv\/az\/#\/schema\/logo\/image\/","url":"https:\/\/www.meydan.tv\/wp-content\/uploads\/2021\/07\/meydan-logo.svg","contentUrl":"https:\/\/www.meydan.tv\/wp-content\/uploads\/2021\/07\/meydan-logo.svg","width":195,"height":46,"caption":"Meydan TV"},"image":{"@id":"https:\/\/www.meydan.tv\/az\/#\/schema\/logo\/image\/"}},{"@type":"Person","@id":"https:\/\/www.meydan.tv\/az\/#\/schema\/person\/10d11eccf6da3662cf5fdab9806ea91a","name":"user-manager"}]}},"_links":{"self":[{"href":"https:\/\/www.meydan.tv\/az\/wp-json\/wp\/v2\/posts\/191217","targetHints":{"allow":["GET"]}}],"collection":[{"href":"https:\/\/www.meydan.tv\/az\/wp-json\/wp\/v2\/posts"}],"about":[{"href":"https:\/\/www.meydan.tv\/az\/wp-json\/wp\/v2\/types\/post"}],"author":[{"embeddable":true,"href":"https:\/\/www.meydan.tv\/az\/wp-json\/wp\/v2\/users\/11"}],"replies":[{"embeddable":true,"href":"https:\/\/www.meydan.tv\/az\/wp-json\/wp\/v2\/comments?post=191217"}],"version-history":[{"count":0,"href":"https:\/\/www.meydan.tv\/az\/wp-json\/wp\/v2\/posts\/191217\/revisions"}],"wp:featuredmedia":[{"embeddable":true,"href":"https:\/\/www.meydan.tv\/az\/wp-json\/wp\/v2\/media\/97966"}],"wp:attachment":[{"href":"https:\/\/www.meydan.tv\/az\/wp-json\/wp\/v2\/media?parent=191217"}],"wp:term":[{"taxonomy":"category","embeddable":true,"href":"https:\/\/www.meydan.tv\/az\/wp-json\/wp\/v2\/categories?post=191217"},{"taxonomy":"post_tag","embeddable":true,"href":"https:\/\/www.meydan.tv\/az\/wp-json\/wp\/v2\/tags?post=191217"}],"curies":[{"name":"wp","href":"https:\/\/api.w.org\/{rel}","templated":true}]}}