{"id":191200,"date":"2018-08-09T18:14:54","date_gmt":"2018-08-09T18:14:54","guid":{"rendered":"https:\/\/www.meydan.tv\/article\/reuters-gence-hadiseleri-hakim-elitaya-xeberdarliqdir\/"},"modified":"2018-08-09T18:14:54","modified_gmt":"2018-08-09T18:14:54","slug":"reuters-gence-hadiseleri-hakim-elitaya-xeberdarliqdir","status":"publish","type":"post","link":"https:\/\/www.meydan.tv\/az\/article\/reuters-gence-hadiseleri-hakim-elitaya-xeberdarliqdir\/","title":{"rendered":"&#8221;Reuters&#8221;: G\u0259nc\u0259 hadis\u0259l\u0259ri hakim elitaya x\u0259b\u0259rdarl\u0131qd\u0131r"},"content":{"rendered":"<figure class=\"wp-block-image size-large\">\n  <img decoding=\"async\" src=\"https:\/\/www.meydan.tv\/az\/gence-imamzade-dini-kompleksi\/\" alt=\"G\u0259nc\u0259 \u201c\u0130mamzad\u0259\u201d dini kompleksi\" class=\"wp-image-48901\"\/><figcaption>\n    G\u0259nc\u0259 \u201c\u0130mamzad\u0259\u201d dini kompleksi<br \/>\n  <\/figcaption><\/figure>\n<p>\n  <i><br \/>\n    Xarici media G\u0259nc\u0259 hadis\u0259l\u0259rind\u0259n yazd\u0131<br \/>\n  <\/i>\n<\/p>\n<p>\n  \u201cNeft istehsal ed\u0259n v\u0259 s\u0259rt idar\u0259\u00e7ilik alt\u0131nda olan Az\u0259rbaycan\u0131n ikinci \u015f\u0259h\u0259ri G\u0259nc\u0259d\u0259 icra ba\u015f\u00e7\u0131s\u0131na qar\u015f\u0131 ba\u015f ver\u0259n sui-q\u0259sd c\u0259hdi v\u0259 etiraz hakim elitaya x\u0259b\u0259rdarl\u0131qd\u0131r\u201d.\n<\/p>\n<p>\n  Bu fikirl\u0259r<br \/>\n  <a href=\"https:\/\/www.reuters.com\/article\/us-azerbaijan-protests-insight\/assassination-attempt-and-protest-send-warning-to-azerbaijans-rulers-idUSKBN1KR0EY\"><br \/>\n    \u201cReuters\u201d<br \/>\n  <\/a><br \/>\n  in m\u0259qal\u0259sind\u0259n g\u00f6t\u00fcr\u00fcl\u00fcb.\n<\/p>\n<p>\n  \u201cReuters\u201d yaz\u0131r ki, polis 3 iyulda \u00f6lk\u0259nin \u015fimla-q\u0259rbind\u0259 yerl\u0259\u015f\u0259n G\u0259nc\u0259 \u015f\u0259h\u0259rinin icra ba\u015f\u00e7\u0131s\u0131 Elmar V\u0259liyev\u0259 \u0130cra Hakimiyy\u0259tinin binas\u0131 qar\u015f\u0131s\u0131nda at\u0259\u015f a\u00e7araq, onu yaralayan yerli bir \u015f\u0259xsi h\u0259bs etdi: \u201cDaxili \u0130\u015fl\u0259r Nazirliyi \u015f\u00fcbh\u0259li Yunis S\u0259f\u0259rovun Suriyada t\u0259lim ke\u00e7mi\u015f v\u0259 Az\u0259rbaycanda \u0130slam d\u00f6vl\u0259ti qurmaq ist\u0259y\u0259n h\u0259rbi qrupla\u015fma \u00fczv\u00fc oldu\u011funu a\u00e7\u0131qlad\u0131. Lakin m\u0259lumatlar \u00fc\u00e7\u00fcn he\u00e7 bir m\u0259nb\u0259 g\u00f6st\u0259rilm\u0259di. B\u0259zi G\u0259nc\u0259 sakinl\u0259ri bu a\u00e7\u0131qlaman\u0131 q\u0259bul etmirl\u0259r. Onlar\u0131n versiyas\u0131na g\u00f6r\u0259, Yunis S\u0259f\u0259rov qisas al\u0131b, \u00e7\u00fcnki o, V\u0259liyevin sakinl\u0259ri v\u0259 onlar\u0131n dini bax\u0131\u015flar\u0131n\u0131 t\u0259hqir etdiyini g\u00f6r\u00fcb. Yunis S\u0259f\u0259rovun h\u0259bs olunduqdan sonra i\u015fg\u0259nc\u0259 g\u00f6rm\u0259si x\u0259b\u0259rl\u0259ri 10 iyulda etirazlara s\u0259b\u0259b oldu v\u0259 bu etirazlarda iki polis m\u0259muru b\u0131\u00e7aqlanaraq \u00f6ld\u00fcr\u00fcld\u00fc, polis Samir Bayramov is\u0259 yaraland\u0131\u201d.\n<\/p>\n<p>\n  \u201cReuters\u201d xat\u0131rlad\u0131b ki, Az\u0259rbaycan \u0259halisinin \u0259ks\u0259riyy\u0259tini m\u00fcs\u0259lmanlar\u0131n t\u0259\u015fkil etdiyi 10 milyonluq xalqd\u0131r. 1991-ci ild\u0259 Sovetl\u0259r Birliyind\u0259n m\u00fcst\u0259qil olduqdan sonra neft v\u0259 qazla varlanan bir \u00f6lk\u0259 kimi b\u00f6y\u00fcy\u00fcb. Burada etirazlar az-az ba\u015f verir v\u0259 ba\u015f verdikd\u0259 tez yat\u0131zd\u0131r\u0131l\u0131r:\n<\/p>\n<p>\n  \u201cNeft pullar\u0131 Bak\u0131n\u0131 yax\u015f\u0131la\u015fd\u0131rsa da, \u0130lham \u018fliyev\u0259 m\u00fcxalif olanlar bu pullar\u0131n yaln\u0131z ki\u00e7ik bir t\u0259b\u0259q\u0259ni varland\u0131rd\u0131\u011f\u0131n\u0131 v\u0259 hakimiyy\u0259tin bu pullardan istifad\u0259 ed\u0259r\u0259k, \u00f6lk\u0259d\u0259 insan haqlar\u0131 v\u0259 demokratiyan\u0131 bo\u011fdu\u011funu bildirirl\u0259r. \u018fliyev\u0259 paralel olaraq 57 ya\u015fl\u0131 V\u0259liyevin G\u0259nc\u0259 il\u0259 feodal m\u00fclkiyy\u0259ti kimi davrand\u0131\u011f\u0131, \u015f\u0259h\u0259rin yoxsul v\u0259ziyy\u0259tin\u0259 he\u00e7 bir m\u0259h\u0259l qoymad\u0131\u011f\u0131 v\u0259 yolunda duran h\u0259r k\u0259sl\u0259 kobud davrand\u0131\u011f\u0131 bildirilir\u201d.\n<\/p>\n<p>\n  M\u00fcxalif\u0259td\u0259ki M\u00fcsavat Partiyas\u0131n\u0131n 74 ya\u015fl\u0131 \u00fczv\u00fc Cahangir \u018fmirxanl\u0131 G\u0259nc\u0259d\u0259 \u201cReuters\u201d\u0259 a\u00e7\u0131qlamas\u0131nda \u201cV\u0259liyev d\u0259 \u018fliyev kimi davran\u0131rd\u0131\u201d deyib.\n<\/p>\n<figure class=\"wp-block-image size-large\">\n  <img decoding=\"async\" src=\"https:\/\/www.meydan.tv\/az\/cahangir-emirxanli\/\" alt=\"Cahangir \u018fmirxanl\u0131\" class=\"wp-image-107736\"\/><figcaption>\n    Cahangir \u018fmirxanl\u0131<br \/>\n  <\/figcaption><\/figure>\n<p>\n  G\u0259nc\u0259nin yerli idar\u0259etm\u0259 orqanlar\u0131 \u201cReuters\u201din suallar\u0131na cavab\u0131nda bildiribl\u0259r ki, V\u0259liyevin t\u0259nqidi \u201c\u0259sass\u0131z v\u0259 q\u0259r\u0259zlidir\u201d. Amma \u015f\u0259h\u0259rd\u0259 ba\u015f ver\u0259n hadis\u0259l\u0259r onu g\u00f6st\u0259rir ki, iqtisadiyyat\u0131 \u0259sas\u0259n enerji sektorundan as\u0131l\u0131 olan Az\u0259rbaycan\u0131n r\u0259hb\u0259rliyi iqtidar\u0131n\u0131 qorumaq \u00fc\u00e7\u00fcn \u00e7ox s\u0259y g\u00f6st\u0259rm\u0259lidir.\n<\/p>\n<p>\n  \u201c\u018fliyev narahatl\u0131\u011f\u0131n\u0131 G\u0259nc\u0259d\u0259 ba\u015f ver\u0259n hadis\u0259nin t\u0259hqiqat\u0131n\u0131 \u00f6z n\u0259zar\u0259tin\u0259 g\u00f6t\u00fcrm\u0259kl\u0259 bildirdi. O, bu hadis\u0259ni \u201cAz\u0259rbaycan d\u00f6vl\u0259t\u00e7iliyin\u0259 v\u0259 c\u0259miyy\u0259tin\u0259 y\u00f6n\u0259ldilmi\u015f terror akt\u0131\u201d kimi qiym\u0259tl\u0259ndirib. Sakinl\u0259rin dedikl\u0259rin\u0259 \u0259sas\u0259n, \u015f\u0259h\u0259r r\u0259hb\u0259rliyinin g\u0259rginliyini etirazlar haqda x\u0259b\u0259rl\u0259rin yay\u0131lmas\u0131n\u0131n qar\u015f\u0131s\u0131n\u0131 alma\u011fa \u00e7al\u0131\u015fmalar\u0131ndan da hiss etm\u0259k m\u00fcmk\u00fcn olurdu. G\u0259nc\u0259d\u0259 mobil cihazlar\u0131n internet xidm\u0259ti v\u0259 sosial \u015f\u0259b\u0259k\u0259l\u0259r\u0259 giri\u015f m\u0259hdudla\u015fd\u0131r\u0131l\u0131b. \u201cFacebook\u201d-da yay\u0131lan m\u0259lumatlar\u0131 x\u0259b\u0259r kimi istifad\u0259 ed\u0259n 4 m\u00fcst\u0259qil sayt\u0131n redaktorlar\u0131na qar\u015f\u0131 prokurorluq cinay\u0259t i\u015fi a\u00e7\u0131l\u0131b. 330 min \u0259halisi olan G\u0259nc\u0259ni hakim partiyan\u0131n \u00fczv\u00fc Elmar V\u0259liyev 7 il idi ki, idar\u0259 edirdi. Onu v\u0259zif\u0259y\u0259 \u0130lham \u018fliyev t\u0259yin etmi\u015fdi. Polis sui-q\u0259sd c\u0259hdind\u0259n v\u0259 etirazlardan sonra \u201cradikal dini t\u0259\u015fkilatlarla \u0259laq\u0259si olan\u201d d\u00f6rd n\u0259f\u0259rin \u00f6ld\u00fcr\u00fcld\u00fcy\u00fcn\u00fc bildirir. Bundan ba\u015fqa, 61 \u015f\u0259xs h\u0259bs olunub v\u0259 13 \u015f\u0259xs axtar\u0131\u015fdad\u0131r\u201d,-dey\u0259 m\u0259qal\u0259d\u0259 bildirilib.\n<\/p>\n<p>\n  \u201cReuters\u201d\u0259 dan\u0131\u015fma\u011fa raz\u0131la\u015fan 11 G\u0259nc\u0259 sakininin s\u0259kkizi sui-q\u0259sd c\u0259hdini radikal islam\u00e7\u0131 qrupla\u015fman\u0131n t\u0259\u015fkil etdiyin\u0259 inanmad\u0131\u011f\u0131n\u0131 bildirdi v\u0259 bu c\u0259hdi Elmar V\u0259liyevin sevilm\u0259diyi il\u0259 \u0259laq\u0259l\u0259ndirdi. \u018fmirxanl\u0131dan ba\u015fqa dig\u0259r m\u00fcsahibl\u0259r repressiyalara m\u0259ruz qalmamaq \u00fc\u00e7\u00fcn kimlikl\u0259rini bildirm\u0259kd\u0259n imtina etdil\u0259r, baxmayaraq ki, Az\u0259rbaycan r\u0259smil\u0259ri m\u00fcxalifl\u0259r\u0259 qar\u015f\u0131 t\u0259zyiq v\u0259 qorxutmaq haqq\u0131nda Q\u0259rbin ittihamlar\u0131n\u0131 inkar edirl\u0259r. Parkda \u0259yl\u0259\u015f\u0259n ya\u015fl\u0131 t\u0259qa\u00fcd\u00e7\u00fcl\u0259rd\u0259n biri \u0259traf\u0131na bax\u0131b he\u00e7 kimin onu e\u015fitm\u0259diyind\u0259n \u0259min olduqdan sonra a\u015fa\u011f\u0131 s\u0259sl\u0259 \u201cBiz \u015fok olduq ki, kims\u0259 \u0259lin\u0259 silah alma\u011fa c\u0259sar\u0259t edi v\u0259 icra ba\u015f\u00e7\u0131s\u0131n\u0131 vurdu\u201d, &#8211; dedi. \u018flav\u0259 olaraq \u201cD\u00fcz\u00fcn des\u0259k, he\u00e7 kim V\u0259liyev haqda narahatl\u0131q ke\u00e7irmir, V\u0259liyev \u00e7ox pis \u015feyl\u0259r etdi \u015f\u0259h\u0259rd\u0259\u2026 Varl\u0131lar daha varl\u0131 oldu, kas\u0131blar daha da kas\u0131blad\u0131\u201d,- dedi\u2026\n<\/p>\n<p>\n  <b><br \/>\n    <i><br \/>\n      \u00c7\u0131xar\u0131lmal\u0131 olan d\u0259rsl\u0259r<br \/>\n    <\/i><br \/>\n  <\/b>\n<\/p>\n<p>\n  G\u0259nc\u0259d\u0259 b\u0259zi k\u00f6hn\u0259 yollar v\u0259 binalar t\u0259mir edildi, al\u0131\u015f-veri\u015f m\u0259rk\u0259zl\u0259ri in\u015fa edildi v\u0259 4 ulduzlu \u201cRamada\u201d oteli tikildi. \u015e\u0259h\u0259rin m\u0259rk\u0259zind\u0259 1993-2003-c\u00fc ill\u0259r aras\u0131 prezident olmu\u015f Heyd\u0259r \u018fliyevin ad\u0131n\u0131 da\u015f\u0131yan n\u0259h\u0259ng bir park yerl\u0259\u015fir.\n<\/p>\n<p>\n  Amma \u018fmirxanl\u0131 deyir ki, G\u0259nc\u0259 \u015f\u0259h\u0259rind\u0259 g\u0259ncl\u0259r aras\u0131nda i\u015fsizlik d\u0259r\u0259c\u0259si y\u00fcks\u0259kdir v\u0259 onlar\u0131n \u0259ks\u0259riyy\u0259ti i\u015f \u00fc\u00e7\u00fcn T\u00fcrkiy\u0259 v\u0259 Rusiyaya k\u00f6\u00e7 edir.\n<\/p>\n<p>\n  Ad\u0131n\u0131 verm\u0259k ist\u0259m\u0259y\u0259n 84 ya\u015fl\u0131 dig\u0259r t\u0259qa\u00fcd\u00e7\u00fc is\u0259 \u015f\u0259h\u0259r r\u0259hb\u0259rliyi t\u0259r\u0259find\u0259n aldad\u0131ld\u0131\u011f\u0131n\u0131 v\u0259 abadl\u0131q i\u015fl\u0259ri ad\u0131 il\u0259 evinin \u0259lind\u0259n al\u0131nd\u0131\u011f\u0131n\u0131 bildirib.<br \/>\n  <br \/>\n  \u015e\u0259h\u0259r r\u0259hb\u0259rliyi, onun v\u0259 dig\u0259rl\u0259rinin m\u00fcv\u0259qq\u0259ti yerl\u0259\u015fdirilm\u0259si \u00fc\u00e7\u00fcn v\u0259sait \u00f6d\u0259m\u0259y\u0259 s\u00f6z verib v\u0259 indi is\u0259 bildirirl\u0259r ki, m\u0259nzil verilm\u0259si \u00fc\u00e7\u00fcn binalar\u0131 s\u00f6k\u0259n v\u0259 yerind\u0259 bina tik\u0259c\u0259k tikinti \u015firk\u0259ti il\u0259 dan\u0131\u015f\u0131qlar apar\u0131rlar.\n<\/p>\n<p>\n  T\u0259qa\u00fcd\u00e7\u00fc deyib ki, o, m\u00fclkiyy\u0259ti il\u0259 ba\u011fl\u0131 m\u00fcraci\u0259t etm\u0259k \u00fc\u00e7\u00fcn V\u0259liyevl\u0259 g\u00f6r\u00fc\u015fm\u0259y\u0259 m\u00fcv\u0259ff\u0259q olub, amma icra ba\u015f\u00e7\u0131s\u0131 \u201c\u00e7ox kobud idi\u201d.\n<\/p>\n<p>\n  \u0130cra ba\u015f\u00e7\u0131s\u0131, t\u0259qa\u00fcd\u00e7\u00fcn\u00fcn m\u00fcraci\u0259tin\u0259 birba\u015fa cavab verm\u0259yib, ancaq \u201cElmar V\u0259liyevin v\u0259t\u0259nda\u015flara qar\u015f\u0131 qeyri-qanuni m\u00f6vqey\u0259 malik olmad\u0131\u011f\u0131na dair he\u00e7 bir s\u00fcbuta malik olmad\u0131\u011f\u0131n\u0131\u201d s\u00f6yl\u0259yib.\n<\/p>\n<p>\n  \u0130lham \u018fliyevin d\u0259st\u0259k\u00e7il\u0259ri deyir ki, o, Az\u0259rbaycana sabitlik g\u0259tirmi\u015f, \u00f6lk\u0259ni modernl\u0259\u015fdirmi\u015f v\u0259 2003-c\u00fc ild\u0259 atas\u0131n\u0131n sonra Avropa il\u0259 daha yax\u0131n \u0259laq\u0259l\u0259r qurmu\u015fdur.\n<\/p>\n<p>\n  O, apreld\u0259 ard\u0131c\u0131l olaraq d\u00f6rd\u00fcnc\u00fc d\u0259f\u0259 se\u00e7ildi, s\u0259sl\u0259rin y\u00fczd\u0259 85 faizini a\u015fd\u0131, ancaq ana m\u00fcxalif\u0259t t\u0259r\u0259find\u0259n se\u00e7ki boykot edildi v\u0259 se\u00e7kinin qanuna uy\u011fun ke\u00e7irildiyi m\u00fcst\u0259qil m\u00fc\u015fahid\u0259\u00e7il\u0259r t\u0259r\u0259find\u0259n sual alt\u0131na al\u0131nd\u0131.\n<\/p>\n<p>\n  Son ill\u0259rd\u0259 ictimai q\u0259z\u0259bin artd\u0131\u011f\u0131n\u0131 g\u00f6rm\u0259k m\u00fcmk\u00fcnd\u00fcr. 2011-ci ild\u0259 \u0130lham \u018fliyevin istefas\u0131n\u0131 t\u0259l\u0259b ed\u0259n mitinql\u0259r k\u00fctl\u0259vi h\u0259bsl\u0259rl\u0259 sona \u00e7atd\u0131.\n<\/p>\n<p>\n  2016-c\u0131 ild\u0259 \u00e7\u00f6r\u0259yin qiym\u0259tinin artmas\u0131 v\u0259 neft qiym\u0259tl\u0259rinin d\u00fc\u015fm\u0259si il\u0259 k\u0259skinl\u0259\u015f\u0259n manat\u0131n devalvasiyas\u0131 n\u0259tic\u0259sind\u0259 \u0259n az\u0131 3 \u015f\u0259h\u0259rd\u0259- Quba, Siy\u0259z\u0259n v\u0259 \u015eabranda etirazlar ke\u00e7irildi. Sakinl\u0259rin dedikl\u0259rin\u0259 \u0259sas\u0259n polis onlara h\u0259bsl\u0259rl\u0259 cavab verib. G\u0259nc\u0259d\u0259ki etirazlar da buna daxildir.\n<\/p>\n<p>\n  M\u00fcst\u0259qil siyasi ekspert \u0130lqar V\u0259lizad\u0259 \u201c\u00d6lk\u0259d\u0259 hakim t\u0259b\u0259q\u0259 il\u0259 r\u0259qab\u0259t aparacaq, siyasi m\u00fcxalif\u0259t yoxdur\u201d dey\u0259 bildirib:<br \/>\n  \n<\/p>\n<figure class=\"wp-block-image size-large\">\n  <img decoding=\"async\" src=\"https:\/\/www.meydan.tv\/az\/ilqar-velizade-7\/\" alt=\"\u0130lqar V\u0259lizad\u0259\" class=\"wp-image-63278\"\/><figcaption>\n    \u0130lqar V\u0259lizad\u0259<br \/>\n  <\/figcaption><\/figure>\n<p>\n  \u201cLakin hakimiyy\u0259t son hadis\u0259l\u0259rd\u0259n b\u0259zi d\u0259rsl\u0259r \u00e7\u0131xarmal\u0131, kadr siyas\u0259tini yenid\u0259n n\u0259z\u0259rd\u0259n ke\u00e7ir\u0259r\u0259k sosial probleml\u0259r\u0259 daha \u00e7ox diqq\u0259t yetirm\u0259lidir v\u0259 insanlarla daha \u00e7ox \u00fcnsiyy\u0259t qurmal\u0131d\u0131r\u201d.\n<\/p>\n<p>\n  \u201cReuters\u201d daha sonra yaz\u0131r:\n<\/p>\n<p>\n  H\u0259r hans\u0131 bir iqtisadi b\u00f6hran\u0131n t\u0259sirini azaltmaq \u00fc\u00e7\u00fcn 38 milyard dollarl\u0131q m\u00fcst\u0259qil fondu yarad\u0131l\u0131b. Xarici donorlar is\u0259 r\u0259smi Bak\u0131n\u0131, 75 faizini neft v\u0259 qazdan g\u0259l\u0259n g\u0259lirl\u0259rin t\u0259\u015fkil etdiyi iqtisadiyyat\u0131 diversifikasiya etm\u0259y\u0259 \u00e7a\u011f\u0131r\u0131blar.\n<\/p>\n<p>\n  Bunun edildiyinin g\u00f6st\u0259ricil\u0259ri is\u0259 \u00e7ox a\u015fa\u011f\u0131d\u0131r. 2016-c\u0131 ild\u0259ki 3,8 , 2017-ci ild\u0259ki 0,1 , faizlik daralmadan sonra bu il yaln\u0131z 2 faizlik iqtisadi b\u00f6y\u00fcm\u0259 g\u00f6zl\u0259nilir.\n<\/p>\n<p>\n  \u0130lqar V\u0259lizad\u0259 status kvonun Q\u0259rb\u0259 \u201cregiondak\u0131 qlobal enerji layih\u0259l\u0259rinin h\u0259yata ke\u00e7irilm\u0259si\u201d \u00fc\u00e7\u00fcn uy\u011fun oldu\u011funu s\u00f6yl\u0259di.\n<\/p>\n<p>\n  Avropa Birliyi Rusiya qaz\u0131ndan qism\u0259n as\u0131l\u0131l\u0131\u011f\u0131 azaltmaq \u00fc\u00e7\u00fcn C\u0259nub Qaz D\u0259hlizinin tamamlanmas\u0131n\u0131 g\u00f6zl\u0259yir. Hans\u0131 ki, 2020-ci ild\u0259n etibar\u0259n 16 milyard kubmetr qaz\u0131n Az\u0259rbaycan \u015eah D\u0259niz yata\u011f\u0131ndan \u00e7\u0131xar\u0131laraq G\u00fcrc\u00fcstan v\u0259 T\u00fcrkiy\u0259 \u00fcz\u0259rind\u0259n Avropaya \u00e7atd\u0131r\u0131laca\u011f\u0131 g\u00f6zl\u0259nilir.\n<\/p>\n<p>\n  T\u0259rc\u00fcm\u0259:<br \/>\n  <a href=\"https:\/\/www.azadliq.info\/221412.html\"><br \/>\n    \u201cAzadl\u0131q.info\u201d<br \/>\n  <\/a><\/p>\n","protected":false},"excerpt":{"rendered":"<p>Xarici media G\u0259nc\u0259 hadis\u0259l\u0259rind\u0259n yazd\u0131<\/p>\n","protected":false},"author":11,"featured_media":48901,"comment_status":"closed","ping_status":"open","sticky":false,"template":"","format":"standard","meta":{"_acf_changed":false,"_sitemap_exclude":false,"_sitemap_priority":"","_sitemap_frequency":"","footnotes":""},"categories":[51],"tags":[],"class_list":["post-191200","post","type-post","status-publish","format-standard","has-post-thumbnail","hentry","category-analitika","infinite-scroll-item","generate-columns","tablet-grid-50","mobile-grid-100","grid-parent","grid-33","no-featured-image-padding"],"acf":[],"yoast_head":"<!-- This site is optimized with the Yoast SEO plugin v27.4 - https:\/\/yoast.com\/product\/yoast-seo-wordpress\/ -->\n<title>&#039;&#039;Reuters&#039;&#039;: G\u0259nc\u0259 hadis\u0259l\u0259ri hakim elitaya x\u0259b\u0259rdarl\u0131qd\u0131r - MEYDAN.TV<\/title>\n<meta name=\"robots\" content=\"index, follow, max-snippet:-1, max-image-preview:large, max-video-preview:-1\" \/>\n<link rel=\"canonical\" href=\"https:\/\/www.meydan.tv\/az\/article\/reuters-gence-hadiseleri-hakim-elitaya-xeberdarliqdir\/\" \/>\n<meta property=\"og:locale\" content=\"az_AZ\" \/>\n<meta property=\"og:type\" content=\"article\" \/>\n<meta property=\"og:title\" content=\"&#039;&#039;Reuters&#039;&#039;: G\u0259nc\u0259 hadis\u0259l\u0259ri hakim elitaya x\u0259b\u0259rdarl\u0131qd\u0131r - MEYDAN.TV\" \/>\n<meta property=\"og:description\" content=\"Xarici media G\u0259nc\u0259 hadis\u0259l\u0259rind\u0259n yazd\u0131\" \/>\n<meta property=\"og:url\" content=\"https:\/\/www.meydan.tv\/az\/article\/reuters-gence-hadiseleri-hakim-elitaya-xeberdarliqdir\/\" \/>\n<meta property=\"og:site_name\" content=\"MEYDAN.TV\" \/>\n<meta property=\"article:published_time\" content=\"2018-08-09T18:14:54+00:00\" \/>\n<meta property=\"og:image\" content=\"https:\/\/www.meydan.tv\/wp-content\/uploads\/18377.jpg\" \/>\n\t<meta property=\"og:image:width\" content=\"746\" \/>\n\t<meta property=\"og:image:height\" content=\"536\" \/>\n\t<meta property=\"og:image:type\" content=\"image\/jpeg\" \/>\n<meta name=\"author\" content=\"user-manager\" \/>\n<meta name=\"twitter:card\" content=\"summary_large_image\" \/>\n<script type=\"application\/ld+json\" class=\"yoast-schema-graph\">{\"@context\":\"https:\\\/\\\/schema.org\",\"@graph\":[{\"@type\":\"Article\",\"@id\":\"https:\\\/\\\/www.meydan.tv\\\/az\\\/article\\\/reuters-gence-hadiseleri-hakim-elitaya-xeberdarliqdir\\\/#article\",\"isPartOf\":{\"@id\":\"https:\\\/\\\/www.meydan.tv\\\/az\\\/article\\\/reuters-gence-hadiseleri-hakim-elitaya-xeberdarliqdir\\\/\"},\"author\":{\"name\":\"user-manager\",\"@id\":\"https:\\\/\\\/www.meydan.tv\\\/az\\\/#\\\/schema\\\/person\\\/10d11eccf6da3662cf5fdab9806ea91a\"},\"headline\":\"&#8221;Reuters&#8221;: G\u0259nc\u0259 hadis\u0259l\u0259ri hakim elitaya x\u0259b\u0259rdarl\u0131qd\u0131r\",\"datePublished\":\"2018-08-09T18:14:54+00:00\",\"mainEntityOfPage\":{\"@id\":\"https:\\\/\\\/www.meydan.tv\\\/az\\\/article\\\/reuters-gence-hadiseleri-hakim-elitaya-xeberdarliqdir\\\/\"},\"wordCount\":1592,\"publisher\":{\"@id\":\"https:\\\/\\\/www.meydan.tv\\\/az\\\/#organization\"},\"image\":{\"@id\":\"https:\\\/\\\/www.meydan.tv\\\/az\\\/article\\\/reuters-gence-hadiseleri-hakim-elitaya-xeberdarliqdir\\\/#primaryimage\"},\"thumbnailUrl\":\"https:\\\/\\\/www.meydan.tv\\\/wp-content\\\/uploads\\\/18377.jpg\",\"articleSection\":[\"Analitika\"],\"inLanguage\":\"az\"},{\"@type\":\"WebPage\",\"@id\":\"https:\\\/\\\/www.meydan.tv\\\/az\\\/article\\\/reuters-gence-hadiseleri-hakim-elitaya-xeberdarliqdir\\\/\",\"url\":\"https:\\\/\\\/www.meydan.tv\\\/az\\\/article\\\/reuters-gence-hadiseleri-hakim-elitaya-xeberdarliqdir\\\/\",\"name\":\"''Reuters'': G\u0259nc\u0259 hadis\u0259l\u0259ri hakim elitaya x\u0259b\u0259rdarl\u0131qd\u0131r - MEYDAN.TV\",\"isPartOf\":{\"@id\":\"https:\\\/\\\/www.meydan.tv\\\/az\\\/#website\"},\"primaryImageOfPage\":{\"@id\":\"https:\\\/\\\/www.meydan.tv\\\/az\\\/article\\\/reuters-gence-hadiseleri-hakim-elitaya-xeberdarliqdir\\\/#primaryimage\"},\"image\":{\"@id\":\"https:\\\/\\\/www.meydan.tv\\\/az\\\/article\\\/reuters-gence-hadiseleri-hakim-elitaya-xeberdarliqdir\\\/#primaryimage\"},\"thumbnailUrl\":\"https:\\\/\\\/www.meydan.tv\\\/wp-content\\\/uploads\\\/18377.jpg\",\"datePublished\":\"2018-08-09T18:14:54+00:00\",\"breadcrumb\":{\"@id\":\"https:\\\/\\\/www.meydan.tv\\\/az\\\/article\\\/reuters-gence-hadiseleri-hakim-elitaya-xeberdarliqdir\\\/#breadcrumb\"},\"inLanguage\":\"az\",\"potentialAction\":[{\"@type\":\"ReadAction\",\"target\":[\"https:\\\/\\\/www.meydan.tv\\\/az\\\/article\\\/reuters-gence-hadiseleri-hakim-elitaya-xeberdarliqdir\\\/\"]}]},{\"@type\":\"ImageObject\",\"inLanguage\":\"az\",\"@id\":\"https:\\\/\\\/www.meydan.tv\\\/az\\\/article\\\/reuters-gence-hadiseleri-hakim-elitaya-xeberdarliqdir\\\/#primaryimage\",\"url\":\"https:\\\/\\\/www.meydan.tv\\\/wp-content\\\/uploads\\\/18377.jpg\",\"contentUrl\":\"https:\\\/\\\/www.meydan.tv\\\/wp-content\\\/uploads\\\/18377.jpg\",\"width\":746,\"height\":536,\"caption\":\"Source:\"},{\"@type\":\"BreadcrumbList\",\"@id\":\"https:\\\/\\\/www.meydan.tv\\\/az\\\/article\\\/reuters-gence-hadiseleri-hakim-elitaya-xeberdarliqdir\\\/#breadcrumb\",\"itemListElement\":[{\"@type\":\"ListItem\",\"position\":1,\"name\":\"Ana s\u0259hif\u0259\",\"item\":\"https:\\\/\\\/www.meydan.tv\\\/az\\\/\"},{\"@type\":\"ListItem\",\"position\":2,\"name\":\"Analitika\",\"item\":\"https:\\\/\\\/www.meydan.tv\\\/az\\\/section\\\/analitika\\\/\"},{\"@type\":\"ListItem\",\"position\":3,\"name\":\"&#8221;Reuters&#8221;: G\u0259nc\u0259 hadis\u0259l\u0259ri hakim elitaya x\u0259b\u0259rdarl\u0131qd\u0131r\"}]},{\"@type\":\"WebSite\",\"@id\":\"https:\\\/\\\/www.meydan.tv\\\/az\\\/#website\",\"url\":\"https:\\\/\\\/www.meydan.tv\\\/az\\\/\",\"name\":\"MEYDAN.TV\",\"description\":\"Meydan TV Az\u0259rbaycan\u0131n media m\u0259kan\u0131ndak\u0131 alternativ s\u0259sidir\",\"publisher\":{\"@id\":\"https:\\\/\\\/www.meydan.tv\\\/az\\\/#organization\"},\"potentialAction\":[{\"@type\":\"SearchAction\",\"target\":{\"@type\":\"EntryPoint\",\"urlTemplate\":\"https:\\\/\\\/www.meydan.tv\\\/az\\\/?s={search_term_string}\"},\"query-input\":{\"@type\":\"PropertyValueSpecification\",\"valueRequired\":true,\"valueName\":\"search_term_string\"}}],\"inLanguage\":\"az\"},{\"@type\":\"Organization\",\"@id\":\"https:\\\/\\\/www.meydan.tv\\\/az\\\/#organization\",\"name\":\"Meydan TV\",\"url\":\"https:\\\/\\\/www.meydan.tv\\\/az\\\/\",\"logo\":{\"@type\":\"ImageObject\",\"inLanguage\":\"az\",\"@id\":\"https:\\\/\\\/www.meydan.tv\\\/az\\\/#\\\/schema\\\/logo\\\/image\\\/\",\"url\":\"https:\\\/\\\/www.meydan.tv\\\/wp-content\\\/uploads\\\/2021\\\/07\\\/meydan-logo.svg\",\"contentUrl\":\"https:\\\/\\\/www.meydan.tv\\\/wp-content\\\/uploads\\\/2021\\\/07\\\/meydan-logo.svg\",\"width\":195,\"height\":46,\"caption\":\"Meydan TV\"},\"image\":{\"@id\":\"https:\\\/\\\/www.meydan.tv\\\/az\\\/#\\\/schema\\\/logo\\\/image\\\/\"}},{\"@type\":\"Person\",\"@id\":\"https:\\\/\\\/www.meydan.tv\\\/az\\\/#\\\/schema\\\/person\\\/10d11eccf6da3662cf5fdab9806ea91a\",\"name\":\"user-manager\"}]}<\/script>\n<!-- \/ Yoast SEO plugin. -->","yoast_head_json":{"title":"''Reuters'': G\u0259nc\u0259 hadis\u0259l\u0259ri hakim elitaya x\u0259b\u0259rdarl\u0131qd\u0131r - MEYDAN.TV","robots":{"index":"index","follow":"follow","max-snippet":"max-snippet:-1","max-image-preview":"max-image-preview:large","max-video-preview":"max-video-preview:-1"},"canonical":"https:\/\/www.meydan.tv\/az\/article\/reuters-gence-hadiseleri-hakim-elitaya-xeberdarliqdir\/","og_locale":"az_AZ","og_type":"article","og_title":"''Reuters'': G\u0259nc\u0259 hadis\u0259l\u0259ri hakim elitaya x\u0259b\u0259rdarl\u0131qd\u0131r - MEYDAN.TV","og_description":"Xarici media G\u0259nc\u0259 hadis\u0259l\u0259rind\u0259n yazd\u0131","og_url":"https:\/\/www.meydan.tv\/az\/article\/reuters-gence-hadiseleri-hakim-elitaya-xeberdarliqdir\/","og_site_name":"MEYDAN.TV","article_published_time":"2018-08-09T18:14:54+00:00","og_image":[{"width":746,"height":536,"url":"https:\/\/www.meydan.tv\/wp-content\/uploads\/18377.jpg","type":"image\/jpeg"}],"author":"user-manager","twitter_card":"summary_large_image","schema":{"@context":"https:\/\/schema.org","@graph":[{"@type":"Article","@id":"https:\/\/www.meydan.tv\/az\/article\/reuters-gence-hadiseleri-hakim-elitaya-xeberdarliqdir\/#article","isPartOf":{"@id":"https:\/\/www.meydan.tv\/az\/article\/reuters-gence-hadiseleri-hakim-elitaya-xeberdarliqdir\/"},"author":{"name":"user-manager","@id":"https:\/\/www.meydan.tv\/az\/#\/schema\/person\/10d11eccf6da3662cf5fdab9806ea91a"},"headline":"&#8221;Reuters&#8221;: G\u0259nc\u0259 hadis\u0259l\u0259ri hakim elitaya x\u0259b\u0259rdarl\u0131qd\u0131r","datePublished":"2018-08-09T18:14:54+00:00","mainEntityOfPage":{"@id":"https:\/\/www.meydan.tv\/az\/article\/reuters-gence-hadiseleri-hakim-elitaya-xeberdarliqdir\/"},"wordCount":1592,"publisher":{"@id":"https:\/\/www.meydan.tv\/az\/#organization"},"image":{"@id":"https:\/\/www.meydan.tv\/az\/article\/reuters-gence-hadiseleri-hakim-elitaya-xeberdarliqdir\/#primaryimage"},"thumbnailUrl":"https:\/\/www.meydan.tv\/wp-content\/uploads\/18377.jpg","articleSection":["Analitika"],"inLanguage":"az"},{"@type":"WebPage","@id":"https:\/\/www.meydan.tv\/az\/article\/reuters-gence-hadiseleri-hakim-elitaya-xeberdarliqdir\/","url":"https:\/\/www.meydan.tv\/az\/article\/reuters-gence-hadiseleri-hakim-elitaya-xeberdarliqdir\/","name":"''Reuters'': G\u0259nc\u0259 hadis\u0259l\u0259ri hakim elitaya x\u0259b\u0259rdarl\u0131qd\u0131r - MEYDAN.TV","isPartOf":{"@id":"https:\/\/www.meydan.tv\/az\/#website"},"primaryImageOfPage":{"@id":"https:\/\/www.meydan.tv\/az\/article\/reuters-gence-hadiseleri-hakim-elitaya-xeberdarliqdir\/#primaryimage"},"image":{"@id":"https:\/\/www.meydan.tv\/az\/article\/reuters-gence-hadiseleri-hakim-elitaya-xeberdarliqdir\/#primaryimage"},"thumbnailUrl":"https:\/\/www.meydan.tv\/wp-content\/uploads\/18377.jpg","datePublished":"2018-08-09T18:14:54+00:00","breadcrumb":{"@id":"https:\/\/www.meydan.tv\/az\/article\/reuters-gence-hadiseleri-hakim-elitaya-xeberdarliqdir\/#breadcrumb"},"inLanguage":"az","potentialAction":[{"@type":"ReadAction","target":["https:\/\/www.meydan.tv\/az\/article\/reuters-gence-hadiseleri-hakim-elitaya-xeberdarliqdir\/"]}]},{"@type":"ImageObject","inLanguage":"az","@id":"https:\/\/www.meydan.tv\/az\/article\/reuters-gence-hadiseleri-hakim-elitaya-xeberdarliqdir\/#primaryimage","url":"https:\/\/www.meydan.tv\/wp-content\/uploads\/18377.jpg","contentUrl":"https:\/\/www.meydan.tv\/wp-content\/uploads\/18377.jpg","width":746,"height":536,"caption":"Source:"},{"@type":"BreadcrumbList","@id":"https:\/\/www.meydan.tv\/az\/article\/reuters-gence-hadiseleri-hakim-elitaya-xeberdarliqdir\/#breadcrumb","itemListElement":[{"@type":"ListItem","position":1,"name":"Ana s\u0259hif\u0259","item":"https:\/\/www.meydan.tv\/az\/"},{"@type":"ListItem","position":2,"name":"Analitika","item":"https:\/\/www.meydan.tv\/az\/section\/analitika\/"},{"@type":"ListItem","position":3,"name":"&#8221;Reuters&#8221;: G\u0259nc\u0259 hadis\u0259l\u0259ri hakim elitaya x\u0259b\u0259rdarl\u0131qd\u0131r"}]},{"@type":"WebSite","@id":"https:\/\/www.meydan.tv\/az\/#website","url":"https:\/\/www.meydan.tv\/az\/","name":"MEYDAN.TV","description":"Meydan TV Az\u0259rbaycan\u0131n media m\u0259kan\u0131ndak\u0131 alternativ s\u0259sidir","publisher":{"@id":"https:\/\/www.meydan.tv\/az\/#organization"},"potentialAction":[{"@type":"SearchAction","target":{"@type":"EntryPoint","urlTemplate":"https:\/\/www.meydan.tv\/az\/?s={search_term_string}"},"query-input":{"@type":"PropertyValueSpecification","valueRequired":true,"valueName":"search_term_string"}}],"inLanguage":"az"},{"@type":"Organization","@id":"https:\/\/www.meydan.tv\/az\/#organization","name":"Meydan TV","url":"https:\/\/www.meydan.tv\/az\/","logo":{"@type":"ImageObject","inLanguage":"az","@id":"https:\/\/www.meydan.tv\/az\/#\/schema\/logo\/image\/","url":"https:\/\/www.meydan.tv\/wp-content\/uploads\/2021\/07\/meydan-logo.svg","contentUrl":"https:\/\/www.meydan.tv\/wp-content\/uploads\/2021\/07\/meydan-logo.svg","width":195,"height":46,"caption":"Meydan TV"},"image":{"@id":"https:\/\/www.meydan.tv\/az\/#\/schema\/logo\/image\/"}},{"@type":"Person","@id":"https:\/\/www.meydan.tv\/az\/#\/schema\/person\/10d11eccf6da3662cf5fdab9806ea91a","name":"user-manager"}]}},"_links":{"self":[{"href":"https:\/\/www.meydan.tv\/az\/wp-json\/wp\/v2\/posts\/191200","targetHints":{"allow":["GET"]}}],"collection":[{"href":"https:\/\/www.meydan.tv\/az\/wp-json\/wp\/v2\/posts"}],"about":[{"href":"https:\/\/www.meydan.tv\/az\/wp-json\/wp\/v2\/types\/post"}],"author":[{"embeddable":true,"href":"https:\/\/www.meydan.tv\/az\/wp-json\/wp\/v2\/users\/11"}],"replies":[{"embeddable":true,"href":"https:\/\/www.meydan.tv\/az\/wp-json\/wp\/v2\/comments?post=191200"}],"version-history":[{"count":0,"href":"https:\/\/www.meydan.tv\/az\/wp-json\/wp\/v2\/posts\/191200\/revisions"}],"wp:featuredmedia":[{"embeddable":true,"href":"https:\/\/www.meydan.tv\/az\/wp-json\/wp\/v2\/media\/48901"}],"wp:attachment":[{"href":"https:\/\/www.meydan.tv\/az\/wp-json\/wp\/v2\/media?parent=191200"}],"wp:term":[{"taxonomy":"category","embeddable":true,"href":"https:\/\/www.meydan.tv\/az\/wp-json\/wp\/v2\/categories?post=191200"},{"taxonomy":"post_tag","embeddable":true,"href":"https:\/\/www.meydan.tv\/az\/wp-json\/wp\/v2\/tags?post=191200"}],"curies":[{"name":"wp","href":"https:\/\/api.w.org\/{rel}","templated":true}]}}