{"id":191191,"date":"2018-08-09T03:30:53","date_gmt":"2018-08-09T03:30:53","guid":{"rendered":"https:\/\/www.meydan.tv\/article\/dovletimizin-daxili-dusmenleri\/"},"modified":"2018-08-09T03:30:53","modified_gmt":"2018-08-09T03:30:53","slug":"dovletimizin-daxili-dusmenleri","status":"publish","type":"post","link":"https:\/\/www.meydan.tv\/az\/article\/dovletimizin-daxili-dusmenleri\/","title":{"rendered":"D\u00f6vl\u0259timizin daxili d\u00fc\u015fm\u0259nl\u0259ri"},"content":{"rendered":"<figure class=\"wp-block-image size-large\">\n  <img decoding=\"async\" src=\"https:\/\/www.meydan.tv\/az\/zerdust-elizade-12\/\" alt=\"Z\u0259rd\u00fc\u015ft \u018flizad\u0259\" class=\"wp-image-81375\"\/><figcaption>\n    Z\u0259rd\u00fc\u015ft \u018flizad\u0259<br \/>\n  <\/figcaption><\/figure>\n<p>\n  R\u0259smi t\u0259bli\u011fat xalq\u0131 d\u00f6vl\u0259ti sevm\u0259y\u0259 \u00e7a\u011f\u0131r\u0131r. D\u00f6vl\u0259t cihaz\u0131 il\u0259 toqqu\u015fmam\u0131\u015f, ba\u015f\u0131-b\u0259d\u0259ni bu toqqu\u015fmada z\u0259d\u0259l\u0259nm\u0259mi\u015f v\u0259t\u0259nda\u015f d\u00f6vl\u0259ti sevm\u0259y\u0259 \u00e7al\u0131\u015f\u0131r.\n<\/p>\n<p>\n  B\u0259zi sad\u0259l\u00f6vh v\u0259t\u0259nda\u015flar h\u0259tta bu d\u00f6vl\u0259ti sevm\u0259yi bacar\u0131r da! Onunla f\u0259xr edir, torpa\u011f\u0131 u\u011frunda \u00f6z\u00fc v\u0259 \u00f6vlad\u0131 can\u0131ndan da ke\u00e7ir.\n<\/p>\n<p>\n  D\u00f6vl\u0259t v\u0259 onun cihaz\u0131 il\u0259 toqqu\u015fana q\u0259d\u0259r&#8230;\n<\/p>\n<p>\n  Toqqu\u015fandan sonra is\u0259 \u00e7ar\u0259siz v\u0259t\u0259nda\u015flar\u0131n n\u0259sibi olur bu d\u00f6vl\u0259t\u0259 l\u0259n\u0259t ya\u011fd\u0131rmaq, nifr\u0259t b\u0259sl\u0259m\u0259k, ba\u015f\u0131n\u0131 g\u00f6t\u00fcr\u00fcb q\u00fcrb\u0259t\u0259 \u00fcz tutmaq&#8230; Yunis S\u0259f\u0259rov kimi \u00e7ar\u0259 tapanlara is\u0259 g\u00fcll\u0259 atmaq.\n<\/p>\n<p>\n  S\u0131ravi v\u0259t\u0259nda\u015f\u0131n d\u00f6vl\u0259t qulluq\u00e7ular\u0131na qar\u015f\u0131 onlar\u0131n \u0259dal\u0259tsiz v\u0259 h\u0259yas\u0131z \u0259m\u0259ll\u0259ri m\u00fcqabilind\u0259 hans\u0131sa zorak\u0131l\u0131q t\u00f6r\u0259tm\u0259sinin t\u0259m\u0259lind\u0259 h\u0259min bu d\u00f6vl\u0259t qulluq\u00e7usunun Az\u0259rbaycan Respublikas\u0131n\u0131n Konstitusiyas\u0131na zamin olan m\u00f6ht\u0259r\u0259m Prezident c\u0259nablar\u0131 t\u0259r\u0259find\u0259n vaxt\u0131nda laz\u0131mi qulaqburmas\u0131 almamas\u0131, v\u0259t\u0259nda\u015flar\u0131n d\u00f6vl\u0259t\u0259 t\u0259sir imkanlar\u0131n\u0131n s\u0131fra endirilm\u0259si durur.\n<\/p>\n<p>\n  Dem\u0259k ist\u0259yir\u0259m ki, \u0259g\u0259r Elmar V\u0259liyevd\u0259n Prezident Administrasiyas\u0131na G\u0259nc\u0259d\u0259n sel kimi g\u0259l\u0259n \u015fikay\u0259t \u0259riz\u0259l\u0259rinin he\u00e7 olmasa onda biri Prezident\u0259 \u00e7atd\u0131r\u0131lsayd\u0131 v\u0259 izah edils\u0259ydi ki, bu qaba m\u0259murun ipi \u00e7\u0259kilm\u0259s\u0259, n\u00f6vb\u0259ti hadis\u0259 sui-q\u0259sd olacaq v\u0259 \u0259g\u0259r m\u00f6ht\u0259r\u0259m c\u0259nablar\u0131 bu izahat\u0131 n\u0259z\u0259r\u0259 al\u0131b icra ba\u015f\u00e7\u0131s\u0131na he\u00e7 olmasa t\u00f6hm\u0259t vers\u0259ydi, cox g\u00fcman ki, Elmar m\u00fc\u0259llim bu g\u00fcn h\u0259l\u0259 d\u0259 sa\u011f v\u0259 s\u0259lam\u0259t \u00f6z v\u0259zif\u0259sini icra ed\u0259c\u0259kdi. Sad\u0259c\u0259 bir az har\u0131nl\u0131q v\u0259 qabal\u0131q pay\u0131n\u0131 azaldacaqd\u0131.\n<\/p>\n<p>\n  \u00c7atd\u0131rmad\u0131lar, izah etm\u0259dil\u0259r, ac\u0131qlanmad\u0131, t\u00f6hm\u0259t verm\u0259di, g\u00fcll\u0259 at\u0131ld\u0131 v\u0259 G\u0259nc\u0259y\u0259 \u00e7axna\u015fma d\u00fc\u015fd\u00fc. Ortada h\u0259l\u0259lik be\u015f meyid var, Allah davam\u0131ndan qorusun.\n<\/p>\n<p>\n  Bu v\u0259ziyy\u0259t\u0259 g\u00f6r\u0259 m\u0259suliyy\u0259t da\u015f\u0131yanlardan v\u0259 ya m\u0259suliyy\u0259td\u0259n qa\u00e7ma\u011fa \u00e7al\u0131\u015fanlardan soru\u015fmaq ist\u0259yir\u0259m: bunumu ist\u0259yirdiniz? N\u0259 \u00fc\u00e7\u00fcn sizinl\u0259 insan dilind\u0259 dan\u0131\u015fanlar\u0131 anlamaq ist\u0259mirsiniz? N\u0259 \u00fc\u00e7\u00fcn adi v\u0259t\u0259nda\u015f\u0131 har\u0131n v\u0259 qaba m\u0259murun aya\u011f\u0131na verirsiniz? Anlay\u0131ram ki, pula g\u00f6r\u0259 bunu edirsiniz. Lakin m\u0259n yen\u0259 soru\u015furam: qorxmursunuz?\n<\/p>\n<p>\n  \u00c7ar Nikolay qorxmurdu, \u0259l-Q\u0259zzafi qorxmurdu, S\u0259ddam he\u00e7 qorxmurdu, kommunistl\u0259r anlam\u0131rd\u0131&#8230;\n<\/p>\n<p>\n  Bu d\u00f6vl\u0259tin t\u0259m\u0259lini Ulu \u00f6nd\u0259r nec\u0259 qoyubsa, onu he\u00e7 c\u00fcr m\u0259d\u0259ni v\u0259 s\u0259m\u0259r\u0259li bir \u015f\u0259kil\u0259 salmaq m\u00fcmk\u00fcn olmur. Quba i\u011fti\u015fa\u015f\u0131, \u0130smay\u0131ll\u0131 i\u011fti\u015fa\u015f\u0131, ard\u0131nca G\u0259nc\u0259 i\u011fti\u015fa\u015f\u0131&#8230;\n<\/p>\n<p>\n  Hakimiyy\u0259t n\u0259 is\u0259 anlad\u0131m\u0131, ibr\u0259t g\u00f6t\u00fcrd\u00fcm\u00fc? \u018fsla, yox. G\u00f6r\u00fcn\u00fcr, n\u00f6vb\u0259 Bak\u0131n\u0131nd\u0131r. \u018fhalisinin say\u0131 d\u00f6rd milyona \u00e7atan Bak\u0131n\u0131n. Hans\u0131 Daxili Qo\u015funlar Bak\u0131n\u0131 ram ed\u0259c\u0259k, vuracaq, \u0259z\u0259c\u0259k, g\u00fcll\u0259l\u0259y\u0259c\u0259k? Hakimiyy\u0259t Bak\u0131da 20 Yanvar cinay\u0259tini t\u0259krar edib Qorba\u00e7ovun fa\u015fist \u0259m\u0259ll\u0259rin\u0259 b\u0259ra\u0259tmi verm\u0259k ist\u0259yir?\n<\/p>\n<p>\n  Kimin namin\u0259? O\u011fru, d\u0259l\u0259duz, har\u0131n v\u0259 h\u0259yas\u0131z m\u0259mur t\u0259b\u0259q\u0259sinin maddi maraqlar\u0131 namin\u0259. Bu maddi maraqlar namin\u0259 d\u00f6vl\u0259t cihaz\u0131 h\u0259r g\u00fcn, h\u0259r saat minl\u0259rl\u0259 v\u0259t\u0259nda\u015f\u0131n b\u00fct\u00fcn h\u00fcquqlar\u0131n\u0131 h\u0259yas\u0131zl\u0131qla pozur v\u0259 tapdalay\u0131r.<br \/>\n  <br \/>\n  V\u0259t\u0259nda\u015fa qal\u0131r d\u00f6vl\u0259t\u0259 l\u0259n\u0259t oxumaq, nifr\u0259t b\u0259sl\u0259m\u0259k, ya c\u0259lai-v\u0259t\u0259n olmaq, ya da qisas \u00fc\u00e7\u00fcn f\u00fcrs\u0259t g\u00f6zl\u0259m\u0259k.\n<\/p>\n<p>\n  20 ya\u015f\u0131mdan, y\u0259ni yar\u0131m \u0259srdir Siyavu\u015f Dada\u015f\u0131 tan\u0131y\u0131ram. Nadir m\u0259d\u0259niyy\u0259t v\u0259 bilik sahibi \u00f6z elm d\u00fcnyas\u0131nda ya\u015fay\u0131r, karyera, \u015f\u00f6hr\u0259t v\u0259 z\u0259nginlikl\u0259 \u0259sla maraqlanm\u0131r. Professor memar \u0130n\u015faat \u0130nstitutunda d\u0259rs deyir v\u0259 elmi kitablar yaz\u0131r. Dahi Xudu M\u0259mm\u0259dovun yetirm\u0259si Az\u0259rbaycan\u0131n miniat\u00fcr s\u0259n\u0259tinin n\u0259z\u0259riyy\u0259si, memarl\u0131\u011f\u0131n n\u0259z\u0259ri qavranmas\u0131 bar\u0259d\u0259 iki kitab yaz\u0131b v\u0259 n\u0259\u015fr edib&#8230; \u0130ndi \u00fc\u00e7\u00fcnc\u00fc kitabn\u0131 yaz\u0131r, t\u00fcrk xal\u00e7a s\u0259n\u0259tinin n\u0259z\u0259ri qavranmas\u0131 bar\u0259sind\u0259 olacaq. He\u00e7 n\u0259y\u0259 iddia etmir, o q\u0259d\u0259r z\u0259ngin daxili d\u00fcnyas\u0131 var ki, n\u0259 t\u0259ltif\u0259, n\u0259 t\u0259rif\u0259 ehtiyac\u0131 var.\n<\/p>\n<p>\n  M\u0259nc\u0259, v\u0259t\u0259nini v\u0259 xalq\u0131n\u0131 sev\u0259n d\u00f6vl\u0259t Siyavu\u015f Dada\u015f\u0131 milli s\u0259rv\u0259t elan edib onu g\u00f6yl\u0259r\u0259 qald\u0131rmal\u0131yd\u0131, onun kitablar\u0131n\u0131 d\u00fcnya dill\u0259rin\u0259 t\u0259rc\u00fcm\u0259 v\u0259 \u00e7ap etm\u0259liydi, onu m\u00fcst\u0259sna qay\u011f\u0131 il\u0259 \u0259hat\u0259 etm\u0259liydi, ax\u0131 professor nadir az\u0259rbaycanl\u0131 aliml\u0259rd\u0259ndir ki, \u00f6z\u00fcn\u00fcn d\u00fcnyada b\u0259nz\u0259rsiz n\u0259z\u0259riyy\u0259si var.\n<\/p>\n<p>\n  Siyavu\u015f m\u00fc\u0259llim Dada\u015f deyil, Dada\u015fyan olsayd\u0131, indi b\u00fct\u00fcn d\u00fcnya ondan, onun n\u0259z\u0259riyy\u0259l\u0259rind\u0259n dan\u0131\u015fard\u0131. Lakin Siyavu\u015f Dada\u015f az\u0259rbaycanl\u0131d\u0131r, bizim d\u00f6vl\u0259t is\u0259 dollar v\u0259 avrodan savay\u0131 he\u00e7 n\u0259yi sevmir.\n<\/p>\n<p>\n  K\u00f6kl\u00fc bak\u0131l\u0131 Siyavu\u015f Dada\u015f Akademik Dram Teatr\u0131n\u0131n arxas\u0131nda babadanqalma ikim\u0259rt\u0259b\u0259li evind\u0259 ya\u015fay\u0131rd\u0131. D\u00f6vl\u0259t onun evini s\u00f6k\u00fcb \u0259v\u0259zind\u0259 ona r\u0259smi s\u0259n\u0259d \u0259sas\u0131nda xeyli pul \u00f6d\u0259di. D\u00fcnyan\u0131n h\u0259ll\u0259m-q\u0259ll\u0259m i\u015fl\u0259rind\u0259n tam bix\u0259b\u0259r professor \u00fcz tutdu \u201cYevropa-Nyu\u201d rieltor \u015firk\u0259tin\u0259, bu \u015firk\u0259t d\u0259 ona bir ne\u00e7\u0259 m\u0259nzil g\u00f6st\u0259rdi v\u0259 n\u0259hay\u0259td\u0259 professorun ail\u0259si Yasamal rayonunda Vergil\u0259r Nazirliyind\u0259n bir az a\u015fa\u011f\u0131da yerl\u0259\u015f\u0259n bir binada d\u00f6rdotaql\u0131 m\u0259nzili b\u0259y\u0259ndi. M\u0259nzilin sahibi Ba\u011f\u0131rov \u00c7ingiz Cavad o\u011flu bir maliyy\u0259 aray\u0131\u015f\u0131 yazd\u0131 ki, professordan 165 min manat (h\u0259min vaxt 220 min AB\u015e dollar\u0131) al\u0131b, \u00f6z m\u0259nzilini sat\u0131r ona, rieltor \u015firk\u0259tinin h\u00fcquq\u015f\u00fcnas\u0131 da \u015firk\u0259tin m\u00f6h\u00fcr\u00fcn\u00fc alq\u0131-satq\u0131 s\u0259n\u0259din\u0259 vurub imzas\u0131n\u0131 atd\u0131 v\u0259 \u201cXeyirli olsun\u201d dedi. Professor orderi soru\u015fanda ona izah etdil\u0259r ki, bina kooperativdir, Bak\u0131 \u015e\u0259h\u0259r \u0130cra Hakimiyy\u0259ti onu \u201ctan\u0131m\u0131r\u201d v\u0259 buna g\u00f6r\u0259 binadak\u0131 m\u0259nzill\u0259r\u0259 order vermirl\u0259r, lakin h\u0259r \u015fey t\u0259dric\u0259n d\u00fcz\u0259l\u0259c\u0259k. Professor e\u015fitmi\u015fdi ki, bel\u0259 v\u0259ziyy\u0259t Bak\u0131da \u0259sla nadir deyil, odur ki, duyuq d\u00fc\u015fm\u0259di.\n<\/p>\n<p>\n  Onu kooperativ\u0259 \u00fczv q\u0259bul edib ke\u00e7mi\u015f ev sahibini \u00fczvl\u00fckd\u0259n \u00e7\u0131xaranda professorun xatirc\u0259mliyi bir az da artd\u0131.<br \/>\n  <br \/>\n  Professor sevinc\u0259k k\u00f6\u00e7d\u00fc bu m\u0259nzil\u0259 v\u0259 onu z\u00f6vql\u0259 b\u0259z\u0259yib xan\u0131m\u0131 v\u0259 o\u011flu il\u0259 ba\u015flad\u0131 orada \u015fad v\u0259 x\u00fcrr\u0259m ya\u015fama\u011fa. \u00dc\u00e7 il ya\u015fayandan sonra onun qap\u0131s\u0131n\u0131 bir ki\u015fi d\u00f6yd\u00fc v\u0259 dedi ki, \u201c\u00e7\u0131x m\u0259nim m\u0259nzilimd\u0259n\u201d.\n<\/p>\n<p>\n  M\u0259lum oldu ki, h\u0259min bina Bak\u0131 \u015e\u0259h\u0259r \u0130cra Hakimiyy\u0259tinin (B\u015e\u0130H) i\u015f\u00e7il\u0259ri \u00fc\u00e7\u00fcn tikilm\u0259y\u0259 ba\u015flayanda bu ki\u015finin m\u0259rhum atas\u0131 Babayev Mikay\u0131l orada m\u00fchasib i\u015fl\u0259yirmi\u015f. Ev haz\u0131r olandan sonra Babayevl\u0259r ail\u0259si bu m\u0259nzild\u0259 ya\u015fam\u0131\u015f, 2010-cu ild\u0259 is\u0259 sahibliy\u0259 iddia ed\u0259n o\u011ful Babayev Ruslan\u0131n \u0259riz\u0259sind\u0259 utancaql\u0131qla qeyd edildiyi kimi, \u201cdig\u0259r m\u0259nzil\u0259\u201d k\u00f6\u00e7m\u00fc\u015fd\u00fcr. 2010-cu ild\u0259n 2017-ci il\u0259 kimi n\u0259 bu ki\u015fi, n\u0259 d\u0259 onun ail\u0259 \u00fczvl\u0259ri bu m\u0259nzild\u0259 kimin ya\u015famas\u0131 il\u0259 maraqlanmay\u0131blar. Yaln\u0131z 2017-ci ild\u0259, kooperativin s\u0259dri h\u0259bs edildikd\u0259n sonra \u201cay\u0131l\u0131b\u201d \u00f6z m\u0259nzill\u0259rin\u0259 \u201cba\u015f \u00e7\u0259km\u0259k\u201d ist\u0259y\u0259nd\u0259 bilibl\u0259r ki, d\u0259l\u0259duzluqda su\u00e7lanan kooperativ s\u0259dri onlar\u0131n m\u0259nzilini hans\u0131sa professor Siyavu\u015f Dada\u015fa sat\u0131b. S\u0259dr art\u0131q saxlan\u0131l\u0131b. Ba\u015f Prokuroluq n\u0259zdind\u0259 Korrupsiyaya Qar\u015f\u0131 M\u00fcbariz\u0259 \u0130dar\u0259si qanunsuz olaraq 15 (on be\u015f) m\u0259nzili satm\u0131\u015f M\u0259mm\u0259dov Emil Eldar o\u011flunu h\u0259bs edib. Deyil\u0259n\u0259 g\u00f6r\u0259, onun xalqdan \u00e7ald\u0131\u011f\u0131 pulun m\u0259bl\u0259\u011fi bir ne\u00e7\u0259 milyonu \u00f6t\u00fcr, odur ki, h\u00fcquq-m\u00fchafiz\u0259 qurumlar\u0131 onunla milyon\u00e7uya layiq olan h\u00f6rm\u0259tl\u0259 davran\u0131rlar.\n<\/p>\n<p>\n  S\u00f6zs\u00fcz ki, bu i\u015fd\u0259 m\u00fct\u0259\u015f\u0259kkil d\u0259l\u0259duzluq dan\u0131lmazd\u0131r v\u0259 m\u0259nim r\u0259yim\u0259 g\u00f6r\u0259, 7 il \u00f6z m\u0259nzili il\u0259 \u201cmaraqlanmayan\u201d ev sahibi Ruslan\u0131n bu \u015f\u0259b\u0259k\u0259d\u0259 i\u015ftirak\u0131 istisna deyil. \u0130stisna deyil, lakin bu ba\u011fl\u0131l\u0131\u011f\u0131 s\u00fcbut etm\u0259k he\u00e7 k\u0259s\u0259, n\u0259 m\u0259hk\u0259m\u0259y\u0259, n\u0259 d\u0259 istintaqa maraql\u0131 deyil.\n<\/p>\n<p>\n  Bu, professor Siyavu\u015f Dada\u015fa maraql\u0131d\u0131r, lakin o, x\u0259fiyy\u0259 deyil v\u0259 sad\u0259l\u00f6vhl\u00fckl\u0259 d\u00f6vl\u0259tin himay\u0259sin\u0259 \u00fcmid edir. M\u0259n is\u0259 d\u00fc\u015f\u00fcn\u00fcr\u0259m ki, cox \u0259b\u0259s yer\u0259. Zira bu d\u00f6vl\u0259t vicdanl\u0131 v\u0259t\u0259nda\u015flar\u0131 daim o\u011fru v\u0259 d\u0259l\u0259duzlar\u0131n aya\u011f\u0131na verir.\n<\/p>\n<p>\n  \u0130ndi evin orderli sahibi m\u0259hk\u0259m\u0259d\u0259n t\u0259l\u0259b edib ki, onun qanuni m\u00fclkiyy\u0259tinin qaytar\u0131lmas\u0131 t\u0259min edilsin. Yasamal rayon v\u0259 Bak\u0131 Apelyasiya m\u0259hk\u0259m\u0259l\u0259ri bu iddian\u0131n t\u0259min edilm\u0259si \u00fc\u00e7\u00fcn m\u00fcsb\u0259t q\u0259rar q\u0259bul edibl\u0259r.\n<\/p>\n<p>\n  Professor Siyavu\u015f Dada\u015f Ali M\u0259hk\u0259m\u0259y\u0259 \u00fcmid edir.\n<\/p>\n<p>\n  Memarl\u0131\u011f\u0131, o, m\u0259nd\u0259n y\u00fcz d\u0259f\u0259 yax\u015f\u0131 bilir. Lakin m\u0259n d\u0259 n\u0259yi is\u0259 ondan yax\u015f\u0131 bilir\u0259m. Hakimiyy\u0259td\u0259kil\u0259ri ondan daha yax\u015f\u0131 tan\u0131d\u0131\u011f\u0131m \u00fc\u00e7\u00fcn bel\u0259 \u00f6nc\u0259g\u00f6rm\u0259y\u0259 c\u0259sar\u0259tim \u00e7at\u0131r ki, Ali M\u0259hk\u0259m\u0259 d\u0259 professorun \u0259leyhin\u0259 q\u0259rar ver\u0259c\u0259k. 76 ya\u015fl\u0131 m\u00f6ht\u0259r\u0259m professoru, onun xan\u0131m\u0131n\u0131 v\u0259 o\u011flunu 220 min dollara ald\u0131qlar\u0131 m\u0259nzild\u0259n \u00e7\u00f6l\u0259 atacaqlar. Bundan sonra 7 il qeyb\u0259 \u00e7\u0259kilmi\u015f m\u0259nzil sahibi ya \u00f6z\u00fc oraya k\u00f6\u00e7\u0259c\u0259k, ya da, xatadan uzaq, onu d\u00fcbar\u0259 sat\u0131b vicdans\u0131z d\u0259l\u0259duzlar \u00fc\u00e7\u00fcn behi\u015ft m\u00fchiti yaratm\u0131\u015f h\u00f6kum\u0259timiz\u0259 alq\u0131\u015f dey\u0259c\u0259k.\n<\/p>\n<p>\n  N\u0259 \u00fc\u00e7\u00fcn m\u0259n d\u0259l\u0259duzluq m\u0259s\u0259l\u0259sind\u0259 onun qurban\u0131 olmu\u015f minl\u0259rl\u0259 sad\u0259l\u00f6vh v\u0259t\u0259nda\u015f\u0131 deyil, ilk n\u00f6vb\u0259d\u0259, d\u00f6vl\u0259ti (oxu \u2013 onu idar\u0259 ed\u0259nl\u0259ri) m\u00fcq\u0259ssir say\u0131ram? \u00c7ox sad\u0259 s\u0259b\u0259b\u0259 g\u00f6r\u0259: m\u0259hz d\u00f6vl\u0259t \u00f6z olan v\u0259 olmayan qanunlar\u0131 il\u0259 d\u0259d\u0259duzluq \u00fc\u00e7\u00fcn m\u00fcnbit z\u0259min yaratm\u0131\u015fd\u0131r.\n<\/p>\n<p>\n  Qanunun aliliyi h\u00f6km s\u00fcr\u0259n d\u00f6vl\u0259tl\u0259rd\u0259 bel\u0259 d\u0259l\u0259duzluq m\u00fcmk\u00fcn deyil. Uza\u011fa getm\u0259y\u0259k, qon\u015fu G\u00fcrc\u00fcstanda r\u0259smi d\u00f6vl\u0259t qeydiyyat\u0131ndan ke\u00e7m\u0259mi\u015f he\u00e7 n\u0259, n\u0259 torpaq sah\u0259si, n\u0259 d\u0259 ev v\u0259 ya m\u0259nzil sat\u0131la bilm\u0259z. M\u0259nzil almaq ist\u0259yirs\u0259n, b\u0259y\u0259nmis\u0259n, buyur, gir \u0130nternetd\u0259 as\u0131lm\u0131\u015f d\u00f6vl\u0259t qeydiyyat\u0131na, orada m\u0259nzilin, evin v\u0259 torpa\u011f\u0131n qanuni sahibi, onun statusu g\u00f6st\u0259rilir. Bu olmasa, bir kvadratmetr m\u0259nzil v\u0259 torpaq sat\u0131la v\u0259 al\u0131na bilm\u0259z.\n<\/p>\n<p>\n  Bizd\u0259 is\u0259 d\u0259l\u0259duzlar\u0131 himay\u0259 ed\u0259n d\u00f6vl\u0259t idar\u0259\u00e7il\u0259ri q\u0259sd\u0259n d\u0259r\u0259b\u0259ylik m\u00fchiti yarad\u0131b. B\u015e\u0130H \u00e7oxm\u0259rt\u0259b\u0259li binalar\u0131 \u201ctan\u0131m\u0131r\u201d, F\u00f6vq\u0259lad\u0259 Hallar Nazirliyi haz\u0131r binalara hans\u0131sa aray\u0131\u015f\u0131 vermir, buna g\u00f6r\u0259 binalar on ill\u0259rl\u0259 qazs\u0131z qal\u0131r, D\u0130N m\u00fcst\u0259ntiql\u0259ri banklara girov qoyulmu\u015f m\u0259nzill\u0259rin \u201cinstintaq i\u015fi\u201dni ill\u0259rl\u0259 \u201capar\u0131r\u201d ki, onlara \u00e7atas\u0131 \u201cqanuni\u201d haqq\u0131 tikinti \u015firk\u0259tinin sahibind\u0259n qopars\u0131n, m\u0259hk\u0259m\u0259l\u0259r d\u0259l\u0259duzluq biznesind\u0259 i\u015ftirak edib \u00f6z \u201cqazanc\u201d pay\u0131n\u0131 al\u0131r&#8230;\n<\/p>\n<p>\n  X\u00fclas\u0259, \u0259sl Az\u0259rbaycan q\u0259sbkarl\u0131\u011f\u0131 v\u0259 biab\u0131r\u00e7\u0131l\u0131\u011f\u0131 h\u00f6km s\u00fcr\u00fcr. N\u0259tic\u0259d\u0259 is\u0259 uduzan Az\u0259rbaycan v\u0259t\u0259nda\u015f\u0131d\u0131r, onun v\u0259t\u0259n\u0259 inam v\u0259 sevgisidir.\n<\/p>\n<p>\n  Professor Siyavu\u015f Dada\u015f\u0131n v\u0259 d\u0259l\u0259duzlar\u0131n toruna d\u00fc\u015f\u00fcb var-yoxunu itirmi\u015f minl\u0259rl\u0259 sad\u0259 v\u0259t\u0259nda\u015f\u0131n i\u015fin\u0259 baxan hakiml\u0259r bu cinay\u0259t\u0259 \u00e7ox soyuqqanl\u0131 yana\u015f\u0131rlar. Q\u0259ssab k\u0259sil\u0259si qoyuna nec\u0259 yana\u015f\u0131rsa, bizim hakiml\u0259r d\u0259 bu zavall\u0131 v\u0259 k\u00f6m\u0259ksiz Az\u0259rbaycan v\u0259t\u0259nda\u015flar\u0131na eynil\u0259 yana\u015f\u0131rlar. Art\u0131q bir kims\u0259siz qad\u0131n\u0131 bu binada halal puluna ald\u0131\u011f\u0131 m\u0259nzild\u0259n \u00e7\u00f6l\u0259 at\u0131blar. M\u0259hk\u0259m\u0259+d\u0259l\u0259duzlar+B\u015e\u0130H+v\u0259t\u0259nda\u015flar\u0131n h\u00fcquqi cahilliyi konveyeri i\u015fl\u0259yir, n\u00f6vb\u0259d\u0259 onlarla d\u0259l\u0259duzluq qurbanlar\u0131 durur. \u018fmin\u0259m ki, onlar\u0131 da \u00e7\u00f6l\u0259 atacaqlar.\n<\/p>\n<p>\n  D\u00fcnyada he\u00e7 k\u0259s professora v\u0259 onun ail\u0259sin\u0259, y\u00fczl\u0259rl\u0259 v\u0259 minl\u0259rl\u0259 d\u00f6vl\u0259tin himay\u0259 etdiyi d\u0259l\u0259duzluq qurbanlar\u0131na k\u00f6m\u0259k etm\u0259y\u0259c\u0259k, nec\u0259 ki, 600 min qaraba\u011fl\u0131ya he\u00e7 k\u0259s Qaraba\u011f\u0131 qaytarm\u0131r v\u0259 he\u00e7 qaytarmaq niyy\u0259tind\u0259 deyil.\n<\/p>\n<p>\n  <i><br \/>\n    Yaz\u0131 m\u00fc\u0259llifin fikirl\u0259rini \u0259ks etdirir v\u0259 Meydan TV-nin m\u00f6vqeyi il\u0259 \u00fcst-\u00fcst\u0259 d\u00fc\u015fm\u0259y\u0259 bil\u0259r.<br \/>\n  <\/i><\/p>\n","protected":false},"excerpt":{"rendered":"<p>R\u0259smi t\u0259bli\u011fat xalq\u0131 d\u00f6vl\u0259ti sevm\u0259y\u0259 \u00e7a\u011f\u0131r\u0131r<\/p>\n","protected":false},"author":11,"featured_media":81375,"comment_status":"closed","ping_status":"open","sticky":false,"template":"","format":"standard","meta":{"_acf_changed":false,"_sitemap_exclude":false,"_sitemap_priority":"","_sitemap_frequency":"","footnotes":""},"categories":[57],"tags":[],"class_list":["post-191191","post","type-post","status-publish","format-standard","has-post-thumbnail","hentry","category-menim-fikrimce","infinite-scroll-item","generate-columns","tablet-grid-50","mobile-grid-100","grid-parent","grid-33","no-featured-image-padding"],"acf":[],"yoast_head":"<!-- This site is optimized with the Yoast SEO plugin v27.4 - https:\/\/yoast.com\/product\/yoast-seo-wordpress\/ -->\n<title>D\u00f6vl\u0259timizin daxili d\u00fc\u015fm\u0259nl\u0259ri - MEYDAN.TV<\/title>\n<meta name=\"robots\" content=\"index, follow, max-snippet:-1, max-image-preview:large, max-video-preview:-1\" \/>\n<link rel=\"canonical\" href=\"https:\/\/www.meydan.tv\/az\/article\/dovletimizin-daxili-dusmenleri\/\" \/>\n<meta property=\"og:locale\" content=\"az_AZ\" \/>\n<meta property=\"og:type\" content=\"article\" \/>\n<meta property=\"og:title\" content=\"D\u00f6vl\u0259timizin daxili d\u00fc\u015fm\u0259nl\u0259ri - MEYDAN.TV\" \/>\n<meta property=\"og:description\" content=\"R\u0259smi t\u0259bli\u011fat xalq\u0131 d\u00f6vl\u0259ti sevm\u0259y\u0259 \u00e7a\u011f\u0131r\u0131r\" \/>\n<meta property=\"og:url\" content=\"https:\/\/www.meydan.tv\/az\/article\/dovletimizin-daxili-dusmenleri\/\" \/>\n<meta property=\"og:site_name\" content=\"MEYDAN.TV\" \/>\n<meta property=\"article:published_time\" content=\"2018-08-09T03:30:53+00:00\" \/>\n<meta property=\"og:image\" content=\"https:\/\/www.meydan.tv\/wp-content\/uploads\/31837-1095x821.png\" \/>\n\t<meta property=\"og:image:width\" content=\"1095\" \/>\n\t<meta property=\"og:image:height\" content=\"821\" \/>\n\t<meta property=\"og:image:type\" content=\"image\/png\" \/>\n<meta name=\"author\" content=\"user-manager\" \/>\n<meta name=\"twitter:card\" content=\"summary_large_image\" \/>\n<script type=\"application\/ld+json\" class=\"yoast-schema-graph\">{\"@context\":\"https:\\\/\\\/schema.org\",\"@graph\":[{\"@type\":\"Article\",\"@id\":\"https:\\\/\\\/www.meydan.tv\\\/az\\\/article\\\/dovletimizin-daxili-dusmenleri\\\/#article\",\"isPartOf\":{\"@id\":\"https:\\\/\\\/www.meydan.tv\\\/az\\\/article\\\/dovletimizin-daxili-dusmenleri\\\/\"},\"author\":{\"name\":\"user-manager\",\"@id\":\"https:\\\/\\\/www.meydan.tv\\\/az\\\/#\\\/schema\\\/person\\\/10d11eccf6da3662cf5fdab9806ea91a\"},\"headline\":\"D\u00f6vl\u0259timizin daxili d\u00fc\u015fm\u0259nl\u0259ri\",\"datePublished\":\"2018-08-09T03:30:53+00:00\",\"mainEntityOfPage\":{\"@id\":\"https:\\\/\\\/www.meydan.tv\\\/az\\\/article\\\/dovletimizin-daxili-dusmenleri\\\/\"},\"wordCount\":2280,\"publisher\":{\"@id\":\"https:\\\/\\\/www.meydan.tv\\\/az\\\/#organization\"},\"image\":{\"@id\":\"https:\\\/\\\/www.meydan.tv\\\/az\\\/article\\\/dovletimizin-daxili-dusmenleri\\\/#primaryimage\"},\"thumbnailUrl\":\"https:\\\/\\\/www.meydan.tv\\\/wp-content\\\/uploads\\\/31837.png\",\"articleSection\":[\"M\u0259nim Fikrimc\u0259\"],\"inLanguage\":\"az\"},{\"@type\":\"WebPage\",\"@id\":\"https:\\\/\\\/www.meydan.tv\\\/az\\\/article\\\/dovletimizin-daxili-dusmenleri\\\/\",\"url\":\"https:\\\/\\\/www.meydan.tv\\\/az\\\/article\\\/dovletimizin-daxili-dusmenleri\\\/\",\"name\":\"D\u00f6vl\u0259timizin daxili d\u00fc\u015fm\u0259nl\u0259ri - MEYDAN.TV\",\"isPartOf\":{\"@id\":\"https:\\\/\\\/www.meydan.tv\\\/az\\\/#website\"},\"primaryImageOfPage\":{\"@id\":\"https:\\\/\\\/www.meydan.tv\\\/az\\\/article\\\/dovletimizin-daxili-dusmenleri\\\/#primaryimage\"},\"image\":{\"@id\":\"https:\\\/\\\/www.meydan.tv\\\/az\\\/article\\\/dovletimizin-daxili-dusmenleri\\\/#primaryimage\"},\"thumbnailUrl\":\"https:\\\/\\\/www.meydan.tv\\\/wp-content\\\/uploads\\\/31837.png\",\"datePublished\":\"2018-08-09T03:30:53+00:00\",\"breadcrumb\":{\"@id\":\"https:\\\/\\\/www.meydan.tv\\\/az\\\/article\\\/dovletimizin-daxili-dusmenleri\\\/#breadcrumb\"},\"inLanguage\":\"az\",\"potentialAction\":[{\"@type\":\"ReadAction\",\"target\":[\"https:\\\/\\\/www.meydan.tv\\\/az\\\/article\\\/dovletimizin-daxili-dusmenleri\\\/\"]}]},{\"@type\":\"ImageObject\",\"inLanguage\":\"az\",\"@id\":\"https:\\\/\\\/www.meydan.tv\\\/az\\\/article\\\/dovletimizin-daxili-dusmenleri\\\/#primaryimage\",\"url\":\"https:\\\/\\\/www.meydan.tv\\\/wp-content\\\/uploads\\\/31837.png\",\"contentUrl\":\"https:\\\/\\\/www.meydan.tv\\\/wp-content\\\/uploads\\\/31837.png\",\"width\":2732,\"height\":2048,\"caption\":\"Source:\"},{\"@type\":\"BreadcrumbList\",\"@id\":\"https:\\\/\\\/www.meydan.tv\\\/az\\\/article\\\/dovletimizin-daxili-dusmenleri\\\/#breadcrumb\",\"itemListElement\":[{\"@type\":\"ListItem\",\"position\":1,\"name\":\"Ana s\u0259hif\u0259\",\"item\":\"https:\\\/\\\/www.meydan.tv\\\/az\\\/\"},{\"@type\":\"ListItem\",\"position\":2,\"name\":\"M\u0259nim Fikrimc\u0259\",\"item\":\"https:\\\/\\\/www.meydan.tv\\\/az\\\/section\\\/menim-fikrimce\\\/\"},{\"@type\":\"ListItem\",\"position\":3,\"name\":\"D\u00f6vl\u0259timizin daxili d\u00fc\u015fm\u0259nl\u0259ri\"}]},{\"@type\":\"WebSite\",\"@id\":\"https:\\\/\\\/www.meydan.tv\\\/az\\\/#website\",\"url\":\"https:\\\/\\\/www.meydan.tv\\\/az\\\/\",\"name\":\"MEYDAN.TV\",\"description\":\"Meydan TV Az\u0259rbaycan\u0131n media m\u0259kan\u0131ndak\u0131 alternativ s\u0259sidir\",\"publisher\":{\"@id\":\"https:\\\/\\\/www.meydan.tv\\\/az\\\/#organization\"},\"potentialAction\":[{\"@type\":\"SearchAction\",\"target\":{\"@type\":\"EntryPoint\",\"urlTemplate\":\"https:\\\/\\\/www.meydan.tv\\\/az\\\/?s={search_term_string}\"},\"query-input\":{\"@type\":\"PropertyValueSpecification\",\"valueRequired\":true,\"valueName\":\"search_term_string\"}}],\"inLanguage\":\"az\"},{\"@type\":\"Organization\",\"@id\":\"https:\\\/\\\/www.meydan.tv\\\/az\\\/#organization\",\"name\":\"Meydan TV\",\"url\":\"https:\\\/\\\/www.meydan.tv\\\/az\\\/\",\"logo\":{\"@type\":\"ImageObject\",\"inLanguage\":\"az\",\"@id\":\"https:\\\/\\\/www.meydan.tv\\\/az\\\/#\\\/schema\\\/logo\\\/image\\\/\",\"url\":\"https:\\\/\\\/www.meydan.tv\\\/wp-content\\\/uploads\\\/2021\\\/07\\\/meydan-logo.svg\",\"contentUrl\":\"https:\\\/\\\/www.meydan.tv\\\/wp-content\\\/uploads\\\/2021\\\/07\\\/meydan-logo.svg\",\"width\":195,\"height\":46,\"caption\":\"Meydan TV\"},\"image\":{\"@id\":\"https:\\\/\\\/www.meydan.tv\\\/az\\\/#\\\/schema\\\/logo\\\/image\\\/\"}},{\"@type\":\"Person\",\"@id\":\"https:\\\/\\\/www.meydan.tv\\\/az\\\/#\\\/schema\\\/person\\\/10d11eccf6da3662cf5fdab9806ea91a\",\"name\":\"user-manager\"}]}<\/script>\n<!-- \/ Yoast SEO plugin. -->","yoast_head_json":{"title":"D\u00f6vl\u0259timizin daxili d\u00fc\u015fm\u0259nl\u0259ri - MEYDAN.TV","robots":{"index":"index","follow":"follow","max-snippet":"max-snippet:-1","max-image-preview":"max-image-preview:large","max-video-preview":"max-video-preview:-1"},"canonical":"https:\/\/www.meydan.tv\/az\/article\/dovletimizin-daxili-dusmenleri\/","og_locale":"az_AZ","og_type":"article","og_title":"D\u00f6vl\u0259timizin daxili d\u00fc\u015fm\u0259nl\u0259ri - MEYDAN.TV","og_description":"R\u0259smi t\u0259bli\u011fat xalq\u0131 d\u00f6vl\u0259ti sevm\u0259y\u0259 \u00e7a\u011f\u0131r\u0131r","og_url":"https:\/\/www.meydan.tv\/az\/article\/dovletimizin-daxili-dusmenleri\/","og_site_name":"MEYDAN.TV","article_published_time":"2018-08-09T03:30:53+00:00","og_image":[{"width":1095,"height":821,"url":"https:\/\/www.meydan.tv\/wp-content\/uploads\/31837-1095x821.png","type":"image\/png"}],"author":"user-manager","twitter_card":"summary_large_image","schema":{"@context":"https:\/\/schema.org","@graph":[{"@type":"Article","@id":"https:\/\/www.meydan.tv\/az\/article\/dovletimizin-daxili-dusmenleri\/#article","isPartOf":{"@id":"https:\/\/www.meydan.tv\/az\/article\/dovletimizin-daxili-dusmenleri\/"},"author":{"name":"user-manager","@id":"https:\/\/www.meydan.tv\/az\/#\/schema\/person\/10d11eccf6da3662cf5fdab9806ea91a"},"headline":"D\u00f6vl\u0259timizin daxili d\u00fc\u015fm\u0259nl\u0259ri","datePublished":"2018-08-09T03:30:53+00:00","mainEntityOfPage":{"@id":"https:\/\/www.meydan.tv\/az\/article\/dovletimizin-daxili-dusmenleri\/"},"wordCount":2280,"publisher":{"@id":"https:\/\/www.meydan.tv\/az\/#organization"},"image":{"@id":"https:\/\/www.meydan.tv\/az\/article\/dovletimizin-daxili-dusmenleri\/#primaryimage"},"thumbnailUrl":"https:\/\/www.meydan.tv\/wp-content\/uploads\/31837.png","articleSection":["M\u0259nim Fikrimc\u0259"],"inLanguage":"az"},{"@type":"WebPage","@id":"https:\/\/www.meydan.tv\/az\/article\/dovletimizin-daxili-dusmenleri\/","url":"https:\/\/www.meydan.tv\/az\/article\/dovletimizin-daxili-dusmenleri\/","name":"D\u00f6vl\u0259timizin daxili d\u00fc\u015fm\u0259nl\u0259ri - MEYDAN.TV","isPartOf":{"@id":"https:\/\/www.meydan.tv\/az\/#website"},"primaryImageOfPage":{"@id":"https:\/\/www.meydan.tv\/az\/article\/dovletimizin-daxili-dusmenleri\/#primaryimage"},"image":{"@id":"https:\/\/www.meydan.tv\/az\/article\/dovletimizin-daxili-dusmenleri\/#primaryimage"},"thumbnailUrl":"https:\/\/www.meydan.tv\/wp-content\/uploads\/31837.png","datePublished":"2018-08-09T03:30:53+00:00","breadcrumb":{"@id":"https:\/\/www.meydan.tv\/az\/article\/dovletimizin-daxili-dusmenleri\/#breadcrumb"},"inLanguage":"az","potentialAction":[{"@type":"ReadAction","target":["https:\/\/www.meydan.tv\/az\/article\/dovletimizin-daxili-dusmenleri\/"]}]},{"@type":"ImageObject","inLanguage":"az","@id":"https:\/\/www.meydan.tv\/az\/article\/dovletimizin-daxili-dusmenleri\/#primaryimage","url":"https:\/\/www.meydan.tv\/wp-content\/uploads\/31837.png","contentUrl":"https:\/\/www.meydan.tv\/wp-content\/uploads\/31837.png","width":2732,"height":2048,"caption":"Source:"},{"@type":"BreadcrumbList","@id":"https:\/\/www.meydan.tv\/az\/article\/dovletimizin-daxili-dusmenleri\/#breadcrumb","itemListElement":[{"@type":"ListItem","position":1,"name":"Ana s\u0259hif\u0259","item":"https:\/\/www.meydan.tv\/az\/"},{"@type":"ListItem","position":2,"name":"M\u0259nim Fikrimc\u0259","item":"https:\/\/www.meydan.tv\/az\/section\/menim-fikrimce\/"},{"@type":"ListItem","position":3,"name":"D\u00f6vl\u0259timizin daxili d\u00fc\u015fm\u0259nl\u0259ri"}]},{"@type":"WebSite","@id":"https:\/\/www.meydan.tv\/az\/#website","url":"https:\/\/www.meydan.tv\/az\/","name":"MEYDAN.TV","description":"Meydan TV Az\u0259rbaycan\u0131n media m\u0259kan\u0131ndak\u0131 alternativ s\u0259sidir","publisher":{"@id":"https:\/\/www.meydan.tv\/az\/#organization"},"potentialAction":[{"@type":"SearchAction","target":{"@type":"EntryPoint","urlTemplate":"https:\/\/www.meydan.tv\/az\/?s={search_term_string}"},"query-input":{"@type":"PropertyValueSpecification","valueRequired":true,"valueName":"search_term_string"}}],"inLanguage":"az"},{"@type":"Organization","@id":"https:\/\/www.meydan.tv\/az\/#organization","name":"Meydan TV","url":"https:\/\/www.meydan.tv\/az\/","logo":{"@type":"ImageObject","inLanguage":"az","@id":"https:\/\/www.meydan.tv\/az\/#\/schema\/logo\/image\/","url":"https:\/\/www.meydan.tv\/wp-content\/uploads\/2021\/07\/meydan-logo.svg","contentUrl":"https:\/\/www.meydan.tv\/wp-content\/uploads\/2021\/07\/meydan-logo.svg","width":195,"height":46,"caption":"Meydan TV"},"image":{"@id":"https:\/\/www.meydan.tv\/az\/#\/schema\/logo\/image\/"}},{"@type":"Person","@id":"https:\/\/www.meydan.tv\/az\/#\/schema\/person\/10d11eccf6da3662cf5fdab9806ea91a","name":"user-manager"}]}},"_links":{"self":[{"href":"https:\/\/www.meydan.tv\/az\/wp-json\/wp\/v2\/posts\/191191","targetHints":{"allow":["GET"]}}],"collection":[{"href":"https:\/\/www.meydan.tv\/az\/wp-json\/wp\/v2\/posts"}],"about":[{"href":"https:\/\/www.meydan.tv\/az\/wp-json\/wp\/v2\/types\/post"}],"author":[{"embeddable":true,"href":"https:\/\/www.meydan.tv\/az\/wp-json\/wp\/v2\/users\/11"}],"replies":[{"embeddable":true,"href":"https:\/\/www.meydan.tv\/az\/wp-json\/wp\/v2\/comments?post=191191"}],"version-history":[{"count":0,"href":"https:\/\/www.meydan.tv\/az\/wp-json\/wp\/v2\/posts\/191191\/revisions"}],"wp:featuredmedia":[{"embeddable":true,"href":"https:\/\/www.meydan.tv\/az\/wp-json\/wp\/v2\/media\/81375"}],"wp:attachment":[{"href":"https:\/\/www.meydan.tv\/az\/wp-json\/wp\/v2\/media?parent=191191"}],"wp:term":[{"taxonomy":"category","embeddable":true,"href":"https:\/\/www.meydan.tv\/az\/wp-json\/wp\/v2\/categories?post=191191"},{"taxonomy":"post_tag","embeddable":true,"href":"https:\/\/www.meydan.tv\/az\/wp-json\/wp\/v2\/tags?post=191191"}],"curies":[{"name":"wp","href":"https:\/\/api.w.org\/{rel}","templated":true}]}}