{"id":191091,"date":"2018-08-01T19:46:30","date_gmt":"2018-08-01T19:46:30","guid":{"rendered":"https:\/\/www.meydan.tv\/article\/mehmanin-yol-ceken-gozu-edliyye-nazirliyinin-arsini\/"},"modified":"2018-08-01T19:46:30","modified_gmt":"2018-08-01T19:46:30","slug":"mehmanin-yol-ceken-gozu-edliyye-nazirliyinin-arsini","status":"publish","type":"post","link":"https:\/\/www.meydan.tv\/az\/article\/mehmanin-yol-ceken-gozu-edliyye-nazirliyinin-arsini\/","title":{"rendered":"Mehman\u0131n yol \u00e7\u0259k\u0259n g\u00f6z\u00fc, \u018fdliyy\u0259 Nazirliyinin ar\u015f\u0131n\u0131"},"content":{"rendered":"<figure class=\"wp-block-image size-large\">\n  <img decoding=\"async\" src=\"https:\/\/www.meydan.tv\/az\/107415\/\" alt=\"\" class=\"wp-image-107415\"\/><figcaption><\/figcaption><\/figure>\n<p>\n  Az\u0259rbaycanda h\u00fcquq orqanlar\u0131nda, el\u0259c\u0259 d\u0259 prezidentd\u0259n \u00fcz\u00fc a\u015fa\u011f\u0131 h\u00f6kum\u0259td\u0259\u00a0 \u00e7al\u0131\u015fanlar\u0131n dilinin \u0259zb\u0259ri olan bir s\u00f6z var: \u201ch\u0259r \u015fey qanun \u00e7\u0259r\u00e7iv\u0259sind\u0259 h\u0259ll olunacaq\u201d. Ancaq bu s\u00f6z\u00fc h\u0259mi\u015f\u0259 \u00f6lk\u0259d\u0259 sistemli hal alan qanunsuzluqlarla ba\u011fl\u0131 suallara cavab ver\u0259nd\u0259 i\u015fl\u0259dirl\u0259r. 2000-ci ild\u0259n \u00f6lk\u0259nin Ba\u015f prokuroru postunu tutan Zakir Qaralovun da bu s\u00f6z \u0259sas silahlar\u0131ndan biridir. Dem\u0259li, hans\u0131sa m\u00fcxalif\u0259t\u00e7ini \u015f\u0259rl\u0259yib tuturlar. He\u00e7 h\u00fcquq anlay\u0131\u015f\u0131n\u0131n n\u0259 oldu\u011funu bilm\u0259y\u0259n birisi d\u0259 adam\u0131n nahaqdan tutuldu\u011funu, \u015f\u0259rl\u0259ndiyini, siqaret bel\u0259 \u00e7\u0259km\u0259y\u0259nin cibin\u0259 narkotik at\u0131ld\u0131\u011f\u0131n\u0131, h\u00fcquq-m\u00fchafiz\u0259 orqanlar\u0131n\u0131n haqs\u0131z oldu\u011funu dey\u0259r. Ancaq m\u0259s\u0259l\u0259 b\u00f6y\u00fcy\u00fcb Zakir Qaralova, lap el\u0259 prezidentin k\u00f6m\u0259k\u00e7isi \u018fli H\u0259s\u0259nova, ba\u015fqa s\u00f6z\u00e7\u00fcl\u0259r\u0259 \u00e7atanda onlar \u201ch\u0259r \u015fey qanun \u00e7\u0259r\u00e7iv\u0259sind\u0259 h\u0259ll olunacaq\u201d dey\u0259c\u0259k. Adam\u0131 he\u00e7 bir qanun g\u00f6zl\u0259m\u0259d\u0259n, daha do\u011frusu, b\u00fct\u00fcn qanunlara t\u00fcp\u00fcr\u0259r\u0259k tutanda bel\u0259 o s\u00f6z ke\u00e7\u0259rlidir.\n<\/p>\n<p>\n  REAL-\u0131n M\u0259clis s\u0259dri Az\u0259r Qas\u0131ml\u0131n\u0131 C\u00fcmhuriy\u0259tin 100 illiyini dostlar\u0131yla birg\u0259 \u015f\u0259h\u0259rd\u0259 bayram etdiyin\u0259 g\u00f6r\u0259 tutdular. Onu Ba\u015f Prokurorlu\u011fa \u00e7a\u011f\u0131r\u0131b oradan da polis\u0259 t\u0259hvil vermi\u015fdil\u0259r. Ancaq Az\u0259r b\u0259y\u0259 ittiham h\u0259min g\u00fcnl\u0259rd\u0259 ke\u00e7m\u0259diyi hans\u0131sa \u201ck\u00fc\u00e7\u0259d\u0259 \u00fcnvans\u0131z s\u00f6y\u00fc\u015f s\u00f6ym\u0259si v\u0259 polisin qanuni \u0259mrin\u0259 tabe olmamas\u0131\u201dyd\u0131. Ke\u00e7m\u0259diyi k\u00fc\u00e7\u0259d\u0259 s\u00f6ym\u0259diyi s\u00f6y\u00fc\u015f\u0259 g\u00f6r\u0259 adam\u0131n c\u0259zaland\u0131r\u0131lmas\u0131na bu \u00f6lk\u0259d\u0259 \u201cqanun\u201d icaz\u0259 verir. S\u0259ni polis ma\u015f\u0131n\u0131na bas\u0131b idar\u0259y\u0259, ordan da yen\u0259 polis ma\u015f\u0131n\u0131nda m\u0259hk\u0259m\u0259y\u0259 apar\u0131rlar. \u018fdal\u0259t qoruyucusu olan m\u0259hk\u0259m\u0259 hakimi d\u0259 veril\u0259n sifari\u015f\u0259 uy\u011fun olaraq, s\u0259nin niy\u0259 m\u0259hk\u0259m\u0259 qar\u015f\u0131s\u0131na \u00e7\u0131xar\u0131ld\u0131\u011f\u0131nla maraqlanmadan h\u00f6km\u00fcn\u00fc verir. \u201cBandotdel\u201dd\u0259n x\u0259sar\u0259tl\u0259rl\u0259 g\u0259tirils\u0259n bel\u0259, hakim o x\u0259sar\u0259tl\u0259ri, a\u015fkar i\u015fg\u0259nc\u0259 izl\u0259rini g\u00f6rm\u0259y\u0259c\u0259k, bunun \u00e7\u0131xar\u0131lacaq q\u0259rara t\u0259siri olmayacaq. Ancaq b\u00fct\u00fcn bu h\u0259r\u0259k\u0259tl\u0259r \u201cqanun \u00e7\u0259r\u00e7iv\u0259sind\u0259\u201d olacaq. K\u00fcrd\u0259xan\u0131ya, Bin\u0259q\u0259diy\u0259, lap el\u0259 \u201cBandotdel\u201d\u0259 apar\u0131lma\u011f\u0131n da&#8230;\n<\/p>\n<p>\n  Bel\u0259 faktlar y\u00fczl\u0259rl\u0259dir. Seymur H\u0259zi etm\u0259diyi xuliqanl\u0131\u011fa, \u0130lkin R\u00fcst\u0259mzad\u0259 etm\u0259diyi cinay\u0259t\u0259, says\u0131z c\u0259bh\u0259\u00e7il\u0259r var ki, etm\u0259diyi h\u0259r\u0259k\u0259tl\u0259r\u0259 g\u00f6r\u0259 h\u0259bs\u0259 at\u0131l\u0131blar, h\u0259bsd\u0259dil\u0259r. Z\u0259f\u0259r \u018fhm\u0259dov kimi&#8230;\n<\/p>\n<p>\n  X\u0259b\u0259r yay\u0131l\u0131b ki, bir qrup jurnalist v\u0259 h\u00fcquq m\u00fcdafi\u0259\u00e7isi Penitensiar Xidm\u0259t\u0259 gedib Mehman H\u00fcseynovun x\u0259st\u0259 anas\u0131yla g\u00f6r\u00fc\u015fm\u0259sin\u0259 \u015f\u0259rait yarad\u0131lmas\u0131n\u0131 bu qurum r\u0259smisind\u0259n xahi\u015f edib. T\u00fcrm\u0259l\u0259r\u0259 n\u0259zar\u0259t\u0259 sorumlu olan Penitensiar Xidm\u0259tin r\u0259smisi Mehman Sad\u0131qov is\u0259 xo\u015fm\u0259raml\u0131 bu qrupu \u0259dliy\u0259 naziri Fikr\u0259t M\u0259mm\u0259dova sar\u0131 y\u00f6n\u0259ldib. Bizim dostlar da an\u0131ndaca \u0259dliyy\u0259 nazirin\u0259 teleqram vurublar. Baxmayaraq ki, Mehman\u0131n v\u0259kill\u0259ri h\u0259l\u0259 iki h\u0259ft\u0259 qabaq t\u00fcrm\u0259 r\u0259hb\u0259rliyin\u0259 v\u0259 Penitensiar Xidm\u0259t\u0259 ox\u015far m\u00fcraci\u0259t etmi\u015fdi. \u00d6t\u0259n h\u0259ft\u0259 el\u0259 bu Mehman Sad\u0131qov m\u00fcraci\u0259tl\u0259r\u0259 cavab olaraq bildirmi\u015fdi ki, m\u0259s\u0259l\u0259y\u0259 \u201cqanun \u00e7\u0259r\u00e7iv\u0259sind\u0259\u201d bax\u0131lacaq. Dostlarla g\u00f6r\u00fc\u015fd\u0259 o, qanunu yox, \u0259dliyy\u0259 nazirini ni\u015fan verib. N\u00f6vb\u0259ti g\u00f6r\u00fc\u015fl\u0259rd\u0259 Mehman m\u00fc\u0259llim, y\u0259qin, barma\u011f\u0131n\u0131 daha yuxar\u0131, prezident \u0130lham \u018fliyev\u0259 tu\u015flayacaq&#8230;\n<\/p>\n<p>\n  Mehman\u0131n anas\u0131 Fir\u0259ngiz xan\u0131m is\u0259 20 g\u00fcn\u0259 yax\u0131nd\u0131r can\u0131yla \u0259ll\u0259\u015fir. Qanun Mehman\u0131n a\u011f\u0131r durumda olan anas\u0131yla g\u00f6r\u00fc\u015fm\u0259sin\u0259 imkan verirs\u0259, burda n\u0259 t\u00fcrm\u0259 r\u0259hb\u0259rliyin\u0259, n\u0259 Penitensiar Xidm\u0259t\u0259, n\u0259 \u0259dliyy\u0259 nazirin\u0259, n\u0259 d\u0259 prezident\u0259 ehtiyac var. C\u00fcnki normal \u00f6lk\u0259l\u0259rd\u0259 qanun adamlardan yuxar\u0131da dayan\u0131r. Bu halda he\u00e7 v\u0259kilin m\u00fcraci\u0259tin\u0259 d\u0259 g\u0259r\u0259k yoxdur. T\u00fcrm\u0259 r\u0259hb\u0259rliyi \u00f6z m\u0259hbusu il\u0259 ba\u011fl\u0131 informasiya alan kimi h\u0259r\u0259k\u0259t\u0259 ke\u00e7m\u0259li, qanuna \u0259m\u0259l edib dusta\u011f\u0131 g\u00f6z\u00fc yolda qalan yax\u0131n\u0131yla g\u00f6r\u00fc\u015f\u0259 g\u00f6nd\u0259rm\u0259lidir&#8230;\n<\/p>\n<p>\n  Ara\u015fd\u0131rma\u00e7\u0131 jurnalist X\u0259dic\u0259 \u0130smay\u0131l\u0131n anas\u0131 T\u00fcrkiy\u0259d\u0259 \u0259m\u0259liyyat olunanda t\u0259xmin\u0259n eyni situasiya idi. X\u0259dic\u0259nin \u00f6lk\u0259d\u0259n \u00e7\u0131x\u0131\u015f\u0131na qada\u011fa var v\u0259 onun h\u0259min vaxt a\u011f\u0131r durumda olan anas\u0131na ba\u015f \u00e7\u0259km\u0259k imkan\u0131 yox idi. X\u0259dic\u0259 \u00f6lk\u0259d\u0259n \u00e7\u0131x\u0131\u015fa qada\u011fan\u0131n g\u00f6t\u00fcr\u00fclm\u0259si \u00fc\u00e7\u00fcn \u018fdliyy\u0259 Nazirliyinin \u0130cra idar\u0259sinin Bin\u0259q\u0259di \u015f\u00f6b\u0259sin\u0259 yaz\u0131l\u0131 m\u00fcraci\u0259t etdi. H\u0259min m\u00fcraci\u0259t\u0259 bilirsinizmi n\u0259 vaxt reaksiya verildi? X\u0259dic\u0259nin anas\u0131 Elmira \u0130smay\u0131lovan\u0131n \u00f6l\u00fcm\u00fcnd\u0259n sonra&#8230;\n<\/p>\n<p>\n  V\u0259kill\u0259r, ictimai f\u0259allar, Mehman\u0131n dostlar\u0131 ne\u00e7\u0259 g\u00fcnd\u00fcr \u00e7arp\u0131\u015f\u0131r, onun a\u011f\u0131r durumda olan anas\u0131yla g\u00f6r\u00fc\u015fm\u0259sin\u0259 \u015f\u0259rait yarad\u0131lmas\u0131 \u00fc\u00e7\u00fcn \u00e7al\u0131\u015f\u0131r, ancaq h\u00f6kum\u0259t qurumlar\u0131 h\u0259l\u0259 d\u0259 i\u015fin \u201cqanun \u00e7\u0259r\u00e7iv\u0259sind\u0259\u201d ara\u015fd\u0131r\u0131laca\u011f\u0131n\u0131 deyir?!.\n<\/p>\n<p>\n  H\u0259r \u015feyin \u201cqanun \u00e7\u0259r\u00e7iv\u0259sind\u0259\u201d \u00e7\u00f6z\u00fclm\u0259sini h\u0259r birimiz ist\u0259yirik, ancaq bax\u0131r qanunu kim hans\u0131 ar\u015f\u0131nla \u00f6l\u00e7\u00fcr&#8230;<\/p>\n","protected":false},"excerpt":{"rendered":"<p>Seymur H\u0259zi etm\u0259diyi xuliqanl\u0131\u011fa, \u0130lkin R\u00fcst\u0259mzad\u0259 etm\u0259diyi cinay\u0259t\u0259, says\u0131z c\u0259bh\u0259\u00e7il\u0259r var ki, etm\u0259diyi h\u0259r\u0259k\u0259tl\u0259r\u0259 g\u00f6r\u0259 h\u0259bs\u0259 at\u0131l\u0131blar, h\u0259bsd\u0259dil\u0259r.<\/p>\n","protected":false},"author":11,"featured_media":107415,"comment_status":"closed","ping_status":"open","sticky":false,"template":"","format":"standard","meta":{"_acf_changed":false,"_sitemap_exclude":false,"_sitemap_priority":"","_sitemap_frequency":"","footnotes":""},"categories":[57],"tags":[],"class_list":["post-191091","post","type-post","status-publish","format-standard","has-post-thumbnail","hentry","category-menim-fikrimce","infinite-scroll-item","generate-columns","tablet-grid-50","mobile-grid-100","grid-parent","grid-33","no-featured-image-padding"],"acf":[],"yoast_head":"<!-- This site is optimized with the Yoast SEO plugin v27.4 - https:\/\/yoast.com\/product\/yoast-seo-wordpress\/ -->\n<title>Mehman\u0131n yol \u00e7\u0259k\u0259n g\u00f6z\u00fc, \u018fdliyy\u0259 Nazirliyinin ar\u015f\u0131n\u0131 - MEYDAN.TV<\/title>\n<meta name=\"robots\" content=\"index, follow, max-snippet:-1, max-image-preview:large, max-video-preview:-1\" \/>\n<link rel=\"canonical\" href=\"https:\/\/www.meydan.tv\/az\/article\/mehmanin-yol-ceken-gozu-edliyye-nazirliyinin-arsini\/\" \/>\n<meta property=\"og:locale\" content=\"az_AZ\" \/>\n<meta property=\"og:type\" content=\"article\" \/>\n<meta property=\"og:title\" content=\"Mehman\u0131n yol \u00e7\u0259k\u0259n g\u00f6z\u00fc, \u018fdliyy\u0259 Nazirliyinin ar\u015f\u0131n\u0131 - MEYDAN.TV\" \/>\n<meta property=\"og:description\" content=\"Seymur H\u0259zi etm\u0259diyi xuliqanl\u0131\u011fa, \u0130lkin R\u00fcst\u0259mzad\u0259 etm\u0259diyi cinay\u0259t\u0259, says\u0131z c\u0259bh\u0259\u00e7il\u0259r var ki, etm\u0259diyi h\u0259r\u0259k\u0259tl\u0259r\u0259 g\u00f6r\u0259 h\u0259bs\u0259 at\u0131l\u0131blar, h\u0259bsd\u0259dil\u0259r.\" \/>\n<meta property=\"og:url\" content=\"https:\/\/www.meydan.tv\/az\/article\/mehmanin-yol-ceken-gozu-edliyye-nazirliyinin-arsini\/\" \/>\n<meta property=\"og:site_name\" content=\"MEYDAN.TV\" \/>\n<meta property=\"article:published_time\" content=\"2018-08-01T19:46:30+00:00\" \/>\n<meta property=\"og:image\" content=\"https:\/\/www.meydan.tv\/wp-content\/uploads\/42645-scaled.jpg\" \/>\n\t<meta property=\"og:image:width\" content=\"2560\" \/>\n\t<meta property=\"og:image:height\" content=\"1706\" \/>\n\t<meta property=\"og:image:type\" content=\"image\/jpeg\" \/>\n<meta name=\"author\" content=\"user-manager\" \/>\n<meta name=\"twitter:card\" content=\"summary_large_image\" \/>\n<script type=\"application\/ld+json\" class=\"yoast-schema-graph\">{\"@context\":\"https:\\\/\\\/schema.org\",\"@graph\":[{\"@type\":\"Article\",\"@id\":\"https:\\\/\\\/www.meydan.tv\\\/az\\\/article\\\/mehmanin-yol-ceken-gozu-edliyye-nazirliyinin-arsini\\\/#article\",\"isPartOf\":{\"@id\":\"https:\\\/\\\/www.meydan.tv\\\/az\\\/article\\\/mehmanin-yol-ceken-gozu-edliyye-nazirliyinin-arsini\\\/\"},\"author\":{\"name\":\"user-manager\",\"@id\":\"https:\\\/\\\/www.meydan.tv\\\/az\\\/#\\\/schema\\\/person\\\/10d11eccf6da3662cf5fdab9806ea91a\"},\"headline\":\"Mehman\u0131n yol \u00e7\u0259k\u0259n g\u00f6z\u00fc, \u018fdliyy\u0259 Nazirliyinin ar\u015f\u0131n\u0131\",\"datePublished\":\"2018-08-01T19:46:30+00:00\",\"mainEntityOfPage\":{\"@id\":\"https:\\\/\\\/www.meydan.tv\\\/az\\\/article\\\/mehmanin-yol-ceken-gozu-edliyye-nazirliyinin-arsini\\\/\"},\"wordCount\":957,\"publisher\":{\"@id\":\"https:\\\/\\\/www.meydan.tv\\\/az\\\/#organization\"},\"image\":{\"@id\":\"https:\\\/\\\/www.meydan.tv\\\/az\\\/article\\\/mehmanin-yol-ceken-gozu-edliyye-nazirliyinin-arsini\\\/#primaryimage\"},\"thumbnailUrl\":\"https:\\\/\\\/www.meydan.tv\\\/wp-content\\\/uploads\\\/42645-scaled.jpg\",\"articleSection\":[\"M\u0259nim Fikrimc\u0259\"],\"inLanguage\":\"az\"},{\"@type\":\"WebPage\",\"@id\":\"https:\\\/\\\/www.meydan.tv\\\/az\\\/article\\\/mehmanin-yol-ceken-gozu-edliyye-nazirliyinin-arsini\\\/\",\"url\":\"https:\\\/\\\/www.meydan.tv\\\/az\\\/article\\\/mehmanin-yol-ceken-gozu-edliyye-nazirliyinin-arsini\\\/\",\"name\":\"Mehman\u0131n yol \u00e7\u0259k\u0259n g\u00f6z\u00fc, \u018fdliyy\u0259 Nazirliyinin ar\u015f\u0131n\u0131 - MEYDAN.TV\",\"isPartOf\":{\"@id\":\"https:\\\/\\\/www.meydan.tv\\\/az\\\/#website\"},\"primaryImageOfPage\":{\"@id\":\"https:\\\/\\\/www.meydan.tv\\\/az\\\/article\\\/mehmanin-yol-ceken-gozu-edliyye-nazirliyinin-arsini\\\/#primaryimage\"},\"image\":{\"@id\":\"https:\\\/\\\/www.meydan.tv\\\/az\\\/article\\\/mehmanin-yol-ceken-gozu-edliyye-nazirliyinin-arsini\\\/#primaryimage\"},\"thumbnailUrl\":\"https:\\\/\\\/www.meydan.tv\\\/wp-content\\\/uploads\\\/42645-scaled.jpg\",\"datePublished\":\"2018-08-01T19:46:30+00:00\",\"breadcrumb\":{\"@id\":\"https:\\\/\\\/www.meydan.tv\\\/az\\\/article\\\/mehmanin-yol-ceken-gozu-edliyye-nazirliyinin-arsini\\\/#breadcrumb\"},\"inLanguage\":\"az\",\"potentialAction\":[{\"@type\":\"ReadAction\",\"target\":[\"https:\\\/\\\/www.meydan.tv\\\/az\\\/article\\\/mehmanin-yol-ceken-gozu-edliyye-nazirliyinin-arsini\\\/\"]}]},{\"@type\":\"ImageObject\",\"inLanguage\":\"az\",\"@id\":\"https:\\\/\\\/www.meydan.tv\\\/az\\\/article\\\/mehmanin-yol-ceken-gozu-edliyye-nazirliyinin-arsini\\\/#primaryimage\",\"url\":\"https:\\\/\\\/www.meydan.tv\\\/wp-content\\\/uploads\\\/42645-scaled.jpg\",\"contentUrl\":\"https:\\\/\\\/www.meydan.tv\\\/wp-content\\\/uploads\\\/42645-scaled.jpg\",\"width\":2560,\"height\":1706,\"caption\":\"Source:\"},{\"@type\":\"BreadcrumbList\",\"@id\":\"https:\\\/\\\/www.meydan.tv\\\/az\\\/article\\\/mehmanin-yol-ceken-gozu-edliyye-nazirliyinin-arsini\\\/#breadcrumb\",\"itemListElement\":[{\"@type\":\"ListItem\",\"position\":1,\"name\":\"Ana s\u0259hif\u0259\",\"item\":\"https:\\\/\\\/www.meydan.tv\\\/az\\\/\"},{\"@type\":\"ListItem\",\"position\":2,\"name\":\"M\u0259nim Fikrimc\u0259\",\"item\":\"https:\\\/\\\/www.meydan.tv\\\/az\\\/section\\\/menim-fikrimce\\\/\"},{\"@type\":\"ListItem\",\"position\":3,\"name\":\"Mehman\u0131n yol \u00e7\u0259k\u0259n g\u00f6z\u00fc, \u018fdliyy\u0259 Nazirliyinin ar\u015f\u0131n\u0131\"}]},{\"@type\":\"WebSite\",\"@id\":\"https:\\\/\\\/www.meydan.tv\\\/az\\\/#website\",\"url\":\"https:\\\/\\\/www.meydan.tv\\\/az\\\/\",\"name\":\"MEYDAN.TV\",\"description\":\"Meydan TV Az\u0259rbaycan\u0131n media m\u0259kan\u0131ndak\u0131 alternativ s\u0259sidir\",\"publisher\":{\"@id\":\"https:\\\/\\\/www.meydan.tv\\\/az\\\/#organization\"},\"potentialAction\":[{\"@type\":\"SearchAction\",\"target\":{\"@type\":\"EntryPoint\",\"urlTemplate\":\"https:\\\/\\\/www.meydan.tv\\\/az\\\/?s={search_term_string}\"},\"query-input\":{\"@type\":\"PropertyValueSpecification\",\"valueRequired\":true,\"valueName\":\"search_term_string\"}}],\"inLanguage\":\"az\"},{\"@type\":\"Organization\",\"@id\":\"https:\\\/\\\/www.meydan.tv\\\/az\\\/#organization\",\"name\":\"Meydan TV\",\"url\":\"https:\\\/\\\/www.meydan.tv\\\/az\\\/\",\"logo\":{\"@type\":\"ImageObject\",\"inLanguage\":\"az\",\"@id\":\"https:\\\/\\\/www.meydan.tv\\\/az\\\/#\\\/schema\\\/logo\\\/image\\\/\",\"url\":\"https:\\\/\\\/www.meydan.tv\\\/wp-content\\\/uploads\\\/2021\\\/07\\\/meydan-logo.svg\",\"contentUrl\":\"https:\\\/\\\/www.meydan.tv\\\/wp-content\\\/uploads\\\/2021\\\/07\\\/meydan-logo.svg\",\"width\":195,\"height\":46,\"caption\":\"Meydan TV\"},\"image\":{\"@id\":\"https:\\\/\\\/www.meydan.tv\\\/az\\\/#\\\/schema\\\/logo\\\/image\\\/\"}},{\"@type\":\"Person\",\"@id\":\"https:\\\/\\\/www.meydan.tv\\\/az\\\/#\\\/schema\\\/person\\\/10d11eccf6da3662cf5fdab9806ea91a\",\"name\":\"user-manager\"}]}<\/script>\n<!-- \/ Yoast SEO plugin. -->","yoast_head_json":{"title":"Mehman\u0131n yol \u00e7\u0259k\u0259n g\u00f6z\u00fc, \u018fdliyy\u0259 Nazirliyinin ar\u015f\u0131n\u0131 - MEYDAN.TV","robots":{"index":"index","follow":"follow","max-snippet":"max-snippet:-1","max-image-preview":"max-image-preview:large","max-video-preview":"max-video-preview:-1"},"canonical":"https:\/\/www.meydan.tv\/az\/article\/mehmanin-yol-ceken-gozu-edliyye-nazirliyinin-arsini\/","og_locale":"az_AZ","og_type":"article","og_title":"Mehman\u0131n yol \u00e7\u0259k\u0259n g\u00f6z\u00fc, \u018fdliyy\u0259 Nazirliyinin ar\u015f\u0131n\u0131 - MEYDAN.TV","og_description":"Seymur H\u0259zi etm\u0259diyi xuliqanl\u0131\u011fa, \u0130lkin R\u00fcst\u0259mzad\u0259 etm\u0259diyi cinay\u0259t\u0259, says\u0131z c\u0259bh\u0259\u00e7il\u0259r var ki, etm\u0259diyi h\u0259r\u0259k\u0259tl\u0259r\u0259 g\u00f6r\u0259 h\u0259bs\u0259 at\u0131l\u0131blar, h\u0259bsd\u0259dil\u0259r.","og_url":"https:\/\/www.meydan.tv\/az\/article\/mehmanin-yol-ceken-gozu-edliyye-nazirliyinin-arsini\/","og_site_name":"MEYDAN.TV","article_published_time":"2018-08-01T19:46:30+00:00","og_image":[{"width":2560,"height":1706,"url":"https:\/\/www.meydan.tv\/wp-content\/uploads\/42645-scaled.jpg","type":"image\/jpeg"}],"author":"user-manager","twitter_card":"summary_large_image","schema":{"@context":"https:\/\/schema.org","@graph":[{"@type":"Article","@id":"https:\/\/www.meydan.tv\/az\/article\/mehmanin-yol-ceken-gozu-edliyye-nazirliyinin-arsini\/#article","isPartOf":{"@id":"https:\/\/www.meydan.tv\/az\/article\/mehmanin-yol-ceken-gozu-edliyye-nazirliyinin-arsini\/"},"author":{"name":"user-manager","@id":"https:\/\/www.meydan.tv\/az\/#\/schema\/person\/10d11eccf6da3662cf5fdab9806ea91a"},"headline":"Mehman\u0131n yol \u00e7\u0259k\u0259n g\u00f6z\u00fc, \u018fdliyy\u0259 Nazirliyinin ar\u015f\u0131n\u0131","datePublished":"2018-08-01T19:46:30+00:00","mainEntityOfPage":{"@id":"https:\/\/www.meydan.tv\/az\/article\/mehmanin-yol-ceken-gozu-edliyye-nazirliyinin-arsini\/"},"wordCount":957,"publisher":{"@id":"https:\/\/www.meydan.tv\/az\/#organization"},"image":{"@id":"https:\/\/www.meydan.tv\/az\/article\/mehmanin-yol-ceken-gozu-edliyye-nazirliyinin-arsini\/#primaryimage"},"thumbnailUrl":"https:\/\/www.meydan.tv\/wp-content\/uploads\/42645-scaled.jpg","articleSection":["M\u0259nim Fikrimc\u0259"],"inLanguage":"az"},{"@type":"WebPage","@id":"https:\/\/www.meydan.tv\/az\/article\/mehmanin-yol-ceken-gozu-edliyye-nazirliyinin-arsini\/","url":"https:\/\/www.meydan.tv\/az\/article\/mehmanin-yol-ceken-gozu-edliyye-nazirliyinin-arsini\/","name":"Mehman\u0131n yol \u00e7\u0259k\u0259n g\u00f6z\u00fc, \u018fdliyy\u0259 Nazirliyinin ar\u015f\u0131n\u0131 - MEYDAN.TV","isPartOf":{"@id":"https:\/\/www.meydan.tv\/az\/#website"},"primaryImageOfPage":{"@id":"https:\/\/www.meydan.tv\/az\/article\/mehmanin-yol-ceken-gozu-edliyye-nazirliyinin-arsini\/#primaryimage"},"image":{"@id":"https:\/\/www.meydan.tv\/az\/article\/mehmanin-yol-ceken-gozu-edliyye-nazirliyinin-arsini\/#primaryimage"},"thumbnailUrl":"https:\/\/www.meydan.tv\/wp-content\/uploads\/42645-scaled.jpg","datePublished":"2018-08-01T19:46:30+00:00","breadcrumb":{"@id":"https:\/\/www.meydan.tv\/az\/article\/mehmanin-yol-ceken-gozu-edliyye-nazirliyinin-arsini\/#breadcrumb"},"inLanguage":"az","potentialAction":[{"@type":"ReadAction","target":["https:\/\/www.meydan.tv\/az\/article\/mehmanin-yol-ceken-gozu-edliyye-nazirliyinin-arsini\/"]}]},{"@type":"ImageObject","inLanguage":"az","@id":"https:\/\/www.meydan.tv\/az\/article\/mehmanin-yol-ceken-gozu-edliyye-nazirliyinin-arsini\/#primaryimage","url":"https:\/\/www.meydan.tv\/wp-content\/uploads\/42645-scaled.jpg","contentUrl":"https:\/\/www.meydan.tv\/wp-content\/uploads\/42645-scaled.jpg","width":2560,"height":1706,"caption":"Source:"},{"@type":"BreadcrumbList","@id":"https:\/\/www.meydan.tv\/az\/article\/mehmanin-yol-ceken-gozu-edliyye-nazirliyinin-arsini\/#breadcrumb","itemListElement":[{"@type":"ListItem","position":1,"name":"Ana s\u0259hif\u0259","item":"https:\/\/www.meydan.tv\/az\/"},{"@type":"ListItem","position":2,"name":"M\u0259nim Fikrimc\u0259","item":"https:\/\/www.meydan.tv\/az\/section\/menim-fikrimce\/"},{"@type":"ListItem","position":3,"name":"Mehman\u0131n yol \u00e7\u0259k\u0259n g\u00f6z\u00fc, \u018fdliyy\u0259 Nazirliyinin ar\u015f\u0131n\u0131"}]},{"@type":"WebSite","@id":"https:\/\/www.meydan.tv\/az\/#website","url":"https:\/\/www.meydan.tv\/az\/","name":"MEYDAN.TV","description":"Meydan TV Az\u0259rbaycan\u0131n media m\u0259kan\u0131ndak\u0131 alternativ s\u0259sidir","publisher":{"@id":"https:\/\/www.meydan.tv\/az\/#organization"},"potentialAction":[{"@type":"SearchAction","target":{"@type":"EntryPoint","urlTemplate":"https:\/\/www.meydan.tv\/az\/?s={search_term_string}"},"query-input":{"@type":"PropertyValueSpecification","valueRequired":true,"valueName":"search_term_string"}}],"inLanguage":"az"},{"@type":"Organization","@id":"https:\/\/www.meydan.tv\/az\/#organization","name":"Meydan TV","url":"https:\/\/www.meydan.tv\/az\/","logo":{"@type":"ImageObject","inLanguage":"az","@id":"https:\/\/www.meydan.tv\/az\/#\/schema\/logo\/image\/","url":"https:\/\/www.meydan.tv\/wp-content\/uploads\/2021\/07\/meydan-logo.svg","contentUrl":"https:\/\/www.meydan.tv\/wp-content\/uploads\/2021\/07\/meydan-logo.svg","width":195,"height":46,"caption":"Meydan TV"},"image":{"@id":"https:\/\/www.meydan.tv\/az\/#\/schema\/logo\/image\/"}},{"@type":"Person","@id":"https:\/\/www.meydan.tv\/az\/#\/schema\/person\/10d11eccf6da3662cf5fdab9806ea91a","name":"user-manager"}]}},"_links":{"self":[{"href":"https:\/\/www.meydan.tv\/az\/wp-json\/wp\/v2\/posts\/191091","targetHints":{"allow":["GET"]}}],"collection":[{"href":"https:\/\/www.meydan.tv\/az\/wp-json\/wp\/v2\/posts"}],"about":[{"href":"https:\/\/www.meydan.tv\/az\/wp-json\/wp\/v2\/types\/post"}],"author":[{"embeddable":true,"href":"https:\/\/www.meydan.tv\/az\/wp-json\/wp\/v2\/users\/11"}],"replies":[{"embeddable":true,"href":"https:\/\/www.meydan.tv\/az\/wp-json\/wp\/v2\/comments?post=191091"}],"version-history":[{"count":0,"href":"https:\/\/www.meydan.tv\/az\/wp-json\/wp\/v2\/posts\/191091\/revisions"}],"wp:featuredmedia":[{"embeddable":true,"href":"https:\/\/www.meydan.tv\/az\/wp-json\/wp\/v2\/media\/107415"}],"wp:attachment":[{"href":"https:\/\/www.meydan.tv\/az\/wp-json\/wp\/v2\/media?parent=191091"}],"wp:term":[{"taxonomy":"category","embeddable":true,"href":"https:\/\/www.meydan.tv\/az\/wp-json\/wp\/v2\/categories?post=191091"},{"taxonomy":"post_tag","embeddable":true,"href":"https:\/\/www.meydan.tv\/az\/wp-json\/wp\/v2\/tags?post=191091"}],"curies":[{"name":"wp","href":"https:\/\/api.w.org\/{rel}","templated":true}]}}