{"id":191088,"date":"2018-08-01T18:56:09","date_gmt":"2018-08-01T18:56:09","guid":{"rendered":"https:\/\/www.meydan.tv\/article\/dovletin-danisiq-dili-mehv-edilmisdir\/"},"modified":"2018-08-01T18:56:09","modified_gmt":"2018-08-01T18:56:09","slug":"dovletin-danisiq-dili-mehv-edilmisdir","status":"publish","type":"post","link":"https:\/\/www.meydan.tv\/az\/article\/dovletin-danisiq-dili-mehv-edilmisdir\/","title":{"rendered":"D\u00f6vl\u0259tin dan\u0131\u015f\u0131q dili: &#8221;M\u0259hv edilmi\u015fdir&#8230;&#8221;"},"content":{"rendered":"<figure class=\"wp-block-image size-large\">\n  <img decoding=\"async\" src=\"https:\/\/www.meydan.tv\/az\/107391\/\" alt=\"\" class=\"wp-image-107391\"\/><figcaption><\/figcaption><\/figure>\n<p>\n  D\u00f6vl\u0259tin v\u0259t\u0259nda\u015flar\u0131n\u0131 m\u0259lumatland\u0131rmaq \u00f6hd\u0259liyi var. Bu \u00f6hd\u0259lik, icraat\u0131nda cinay\u0259t ara\u015fd\u0131rmalar\u0131 olan h\u00fcquq-m\u00fchafiz\u0259 orqanlar\u0131na daha \u00e7ox aiddir. Amma bu m\u0259lumatland\u0131rma \u0259ks\u0259r\u0259n t\u0259qsirsizlik prezumpsiyas\u0131 h\u00fcququ il\u0259 konflikt\u0259 girdiyind\u0259n, publik b\u0259yanatlarda z\u0259ruri ehtiyatl\u0131l\u0131q v\u0259 ifad\u0259l\u0259rin se\u00e7imi m\u00fch\u00fcm rol oynay\u0131r. M\u0259s\u0259l\u0259nin h\u0259ssasl\u0131\u011f\u0131, ara\u015fd\u0131rman\u0131n m\u0259rh\u0259l\u0259sind\u0259n as\u0131l\u0131 olaraq daha qabar\u0131q da n\u0259z\u0259r\u0259 \u00e7arpa bil\u0259r. M\u0259s\u0259l\u0259n, istintaq\u0131n ba\u015flan\u011f\u0131c anlar\u0131 daha m\u00fch\u00fcm \u0259h\u0259miyy\u0259t k\u0259sb etdiyind\u0259n ilkin m\u0259rh\u0259l\u0259d\u0259 veril\u0259n b\u0259yanat(lar), a\u00e7\u0131qlamalar da nisb\u0259t\u0259n daha diqq\u0259tli yana\u015fma t\u0259l\u0259b edir. B\u00fct\u00f6vl\u00fckd\u0259 is\u0259 bu m\u0259lumatlar ara\u015fd\u0131rman\u0131n m\u0259rh\u0259l\u0259sind\u0259n as\u0131l\u0131 olmayaraq h\u0259bs olunanlar\u0131n t\u0259qsirsizlik prezumpsiyas\u0131 h\u00fcququna b\u0259riba\u015fdan x\u0259l\u0259l g\u0259tirm\u0259m\u0259li, onlar\u0131n cinay\u0259t prosesinin sonrak\u0131 b\u00fct\u00fcn gedi\u015fat\u0131 d\u00f6vr\u00fcnd\u0259 \u00f6zl\u0259rini t\u0259qsirsiz hiss etm\u0259k h\u00fcququnu z\u0259d\u0259l\u0259yib, ciddi sual alt\u0131na almamal\u0131d\u0131r. Yoxsa, olacaq h\u00fcquqi falstart!\n<\/p>\n<p>\n  G\u0259nc\u0259 hadis\u0259l\u0259ri ba\u015flayandan b\u0259ri \u00fc\u00e7 h\u00fcquq m\u00fchafiz\u0259 orqan\u0131n\u0131n v\u0259 onlar\u0131n r\u0259hb\u0259rl\u0259rinin m\u00fct\u0259madi birg\u0259 b\u0259yanat v\u0259 f\u0259rdi a\u00e7\u0131qlamalar\u0131n\u0131n\u0131n spesifik m\u0259zmunu diqq\u0259t \u00e7\u0259kir. Bu m\u0259zmun m\u0259lumatland\u0131rma \u00f6hd\u0259liyi il\u0259 t\u0259qsirsizlik prezumpsiyas\u0131 h\u00fcququnun uzla\u015fmamas\u0131ndan daha \u00e7ox, m\u00fch\u00fcm konstitusion bir t\u0259minat\u0131n tam, b\u00fct\u00f6v inkar\u0131 \u00fcz\u0259rind\u0259 qurulub. X\u00fcsus\u0259n, \u0259m\u0259liyyat t\u0259dbirl\u0259ri zaman\u0131 \u00f6ld\u00fcr\u00fcl\u0259nl\u0259rl\u0259 ba\u011fl\u0131 yay\u0131lan b\u0259yanatlar\u0131n dili v\u0259 t\u0259rzi bax\u0131mdan.\n<\/p>\n<p>\n  H\u0259min b\u0259yanatlar\u0131n b\u00fct\u00fcn m\u0259\u011fzini bu yaz\u0131da icmal etm\u0259yin t\u0259r\u0259fdar\u0131 deyil\u0259m, h\u0259r\u00e7\u0259nd orda \u00e7oxlu sayda v\u0259 x\u00fcsusi s\u0259xav\u0259tl\u0259 i\u015fl\u0259dilmi\u015f uy\u011fun olmayan ifad\u0259l\u0259r\u0259 \u00e7ox tez-tez rast g\u0259lm\u0259k olur, ancaq bu m\u0259lumatlar\u0131n \u0259sas\u0259n bir c\u00fcml\u0259si diqq\u0259ti x\u00fcsusi c\u0259lb edir. Bu c\u00fcml\u0259 d\u0259 ondan ibar\u0259tdir ki, filank\u0259s \u201csilahl\u0131 m\u00fcqavim\u0259t g\u00f6st\u0259r\u0259rk\u0259n m\u0259hv edilmi\u015fdir\u201d.\n<\/p>\n<p>\n  Burda b\u0259z\u0259n c\u00fcml\u0259nin qurulu\u015fundan as\u0131l\u0131 olaraq fikir ya \u201cyerind\u0259 m\u0259hv edilmi\u015fdir\u201d, yaxud da \u201ccavab t\u0259dbiri olaraq m\u0259hv edilmi\u015fdir\u201d \u015f\u0259klind\u0259 sonland\u0131r\u0131l\u0131r. Ancaq indi, bu, o q\u0259d\u0259r d\u0259 \u00f6n\u0259mli deyil.\n<\/p>\n<p>\n  Bu \u201cm\u0259hv edilmi\u015fdir\u201d s\u00f6z birl\u0259\u015fm\u0259si Az\u0259rbaycan h\u00fcquq tarixind\u0259 neologizm deyil, h\u0259r\u00e7\u0259nd el\u0259 bir q\u0259dim tarixi d\u0259 yoxdur. 2015-ci ilin noyabr ay\u0131n\u0131n 26-da v\u0259 ondan sonrak\u0131 g\u00fcnl\u0259rd\u0259, aylarda v\u0259 ill\u0259rd\u0259 h\u00fcquq-m\u00fchafiz\u0259 orqanlar\u0131n\u0131n r\u0259hb\u0259rl\u0259rinin dilind\u0259n v\u0259 b\u0259yanatlar\u0131ndan gen-bol s\u0259sl\u0259ndirilm\u0259kd\u0259dir.\n<\/p>\n<p>\n  D\u00f6vl\u0259t T\u0259hl\u00fck\u0259sizlik Xidm\u0259tinin \u2013 2016-ci ilin oktyabr ay\u0131ndan 2018-ci ilin mart ay\u0131na kimi \u201cdini ekstremistl\u0259r\u201d\u0259 (ifad\u0259 DTX-nin ictimaiyy\u0259tl\u0259 \u0259laq\u0259l\u0259r \u015f\u00f6b\u0259sinin b\u0259yanatlar\u0131ndan \u0259xz edilib) qar\u015f\u0131 ke\u00e7irdiyi 9 \u0259m\u0259liyyat t\u0259dbiri il\u0259 ba\u011fl\u0131 a\u00e7\u0131qlamalar\u0131n\u0131n sonu da m\u0259hz el\u0259 bu s\u00f6z birl\u0259\u015fm\u0259si il\u0259 yekunla\u015f\u0131r. Statistika sev\u0259nl\u0259r \u00fc\u00e7\u00fcn deyim ki, DTX-nin 26-27 oktyabr 2016-c\u0131 ild\u0259 ke\u00e7irdiyi \u0259m\u0259liyyat t\u0259dbirind\u0259 2 n\u0259f\u0259r, 25 noyabr 2016-c\u0131 ild\u0259 1 n\u0259f\u0259r, 3 dekabr 2016-c\u0131 ild\u0259 1 n\u0259f\u0259r, 26 yanvar 2017-ci ild\u0259 1 n\u0259f\u0259r, 31 yanvar 2017-ci ild\u0259 4 n\u0259f\u0259r, 10 mart 2017-ci ild\u0259 2 n\u0259f\u0259r, 27 avqust 2017-ci ild\u0259 1 n\u0259f\u0259r, 25 oktyabr 2017-ci ild\u0259 3 n\u0259f\u0259r v\u0259 n\u0259hay\u0259t, 6 mart 2018-ci ild\u0259 2 n\u0259f\u0259r \u201ckompleks \u0259m\u0259liyyat \u0259m\u0259liyyat t\u0259dbirl\u0259ri n\u0259tic\u0259sind\u0259 m\u0259hv edilmi\u015fdir\u201d. Sitat yen\u0259 h\u0259min a\u00e7\u0131qlamalardand\u0131r.\n<\/p>\n<p>\n  Bu, 17 n\u0259f\u0259r edir. 9 \u0259m\u0259liyyata 17 n\u0259f\u0259r! G\u0259nc\u0259 hadis\u0259l\u0259rini d\u0259 b\u00fct\u00f6v bir \u0259m\u0259liyyat kimi n\u0259z\u0259r\u0259 alsaq v\u0259 m\u0259ntiql\u0259 bel\u0259 d\u0259 etm\u0259liyik, 10 \u0259m\u0259liyyatda \u00f6ld\u00fcr\u00fclm\u00fc\u015f insanlar\u0131n c\u0259mi say\u0131 n\u0259 az, n\u0259 \u00e7ox, d\u00fcz 21 n\u0259f\u0259r edir. \u00c7ox deyilmi, c\u0259nablar?!\n<\/p>\n<p>\n  Yeri g\u0259lmi\u015fk\u0259n, b\u00fct\u00fcn bu \u0259m\u0259liyyatlar istisnas\u0131z olaraq ya rayonlarda (Xa\u00e7maz, \u0130smay\u0131ll\u0131, G\u0259nc\u0259 hadis\u0259l\u0259rind\u0259 is\u0259 \u015e\u0259mkir, Samux v\u0259 s.), ya b\u0259lli olmayan, nam\u0259lum m\u0259kanlarda v\u0259 yaxud da niy\u0259s\u0259 qeyd edilm\u0259si o q\u0259d\u0259r d\u0259 z\u0259ruri hesab edilm\u0259y\u0259n yerl\u0259rd\u0259 ke\u00e7irilib.\n<\/p>\n<p>\n  Yaz\u0131n\u0131n m\u00f6vzusu olmasa da, bu da maraql\u0131d\u0131r ki, xeyli sayda insan\u0131n, x\u00fcsus\u0259n \u201cdini ekstremistl\u0259r\u0259\u201d qar\u015f\u0131 ke\u00e7irilmi\u015f b\u00fct\u00fcn \u0259m\u0259liyyatlar\u0131n istisnas\u0131z olaraq insan itkisi il\u0259 m\u00fc\u015fayi\u0259t olunmas\u0131, ba\u015fa \u00e7atmas\u0131 \u00e7oxlu suallar do\u011furur. Nec\u0259 olur ki, m\u0259s\u0259l\u0259n, vur-tut bir \u0259m\u0259liyyatdan\u00a0 &#8211; el\u0259 dey\u0259k ki, 31 yanvar 2017-ci ild\u0259 ke\u00e7irilmi\u015f \u0259m\u0259liyyatdan yaln\u0131z bir n\u0259f\u0259r \u201c\u018fbd\u00fclxalid\u201d l\u0259q\u0259bli F.Sad\u0131qov sa\u011f \u00e7\u0131x\u0131r, qalan 4 n\u0259f\u0259r &#8211; \u201cAbu Hafsa\u201d l\u0259q\u0259bli M.Ulub\u0259yov, \u201cAbdulq\u0259rib\u201d l\u0259q\u0259bli Q.D\u0259mirov, T.Alm\u0259mm\u0259dov\u00a0 v\u0259 \u201cAbdullah\u201d l\u0259q\u0259bli S.M\u0259mm\u0259dov \u201cm\u0259hv edilir\u201d? Do\u011frudanm\u0131, insan itkisind\u0259n yay\u0131nmaq, bu praktiki c\u0259h\u0259td\u0259n m\u00fcmk\u00fcn olmad\u0131qda, onu z\u0259ruri h\u0259dd\u0259 m\u0259hdudla\u015fd\u0131rmaq \u00e7\u0259tin v\u0259 yaxud da qeyri-m\u00fcmk\u00fcnd\u00fcr? Yaxud, ad\u0259t\u0259n g\u00fcc v\u0259 silah t\u0259tbiqini z\u0259ruri ed\u0259n hans\u0131 \u0259saslar olur, bunu z\u0259r\u0259rsizl\u0259\u015fdirm\u0259yin qeyri-g\u00fcc t\u0259tbiqi formalar\u0131ndan istifad\u0259y\u0259 c\u0259hd edilirmi? H\u0259min \u0259m\u0259liyyat t\u0259dbirl\u0259rinin gedi\u015fi hans\u0131 m\u00f6t\u0259b\u0259r s\u0259b\u0259bl\u0259rd\u0259n video v\u0259 foto\u00e7\u0259kili\u015f\u0259 al\u0131nm\u0131r v\u0259 yaxud da al\u0131n\u0131rsa, niy\u0259 ictimaiyy\u0259t\u0259 t\u0259qdim edilmir? N\u0259hay\u0259t, n\u0259y\u0259 g\u00f6r\u0259 odlu silah\u0131n, fiziki q\u00fcvv\u0259nin, x\u00fcsusi vasit\u0259l\u0259rin t\u0259tbiqi il\u0259 ba\u011fl\u0131 xidm\u0259ti yoxlama apar\u0131lm\u0131r, bunun qanunauy\u011funlu\u011fu bar\u0259d\u0259 r\u0259y verilmir?\n<\/p>\n<p>\n  Halbuki, H\u00fcquq-m\u00fchafiz\u0259 orqanlar\u0131n\u0131n \u0259m\u0259kda\u015flar\u0131n\u0131n Davran\u0131\u015f M\u0259c\u0259ll\u0259sind\u0259 (BMT Ba\u015f Assambleyas\u0131 t\u0259r\u0259find\u0259n 17 noyabr 1979-cu ild\u0259 q\u0259bul olunub), \u201cH\u00fcquq-m\u00fchafiz\u0259 orqanlar\u0131n\u0131n \u0259m\u0259kda\u015flar\u0131 t\u0259r\u0259find\u0259n g\u00fcc v\u0259 odlu silah\u0131n t\u0259tbiq edilm\u0259sin\u0259 dair \u0259sas prinsipl\u0259r\u201dd\u0259 (BMT-nin Cinay\u0259tkarl\u0131\u011f\u0131n Qar\u015f\u0131s\u0131n\u0131n Al\u0131nmas\u0131 v\u0259 Cinay\u0259tkarlarla R\u0259ftara dair 8-ci Konqresi t\u0259r\u0259find\u0259n 7 sentyabr 1990-c\u0131 ild\u0259 q\u0259bul edilib), el\u0259c\u0259 d\u0259 bizim \u201cPolis haqq\u0131nda\u201d Qanunda (28 oktyabr 1999-cu ild\u0259 q\u0259bul edilib) yaln\u0131z ciddi z\u0259rur\u0259t olduqda v\u0259 t\u0259l\u0259b olunan h\u0259dd\u0259 g\u00fccd\u0259n istifad\u0259 edilm\u0259sind\u0259n, fiziki q\u00fcvv\u0259nin, x\u00fcsusi vasit\u0259l\u0259rin v\u0259 ya odlu silah\u0131n t\u0259tbiqinin yaranm\u0131\u015f t\u0259hl\u00fck\u0259y\u0259 m\u00fct\u0259nasib olmas\u0131ndan b\u0259hs edilir.\n<\/p>\n<p>\n  \u201cM\u0259hv edilmi\u015fdir\u201d z\u0259ruri sonlu\u011fu il\u0259 bit\u0259n b\u0259yanat v\u0259 a\u00e7\u0131qlamalar s\u00f6zs\u00fcz ki, c\u0259miyy\u0259ti m\u0259lumatland\u0131rmaqdan daha \u00e7ox, qorxutmaq, xofa salmaq, s\u0259rt c\u0259zaland\u0131rmaqla \u00fcst\u00fcnl\u00fcy\u00fcn\u00fc n\u00fcmayi\u015f etdirm\u0259k v\u0259 hans\u0131sa s\u0259b\u0259bd\u0259n qisas almaq effektini n\u00fcmayi\u015f xarakteri da\u015f\u0131y\u0131r.\n<\/p>\n<p>\n  Bu m\u0259nada h\u0259min b\u0259yanat v\u0259 a\u00e7\u0131qlamalar c\u0259miyy\u0259ti \u015f\u00fcbh\u0259li \u015f\u0259xsl\u0259rin, \u00f6ld\u00fcr\u00fcl\u0259nl\u0259rin t\u0259qsirin\u0259 y\u00f6nl\u0259ndirm\u0259k, t\u0259qsirl\u0259rinin s\u00fcbuta yetirilm\u0259sind\u0259n \u0259vv\u0259l t\u0259qsirli olduqlar\u0131na inand\u0131rmaq v\u0259 m\u0259hk\u0259m\u0259 t\u0259r\u0259find\u0259n faktlar\u0131n qiym\u0259tl\u0259ndirilm\u0259sini qabaqcadan h\u0259ll etm\u0259k niyy\u0259tind\u0259n d\u0259 art\u0131\u011f\u0131na iddia edir.\n<\/p>\n<p>\n  \u0130stintaq\u0131n lap erk\u0259n m\u0259rh\u0259l\u0259sind\u0259 z\u0259ruri t\u0259mkinlilik v\u0259 ehtiyatl\u0131l\u0131q h\u0259ddini tamamil\u0259 a\u015fan, \u0259dal\u0259tli cinay\u0259t ara\u015fd\u0131r\u0131lmas\u0131n\u0131n b\u00fct\u00fcn elementl\u0259rini saya salmayan bu ismar\u0131clar\u0131n ictimaiyy\u0259t\u0259 a\u00e7\u0131qlanmas\u0131 z\u0259rur\u0259tinin ba\u015fqa \u0259sl s\u0259b\u0259bl\u0259ri, ayd\u0131n v\u0259 m\u00fcbahis\u0259siz t\u0259r\u0259fl\u0259ri n\u0259dir ki?\n<\/p>\n<p>\n  D\u00f6vl\u0259t, \u00f6z v\u0259t\u0259nda\u015flar\u0131 il\u0259 bel\u0259, bu tonda v\u0259 t\u0259rzd\u0259 dan\u0131\u015fm\u0131r, c\u0259nablar! O, h\u0259tta \u0259n qat\u0131 cinay\u0259tkar olsa bel\u0259.\n<\/p>\n<p>\n  D\u00f6vl\u0259t \u00f6z v\u0259t\u0259nda\u015flar\u0131n\u0131 bu leksikonda, bu ifad\u0259l\u0259rl\u0259 v\u0259 bu t\u0259rzd\u0259 m\u0259lumatland\u0131rm\u0131r! O, h\u0259tta t\u0259b\u0259\u0259 hesab edils\u0259 bel\u0259&#8230;<\/p>\n","protected":false},"excerpt":{"rendered":"<p>G\u0259nc\u0259 hadis\u0259l\u0259ri ba\u015flayandan b\u0259ri \u00fc\u00e7 h\u00fcquq m\u00fchafiz\u0259 orqan\u0131n\u0131n v\u0259 onlar\u0131n r\u0259hb\u0259rl\u0259rinin m\u00fct\u0259madi birg\u0259 b\u0259yanat v\u0259 f\u0259rdi a\u00e7\u0131qlamalar\u0131n\u0131n\u0131n spesifik m\u0259zmunu diqq\u0259t \u00e7\u0259kir.<\/p>\n","protected":false},"author":11,"featured_media":107391,"comment_status":"closed","ping_status":"open","sticky":false,"template":"","format":"standard","meta":{"_acf_changed":false,"_sitemap_exclude":false,"_sitemap_priority":"","_sitemap_frequency":"","footnotes":""},"categories":[51],"tags":[],"class_list":["post-191088","post","type-post","status-publish","format-standard","has-post-thumbnail","hentry","category-analitika","infinite-scroll-item","generate-columns","tablet-grid-50","mobile-grid-100","grid-parent","grid-33","no-featured-image-padding"],"acf":[],"yoast_head":"<!-- This site is optimized with the Yoast SEO plugin v27.4 - https:\/\/yoast.com\/product\/yoast-seo-wordpress\/ -->\n<title>D\u00f6vl\u0259tin dan\u0131\u015f\u0131q dili: &#039;&#039;M\u0259hv edilmi\u015fdir...&#039;&#039; - MEYDAN.TV<\/title>\n<meta name=\"robots\" content=\"index, follow, max-snippet:-1, max-image-preview:large, max-video-preview:-1\" \/>\n<link rel=\"canonical\" href=\"https:\/\/www.meydan.tv\/az\/article\/dovletin-danisiq-dili-mehv-edilmisdir\/\" \/>\n<meta property=\"og:locale\" content=\"az_AZ\" \/>\n<meta property=\"og:type\" content=\"article\" \/>\n<meta property=\"og:title\" content=\"D\u00f6vl\u0259tin dan\u0131\u015f\u0131q dili: &#039;&#039;M\u0259hv edilmi\u015fdir...&#039;&#039; - MEYDAN.TV\" \/>\n<meta property=\"og:description\" content=\"G\u0259nc\u0259 hadis\u0259l\u0259ri ba\u015flayandan b\u0259ri \u00fc\u00e7 h\u00fcquq m\u00fchafiz\u0259 orqan\u0131n\u0131n v\u0259 onlar\u0131n r\u0259hb\u0259rl\u0259rinin m\u00fct\u0259madi birg\u0259 b\u0259yanat v\u0259 f\u0259rdi a\u00e7\u0131qlamalar\u0131n\u0131n\u0131n spesifik m\u0259zmunu diqq\u0259t \u00e7\u0259kir.\" \/>\n<meta property=\"og:url\" content=\"https:\/\/www.meydan.tv\/az\/article\/dovletin-danisiq-dili-mehv-edilmisdir\/\" \/>\n<meta property=\"og:site_name\" content=\"MEYDAN.TV\" \/>\n<meta property=\"article:published_time\" content=\"2018-08-01T18:56:09+00:00\" \/>\n<meta property=\"og:image\" content=\"https:\/\/www.meydan.tv\/wp-content\/uploads\/42643.jpg\" \/>\n\t<meta property=\"og:image:width\" content=\"810\" \/>\n\t<meta property=\"og:image:height\" content=\"450\" \/>\n\t<meta property=\"og:image:type\" content=\"image\/jpeg\" \/>\n<meta name=\"author\" content=\"user-manager\" \/>\n<meta name=\"twitter:card\" content=\"summary_large_image\" \/>\n<script type=\"application\/ld+json\" class=\"yoast-schema-graph\">{\"@context\":\"https:\\\/\\\/schema.org\",\"@graph\":[{\"@type\":\"Article\",\"@id\":\"https:\\\/\\\/www.meydan.tv\\\/az\\\/article\\\/dovletin-danisiq-dili-mehv-edilmisdir\\\/#article\",\"isPartOf\":{\"@id\":\"https:\\\/\\\/www.meydan.tv\\\/az\\\/article\\\/dovletin-danisiq-dili-mehv-edilmisdir\\\/\"},\"author\":{\"name\":\"user-manager\",\"@id\":\"https:\\\/\\\/www.meydan.tv\\\/az\\\/#\\\/schema\\\/person\\\/10d11eccf6da3662cf5fdab9806ea91a\"},\"headline\":\"D\u00f6vl\u0259tin dan\u0131\u015f\u0131q dili: &#8221;M\u0259hv edilmi\u015fdir&#8230;&#8221;\",\"datePublished\":\"2018-08-01T18:56:09+00:00\",\"mainEntityOfPage\":{\"@id\":\"https:\\\/\\\/www.meydan.tv\\\/az\\\/article\\\/dovletin-danisiq-dili-mehv-edilmisdir\\\/\"},\"wordCount\":1500,\"publisher\":{\"@id\":\"https:\\\/\\\/www.meydan.tv\\\/az\\\/#organization\"},\"image\":{\"@id\":\"https:\\\/\\\/www.meydan.tv\\\/az\\\/article\\\/dovletin-danisiq-dili-mehv-edilmisdir\\\/#primaryimage\"},\"thumbnailUrl\":\"https:\\\/\\\/www.meydan.tv\\\/wp-content\\\/uploads\\\/42643.jpg\",\"articleSection\":[\"Analitika\"],\"inLanguage\":\"az\"},{\"@type\":\"WebPage\",\"@id\":\"https:\\\/\\\/www.meydan.tv\\\/az\\\/article\\\/dovletin-danisiq-dili-mehv-edilmisdir\\\/\",\"url\":\"https:\\\/\\\/www.meydan.tv\\\/az\\\/article\\\/dovletin-danisiq-dili-mehv-edilmisdir\\\/\",\"name\":\"D\u00f6vl\u0259tin dan\u0131\u015f\u0131q dili: ''M\u0259hv edilmi\u015fdir...'' - MEYDAN.TV\",\"isPartOf\":{\"@id\":\"https:\\\/\\\/www.meydan.tv\\\/az\\\/#website\"},\"primaryImageOfPage\":{\"@id\":\"https:\\\/\\\/www.meydan.tv\\\/az\\\/article\\\/dovletin-danisiq-dili-mehv-edilmisdir\\\/#primaryimage\"},\"image\":{\"@id\":\"https:\\\/\\\/www.meydan.tv\\\/az\\\/article\\\/dovletin-danisiq-dili-mehv-edilmisdir\\\/#primaryimage\"},\"thumbnailUrl\":\"https:\\\/\\\/www.meydan.tv\\\/wp-content\\\/uploads\\\/42643.jpg\",\"datePublished\":\"2018-08-01T18:56:09+00:00\",\"breadcrumb\":{\"@id\":\"https:\\\/\\\/www.meydan.tv\\\/az\\\/article\\\/dovletin-danisiq-dili-mehv-edilmisdir\\\/#breadcrumb\"},\"inLanguage\":\"az\",\"potentialAction\":[{\"@type\":\"ReadAction\",\"target\":[\"https:\\\/\\\/www.meydan.tv\\\/az\\\/article\\\/dovletin-danisiq-dili-mehv-edilmisdir\\\/\"]}]},{\"@type\":\"ImageObject\",\"inLanguage\":\"az\",\"@id\":\"https:\\\/\\\/www.meydan.tv\\\/az\\\/article\\\/dovletin-danisiq-dili-mehv-edilmisdir\\\/#primaryimage\",\"url\":\"https:\\\/\\\/www.meydan.tv\\\/wp-content\\\/uploads\\\/42643.jpg\",\"contentUrl\":\"https:\\\/\\\/www.meydan.tv\\\/wp-content\\\/uploads\\\/42643.jpg\",\"width\":810,\"height\":450,\"caption\":\"Source:\"},{\"@type\":\"BreadcrumbList\",\"@id\":\"https:\\\/\\\/www.meydan.tv\\\/az\\\/article\\\/dovletin-danisiq-dili-mehv-edilmisdir\\\/#breadcrumb\",\"itemListElement\":[{\"@type\":\"ListItem\",\"position\":1,\"name\":\"Ana s\u0259hif\u0259\",\"item\":\"https:\\\/\\\/www.meydan.tv\\\/az\\\/\"},{\"@type\":\"ListItem\",\"position\":2,\"name\":\"Analitika\",\"item\":\"https:\\\/\\\/www.meydan.tv\\\/az\\\/section\\\/analitika\\\/\"},{\"@type\":\"ListItem\",\"position\":3,\"name\":\"D\u00f6vl\u0259tin dan\u0131\u015f\u0131q dili: &#8221;M\u0259hv edilmi\u015fdir&#8230;&#8221;\"}]},{\"@type\":\"WebSite\",\"@id\":\"https:\\\/\\\/www.meydan.tv\\\/az\\\/#website\",\"url\":\"https:\\\/\\\/www.meydan.tv\\\/az\\\/\",\"name\":\"MEYDAN.TV\",\"description\":\"Meydan TV Az\u0259rbaycan\u0131n media m\u0259kan\u0131ndak\u0131 alternativ s\u0259sidir\",\"publisher\":{\"@id\":\"https:\\\/\\\/www.meydan.tv\\\/az\\\/#organization\"},\"potentialAction\":[{\"@type\":\"SearchAction\",\"target\":{\"@type\":\"EntryPoint\",\"urlTemplate\":\"https:\\\/\\\/www.meydan.tv\\\/az\\\/?s={search_term_string}\"},\"query-input\":{\"@type\":\"PropertyValueSpecification\",\"valueRequired\":true,\"valueName\":\"search_term_string\"}}],\"inLanguage\":\"az\"},{\"@type\":\"Organization\",\"@id\":\"https:\\\/\\\/www.meydan.tv\\\/az\\\/#organization\",\"name\":\"Meydan TV\",\"url\":\"https:\\\/\\\/www.meydan.tv\\\/az\\\/\",\"logo\":{\"@type\":\"ImageObject\",\"inLanguage\":\"az\",\"@id\":\"https:\\\/\\\/www.meydan.tv\\\/az\\\/#\\\/schema\\\/logo\\\/image\\\/\",\"url\":\"https:\\\/\\\/www.meydan.tv\\\/wp-content\\\/uploads\\\/2021\\\/07\\\/meydan-logo.svg\",\"contentUrl\":\"https:\\\/\\\/www.meydan.tv\\\/wp-content\\\/uploads\\\/2021\\\/07\\\/meydan-logo.svg\",\"width\":195,\"height\":46,\"caption\":\"Meydan TV\"},\"image\":{\"@id\":\"https:\\\/\\\/www.meydan.tv\\\/az\\\/#\\\/schema\\\/logo\\\/image\\\/\"}},{\"@type\":\"Person\",\"@id\":\"https:\\\/\\\/www.meydan.tv\\\/az\\\/#\\\/schema\\\/person\\\/10d11eccf6da3662cf5fdab9806ea91a\",\"name\":\"user-manager\"}]}<\/script>\n<!-- \/ Yoast SEO plugin. -->","yoast_head_json":{"title":"D\u00f6vl\u0259tin dan\u0131\u015f\u0131q dili: ''M\u0259hv edilmi\u015fdir...'' - MEYDAN.TV","robots":{"index":"index","follow":"follow","max-snippet":"max-snippet:-1","max-image-preview":"max-image-preview:large","max-video-preview":"max-video-preview:-1"},"canonical":"https:\/\/www.meydan.tv\/az\/article\/dovletin-danisiq-dili-mehv-edilmisdir\/","og_locale":"az_AZ","og_type":"article","og_title":"D\u00f6vl\u0259tin dan\u0131\u015f\u0131q dili: ''M\u0259hv edilmi\u015fdir...'' - MEYDAN.TV","og_description":"G\u0259nc\u0259 hadis\u0259l\u0259ri ba\u015flayandan b\u0259ri \u00fc\u00e7 h\u00fcquq m\u00fchafiz\u0259 orqan\u0131n\u0131n v\u0259 onlar\u0131n r\u0259hb\u0259rl\u0259rinin m\u00fct\u0259madi birg\u0259 b\u0259yanat v\u0259 f\u0259rdi a\u00e7\u0131qlamalar\u0131n\u0131n\u0131n spesifik m\u0259zmunu diqq\u0259t \u00e7\u0259kir.","og_url":"https:\/\/www.meydan.tv\/az\/article\/dovletin-danisiq-dili-mehv-edilmisdir\/","og_site_name":"MEYDAN.TV","article_published_time":"2018-08-01T18:56:09+00:00","og_image":[{"width":810,"height":450,"url":"https:\/\/www.meydan.tv\/wp-content\/uploads\/42643.jpg","type":"image\/jpeg"}],"author":"user-manager","twitter_card":"summary_large_image","schema":{"@context":"https:\/\/schema.org","@graph":[{"@type":"Article","@id":"https:\/\/www.meydan.tv\/az\/article\/dovletin-danisiq-dili-mehv-edilmisdir\/#article","isPartOf":{"@id":"https:\/\/www.meydan.tv\/az\/article\/dovletin-danisiq-dili-mehv-edilmisdir\/"},"author":{"name":"user-manager","@id":"https:\/\/www.meydan.tv\/az\/#\/schema\/person\/10d11eccf6da3662cf5fdab9806ea91a"},"headline":"D\u00f6vl\u0259tin dan\u0131\u015f\u0131q dili: &#8221;M\u0259hv edilmi\u015fdir&#8230;&#8221;","datePublished":"2018-08-01T18:56:09+00:00","mainEntityOfPage":{"@id":"https:\/\/www.meydan.tv\/az\/article\/dovletin-danisiq-dili-mehv-edilmisdir\/"},"wordCount":1500,"publisher":{"@id":"https:\/\/www.meydan.tv\/az\/#organization"},"image":{"@id":"https:\/\/www.meydan.tv\/az\/article\/dovletin-danisiq-dili-mehv-edilmisdir\/#primaryimage"},"thumbnailUrl":"https:\/\/www.meydan.tv\/wp-content\/uploads\/42643.jpg","articleSection":["Analitika"],"inLanguage":"az"},{"@type":"WebPage","@id":"https:\/\/www.meydan.tv\/az\/article\/dovletin-danisiq-dili-mehv-edilmisdir\/","url":"https:\/\/www.meydan.tv\/az\/article\/dovletin-danisiq-dili-mehv-edilmisdir\/","name":"D\u00f6vl\u0259tin dan\u0131\u015f\u0131q dili: ''M\u0259hv edilmi\u015fdir...'' - MEYDAN.TV","isPartOf":{"@id":"https:\/\/www.meydan.tv\/az\/#website"},"primaryImageOfPage":{"@id":"https:\/\/www.meydan.tv\/az\/article\/dovletin-danisiq-dili-mehv-edilmisdir\/#primaryimage"},"image":{"@id":"https:\/\/www.meydan.tv\/az\/article\/dovletin-danisiq-dili-mehv-edilmisdir\/#primaryimage"},"thumbnailUrl":"https:\/\/www.meydan.tv\/wp-content\/uploads\/42643.jpg","datePublished":"2018-08-01T18:56:09+00:00","breadcrumb":{"@id":"https:\/\/www.meydan.tv\/az\/article\/dovletin-danisiq-dili-mehv-edilmisdir\/#breadcrumb"},"inLanguage":"az","potentialAction":[{"@type":"ReadAction","target":["https:\/\/www.meydan.tv\/az\/article\/dovletin-danisiq-dili-mehv-edilmisdir\/"]}]},{"@type":"ImageObject","inLanguage":"az","@id":"https:\/\/www.meydan.tv\/az\/article\/dovletin-danisiq-dili-mehv-edilmisdir\/#primaryimage","url":"https:\/\/www.meydan.tv\/wp-content\/uploads\/42643.jpg","contentUrl":"https:\/\/www.meydan.tv\/wp-content\/uploads\/42643.jpg","width":810,"height":450,"caption":"Source:"},{"@type":"BreadcrumbList","@id":"https:\/\/www.meydan.tv\/az\/article\/dovletin-danisiq-dili-mehv-edilmisdir\/#breadcrumb","itemListElement":[{"@type":"ListItem","position":1,"name":"Ana s\u0259hif\u0259","item":"https:\/\/www.meydan.tv\/az\/"},{"@type":"ListItem","position":2,"name":"Analitika","item":"https:\/\/www.meydan.tv\/az\/section\/analitika\/"},{"@type":"ListItem","position":3,"name":"D\u00f6vl\u0259tin dan\u0131\u015f\u0131q dili: &#8221;M\u0259hv edilmi\u015fdir&#8230;&#8221;"}]},{"@type":"WebSite","@id":"https:\/\/www.meydan.tv\/az\/#website","url":"https:\/\/www.meydan.tv\/az\/","name":"MEYDAN.TV","description":"Meydan TV Az\u0259rbaycan\u0131n media m\u0259kan\u0131ndak\u0131 alternativ s\u0259sidir","publisher":{"@id":"https:\/\/www.meydan.tv\/az\/#organization"},"potentialAction":[{"@type":"SearchAction","target":{"@type":"EntryPoint","urlTemplate":"https:\/\/www.meydan.tv\/az\/?s={search_term_string}"},"query-input":{"@type":"PropertyValueSpecification","valueRequired":true,"valueName":"search_term_string"}}],"inLanguage":"az"},{"@type":"Organization","@id":"https:\/\/www.meydan.tv\/az\/#organization","name":"Meydan TV","url":"https:\/\/www.meydan.tv\/az\/","logo":{"@type":"ImageObject","inLanguage":"az","@id":"https:\/\/www.meydan.tv\/az\/#\/schema\/logo\/image\/","url":"https:\/\/www.meydan.tv\/wp-content\/uploads\/2021\/07\/meydan-logo.svg","contentUrl":"https:\/\/www.meydan.tv\/wp-content\/uploads\/2021\/07\/meydan-logo.svg","width":195,"height":46,"caption":"Meydan TV"},"image":{"@id":"https:\/\/www.meydan.tv\/az\/#\/schema\/logo\/image\/"}},{"@type":"Person","@id":"https:\/\/www.meydan.tv\/az\/#\/schema\/person\/10d11eccf6da3662cf5fdab9806ea91a","name":"user-manager"}]}},"_links":{"self":[{"href":"https:\/\/www.meydan.tv\/az\/wp-json\/wp\/v2\/posts\/191088","targetHints":{"allow":["GET"]}}],"collection":[{"href":"https:\/\/www.meydan.tv\/az\/wp-json\/wp\/v2\/posts"}],"about":[{"href":"https:\/\/www.meydan.tv\/az\/wp-json\/wp\/v2\/types\/post"}],"author":[{"embeddable":true,"href":"https:\/\/www.meydan.tv\/az\/wp-json\/wp\/v2\/users\/11"}],"replies":[{"embeddable":true,"href":"https:\/\/www.meydan.tv\/az\/wp-json\/wp\/v2\/comments?post=191088"}],"version-history":[{"count":0,"href":"https:\/\/www.meydan.tv\/az\/wp-json\/wp\/v2\/posts\/191088\/revisions"}],"wp:featuredmedia":[{"embeddable":true,"href":"https:\/\/www.meydan.tv\/az\/wp-json\/wp\/v2\/media\/107391"}],"wp:attachment":[{"href":"https:\/\/www.meydan.tv\/az\/wp-json\/wp\/v2\/media?parent=191088"}],"wp:term":[{"taxonomy":"category","embeddable":true,"href":"https:\/\/www.meydan.tv\/az\/wp-json\/wp\/v2\/categories?post=191088"},{"taxonomy":"post_tag","embeddable":true,"href":"https:\/\/www.meydan.tv\/az\/wp-json\/wp\/v2\/tags?post=191088"}],"curies":[{"name":"wp","href":"https:\/\/api.w.org\/{rel}","templated":true}]}}