{"id":191035,"date":"2018-07-28T18:11:15","date_gmt":"2018-07-28T18:11:15","guid":{"rendered":"https:\/\/www.meydan.tv\/article\/etirazimiz-temizlemelidir\/"},"modified":"2018-07-28T18:11:15","modified_gmt":"2018-07-28T18:11:15","slug":"etirazimiz-temizlemelidir","status":"publish","type":"post","link":"https:\/\/www.meydan.tv\/az\/article\/etirazimiz-temizlemelidir\/","title":{"rendered":"Etiraz\u0131m\u0131z t\u0259mizl\u0259m\u0259lidir!"},"content":{"rendered":"<figure class=\"wp-block-image size-large\">\n  <img decoding=\"async\" src=\"https:\/\/www.meydan.tv\/az\/yalcin-imanov-2\/\" alt=\"Yal\u00e7\u0131n \u0130manov\" class=\"wp-image-58394\"\/><figcaption>\n    Yal\u00e7\u0131n \u0130manov<br \/>\n  <\/figcaption><\/figure>\n<p>\n  90-c\u0131 ill\u0259rin sonunda, t\u0259z\u0259 Sumqay\u0131ta k\u00f6\u00e7\u0259n ill\u0259rd\u0259, d\u0259nizd\u0259n t\u0259xmin\u0259n 4-5 kilometr uzaql\u0131qda yerl\u0259\u015f\u0259n t\u0259z\u0259 evimiz\u0259 dal\u011falar\u0131n gurultusunun s\u0259si g\u0259lib \u00e7\u0131xard\u0131. Sahil\u0259 d\u0259yib geri qay\u0131dan dal\u011falar gur-gur gurulday\u0131rd\u0131, evin i\u00e7ind\u0259 d\u0259niz suyunun \u015f\u0131r\u0131lt\u0131s\u0131n\u0131 ayd\u0131n e\u015fitm\u0259k olurdu. H\u0259rd\u0259n g\u00f6zl\u0259rimi yumub, gizli z\u00f6vql\u0259 bu n\u0259h\u0259ng t\u0259bi\u0259t hadis\u0259sini dinl\u0259yirdim!\n<\/p>\n<p>\n  Amma arada vahim\u0259 d\u0259 bas\u0131rd\u0131, n\u0259s\u0259 pis bir \u0259lam\u0259t\u0259 yozub, \u201cAllah, xeyr\u0259 calas\u0131n!\u201d deyirdik. \u015eit damar\u0131m\u0131z tuturdu, qarda\u015f\u0131m\u0131n o vaxt balaca olan u\u015faqlar\u0131n\u0131 ba\u015f\u0131ma y\u0131\u011f\u0131b, D\u0259ccal haqq\u0131nda a\u011fl\u0131ma g\u0259l\u0259n ilk \u015feyl\u0259ri uydururdum, deyirdim, indi, bu d\u0259qiq\u0259 d\u0259nizd\u0259n t\u0259kg\u00f6zl\u00fc D\u0259ccal \u00e7\u0131xacaq, iri, b\u00f6y\u00fck add\u0131mlarla, yek\u0259 d\u0259niz dal\u011falar\u0131n\u0131 yara-yara, ayaqlar\u0131n\u0131 \u015fapp\u0131ldad\u0131b, sudan \u00e7\u00f6l\u0259, sahil\u0259 yan alacaq. Add\u0131mlar\u0131n\u0131n yek\u0259liyind\u0259n d\u0259nizin suyu \u0259trafa s\u0131\u00e7rayacaq, adamlar\u0131n \u00fcst-ba\u015f\u0131n\u0131 isladacaq, dal\u011falar bu iri, yek\u0259 v\u0259 nam\u0259hr\u0259m add\u0131mlara gurulduyub etiraz el\u0259y\u0259c\u0259k&#8230;\n<\/p>\n<p>\n  U\u015faqlar a\u011fz\u0131n\u0131 a\u00e7\u0131b madd\u0131m-madd\u0131m \u00fcz\u00fcm\u0259 bax\u0131rd\u0131lar. Son d\u00f6vr\u00fcn (qiyam\u0259tin) \u0259n b\u00f6y\u00fck \u0259lam\u0259tl\u0259rind\u0259n biri haqda bir az qorxu, bir az ironiya, bir az da zarafatla laqq\u0131rt\u0131 vurard\u0131q, D\u0259ccalla dinc durmayan, s\u00f6z\u0259baxmayan d\u0259c\u0259l u\u015faqlar aras\u0131nda paralel apar\u0131b, \u015faqq\u0131lday\u0131b g\u00fcl\u0259rdik.\n<\/p>\n<p>\n  \u0130ndi qaynar istil\u0259rin insanlar\u0131 heyd\u0259n v\u0259 \u0259ld\u0259n sal\u0131b, b\u00fct\u00f6v bir f\u0259sili manas\u0131zla\u015fd\u0131rd\u0131\u011f\u0131 g\u00fcnl\u0259rd\u0259, adamlar\u0131n qat\u0131 t\u0259r qoxuyub, su kimi buxarland\u0131\u011f\u0131 vaxtlarda h\u0259min 90-c\u0131 ill\u0259rin sonu yad\u0131ma d\u00fc\u015f\u00fcr.\n<\/p>\n<p>\n  Nec\u0259 oldu o d\u0259niz gurultusu? Hara yoxa \u00e7\u0131xd\u0131 o sahil\u0259 d\u0259yib par\u00e7alanan iri, yek\u0259, q\u00fcrurlu dal\u011falar? V\u0259 o dal\u011falar\u0131n 4-5 kilometrlikd\u0259n e\u015fidil\u0259n s\u0259si, \u015f\u0131r\u0131ld\u0131yan suyu?\n<\/p>\n<p>\n  Yoxsa d\u0259niz d\u0259 sakitl\u0259\u015fib susdu v\u0259 \u0259b\u0259di olaraq q\u0131n\u0131na \u00e7\u0259kildi? B\u0259lk\u0259 d\u0259niz d\u0259 b\u00f6y\u00fck v\u0259 \u0259z\u0259m\u0259tli olmaqdan yorulub, \u00f6z cari, sakit v\u0259 rutin h\u0259yat t\u0259rzin\u0259 qay\u0131td\u0131?\n<\/p>\n<p>\n  Yoxsa, t\u0259bi\u0259t el\u0259diyimiz b\u00fct\u00fcn pislikl\u0259rin, \u00e7irkli \u0259ll\u0259rimizl\u0259 harmoniya v\u0259 b\u00fct\u00f6vl\u00fcy\u00fcn\u00fc pozdu\u011fumuz nizam\u0131n heyfini el\u0259 bel\u0259c\u0259 &#8211; yayda od vurub yand\u0131rmaqla, q\u0131\u015fda buz t\u00f6k\u00fcb buzlatmaqla \u2013 bizd\u0259n al\u0131r?\n<\/p>\n<p>\n  ***<br \/>\n  <br \/>\n  \u0130ndi bu ucuz isti v\u0259 qat\u0131 t\u0259rli g\u00fcnl\u0259rd\u0259 biz\u0259 tolerantl\u0131q na\u011f\u0131l\u0131ndan dan\u0131\u015f\u0131rlar. M\u0259s\u0259l\u0259n, bel\u0259: Biri vard\u0131, biri yoxdu, bir tolerant vard\u0131, na\u011f\u0131l dili y\u00fcyr\u0259k olar, bu tolerant ayda-ild\u0259, kefi-dama\u011f\u0131 \u00e7a\u011f olanda, harasa getm\u0259k ist\u0259y\u0259nd\u0259 bizim \u00f6lk\u0259nin giri\u015f qap\u0131s\u0131ndan hopp el\u0259yib m\u00fcbar\u0259k q\u0259d\u0259ml\u0259rini i\u00e7\u0259ri basar v\u0259 d\u0259rhal da al\u0259m d\u0259y\u0259rdi bir-birin\u0259. C\u0259mi camaat iki yer\u0259 par\u00e7alan\u0131b, qabaq-q\u0259n\u015f\u0259r dayan\u0131b, uzun v\u0259 n\u0259tic\u0259siz c\u0259hli ed\u0259rdil\u0259r.\n<\/p>\n<p>\n  Bu \u00f6lk\u0259y\u0259 kimin g\u0259tirilib v\u0259 ya g\u0259tirilm\u0259m\u0259si, yaxud kimin g\u0259lm\u0259si v\u0259 ya g\u0259lm\u0259m\u0259si \u015f\u0259xs\u0259n m\u0259nim \u00fc\u00e7\u00fcn maraql\u0131 deyil, he\u00e7 bir qram da vecim\u0259 deyil. Ancaq davaml\u0131 s\u0131r\u0131nan d\u00f6z\u00fcml\u00fcl\u00fck yalan\u0131 ciddi d\u00fc\u015f\u00fcnc\u0259 \u00fc\u00e7\u00fcn yax\u015f\u0131, \u0259l\u0259d\u00fc\u015fm\u0259z material verir.\n<\/p>\n<p>\n  Bu, nec\u0259 tolerantl\u0131qd\u0131r ki, bunun lobbi\u00e7il\u0259ri, adic\u0259 bir futbol qar\u015f\u0131la\u015fmas\u0131nda uduzma\u011f\u0131 h\u0259zm el\u0259yib, h\u00fclqumlar\u0131ndan ke\u00e7ir\u0259 bilmirl\u0259r, dava-m\u0259r\u0259k\u0259 sal\u0131b, futbolun olub-qalan dad\u0131n\u0131, duzunu qa\u00e7\u0131r\u0131r, g\u00f6z\u00fcm\u00fczd\u0259n sal\u0131rlar?\n<\/p>\n<p>\n  Bu, n\u0259 tolerantl\u0131qd\u0131r ki, \u00e7ox zaman v\u0259 geni\u015f \u015f\u0259kild\u0259 niy\u0259s\u0259 yaln\u0131z m\u0259\u011flub t\u0259r\u0259f\u0259 t\u0259bli\u011f v\u0259 \u0259xz etdirilir? Niy\u0259 geni\u015f az\u0259rbaycanl\u0131 k\u00fctl\u0259l\u0259rinin g\u00fcnd\u0259lik t\u0259bli\u011fat menyusuna sal\u0131nan bu \u201ct\u0259am\u201d xo\u015flamad\u0131\u011f\u0131n v\u0259 yanl\u0131\u015f sayd\u0131\u011f\u0131n h\u0259r\u0259k\u0259tl\u0259r\u0259 t\u0259mkinli davran\u0131\u015f v\u0259 ba\u015fqa insan(lar)\u0131n h\u0259qiq\u0259tini ba\u015fa d\u00fc\u015fm\u0259kd\u0259n daha \u00e7ox, utanc m\u0259\u011flubiyy\u0259ti v\u0259 \u0259lacs\u0131zl\u0131q hissini assosiasiya edir?\n<\/p>\n<p>\n  \u018fmin\u0259m ki, qalib \u0259hval\u0131nda, yaxud \u0259vv\u0259lki v\u0259ziyy\u0259ti b\u0259rpa edib, torpaqlar\u0131m\u0131z\u0131 qaytaranda bu anlay\u0131\u015f bu q\u0259d\u0259r q\u0131c\u0131qland\u0131rmayacaq.\n<\/p>\n<p>\n  ***<br \/>\n  <br \/>\n  Tolerantl\u0131q dedim, etiraz yad\u0131ma d\u00fc\u015fd\u00fc. Amma tolerantl\u0131\u011fa qar\u015f\u0131 yox, s\u00f6hb\u0259t \u00fcmumi, \u00f6lk\u0259boyu etirazlardan, b\u00fct\u00f6vl\u00fckd\u0259 etiraz hissind\u0259n gedir. Etiraz azadl\u0131\u011f\u0131n \u0259sas ifad\u0259 formas\u0131d\u0131rsa, etiraz\u0131n c\u0259miyy\u0259t\u0259 nec\u0259, hans\u0131 libasda t\u0259qdim edilm\u0259si, \u00fcsulu da bir ba\u015fqa, amma \u00e7ox vacib m\u0259s\u0259l\u0259dir. M\u0259nc\u0259, etiraz, etiraz ruhu birm\u0259nal\u0131 t\u0259mizl\u0259yici, t\u0259z\u0259l\u0259yici ruhda, tonda olmal\u0131d\u0131r. Nec\u0259 izah edim, he\u00e7 bilmir\u0259m. Bax, m\u0259s\u0259l\u0259n, su\u00e7\u0259k\u0259n kimi. Nec\u0259 balaca vaxt\u0131 m\u00fcr\u0259kk\u0259bi t\u00f6k\u00fcb, iri l\u0259k\u0259l\u0259r sald\u0131\u011f\u0131m\u0131z mil-mil d\u0259ft\u0259rl\u0259rimizi su\u00e7\u0259k\u0259nl\u0259 t\u0259mizl\u0259yib, a\u011fard\u0131rd\u0131qsa, onun kimi, ona ox\u015far bir \u015fey. Yaxud 90-c\u0131 ill\u0259rin sonunda d\u0259nizin gurulday\u0131b, iri dal\u011falar\u0131n\u0131 sahil\u0259 \u00e7\u0131rp\u0131b, \u015f\u0131r\u0131lt\u0131s\u0131n\u0131 4-5 kilometrl\u0259rl\u0259 k\u0259nara yay\u0131b, t\u0259mizl\u0259nm\u0259k ist\u0259yi, ar\u0131nmaq hirsi-hikk\u0259si kimi bir \u015fey. Tam des\u0259m, etiraz v\u0259 onun ifad\u0259 formas\u0131, libas\u0131 bizi, b\u00f6y\u00fck az\u0259rbaycanl\u0131 k\u00fctl\u0259l\u0259rini t\u0259mizl\u0259yib, ar\u0131nd\u0131r\u0131b, anadang\u0259lm\u0259, q\u0259tt\u0259z\u0259 el\u0259m\u0259lidir ki ondan b\u0259lk\u0259 bir \u015fey t\u00f6r\u0259sin, n\u0259yins\u0259 ba\u015flan\u011f\u0131c\u0131, t\u0259kanvericisi olsun.<br \/>\n  <br \/>\n  M\u0259nim son yad\u0131ma g\u0259l\u0259n, xat\u0131rlad\u0131\u011f\u0131m bel\u0259 bir etiraz formas\u0131 2016-c\u0131 ilin yanvar ay\u0131n\u0131n \u0259vv\u0259lind\u0259 F\u00fczuli rayonunun Bala B\u0259hm\u0259nli k\u0259ndind\u0259 ba\u015f vermi\u015fdi. He\u00e7 bir iqtisadi \u0259sas\u0131 olmayan, az\u011f\u0131n bahala\u015fmaya qar\u015f\u0131 \u00e7\u0131xan insanlar d\u0259bilq\u0259li, kaskal\u0131, silahl\u0131-sursatl\u0131 polisl\u0259rl\u0259 \u00fcz-\u00fcz\u0259, qabaq-q\u0259n\u015f\u0259r g\u0259lir v\u0259 k\u00fctl\u0259nin i\u00e7ind\u0259n bir n\u0259f\u0259rin g\u0259rgin, amma t\u0259sirli s\u0259si e\u015fidilir: \u201cOturun a\u015fa\u011f\u0131, oturun a\u015fa\u011f\u0131, oturun, ham\u0131n\u0131z bir-birinizd\u0259n tutun! Tutun bir-birinizd\u0259n! Qoy g\u0259lsinl\u0259r!..\u201d.\n<\/p>\n<p>\n  Bu h\u0259yacan\u0131 ya\u015famaq ist\u0259y\u0259nl\u0259r bu<br \/>\n  <a href=\"https:\/\/www.youtube.com\/watch?v=XAkg2oLiyj0\"><br \/>\n    link<br \/>\n  <\/a><br \/>\n  \u0259 daxil olub, 51-58-ci saniy\u0259l\u0259ri dinl\u0259y\u0259 bil\u0259rl\u0259r!\n<\/p>\n<p>\n  N\u0259s\u0259 inan\u0131lmaz, izahedilm\u0259z bir hissdi. H\u0259r d\u0259f\u0259 bu link\u0259 daxil olub, g\u0259nc bir o\u011flan\u0131n h\u0259min o \u201cbir-birinizd\u0259n tutun!\u201d dey\u0259n t\u0259sirli s\u0259sini e\u015fitdikc\u0259, \u00f6z\u00fcmd\u0259n as\u0131l\u0131 olmadan qan\u0131m qaynay\u0131r, q\u0259lbim h\u0259yacandan arams\u0131z \u00e7\u0131rp\u0131n\u0131r.\n<\/p>\n<p>\n  B\u0259z\u0259n vur-tut bir s\u00f6z bel\u0259 ar\u0131nd\u0131ra v\u0259 b\u00fct\u00f6vl\u0259\u015fdir\u0259, b\u00f6y\u00fck bir d\u0259yi\u015fimin stimulu, q\u0131\u011f\u0131lc\u0131m\u0131 v\u0259 dayaq n\u00f6qt\u0259si ola bil\u0259r.\n<\/p>\n<p>\n  ***<br \/>\n  <br \/>\n  T\u0259xmin\u0259n bir ay olar, Novxan\u0131 \u00e7im\u0259rliy\u0131n\u0259 getmi\u015fdim, suya ba\u015f vuranda, nisb\u0259t\u0259n b\u0259rkimi\u015f n\u0259cis qal\u0131qlar\u0131na rast g\u0259ldim. Qan\u0131m qarald\u0131, h\u0259v\u0259sd\u0259n d\u00fc\u015f\u00fcb, k\u0259nara \u00e7\u0131xd\u0131m.\n<\/p>\n<p>\n  &#8230;Etiraz t\u0259mizl\u0259yib, ar\u0131nd\u0131rmal\u0131d\u0131r, d\u0259niz kimi dal\u011falar\u0131 sahil\u0259 d\u0259yib, \u00e7\u0131rp\u0131lmal\u0131d\u0131r, kilometrl\u0259rl\u0259 uza\u011fa s\u0259y-k\u00fcy sal\u0131b, \u015f\u0131r\u0131ldamal\u0131, durulmal\u0131, durultmal\u0131d\u0131r, \u00e7oxillik a\u011fr\u0131lar\u0131m\u0131z\u0131n hovunu almal\u0131d\u0131r, \u201cbir-birinizd\u0259n tutun!\u201d dem\u0259lidir. N\u0259 vaxt ki etirazlar\u0131m\u0131z bizi t\u0259mizl\u0259yib, ar\u0131nd\u0131r\u0131b, u\u011fur qa\u00e7\u0131lmaz olub. \u018fks t\u0259qdird\u0259, \u00fczd\u00fcy\u00fcn yerd\u0259 beyq\u0259fil b\u0259rkimi\u015f n\u0259cis k\u00fctl\u0259sin\u0259 rast g\u0259lirs\u0259n&#8230;\n<\/p><\/p>\n","protected":false},"excerpt":{"rendered":"<p>Yal\u00e7\u0131n \u0130manov 90-c\u0131 ill\u0259rin sonunda, t\u0259z\u0259 Sumqay\u0131ta k\u00f6\u00e7\u0259n ill\u0259rd\u0259, d\u0259nizd\u0259n &#8230; <\/p>\n<p class=\"read-more-container\"><a title=\"Etiraz\u0131m\u0131z t\u0259mizl\u0259m\u0259lidir!\" class=\"read-more button\" href=\"https:\/\/www.meydan.tv\/az\/article\/etirazimiz-temizlemelidir\/#more-191035\" aria-label=\"Read more about Etiraz\u0131m\u0131z t\u0259mizl\u0259m\u0259lidir!\">Davam\u0131<\/a><\/p>\n","protected":false},"author":11,"featured_media":58394,"comment_status":"closed","ping_status":"open","sticky":false,"template":"","format":"standard","meta":{"_acf_changed":false,"_sitemap_exclude":false,"_sitemap_priority":"","_sitemap_frequency":"","footnotes":""},"categories":[57],"tags":[],"class_list":["post-191035","post","type-post","status-publish","format-standard","has-post-thumbnail","hentry","category-menim-fikrimce","infinite-scroll-item","generate-columns","tablet-grid-50","mobile-grid-100","grid-parent","grid-33","no-featured-image-padding"],"acf":[],"yoast_head":"<!-- This site is optimized with the Yoast SEO plugin v27.4 - https:\/\/yoast.com\/product\/yoast-seo-wordpress\/ -->\n<title>Etiraz\u0131m\u0131z t\u0259mizl\u0259m\u0259lidir! - MEYDAN.TV<\/title>\n<meta name=\"robots\" content=\"index, follow, max-snippet:-1, max-image-preview:large, max-video-preview:-1\" \/>\n<link rel=\"canonical\" href=\"https:\/\/www.meydan.tv\/az\/article\/etirazimiz-temizlemelidir\/\" \/>\n<meta property=\"og:locale\" content=\"az_AZ\" \/>\n<meta property=\"og:type\" content=\"article\" \/>\n<meta property=\"og:title\" content=\"Etiraz\u0131m\u0131z t\u0259mizl\u0259m\u0259lidir! - MEYDAN.TV\" \/>\n<meta property=\"og:description\" content=\"Yal\u00e7\u0131n \u0130manov 90-c\u0131 ill\u0259rin sonunda, t\u0259z\u0259 Sumqay\u0131ta k\u00f6\u00e7\u0259n ill\u0259rd\u0259, d\u0259nizd\u0259n ... Davam\u0131\" \/>\n<meta property=\"og:url\" content=\"https:\/\/www.meydan.tv\/az\/article\/etirazimiz-temizlemelidir\/\" \/>\n<meta property=\"og:site_name\" content=\"MEYDAN.TV\" \/>\n<meta property=\"article:published_time\" content=\"2018-07-28T18:11:15+00:00\" \/>\n<meta property=\"og:image\" content=\"https:\/\/www.meydan.tv\/wp-content\/uploads\/22148.jpg\" \/>\n\t<meta property=\"og:image:width\" content=\"768\" \/>\n\t<meta property=\"og:image:height\" content=\"432\" \/>\n\t<meta property=\"og:image:type\" content=\"image\/jpeg\" \/>\n<meta name=\"author\" content=\"user-manager\" \/>\n<meta name=\"twitter:card\" content=\"summary_large_image\" \/>\n<script type=\"application\/ld+json\" class=\"yoast-schema-graph\">{\"@context\":\"https:\\\/\\\/schema.org\",\"@graph\":[{\"@type\":\"Article\",\"@id\":\"https:\\\/\\\/www.meydan.tv\\\/az\\\/article\\\/etirazimiz-temizlemelidir\\\/#article\",\"isPartOf\":{\"@id\":\"https:\\\/\\\/www.meydan.tv\\\/az\\\/article\\\/etirazimiz-temizlemelidir\\\/\"},\"author\":{\"name\":\"user-manager\",\"@id\":\"https:\\\/\\\/www.meydan.tv\\\/az\\\/#\\\/schema\\\/person\\\/10d11eccf6da3662cf5fdab9806ea91a\"},\"headline\":\"Etiraz\u0131m\u0131z t\u0259mizl\u0259m\u0259lidir!\",\"datePublished\":\"2018-07-28T18:11:15+00:00\",\"mainEntityOfPage\":{\"@id\":\"https:\\\/\\\/www.meydan.tv\\\/az\\\/article\\\/etirazimiz-temizlemelidir\\\/\"},\"wordCount\":1353,\"publisher\":{\"@id\":\"https:\\\/\\\/www.meydan.tv\\\/az\\\/#organization\"},\"image\":{\"@id\":\"https:\\\/\\\/www.meydan.tv\\\/az\\\/article\\\/etirazimiz-temizlemelidir\\\/#primaryimage\"},\"thumbnailUrl\":\"https:\\\/\\\/www.meydan.tv\\\/wp-content\\\/uploads\\\/22148.jpg\",\"articleSection\":[\"M\u0259nim Fikrimc\u0259\"],\"inLanguage\":\"az\"},{\"@type\":\"WebPage\",\"@id\":\"https:\\\/\\\/www.meydan.tv\\\/az\\\/article\\\/etirazimiz-temizlemelidir\\\/\",\"url\":\"https:\\\/\\\/www.meydan.tv\\\/az\\\/article\\\/etirazimiz-temizlemelidir\\\/\",\"name\":\"Etiraz\u0131m\u0131z t\u0259mizl\u0259m\u0259lidir! - MEYDAN.TV\",\"isPartOf\":{\"@id\":\"https:\\\/\\\/www.meydan.tv\\\/az\\\/#website\"},\"primaryImageOfPage\":{\"@id\":\"https:\\\/\\\/www.meydan.tv\\\/az\\\/article\\\/etirazimiz-temizlemelidir\\\/#primaryimage\"},\"image\":{\"@id\":\"https:\\\/\\\/www.meydan.tv\\\/az\\\/article\\\/etirazimiz-temizlemelidir\\\/#primaryimage\"},\"thumbnailUrl\":\"https:\\\/\\\/www.meydan.tv\\\/wp-content\\\/uploads\\\/22148.jpg\",\"datePublished\":\"2018-07-28T18:11:15+00:00\",\"breadcrumb\":{\"@id\":\"https:\\\/\\\/www.meydan.tv\\\/az\\\/article\\\/etirazimiz-temizlemelidir\\\/#breadcrumb\"},\"inLanguage\":\"az\",\"potentialAction\":[{\"@type\":\"ReadAction\",\"target\":[\"https:\\\/\\\/www.meydan.tv\\\/az\\\/article\\\/etirazimiz-temizlemelidir\\\/\"]}]},{\"@type\":\"ImageObject\",\"inLanguage\":\"az\",\"@id\":\"https:\\\/\\\/www.meydan.tv\\\/az\\\/article\\\/etirazimiz-temizlemelidir\\\/#primaryimage\",\"url\":\"https:\\\/\\\/www.meydan.tv\\\/wp-content\\\/uploads\\\/22148.jpg\",\"contentUrl\":\"https:\\\/\\\/www.meydan.tv\\\/wp-content\\\/uploads\\\/22148.jpg\",\"width\":768,\"height\":432,\"caption\":\"Source:\"},{\"@type\":\"BreadcrumbList\",\"@id\":\"https:\\\/\\\/www.meydan.tv\\\/az\\\/article\\\/etirazimiz-temizlemelidir\\\/#breadcrumb\",\"itemListElement\":[{\"@type\":\"ListItem\",\"position\":1,\"name\":\"Ana s\u0259hif\u0259\",\"item\":\"https:\\\/\\\/www.meydan.tv\\\/az\\\/\"},{\"@type\":\"ListItem\",\"position\":2,\"name\":\"M\u0259nim Fikrimc\u0259\",\"item\":\"https:\\\/\\\/www.meydan.tv\\\/az\\\/section\\\/menim-fikrimce\\\/\"},{\"@type\":\"ListItem\",\"position\":3,\"name\":\"Etiraz\u0131m\u0131z t\u0259mizl\u0259m\u0259lidir!\"}]},{\"@type\":\"WebSite\",\"@id\":\"https:\\\/\\\/www.meydan.tv\\\/az\\\/#website\",\"url\":\"https:\\\/\\\/www.meydan.tv\\\/az\\\/\",\"name\":\"MEYDAN.TV\",\"description\":\"Meydan TV Az\u0259rbaycan\u0131n media m\u0259kan\u0131ndak\u0131 alternativ s\u0259sidir\",\"publisher\":{\"@id\":\"https:\\\/\\\/www.meydan.tv\\\/az\\\/#organization\"},\"potentialAction\":[{\"@type\":\"SearchAction\",\"target\":{\"@type\":\"EntryPoint\",\"urlTemplate\":\"https:\\\/\\\/www.meydan.tv\\\/az\\\/?s={search_term_string}\"},\"query-input\":{\"@type\":\"PropertyValueSpecification\",\"valueRequired\":true,\"valueName\":\"search_term_string\"}}],\"inLanguage\":\"az\"},{\"@type\":\"Organization\",\"@id\":\"https:\\\/\\\/www.meydan.tv\\\/az\\\/#organization\",\"name\":\"Meydan TV\",\"url\":\"https:\\\/\\\/www.meydan.tv\\\/az\\\/\",\"logo\":{\"@type\":\"ImageObject\",\"inLanguage\":\"az\",\"@id\":\"https:\\\/\\\/www.meydan.tv\\\/az\\\/#\\\/schema\\\/logo\\\/image\\\/\",\"url\":\"https:\\\/\\\/www.meydan.tv\\\/wp-content\\\/uploads\\\/2021\\\/07\\\/meydan-logo.svg\",\"contentUrl\":\"https:\\\/\\\/www.meydan.tv\\\/wp-content\\\/uploads\\\/2021\\\/07\\\/meydan-logo.svg\",\"width\":195,\"height\":46,\"caption\":\"Meydan TV\"},\"image\":{\"@id\":\"https:\\\/\\\/www.meydan.tv\\\/az\\\/#\\\/schema\\\/logo\\\/image\\\/\"}},{\"@type\":\"Person\",\"@id\":\"https:\\\/\\\/www.meydan.tv\\\/az\\\/#\\\/schema\\\/person\\\/10d11eccf6da3662cf5fdab9806ea91a\",\"name\":\"user-manager\"}]}<\/script>\n<!-- \/ Yoast SEO plugin. -->","yoast_head_json":{"title":"Etiraz\u0131m\u0131z t\u0259mizl\u0259m\u0259lidir! - MEYDAN.TV","robots":{"index":"index","follow":"follow","max-snippet":"max-snippet:-1","max-image-preview":"max-image-preview:large","max-video-preview":"max-video-preview:-1"},"canonical":"https:\/\/www.meydan.tv\/az\/article\/etirazimiz-temizlemelidir\/","og_locale":"az_AZ","og_type":"article","og_title":"Etiraz\u0131m\u0131z t\u0259mizl\u0259m\u0259lidir! - MEYDAN.TV","og_description":"Yal\u00e7\u0131n \u0130manov 90-c\u0131 ill\u0259rin sonunda, t\u0259z\u0259 Sumqay\u0131ta k\u00f6\u00e7\u0259n ill\u0259rd\u0259, d\u0259nizd\u0259n ... Davam\u0131","og_url":"https:\/\/www.meydan.tv\/az\/article\/etirazimiz-temizlemelidir\/","og_site_name":"MEYDAN.TV","article_published_time":"2018-07-28T18:11:15+00:00","og_image":[{"width":768,"height":432,"url":"https:\/\/www.meydan.tv\/wp-content\/uploads\/22148.jpg","type":"image\/jpeg"}],"author":"user-manager","twitter_card":"summary_large_image","schema":{"@context":"https:\/\/schema.org","@graph":[{"@type":"Article","@id":"https:\/\/www.meydan.tv\/az\/article\/etirazimiz-temizlemelidir\/#article","isPartOf":{"@id":"https:\/\/www.meydan.tv\/az\/article\/etirazimiz-temizlemelidir\/"},"author":{"name":"user-manager","@id":"https:\/\/www.meydan.tv\/az\/#\/schema\/person\/10d11eccf6da3662cf5fdab9806ea91a"},"headline":"Etiraz\u0131m\u0131z t\u0259mizl\u0259m\u0259lidir!","datePublished":"2018-07-28T18:11:15+00:00","mainEntityOfPage":{"@id":"https:\/\/www.meydan.tv\/az\/article\/etirazimiz-temizlemelidir\/"},"wordCount":1353,"publisher":{"@id":"https:\/\/www.meydan.tv\/az\/#organization"},"image":{"@id":"https:\/\/www.meydan.tv\/az\/article\/etirazimiz-temizlemelidir\/#primaryimage"},"thumbnailUrl":"https:\/\/www.meydan.tv\/wp-content\/uploads\/22148.jpg","articleSection":["M\u0259nim Fikrimc\u0259"],"inLanguage":"az"},{"@type":"WebPage","@id":"https:\/\/www.meydan.tv\/az\/article\/etirazimiz-temizlemelidir\/","url":"https:\/\/www.meydan.tv\/az\/article\/etirazimiz-temizlemelidir\/","name":"Etiraz\u0131m\u0131z t\u0259mizl\u0259m\u0259lidir! - MEYDAN.TV","isPartOf":{"@id":"https:\/\/www.meydan.tv\/az\/#website"},"primaryImageOfPage":{"@id":"https:\/\/www.meydan.tv\/az\/article\/etirazimiz-temizlemelidir\/#primaryimage"},"image":{"@id":"https:\/\/www.meydan.tv\/az\/article\/etirazimiz-temizlemelidir\/#primaryimage"},"thumbnailUrl":"https:\/\/www.meydan.tv\/wp-content\/uploads\/22148.jpg","datePublished":"2018-07-28T18:11:15+00:00","breadcrumb":{"@id":"https:\/\/www.meydan.tv\/az\/article\/etirazimiz-temizlemelidir\/#breadcrumb"},"inLanguage":"az","potentialAction":[{"@type":"ReadAction","target":["https:\/\/www.meydan.tv\/az\/article\/etirazimiz-temizlemelidir\/"]}]},{"@type":"ImageObject","inLanguage":"az","@id":"https:\/\/www.meydan.tv\/az\/article\/etirazimiz-temizlemelidir\/#primaryimage","url":"https:\/\/www.meydan.tv\/wp-content\/uploads\/22148.jpg","contentUrl":"https:\/\/www.meydan.tv\/wp-content\/uploads\/22148.jpg","width":768,"height":432,"caption":"Source:"},{"@type":"BreadcrumbList","@id":"https:\/\/www.meydan.tv\/az\/article\/etirazimiz-temizlemelidir\/#breadcrumb","itemListElement":[{"@type":"ListItem","position":1,"name":"Ana s\u0259hif\u0259","item":"https:\/\/www.meydan.tv\/az\/"},{"@type":"ListItem","position":2,"name":"M\u0259nim Fikrimc\u0259","item":"https:\/\/www.meydan.tv\/az\/section\/menim-fikrimce\/"},{"@type":"ListItem","position":3,"name":"Etiraz\u0131m\u0131z t\u0259mizl\u0259m\u0259lidir!"}]},{"@type":"WebSite","@id":"https:\/\/www.meydan.tv\/az\/#website","url":"https:\/\/www.meydan.tv\/az\/","name":"MEYDAN.TV","description":"Meydan TV Az\u0259rbaycan\u0131n media m\u0259kan\u0131ndak\u0131 alternativ s\u0259sidir","publisher":{"@id":"https:\/\/www.meydan.tv\/az\/#organization"},"potentialAction":[{"@type":"SearchAction","target":{"@type":"EntryPoint","urlTemplate":"https:\/\/www.meydan.tv\/az\/?s={search_term_string}"},"query-input":{"@type":"PropertyValueSpecification","valueRequired":true,"valueName":"search_term_string"}}],"inLanguage":"az"},{"@type":"Organization","@id":"https:\/\/www.meydan.tv\/az\/#organization","name":"Meydan TV","url":"https:\/\/www.meydan.tv\/az\/","logo":{"@type":"ImageObject","inLanguage":"az","@id":"https:\/\/www.meydan.tv\/az\/#\/schema\/logo\/image\/","url":"https:\/\/www.meydan.tv\/wp-content\/uploads\/2021\/07\/meydan-logo.svg","contentUrl":"https:\/\/www.meydan.tv\/wp-content\/uploads\/2021\/07\/meydan-logo.svg","width":195,"height":46,"caption":"Meydan TV"},"image":{"@id":"https:\/\/www.meydan.tv\/az\/#\/schema\/logo\/image\/"}},{"@type":"Person","@id":"https:\/\/www.meydan.tv\/az\/#\/schema\/person\/10d11eccf6da3662cf5fdab9806ea91a","name":"user-manager"}]}},"_links":{"self":[{"href":"https:\/\/www.meydan.tv\/az\/wp-json\/wp\/v2\/posts\/191035","targetHints":{"allow":["GET"]}}],"collection":[{"href":"https:\/\/www.meydan.tv\/az\/wp-json\/wp\/v2\/posts"}],"about":[{"href":"https:\/\/www.meydan.tv\/az\/wp-json\/wp\/v2\/types\/post"}],"author":[{"embeddable":true,"href":"https:\/\/www.meydan.tv\/az\/wp-json\/wp\/v2\/users\/11"}],"replies":[{"embeddable":true,"href":"https:\/\/www.meydan.tv\/az\/wp-json\/wp\/v2\/comments?post=191035"}],"version-history":[{"count":0,"href":"https:\/\/www.meydan.tv\/az\/wp-json\/wp\/v2\/posts\/191035\/revisions"}],"wp:featuredmedia":[{"embeddable":true,"href":"https:\/\/www.meydan.tv\/az\/wp-json\/wp\/v2\/media\/58394"}],"wp:attachment":[{"href":"https:\/\/www.meydan.tv\/az\/wp-json\/wp\/v2\/media?parent=191035"}],"wp:term":[{"taxonomy":"category","embeddable":true,"href":"https:\/\/www.meydan.tv\/az\/wp-json\/wp\/v2\/categories?post=191035"},{"taxonomy":"post_tag","embeddable":true,"href":"https:\/\/www.meydan.tv\/az\/wp-json\/wp\/v2\/tags?post=191035"}],"curies":[{"name":"wp","href":"https:\/\/api.w.org\/{rel}","templated":true}]}}