{"id":191033,"date":"2018-07-28T09:44:22","date_gmt":"2018-07-28T09:44:22","guid":{"rendered":"https:\/\/www.meydan.tv\/article\/sabiq-prezident-haqda-hebs-qerari-cixarildi\/"},"modified":"2018-07-28T09:44:22","modified_gmt":"2018-07-28T09:44:22","slug":"sabiq-prezident-haqda-hebs-qerari-cixarildi","status":"publish","type":"post","link":"https:\/\/www.meydan.tv\/az\/article\/sabiq-prezident-haqda-hebs-qerari-cixarildi\/","title":{"rendered":"Sabiq prezident haqda h\u0259bs q\u0259rar\u0131 \u00e7\u0131xar\u0131ld\u0131"},"content":{"rendered":"<figure class=\"wp-block-image size-large\">\n  <img decoding=\"async\" src=\"https:\/\/www.meydan.tv\/az\/robert-koceryan\/\" alt=\"Robert K\u00f6\u00e7\u0259ryan\" class=\"wp-image-107187\"\/><figcaption>\n    Robert K\u00f6\u00e7\u0259ryan<br \/>\n  <\/figcaption><\/figure>\n<p>\n  <i><br \/>\n    Robert K\u00f6\u00e7\u0259ryan\u0131n v\u0259kili Ruben Saakyan m\u0259hk\u0259m\u0259 q\u0259rar\u0131n\u0131 \u015f\u0259rh etm\u0259kd\u0259n imtina edib<br \/>\n  <\/i>\n<\/p>\n<p>\n  \u0130r\u0259van \u015e\u0259h\u0259r M\u0259hk\u0259m\u0259si 1998-2008-ci ill\u0259rd\u0259 Erm\u0259nistan prezidenti olan Robert K\u00f6\u00e7\u0259ryan haqda h\u0259bs q\u0259rar\u0131 \u00e7\u0131xar\u0131b.\n<\/p>\n<p>\n  Sabiq prezident 2008-ci il prezident se\u00e7kil\u0259rind\u0259n sonra mart\u0131n 1-d\u0259 paytaxtda ke\u00e7iril\u0259n etiraz aksiyas\u0131n\u0131n zorak\u0131l\u0131qla da\u011f\u0131d\u0131lmas\u0131 bar\u0259d\u0259 \u0259mr verm\u0259kd\u0259 ittiham olunur. Hadis\u0259l\u0259r n\u0259tic\u0259sind\u0259 10 n\u0259f\u0259r \u00f6l\u00fcb.\n<\/p>\n<p>\n  M\u0259lumat\u0131 Rusiya<br \/>\n  <a href=\"http:\/\/tass.ru\/mezhdunarodnaya-panorama\/5410423\"><br \/>\n    tass.ru<br \/>\n  <\/a><br \/>\n  yay\u0131b.\n<\/p>\n<p>\n  Robert K\u00f6\u00e7\u0259ryan\u0131n v\u0259kili Ruben Saakyan m\u0259hk\u0259m\u0259 q\u0259rar\u0131n\u0131 \u015f\u0259rh etm\u0259kd\u0259n imtina edib:\n<\/p>\n<p>\n  \u201cBu bar\u0259d\u0259 \u015fikay\u0259t ver\u0259c\u0259yik v\u0259 iyulun 28-d\u0259 m\u0259tbuat konfrans\u0131 ke\u00e7ir\u0259c\u0259yik\u201d.\n<\/p>\n<p>\n  Sabiq prezidentin \u00f6z\u00fc haqq\u0131nda cinay\u0259t i\u015fini qisas v\u0259 siyasi t\u0259qib adland\u0131rm\u0131\u015fd\u0131.\n<\/p>\n<p>\n  X\u00fcsusi \u0130stintaq Komit\u0259si Erm\u0259nistan\u0131n Kollektiv T\u0259hl\u00fck\u0259sizlik T\u0259\u015fkilat\u0131ndak\u0131 katibi Yuri Xa\u00e7aturova qar\u015f\u0131 da ittihamlar ir\u0259li s\u00fcr\u00fcb.<br \/>\n  <br \/>\n  1 mart hadis\u0259l\u0259rin\u0259 g\u00f6r\u0259 sabiq m\u00fcdafi\u0259 naziri Mikael Arutyunyan haqda is\u0259 axtar\u0131\u015f elan olunub.\n<\/p>\n<p>\n  Erm\u0259nistanda 2008-ci il 19 fevral prezident se\u00e7kil\u0259rind\u0259 qalib ba\u015f nazir Serj Sarkisyan elan olunsa da, m\u00fcxalif\u0259tin namiz\u0259di Ter-Petrosyan\u0131n t\u0259r\u0259fdarlar\u0131 aksiyalara start verdil\u0259r. Toqqu\u015fmalar n\u0259tic\u0259sind\u0259 2 polis olmaqla 10 n\u0259f\u0259r \u00f6lm\u00fc\u015fd\u00fc.\n<\/p><\/p>\n","protected":false},"excerpt":{"rendered":"<p>Robert K\u00f6\u00e7\u0259ryan\u0131n v\u0259kili Ruben Saakyan m\u0259hk\u0259m\u0259 q\u0259rar\u0131n\u0131 \u015f\u0259rh etm\u0259kd\u0259n imtina edib<\/p>\n","protected":false},"author":11,"featured_media":107187,"comment_status":"closed","ping_status":"open","sticky":false,"template":"","format":"standard","meta":{"_acf_changed":false,"_sitemap_exclude":false,"_sitemap_priority":"","_sitemap_frequency":"","footnotes":""},"categories":[56],"tags":[],"class_list":["post-191033","post","type-post","status-publish","format-standard","has-post-thumbnail","hentry","category-xeberler","infinite-scroll-item","generate-columns","tablet-grid-50","mobile-grid-100","grid-parent","grid-33","no-featured-image-padding"],"acf":[],"yoast_head":"<!-- This site is optimized with the Yoast SEO plugin v27.4 - https:\/\/yoast.com\/product\/yoast-seo-wordpress\/ -->\n<title>Sabiq prezident haqda h\u0259bs q\u0259rar\u0131 \u00e7\u0131xar\u0131ld\u0131 - MEYDAN.TV<\/title>\n<meta name=\"robots\" content=\"index, follow, max-snippet:-1, max-image-preview:large, max-video-preview:-1\" \/>\n<link rel=\"canonical\" href=\"https:\/\/www.meydan.tv\/az\/article\/sabiq-prezident-haqda-hebs-qerari-cixarildi\/\" \/>\n<meta property=\"og:locale\" content=\"az_AZ\" \/>\n<meta property=\"og:type\" content=\"article\" \/>\n<meta property=\"og:title\" content=\"Sabiq prezident haqda h\u0259bs q\u0259rar\u0131 \u00e7\u0131xar\u0131ld\u0131 - MEYDAN.TV\" \/>\n<meta property=\"og:description\" content=\"Robert K\u00f6\u00e7\u0259ryan\u0131n v\u0259kili Ruben Saakyan m\u0259hk\u0259m\u0259 q\u0259rar\u0131n\u0131 \u015f\u0259rh etm\u0259kd\u0259n imtina edib\" \/>\n<meta property=\"og:url\" content=\"https:\/\/www.meydan.tv\/az\/article\/sabiq-prezident-haqda-hebs-qerari-cixarildi\/\" \/>\n<meta property=\"og:site_name\" content=\"MEYDAN.TV\" \/>\n<meta property=\"article:published_time\" content=\"2018-07-28T09:44:22+00:00\" \/>\n<meta property=\"og:image\" content=\"https:\/\/www.meydan.tv\/wp-content\/uploads\/42565.jpg\" \/>\n\t<meta property=\"og:image:width\" content=\"744\" \/>\n\t<meta property=\"og:image:height\" content=\"473\" \/>\n\t<meta property=\"og:image:type\" content=\"image\/jpeg\" \/>\n<meta name=\"author\" content=\"user-manager\" \/>\n<meta name=\"twitter:card\" content=\"summary_large_image\" \/>\n<script type=\"application\/ld+json\" class=\"yoast-schema-graph\">{\"@context\":\"https:\\\/\\\/schema.org\",\"@graph\":[{\"@type\":\"Article\",\"@id\":\"https:\\\/\\\/www.meydan.tv\\\/az\\\/article\\\/sabiq-prezident-haqda-hebs-qerari-cixarildi\\\/#article\",\"isPartOf\":{\"@id\":\"https:\\\/\\\/www.meydan.tv\\\/az\\\/article\\\/sabiq-prezident-haqda-hebs-qerari-cixarildi\\\/\"},\"author\":{\"name\":\"user-manager\",\"@id\":\"https:\\\/\\\/www.meydan.tv\\\/az\\\/#\\\/schema\\\/person\\\/10d11eccf6da3662cf5fdab9806ea91a\"},\"headline\":\"Sabiq prezident haqda h\u0259bs q\u0259rar\u0131 \u00e7\u0131xar\u0131ld\u0131\",\"datePublished\":\"2018-07-28T09:44:22+00:00\",\"mainEntityOfPage\":{\"@id\":\"https:\\\/\\\/www.meydan.tv\\\/az\\\/article\\\/sabiq-prezident-haqda-hebs-qerari-cixarildi\\\/\"},\"wordCount\":253,\"publisher\":{\"@id\":\"https:\\\/\\\/www.meydan.tv\\\/az\\\/#organization\"},\"image\":{\"@id\":\"https:\\\/\\\/www.meydan.tv\\\/az\\\/article\\\/sabiq-prezident-haqda-hebs-qerari-cixarildi\\\/#primaryimage\"},\"thumbnailUrl\":\"https:\\\/\\\/www.meydan.tv\\\/wp-content\\\/uploads\\\/42565.jpg\",\"articleSection\":[\"X\u0259b\u0259rl\u0259r\"],\"inLanguage\":\"az\"},{\"@type\":\"WebPage\",\"@id\":\"https:\\\/\\\/www.meydan.tv\\\/az\\\/article\\\/sabiq-prezident-haqda-hebs-qerari-cixarildi\\\/\",\"url\":\"https:\\\/\\\/www.meydan.tv\\\/az\\\/article\\\/sabiq-prezident-haqda-hebs-qerari-cixarildi\\\/\",\"name\":\"Sabiq prezident haqda h\u0259bs q\u0259rar\u0131 \u00e7\u0131xar\u0131ld\u0131 - MEYDAN.TV\",\"isPartOf\":{\"@id\":\"https:\\\/\\\/www.meydan.tv\\\/az\\\/#website\"},\"primaryImageOfPage\":{\"@id\":\"https:\\\/\\\/www.meydan.tv\\\/az\\\/article\\\/sabiq-prezident-haqda-hebs-qerari-cixarildi\\\/#primaryimage\"},\"image\":{\"@id\":\"https:\\\/\\\/www.meydan.tv\\\/az\\\/article\\\/sabiq-prezident-haqda-hebs-qerari-cixarildi\\\/#primaryimage\"},\"thumbnailUrl\":\"https:\\\/\\\/www.meydan.tv\\\/wp-content\\\/uploads\\\/42565.jpg\",\"datePublished\":\"2018-07-28T09:44:22+00:00\",\"breadcrumb\":{\"@id\":\"https:\\\/\\\/www.meydan.tv\\\/az\\\/article\\\/sabiq-prezident-haqda-hebs-qerari-cixarildi\\\/#breadcrumb\"},\"inLanguage\":\"az\",\"potentialAction\":[{\"@type\":\"ReadAction\",\"target\":[\"https:\\\/\\\/www.meydan.tv\\\/az\\\/article\\\/sabiq-prezident-haqda-hebs-qerari-cixarildi\\\/\"]}]},{\"@type\":\"ImageObject\",\"inLanguage\":\"az\",\"@id\":\"https:\\\/\\\/www.meydan.tv\\\/az\\\/article\\\/sabiq-prezident-haqda-hebs-qerari-cixarildi\\\/#primaryimage\",\"url\":\"https:\\\/\\\/www.meydan.tv\\\/wp-content\\\/uploads\\\/42565.jpg\",\"contentUrl\":\"https:\\\/\\\/www.meydan.tv\\\/wp-content\\\/uploads\\\/42565.jpg\",\"width\":744,\"height\":473,\"caption\":\"Source:\"},{\"@type\":\"BreadcrumbList\",\"@id\":\"https:\\\/\\\/www.meydan.tv\\\/az\\\/article\\\/sabiq-prezident-haqda-hebs-qerari-cixarildi\\\/#breadcrumb\",\"itemListElement\":[{\"@type\":\"ListItem\",\"position\":1,\"name\":\"Ana s\u0259hif\u0259\",\"item\":\"https:\\\/\\\/www.meydan.tv\\\/az\\\/\"},{\"@type\":\"ListItem\",\"position\":2,\"name\":\"X\u0259b\u0259rl\u0259r\",\"item\":\"https:\\\/\\\/www.meydan.tv\\\/az\\\/section\\\/xeberler\\\/\"},{\"@type\":\"ListItem\",\"position\":3,\"name\":\"Sabiq prezident haqda h\u0259bs q\u0259rar\u0131 \u00e7\u0131xar\u0131ld\u0131\"}]},{\"@type\":\"WebSite\",\"@id\":\"https:\\\/\\\/www.meydan.tv\\\/az\\\/#website\",\"url\":\"https:\\\/\\\/www.meydan.tv\\\/az\\\/\",\"name\":\"MEYDAN.TV\",\"description\":\"Meydan TV Az\u0259rbaycan\u0131n media m\u0259kan\u0131ndak\u0131 alternativ s\u0259sidir\",\"publisher\":{\"@id\":\"https:\\\/\\\/www.meydan.tv\\\/az\\\/#organization\"},\"potentialAction\":[{\"@type\":\"SearchAction\",\"target\":{\"@type\":\"EntryPoint\",\"urlTemplate\":\"https:\\\/\\\/www.meydan.tv\\\/az\\\/?s={search_term_string}\"},\"query-input\":{\"@type\":\"PropertyValueSpecification\",\"valueRequired\":true,\"valueName\":\"search_term_string\"}}],\"inLanguage\":\"az\"},{\"@type\":\"Organization\",\"@id\":\"https:\\\/\\\/www.meydan.tv\\\/az\\\/#organization\",\"name\":\"Meydan TV\",\"url\":\"https:\\\/\\\/www.meydan.tv\\\/az\\\/\",\"logo\":{\"@type\":\"ImageObject\",\"inLanguage\":\"az\",\"@id\":\"https:\\\/\\\/www.meydan.tv\\\/az\\\/#\\\/schema\\\/logo\\\/image\\\/\",\"url\":\"https:\\\/\\\/www.meydan.tv\\\/wp-content\\\/uploads\\\/2021\\\/07\\\/meydan-logo.svg\",\"contentUrl\":\"https:\\\/\\\/www.meydan.tv\\\/wp-content\\\/uploads\\\/2021\\\/07\\\/meydan-logo.svg\",\"width\":195,\"height\":46,\"caption\":\"Meydan TV\"},\"image\":{\"@id\":\"https:\\\/\\\/www.meydan.tv\\\/az\\\/#\\\/schema\\\/logo\\\/image\\\/\"}},{\"@type\":\"Person\",\"@id\":\"https:\\\/\\\/www.meydan.tv\\\/az\\\/#\\\/schema\\\/person\\\/10d11eccf6da3662cf5fdab9806ea91a\",\"name\":\"user-manager\"}]}<\/script>\n<!-- \/ Yoast SEO plugin. -->","yoast_head_json":{"title":"Sabiq prezident haqda h\u0259bs q\u0259rar\u0131 \u00e7\u0131xar\u0131ld\u0131 - MEYDAN.TV","robots":{"index":"index","follow":"follow","max-snippet":"max-snippet:-1","max-image-preview":"max-image-preview:large","max-video-preview":"max-video-preview:-1"},"canonical":"https:\/\/www.meydan.tv\/az\/article\/sabiq-prezident-haqda-hebs-qerari-cixarildi\/","og_locale":"az_AZ","og_type":"article","og_title":"Sabiq prezident haqda h\u0259bs q\u0259rar\u0131 \u00e7\u0131xar\u0131ld\u0131 - MEYDAN.TV","og_description":"Robert K\u00f6\u00e7\u0259ryan\u0131n v\u0259kili Ruben Saakyan m\u0259hk\u0259m\u0259 q\u0259rar\u0131n\u0131 \u015f\u0259rh etm\u0259kd\u0259n imtina edib","og_url":"https:\/\/www.meydan.tv\/az\/article\/sabiq-prezident-haqda-hebs-qerari-cixarildi\/","og_site_name":"MEYDAN.TV","article_published_time":"2018-07-28T09:44:22+00:00","og_image":[{"width":744,"height":473,"url":"https:\/\/www.meydan.tv\/wp-content\/uploads\/42565.jpg","type":"image\/jpeg"}],"author":"user-manager","twitter_card":"summary_large_image","schema":{"@context":"https:\/\/schema.org","@graph":[{"@type":"Article","@id":"https:\/\/www.meydan.tv\/az\/article\/sabiq-prezident-haqda-hebs-qerari-cixarildi\/#article","isPartOf":{"@id":"https:\/\/www.meydan.tv\/az\/article\/sabiq-prezident-haqda-hebs-qerari-cixarildi\/"},"author":{"name":"user-manager","@id":"https:\/\/www.meydan.tv\/az\/#\/schema\/person\/10d11eccf6da3662cf5fdab9806ea91a"},"headline":"Sabiq prezident haqda h\u0259bs q\u0259rar\u0131 \u00e7\u0131xar\u0131ld\u0131","datePublished":"2018-07-28T09:44:22+00:00","mainEntityOfPage":{"@id":"https:\/\/www.meydan.tv\/az\/article\/sabiq-prezident-haqda-hebs-qerari-cixarildi\/"},"wordCount":253,"publisher":{"@id":"https:\/\/www.meydan.tv\/az\/#organization"},"image":{"@id":"https:\/\/www.meydan.tv\/az\/article\/sabiq-prezident-haqda-hebs-qerari-cixarildi\/#primaryimage"},"thumbnailUrl":"https:\/\/www.meydan.tv\/wp-content\/uploads\/42565.jpg","articleSection":["X\u0259b\u0259rl\u0259r"],"inLanguage":"az"},{"@type":"WebPage","@id":"https:\/\/www.meydan.tv\/az\/article\/sabiq-prezident-haqda-hebs-qerari-cixarildi\/","url":"https:\/\/www.meydan.tv\/az\/article\/sabiq-prezident-haqda-hebs-qerari-cixarildi\/","name":"Sabiq prezident haqda h\u0259bs q\u0259rar\u0131 \u00e7\u0131xar\u0131ld\u0131 - MEYDAN.TV","isPartOf":{"@id":"https:\/\/www.meydan.tv\/az\/#website"},"primaryImageOfPage":{"@id":"https:\/\/www.meydan.tv\/az\/article\/sabiq-prezident-haqda-hebs-qerari-cixarildi\/#primaryimage"},"image":{"@id":"https:\/\/www.meydan.tv\/az\/article\/sabiq-prezident-haqda-hebs-qerari-cixarildi\/#primaryimage"},"thumbnailUrl":"https:\/\/www.meydan.tv\/wp-content\/uploads\/42565.jpg","datePublished":"2018-07-28T09:44:22+00:00","breadcrumb":{"@id":"https:\/\/www.meydan.tv\/az\/article\/sabiq-prezident-haqda-hebs-qerari-cixarildi\/#breadcrumb"},"inLanguage":"az","potentialAction":[{"@type":"ReadAction","target":["https:\/\/www.meydan.tv\/az\/article\/sabiq-prezident-haqda-hebs-qerari-cixarildi\/"]}]},{"@type":"ImageObject","inLanguage":"az","@id":"https:\/\/www.meydan.tv\/az\/article\/sabiq-prezident-haqda-hebs-qerari-cixarildi\/#primaryimage","url":"https:\/\/www.meydan.tv\/wp-content\/uploads\/42565.jpg","contentUrl":"https:\/\/www.meydan.tv\/wp-content\/uploads\/42565.jpg","width":744,"height":473,"caption":"Source:"},{"@type":"BreadcrumbList","@id":"https:\/\/www.meydan.tv\/az\/article\/sabiq-prezident-haqda-hebs-qerari-cixarildi\/#breadcrumb","itemListElement":[{"@type":"ListItem","position":1,"name":"Ana s\u0259hif\u0259","item":"https:\/\/www.meydan.tv\/az\/"},{"@type":"ListItem","position":2,"name":"X\u0259b\u0259rl\u0259r","item":"https:\/\/www.meydan.tv\/az\/section\/xeberler\/"},{"@type":"ListItem","position":3,"name":"Sabiq prezident haqda h\u0259bs q\u0259rar\u0131 \u00e7\u0131xar\u0131ld\u0131"}]},{"@type":"WebSite","@id":"https:\/\/www.meydan.tv\/az\/#website","url":"https:\/\/www.meydan.tv\/az\/","name":"MEYDAN.TV","description":"Meydan TV Az\u0259rbaycan\u0131n media m\u0259kan\u0131ndak\u0131 alternativ s\u0259sidir","publisher":{"@id":"https:\/\/www.meydan.tv\/az\/#organization"},"potentialAction":[{"@type":"SearchAction","target":{"@type":"EntryPoint","urlTemplate":"https:\/\/www.meydan.tv\/az\/?s={search_term_string}"},"query-input":{"@type":"PropertyValueSpecification","valueRequired":true,"valueName":"search_term_string"}}],"inLanguage":"az"},{"@type":"Organization","@id":"https:\/\/www.meydan.tv\/az\/#organization","name":"Meydan TV","url":"https:\/\/www.meydan.tv\/az\/","logo":{"@type":"ImageObject","inLanguage":"az","@id":"https:\/\/www.meydan.tv\/az\/#\/schema\/logo\/image\/","url":"https:\/\/www.meydan.tv\/wp-content\/uploads\/2021\/07\/meydan-logo.svg","contentUrl":"https:\/\/www.meydan.tv\/wp-content\/uploads\/2021\/07\/meydan-logo.svg","width":195,"height":46,"caption":"Meydan TV"},"image":{"@id":"https:\/\/www.meydan.tv\/az\/#\/schema\/logo\/image\/"}},{"@type":"Person","@id":"https:\/\/www.meydan.tv\/az\/#\/schema\/person\/10d11eccf6da3662cf5fdab9806ea91a","name":"user-manager"}]}},"_links":{"self":[{"href":"https:\/\/www.meydan.tv\/az\/wp-json\/wp\/v2\/posts\/191033","targetHints":{"allow":["GET"]}}],"collection":[{"href":"https:\/\/www.meydan.tv\/az\/wp-json\/wp\/v2\/posts"}],"about":[{"href":"https:\/\/www.meydan.tv\/az\/wp-json\/wp\/v2\/types\/post"}],"author":[{"embeddable":true,"href":"https:\/\/www.meydan.tv\/az\/wp-json\/wp\/v2\/users\/11"}],"replies":[{"embeddable":true,"href":"https:\/\/www.meydan.tv\/az\/wp-json\/wp\/v2\/comments?post=191033"}],"version-history":[{"count":0,"href":"https:\/\/www.meydan.tv\/az\/wp-json\/wp\/v2\/posts\/191033\/revisions"}],"wp:featuredmedia":[{"embeddable":true,"href":"https:\/\/www.meydan.tv\/az\/wp-json\/wp\/v2\/media\/107187"}],"wp:attachment":[{"href":"https:\/\/www.meydan.tv\/az\/wp-json\/wp\/v2\/media?parent=191033"}],"wp:term":[{"taxonomy":"category","embeddable":true,"href":"https:\/\/www.meydan.tv\/az\/wp-json\/wp\/v2\/categories?post=191033"},{"taxonomy":"post_tag","embeddable":true,"href":"https:\/\/www.meydan.tv\/az\/wp-json\/wp\/v2\/tags?post=191033"}],"curies":[{"name":"wp","href":"https:\/\/api.w.org\/{rel}","templated":true}]}}