{"id":191031,"date":"2018-07-28T00:24:47","date_gmt":"2018-07-28T00:24:47","guid":{"rendered":"https:\/\/www.meydan.tv\/article\/azerbaycan-tebligat-ve-obraz\/"},"modified":"2018-07-28T00:24:47","modified_gmt":"2018-07-28T00:24:47","slug":"azerbaycan-tebligat-ve-obraz","status":"publish","type":"post","link":"https:\/\/www.meydan.tv\/az\/article\/azerbaycan-tebligat-ve-obraz\/","title":{"rendered":"Az\u0259rbaycan: T\u0259bli\u011fat v\u0259 obraz"},"content":{"rendered":"<figure class=\"wp-block-image size-large\">\n  <img decoding=\"async\" src=\"https:\/\/www.meydan.tv\/az\/107163\/\" alt=\"\" class=\"wp-image-107163\"\/><figcaption><\/figcaption><\/figure>\n<figure class=\"wp-block-image size-large\">\n  <img decoding=\"async\" src=\"https:\/\/www.meydan.tv\/az\/107163\/\" alt=\"\" class=\"wp-image-107163\"\/><figcaption><\/figcaption><\/figure>\n<p>\n  N\u0259hay\u0259t ki, bu\u201dJara\u201d festival\u0131 ba\u015flad\u0131, Zara da g\u0259ldi, yoxsa s\u0259s-k\u00fcyd\u0259n ba\u015f\u0131m\u0131z lap getmi\u015fdi.<\/p>\n<p>  B\u00fct\u00fcn planeti sarm\u0131\u015f bu c\u0259h\u0259nn\u0259m istil\u0259ri fonunda festival\u0131n ad\u0131 \u00e7ox u\u011furlu se\u00e7ilib, o ki qald\u0131 xan\u0131m Mqoyan\u0131n i\u015ftirak\u0131na, camaat yen\u0259 trolland\u0131. Maraql\u0131d\u0131 ki, 2016-c\u0131 ilin pay\u0131z\u0131nda Soso Pavlia\u015fvilinin g\u0259li\u015fin\u0259 d\u0259 etiraz etmi\u015fdi bizim k\u00fctl\u0259, y\u0259ni o d\u0259rs bu insanlara b\u0259s etm\u0259dimi ki, yen\u0259 d\u0259 tilova d\u00fc\u015fd\u00fcl\u0259r?<\/p>\n<p>  \u018fziz k\u00fctl\u0259, bird\u0259f\u0259lik ayd\u0131nla\u015fd\u0131rmaq laz\u0131md\u0131r ki, &#8220;erm\u0259ni&#8221; kart\u0131 hakimiyy\u0259tin \u0259lind\u0259 manipulyasiya \u00e7ubu\u011fudur \u2013 o, nec\u0259 des\u0259, el\u0259 d\u0259 olacaq. \u018fg\u0259r, m\u0259s\u0259l\u0259n, des\u0259l\u0259r ki, &#8220;Yerevan\u0131 alaca\u011f\u0131q&#8221; &#8211; \u0259l \u00e7almal\u0131san, sonra des\u0259l\u0259r ki, &#8220;erm\u0259nil\u0259rin quyru\u011fu-buynuzu var&#8221; &#8211; yen\u0259 d\u0259 alq\u0131\u015flamal\u0131san, ondan sonra da Bak\u0131da &#8220;Avropa oyunlar\u0131&#8221; ke\u00e7irib, erm\u0259ni idman\u00e7\u0131lar\u0131 \u00e7a\u011f\u0131r\u0131b, onlara medal ver\u0259nd\u0259 d\u0259 prezidentin g\u00f6st\u0259ri\u015fi il\u0259 \u00e7\u0259pik \u00e7almal\u0131san v\u0259 \u0259lah\u0259zr\u0259tl\u0259rd\u0259n kims\u0259 Sosonu, yaxud Zaran\u0131 Bak\u0131ya festivala-filana \u00e7a\u011f\u0131rsa, buna da yaln\u0131z sevinib &#8220;u\u011furlu daxili v\u0259 xarici siyas\u0259t strategiyas\u0131&#8221;ndan ekstaza g\u0259lm\u0259lis\u0259n. \u018fld\u0259qay\u0131rma v\u0259t\u0259np\u0259rv\u0259rlik bunu t\u0259l\u0259b edir, c\u0259nab k\u00fctl\u0259, l\u00fctf\u0259n bel\u0259 dolanbaclardan usanma, koqnitiv dissonans da ke\u00e7irm\u0259, d\u00fc\u015f\u00fcnm\u0259 ki, onu da bunlar deyir, bunu da onlar, n\u0259 f\u0259rqi var? Q\u0131sas\u0131, laz\u0131m olanda \u201cfa\u015fist ol\u201d des\u0259l\u0259r fa\u015fist olacaqsan, \u201ctolenrant ol\u201d des\u0259l\u0259r, tolerant, h\u0259r\u00e7\u0259nd ki, bunun n\u0259 dem\u0259k oldu\u011fundan \u00f6lk\u0259d\u0259 kims\u0259nin x\u0259b\u0259ri d\u0259 yox.\n<\/p>\n<p>\n  N\u0259 f\u0259rqi var ki, \u00f6lk\u0259d\u0259 az qala fa\u015fist t\u0259bli\u011fat\u0131na yax\u0131n bir t\u0259bli\u011fat\u0131 da bunlar\u0131n medias\u0131 apar\u0131r, insanlar\u0131n hissl\u0259rind\u0259n istifad\u0259 edir, sonra s\u00fclhp\u0259rv\u0259r v\u0259 tolerant oldu\u011fumuzu yen\u0259 d\u0259 bunlar deyir, f\u0259rq el\u0259m\u0259z. \u018fsas odur ki, onlar bilir neynir v\u0259 onlar dey\u0259n d\u0259 olacaq &#8211; bunu \u0259d\u0259bi olaraq \u0259xz etm\u0259k laz\u0131md\u0131r. Yoxsa n\u0259 q\u0259d\u0259r adam o zaman Sosonun, indi d\u0259 Zaran\u0131n t\u0259k\u0259rin\u0259 d\u00fc\u015fd\u00fc, n\u0259 q\u0259d\u0259r insan apreld\u0259 inand\u0131 v\u0259 yen\u0259 d\u0259 n\u0259s\u0259 ba\u015f vers\u0259, inanacaq. &#8220;Yerevan\u0131 almaq&#8221; da \u00fcmumi fondur, g\u0259r\u0259k olanda zaman-zaman s\u0259sl\u0259ndiril\u0259c\u0259k, laz\u0131m olan yerl\u0259rd\u0259 d\u0259 deyil\u0259c\u0259k ki, &#8220;g\u00f6r\u00fcrs\u00fcn\u00fcz, bunlar revan\u015f ist\u0259yir, qani\u00e7\u0259k k\u00fctl\u0259di, bunlar\u0131 biz saxlay\u0131r\u0131q, biz olmasaq m\u00fcharib\u0259 ba\u015flayar&#8221;.<\/p>\n<p>  T\u0259bli\u011fat\u0131n k\u00fctl\u0259y\u0259 nec\u0259 t\u0259sir etm\u0259si haqda XX \u0259srd\u0259 y\u00fczl\u0259rl\u0259 elmi i\u015f yaz\u0131l\u0131b, ara\u015fd\u0131rmalar apar\u0131l\u0131b, adlar\u0131n\u0131 sadalayas\u0131 olsaq s\u0259hif\u0259l\u0259r \u00e7atmaz, amma bizim \u00fc\u00e7\u00fcn \u00e7ifayda. Bu y\u00f6nd\u0259 \u0259n &#8220;g\u00fccl\u00fc&#8221; fikirl\u0259rd\u0259n biri d\u0259 Hitler rejiminin &#8220;T\u0259bli\u011fat v\u0259 xalq maarifi&#8221; naziri i\u015fl\u0259mi\u015f b\u0259dnam doktor G\u00f6bbels&#8217;\u0259 m\u0259xsusdur, adam deyirmi\u015f ki, yalan n\u0259 q\u0259d\u0259r z\u0131rp\u0131 olsa, ona daha \u00e7ox inanacaqlar.<\/p>\n<p>  Dolay\u0131 yolla bunlar o dem\u0259kdir ki, hakimiyy\u0259tin Qaraba\u011f y\u00f6n\u00fcnd\u0259, \u00fcmumiyy\u0259tl\u0259, qon\u015fu d\u00f6vl\u0259tl\u0259 m\u00fcnasib\u0259td\u0259 he\u00e7 bir konsepsiyas\u0131 yoxdur. Gah r\u0259smi medialar erm\u0259nil\u0259r\u0259 zooloji nifr\u0259t a\u015f\u0131lay\u0131r, \u00f6lk\u0259nin r\u0259hb\u0259ri qon\u015fu d\u00f6vl\u0259tin paytaxt\u0131n\u0131 i\u015f\u011fal ed\u0259c\u0259yi il\u0259 h\u0259d\u0259l\u0259yir, gah da el\u0259 h\u0259min o medialar, hakim dair\u0259l\u0259rin dili il\u0259 erm\u0259nil\u0259rin biz\u0259 d\u00fc\u015fm\u0259n olmad\u0131\u011f\u0131, tolerant olma\u011f\u0131m\u0131z haqda dan\u0131\u015f\u0131r. Bel\u0259c\u0259 n\u0259 daxild\u0259, n\u0259 d\u0259 xaricd\u0259 he\u00e7 kim\u0259 d\u0259qiq b\u0259lli deyil ki, bu hakimiyy\u0259t Qaraba\u011f v\u0259 erm\u0259nil\u0259rl\u0259 n\u0259 etm\u0259k ist\u0259yir.\n<\/p>\n<p>\n  A\u00e7\u0131\u011f\u0131, g\u00f6r\u00fcn\u0259n d\u0259 budur ki, Bak\u0131dak\u0131, s\u0131rf \u00f6z merkantil mara\u011f\u0131ndan ba\u015fqa he\u00e7 bir \u015feyl\u0259 maraqlanmayan avtoritar rejim\u0259 daxild\u0259ki legitimasiya \u00fc\u00e7\u00fcn xarici d\u00fc\u015fm\u0259n (&#8220;bizim Qaraba\u011f boyda d\u0259rdimiz var&#8221; mantras\u0131) hava-su kimi g\u0259r\u0259kdir. Q\u0131sas\u0131, daxili t\u0259bli\u011fat bu y\u00f6nd\u0259 apar\u0131l\u0131r.\n<\/p>\n<p>\n  \u00d6lk\u0259 xarici \u00fc\u00e7\u00fcns\u0259 Az\u0259rbaycanda tolerant v\u0259 sivil q\u00fcvv\u0259 kimi yaln\u0131z \u00f6zl\u0259rinin m\u00f6vqel\u0259ndirilm\u0259si, y\u0259ni g\u0259r\u0259k olan yerl\u0259rd\u0259 &#8221; hakimiyy\u0259td\u0259 biz olmasaq m\u00fcharib\u0259 ba\u015flanacaq&#8221; dem\u0259k \u00fc\u00e7\u00fcn laz\u0131md\u0131r. Q\u0131saca, burada da &#8220;tolerant&#8221; obraz yaratmaq g\u0259r\u0259kdir.\n<\/p>\n<p>\n  X\u00fclas\u0259, t\u0259bli\u011fat daxil \u00fc\u00e7\u00fcn, obraz is\u0259 xaric \u00fc\u00e7\u00fcnd\u00fcr. Hakimiyy\u0259tin haz\u0131rk\u0131 davran\u0131\u015f\u0131 yaln\u0131z bu motivasiya il\u0259 izah edil\u0259 bil\u0259r.\n<\/p>\n<p>\n  Bu s\u00f6hb\u0259tl\u0259rin fonunda \u00f6lk\u0259 daxilind\u0259 \u00e7ox-\u00e7ox ac\u0131 v\u0259 m\u00fcdhi\u015f x\u0259b\u0259r yay\u0131ld\u0131 ki, ke\u00e7\u0259n il \u201cv\u0259t\u0259n\u0259 x\u0259yan\u0259t\u201d ittiham\u0131 il\u0259 h\u0259bs edildikd\u0259n sonra m\u0259hk\u0259m\u0259siz-s\u00fcbutsuz i\u015fg\u0259nc\u0259 veril\u0259r\u0259k d\u00f6y\u00fcl\u00fcb \u00f6ld\u00fcr\u00fcl\u0259n zabit, bir zamanlar A\u011fdam\u0131n N sayl\u0131 h\u0259rbi hiss\u0259sind\u0259 batalyon komandiri v\u0259zif\u0259sini icra ed\u0259n kapitan S\u00fcleyman Kaz\u0131mov g\u00fcnah\u0131 s\u00fcbuta yetirilm\u0259diyi \u00fc\u00e7\u00fcn b\u0259ra\u0259t al\u0131b. Y\u0259ni he\u00e7 n\u0259d\u0259n insan\u0131, h\u0259rb\u00e7imizi, zabiti s\u00fcbutsuz-filans\u0131z i\u015fg\u0259nc\u0259l\u0259rl\u0259 \u00f6ld\u00fcr\u00fcbl\u0259r.\n<\/p>\n<p>\n  Onun kimi d\u0259 ne\u00e7\u0259 n\u0259f\u0259r var, xatirimd\u0259 idi ki, aralar\u0131nda h\u0259tta polkovnik r\u00fctb\u0259li d\u0259 vard\u0131. \u015e\u0259rhsiz.<\/p>\n<p>  \u0130ndi is\u0259 bu zaman k\u0259siyind\u0259 r\u0259qibimiz olan qon\u015fular\u0131m\u0131zda n\u0259l\u0259r ba\u015f verdiyin\u0259 q\u0131saca n\u0259z\u0259r salaq. Bu hadis\u0259l\u0259rd\u0259n bir q\u0259d\u0259r \u00f6nc\u0259 Erm\u0259nistan\u0131n Ba\u015f naziri Nikol Pa\u015finyan Br\u00fcsseld\u0259 NATO \u00e7\u0259r\u00e7iv\u0259sind\u0259 g\u00f6r\u00fc\u015fl\u0259r ke\u00e7ir\u0259rk\u0259n, paralel olaraq Yerevanda \u00f6lk\u0259nin 25 ild\u0259n \u00e7ox \u00fczv\u00fc oldu\u011fu Kollektiv T\u0259hl\u00fck\u0259sizlik M\u00fcqavil\u0259si T\u0259\u015fkilat\u0131n\u0131n (\u041e\u0414\u041a\u0411) ba\u015f katibi (y\u0259ni bu qurumun ali m\u0259muru), general Yuri Xa\u00e7aturov 2008-ci ilin mart\u0131nda dinc \u0259halinin g\u00fcll\u0259l\u0259nm\u0259si i\u015fi \u00fczr\u0259 istintaqa \u00e7a\u011fr\u0131l\u0131r.<\/p>\n<p>  D\u00fcn\u0259n is\u0259 x\u0259b\u0259r g\u0259ldi ki, \u00f6lk\u0259nin eks-prezidenti, \u015fanl\u0131 Az\u0259rbaycan komsomolunun yetirm\u0259si Robert Ko\u00e7aryan haqda h\u04d9bs \u04d9mri \u00e7\u0131xar\u0131l\u0131b. Xatirinizd\u0259s\u0259, daha \u00f6nc\u0259 Erm\u0259nistan\u0131n \u0259n ali h\u0259rbi orden v\u0259 medallar\u0131n\u0131n da\u015f\u0131y\u0131c\u0131s\u0131, &#8220;Qaraba\u011f\u0131n q\u0259hr\u0259man\u0131&#8221;, evi v\u0259 ba\u011f\u0131nda avtopark v\u0259 v\u0259h\u015fi heyvanlardan ibar\u0259t zooparkdan tutmu\u015f \u0259sg\u0259rl\u0259r \u00fc\u00e7\u00fcn n\u0259z\u0259rd\u0259 tutulan \u0259rza\u011fa q\u0259d\u0259r gizl\u0259d\u0259n general Manvel Qriqoryan\u0131n s\u0259s-k\u00fcyl\u00fc tutulmas\u0131 ba\u015f vermi\u015fdi. (G\u00f6r\u0259n onun bizd\u0259ki orden-medall\u0131 &#8220;h\u0259mkarlar\u0131&#8221; ev-ba\u011flar\u0131nda n\u0259 gizl\u0259dir? D\u00fc\u015f\u00fcn\u0259nd\u0259 insan d\u0259h\u015f\u0259t\u0259 g\u0259lir sad\u0259c\u0259.)<\/p>\n<p>  Bu siyah\u0131ya daha bir eks-prezident, Serj Sarkisyan\u0131n lap yax\u0131n \u0259traf\u0131n\u0131n da istintaqa c\u0259lb edildiyini \u0259lav\u0259 ets\u0259k, ayd\u0131n olar ki, inqilab dal\u011fas\u0131nda hakimiyy\u0259t\u0259 g\u0259lmi\u015f Pa\u015finyan \u00f6lk\u0259d\u0259ki hakimiyy\u0259ti onill\u0259rl\u0259 \u0259lin\u0259 alm\u0131\u015f cinay\u0259tkar Qaraba\u011f klan\u0131n\u0131 da\u011f\u0131tmaqda israrl\u0131d\u0131r.<\/p>\n<p>  B\u00fct\u00fcn bunlara Pa\u015finyan\u0131n &#8220;\u042d\u0445\u043e \u041c\u043e\u0441\u043a\u0432\u044b&#8221; radiosunun ba\u015f redaktoruna verdiyi m\u0259lum m\u00fcsahib\u0259d\u0259ki fikirl\u0259rini d\u0259 \u0259lav\u0259 ets\u0259k, tamamil\u0259 ayd\u0131n olar ki, b\u00fct\u00fcn bunlar Az\u0259rbaycan \u00fc\u00e7\u00fcn he\u00e7 d\u0259 yax\u015f\u0131 olmayan m\u0259qamlardan x\u0259b\u0259r verir.<\/p>\n<p>  Az\u0259rbaycan\u0131n haz\u0131rda \u00f6lk\u0259 daxilind\u0259 ist\u0259diyi kimi apard\u0131\u011f\u0131 t\u0259bli\u011fat manipulyasiyalar\u0131na r\u0259\u011fm\u0259n, \u00f6lk\u0259 xaricind\u0259 bu kimi imkanlar\u0131 art\u0131q s\u0131f\u0131ra b\u0259rab\u0259rdir. \u00d6z\u00fcn\u00fcn boynuna ald\u0131\u011f\u0131 kimi (Britaniyal\u0131 jurnalist v\u0259 yazar Thomas de Waal&#8217;a 2000-ci ild\u0259 verdiyi m\u00fcsahib\u0259d\u0259) qatil olan Serj Sarkisyan klan\u0131 hakimiyy\u0259td\u0259 olark\u0259n bunu etm\u0259k kifay\u0259t q\u0259d\u0259r asan idi. \u00c7\u00fcnki m\u00fcharib\u0259 n\u0259tic\u0259sind\u0259 hakimiyy\u0259t\u0259 g\u0259lmi\u015f cinay\u0259tkar Qaraba\u011f klan\u0131 v\u0259 onun qatil ali r\u0259hb\u0259ri Erm\u0259nistan\u0131n i\u015f\u011fal\u00e7\u0131 obraz\u0131n\u0131 saxlamaqda, qar\u015f\u0131 t\u0259r\u0259fin qalibiyy\u0259t n\u0259tic\u0259sind\u0259 \u0259ll\u0259rin\u0259 ke\u00e7mi\u015f \u00fcst\u00fcnl\u00fckl\u0259rin legitimasiyas\u0131na bir n\u00f6v \u00e7\u0259p\u0259r idi.<\/p>\n<p>  Lakin Erm\u0259nistandak\u0131 hakimiyy\u0259t d\u0259yi\u015fikliyi v\u0259 Pa\u015finyan\u0131n iqtidarda oldu\u011fu bu \u00fc\u00e7 ayda ard\u0131c\u0131l sur\u0259td\u0259 islahatlar ke\u00e7irm\u0259sini m\u00fc\u015fahid\u0259 ed\u0259rk\u0259n b\u00fct\u00fcn bunlar\u0131n t\u0259dric\u0259n gerid\u0259 qalmas\u0131n\u0131n \u015fahidi oluruq. Ayd\u0131nd\u0131r ki, Erm\u0259nistan daxilind\u0259 apar\u0131lan islahatlar, ona eyni zamanda xarici siyas\u0259td\u0259 c\u0259hd etdiyi prefenesialara t\u0259dric\u0259n nail olma\u011fa, y\u0259ni son 25 ild\u0259 \u0259ld\u0259 (i\u015f\u011fal) etdikl\u0259rini legitiml\u0259\u015fdirm\u0259y\u0259 yard\u0131m ed\u0259c\u0259kdir. T\u0259dric\u0259n demokratikl\u0259\u015f\u0259n, sivil d\u00f6vl\u0259t quruculu\u011fu il\u0259 m\u0259\u015f\u011ful olan Erm\u0259nistan\u0131n fonunda, orta \u00e7a\u011flar feodal xanl\u0131\u011f\u0131n\u0131 xat\u0131rladan Az\u0259rbaycan\u0131n obraz\u0131n\u0131 is\u0259 he\u00e7 bir t\u0259bli\u011fat, he\u00e7 bir Zara-Jara m\u00fcsb\u0259t t\u0259qdim ed\u0259 bilm\u0259y\u0259c\u0259k.\n<\/p>\n<p>\n  <i><br \/>\n    Yaz\u0131 m\u00fc\u0259llifin fikirl\u0259rini \u0259ks etdirir v\u0259 Meydan TV-nin m\u00f6vqeyi il\u0259 \u00fcst-\u00fcst\u0259 d\u00fc\u015fm\u0259y\u0259 bil\u0259r.<br \/>\n  <\/i><\/p>\n","protected":false},"excerpt":{"rendered":"<p>N\u0259hay\u0259t ki, bu\u201dJara\u201d festival\u0131 ba\u015flad\u0131, Zara da g\u0259ldi, yoxsa s\u0259s-k\u00fcyd\u0259n ba\u015f\u0131m\u0131z lap getmi\u015fdi<\/p>\n","protected":false},"author":11,"featured_media":107163,"comment_status":"closed","ping_status":"open","sticky":false,"template":"","format":"standard","meta":{"_acf_changed":false,"_sitemap_exclude":false,"_sitemap_priority":"","_sitemap_frequency":"","footnotes":""},"categories":[57],"tags":[],"class_list":["post-191031","post","type-post","status-publish","format-standard","has-post-thumbnail","hentry","category-menim-fikrimce","infinite-scroll-item","generate-columns","tablet-grid-50","mobile-grid-100","grid-parent","grid-33","no-featured-image-padding"],"acf":[],"yoast_head":"<!-- This site is optimized with the Yoast SEO plugin v27.4 - https:\/\/yoast.com\/product\/yoast-seo-wordpress\/ -->\n<title>Az\u0259rbaycan: T\u0259bli\u011fat v\u0259 obraz - MEYDAN.TV<\/title>\n<meta name=\"robots\" content=\"index, follow, max-snippet:-1, max-image-preview:large, max-video-preview:-1\" \/>\n<link rel=\"canonical\" href=\"https:\/\/www.meydan.tv\/az\/article\/azerbaycan-tebligat-ve-obraz\/\" \/>\n<meta property=\"og:locale\" content=\"az_AZ\" \/>\n<meta property=\"og:type\" content=\"article\" \/>\n<meta property=\"og:title\" content=\"Az\u0259rbaycan: T\u0259bli\u011fat v\u0259 obraz - MEYDAN.TV\" \/>\n<meta property=\"og:description\" content=\"N\u0259hay\u0259t ki, bu\u201dJara\u201d festival\u0131 ba\u015flad\u0131, Zara da g\u0259ldi, yoxsa s\u0259s-k\u00fcyd\u0259n ba\u015f\u0131m\u0131z lap getmi\u015fdi\" \/>\n<meta property=\"og:url\" content=\"https:\/\/www.meydan.tv\/az\/article\/azerbaycan-tebligat-ve-obraz\/\" \/>\n<meta property=\"og:site_name\" content=\"MEYDAN.TV\" \/>\n<meta property=\"article:published_time\" content=\"2018-07-28T00:24:47+00:00\" \/>\n<meta property=\"og:image\" content=\"https:\/\/www.meydan.tv\/wp-content\/uploads\/42564.jpg\" \/>\n\t<meta property=\"og:image:width\" content=\"604\" \/>\n\t<meta property=\"og:image:height\" content=\"311\" \/>\n\t<meta property=\"og:image:type\" content=\"image\/jpeg\" \/>\n<meta name=\"author\" content=\"user-manager\" \/>\n<meta name=\"twitter:card\" content=\"summary_large_image\" \/>\n<script type=\"application\/ld+json\" class=\"yoast-schema-graph\">{\"@context\":\"https:\\\/\\\/schema.org\",\"@graph\":[{\"@type\":\"Article\",\"@id\":\"https:\\\/\\\/www.meydan.tv\\\/az\\\/article\\\/azerbaycan-tebligat-ve-obraz\\\/#article\",\"isPartOf\":{\"@id\":\"https:\\\/\\\/www.meydan.tv\\\/az\\\/article\\\/azerbaycan-tebligat-ve-obraz\\\/\"},\"author\":{\"name\":\"user-manager\",\"@id\":\"https:\\\/\\\/www.meydan.tv\\\/az\\\/#\\\/schema\\\/person\\\/10d11eccf6da3662cf5fdab9806ea91a\"},\"headline\":\"Az\u0259rbaycan: T\u0259bli\u011fat v\u0259 obraz\",\"datePublished\":\"2018-07-28T00:24:47+00:00\",\"mainEntityOfPage\":{\"@id\":\"https:\\\/\\\/www.meydan.tv\\\/az\\\/article\\\/azerbaycan-tebligat-ve-obraz\\\/\"},\"wordCount\":1853,\"publisher\":{\"@id\":\"https:\\\/\\\/www.meydan.tv\\\/az\\\/#organization\"},\"image\":{\"@id\":\"https:\\\/\\\/www.meydan.tv\\\/az\\\/article\\\/azerbaycan-tebligat-ve-obraz\\\/#primaryimage\"},\"thumbnailUrl\":\"https:\\\/\\\/www.meydan.tv\\\/wp-content\\\/uploads\\\/42564.jpg\",\"articleSection\":[\"M\u0259nim Fikrimc\u0259\"],\"inLanguage\":\"az\"},{\"@type\":\"WebPage\",\"@id\":\"https:\\\/\\\/www.meydan.tv\\\/az\\\/article\\\/azerbaycan-tebligat-ve-obraz\\\/\",\"url\":\"https:\\\/\\\/www.meydan.tv\\\/az\\\/article\\\/azerbaycan-tebligat-ve-obraz\\\/\",\"name\":\"Az\u0259rbaycan: T\u0259bli\u011fat v\u0259 obraz - MEYDAN.TV\",\"isPartOf\":{\"@id\":\"https:\\\/\\\/www.meydan.tv\\\/az\\\/#website\"},\"primaryImageOfPage\":{\"@id\":\"https:\\\/\\\/www.meydan.tv\\\/az\\\/article\\\/azerbaycan-tebligat-ve-obraz\\\/#primaryimage\"},\"image\":{\"@id\":\"https:\\\/\\\/www.meydan.tv\\\/az\\\/article\\\/azerbaycan-tebligat-ve-obraz\\\/#primaryimage\"},\"thumbnailUrl\":\"https:\\\/\\\/www.meydan.tv\\\/wp-content\\\/uploads\\\/42564.jpg\",\"datePublished\":\"2018-07-28T00:24:47+00:00\",\"breadcrumb\":{\"@id\":\"https:\\\/\\\/www.meydan.tv\\\/az\\\/article\\\/azerbaycan-tebligat-ve-obraz\\\/#breadcrumb\"},\"inLanguage\":\"az\",\"potentialAction\":[{\"@type\":\"ReadAction\",\"target\":[\"https:\\\/\\\/www.meydan.tv\\\/az\\\/article\\\/azerbaycan-tebligat-ve-obraz\\\/\"]}]},{\"@type\":\"ImageObject\",\"inLanguage\":\"az\",\"@id\":\"https:\\\/\\\/www.meydan.tv\\\/az\\\/article\\\/azerbaycan-tebligat-ve-obraz\\\/#primaryimage\",\"url\":\"https:\\\/\\\/www.meydan.tv\\\/wp-content\\\/uploads\\\/42564.jpg\",\"contentUrl\":\"https:\\\/\\\/www.meydan.tv\\\/wp-content\\\/uploads\\\/42564.jpg\",\"width\":604,\"height\":311,\"caption\":\"Source:\"},{\"@type\":\"BreadcrumbList\",\"@id\":\"https:\\\/\\\/www.meydan.tv\\\/az\\\/article\\\/azerbaycan-tebligat-ve-obraz\\\/#breadcrumb\",\"itemListElement\":[{\"@type\":\"ListItem\",\"position\":1,\"name\":\"Ana s\u0259hif\u0259\",\"item\":\"https:\\\/\\\/www.meydan.tv\\\/az\\\/\"},{\"@type\":\"ListItem\",\"position\":2,\"name\":\"M\u0259nim Fikrimc\u0259\",\"item\":\"https:\\\/\\\/www.meydan.tv\\\/az\\\/section\\\/menim-fikrimce\\\/\"},{\"@type\":\"ListItem\",\"position\":3,\"name\":\"Az\u0259rbaycan: T\u0259bli\u011fat v\u0259 obraz\"}]},{\"@type\":\"WebSite\",\"@id\":\"https:\\\/\\\/www.meydan.tv\\\/az\\\/#website\",\"url\":\"https:\\\/\\\/www.meydan.tv\\\/az\\\/\",\"name\":\"MEYDAN.TV\",\"description\":\"Meydan TV Az\u0259rbaycan\u0131n media m\u0259kan\u0131ndak\u0131 alternativ s\u0259sidir\",\"publisher\":{\"@id\":\"https:\\\/\\\/www.meydan.tv\\\/az\\\/#organization\"},\"potentialAction\":[{\"@type\":\"SearchAction\",\"target\":{\"@type\":\"EntryPoint\",\"urlTemplate\":\"https:\\\/\\\/www.meydan.tv\\\/az\\\/?s={search_term_string}\"},\"query-input\":{\"@type\":\"PropertyValueSpecification\",\"valueRequired\":true,\"valueName\":\"search_term_string\"}}],\"inLanguage\":\"az\"},{\"@type\":\"Organization\",\"@id\":\"https:\\\/\\\/www.meydan.tv\\\/az\\\/#organization\",\"name\":\"Meydan TV\",\"url\":\"https:\\\/\\\/www.meydan.tv\\\/az\\\/\",\"logo\":{\"@type\":\"ImageObject\",\"inLanguage\":\"az\",\"@id\":\"https:\\\/\\\/www.meydan.tv\\\/az\\\/#\\\/schema\\\/logo\\\/image\\\/\",\"url\":\"https:\\\/\\\/www.meydan.tv\\\/wp-content\\\/uploads\\\/2021\\\/07\\\/meydan-logo.svg\",\"contentUrl\":\"https:\\\/\\\/www.meydan.tv\\\/wp-content\\\/uploads\\\/2021\\\/07\\\/meydan-logo.svg\",\"width\":195,\"height\":46,\"caption\":\"Meydan TV\"},\"image\":{\"@id\":\"https:\\\/\\\/www.meydan.tv\\\/az\\\/#\\\/schema\\\/logo\\\/image\\\/\"}},{\"@type\":\"Person\",\"@id\":\"https:\\\/\\\/www.meydan.tv\\\/az\\\/#\\\/schema\\\/person\\\/10d11eccf6da3662cf5fdab9806ea91a\",\"name\":\"user-manager\"}]}<\/script>\n<!-- \/ Yoast SEO plugin. -->","yoast_head_json":{"title":"Az\u0259rbaycan: T\u0259bli\u011fat v\u0259 obraz - MEYDAN.TV","robots":{"index":"index","follow":"follow","max-snippet":"max-snippet:-1","max-image-preview":"max-image-preview:large","max-video-preview":"max-video-preview:-1"},"canonical":"https:\/\/www.meydan.tv\/az\/article\/azerbaycan-tebligat-ve-obraz\/","og_locale":"az_AZ","og_type":"article","og_title":"Az\u0259rbaycan: T\u0259bli\u011fat v\u0259 obraz - MEYDAN.TV","og_description":"N\u0259hay\u0259t ki, bu\u201dJara\u201d festival\u0131 ba\u015flad\u0131, Zara da g\u0259ldi, yoxsa s\u0259s-k\u00fcyd\u0259n ba\u015f\u0131m\u0131z lap getmi\u015fdi","og_url":"https:\/\/www.meydan.tv\/az\/article\/azerbaycan-tebligat-ve-obraz\/","og_site_name":"MEYDAN.TV","article_published_time":"2018-07-28T00:24:47+00:00","og_image":[{"width":604,"height":311,"url":"https:\/\/www.meydan.tv\/wp-content\/uploads\/42564.jpg","type":"image\/jpeg"}],"author":"user-manager","twitter_card":"summary_large_image","schema":{"@context":"https:\/\/schema.org","@graph":[{"@type":"Article","@id":"https:\/\/www.meydan.tv\/az\/article\/azerbaycan-tebligat-ve-obraz\/#article","isPartOf":{"@id":"https:\/\/www.meydan.tv\/az\/article\/azerbaycan-tebligat-ve-obraz\/"},"author":{"name":"user-manager","@id":"https:\/\/www.meydan.tv\/az\/#\/schema\/person\/10d11eccf6da3662cf5fdab9806ea91a"},"headline":"Az\u0259rbaycan: T\u0259bli\u011fat v\u0259 obraz","datePublished":"2018-07-28T00:24:47+00:00","mainEntityOfPage":{"@id":"https:\/\/www.meydan.tv\/az\/article\/azerbaycan-tebligat-ve-obraz\/"},"wordCount":1853,"publisher":{"@id":"https:\/\/www.meydan.tv\/az\/#organization"},"image":{"@id":"https:\/\/www.meydan.tv\/az\/article\/azerbaycan-tebligat-ve-obraz\/#primaryimage"},"thumbnailUrl":"https:\/\/www.meydan.tv\/wp-content\/uploads\/42564.jpg","articleSection":["M\u0259nim Fikrimc\u0259"],"inLanguage":"az"},{"@type":"WebPage","@id":"https:\/\/www.meydan.tv\/az\/article\/azerbaycan-tebligat-ve-obraz\/","url":"https:\/\/www.meydan.tv\/az\/article\/azerbaycan-tebligat-ve-obraz\/","name":"Az\u0259rbaycan: T\u0259bli\u011fat v\u0259 obraz - MEYDAN.TV","isPartOf":{"@id":"https:\/\/www.meydan.tv\/az\/#website"},"primaryImageOfPage":{"@id":"https:\/\/www.meydan.tv\/az\/article\/azerbaycan-tebligat-ve-obraz\/#primaryimage"},"image":{"@id":"https:\/\/www.meydan.tv\/az\/article\/azerbaycan-tebligat-ve-obraz\/#primaryimage"},"thumbnailUrl":"https:\/\/www.meydan.tv\/wp-content\/uploads\/42564.jpg","datePublished":"2018-07-28T00:24:47+00:00","breadcrumb":{"@id":"https:\/\/www.meydan.tv\/az\/article\/azerbaycan-tebligat-ve-obraz\/#breadcrumb"},"inLanguage":"az","potentialAction":[{"@type":"ReadAction","target":["https:\/\/www.meydan.tv\/az\/article\/azerbaycan-tebligat-ve-obraz\/"]}]},{"@type":"ImageObject","inLanguage":"az","@id":"https:\/\/www.meydan.tv\/az\/article\/azerbaycan-tebligat-ve-obraz\/#primaryimage","url":"https:\/\/www.meydan.tv\/wp-content\/uploads\/42564.jpg","contentUrl":"https:\/\/www.meydan.tv\/wp-content\/uploads\/42564.jpg","width":604,"height":311,"caption":"Source:"},{"@type":"BreadcrumbList","@id":"https:\/\/www.meydan.tv\/az\/article\/azerbaycan-tebligat-ve-obraz\/#breadcrumb","itemListElement":[{"@type":"ListItem","position":1,"name":"Ana s\u0259hif\u0259","item":"https:\/\/www.meydan.tv\/az\/"},{"@type":"ListItem","position":2,"name":"M\u0259nim Fikrimc\u0259","item":"https:\/\/www.meydan.tv\/az\/section\/menim-fikrimce\/"},{"@type":"ListItem","position":3,"name":"Az\u0259rbaycan: T\u0259bli\u011fat v\u0259 obraz"}]},{"@type":"WebSite","@id":"https:\/\/www.meydan.tv\/az\/#website","url":"https:\/\/www.meydan.tv\/az\/","name":"MEYDAN.TV","description":"Meydan TV Az\u0259rbaycan\u0131n media m\u0259kan\u0131ndak\u0131 alternativ s\u0259sidir","publisher":{"@id":"https:\/\/www.meydan.tv\/az\/#organization"},"potentialAction":[{"@type":"SearchAction","target":{"@type":"EntryPoint","urlTemplate":"https:\/\/www.meydan.tv\/az\/?s={search_term_string}"},"query-input":{"@type":"PropertyValueSpecification","valueRequired":true,"valueName":"search_term_string"}}],"inLanguage":"az"},{"@type":"Organization","@id":"https:\/\/www.meydan.tv\/az\/#organization","name":"Meydan TV","url":"https:\/\/www.meydan.tv\/az\/","logo":{"@type":"ImageObject","inLanguage":"az","@id":"https:\/\/www.meydan.tv\/az\/#\/schema\/logo\/image\/","url":"https:\/\/www.meydan.tv\/wp-content\/uploads\/2021\/07\/meydan-logo.svg","contentUrl":"https:\/\/www.meydan.tv\/wp-content\/uploads\/2021\/07\/meydan-logo.svg","width":195,"height":46,"caption":"Meydan TV"},"image":{"@id":"https:\/\/www.meydan.tv\/az\/#\/schema\/logo\/image\/"}},{"@type":"Person","@id":"https:\/\/www.meydan.tv\/az\/#\/schema\/person\/10d11eccf6da3662cf5fdab9806ea91a","name":"user-manager"}]}},"_links":{"self":[{"href":"https:\/\/www.meydan.tv\/az\/wp-json\/wp\/v2\/posts\/191031","targetHints":{"allow":["GET"]}}],"collection":[{"href":"https:\/\/www.meydan.tv\/az\/wp-json\/wp\/v2\/posts"}],"about":[{"href":"https:\/\/www.meydan.tv\/az\/wp-json\/wp\/v2\/types\/post"}],"author":[{"embeddable":true,"href":"https:\/\/www.meydan.tv\/az\/wp-json\/wp\/v2\/users\/11"}],"replies":[{"embeddable":true,"href":"https:\/\/www.meydan.tv\/az\/wp-json\/wp\/v2\/comments?post=191031"}],"version-history":[{"count":0,"href":"https:\/\/www.meydan.tv\/az\/wp-json\/wp\/v2\/posts\/191031\/revisions"}],"wp:featuredmedia":[{"embeddable":true,"href":"https:\/\/www.meydan.tv\/az\/wp-json\/wp\/v2\/media\/107163"}],"wp:attachment":[{"href":"https:\/\/www.meydan.tv\/az\/wp-json\/wp\/v2\/media?parent=191031"}],"wp:term":[{"taxonomy":"category","embeddable":true,"href":"https:\/\/www.meydan.tv\/az\/wp-json\/wp\/v2\/categories?post=191031"},{"taxonomy":"post_tag","embeddable":true,"href":"https:\/\/www.meydan.tv\/az\/wp-json\/wp\/v2\/tags?post=191031"}],"curies":[{"name":"wp","href":"https:\/\/api.w.org\/{rel}","templated":true}]}}