{"id":190990,"date":"2018-07-25T17:36:22","date_gmt":"2018-07-25T17:36:22","guid":{"rendered":"https:\/\/www.meydan.tv\/article\/anam-seyyar-telefoncu-ve-daimi-insanliq\/"},"modified":"2018-07-25T17:36:22","modified_gmt":"2018-07-25T17:36:22","slug":"anam-seyyar-telefoncu-ve-daimi-insanliq","status":"publish","type":"post","link":"https:\/\/www.meydan.tv\/az\/article\/anam-seyyar-telefoncu-ve-daimi-insanliq\/","title":{"rendered":"Anam, s\u0259yyar telefon\u00e7u v\u0259 daimi insanl\u0131q\u2026"},"content":{"rendered":"<figure class=\"wp-block-image size-large\">\n  <img decoding=\"async\" src=\"https:\/\/www.meydan.tv\/az\/nazli-agayeva-4\/\" alt=\"Nazl\u0131 A\u011fayeva\" class=\"wp-image-80491\"\/><figcaption>\n    Nazl\u0131 A\u011fayeva<br \/>\n  <\/figcaption><\/figure>\n<p>\n  Anamdan m\u0259n\u0259 qalan yegan\u0259 miras qara k\u0259la\u011fay\u0131d\u0131. \u015e\u0259kid\u0259n alm\u0131\u015fd\u0131m. K\u00f6hn\u0259l\u0259ri geyinib onu \u201c\u0259zizl\u0259y\u0259r\u0259k\u201d xeyr\u0259-\u015f\u0259r\u0259 caxlay\u0131\u0131rd\u0131 ki, r\u0259ngi solmas\u0131n. Y\u0259ni, q\u0131z yaz\u0131qd\u0131, ev\u0259 bax\u0131r, k\u0259ndd\u0259kil\u0259r\u0259 \u0259l yetirir, kiray\u0259 \u00f6d\u0259yir, \u00fcst\u0259lik bir d\u0259 g\u00fcnd\u0259 paltara pul x\u0259rcl\u0259nm\u0259sin m\u0259nas\u0131nda. H\u0259min o \u201cg\u00fcnd\u0259\u201d deyil\u0259n hadis\u0259 is\u0259 t\u0259xmin\u0259n iki ild\u0259n bir d\u0259f\u0259 olard\u0131. \u00d6z\u00fcn\u00fcn pensiyas\u0131n\u0131 ikimizin d\u0259 y\u00fcks\u0259k raz\u0131l\u0131\u011f\u0131 il\u0259 k\u0259ndd\u0259 ail\u0259 sahibi olan qarda\u015f\u0131ma h\u0259val\u0259 etmi\u015fdik.\n<\/p>\n<p>\n  \u00d6z\u00fcnd\u0259n sonra k\u0259la\u011fay\u0131n\u0131 anam\u0131n h\u0259r k\u0259s\u0259 a\u00e7\u0131q sand\u0131\u011f\u0131ndan yaln\u0131z havaya verm\u0259y\u0259 \u00e7\u0131xard\u0131ram. Bu g\u00fcnl\u0259rd\u0259 \u201cyolum\u201d sand\u0131\u011fa d\u00fc\u015f\u0259nd\u0259 k\u0259la\u011fay\u0131n\u0131 g\u00f6t\u00fcr\u00fcb \u00e7iynim\u0259 sald\u0131m. Eyn\u0259n anamdak\u0131 kimi a\u011f sa\u00e7lar v\u0259 qara kala\u011fay\u0131&#8230;\n<\/p>\n<p>\n  Ondan \u00e7ox yazma\u011f\u0131m\u0131n s\u0259b\u0259bi ana obraz\u0131 yaratmaq deyil, sad\u0259c\u0259 unuda bilm\u0259m\u0259yimdir, unutmaq ist\u0259m\u0259m\u0259yimdir. G\u00fcnd\u0259m olmad\u0131\u011f\u0131n\u0131 anlay\u0131ram, yorucu ola bil\u0259c\u0259yini d\u0259. Amma f\u00fcrs\u0259t tapan kimi \u0259b\u0259di m\u00f6vzuma qay\u0131d\u0131ram.\n<\/p>\n<p>\n  ***\n<\/p>\n<p>\n  Yax\u0131n-uzaq hara gedirdims\u0259, qalmama\u011fa \u00e7al\u0131\u015f\u0131rd\u0131m. Gec\u0259 yol g\u0259lm\u0259yim\u0259 raz\u0131 olmazd\u0131, yaln\u0131z ev\u0259 \u00e7atandan sonra x\u0259b\u0259r tutub danlayard\u0131 m\u0259ni. Bununla bel\u0259, \u00f6z\u00fcm\u00fc ev\u0259 \u00e7atd\u0131ra bilm\u0259y\u0259nd\u0259 b\u00fct\u00f6v can\u0131m yan\u0131nda qalard\u0131.\n<\/p>\n<p>\n  Doxsan be\u015finci il\u0259 do\u011fru \u00f6lk\u0259nin \u015f\u0259h\u0259rl\u0259rind\u0259 s\u0259yyar telefon xidm\u0259ti vard\u0131. K\u00fc\u00e7\u0259l\u0259rd\u0259 adamlar\u0131 b\u00f6y\u00fck \u0259l telefonu il\u0259 dan\u0131\u015fd\u0131rard\u0131lar. Bir pay\u0131z ax\u015fam\u0131 k\u00f6hn\u0259 Sumqay\u0131t avtova\u011fzal\u0131n\u0131n tinind\u0259ki bel\u0259 yerd\u0259n evimiz\u0259 z\u0259ng vurub anama g\u0259l\u0259 bilm\u0259y\u0259c\u0259yimi x\u0259b\u0259r verm\u0259k ist\u0259dim. \u201cTelefon\u00e7u\u201d g\u0259nc d\u0259f\u0259l\u0259rl\u0259 y\u0131\u011fsa da, evd\u0259n cavab ala bilm\u0259dik. Ax\u015fam\u0131n soyu\u011funda anam harda ola bil\u0259rdi? Can\u0131m\u0131 qorxu ald\u0131. Bir d\u0259f\u0259 qaz\u0131 \u00e7oxaldanda \u0259lini yand\u0131rm\u0131\u015fd\u0131, ba\u015fqa bir d\u0259f\u0259 y\u0131x\u0131l\u0131b aya\u011f\u0131n\u0131 \u0259zmi\u015fdi. H\u0259r\u00e7\u0259nd b\u00fct\u00fcn bunlar \u201cgizli x\u0259sar\u0259tl\u0259r\u201d s\u0131yah\u0131s\u0131ndayd\u0131. Guya \u0259linin damar-damar \u00fcst\u00fcnd\u0259ki suluqlardan, aya\u011f\u0131na q\u0259fil g\u00fcc d\u00fc\u015f\u0259nd\u0259 \u00fcz-g\u00f6z\u00fcn\u00fc nec\u0259 tur\u015futdu\u011fundan x\u0259b\u0259rim olmurdu. H\u0259tta p\u0259rt olmas\u0131n dey\u0259 s\u0259simi \u00e7\u0131xartmay\u0131b \u201ct\u0259sad\u00fcf\u0259n\u201d yan\u0131q d\u0259rman\u0131 alard\u0131m. \u018fzik yerl\u0259r bar\u0259d\u0259 i\u015fd\u0259 \u00f6yr\u0259ndiyim t\u00fcrk\u0259\u00e7ar\u0259l\u0259rd\u0259n s\u00f6hb\u0259t salard\u0131m. Bel\u0259c\u0259 h\u0259r \u015feyd\u0259n, ham\u0131dan qoruya-qoruya, nigaran qala-qala q\u0259rib ocaq ba\u015f\u0131nda bir-birimizi ya\u015fadard\u0131q.\n<\/p>\n<p>\n  O g\u00fcn d\u0259 g\u00f6zl\u0259y\u0259nl\u0259r\u0259 haqs\u0131zl\u0131q olmas\u0131n dey\u0259 bir az k\u0259narda dayan\u0131b bir d\u0259 yax\u0131nla\u015fd\u0131m. Yara\u015f\u0131ql\u0131 g\u0259nc n\u00f6mr\u0259ni yen\u0259 y\u0131\u011f\u0131b s\u0259birl\u0259 g\u00f6zl\u0259m\u0259y\u0259 ba\u015flad\u0131. Cavab olmad\u0131. Yenid\u0259n t\u0259krar-t\u0259krar y\u0131\u011fd\u0131. Evd\u0259n s\u0259s-s\u0259mir g\u0259lm\u0259y\u0259nd\u0259 anamdan nigaran qald\u0131\u011f\u0131m\u0131, onun m\u0259nd\u0259n nigaran qalaca\u011f\u0131n\u0131 qar\u0131\u015fd\u0131r\u0131b n\u0259s\u0259 dey\u0259r\u0259k \u00e7ar\u0259sizc\u0259 uzaqla\u015fd\u0131m.\n<\/p>\n<p>\n  H\u0259min uzun gec\u0259nin s\u0259h\u0259ri tezd\u0259n rayona \u00e7\u0131xd\u0131m. \u00d6z\u00fcm c\u0259h\u0259nn\u0259m, \u0259sas onun durumu idi, \u201cd\u0259li q\u0131z\u201d kimi gec\u0259yar\u0131s\u0131 g\u0259lm\u0259kl\u0259rim\u0259 \u00f6yr\u0259nmi\u015f adam s\u0259h\u0259r\u0259 q\u0259d\u0259r yata bilm\u0259zdi. Q\u0259rib\u0259 olsa da, ev\u0259 \u00e7atanda anam\u0131 rahat, g\u00fcmrah g\u00f6rd\u00fcm. \u201cYax\u015f\u0131 ki, gec d\u0259 olsa x\u0259b\u0259r el\u0259y\u0259 bildin, a bala\u201d, dey\u0259nd\u0259 key-key \u00fcz\u00fcn\u0259 baxd\u0131\u011f\u0131m\u0131 g\u00f6r\u00fcb t\u0259fsilat\u0131 dan\u0131\u015fd\u0131. Qon\u015funun u\u015fa\u011f\u0131 d\u0259st\u0259yi d\u00fcz qoymay\u0131bm\u0131\u015f, ev sahib\u0259si bizd\u0259n z\u0259ng vuranda telefon \u201cd\u00fcz\u0259lib\u201d. O saatca telefona z\u0259ng g\u0259lib v\u0259 bir o\u011flan m\u0259nim g\u0259l\u0259 bilm\u0259y\u0259c\u0259yimi \u00e7atd\u0131r\u0131b. \u00dcst\u0259lik ona \u00f6z\u00fcnd\u0259n mu\u011fayat olmas\u0131n\u0131 da xahi\u015f edibmi\u015f, \u00f6z\u00fc d\u0259 \u00e7ox istiqanl\u0131 u\u015faq imi\u015f, \u00e7\u00fcnki ax\u0131rda \u201cq\u0131z\u0131n\u0131z sizi \u00e7ox sevir\u201d deyibmi\u015f&#8230;\n<\/p>\n<p>\n  Sonralar yolum d\u00fc\u015f\u0259nd\u0259 o g\u0259nc\u0259 \u00f6z\u00fcm\u00fcn v\u0259 anam\u0131n minn\u0259tdarl\u0131\u011f\u0131m\u0131z\u0131 \u00e7atd\u0131rd\u0131m. \u201cH\u0259r kim olsa eynisini ed\u0259rdi, \u0259ksin\u0259, siz sa\u011f olun ki, m\u0259n\u0259 bel\u0259 imkan verdiniz\u201d, deyib s\u00f6hb\u0259ti q\u0131sa k\u0259sdi. O vaxtdan gec\u0259l\u0259r ev\u0259 apard\u0131\u011f\u0131 telefonla biz\u0259 z\u0259ng vurub hal-\u0259hval bil\u0259rdi. \u018fd\u0259biyyatdan, siyas\u0259td\u0259n dan\u0131\u015f\u0131b yorulanda m\u0259nim anam\u0131n, onun n\u0259n\u0259sinin t\u0259bii yumorlar\u0131 il\u0259 dinc\u0259l\u0259rdik. K\u00fc\u00e7\u0259d\u0259 q\u0259pik-quru\u015fa adam dan\u0131\u015fd\u0131ran ali t\u0259hsilli \u201ctelefon\u00e7unun\u201d el\u0259 dol\u011fun m\u0259n\u0259vi d\u00fcnyas\u0131 vard\u0131 ki, onunla h\u0259r s\u00f6hb\u0259td\u0259n sonra bir az b\u00f6y\u00fcd\u00fcy\u00fcm\u00fc hiss ed\u0259rdim.\n<\/p>\n<p>\n  Ta o vaxta q\u0259d\u0259r ki, getdikc\u0259 a\u011f\u0131rla\u015fan h\u0259yat \u015f\u0259rtl\u0259ri insanlar\u0131 hara g\u0259ldi, nec\u0259 g\u0259ldi atd\u0131 v\u0259 biz o g\u0259ncl\u0259 bird\u0259f\u0259lik ayr\u0131 d\u00fc\u015fd\u00fck. \u0130ll\u0259r ke\u00e7inc\u0259 bir ne\u00e7\u0259 u\u011fursuz c\u0259hdd\u0259n sonra daha onu soraqla\u015fma\u011fa hal\u0131m olmad\u0131. \u0130nt\u0259has\u0131 ba\u015f\u0131ma g\u0259l\u0259n faci\u0259l\u0259r\u0259 baxmayaraq i\u00e7ind\u0259 anam olan o g\u00f6z\u0259l \u0259hvalat\u0131 he\u00e7 unutmad\u0131m.\n<\/p>\n<p>\n  ***\n<\/p>\n<p>\n  Bu yax\u0131nlarda \u00e7ox q\u0259rib\u0259 bir t\u0259sad\u00fcf qar\u015f\u0131la\u015fd\u0131rd\u0131 bizi. Adam k\u00f6vr\u0259k t\u0259b\u0259ss\u00fcml\u0259 ona iyirmi ne\u00e7\u0259 il \u0259vv\u0259l kitab ba\u011f\u0131\u015flad\u0131\u011f\u0131m\u0131 s\u00f6yl\u0259di. \u018flim, \u0259rkim \u00e7atan h\u0259r k\u0259s\u0259 kitab verm\u0259k k\u00f6hn\u0259 ad\u0259tim idi. B\u0259s bu t\u0259vaz\u00f6kar, suyu\u015firin \u015f\u0259h\u0259r adam\u0131n\u0131 hardan tan\u0131y\u0131ramm\u0131\u015f? Bird\u0259n gec\u0259l\u0259r evimiz\u0259 dolub bizi dar\u0131xma\u011fa qoymayan s\u0259mimiyy\u0259t dolu o s\u0259si xat\u0131rlay\u0131b u\u015faq kimi a\u011flamaq ist\u0259dim. S\u0259s-k\u00fcyl\u00fc \u00e7ayxanada, lap el\u0259 oturdu\u011fumuz stolda kims\u0259 o anlarda ya\u015fad\u0131qlar\u0131m\u0131 duya bilm\u0259zdi. \u00c7\u00fcnki ciddi adamlar bel\u0259 \u201cna\u011f\u0131llara\u201d \u0259h\u0259miyy\u0259t vermirl\u0259r&#8230;\n<\/p>\n<p>\n  \u201cTelefon\u00e7u\u201d dostum bar\u0259md\u0259 h\u0259r \u015feyi \u00f6yr\u0259nibmi\u015f. Anam\u0131 itirdiyim\u0259 \u00e7ox \u00fcz\u00fcld\u00fcy\u00fcn\u00fc g\u00f6rd\u00fcm. \u00c7\u00fcnki anama nec\u0259 ba\u011fl\u0131 oldu\u011fumu bilirdi. Ka\u015f ki, h\u0259yata nec\u0259 ba\u011fl\u0131 olmad\u0131\u011f\u0131m\u0131 bilm\u0259y\u0259ydi&#8230;\n<\/p>\n<p>\n  <b><br \/>\n    <i><br \/>\n      Yaz\u0131 m\u00fc\u0259llifin fikirl\u0259rini \u0259ks etdirir v\u0259 Meydan TV-nin m\u00f6vqeyi il\u0259 \u00fcst-\u00fcst\u0259 d\u00fc\u015fm\u0259y\u0259 bil\u0259r.<br \/>\n    <\/i><br \/>\n  <\/b><\/p>\n","protected":false},"excerpt":{"rendered":"<p>Anamdan m\u0259n\u0259 qalan yegan\u0259 miras qara k\u0259la\u011fay\u0131d\u0131<\/p>\n","protected":false},"author":11,"featured_media":80491,"comment_status":"closed","ping_status":"open","sticky":false,"template":"","format":"standard","meta":{"_acf_changed":false,"_sitemap_exclude":false,"_sitemap_priority":"","_sitemap_frequency":"","footnotes":""},"categories":[57],"tags":[],"class_list":["post-190990","post","type-post","status-publish","format-standard","has-post-thumbnail","hentry","category-menim-fikrimce","infinite-scroll-item","generate-columns","tablet-grid-50","mobile-grid-100","grid-parent","grid-33","no-featured-image-padding"],"acf":[],"yoast_head":"<!-- This site is optimized with the Yoast SEO plugin v27.4 - https:\/\/yoast.com\/product\/yoast-seo-wordpress\/ -->\n<title>Anam, s\u0259yyar telefon\u00e7u v\u0259 daimi insanl\u0131q\u2026 - MEYDAN.TV<\/title>\n<meta name=\"robots\" content=\"index, follow, max-snippet:-1, max-image-preview:large, max-video-preview:-1\" \/>\n<link rel=\"canonical\" href=\"https:\/\/www.meydan.tv\/az\/article\/anam-seyyar-telefoncu-ve-daimi-insanliq\/\" \/>\n<meta property=\"og:locale\" content=\"az_AZ\" \/>\n<meta property=\"og:type\" content=\"article\" \/>\n<meta property=\"og:title\" content=\"Anam, s\u0259yyar telefon\u00e7u v\u0259 daimi insanl\u0131q\u2026 - MEYDAN.TV\" \/>\n<meta property=\"og:description\" content=\"Anamdan m\u0259n\u0259 qalan yegan\u0259 miras qara k\u0259la\u011fay\u0131d\u0131\" \/>\n<meta property=\"og:url\" content=\"https:\/\/www.meydan.tv\/az\/article\/anam-seyyar-telefoncu-ve-daimi-insanliq\/\" \/>\n<meta property=\"og:site_name\" content=\"MEYDAN.TV\" \/>\n<meta property=\"article:published_time\" content=\"2018-07-25T17:36:22+00:00\" \/>\n<meta property=\"og:image\" content=\"https:\/\/www.meydan.tv\/wp-content\/uploads\/31405.jpg\" \/>\n\t<meta property=\"og:image:width\" content=\"1334\" \/>\n\t<meta property=\"og:image:height\" content=\"998\" \/>\n\t<meta property=\"og:image:type\" content=\"image\/jpeg\" \/>\n<meta name=\"author\" content=\"user-manager\" \/>\n<meta name=\"twitter:card\" content=\"summary_large_image\" \/>\n<script type=\"application\/ld+json\" class=\"yoast-schema-graph\">{\"@context\":\"https:\\\/\\\/schema.org\",\"@graph\":[{\"@type\":\"Article\",\"@id\":\"https:\\\/\\\/www.meydan.tv\\\/az\\\/article\\\/anam-seyyar-telefoncu-ve-daimi-insanliq\\\/#article\",\"isPartOf\":{\"@id\":\"https:\\\/\\\/www.meydan.tv\\\/az\\\/article\\\/anam-seyyar-telefoncu-ve-daimi-insanliq\\\/\"},\"author\":{\"name\":\"user-manager\",\"@id\":\"https:\\\/\\\/www.meydan.tv\\\/az\\\/#\\\/schema\\\/person\\\/10d11eccf6da3662cf5fdab9806ea91a\"},\"headline\":\"Anam, s\u0259yyar telefon\u00e7u v\u0259 daimi insanl\u0131q\u2026\",\"datePublished\":\"2018-07-25T17:36:22+00:00\",\"mainEntityOfPage\":{\"@id\":\"https:\\\/\\\/www.meydan.tv\\\/az\\\/article\\\/anam-seyyar-telefoncu-ve-daimi-insanliq\\\/\"},\"wordCount\":1139,\"publisher\":{\"@id\":\"https:\\\/\\\/www.meydan.tv\\\/az\\\/#organization\"},\"image\":{\"@id\":\"https:\\\/\\\/www.meydan.tv\\\/az\\\/article\\\/anam-seyyar-telefoncu-ve-daimi-insanliq\\\/#primaryimage\"},\"thumbnailUrl\":\"https:\\\/\\\/www.meydan.tv\\\/wp-content\\\/uploads\\\/31405.jpg\",\"articleSection\":[\"M\u0259nim Fikrimc\u0259\"],\"inLanguage\":\"az\"},{\"@type\":\"WebPage\",\"@id\":\"https:\\\/\\\/www.meydan.tv\\\/az\\\/article\\\/anam-seyyar-telefoncu-ve-daimi-insanliq\\\/\",\"url\":\"https:\\\/\\\/www.meydan.tv\\\/az\\\/article\\\/anam-seyyar-telefoncu-ve-daimi-insanliq\\\/\",\"name\":\"Anam, s\u0259yyar telefon\u00e7u v\u0259 daimi insanl\u0131q\u2026 - MEYDAN.TV\",\"isPartOf\":{\"@id\":\"https:\\\/\\\/www.meydan.tv\\\/az\\\/#website\"},\"primaryImageOfPage\":{\"@id\":\"https:\\\/\\\/www.meydan.tv\\\/az\\\/article\\\/anam-seyyar-telefoncu-ve-daimi-insanliq\\\/#primaryimage\"},\"image\":{\"@id\":\"https:\\\/\\\/www.meydan.tv\\\/az\\\/article\\\/anam-seyyar-telefoncu-ve-daimi-insanliq\\\/#primaryimage\"},\"thumbnailUrl\":\"https:\\\/\\\/www.meydan.tv\\\/wp-content\\\/uploads\\\/31405.jpg\",\"datePublished\":\"2018-07-25T17:36:22+00:00\",\"breadcrumb\":{\"@id\":\"https:\\\/\\\/www.meydan.tv\\\/az\\\/article\\\/anam-seyyar-telefoncu-ve-daimi-insanliq\\\/#breadcrumb\"},\"inLanguage\":\"az\",\"potentialAction\":[{\"@type\":\"ReadAction\",\"target\":[\"https:\\\/\\\/www.meydan.tv\\\/az\\\/article\\\/anam-seyyar-telefoncu-ve-daimi-insanliq\\\/\"]}]},{\"@type\":\"ImageObject\",\"inLanguage\":\"az\",\"@id\":\"https:\\\/\\\/www.meydan.tv\\\/az\\\/article\\\/anam-seyyar-telefoncu-ve-daimi-insanliq\\\/#primaryimage\",\"url\":\"https:\\\/\\\/www.meydan.tv\\\/wp-content\\\/uploads\\\/31405.jpg\",\"contentUrl\":\"https:\\\/\\\/www.meydan.tv\\\/wp-content\\\/uploads\\\/31405.jpg\",\"width\":1334,\"height\":998,\"caption\":\"Source:\"},{\"@type\":\"BreadcrumbList\",\"@id\":\"https:\\\/\\\/www.meydan.tv\\\/az\\\/article\\\/anam-seyyar-telefoncu-ve-daimi-insanliq\\\/#breadcrumb\",\"itemListElement\":[{\"@type\":\"ListItem\",\"position\":1,\"name\":\"Ana s\u0259hif\u0259\",\"item\":\"https:\\\/\\\/www.meydan.tv\\\/az\\\/\"},{\"@type\":\"ListItem\",\"position\":2,\"name\":\"M\u0259nim Fikrimc\u0259\",\"item\":\"https:\\\/\\\/www.meydan.tv\\\/az\\\/section\\\/menim-fikrimce\\\/\"},{\"@type\":\"ListItem\",\"position\":3,\"name\":\"Anam, s\u0259yyar telefon\u00e7u v\u0259 daimi insanl\u0131q\u2026\"}]},{\"@type\":\"WebSite\",\"@id\":\"https:\\\/\\\/www.meydan.tv\\\/az\\\/#website\",\"url\":\"https:\\\/\\\/www.meydan.tv\\\/az\\\/\",\"name\":\"MEYDAN.TV\",\"description\":\"Meydan TV Az\u0259rbaycan\u0131n media m\u0259kan\u0131ndak\u0131 alternativ s\u0259sidir\",\"publisher\":{\"@id\":\"https:\\\/\\\/www.meydan.tv\\\/az\\\/#organization\"},\"potentialAction\":[{\"@type\":\"SearchAction\",\"target\":{\"@type\":\"EntryPoint\",\"urlTemplate\":\"https:\\\/\\\/www.meydan.tv\\\/az\\\/?s={search_term_string}\"},\"query-input\":{\"@type\":\"PropertyValueSpecification\",\"valueRequired\":true,\"valueName\":\"search_term_string\"}}],\"inLanguage\":\"az\"},{\"@type\":\"Organization\",\"@id\":\"https:\\\/\\\/www.meydan.tv\\\/az\\\/#organization\",\"name\":\"Meydan TV\",\"url\":\"https:\\\/\\\/www.meydan.tv\\\/az\\\/\",\"logo\":{\"@type\":\"ImageObject\",\"inLanguage\":\"az\",\"@id\":\"https:\\\/\\\/www.meydan.tv\\\/az\\\/#\\\/schema\\\/logo\\\/image\\\/\",\"url\":\"https:\\\/\\\/www.meydan.tv\\\/wp-content\\\/uploads\\\/2021\\\/07\\\/meydan-logo.svg\",\"contentUrl\":\"https:\\\/\\\/www.meydan.tv\\\/wp-content\\\/uploads\\\/2021\\\/07\\\/meydan-logo.svg\",\"width\":195,\"height\":46,\"caption\":\"Meydan TV\"},\"image\":{\"@id\":\"https:\\\/\\\/www.meydan.tv\\\/az\\\/#\\\/schema\\\/logo\\\/image\\\/\"}},{\"@type\":\"Person\",\"@id\":\"https:\\\/\\\/www.meydan.tv\\\/az\\\/#\\\/schema\\\/person\\\/10d11eccf6da3662cf5fdab9806ea91a\",\"name\":\"user-manager\"}]}<\/script>\n<!-- \/ Yoast SEO plugin. -->","yoast_head_json":{"title":"Anam, s\u0259yyar telefon\u00e7u v\u0259 daimi insanl\u0131q\u2026 - MEYDAN.TV","robots":{"index":"index","follow":"follow","max-snippet":"max-snippet:-1","max-image-preview":"max-image-preview:large","max-video-preview":"max-video-preview:-1"},"canonical":"https:\/\/www.meydan.tv\/az\/article\/anam-seyyar-telefoncu-ve-daimi-insanliq\/","og_locale":"az_AZ","og_type":"article","og_title":"Anam, s\u0259yyar telefon\u00e7u v\u0259 daimi insanl\u0131q\u2026 - MEYDAN.TV","og_description":"Anamdan m\u0259n\u0259 qalan yegan\u0259 miras qara k\u0259la\u011fay\u0131d\u0131","og_url":"https:\/\/www.meydan.tv\/az\/article\/anam-seyyar-telefoncu-ve-daimi-insanliq\/","og_site_name":"MEYDAN.TV","article_published_time":"2018-07-25T17:36:22+00:00","og_image":[{"width":1334,"height":998,"url":"https:\/\/www.meydan.tv\/wp-content\/uploads\/31405.jpg","type":"image\/jpeg"}],"author":"user-manager","twitter_card":"summary_large_image","schema":{"@context":"https:\/\/schema.org","@graph":[{"@type":"Article","@id":"https:\/\/www.meydan.tv\/az\/article\/anam-seyyar-telefoncu-ve-daimi-insanliq\/#article","isPartOf":{"@id":"https:\/\/www.meydan.tv\/az\/article\/anam-seyyar-telefoncu-ve-daimi-insanliq\/"},"author":{"name":"user-manager","@id":"https:\/\/www.meydan.tv\/az\/#\/schema\/person\/10d11eccf6da3662cf5fdab9806ea91a"},"headline":"Anam, s\u0259yyar telefon\u00e7u v\u0259 daimi insanl\u0131q\u2026","datePublished":"2018-07-25T17:36:22+00:00","mainEntityOfPage":{"@id":"https:\/\/www.meydan.tv\/az\/article\/anam-seyyar-telefoncu-ve-daimi-insanliq\/"},"wordCount":1139,"publisher":{"@id":"https:\/\/www.meydan.tv\/az\/#organization"},"image":{"@id":"https:\/\/www.meydan.tv\/az\/article\/anam-seyyar-telefoncu-ve-daimi-insanliq\/#primaryimage"},"thumbnailUrl":"https:\/\/www.meydan.tv\/wp-content\/uploads\/31405.jpg","articleSection":["M\u0259nim Fikrimc\u0259"],"inLanguage":"az"},{"@type":"WebPage","@id":"https:\/\/www.meydan.tv\/az\/article\/anam-seyyar-telefoncu-ve-daimi-insanliq\/","url":"https:\/\/www.meydan.tv\/az\/article\/anam-seyyar-telefoncu-ve-daimi-insanliq\/","name":"Anam, s\u0259yyar telefon\u00e7u v\u0259 daimi insanl\u0131q\u2026 - MEYDAN.TV","isPartOf":{"@id":"https:\/\/www.meydan.tv\/az\/#website"},"primaryImageOfPage":{"@id":"https:\/\/www.meydan.tv\/az\/article\/anam-seyyar-telefoncu-ve-daimi-insanliq\/#primaryimage"},"image":{"@id":"https:\/\/www.meydan.tv\/az\/article\/anam-seyyar-telefoncu-ve-daimi-insanliq\/#primaryimage"},"thumbnailUrl":"https:\/\/www.meydan.tv\/wp-content\/uploads\/31405.jpg","datePublished":"2018-07-25T17:36:22+00:00","breadcrumb":{"@id":"https:\/\/www.meydan.tv\/az\/article\/anam-seyyar-telefoncu-ve-daimi-insanliq\/#breadcrumb"},"inLanguage":"az","potentialAction":[{"@type":"ReadAction","target":["https:\/\/www.meydan.tv\/az\/article\/anam-seyyar-telefoncu-ve-daimi-insanliq\/"]}]},{"@type":"ImageObject","inLanguage":"az","@id":"https:\/\/www.meydan.tv\/az\/article\/anam-seyyar-telefoncu-ve-daimi-insanliq\/#primaryimage","url":"https:\/\/www.meydan.tv\/wp-content\/uploads\/31405.jpg","contentUrl":"https:\/\/www.meydan.tv\/wp-content\/uploads\/31405.jpg","width":1334,"height":998,"caption":"Source:"},{"@type":"BreadcrumbList","@id":"https:\/\/www.meydan.tv\/az\/article\/anam-seyyar-telefoncu-ve-daimi-insanliq\/#breadcrumb","itemListElement":[{"@type":"ListItem","position":1,"name":"Ana s\u0259hif\u0259","item":"https:\/\/www.meydan.tv\/az\/"},{"@type":"ListItem","position":2,"name":"M\u0259nim Fikrimc\u0259","item":"https:\/\/www.meydan.tv\/az\/section\/menim-fikrimce\/"},{"@type":"ListItem","position":3,"name":"Anam, s\u0259yyar telefon\u00e7u v\u0259 daimi insanl\u0131q\u2026"}]},{"@type":"WebSite","@id":"https:\/\/www.meydan.tv\/az\/#website","url":"https:\/\/www.meydan.tv\/az\/","name":"MEYDAN.TV","description":"Meydan TV Az\u0259rbaycan\u0131n media m\u0259kan\u0131ndak\u0131 alternativ s\u0259sidir","publisher":{"@id":"https:\/\/www.meydan.tv\/az\/#organization"},"potentialAction":[{"@type":"SearchAction","target":{"@type":"EntryPoint","urlTemplate":"https:\/\/www.meydan.tv\/az\/?s={search_term_string}"},"query-input":{"@type":"PropertyValueSpecification","valueRequired":true,"valueName":"search_term_string"}}],"inLanguage":"az"},{"@type":"Organization","@id":"https:\/\/www.meydan.tv\/az\/#organization","name":"Meydan TV","url":"https:\/\/www.meydan.tv\/az\/","logo":{"@type":"ImageObject","inLanguage":"az","@id":"https:\/\/www.meydan.tv\/az\/#\/schema\/logo\/image\/","url":"https:\/\/www.meydan.tv\/wp-content\/uploads\/2021\/07\/meydan-logo.svg","contentUrl":"https:\/\/www.meydan.tv\/wp-content\/uploads\/2021\/07\/meydan-logo.svg","width":195,"height":46,"caption":"Meydan TV"},"image":{"@id":"https:\/\/www.meydan.tv\/az\/#\/schema\/logo\/image\/"}},{"@type":"Person","@id":"https:\/\/www.meydan.tv\/az\/#\/schema\/person\/10d11eccf6da3662cf5fdab9806ea91a","name":"user-manager"}]}},"_links":{"self":[{"href":"https:\/\/www.meydan.tv\/az\/wp-json\/wp\/v2\/posts\/190990","targetHints":{"allow":["GET"]}}],"collection":[{"href":"https:\/\/www.meydan.tv\/az\/wp-json\/wp\/v2\/posts"}],"about":[{"href":"https:\/\/www.meydan.tv\/az\/wp-json\/wp\/v2\/types\/post"}],"author":[{"embeddable":true,"href":"https:\/\/www.meydan.tv\/az\/wp-json\/wp\/v2\/users\/11"}],"replies":[{"embeddable":true,"href":"https:\/\/www.meydan.tv\/az\/wp-json\/wp\/v2\/comments?post=190990"}],"version-history":[{"count":0,"href":"https:\/\/www.meydan.tv\/az\/wp-json\/wp\/v2\/posts\/190990\/revisions"}],"wp:featuredmedia":[{"embeddable":true,"href":"https:\/\/www.meydan.tv\/az\/wp-json\/wp\/v2\/media\/80491"}],"wp:attachment":[{"href":"https:\/\/www.meydan.tv\/az\/wp-json\/wp\/v2\/media?parent=190990"}],"wp:term":[{"taxonomy":"category","embeddable":true,"href":"https:\/\/www.meydan.tv\/az\/wp-json\/wp\/v2\/categories?post=190990"},{"taxonomy":"post_tag","embeddable":true,"href":"https:\/\/www.meydan.tv\/az\/wp-json\/wp\/v2\/tags?post=190990"}],"curies":[{"name":"wp","href":"https:\/\/api.w.org\/{rel}","templated":true}]}}