{"id":190978,"date":"2018-07-24T22:21:07","date_gmt":"2018-07-24T22:21:07","guid":{"rendered":"https:\/\/www.meydan.tv\/article\/nefesleri-yalandir\/"},"modified":"2018-07-24T22:21:07","modified_gmt":"2018-07-24T22:21:07","slug":"nefesleri-yalandir","status":"publish","type":"post","link":"https:\/\/www.meydan.tv\/az\/article\/nefesleri-yalandir\/","title":{"rendered":"N\u0259f\u0259sl\u0259ri yaland\u0131r"},"content":{"rendered":"<p>\n  M\u0259nsub oldu\u011fum n\u0259sli yalanla t\u0259\u0259cc\u00fcbl\u0259ndirm\u0259k qeyri-m\u00fcmk\u00fcnd\u00fcr! Yetkinlik \u00e7a\u011f\u0131m\u0131z \u201cinki\u015faf etmi\u015f sosializm\u201d d\u00f6vr\u00fcn\u0259 d\u00fc\u015fm\u00fc\u015fd\u00fc. Bu d\u00f6vr\u00fcn t\u0259rifinin v\u0259 t\u0259svirinin ba\u015fdan-aya\u011fa yalan olmas\u0131 tarixi faktd\u0131r. Lakin bu yalan\u0131 nec\u0259 d\u0259 b\u0259nz\u0259rsiz h\u0259yas\u0131zl\u0131qla v\u0259 s\u0131rt\u0131ql\u0131qla sovet xalq\u0131na s\u0131r\u0131y\u0131rd\u0131lar!\n<\/p>\n<p>\n  Bu yalan\u0131 s\u0131r\u0131maq sah\u0259sind\u0259 b\u00fct\u00fcn SSR\u0130-d\u0259 \u015f\u0259ksiz lider Az\u0259rbaycan idi. Niy\u0259? Niy\u0259sini m\u0259nd\u0259n yax\u015f\u0131 bilirsiniz.\n<\/p>\n<p>\n  El\u0259 bilirsiz m\u00fcst\u0259qil Az\u0259rbaycan sovet Az\u0259baycan\u0131ndan f\u0259rql\u0259nir? Yalan sah\u0259sind\u0259 \u0259sla yox! Eyni h\u0259yas\u0131zl\u0131q v\u0259 s\u0131rt\u0131ql\u0131q&#8230;\n<\/p>\n<p>\n  Hakimiyy\u0259t v\u0259 c\u0259miyy\u0259t k\u0259si\u015fm\u0259y\u0259n paralel x\u0259tl\u0259r \u00fczr\u0259 h\u0259r\u0259k\u0259t edirl\u0259r. \u00d6z\u00fc d\u0259 h\u0259r ikisi bir-birind\u0259n tam x\u0259b\u0259rdard\u0131r. C\u0259miyy\u0259t bilir ki, hakimiyy\u0259tin \u0259sas i\u015fi xalq\u0131n mal\u0131n\u0131 o\u011furlamaqd\u0131r v\u0259 bunu gizl\u0259tm\u0259k \u00fc\u00e7\u00fcn yalan dan\u0131\u015f\u0131r. C\u0259miyy\u0259tin yaln\u0131z 10%-i bu cinay\u0259td\u0259n raz\u0131d\u0131r v\u0259 \u201cd\u0259st\u0259kl\u0259yir\u201d, zira onlara da xalq mal\u0131n\u0131 nu\u015f etm\u0259y\u0259 icaz\u0259 veribl\u0259r. Odur ki, onlar bu a\u011f yalan\u0131n r\u0259vac tapmas\u0131nda maraql\u0131d\u0131rlar v\u0259 var g\u00fccl\u0259ri il\u0259 \u201cinanan xalq\u201d rolunu oynay\u0131rlar.\n<\/p>\n<p>\n  Hakimiyy\u0259t d\u0259 bilir ki, c\u0259miyy\u0259tin \u0259sas hiss\u0259si onun \u0259sas i\u015finin n\u0259d\u0259n ibar\u0259t oldu\u011funu g\u00f6z\u0259l bilir. Bilir, lakin oyunun \u015f\u0259rtl\u0259rin\u0259 g\u00f6r\u0259, bu biliyini a\u00e7\u0131b-a\u011fartmaq ist\u0259mir, daha do\u011frusu, buna c\u0259sar\u0259ti v\u0259 h\u00fcn\u0259ri \u00e7atm\u0131r. Bu c\u0259sar\u0259t v\u0259 h\u00fcn\u0259r q\u0131tl\u0131\u011f\u0131n\u0131 \u00f6rt-basd\u0131r etm\u0259k \u00fc\u00e7\u00fcn hakimiyy\u0259t gec\u0259-g\u00fcnd\u00fcz mill\u0259tin sif\u0259tin\u0259 \u015fax yalan\u0131 ya\u011fd\u0131r\u0131r.\n<\/p>\n<p>\n  Xalq\u0131n m\u00fctl\u0259q \u0259ks\u0259riyy\u0259ti is\u0259 bu r\u0259zil tama\u015faya bax\u0131b deyir: \u201c\u0130nanan da\u015fa d\u00f6ns\u00fcn\u201d!\n<\/p>\n<p>\n  M\u00f6ht\u0259r\u0259m c\u0259nablar\u0131 kameralar \u00f6n\u00fcnd\u0259 \u00f6z\u00fcn\u00fc d\u0259rd\u00fc-\u0259l\u0259md\u0259n sars\u0131lm\u0131\u015f kimi g\u00f6st\u0259r\u0259r\u0259k \u201cAz\u0259renerji\u201dnin r\u0259hb\u0259rin\u0259 deyir ki:\n<\/p>\n<p>\n  \u201cUtanmal\u0131san\u201d! O da d\u00f6rd\u00fcnc\u00fc sinif \u015fagirdi kimi ba\u015f\u0131n\u0131 a\u015fa\u011f\u0131 tikib t\u0259r t\u00f6k\u00fcr v\u0259 h\u0131qqan\u0131b \u00e7al\u0131\u015f\u0131r ki, utans\u0131n, amma prezidentin \u201cM\u0259n s\u0259n\u0259 6 milyard manat ay\u0131m\u0131\u015fd\u0131m ki, \u00f6lk\u0259nin enerji t\u0259hl\u00fck\u0259sizliyini t\u0259min ed\u0259s\u0259n, b\u0259s s\u0259n n\u0259 etmis\u0259n?\u201d sual\u0131 ona imkan vermir ki, inand\u0131r\u0131c\u0131 t\u0259rzd\u0259 utans\u0131n. Zira n\u0259inki bu zavall\u0131, h\u0259m d\u0259 mill\u0259tin \u0259hli-hal hiss\u0259si \u00e7ox g\u00f6z\u0259l bilir ki, bu 6 milyard\u0131n hans\u0131 hiss\u0259si enerji t\u0259hl\u00fck\u0259sizliyinin t\u0259minat\u0131na, hans\u0131 hiss\u0259si hakim ail\u0259nin maddi rifah\u0131n\u0131n y\u00fcks\u0259ldilm\u0259sin\u0259 x\u0259rcl\u0259nib.\n<\/p>\n<p>\n  C\u0259miyy\u0259t bu a\u011f yalan tama\u015fas\u0131na bax\u0131r, f\u0259q\u0259t he\u00e7 c\u00fcr inanm\u0131r. \u0130\u015f\u0131\u011f\u0131n-suyun k\u0259silm\u0259sin\u0259, bahal\u0131 \u015fosse yollar\u0131n\u0131n \u00e7\u00f6km\u0259sin\u0259, m\u0259murlar\u0131n v\u0259t\u0259nda\u015f\u0131n cibin\u0259 girm\u0259sin\u0259, polisin-m\u0259hk\u0259m\u0259nin zorak\u0131l\u0131\u011f\u0131na v\u0259 z\u00fclm\u00fcn\u0259, Qaraba\u011f\u0131n erm\u0259ni i\u015f\u011fal\u0131nda d\u00fcz 25 il qalmas\u0131na inan\u0131r, amma hakimiyy\u0259td\u0259n kimins\u0259 utanmas\u0131na inanm\u0131r.\n<\/p>\n<p>\n  M\u0259g\u0259r nefti qamarlay\u0131b be\u015f rayonu be\u015f aya d\u00fc\u015fm\u0259n\u0259 pe\u015fk\u0259\u015f ed\u0259nd\u0259 utand\u0131lar?\n<\/p>\n<p>\n  B\u0259li, c\u0259miyy\u0259t\u0259 indi d\u0259 ba\u015fqa bir yalan\u0131 s\u0131r\u0131y\u0131rlar. Guya G\u0259nc\u0259d\u0259 icra ba\u015f\u00e7\u0131s\u0131n\u0131n vurulmas\u0131n\u0131 da, polis zabitl\u0259rinin q\u0259tlini d\u0259 radikal dindar d\u0259st\u0259l\u0259ri h\u0259yata ke\u00e7irib v\u0259 bu i\u015fin arxas\u0131nda \u0130ran durub.\n<\/p>\n<p>\n  G\u0259lin m\u0259ntiql\u0259 d\u00fc\u015f\u00fcn\u0259k.\n<\/p>\n<p>\n  1. Hakimiyy\u0259t n\u0259 vaxt h\u0259qiq\u0259ti s\u00f6yl\u0259yib ki, indi d\u0259 c\u0259miy\u0259t ona inans\u0131n? Hans\u0131 sah\u0259d\u0259 v\u0259 n\u0259 vaxt h\u0259qiq\u0259ti s\u00f6yl\u0259yib? Neft pullar\u0131n\u0131 x\u0259rcl\u0259y\u0259nd\u0259mi? Saxta se\u00e7kil\u0259ri xalqa s\u0131r\u0131yandam\u0131? \u018fn Yeni Tariximizi g\u00f6z-g\u00f6r\u0259si t\u0259hrif ed\u0259nd\u0259mi? \u0130lqar M\u0259mm\u0259dovu \u015f\u0259rl\u0259yib 6 il h\u0259bsxanada saxlayandam\u0131? He\u00e7 vaxt! Hakimiyy\u0259tin n\u0259f\u0259si yalanla g\u0259lir, odur ki, c\u0259miyy\u0259tin hakimiyy\u0259t\u0259 inanmama\u011fa 100% haqq\u0131 \u00e7at\u0131r.\n<\/p>\n<p>\n  2. \u0130rana n\u0259 g\u0259lib ki, G\u0259nc\u0259nin qaba icra ba\u015f\u00e7\u0131s\u0131n\u0131 h\u0259d\u0259f\u0259 g\u00f6t\u00fcrs\u00fcn? Onun vurulmas\u0131 il\u0259 \u0130ran n\u0259 qazand\u0131, \u00f6lk\u0259d\u0259 n\u0259 d\u0259yi\u015fdi? \u0130ran\u0131n n\u00fcfuzlu b\u00f6lg\u0259 d\u00f6vl\u0259ti kimi bu hadis\u0259d\u0259n qazanc\u0131 s\u0131fra b\u0259rab\u0259rdir, lakin bu hadis\u0259nin t\u00f6r\u0259nm\u0259si \u00fc\u00e7\u00fcn \u00f6lk\u0259 daxilind\u0259 v\u0259 G\u0259nc\u0259nin \u00f6z\u00fcnd\u0259 min bir samball\u0131 s\u0259b\u0259b var ki, onlar\u0131n da ham\u0131s\u0131 hakimiyy\u0259tin tamahkar v\u0259 korafehim siyas\u0259tind\u0259n qaynaqlan\u0131r.\n<\/p>\n<p>\n  3. \u00d6yr\u0259nc\u0259liyik ki, o\u011fru ba\u011f\u0131rs\u0131n:\u201dTutun o\u011frunu!\u201d El\u0259 sovetl\u0259rin d\u0259 vaxt\u0131nda sovet r\u0259hb\u0259rliyi min bir cinay\u0259t t\u00f6r\u0259d\u0259nd\u0259 el\u0259 hey amerikan imperializmini v\u0259 radikal islam\u00e7\u0131lar\u0131 ittiham ed\u0259rdi. He\u00e7 n\u0259 d\u0259yi\u015fm\u0259yib, k\u00f6hn\u0259 hamamd\u0131r, k\u00f6hn\u0259 tas. V\u0259 el\u0259 h\u0259min bivec kadrlar!\n<\/p>\n<p>\n  Dindarlar\u0131 tutmaq olar, bu, b\u00f6y\u00fck bir problem deyil. Zira dindarlar\u0131n h\u00fcquqi m\u00fcdafi\u0259 mexanizml\u0259ri yox d\u0259r\u0259c\u0259sind\u0259dir. Niy\u0259? Onlar Allaha t\u0259v\u0259kk\u00fcl edirl\u0259r, Allah\u0131n is\u0259 s\u0259bri n\u0259hay\u0259tsizdir.\n<\/p>\n<p>\n  Lakin bu n\u0259hay\u0259tsiz s\u0259brin h\u00fcdudlar\u0131n\u0131n m\u00f6vcudlu\u011funu g\u00f6st\u0259r\u0259n b\u0259zi hadis\u0259l\u0259r d\u0259 var ki, onlar\u0131 bizim marallara xat\u0131rlatmaq ist\u0259rdik. \u0130st\u0259rdik, amma onu da bilirik ki, bu q\u00f6vm s\u00f6z anlayan deyil. L\u0259n\u0259t \u015feytana!\n<\/p>\n<p>\n  B\u0259li, har\u0131nlam\u0131\u015f hakimiyy\u0259tl\u0259r dindarlara \u00e7ox z\u00fclm edirl\u0259r v\u0259 Q\u0259rb bundan h\u0259tta x\u00f6\u015fhal olur. Bir il z\u00fclm, be\u015f il z\u00fclm, otuz il z\u00fclm&#8230; V\u0259 g\u00fcnl\u0259rin birind\u0259 dindarlar qalx\u0131r aya\u011fa v\u0259 \u0259liyal\u0131n \u00e7ap\u0131rlar silahl\u0131 zal\u0131mlar\u0131n \u00fcst\u00fcn\u0259! Zal\u0131mlar at\u0131r, vurur, \u00f6ld\u00fcr\u00fcr, f\u0259q\u0259t dindarlar\u0131n \u00f6l\u00fcm vecin\u0259 deyil. Onlar \u0259mindirl\u0259r ki, indi ya\u015fad\u0131qlar\u0131 d\u00fcnya fanidir, \u015f\u0259hid olub k\u00f6\u00e7\u0259c\u0259kl\u0259ri d\u00fcnya baqi! Onlar, bizim hakimiyy\u0259td\u0259n f\u0259rqli olaraq, \u00f6l\u00fcmd\u0259n qorxmurlar. Z\u00fclm m\u0259hlulu qat\u0131la\u015f\u0131b doyandan sonra dindarlar da, onlara qo\u015fulmu\u015f qeyri-dindarlar da k\u00fc\u00e7\u0259l\u0259r\u0259 t\u00f6k\u00fcl\u00fc\u015f\u00fcb \u201cR\u0259dd olsun! \u00d6l\u00fcm!\u201d ba\u011f\u0131racaqlar.\n<\/p>\n<p>\n  He\u00e7 bir qo\u015fun-l\u0259\u015fk\u0259r vec\u0259 g\u0259lm\u0259y\u0259c\u0259k. Nec\u0259 ki, sovetin KQB-si v\u0259 \u015fah\u0131n SAVAK-\u0131 kara g\u0259lm\u0259di. KQB \u00f6z casus toru il\u0259 sovet c\u0259miyy\u0259tini tam b\u00fcr\u00fcm\u00fc\u015fd\u00fc. N\u0259 oldu? Qurulu\u015f bir anda \u00e7\u00f6kd\u00fc. Niy\u0259? \u00c7\u00fcnki i\u00e7\u0259rid\u0259n \u00e7\u00fcr\u00fcm\u00fc\u015fd\u00fc! \u00c7\u00fcnki t\u0259m\u0259lind\u0259 \u0259dal\u0259t yox idi! \u00c7\u00fcnki c\u0259miyy\u0259t hakimiyy\u0259tin yalanlar\u0131na inanm\u0131rd\u0131!\n<\/p>\n<p>\n  \u0130randa h\u0259r 7 adamdan biri SAVAK casusu idi. M\u0259hbuslar\u0131n say\u0131 on minl\u0259rl\u0259, edam olunanlar\u0131n say\u0131 y\u00fczl\u0259rl\u0259 \u00f6l\u00e7\u00fcl\u00fcrd\u00fc. N\u0259 oldu? \u0130stibdad qurulu\u015fu bir anda y\u0131x\u0131ld\u0131. AB\u015e \u00f6z \u0259n yax\u0131n m\u00fctt\u0259fiqini q\u0259bul bel\u0259 etm\u0259di, Rza \u015fah P\u0259hl\u0259vi \u0259c\u0259lini Misird\u0259 qar\u015f\u0131lad\u0131.\n<\/p>\n<p>\n  Bu sad\u0259 h\u0259qiq\u0259tl\u0259r bu qafalara niy\u0259 girmir? H\u0259r bir d\u00fcnyaya g\u0259lmi\u015f insan\u0131n son s\u0131\u011f\u0131naca\u011f\u0131\n<\/p>\n<p>\n  1m x 2m q\u0259birdir. He\u00e7 k\u0259s q\u0259brin\u0259 milyardlar\u0131 apara bilm\u0259yib v\u0259 bilm\u0259y\u0259c\u0259k d\u0259. \u00d6vlad\u0131 b\u0259han\u0259 etm\u0259yin, \u201cf\u0259rsiz o\u011ful neyl\u0259r ata mal\u0131n\u0131, f\u0259rli o\u011ful neyl\u0259r ata mal\u0131n\u0131?\u201d D\u00fcnyan\u0131n \u0259n varl\u0131 sahibkar\u0131 Bill Qeyts elan edib ki, iki \u00f6vlad\u0131n\u0131n h\u0259r birin\u0259 10 milyon dollar qoyacaq, qalan var\u0131n\u0131 xeyriyy\u0259y\u0259 v\u0259siyy\u0259t ed\u0259c\u0259k.\n<\/p>\n<p>\n  Bu, bizim hakimiyy\u0259tin guya ki, \u00f6zl\u0259rini ox\u015fatmaq ist\u0259diyi Q\u0259rbin m\u0259d\u0259niyy\u0259tidir. \u00d6zl\u0259ri is\u0259 yaln\u0131z orta \u0259sr feodallar\u0131na b\u0259nz\u0259yirl\u0259r. G\u00f6zl\u0259ri doymur, n\u0259f\u0259sl\u0259ri yalanla g\u0259lir.\n<\/p>\n<p>\n  Az\u0259rbaycan\u0131 indi \u00e7ox nadan v\u0259 s\u0259viyy\u0259siz bir hakimiyy\u0259t idar\u0259 edir. Doktorluq v\u0259 akademiklik diplomlar\u0131na aldanmay\u0131n, onlar n\u0259 siyas\u0259tin, n\u0259 d\u0259 insanl\u0131\u011f\u0131n \u0259lifbas\u0131n\u0131 bilirl\u0259r. Bilm\u0259dikl\u0259rind\u0259n d\u0259 \u0259n b\u0259sit s\u0259hvl\u0259ri edirl\u0259r.\n<\/p>\n<p>\n  KQB-nin son s\u0259dri Kryu\u00e7kov son kommunist qurultay\u0131nda m\u0259ruz\u0259sind\u0259 \u0259rz etdi ki, \u201cSSR\u0130-y\u0259 \u0259n ciddi t\u0259hl\u00fck\u0259 islamdan g\u0259lir\u201d.\n<\/p>\n<p>\n  Zavall\u0131!\n<\/p>\n<p>\n  SSR\u0130-y\u0259 \u0259n ciddi t\u0259hl\u00fck\u0259 Sov.\u0130KP-nin v\u0259 SSR\u0130-nin \u0259n ali r\u0259hb\u0259rl\u0259rind\u0259n g\u0259lirdi! Onlar idi v\u0259t\u0259n xaini v\u0259 xalq d\u00fc\u015fm\u0259ni! Onlar d\u00f6vl\u0259ti da\u011f\u0131td\u0131lar, zira n\u0259fsl\u0259ri doymurdu v\u0259 n\u0259f\u0259sl\u0259ri yalanla g\u0259lirdi&#8230;\n<\/p>\n<p>\n  <b><br \/>\n    <i><br \/>\n      Yaz\u0131 m\u00fc\u0259llifin fikirl\u0259rini \u0259ks etdirir v\u0259 Meydan TV-nin m\u00f6vqeyi il\u0259 \u00fcst-\u00fcst\u0259 d\u00fc\u015fm\u0259y\u0259 bil\u0259r.<br \/>\n    <\/i><br \/>\n  <\/b><\/p>\n","protected":false},"excerpt":{"rendered":"<p>M\u0259nsub oldu\u011fum n\u0259sli yalanla t\u0259\u0259cc\u00fcbl\u0259ndirm\u0259k qeyri-m\u00fcmk\u00fcnd\u00fcr!<\/p>\n","protected":false},"author":11,"featured_media":106988,"comment_status":"closed","ping_status":"open","sticky":false,"template":"","format":"standard","meta":{"_acf_changed":false,"_sitemap_exclude":false,"_sitemap_priority":"","_sitemap_frequency":"","footnotes":""},"categories":[57],"tags":[],"class_list":["post-190978","post","type-post","status-publish","format-standard","has-post-thumbnail","hentry","category-menim-fikrimce","infinite-scroll-item","generate-columns","tablet-grid-50","mobile-grid-100","grid-parent","grid-33","no-featured-image-padding"],"acf":[],"yoast_head":"<!-- This site is optimized with the Yoast SEO plugin v27.4 - https:\/\/yoast.com\/product\/yoast-seo-wordpress\/ -->\n<title>N\u0259f\u0259sl\u0259ri yaland\u0131r - MEYDAN.TV<\/title>\n<meta name=\"robots\" content=\"index, follow, max-snippet:-1, max-image-preview:large, max-video-preview:-1\" \/>\n<link rel=\"canonical\" href=\"https:\/\/www.meydan.tv\/az\/article\/nefesleri-yalandir\/\" \/>\n<meta property=\"og:locale\" content=\"az_AZ\" \/>\n<meta property=\"og:type\" content=\"article\" \/>\n<meta property=\"og:title\" content=\"N\u0259f\u0259sl\u0259ri yaland\u0131r - MEYDAN.TV\" \/>\n<meta property=\"og:description\" content=\"M\u0259nsub oldu\u011fum n\u0259sli yalanla t\u0259\u0259cc\u00fcbl\u0259ndirm\u0259k qeyri-m\u00fcmk\u00fcnd\u00fcr!\" \/>\n<meta property=\"og:url\" content=\"https:\/\/www.meydan.tv\/az\/article\/nefesleri-yalandir\/\" \/>\n<meta property=\"og:site_name\" content=\"MEYDAN.TV\" \/>\n<meta property=\"article:published_time\" content=\"2018-07-24T22:21:07+00:00\" \/>\n<meta property=\"og:image\" content=\"https:\/\/www.meydan.tv\/wp-content\/uploads\/42491.jpg\" \/>\n\t<meta property=\"og:image:width\" content=\"1340\" \/>\n\t<meta property=\"og:image:height\" content=\"855\" \/>\n\t<meta property=\"og:image:type\" content=\"image\/jpeg\" \/>\n<meta name=\"author\" content=\"user-manager\" \/>\n<meta name=\"twitter:card\" content=\"summary_large_image\" \/>\n<script type=\"application\/ld+json\" class=\"yoast-schema-graph\">{\"@context\":\"https:\\\/\\\/schema.org\",\"@graph\":[{\"@type\":\"Article\",\"@id\":\"https:\\\/\\\/www.meydan.tv\\\/az\\\/article\\\/nefesleri-yalandir\\\/#article\",\"isPartOf\":{\"@id\":\"https:\\\/\\\/www.meydan.tv\\\/az\\\/article\\\/nefesleri-yalandir\\\/\"},\"author\":{\"name\":\"user-manager\",\"@id\":\"https:\\\/\\\/www.meydan.tv\\\/az\\\/#\\\/schema\\\/person\\\/10d11eccf6da3662cf5fdab9806ea91a\"},\"headline\":\"N\u0259f\u0259sl\u0259ri yaland\u0131r\",\"datePublished\":\"2018-07-24T22:21:07+00:00\",\"mainEntityOfPage\":{\"@id\":\"https:\\\/\\\/www.meydan.tv\\\/az\\\/article\\\/nefesleri-yalandir\\\/\"},\"wordCount\":1544,\"publisher\":{\"@id\":\"https:\\\/\\\/www.meydan.tv\\\/az\\\/#organization\"},\"image\":{\"@id\":\"https:\\\/\\\/www.meydan.tv\\\/az\\\/article\\\/nefesleri-yalandir\\\/#primaryimage\"},\"thumbnailUrl\":\"https:\\\/\\\/www.meydan.tv\\\/wp-content\\\/uploads\\\/42491.jpg\",\"articleSection\":[\"M\u0259nim Fikrimc\u0259\"],\"inLanguage\":\"az\"},{\"@type\":\"WebPage\",\"@id\":\"https:\\\/\\\/www.meydan.tv\\\/az\\\/article\\\/nefesleri-yalandir\\\/\",\"url\":\"https:\\\/\\\/www.meydan.tv\\\/az\\\/article\\\/nefesleri-yalandir\\\/\",\"name\":\"N\u0259f\u0259sl\u0259ri yaland\u0131r - MEYDAN.TV\",\"isPartOf\":{\"@id\":\"https:\\\/\\\/www.meydan.tv\\\/az\\\/#website\"},\"primaryImageOfPage\":{\"@id\":\"https:\\\/\\\/www.meydan.tv\\\/az\\\/article\\\/nefesleri-yalandir\\\/#primaryimage\"},\"image\":{\"@id\":\"https:\\\/\\\/www.meydan.tv\\\/az\\\/article\\\/nefesleri-yalandir\\\/#primaryimage\"},\"thumbnailUrl\":\"https:\\\/\\\/www.meydan.tv\\\/wp-content\\\/uploads\\\/42491.jpg\",\"datePublished\":\"2018-07-24T22:21:07+00:00\",\"breadcrumb\":{\"@id\":\"https:\\\/\\\/www.meydan.tv\\\/az\\\/article\\\/nefesleri-yalandir\\\/#breadcrumb\"},\"inLanguage\":\"az\",\"potentialAction\":[{\"@type\":\"ReadAction\",\"target\":[\"https:\\\/\\\/www.meydan.tv\\\/az\\\/article\\\/nefesleri-yalandir\\\/\"]}]},{\"@type\":\"ImageObject\",\"inLanguage\":\"az\",\"@id\":\"https:\\\/\\\/www.meydan.tv\\\/az\\\/article\\\/nefesleri-yalandir\\\/#primaryimage\",\"url\":\"https:\\\/\\\/www.meydan.tv\\\/wp-content\\\/uploads\\\/42491.jpg\",\"contentUrl\":\"https:\\\/\\\/www.meydan.tv\\\/wp-content\\\/uploads\\\/42491.jpg\",\"width\":1340,\"height\":855,\"caption\":\"Foto: president.az\"},{\"@type\":\"BreadcrumbList\",\"@id\":\"https:\\\/\\\/www.meydan.tv\\\/az\\\/article\\\/nefesleri-yalandir\\\/#breadcrumb\",\"itemListElement\":[{\"@type\":\"ListItem\",\"position\":1,\"name\":\"Ana s\u0259hif\u0259\",\"item\":\"https:\\\/\\\/www.meydan.tv\\\/az\\\/\"},{\"@type\":\"ListItem\",\"position\":2,\"name\":\"M\u0259nim Fikrimc\u0259\",\"item\":\"https:\\\/\\\/www.meydan.tv\\\/az\\\/section\\\/menim-fikrimce\\\/\"},{\"@type\":\"ListItem\",\"position\":3,\"name\":\"N\u0259f\u0259sl\u0259ri yaland\u0131r\"}]},{\"@type\":\"WebSite\",\"@id\":\"https:\\\/\\\/www.meydan.tv\\\/az\\\/#website\",\"url\":\"https:\\\/\\\/www.meydan.tv\\\/az\\\/\",\"name\":\"MEYDAN.TV\",\"description\":\"Meydan TV Az\u0259rbaycan\u0131n media m\u0259kan\u0131ndak\u0131 alternativ s\u0259sidir\",\"publisher\":{\"@id\":\"https:\\\/\\\/www.meydan.tv\\\/az\\\/#organization\"},\"potentialAction\":[{\"@type\":\"SearchAction\",\"target\":{\"@type\":\"EntryPoint\",\"urlTemplate\":\"https:\\\/\\\/www.meydan.tv\\\/az\\\/?s={search_term_string}\"},\"query-input\":{\"@type\":\"PropertyValueSpecification\",\"valueRequired\":true,\"valueName\":\"search_term_string\"}}],\"inLanguage\":\"az\"},{\"@type\":\"Organization\",\"@id\":\"https:\\\/\\\/www.meydan.tv\\\/az\\\/#organization\",\"name\":\"Meydan TV\",\"url\":\"https:\\\/\\\/www.meydan.tv\\\/az\\\/\",\"logo\":{\"@type\":\"ImageObject\",\"inLanguage\":\"az\",\"@id\":\"https:\\\/\\\/www.meydan.tv\\\/az\\\/#\\\/schema\\\/logo\\\/image\\\/\",\"url\":\"https:\\\/\\\/www.meydan.tv\\\/wp-content\\\/uploads\\\/2021\\\/07\\\/meydan-logo.svg\",\"contentUrl\":\"https:\\\/\\\/www.meydan.tv\\\/wp-content\\\/uploads\\\/2021\\\/07\\\/meydan-logo.svg\",\"width\":195,\"height\":46,\"caption\":\"Meydan TV\"},\"image\":{\"@id\":\"https:\\\/\\\/www.meydan.tv\\\/az\\\/#\\\/schema\\\/logo\\\/image\\\/\"}},{\"@type\":\"Person\",\"@id\":\"https:\\\/\\\/www.meydan.tv\\\/az\\\/#\\\/schema\\\/person\\\/10d11eccf6da3662cf5fdab9806ea91a\",\"name\":\"user-manager\"}]}<\/script>\n<!-- \/ Yoast SEO plugin. -->","yoast_head_json":{"title":"N\u0259f\u0259sl\u0259ri yaland\u0131r - MEYDAN.TV","robots":{"index":"index","follow":"follow","max-snippet":"max-snippet:-1","max-image-preview":"max-image-preview:large","max-video-preview":"max-video-preview:-1"},"canonical":"https:\/\/www.meydan.tv\/az\/article\/nefesleri-yalandir\/","og_locale":"az_AZ","og_type":"article","og_title":"N\u0259f\u0259sl\u0259ri yaland\u0131r - MEYDAN.TV","og_description":"M\u0259nsub oldu\u011fum n\u0259sli yalanla t\u0259\u0259cc\u00fcbl\u0259ndirm\u0259k qeyri-m\u00fcmk\u00fcnd\u00fcr!","og_url":"https:\/\/www.meydan.tv\/az\/article\/nefesleri-yalandir\/","og_site_name":"MEYDAN.TV","article_published_time":"2018-07-24T22:21:07+00:00","og_image":[{"width":1340,"height":855,"url":"https:\/\/www.meydan.tv\/wp-content\/uploads\/42491.jpg","type":"image\/jpeg"}],"author":"user-manager","twitter_card":"summary_large_image","schema":{"@context":"https:\/\/schema.org","@graph":[{"@type":"Article","@id":"https:\/\/www.meydan.tv\/az\/article\/nefesleri-yalandir\/#article","isPartOf":{"@id":"https:\/\/www.meydan.tv\/az\/article\/nefesleri-yalandir\/"},"author":{"name":"user-manager","@id":"https:\/\/www.meydan.tv\/az\/#\/schema\/person\/10d11eccf6da3662cf5fdab9806ea91a"},"headline":"N\u0259f\u0259sl\u0259ri yaland\u0131r","datePublished":"2018-07-24T22:21:07+00:00","mainEntityOfPage":{"@id":"https:\/\/www.meydan.tv\/az\/article\/nefesleri-yalandir\/"},"wordCount":1544,"publisher":{"@id":"https:\/\/www.meydan.tv\/az\/#organization"},"image":{"@id":"https:\/\/www.meydan.tv\/az\/article\/nefesleri-yalandir\/#primaryimage"},"thumbnailUrl":"https:\/\/www.meydan.tv\/wp-content\/uploads\/42491.jpg","articleSection":["M\u0259nim Fikrimc\u0259"],"inLanguage":"az"},{"@type":"WebPage","@id":"https:\/\/www.meydan.tv\/az\/article\/nefesleri-yalandir\/","url":"https:\/\/www.meydan.tv\/az\/article\/nefesleri-yalandir\/","name":"N\u0259f\u0259sl\u0259ri yaland\u0131r - MEYDAN.TV","isPartOf":{"@id":"https:\/\/www.meydan.tv\/az\/#website"},"primaryImageOfPage":{"@id":"https:\/\/www.meydan.tv\/az\/article\/nefesleri-yalandir\/#primaryimage"},"image":{"@id":"https:\/\/www.meydan.tv\/az\/article\/nefesleri-yalandir\/#primaryimage"},"thumbnailUrl":"https:\/\/www.meydan.tv\/wp-content\/uploads\/42491.jpg","datePublished":"2018-07-24T22:21:07+00:00","breadcrumb":{"@id":"https:\/\/www.meydan.tv\/az\/article\/nefesleri-yalandir\/#breadcrumb"},"inLanguage":"az","potentialAction":[{"@type":"ReadAction","target":["https:\/\/www.meydan.tv\/az\/article\/nefesleri-yalandir\/"]}]},{"@type":"ImageObject","inLanguage":"az","@id":"https:\/\/www.meydan.tv\/az\/article\/nefesleri-yalandir\/#primaryimage","url":"https:\/\/www.meydan.tv\/wp-content\/uploads\/42491.jpg","contentUrl":"https:\/\/www.meydan.tv\/wp-content\/uploads\/42491.jpg","width":1340,"height":855,"caption":"Foto: president.az"},{"@type":"BreadcrumbList","@id":"https:\/\/www.meydan.tv\/az\/article\/nefesleri-yalandir\/#breadcrumb","itemListElement":[{"@type":"ListItem","position":1,"name":"Ana s\u0259hif\u0259","item":"https:\/\/www.meydan.tv\/az\/"},{"@type":"ListItem","position":2,"name":"M\u0259nim Fikrimc\u0259","item":"https:\/\/www.meydan.tv\/az\/section\/menim-fikrimce\/"},{"@type":"ListItem","position":3,"name":"N\u0259f\u0259sl\u0259ri yaland\u0131r"}]},{"@type":"WebSite","@id":"https:\/\/www.meydan.tv\/az\/#website","url":"https:\/\/www.meydan.tv\/az\/","name":"MEYDAN.TV","description":"Meydan TV Az\u0259rbaycan\u0131n media m\u0259kan\u0131ndak\u0131 alternativ s\u0259sidir","publisher":{"@id":"https:\/\/www.meydan.tv\/az\/#organization"},"potentialAction":[{"@type":"SearchAction","target":{"@type":"EntryPoint","urlTemplate":"https:\/\/www.meydan.tv\/az\/?s={search_term_string}"},"query-input":{"@type":"PropertyValueSpecification","valueRequired":true,"valueName":"search_term_string"}}],"inLanguage":"az"},{"@type":"Organization","@id":"https:\/\/www.meydan.tv\/az\/#organization","name":"Meydan TV","url":"https:\/\/www.meydan.tv\/az\/","logo":{"@type":"ImageObject","inLanguage":"az","@id":"https:\/\/www.meydan.tv\/az\/#\/schema\/logo\/image\/","url":"https:\/\/www.meydan.tv\/wp-content\/uploads\/2021\/07\/meydan-logo.svg","contentUrl":"https:\/\/www.meydan.tv\/wp-content\/uploads\/2021\/07\/meydan-logo.svg","width":195,"height":46,"caption":"Meydan TV"},"image":{"@id":"https:\/\/www.meydan.tv\/az\/#\/schema\/logo\/image\/"}},{"@type":"Person","@id":"https:\/\/www.meydan.tv\/az\/#\/schema\/person\/10d11eccf6da3662cf5fdab9806ea91a","name":"user-manager"}]}},"_links":{"self":[{"href":"https:\/\/www.meydan.tv\/az\/wp-json\/wp\/v2\/posts\/190978","targetHints":{"allow":["GET"]}}],"collection":[{"href":"https:\/\/www.meydan.tv\/az\/wp-json\/wp\/v2\/posts"}],"about":[{"href":"https:\/\/www.meydan.tv\/az\/wp-json\/wp\/v2\/types\/post"}],"author":[{"embeddable":true,"href":"https:\/\/www.meydan.tv\/az\/wp-json\/wp\/v2\/users\/11"}],"replies":[{"embeddable":true,"href":"https:\/\/www.meydan.tv\/az\/wp-json\/wp\/v2\/comments?post=190978"}],"version-history":[{"count":0,"href":"https:\/\/www.meydan.tv\/az\/wp-json\/wp\/v2\/posts\/190978\/revisions"}],"wp:featuredmedia":[{"embeddable":true,"href":"https:\/\/www.meydan.tv\/az\/wp-json\/wp\/v2\/media\/106988"}],"wp:attachment":[{"href":"https:\/\/www.meydan.tv\/az\/wp-json\/wp\/v2\/media?parent=190978"}],"wp:term":[{"taxonomy":"category","embeddable":true,"href":"https:\/\/www.meydan.tv\/az\/wp-json\/wp\/v2\/categories?post=190978"},{"taxonomy":"post_tag","embeddable":true,"href":"https:\/\/www.meydan.tv\/az\/wp-json\/wp\/v2\/tags?post=190978"}],"curies":[{"name":"wp","href":"https:\/\/api.w.org\/{rel}","templated":true}]}}