{"id":190964,"date":"2018-07-23T23:59:36","date_gmt":"2018-07-23T23:59:36","guid":{"rendered":"https:\/\/www.meydan.tv\/article\/lore-ley-qadin-sesinin-ve-saclarinin-seytaniliyi-ii-yazi\/"},"modified":"2018-07-23T23:59:36","modified_gmt":"2018-07-23T23:59:36","slug":"lore-ley-qadin-sesinin-ve-saclarinin-seytaniliyi-ii-yazi","status":"publish","type":"post","link":"https:\/\/www.meydan.tv\/az\/article\/lore-ley-qadin-sesinin-ve-saclarinin-seytaniliyi-ii-yazi\/","title":{"rendered":"Lore-Ley \u2013 qad\u0131n s\u0259sinin v\u0259 sa\u00e7lar\u0131n\u0131n \u015feytaniliyi (II Yaz\u0131)"},"content":{"rendered":"<figure class=\"wp-block-image size-large\">\n  <img decoding=\"async\" src=\"https:\/\/www.meydan.tv\/az\/lore-ley\/\" alt=\"Lore-ley\" class=\"wp-image-106910\"\/><figcaption>\n    Lore-ley<br \/>\n  <\/figcaption><\/figure>\n<p>\n  Bud\u0259f\u0259ki yaz\u0131mda Lore-Leyin simas\u0131nda qad\u0131n s\u0259sinin n\u0259 \u00fc\u00e7\u00fcn \u00f6ld\u00fcr\u00fcc\u00fc, t\u0259hl\u00fck\u0259li, tovlay\u0131c\u0131, \u015feytani say\u0131lmas\u0131n\u0131n s\u0259b\u0259bl\u0259ri ara\u015fd\u0131r\u0131lacaq v\u0259 a\u015fa\u011f\u0131dak\u0131 suallara cavab veril\u0259c\u0259kdir:\n<\/p>\n<p>\n  Niy\u0259 qad\u0131n s\u0259si, g\u00fcl\u00fc\u015f\u00fc ya \u00fcmumiyy\u0259tl\u0259, e\u015fidilm\u0259m\u0259li, ya da yava\u015fdan g\u0259lm\u0259lidir?\n<\/p>\n<p>\n  Niy\u0259 qad\u0131n moiz\u0259 v\u0259 azan oxuya bilm\u0259z?\n<\/p>\n<p>\n  Niy\u0259 g\u0259linin s\u0259si qaynatas\u0131n\u0131n v\u0259 yad ki\u015fil\u0259rin yan\u0131nda e\u015fidilm\u0259m\u0259lidir?\n<\/p>\n<p>\n  Niy\u0259 uca s\u0259sl\u0259 g\u00fclm\u0259k v\u0259 dan\u0131\u015fmaq ki\u015fil\u0259r\u0259 yara\u015fd\u0131r\u0131ld\u0131\u011f\u0131 halda, qad\u0131nlarda \u0259xlaqs\u0131zl\u0131q v\u0259 h\u0259yas\u0131zl\u0131q \u0259lam\u0259ti say\u0131l\u0131r?\n<\/p>\n<p>\n  Niy\u0259 y\u00fcz ill\u0259rl\u0259 n\u0259\u011fm\u0259 oxuyan qad\u0131nlar\u0131 dinl\u0259m\u0259k haram say\u0131ld\u0131, h\u0259l\u0259 d\u0259 say\u0131l\u0131r?\n<\/p>\n<p>\n  Niy\u0259 y\u00fcz ill\u0259r boyunca s\u0259sverm\u0259d\u0259 qad\u0131nlar i\u015ftirak ed\u0259 bilm\u0259zdil\u0259r?\n<\/p>\n<blockquote><p>\n  Qad\u0131n s\u0259sinin ilahi g\u00fcc\u00fc\n<\/p><\/blockquote>\n<p>\n  Ana b\u0259tnind\u0259 d\u0259, d\u00fcnyaya g\u0259l\u0259nd\u0259n sonra da insan\u0131n ilk e\u015fitdiyi s\u0259s anas\u0131n\u0131n s\u0259sidir; \u015f\u0259fq\u0259tli, sevgi il\u0259 dolu, sakitl\u0259\u015fdirici, rahatl\u0131q verici, qoruyucu, b\u0259z\u0259n c\u0259zaland\u0131r\u0131c\u0131, qorxuducu&#8230; Hans\u0131 ya\u015fda olsaq da, dara, \u00e7\u0259tinliy\u0259 d\u00fc\u015f\u0259nd\u0259, a\u011fr\u0131yanda, qorxanda instinktiv olaraq, anam\u0131z\u0131 \u00e7a\u011f\u0131r\u0131r\u0131q.\n<\/p>\n<p>\n  \u015e\u0259r ruhlar\u0131 qovan, xeyir ruhlar\u0131 k\u00f6m\u0259y\u0259 \u00e7a\u011f\u0131ran, h\u0259r\u0259k\u0259t\u0259 g\u0259tir\u0259n qad\u0131n s\u0259sinin ilahi g\u00fcc\u0259 malik oldu\u011funa inam b\u0259r\u0259k\u0259t rituallar\u0131nda, dini kultlarda, yas m\u0259rasiml\u0259rimd\u0259, h\u0259tta m\u00fcharib\u0259 meydanlar\u0131nda bel\u0259 \u00f6z\u00fcn\u00fc g\u00f6st\u0259rirdi.\n<\/p>\n<p>\n  Q\u0259dim yunanlarda s\u0259s tanr\u0131s\u0131 Exo qad\u0131n cinsind\u0259 t\u0259s\u0259vv\u00fcr edilirdi. Bundan ba\u015fqa, Yunan\u0131standa, qad\u0131n s\u0259sinin g\u00fcc v\u0259 q\u0259l\u0259b\u0259 g\u0259tir\u0259c\u0259yin\u0259 inan\u0131ld\u0131\u011f\u0131na g\u00f6r\u0259 ayr\u0131ca n\u0259r\u0259 qad\u0131n-tanr\u0131lar\u0131 olub. M\u0259s\u0259l\u0259n, m\u00fcharib\u0259 tanr\u0131s\u0131 Polemusun Alala adl\u0131 q\u0131z\u0131 m\u00fcharib\u0259 n\u0259r\u0259si tanr\u0131s\u0131 idi. Avropada \u0259sg\u0259rl\u0259r d\u00f6y\u00fc\u015f vaxt\u0131, ta bu yax\u0131nlarad\u0259k g\u00fcc v\u0259 q\u0259l\u0259b\u0259 versin dey\u0259, Alalan\u0131n ad\u0131n\u0131 ba\u011f\u0131r\u0131rd\u0131lar. Bizim dastanlar\u0131m\u0131zda \u201c\u018fr\u0259bz\u0259ngi n\u0259r\u0259si\u201d d\u0259 eyni inamla ba\u011fl\u0131d\u0131r.\n<\/p>\n<p>\n  Q\u0259dim t\u0259s\u0259vv\u00fcrl\u0259r\u0259 g\u00f6r\u0259 \u015f\u0259r ruhlar qad\u0131n s\u0259sind\u0259n qorxub qa\u00e7\u0131r, xeyir ruhlar is\u0259 xo\u015flan\u0131rd\u0131lar. \u015ead g\u00fcnl\u0259r qad\u0131nlar\u0131n g\u00fcl\u00fc\u015fl\u0259rinin, \u00e7o\u015f\u011fun ba\u011fr\u0131\u015fmalar\u0131n\u0131n, a\u00e7\u0131q-sa\u00e7\u0131q zarafatlar\u0131n\u0131n, n\u0259\u011fm\u0259l\u0259rinin m\u00fc\u015fayi\u0259ti il\u0259 ke\u00e7irilirdis\u0259, pis g\u00fcnl\u0259r d\u0259 qad\u0131nlar\u0131n a\u011fla\u015fmalar\u0131n\u0131n, a\u011f\u0131 dem\u0259l\u0259rinin, uca s\u0259sl\u0259 h\u00f6nk\u00fcrt\u00fcl\u0259rinin m\u00fc\u015fayi\u0259ti il\u0259 olurdu. X\u00fcsusi a\u011f\u0131\u00e7\u0131 qad\u0131nlar h\u0259m ilahi-dini personlar \u00fc\u00e7\u00fcn ke\u00e7iril\u0259n kultlarda, h\u0259m d\u0259 c\u0259miyy\u0259tin ali v\u0259 adi \u00fczvl\u0259rinin \u00f6l\u00fcm\u00fc \u00fc\u00e7\u00fcn ke\u00e7iril\u0259n yaslarda a\u011f\u0131 deyib a\u011flayard\u0131lar. Bu ad\u0259t indiy\u0259d\u0259k Az\u0259rbaycanda qal\u0131r. Qad\u0131n mollan\u0131n azan oxumas\u0131, v\u0259z verm\u0259si haram say\u0131ld\u0131\u011f\u0131 halda, yas yerl\u0259rind\u0259 s\u0131rf qad\u0131nlar\u0131 a\u011flatmaq \u00fc\u00e7\u00fcn qad\u0131n mollalar f\u0259aliyy\u0259t g\u00f6st\u0259rirl\u0259r.\n<\/p>\n<blockquote><p>\n  Qad\u0131n s\u0259si, g\u00fcl\u00fc\u015fm\u0259 v\u0259 a\u011fla\u015fma kultlar\u0131\n<\/p><\/blockquote>\n<p>\n  Tarixin \u0259n q\u0259dim zamanlar\u0131ndan \u00fcz\u00fcb\u0259ri, yaz aylar\u0131nda donmu\u015f torpa\u011f\u0131 oyatmaq, onun tez isinib bol m\u0259hsul verm\u0259si \u00fc\u00e7\u00fcn erotik m\u0259zmunlu b\u0259r\u0259k\u0259t v\u0259 bolluq rituallar\u0131 ke\u00e7irilib.\n<\/p>\n<p>\n  T\u00fcrk xalqlar\u0131nda bu m\u0259rasim\u0259 Yal\u0131n (Cal\u0131n) deyilirdi. Bu rituallar uca s\u0259sl\u0259 g\u00fcl\u0259n, q\u0259h-q\u0259h\u0259 \u00e7\u0259k\u0259n, dan\u0131\u015fan, h\u0259tta ba\u011f\u0131ran, n\u0259r\u0259 \u00e7\u0259k\u0259n, at kimi ki\u015fn\u0259y\u0259n qad\u0131nlar\u0131n m\u00fc\u015fayi\u0259ti il\u0259 ba\u015f tuturdu. Bu m\u0259rasiml\u0259rd\u0259 qad\u0131nlar s\u0259sl\u0259ri, x\u00fcsusil\u0259 erotik \u00e7alarl\u0131 g\u00fcl\u00fc\u015fl\u0259ri il\u0259 ana Torpaqdak\u0131 seksual enerjini, Yal\u0131n\u0131, odu, alovu oyatmal\u0131, h\u0259min enerjini \u00f6zl\u0259rin\u0259 \u00e7\u0259km\u0259li v\u0259 di\u015fi heyvanlara \u00f6t\u00fcrm\u0259li idil\u0259r. Bel\u0259c\u0259, ana Topa\u011f\u0131n verdiyi enerji do\u011fum v\u0259 b\u0259r\u0259k\u0259ti art\u0131racaqd\u0131.\n<\/p>\n<p>\n  Q\u0259dim t\u00fcrkl\u0259r\u0259 g\u00f6r\u0259 istilik v\u0259 seksual enerji di\u015fi xarakterli say\u0131l\u0131rd\u0131. Dilimizd\u0259 \u201cq\u0131z\u201d s\u00f6z\u00fcn\u00fcn di\u015filik bildirm\u0259si, h\u0259m\u00e7inin \u201cq\u0131z\u201dla k\u00f6k\u00fc eyni olan \u201cq\u0131zmaq\u201d s\u00f6z\u00fcn\u00fcn h\u0259m isinm\u0259k, h\u0259m d\u0259 \u015f\u0259hv\u0259tl\u0259nm\u0259k m\u0259nas\u0131 da\u015f\u0131mas\u0131 buna g\u00f6r\u0259dir. Od tanr\u0131lar\u0131, od qoruyucular\u0131 qad\u0131n cinsind\u0259 g\u00f6z qaba\u011f\u0131na g\u0259tirilir v\u0259 Od ana adland\u0131r\u0131l\u0131rd\u0131lar. T\u00fcrk xalqlar\u0131n\u0131n mifologiyas\u0131nda od tanr\u0131s\u0131 Yalun xan\u0131m da Yal\u0131n m\u0259rasimi il\u0259 birba\u015fa \u0259laq\u0259lidir.\n<\/p>\n<p>\n  Q\u0259dim insanlar g\u00fcl\u00fc\u015f\u00fcn do\u011fuma, b\u0259r\u0259k\u0259t\u0259, m\u0259hsuldarl\u0131\u011fa, canl\u0131lar\u0131n \u00e7oxal\u0131b t\u00f6r\u0259m\u0259l\u0259rin\u0259 t\u0259sir etm\u0259sin\u0259 inan\u0131rd\u0131lar. Q\u0131z v\u0259 o\u011flanlar\u0131n \u0259rg\u0259nliy\u0259 ke\u00e7id d\u00f6vr\u00fcnd\u0259 d\u00fcz\u0259ldil\u0259n inisiasiya m\u0259rasiml\u0259rind\u0259n d\u0259 q\u0259hq\u0259h\u0259li g\u00fcl\u00fc\u015fl\u0259r e\u015fidilirdi: onlar\u0131n do\u011fub-t\u00f6r\u0259m\u0259 qabiliyy\u0259tl\u0259ri arts\u0131n dey\u0259.\n<\/p>\n<p>\n  Yakut t\u00fcrkl\u0259rinin inam\u0131na g\u00f6r\u0259 do\u011fum tanr\u0131s\u0131 Ay\u0131s\u0131t \u00fc\u00e7\u00fcn ke\u00e7iril\u0259n m\u0259rasimd\u0259 bir qad\u0131n\u0131n y\u00fcks\u0259k s\u0259sl\u0259 g\u00fclm\u0259si, ya da g\u00fcl\u00fc\u015f krizin\u0259 girm\u0259si Ay\u0131s\u0131t\u0131n ona u\u015faq ver\u0259c\u0259yin\u0259 i\u015far\u0259 edirdi, y\u0259ni, qad\u0131n yax\u0131n zamanlarda hamil\u0259 olacaqd\u0131. G\u00fcl\u00fc\u015f hamil\u0259lik v\u0259 do\u011fum \u00fc\u00e7\u00fcn t\u0259kanverici rol oynay\u0131r. Yakutlar bel\u0259 hesab edirl\u0259r ki, Ay\u0131s\u0131t (\u0130yehs\u0131t), el\u0259c\u0259 d\u0259 \u015faman, g\u00fcl\u00fc\u015fl\u0259ri il\u0259 hamil\u0259 qad\u0131na k\u00f6m\u0259k edir.\n<\/p>\n<p>\n  Be\u015fikd\u0259 yuxulu v\u0259 ay\u0131q ik\u0259n g\u00fcl\u0259n k\u00f6rp\u0259l\u0259rin d\u0259 g\u00fcl\u00fc\u015f\u00fc do\u011fum tanr\u0131lar\u0131 il\u0259 \u0259laq\u0259l\u0259ndirilib. M\u0259s\u0259l\u0259n, bel\u0259 m\u0259qamlarda inan\u0131rd\u0131lar ki, Umay k\u00f6rp\u0259nin yan\u0131na g\u0259lib onu g\u00fcld\u00fcr\u00fcr.\n<\/p>\n<p>\n  Ancaq bu ana-tanr\u0131lar\u0131n \u015f\u0259r versiyalar\u0131 da g\u00fcl\u00fc\u015f yarada bilir, m\u0259s\u0259l\u0259n, gec\u0259yar\u0131s\u0131 u\u015faq yuxuda g\u00fcl\u00fcrs\u0259, bunu ed\u0259nin Aleyban\u0131 (Quleyban\u0131) olmas\u0131 inan\u0131l\u0131r.\n<\/p>\n<p>\n  Al anas\u0131n\u0131n ba\u015fqa formas\u0131 olan Albast\u0131 s\u00f6z\u00fc ruscaya \u201cAlbast\u0131y\u201d, \u201cAlbasta\u201d \u201cLobasta\u201d, \u201cLobast\u0131y\u201d \u015f\u0259klind\u0259 ke\u00e7ib v\u0259 su p\u0259risi dem\u0259kdir. \u0421. B\u0259ydili yaz\u0131r ki, etimologiyas\u0131 slavyan dill\u0259rin\u0259 aid olmayan Lobosta \u2013 qas\u0131r\u011fa qopan vaxtlarda qar \u00e7ov\u011funlar\u0131nda qara bulud kimi ortaya \u00e7\u0131x\u0131b qulaq bat\u0131ran bir s\u0259sl\u0259 g\u00fclm\u0259y\u0259 ba\u015flay\u0131r. Onunla qar\u015f\u0131la\u015fmaq \u00f6l\u00fcml\u0259 n\u0259tic\u0259l\u0259nir.\n<\/p>\n<p>\n  \u00d6ld\u00fcr\u00fcc\u00fc g\u00fcl\u00fc\u015f\u00fc olan mifik obrazlardan biri d\u0259 ba\u015fq\u0131rd t\u00fcrkl\u0259rinin mifologiyas\u0131ndak\u0131 \u015eureledir. O, qaba\u011f\u0131na kim \u00e7\u0131xsa, onu oynama\u011fa \u00e7a\u011f\u0131r\u0131r. Bu t\u0259klif\u0259 uyan adam\u0131, \u015eurele \u00f6l\u0259n\u0259d\u0259k q\u0131d\u0131qlay\u0131b g\u00fcld\u00fcr\u00fcr.\n<\/p>\n<p>\n  Q\u0259dim t\u00fcrkl\u0259rd\u0259 musiqili, r\u0259qsli, \u015feirli yu\u011f adlanan c\u0259naz\u0259 m\u0259rasiml\u0259ri olurdu. \u0130slam\u0131n g\u0259li\u015fi il\u0259 bu m\u0259rasiml\u0259r aradan qald\u0131r\u0131ld\u0131. (Ara\u015fd\u0131rma\u00e7\u0131lar\u0131n fikrinc\u0259 yu\u011f m\u0259rasiminin izl\u0259ri \u015fi\u0259\u00e7ilikd\u0259 m\u0259h\u0259rr\u0259mlik t\u0259ziyy\u0259l\u0259rind\u0259 v\u0259 m\u0259rsiyy\u0259 \u0259d\u0259biyyat\u0131nda qal\u0131b.) Yu\u011f\u00e7ular a\u011f\u0131 deyib \u00f6l\u00fcn\u00fc urvatland\u0131r\u0131rd\u0131lar.\n<\/p>\n<p>\n  \u018fg\u0259r a\u011flama, a\u011f\u0131 v\u0259 a\u011f\u0131\u00e7\u0131 qad\u0131nlar \u00f6l\u00fcm\u00fc simvolla\u015fd\u0131r\u0131rd\u0131sa, g\u00fcl\u00fc\u015f v\u0259 g\u00fcl\u0259n qad\u0131nlar do\u011fumu simvolla\u015fd\u0131r\u0131rd\u0131. Bir zamanlar qad\u0131n g\u00fcl\u00fc\u015f\u00fcn\u00fcn \u00f6l\u00fcn\u00fc diriltm\u0259k g\u00fcc\u00fcnd\u0259 oldu\u011funa inan\u0131l\u0131b. G\u00fcl\u00fc\u015f yenid\u0259ndo\u011fumla \u0259laq\u0259li oldu\u011funa g\u00f6r\u0259 b\u0259zi xalqlarda yas m\u0259rasiml\u0259rind\u0259 \u00f6l\u00fcn\u00fc g\u00fcl\u00fc\u015fl\u0259rin m\u00fc\u015fay\u0259ti il\u0259 torpa\u011fa basd\u0131rma ad\u0259ti olub.\n<\/p>\n<p>\n  Az\u0259rbaycan na\u011f\u0131llar\u0131nda, a\u011flayanda ya\u011f\u0131\u015f ya\u011fan (yaz\u0131n g\u0259lm\u0259si, \u00f6lm\u00fc\u015f torpa\u011f\u0131n yenid\u0259n dirilm\u0259si kimi), g\u00fcl\u0259nd\u0259 g\u00fcll\u0259r a\u00e7an q\u0131z obrazlar\u0131 var.\n<\/p>\n<p>\n  Qad\u0131nlar\u0131n i\u015ftirak\u0131 il\u0259 s\u0259sli-k\u00fcyl\u00fc m\u0259rasiml\u0259r Ki\u00e7ik Asiyada \u2013 q\u0259dim Anadoluda, Yunan\u0131standa, Romada v\u0259 s. m\u00f6vcud olub.\n<\/p>\n<p>\n  Q\u0259dim Yunan\u0131standa, Homerin dastanlar\u0131nda \u201cg\u00f6z\u0259l sa\u00e7l\u0131 \u015fah\u201d, \u201cG\u00f6z\u0259l h\u00f6r\u00fckl\u00fc Demeter\u201d t\u0259\u015fbehl\u0259ri il\u0259 v\u0259sf edil\u0259n b\u0259r\u0259k\u0259t, evlilik, m\u0259hsul, \u0259kin v\u0259 torpaq tanr\u0131s\u0131 ana-tanr\u0131 Demeter\u0259 v\u0259 onun q\u0131z\u0131 Persefonaya h\u0259sr edil\u0259n s\u0259kkiz b\u00f6y\u00fck bayram vard\u0131. C. Kerenyinin yazd\u0131\u011f\u0131na g\u00f6r\u0259, bu bayramlar\u0131n i\u00e7ind\u0259 Tesmoforiya, Skira ve Haloya ezoterik bayramlar\u0131nda yaln\u0131z qad\u0131nlar i\u015ftirak edirdil\u0259r v\u0259 onlar\u0131n qanuni \u0259rd\u0259 olmas\u0131 vacib idi. Demeterin adlar\u0131ndan olan Tesmoforiya \u2013 qanun qoyan, qanun da\u015f\u0131yan, qanun qoruyan dem\u0259kdir v\u0259 burada qanun dey\u0259rk\u0259n, h\u0259m d\u0259 evlilik tanr\u0131s\u0131 olan Demeterin qoydu\u011fu evlilik qanunlar\u0131 n\u0259z\u0259rd\u0259 tutulurdu. Bu bayramda ona g\u00f6r\u0259 d\u0259 yaln\u0131z g\u0259nc q\u0131zlar v\u0259 evli qad\u0131nlar i\u015ftirak ed\u0259 bil\u0259rdil\u0259r. (Bura fahi\u015f\u0259l\u0259rin g\u0259lm\u0259si qada\u011fan idi.) Bayram\u0131n mahiyy\u0259ti evl\u0259nm\u0259 v\u0259 anal\u0131\u011fa haz\u0131rl\u0131qla ba\u011fl\u0131 idi. Samsatl\u0131 Lukianos bu bayramda \u201etap\u0131c\u0131\u201c, \u201etapan\u201c adlanan qad\u0131nlar\u0131n s\u0259s-k\u00fcy sal\u0131b gurultu qoparmaqlar\u0131ndan dan\u0131\u015f\u0131r. Bayram boyunca qad\u0131nlar tumanlar\u0131n\u0131 ba\u015flar\u0131na qald\u0131r\u0131b a\u00e7\u0131q-sa\u00e7\u0131q zarafatlar edir, uca s\u0259sl\u0259 g\u00fcl\u00fc\u015f\u00fcrd\u00fcl\u0259r. Bayrama xas olan \u0259sas kult is\u0259 bir do\u011fu\u015fla \u00e7ox balalad\u0131\u011f\u0131 \u00fc\u00e7\u00fcn b\u0259r\u0259k\u0259tli do\u011fumu t\u0259msil ed\u0259n donuzlar\u0131n ma\u011faralara at\u0131l\u0131b Demeter\u0259 qurban edilm\u0259si idi.\n<\/p>\n<p>\n  Qad\u0131nlar\u0131n t\u0259\u015fkilat\u00e7\u0131l\u0131\u011f\u0131 v\u0259 i\u015ftirak\u0131 il\u0259 ba\u015f tutan Haloya bayram\u0131nda x\u0259mird\u0259n qad\u0131n v\u0259 ki\u015fi orqanlar\u0131 formas\u0131nda yem\u0259kl\u0259r haz\u0131rlan\u0131rd\u0131. (Haloya bayram\u0131n t\u0259kc\u0259 ad\u0131 deyil \u2013 halay, yall\u0131, yal\u0131n \u2013 mahiyy\u0259ti d\u0259 Yal\u0131n bayram\u0131na b\u0259nz\u0259yir.) Qad\u0131nlar a\u00e7\u0131q-sa\u00e7\u0131q h\u0259r\u0259k\u0259t edir, ucadan q\u0131\u015fq\u0131r\u0131\u015f\u0131r v\u0259 g\u00fcl\u00fc\u015f\u00fcr, q\u0131rm\u0131z\u0131 \u00e7ax\u0131r\u0131 su yerin\u0259 ax\u0131d\u0131r, bununla onlar torpa\u011f\u0131n b\u0259r\u0259k\u0259tvericiliyini oyand\u0131rma\u011fa \u00e7al\u0131\u015f\u0131rd\u0131lar.\n<\/p>\n<p>\n  Q\u0259dim Yunan\u0131standa v\u0259 Romada \u00e7ax\u0131r, \u00e7o\u015f\u011funluq, h\u0259yat sevinci, mistik v\u0259cd tanr\u0131s\u0131 Bakkos v\u0259 Dionis ad\u0131na ke\u00e7iril\u0259n \u015f\u0259nlik, festival v\u0259 ayinl\u0259rd\u0259 d\u0259 \u0259sas olaraq qad\u0131nlar i\u015ftirak edirdil\u0259r. Ki\u015fil\u0259r qad\u0131n paltar\u0131 geyinib ora daxil ola bil\u0259rdil\u0259r. \u00c7o\u015f\u011fun r\u0259qsl\u0259r, s\u0259rxo\u015fluq, \u00e7o\u015fdurucu musiqi, \u00e7\u0131l\u011f\u0131nl\u0131q, \u00f6z\u00fcnd\u0259n getm\u0259k, erotik m\u0259zmunlu \u015feirl\u0259r v\u0259 n\u0259\u011fm\u0259l\u0259r bu ayinl\u0259rin ba\u015fl\u0131ca \u00e7\u0259h\u0259tl\u0259ri idi. Patriarxall\u0131\u011f\u0131n t\u0259siri il\u0259 b\u0259r\u0259k\u0259ti t\u0259msil ed\u0259n qad\u0131n simvollar\u0131 aradan qalxd\u0131\u011f\u0131na g\u00f6r\u0259, bu ayinl\u0259rd\u0259 fallus formas\u0131nda bi\u015fintil\u0259r haz\u0131rlanrd\u0131. Qad\u0131nlar qorxunc ba\u011f\u0131rt\u0131larla v\u0259 g\u00fcl\u00fc\u015f s\u0259sl\u0259ri il\u0259 bir \u00f6k\u00fcz\u00fc, ya da buzovu diri-diri par\u00e7alay\u0131b yeyirdil\u0259r. Sparaqmos adlanan bu ritual \u00f6l\u00fcb-diril\u0259n tanr\u0131 Dionisin titanlar t\u0259r\u0259find\u0259n par\u00e7alan\u0131b yeyilm\u0259sini s\u0259hn\u0259l\u0259\u015fdirirdi. (Sonralar tanr\u0131 Dionisin qan\u0131n\u0131n i\u00e7ilib \u0259tinin yeyilm\u0259si simvolla\u015faraq xristianl\u0131\u011fa \u00f6t\u00fcr\u00fcld\u00fc: \u0130sa \u2013 Dionisi, \u00e7\u00f6r\u0259k onun \u0259tini, q\u0131rm\u0131z\u0131 \u015f\u0259rab is\u0259 qan\u0131n\u0131 \u0259v\u0259zl\u0259di.) M\u00fct\u0259x\u0259ssisl\u0259r teatr s\u0259n\u0259tinin, x\u00fcsus\u0259n d\u0259 faci\u0259 (tragediya) v\u0259 komediya janr\u0131n\u0131n \u0259sas\u0131n\u0131n m\u0259hz bu kult v\u0259 m\u0259rasiml\u0259rd\u0259 qoyuldu\u011funu deyirl\u0259r.\n<\/p>\n<p>\n  Maraql\u0131d\u0131r ki, g\u00fcl\u00fc\u015fl\u00fc v\u0259 g\u00fcld\u00fcr\u00fcc\u00fc m\u0259rasiml\u0259r ke\u00e7ir\u0259n yunan qad\u0131nlar\u0131 komediya janr\u0131nda tama\u015falara ged\u0259 bilm\u0259zdil\u0259r. Onlar\u0131n g\u00fcl\u00fc\u015f\u00fcn\u00fc yad ki\u015fil\u0259r e\u015fitm\u0259m\u0259li idi. Ancaq dini m\u0259zmunlu faci\u0259 tama\u015falar\u0131 t\u0259hl\u00fck\u0259 t\u00f6r\u0259tmirdi. A\u011flayan qad\u0131n y\u0259qin ki, kims\u0259d\u0259 erotik duy\u011fu yaratmayacaqd\u0131&#8230; Qad\u0131n ki\u015fil\u0259rin yan\u0131nda \u00fcr\u0259yi ist\u0259y\u0259n q\u0259d\u0259r a\u011flaya, s\u0131z\u0131ldaya bil\u0259r. Ancaq qad\u0131n\u0131n ki\u015fil\u0259rin yan\u0131nda uca s\u0259sl\u0259 g\u00fclm\u0259si v\u0259 dan\u0131\u015fmas\u0131 d\u0259rhal onun \u0259xlaq\u0131n\u0131 \u015f\u00fcbh\u0259 alt\u0131na ala bil\u0259r. Bu d\u00fc\u015f\u00fcnc\u0259 h\u0259l\u0259 d\u0259 aktuall\u0131\u011f\u0131n\u0131 saxlay\u0131r.\n<\/p>\n<blockquote><p>\n  Se\u00e7ki v\u0259 qad\u0131n s\u0259si\n<\/p><\/blockquote>\n<p>\n  Demokratiyan\u0131n be\u015fiyi say\u0131lan Yunan\u0131standa qad\u0131nlar\u0131n v\u0259 k\u00f6l\u0259l\u0259rin s\u0259s verm\u0259 haqq\u0131 yox idi.\n<\/p>\n<p>\n  M.\u0130lin v\u0259 E.Seqal yaz\u0131rlar ki, \u0130ran \u015fah\u0131n\u0131n saray\u0131nda xidm\u0259t\u00e7il\u0259r \u00f6z d\u0259rdl\u0259rini x\u00fcsusi \u0259l i\u015far\u0259l\u0259ri il\u0259 bildir\u0259 bil\u0259rdil\u0259r. Onlar yaln\u0131z \u00f6z s\u0259viyy\u0259l\u0259rind\u0259 olanlarla s\u00f6zl\u00fc dan\u0131\u015fma haqq\u0131na sahib idil\u0259r. Yax\u0131n v\u0259 Orta \u015e\u0259rqin bir \u00e7ox yerl\u0259rind\u0259, qad\u0131nlara qul, qulluq\u00e7u kimi bax\u0131ld\u0131\u011f\u0131na g\u00f6r\u0259, onlar\u0131n da dan\u0131\u015fma haqq\u0131 q\u0131s\u0131lm\u0131\u015fd\u0131, m\u0259s\u0259l\u0259n, qad\u0131nlar yad ki\u015fil\u0259rl\u0259 v\u0259 qay\u0131natalar\u0131 il\u0259 dan\u0131\u015fa bilm\u0259z, n\u0259yis\u0259 anlatmaq ist\u0259y\u0259nd\u0259 is\u0259 \u0259l i\u015far\u0259l\u0259rind\u0259n istifad\u0259 ed\u0259 bil\u0259rdil\u0259r.\n<\/p>\n<p>\n  Patriarxall\u0131q, x\u00fcsusil\u0259 ilk patriarxal dinl\u0259r qad\u0131n s\u0259sin\u0259 d\u0259 amans\u0131z v\u0259 q\u0131sqanc yana\u015fm\u0131\u015fd\u0131r. S\u0259s \u2013 \u015f\u0259xsiyy\u0259ti ifad\u0259 edir h\u0259m d\u0259. Qad\u0131n\u0131 \u015f\u0259xsiyy\u0259tsizl\u0259\u015fdirm\u0259k \u00fc\u00e7\u00fcn g\u00f6r\u00fcl\u0259n t\u0259dbirl\u0259rd\u0259n biri d\u0259 onun s\u0259sinin al\u0131nmas\u0131 oldu. B\u0259zi islam \u00f6lk\u0259l\u0259rind\u0259 qad\u0131nlara s\u0259s verm\u0259 haqq\u0131 lap bu yax\u0131nlarda verilib. Qad\u0131n s\u0259sinin haram say\u0131lmas\u0131na inam is\u0259, h\u0259l\u0259 d\u0259 davam edir. M\u0259s\u0259l\u0259n, he\u00e7 bir islam \u00f6lk\u0259sind\u0259 qad\u0131n m\u0259scidd\u0259 moiz\u0259 oxuya, minb\u0259r\u0259 \u00e7\u0131x\u0131b azan ver\u0259 bilm\u0259z. \u0130slam \u00f6lk\u0259l\u0259rind\u0259 m\u00fc\u011f\u0259nni qad\u0131nlara b\u0259z\u0259n qeyri-ciddi bax\u0131\u015f\u0131n bir s\u0259b\u0259bi d\u0259 \u2013 islam dininin musiqini haram saymas\u0131yla yana\u015f\u0131, \u00fcst\u0259lik, qad\u0131n s\u0259sini d\u0259 haram saymas\u0131d\u0131r.\n<\/p>\n<p>\n  Qad\u0131n s\u0259sin\u0259 bel\u0259 m\u00fcnasib\u0259t mentalitetimizd\u0259 d\u0259 \u00f6z\u00fcn\u00fc g\u00f6st\u0259rir. H\u0259l\u0259 d\u0259 \u0259r\u0259 ged\u0259n qad\u0131nlardan ilk umulan davran\u0131\u015f onlar\u0131n susmalar\u0131 v\u0259 ya q\u0131s\u0131q s\u0259sl\u0259 dan\u0131\u015fmalar\u0131d\u0131r: iff\u0259tli qad\u0131n\u0131n s\u0259si e\u015fidilm\u0259z.\n<\/p>\n<p>\n  Bir \u00e7ox ucqar k\u0259ndd\u0259 g\u0259linl\u0259rin qay\u0131natalar\u0131 v\u0259 yad ki\u015fil\u0259rl\u0259 dan\u0131\u015fmamas\u0131 ad\u0259ti indiy\u0259d\u0259k qal\u0131r.\n<\/p>\n<p>\n  Qad\u0131nlar\u0131n sa\u00e7lar\u0131n\u0131n, \u00fcz-g\u00f6zl\u0259rinin \u00e7adra, hicab, burka il\u0259 gizl\u0259dilm\u0259si onlar\u0131n \u201c\u015feytani g\u00fccl\u0259rini\u201d z\u0259ifl\u0259tm\u0259k \u00fc\u00e7\u00fcn g\u00f6r\u00fcl\u0259n \u201cprofilaktik t\u0259dbir\u201d oldu\u011fu kimi, qad\u0131nlar\u0131n susdurulmas\u0131 da qad\u0131n\u0131 \u201ct\u0259hl\u00fck\u0259sizl\u0259\u015fdirm\u0259k\u201d \u00fc\u00e7\u00fcn d\u00fc\u015f\u00fcn\u00fcl\u00fcb. Buna g\u00f6r\u0259 d\u0259, s\u0259sl\u0259ri, g\u00f6r\u00fcn\u00fc\u015fl\u0259ri il\u0259 ki\u015fil\u0259ri \u201cyoldan \u00e7\u0131xardan\u201d qad\u0131nlar t\u0259cav\u00fcz\u0259 u\u011frayanda, ya da onlara yolda-izd\u0259 s\u00f6z at\u0131landa, g\u00fcnah qad\u0131nlarda axtar\u0131l\u0131r.\n<\/p>\n<p>\n  N\u0259hay\u0259t, qad\u0131n s\u0259sinin, qad\u0131n sa\u00e7lar\u0131n\u0131n v\u0259 qad\u0131n g\u00f6z\u0259lliyinin f\u0259lak\u0259t yaratmas\u0131, g\u00f6r\u0259k, bu g\u00f6z\u0259l \u015feird\u0259 nec\u0259 e\u015fidilir. Bel\u0259likl\u0259: almancadan ana-dilimiz\u0259 t\u0259rc\u00fcm\u0259 etdiyim Heinrich Heinenin Lore-Ley \u015feiri:\n<\/p>\n<blockquote><p>\n  Lore-Ley\n<\/p><\/blockquote>\n<p>\n  Bilmir\u0259m n\u0259 \u00fc\u00e7\u00fcn k\u0259d\u0259rliy\u0259m m\u0259n,\n<\/p>\n<p>\n  G\u00f6r\u0259n k\u0259d\u0259rimin m\u0259nas\u0131 n\u0259dir;\n<\/p>\n<p>\n  B\u0259lk\u0259 d\u0259 q\u0259dimd\u0259n bu g\u00fcn\u0259 g\u0259l\u0259n\n<\/p>\n<p>\n  Ba\u015f\u0131mdan \u00e7\u0131xmayan bir \u0259fsan\u0259dir:\n<\/p>\n<p>\n  ***\n<\/p>\n<p>\n  Yen\u0259 sakit-sakit ax\u0131r Reyn \u00e7ay\u0131;\n<\/p>\n<p>\n  Hava s\u0259rinl\u0259\u015fib qaralmaqdad\u0131r.\n<\/p>\n<p>\n  G\u00fcn\u0259\u015f ax\u015fam \u00fcst\u00fc z\u0259if parlay\u0131r\n<\/p>\n<p>\n  Da\u011flar\u0131n ba\u015f\u0131nda saralmaqdad\u0131r.\n<\/p>\n<p>\n  ***\n<\/p>\n<p>\n  Orda, yuxar\u0131da qayalar \u00fcst\u0259\n<\/p>\n<p>\n  G\u00f6z\u0259ll\u0259r g\u00f6z\u0259li bir q\u0131z oturur.\n<\/p>\n<p>\n  Daray\u0131r q\u0131z\u0131l\u0131 sa\u00e7\u0131n ah\u0259st\u0259\n<\/p>\n<p>\n  Taxd\u0131\u011f\u0131 zin\u0259tl\u0259r nec\u0259 b\u0259rq vurur.\n<\/p>\n<p>\n  ***\n<\/p>\n<p>\n  Q\u0131z\u0131ldan dara\u011f\u0131 tutub \u0259lind\u0259\n<\/p>\n<p>\n  Oxuyur sehrli, g\u00f6z\u0259l s\u0259siyl\u0259;\n<\/p>\n<p>\n  N\u0259\u011fm\u0259l\u0259r u\u00e7u\u015fur onun dilind\u0259n\n<\/p>\n<p>\n  \u00d6z\u00fcn\u00fcn \u0259fsunlu melodiyas\u0131yla.\n<\/p>\n<p>\n  ***\n<\/p>\n<p>\n  Ki\u00e7ik qay\u0131\u011f\u0131nda \u00fcz\u0259n qay\u0131q\u00e7\u0131\n<\/p>\n<p>\n  \u018ffsunlu n\u0259\u011fm\u0259y\u0259 yaxalan\u0131r, bax;\n<\/p>\n<p>\n  G\u00f6z\u00fc o g\u00f6z\u0259li g\u0259z\u0259n qay\u0131q\u00e7\u0131\n<\/p>\n<p>\n  Qayal\u0131 sahili g\u00f6rm\u0259yir ancaq&#8230;\n<\/p>\n<p>\n  ***\n<\/p>\n<p>\n  Bilir\u0259m sonunu bu \u0259hvalat\u0131n\n<\/p>\n<p>\n  Dal\u011falar udacaq o qay\u0131q\u00e7\u0131n\u0131;\n<\/p>\n<p>\n  Sehrli n\u0259\u011fm\u0259yl\u0259 bir g\u00f6z\u0259l qad\u0131n\n<\/p>\n<p>\n  Sonuna \u00e7atacaq o qay\u0131q\u00e7\u0131n\u0131n&#8230;\n<\/p>\n<\/p>\n<blockquote><p>\n  Almancas\u0131:\n<\/p><\/blockquote>\n<p>\n  Ich wei\u00df nicht, was soll es bedeuten,\n<\/p>\n<p>\n  Dass ich so traurig bin;\n<\/p>\n<p>\n  Ein M\u00e4rchen aus alten Zeiten,\n<\/p>\n<p>\n  Das kommt mir nicht aus dem Sinn.\n<\/p>\n<p>\n  ***\n<\/p>\n<p>\n  Die Luft ist k\u00fchl und es dunkelt\n<\/p>\n<p>\n  Und ruhig flie\u00dft der Rhein;\n<\/p>\n<p>\n  Der Gipfel des Berges funkelt\n<\/p>\n<p>\n  Im Abendsonnenschein.\n<\/p>\n<p>\n  ***\n<\/p>\n<p>\n  Die sch\u00f6nste Jungfrau sitzet\n<\/p>\n<p>\n  Dort oben wunderbar,\n<\/p>\n<p>\n  Ihr goldnes Geschmeide blitzet,\n<\/p>\n<p>\n  Sie k\u00e4mmt ihr goldenes Haar.\n<\/p>\n<p>\n  ***\n<\/p>\n<p>\n  Sie k\u00e4mmt es mit goldenem Kamme\n<\/p>\n<p>\n  Und singt ein Lied dabei;\n<\/p>\n<p>\n  Das hat eine wundersame,\n<\/p>\n<p>\n  Gewaltige Melodei.\n<\/p>\n<p>\n  ***\n<\/p>\n<p>\n  Den Schiffer im kleinen Schiffe\n<\/p>\n<p>\n  Ergreift es mit wildem Weh;\n<\/p>\n<p>\n  Er schaut nicht die Felsenriffe,\n<\/p>\n<p>\n  Er schaut nur hinauf in die H\u00f6h.\n<\/p>\n<p>\n  ***\n<\/p>\n<p>\n  Ich glaube, die Wellen verschlingen\n<\/p>\n<p>\n  Am Ende Schiffer und Kahn;\n<\/p>\n<p>\n  Und das hat mit ihrem Singen\n<\/p>\n<p>\n  Die Lore- Ley getan.\n<\/p>\n<p>\n  <b><br \/>\n    <i><br \/>\n      Yaz\u0131 m\u00fc\u0259llifin fikirl\u0259rini \u0259ks etdirir v\u0259 Meydan TV-nin m\u00f6vqeyi il\u0259 \u00fcst-\u00fcst\u0259 d\u00fc\u015fm\u0259y\u0259 bil\u0259r.<br \/>\n    <\/i><br \/>\n  <\/b><\/p>\n","protected":false},"excerpt":{"rendered":"<p>Bud\u0259f\u0259ki yaz\u0131mda Lore-Leyin simas\u0131nda qad\u0131n s\u0259sinin n\u0259 \u00fc\u00e7\u00fcn \u00f6ld\u00fcr\u00fcc\u00fc, t\u0259hl\u00fck\u0259li, tovlay\u0131c\u0131, \u015feytani say\u0131lmas\u0131n\u0131n s\u0259b\u0259bl\u0259ri ara\u015fd\u0131r\u0131lacaq v\u0259 a\u015fa\u011f\u0131dak\u0131 suallara cavab veril\u0259c\u0259kdir<\/p>\n","protected":false},"author":11,"featured_media":106910,"comment_status":"closed","ping_status":"open","sticky":false,"template":"","format":"standard","meta":{"_acf_changed":false,"_sitemap_exclude":false,"_sitemap_priority":"","_sitemap_frequency":"","footnotes":""},"categories":[57],"tags":[],"class_list":["post-190964","post","type-post","status-publish","format-standard","has-post-thumbnail","hentry","category-menim-fikrimce","infinite-scroll-item","generate-columns","tablet-grid-50","mobile-grid-100","grid-parent","grid-33","no-featured-image-padding"],"acf":[],"yoast_head":"<!-- This site is optimized with the Yoast SEO plugin v27.4 - https:\/\/yoast.com\/product\/yoast-seo-wordpress\/ -->\n<title>Lore-Ley \u2013 qad\u0131n s\u0259sinin v\u0259 sa\u00e7lar\u0131n\u0131n \u015feytaniliyi (II Yaz\u0131) - MEYDAN.TV<\/title>\n<meta name=\"robots\" content=\"index, follow, max-snippet:-1, max-image-preview:large, max-video-preview:-1\" \/>\n<link rel=\"canonical\" href=\"https:\/\/www.meydan.tv\/az\/article\/lore-ley-qadin-sesinin-ve-saclarinin-seytaniliyi-ii-yazi\/\" \/>\n<meta property=\"og:locale\" content=\"az_AZ\" \/>\n<meta property=\"og:type\" content=\"article\" \/>\n<meta property=\"og:title\" content=\"Lore-Ley \u2013 qad\u0131n s\u0259sinin v\u0259 sa\u00e7lar\u0131n\u0131n \u015feytaniliyi (II Yaz\u0131) - MEYDAN.TV\" \/>\n<meta property=\"og:description\" content=\"Bud\u0259f\u0259ki yaz\u0131mda Lore-Leyin simas\u0131nda qad\u0131n s\u0259sinin n\u0259 \u00fc\u00e7\u00fcn \u00f6ld\u00fcr\u00fcc\u00fc, t\u0259hl\u00fck\u0259li, tovlay\u0131c\u0131, \u015feytani say\u0131lmas\u0131n\u0131n s\u0259b\u0259bl\u0259ri ara\u015fd\u0131r\u0131lacaq v\u0259 a\u015fa\u011f\u0131dak\u0131 suallara cavab veril\u0259c\u0259kdir\" \/>\n<meta property=\"og:url\" content=\"https:\/\/www.meydan.tv\/az\/article\/lore-ley-qadin-sesinin-ve-saclarinin-seytaniliyi-ii-yazi\/\" \/>\n<meta property=\"og:site_name\" content=\"MEYDAN.TV\" \/>\n<meta property=\"article:published_time\" content=\"2018-07-23T23:59:36+00:00\" \/>\n<meta property=\"og:image\" content=\"https:\/\/www.meydan.tv\/wp-content\/uploads\/42474.jpg\" \/>\n\t<meta property=\"og:image:width\" content=\"667\" \/>\n\t<meta property=\"og:image:height\" content=\"500\" \/>\n\t<meta property=\"og:image:type\" content=\"image\/jpeg\" \/>\n<meta name=\"author\" content=\"user-manager\" \/>\n<meta name=\"twitter:card\" content=\"summary_large_image\" \/>\n<script type=\"application\/ld+json\" class=\"yoast-schema-graph\">{\"@context\":\"https:\\\/\\\/schema.org\",\"@graph\":[{\"@type\":\"Article\",\"@id\":\"https:\\\/\\\/www.meydan.tv\\\/az\\\/article\\\/lore-ley-qadin-sesinin-ve-saclarinin-seytaniliyi-ii-yazi\\\/#article\",\"isPartOf\":{\"@id\":\"https:\\\/\\\/www.meydan.tv\\\/az\\\/article\\\/lore-ley-qadin-sesinin-ve-saclarinin-seytaniliyi-ii-yazi\\\/\"},\"author\":{\"name\":\"user-manager\",\"@id\":\"https:\\\/\\\/www.meydan.tv\\\/az\\\/#\\\/schema\\\/person\\\/10d11eccf6da3662cf5fdab9806ea91a\"},\"headline\":\"Lore-Ley \u2013 qad\u0131n s\u0259sinin v\u0259 sa\u00e7lar\u0131n\u0131n \u015feytaniliyi (II Yaz\u0131)\",\"datePublished\":\"2018-07-23T23:59:36+00:00\",\"mainEntityOfPage\":{\"@id\":\"https:\\\/\\\/www.meydan.tv\\\/az\\\/article\\\/lore-ley-qadin-sesinin-ve-saclarinin-seytaniliyi-ii-yazi\\\/\"},\"wordCount\":3552,\"publisher\":{\"@id\":\"https:\\\/\\\/www.meydan.tv\\\/az\\\/#organization\"},\"image\":{\"@id\":\"https:\\\/\\\/www.meydan.tv\\\/az\\\/article\\\/lore-ley-qadin-sesinin-ve-saclarinin-seytaniliyi-ii-yazi\\\/#primaryimage\"},\"thumbnailUrl\":\"https:\\\/\\\/www.meydan.tv\\\/wp-content\\\/uploads\\\/42474.jpg\",\"articleSection\":[\"M\u0259nim Fikrimc\u0259\"],\"inLanguage\":\"az\"},{\"@type\":\"WebPage\",\"@id\":\"https:\\\/\\\/www.meydan.tv\\\/az\\\/article\\\/lore-ley-qadin-sesinin-ve-saclarinin-seytaniliyi-ii-yazi\\\/\",\"url\":\"https:\\\/\\\/www.meydan.tv\\\/az\\\/article\\\/lore-ley-qadin-sesinin-ve-saclarinin-seytaniliyi-ii-yazi\\\/\",\"name\":\"Lore-Ley \u2013 qad\u0131n s\u0259sinin v\u0259 sa\u00e7lar\u0131n\u0131n \u015feytaniliyi (II Yaz\u0131) - MEYDAN.TV\",\"isPartOf\":{\"@id\":\"https:\\\/\\\/www.meydan.tv\\\/az\\\/#website\"},\"primaryImageOfPage\":{\"@id\":\"https:\\\/\\\/www.meydan.tv\\\/az\\\/article\\\/lore-ley-qadin-sesinin-ve-saclarinin-seytaniliyi-ii-yazi\\\/#primaryimage\"},\"image\":{\"@id\":\"https:\\\/\\\/www.meydan.tv\\\/az\\\/article\\\/lore-ley-qadin-sesinin-ve-saclarinin-seytaniliyi-ii-yazi\\\/#primaryimage\"},\"thumbnailUrl\":\"https:\\\/\\\/www.meydan.tv\\\/wp-content\\\/uploads\\\/42474.jpg\",\"datePublished\":\"2018-07-23T23:59:36+00:00\",\"breadcrumb\":{\"@id\":\"https:\\\/\\\/www.meydan.tv\\\/az\\\/article\\\/lore-ley-qadin-sesinin-ve-saclarinin-seytaniliyi-ii-yazi\\\/#breadcrumb\"},\"inLanguage\":\"az\",\"potentialAction\":[{\"@type\":\"ReadAction\",\"target\":[\"https:\\\/\\\/www.meydan.tv\\\/az\\\/article\\\/lore-ley-qadin-sesinin-ve-saclarinin-seytaniliyi-ii-yazi\\\/\"]}]},{\"@type\":\"ImageObject\",\"inLanguage\":\"az\",\"@id\":\"https:\\\/\\\/www.meydan.tv\\\/az\\\/article\\\/lore-ley-qadin-sesinin-ve-saclarinin-seytaniliyi-ii-yazi\\\/#primaryimage\",\"url\":\"https:\\\/\\\/www.meydan.tv\\\/wp-content\\\/uploads\\\/42474.jpg\",\"contentUrl\":\"https:\\\/\\\/www.meydan.tv\\\/wp-content\\\/uploads\\\/42474.jpg\",\"width\":667,\"height\":500,\"caption\":\"Source:\"},{\"@type\":\"BreadcrumbList\",\"@id\":\"https:\\\/\\\/www.meydan.tv\\\/az\\\/article\\\/lore-ley-qadin-sesinin-ve-saclarinin-seytaniliyi-ii-yazi\\\/#breadcrumb\",\"itemListElement\":[{\"@type\":\"ListItem\",\"position\":1,\"name\":\"Ana s\u0259hif\u0259\",\"item\":\"https:\\\/\\\/www.meydan.tv\\\/az\\\/\"},{\"@type\":\"ListItem\",\"position\":2,\"name\":\"M\u0259nim Fikrimc\u0259\",\"item\":\"https:\\\/\\\/www.meydan.tv\\\/az\\\/section\\\/menim-fikrimce\\\/\"},{\"@type\":\"ListItem\",\"position\":3,\"name\":\"Lore-Ley \u2013 qad\u0131n s\u0259sinin v\u0259 sa\u00e7lar\u0131n\u0131n \u015feytaniliyi (II Yaz\u0131)\"}]},{\"@type\":\"WebSite\",\"@id\":\"https:\\\/\\\/www.meydan.tv\\\/az\\\/#website\",\"url\":\"https:\\\/\\\/www.meydan.tv\\\/az\\\/\",\"name\":\"MEYDAN.TV\",\"description\":\"Meydan TV Az\u0259rbaycan\u0131n media m\u0259kan\u0131ndak\u0131 alternativ s\u0259sidir\",\"publisher\":{\"@id\":\"https:\\\/\\\/www.meydan.tv\\\/az\\\/#organization\"},\"potentialAction\":[{\"@type\":\"SearchAction\",\"target\":{\"@type\":\"EntryPoint\",\"urlTemplate\":\"https:\\\/\\\/www.meydan.tv\\\/az\\\/?s={search_term_string}\"},\"query-input\":{\"@type\":\"PropertyValueSpecification\",\"valueRequired\":true,\"valueName\":\"search_term_string\"}}],\"inLanguage\":\"az\"},{\"@type\":\"Organization\",\"@id\":\"https:\\\/\\\/www.meydan.tv\\\/az\\\/#organization\",\"name\":\"Meydan TV\",\"url\":\"https:\\\/\\\/www.meydan.tv\\\/az\\\/\",\"logo\":{\"@type\":\"ImageObject\",\"inLanguage\":\"az\",\"@id\":\"https:\\\/\\\/www.meydan.tv\\\/az\\\/#\\\/schema\\\/logo\\\/image\\\/\",\"url\":\"https:\\\/\\\/www.meydan.tv\\\/wp-content\\\/uploads\\\/2021\\\/07\\\/meydan-logo.svg\",\"contentUrl\":\"https:\\\/\\\/www.meydan.tv\\\/wp-content\\\/uploads\\\/2021\\\/07\\\/meydan-logo.svg\",\"width\":195,\"height\":46,\"caption\":\"Meydan TV\"},\"image\":{\"@id\":\"https:\\\/\\\/www.meydan.tv\\\/az\\\/#\\\/schema\\\/logo\\\/image\\\/\"}},{\"@type\":\"Person\",\"@id\":\"https:\\\/\\\/www.meydan.tv\\\/az\\\/#\\\/schema\\\/person\\\/10d11eccf6da3662cf5fdab9806ea91a\",\"name\":\"user-manager\"}]}<\/script>\n<!-- \/ Yoast SEO plugin. -->","yoast_head_json":{"title":"Lore-Ley \u2013 qad\u0131n s\u0259sinin v\u0259 sa\u00e7lar\u0131n\u0131n \u015feytaniliyi (II Yaz\u0131) - MEYDAN.TV","robots":{"index":"index","follow":"follow","max-snippet":"max-snippet:-1","max-image-preview":"max-image-preview:large","max-video-preview":"max-video-preview:-1"},"canonical":"https:\/\/www.meydan.tv\/az\/article\/lore-ley-qadin-sesinin-ve-saclarinin-seytaniliyi-ii-yazi\/","og_locale":"az_AZ","og_type":"article","og_title":"Lore-Ley \u2013 qad\u0131n s\u0259sinin v\u0259 sa\u00e7lar\u0131n\u0131n \u015feytaniliyi (II Yaz\u0131) - MEYDAN.TV","og_description":"Bud\u0259f\u0259ki yaz\u0131mda Lore-Leyin simas\u0131nda qad\u0131n s\u0259sinin n\u0259 \u00fc\u00e7\u00fcn \u00f6ld\u00fcr\u00fcc\u00fc, t\u0259hl\u00fck\u0259li, tovlay\u0131c\u0131, \u015feytani say\u0131lmas\u0131n\u0131n s\u0259b\u0259bl\u0259ri ara\u015fd\u0131r\u0131lacaq v\u0259 a\u015fa\u011f\u0131dak\u0131 suallara cavab veril\u0259c\u0259kdir","og_url":"https:\/\/www.meydan.tv\/az\/article\/lore-ley-qadin-sesinin-ve-saclarinin-seytaniliyi-ii-yazi\/","og_site_name":"MEYDAN.TV","article_published_time":"2018-07-23T23:59:36+00:00","og_image":[{"width":667,"height":500,"url":"https:\/\/www.meydan.tv\/wp-content\/uploads\/42474.jpg","type":"image\/jpeg"}],"author":"user-manager","twitter_card":"summary_large_image","schema":{"@context":"https:\/\/schema.org","@graph":[{"@type":"Article","@id":"https:\/\/www.meydan.tv\/az\/article\/lore-ley-qadin-sesinin-ve-saclarinin-seytaniliyi-ii-yazi\/#article","isPartOf":{"@id":"https:\/\/www.meydan.tv\/az\/article\/lore-ley-qadin-sesinin-ve-saclarinin-seytaniliyi-ii-yazi\/"},"author":{"name":"user-manager","@id":"https:\/\/www.meydan.tv\/az\/#\/schema\/person\/10d11eccf6da3662cf5fdab9806ea91a"},"headline":"Lore-Ley \u2013 qad\u0131n s\u0259sinin v\u0259 sa\u00e7lar\u0131n\u0131n \u015feytaniliyi (II Yaz\u0131)","datePublished":"2018-07-23T23:59:36+00:00","mainEntityOfPage":{"@id":"https:\/\/www.meydan.tv\/az\/article\/lore-ley-qadin-sesinin-ve-saclarinin-seytaniliyi-ii-yazi\/"},"wordCount":3552,"publisher":{"@id":"https:\/\/www.meydan.tv\/az\/#organization"},"image":{"@id":"https:\/\/www.meydan.tv\/az\/article\/lore-ley-qadin-sesinin-ve-saclarinin-seytaniliyi-ii-yazi\/#primaryimage"},"thumbnailUrl":"https:\/\/www.meydan.tv\/wp-content\/uploads\/42474.jpg","articleSection":["M\u0259nim Fikrimc\u0259"],"inLanguage":"az"},{"@type":"WebPage","@id":"https:\/\/www.meydan.tv\/az\/article\/lore-ley-qadin-sesinin-ve-saclarinin-seytaniliyi-ii-yazi\/","url":"https:\/\/www.meydan.tv\/az\/article\/lore-ley-qadin-sesinin-ve-saclarinin-seytaniliyi-ii-yazi\/","name":"Lore-Ley \u2013 qad\u0131n s\u0259sinin v\u0259 sa\u00e7lar\u0131n\u0131n \u015feytaniliyi (II Yaz\u0131) - MEYDAN.TV","isPartOf":{"@id":"https:\/\/www.meydan.tv\/az\/#website"},"primaryImageOfPage":{"@id":"https:\/\/www.meydan.tv\/az\/article\/lore-ley-qadin-sesinin-ve-saclarinin-seytaniliyi-ii-yazi\/#primaryimage"},"image":{"@id":"https:\/\/www.meydan.tv\/az\/article\/lore-ley-qadin-sesinin-ve-saclarinin-seytaniliyi-ii-yazi\/#primaryimage"},"thumbnailUrl":"https:\/\/www.meydan.tv\/wp-content\/uploads\/42474.jpg","datePublished":"2018-07-23T23:59:36+00:00","breadcrumb":{"@id":"https:\/\/www.meydan.tv\/az\/article\/lore-ley-qadin-sesinin-ve-saclarinin-seytaniliyi-ii-yazi\/#breadcrumb"},"inLanguage":"az","potentialAction":[{"@type":"ReadAction","target":["https:\/\/www.meydan.tv\/az\/article\/lore-ley-qadin-sesinin-ve-saclarinin-seytaniliyi-ii-yazi\/"]}]},{"@type":"ImageObject","inLanguage":"az","@id":"https:\/\/www.meydan.tv\/az\/article\/lore-ley-qadin-sesinin-ve-saclarinin-seytaniliyi-ii-yazi\/#primaryimage","url":"https:\/\/www.meydan.tv\/wp-content\/uploads\/42474.jpg","contentUrl":"https:\/\/www.meydan.tv\/wp-content\/uploads\/42474.jpg","width":667,"height":500,"caption":"Source:"},{"@type":"BreadcrumbList","@id":"https:\/\/www.meydan.tv\/az\/article\/lore-ley-qadin-sesinin-ve-saclarinin-seytaniliyi-ii-yazi\/#breadcrumb","itemListElement":[{"@type":"ListItem","position":1,"name":"Ana s\u0259hif\u0259","item":"https:\/\/www.meydan.tv\/az\/"},{"@type":"ListItem","position":2,"name":"M\u0259nim Fikrimc\u0259","item":"https:\/\/www.meydan.tv\/az\/section\/menim-fikrimce\/"},{"@type":"ListItem","position":3,"name":"Lore-Ley \u2013 qad\u0131n s\u0259sinin v\u0259 sa\u00e7lar\u0131n\u0131n \u015feytaniliyi (II Yaz\u0131)"}]},{"@type":"WebSite","@id":"https:\/\/www.meydan.tv\/az\/#website","url":"https:\/\/www.meydan.tv\/az\/","name":"MEYDAN.TV","description":"Meydan TV Az\u0259rbaycan\u0131n media m\u0259kan\u0131ndak\u0131 alternativ s\u0259sidir","publisher":{"@id":"https:\/\/www.meydan.tv\/az\/#organization"},"potentialAction":[{"@type":"SearchAction","target":{"@type":"EntryPoint","urlTemplate":"https:\/\/www.meydan.tv\/az\/?s={search_term_string}"},"query-input":{"@type":"PropertyValueSpecification","valueRequired":true,"valueName":"search_term_string"}}],"inLanguage":"az"},{"@type":"Organization","@id":"https:\/\/www.meydan.tv\/az\/#organization","name":"Meydan TV","url":"https:\/\/www.meydan.tv\/az\/","logo":{"@type":"ImageObject","inLanguage":"az","@id":"https:\/\/www.meydan.tv\/az\/#\/schema\/logo\/image\/","url":"https:\/\/www.meydan.tv\/wp-content\/uploads\/2021\/07\/meydan-logo.svg","contentUrl":"https:\/\/www.meydan.tv\/wp-content\/uploads\/2021\/07\/meydan-logo.svg","width":195,"height":46,"caption":"Meydan TV"},"image":{"@id":"https:\/\/www.meydan.tv\/az\/#\/schema\/logo\/image\/"}},{"@type":"Person","@id":"https:\/\/www.meydan.tv\/az\/#\/schema\/person\/10d11eccf6da3662cf5fdab9806ea91a","name":"user-manager"}]}},"_links":{"self":[{"href":"https:\/\/www.meydan.tv\/az\/wp-json\/wp\/v2\/posts\/190964","targetHints":{"allow":["GET"]}}],"collection":[{"href":"https:\/\/www.meydan.tv\/az\/wp-json\/wp\/v2\/posts"}],"about":[{"href":"https:\/\/www.meydan.tv\/az\/wp-json\/wp\/v2\/types\/post"}],"author":[{"embeddable":true,"href":"https:\/\/www.meydan.tv\/az\/wp-json\/wp\/v2\/users\/11"}],"replies":[{"embeddable":true,"href":"https:\/\/www.meydan.tv\/az\/wp-json\/wp\/v2\/comments?post=190964"}],"version-history":[{"count":0,"href":"https:\/\/www.meydan.tv\/az\/wp-json\/wp\/v2\/posts\/190964\/revisions"}],"wp:featuredmedia":[{"embeddable":true,"href":"https:\/\/www.meydan.tv\/az\/wp-json\/wp\/v2\/media\/106910"}],"wp:attachment":[{"href":"https:\/\/www.meydan.tv\/az\/wp-json\/wp\/v2\/media?parent=190964"}],"wp:term":[{"taxonomy":"category","embeddable":true,"href":"https:\/\/www.meydan.tv\/az\/wp-json\/wp\/v2\/categories?post=190964"},{"taxonomy":"post_tag","embeddable":true,"href":"https:\/\/www.meydan.tv\/az\/wp-json\/wp\/v2\/tags?post=190964"}],"curies":[{"name":"wp","href":"https:\/\/api.w.org\/{rel}","templated":true}]}}