{"id":190950,"date":"2018-07-22T22:52:52","date_gmt":"2018-07-22T22:52:52","guid":{"rendered":"https:\/\/www.meydan.tv\/article\/hokumet-milli-azliqlarin-metbuatina-destek-vermir\/"},"modified":"2018-07-22T22:52:52","modified_gmt":"2018-07-22T22:52:52","slug":"hokumet-milli-azliqlarin-metbuatina-destek-vermir","status":"publish","type":"post","link":"https:\/\/www.meydan.tv\/az\/article\/hokumet-milli-azliqlarin-metbuatina-destek-vermir\/","title":{"rendered":"&#8221;H\u00f6kum\u0259t milli azl\u0131qlar\u0131n m\u0259tbuat\u0131na d\u0259st\u0259k vermir&#8221;"},"content":{"rendered":"<p>\n  \u201c\u018frim 2007-ci ilin fevral\u0131nda h\u0259bs olundu. \u0130ki h\u0259ft\u0259d\u0259n sonra gec\u0259yar\u0131 bizi qorxuzmaq m\u0259qs\u0259di il\u0259 evimiz\u0259 soxuldular v\u0259 dedil\u0259r ki, o, v\u0259t\u0259n\u0259 x\u0259yan\u0259t edib\u201d. \u2013 M\u0259rhum professor Novruz\u0259li M\u0259mm\u0259dovun xan\u0131m\u0131 M\u0259ry\u0259m M\u0259mm\u0259dova h\u0259yat yolda\u015f\u0131n\u0131n ba\u015f\u0131na g\u0259tiril\u0259nl\u0259ri bu c\u00fcr xat\u0131rlay\u0131r. Lakin indiy\u0259 q\u0259d\u0259r x\u0259yan\u0259tin n\u0259d\u0259n ibar\u0259t oldu\u011funu bilm\u0259diyini deyir.\n<\/p>\n<p>\n  Novruz\u0259li M\u0259mm\u0259dov 2 fevral 2007-ci ild\u0259 haz\u0131rda l\u0259\u011fv edilmi\u015f Milli T\u0259hl\u00fck\u0259sizlik Nazirliyi (MTN) t\u0259r\u0259find\u0259n h\u0259bs edilmi\u015f, 17 avqust 2009-cu ild\u0259 Bak\u0131 h\u0259bsxanas\u0131nda m\u00fc\u0259mmal\u0131 \u015f\u0259kild\u0259 d\u00fcnyas\u0131n\u0131 d\u0259yi\u015fmi\u015fdi. H\u0259bs olunan vaxt\u0131 o, Az\u0259rbaycan Milli Elml\u0259r Akademiyas\u0131n\u0131n (AMEA) Dil\u00e7ilik institutunun Roman-German dill\u0259ri elmi-t\u0259dris sektorunun m\u00fcdiri, \u201cTol\u0131\u015fi S\u0259do\u201d q\u0259zetinin ba\u015f redaktoru, Respublika Tal\u0131\u015f M\u0259d\u0259niyy\u0259t M\u0259rk\u0259zinin s\u0259dr m\u00fcavini idi. Bir \u00e7oxu onun tal\u0131\u015flar\u0131n m\u0259d\u0259niyy\u0259tinin t\u0259bli\u011fi, \u0259sas\u0259n d\u0259 \u201cTol\u0131\u015fi S\u0259do\u201d q\u0259zetind\u0259ki f\u0259aliyy\u0259ti il\u0259 ba\u011fl\u0131 h\u0259bs edilib \u00f6ld\u00fcr\u00fcld\u00fcy\u00fcn\u00fc d\u00fc\u015f\u00fcn\u00fcr. El\u0259 h\u0259yat yolda\u015f\u0131 da eyni fikird\u0259dir. M\u0259ry\u0259m M\u0259mm\u0259dova deyir ki, Novruz\u0259linin h\u0259bsind\u0259n sonra onun 2 o\u011fluna qar\u015f\u0131 da t\u0259zyiql\u0259r art\u0131b v\u0259 h\u0259r ikisi m\u00fcxt\u0259lif vaxtlarda nam\u0259lum \u015f\u0259xsl\u0259r t\u0259r\u0259find\u0259n d\u00f6y\u00fcl\u00fcb:\n<\/p>\n<p>\n  \u201cO\u011flum Emili Yasamalda tutub, uzaq bir yer\u0259 apararaq \u00f6l\u00fcmc\u00fcl d\u00f6y\u00fcb, sonra da qap\u0131m\u0131z\u0131n a\u011fz\u0131na atm\u0131\u015fd\u0131lar. O\u011flumun b\u0259d\u0259nind\u0259 ayaqqab\u0131 izl\u0259ri vard\u0131. Jurnalist onun fotolar\u0131n\u0131 \u00e7\u0259k\u0259nd\u0259 d\u0259h\u015f\u0259t\u0259 g\u0259lmi\u015fdi. Fotolar \u00e7\u0259kildikd\u0259n sonra polis idar\u0259sin\u0259 gedib ekspert t\u0259l\u0259b etdim. Lakin n\u0259tic\u0259si olmad\u0131. O\u011flum Kamrana da eyni c\u00fcr davranm\u0131\u015fd\u0131lar. Sentyabr ay\u0131nda (08 sentyabr 2007-ci il) onu o\u011furlayaraq \u015f\u0259h\u0259r k\u0259nar\u0131na apar\u0131b, o q\u0259d\u0259r d\u00f6ym\u00fc\u015fd\u00fcl\u0259r ki, qulaqlar\u0131ndan qan ax\u0131rd\u0131. H\u0259min g\u00fcn\u00fcn ax\u015fam\u0131 da d\u00fcnyas\u0131n\u0131 d\u0259yi\u015fdi\u201d.\n<\/p>\n<figure class=\"wp-block-image size-large\">\n  <img decoding=\"async\" src=\"https:\/\/www.meydan.tv\/az\/merhum-bas-redaktor-novruzeli-memmedov\/\" alt=\"M\u0259rhum ba\u015f redaktor Novruz\u0259li M\u0259mm\u0259dov\" class=\"wp-image-106907\"\/><figcaption>\n    M\u0259rhum ba\u015f redaktor Novruz\u0259li M\u0259mm\u0259dov<br \/>\n  <\/figcaption><\/figure>\n<p>\n  M\u0259mm\u0259dovlar\u0131n ki\u00e7ik o\u011flu Emilin \u00f6l\u00fcm\u00fc d\u0259 m\u00fc\u0259mmal\u0131 olur. 25 sentyabr 2009-cu ild\u0259 Novruz\u0259li M\u0259mm\u0259dovun yas m\u0259rasimind\u0259n qay\u0131dan M\u0259ry\u0259m v\u0259 Emil avtomobil q\u0259zas\u0131na d\u00fc\u015f\u00fcr v\u0259 Emil h\u0259yat\u0131n\u0131 itirir. Q\u0259zan\u0131n t\u0259qsirkar\u0131 olan y\u00fck ma\u015f\u0131n\u0131 s\u00fcrc\u00fcs\u00fc is\u0259 cinay\u0259t m\u0259suliyy\u0259tin\u0259 c\u0259lb edilmir. Bundan sonra M\u0259ry\u0259m M\u0259mm\u0259dova Hollandiyaya m\u00fchacir\u0259t edib orada ya\u015fama\u011fa m\u0259cbur olur.\n<\/p>\n<p>\n  2012-ci ild\u0259 eyni q\u0259zetin dig\u0259r yeni ba\u015f redaktoru Hilal M\u0259mm\u0259dov h\u0259bs olunduqdan sonra Az\u0259rbaycan h\u00f6kum\u0259tinin tal\u0131\u015f f\u0259allara qar\u015f\u0131 t\u0259mizl\u0259m\u0259 siyas\u0259ti y\u00fcr\u00fctd\u00fcy\u00fc \u015f\u00fcbh\u0259l\u0259ri daha da \u00e7oxald\u0131. Q\u0259zet is\u0259 f\u0259aliyy\u0259tini ba\u015f ver\u0259n t\u0259zyiql\u0259r s\u0259b\u0259bind\u0259n daha \u00f6nc\u0259 dayand\u0131rmaq m\u0259cburiyy\u0259tind\u0259 qalm\u0131\u015fd\u0131. Hilal M\u0259mm\u0259dov h\u0259bsinin t\u0259k q\u0259zetd\u0259ki f\u0259aliyy\u0259tl\u0259 ba\u011fl\u0131 olmad\u0131\u011f\u0131n\u0131 bildirir. Lakin hakimiyy\u0259tin milli azl\u0131qlar\u0131n inki\u015faf\u0131nda maraql\u0131 olmad\u0131\u011f\u0131n\u0131 da vur\u011fulay\u0131r:\n<\/p>\n<p>\n  \u201cHakimiyy\u0259tin mara\u011f\u0131nda deyil ki, h\u0259r hans\u0131sa milli azl\u0131q inki\u015faf etsin. \u018fsas tal\u0131\u015flar \u00f6zl\u0259ri mill\u0259tin maarifl\u0259nm\u0259sind\u0259 rol oynamal\u0131d\u0131r. Novruz\u0259li M\u0259mm\u0259dovun h\u0259bsi v\u0259 \u00f6l\u00fcm\u00fcnd\u0259n sonra \u201cTol\u0131\u015fi S\u0259do\u201d q\u0259zetind\u0259 m\u0259n f\u0259aliyy\u0259t g\u00f6st\u0259rdim. Bu m\u00f6vzuda \u00e7oxlu problem var. M\u00fcxt\u0259lif tal\u0131\u015fdilli saytlar var ki, onlar f\u0259aliyy\u0259tin dayand\u0131rmamal\u0131d\u0131r. \u0130nsanlar h\u0259v\u0259sd\u0259n d\u00fc\u015fm\u0259m\u0259li, davam etm\u0259lidirl\u0259r\u201d.\n<\/p>\n<figure class=\"wp-block-image size-large\">\n  <img decoding=\"async\" src=\"https:\/\/www.meydan.tv\/az\/hilal-memmedov\/\" alt=\"Hilal M\u0259mm\u0259dov\" class=\"wp-image-68283\"\/><figcaption>\n    Hilal M\u0259mm\u0259dov<br \/>\n  <\/figcaption><\/figure>\n<p>\n  Jurnalist Rafiq C\u0259lilovun fikrinc\u0259 is\u0259 m\u0259hz bu iki hadis\u0259d\u0259n sonra art\u0131q tal\u0131\u015flar aras\u0131nda qorxu yaran\u0131b. Deyir ki, he\u00e7 kim tal\u0131\u015f dilind\u0259 q\u0259zet buraxma\u011fa, bununla ba\u011fl\u0131 hans\u0131sa i\u015f g\u00f6rm\u0259y\u0259 \u00fcr\u0259k etmirdi. Lakin b\u00fct\u00fcn \u00e7\u0259tinlikl\u0259r\u0259 baxmayaraq, onun redaktorlu\u011fu il\u0259 2011-ci ild\u0259n ba\u015flayan, ke\u00e7mi\u015f \u201cTol\u0131\u015fi S\u0259do\u201d q\u0259zetin\u0259 ox\u015far adla yeni q\u0259zet \u201cTol\u0131\u015fon S\u0259do\u201d bug\u00fcn\u0259 q\u0259d\u0259r n\u0259\u015fr edilir.\n<\/p>\n<p>\n  H\u0259m\u00e7inin \u201cDodo\u201d \u201cAmbur\u201d q\u0259zetl\u0259ri, \u201cAl\u0259m\u201d jurnal\u0131 burax\u0131l\u0131r. \u201cAl\u0259m\u201d jurnal\u0131 2016-c\u0131 ild\u0259n, \u201cDodo\u201d q\u0259zeti is\u0259 2017-ci ild\u0259n f\u0259aliyy\u0259t\u0259 ba\u015flay\u0131b. \u201cAl\u0259m\u201d jurnal\u0131 maksimum 400, \u201cDodo\u201d q\u0259zeti is\u0259 1000 tirajla n\u0259\u015fr edilib. \u201cAmbur\u201d q\u0259zeti yeni f\u0259aliyy\u0259t\u0259 ba\u015flay\u0131b v\u0259 cari ilin iyun ay\u0131n\u0131n 10-da 500 tirajla ilk d\u0259f\u0259 n\u0259\u015fr edilib. H\u0259r \u00fc\u00e7 media orqan\u0131 siyasi m\u00f6vzulardan k\u0259nard\u0131r.\n<\/p>\n<p>\n  \u201cTol\u0131\u015fon S\u0259do\u201d q\u0259zetinin tiraj\u0131 is\u0259 bir \u00e7ox s\u0259b\u0259b\u0259 g\u00f6r\u0259 stabil deyil. Q\u0259zetin ba\u015f redaktoru Rafiq C\u0259lilov is\u0259 bir ne\u00e7\u0259 d\u0259f\u0259 t\u0259zyiql\u0259 \u00fczl\u0259\u015fib. Onun \u00f6lk\u0259d\u0259n \u00e7\u0131x\u0131\u015f\u0131na qada\u011fa qoyulub. \u0130yunun 12-d\u0259 is\u0259 L\u0259nk\u0259randa polis t\u0259r\u0259find\u0259n saxlan\u0131l\u0131b v\u0259 ma\u015f\u0131n\u0131nda olan q\u0259zetl\u0259r m\u00fcsadir\u0259 olunub. C\u0259lilov deyir ki, ona a\u00e7\u0131q \u015f\u0259kild\u0259 q\u0259zetin 107-ci n\u00f6mr\u0259sin\u0259 g\u00f6r\u0259 saxlan\u0131ld\u0131\u011f\u0131n\u0131 bildiribl\u0259r v\u0259 polisl\u0259r t\u0259r\u0259find\u0259n d\u0259f\u0259l\u0259rl\u0259 t\u0259hqir olunub. S\u0259b\u0259b d\u0259 odur ki, q\u0259zetin h\u0259min say\u0131nda qum saat\u0131 t\u0259svir olunub v\u0259 polis bunu \u201cOyan\u201d H\u0259r\u0259kat\u0131n\u0131n simvolu il\u0259 \u0259laq\u0259l\u0259ndiribl\u0259r.\n<\/p>\n<p>\n  \u201cAl\u0259m\u201d jurnal\u0131n\u0131n ba\u015f redaktoru V\u00fcqar H\u0259mati is\u0259 indiy\u0259 q\u0259d\u0259r he\u00e7 bir t\u0259zyiql\u0259 \u00fczl\u0259\u015fm\u0259dikl\u0259rini bildirir:\n<\/p>\n<p>\n  \u201c\u018fksin\u0259, m\u00fcraci\u0259t etdiyimiz \u018fdliyy\u0259 Nazirliyind\u0259n tutmu\u015f dig\u0259r h\u00f6kum\u0259t orqanlar\u0131na q\u0259d\u0259r jurnal\u0131 t\u0259qdim etdiyimiz vaxtlarda xo\u015f m\u00fcnasib\u0259tl\u0259 qar\u015f\u0131lanm\u0131\u015f\u0131q. \u018fdliyy\u0259 Nazirliyin\u0259 m\u00fcraci\u0259timiz zaman\u0131 orda i\u015fimiz\u0259 baxan xan\u0131m e\u015fid\u0259nd\u0259 ki, tal\u0131\u015f dilind\u0259 jurnal buraxaca\u011f\u0131q, bunu \u00e7ox xo\u015f qar\u015f\u0131lam\u0131\u015fd\u0131. H\u0259tta t\u0259brik d\u0259 etdi. Jurnal\u0131m\u0131z da t\u0259sdiq olundu. D\u00fc\u015f\u00fcn\u00fcr\u0259m ki, he\u00e7 kimin ixtiyar\u0131 da yoxdur biz\u0259 t\u0259zyiq etsin. Biz sad\u0259c\u0259 ana dilimizi ya\u015fad\u0131r\u0131q\u201d.\n<\/p>\n<p>\n  \u201cDodo\u201d q\u0259zetinin ba\u015f redaktoru \u0130rad\u0259 M\u0259likova da t\u0259zyiql\u0259 \u00fczl\u0259\u015fm\u0259diyini bildirir. Yaln\u0131z bir d\u0259f\u0259 tal\u0131\u015f dilind\u0259 l\u00fc\u011f\u0259t \u00e7ap\u0131na g\u00f6r\u0259 polis t\u0259r\u0259find\u0259n saxlan\u0131ld\u0131\u011f\u0131n\u0131 v\u0259 daha sonra s\u0259rb\u0259st burax\u0131ld\u0131\u011f\u0131n\u0131 deyir. Bunun da s\u0259b\u0259bini h\u0259min l\u00fc\u011f\u0259tin m\u00fc\u0259llifinin siyasi f\u0259aliyy\u0259ti il\u0259 ba\u011flay\u0131r.\n<\/p>\n<p>\n  H\u0259m\u00e7inin \u201ctalysh.org\u201d, \u201ctalish.org\u201d kimi tal\u0131\u015fdilli saytlar\u0131n Az\u0259rbaycan \u0259razisind\u0259 m\u0259hk\u0259m\u0259siz blokland\u0131\u011f\u0131n\u0131 da vur\u011fulamaq laz\u0131md\u0131r.\n<\/p>\n<p>\n  H\u00fcquq\u015f\u00fcnas Ataxan \u018fbilov deyir ki, Az\u0259rbaycan h\u00f6kum\u0259ti milli azl\u0131qlarla ba\u011fl\u0131 g\u00f6t\u00fcrd\u00fcy\u00fc he\u00e7 bir \u00f6hd\u0259liyi yerin\u0259 yetirmir. Milli azl\u0131qlar\u0131n m\u0259tbuat\u0131na d\u0259st\u0259k verm\u0259k \u0259v\u0259zin\u0259 ona mane olur:\n<\/p>\n<p>\n  \u201c12 il \u00f6nc\u0259 \u201cMilli azl\u0131qlar\u0131n m\u00fcdafi\u0259si haqq\u0131nda Avropa \u00c7\u0259r\u00e7iv\u0259 sazi\u015fi\u201d il\u0259 ba\u011fl\u0131 t\u0259dqiqat\u0131m olub. Avropa \u015euras\u0131n\u0131n s\u0259n\u0259didir. Az\u0259rbaycan Avropa \u015euras\u0131na \u00fczv olmam\u0131\u015fdan \u0259vv\u0259l bu s\u0259n\u0259di imzalam\u0131\u015fd\u0131. Amma bu sazi\u015fin t\u0259l\u0259bl\u0259rini yerin\u0259 yetirm\u0259k \u00fc\u00e7\u00fcn he\u00e7 bir h\u0259r\u0259k\u0259t etm\u0259yib. Sad\u0259c\u0259 imza x\u0259trin\u0259 bunu edib v\u0259 Az\u0259rbaycan\u0131n ad\u0131 bu sazi\u015fi imzalayan d\u00f6vl\u0259tl\u0259r siyah\u0131s\u0131ndad\u0131r. Faktiki olaraq is\u0259 he\u00e7 bir i\u015f yoxdur. Burda milli azl\u0131qlar\u0131n \u00f6z dilind\u0259 t\u0259hsil, media h\u00fcququndan, birl\u0259\u015fm\u0259 azadl\u0131qlar\u0131ndan s\u00f6hb\u0259t gedir. \u018fg\u0259r bir mill\u0259t iki ayr\u0131 respublikan\u0131n t\u0259rkibind\u0259 qal\u0131bsa, bu s\u0259n\u0259d\u0259 g\u00f6r\u0259 onlar aras\u0131nda \u0259laq\u0259l\u0259rin yarad\u0131lmas\u0131na k\u00f6m\u0259k olunmal\u0131yd\u0131. Tal\u0131\u015f xalq\u0131 bel\u0259 xalqlardan biridir. Az\u0259rbaycan v\u0259 \u0130ran v\u0259t\u0259nda\u015flar\u0131d\u0131rlar. Bu konvensiyaya \u0259sas\u0259n Az\u0259rbaycan v\u0259 \u0130ran tal\u0131\u015flar\u0131 \u00f6z aralar\u0131nda rahat \u015f\u0259kild\u0259 \u0259laq\u0259y\u0259 girm\u0259lidir, m\u0259tbuat orqanlar\u0131 olmal\u0131d\u0131r v\u0259 b\u00fct\u00fcn bunlar d\u00f6vl\u0259t v\u0259saitl\u0259ri hesab\u0131na edilm\u0259lidir. Konvensiyan\u0131n he\u00e7 bir madd\u0259si tal\u0131\u015flar \u00fc\u00e7\u00fcn h\u0259yata ke\u00e7irilm\u0259yib\u201d.\n<\/p>\n<figure class=\"wp-block-image size-large\">\n  <img decoding=\"async\" src=\"https:\/\/www.meydan.tv\/az\/ataxan-ebilov\/\" alt=\"Ataxan \u018fbilov\" class=\"wp-image-82396\"\/><figcaption>\n    Ataxan \u018fbilov<br \/>\n  <\/figcaption><\/figure>\n<p>\n  \u018fbilov bu m\u0259s\u0259l\u0259d\u0259 \u0130ctimai Televiziyan\u0131n da m\u0259suliyy\u0259ti oldu\u011funu d\u00fc\u015f\u00fcn\u00fcr:\n<\/p>\n<p>\n  \u201cAz\u0259rbaycan pasportu olan h\u0259r bir \u015f\u0259xs bu \u00f6lk\u0259nin v\u0259t\u0259nda\u015f\u0131d\u0131r, vergi verir v\u0259 h\u00fcquqi haqlar\u0131 var. V\u0259t\u0259nda\u015flar\u0131n vergisi hesab\u0131na formala\u015fan d\u00f6vl\u0259t televiziyalar\u0131 da onlar\u0131n t\u0259l\u0259bl\u0259rin\u0259 cavab verm\u0259lidir\u201d.\n<\/p>\n<p>\n  Media H\u00fcququ \u0130nstitutunun r\u0259hb\u0259ri R\u0259\u015fid Hac\u0131l\u0131 is\u0259 \u0130ctimai Televiziyan\u0131n, \u00fcmumiyy\u0259tl\u0259, he\u00e7 bir sah\u0259d\u0259 normal f\u0259aliyy\u0259t g\u00f6st\u0259rm\u0259diyini d\u00fc\u015f\u00fcn\u00fcr:\n<\/p>\n<p>\n  \u201c\u0130ctimai yay\u0131m\u0131n v\u0259zif\u0259l\u0259rind\u0259n biri d\u0259 yerli xalqlar\u0131n, yerli m\u0259d\u0259niyy\u0259tl\u0259rin inki\u015faf\u0131 \u00fc\u00e7\u00fcn z\u0259ruri proqramlar\u0131n haz\u0131rlanmas\u0131 v\u0259 yay\u0131lmas\u0131d\u0131r. Yerli dill\u0259rin bel\u0259 proqramlarda istifad\u0259 olunmas\u0131 da \u0259sas \u015f\u0259rtl\u0259rd\u0259ndir. \u0130ctimai yay\u0131m\u00e7\u0131 he\u00e7 bir sah\u0259d\u0259 qanunla m\u00fc\u0259yy\u0259n olunmu\u015f standartlara, el\u0259c\u0259 d\u0259 bu sah\u0259d\u0259 Az\u0259rbaycan\u0131n \u00f6z \u00fcz\u0259rin\u0259 g\u00f6t\u00fcrd\u00fcy\u00fc \u00f6hd\u0259likl\u0259r\u0259 \u0259m\u0259l etmir. Hakimiyy\u0259tin ideoloji ruporu olma\u011f\u0131 bir t\u0259r\u0259f\u0259, \u0259n adi m\u0259d\u0259ni, elmi-k\u00fctl\u0259vi, g\u00fcnd\u0259lik-m\u0259i\u015f\u0259t v\u0259 sair m\u0259s\u0259l\u0259l\u0259rin i\u015f\u0131qland\u0131r\u0131lmas\u0131 sah\u0259sind\u0259 \u00fcz\u0259rin\u0259 d\u00fc\u015f\u0259n v\u0259zif\u0259l\u0259ri yerin\u0259 yetirmir. Qeyd edim ki, bu problem sad\u0259c\u0259 etnik m\u0259s\u0259l\u0259l\u0259rl\u0259 ba\u011fl\u0131 deyil. Y\u0259ni m\u0259s\u0259l\u0259n, bir tal\u0131\u015f v\u0259 ya t\u00fcrk \u00fc\u00e7\u00fcn ictimai yay\u0131m\u0131n f\u0259rqi ondad\u0131r ki, burada t\u00fcrkc\u0259 dan\u0131\u015f\u0131rlar. Qalan h\u0259r hans\u0131 m\u0259s\u0259l\u0259d\u0259, bu yay\u0131m onlar\u0131n h\u0259r ikisin\u0259 \u00e7ox yadd\u0131r. Bununla bel\u0259, yerli dill\u0259rin inki\u015faf etdirilm\u0259si, bu dill\u0259rd\u0259 h\u0259rt\u0259r\u0259fli proqramlar\u0131n haz\u0131rlanmas\u0131 ictimai yay\u0131m\u0131n, el\u0259c\u0259 d\u0259 AzTV-nin v\u0259zif\u0259l\u0259rind\u0259n olmal\u0131d\u0131r\u201d.\n<\/p>\n<p>\n  \u0130ctimai Televiziyadan bu bar\u0259d\u0259 suallara cavab verilm\u0259yib. Az\u0259rbaycan Televiziyas\u0131nda is\u0259 bu sah\u0259d\u0259 yaln\u0131z internet \u00fcz\u0259rind\u0259n yay\u0131mlanan RAD\u0130O \u0130NT h\u0259ft\u0259d\u0259 iki d\u0259f\u0259 25 d\u0259qiq\u0259lik verili\u015f yay\u0131mlay\u0131r. Lakin dal\u011fa \u00fcz\u0259rind\u0259n bu radionu dinl\u0259m\u0259k m\u00fcmk\u00fcn olmad\u0131\u011f\u0131ndan tal\u0131\u015flar\u0131n \u00e7oxu bu radio bar\u0259d\u0259 m\u0259lumats\u0131zd\u0131r. M\u0259lumatl\u0131 olanlar is\u0259 s\u0259sl\u0259nm\u0259d\u0259 h\u0259dd\u0259n art\u0131q qrammatik s\u0259hvl\u0259rin oldu\u011funu, b\u0259zi s\u00f6zl\u0259rin is\u0259, \u00fcmumiyy\u0259tl\u0259, tal\u0131\u015f dilind\u0259 olmad\u0131\u011f\u0131n\u0131 bildirirl\u0259r.\n<\/p>\n<p>\n  Radionun tal\u0131\u015fca yay\u0131m\u0131n\u0131 dinl\u0259y\u0259nl\u0259rd\u0259n biri Ruslan \u0130lyasov, h\u0259m d\u0259 tal\u0131\u015f dilini \u00e7ox yax\u015f\u0131 s\u0259viyy\u0259d\u0259 bilir. O, 5 d\u0259qiq\u0259 \u0259rzind\u0259 apar\u0131c\u0131n\u0131n 60-dan \u00e7ox s\u0259hv\u0259 yol verdiyini deyir:\n<\/p>\n<p>\n  \u201c\u00dcmumiyy\u0259tl\u0259, bu radioya Az\u0259rbaycanda qulaq asan kims\u0259ni tapmaq \u00e7\u0259tin m\u0259s\u0259l\u0259dir. Qald\u0131 ki, tal\u0131\u015flardan kims\u0259 h\u0259ft\u0259d\u0259 2 d\u0259f\u0259 g\u00f6zl\u0259sin, burada 25 d\u0259qiq\u0259lik verili\u015f olacaq v\u0259 o da he\u00e7 normal tal\u0131\u015f dilind\u0259 s\u0259sl\u0259nm\u0259y\u0259c\u0259k. Bu proqramlar\u0131n m\u0259lumat y\u00fck\u00fc d\u0259 maraq \u00e7\u0259kmir. \u00dcst\u0259lik k\u0259nd, rayon yerind\u0259 ya\u015fayan kas\u0131b, internet\u0259 \u00e7\u0131x\u0131\u015f\u0131 olmayan tal\u0131\u015flar bu radionu nec\u0259 dinl\u0259y\u0259 bil\u0259r? Rayon s\u0259viyy\u0259sind\u0259, \u00fcmumiyy\u0259tl\u0259, internetd\u0259n \u00e7ox az adam istifad\u0259 edir v\u0259 internet s\u00fcr\u0259ti d\u0259 a\u015fa\u011f\u0131 olur\u201d.\n<\/p>\n<p>\n  Jurnalist Az\u0259r Kaz\u0131mzad\u0259 is\u0259, \u00fcmumiyy\u0259tl\u0259, tal\u0131\u015fca olan he\u00e7 bir media orqan\u0131n\u0131n maraql\u0131 olmad\u0131\u011f\u0131n\u0131, g\u00fcnd\u0259lik yenilikl\u0259ri yay\u0131mlaya bilm\u0259diyini deyir:\n<\/p>\n<p>\n  \u201cBuna s\u0259b\u0259b d\u00f6vl\u0259tin qoydu\u011fu \u00e7\u0259r\u00e7iv\u0259 v\u0259 s\u0259rh\u0259dl\u0259rdir. \u00d6lk\u0259d\u0259 tal\u0131\u015flar\u0131n probleml\u0259rini yaza bil\u0259c\u0259k he\u00e7 bir m\u0259tbu orqan uzunm\u00fcdd\u0259tli ya\u015faya bilm\u0259z. Buna c\u0259hd ed\u0259nl\u0259ri Novuz\u0259li M\u0259mm\u0259dov v\u0259 Hilal M\u0259mm\u0259dovun aqib\u0259ti g\u00f6zl\u0259yir. Siyasi yaz\u0131lar\u0131 olmayan iki tal\u0131\u015fdilli sayt da Az\u0259rbaycanda bloklan\u0131rsa, bu, art\u0131q h\u00f6kum\u0259tin a\u00e7\u0131q q\u0259r\u0259zini g\u00f6st\u0259rir. Lakin he\u00e7 kim buna g\u00f6r\u0259 h\u0259v\u0259sd\u0259n d\u00fc\u015fm\u0259m\u0259lidir. H\u0259r sah\u0259d\u0259 oldu\u011fu kimi bu problemin h\u0259lli \u00fc\u00e7\u00fcn d\u0259 sona q\u0259d\u0259r m\u00fcbariz\u0259 aparmal\u0131y\u0131q\u201d.<\/p>\n","protected":false},"excerpt":{"rendered":"<p>H\u00fcquq\u015f\u00fcnas: \u201cYerli dill\u0259rin inki\u015faf etdirilm\u0259si, bu dill\u0259rd\u0259 h\u0259rt\u0259r\u0259fli proqramlar\u0131n haz\u0131rlanmas\u0131 ictimai yay\u0131m\u0131n, el\u0259c\u0259 d\u0259 AzTV-nin v\u0259zif\u0259l\u0259rind\u0259n olmal\u0131d\u0131r\u201d<\/p>\n","protected":false},"author":11,"featured_media":106940,"comment_status":"closed","ping_status":"open","sticky":false,"template":"","format":"standard","meta":{"_acf_changed":false,"_sitemap_exclude":false,"_sitemap_priority":"","_sitemap_frequency":"","footnotes":""},"categories":[51],"tags":[],"class_list":["post-190950","post","type-post","status-publish","format-standard","has-post-thumbnail","hentry","category-analitika","infinite-scroll-item","generate-columns","tablet-grid-50","mobile-grid-100","grid-parent","grid-33","no-featured-image-padding"],"acf":[],"yoast_head":"<!-- This site is optimized with the Yoast SEO plugin v27.4 - https:\/\/yoast.com\/product\/yoast-seo-wordpress\/ -->\n<title>&#039;&#039;H\u00f6kum\u0259t milli azl\u0131qlar\u0131n m\u0259tbuat\u0131na d\u0259st\u0259k vermir&#039;&#039; - MEYDAN.TV<\/title>\n<meta name=\"robots\" content=\"index, follow, max-snippet:-1, max-image-preview:large, max-video-preview:-1\" \/>\n<link rel=\"canonical\" href=\"https:\/\/www.meydan.tv\/az\/article\/hokumet-milli-azliqlarin-metbuatina-destek-vermir\/\" \/>\n<meta property=\"og:locale\" content=\"az_AZ\" \/>\n<meta property=\"og:type\" content=\"article\" \/>\n<meta property=\"og:title\" content=\"&#039;&#039;H\u00f6kum\u0259t milli azl\u0131qlar\u0131n m\u0259tbuat\u0131na d\u0259st\u0259k vermir&#039;&#039; - MEYDAN.TV\" \/>\n<meta property=\"og:description\" content=\"H\u00fcquq\u015f\u00fcnas: \u201cYerli dill\u0259rin inki\u015faf etdirilm\u0259si, bu dill\u0259rd\u0259 h\u0259rt\u0259r\u0259fli proqramlar\u0131n haz\u0131rlanmas\u0131 ictimai yay\u0131m\u0131n, el\u0259c\u0259 d\u0259 AzTV-nin v\u0259zif\u0259l\u0259rind\u0259n olmal\u0131d\u0131r\u201d\" \/>\n<meta property=\"og:url\" content=\"https:\/\/www.meydan.tv\/az\/article\/hokumet-milli-azliqlarin-metbuatina-destek-vermir\/\" \/>\n<meta property=\"og:site_name\" content=\"MEYDAN.TV\" \/>\n<meta property=\"article:published_time\" content=\"2018-07-22T22:52:52+00:00\" \/>\n<meta property=\"og:image\" content=\"https:\/\/www.meydan.tv\/wp-content\/uploads\/42456.jpg\" \/>\n\t<meta property=\"og:image:width\" content=\"1501\" \/>\n\t<meta property=\"og:image:height\" content=\"1044\" \/>\n\t<meta property=\"og:image:type\" content=\"image\/jpeg\" \/>\n<meta name=\"author\" content=\"user-manager\" \/>\n<meta name=\"twitter:card\" content=\"summary_large_image\" \/>\n<script type=\"application\/ld+json\" class=\"yoast-schema-graph\">{\"@context\":\"https:\\\/\\\/schema.org\",\"@graph\":[{\"@type\":\"Article\",\"@id\":\"https:\\\/\\\/www.meydan.tv\\\/az\\\/article\\\/hokumet-milli-azliqlarin-metbuatina-destek-vermir\\\/#article\",\"isPartOf\":{\"@id\":\"https:\\\/\\\/www.meydan.tv\\\/az\\\/article\\\/hokumet-milli-azliqlarin-metbuatina-destek-vermir\\\/\"},\"author\":{\"name\":\"user-manager\",\"@id\":\"https:\\\/\\\/www.meydan.tv\\\/az\\\/#\\\/schema\\\/person\\\/10d11eccf6da3662cf5fdab9806ea91a\"},\"headline\":\"&#8221;H\u00f6kum\u0259t milli azl\u0131qlar\u0131n m\u0259tbuat\u0131na d\u0259st\u0259k vermir&#8221;\",\"datePublished\":\"2018-07-22T22:52:52+00:00\",\"mainEntityOfPage\":{\"@id\":\"https:\\\/\\\/www.meydan.tv\\\/az\\\/article\\\/hokumet-milli-azliqlarin-metbuatina-destek-vermir\\\/\"},\"wordCount\":2197,\"publisher\":{\"@id\":\"https:\\\/\\\/www.meydan.tv\\\/az\\\/#organization\"},\"image\":{\"@id\":\"https:\\\/\\\/www.meydan.tv\\\/az\\\/article\\\/hokumet-milli-azliqlarin-metbuatina-destek-vermir\\\/#primaryimage\"},\"thumbnailUrl\":\"https:\\\/\\\/www.meydan.tv\\\/wp-content\\\/uploads\\\/42456.jpg\",\"articleSection\":[\"Analitika\"],\"inLanguage\":\"az\"},{\"@type\":\"WebPage\",\"@id\":\"https:\\\/\\\/www.meydan.tv\\\/az\\\/article\\\/hokumet-milli-azliqlarin-metbuatina-destek-vermir\\\/\",\"url\":\"https:\\\/\\\/www.meydan.tv\\\/az\\\/article\\\/hokumet-milli-azliqlarin-metbuatina-destek-vermir\\\/\",\"name\":\"''H\u00f6kum\u0259t milli azl\u0131qlar\u0131n m\u0259tbuat\u0131na d\u0259st\u0259k vermir'' - MEYDAN.TV\",\"isPartOf\":{\"@id\":\"https:\\\/\\\/www.meydan.tv\\\/az\\\/#website\"},\"primaryImageOfPage\":{\"@id\":\"https:\\\/\\\/www.meydan.tv\\\/az\\\/article\\\/hokumet-milli-azliqlarin-metbuatina-destek-vermir\\\/#primaryimage\"},\"image\":{\"@id\":\"https:\\\/\\\/www.meydan.tv\\\/az\\\/article\\\/hokumet-milli-azliqlarin-metbuatina-destek-vermir\\\/#primaryimage\"},\"thumbnailUrl\":\"https:\\\/\\\/www.meydan.tv\\\/wp-content\\\/uploads\\\/42456.jpg\",\"datePublished\":\"2018-07-22T22:52:52+00:00\",\"breadcrumb\":{\"@id\":\"https:\\\/\\\/www.meydan.tv\\\/az\\\/article\\\/hokumet-milli-azliqlarin-metbuatina-destek-vermir\\\/#breadcrumb\"},\"inLanguage\":\"az\",\"potentialAction\":[{\"@type\":\"ReadAction\",\"target\":[\"https:\\\/\\\/www.meydan.tv\\\/az\\\/article\\\/hokumet-milli-azliqlarin-metbuatina-destek-vermir\\\/\"]}]},{\"@type\":\"ImageObject\",\"inLanguage\":\"az\",\"@id\":\"https:\\\/\\\/www.meydan.tv\\\/az\\\/article\\\/hokumet-milli-azliqlarin-metbuatina-destek-vermir\\\/#primaryimage\",\"url\":\"https:\\\/\\\/www.meydan.tv\\\/wp-content\\\/uploads\\\/42456.jpg\",\"contentUrl\":\"https:\\\/\\\/www.meydan.tv\\\/wp-content\\\/uploads\\\/42456.jpg\",\"width\":1501,\"height\":1044,\"caption\":\"Source:\"},{\"@type\":\"BreadcrumbList\",\"@id\":\"https:\\\/\\\/www.meydan.tv\\\/az\\\/article\\\/hokumet-milli-azliqlarin-metbuatina-destek-vermir\\\/#breadcrumb\",\"itemListElement\":[{\"@type\":\"ListItem\",\"position\":1,\"name\":\"Ana s\u0259hif\u0259\",\"item\":\"https:\\\/\\\/www.meydan.tv\\\/az\\\/\"},{\"@type\":\"ListItem\",\"position\":2,\"name\":\"Analitika\",\"item\":\"https:\\\/\\\/www.meydan.tv\\\/az\\\/section\\\/analitika\\\/\"},{\"@type\":\"ListItem\",\"position\":3,\"name\":\"&#8221;H\u00f6kum\u0259t milli azl\u0131qlar\u0131n m\u0259tbuat\u0131na d\u0259st\u0259k vermir&#8221;\"}]},{\"@type\":\"WebSite\",\"@id\":\"https:\\\/\\\/www.meydan.tv\\\/az\\\/#website\",\"url\":\"https:\\\/\\\/www.meydan.tv\\\/az\\\/\",\"name\":\"MEYDAN.TV\",\"description\":\"Meydan TV Az\u0259rbaycan\u0131n media m\u0259kan\u0131ndak\u0131 alternativ s\u0259sidir\",\"publisher\":{\"@id\":\"https:\\\/\\\/www.meydan.tv\\\/az\\\/#organization\"},\"potentialAction\":[{\"@type\":\"SearchAction\",\"target\":{\"@type\":\"EntryPoint\",\"urlTemplate\":\"https:\\\/\\\/www.meydan.tv\\\/az\\\/?s={search_term_string}\"},\"query-input\":{\"@type\":\"PropertyValueSpecification\",\"valueRequired\":true,\"valueName\":\"search_term_string\"}}],\"inLanguage\":\"az\"},{\"@type\":\"Organization\",\"@id\":\"https:\\\/\\\/www.meydan.tv\\\/az\\\/#organization\",\"name\":\"Meydan TV\",\"url\":\"https:\\\/\\\/www.meydan.tv\\\/az\\\/\",\"logo\":{\"@type\":\"ImageObject\",\"inLanguage\":\"az\",\"@id\":\"https:\\\/\\\/www.meydan.tv\\\/az\\\/#\\\/schema\\\/logo\\\/image\\\/\",\"url\":\"https:\\\/\\\/www.meydan.tv\\\/wp-content\\\/uploads\\\/2021\\\/07\\\/meydan-logo.svg\",\"contentUrl\":\"https:\\\/\\\/www.meydan.tv\\\/wp-content\\\/uploads\\\/2021\\\/07\\\/meydan-logo.svg\",\"width\":195,\"height\":46,\"caption\":\"Meydan TV\"},\"image\":{\"@id\":\"https:\\\/\\\/www.meydan.tv\\\/az\\\/#\\\/schema\\\/logo\\\/image\\\/\"}},{\"@type\":\"Person\",\"@id\":\"https:\\\/\\\/www.meydan.tv\\\/az\\\/#\\\/schema\\\/person\\\/10d11eccf6da3662cf5fdab9806ea91a\",\"name\":\"user-manager\"}]}<\/script>\n<!-- \/ Yoast SEO plugin. -->","yoast_head_json":{"title":"''H\u00f6kum\u0259t milli azl\u0131qlar\u0131n m\u0259tbuat\u0131na d\u0259st\u0259k vermir'' - MEYDAN.TV","robots":{"index":"index","follow":"follow","max-snippet":"max-snippet:-1","max-image-preview":"max-image-preview:large","max-video-preview":"max-video-preview:-1"},"canonical":"https:\/\/www.meydan.tv\/az\/article\/hokumet-milli-azliqlarin-metbuatina-destek-vermir\/","og_locale":"az_AZ","og_type":"article","og_title":"''H\u00f6kum\u0259t milli azl\u0131qlar\u0131n m\u0259tbuat\u0131na d\u0259st\u0259k vermir'' - MEYDAN.TV","og_description":"H\u00fcquq\u015f\u00fcnas: \u201cYerli dill\u0259rin inki\u015faf etdirilm\u0259si, bu dill\u0259rd\u0259 h\u0259rt\u0259r\u0259fli proqramlar\u0131n haz\u0131rlanmas\u0131 ictimai yay\u0131m\u0131n, el\u0259c\u0259 d\u0259 AzTV-nin v\u0259zif\u0259l\u0259rind\u0259n olmal\u0131d\u0131r\u201d","og_url":"https:\/\/www.meydan.tv\/az\/article\/hokumet-milli-azliqlarin-metbuatina-destek-vermir\/","og_site_name":"MEYDAN.TV","article_published_time":"2018-07-22T22:52:52+00:00","og_image":[{"width":1501,"height":1044,"url":"https:\/\/www.meydan.tv\/wp-content\/uploads\/42456.jpg","type":"image\/jpeg"}],"author":"user-manager","twitter_card":"summary_large_image","schema":{"@context":"https:\/\/schema.org","@graph":[{"@type":"Article","@id":"https:\/\/www.meydan.tv\/az\/article\/hokumet-milli-azliqlarin-metbuatina-destek-vermir\/#article","isPartOf":{"@id":"https:\/\/www.meydan.tv\/az\/article\/hokumet-milli-azliqlarin-metbuatina-destek-vermir\/"},"author":{"name":"user-manager","@id":"https:\/\/www.meydan.tv\/az\/#\/schema\/person\/10d11eccf6da3662cf5fdab9806ea91a"},"headline":"&#8221;H\u00f6kum\u0259t milli azl\u0131qlar\u0131n m\u0259tbuat\u0131na d\u0259st\u0259k vermir&#8221;","datePublished":"2018-07-22T22:52:52+00:00","mainEntityOfPage":{"@id":"https:\/\/www.meydan.tv\/az\/article\/hokumet-milli-azliqlarin-metbuatina-destek-vermir\/"},"wordCount":2197,"publisher":{"@id":"https:\/\/www.meydan.tv\/az\/#organization"},"image":{"@id":"https:\/\/www.meydan.tv\/az\/article\/hokumet-milli-azliqlarin-metbuatina-destek-vermir\/#primaryimage"},"thumbnailUrl":"https:\/\/www.meydan.tv\/wp-content\/uploads\/42456.jpg","articleSection":["Analitika"],"inLanguage":"az"},{"@type":"WebPage","@id":"https:\/\/www.meydan.tv\/az\/article\/hokumet-milli-azliqlarin-metbuatina-destek-vermir\/","url":"https:\/\/www.meydan.tv\/az\/article\/hokumet-milli-azliqlarin-metbuatina-destek-vermir\/","name":"''H\u00f6kum\u0259t milli azl\u0131qlar\u0131n m\u0259tbuat\u0131na d\u0259st\u0259k vermir'' - MEYDAN.TV","isPartOf":{"@id":"https:\/\/www.meydan.tv\/az\/#website"},"primaryImageOfPage":{"@id":"https:\/\/www.meydan.tv\/az\/article\/hokumet-milli-azliqlarin-metbuatina-destek-vermir\/#primaryimage"},"image":{"@id":"https:\/\/www.meydan.tv\/az\/article\/hokumet-milli-azliqlarin-metbuatina-destek-vermir\/#primaryimage"},"thumbnailUrl":"https:\/\/www.meydan.tv\/wp-content\/uploads\/42456.jpg","datePublished":"2018-07-22T22:52:52+00:00","breadcrumb":{"@id":"https:\/\/www.meydan.tv\/az\/article\/hokumet-milli-azliqlarin-metbuatina-destek-vermir\/#breadcrumb"},"inLanguage":"az","potentialAction":[{"@type":"ReadAction","target":["https:\/\/www.meydan.tv\/az\/article\/hokumet-milli-azliqlarin-metbuatina-destek-vermir\/"]}]},{"@type":"ImageObject","inLanguage":"az","@id":"https:\/\/www.meydan.tv\/az\/article\/hokumet-milli-azliqlarin-metbuatina-destek-vermir\/#primaryimage","url":"https:\/\/www.meydan.tv\/wp-content\/uploads\/42456.jpg","contentUrl":"https:\/\/www.meydan.tv\/wp-content\/uploads\/42456.jpg","width":1501,"height":1044,"caption":"Source:"},{"@type":"BreadcrumbList","@id":"https:\/\/www.meydan.tv\/az\/article\/hokumet-milli-azliqlarin-metbuatina-destek-vermir\/#breadcrumb","itemListElement":[{"@type":"ListItem","position":1,"name":"Ana s\u0259hif\u0259","item":"https:\/\/www.meydan.tv\/az\/"},{"@type":"ListItem","position":2,"name":"Analitika","item":"https:\/\/www.meydan.tv\/az\/section\/analitika\/"},{"@type":"ListItem","position":3,"name":"&#8221;H\u00f6kum\u0259t milli azl\u0131qlar\u0131n m\u0259tbuat\u0131na d\u0259st\u0259k vermir&#8221;"}]},{"@type":"WebSite","@id":"https:\/\/www.meydan.tv\/az\/#website","url":"https:\/\/www.meydan.tv\/az\/","name":"MEYDAN.TV","description":"Meydan TV Az\u0259rbaycan\u0131n media m\u0259kan\u0131ndak\u0131 alternativ s\u0259sidir","publisher":{"@id":"https:\/\/www.meydan.tv\/az\/#organization"},"potentialAction":[{"@type":"SearchAction","target":{"@type":"EntryPoint","urlTemplate":"https:\/\/www.meydan.tv\/az\/?s={search_term_string}"},"query-input":{"@type":"PropertyValueSpecification","valueRequired":true,"valueName":"search_term_string"}}],"inLanguage":"az"},{"@type":"Organization","@id":"https:\/\/www.meydan.tv\/az\/#organization","name":"Meydan TV","url":"https:\/\/www.meydan.tv\/az\/","logo":{"@type":"ImageObject","inLanguage":"az","@id":"https:\/\/www.meydan.tv\/az\/#\/schema\/logo\/image\/","url":"https:\/\/www.meydan.tv\/wp-content\/uploads\/2021\/07\/meydan-logo.svg","contentUrl":"https:\/\/www.meydan.tv\/wp-content\/uploads\/2021\/07\/meydan-logo.svg","width":195,"height":46,"caption":"Meydan TV"},"image":{"@id":"https:\/\/www.meydan.tv\/az\/#\/schema\/logo\/image\/"}},{"@type":"Person","@id":"https:\/\/www.meydan.tv\/az\/#\/schema\/person\/10d11eccf6da3662cf5fdab9806ea91a","name":"user-manager"}]}},"_links":{"self":[{"href":"https:\/\/www.meydan.tv\/az\/wp-json\/wp\/v2\/posts\/190950","targetHints":{"allow":["GET"]}}],"collection":[{"href":"https:\/\/www.meydan.tv\/az\/wp-json\/wp\/v2\/posts"}],"about":[{"href":"https:\/\/www.meydan.tv\/az\/wp-json\/wp\/v2\/types\/post"}],"author":[{"embeddable":true,"href":"https:\/\/www.meydan.tv\/az\/wp-json\/wp\/v2\/users\/11"}],"replies":[{"embeddable":true,"href":"https:\/\/www.meydan.tv\/az\/wp-json\/wp\/v2\/comments?post=190950"}],"version-history":[{"count":0,"href":"https:\/\/www.meydan.tv\/az\/wp-json\/wp\/v2\/posts\/190950\/revisions"}],"wp:featuredmedia":[{"embeddable":true,"href":"https:\/\/www.meydan.tv\/az\/wp-json\/wp\/v2\/media\/106940"}],"wp:attachment":[{"href":"https:\/\/www.meydan.tv\/az\/wp-json\/wp\/v2\/media?parent=190950"}],"wp:term":[{"taxonomy":"category","embeddable":true,"href":"https:\/\/www.meydan.tv\/az\/wp-json\/wp\/v2\/categories?post=190950"},{"taxonomy":"post_tag","embeddable":true,"href":"https:\/\/www.meydan.tv\/az\/wp-json\/wp\/v2\/tags?post=190950"}],"curies":[{"name":"wp","href":"https:\/\/api.w.org\/{rel}","templated":true}]}}