{"id":190947,"date":"2018-07-22T15:48:45","date_gmt":"2018-07-22T15:48:45","guid":{"rendered":"https:\/\/www.meydan.tv\/article\/futbol-da-bir-dunyadir\/"},"modified":"2018-07-22T15:48:45","modified_gmt":"2018-07-22T15:48:45","slug":"futbol-da-bir-dunyadir","status":"publish","type":"post","link":"https:\/\/www.meydan.tv\/az\/article\/futbol-da-bir-dunyadir\/","title":{"rendered":"Futbol da bir d\u00fcnyad\u0131r\u2026"},"content":{"rendered":"<p>\n  Futbol \u00fczr\u0259 builki d\u00fcnya \u00e7empionat\u0131 n\u0259h\u0259ngl\u0259rin fiaskosu v\u0259 ortabablar\u0131n, s\u00fcrprizl\u0259rin triumfu, q\u0259l\u0259b\u0259 qazana bilm\u0259dikl\u0259ri t\u0259qdird\u0259 d\u0259 layiqli m\u00fcbariz\u0259si il\u0259 yadda qald\u0131. Maraql\u0131 m\u00fcbariz\u0259 idi. Maraql\u0131 olma\u011f\u0131 h\u0259m d\u0259 onda idi ki, d\u00fcnyada ged\u0259n son prosesl\u0259ri d\u0259 \u0259ks etdirirdi sanki.\n<\/p>\n<p>\n  T\u00fcrkiy\u0259 kimi m\u00fcs\u0259lman d\u00fcnyas\u0131nda vaxtil\u0259 yegan\u0259 demokratik n\u00fcmun\u0259 olmu\u015f n\u0259h\u0259ng \u00f6lk\u0259 parlament respublikas\u0131ndan imtina edib s\u0259sverm\u0259 il\u0259 diktaturan\u0131n quca\u011f\u0131na yuvarland\u0131. AB\u015e kimi n\u0259h\u0259ng Trampa, B\u00f6y\u00fck Britaniya Brexit s\u0259fs\u0259t\u0259sin\u0259 t\u0259slim oldu. Rusiyada Putinin n\u00fcfuzu zirv\u0259l\u0259rd\u0259dir. Hindistan \u2013 d\u00fcnyan\u0131n \u0259n b\u00f6y\u00fck demokratiyas\u0131 bir qrup rasist, fa\u015fist y\u0131\u011fna\u011f\u0131n\u0131 hakimiyy\u0259t\u0259 g\u0259tirib.\n<\/p>\n<p>\n  D\u00fcnyan\u0131n bu istiqam\u0259t d\u0259yi\u015fm\u0259y\u0259 c\u0259hd ed\u0259n qar\u0131\u015f\u0131q vaxt\u0131nda liberal demokratiyaya sadiqliyi kiml\u0259r qoruyur? \u2013 Parlament respublikas\u0131na ke\u00e7\u0259n Erm\u0259nistan, G\u00fcrc\u00fcstan, Yax\u0131n \u015e\u0259rqin g\u00f6b\u0259yind\u0259 gay-parad t\u0259\u015fkil ed\u0259n Livan v\u0259 s. ifrat-sa\u011f\u0131n populist axmaql\u0131\u011f\u0131na t\u0259slim olan b\u00f6y\u00fckl\u0259rd\u0259 d\u0259 haz\u0131rda azl\u0131q, z\u0259if kimi g\u00f6rs\u0259n\u0259n q\u00fcvv\u0259l\u0259r m\u00fcbariz\u0259 apar\u0131r, d\u00fcnyan\u0131n istiqam\u0259tinin ziyanl\u0131 y\u00f6n\u0259 getm\u0259sin\u0259 imkan verm\u0259m\u0259y\u0259 \u00e7al\u0131\u015f\u0131rlar.\n<\/p>\n<p>\n  \u00c7empionatda da z\u0259ifl\u0259rin n\u0259h\u0259ngl\u0259rl\u0259 m\u00fcbariz\u0259d\u0259 \u00f6z taktikalar\u0131 var idi. Bir qol vurub, hesab\u0131 di\u015fl\u0259ri-d\u0131rnaqlar\u0131 il\u0259 qoruyurdular. T\u0259bii, g\u00f6z\u0259l futbol ad\u0131na, bu, he\u00e7 d\u0259 yax\u015f\u0131 bir \u015fey deyil, z\u00f6vq almaq \u00e7\u0259tin olur. Amma \u0259sas al\u0131nas\u0131 \u015fey kubokdur, z\u00f6vq yox.\n<\/p>\n<p>\n  G\u00fcrc\u00fcstanda \u0259ld\u0259 edilmi\u015f parlament respublikas\u0131 da Rusiya oliqarx\u0131ndan z\u00fclml\u0259 qorunur. Erm\u0259nistanda is\u0259 avtoqol oldu. Sarkisyan \u00f6z\u00fc parlament respublikas\u0131na ke\u00e7di, sonra Ba\u015f nazir olmaq ist\u0259yirdi. Qoymad\u0131lar. Avtoqolu xalq\u0131n qap\u0131s\u0131na vurulan qol kimi r\u0259smil\u0259\u015fdirm\u0259y\u0259 qoymad\u0131lar v\u0259 el\u0259 Sarkisyan\u0131n \u00f6z qap\u0131s\u0131na say\u0131ld\u0131, uduzdu v\u0259 \u0259l\u0259ndi.\n<\/p>\n<p>\n  Erm\u0259nil\u0259r k\u00fc\u00e7\u0259l\u0259rd\u0259n y\u0131\u011f\u0131\u015fmad\u0131lar. B\u0259lk\u0259 biz bu x\u0131rda \u00f6lk\u0259l\u0259rin x\u0131rda xalqlar\u0131nda g\u00f6z\u0259l frans\u0131z inqilab\u0131n\u0131, m\u00f6ht\u0259\u015f\u0259m AB\u015e inqilablar\u0131n\u0131 g\u00f6rm\u0259dik, \u0130ngilt\u0259r\u0259 kral\u0131n\u0131n ba\u015f\u0131n\u0131n k\u0259silm\u0259sini g\u00f6rm\u0259dik, 43 illik Hollandiya-\u0130spaniya m\u00fcbariz\u0259sini izl\u0259m\u0259dik, bir s\u00f6zl\u0259, b\u0259lk\u0259 d\u0259 g\u00f6z\u0259l oyun, ard-arda vurulan qollar g\u00f6rm\u0259dik, amma kubok G\u00fcrc\u00fcstan v\u0259 Erm\u0259nistan v\u0259t\u0259nda\u015flar\u0131nda qald\u0131, diktatorlarda yox.\n<\/p>\n<p>\n  Kosta-Rika da vaxtil\u0259 bel\u0259 el\u0259mi\u015fdi. 2004-c\u00fc ild\u0259 \u0130nter-Amerikan \u0130nsan H\u00fcquqlar\u0131 M\u0259hk\u0259m\u0259si Herrera Ulloa i\u015find\u0259 d\u00f6vl\u0259ti t\u0259qsirkar bildi. Ulloa korrupsiya bar\u0259d\u0259 yazan jurnalist idi v\u0259 buna g\u00f6r\u0259 Kosta Rika m\u0259hk\u0259m\u0259si onu t\u0259qsirli bilmi\u015fdi. Beyn\u0259lxalq m\u0259hk\u0259m\u0259nin q\u0259rar\u0131 Kosta Rikada insan h\u00fcquqlar\u0131n\u0131n vurdu\u011fu qol idi v\u0259 bu, hesaba al\u0131nd\u0131. Kosta Rika geri d\u00f6n\u00fc\u015f etdi. Haz\u0131rda bu \u00f6lk\u0259 ifad\u0259 azadl\u0131\u011f\u0131n\u0131n t\u0259minin\u0259 g\u00f6r\u0259 d\u00fcnyada 6-c\u0131, Amerikalarda is\u0259 1-cidir.\n<\/p>\n<p>\n  M\u0259n insan h\u00fcquqlar\u0131n\u0131n m\u0259d\u0259ni, milli, etnik, dini v\u0259 s. s\u0259rh\u0259d tan\u0131mamas\u0131na Botsvanan\u0131 misal \u00e7\u0259k\u0259nd\u0259 ad\u0259t\u0259n bu cavab\u0131 e\u015fidir\u0259m ki, onlar\u0131 Britaniya himay\u0259 edib. Amma bu, he\u00e7 n\u0259yi d\u0259yi\u015fmir. Botsvanan\u0131n 4 \u201ch\u00fccum\u00e7usu\u201d \u2013 tayfa ba\u015f\u00e7\u0131lar\u0131 Britaniyada \u201cm\u0259\u015fq ke\u00e7mi\u015fdil\u0259r\u201d sad\u0259c\u0259. Onlar Londonu, Man\u00e7esteri v\u0259 s. \u015f\u0259h\u0259rl\u0259ri g\u0259zmi\u015f, ingilis sistemini \u00f6yr\u0259nmi\u015f v\u0259 sonra bunu \u00f6lk\u0259l\u0259rind\u0259 t\u0259tbiq etmi\u015fdil\u0259r. Bu hadis\u0259 19-cu \u0259srd\u0259 ba\u015f verib. Botsvana h\u0259l\u0259 d\u0259 demokratik idar\u0259 olunur. Korrupsiya il\u0259 m\u00fcbariz\u0259nin \u201cBotsvana t\u0259cr\u00fcb\u0259si\u201d deyil\u0259n bir sah\u0259 var h\u0259tta. Setsvana xalq\u0131n\u0131n bu 4 h\u00fccum\u00e7usu Afrikan\u0131n ba\u015fdan-ba\u015fa k\u00f6l\u0259l\u0259\u015fdirildiyi d\u00f6vrd\u0259 el\u0259 driblinql\u0259r etdil\u0259r ki, \u0259ld\u0259 etdikl\u0259ri q\u0259l\u0259b\u0259 hesab\u0131n\u0131 h\u0259l\u0259 d\u0259 qoruya bilibl\u0259r.\n<\/p>\n<p>\n  T\u0259\u0259ss\u00fcf ki, T\u00fcrkiy\u0259 kimi \u00f6lk\u0259d\u0259 insan h\u00fcquqlar\u0131, demokratiya, liberalizm d\u00fc\u015fm\u0259nl\u0259ri hesabda \u00f6n\u0259 \u00e7\u0131x\u0131b v\u0259 h\u0259r se\u00e7kid\u0259 d\u0259 qollar\u0131 ard-arda vururlar. M\u00f6h\u00fcrs\u00fcz b\u00fclletenl\u0259rin t\u0259tbiqin\u0259 icaz\u0259 veril\u0259nd\u0259 is\u0259 VAR sisteminin t\u0259tbiqind\u0259n imtina etmi\u015f olublar. Ona g\u00f6r\u0259 d\u0259 T\u00fcrkiy\u0259d\u0259 oyun birt\u0259r\u0259fli gedir, top hakimin \u0259lind\u0259dir, hans\u0131 qap\u0131ya ist\u0259s\u0259 \u0259li il\u0259 daxil edib, qol say\u0131r.\n<\/p>\n<p>\n  Amma d\u00fcnyada ged\u0259n proses bu son \u00e7empionatdak\u0131 sistem \u00fczr\u0259 gedir. Z\u0259ifl\u0259r \u00e7\u0259tinlikl\u0259 q\u0259l\u0259b\u0259 \u00e7al\u0131r, bunu sona kimi ya\u015fad\u0131rlar. Fransa milli komandas\u0131n\u0131n m\u00fctl\u0259q \u0259ks\u0259riyy\u0259tini t\u0259\u015fkil ed\u0259n g\u0259lm\u0259l\u0259rin n\u0259sill\u0259ri is\u0259 parlaq q\u0259l\u0259b\u0259l\u0259ri il\u0259 s\u00fcbut etdil\u0259r ki, b\u00fct\u00fcn insanlar b\u0259rab\u0259rdir, ham\u0131 demokratiyaya, insan h\u00fcquq v\u0259 azadl\u0131qlar\u0131n\u0131n t\u0259min olundu\u011fu \u015f\u0259rait\u0259 layiqdir v\u0259 bel\u0259 \u015f\u0259rait oldu\u011fu t\u0259qdird\u0259 milliy\u0259tind\u0259n, etnik m\u0259nsubiyy\u0259tind\u0259n, dinind\u0259n, irqind\u0259n, cinsind\u0259n, oriyentasiyas\u0131ndan v\u0259 s.-d\u0259n as\u0131l\u0131 olmayaraq, h\u0259r k\u0259s y\u00fcks\u0259k n\u0259tic\u0259 g\u00f6st\u0259r\u0259 bilir. Pis, yax\u015f\u0131 xalqlar yoxdur. U\u011furlu v\u0259 u\u011fursuz sisteml\u0259r var, \u0259dal\u0259tli v\u0259 \u0259dal\u0259tsiz oyun var. Amma VAR sisteminin t\u0259tbiq\u0259 ba\u015flamas\u0131 il\u0259 \u0259dal\u0259tin m\u00f6ht\u0259\u015f\u0259m b\u0259rpalar\u0131na \u015fahidlik etdiyimiz kimi, ayr\u0131-ayr\u0131 \u00f6lk\u0259l\u0259rd\u0259 at oynadan \u0259dal\u0259tsiz rejiml\u0259rin d\u0259 \u00e7\u00f6k\u00fc\u015f\u00fcn\u0259 birlikd\u0259 \u015fahidlik ed\u0259c\u0259yik.\n<\/p>\n<div>\n<p>\n      <b><br \/>\n        <i><br \/>\n          Yaz\u0131 m\u00fc\u0259llifin fikirl\u0259rini \u0259ks etdirir v\u0259 Meydan TV-nin m\u00f6vqeyi il\u0259 \u00fcst-\u00fcst\u0259 d\u00fc\u015fm\u0259y\u0259 bil\u0259r.<br \/>\n        <\/i><br \/>\n      <\/b>\n    <\/p>\n<\/p><\/div>\n<\/p>\n<p><div><\/div><\/p>\n","protected":false},"excerpt":{"rendered":"<p>Rusiyada Putinin n\u00fcfuzu zirv\u0259l\u0259rd\u0259dir<\/p>\n","protected":false},"author":11,"featured_media":106901,"comment_status":"closed","ping_status":"open","sticky":false,"template":"","format":"standard","meta":{"_acf_changed":false,"_sitemap_exclude":false,"_sitemap_priority":"","_sitemap_frequency":"","footnotes":""},"categories":[57],"tags":[],"class_list":["post-190947","post","type-post","status-publish","format-standard","has-post-thumbnail","hentry","category-menim-fikrimce","infinite-scroll-item","generate-columns","tablet-grid-50","mobile-grid-100","grid-parent","grid-33","no-featured-image-padding"],"acf":[],"yoast_head":"<!-- This site is optimized with the Yoast SEO plugin v27.4 - https:\/\/yoast.com\/product\/yoast-seo-wordpress\/ -->\n<title>Futbol da bir d\u00fcnyad\u0131r\u2026 - MEYDAN.TV<\/title>\n<meta name=\"robots\" content=\"index, follow, max-snippet:-1, max-image-preview:large, max-video-preview:-1\" \/>\n<link rel=\"canonical\" href=\"https:\/\/www.meydan.tv\/az\/article\/futbol-da-bir-dunyadir\/\" \/>\n<meta property=\"og:locale\" content=\"az_AZ\" \/>\n<meta property=\"og:type\" content=\"article\" \/>\n<meta property=\"og:title\" content=\"Futbol da bir d\u00fcnyad\u0131r\u2026 - MEYDAN.TV\" \/>\n<meta property=\"og:description\" content=\"Rusiyada Putinin n\u00fcfuzu zirv\u0259l\u0259rd\u0259dir\" \/>\n<meta property=\"og:url\" content=\"https:\/\/www.meydan.tv\/az\/article\/futbol-da-bir-dunyadir\/\" \/>\n<meta property=\"og:site_name\" content=\"MEYDAN.TV\" \/>\n<meta property=\"article:published_time\" content=\"2018-07-22T15:48:45+00:00\" \/>\n<meta property=\"og:image\" content=\"https:\/\/www.meydan.tv\/wp-content\/uploads\/42455.jpg\" \/>\n\t<meta property=\"og:image:width\" content=\"1880\" \/>\n\t<meta property=\"og:image:height\" content=\"1160\" \/>\n\t<meta property=\"og:image:type\" content=\"image\/jpeg\" \/>\n<meta name=\"author\" content=\"user-manager\" \/>\n<meta name=\"twitter:card\" content=\"summary_large_image\" \/>\n<script type=\"application\/ld+json\" class=\"yoast-schema-graph\">{\"@context\":\"https:\\\/\\\/schema.org\",\"@graph\":[{\"@type\":\"Article\",\"@id\":\"https:\\\/\\\/www.meydan.tv\\\/az\\\/article\\\/futbol-da-bir-dunyadir\\\/#article\",\"isPartOf\":{\"@id\":\"https:\\\/\\\/www.meydan.tv\\\/az\\\/article\\\/futbol-da-bir-dunyadir\\\/\"},\"author\":{\"name\":\"user-manager\",\"@id\":\"https:\\\/\\\/www.meydan.tv\\\/az\\\/#\\\/schema\\\/person\\\/10d11eccf6da3662cf5fdab9806ea91a\"},\"headline\":\"Futbol da bir d\u00fcnyad\u0131r\u2026\",\"datePublished\":\"2018-07-22T15:48:45+00:00\",\"mainEntityOfPage\":{\"@id\":\"https:\\\/\\\/www.meydan.tv\\\/az\\\/article\\\/futbol-da-bir-dunyadir\\\/\"},\"wordCount\":991,\"publisher\":{\"@id\":\"https:\\\/\\\/www.meydan.tv\\\/az\\\/#organization\"},\"image\":{\"@id\":\"https:\\\/\\\/www.meydan.tv\\\/az\\\/article\\\/futbol-da-bir-dunyadir\\\/#primaryimage\"},\"thumbnailUrl\":\"https:\\\/\\\/www.meydan.tv\\\/wp-content\\\/uploads\\\/42455.jpg\",\"articleSection\":[\"M\u0259nim Fikrimc\u0259\"],\"inLanguage\":\"az\"},{\"@type\":\"WebPage\",\"@id\":\"https:\\\/\\\/www.meydan.tv\\\/az\\\/article\\\/futbol-da-bir-dunyadir\\\/\",\"url\":\"https:\\\/\\\/www.meydan.tv\\\/az\\\/article\\\/futbol-da-bir-dunyadir\\\/\",\"name\":\"Futbol da bir d\u00fcnyad\u0131r\u2026 - MEYDAN.TV\",\"isPartOf\":{\"@id\":\"https:\\\/\\\/www.meydan.tv\\\/az\\\/#website\"},\"primaryImageOfPage\":{\"@id\":\"https:\\\/\\\/www.meydan.tv\\\/az\\\/article\\\/futbol-da-bir-dunyadir\\\/#primaryimage\"},\"image\":{\"@id\":\"https:\\\/\\\/www.meydan.tv\\\/az\\\/article\\\/futbol-da-bir-dunyadir\\\/#primaryimage\"},\"thumbnailUrl\":\"https:\\\/\\\/www.meydan.tv\\\/wp-content\\\/uploads\\\/42455.jpg\",\"datePublished\":\"2018-07-22T15:48:45+00:00\",\"breadcrumb\":{\"@id\":\"https:\\\/\\\/www.meydan.tv\\\/az\\\/article\\\/futbol-da-bir-dunyadir\\\/#breadcrumb\"},\"inLanguage\":\"az\",\"potentialAction\":[{\"@type\":\"ReadAction\",\"target\":[\"https:\\\/\\\/www.meydan.tv\\\/az\\\/article\\\/futbol-da-bir-dunyadir\\\/\"]}]},{\"@type\":\"ImageObject\",\"inLanguage\":\"az\",\"@id\":\"https:\\\/\\\/www.meydan.tv\\\/az\\\/article\\\/futbol-da-bir-dunyadir\\\/#primaryimage\",\"url\":\"https:\\\/\\\/www.meydan.tv\\\/wp-content\\\/uploads\\\/42455.jpg\",\"contentUrl\":\"https:\\\/\\\/www.meydan.tv\\\/wp-content\\\/uploads\\\/42455.jpg\",\"width\":1880,\"height\":1160,\"caption\":\"Source:\"},{\"@type\":\"BreadcrumbList\",\"@id\":\"https:\\\/\\\/www.meydan.tv\\\/az\\\/article\\\/futbol-da-bir-dunyadir\\\/#breadcrumb\",\"itemListElement\":[{\"@type\":\"ListItem\",\"position\":1,\"name\":\"Ana s\u0259hif\u0259\",\"item\":\"https:\\\/\\\/www.meydan.tv\\\/az\\\/\"},{\"@type\":\"ListItem\",\"position\":2,\"name\":\"M\u0259nim Fikrimc\u0259\",\"item\":\"https:\\\/\\\/www.meydan.tv\\\/az\\\/section\\\/menim-fikrimce\\\/\"},{\"@type\":\"ListItem\",\"position\":3,\"name\":\"Futbol da bir d\u00fcnyad\u0131r\u2026\"}]},{\"@type\":\"WebSite\",\"@id\":\"https:\\\/\\\/www.meydan.tv\\\/az\\\/#website\",\"url\":\"https:\\\/\\\/www.meydan.tv\\\/az\\\/\",\"name\":\"MEYDAN.TV\",\"description\":\"Meydan TV Az\u0259rbaycan\u0131n media m\u0259kan\u0131ndak\u0131 alternativ s\u0259sidir\",\"publisher\":{\"@id\":\"https:\\\/\\\/www.meydan.tv\\\/az\\\/#organization\"},\"potentialAction\":[{\"@type\":\"SearchAction\",\"target\":{\"@type\":\"EntryPoint\",\"urlTemplate\":\"https:\\\/\\\/www.meydan.tv\\\/az\\\/?s={search_term_string}\"},\"query-input\":{\"@type\":\"PropertyValueSpecification\",\"valueRequired\":true,\"valueName\":\"search_term_string\"}}],\"inLanguage\":\"az\"},{\"@type\":\"Organization\",\"@id\":\"https:\\\/\\\/www.meydan.tv\\\/az\\\/#organization\",\"name\":\"Meydan TV\",\"url\":\"https:\\\/\\\/www.meydan.tv\\\/az\\\/\",\"logo\":{\"@type\":\"ImageObject\",\"inLanguage\":\"az\",\"@id\":\"https:\\\/\\\/www.meydan.tv\\\/az\\\/#\\\/schema\\\/logo\\\/image\\\/\",\"url\":\"https:\\\/\\\/www.meydan.tv\\\/wp-content\\\/uploads\\\/2021\\\/07\\\/meydan-logo.svg\",\"contentUrl\":\"https:\\\/\\\/www.meydan.tv\\\/wp-content\\\/uploads\\\/2021\\\/07\\\/meydan-logo.svg\",\"width\":195,\"height\":46,\"caption\":\"Meydan TV\"},\"image\":{\"@id\":\"https:\\\/\\\/www.meydan.tv\\\/az\\\/#\\\/schema\\\/logo\\\/image\\\/\"}},{\"@type\":\"Person\",\"@id\":\"https:\\\/\\\/www.meydan.tv\\\/az\\\/#\\\/schema\\\/person\\\/10d11eccf6da3662cf5fdab9806ea91a\",\"name\":\"user-manager\"}]}<\/script>\n<!-- \/ Yoast SEO plugin. -->","yoast_head_json":{"title":"Futbol da bir d\u00fcnyad\u0131r\u2026 - MEYDAN.TV","robots":{"index":"index","follow":"follow","max-snippet":"max-snippet:-1","max-image-preview":"max-image-preview:large","max-video-preview":"max-video-preview:-1"},"canonical":"https:\/\/www.meydan.tv\/az\/article\/futbol-da-bir-dunyadir\/","og_locale":"az_AZ","og_type":"article","og_title":"Futbol da bir d\u00fcnyad\u0131r\u2026 - MEYDAN.TV","og_description":"Rusiyada Putinin n\u00fcfuzu zirv\u0259l\u0259rd\u0259dir","og_url":"https:\/\/www.meydan.tv\/az\/article\/futbol-da-bir-dunyadir\/","og_site_name":"MEYDAN.TV","article_published_time":"2018-07-22T15:48:45+00:00","og_image":[{"width":1880,"height":1160,"url":"https:\/\/www.meydan.tv\/wp-content\/uploads\/42455.jpg","type":"image\/jpeg"}],"author":"user-manager","twitter_card":"summary_large_image","schema":{"@context":"https:\/\/schema.org","@graph":[{"@type":"Article","@id":"https:\/\/www.meydan.tv\/az\/article\/futbol-da-bir-dunyadir\/#article","isPartOf":{"@id":"https:\/\/www.meydan.tv\/az\/article\/futbol-da-bir-dunyadir\/"},"author":{"name":"user-manager","@id":"https:\/\/www.meydan.tv\/az\/#\/schema\/person\/10d11eccf6da3662cf5fdab9806ea91a"},"headline":"Futbol da bir d\u00fcnyad\u0131r\u2026","datePublished":"2018-07-22T15:48:45+00:00","mainEntityOfPage":{"@id":"https:\/\/www.meydan.tv\/az\/article\/futbol-da-bir-dunyadir\/"},"wordCount":991,"publisher":{"@id":"https:\/\/www.meydan.tv\/az\/#organization"},"image":{"@id":"https:\/\/www.meydan.tv\/az\/article\/futbol-da-bir-dunyadir\/#primaryimage"},"thumbnailUrl":"https:\/\/www.meydan.tv\/wp-content\/uploads\/42455.jpg","articleSection":["M\u0259nim Fikrimc\u0259"],"inLanguage":"az"},{"@type":"WebPage","@id":"https:\/\/www.meydan.tv\/az\/article\/futbol-da-bir-dunyadir\/","url":"https:\/\/www.meydan.tv\/az\/article\/futbol-da-bir-dunyadir\/","name":"Futbol da bir d\u00fcnyad\u0131r\u2026 - MEYDAN.TV","isPartOf":{"@id":"https:\/\/www.meydan.tv\/az\/#website"},"primaryImageOfPage":{"@id":"https:\/\/www.meydan.tv\/az\/article\/futbol-da-bir-dunyadir\/#primaryimage"},"image":{"@id":"https:\/\/www.meydan.tv\/az\/article\/futbol-da-bir-dunyadir\/#primaryimage"},"thumbnailUrl":"https:\/\/www.meydan.tv\/wp-content\/uploads\/42455.jpg","datePublished":"2018-07-22T15:48:45+00:00","breadcrumb":{"@id":"https:\/\/www.meydan.tv\/az\/article\/futbol-da-bir-dunyadir\/#breadcrumb"},"inLanguage":"az","potentialAction":[{"@type":"ReadAction","target":["https:\/\/www.meydan.tv\/az\/article\/futbol-da-bir-dunyadir\/"]}]},{"@type":"ImageObject","inLanguage":"az","@id":"https:\/\/www.meydan.tv\/az\/article\/futbol-da-bir-dunyadir\/#primaryimage","url":"https:\/\/www.meydan.tv\/wp-content\/uploads\/42455.jpg","contentUrl":"https:\/\/www.meydan.tv\/wp-content\/uploads\/42455.jpg","width":1880,"height":1160,"caption":"Source:"},{"@type":"BreadcrumbList","@id":"https:\/\/www.meydan.tv\/az\/article\/futbol-da-bir-dunyadir\/#breadcrumb","itemListElement":[{"@type":"ListItem","position":1,"name":"Ana s\u0259hif\u0259","item":"https:\/\/www.meydan.tv\/az\/"},{"@type":"ListItem","position":2,"name":"M\u0259nim Fikrimc\u0259","item":"https:\/\/www.meydan.tv\/az\/section\/menim-fikrimce\/"},{"@type":"ListItem","position":3,"name":"Futbol da bir d\u00fcnyad\u0131r\u2026"}]},{"@type":"WebSite","@id":"https:\/\/www.meydan.tv\/az\/#website","url":"https:\/\/www.meydan.tv\/az\/","name":"MEYDAN.TV","description":"Meydan TV Az\u0259rbaycan\u0131n media m\u0259kan\u0131ndak\u0131 alternativ s\u0259sidir","publisher":{"@id":"https:\/\/www.meydan.tv\/az\/#organization"},"potentialAction":[{"@type":"SearchAction","target":{"@type":"EntryPoint","urlTemplate":"https:\/\/www.meydan.tv\/az\/?s={search_term_string}"},"query-input":{"@type":"PropertyValueSpecification","valueRequired":true,"valueName":"search_term_string"}}],"inLanguage":"az"},{"@type":"Organization","@id":"https:\/\/www.meydan.tv\/az\/#organization","name":"Meydan TV","url":"https:\/\/www.meydan.tv\/az\/","logo":{"@type":"ImageObject","inLanguage":"az","@id":"https:\/\/www.meydan.tv\/az\/#\/schema\/logo\/image\/","url":"https:\/\/www.meydan.tv\/wp-content\/uploads\/2021\/07\/meydan-logo.svg","contentUrl":"https:\/\/www.meydan.tv\/wp-content\/uploads\/2021\/07\/meydan-logo.svg","width":195,"height":46,"caption":"Meydan TV"},"image":{"@id":"https:\/\/www.meydan.tv\/az\/#\/schema\/logo\/image\/"}},{"@type":"Person","@id":"https:\/\/www.meydan.tv\/az\/#\/schema\/person\/10d11eccf6da3662cf5fdab9806ea91a","name":"user-manager"}]}},"_links":{"self":[{"href":"https:\/\/www.meydan.tv\/az\/wp-json\/wp\/v2\/posts\/190947","targetHints":{"allow":["GET"]}}],"collection":[{"href":"https:\/\/www.meydan.tv\/az\/wp-json\/wp\/v2\/posts"}],"about":[{"href":"https:\/\/www.meydan.tv\/az\/wp-json\/wp\/v2\/types\/post"}],"author":[{"embeddable":true,"href":"https:\/\/www.meydan.tv\/az\/wp-json\/wp\/v2\/users\/11"}],"replies":[{"embeddable":true,"href":"https:\/\/www.meydan.tv\/az\/wp-json\/wp\/v2\/comments?post=190947"}],"version-history":[{"count":0,"href":"https:\/\/www.meydan.tv\/az\/wp-json\/wp\/v2\/posts\/190947\/revisions"}],"wp:featuredmedia":[{"embeddable":true,"href":"https:\/\/www.meydan.tv\/az\/wp-json\/wp\/v2\/media\/106901"}],"wp:attachment":[{"href":"https:\/\/www.meydan.tv\/az\/wp-json\/wp\/v2\/media?parent=190947"}],"wp:term":[{"taxonomy":"category","embeddable":true,"href":"https:\/\/www.meydan.tv\/az\/wp-json\/wp\/v2\/categories?post=190947"},{"taxonomy":"post_tag","embeddable":true,"href":"https:\/\/www.meydan.tv\/az\/wp-json\/wp\/v2\/tags?post=190947"}],"curies":[{"name":"wp","href":"https:\/\/api.w.org\/{rel}","templated":true}]}}