{"id":190939,"date":"2018-07-21T02:39:47","date_gmt":"2018-07-21T02:39:47","guid":{"rendered":"https:\/\/www.meydan.tv\/article\/azerbaycan-sirketi-rehberinin-paris-seferi\/"},"modified":"2018-07-21T02:39:47","modified_gmt":"2018-07-21T02:39:47","slug":"azerbaycan-sirketi-rehberinin-paris-seferi","status":"publish","type":"post","link":"https:\/\/www.meydan.tv\/az\/article\/azerbaycan-sirketi-rehberinin-paris-seferi\/","title":{"rendered":"Az\u0259rbaycan&#8230; \u015firk\u0259ti r\u0259hb\u0259rinin Paris s\u0259f\u0259ri"},"content":{"rendered":"<figure class=\"wp-block-image size-large\">\n  <img decoding=\"async\" src=\"https:\/\/www.meydan.tv\/az\/ilham-eliyev-parisde\/\" alt=\"\u0130lham \u018fliyev Parisd\u0259\" class=\"wp-image-106859\"\/><figcaption>\n    \u0130lham \u018fliyev Parisd\u0259<br \/>\n  <\/figcaption><\/figure>\n<p>\n  <i><br \/>\n    \u0130lham \u018fliyevin Fransa s\u0259f\u0259rin\u0259 s\u00f6zard\u0131<br \/>\n  <\/i><\/p>\n<p>  \u201cFransa Respublikas\u0131n\u0131n Prezidenti Emmanuel Makronun d\u0259v\u0259ti il\u0259 Az\u0259rbaycan Respublikas\u0131n\u0131n Prezidenti \u0130lham \u018fliyevin iyulun 19-da Fransaya s\u0259f\u0259ri ba\u015flay\u0131b\u201d. Prezidentin sayt\u0131nda bel\u0259 yaz\u0131l\u0131b. Ancaq bu s\u0259f\u0259rin statusu bilinmir; r\u0259smi, qeyri-r\u0259smi, i\u015fg\u00fczar, yoxsa s\u0131radan bir \u015f\u0259xsi s\u0259f\u0259r&#8230;\n<\/p>\n<p>\n  S\u0259f\u0259rin m\u0259qs\u0259di daha \u00e7ox bu g\u00fcn \u2013 iyulun 20-d\u0259 yay\u0131lan informasiyalardan b\u0259lli olur. Bu s\u0259f\u0259r \u0259slind\u0259, \u00f6lk\u0259 prezidenti yox, \u015firk\u0259t r\u0259hb\u0259rinin s\u0259f\u0259rin\u0259 b\u0259nz\u0259yir. Ke\u00e7iril\u0259n g\u00f6r\u00fc\u015fl\u0259r b\u0259l\u0259diyy\u0259 ba\u015f\u00e7\u0131s\u0131, h\u0259r hans\u0131 \u015firk\u0259t r\u0259hb\u0259ri s\u0259viyy\u0259sind\u0259 olan g\u00f6r\u00fc\u015fl\u0259rdir. \u018fn yax\u015f\u0131 halda bu g\u00f6r\u00fc\u015fl\u0259ri nazirl\u0259rd\u0259n, nazir m\u00fcavinl\u0259rind\u0259n, ya komit\u0259 s\u0259drl\u0259rind\u0259n biri ke\u00e7ir\u0259 bil\u0259rd\u0259, h\u00f6kum\u0259t\u0259 ba\u011fl\u0131 i\u015fl\u0259r var idis\u0259&#8230;\n<\/p>\n<p>\n  Fransa prezidentinin d\u0259v\u0259ti il\u0259 ger\u00e7\u0259kl\u0259\u015f\u0259n Paris s\u0259f\u0259rind\u0259 \u0130lham \u018fliyev Az\u0259rbaycanda f\u0259aliyy\u0259t g\u00f6st\u0259r\u0259n Fransa \u015firk\u0259t v\u0259 qruplar\u0131n\u0131n r\u0259hb\u0259rl\u0259ri il\u0259 g\u00f6r\u00fc\u015f\u00fcb. Bel\u0259 anla\u015f\u0131l\u0131r ki, s\u0259f\u0259rd\u0259 g\u00f6r\u00fc\u015f bollu\u011fu yaratmaq \u00fc\u00e7\u00fcn bu \u015firk\u0259t v\u0259 qruplar\u0131n r\u0259hb\u0259rl\u0259rini ya Bak\u0131dan ora apar\u0131blar, ya da yeni layih\u0259l\u0259rd\u0259 tendersiz i\u015ftirak v\u0259di verib i\u015fg\u00fczar s\u0259f\u0259r g\u00f6r\u00fcnt\u00fcs\u00fcnd\u0259n \u00f6tr\u00fc \u015f\u0259kill\u0259r \u00e7\u0259kdiribl\u0259r. Yay\u0131lan \u015f\u0259kill\u0259r v\u0259 g\u00f6r\u00fc\u015fl\u0259rd\u0259n q\u0131sa informasiyalar bunu dem\u0259y\u0259 \u0259sas verir. \u0130ki g\u00fcnd\u0259 ke\u00e7iril\u0259n 14 g\u00f6r\u00fc\u015f\u00fcn (20 iyul saat 16.15-\u0259 q\u0259d\u0259r saytlara yerl\u0259\u015fdiril\u0259n informasiyalara \u0259sas\u0259n) 11-i Az\u0259rbaycanda m\u00fcxt\u0259lif layih\u0259l\u0259rd\u0259 i\u015ftirak ed\u0259n \u015firk\u0259t v\u0259 qrup r\u0259hb\u0259rl\u0259ri il\u0259 olub. Tan\u0131\u015f olun:\n<\/p>\n<p>\n  *Az\u0259rbaycan Respublikas\u0131n\u0131n Prezidenti \u0130lham \u018fliyev Parisd\u0259 Fransan\u0131n SADE \u015firk\u0259tinin prezidenti Patrik L\u00f6lo il\u0259 g\u00f6r\u00fc\u015f\u00fcb.<br \/>\n  <br \/>\n  *Az\u0259rbaycan Respublikas\u0131n\u0131n Prezidenti \u0130lham \u018fliyev Parisd\u0259 \u201cBouygues Travaux Publics\u201d \u015firk\u0259tinin ba\u015f icra\u00e7\u0131 katibinin m\u00fcavini Mark Adler il\u0259 g\u00f6r\u00fc\u015f\u00fcb.<br \/>\n  <br \/>\n  *Az\u0259rbaycan Respublikas\u0131n\u0131n Prezidenti \u0130lham \u018fliyevin Parisd\u0259 \u201cCIFAL\u201d qrupunun prezidenti Jil Remi il\u0259 g\u00f6r\u00fc\u015f\u00fc olub.<br \/>\n  <br \/>\n  *\u0130yulun 20-d\u0259 Az\u0259rbaycan Respublikas\u0131n\u0131n Prezidenti \u0130lham \u018fliyev Parisd\u0259 \u201cIVECO France\u201d \u015firk\u0259tinin prezidenti, \u201cIVECO Global Bus\u201dun r\u0259hb\u0259ri Silvan Blez il\u0259 g\u00f6r\u00fc\u015f\u00fcb.<br \/>\n  <br \/>\n  *Az\u0259rbaycan Respublikas\u0131n\u0131n Prezidenti \u0130lham \u018fliyev Parisd\u0259 \u201cRothschild and Co\u201d \u015firk\u0259tinin M\u00fc\u015fahid\u0259 \u015euras\u0131n\u0131n s\u0259dri Devid de Rot\u015fild il\u0259 g\u00f6r\u00fc\u015f\u00fcb.<br \/>\n  <br \/>\n  *Az\u0259rbaycan Respublikas\u0131n\u0131n Prezidenti \u0130lham \u018fliyev iyulun 20-d\u0259 Parisd\u0259 \u201cThales International\u201d \u015firk\u0259tinin ba\u015f vitse-prezidenti Rafael Eskinazi il\u0259 g\u00f6r\u00fc\u015f\u00fcb.<br \/>\n  <br \/>\n  *\u0130yulun 19-da Az\u0259rbaycan Respublikas\u0131n\u0131n Prezidenti \u0130lham \u018fliyev Parisd\u0259 \u201cWilmotte &amp; Associ\u00e9s Architectes\u201d \u015firk\u0259tinin icra\u00e7\u0131 direktoru xanim Borina Andriye il\u0259 g\u00f6r\u00fc\u015f\u00fcb.<br \/>\n  <br \/>\n  *\u0130yulun 19-da Az\u0259rbaycan Respublikas\u0131n\u0131n Prezidenti \u0130lham \u018fliyev Parisd\u0259 \u201cSUEZ\u201d qrupunun ba\u015f icra\u00e7\u0131 direktoru Jan Lui \u015eassod il\u0259 g\u00f6r\u00fc\u015f\u00fcb.<br \/>\n  <br \/>\n  *Az\u0259rbaycan Respublikas\u0131n\u0131n Prezidenti \u0130lham \u018fliyev iyulun 19-da Parisd\u0259 \u201cAirbus\u201d \u015firk\u0259tinin Avrasiya \u00fczr\u0259 vitse-prezidenti Silver Delonay il\u0259 g\u00f6r\u00fc\u015f\u00fcb.<br \/>\n  <br \/>\n  *Az\u0259rbaycan Respublikas\u0131n\u0131n Prezidenti \u0130lham \u018fliyev iyulun 19-da Parisd\u0259 \u201cTotal\u201d \u015firk\u0259tinin s\u0259dri v\u0259 ba\u015f icra\u00e7\u0131 direktoru Patrik Puyane il\u0259 g\u00f6r\u00fc\u015f\u00fcb.<br \/>\n  <br \/>\n  *Az\u0259rbaycan Respublikas\u0131n\u0131n Prezidenti \u0130lham \u018fliyev iyulun 19-da Parisd\u0259 \u201cNaval\u201d qrupunun s\u0259dri v\u0259 ba\u015f direktoru Erve Giyu il\u0259 g\u00f6r\u00fc\u015f\u00fcb.\n<\/p>\n<p>\n  Bu g\u00fcn Az\u0259rbaycanda f\u0259aliyy\u0259t g\u00f6st\u0259r\u0259n media qurumlar\u0131, telekanallar, q\u0259zetl\u0259r, saytlar, informasiya agentlikl\u0259ru \u0130lham \u018fliyevin Fransa s\u0259f\u0259rininin ger\u00e7\u0259k m\u0259qs\u0259din\u0259 i\u015f\u0131q tutmaq haqda he\u00e7 d\u00fc\u015f\u00fcnm\u0259y\u0259c\u0259kl\u0259r. Bird\u0259f\u0259flik yard\u0131m, havay\u0131 m\u0259nzil, ild\u0259 iki d\u0259f\u0259 paylanan K\u0130V DF qrant\u0131 h\u0259r \u015feyd\u0259n yazma\u011fa imkan vermir. He\u00e7 maraqlanan da olmayacaq ki, Paris g\u00f6r\u00fc\u015f\u00fcnd\u0259 \u015f\u0259kill\u0259ri \u00e7\u0259kil\u0259n \u015firk\u0259t r\u0259hb\u0259rl\u0259rind\u0259n ne\u00e7\u0259si ail\u0259 \u015firk\u0259tl\u0259ri il\u0259 i\u015f birliyind\u0259dir&#8230;\n<\/p>\n<p>\n  Bu g\u00fcn yay\u0131lan bu informasiya indiki Az\u0259rbaycan ger\u00e7\u0259kliyin\u0259 \u0259n yax\u015f\u0131 \u00f6rn\u0259kdir.\n<\/p>\n<p>\n  \u201c22 iyul &#8211; Milli M\u0259tbuat G\u00fcn\u00fc m\u00fcnasib\u0259til\u0259 bu g\u00fcn Az\u0259rbaycan Prezidenti yan\u0131nda K\u00fctl\u0259vi \u0130nformasiya Vasit\u0259l\u0259rinin \u0130nki\u015faf\u0131na D\u00f6vl\u0259t D\u0259st\u0259yi Fondunun (K\u0130VDF) icra\u00e7\u0131 direktoru V\u00fcqar S\u0259f\u0259rli, M\u0259tbuat \u015euras\u0131n\u0131n s\u0259dri, mill\u0259t v\u0259kili \u018fflatun Ama\u015fov, h\u0259m\u00e7inin n\u00fcfuzlu media qurumlar\u0131n\u0131n r\u0259hb\u0259rl\u0259ri F\u0259xri xiyabanda \u00fcmummilli lider Heyd\u0259r \u018fliyevin xatir\u0259sini ehtiramla yad edib, m\u0259zar\u0131 \u00f6n\u00fcn\u0259 \u0259klil qoyublar.\n<\/p>\n<p>\n  G\u00f6rk\u0259mli oftalmoloq alim, akademik Z\u0259rif\u0259 xan\u0131m \u018fliyevan\u0131n da xatir\u0259si an\u0131l\u0131b, m\u0259zar\u0131 \u00fcz\u0259rin\u0259 g\u00fcl d\u0259st\u0259l\u0259ri qoyulub\u201d&#8230; Bu informasiyan\u0131n sonras\u0131 da var. M\u0259tbuat g\u00fcn\u00fcn\u0259 m\u0259hz o sonra aiddir, ancaq onu sonraya saxlad\u0131qlar\u0131ndan, biz d\u0259 saxlayaq&#8230; M\u0259tbuat, onun yarad\u0131c\u0131s\u0131 bu \u00f6lk\u0259d\u0259 h\u0259r \u015feyd\u0259n sonda g\u0259ldiyin\u0259 g\u00f6r\u0259&#8230;\n<\/p>\n<p>\n  <b><br \/>\n    <i><br \/>\n      Yaz\u0131 m\u00fc\u0259llifin fikirl\u0259rini \u0259ks etdirir v\u0259 Meydan TV-nin m\u00f6vqeyi il\u0259 \u00fcst-\u00fcst\u0259 d\u00fc\u015fm\u0259y\u0259 bil\u0259r.<br \/>\n    <\/i><br \/>\n  <\/b><\/p>\n","protected":false},"excerpt":{"rendered":"<p>\u0130lham \u018fliyevin Fransa s\u0259f\u0259rin\u0259 s\u00f6zard\u0131<\/p>\n","protected":false},"author":11,"featured_media":106859,"comment_status":"closed","ping_status":"open","sticky":false,"template":"","format":"standard","meta":{"_acf_changed":false,"_sitemap_exclude":false,"_sitemap_priority":"","_sitemap_frequency":"","footnotes":""},"categories":[57],"tags":[],"class_list":["post-190939","post","type-post","status-publish","format-standard","has-post-thumbnail","hentry","category-menim-fikrimce","infinite-scroll-item","generate-columns","tablet-grid-50","mobile-grid-100","grid-parent","grid-33","no-featured-image-padding"],"acf":[],"yoast_head":"<!-- This site is optimized with the Yoast SEO plugin v27.4 - https:\/\/yoast.com\/product\/yoast-seo-wordpress\/ -->\n<title>Az\u0259rbaycan... \u015firk\u0259ti r\u0259hb\u0259rinin Paris s\u0259f\u0259ri - MEYDAN.TV<\/title>\n<meta name=\"robots\" content=\"index, follow, max-snippet:-1, max-image-preview:large, max-video-preview:-1\" \/>\n<link rel=\"canonical\" href=\"https:\/\/www.meydan.tv\/az\/article\/azerbaycan-sirketi-rehberinin-paris-seferi\/\" \/>\n<meta property=\"og:locale\" content=\"az_AZ\" \/>\n<meta property=\"og:type\" content=\"article\" \/>\n<meta property=\"og:title\" content=\"Az\u0259rbaycan... \u015firk\u0259ti r\u0259hb\u0259rinin Paris s\u0259f\u0259ri - MEYDAN.TV\" \/>\n<meta property=\"og:description\" content=\"\u0130lham \u018fliyevin Fransa s\u0259f\u0259rin\u0259 s\u00f6zard\u0131\" \/>\n<meta property=\"og:url\" content=\"https:\/\/www.meydan.tv\/az\/article\/azerbaycan-sirketi-rehberinin-paris-seferi\/\" \/>\n<meta property=\"og:site_name\" content=\"MEYDAN.TV\" \/>\n<meta property=\"article:published_time\" content=\"2018-07-21T02:39:47+00:00\" \/>\n<meta property=\"og:image\" content=\"https:\/\/www.meydan.tv\/wp-content\/uploads\/42444.jpg\" \/>\n\t<meta property=\"og:image:width\" content=\"1814\" \/>\n\t<meta property=\"og:image:height\" content=\"1292\" \/>\n\t<meta property=\"og:image:type\" content=\"image\/jpeg\" \/>\n<meta name=\"author\" content=\"user-manager\" \/>\n<meta name=\"twitter:card\" content=\"summary_large_image\" \/>\n<script type=\"application\/ld+json\" class=\"yoast-schema-graph\">{\"@context\":\"https:\\\/\\\/schema.org\",\"@graph\":[{\"@type\":\"Article\",\"@id\":\"https:\\\/\\\/www.meydan.tv\\\/az\\\/article\\\/azerbaycan-sirketi-rehberinin-paris-seferi\\\/#article\",\"isPartOf\":{\"@id\":\"https:\\\/\\\/www.meydan.tv\\\/az\\\/article\\\/azerbaycan-sirketi-rehberinin-paris-seferi\\\/\"},\"author\":{\"name\":\"user-manager\",\"@id\":\"https:\\\/\\\/www.meydan.tv\\\/az\\\/#\\\/schema\\\/person\\\/10d11eccf6da3662cf5fdab9806ea91a\"},\"headline\":\"Az\u0259rbaycan&#8230; \u015firk\u0259ti r\u0259hb\u0259rinin Paris s\u0259f\u0259ri\",\"datePublished\":\"2018-07-21T02:39:47+00:00\",\"mainEntityOfPage\":{\"@id\":\"https:\\\/\\\/www.meydan.tv\\\/az\\\/article\\\/azerbaycan-sirketi-rehberinin-paris-seferi\\\/\"},\"wordCount\":911,\"publisher\":{\"@id\":\"https:\\\/\\\/www.meydan.tv\\\/az\\\/#organization\"},\"image\":{\"@id\":\"https:\\\/\\\/www.meydan.tv\\\/az\\\/article\\\/azerbaycan-sirketi-rehberinin-paris-seferi\\\/#primaryimage\"},\"thumbnailUrl\":\"https:\\\/\\\/www.meydan.tv\\\/wp-content\\\/uploads\\\/42444.jpg\",\"articleSection\":[\"M\u0259nim Fikrimc\u0259\"],\"inLanguage\":\"az\"},{\"@type\":\"WebPage\",\"@id\":\"https:\\\/\\\/www.meydan.tv\\\/az\\\/article\\\/azerbaycan-sirketi-rehberinin-paris-seferi\\\/\",\"url\":\"https:\\\/\\\/www.meydan.tv\\\/az\\\/article\\\/azerbaycan-sirketi-rehberinin-paris-seferi\\\/\",\"name\":\"Az\u0259rbaycan... \u015firk\u0259ti r\u0259hb\u0259rinin Paris s\u0259f\u0259ri - MEYDAN.TV\",\"isPartOf\":{\"@id\":\"https:\\\/\\\/www.meydan.tv\\\/az\\\/#website\"},\"primaryImageOfPage\":{\"@id\":\"https:\\\/\\\/www.meydan.tv\\\/az\\\/article\\\/azerbaycan-sirketi-rehberinin-paris-seferi\\\/#primaryimage\"},\"image\":{\"@id\":\"https:\\\/\\\/www.meydan.tv\\\/az\\\/article\\\/azerbaycan-sirketi-rehberinin-paris-seferi\\\/#primaryimage\"},\"thumbnailUrl\":\"https:\\\/\\\/www.meydan.tv\\\/wp-content\\\/uploads\\\/42444.jpg\",\"datePublished\":\"2018-07-21T02:39:47+00:00\",\"breadcrumb\":{\"@id\":\"https:\\\/\\\/www.meydan.tv\\\/az\\\/article\\\/azerbaycan-sirketi-rehberinin-paris-seferi\\\/#breadcrumb\"},\"inLanguage\":\"az\",\"potentialAction\":[{\"@type\":\"ReadAction\",\"target\":[\"https:\\\/\\\/www.meydan.tv\\\/az\\\/article\\\/azerbaycan-sirketi-rehberinin-paris-seferi\\\/\"]}]},{\"@type\":\"ImageObject\",\"inLanguage\":\"az\",\"@id\":\"https:\\\/\\\/www.meydan.tv\\\/az\\\/article\\\/azerbaycan-sirketi-rehberinin-paris-seferi\\\/#primaryimage\",\"url\":\"https:\\\/\\\/www.meydan.tv\\\/wp-content\\\/uploads\\\/42444.jpg\",\"contentUrl\":\"https:\\\/\\\/www.meydan.tv\\\/wp-content\\\/uploads\\\/42444.jpg\",\"width\":1814,\"height\":1292,\"caption\":\"Source:\"},{\"@type\":\"BreadcrumbList\",\"@id\":\"https:\\\/\\\/www.meydan.tv\\\/az\\\/article\\\/azerbaycan-sirketi-rehberinin-paris-seferi\\\/#breadcrumb\",\"itemListElement\":[{\"@type\":\"ListItem\",\"position\":1,\"name\":\"Ana s\u0259hif\u0259\",\"item\":\"https:\\\/\\\/www.meydan.tv\\\/az\\\/\"},{\"@type\":\"ListItem\",\"position\":2,\"name\":\"M\u0259nim Fikrimc\u0259\",\"item\":\"https:\\\/\\\/www.meydan.tv\\\/az\\\/section\\\/menim-fikrimce\\\/\"},{\"@type\":\"ListItem\",\"position\":3,\"name\":\"Az\u0259rbaycan&#8230; \u015firk\u0259ti r\u0259hb\u0259rinin Paris s\u0259f\u0259ri\"}]},{\"@type\":\"WebSite\",\"@id\":\"https:\\\/\\\/www.meydan.tv\\\/az\\\/#website\",\"url\":\"https:\\\/\\\/www.meydan.tv\\\/az\\\/\",\"name\":\"MEYDAN.TV\",\"description\":\"Meydan TV Az\u0259rbaycan\u0131n media m\u0259kan\u0131ndak\u0131 alternativ s\u0259sidir\",\"publisher\":{\"@id\":\"https:\\\/\\\/www.meydan.tv\\\/az\\\/#organization\"},\"potentialAction\":[{\"@type\":\"SearchAction\",\"target\":{\"@type\":\"EntryPoint\",\"urlTemplate\":\"https:\\\/\\\/www.meydan.tv\\\/az\\\/?s={search_term_string}\"},\"query-input\":{\"@type\":\"PropertyValueSpecification\",\"valueRequired\":true,\"valueName\":\"search_term_string\"}}],\"inLanguage\":\"az\"},{\"@type\":\"Organization\",\"@id\":\"https:\\\/\\\/www.meydan.tv\\\/az\\\/#organization\",\"name\":\"Meydan TV\",\"url\":\"https:\\\/\\\/www.meydan.tv\\\/az\\\/\",\"logo\":{\"@type\":\"ImageObject\",\"inLanguage\":\"az\",\"@id\":\"https:\\\/\\\/www.meydan.tv\\\/az\\\/#\\\/schema\\\/logo\\\/image\\\/\",\"url\":\"https:\\\/\\\/www.meydan.tv\\\/wp-content\\\/uploads\\\/2021\\\/07\\\/meydan-logo.svg\",\"contentUrl\":\"https:\\\/\\\/www.meydan.tv\\\/wp-content\\\/uploads\\\/2021\\\/07\\\/meydan-logo.svg\",\"width\":195,\"height\":46,\"caption\":\"Meydan TV\"},\"image\":{\"@id\":\"https:\\\/\\\/www.meydan.tv\\\/az\\\/#\\\/schema\\\/logo\\\/image\\\/\"}},{\"@type\":\"Person\",\"@id\":\"https:\\\/\\\/www.meydan.tv\\\/az\\\/#\\\/schema\\\/person\\\/10d11eccf6da3662cf5fdab9806ea91a\",\"name\":\"user-manager\"}]}<\/script>\n<!-- \/ Yoast SEO plugin. -->","yoast_head_json":{"title":"Az\u0259rbaycan... \u015firk\u0259ti r\u0259hb\u0259rinin Paris s\u0259f\u0259ri - MEYDAN.TV","robots":{"index":"index","follow":"follow","max-snippet":"max-snippet:-1","max-image-preview":"max-image-preview:large","max-video-preview":"max-video-preview:-1"},"canonical":"https:\/\/www.meydan.tv\/az\/article\/azerbaycan-sirketi-rehberinin-paris-seferi\/","og_locale":"az_AZ","og_type":"article","og_title":"Az\u0259rbaycan... \u015firk\u0259ti r\u0259hb\u0259rinin Paris s\u0259f\u0259ri - MEYDAN.TV","og_description":"\u0130lham \u018fliyevin Fransa s\u0259f\u0259rin\u0259 s\u00f6zard\u0131","og_url":"https:\/\/www.meydan.tv\/az\/article\/azerbaycan-sirketi-rehberinin-paris-seferi\/","og_site_name":"MEYDAN.TV","article_published_time":"2018-07-21T02:39:47+00:00","og_image":[{"width":1814,"height":1292,"url":"https:\/\/www.meydan.tv\/wp-content\/uploads\/42444.jpg","type":"image\/jpeg"}],"author":"user-manager","twitter_card":"summary_large_image","schema":{"@context":"https:\/\/schema.org","@graph":[{"@type":"Article","@id":"https:\/\/www.meydan.tv\/az\/article\/azerbaycan-sirketi-rehberinin-paris-seferi\/#article","isPartOf":{"@id":"https:\/\/www.meydan.tv\/az\/article\/azerbaycan-sirketi-rehberinin-paris-seferi\/"},"author":{"name":"user-manager","@id":"https:\/\/www.meydan.tv\/az\/#\/schema\/person\/10d11eccf6da3662cf5fdab9806ea91a"},"headline":"Az\u0259rbaycan&#8230; \u015firk\u0259ti r\u0259hb\u0259rinin Paris s\u0259f\u0259ri","datePublished":"2018-07-21T02:39:47+00:00","mainEntityOfPage":{"@id":"https:\/\/www.meydan.tv\/az\/article\/azerbaycan-sirketi-rehberinin-paris-seferi\/"},"wordCount":911,"publisher":{"@id":"https:\/\/www.meydan.tv\/az\/#organization"},"image":{"@id":"https:\/\/www.meydan.tv\/az\/article\/azerbaycan-sirketi-rehberinin-paris-seferi\/#primaryimage"},"thumbnailUrl":"https:\/\/www.meydan.tv\/wp-content\/uploads\/42444.jpg","articleSection":["M\u0259nim Fikrimc\u0259"],"inLanguage":"az"},{"@type":"WebPage","@id":"https:\/\/www.meydan.tv\/az\/article\/azerbaycan-sirketi-rehberinin-paris-seferi\/","url":"https:\/\/www.meydan.tv\/az\/article\/azerbaycan-sirketi-rehberinin-paris-seferi\/","name":"Az\u0259rbaycan... \u015firk\u0259ti r\u0259hb\u0259rinin Paris s\u0259f\u0259ri - MEYDAN.TV","isPartOf":{"@id":"https:\/\/www.meydan.tv\/az\/#website"},"primaryImageOfPage":{"@id":"https:\/\/www.meydan.tv\/az\/article\/azerbaycan-sirketi-rehberinin-paris-seferi\/#primaryimage"},"image":{"@id":"https:\/\/www.meydan.tv\/az\/article\/azerbaycan-sirketi-rehberinin-paris-seferi\/#primaryimage"},"thumbnailUrl":"https:\/\/www.meydan.tv\/wp-content\/uploads\/42444.jpg","datePublished":"2018-07-21T02:39:47+00:00","breadcrumb":{"@id":"https:\/\/www.meydan.tv\/az\/article\/azerbaycan-sirketi-rehberinin-paris-seferi\/#breadcrumb"},"inLanguage":"az","potentialAction":[{"@type":"ReadAction","target":["https:\/\/www.meydan.tv\/az\/article\/azerbaycan-sirketi-rehberinin-paris-seferi\/"]}]},{"@type":"ImageObject","inLanguage":"az","@id":"https:\/\/www.meydan.tv\/az\/article\/azerbaycan-sirketi-rehberinin-paris-seferi\/#primaryimage","url":"https:\/\/www.meydan.tv\/wp-content\/uploads\/42444.jpg","contentUrl":"https:\/\/www.meydan.tv\/wp-content\/uploads\/42444.jpg","width":1814,"height":1292,"caption":"Source:"},{"@type":"BreadcrumbList","@id":"https:\/\/www.meydan.tv\/az\/article\/azerbaycan-sirketi-rehberinin-paris-seferi\/#breadcrumb","itemListElement":[{"@type":"ListItem","position":1,"name":"Ana s\u0259hif\u0259","item":"https:\/\/www.meydan.tv\/az\/"},{"@type":"ListItem","position":2,"name":"M\u0259nim Fikrimc\u0259","item":"https:\/\/www.meydan.tv\/az\/section\/menim-fikrimce\/"},{"@type":"ListItem","position":3,"name":"Az\u0259rbaycan&#8230; \u015firk\u0259ti r\u0259hb\u0259rinin Paris s\u0259f\u0259ri"}]},{"@type":"WebSite","@id":"https:\/\/www.meydan.tv\/az\/#website","url":"https:\/\/www.meydan.tv\/az\/","name":"MEYDAN.TV","description":"Meydan TV Az\u0259rbaycan\u0131n media m\u0259kan\u0131ndak\u0131 alternativ s\u0259sidir","publisher":{"@id":"https:\/\/www.meydan.tv\/az\/#organization"},"potentialAction":[{"@type":"SearchAction","target":{"@type":"EntryPoint","urlTemplate":"https:\/\/www.meydan.tv\/az\/?s={search_term_string}"},"query-input":{"@type":"PropertyValueSpecification","valueRequired":true,"valueName":"search_term_string"}}],"inLanguage":"az"},{"@type":"Organization","@id":"https:\/\/www.meydan.tv\/az\/#organization","name":"Meydan TV","url":"https:\/\/www.meydan.tv\/az\/","logo":{"@type":"ImageObject","inLanguage":"az","@id":"https:\/\/www.meydan.tv\/az\/#\/schema\/logo\/image\/","url":"https:\/\/www.meydan.tv\/wp-content\/uploads\/2021\/07\/meydan-logo.svg","contentUrl":"https:\/\/www.meydan.tv\/wp-content\/uploads\/2021\/07\/meydan-logo.svg","width":195,"height":46,"caption":"Meydan TV"},"image":{"@id":"https:\/\/www.meydan.tv\/az\/#\/schema\/logo\/image\/"}},{"@type":"Person","@id":"https:\/\/www.meydan.tv\/az\/#\/schema\/person\/10d11eccf6da3662cf5fdab9806ea91a","name":"user-manager"}]}},"_links":{"self":[{"href":"https:\/\/www.meydan.tv\/az\/wp-json\/wp\/v2\/posts\/190939","targetHints":{"allow":["GET"]}}],"collection":[{"href":"https:\/\/www.meydan.tv\/az\/wp-json\/wp\/v2\/posts"}],"about":[{"href":"https:\/\/www.meydan.tv\/az\/wp-json\/wp\/v2\/types\/post"}],"author":[{"embeddable":true,"href":"https:\/\/www.meydan.tv\/az\/wp-json\/wp\/v2\/users\/11"}],"replies":[{"embeddable":true,"href":"https:\/\/www.meydan.tv\/az\/wp-json\/wp\/v2\/comments?post=190939"}],"version-history":[{"count":0,"href":"https:\/\/www.meydan.tv\/az\/wp-json\/wp\/v2\/posts\/190939\/revisions"}],"wp:featuredmedia":[{"embeddable":true,"href":"https:\/\/www.meydan.tv\/az\/wp-json\/wp\/v2\/media\/106859"}],"wp:attachment":[{"href":"https:\/\/www.meydan.tv\/az\/wp-json\/wp\/v2\/media?parent=190939"}],"wp:term":[{"taxonomy":"category","embeddable":true,"href":"https:\/\/www.meydan.tv\/az\/wp-json\/wp\/v2\/categories?post=190939"},{"taxonomy":"post_tag","embeddable":true,"href":"https:\/\/www.meydan.tv\/az\/wp-json\/wp\/v2\/tags?post=190939"}],"curies":[{"name":"wp","href":"https:\/\/api.w.org\/{rel}","templated":true}]}}