{"id":190923,"date":"2018-07-20T02:08:04","date_gmt":"2018-07-20T02:08:04","guid":{"rendered":"https:\/\/www.meydan.tv\/article\/diktatura-ve-onun-yalanlari\/"},"modified":"2018-07-20T02:08:04","modified_gmt":"2018-07-20T02:08:04","slug":"diktatura-ve-onun-yalanlari","status":"publish","type":"post","link":"https:\/\/www.meydan.tv\/az\/article\/diktatura-ve-onun-yalanlari\/","title":{"rendered":"Diktatura v\u0259 onun yalanlar\u0131"},"content":{"rendered":"<figure class=\"wp-block-image size-large\">\n  <img decoding=\"async\" src=\"https:\/\/www.meydan.tv\/az\/qiyas-ibrahim-illustrasiya-2\/\" alt=\"Qiyas \u0130brahim (ill\u00fcstrasiya)\" class=\"wp-image-68895\"\/><figcaption>\n    Qiyas \u0130brahim (ill\u00fcstrasiya)<br \/>\n  <\/figcaption><\/figure>\n<p>\n  <i><br \/>\n    Z\u0259ngl\u0259r kimin\u00e7\u00fcn s\u0259sl\u0259nir? Yaxud \u201cDoktor Moronun adas\u0131\u201d kimi<br \/>\n  <\/i>\n<\/p>\n<p>\n  Qorxunun hakim oldu\u011fu rejiml\u0259rd\u0259 s\u0259ssizlik h\u00f6km s\u00fcr\u0259r. Ancaq bu s\u0259ssizlik zaman-zaman pozularsa, dem\u0259li, qorxu rejimi, ba\u015fqa s\u00f6zl\u0259, diktatura qorxutmaq potensial\u0131n\u0131 itirm\u0259kd\u0259di, yaxud b\u0259lk\u0259 d\u0259 aldatmaqda axsama\u011fa ba\u015flay\u0131b. Do\u011frusu, diktatura rejiml\u0259rinin yalan bacar\u0131\u011f\u0131 rejimin \u0259slind\u0259 n\u0259l\u0259rin hesab\u0131na ayaqda qala bilm\u0259sinin \u00fcst\u00fcn\u0259 \u00e7\u0259kilmi\u015f p\u0259rd\u0259dir. Y\u0259ni, tam n\u0259zar\u0259tin\u0259 ke\u00e7dirdiyi k\u00fctl\u0259 medias\u0131 vasit\u0259sil\u0259 g\u00f6st\u0259rdiyi m\u00f6c\u00fcz\u0259vi yalanlarla k\u00fctl\u0259ni h\u0259r c\u00fcr oyuna g\u0259tir\u0259 bildiyini fikirl\u0259\u015fir. Art\u0131q onun bu g\u00fcc\u00fc qar\u015f\u0131s\u0131nda aciz oldu\u011fumuzu d\u00fc\u015f\u00fcn\u00fcb, b\u0259dbinliy\u0259 qap\u0131lma\u011f\u0131m\u0131z\u0131n he\u00e7 bir \u0259sas\u0131 qalmay\u0131b.\n<\/p>\n<p>\n  \u0130nternetin k\u00fctl\u0259vil\u0259\u015fdiyi son 6-7 il rejimin aldatmaq g\u00fcc\u00fcn\u00fc onsuz da z\u0259ifl\u0259tm\u0259liydi. Ancaq m\u0259n yen\u0259 d\u0259 internet\u0259 \u00e7\u0131x\u0131\u015f\u0131 olmayan qisim \u00fc\u00e7\u00fcn diktaturan\u0131n yalanlar\u0131n\u0131n az da olsa i\u015fl\u0259diyini fikirl\u0259\u015firdim. \u018fn az\u0131ndan h\u0259bsxanada oldu\u011fum son vaxtlara q\u0259d\u0259r. P\u0259rd\u0259nin arxas\u0131ndan \u00fcz\u00fcm\u00fcz\u0259 tu\u015flanm\u0131\u015f, b\u0259z\u0259ns\u0259 b\u0259zil\u0259rimizin lap a\u015fkarca ba\u015f\u0131na dir\u0259n\u0259n silahlar\u0131 olmasayd\u0131, sistemin \u00e7arx\u0131 birc\u0259 d\u00f6vr bel\u0259 f\u0131rlanmazd\u0131. \u015eah rejimi v\u0259 \u0130ran \u0130slam \u0130nqilab\u0131 sonras\u0131 diktatorlu\u011fu \u015f\u0259xs\u0259n ya\u015fam\u0131\u015f psixoloq Moqhaddam yaz\u0131r ki, P\u0259hl\u0259vi diktaturas\u0131 zaman\u0131 k\u00fc\u00e7\u0259d\u0259 dayanm\u0131\u015f \u0259n cahil avaran\u0131n bel\u0259 siyasi z\u0259kas\u0131 h\u0259r hans\u0131 q\u0259rb demokratiyas\u0131 \u00f6lk\u0259sinin v\u0259t\u0259nda\u015f\u0131ndan daha \u00e7oxdur. H\u0259r bir despotik rejimd\u0259 k\u00fc\u00e7\u0259d\u0259ki insan\u0131 susduran n\u0259 telekanalizasiyalar\u0131yla ax\u0131td\u0131\u011f\u0131 zir-zibil, n\u0259 d\u0259 m\u0259kt\u0259b ya\u015fl\u0131 u\u015faqlardan tutmu\u015f yetkin insanlara q\u0259d\u0259r h\u0259r k\u0259s\u0259 yeridilm\u0259y\u0259 \u00e7al\u0131\u015f\u0131lan uydurulmu\u015f \u201c\u0259b\u0259di xilaskar\u201d ideologiyas\u0131d\u0131r. Diktatorlu\u011fun sakini harada ya\u015fad\u0131\u011f\u0131n\u0131 v\u0259 nec\u0259 bir t\u0259hl\u00fck\u0259yl\u0259 \u0259hat\u0259 olundu\u011funu ist\u0259nil\u0259n q\u0259rbli demokratiya n\u0259z\u0259riyy\u0259\u00e7isind\u0259n yax\u015f\u0131 bilir. Saxta ideologiya is\u0259 hakimiyy\u0259t elitas\u0131n\u0131 bir-birin\u0259 s\u0131x ba\u011flamaq\u00e7\u00fcn daha \u00e7ox laz\u0131md\u0131r, n\u0259inki k\u00fctl\u0259l\u0259r\u0259 t\u0259sir etm\u0259k \u00fc\u00e7\u00fcn.\n<\/p>\n<p>\n  \u00c7\u00fcnki diktaturada h\u0259qiqi \u00e7\u0259ki\u015fm\u0259 d\u0259, qar\u015f\u0131durma da el\u0259 hakimiyy\u0259t elitas\u0131 n\u00fcmay\u0259nd\u0259l\u0259rinin aralar\u0131nda ba\u015f ver\u0259nl\u0259rdir, n\u0259inki m\u00fcxalif\u0259tin rejim\u0259 g\u00f6st\u0259rdiyi m\u00fcqavim\u0259t. Dediyimiz kimi, do\u011fru informasiyalara \u0259li \u00e7atmayanlar\u0131n saxta ideologiyan\u0131n yalanlar\u0131ndan xeyli t\u0259sirl\u0259ndiyini fikirl\u0259\u015firdim. Art\u0131q \u0259minlikl\u0259 bilir\u0259m ki, rejim aldada bilmir, \u00f6z\u00fc d\u0259 he\u00e7 kimi. \u0130ndi oldu\u011fum h\u0259bsxanada m\u0259hkumlar informasiyan\u0131 h\u0259ft\u0259d\u0259 bir-iki d\u0259f\u0259 gecikm\u0259 il\u0259 g\u0259l\u0259n hakimiyy\u0259tin makulatural\u0131q q\u0259zetl\u0259rini saymasaq, \u00fcmumi bax\u0131\u015f yerl\u0259rind\u0259 qoyulmu\u015f bir-iki televizor vasit\u0259sil\u0259, yen\u0259 d\u0259 hakimiyy\u0259t medias\u0131ndan al\u0131rlar. \u00dcmumi bax\u0131\u015f yerin\u0259 y\u0131\u011f\u0131\u015fan m\u0259hkumlar\u0131n e\u015fitdikl\u0259ri x\u0259b\u0259rl\u0259r\u0259 verdiyi reaksiyalar\u0131 g\u00f6r\u0259nd\u0259 tam olaraq anti-utopik \u00f6lk\u0259d\u0259 ya\u015famad\u0131\u011f\u0131m\u0131z\u0131 anlay\u0131r, az da olsa \u00fcmidl\u0259nirik. T\u0259s\u0259vv\u00fcr edin ki, ara-s\u0131ra siyasi m\u00fcxalif\u0259ti, yaxud hans\u0131sa \u201cqara q\u00fcvv\u0259ni\u201d s\u00f6ym\u0259k \u00fc\u00e7\u00fcn g\u00f6st\u0259ril\u0259n s\u00fcjetl\u0259r hans\u0131 \u0259ks effekt yarad\u0131r. N\u0259z\u0259r\u0259 alsaq ki, bu tip x\u0259b\u0259rl\u0259rd\u0259 ad\u0131 \u00e7\u0259kil\u0259nl\u0259rd\u0259n, s\u00f6y\u00fcl\u0259nl\u0259rd\u0259n ancaq bir-iki n\u0259f\u0259rini buradak\u0131 m\u0259hkumlar tan\u0131ya bilir\u2026 Q\u0131sa des\u0259k, rejimin yaratma\u011fa \u00e7al\u0131\u015fd\u0131\u011f\u0131 \u201cnifr\u0259t ikid\u0259qiql\u0259liyi\u201dnd\u0259 nifr\u0259tin v\u0259 s\u00f6y\u00fc\u015f\u00fcn y\u00f6n\u0259ldiyi istiqam\u0259t \u0259ksin\u0259 &#8211; diktatura v\u0259 onun yalanlar\u0131na do\u011frudur. O insanlar\u0131n bir \u00e7oxu rejimin s\u0259b\u0259b oldu\u011fu sosial v\u0259 m\u0259n\u0259vi xarabal\u0131q \u00fcz\u00fcnd\u0259n c\u0259miyy\u0259tin t\u00f6k\u00fcnt\u00fcs\u00fc kimi dam\u011falan\u0131b, divarlar ard\u0131na at\u0131l\u0131b.\n<\/p>\n<p>\n  \u201cAli xilaskar\u201d t\u0259r\u0259dd\u00fcd ed\u0259nl\u0259r\u0259 yeni parklar\u0131, partiya binalar\u0131n\u0131, tanklar\u0131, \u201cNuh\u00e7\u0131xan\u201d agentliyinin x\u0259b\u0259r verdiyi kimi, bir ne\u00e7\u0259 min kvadratmetrlik \u201cazad olunmu\u015f\u201d torpaqlar\u0131 v\u0259 s. m\u00f6c\u00fcz\u0259l\u0259ri g\u00f6st\u0259rir. B\u0259s bird\u0259n elektrikl\u0259r k\u0259sils\u0259 v\u0259 \u201cNuh\u00e7\u0131xan\u201d agentliyinin xo\u015fb\u0259xtlik \u0259s\u0259ri tapaca\u011f\u0131 t\u0259qdird\u0259, el\u0259 Nuhun g\u0259misinin \u00f6z\u00fcn\u00fc g\u00f6st\u0259rm\u0259si, yaxud b\u00f6y\u00fck bir bir \u015f\u0259h\u0259rd\u0259 toplanan insanlar\u0131n \u0259b\u0259di xilaskar\u0131n portretini yaratmas\u0131 kimi m\u00f6c\u00fcz\u0259l\u0259r bits\u0259\u2026?\n<\/p>\n<p>\n  Alq\u0131\u015flayan \u0259ll\u0259rd\u0259 art\u0131q b\u0131\u00e7aqlar v\u0259 tapan\u00e7alar g\u00f6r\u00fcn\u0259r. \u00d6z\u00fc d\u0259 el\u0259 \u0259b\u0259di xilaskara k\u00fctl\u0259vi sevginin n\u00fcmayi\u015f olundu\u011fu yerd\u0259 \u201cSabitlik adas\u0131\u201d Doktor Moronun adas\u0131\u201dna \u00e7evril\u0259r. Nec\u0259 ki, avant\u00fcrist alim adan\u0131n t\u0259bii h\u0259yat\u0131na m\u00fcdaxil\u0259 etdikd\u0259n, onun nizam\u0131n\u0131 \u00f6z ba\u015fdanxarab ideyalar\u0131na g\u00f6r\u0259 pozduqdan sonra n\u0259tic\u0259d\u0259 yaranm\u0131\u015f \u0259caib m\u0259xluqlar \u00f6z\u00fcn\u00fcn ba\u015f\u0131na \u0259ng\u0259l olursa, \u201cSabitlik adas\u0131\u201dn\u0131n a\u011fas\u0131 da t\u00f6r\u0259tdikl\u0259rinin qar\u015f\u0131l\u0131\u011f\u0131n\u0131 Herbert Uelsin \u201cDoktor Moro\u201dsu kimi almal\u0131d\u0131r. Diktator h\u0259l\u0259 d\u0259 \u0259ll\u0259ri ancaq komp\u00fcter si\u00e7an\u0131, yaxud aerozol boya tuta bil\u0259nl\u0259rin ona qar\u015f\u0131 z\u0259if s\u0259sl\u0259 q\u0131\u015fq\u0131ra bil\u0259c\u0259yini fikirl\u0259\u015fir. H\u0259mi\u015f\u0259 d\u00fc\u015f\u00fcn\u00fcr ki, bu s\u0259sl\u0259ri b\u0259zi q\u0259rbli imperialistl\u0259rin d\u0259 havadarl\u0131\u011f\u0131 il\u0259 asanca k\u0259s\u0259vbil\u0259c\u0259k. Q\u0259rb imperialistdirmi? B\u0259li, ancaq rejim tv-nin q\u0131\u015fq\u0131rd\u0131\u011f\u0131 kimi, indiki halda buralarda inqilab t\u00f6r\u0259dib \u00f6z maraqlar\u0131n\u0131 t\u0259min etdiyi \u00fc\u00e7\u00fcn yox, \u00f6z xalq\u0131n\u0131 \u0259z\u0259n despotlar\u0131n istismar\u00e7\u0131l\u0131\u011f\u0131na g\u00f6z yumub, onlar\u0131n \u0259lini s\u0131xd\u0131\u011f\u0131 \u00fc\u00e7\u00fcn imperialistdir. Nec\u0259 ki, XIX \u0259srin pe\u015f\u0259kar imperialisti ingilis Sesil Rods \u201cq\u0131rx milyon ingilis xalq\u0131n\u0131n rifah\u0131 v\u0259 \u00f6lk\u0259ni v\u0259t\u0259nda\u015f m\u00fcharib\u0259sind\u0259n qorumaq \u00fc\u00e7\u00fcn imperialist olma\u011fa m\u0259cburuq\u201d deyirdi, \u015f\u00fcbh\u0259 yoxdur ki, indiki ingilis neft\u00e7\u0131xaranlar\u0131 v\u0259 h\u0259m d\u0259 Avropan\u0131n \u0259ks\u0259r idar\u0259\u00e7il\u0259ri d\u0259 bir avropal\u0131 olaraq Jan Pol Sartr, Bertrand Russell yox, Sesil Rods zehniyy\u0259tind\u0259ki \u015f\u0259xsl\u0259rdir. S\u00fcm\u00fcr\u00fcl\u0259n neft v\u0259 qaz\u0131n demokratiya dad\u0131b-dadmad\u0131\u011f\u0131n\u0131 yoxlamaq onlar \u00fc\u00e7\u00fcn ax\u0131r\u0131nc\u0131 v\u0259 xeyli ekzotik m\u0259\u015f\u011fuliyy\u0259tdir. H\u0259tta dadmasa, daha l\u0259zz\u0259tlidir g\u00fcman ki\u2026 V\u0259 imperialistl\u0259rin a\u00e7\u0131q kollaborsionisti olan diktatura s\u0259sl\u0259n\u0259n z\u0259ngl\u0259ri e\u015fitm\u0259m\u0259k \u00fc\u00e7\u00fcn qulaqlar\u0131n\u0131 tutur.\n<\/p>\n<p>\n  Metafizik, ingilis \u015fairi Con Donn insan\u0131n t\u0259kba\u015f\u0131na ada ola bilm\u0259y\u0259c\u0259yini g\u00f6st\u0259rm\u0259k \u00fc\u00e7\u00fcn \u00f6z humanist ideal\u0131n\u0131 \u201c\u018fg\u0259r bir insan \u00f6l\u00fcrs\u0259, s\u0259n d\u0259 \u00f6l\u00fcrs\u0259n, odur ki, kils\u0259 z\u0259ngl\u0259rini e\u015fid\u0259nd\u0259 dem\u0259 ki, z\u0259ngl\u0259r kimin\u00e7\u00fcn s\u0259sl\u0259nir, z\u0259ngl\u0259r s\u0259nin\u00e7\u00fcn s\u0259sl\u0259nir\u201d &#8211; yazaraq t\u0259r\u0259nn\u00fcm etmi\u015fdir. Bu s\u0259tirl\u0259ri bir diktatora aid ets\u0259k, m\u0259nfi \u00e7alarl\u0131 al\u0131nacaq v\u0259 y\u0259qin ki, bel\u0259 bir \u015fey ortaya \u00e7\u0131xacaq, n\u0259 q\u0259d\u0259r uy\u011fundursa art\u0131q\u2026 \u018fg\u0259r bir b\u00fcrokrat\u0131na silah \u00e7\u0259kilirs\u0259, bu, t\u0259kc\u0259 ona a\u00e7\u0131lm\u0131\u015f at\u0259\u015f s\u0259si deyil, bu at\u0259\u015f h\u0259m d\u0259 s\u0259n\u0259 a\u00e7\u0131lm\u0131\u015fd\u0131r, z\u0259ngl\u0259r s\u0259nin\u00e7\u00fcn s\u0259sl\u0259nir. Diktatorsa, h\u0259mi\u015f\u0259 yan\u0131l\u0131r, vassallar\u0131na at\u0259\u015f a\u00e7anlar\u0131n, qan t\u00f6k\u0259nl\u0259rin ancaq v\u0259 ancaq hans\u0131sa \u201cqara q\u00fcvv\u0259\u201d-nin i\u015fi ola bil\u0259c\u0259yini q\u0131\u015fq\u0131r\u0131r, s\u0259sl\u0259n\u0259n z\u0259ngl\u0259r\u0259 qulaq tutur. Xalq\u0131nsa yaln\u0131z i\u00e7ind\u0259 oldu\u011fu sabitliyi sev\u0259n, onu alq\u0131\u015flayan olaca\u011f\u0131n\u0131 fikirl\u0259\u015fir, h\u0259mi\u015f\u0259 bel\u0259 olmas\u0131n\u0131 arzulay\u0131r. Ona g\u00f6r\u0259 bel\u0259 olmaz, ola bilm\u0259z, silah s\u0259sl\u0259ri, z\u0259ng s\u0259sl\u0259ri ill\u00fcziyad\u0131r. Bizim monarx sabitlik i\u00e7ind\u0259 h\u00fczurla \u00f6lm\u0259k ist\u0259yir &#8211; Ondan sonra Tufan!\n<\/p>\n<p>\n  <b><br \/>\n    <i><br \/>\n      Yaz\u0131 m\u00fc\u0259llifin fikirl\u0259rini \u0259ks etdirir v\u0259 Meydan TV-nin m\u00f6vqeyi il\u0259 \u00fcst-\u00fcst\u0259 d\u00fc\u015fm\u0259y\u0259 bil\u0259r.<br \/>\n    <\/i><br \/>\n  <\/b><\/p>\n","protected":false},"excerpt":{"rendered":"<p>Z\u0259ngl\u0259r kimin\u00e7\u00fcn s\u0259sl\u0259nir? Yaxud \u201cDoktor Moronun adas\u0131\u201d kimi<\/p>\n","protected":false},"author":11,"featured_media":68895,"comment_status":"closed","ping_status":"open","sticky":false,"template":"","format":"standard","meta":{"_acf_changed":false,"_sitemap_exclude":false,"_sitemap_priority":"","_sitemap_frequency":"","footnotes":""},"categories":[57],"tags":[],"class_list":["post-190923","post","type-post","status-publish","format-standard","has-post-thumbnail","hentry","category-menim-fikrimce","infinite-scroll-item","generate-columns","tablet-grid-50","mobile-grid-100","grid-parent","grid-33","no-featured-image-padding"],"acf":[],"yoast_head":"<!-- This site is optimized with the Yoast SEO plugin v27.4 - https:\/\/yoast.com\/product\/yoast-seo-wordpress\/ -->\n<title>Diktatura v\u0259 onun yalanlar\u0131 - MEYDAN.TV<\/title>\n<meta name=\"robots\" content=\"index, follow, max-snippet:-1, max-image-preview:large, max-video-preview:-1\" \/>\n<link rel=\"canonical\" href=\"https:\/\/www.meydan.tv\/az\/article\/diktatura-ve-onun-yalanlari\/\" \/>\n<meta property=\"og:locale\" content=\"az_AZ\" \/>\n<meta property=\"og:type\" content=\"article\" \/>\n<meta property=\"og:title\" content=\"Diktatura v\u0259 onun yalanlar\u0131 - MEYDAN.TV\" \/>\n<meta property=\"og:description\" content=\"Z\u0259ngl\u0259r kimin\u00e7\u00fcn s\u0259sl\u0259nir? Yaxud \u201cDoktor Moronun adas\u0131\u201d kimi\" \/>\n<meta property=\"og:url\" content=\"https:\/\/www.meydan.tv\/az\/article\/diktatura-ve-onun-yalanlari\/\" \/>\n<meta property=\"og:site_name\" content=\"MEYDAN.TV\" \/>\n<meta property=\"article:published_time\" content=\"2018-07-20T02:08:04+00:00\" \/>\n<meta property=\"og:image\" content=\"https:\/\/www.meydan.tv\/wp-content\/uploads\/26416.jpg\" \/>\n\t<meta property=\"og:image:width\" content=\"1280\" \/>\n\t<meta property=\"og:image:height\" content=\"843\" \/>\n\t<meta property=\"og:image:type\" content=\"image\/jpeg\" \/>\n<meta name=\"author\" content=\"user-manager\" \/>\n<meta name=\"twitter:card\" content=\"summary_large_image\" \/>\n<script type=\"application\/ld+json\" class=\"yoast-schema-graph\">{\"@context\":\"https:\\\/\\\/schema.org\",\"@graph\":[{\"@type\":\"Article\",\"@id\":\"https:\\\/\\\/www.meydan.tv\\\/az\\\/article\\\/diktatura-ve-onun-yalanlari\\\/#article\",\"isPartOf\":{\"@id\":\"https:\\\/\\\/www.meydan.tv\\\/az\\\/article\\\/diktatura-ve-onun-yalanlari\\\/\"},\"author\":{\"name\":\"user-manager\",\"@id\":\"https:\\\/\\\/www.meydan.tv\\\/az\\\/#\\\/schema\\\/person\\\/10d11eccf6da3662cf5fdab9806ea91a\"},\"headline\":\"Diktatura v\u0259 onun yalanlar\u0131\",\"datePublished\":\"2018-07-20T02:08:04+00:00\",\"mainEntityOfPage\":{\"@id\":\"https:\\\/\\\/www.meydan.tv\\\/az\\\/article\\\/diktatura-ve-onun-yalanlari\\\/\"},\"wordCount\":1379,\"publisher\":{\"@id\":\"https:\\\/\\\/www.meydan.tv\\\/az\\\/#organization\"},\"image\":{\"@id\":\"https:\\\/\\\/www.meydan.tv\\\/az\\\/article\\\/diktatura-ve-onun-yalanlari\\\/#primaryimage\"},\"thumbnailUrl\":\"https:\\\/\\\/www.meydan.tv\\\/wp-content\\\/uploads\\\/26416.jpg\",\"articleSection\":[\"M\u0259nim Fikrimc\u0259\"],\"inLanguage\":\"az\"},{\"@type\":\"WebPage\",\"@id\":\"https:\\\/\\\/www.meydan.tv\\\/az\\\/article\\\/diktatura-ve-onun-yalanlari\\\/\",\"url\":\"https:\\\/\\\/www.meydan.tv\\\/az\\\/article\\\/diktatura-ve-onun-yalanlari\\\/\",\"name\":\"Diktatura v\u0259 onun yalanlar\u0131 - MEYDAN.TV\",\"isPartOf\":{\"@id\":\"https:\\\/\\\/www.meydan.tv\\\/az\\\/#website\"},\"primaryImageOfPage\":{\"@id\":\"https:\\\/\\\/www.meydan.tv\\\/az\\\/article\\\/diktatura-ve-onun-yalanlari\\\/#primaryimage\"},\"image\":{\"@id\":\"https:\\\/\\\/www.meydan.tv\\\/az\\\/article\\\/diktatura-ve-onun-yalanlari\\\/#primaryimage\"},\"thumbnailUrl\":\"https:\\\/\\\/www.meydan.tv\\\/wp-content\\\/uploads\\\/26416.jpg\",\"datePublished\":\"2018-07-20T02:08:04+00:00\",\"breadcrumb\":{\"@id\":\"https:\\\/\\\/www.meydan.tv\\\/az\\\/article\\\/diktatura-ve-onun-yalanlari\\\/#breadcrumb\"},\"inLanguage\":\"az\",\"potentialAction\":[{\"@type\":\"ReadAction\",\"target\":[\"https:\\\/\\\/www.meydan.tv\\\/az\\\/article\\\/diktatura-ve-onun-yalanlari\\\/\"]}]},{\"@type\":\"ImageObject\",\"inLanguage\":\"az\",\"@id\":\"https:\\\/\\\/www.meydan.tv\\\/az\\\/article\\\/diktatura-ve-onun-yalanlari\\\/#primaryimage\",\"url\":\"https:\\\/\\\/www.meydan.tv\\\/wp-content\\\/uploads\\\/26416.jpg\",\"contentUrl\":\"https:\\\/\\\/www.meydan.tv\\\/wp-content\\\/uploads\\\/26416.jpg\",\"width\":1280,\"height\":843,\"caption\":\"Source:\"},{\"@type\":\"BreadcrumbList\",\"@id\":\"https:\\\/\\\/www.meydan.tv\\\/az\\\/article\\\/diktatura-ve-onun-yalanlari\\\/#breadcrumb\",\"itemListElement\":[{\"@type\":\"ListItem\",\"position\":1,\"name\":\"Ana s\u0259hif\u0259\",\"item\":\"https:\\\/\\\/www.meydan.tv\\\/az\\\/\"},{\"@type\":\"ListItem\",\"position\":2,\"name\":\"M\u0259nim Fikrimc\u0259\",\"item\":\"https:\\\/\\\/www.meydan.tv\\\/az\\\/section\\\/menim-fikrimce\\\/\"},{\"@type\":\"ListItem\",\"position\":3,\"name\":\"Diktatura v\u0259 onun yalanlar\u0131\"}]},{\"@type\":\"WebSite\",\"@id\":\"https:\\\/\\\/www.meydan.tv\\\/az\\\/#website\",\"url\":\"https:\\\/\\\/www.meydan.tv\\\/az\\\/\",\"name\":\"MEYDAN.TV\",\"description\":\"Meydan TV Az\u0259rbaycan\u0131n media m\u0259kan\u0131ndak\u0131 alternativ s\u0259sidir\",\"publisher\":{\"@id\":\"https:\\\/\\\/www.meydan.tv\\\/az\\\/#organization\"},\"potentialAction\":[{\"@type\":\"SearchAction\",\"target\":{\"@type\":\"EntryPoint\",\"urlTemplate\":\"https:\\\/\\\/www.meydan.tv\\\/az\\\/?s={search_term_string}\"},\"query-input\":{\"@type\":\"PropertyValueSpecification\",\"valueRequired\":true,\"valueName\":\"search_term_string\"}}],\"inLanguage\":\"az\"},{\"@type\":\"Organization\",\"@id\":\"https:\\\/\\\/www.meydan.tv\\\/az\\\/#organization\",\"name\":\"Meydan TV\",\"url\":\"https:\\\/\\\/www.meydan.tv\\\/az\\\/\",\"logo\":{\"@type\":\"ImageObject\",\"inLanguage\":\"az\",\"@id\":\"https:\\\/\\\/www.meydan.tv\\\/az\\\/#\\\/schema\\\/logo\\\/image\\\/\",\"url\":\"https:\\\/\\\/www.meydan.tv\\\/wp-content\\\/uploads\\\/2021\\\/07\\\/meydan-logo.svg\",\"contentUrl\":\"https:\\\/\\\/www.meydan.tv\\\/wp-content\\\/uploads\\\/2021\\\/07\\\/meydan-logo.svg\",\"width\":195,\"height\":46,\"caption\":\"Meydan TV\"},\"image\":{\"@id\":\"https:\\\/\\\/www.meydan.tv\\\/az\\\/#\\\/schema\\\/logo\\\/image\\\/\"}},{\"@type\":\"Person\",\"@id\":\"https:\\\/\\\/www.meydan.tv\\\/az\\\/#\\\/schema\\\/person\\\/10d11eccf6da3662cf5fdab9806ea91a\",\"name\":\"user-manager\"}]}<\/script>\n<!-- \/ Yoast SEO plugin. -->","yoast_head_json":{"title":"Diktatura v\u0259 onun yalanlar\u0131 - MEYDAN.TV","robots":{"index":"index","follow":"follow","max-snippet":"max-snippet:-1","max-image-preview":"max-image-preview:large","max-video-preview":"max-video-preview:-1"},"canonical":"https:\/\/www.meydan.tv\/az\/article\/diktatura-ve-onun-yalanlari\/","og_locale":"az_AZ","og_type":"article","og_title":"Diktatura v\u0259 onun yalanlar\u0131 - MEYDAN.TV","og_description":"Z\u0259ngl\u0259r kimin\u00e7\u00fcn s\u0259sl\u0259nir? Yaxud \u201cDoktor Moronun adas\u0131\u201d kimi","og_url":"https:\/\/www.meydan.tv\/az\/article\/diktatura-ve-onun-yalanlari\/","og_site_name":"MEYDAN.TV","article_published_time":"2018-07-20T02:08:04+00:00","og_image":[{"width":1280,"height":843,"url":"https:\/\/www.meydan.tv\/wp-content\/uploads\/26416.jpg","type":"image\/jpeg"}],"author":"user-manager","twitter_card":"summary_large_image","schema":{"@context":"https:\/\/schema.org","@graph":[{"@type":"Article","@id":"https:\/\/www.meydan.tv\/az\/article\/diktatura-ve-onun-yalanlari\/#article","isPartOf":{"@id":"https:\/\/www.meydan.tv\/az\/article\/diktatura-ve-onun-yalanlari\/"},"author":{"name":"user-manager","@id":"https:\/\/www.meydan.tv\/az\/#\/schema\/person\/10d11eccf6da3662cf5fdab9806ea91a"},"headline":"Diktatura v\u0259 onun yalanlar\u0131","datePublished":"2018-07-20T02:08:04+00:00","mainEntityOfPage":{"@id":"https:\/\/www.meydan.tv\/az\/article\/diktatura-ve-onun-yalanlari\/"},"wordCount":1379,"publisher":{"@id":"https:\/\/www.meydan.tv\/az\/#organization"},"image":{"@id":"https:\/\/www.meydan.tv\/az\/article\/diktatura-ve-onun-yalanlari\/#primaryimage"},"thumbnailUrl":"https:\/\/www.meydan.tv\/wp-content\/uploads\/26416.jpg","articleSection":["M\u0259nim Fikrimc\u0259"],"inLanguage":"az"},{"@type":"WebPage","@id":"https:\/\/www.meydan.tv\/az\/article\/diktatura-ve-onun-yalanlari\/","url":"https:\/\/www.meydan.tv\/az\/article\/diktatura-ve-onun-yalanlari\/","name":"Diktatura v\u0259 onun yalanlar\u0131 - MEYDAN.TV","isPartOf":{"@id":"https:\/\/www.meydan.tv\/az\/#website"},"primaryImageOfPage":{"@id":"https:\/\/www.meydan.tv\/az\/article\/diktatura-ve-onun-yalanlari\/#primaryimage"},"image":{"@id":"https:\/\/www.meydan.tv\/az\/article\/diktatura-ve-onun-yalanlari\/#primaryimage"},"thumbnailUrl":"https:\/\/www.meydan.tv\/wp-content\/uploads\/26416.jpg","datePublished":"2018-07-20T02:08:04+00:00","breadcrumb":{"@id":"https:\/\/www.meydan.tv\/az\/article\/diktatura-ve-onun-yalanlari\/#breadcrumb"},"inLanguage":"az","potentialAction":[{"@type":"ReadAction","target":["https:\/\/www.meydan.tv\/az\/article\/diktatura-ve-onun-yalanlari\/"]}]},{"@type":"ImageObject","inLanguage":"az","@id":"https:\/\/www.meydan.tv\/az\/article\/diktatura-ve-onun-yalanlari\/#primaryimage","url":"https:\/\/www.meydan.tv\/wp-content\/uploads\/26416.jpg","contentUrl":"https:\/\/www.meydan.tv\/wp-content\/uploads\/26416.jpg","width":1280,"height":843,"caption":"Source:"},{"@type":"BreadcrumbList","@id":"https:\/\/www.meydan.tv\/az\/article\/diktatura-ve-onun-yalanlari\/#breadcrumb","itemListElement":[{"@type":"ListItem","position":1,"name":"Ana s\u0259hif\u0259","item":"https:\/\/www.meydan.tv\/az\/"},{"@type":"ListItem","position":2,"name":"M\u0259nim Fikrimc\u0259","item":"https:\/\/www.meydan.tv\/az\/section\/menim-fikrimce\/"},{"@type":"ListItem","position":3,"name":"Diktatura v\u0259 onun yalanlar\u0131"}]},{"@type":"WebSite","@id":"https:\/\/www.meydan.tv\/az\/#website","url":"https:\/\/www.meydan.tv\/az\/","name":"MEYDAN.TV","description":"Meydan TV Az\u0259rbaycan\u0131n media m\u0259kan\u0131ndak\u0131 alternativ s\u0259sidir","publisher":{"@id":"https:\/\/www.meydan.tv\/az\/#organization"},"potentialAction":[{"@type":"SearchAction","target":{"@type":"EntryPoint","urlTemplate":"https:\/\/www.meydan.tv\/az\/?s={search_term_string}"},"query-input":{"@type":"PropertyValueSpecification","valueRequired":true,"valueName":"search_term_string"}}],"inLanguage":"az"},{"@type":"Organization","@id":"https:\/\/www.meydan.tv\/az\/#organization","name":"Meydan TV","url":"https:\/\/www.meydan.tv\/az\/","logo":{"@type":"ImageObject","inLanguage":"az","@id":"https:\/\/www.meydan.tv\/az\/#\/schema\/logo\/image\/","url":"https:\/\/www.meydan.tv\/wp-content\/uploads\/2021\/07\/meydan-logo.svg","contentUrl":"https:\/\/www.meydan.tv\/wp-content\/uploads\/2021\/07\/meydan-logo.svg","width":195,"height":46,"caption":"Meydan TV"},"image":{"@id":"https:\/\/www.meydan.tv\/az\/#\/schema\/logo\/image\/"}},{"@type":"Person","@id":"https:\/\/www.meydan.tv\/az\/#\/schema\/person\/10d11eccf6da3662cf5fdab9806ea91a","name":"user-manager"}]}},"_links":{"self":[{"href":"https:\/\/www.meydan.tv\/az\/wp-json\/wp\/v2\/posts\/190923","targetHints":{"allow":["GET"]}}],"collection":[{"href":"https:\/\/www.meydan.tv\/az\/wp-json\/wp\/v2\/posts"}],"about":[{"href":"https:\/\/www.meydan.tv\/az\/wp-json\/wp\/v2\/types\/post"}],"author":[{"embeddable":true,"href":"https:\/\/www.meydan.tv\/az\/wp-json\/wp\/v2\/users\/11"}],"replies":[{"embeddable":true,"href":"https:\/\/www.meydan.tv\/az\/wp-json\/wp\/v2\/comments?post=190923"}],"version-history":[{"count":0,"href":"https:\/\/www.meydan.tv\/az\/wp-json\/wp\/v2\/posts\/190923\/revisions"}],"wp:featuredmedia":[{"embeddable":true,"href":"https:\/\/www.meydan.tv\/az\/wp-json\/wp\/v2\/media\/68895"}],"wp:attachment":[{"href":"https:\/\/www.meydan.tv\/az\/wp-json\/wp\/v2\/media?parent=190923"}],"wp:term":[{"taxonomy":"category","embeddable":true,"href":"https:\/\/www.meydan.tv\/az\/wp-json\/wp\/v2\/categories?post=190923"},{"taxonomy":"post_tag","embeddable":true,"href":"https:\/\/www.meydan.tv\/az\/wp-json\/wp\/v2\/tags?post=190923"}],"curies":[{"name":"wp","href":"https:\/\/api.w.org\/{rel}","templated":true}]}}