{"id":190874,"date":"2018-07-16T20:33:10","date_gmt":"2018-07-16T20:33:10","guid":{"rendered":"https:\/\/www.meydan.tv\/article\/daxili-azadliq\/"},"modified":"2018-07-16T20:33:10","modified_gmt":"2018-07-16T20:33:10","slug":"daxili-azadliq","status":"publish","type":"post","link":"https:\/\/www.meydan.tv\/az\/article\/daxili-azadliq\/","title":{"rendered":"Daxili azadl\u0131q"},"content":{"rendered":"<figure class=\"wp-block-image size-large\">\n  <img decoding=\"async\" src=\"https:\/\/www.meydan.tv\/az\/orxan-adigozel-3\/\" alt=\"Orxan Ad\u0131g\u00f6z\u0259l\" class=\"wp-image-95247\"\/><figcaption>\n    Orxan Ad\u0131g\u00f6z\u0259l<br \/>\n  <\/figcaption><\/figure>\n<p>\n  <i><br \/>\n    \u201cDaxil\u0259n azad o adamd\u0131r ki, onun i\u015fini itirm\u0259k qorxusu yoxdur\u201d<br \/>\n  <\/i>\n<\/p>\n<p>\n  <i><br \/>\n    Milan Kundera<br \/>\n  <\/i>\n<\/p>\n<p>\n  Azadl\u0131q n\u0259dir?\n<\/p>\n<p>\n  H\u0259r hans\u0131 m\u0259hdudiyy\u0259t\u0259, zorak\u0131l\u0131\u011fa, bo\u011fucu \u015f\u0259rtl\u0259r\u0259 v\u0259 t\u0259zyiql\u0259r\u0259 m\u0259ruz qalmadan, d\u00fc\u015f\u00fcnc\u0259 v\u0259 davran\u0131\u015f s\u0259rgil\u0259m\u0259k v\u0259ziyy\u0259tidir.\n<\/p>\n<p>\n  Azadl\u0131q anlay\u0131\u015f\u0131 \u2013 bu bar\u0259d\u0259 \u00e7ox sayda m\u00fcxt\u0259lif t\u0259yin formalar\u0131 m\u00f6vcuddur. Misal \u00fc\u00e7\u00fcn, \u0259xlaqi yana\u015fmada vacib \u015fey &#8211; irad\u0259 azadl\u0131\u011f\u0131n\u0131n olmas\u0131d\u0131r. F\u0259ls\u0259f\u0259d\u0259 is\u0259 azadl\u0131q he\u00e7 kimd\u0259n as\u0131l\u0131 olmadan \u00f6z arzu v\u0259 ist\u0259yin\u0259 uy\u011fun q\u0259rarlar verib, m\u00fcst\u0259qil se\u00e7\u0259 bilm\u0259k imkan\u0131 il\u0259 \u0259laq\u0259l\u0259ndirilir.\n<\/p>\n<p>\n  Azadl\u0131q konsepsiyas\u0131na h\u0259m\u00e7inin baza say\u0131lacaq &#8211; pozitiv, neqativ, irad\u0259 v\u0259 insan haqlar\u0131n\u0131 \u00fcmd\u0259 tutan azadl\u0131qlar da daxildir. Siyasi, iqtisadi, s\u00f6z azadl\u0131qlar\u0131 is\u0259 v\u0259t\u0259nda\u015f kimi m\u0259nsub oldu\u011fumuz d\u00f6vl\u0259tin konstitusiyas\u0131na uy\u011fun olaraq t\u0259nziml\u0259nir.\n<\/p>\n<p>\n  Biz insanlar, bir \u00e7ox universal v\u0259 f\u0259rdi azadl\u0131\u011f\u0131n oldu\u011fu d\u00fcnyada ya\u015fay\u0131r\u0131q. \u0130nsan t\u0259bi\u0259tc\u0259 azad varl\u0131qd\u0131r. \u00c7\u00fcnki biz, azad \u015f\u0259kild\u0259 yarad\u0131lm\u0131\u015f\u0131q.\n<\/p>\n<p>\n  Do\u011fuldu\u011fumuz vaxtdan da m\u00fcxt\u0259lif haqlarla b\u0259rab\u0259r azadl\u0131q imtiyaz\u0131na da sahib oluruq.\n<\/p>\n<p>\n  Biz\u0259 se\u00e7im imkan\u0131n\u0131n verilm\u0259si azadl\u0131\u011f\u0131n ni\u015fan\u0259sidir. Yax\u015f\u0131 v\u0259 pisi ay\u0131ra bilm\u0259k \u00fc\u00e7\u00fcn \u015f\u00fcur kimi unikal resursumuz v\u0259 bizi dig\u0259r canl\u0131lardan f\u0259rql\u0259ndir\u0259n \u0259sas \u00f6z\u0259llik say\u0131lan \u2013 t\u0259f\u0259kk\u00fcr ed\u0259 bilm\u0259k imkan\u0131m\u0131z var.\n<\/p>\n<p>\n  T\u0259f\u0259kk\u00fcr &#8211; intellektin f\u0259al formas\u0131 olmaqla b\u0259rab\u0259r, cisim v\u0259 hadis\u0259l\u0259r, eyni zamanda m\u00fcnasib\u0259tl\u0259r aras\u0131ndak\u0131 \u0259laq\u0259 v\u0259 qanunauy\u011funluqlardan \u0259qli n\u0259tic\u0259 \u00e7\u0131xarmaq qabiliyy\u0259ti say\u0131l\u0131r.\n<\/p>\n<p>\n  B\u0259z\u0259n deyirl\u0259r ki, bizi heyvanlardan f\u0259rql\u0259ndir\u0259n \u0259sas x\u00fcsusiyy\u0259t \u015f\u00fcurdur. Xeyr, \u0259f\u0259ndim! Bu g\u00fcn \u00f6z\u00fcm\u00fcz d\u0259 b\u0259zi hallarda heyvanlar\u0131n \u015f\u00fcurlu davran\u0131\u015flar\u0131n\u0131n canl\u0131 \u015fahidi ola bilirik. \u0130nternetd\u0259 d\u0259 bunu s\u00fcbut ed\u0259c\u0259k xeyli videosujet var. \u018fsas ciddi f\u0259rq m\u0259hz t\u0259f\u0259kk\u00fcrd\u00fcr!\n<\/p>\n<p>\n  Bir m\u0259s\u0259l\u0259d\u0259 var ki, h\u0259r k\u0259s t\u0259f\u0259kk\u00fcr etmir. Bel\u0259l\u0259ri sad\u0259c\u0259 bioloji h\u0259yat s\u00fcr\u0259n adamlard\u0131r. Onlar \u00fc\u00e7\u00fcn h\u0259yat yolu yem\u0259k s\u00fcfr\u0259si v\u0259 tualet aras\u0131nda olan m\u0259saf\u0259d\u0259n v\u0259 c\u00fctl\u0259\u015fm\u0259k \u00fc\u00e7\u00fcn istifad\u0259 olunan yataqdan ibar\u0259tdir.\n<\/p>\n<p>\n  T\u0259f\u0259kk\u00fcr ed\u0259 bil\u0259n insan anlay\u0131r ki, azadl\u0131q insana b\u0259x\u015f olunmu\u015f \u0259n d\u0259y\u0259rli nem\u0259tl\u0259rd\u0259n biridir. \u018fg\u0259r o, azadl\u0131\u011f\u0131n\u0131 itir\u0259rs\u0259, insanl\u0131\u011f\u0131n\u0131 da itirmi\u015f olacaq.<br \/>\n  <br \/>\n  Bernard \u015eou deyirdi ki, azadl\u0131q h\u0259m d\u0259 m\u0259suliyy\u0259t dem\u0259kdir, ona g\u00f6r\u0259 d\u0259 \u0259ks\u0259r adamlar ondan qorxur.\n<\/p>\n<p>\n  \u018ftraf\u0131m\u0131zda n\u0259 q\u0259d\u0259r m\u0259suliyy\u0259tli \u015f\u0259xs var? \u00c7ox az. Onlar defisitdil\u0259r. Ax\u0131 m\u0259suliyy\u0259tsiz olmaq asand\u0131r. S\u0259nin \u0259v\u0259zin\u0259 q\u0259rarlar\u0131 h\u00f6kum\u0259t, Allah, h\u0259yat yolda\u015f\u0131n v\u0259 qon\u015fun verir v\u0259 s\u0259n \u00f6z\u00fcn\u00fc ax\u0131na burax\u0131san. Bel\u0259c\u0259 ya\u015famaq \u201casan\u201d olur. Ancaq burda azadl\u0131qdan s\u00f6hb\u0259t ged\u0259 bilm\u0259z.\n<\/p>\n<p>\n  Bax\u0131n, m\u0259suliyy\u0259tli olmaq, q\u0259rar ver\u0259 bilm\u0259k qabiliyy\u0259ti, t\u0259f\u0259kk\u00fcr etm\u0259k hissi \u2013 b\u00fct\u00fcn bunlar azad adam\u0131n \u0259sas x\u00fcsusiyy\u0259tl\u0259ridir.\n<\/p>\n<p>\n  \u0130ndi is\u0259 m\u0259n \u201cdaxili azadl\u0131q\u201d bar\u0259d\u0259 yazaca\u011fam.\n<\/p>\n<p>\n  Daxili azadl\u0131q n\u0259dir?\n<\/p>\n<p>\n  Bu, insan\u0131n el\u0259 bir qabiliyy\u0259tidir ki, o, m\u00fcxt\u0259lif situasiyalarda \u00f6z imkanlar\u0131n\u0131 n\u0259z\u0259r\u0259 alaraq, \u015f\u00fcurlu \u015f\u0259kild\u0259 k\u0259nar t\u0259sirl\u0259r v\u0259 g\u00f6zl\u0259ntil\u0259rl\u0259 yox, \u00f6z f\u0259rdi, m\u00fcst\u0259qil \u0259m\u0259l v\u0259 davran\u0131\u015flar\u0131 il\u0259 ya\u015fay\u0131r.\n<\/p>\n<p>\n  Psixologiyada \u201csosial t\u0259zyiq\u201d faktoru var. Bu, el\u0259 bir hald\u0131r ki, s\u0259n n\u0259s\u0259 edirs\u0259n v\u0259 bunu s\u0131rf \u00f6z\u00fcn ist\u0259diyin \u00fc\u00e7\u00fcn yox, bunu s\u0259nd\u0259n g\u00f6zl\u0259dikl\u0259ri \u00fc\u00e7\u00fcn el\u0259m\u0259li olursan.\n<\/p>\n<p>\n  Bu \u201cfenomenin\u201d iki t\u0259r\u0259fi var:\n<\/p>\n<p>\n  Birincisi, sosial t\u0259zyiq bir insan\u0131 \u00e7ox yax\u015f\u0131 olma\u011fa, y\u00fcks\u0259lm\u0259y\u0259 t\u0259\u015fviq ed\u0259 bil\u0259r. Bu, onun yax\u015f\u0131 t\u0259r\u0259fidir. \u0130kinci t\u0259r\u0259f is\u0259 \u0259lb\u0259tt\u0259 xo\u015fag\u0259lm\u0259z hal yarad\u0131r. Bel\u0259 ki, h\u0259min t\u0259zyiq biz\u0259 \u00f6z h\u0259yat\u0131m\u0131z\u0131 ya\u015fama\u011fa imkan vermir v\u0259 biz daha \u00e7ox valideynl\u0259rimizin, dostlar\u0131m\u0131z\u0131n, qohum-qon\u015funun, sevgilimizin, bir s\u00f6zl\u0259, \u0259traf\u0131m\u0131z\u0131n ist\u0259diyi h\u0259yat\u0131 ya\u015fay\u0131r\u0131q.\n<\/p>\n<p>\n  U\u015faql\u0131qdan bizim daxili azadl\u0131\u011f\u0131m\u0131z bo\u011fulur. Bunu \u0259n \u00e7ox t\u0259rbiy\u0259ni d\u00fczg\u00fcn \u015f\u0259kild\u0259 ver\u0259 bilm\u0259y\u0259n valideynl\u0259r edirl\u0259r. \u201cO olmaz, bu olmaz\u201d, \u201conu el\u0259m\u0259, bunu el\u0259m\u0259\u201d &#8211; il\u0259 \u015f\u00fcurumuza yeridil\u0259n ifad\u0259l\u0259r biz b\u00f6y\u00fcd\u00fckd\u0259n sonra daxilimizd\u0259 b\u00f6y\u00fck bir h\u0259bsxanan\u0131n yaranmas\u0131na s\u0259b\u0259b olur.\n<\/p>\n<p>\n  Onu da deyim ki, ox\u015far ifad\u0259l\u0259ri e\u015fitdikd\u0259n sonra, \u201cniy\u0259 etm\u0259k olmaz\u201d sual\u0131 vers\u0259k, cavab bel\u0259 olur- \u201colmaz dedims\u0259, olmaz\u201d. Biz\u0259 he\u00e7 bir arqument verilmir.\n<\/p>\n<p>\n  Bizi \u00e7\u0259r\u00e7iv\u0259y\u0259 salmaqla yana\u015f\u0131, h\u0259m d\u0259 iyr\u0259nc m\u00fcqayis\u0259l\u0259rl\u0259 travmalar qazand\u0131r\u0131rlar. \u201cQon\u015funun o\u011fluna bax, nec\u0259 savadl\u0131d\u0131r\u201d, \u201cfilank\u0259sin q\u0131z\u0131 g\u00f6r evl\u0259ri nec\u0259 t\u0259miz y\u0131\u011f\u0131\u015fd\u0131r\u0131r\u201d v\u0259 s.\n<\/p>\n<p>\n  U\u015faql\u0131qdan biz\u0259 m\u00fcxt\u0259lif v\u0259ziyy\u0259tl\u0259rd\u0259 nec\u0259 davranmal\u0131 v\u0259 reaksiya verm\u0259li oldu\u011fumuzu dikt\u0259 edirl\u0259r. Bel\u0259c\u0259 insan yetkin ya\u015fa \u00e7atanda da, hadis\u0259l\u0259r qar\u015f\u0131s\u0131nda reaksiya v\u0259 davran\u0131\u015f m\u0259s\u0259l\u0259sind\u0259 standart \u015f\u0259kild\u0259 h\u0259r\u0259k\u0259t edir. O, sanki proqramla\u015fd\u0131r\u0131lm\u0131\u015f robotdur v\u0259 \u00f6z irad\u0259si yoxdur ki, se\u00e7im etsin. Bax, h\u0259min insanlar\u0131n daxili azadl\u0131\u011f\u0131 olmur.\n<\/p>\n<p>\n  N\u0259tic\u0259d\u0259 bel\u0259 insanlar b\u00f6y\u00fcd\u00fckd\u0259n sonra kompleksli, qorxaq v\u0259 aciz olurlar. Onlar m\u00fcdir, polis, M\u0130S m\u00fcdiri, bir s\u00f6zl\u0259, \u00f6zl\u0259rind\u0259n bir ranq yuxar\u0131 adamlar\u0131n qaba\u011f\u0131nda boynu v\u0259 belib\u00fck\u00fck halda olurlar.\n<\/p>\n<p>\n  A\u00e7\u0131\u011f\u0131, bizim he\u00e7 birimizin \u0259vv\u0259ld\u0259n sosial t\u0259zyiq\u0259 qar\u015f\u0131 haz\u0131r immunitetimiz olmur. \u018fg\u0259r biz d\u0259rk etm\u0259y\u0259 ba\u015flay\u0131r\u0131qsa ki, daxili azadl\u0131\u011f\u0131m\u0131z istismar olunur v\u0259 bunun qar\u015f\u0131s\u0131n\u0131 m\u00fctl\u0259q almaq laz\u0131md\u0131r, onda ciddi q\u0259rar verm\u0259k laz\u0131m g\u0259lir. Q\u0259rar ondan ibar\u0259tdir ki, biz\u0259 qar\u015f\u0131 olan sosial t\u0259zyiqin t\u0259sirini maksimum a\u015fa\u011f\u0131 ed\u0259c\u0259yik.\n<\/p>\n<p>\n  Buna g\u00f6r\u0259 \u0259traf\u0131m\u0131za diqq\u0259tl\u0259 baxmaq laz\u0131md\u0131r. Kiml\u0259r daim bizim h\u0259yat\u0131m\u0131za m\u00fcdaxil\u0259 etm\u0259kl\u0259 \u00f6m\u00fcr s\u00fcr\u00fcrl\u0259r?\n<\/p>\n<p>\n  \u015e\u0259xs\u0259n m\u0259n \u0259traf\u0131mda ciddi d\u0259yi\u015fiklikl\u0259r etmi\u015f\u0259m. M\u0259ni demotivasiya ed\u0259n, h\u0259v\u0259sd\u0259n salan dost v\u0259 qohumlardan \u00e7ox uzaqla\u015fm\u0131\u015fam. \u0130ndi dostluq ba\u011flar\u0131m olan insanlar \u00f6zl\u0259ri d\u0259 daxil\u0259n azad, m\u00fcst\u0259qil q\u0259rar ver\u0259 bil\u0259n v\u0259 tolerant adamlard\u0131r. B\u0259li, h\u0259min r\u0259ngli insanlar ba\u015fqalar\u0131n\u0131n h\u0259yat\u0131na burunlar\u0131n\u0131 soxma\u011f\u0131 \u00f6zl\u0259rin\u0259 ay\u0131b bilirl\u0259r.\n<\/p>\n<p>\n  Bel\u0259 etm\u0259kl\u0259 neqativ enerjinin, h\u0259min t\u0259zyiqin effektini kifay\u0259t q\u0259d\u0259r alm\u0131\u015fam. Neqativ dal\u011fa bloklan\u0131b.<br \/>\n  <br \/>\n  \u018ftrafla b\u0259rab\u0259r, m\u00fctl\u0259q g\u0259r\u0259k \u00f6z daxilimizd\u0259 d\u0259 ciddi profilaktika aparaq. Bunun \u00fc\u00e7\u00fcn daimi olaraq m\u00fcxt\u0259lif kitablar oxumaq, filml\u0259r izl\u0259m\u0259k, t\u0259liml\u0259r\u0259 getm\u0259k, bacard\u0131qca \u00e7ox s\u0259yah\u0259t el\u0259m\u0259k laz\u0131md\u0131r.\n<\/p>\n<p>\n  \u00d6z\u00fcn\u00fc inki\u015faf \u00e7ox vacibdir. \u0130nsan ist\u0259s\u0259 d\u0259yi\u015f\u0259 bil\u0259r.\n<\/p>\n<p>\n  Bilmir\u0259m diqq\u0259t el\u0259misiniz, ya yox, reytinq c\u0259h\u0259td\u0259n \u0259n yax\u015f\u0131 kitablarda v\u0259 filml\u0259rd\u0259 \u0259sas h\u0259d\u0259f daxili azadl\u0131\u011fa meyil olur. Hans\u0131 ki, ordak\u0131 q\u0259hr\u0259manlar mane\u0259l\u0259r\u0259 v\u0259 t\u0259zyiql\u0259r\u0259 baxmayaraq, \u0259h\u0259miyy\u0259tli v\u0259 c\u0259sar\u0259tli add\u0131mlar at\u0131rlar.\n<\/p>\n<p>\n  Daxili azadl\u0131q insana c\u0259sar\u0259t, motivasiya v\u0259 sonsuz sevgi enerjisi verir. Bel\u0259 \u015f\u0259xsl\u0259r h\u0259min sevgini payla\u015fma\u011f\u0131 da bacar\u0131rlar.\n<\/p>\n<p>\n  <b><br \/>\n    <i><br \/>\n      Yaz\u0131 m\u00fc\u0259llifin fikirl\u0259rini \u0259ks etdirir v\u0259 Meydan TV-nin m\u00f6vqeyi il\u0259 \u00fcst-\u00fcst\u0259 d\u00fc\u015fm\u0259y\u0259 bil\u0259r.<br \/>\n    <\/i><br \/>\n  <\/b><\/p>\n","protected":false},"excerpt":{"rendered":"<p>\u201cDaxil\u0259n azad o adamd\u0131r ki, onun i\u015fini itirm\u0259k qorxusu yoxdur\u201d<\/p>\n","protected":false},"author":11,"featured_media":95247,"comment_status":"closed","ping_status":"open","sticky":false,"template":"","format":"standard","meta":{"_acf_changed":false,"_sitemap_exclude":false,"_sitemap_priority":"","_sitemap_frequency":"","footnotes":""},"categories":[57],"tags":[],"class_list":["post-190874","post","type-post","status-publish","format-standard","has-post-thumbnail","hentry","category-menim-fikrimce","infinite-scroll-item","generate-columns","tablet-grid-50","mobile-grid-100","grid-parent","grid-33","no-featured-image-padding"],"acf":[],"yoast_head":"<!-- This site is optimized with the Yoast SEO plugin v27.4 - https:\/\/yoast.com\/product\/yoast-seo-wordpress\/ -->\n<title>Daxili azadl\u0131q - MEYDAN.TV<\/title>\n<meta name=\"robots\" content=\"index, follow, max-snippet:-1, max-image-preview:large, max-video-preview:-1\" \/>\n<link rel=\"canonical\" href=\"https:\/\/www.meydan.tv\/az\/article\/daxili-azadliq\/\" \/>\n<meta property=\"og:locale\" content=\"az_AZ\" \/>\n<meta property=\"og:type\" content=\"article\" \/>\n<meta property=\"og:title\" content=\"Daxili azadl\u0131q - MEYDAN.TV\" \/>\n<meta property=\"og:description\" content=\"\u201cDaxil\u0259n azad o adamd\u0131r ki, onun i\u015fini itirm\u0259k qorxusu yoxdur\u201d\" \/>\n<meta property=\"og:url\" content=\"https:\/\/www.meydan.tv\/az\/article\/daxili-azadliq\/\" \/>\n<meta property=\"og:site_name\" content=\"MEYDAN.TV\" \/>\n<meta property=\"article:published_time\" content=\"2018-07-16T20:33:10+00:00\" \/>\n<meta property=\"og:image\" content=\"https:\/\/www.meydan.tv\/wp-content\/uploads\/37636.jpg\" \/>\n\t<meta property=\"og:image:width\" content=\"2048\" \/>\n\t<meta property=\"og:image:height\" content=\"1365\" \/>\n\t<meta property=\"og:image:type\" content=\"image\/jpeg\" \/>\n<meta name=\"author\" content=\"user-manager\" \/>\n<meta name=\"twitter:card\" content=\"summary_large_image\" \/>\n<script type=\"application\/ld+json\" class=\"yoast-schema-graph\">{\"@context\":\"https:\\\/\\\/schema.org\",\"@graph\":[{\"@type\":\"Article\",\"@id\":\"https:\\\/\\\/www.meydan.tv\\\/az\\\/article\\\/daxili-azadliq\\\/#article\",\"isPartOf\":{\"@id\":\"https:\\\/\\\/www.meydan.tv\\\/az\\\/article\\\/daxili-azadliq\\\/\"},\"author\":{\"name\":\"user-manager\",\"@id\":\"https:\\\/\\\/www.meydan.tv\\\/az\\\/#\\\/schema\\\/person\\\/10d11eccf6da3662cf5fdab9806ea91a\"},\"headline\":\"Daxili azadl\u0131q\",\"datePublished\":\"2018-07-16T20:33:10+00:00\",\"mainEntityOfPage\":{\"@id\":\"https:\\\/\\\/www.meydan.tv\\\/az\\\/article\\\/daxili-azadliq\\\/\"},\"wordCount\":1417,\"publisher\":{\"@id\":\"https:\\\/\\\/www.meydan.tv\\\/az\\\/#organization\"},\"image\":{\"@id\":\"https:\\\/\\\/www.meydan.tv\\\/az\\\/article\\\/daxili-azadliq\\\/#primaryimage\"},\"thumbnailUrl\":\"https:\\\/\\\/www.meydan.tv\\\/wp-content\\\/uploads\\\/37636.jpg\",\"articleSection\":[\"M\u0259nim Fikrimc\u0259\"],\"inLanguage\":\"az\"},{\"@type\":\"WebPage\",\"@id\":\"https:\\\/\\\/www.meydan.tv\\\/az\\\/article\\\/daxili-azadliq\\\/\",\"url\":\"https:\\\/\\\/www.meydan.tv\\\/az\\\/article\\\/daxili-azadliq\\\/\",\"name\":\"Daxili azadl\u0131q - MEYDAN.TV\",\"isPartOf\":{\"@id\":\"https:\\\/\\\/www.meydan.tv\\\/az\\\/#website\"},\"primaryImageOfPage\":{\"@id\":\"https:\\\/\\\/www.meydan.tv\\\/az\\\/article\\\/daxili-azadliq\\\/#primaryimage\"},\"image\":{\"@id\":\"https:\\\/\\\/www.meydan.tv\\\/az\\\/article\\\/daxili-azadliq\\\/#primaryimage\"},\"thumbnailUrl\":\"https:\\\/\\\/www.meydan.tv\\\/wp-content\\\/uploads\\\/37636.jpg\",\"datePublished\":\"2018-07-16T20:33:10+00:00\",\"breadcrumb\":{\"@id\":\"https:\\\/\\\/www.meydan.tv\\\/az\\\/article\\\/daxili-azadliq\\\/#breadcrumb\"},\"inLanguage\":\"az\",\"potentialAction\":[{\"@type\":\"ReadAction\",\"target\":[\"https:\\\/\\\/www.meydan.tv\\\/az\\\/article\\\/daxili-azadliq\\\/\"]}]},{\"@type\":\"ImageObject\",\"inLanguage\":\"az\",\"@id\":\"https:\\\/\\\/www.meydan.tv\\\/az\\\/article\\\/daxili-azadliq\\\/#primaryimage\",\"url\":\"https:\\\/\\\/www.meydan.tv\\\/wp-content\\\/uploads\\\/37636.jpg\",\"contentUrl\":\"https:\\\/\\\/www.meydan.tv\\\/wp-content\\\/uploads\\\/37636.jpg\",\"width\":2048,\"height\":1365,\"caption\":\"Source:\"},{\"@type\":\"BreadcrumbList\",\"@id\":\"https:\\\/\\\/www.meydan.tv\\\/az\\\/article\\\/daxili-azadliq\\\/#breadcrumb\",\"itemListElement\":[{\"@type\":\"ListItem\",\"position\":1,\"name\":\"Ana s\u0259hif\u0259\",\"item\":\"https:\\\/\\\/www.meydan.tv\\\/az\\\/\"},{\"@type\":\"ListItem\",\"position\":2,\"name\":\"M\u0259nim Fikrimc\u0259\",\"item\":\"https:\\\/\\\/www.meydan.tv\\\/az\\\/section\\\/menim-fikrimce\\\/\"},{\"@type\":\"ListItem\",\"position\":3,\"name\":\"Daxili azadl\u0131q\"}]},{\"@type\":\"WebSite\",\"@id\":\"https:\\\/\\\/www.meydan.tv\\\/az\\\/#website\",\"url\":\"https:\\\/\\\/www.meydan.tv\\\/az\\\/\",\"name\":\"MEYDAN.TV\",\"description\":\"Meydan TV Az\u0259rbaycan\u0131n media m\u0259kan\u0131ndak\u0131 alternativ s\u0259sidir\",\"publisher\":{\"@id\":\"https:\\\/\\\/www.meydan.tv\\\/az\\\/#organization\"},\"potentialAction\":[{\"@type\":\"SearchAction\",\"target\":{\"@type\":\"EntryPoint\",\"urlTemplate\":\"https:\\\/\\\/www.meydan.tv\\\/az\\\/?s={search_term_string}\"},\"query-input\":{\"@type\":\"PropertyValueSpecification\",\"valueRequired\":true,\"valueName\":\"search_term_string\"}}],\"inLanguage\":\"az\"},{\"@type\":\"Organization\",\"@id\":\"https:\\\/\\\/www.meydan.tv\\\/az\\\/#organization\",\"name\":\"Meydan TV\",\"url\":\"https:\\\/\\\/www.meydan.tv\\\/az\\\/\",\"logo\":{\"@type\":\"ImageObject\",\"inLanguage\":\"az\",\"@id\":\"https:\\\/\\\/www.meydan.tv\\\/az\\\/#\\\/schema\\\/logo\\\/image\\\/\",\"url\":\"https:\\\/\\\/www.meydan.tv\\\/wp-content\\\/uploads\\\/2021\\\/07\\\/meydan-logo.svg\",\"contentUrl\":\"https:\\\/\\\/www.meydan.tv\\\/wp-content\\\/uploads\\\/2021\\\/07\\\/meydan-logo.svg\",\"width\":195,\"height\":46,\"caption\":\"Meydan TV\"},\"image\":{\"@id\":\"https:\\\/\\\/www.meydan.tv\\\/az\\\/#\\\/schema\\\/logo\\\/image\\\/\"}},{\"@type\":\"Person\",\"@id\":\"https:\\\/\\\/www.meydan.tv\\\/az\\\/#\\\/schema\\\/person\\\/10d11eccf6da3662cf5fdab9806ea91a\",\"name\":\"user-manager\"}]}<\/script>\n<!-- \/ Yoast SEO plugin. -->","yoast_head_json":{"title":"Daxili azadl\u0131q - MEYDAN.TV","robots":{"index":"index","follow":"follow","max-snippet":"max-snippet:-1","max-image-preview":"max-image-preview:large","max-video-preview":"max-video-preview:-1"},"canonical":"https:\/\/www.meydan.tv\/az\/article\/daxili-azadliq\/","og_locale":"az_AZ","og_type":"article","og_title":"Daxili azadl\u0131q - MEYDAN.TV","og_description":"\u201cDaxil\u0259n azad o adamd\u0131r ki, onun i\u015fini itirm\u0259k qorxusu yoxdur\u201d","og_url":"https:\/\/www.meydan.tv\/az\/article\/daxili-azadliq\/","og_site_name":"MEYDAN.TV","article_published_time":"2018-07-16T20:33:10+00:00","og_image":[{"width":2048,"height":1365,"url":"https:\/\/www.meydan.tv\/wp-content\/uploads\/37636.jpg","type":"image\/jpeg"}],"author":"user-manager","twitter_card":"summary_large_image","schema":{"@context":"https:\/\/schema.org","@graph":[{"@type":"Article","@id":"https:\/\/www.meydan.tv\/az\/article\/daxili-azadliq\/#article","isPartOf":{"@id":"https:\/\/www.meydan.tv\/az\/article\/daxili-azadliq\/"},"author":{"name":"user-manager","@id":"https:\/\/www.meydan.tv\/az\/#\/schema\/person\/10d11eccf6da3662cf5fdab9806ea91a"},"headline":"Daxili azadl\u0131q","datePublished":"2018-07-16T20:33:10+00:00","mainEntityOfPage":{"@id":"https:\/\/www.meydan.tv\/az\/article\/daxili-azadliq\/"},"wordCount":1417,"publisher":{"@id":"https:\/\/www.meydan.tv\/az\/#organization"},"image":{"@id":"https:\/\/www.meydan.tv\/az\/article\/daxili-azadliq\/#primaryimage"},"thumbnailUrl":"https:\/\/www.meydan.tv\/wp-content\/uploads\/37636.jpg","articleSection":["M\u0259nim Fikrimc\u0259"],"inLanguage":"az"},{"@type":"WebPage","@id":"https:\/\/www.meydan.tv\/az\/article\/daxili-azadliq\/","url":"https:\/\/www.meydan.tv\/az\/article\/daxili-azadliq\/","name":"Daxili azadl\u0131q - MEYDAN.TV","isPartOf":{"@id":"https:\/\/www.meydan.tv\/az\/#website"},"primaryImageOfPage":{"@id":"https:\/\/www.meydan.tv\/az\/article\/daxili-azadliq\/#primaryimage"},"image":{"@id":"https:\/\/www.meydan.tv\/az\/article\/daxili-azadliq\/#primaryimage"},"thumbnailUrl":"https:\/\/www.meydan.tv\/wp-content\/uploads\/37636.jpg","datePublished":"2018-07-16T20:33:10+00:00","breadcrumb":{"@id":"https:\/\/www.meydan.tv\/az\/article\/daxili-azadliq\/#breadcrumb"},"inLanguage":"az","potentialAction":[{"@type":"ReadAction","target":["https:\/\/www.meydan.tv\/az\/article\/daxili-azadliq\/"]}]},{"@type":"ImageObject","inLanguage":"az","@id":"https:\/\/www.meydan.tv\/az\/article\/daxili-azadliq\/#primaryimage","url":"https:\/\/www.meydan.tv\/wp-content\/uploads\/37636.jpg","contentUrl":"https:\/\/www.meydan.tv\/wp-content\/uploads\/37636.jpg","width":2048,"height":1365,"caption":"Source:"},{"@type":"BreadcrumbList","@id":"https:\/\/www.meydan.tv\/az\/article\/daxili-azadliq\/#breadcrumb","itemListElement":[{"@type":"ListItem","position":1,"name":"Ana s\u0259hif\u0259","item":"https:\/\/www.meydan.tv\/az\/"},{"@type":"ListItem","position":2,"name":"M\u0259nim Fikrimc\u0259","item":"https:\/\/www.meydan.tv\/az\/section\/menim-fikrimce\/"},{"@type":"ListItem","position":3,"name":"Daxili azadl\u0131q"}]},{"@type":"WebSite","@id":"https:\/\/www.meydan.tv\/az\/#website","url":"https:\/\/www.meydan.tv\/az\/","name":"MEYDAN.TV","description":"Meydan TV Az\u0259rbaycan\u0131n media m\u0259kan\u0131ndak\u0131 alternativ s\u0259sidir","publisher":{"@id":"https:\/\/www.meydan.tv\/az\/#organization"},"potentialAction":[{"@type":"SearchAction","target":{"@type":"EntryPoint","urlTemplate":"https:\/\/www.meydan.tv\/az\/?s={search_term_string}"},"query-input":{"@type":"PropertyValueSpecification","valueRequired":true,"valueName":"search_term_string"}}],"inLanguage":"az"},{"@type":"Organization","@id":"https:\/\/www.meydan.tv\/az\/#organization","name":"Meydan TV","url":"https:\/\/www.meydan.tv\/az\/","logo":{"@type":"ImageObject","inLanguage":"az","@id":"https:\/\/www.meydan.tv\/az\/#\/schema\/logo\/image\/","url":"https:\/\/www.meydan.tv\/wp-content\/uploads\/2021\/07\/meydan-logo.svg","contentUrl":"https:\/\/www.meydan.tv\/wp-content\/uploads\/2021\/07\/meydan-logo.svg","width":195,"height":46,"caption":"Meydan TV"},"image":{"@id":"https:\/\/www.meydan.tv\/az\/#\/schema\/logo\/image\/"}},{"@type":"Person","@id":"https:\/\/www.meydan.tv\/az\/#\/schema\/person\/10d11eccf6da3662cf5fdab9806ea91a","name":"user-manager"}]}},"_links":{"self":[{"href":"https:\/\/www.meydan.tv\/az\/wp-json\/wp\/v2\/posts\/190874","targetHints":{"allow":["GET"]}}],"collection":[{"href":"https:\/\/www.meydan.tv\/az\/wp-json\/wp\/v2\/posts"}],"about":[{"href":"https:\/\/www.meydan.tv\/az\/wp-json\/wp\/v2\/types\/post"}],"author":[{"embeddable":true,"href":"https:\/\/www.meydan.tv\/az\/wp-json\/wp\/v2\/users\/11"}],"replies":[{"embeddable":true,"href":"https:\/\/www.meydan.tv\/az\/wp-json\/wp\/v2\/comments?post=190874"}],"version-history":[{"count":0,"href":"https:\/\/www.meydan.tv\/az\/wp-json\/wp\/v2\/posts\/190874\/revisions"}],"wp:featuredmedia":[{"embeddable":true,"href":"https:\/\/www.meydan.tv\/az\/wp-json\/wp\/v2\/media\/95247"}],"wp:attachment":[{"href":"https:\/\/www.meydan.tv\/az\/wp-json\/wp\/v2\/media?parent=190874"}],"wp:term":[{"taxonomy":"category","embeddable":true,"href":"https:\/\/www.meydan.tv\/az\/wp-json\/wp\/v2\/categories?post=190874"},{"taxonomy":"post_tag","embeddable":true,"href":"https:\/\/www.meydan.tv\/az\/wp-json\/wp\/v2\/tags?post=190874"}],"curies":[{"name":"wp","href":"https:\/\/api.w.org\/{rel}","templated":true}]}}