{"id":190860,"date":"2018-07-15T19:24:33","date_gmt":"2018-07-15T19:24:33","guid":{"rendered":"https:\/\/www.meydan.tv\/article\/gence-hadiselerine-baxis-qaranliq-suallar\/"},"modified":"2018-07-15T19:24:33","modified_gmt":"2018-07-15T19:24:33","slug":"gence-hadiselerine-baxis-qaranliq-suallar","status":"publish","type":"post","link":"https:\/\/www.meydan.tv\/az\/article\/gence-hadiselerine-baxis-qaranliq-suallar\/","title":{"rendered":"G\u0259nc\u0259 hadis\u0259l\u0259rin\u0259 bax\u0131\u015f &#8211; Qaranl\u0131q suallar"},"content":{"rendered":"<figure class=\"wp-block-image size-large\">\n  <img decoding=\"async\" src=\"https:\/\/www.meydan.tv\/az\/106565\/\" alt=\"\" class=\"wp-image-106565\"\/><figcaption><\/figcaption><\/figure>\n<figure class=\"wp-block-image size-large\">\n  <img decoding=\"async\" src=\"https:\/\/www.meydan.tv\/az\/106565\/\" alt=\"\" class=\"wp-image-106565\"\/><figcaption><\/figcaption><\/figure>\n<p>\n  \u0130yulun 3-d\u0259 G\u0259nc\u0259 \u015e\u0259h\u0259r \u0130cra Hakimiyy\u0259tinin ba\u015f\u00e7\u0131s\u0131 Elmar V\u0259liyev\u0259 sui-q\u0259sd oldu. Yunis S\u0259f\u0259rov adl\u0131 \u015f\u0259xs hadis\u0259 il\u0259 ba\u011fl\u0131 t\u0259qsirli bilin\u0259r\u0259k saxlan\u0131ld\u0131. Sonra is\u0259 saxlan\u0131lan \u015f\u0259xsin i\u015fg\u0259nc\u0259y\u0259 m\u0259ruz qalmas\u0131n\u0131 \u0259ks etdir\u0259n fotog\u00f6r\u00fcnt\u00fcl\u0259r sosial \u015f\u0259b\u0259k\u0259l\u0259rd\u0259 yay\u0131lma\u011fa ba\u015flad\u0131.\n<\/p>\n<p>\n  Daxili \u0130\u015fl\u0259r Nazirliyi \u00f6nc\u0259 bunu inkar ets\u0259 d\u0259, polis idar\u0259sind\u0259ki etibarl\u0131 m\u0259nb\u0259l\u0259rd\u0259n \u0259ld\u0259 olunan m\u0259lumatlar \u0259sas\u0131nda m\u00fc\u0259yy\u0259nl\u0259\u015fdi ki, i\u015fg\u0259nc\u0259 prosesini G\u0259nc\u0259 Ba\u015f Polis \u0130dar\u0259sinin r\u0259isi Faiq \u015eabanovun qohumu v\u0259 g\u00fcv\u0259ndiyi \u015f\u0259xs, eyni zamanda h\u0259min idar\u0259nin cinay\u0259t axtar\u0131\u015f \u015f\u00f6b\u0259sinin r\u0259isi polkovnik-leytenant S\u0259rxan \u0130smay\u0131lov v\u0259 h\u0259min idar\u0259nin ba\u015f \u0259m\u0259liyyat m\u00fcv\u0259kkili Qorxmaz \u0130brahimov h\u0259yata ke\u00e7iribl\u0259r. D\u00f6y\u00fclm\u0259 anlar\u0131n\u0131 \u015f\u0259xs\u0259n \u00f6z telefonu il\u0259 \u00e7\u0259k\u0259n S\u0259rxan \u0130smay\u0131lov bu kadrlar\u0131 g\u00fcll\u0259l\u0259nmi\u015f Elmar V\u0259liyevin o\u011flu Elmir V\u0259liyev\u0259 v\u0259 onlar\u0131n b\u0259zi qohumlar\u0131na g\u00f6nd\u0259rib.\n<\/p>\n<figure class=\"wp-block-image size-large\">\n  <img decoding=\"async\" src=\"https:\/\/www.meydan.tv\/az\/yunis-seferovun-fotosunu-cekerken\/\" alt=\"Yunis S\u0259f\u0259rovun fotosunu \u00e7\u0259k\u0259rk\u0259n\" class=\"wp-image-106163\"\/><figcaption>\n    Yunis S\u0259f\u0259rovun fotosunu \u00e7\u0259k\u0259rk\u0259n<br \/>\n  <\/figcaption><\/figure>\n<p>\n  Sonradan bu fotolar \u00e7oxalaraq sosial \u015f\u0259b\u0259k\u0259l\u0259rd\u0259 yay\u0131ld\u0131. Yay\u0131lan fotolar sad\u0259 insanlar\u0131 qorxutmaq m\u0259qs\u0259dind\u0259n ba\u015fqa h\u0259m d\u0259, g\u00fcc strukturlar\u0131n\u0131n n\u00fcmay\u0259nd\u0259l\u0259rin\u0259 qar\u015f\u0131 nifr\u0259t v\u0259 hidd\u0259t yaratm\u0131\u015fd\u0131. M\u0259hz bunun n\u0259tic\u0259si idi ki, iyul ay\u0131n\u0131n 10-da ax\u015fam saat 20 rad\u0259l\u0259rind\u0259 G\u0259nc\u0259 \u0130cra Hakimiyy\u0259ti binas\u0131n\u0131n \u00f6n\u00fcn\u0259 topla\u015fanlarlar oldu.\n<\/p>\n<p>\n  Sonra n\u0259 ba\u015f verdi? Aksiya ba\u015flayan kimi kriminal al\u0259md\u0259 tan\u0131nan R\u0259\u015fad B\u00f6y\u00fckki\u015fiyev iki polis zabitini amans\u0131zcas\u0131na q\u0259tl\u0259 yetirdi. Bu \u015f\u0259xsin d\u0259f\u0259l\u0259rl\u0259 cinay\u0259t t\u00f6r\u0259tdiyi haqda (\u00f6z anas\u0131n\u0131n ba\u015f\u0131n\u0131 k\u0259sdiyi deyilir) m\u0259lumatlar yay\u0131l\u0131b. H\u0259min x\u0259b\u0259rl\u0259r\u0259 g\u00f6r\u0259, bir ne\u00e7\u0259 il h\u0259bs yat\u0131b, azadl\u0131\u011fa \u00e7\u0131xd\u0131qdan sonra quldurluq v\u0259 soy\u011fun\u00e7uluq madd\u0259l\u0259ri il\u0259 2 il axtar\u0131\u015fda olub (G\u0259nc\u0259 \u015e\u0259h\u0259r Polis \u0130dar\u0259si onun haqq\u0131nda axtar\u0131\u015f elan etmi\u015fdi) v\u0259 axtar\u0131\u015fda ola-ola t\u0259xmin\u0259n 7 ay \u0259vv\u0259l G\u00f6yg\u00f6l rayonunun Yeni Q\u0131z\u0131lca q\u0259s\u0259b\u0259sind\u0259 kriminal al\u0259min dig\u0259r \u00fczvl\u0259ri aras\u0131nda silahl\u0131 toqqu\u015fmada i\u015ftirak edib.\n<\/p>\n<p>\n  Maraql\u0131d\u0131r, G\u00f6yg\u00f6l Rayon Polis \u0130dar\u0259si t\u0259r\u0259find\u0259n bug\u00fcn\u0259 kimi axtar\u0131\u015fda olan R\u0259\u015fad B\u00f6y\u00fckki\u015fiyev nec\u0259s\u0259 aksiyaya qat\u0131la bilir v\u0259 insanlar\u0131n g\u00f6z\u00fc qar\u015f\u0131s\u0131nda, polisin m\u00fc\u015fayi\u0259ti il\u0259 (m\u00fcdaxil\u0259 olunmadan) 2 n\u0259f\u0259r y\u00fcks\u0259k\u00e7inli polis zabitini x\u0259nc\u0259rl\u0259 q\u0259tl\u0259 yetirir.\n<\/p>\n<p>\n  <b><br \/>\n    G\u0259nc\u0259 \u015e\u0259h\u0259r Polis \u0130dar\u0259sinin r\u0259isi Faiq \u015eabanovun izahat verm\u0259y\u0259 borclu oldu\u011fu m\u0259qamlar<br \/>\n  <\/b>\n<\/p>\n<p>\n  M\u0259lumata g\u00f6r\u0259, Yunis S\u0259f\u0259rov bir i\u015f \u00f6nc\u0259 &#8211; 22 iyun, 2017-ci ild\u0259 G\u0259nc\u0259nin K\u0259p\u0259z rayon \u0259razisind\u0259 yerl\u0259\u015f\u0259n \u201cKapital Bank\u201dda m\u00fchafiz\u0259\u00e7iy\u0259 zor t\u0259tbiq etm\u0259kl\u0259 odlu silah \u0259ld\u0259 edib. N\u0259 \u00fc\u00e7\u00fcn indiy\u0259d\u0259k bu cinay\u0259ti t\u00f6r\u0259tm\u0259kd\u0259 \u015f\u00fcbh\u0259li bilin\u0259n \u015f\u0259xsl\u0259 ba\u011fl\u0131 z\u0259ruri t\u0259dbirl\u0259r g\u00f6r\u00fclm\u0259yib?\n<\/p>\n<p>\n  Bir ne\u00e7\u0259 ay \u0259vv\u0259l Yunis S\u0259f\u0259rovun polis\u0259 at\u0259\u015f a\u00e7mas\u0131 (gec\u0259 saatlar\u0131nda) v\u0259 yen\u0259 d\u0259 yaxalanmadan G\u0259nc\u0259d\u0259 normal h\u0259yat\u0131n\u0131 ya\u015famas\u0131 G\u0259nc\u0259 polisinin yar\u0131tmaz f\u0259aliyy\u0259tind\u0259n x\u0259b\u0259r vermirmi? 1 il \u0259rzind\u0259 3 cinay\u0259t hadis\u0259si t\u00f6r\u0259tm\u0259kd\u0259 \u015f\u00fcbh\u0259li bilin\u0259n \u015f\u0259xs niy\u0259 indiy\u0259d\u0259k saxlan\u0131lmay\u0131b?\n<\/p>\n<p>\n  Ba\u015f Polis \u0130dar\u0259sinin ad\u0131n\u0131n \u00e7\u0259kilm\u0259sini ist\u0259m\u0259y\u0259n \u0259m\u0259kda\u015f\u0131n\u0131n verdiyi m\u0259lumatlarda o da qeyd olunur ki, bir ay bundan \u0259vv\u0259l D\u00f6vl\u0259t T\u0259hl\u00fck\u0259sizliyi Xidm\u0259tinin G\u0259nc\u0259 \u015e\u0259h\u0259r \u0130dar\u0259si icra ba\u015f\u00e7\u0131s\u0131na qar\u015f\u0131 sui-q\u0259sd t\u00f6r\u0259dilm\u0259sinin planla\u015fd\u0131r\u0131lmas\u0131 haqda m\u0259lumat \u0259ld\u0259 edib v\u0259 r\u0259smi olaraq G\u0259nc\u0259 Ba\u015f Polis \u0130dar\u0259sin\u0259 bildiri\u015f m\u0259ktubu g\u00f6nd\u0259rib. M\u0259nb\u0259 bildirir ki, bildiri\u015fi alan polis r\u0259isi Faiq \u015eabanov deyib ki, \u201cbunu (Elmar V\u0259liyev n\u0259z\u0259rd\u0259 tutulur) vursayd\u0131lar, can\u0131m\u0131z qurtarard\u0131\u201d.\n<\/p>\n<p>\n  B\u0259s v\u0259zif\u0259 ba\u015f\u0131nda olan r\u0259is bildiri\u015fi alandan sonra hans\u0131 t\u0259dbirl\u0259ri g\u00f6r\u00fcb?\n<\/p>\n<p>\n  Polisd\u0259ki etibarl\u0131 m\u0259nb\u0259 onu da \u0259lav\u0259 edir ki, Yunis S\u0259f\u0259rovun \u201cKapital Bank\u201dda t\u00f6r\u0259tdiyi cinay\u0259t hadis\u0259sind\u0259n bir ne\u00e7\u0259 g\u00fcn sonra Hamlet Ramiz o\u011flu Abdullayev adl\u0131 \u015f\u0259xs polis\u0259 g\u0259l\u0259r\u0259k cinay\u0259t t\u00f6r\u0259d\u0259n \u015f\u0259xsi tan\u0131d\u0131\u011f\u0131n\u0131 deyib, onun kimliyi haqda r\u0259smi m\u0259lumat verib. Daha sonra qald\u0131r\u0131lm\u0131\u015f cinay\u0259t i\u015fi il\u0259 \u0259laq\u0259dar Ba\u015f Polis \u0130dar\u0259sinin m\u00fcst\u0259ntiqi Amil Abbasov bu \u015f\u0259xsd\u0259n yaz\u0131l\u0131 izahat al\u0131b. H.Abdullayev izahat\u0131nda bildirib ki, \u201cKapital Bank\u201ddak\u0131 hadis\u0259ni t\u00f6r\u0259tm\u0259mi\u015fd\u0259n \u0259vv\u0259l s\u00f6hb\u0259t \u0259snas\u0131nda Yunis S\u0259f\u0259rov qeyd edib ki, silah \u0259ld\u0259 edib icra ba\u015f\u00e7\u0131s\u0131 Elmar V\u0259liyevi vuracaq. \u00c7\u00fcnki o insanlara z\u00fclm edir v\u0259 ham\u0131n\u0131 bo\u011faza y\u0131\u011f\u0131b.\n<\/p>\n<figure class=\"wp-block-image size-large\">\n  <img decoding=\"async\" src=\"https:\/\/www.meydan.tv\/az\/yunis-seferova-isgence-verilen-zaman\/\" alt=\"Yunis S\u0259f\u0259rova i\u015fg\u0259nc\u0259 veril\u0259n zaman\" class=\"wp-image-106571\"\/><figcaption>\n    Yunis S\u0259f\u0259rova i\u015fg\u0259nc\u0259 veril\u0259n zaman<br \/>\n  <\/figcaption><\/figure>\n<p>\n  H\u0259min \u0259r\u0259f\u0259d\u0259, iyulun 2-d\u0259 polisin pe\u015f\u0259 bayram\u0131 qeyd olunmal\u0131 idi. \u00d6t\u0259n il bu m\u0259lumat \u0259ld\u0259 olunduqdan sonra G\u0259nc\u0259d\u0259 Polis G\u00fcn\u00fc qeyd olunmay\u0131b. Ad\u0259t\u0259n 2017-ci il\u0259 kimi G\u0259nc\u0259d\u0259 bu bayram t\u0259nt\u0259n\u0259li \u015f\u0259kild\u0259 qeyd olunurdu.\n<\/p>\n<p>\n  Maraql\u0131 m\u0259qamlardan biri &#8211; Elmar V\u0259liyev\u0259 sui-q\u0259sdd\u0259n sonra hadis\u0259 haqq\u0131nda \u00f6nc\u0259d\u0259n polisi m\u0259lumatland\u0131ran Hamlet Abdullayevin ya\u015fad\u0131\u011f\u0131 m\u0259nzild\u0259n silah v\u0259 narkotik madd\u0259 \u201c\u00e7\u0131x\u0131b\u201d v\u0259 o, h\u0259bs edilib. Ehtimal olunur ki, G\u0259nc\u0259 polisi bu c\u00fcr m\u0259lumatlar\u0131n Hamlet Abdullayev t\u0259r\u0259find\u0259n yay\u0131lmas\u0131n\u0131n qar\u015f\u0131s\u0131n\u0131 almaq \u00fc\u00e7\u00fcn bu add\u0131m\u0131 at\u0131b.\n<\/p>\n<p>\n  Niy\u0259 iyulun 10-da aksiyan\u0131n ke\u00e7iril\u0259c\u0259yi il\u0259 ba\u011fl\u0131 sosial \u015f\u0259b\u0259k\u0259l\u0259rd\u0259 \u00e7a\u011f\u0131r\u0131\u015flar edilm\u0259sin\u0259, m\u0259lumatlar yay\u0131lmas\u0131na baxmayaraq, h\u0259min \u0259raziy\u0259 t\u0259hkim olunmu\u015f polisl\u0259r he\u00e7 bir m\u00fcdafi\u0259 geyimi geyinm\u0259d\u0259n, m\u00fclk\u00fc geyimd\u0259 v\u0259 silahs\u0131z \u0259raziy\u0259 \u00e7\u0131xar\u0131lm\u0131\u015fd\u0131? Bu \u0259mri, yaxud tap\u015f\u0131r\u0131\u011f\u0131 G\u0259nc\u0259 Polis \u0130dar\u0259sinin r\u0259isi Faiq \u015eabanov kimd\u0259n v\u0259 n\u0259 vaxt alm\u0131\u015fd\u0131? Elmar V\u0259liyev\u0259 sui-q\u0259sd olan zaman \u0259raziy\u0259 d\u0259rhal 2 yan\u011f\u0131ns\u00f6nd\u00fcr\u0259n v\u0259 t\u0259cili tibbi yard\u0131m ma\u015f\u0131nlar\u0131 g\u0259ldiyi halda, aksiya g\u00fcn\u00fc h\u0259r ehtimala qar\u015f\u0131 \u015f\u0259h\u0259r r\u0259isi niy\u0259 \u0259vv\u0259lc\u0259d\u0259n t\u0259dbir g\u00f6r\u00fcb \u0259raziy\u0259 ambulans \u00e7a\u011f\u0131rmam\u0131\u015fd\u0131? Bunun n\u0259tic\u0259si olaraq polis polkovnik-leytenant\u0131 S\u0259m\u0259d Abbasov yaralanark\u0259n qan\u0131 axa-axa t\u0259xmin\u0259n 100 metr m\u0259saf\u0259ni piyada q\u0259t ed\u0259r\u0259k yola \u00e7\u0131x\u0131b, avtomobill\u0259 x\u0259st\u0259xanaya \u00e7atd\u0131r\u0131lana kimi qan itkisind\u0259n h\u0259yat\u0131n\u0131 itirib. Bunu polis polkovnikinin q\u0259tl edildiyi yerd\u0259n avtomobil\u0259 \u00e7atd\u0131r\u0131ld\u0131\u011f\u0131 yer\u0259 q\u0259d\u0259r olan m\u0259saf\u0259d\u0259 itirdiyi qan l\u0259k\u0259l\u0259rinin izl\u0259ri dem\u0259y\u0259 \u0259sas verir.\n<\/p>\n<p>\n  \u018fld\u0259 olunan m\u0259lumatlar\u0131 t\u0259hlil ed\u0259rk\u0259n ayd\u0131n olur ki, ba\u015f vermi\u015f bu hadis\u0259l\u0259rin \u0259slind\u0259 radikal, yaxud qeyri-radikal dini qruplarla he\u00e7 bir \u0259laq\u0259si yoxdur. B\u00fct\u00fcn bunlar G\u0259nc\u0259 icra strukturlar\u0131n\u0131n, G\u0259nc\u0259 polisinin \u00f6zba\u015f\u0131na f\u0259aliyy\u0259ti, yar\u0131tmaz i\u015fl\u0259rin, yaxud da ald\u0131qlar\u0131 hans\u0131sa tap\u015f\u0131r\u0131\u011f\u0131n bariz n\u00fcmun\u0259l\u0259ridir.\n<\/p>\n<p>\n  Hadis\u0259l\u0259rin m\u0259ntiqi inki\u015faf\u0131n\u0131n fonuna diqq\u0259tl\u0259 baxanda ayd\u0131n g\u00f6r\u00fcn\u00fcr ki, Elmar V\u0259liyev G\u0259nc\u0259y\u0259 \u0130cra hakimiyy\u0259tinin ba\u015f\u00e7\u0131s\u0131 t\u0259yin edildikd\u0259n sonra (7 ildir) bu xo\u015fag\u0259lm\u0259z hallar\u0131n \u0259sas\u0131 qoyulub. G\u0259nc\u0259nin ke\u00e7mi\u015f polis r\u0259isi Rasim Musayevin \u00f6z\u00fc d\u0259 Elmar V\u0259liyevl\u0259 anla\u015fa bilm\u0259yib, ikinciy\u0259 fiziki g\u00fcc t\u0259tbiq edib. Prezident \u0130lham \u018fliyevin \u00f6z\u00fc bel\u0259 m\u00fc\u015favir\u0259d\u0259 Elmar V\u0259liyevi iltizama d\u0259v\u0259t edib v\u0259 onu \u00f6z\u00fcn\u00fc v\u0259 idar\u0259 metodunu d\u0259yi\u015fm\u0259y\u0259c\u0259yi halda c\u0259zaland\u0131r\u0131laca\u011f\u0131n\u0131<br \/>\n  <a href=\"http:\/\/www.mia.az\/w40054\/G%C9%99nc%C9%99nin_icra_ba%C5%9F%C3%A7%C4%B1s%C4%B1_Elmar_V%C9%99liyevin_konfrasdan_sonra_s%C9%99hh%C9%99ti_q%C9%99fild%C9%99n_pisl%C9%99%C5%9Fib_-_Yenil%C9%99nib\/\" target=\"_blank\" rel=\"noopener\"><br \/>\n    deyib<br \/>\n  <\/a><br \/>\n  . Bundan ba\u015fqa, G\u0259nc\u0259nin akademik v\u0259 ziyal\u0131 \u00e7evr\u0259sini h\u0259r m\u0259qamda t\u0259hqir etm\u0259kd\u0259n, insanlar\u0131n m\u00fclkiyy\u0259t h\u00fcququnu pozmaqdan \u00e7\u0259kinm\u0259y\u0259n, sahibkarlar\u0131n normal i\u015fl\u0259m\u0259sin\u0259 imkan verm\u0259y\u0259n icra ba\u015f\u00e7\u0131s\u0131 haqda m\u0259tbuatda y\u00fczl\u0259rl\u0259 \u015fikay\u0259tl\u0259r var. M\u00fclkiyy\u0259t h\u00fcquqlar\u0131n\u0131n pozulmas\u0131 il\u0259 \u0259laq\u0259dar ill\u0259rl\u0259 davam ed\u0259n onlarla m\u0259hk\u0259m\u0259 \u00e7\u0259ki\u015fm\u0259l\u0259ri d\u0259 diqq\u0259t\u00e7\u0259k\u0259ndir.<\/p>\n","protected":false},"excerpt":{"rendered":"<p>Sonra n\u0259 ba\u015f verdi? Aksiya ba\u015flayan kimi kriminal al\u0259md\u0259 tan\u0131nan R\u0259\u015fad B\u00f6y\u00fckki\u015fiyev iki polis zabitini amans\u0131zcas\u0131na q\u0259tl\u0259 yetirdi.<\/p>\n","protected":false},"author":11,"featured_media":106565,"comment_status":"closed","ping_status":"open","sticky":false,"template":"","format":"standard","meta":{"_acf_changed":false,"_sitemap_exclude":false,"_sitemap_priority":"","_sitemap_frequency":"","footnotes":""},"categories":[57],"tags":[],"class_list":["post-190860","post","type-post","status-publish","format-standard","has-post-thumbnail","hentry","category-menim-fikrimce","infinite-scroll-item","generate-columns","tablet-grid-50","mobile-grid-100","grid-parent","grid-33","no-featured-image-padding"],"acf":[],"yoast_head":"<!-- This site is optimized with the Yoast SEO plugin v27.4 - https:\/\/yoast.com\/product\/yoast-seo-wordpress\/ -->\n<title>G\u0259nc\u0259 hadis\u0259l\u0259rin\u0259 bax\u0131\u015f - Qaranl\u0131q suallar - MEYDAN.TV<\/title>\n<meta name=\"robots\" content=\"index, follow, max-snippet:-1, max-image-preview:large, max-video-preview:-1\" \/>\n<link rel=\"canonical\" href=\"https:\/\/www.meydan.tv\/az\/article\/gence-hadiselerine-baxis-qaranliq-suallar\/\" \/>\n<meta property=\"og:locale\" content=\"az_AZ\" \/>\n<meta property=\"og:type\" content=\"article\" \/>\n<meta property=\"og:title\" content=\"G\u0259nc\u0259 hadis\u0259l\u0259rin\u0259 bax\u0131\u015f - Qaranl\u0131q suallar - MEYDAN.TV\" \/>\n<meta property=\"og:description\" content=\"Sonra n\u0259 ba\u015f verdi? Aksiya ba\u015flayan kimi kriminal al\u0259md\u0259 tan\u0131nan R\u0259\u015fad B\u00f6y\u00fckki\u015fiyev iki polis zabitini amans\u0131zcas\u0131na q\u0259tl\u0259 yetirdi.\" \/>\n<meta property=\"og:url\" content=\"https:\/\/www.meydan.tv\/az\/article\/gence-hadiselerine-baxis-qaranliq-suallar\/\" \/>\n<meta property=\"og:site_name\" content=\"MEYDAN.TV\" \/>\n<meta property=\"article:published_time\" content=\"2018-07-15T19:24:33+00:00\" \/>\n<meta property=\"og:image\" content=\"https:\/\/www.meydan.tv\/wp-content\/uploads\/42330.jpg\" \/>\n\t<meta property=\"og:image:width\" content=\"670\" \/>\n\t<meta property=\"og:image:height\" content=\"335\" \/>\n\t<meta property=\"og:image:type\" content=\"image\/jpeg\" \/>\n<meta name=\"author\" content=\"user-manager\" \/>\n<meta name=\"twitter:card\" content=\"summary_large_image\" \/>\n<script type=\"application\/ld+json\" class=\"yoast-schema-graph\">{\"@context\":\"https:\\\/\\\/schema.org\",\"@graph\":[{\"@type\":\"Article\",\"@id\":\"https:\\\/\\\/www.meydan.tv\\\/az\\\/article\\\/gence-hadiselerine-baxis-qaranliq-suallar\\\/#article\",\"isPartOf\":{\"@id\":\"https:\\\/\\\/www.meydan.tv\\\/az\\\/article\\\/gence-hadiselerine-baxis-qaranliq-suallar\\\/\"},\"author\":{\"name\":\"user-manager\",\"@id\":\"https:\\\/\\\/www.meydan.tv\\\/az\\\/#\\\/schema\\\/person\\\/10d11eccf6da3662cf5fdab9806ea91a\"},\"headline\":\"G\u0259nc\u0259 hadis\u0259l\u0259rin\u0259 bax\u0131\u015f &#8211; Qaranl\u0131q suallar\",\"datePublished\":\"2018-07-15T19:24:33+00:00\",\"mainEntityOfPage\":{\"@id\":\"https:\\\/\\\/www.meydan.tv\\\/az\\\/article\\\/gence-hadiselerine-baxis-qaranliq-suallar\\\/\"},\"wordCount\":1505,\"publisher\":{\"@id\":\"https:\\\/\\\/www.meydan.tv\\\/az\\\/#organization\"},\"image\":{\"@id\":\"https:\\\/\\\/www.meydan.tv\\\/az\\\/article\\\/gence-hadiselerine-baxis-qaranliq-suallar\\\/#primaryimage\"},\"thumbnailUrl\":\"https:\\\/\\\/www.meydan.tv\\\/wp-content\\\/uploads\\\/42330.jpg\",\"articleSection\":[\"M\u0259nim Fikrimc\u0259\"],\"inLanguage\":\"az\"},{\"@type\":\"WebPage\",\"@id\":\"https:\\\/\\\/www.meydan.tv\\\/az\\\/article\\\/gence-hadiselerine-baxis-qaranliq-suallar\\\/\",\"url\":\"https:\\\/\\\/www.meydan.tv\\\/az\\\/article\\\/gence-hadiselerine-baxis-qaranliq-suallar\\\/\",\"name\":\"G\u0259nc\u0259 hadis\u0259l\u0259rin\u0259 bax\u0131\u015f - Qaranl\u0131q suallar - MEYDAN.TV\",\"isPartOf\":{\"@id\":\"https:\\\/\\\/www.meydan.tv\\\/az\\\/#website\"},\"primaryImageOfPage\":{\"@id\":\"https:\\\/\\\/www.meydan.tv\\\/az\\\/article\\\/gence-hadiselerine-baxis-qaranliq-suallar\\\/#primaryimage\"},\"image\":{\"@id\":\"https:\\\/\\\/www.meydan.tv\\\/az\\\/article\\\/gence-hadiselerine-baxis-qaranliq-suallar\\\/#primaryimage\"},\"thumbnailUrl\":\"https:\\\/\\\/www.meydan.tv\\\/wp-content\\\/uploads\\\/42330.jpg\",\"datePublished\":\"2018-07-15T19:24:33+00:00\",\"breadcrumb\":{\"@id\":\"https:\\\/\\\/www.meydan.tv\\\/az\\\/article\\\/gence-hadiselerine-baxis-qaranliq-suallar\\\/#breadcrumb\"},\"inLanguage\":\"az\",\"potentialAction\":[{\"@type\":\"ReadAction\",\"target\":[\"https:\\\/\\\/www.meydan.tv\\\/az\\\/article\\\/gence-hadiselerine-baxis-qaranliq-suallar\\\/\"]}]},{\"@type\":\"ImageObject\",\"inLanguage\":\"az\",\"@id\":\"https:\\\/\\\/www.meydan.tv\\\/az\\\/article\\\/gence-hadiselerine-baxis-qaranliq-suallar\\\/#primaryimage\",\"url\":\"https:\\\/\\\/www.meydan.tv\\\/wp-content\\\/uploads\\\/42330.jpg\",\"contentUrl\":\"https:\\\/\\\/www.meydan.tv\\\/wp-content\\\/uploads\\\/42330.jpg\",\"width\":670,\"height\":335,\"caption\":\"Source:\"},{\"@type\":\"BreadcrumbList\",\"@id\":\"https:\\\/\\\/www.meydan.tv\\\/az\\\/article\\\/gence-hadiselerine-baxis-qaranliq-suallar\\\/#breadcrumb\",\"itemListElement\":[{\"@type\":\"ListItem\",\"position\":1,\"name\":\"Ana s\u0259hif\u0259\",\"item\":\"https:\\\/\\\/www.meydan.tv\\\/az\\\/\"},{\"@type\":\"ListItem\",\"position\":2,\"name\":\"M\u0259nim Fikrimc\u0259\",\"item\":\"https:\\\/\\\/www.meydan.tv\\\/az\\\/section\\\/menim-fikrimce\\\/\"},{\"@type\":\"ListItem\",\"position\":3,\"name\":\"G\u0259nc\u0259 hadis\u0259l\u0259rin\u0259 bax\u0131\u015f &#8211; Qaranl\u0131q suallar\"}]},{\"@type\":\"WebSite\",\"@id\":\"https:\\\/\\\/www.meydan.tv\\\/az\\\/#website\",\"url\":\"https:\\\/\\\/www.meydan.tv\\\/az\\\/\",\"name\":\"MEYDAN.TV\",\"description\":\"Meydan TV Az\u0259rbaycan\u0131n media m\u0259kan\u0131ndak\u0131 alternativ s\u0259sidir\",\"publisher\":{\"@id\":\"https:\\\/\\\/www.meydan.tv\\\/az\\\/#organization\"},\"potentialAction\":[{\"@type\":\"SearchAction\",\"target\":{\"@type\":\"EntryPoint\",\"urlTemplate\":\"https:\\\/\\\/www.meydan.tv\\\/az\\\/?s={search_term_string}\"},\"query-input\":{\"@type\":\"PropertyValueSpecification\",\"valueRequired\":true,\"valueName\":\"search_term_string\"}}],\"inLanguage\":\"az\"},{\"@type\":\"Organization\",\"@id\":\"https:\\\/\\\/www.meydan.tv\\\/az\\\/#organization\",\"name\":\"Meydan TV\",\"url\":\"https:\\\/\\\/www.meydan.tv\\\/az\\\/\",\"logo\":{\"@type\":\"ImageObject\",\"inLanguage\":\"az\",\"@id\":\"https:\\\/\\\/www.meydan.tv\\\/az\\\/#\\\/schema\\\/logo\\\/image\\\/\",\"url\":\"https:\\\/\\\/www.meydan.tv\\\/wp-content\\\/uploads\\\/2021\\\/07\\\/meydan-logo.svg\",\"contentUrl\":\"https:\\\/\\\/www.meydan.tv\\\/wp-content\\\/uploads\\\/2021\\\/07\\\/meydan-logo.svg\",\"width\":195,\"height\":46,\"caption\":\"Meydan TV\"},\"image\":{\"@id\":\"https:\\\/\\\/www.meydan.tv\\\/az\\\/#\\\/schema\\\/logo\\\/image\\\/\"}},{\"@type\":\"Person\",\"@id\":\"https:\\\/\\\/www.meydan.tv\\\/az\\\/#\\\/schema\\\/person\\\/10d11eccf6da3662cf5fdab9806ea91a\",\"name\":\"user-manager\"}]}<\/script>\n<!-- \/ Yoast SEO plugin. -->","yoast_head_json":{"title":"G\u0259nc\u0259 hadis\u0259l\u0259rin\u0259 bax\u0131\u015f - Qaranl\u0131q suallar - MEYDAN.TV","robots":{"index":"index","follow":"follow","max-snippet":"max-snippet:-1","max-image-preview":"max-image-preview:large","max-video-preview":"max-video-preview:-1"},"canonical":"https:\/\/www.meydan.tv\/az\/article\/gence-hadiselerine-baxis-qaranliq-suallar\/","og_locale":"az_AZ","og_type":"article","og_title":"G\u0259nc\u0259 hadis\u0259l\u0259rin\u0259 bax\u0131\u015f - Qaranl\u0131q suallar - MEYDAN.TV","og_description":"Sonra n\u0259 ba\u015f verdi? Aksiya ba\u015flayan kimi kriminal al\u0259md\u0259 tan\u0131nan R\u0259\u015fad B\u00f6y\u00fckki\u015fiyev iki polis zabitini amans\u0131zcas\u0131na q\u0259tl\u0259 yetirdi.","og_url":"https:\/\/www.meydan.tv\/az\/article\/gence-hadiselerine-baxis-qaranliq-suallar\/","og_site_name":"MEYDAN.TV","article_published_time":"2018-07-15T19:24:33+00:00","og_image":[{"width":670,"height":335,"url":"https:\/\/www.meydan.tv\/wp-content\/uploads\/42330.jpg","type":"image\/jpeg"}],"author":"user-manager","twitter_card":"summary_large_image","schema":{"@context":"https:\/\/schema.org","@graph":[{"@type":"Article","@id":"https:\/\/www.meydan.tv\/az\/article\/gence-hadiselerine-baxis-qaranliq-suallar\/#article","isPartOf":{"@id":"https:\/\/www.meydan.tv\/az\/article\/gence-hadiselerine-baxis-qaranliq-suallar\/"},"author":{"name":"user-manager","@id":"https:\/\/www.meydan.tv\/az\/#\/schema\/person\/10d11eccf6da3662cf5fdab9806ea91a"},"headline":"G\u0259nc\u0259 hadis\u0259l\u0259rin\u0259 bax\u0131\u015f &#8211; Qaranl\u0131q suallar","datePublished":"2018-07-15T19:24:33+00:00","mainEntityOfPage":{"@id":"https:\/\/www.meydan.tv\/az\/article\/gence-hadiselerine-baxis-qaranliq-suallar\/"},"wordCount":1505,"publisher":{"@id":"https:\/\/www.meydan.tv\/az\/#organization"},"image":{"@id":"https:\/\/www.meydan.tv\/az\/article\/gence-hadiselerine-baxis-qaranliq-suallar\/#primaryimage"},"thumbnailUrl":"https:\/\/www.meydan.tv\/wp-content\/uploads\/42330.jpg","articleSection":["M\u0259nim Fikrimc\u0259"],"inLanguage":"az"},{"@type":"WebPage","@id":"https:\/\/www.meydan.tv\/az\/article\/gence-hadiselerine-baxis-qaranliq-suallar\/","url":"https:\/\/www.meydan.tv\/az\/article\/gence-hadiselerine-baxis-qaranliq-suallar\/","name":"G\u0259nc\u0259 hadis\u0259l\u0259rin\u0259 bax\u0131\u015f - Qaranl\u0131q suallar - MEYDAN.TV","isPartOf":{"@id":"https:\/\/www.meydan.tv\/az\/#website"},"primaryImageOfPage":{"@id":"https:\/\/www.meydan.tv\/az\/article\/gence-hadiselerine-baxis-qaranliq-suallar\/#primaryimage"},"image":{"@id":"https:\/\/www.meydan.tv\/az\/article\/gence-hadiselerine-baxis-qaranliq-suallar\/#primaryimage"},"thumbnailUrl":"https:\/\/www.meydan.tv\/wp-content\/uploads\/42330.jpg","datePublished":"2018-07-15T19:24:33+00:00","breadcrumb":{"@id":"https:\/\/www.meydan.tv\/az\/article\/gence-hadiselerine-baxis-qaranliq-suallar\/#breadcrumb"},"inLanguage":"az","potentialAction":[{"@type":"ReadAction","target":["https:\/\/www.meydan.tv\/az\/article\/gence-hadiselerine-baxis-qaranliq-suallar\/"]}]},{"@type":"ImageObject","inLanguage":"az","@id":"https:\/\/www.meydan.tv\/az\/article\/gence-hadiselerine-baxis-qaranliq-suallar\/#primaryimage","url":"https:\/\/www.meydan.tv\/wp-content\/uploads\/42330.jpg","contentUrl":"https:\/\/www.meydan.tv\/wp-content\/uploads\/42330.jpg","width":670,"height":335,"caption":"Source:"},{"@type":"BreadcrumbList","@id":"https:\/\/www.meydan.tv\/az\/article\/gence-hadiselerine-baxis-qaranliq-suallar\/#breadcrumb","itemListElement":[{"@type":"ListItem","position":1,"name":"Ana s\u0259hif\u0259","item":"https:\/\/www.meydan.tv\/az\/"},{"@type":"ListItem","position":2,"name":"M\u0259nim Fikrimc\u0259","item":"https:\/\/www.meydan.tv\/az\/section\/menim-fikrimce\/"},{"@type":"ListItem","position":3,"name":"G\u0259nc\u0259 hadis\u0259l\u0259rin\u0259 bax\u0131\u015f &#8211; Qaranl\u0131q suallar"}]},{"@type":"WebSite","@id":"https:\/\/www.meydan.tv\/az\/#website","url":"https:\/\/www.meydan.tv\/az\/","name":"MEYDAN.TV","description":"Meydan TV Az\u0259rbaycan\u0131n media m\u0259kan\u0131ndak\u0131 alternativ s\u0259sidir","publisher":{"@id":"https:\/\/www.meydan.tv\/az\/#organization"},"potentialAction":[{"@type":"SearchAction","target":{"@type":"EntryPoint","urlTemplate":"https:\/\/www.meydan.tv\/az\/?s={search_term_string}"},"query-input":{"@type":"PropertyValueSpecification","valueRequired":true,"valueName":"search_term_string"}}],"inLanguage":"az"},{"@type":"Organization","@id":"https:\/\/www.meydan.tv\/az\/#organization","name":"Meydan TV","url":"https:\/\/www.meydan.tv\/az\/","logo":{"@type":"ImageObject","inLanguage":"az","@id":"https:\/\/www.meydan.tv\/az\/#\/schema\/logo\/image\/","url":"https:\/\/www.meydan.tv\/wp-content\/uploads\/2021\/07\/meydan-logo.svg","contentUrl":"https:\/\/www.meydan.tv\/wp-content\/uploads\/2021\/07\/meydan-logo.svg","width":195,"height":46,"caption":"Meydan TV"},"image":{"@id":"https:\/\/www.meydan.tv\/az\/#\/schema\/logo\/image\/"}},{"@type":"Person","@id":"https:\/\/www.meydan.tv\/az\/#\/schema\/person\/10d11eccf6da3662cf5fdab9806ea91a","name":"user-manager"}]}},"_links":{"self":[{"href":"https:\/\/www.meydan.tv\/az\/wp-json\/wp\/v2\/posts\/190860","targetHints":{"allow":["GET"]}}],"collection":[{"href":"https:\/\/www.meydan.tv\/az\/wp-json\/wp\/v2\/posts"}],"about":[{"href":"https:\/\/www.meydan.tv\/az\/wp-json\/wp\/v2\/types\/post"}],"author":[{"embeddable":true,"href":"https:\/\/www.meydan.tv\/az\/wp-json\/wp\/v2\/users\/11"}],"replies":[{"embeddable":true,"href":"https:\/\/www.meydan.tv\/az\/wp-json\/wp\/v2\/comments?post=190860"}],"version-history":[{"count":0,"href":"https:\/\/www.meydan.tv\/az\/wp-json\/wp\/v2\/posts\/190860\/revisions"}],"wp:featuredmedia":[{"embeddable":true,"href":"https:\/\/www.meydan.tv\/az\/wp-json\/wp\/v2\/media\/106565"}],"wp:attachment":[{"href":"https:\/\/www.meydan.tv\/az\/wp-json\/wp\/v2\/media?parent=190860"}],"wp:term":[{"taxonomy":"category","embeddable":true,"href":"https:\/\/www.meydan.tv\/az\/wp-json\/wp\/v2\/categories?post=190860"},{"taxonomy":"post_tag","embeddable":true,"href":"https:\/\/www.meydan.tv\/az\/wp-json\/wp\/v2\/tags?post=190860"}],"curies":[{"name":"wp","href":"https:\/\/api.w.org\/{rel}","templated":true}]}}