{"id":190846,"date":"2018-07-13T20:13:08","date_gmt":"2018-07-13T20:13:08","guid":{"rendered":"https:\/\/www.meydan.tv\/article\/hakimiyyete-mesajlar\/"},"modified":"2018-07-13T20:13:08","modified_gmt":"2018-07-13T20:13:08","slug":"hakimiyyete-mesajlar","status":"publish","type":"post","link":"https:\/\/www.meydan.tv\/az\/article\/hakimiyyete-mesajlar\/","title":{"rendered":"Hakimiyy\u0259t\u0259 mesajlar"},"content":{"rendered":"<p>\n  D\u00f6vl\u0259t ba\u015f\u00e7\u0131s\u0131n\u0131n ictimai-siyasi m\u0259s\u0259l\u0259l\u0259r \u00fczr\u0259 k\u00f6m\u0259k\u00e7isi \u018fli H\u0259s\u0259nov G\u0259nc\u0259d\u0259 ba\u015f ver\u0259n hadis\u0259l\u0259r v\u0259 c\u0259miyy\u0259tin buna m\u00fcnasib\u0259ti bar\u0259d\u0259 \u201cFacebook\u201d s\u0259hif\u0259sind\u0259 yaz\u0131 payla\u015f\u0131b. Bu zaman c\u0259nab H\u0259s\u0259nov ixtisas\u0131 olan tarix\u0259 d\u0259 ekskurs edib. O, Rusiya inqilabi h\u0259r\u0259kat\u0131n\u0131n \u00f6n\u0259mli bir hadis\u0259sini xat\u0131rlad\u0131b.<br \/>\n  <br \/>\n  Sitat: &#8220;XIX \u0259sr Rusiyas\u0131nda Vera Zasuli\u00e7 adl\u0131 qad\u0131n ilk terror akt\u0131n\u0131 h\u0259yata ke\u00e7ir\u0259nd\u0259 rus ziyal\u0131lar\u0131n\u0131n m\u00fc\u0259yy\u0259n k\u0259simi onu q\u0259hr\u0259man kimi t\u0259qdim etm\u0259y\u0259 \u00e7al\u0131\u015fm\u0131\u015fd\u0131 v\u0259 buna qism\u0259n nail d\u0259 olmu\u015fdular. H\u0259min terrorun mifl\u0259\u015fdirilm\u0259si il\u0259 ba\u015flayan hadis\u0259l\u0259r sonrak\u0131 d\u00f6vrd\u0259 Rusiyada \u00fc\u00e7 inqilaba, milyonlarla insan\u0131n v\u0259t\u0259nda\u015f sava\u015f\u0131nda h\u0259lak olmas\u0131nad\u0259k inki\u015faf etmi\u015fdir&#8221;.\n<\/p>\n<p>\n  Maraql\u0131 c\u0259h\u0259t ondan ibar\u0259tdir ki, \u018fli H\u0259s\u0259nov Vera Zasuli\u00e7in terror akt\u0131na niy\u0259 \u0259l atmas\u0131n\u0131 bilm\u0259mi\u015f deyildir. Xat\u0131rlad\u0131m ki, Peterburq \u015f\u0259h\u0259rinin r\u0259hb\u0259ri olan general Fyodr Trepov siyasi m\u0259hbuslardan birini \u00e7ubuqla d\u00f6ym\u0259yi \u0259mr etmi\u015fdi. H\u0259r\u00e7\u0259nd ki, Rusiyada 1863-c\u00fc ild\u0259n cismani c\u0259zalar qada\u011fan edilmi\u015fdi.\n<\/p>\n<p>\n  M\u0259hz bu qanunsuz v\u0259 v\u0259h\u015fi g\u00f6st\u0259ri\u015fin\u0259 g\u00f6r\u0259 Trepov Vera Zasulu\u00e7in sui-q\u0259sdin\u0259 m\u0259ruz qald\u0131. M\u0259hz bu qanunsuz v\u0259 v\u0259h\u015fi g\u00f6st\u0259ri\u015fin\u0259 g\u00f6r\u0259 Trepova sui-q\u0259sd Rusiya ictimai fikrind\u0259 bu q\u0259d\u0259r r\u0259\u011fb\u0259tl\u0259 qar\u015f\u0131land\u0131. H\u0259tta r\u0259\u011fb\u0259t o q\u0259d\u0259r g\u00fccl\u00fc oldu ki, Andl\u0131lar M\u0259hk\u0259m\u0259si Vera Zasuli\u00e7i g\u00fcnahkar saymaqdan imtina edib b\u0259ra\u0259t verdi.\n<\/p>\n<p>\n  B\u0259s Elmar V\u0259liyev\u0259 sui-q\u0259sd niy\u0259 bu q\u0259d\u0259r r\u0259\u011fb\u0259t do\u011furdu? Sosial \u015f\u0259b\u0259k\u0259l\u0259rd\u0259 apar\u0131lan m\u00fc\u015fahid\u0259 onu g\u00f6st\u0259rir ki, c\u0259miyy\u0259tin \u0259n m\u00fcxt\u0259lif t\u0259b\u0259q\u0259l\u0259ri, o c\u00fcml\u0259d\u0259n d\u0259 m\u00fcxalif\u0259t\u0259 he\u00e7 bir aidiyyat\u0131 olmayan, h\u0259tta hakimiyy\u0259t\u0259 loyal yana\u015fan insanlar bel\u0259 bu hadis\u0259y\u0259, yum\u015faq des\u0259k, \u00fcz\u00fclm\u0259dil\u0259r.\n<\/p>\n<p>\n  \u018fminlikl\u0259 s\u00f6yl\u0259m\u0259k olar ki, Trepova sui-q\u0259sd bu q\u0259d\u0259r yekdil h\u00fcsn-r\u0259\u011fb\u0259t do\u011furmam\u0131\u015fd\u0131. B\u0259s n\u0259d\u0259n? Hakimiyy\u0259t t\u0259msil\u00e7il\u0259ri bu sual\u0131 \u00f6zl\u0259rin\u0259 verib cavab\u0131n\u0131 tapma\u011fa \u00e7al\u0131\u015f\u0131blarm\u0131?\n<\/p>\n<p>\n  Az\u0259rbaycan regionlar\u0131nda son ill\u0259r ba\u015f ver\u0259n ciddi etirazlar \u0259sas\u0259n \u015f\u0259h\u0259r v\u0259 rayon ba\u015f\u00e7\u0131lar\u0131n\u0131n qeyri-adekvat davran\u0131\u015flar\u0131ndan do\u011fub. Lakin b\u00fct\u00fcn bunlar c\u0259miyy\u0259t\u0259 d\u0259, hakimiyy\u0259t\u0259 d\u0259 (etiraf etm\u0259s\u0259l\u0259r d\u0259) geni\u015f m\u0259lum oldu\u011fundan \u00fcz\u0259rind\u0259 dayanmayaca\u011fam. M\u0259ni bu m\u0259qal\u0259ni yazma\u011fa s\u00f6vq ed\u0259n s\u0259b\u0259bl\u0259r ba\u015fqad\u0131r.\n<\/p>\n<p>\n  \u018fli H\u0259s\u0259nov daha sonra \u00f6z yaz\u0131s\u0131nda yaz\u0131r: &#8220;X\u00fcsus\u0259n ictimai r\u0259y\u0259 t\u0259sir imkan\u0131 olan insanlar &#8211; mill\u0259t v\u0259kill\u0259ri, ziyal\u0131lar, tan\u0131nm\u0131\u015f ictimaiyy\u0259t n\u00fcmay\u0259nd\u0259l\u0259ri, siyasi f\u0259allar, media v\u0259 QHT t\u0259msil\u00e7il\u0259ri daha h\u0259ssas davranmal\u0131, iqtidara v\u0259 ya onun ayr\u0131-ayr\u0131 n\u00fcmay\u0259nd\u0259l\u0259rin\u0259 b\u0259sl\u0259dikl\u0259ri f\u0259rdi m\u00fcnasib\u0259tl\u0259rl\u0259 d\u00f6vl\u0259t v\u0259 V\u0259t\u0259n m\u0259nafel\u0259rini bir-birind\u0259n f\u0259rql\u0259ndirm\u0259lidirl\u0259r&#8221;.\n<\/p>\n<p>\n  Diqq\u0259t\u0259layiq \u00e7a\u011f\u0131r\u0131\u015fd\u0131r. B\u0259s g\u00f6r\u0259s\u0259n Az\u0259rbaycanda ictimai r\u0259y\u0259 t\u0259sir imkan\u0131 olan insanlar kiml\u0259rdir? Bel\u0259l\u0259ri qal\u0131bm\u0131?\n<\/p>\n<p>\n  \u018fli m\u00fc\u0259llimin sadalad\u0131qlar\u0131n\u0131n i\u00e7ind\u0259 mill\u0259t v\u0259kill\u0259rinin ad\u0131n\u0131n \u00e7\u0259kilm\u0259si ac\u0131 g\u00fcl\u00fc\u015f do\u011furur. Xalq t\u0259r\u0259find\u0259n se\u00e7il\u0259n v\u0259 xalq aras\u0131nda n\u00fcfuzu olan mill\u0259t v\u0259kili yoxdur. Onlar\u0131 &#8220;iqtidara f\u0259rdi m\u00fcnasib\u0259t&#8221;d\u0259 q\u0131namaq is\u0259, \u00fcmumiyy\u0259tl\u0259, insafs\u0131zl\u0131q olard\u0131. Xalq\u0131n bir problemini dil\u0259 g\u0259tirm\u0259y\u0259n, h\u00f6kum\u0259tin b\u00fct\u00fcn qanun layih\u0259l\u0259rin\u0259 yekdillikl\u0259 &#8220;l\u0259bbeyk&#8221; dey\u0259n deputatlar\u0131n hans\u0131 f\u0259rdi m\u00fcnasib\u0259tind\u0259n dan\u0131\u015f\u0131l\u0131r?\n<\/p>\n<p>\n  \u00dcmumiyy\u0259tl\u0259, G\u0259nc\u0259d\u0259 ba\u015f ver\u0259n hadis\u0259l\u0259r c\u0259miyy\u0259td\u0259 b\u00f6y\u00fck bo\u015fluqlar\u0131n oldu\u011funu g\u00f6st\u0259rdi. M\u0259lum oldu ki, adi hallarda da laz\u0131m olan, fors-major m\u0259qamlarda is\u0259 x\u00fcsus\u0259n vazke\u00e7ilm\u0259z olan institutlar\u0131m\u0131z yoxdur. Bu institutlar\u0131 m\u0259hv ed\u0259n is\u0259 hakimiyy\u0259t \u00f6z\u00fcd\u00fcr.\n<\/p>\n<p>\n  Bu s\u0259tirl\u0259ri yazark\u0259n iyulun 10-da ba\u015f ver\u0259n hadis\u0259d\u0259n iki sutkadan art\u0131q vaxt ke\u00e7ir. Lakin c\u0259miyy\u0259t h\u0259l\u0259 d\u0259 G\u0259nc\u0259d\u0259 n\u0259 ba\u015f verdiyind\u0259n m\u0259lumats\u0131zd\u0131r.\n<\/p>\n<p>\n  \u00c7\u00fcnki Az\u0259rbaycanda m\u0259tbuat m\u0259hv edilib. Hakimiyy\u0259ty\u00f6nl\u00fc m\u0259tbuat ictimai etimada malik deyil. M\u00fcst\u0259qil median\u0131n m\u0259hv edilm\u0259si \u00fc\u00e7\u00fcn is\u0259 bu ill\u0259r \u0259rzind\u0259 hakimiyy\u0259t \u0259lind\u0259n g\u0259l\u0259ni edib v\u0259 etm\u0259kd\u0259dir. N\u0259tic\u0259d\u0259 G\u0259nc\u0259d\u0259 hadis\u0259l\u0259r ba\u015f ver\u0259rk\u0259n k\u0259skin informasiya q\u0131tl\u0131\u011f\u0131 var idi, h\u0259r k\u0259s bir \u015fayi\u0259ni t\u0259krar edirdi.\n<\/p>\n<p>\n  \u015eayi\u0259 olduqca g\u00fccl\u00fc silahd\u0131r. Tarixd\u0259 ondan bacar\u0131qla istifad\u0259 edilm\u0259si haqq\u0131nda xeyli n\u00fcmun\u0259l\u0259r tapmaq olar. \u0130nternet d\u00f6vr\u00fcnd\u0259 bu silah\u0131n g\u00fcc\u00fc d\u0259f\u0259l\u0259rl\u0259 art\u0131r, x\u00fcsus\u0259n d\u0259 azad, ictimai etimada malik m\u0259tbuat\u0131n olmad\u0131\u011f\u0131 \u00f6lk\u0259l\u0259rd\u0259. M\u0259har\u0259tl\u0259 haz\u0131rlanm\u0131\u015f v\u0259 ustal\u0131qla yay\u0131lan \u015fayi\u0259l\u0259rin k\u00f6m\u0259yi il\u0259 bel\u0259 \u00f6lk\u0259d\u0259 asanl\u0131qla h\u0259rc-m\u0259rclik yaratmaq olar.\n<\/p>\n<p>\n  Buradan da lab\u00fcd \u015f\u0259kild\u0259 bel\u0259 n\u0259tic\u0259y\u0259 g\u0259lm\u0259k olar ki, m\u00fcst\u0259qil m\u0259tbuat\u0131n olmamas\u0131 \u00f6lk\u0259nin milli maraqlar\u0131na v\u0259 t\u0259hl\u00fck\u0259sizliyin\u0259 \u00e7ox ciddi t\u0259hdiddir.\n<\/p>\n<p>\n  Hakimiyy\u0259t bunu anlamaq \u0259v\u0259zin\u0259 onsuz da a\u011f\u0131r \u015f\u0259rtl\u0259r alt\u0131nda f\u0259aliyy\u0259t g\u00f6st\u0259r\u0259n azad m\u0259tbuat\u0131n son istehkamlar\u0131na qar\u015f\u0131 h\u00fccuma ke\u00e7ib. Bir nec\u0259 sayt haqq\u0131nda Cinay\u0259t M\u0259c\u0259ll\u0259sinin 313-c\u00fc madd\u0259si il\u0259 (v\u0259zif\u0259 saxtakarl\u0131\u011f\u0131, y\u0259ni v\u0259zif\u0259li \u015f\u0259xs t\u0259r\u0259find\u0259n informasiya resurslar\u0131na bil\u0259-bil\u0259 yalan m\u0259lumatlar\u0131n daxil edilm\u0259si) cinay\u0259t i\u015fi qald\u0131r\u0131b.\n<\/p>\n<p>\n  Eyni v\u0259ziyy\u0259t siyasi m\u00fcxalif\u0259tl\u0259 ba\u011fl\u0131 sah\u0259d\u0259 d\u0259 h\u00f6km s\u00fcr\u00fcr. Uzun ill\u0259rin repressiyalar\u0131, t\u0259zyiql\u0259r v\u0259 \u015firnikl\u0259ndirici t\u0259klifl\u0259r n\u0259tic\u0259sind\u0259 m\u00fcxalif\u0259t x\u00fcsus\u0259n \u0259yal\u0259tl\u0259rd\u0259 olduqca z\u0259if duruma sal\u0131n\u0131b. T\u0259sad\u00fcf\u00fc deyil ki, Quba, \u0130smay\u0131ll\u0131, G\u0259nc\u0259 hadis\u0259l\u0259rind\u0259 siyasi m\u00fcxalif\u0259tin yerli t\u0259\u015fkilatlar\u0131 proses\u0259 m\u00fcdaxil\u0259 ed\u0259, dinc istiqam\u0259t\u0259 y\u00f6n\u0259ld\u0259 bilm\u0259dil\u0259r.\n<\/p>\n<p>\n  Halbuki janr qaydalar\u0131na g\u00f6r\u0259 naraz\u0131l\u0131q p\u00fcsk\u00fcrm\u0259si olarsa, onun da\u015f\u0131y\u0131c\u0131lar\u0131 m\u0259hz m\u00fcxalif\u0259tin \u0259traf\u0131nda birl\u0259\u015fm\u0259lidir. M\u00fcxalif\u0259t d\u0259 bu naraz\u0131l\u0131\u011f\u0131n ifad\u0259\u00e7isi olmal\u0131d\u0131r. Lakin \u00f6lk\u0259d\u0259 siyasi m\u00fcbariz\u0259 m\u00fcst\u0259visi m\u0259hv edilib, m\u00fcst\u0259qilliyin ilk ill\u0259rind\u0259 formala\u015fan siyasi m\u0259d\u0259niyy\u0259t is\u0259 &#8220;abort&#8221; olunub.\n<\/p>\n<p>\n  Son ill\u0259r siyasi sars\u0131nt\u0131lar\u0131n sard\u0131\u011f\u0131 \u0259r\u0259b \u00f6lk\u0259l\u0259rinin tarixi bu bax\u0131mdan ibr\u0259tamizdir. \u018fvv\u0259lc\u0259 sad\u0259c\u0259 r\u0259hb\u0259rl\u0259ri d\u0259yi\u015f\u0259n h\u0259rbi xuntalar, sonra da bir adam\u0131n onillikl\u0259r boyu davam ed\u0259n diktaturas\u0131 sivil m\u00fcxalif\u0259ti, siyasi m\u0259d\u0259niyy\u0259ti m\u0259hv etdi. Bu prosesin f\u0259lak\u0259tli n\u0259tic\u0259l\u0259rini is\u0259 bu g\u00fcn ham\u0131m\u0131z m\u00fc\u015fahid\u0259 edirik.\n<\/p>\n<p>\n  Bir ne\u00e7\u0259 il \u00f6nc\u0259 \u00f6lk\u0259nin tan\u0131nm\u0131\u015f ziyal\u0131lar\u0131ndan biri il\u0259 h\u0259ms\u00f6hb\u0259t oldum. S\u00f6hb\u0259t dolan\u0131b telekanallar\u0131n v\u0259 burada g\u00f6st\u0259ril\u0259n verili\u015fl\u0259rin \u00fcz\u0259rin\u0259 g\u0259ldi.\n<\/p>\n<p>\n  H\u0259ms\u00f6hb\u0259tim \u00e7ox s\u0259rt qiym\u0259t verdi, &#8220;m\u0259n\u0259vi genosid&#8221; adland\u0131rd\u0131. Dilimin ucunda &#8220;bu fikirl\u0259ri niy\u0259 ictimai demirsiniz?&#8221; sual\u0131 dola\u015f\u0131rd\u0131. Lakin m\u0259n s\u0259sl\u0259ndirm\u0259mi\u015f \u00f6z\u00fc anlad\u0131. &#8220;Prezident t\u0259qa\u00fcd\u00fc al\u0131ram, qar\u015f\u0131dan da yubileyim g\u0259lir. Deyirl\u0259r, &#8220;\u015e\u00f6hr\u0259t&#8221; ordeni ver\u0259c\u0259kl\u0259r&#8221;.\n<\/p>\n<p>\n  C\u0259miyy\u0259tin dayaqlar\u0131ndan biri olacaq ziyal\u0131 t\u0259b\u0259q\u0259si d\u0259 bel\u0259 m\u0259hv edilib. Zor\u0259n Yeni Az\u0259rbaycan Partiyas\u0131na \u00fczv etm\u0259kl\u0259, iqtidar\u0131n yar\u0131tmaz siyas\u0259tini d\u0259st\u0259kl\u0259y\u0259n yaltaq b\u0259yanatlar verdirm\u0259kl\u0259, se\u00e7ki saxtakarl\u0131\u011f\u0131nda i\u015ftirak etm\u0259kl\u0259, orden-medal, prezident t\u0259qa\u00fcd\u00fc, m\u0259nzil kimi h\u0259diyy\u0259l\u0259rl\u0259. Ortada &#8220;Nizami G\u0259nc\u0259vini d\u00fcnyaya Elmar V\u0259liyev tan\u0131td\u0131r\u0131b&#8221; dey\u0259nl\u0259r qal\u0131b. Bel\u0259l\u0259ri is\u0259 ictimai r\u0259y\u0259 t\u0259sir ed\u0259 bilm\u0259zl\u0259r.\n<\/p>\n<p>\n  Eyni fikri din xadiml\u0259ri il\u0259 ba\u011fl\u0131 da dem\u0259k olar. Onlara m\u00fcnasib\u0259td\u0259 &#8220;Ya biziml\u0259s\u0259n, ya d\u00fc\u015fm\u0259nimizs\u0259n&#8221; \u015f\u0259rti daha k\u0259skin qoyulub. N\u0259tic\u0259d\u0259 xalq\u0131n yan\u0131nda s\u00f6z\u00fc ke\u00e7\u0259n, m\u00fct\u0259r\u0259qqi fikirl\u0259r a\u015f\u0131layacaq din xadiml\u0259rinin formala\u015fmas\u0131na imkan verilm\u0259yib.\n<\/p>\n<p>\n  M\u00fcst\u0259qil v\u0259killik institutu da m\u0259hv edilir. Yunis S\u0259f\u0259rova i\u015fg\u0259nc\u0259 verilm\u0259si il\u0259 ba\u011fl\u0131 x\u0259b\u0259rl\u0259r ortaya \u00e7\u0131xanda m\u00fcst\u0259qil, ictimai etimada malik v\u0259kill\u0259rin n\u0259 q\u0259d\u0259r vacib oldu\u011fu ortaya \u00e7\u0131xd\u0131. Bu d\u0259f\u0259 ola bilsin ki, hakimiyy\u0259t etdiyini gizl\u0259tm\u0259kd\u0259 maraql\u0131 idi. Lakin sabah el\u0259 v\u0259ziyy\u0259t yarana bil\u0259r ki, etm\u0259diyi bir \u015feyd\u0259 g\u00fcnahland\u0131r\u0131ls\u0131n. O zaman ictimaiyy\u0259tin etimad\u0131n\u0131 qazanm\u0131\u015f v\u0259kil birc\u0259 s\u00f6z\u00fc il\u0259 b\u00fct\u00fcn \u015fayi\u0259l\u0259ri darmada\u011f\u0131n ed\u0259 bil\u0259r.\n<\/p>\n<p>\n  Bir s\u00f6zl\u0259, hakimiyy\u0259ti m\u00f6hk\u0259ml\u0259ndirm\u0259k namin\u0259 c\u0259miyy\u0259tin b\u00fct\u00fcn institutlar\u0131 m\u0259hv edilib. Bel\u0259 hal milli maraqlar c\u0259h\u0259td\u0259n olduqca t\u0259hl\u00fck\u0259lidir.\n<\/p>\n<p>\n  Sadalad\u0131\u011f\u0131m t\u0259sisatlar c\u0259miyy\u0259ti u\u00e7urumdan qoruyan \u0259yl\u0259cl\u0259rdir. Onlar\u0131n m\u0259hv edilm\u0259si bir g\u00fcn ba\u015f\u0131pozuq, radikal k\u00fctl\u0259nin \u00f6z \u015f\u0259rtl\u0259rini dikt\u0259 etm\u0259sin\u0259 g\u0259tirib \u00e7\u0131xaracaq.\n<\/p>\n<p>\n  Bel\u0259likl\u0259, a\u015fkar oldu ki, &#8220;ictimai r\u0259y\u0259 t\u0259sir imkan\u0131 olan&#8221; xitab\u0131 \u0259slind\u0259 bo\u015flu\u011fa m\u00fcraci\u0259tdir. H\u0259min yaz\u0131n\u0131n sonunda is\u0259 \u018fli H\u0259s\u0259nov &#8220;geni\u015f k\u00fctl\u0259l\u0259r\u0259 d\u00fczg\u00fcn mesajlar&#8221; \u00f6t\u00fcr\u00fclm\u0259sinin vacibliyini vur\u011fulay\u0131r. M\u0259nim fikrimc\u0259 is\u0259 d\u00fczg\u00fcn mesajlara ehtiyac\u0131 olan \u0259sl \u00fcnvan hakimiyy\u0259tdir.\n<\/p>\n<p>\n  M\u0259qal\u0259nin \u0259vv\u0259lind\u0259 Rusiya inqilabi h\u0259r\u0259kat\u0131ndan s\u00f6z d\u00fc\u015fm\u00fc\u015fd\u00fc. Bu h\u0259r\u0259kat, do\u011frudan da, olduqca ibr\u0259tamiz tarixi prosesdir. Nec\u0259 oldu ki, hadis\u0259l\u0259r bu q\u0259d\u0259r f\u0259lak\u0259tli \u015f\u0259kil ald\u0131? N\u0259y\u0259 g\u00f6r\u0259 islahat\u00e7\u0131lar deyil, \u0259lisilahl\u0131 inqilab\u00e7\u0131lar qalib g\u0259ldi? N\u0259 \u00fc\u00e7\u00fcn azadl\u0131q u\u011frunda h\u0259r\u0259kat tarixin \u0259n totalitar rejiml\u0259rind\u0259n birinin yaranmas\u0131 il\u0259 n\u0259tic\u0259l\u0259ndi? D\u00fc\u015f\u00fcn\u00fcr\u0259m ki, bu h\u0259r\u0259kat\u0131 d\u0259rind\u0259n \u00f6yr\u0259nm\u0259kd\u0259 fayda var.\n<\/p>\n<p>\n  Lakin bu m\u0259qal\u0259d\u0259 m\u0259qs\u0259d o h\u0259r\u0259kat\u0131 \u00f6yr\u0259nm\u0259k deyil. Sad\u0259c\u0259 ill\u00fcstrasiyad\u0131r. Bu bax\u0131mdan Aleksandr Soljenits\u0131n\u0131n &#8220;Arxipelaq QULAQ&#8221; \u0259s\u0259rind\u0259n bir sitat g\u0259tirm\u0259k ist\u0259yir\u0259m. Bu sitatda Soljenits\u0131n \u00e7arizmin devrilm\u0259 s\u0259b\u0259bin\u0259 toxunur: &#8220;\u00c7arizm fevral Petroqrad\u0131 co\u015fark\u0259n devrilm\u0259di. O, h\u0259l\u0259 rus \u0259d\u0259biyyat\u0131nda jandarm v\u0259 ya qorodovoy obraz\u0131n\u0131n he\u00e7 olmasa qism\u0259n r\u0259\u011fb\u0259tl\u0259 t\u0259svirinin qarag\u00fcruh\u00e7u yaltaql\u0131q olmas\u0131 fikri hakim olark\u0259n devrilmi\u015fdi&#8221;.\n<\/p>\n<p>\n  G\u0259nc\u0259 hadis\u0259l\u0259rind\u0259 iki polis zabiti \u00f6ld\u00fc. C\u0259miyy\u0259tin m\u00fcnasib\u0259ti Soljenits\u0131n dey\u0259nd\u0259n tamam f\u0259rqli oldu. B\u00f6y\u00fck \u0259ks\u0259riyy\u0259t bu hadis\u0259d\u0259n \u00fcz\u00fcld\u00fc, m\u0259rhumlar\u0131n ail\u0259l\u0259rin\u0259 ba\u015fsa\u011fl\u0131\u011f\u0131 verildi. Bu, onu g\u00f6st\u0259rir ki, Rusiyan\u0131n u\u011frad\u0131\u011f\u0131 f\u0259lak\u0259tl\u0259rd\u0259n yay\u0131nmaq imkan\u0131m\u0131z var. Bunun \u00fc\u00e7\u00fcn c\u0259miyy\u0259tin dayaqlar\u0131n\u0131 m\u0259hv ed\u0259n siyas\u0259td\u0259n imtina edilm\u0259li, \u00f6lk\u0259ni demokratikl\u0259\u015fdir\u0259c\u0259k yeni siyasi kursa m\u00fcraci\u0259t olunmal\u0131d\u0131r.\n<\/p>\n<p>\n  Lakin ham\u0131m\u0131z bilirik ki, bunlar\u0131n he\u00e7 biri olmayacaq. Hakimiyy\u0259t islahatlar yolunu tutmayacaq. \u018fksin\u0259 bu hadis\u0259l\u0259rd\u0259n repressiv aparat\u0131 daha da m\u00f6hk\u0259ml\u0259ndirm\u0259k \u00fc\u00e7\u00fcn istifad\u0259 ed\u0259c\u0259k. El\u0259 c\u0259nab H\u0259s\u0259novun yaz\u0131s\u0131nda da bunun anonsunu sezm\u0259k olur. \u00c7\u00fcnki \u00f6nc\u00fcll\u00fck milli maraqlarda deyil, hakimiyy\u0259t maraqlar\u0131ndad\u0131r\n<\/p>\n<p>\n  Rusiyan\u0131 f\u0259lak\u0259t\u0259 s\u00fcr\u00fckl\u0259y\u0259n Vera Zasuli\u00e7, \u0130van Kalyayev, Yeqor Sazonov v\u0259 dig\u0259r terror\u00e7ular deyildil\u0259r. Onlar n\u0259tic\u0259 idil\u0259r, rezonans idil\u0259r. \u018fsas s\u0259b\u0259b m\u00fctl\u0259q hakimiyy\u0259td\u0259n imtina etm\u0259yi a\u011fl\u0131na bel\u0259 g\u0259tirm\u0259y\u0259n \u00e7arizm idi. Az\u0259rbaycan\u0131 da t\u0259kam\u00fcld\u0259n sap\u0131nd\u0131r\u0131b sars\u0131nt\u0131lar, inqilablar yoluna y\u00f6n\u0259ld\u0259n ayr\u0131-ayr\u0131 f\u0259rdl\u0259r deyil. Bunu ed\u0259n siyasi m\u00fcxalif\u0259ti, azad m\u0259tbuat\u0131, ziyal\u0131 t\u0259b\u0259q\u0259sini, v\u0259t\u0259nda\u015f c\u0259miyy\u0259tini m\u0259hv ed\u0259n hakimiyy\u0259tdir.\n<\/p>\n<p>\n  <b><br \/>\n    <i><br \/>\n      Yaz\u0131 m\u00fc\u0259llifin fikirl\u0259rini \u0259ks etdirir v\u0259 Meydan TV-nin m\u00f6vqeyi il\u0259 \u00fcst-\u00fcst\u0259 d\u00fc\u015fm\u0259y\u0259 bil\u0259r.<br \/>\n    <\/i><br \/>\n  <\/b><\/p>\n","protected":false},"excerpt":{"rendered":"<p>D\u00f6vl\u0259t ba\u015f\u00e7\u0131s\u0131n\u0131n ictimai-siyasi m\u0259s\u0259l\u0259l\u0259r \u00fczr\u0259 k\u00f6m\u0259k\u00e7isi \u018fli H\u0259s\u0259nov G\u0259nc\u0259d\u0259 ba\u015f ver\u0259n hadis\u0259l\u0259r v\u0259 c\u0259miyy\u0259tin buna m\u00fcnasib\u0259ti bar\u0259d\u0259 \u201cFacebook\u201d s\u0259hif\u0259sind\u0259 yaz\u0131 payla\u015f\u0131b<\/p>\n","protected":false},"author":11,"featured_media":106547,"comment_status":"closed","ping_status":"open","sticky":false,"template":"","format":"standard","meta":{"_acf_changed":false,"_sitemap_exclude":false,"_sitemap_priority":"","_sitemap_frequency":"","footnotes":""},"categories":[57],"tags":[],"class_list":["post-190846","post","type-post","status-publish","format-standard","has-post-thumbnail","hentry","category-menim-fikrimce","infinite-scroll-item","generate-columns","tablet-grid-50","mobile-grid-100","grid-parent","grid-33","no-featured-image-padding"],"acf":[],"yoast_head":"<!-- This site is optimized with the Yoast SEO plugin v27.4 - https:\/\/yoast.com\/product\/yoast-seo-wordpress\/ -->\n<title>Hakimiyy\u0259t\u0259 mesajlar - MEYDAN.TV<\/title>\n<meta name=\"robots\" content=\"index, follow, max-snippet:-1, max-image-preview:large, max-video-preview:-1\" \/>\n<link rel=\"canonical\" href=\"https:\/\/www.meydan.tv\/az\/article\/hakimiyyete-mesajlar\/\" \/>\n<meta property=\"og:locale\" content=\"az_AZ\" \/>\n<meta property=\"og:type\" content=\"article\" \/>\n<meta property=\"og:title\" content=\"Hakimiyy\u0259t\u0259 mesajlar - MEYDAN.TV\" \/>\n<meta property=\"og:description\" content=\"D\u00f6vl\u0259t ba\u015f\u00e7\u0131s\u0131n\u0131n ictimai-siyasi m\u0259s\u0259l\u0259l\u0259r \u00fczr\u0259 k\u00f6m\u0259k\u00e7isi \u018fli H\u0259s\u0259nov G\u0259nc\u0259d\u0259 ba\u015f ver\u0259n hadis\u0259l\u0259r v\u0259 c\u0259miyy\u0259tin buna m\u00fcnasib\u0259ti bar\u0259d\u0259 \u201cFacebook\u201d s\u0259hif\u0259sind\u0259 yaz\u0131 payla\u015f\u0131b\" \/>\n<meta property=\"og:url\" content=\"https:\/\/www.meydan.tv\/az\/article\/hakimiyyete-mesajlar\/\" \/>\n<meta property=\"og:site_name\" content=\"MEYDAN.TV\" \/>\n<meta property=\"article:published_time\" content=\"2018-07-13T20:13:08+00:00\" \/>\n<meta property=\"og:image\" content=\"https:\/\/www.meydan.tv\/wp-content\/uploads\/42315.png\" \/>\n\t<meta property=\"og:image:width\" content=\"1148\" \/>\n\t<meta property=\"og:image:height\" content=\"645\" \/>\n\t<meta property=\"og:image:type\" content=\"image\/png\" \/>\n<meta name=\"author\" content=\"user-manager\" \/>\n<meta name=\"twitter:card\" content=\"summary_large_image\" \/>\n<script type=\"application\/ld+json\" class=\"yoast-schema-graph\">{\"@context\":\"https:\\\/\\\/schema.org\",\"@graph\":[{\"@type\":\"Article\",\"@id\":\"https:\\\/\\\/www.meydan.tv\\\/az\\\/article\\\/hakimiyyete-mesajlar\\\/#article\",\"isPartOf\":{\"@id\":\"https:\\\/\\\/www.meydan.tv\\\/az\\\/article\\\/hakimiyyete-mesajlar\\\/\"},\"author\":{\"name\":\"user-manager\",\"@id\":\"https:\\\/\\\/www.meydan.tv\\\/az\\\/#\\\/schema\\\/person\\\/10d11eccf6da3662cf5fdab9806ea91a\"},\"headline\":\"Hakimiyy\u0259t\u0259 mesajlar\",\"datePublished\":\"2018-07-13T20:13:08+00:00\",\"mainEntityOfPage\":{\"@id\":\"https:\\\/\\\/www.meydan.tv\\\/az\\\/article\\\/hakimiyyete-mesajlar\\\/\"},\"wordCount\":2285,\"publisher\":{\"@id\":\"https:\\\/\\\/www.meydan.tv\\\/az\\\/#organization\"},\"image\":{\"@id\":\"https:\\\/\\\/www.meydan.tv\\\/az\\\/article\\\/hakimiyyete-mesajlar\\\/#primaryimage\"},\"thumbnailUrl\":\"https:\\\/\\\/www.meydan.tv\\\/wp-content\\\/uploads\\\/42315.png\",\"articleSection\":[\"M\u0259nim Fikrimc\u0259\"],\"inLanguage\":\"az\"},{\"@type\":\"WebPage\",\"@id\":\"https:\\\/\\\/www.meydan.tv\\\/az\\\/article\\\/hakimiyyete-mesajlar\\\/\",\"url\":\"https:\\\/\\\/www.meydan.tv\\\/az\\\/article\\\/hakimiyyete-mesajlar\\\/\",\"name\":\"Hakimiyy\u0259t\u0259 mesajlar - MEYDAN.TV\",\"isPartOf\":{\"@id\":\"https:\\\/\\\/www.meydan.tv\\\/az\\\/#website\"},\"primaryImageOfPage\":{\"@id\":\"https:\\\/\\\/www.meydan.tv\\\/az\\\/article\\\/hakimiyyete-mesajlar\\\/#primaryimage\"},\"image\":{\"@id\":\"https:\\\/\\\/www.meydan.tv\\\/az\\\/article\\\/hakimiyyete-mesajlar\\\/#primaryimage\"},\"thumbnailUrl\":\"https:\\\/\\\/www.meydan.tv\\\/wp-content\\\/uploads\\\/42315.png\",\"datePublished\":\"2018-07-13T20:13:08+00:00\",\"breadcrumb\":{\"@id\":\"https:\\\/\\\/www.meydan.tv\\\/az\\\/article\\\/hakimiyyete-mesajlar\\\/#breadcrumb\"},\"inLanguage\":\"az\",\"potentialAction\":[{\"@type\":\"ReadAction\",\"target\":[\"https:\\\/\\\/www.meydan.tv\\\/az\\\/article\\\/hakimiyyete-mesajlar\\\/\"]}]},{\"@type\":\"ImageObject\",\"inLanguage\":\"az\",\"@id\":\"https:\\\/\\\/www.meydan.tv\\\/az\\\/article\\\/hakimiyyete-mesajlar\\\/#primaryimage\",\"url\":\"https:\\\/\\\/www.meydan.tv\\\/wp-content\\\/uploads\\\/42315.png\",\"contentUrl\":\"https:\\\/\\\/www.meydan.tv\\\/wp-content\\\/uploads\\\/42315.png\",\"width\":1148,\"height\":645,\"caption\":\"Source:\"},{\"@type\":\"BreadcrumbList\",\"@id\":\"https:\\\/\\\/www.meydan.tv\\\/az\\\/article\\\/hakimiyyete-mesajlar\\\/#breadcrumb\",\"itemListElement\":[{\"@type\":\"ListItem\",\"position\":1,\"name\":\"Ana s\u0259hif\u0259\",\"item\":\"https:\\\/\\\/www.meydan.tv\\\/az\\\/\"},{\"@type\":\"ListItem\",\"position\":2,\"name\":\"M\u0259nim Fikrimc\u0259\",\"item\":\"https:\\\/\\\/www.meydan.tv\\\/az\\\/section\\\/menim-fikrimce\\\/\"},{\"@type\":\"ListItem\",\"position\":3,\"name\":\"Hakimiyy\u0259t\u0259 mesajlar\"}]},{\"@type\":\"WebSite\",\"@id\":\"https:\\\/\\\/www.meydan.tv\\\/az\\\/#website\",\"url\":\"https:\\\/\\\/www.meydan.tv\\\/az\\\/\",\"name\":\"MEYDAN.TV\",\"description\":\"Meydan TV Az\u0259rbaycan\u0131n media m\u0259kan\u0131ndak\u0131 alternativ s\u0259sidir\",\"publisher\":{\"@id\":\"https:\\\/\\\/www.meydan.tv\\\/az\\\/#organization\"},\"potentialAction\":[{\"@type\":\"SearchAction\",\"target\":{\"@type\":\"EntryPoint\",\"urlTemplate\":\"https:\\\/\\\/www.meydan.tv\\\/az\\\/?s={search_term_string}\"},\"query-input\":{\"@type\":\"PropertyValueSpecification\",\"valueRequired\":true,\"valueName\":\"search_term_string\"}}],\"inLanguage\":\"az\"},{\"@type\":\"Organization\",\"@id\":\"https:\\\/\\\/www.meydan.tv\\\/az\\\/#organization\",\"name\":\"Meydan TV\",\"url\":\"https:\\\/\\\/www.meydan.tv\\\/az\\\/\",\"logo\":{\"@type\":\"ImageObject\",\"inLanguage\":\"az\",\"@id\":\"https:\\\/\\\/www.meydan.tv\\\/az\\\/#\\\/schema\\\/logo\\\/image\\\/\",\"url\":\"https:\\\/\\\/www.meydan.tv\\\/wp-content\\\/uploads\\\/2021\\\/07\\\/meydan-logo.svg\",\"contentUrl\":\"https:\\\/\\\/www.meydan.tv\\\/wp-content\\\/uploads\\\/2021\\\/07\\\/meydan-logo.svg\",\"width\":195,\"height\":46,\"caption\":\"Meydan TV\"},\"image\":{\"@id\":\"https:\\\/\\\/www.meydan.tv\\\/az\\\/#\\\/schema\\\/logo\\\/image\\\/\"}},{\"@type\":\"Person\",\"@id\":\"https:\\\/\\\/www.meydan.tv\\\/az\\\/#\\\/schema\\\/person\\\/10d11eccf6da3662cf5fdab9806ea91a\",\"name\":\"user-manager\"}]}<\/script>\n<!-- \/ Yoast SEO plugin. -->","yoast_head_json":{"title":"Hakimiyy\u0259t\u0259 mesajlar - MEYDAN.TV","robots":{"index":"index","follow":"follow","max-snippet":"max-snippet:-1","max-image-preview":"max-image-preview:large","max-video-preview":"max-video-preview:-1"},"canonical":"https:\/\/www.meydan.tv\/az\/article\/hakimiyyete-mesajlar\/","og_locale":"az_AZ","og_type":"article","og_title":"Hakimiyy\u0259t\u0259 mesajlar - MEYDAN.TV","og_description":"D\u00f6vl\u0259t ba\u015f\u00e7\u0131s\u0131n\u0131n ictimai-siyasi m\u0259s\u0259l\u0259l\u0259r \u00fczr\u0259 k\u00f6m\u0259k\u00e7isi \u018fli H\u0259s\u0259nov G\u0259nc\u0259d\u0259 ba\u015f ver\u0259n hadis\u0259l\u0259r v\u0259 c\u0259miyy\u0259tin buna m\u00fcnasib\u0259ti bar\u0259d\u0259 \u201cFacebook\u201d s\u0259hif\u0259sind\u0259 yaz\u0131 payla\u015f\u0131b","og_url":"https:\/\/www.meydan.tv\/az\/article\/hakimiyyete-mesajlar\/","og_site_name":"MEYDAN.TV","article_published_time":"2018-07-13T20:13:08+00:00","og_image":[{"width":1148,"height":645,"url":"https:\/\/www.meydan.tv\/wp-content\/uploads\/42315.png","type":"image\/png"}],"author":"user-manager","twitter_card":"summary_large_image","schema":{"@context":"https:\/\/schema.org","@graph":[{"@type":"Article","@id":"https:\/\/www.meydan.tv\/az\/article\/hakimiyyete-mesajlar\/#article","isPartOf":{"@id":"https:\/\/www.meydan.tv\/az\/article\/hakimiyyete-mesajlar\/"},"author":{"name":"user-manager","@id":"https:\/\/www.meydan.tv\/az\/#\/schema\/person\/10d11eccf6da3662cf5fdab9806ea91a"},"headline":"Hakimiyy\u0259t\u0259 mesajlar","datePublished":"2018-07-13T20:13:08+00:00","mainEntityOfPage":{"@id":"https:\/\/www.meydan.tv\/az\/article\/hakimiyyete-mesajlar\/"},"wordCount":2285,"publisher":{"@id":"https:\/\/www.meydan.tv\/az\/#organization"},"image":{"@id":"https:\/\/www.meydan.tv\/az\/article\/hakimiyyete-mesajlar\/#primaryimage"},"thumbnailUrl":"https:\/\/www.meydan.tv\/wp-content\/uploads\/42315.png","articleSection":["M\u0259nim Fikrimc\u0259"],"inLanguage":"az"},{"@type":"WebPage","@id":"https:\/\/www.meydan.tv\/az\/article\/hakimiyyete-mesajlar\/","url":"https:\/\/www.meydan.tv\/az\/article\/hakimiyyete-mesajlar\/","name":"Hakimiyy\u0259t\u0259 mesajlar - MEYDAN.TV","isPartOf":{"@id":"https:\/\/www.meydan.tv\/az\/#website"},"primaryImageOfPage":{"@id":"https:\/\/www.meydan.tv\/az\/article\/hakimiyyete-mesajlar\/#primaryimage"},"image":{"@id":"https:\/\/www.meydan.tv\/az\/article\/hakimiyyete-mesajlar\/#primaryimage"},"thumbnailUrl":"https:\/\/www.meydan.tv\/wp-content\/uploads\/42315.png","datePublished":"2018-07-13T20:13:08+00:00","breadcrumb":{"@id":"https:\/\/www.meydan.tv\/az\/article\/hakimiyyete-mesajlar\/#breadcrumb"},"inLanguage":"az","potentialAction":[{"@type":"ReadAction","target":["https:\/\/www.meydan.tv\/az\/article\/hakimiyyete-mesajlar\/"]}]},{"@type":"ImageObject","inLanguage":"az","@id":"https:\/\/www.meydan.tv\/az\/article\/hakimiyyete-mesajlar\/#primaryimage","url":"https:\/\/www.meydan.tv\/wp-content\/uploads\/42315.png","contentUrl":"https:\/\/www.meydan.tv\/wp-content\/uploads\/42315.png","width":1148,"height":645,"caption":"Source:"},{"@type":"BreadcrumbList","@id":"https:\/\/www.meydan.tv\/az\/article\/hakimiyyete-mesajlar\/#breadcrumb","itemListElement":[{"@type":"ListItem","position":1,"name":"Ana s\u0259hif\u0259","item":"https:\/\/www.meydan.tv\/az\/"},{"@type":"ListItem","position":2,"name":"M\u0259nim Fikrimc\u0259","item":"https:\/\/www.meydan.tv\/az\/section\/menim-fikrimce\/"},{"@type":"ListItem","position":3,"name":"Hakimiyy\u0259t\u0259 mesajlar"}]},{"@type":"WebSite","@id":"https:\/\/www.meydan.tv\/az\/#website","url":"https:\/\/www.meydan.tv\/az\/","name":"MEYDAN.TV","description":"Meydan TV Az\u0259rbaycan\u0131n media m\u0259kan\u0131ndak\u0131 alternativ s\u0259sidir","publisher":{"@id":"https:\/\/www.meydan.tv\/az\/#organization"},"potentialAction":[{"@type":"SearchAction","target":{"@type":"EntryPoint","urlTemplate":"https:\/\/www.meydan.tv\/az\/?s={search_term_string}"},"query-input":{"@type":"PropertyValueSpecification","valueRequired":true,"valueName":"search_term_string"}}],"inLanguage":"az"},{"@type":"Organization","@id":"https:\/\/www.meydan.tv\/az\/#organization","name":"Meydan TV","url":"https:\/\/www.meydan.tv\/az\/","logo":{"@type":"ImageObject","inLanguage":"az","@id":"https:\/\/www.meydan.tv\/az\/#\/schema\/logo\/image\/","url":"https:\/\/www.meydan.tv\/wp-content\/uploads\/2021\/07\/meydan-logo.svg","contentUrl":"https:\/\/www.meydan.tv\/wp-content\/uploads\/2021\/07\/meydan-logo.svg","width":195,"height":46,"caption":"Meydan TV"},"image":{"@id":"https:\/\/www.meydan.tv\/az\/#\/schema\/logo\/image\/"}},{"@type":"Person","@id":"https:\/\/www.meydan.tv\/az\/#\/schema\/person\/10d11eccf6da3662cf5fdab9806ea91a","name":"user-manager"}]}},"_links":{"self":[{"href":"https:\/\/www.meydan.tv\/az\/wp-json\/wp\/v2\/posts\/190846","targetHints":{"allow":["GET"]}}],"collection":[{"href":"https:\/\/www.meydan.tv\/az\/wp-json\/wp\/v2\/posts"}],"about":[{"href":"https:\/\/www.meydan.tv\/az\/wp-json\/wp\/v2\/types\/post"}],"author":[{"embeddable":true,"href":"https:\/\/www.meydan.tv\/az\/wp-json\/wp\/v2\/users\/11"}],"replies":[{"embeddable":true,"href":"https:\/\/www.meydan.tv\/az\/wp-json\/wp\/v2\/comments?post=190846"}],"version-history":[{"count":0,"href":"https:\/\/www.meydan.tv\/az\/wp-json\/wp\/v2\/posts\/190846\/revisions"}],"wp:featuredmedia":[{"embeddable":true,"href":"https:\/\/www.meydan.tv\/az\/wp-json\/wp\/v2\/media\/106547"}],"wp:attachment":[{"href":"https:\/\/www.meydan.tv\/az\/wp-json\/wp\/v2\/media?parent=190846"}],"wp:term":[{"taxonomy":"category","embeddable":true,"href":"https:\/\/www.meydan.tv\/az\/wp-json\/wp\/v2\/categories?post=190846"},{"taxonomy":"post_tag","embeddable":true,"href":"https:\/\/www.meydan.tv\/az\/wp-json\/wp\/v2\/tags?post=190846"}],"curies":[{"name":"wp","href":"https:\/\/api.w.org\/{rel}","templated":true}]}}