{"id":190791,"date":"2018-07-10T18:59:31","date_gmt":"2018-07-10T18:59:31","guid":{"rendered":"https:\/\/www.meydan.tv\/article\/hakimiyyetin-daha-bir-uguru\/"},"modified":"2018-07-10T18:59:31","modified_gmt":"2018-07-10T18:59:31","slug":"hakimiyyetin-daha-bir-uguru","status":"publish","type":"post","link":"https:\/\/www.meydan.tv\/az\/article\/hakimiyyetin-daha-bir-uguru\/","title":{"rendered":"Hakimiyy\u0259tin daha bir &#8221;u\u011fur&#8221;u"},"content":{"rendered":"<p>\n  Hakimiyy\u0259t \u00fcr\u0259k a\u011fr\u0131s\u0131 il\u0259 anlay\u0131r ki, Az\u0259rbaycan xalq\u0131 d\u00fcnyadan geri qal\u0131b. Bu geriliyi aradan qald\u0131rmaq \u00fc\u00e7\u00fcn \u0259lind\u0259n g\u0259l\u0259ni edir.\n<\/p>\n<p>\n  Avropan\u0131n qabaqc\u0131l \u00f6lk\u0259l\u0259rind\u0259 \u201cEurovision\u201d m\u00fcsabiq\u0259si ke\u00e7irilirdi. Az\u0259rbaycanda ke\u00e7irilirdimi? Yox. Biz gerid\u0259 qalm\u0131\u015fd\u0131q. Xalq\u0131m\u0131z bilmirdi \u201cEurovision\u201d n\u0259dir. Hakimiyy\u0259timiz h\u0259dsiz s\u0259y g\u00f6st\u0259rib, bir \u0259t\u0259k pul t\u00f6k\u00fcb bu m\u00fcsabiq\u0259nin Az\u0259rbaycanda ke\u00e7m\u0259sin\u0259 nail oldu. Xalq\u0131m\u0131z, n\u0259hay\u0259t, bildi ki, \u201cEurovision\u201d n\u0259 olan \u015feydir.\n<\/p>\n<p>\n  D\u00fcnyan\u0131n z\u0259ngin v\u0259 h\u00f6rm\u0259tli \u00f6lk\u0259l\u0259rind\u0259 \u201cFormula \u2013 1\u201d yar\u0131\u015flar\u0131 ke\u00e7irilirdi. Az\u0259rbaycanda bu yar\u0131\u015flar ke\u00e7irilirdimi? Yox. Xalq\u0131m\u0131z he\u00e7 t\u0259s\u0259vv\u00fcr\u00fcn\u0259 g\u0259tirmirdi ki, bel\u0259 maraql\u0131 v\u0259 m\u0259\u015fhur yar\u0131\u015flar var. Hakimiyy\u0259timiz laz\u0131m olan h\u00f6rm\u0259ti etdi v\u0259 bir \u0259t\u0259k pul t\u00f6k\u00fcb bu yar\u0131\u015flar\u0131 Bak\u0131da t\u0259\u015fkil ed\u0259 bildi. Az\u0259rbaycan xalq\u0131, n\u0259hay\u0259t ki, \u201cFormula-1\u201d yar\u0131\u015flar\u0131n\u0131n n\u0259 oldu\u011funu anlad\u0131.\n<\/p>\n<p>\n  H\u0259m\u00e7inin hakimiyy\u0259timiz milyardlarla dollar x\u0259rcl\u0259yib Panavropa oyunlar\u0131, qad\u0131nlar aras\u0131nda fitbol, b\u0259dii gimnastika, boks v\u0259 can\u0131m s\u0259n\u0259 n\u0259 desin, \u00fczg\u00fc\u00e7\u00fcl\u00fck yar\u0131\u015flar\u0131 ke\u00e7irib xalq\u0131m\u0131z\u0131 gerilik bataql\u0131\u011f\u0131ndan \u00e7\u0131xarmaq \u00fc\u00e7\u00fcn \u0259z\u0259m\u0259tli s\u0259yl\u0259r s\u0259rf etdi.\n<\/p>\n<p>\n  B\u00fct\u00fcn d\u00fcnya terrorizm\u0259 qar\u015f\u0131 m\u00fcbariz\u0259 il\u0259 m\u0259\u015f\u011fuldur. Lakin Az\u0259rbaycanda milli terror n\u00fcmun\u0259l\u0259ri yoxdur. Erm\u0259ni terroru var, lakin Q\u0259rb d\u00fcnyas\u0131 onu g\u00f6rm\u00fcr v\u0259 onu he\u00e7 terror saym\u0131r. Hakimiyy\u0259tin s\u0131ravi v\u0259t\u0259nda\u015flara qar\u015f\u0131 terroru da vec\u0259 g\u0259lmir. Xalq\u0131m\u0131z is\u0259 terrorun n\u0259 q\u0259d\u0259r m\u00fcasir bir \u015fey oldu\u011funu he\u00e7 c\u00fcr anlamaq ist\u0259mir.\n<\/p>\n<p>\n  C\u0259nab prezidentin m\u00fcvafiq s\u0259r\u0259ncam v\u0259 g\u00f6st\u0259ri\u015fl\u0259rini canla-ba\u015fla icra ed\u0259n m\u0259murlar\u0131m\u0131z gec\u0259-g\u00fcnd\u00fcz \u00e7al\u0131\u015f\u0131rd\u0131lar ki, xalq\u0131m\u0131z m\u00fcasir terror m\u0259d\u0259niyy\u0259ti il\u0259 yax\u0131ndan tan\u0131\u015f olsun. Lakin bu c\u0259hdl\u0259r he\u00e7 bir s\u0259m\u0259r\u0259 vermirdi.\n<\/p>\n<p>\n  H\u0259mkarlar Konfederasiyas\u0131n\u0131n s\u0259dri bir Qaraba\u011f qazisinin ruzusunu bil\u0259r\u0259kd\u0259n \u0259lind\u0259n al\u0131rd\u0131. Ey Qaraba\u011f qazisi! S\u0259n ax\u0131 qazis\u0259n! N\u0259 etm\u0259lis\u0259n? H\u00fcququnu nec\u0259 qorumal\u0131san? Ax\u0131 s\u0259n d\u00f6y\u00fc\u015f, \u00f6l\u00fcm-itim g\u00f6rm\u00fc\u015f adamsan! N\u0259 etm\u0259lis\u0259n? Di g\u00f6st\u0259r xalqa s\u0259n nec\u0259 igid qazis\u0259n!\n<\/p>\n<p>\n  Heyhat! Konfederasiya s\u0259drinin s\u0259yi he\u00e7 bir fayda verm\u0259di. Bu Qaraba\u011f qazisi etm\u0259li oldu\u011fu i\u015fi g\u00f6rm\u0259di. Tam t\u0259rsin\u0259 etdi! Ba\u015f\u0131na benzin t\u00f6k\u00fcb \u00f6z\u00fcn\u00fc yand\u0131rd\u0131. Xalq\u0131n ba\u015f\u0131n\u0131 yer\u0259 soxdu, hakimiyy\u0259tin s\u0259yl\u0259rini pu\u00e7a \u00e7\u0131xard\u0131. Terror m\u0259d\u0259niyy\u0259tinin \u00e7i\u00e7\u0259kl\u0259ndiyi qabaqc\u0131l Avropa \u00f6lk\u0259l\u0259rin\u0259 \u00e7atmaq imkan\u0131n\u0131 fot\u0259 verdi.\n<\/p>\n<p>\n  M\u00f6ht\u0259r\u0259m c\u0259nab prezident yen\u0259 icra ba\u015f\u00e7\u0131lar\u0131na, polis zabitl\u0259rin\u0259 v\u0259 prokurorlara m\u00f6hk\u0259m-m\u00f6hk\u0259m tap\u015f\u0131rd\u0131 ki, m\u00fcasir terror m\u0259d\u0259niyy\u0259tinin g\u0259lib qap\u0131lar\u0131m\u0131z\u0131 d\u00f6ym\u0259si \u00fc\u00e7\u00fcn s\u0259yl\u0259rini g\u00fccl\u0259ndirsinl\u0259r.\n<\/p>\n<p>\n  Onlar bu tap\u015f\u0131r\u0131\u011f\u0131 yerin\u0259 yetirm\u0259k \u00fc\u00e7\u00fcn n\u0259l\u0259ri daha etm\u0259dil\u0259r! V\u0259t\u0259nda\u015flar\u0131n siyasi, m\u0259d\u0259ni, m\u0259i\u015f\u0259t, milli, sosial h\u00fcquqlar\u0131n\u0131 h\u0259r g\u00fcn v\u0259 h\u0259r saat, h\u0259r d\u0259qiq\u0259 v\u0259 h\u0259r saniy\u0259 pozmaq sah\u0259sind\u0259 \u0259ll\u0259rind\u0259n g\u0259l\u0259ni be\u015f qaba \u00e7\u0259kdil\u0259r. V\u0259t\u0259nda\u015f\u0131n cibin\u0259 girdil\u0259r, m\u00fclkiyy\u0259tini ald\u0131lar, v\u0259t\u0259nda\u015f\u0131 s\u00f6yd\u00fcl\u0259r, d\u00f6yd\u00fcl\u0259r, t\u0259pikl\u0259dil\u0259r, yumruqlad\u0131lar, \u015fill\u0259l\u0259dil\u0259r, sif\u0259tin\u0259 t\u00fcp\u00fcrd\u00fcl\u0259r&#8230;\n<\/p>\n<p>\n  Xeyri olmad\u0131. Onda ke\u00e7dil\u0259r v\u0259t\u0259nda\u015f\u0131n ail\u0259 \u00fczvl\u0259rini t\u0259hqir etm\u0259y\u0259: ana-bac\u0131s\u0131n\u0131, \u00f6vr\u0259tini, q\u0131zlar\u0131n\u0131&#8230;\n<\/p>\n<p>\n  N\u0259tic\u0259 al\u0131ns\u0131n dey\u0259 bir polis zabiti h\u0259tta yetkinlik ya\u015f\u0131na \u00e7atmam\u0131\u015f bir q\u0131zc\u0131\u011faz\u0131 zorlamal\u0131 oldu.\n<\/p>\n<p>\n  Yen\u0259 n\u0259tic\u0259 al\u0131nmad\u0131. Q\u0131zc\u0131\u011faz\u0131n valideyni terror \u0259v\u0259zin\u0259 ka\u011f\u0131za bir \u015fikay\u0259t yaz\u0131b utanmaz-utanmaz m\u0259hk\u0259m\u0259y\u0259 v\u0259 insan h\u00fcquqlar\u0131n\u0131 m\u00fcdafi\u0259 ed\u0259n xan\u0131mlara m\u00fcraci\u0259t etdil\u0259r.\n<\/p>\n<p>\n  B\u0259li, m\u0259murlar basq\u0131n\u0131 v\u0259 s\u0259yl\u0259rini-\u00e7abalar\u0131n\u0131 zil\u0259 \u00e7atd\u0131rmal\u0131 oldular. Di g\u0259l ki, onlar n\u0259tic\u0259 hasil etm\u0259k \u00fc\u00e7\u00fcn z\u00fclm\u00fc n\u0259 q\u0259d\u0259r g\u00fccl\u0259ndirirdil\u0259rs\u0259, n\u00fcmun\u0259vi Az\u0259rbaycan v\u0259t\u0259nda\u015flar\u0131 d\u00fcnyan\u0131n m\u00fcasir terror m\u0259d\u0259niyy\u0259tind\u0259n bir o q\u0259d\u0259r geri qald\u0131qlar\u0131n\u0131 dan\u0131lmaz t\u0259rzd\u0259 s\u00fcbut edirdil\u0259r.\n<\/p>\n<p>\n  Biz, b\u00fct\u00fcn d\u00fcnyan\u0131n g\u00f6z\u00fcnd\u0259 biab\u0131r olurduq. H\u0259ft\u0259 s\u0259kkiz, m\u0259n doqquz bir d\u0259n\u0259 n\u00fcmun\u0259vi terror hadis\u0259si t\u00f6r\u0259d\u0259n erm\u0259nil\u0259r biz\u0259 g\u00fcl\u00fcrd\u00fcl\u0259r!\n<\/p>\n<p>\n  Prezidentin tap\u015f\u0131r\u0131\u011f\u0131n\u0131 yerin\u0259 yetirm\u0259k \u00fc\u00e7\u00fcn ham\u0131dan \u00e7ox canf\u0259\u015fanl\u0131\u011f\u0131 m\u00f6ht\u0259r\u0259m Elmar V\u0259liyev edirdi. M\u0259hz o, G\u0259nc\u0259 \u015f\u0259h\u0259rinin icra ba\u015f\u00e7\u0131s\u0131 v\u0259zif\u0259sind\u0259 k\u00fcl\u00fcng vuraraq dig\u0259r m\u0259murlara nisb\u0259t\u0259n h\u0259r \u015fey edirdi ki, m\u00fcasir terror m\u0259d\u0259niyy\u0259ti, n\u0259hay\u0259t ki, Az\u0259rbaycana ayaq a\u00e7s\u0131n.\n<\/p>\n<p>\n  G\u0259nc\u0259lil\u0259rin mal\u0131n\u0131-m\u00fclk\u00fcn\u00fc \u0259lind\u0259n al\u0131rd\u0131. D\u00f6z\u00fcrd\u00fcl\u0259r. \u015e\u0259rl\u0259yib tutdururdu. D\u00f6z\u00fcrd\u00fcl\u0259r. S\u00f6y\u00fcrd\u00fc, d\u00f6y\u00fcrd\u00fc. D\u00f6z\u00fcrd\u00fcl\u0259r. Bir il, iki il, \u00fc\u00e7 il&#8230; D\u00f6z\u00fcrd\u00fcl\u0259r.<br \/>\n  <br \/>\n  Allah-Allah, bu, n\u0259 m\u00f6hn\u0259tdir! Daha n\u0259 etm\u0259li ki, g\u0259nc\u0259lil\u0259rin, b\u00fct\u00fcn az\u0259rbaycanl\u0131lar\u0131n \u015firin yuxuya getmi\u015f namus-qeyr\u0259ti oyans\u0131n, onlar, n\u0259hay\u0259t ki, b\u00fct\u00fcn d\u00fcnya il\u0259 ayaqla\u015fan add\u0131mlar ats\u0131nlar.\n<\/p>\n<p>\n  Ur-ra! N\u0259hay\u0259t ki, al\u0131nd\u0131. N\u0259hay\u0259t ki, Elmar V\u0259liyev prezidentin tap\u015f\u0131r\u0131\u011f\u0131n\u0131 yerin\u0259 yetirdi. Can\u0131n\u0131n bahas\u0131na da olsa, icra etdi!\n<\/p>\n<p>\n  Bunun \u00fc\u00e7\u00fcn, o, n\u00fcmun\u0259vi bir \u0259m\u0259liyyat h\u0259yata ke\u00e7irdi. Yay\u0131lan m\u0259lumata g\u00f6r\u0259, yan\u0131na hans\u0131sa qay\u011f\u0131s\u0131n\u0131 b\u00f6l\u00fc\u015fm\u0259k niyy\u0259ti il\u0259 g\u0259lmi\u015f hamil\u0259 bir qad\u0131n\u0131 t\u0259hqir etdi v\u0259 qovdu. Sonra is\u0259 onun bu \u0259m\u0259lind\u0259n \u015fikay\u0259t\u0259 g\u0259lmi\u015f qarda\u015f\u0131n\u0131 ac\u0131lad\u0131. Qarda\u015f dedi ki, \u201cs\u0259ni vuraca\u011fam!\u201d Elmar V\u0259liyev dedi ki, \u201cEl\u0259-hey v\u0259d edirsiniz, ham\u0131n\u0131z da v\u0259d\u0259 xilaf \u00e7\u0131x\u0131rs\u0131n\u0131z!\u201d\n<\/p>\n<p>\n  Bu Yunus adl\u0131 ki\u015fi n\u0259hay\u0259t ki, verdiyi s\u00f6z\u0259 \u0259m\u0259l etdi. Elmar V\u0259liyevi d\u0259, cang\u00fcd\u0259nini d\u0259 g\u00fcll\u0259 il\u0259 vurdu.\n<\/p>\n<p>\n  Bel\u0259likl\u0259, m\u0259murlar\u0131n ciddi s\u0259yl\u0259ri n\u0259tic\u0259sind\u0259 m\u00fcasir d\u00fcnyan\u0131n terror m\u0259d\u0259niyy\u0259ti \u00f6lk\u0259miz\u0259 ayaq a\u00e7d\u0131. Daha he\u00e7 k\u0259s dey\u0259 bilm\u0259z ki, Az\u0259rbaycanda terror yoxdur. Xeyr, Az\u0259rbaycanda terror var!\n<\/p>\n<p>\n  B\u0259li, ind\u0259n bel\u0259 Az\u0259rbaycan hakimiyy\u0259ti d\u00fcnyan\u0131n gec\u0259-g\u00fcnd\u00fcz terrorla m\u00fcbariz\u0259 aparan d\u00f6vl\u0259tl\u0259rin\u0259 q\u00fcrurla dey\u0259 bil\u0259r ki, \u201cbiz d\u0259 var\u0131q!\u201d\n<\/p>\n<p>\n  \u0130nki\u015faf etmi\u015f Q\u0259rb terrorla nec\u0259 m\u00fcbariz\u0259 apar\u0131rd\u0131? Sistemli v\u0259 m\u0259ntiqli! B\u0259li, bir t\u0259r\u0259fd\u0259n terrorun \u00e7i\u00e7\u0259kl\u0259nm\u0259si \u00fc\u00e7\u00fcn b\u00fct\u00fcn laz\u0131m\u0131 t\u0259dbirl\u0259ri g\u00f6r\u00fcrd\u00fcl\u0259r, y\u0259ni b\u0259db\u0259xt m\u00fcs\u0259lmanlar\u0131n torpaqlar\u0131n\u0131 i\u015f\u011fal edirdil\u0259r, zavall\u0131 m\u00fcs\u0259lmanlar\u0131n h\u00fcquqlar\u0131n\u0131 v\u0259 mal\u0131n\u0131 q\u0259sb ed\u0259n zal\u0131m m\u00fcst\u0259bidl\u0259r\u0259 v\u0259 t\u0259cav\u00fczkarlara b\u00fct\u00fcn m\u00fcy\u0259ss\u0259r v\u0259 h\u0259rt\u0259r\u0259fli d\u0259st\u0259yi verirdil\u0259r, sad\u0259l\u00f6vh m\u00fcs\u0259lmanlar\u0131n beyn\u0259lxalq h\u00fcquqa v\u0259 m\u0259hk\u0259m\u0259l\u0259r\u0259 olan b\u00fct\u00fcn m\u00fcraci\u0259tl\u0259rin\u0259 h\u0259yas\u0131zl\u0131qla r\u0259dd cavab\u0131 verirdil\u0259r, b\u00fct\u00fcn yollar\u0131 ba\u011flanm\u0131\u015f, m\u00fcasir d\u00fcnyada \u0259dal\u0259t\u0259 \u00fcmidl\u0259ri q\u0131r\u0131lm\u0131\u015f bi\u00e7ar\u0259 m\u00fcs\u0259lmanlar avtomat v\u0259 qumbara il\u0259 terror \u0259m\u0259liyyatlar\u0131na ba\u015flayanda Q\u0259rb haray-h\u0259\u015fir qopar\u0131b beyn\u0259lxalq terrora qar\u015f\u0131 m\u00fcbariz\u0259ni qanadl\u0131 raketl\u0259rl\u0259, q\u0131r\u0131c\u0131 t\u0259yyar\u0259 v\u0259 bombalarla aparma\u011fa ba\u015flay\u0131rd\u0131lar.\n<\/p>\n<p>\n  Olurdu \u0259la bir oyun, terrora qar\u015f\u0131 sonsuz v\u0259 \u00e7ox m\u0259nf\u0259\u0259tli bir m\u00fcbariz\u0259.\n<\/p>\n<p>\n  Terrora qar\u015f\u0131 m\u00fcbariz\u0259 biznesi m\u00fcasir d\u00fcnya siyas\u0259tinin \u0259n t\u0259sirli v\u0259 xeyirli sah\u0259l\u0259rind\u0259n biridir.\n<\/p>\n<p>\n  Odur ki, c\u0259nab Elmar V\u0259liyevin \u00f6z \u0259ziz can\u0131 hesab\u0131na Az\u0259rbaycana g\u0259tirdiyi bu \u0259n m\u00fcasir terror m\u0259d\u0259niyy\u0259ti n\u00fcmun\u0259si he\u00e7 bir \u015f\u00fcbh\u0259 olmadan g\u0259tirilib qoyulmal\u0131d\u0131r mill\u0259tin ba\u015f\u0131n\u0131 uca ed\u0259n \u00abEurovision\u00bb v\u0259 \u00abFormula-1\u00bb il\u0259 yana\u015f\u0131.\n<\/p>\n<p>\n  <b><br \/>\n    <i><br \/>\n      Yaz\u0131 m\u00fc\u0259llifin fikirl\u0259rini \u0259ks etdirir v\u0259 Meydan TV-nin m\u00f6vqeyi il\u0259 \u00fcst-\u00fcst\u0259 d\u00fc\u015fm\u0259y\u0259 bil\u0259r.<br \/>\n    <\/i><br \/>\n  <\/b><\/p>\n","protected":false},"excerpt":{"rendered":"<p>Hakimiyy\u0259t \u00fcr\u0259k a\u011fr\u0131s\u0131 il\u0259 anlay\u0131r ki, Az\u0259rbaycan xalq\u0131 d\u00fcnyadan geri qal\u0131b<\/p>\n","protected":false},"author":11,"featured_media":106376,"comment_status":"closed","ping_status":"open","sticky":false,"template":"","format":"standard","meta":{"_acf_changed":false,"_sitemap_exclude":false,"_sitemap_priority":"","_sitemap_frequency":"","footnotes":""},"categories":[57],"tags":[],"class_list":["post-190791","post","type-post","status-publish","format-standard","has-post-thumbnail","hentry","category-menim-fikrimce","infinite-scroll-item","generate-columns","tablet-grid-50","mobile-grid-100","grid-parent","grid-33","no-featured-image-padding"],"acf":[],"yoast_head":"<!-- This site is optimized with the Yoast SEO plugin v27.4 - https:\/\/yoast.com\/product\/yoast-seo-wordpress\/ -->\n<title>Hakimiyy\u0259tin daha bir &#039;&#039;u\u011fur&#039;&#039;u - MEYDAN.TV<\/title>\n<meta name=\"robots\" content=\"index, follow, max-snippet:-1, max-image-preview:large, max-video-preview:-1\" \/>\n<link rel=\"canonical\" href=\"https:\/\/www.meydan.tv\/az\/article\/hakimiyyetin-daha-bir-uguru\/\" \/>\n<meta property=\"og:locale\" content=\"az_AZ\" \/>\n<meta property=\"og:type\" content=\"article\" \/>\n<meta property=\"og:title\" content=\"Hakimiyy\u0259tin daha bir &#039;&#039;u\u011fur&#039;&#039;u - MEYDAN.TV\" \/>\n<meta property=\"og:description\" content=\"Hakimiyy\u0259t \u00fcr\u0259k a\u011fr\u0131s\u0131 il\u0259 anlay\u0131r ki, Az\u0259rbaycan xalq\u0131 d\u00fcnyadan geri qal\u0131b\" \/>\n<meta property=\"og:url\" content=\"https:\/\/www.meydan.tv\/az\/article\/hakimiyyetin-daha-bir-uguru\/\" \/>\n<meta property=\"og:site_name\" content=\"MEYDAN.TV\" \/>\n<meta property=\"article:published_time\" content=\"2018-07-10T18:59:31+00:00\" \/>\n<meta property=\"og:image\" content=\"https:\/\/www.meydan.tv\/wp-content\/uploads\/42251.jpg\" \/>\n\t<meta property=\"og:image:width\" content=\"1941\" \/>\n\t<meta property=\"og:image:height\" content=\"1292\" \/>\n\t<meta property=\"og:image:type\" content=\"image\/jpeg\" \/>\n<meta name=\"author\" content=\"user-manager\" \/>\n<meta name=\"twitter:card\" content=\"summary_large_image\" \/>\n<script type=\"application\/ld+json\" class=\"yoast-schema-graph\">{\"@context\":\"https:\\\/\\\/schema.org\",\"@graph\":[{\"@type\":\"Article\",\"@id\":\"https:\\\/\\\/www.meydan.tv\\\/az\\\/article\\\/hakimiyyetin-daha-bir-uguru\\\/#article\",\"isPartOf\":{\"@id\":\"https:\\\/\\\/www.meydan.tv\\\/az\\\/article\\\/hakimiyyetin-daha-bir-uguru\\\/\"},\"author\":{\"name\":\"user-manager\",\"@id\":\"https:\\\/\\\/www.meydan.tv\\\/az\\\/#\\\/schema\\\/person\\\/10d11eccf6da3662cf5fdab9806ea91a\"},\"headline\":\"Hakimiyy\u0259tin daha bir &#8221;u\u011fur&#8221;u\",\"datePublished\":\"2018-07-10T18:59:31+00:00\",\"mainEntityOfPage\":{\"@id\":\"https:\\\/\\\/www.meydan.tv\\\/az\\\/article\\\/hakimiyyetin-daha-bir-uguru\\\/\"},\"wordCount\":1542,\"publisher\":{\"@id\":\"https:\\\/\\\/www.meydan.tv\\\/az\\\/#organization\"},\"image\":{\"@id\":\"https:\\\/\\\/www.meydan.tv\\\/az\\\/article\\\/hakimiyyetin-daha-bir-uguru\\\/#primaryimage\"},\"thumbnailUrl\":\"https:\\\/\\\/www.meydan.tv\\\/wp-content\\\/uploads\\\/42251.jpg\",\"articleSection\":[\"M\u0259nim Fikrimc\u0259\"],\"inLanguage\":\"az\"},{\"@type\":\"WebPage\",\"@id\":\"https:\\\/\\\/www.meydan.tv\\\/az\\\/article\\\/hakimiyyetin-daha-bir-uguru\\\/\",\"url\":\"https:\\\/\\\/www.meydan.tv\\\/az\\\/article\\\/hakimiyyetin-daha-bir-uguru\\\/\",\"name\":\"Hakimiyy\u0259tin daha bir ''u\u011fur''u - MEYDAN.TV\",\"isPartOf\":{\"@id\":\"https:\\\/\\\/www.meydan.tv\\\/az\\\/#website\"},\"primaryImageOfPage\":{\"@id\":\"https:\\\/\\\/www.meydan.tv\\\/az\\\/article\\\/hakimiyyetin-daha-bir-uguru\\\/#primaryimage\"},\"image\":{\"@id\":\"https:\\\/\\\/www.meydan.tv\\\/az\\\/article\\\/hakimiyyetin-daha-bir-uguru\\\/#primaryimage\"},\"thumbnailUrl\":\"https:\\\/\\\/www.meydan.tv\\\/wp-content\\\/uploads\\\/42251.jpg\",\"datePublished\":\"2018-07-10T18:59:31+00:00\",\"breadcrumb\":{\"@id\":\"https:\\\/\\\/www.meydan.tv\\\/az\\\/article\\\/hakimiyyetin-daha-bir-uguru\\\/#breadcrumb\"},\"inLanguage\":\"az\",\"potentialAction\":[{\"@type\":\"ReadAction\",\"target\":[\"https:\\\/\\\/www.meydan.tv\\\/az\\\/article\\\/hakimiyyetin-daha-bir-uguru\\\/\"]}]},{\"@type\":\"ImageObject\",\"inLanguage\":\"az\",\"@id\":\"https:\\\/\\\/www.meydan.tv\\\/az\\\/article\\\/hakimiyyetin-daha-bir-uguru\\\/#primaryimage\",\"url\":\"https:\\\/\\\/www.meydan.tv\\\/wp-content\\\/uploads\\\/42251.jpg\",\"contentUrl\":\"https:\\\/\\\/www.meydan.tv\\\/wp-content\\\/uploads\\\/42251.jpg\",\"width\":1941,\"height\":1292,\"caption\":\"Source:\"},{\"@type\":\"BreadcrumbList\",\"@id\":\"https:\\\/\\\/www.meydan.tv\\\/az\\\/article\\\/hakimiyyetin-daha-bir-uguru\\\/#breadcrumb\",\"itemListElement\":[{\"@type\":\"ListItem\",\"position\":1,\"name\":\"Ana s\u0259hif\u0259\",\"item\":\"https:\\\/\\\/www.meydan.tv\\\/az\\\/\"},{\"@type\":\"ListItem\",\"position\":2,\"name\":\"M\u0259nim Fikrimc\u0259\",\"item\":\"https:\\\/\\\/www.meydan.tv\\\/az\\\/section\\\/menim-fikrimce\\\/\"},{\"@type\":\"ListItem\",\"position\":3,\"name\":\"Hakimiyy\u0259tin daha bir &#8221;u\u011fur&#8221;u\"}]},{\"@type\":\"WebSite\",\"@id\":\"https:\\\/\\\/www.meydan.tv\\\/az\\\/#website\",\"url\":\"https:\\\/\\\/www.meydan.tv\\\/az\\\/\",\"name\":\"MEYDAN.TV\",\"description\":\"Meydan TV Az\u0259rbaycan\u0131n media m\u0259kan\u0131ndak\u0131 alternativ s\u0259sidir\",\"publisher\":{\"@id\":\"https:\\\/\\\/www.meydan.tv\\\/az\\\/#organization\"},\"potentialAction\":[{\"@type\":\"SearchAction\",\"target\":{\"@type\":\"EntryPoint\",\"urlTemplate\":\"https:\\\/\\\/www.meydan.tv\\\/az\\\/?s={search_term_string}\"},\"query-input\":{\"@type\":\"PropertyValueSpecification\",\"valueRequired\":true,\"valueName\":\"search_term_string\"}}],\"inLanguage\":\"az\"},{\"@type\":\"Organization\",\"@id\":\"https:\\\/\\\/www.meydan.tv\\\/az\\\/#organization\",\"name\":\"Meydan TV\",\"url\":\"https:\\\/\\\/www.meydan.tv\\\/az\\\/\",\"logo\":{\"@type\":\"ImageObject\",\"inLanguage\":\"az\",\"@id\":\"https:\\\/\\\/www.meydan.tv\\\/az\\\/#\\\/schema\\\/logo\\\/image\\\/\",\"url\":\"https:\\\/\\\/www.meydan.tv\\\/wp-content\\\/uploads\\\/2021\\\/07\\\/meydan-logo.svg\",\"contentUrl\":\"https:\\\/\\\/www.meydan.tv\\\/wp-content\\\/uploads\\\/2021\\\/07\\\/meydan-logo.svg\",\"width\":195,\"height\":46,\"caption\":\"Meydan TV\"},\"image\":{\"@id\":\"https:\\\/\\\/www.meydan.tv\\\/az\\\/#\\\/schema\\\/logo\\\/image\\\/\"}},{\"@type\":\"Person\",\"@id\":\"https:\\\/\\\/www.meydan.tv\\\/az\\\/#\\\/schema\\\/person\\\/10d11eccf6da3662cf5fdab9806ea91a\",\"name\":\"user-manager\"}]}<\/script>\n<!-- \/ Yoast SEO plugin. -->","yoast_head_json":{"title":"Hakimiyy\u0259tin daha bir ''u\u011fur''u - MEYDAN.TV","robots":{"index":"index","follow":"follow","max-snippet":"max-snippet:-1","max-image-preview":"max-image-preview:large","max-video-preview":"max-video-preview:-1"},"canonical":"https:\/\/www.meydan.tv\/az\/article\/hakimiyyetin-daha-bir-uguru\/","og_locale":"az_AZ","og_type":"article","og_title":"Hakimiyy\u0259tin daha bir ''u\u011fur''u - MEYDAN.TV","og_description":"Hakimiyy\u0259t \u00fcr\u0259k a\u011fr\u0131s\u0131 il\u0259 anlay\u0131r ki, Az\u0259rbaycan xalq\u0131 d\u00fcnyadan geri qal\u0131b","og_url":"https:\/\/www.meydan.tv\/az\/article\/hakimiyyetin-daha-bir-uguru\/","og_site_name":"MEYDAN.TV","article_published_time":"2018-07-10T18:59:31+00:00","og_image":[{"width":1941,"height":1292,"url":"https:\/\/www.meydan.tv\/wp-content\/uploads\/42251.jpg","type":"image\/jpeg"}],"author":"user-manager","twitter_card":"summary_large_image","schema":{"@context":"https:\/\/schema.org","@graph":[{"@type":"Article","@id":"https:\/\/www.meydan.tv\/az\/article\/hakimiyyetin-daha-bir-uguru\/#article","isPartOf":{"@id":"https:\/\/www.meydan.tv\/az\/article\/hakimiyyetin-daha-bir-uguru\/"},"author":{"name":"user-manager","@id":"https:\/\/www.meydan.tv\/az\/#\/schema\/person\/10d11eccf6da3662cf5fdab9806ea91a"},"headline":"Hakimiyy\u0259tin daha bir &#8221;u\u011fur&#8221;u","datePublished":"2018-07-10T18:59:31+00:00","mainEntityOfPage":{"@id":"https:\/\/www.meydan.tv\/az\/article\/hakimiyyetin-daha-bir-uguru\/"},"wordCount":1542,"publisher":{"@id":"https:\/\/www.meydan.tv\/az\/#organization"},"image":{"@id":"https:\/\/www.meydan.tv\/az\/article\/hakimiyyetin-daha-bir-uguru\/#primaryimage"},"thumbnailUrl":"https:\/\/www.meydan.tv\/wp-content\/uploads\/42251.jpg","articleSection":["M\u0259nim Fikrimc\u0259"],"inLanguage":"az"},{"@type":"WebPage","@id":"https:\/\/www.meydan.tv\/az\/article\/hakimiyyetin-daha-bir-uguru\/","url":"https:\/\/www.meydan.tv\/az\/article\/hakimiyyetin-daha-bir-uguru\/","name":"Hakimiyy\u0259tin daha bir ''u\u011fur''u - MEYDAN.TV","isPartOf":{"@id":"https:\/\/www.meydan.tv\/az\/#website"},"primaryImageOfPage":{"@id":"https:\/\/www.meydan.tv\/az\/article\/hakimiyyetin-daha-bir-uguru\/#primaryimage"},"image":{"@id":"https:\/\/www.meydan.tv\/az\/article\/hakimiyyetin-daha-bir-uguru\/#primaryimage"},"thumbnailUrl":"https:\/\/www.meydan.tv\/wp-content\/uploads\/42251.jpg","datePublished":"2018-07-10T18:59:31+00:00","breadcrumb":{"@id":"https:\/\/www.meydan.tv\/az\/article\/hakimiyyetin-daha-bir-uguru\/#breadcrumb"},"inLanguage":"az","potentialAction":[{"@type":"ReadAction","target":["https:\/\/www.meydan.tv\/az\/article\/hakimiyyetin-daha-bir-uguru\/"]}]},{"@type":"ImageObject","inLanguage":"az","@id":"https:\/\/www.meydan.tv\/az\/article\/hakimiyyetin-daha-bir-uguru\/#primaryimage","url":"https:\/\/www.meydan.tv\/wp-content\/uploads\/42251.jpg","contentUrl":"https:\/\/www.meydan.tv\/wp-content\/uploads\/42251.jpg","width":1941,"height":1292,"caption":"Source:"},{"@type":"BreadcrumbList","@id":"https:\/\/www.meydan.tv\/az\/article\/hakimiyyetin-daha-bir-uguru\/#breadcrumb","itemListElement":[{"@type":"ListItem","position":1,"name":"Ana s\u0259hif\u0259","item":"https:\/\/www.meydan.tv\/az\/"},{"@type":"ListItem","position":2,"name":"M\u0259nim Fikrimc\u0259","item":"https:\/\/www.meydan.tv\/az\/section\/menim-fikrimce\/"},{"@type":"ListItem","position":3,"name":"Hakimiyy\u0259tin daha bir &#8221;u\u011fur&#8221;u"}]},{"@type":"WebSite","@id":"https:\/\/www.meydan.tv\/az\/#website","url":"https:\/\/www.meydan.tv\/az\/","name":"MEYDAN.TV","description":"Meydan TV Az\u0259rbaycan\u0131n media m\u0259kan\u0131ndak\u0131 alternativ s\u0259sidir","publisher":{"@id":"https:\/\/www.meydan.tv\/az\/#organization"},"potentialAction":[{"@type":"SearchAction","target":{"@type":"EntryPoint","urlTemplate":"https:\/\/www.meydan.tv\/az\/?s={search_term_string}"},"query-input":{"@type":"PropertyValueSpecification","valueRequired":true,"valueName":"search_term_string"}}],"inLanguage":"az"},{"@type":"Organization","@id":"https:\/\/www.meydan.tv\/az\/#organization","name":"Meydan TV","url":"https:\/\/www.meydan.tv\/az\/","logo":{"@type":"ImageObject","inLanguage":"az","@id":"https:\/\/www.meydan.tv\/az\/#\/schema\/logo\/image\/","url":"https:\/\/www.meydan.tv\/wp-content\/uploads\/2021\/07\/meydan-logo.svg","contentUrl":"https:\/\/www.meydan.tv\/wp-content\/uploads\/2021\/07\/meydan-logo.svg","width":195,"height":46,"caption":"Meydan TV"},"image":{"@id":"https:\/\/www.meydan.tv\/az\/#\/schema\/logo\/image\/"}},{"@type":"Person","@id":"https:\/\/www.meydan.tv\/az\/#\/schema\/person\/10d11eccf6da3662cf5fdab9806ea91a","name":"user-manager"}]}},"_links":{"self":[{"href":"https:\/\/www.meydan.tv\/az\/wp-json\/wp\/v2\/posts\/190791","targetHints":{"allow":["GET"]}}],"collection":[{"href":"https:\/\/www.meydan.tv\/az\/wp-json\/wp\/v2\/posts"}],"about":[{"href":"https:\/\/www.meydan.tv\/az\/wp-json\/wp\/v2\/types\/post"}],"author":[{"embeddable":true,"href":"https:\/\/www.meydan.tv\/az\/wp-json\/wp\/v2\/users\/11"}],"replies":[{"embeddable":true,"href":"https:\/\/www.meydan.tv\/az\/wp-json\/wp\/v2\/comments?post=190791"}],"version-history":[{"count":0,"href":"https:\/\/www.meydan.tv\/az\/wp-json\/wp\/v2\/posts\/190791\/revisions"}],"wp:featuredmedia":[{"embeddable":true,"href":"https:\/\/www.meydan.tv\/az\/wp-json\/wp\/v2\/media\/106376"}],"wp:attachment":[{"href":"https:\/\/www.meydan.tv\/az\/wp-json\/wp\/v2\/media?parent=190791"}],"wp:term":[{"taxonomy":"category","embeddable":true,"href":"https:\/\/www.meydan.tv\/az\/wp-json\/wp\/v2\/categories?post=190791"},{"taxonomy":"post_tag","embeddable":true,"href":"https:\/\/www.meydan.tv\/az\/wp-json\/wp\/v2\/tags?post=190791"}],"curies":[{"name":"wp","href":"https:\/\/api.w.org\/{rel}","templated":true}]}}