{"id":190721,"date":"2018-07-05T15:35:04","date_gmt":"2018-07-05T15:35:04","guid":{"rendered":"https:\/\/www.meydan.tv\/article\/zulmetin-acdigi-potyomkin-kendi\/"},"modified":"2018-07-05T15:35:04","modified_gmt":"2018-07-05T15:35:04","slug":"zulmetin-acdigi-potyomkin-kendi","status":"publish","type":"post","link":"https:\/\/www.meydan.tv\/az\/article\/zulmetin-acdigi-potyomkin-kendi\/","title":{"rendered":"Z\u00fclm\u0259tin a\u00e7d\u0131\u011f\u0131 &#8221;Potyomkin k\u0259ndi&#8221;"},"content":{"rendered":"<figure class=\"wp-block-image size-large\">\n  <img decoding=\"async\" src=\"https:\/\/www.meydan.tv\/az\/106118\/\" alt=\"\" class=\"wp-image-106118\"\/><figcaption><\/figcaption><\/figure>\n<p>\n  Son g\u00fcnl\u0259r Az\u0259rbaycanda ba\u015f ver\u0259nl\u0259r fantastik seriallar\u0131 xat\u0131rlad\u0131r. B\u00fct\u00fcn d\u00fcnyan\u0131n ba\u015f\u0131 Rusiyadak\u0131 futbol orgiyas\u0131na qar\u0131\u015fd\u0131\u011f\u0131 halda bizd\u0259 b\u00fct\u00fcn \u00f6lk\u0259 q\u0259fl\u0259t\u0259n z\u00fclm\u0259t\u0259 q\u0259rq olur, 45 d\u0259r\u0259c\u0259 istid\u0259 insanlar x\u0259st\u0259xanalarda elektriksiz qal\u0131r, metro tunell\u0259rind\u0259n piyada \u00e7\u0131xma\u011fa m\u0259cbur olur. Bak\u0131 kimi ne\u00e7\u0259 milyonluq \u015f\u0259h\u0259rin n\u0259qliyyat sistemi faktiki paraliz\u0259 olur, \u00f6lk\u0259nin 2-ci \u015f\u0259h\u0259rinin icra ba\u015f\u00e7\u0131s\u0131 g\u00fcn\u00fcn g\u00fcnorta \u00e7a\u011f\u0131 g\u00fcll\u0259l\u0259nir, ya \u00f6l\u00fcr, ya \u00f6lm\u00fcr &#8211; indiy\u0259 kimi m\u0259lum olmur. V\u0259ziyy\u0259t el\u0259 bir h\u0259dd\u0259 \u00e7atd\u0131 ki, sosial \u015f\u0259b\u0259k\u0259l\u0259rd\u0259 futbol statuslar\u0131 bilm\u0259rr\u0259 yoxa \u00e7\u0131x\u0131b.\n<\/p>\n<p>\n  Amma bundan da fantastik hadis\u0259l\u0259r paralel olaraq bu g\u00fcnl\u0259rd\u0259 c\u0259bh\u0259 x\u0259ttind\u0259, Cocuq M\u0259rcanl\u0131 k\u0259ndind\u0259 ba\u015f verirdi. Burada Rusiyadak\u0131 \u0259n konservativ q\u00fcvv\u0259l\u0259ri t\u0259msil ed\u0259n &#8220;Avrasiya H\u0259r\u0259kat\u0131&#8221;n\u0131n lideri, Kremlin haz\u0131rk\u0131 siyas\u0259tinin faktiki ideoloqu Aleksandr Dugin, Rusiya D\u00f6vl\u0259t Dumas\u0131n\u0131n hakim &#8220;Vahid Rusiya&#8221; (&#8220;\u0415\u0434\u0438\u043d\u0430\u044f \u0420\u043e\u0441\u0441\u0438\u044f&#8221;) Partiyas\u0131ndan olan deputat\u0131 Dmitri Savelyev, jurnalist Maksim \u015eev\u00e7enko, h\u0259rbi icmal\u00e7\u0131 \u0130roq Korotenko v\u0259 s. i\u015ftirak\u0131 il\u0259 &#8220;Moskva-Bak\u0131 geosiyasi oxu\u201d (!) ictimai platformas\u0131 \u00e7\u0259r\u00e7iv\u0259sind\u0259 &#8220;Az\u0259rbaycan Qafqazda Rusiyan\u0131n yegan\u0259 (!) m\u00fctt\u0259fiqidir&#8221; konfrans\u0131 ke\u00e7irdil\u0259r. M\u0259\u015fhur mahn\u0131da deyildiyi kimi: &#8220;Ey h\u0259yat, s\u0259n n\u0259 q\u0259rib\u0259s\u0259n&#8221;.\n<\/p>\n<p>\n  M\u0259tbuat\u0131n x\u0259b\u0259r verdiyin\u0259 g\u00f6r\u0259, Dugin orada b\u0259yan edib ki, Qaraba\u011f Az\u0259rbaycan\u0131n ayr\u0131lmaz hiss\u0259sidir, Dmitri Savelyev is\u0259 ondan da ir\u0259li ged\u0259r\u0259k deyib ki, Erm\u0259nistan h\u0259m Qaraba\u011f\u0131, h\u0259m d\u0259 onun \u0259traf\u0131ndak\u0131 7 rayonu qeyd-\u015f\u0259rtsiz Az\u0259rbaycana qaytarmal\u0131d\u0131r. Vau.\n<\/p>\n<p>\n  Duginin ismin\u0259 ilk d\u0259f\u0259 2000-ci ild\u0259, m\u00fc\u0259llifi oldu\u011fu &#8220;Rusiyan\u0131n geosiyasi g\u0259l\u0259c\u0259yi&#8221; adl\u0131 psevdoelmi \u0259s\u0259rini oxuyark\u0259n rastlam\u0131\u015fd\u0131m. M\u00fc\u0259llif orada Az\u0259rbaycan\u0131 d\u00f6vl\u0259t adland\u0131rark\u0259n istehza il\u0259 d\u0131rnaq i\u015far\u0259sind\u0259n istifad\u0259 edir, Rusiyan\u0131n Qafqazda siyas\u0259tinin yegan\u0259 m\u00fcmk\u00fcnl\u00fcy\u00fcn\u00fcn Moskva-Yerevan-Tehran oxu \u00fcz\u0259rind\u0259n ola bil\u0259c\u0259yind\u0259n dan\u0131\u015f\u0131r, erm\u0259ni x\u00fcsusi xidm\u0259tl\u0259rini 1993-c\u00fc ild\u0259 m\u0259lum hadis\u0259l\u0259r zaman\u0131 g\u00f6z\u0259l i\u015fl\u0259dikl\u0259ri \u00fc\u00e7\u00fcn t\u0259rifl\u0259yirdi.\n<\/p>\n<p>\n  \u018flb\u0259tt\u0259 ki, 18 ild\u0259 ist\u0259nil\u0259n insan v\u0259 ya n\u0259sn\u0259 il\u0259 mutasiya ba\u015f ver\u0259 bil\u0259r. Nec\u0259 ki, Rusiya medias\u0131 il\u0259, bu, art\u0131q ba\u015f verib, \u0259g\u0259r diqq\u0259t etmisinizs\u0259, son 1-1,5 ild\u0259 he\u00e7 bir rus d\u0259rgisi Az\u0259rbaycan haqda, \u00fcmumiyy\u0259tl\u0259, m\u0259nfi bir \u015fey yazm\u0131r, \u0259vv\u0259ll\u0259r Az\u0259rbaycan\u0131 v\u0259 az\u0259rbaycanl\u0131lar\u0131 var g\u00fcc\u00fc il\u0259 s\u00f6y\u0259n b\u00fct\u00fcn ictimai fiqurlar da neytralla\u015fd\u0131r\u0131l\u0131b &#8211; sonuncusu, x\u00fcsusi az\u011f\u0131nl\u0131\u011f\u0131 il\u0259 f\u0259rql\u0259n\u0259n Solovyov 2017-ci ilin mart\u0131nda Bak\u0131ya g\u0259li\u015fi il\u0259 bird\u0259f\u0259lik susduruldu. Bu yax\u0131nlarda \u201cLenta.ru\u201d d\u0259rgisi &#8220;Diktatorlar&#8221; seriyas\u0131 \u00e7\u0259r\u00e7iv\u0259sind\u0259 Heyd\u0259r \u018fliyev haqda kifay\u0259t q\u0259d\u0259r neytral yaz\u0131s\u0131n\u0131 da bir g\u00fcn sonra sildi. \u018flb\u0259tt\u0259 ki, \u00fcmummilli liderin dediyi kimi: &#8220;\u0130qtisadiyyat\u0131 g\u00fccl\u00fc olan d\u00f6vl\u0259t h\u0259r \u015fey\u0259 qadirdir&#8221;, amma bel\u0259 g\u00f6r\u00fcn\u00fcr ki, bu m\u0259s\u0259l\u0259 yaln\u0131z paketl\u0259rin vaxt\u0131nda \u00e7atd\u0131r\u0131lmas\u0131 il\u0259 ba\u011fl\u0131 deyil.<br \/>\n  <br \/>\n  Son ill\u0259rd\u0259 Rusiyada m\u00f6vcud olan \u0259n qarag\u00fcruh q\u00fcvv\u0259l\u0259ri r\u0259mzl\u0259ndir\u0259n fiqurlar (Jirinovski, Proxanov, Solovyov v\u0259 s.) Bak\u0131ya g\u00f6nd\u0259rilib\/d\u0259v\u0259t al\u0131b, indi is\u0259 h\u0259min o konservativ k\u0259sim L\u0259l\u0259t\u0259p\u0259y\u0259 q\u0259d\u0259r gedib \u00e7\u0131x\u0131bsa, bu, n\u0259d\u0259ns\u0259 x\u0259b\u0259r verir. \u018fg\u0259r hakim dair\u0259l\u0259r c\u0259bh\u0259 x\u0259ttind\u0259 &#8220;Az\u0259rbaycan Qafqazda Rusiyan\u0131n yegan\u0259 m\u00fctt\u0259fiqidir&#8221; \u015f\u00fcar\u0131n\u0131 s\u0259sl\u0259ndirirl\u0259rs\u0259, dem\u0259k, bu, h\u0259qiq\u0259t\u0259n d\u0259 bel\u0259dir v\u0259 bir zamanlar Rusiyan\u0131n Qafqazdak\u0131 forpostu rolu il\u0259 f\u0259xr ed\u0259n qon\u015fular\u0131m\u0131zla bizim aram\u0131zda faktiki rotasiya ba\u015f verib.\n<\/p>\n<p>\n  N\u0259d\u0259n bel\u0259 olsun b\u0259s? Bu hadis\u0259l\u0259r fonunda Erm\u0259nistanda general Manvel Qriqoryan\u0131n s\u0259s-k\u00fcyl\u00fc h\u0259bsind\u0259n sonra Serj Sarkisyan\u0131n qarda\u015f\u0131 Levon Sarkisyan o\u011flu v\u0259 q\u0131z\u0131 il\u0259 bir yerd\u0259 m\u00fcxt\u0259lif cinay\u0259tl\u0259rd\u0259 ittiham edilir, bundan ba\u015fqa, ke\u00e7mi\u015f prezidentin m\u00fchafiz\u0259 xidm\u0259tinin r\u0259isi Va\u00e7aqan Kazaryan v\u0259 eks-m\u00fcdafi\u0259 naziri Mixail Arutyunyan da h\u0259bs\u0259 al\u0131n\u0131b. Bu adamlar bo\u015funa \u015f\u0259xsl\u0259r deyil, ham\u0131s\u0131 Qaraba\u011f separat\u00e7\u0131lar\u0131 klan\u0131na aiddir v\u0259 m\u00fcharib\u0259 dal\u011fas\u0131nda hakim m\u0259qamlara g\u0259lmi\u015fdil\u0259r. Pa\u015finyan\u0131n ilk \u0259vv\u0259l &#8220;He\u00e7 bir qisas olmayacaq&#8221; b\u0259yanatlar\u0131na r\u0259\u011fm\u0259n, indi bu cinay\u0259tkar elitan\u0131n faktiki m\u0259hvi ba\u015f verir. Erm\u0259nistanda islahatlar\u0131n davam ed\u0259c\u0259yi d\u0259 ham\u0131 \u00fc\u00e7\u00fcn ayd\u0131nd\u0131r.\n<\/p>\n<p>\n  \u018flb\u0259tt\u0259 ki, bu Rusiyan\u0131n v\u0259 Az\u0259rbaycan hakimiyy\u0259tinin \u0259sla xo\u015funa g\u0259l\u0259 bilm\u0259z v\u0259 bu \u00f6lk\u0259nin regionda bir zamanlar f\u0259xr etdiyi yeri tutmaq \u00fc\u00e7\u00fcn Az\u0259rbaycan art\u0131q haz\u0131rd\u0131r. Cocuq M\u0259rcanl\u0131dak\u0131 konfransda rus politoloq Valeri Korovin &#8220;Erm\u0259nistan\u0131 Amerika i\u015f\u011fal edib, Az\u0259rbaycan art\u0131q Qafqazda Rusiyan\u0131n yegan\u0259 m\u00fctt\u0259fiqi oldu. V\u0259 bu faktd\u0131r&#8221; &#8211; kimi b\u0259yanat da verib. G\u00f6r\u00fcn\u00fcr, do\u011frudan da, faktd\u0131r.\n<\/p>\n<p>\n  Bu m\u0259s\u0259l\u0259nin \u0259lav\u0259 t\u0259sirl\u0259ri nec\u0259 olacaq b\u0259s? \u018flb\u0259tt\u0259 ki, Qaraba\u011f probleminin h\u0259ll yolunda n\u0259yis\u0259 g\u00f6zl\u0259m\u0259yin\u0259 d\u0259ym\u0259z &#8211; postsovet m\u0259kan\u0131nda bu konfliktl\u0259r h\u0259ll edilm\u0259k \u00fc\u00e7\u00fcn yarad\u0131lmam\u0131\u015fd\u0131. Xat\u0131rlad\u0131m ki, 27 il bundan \u00f6nc\u0259, 1991-in bahar-yay\u0131 d\u00f6vr\u00fcnd\u0259 M\u00fct\u0259llibov da Rusiyan\u0131n \u0259n konservativ k\u0259simin\u0259 (h\u0259rbi-s\u0259naye kompleksinin t\u0259msil\u00e7il\u0259ri, o zamank\u0131 SSR\u0130 m\u00fcdafi\u0259 naziri Yazov v\u0259 s.) s\u00f6yk\u0259n\u0259r\u0259k, bu m\u0259s\u0259l\u0259nin qism\u0259n d\u0259 olsa h\u0259llin\u0259 c\u0259hd etdi. Erm\u0259nil\u0259rs\u0259 bu zaman g\u0259l\u0259c\u0259y\u0259 k\u00f6kl\u0259n\u0259r\u0259k \u0259sas\u0259n Yeltsinin yan\u0131nda yer tutmu\u015fdular. Az\u0259rbaycan\u0131n o zaman \u00e7ox tezlikl\u0259 tarixin zibilliyin\u0259 g\u00f6m\u00fcl\u0259c\u0259k geri\u00e7i k\u0259sim\u0259 \u0259saslanan yanl\u0131\u015f se\u00e7imi sonrak\u0131 d\u00f6vrd\u0259 \u00f6lk\u0259 v\u0259 xalqa \u00e7ox-\u00e7ox baha ba\u015fa g\u0259ldi.\n<\/p>\n<p>\n  \u0130ndi haz\u0131rk\u0131 bu se\u00e7ims\u0259 &#8211; faktiki Rusiyan\u0131n regiondak\u0131 vassal\u0131 olmaq &#8211; yaln\u0131z iqtidar\u0131n h\u0259rbi-polis rejiminin g\u00fccl\u0259nm\u0259sin\u0259 xidm\u0259t etm\u0259lidir, ba\u015fqa m\u0259s\u0259l\u0259l\u0259ri d\u00fc\u015f\u00fcnm\u0259k sad\u0259l\u00f6hvl\u00fck olard\u0131. \u00d6lk\u0259d\u0259 ba\u015f ver\u0259n kataklizml\u0259r fonunda ham\u0131ya ayd\u0131nd\u0131r ki, Az\u0259rbaycanda &#8220;sabitlik&#8221; deyil\u0259n m\u00f6vcud ictimai status-quo &#8220;Potyomkin k\u0259ndl\u0259ri&#8221; \u00fcslubunda \u00fcst\u00fc b\u0259z\u0259k, alt\u0131 t\u0259z\u0259k (\u00f6lk\u0259nin faktiki ne\u00e7\u0259 g\u00fcnl\u00fck paralizasiyas\u0131 v\u0259 2-ci \u015f\u0259h\u0259rinin ba\u015f\u00e7\u0131s\u0131n\u0131n g\u00fcll\u0259l\u0259nm\u0259si buna d\u0259lal\u0259t edir) kimi bir s\u0259rgidir v\u0259 \u0259g\u0259r bird\u0259n h\u0259qiq\u0259t\u0259n m\u00fcharib\u0259 ba\u015flanarsa, ola bil\u0259c\u0259kl\u0259ri kims\u0259 proqnozla\u015fd\u0131ra bilm\u0259z. Az\u0259rbaycan iqtidar\u0131na is\u0259, bu, \u0259sla g\u0259r\u0259k deyil, yaln\u0131z hakimiyy\u0259ti qoruyub-saxlamaq g\u0259r\u0259kdir v\u0259 g\u00f6r\u00fcn\u0259n budur ki, indi bizim \u00f6lk\u0259 yaln\u0131z laz\u0131m g\u0259l\u0259nd\u0259 (d\u0131rnaqs\u0131z) Kremld\u0259n erm\u0259nil\u0259r\u0259 qulaqburmas\u0131 verm\u0259k \u00fc\u00e7\u00fcn al\u0259t qismind\u0259 istifad\u0259 edil\u0259 bil\u0259r. Ayd\u0131nd\u0131r ki, \u00f6lk\u0259nin g\u0259l\u0259c\u0259yi m\u0259nas\u0131nda bu yol reqress v\u0259 z\u00fclm\u0259t yoludur v\u0259 hans\u0131sa m\u00fcsb\u0259t d\u0259yi\u015fiklikl\u0259r\u0259 \u00fcmid etm\u0259yin\u0259 d\u0259ym\u0259z.\n<\/p>\n<p>\n  Az\u0259rbaycanda ba\u015f ver\u0259nl\u0259r v\u0259 &#8220;Potyomkin k\u0259ndi&#8221;nin ger\u00e7\u0259k simas\u0131 z\u00fclm\u0259td\u0259 daha yax\u015f\u0131 a\u00e7\u0131ld\u0131, \u015fairin poetik &#8220;D\u00fcnya q\u0259fil i\u015f\u0131qlansa&#8221; ibar\u0259sin\u0259 ehtiyac yoxmu\u015f.\n<\/p>\n<div>\n<p>\n      <b><br \/>\n        <i><br \/>\n          Yaz\u0131 m\u00fc\u0259llifin fikirl\u0259rini \u0259ks etdirir v\u0259 Meydan TV-nin m\u00f6vqeyi il\u0259 \u00fcst-\u00fcst\u0259 d\u00fc\u015fm\u0259y\u0259 bil\u0259r.<br \/>\n        <\/i><br \/>\n      <\/b>\n    <\/p>\n<\/p><\/div>\n<\/p>\n<p><div><\/div><\/p>\n","protected":false},"excerpt":{"rendered":"<p>Son g\u00fcnl\u0259r Az\u0259rbaycanda ba\u015f ver\u0259nl\u0259r fantastik seriallar\u0131 xat\u0131rlad\u0131r<\/p>\n","protected":false},"author":11,"featured_media":106118,"comment_status":"closed","ping_status":"open","sticky":false,"template":"","format":"standard","meta":{"_acf_changed":false,"_sitemap_exclude":false,"_sitemap_priority":"","_sitemap_frequency":"","footnotes":""},"categories":[57],"tags":[],"class_list":["post-190721","post","type-post","status-publish","format-standard","has-post-thumbnail","hentry","category-menim-fikrimce","infinite-scroll-item","generate-columns","tablet-grid-50","mobile-grid-100","grid-parent","grid-33","no-featured-image-padding"],"acf":[],"yoast_head":"<!-- This site is optimized with the Yoast SEO plugin v27.4 - https:\/\/yoast.com\/product\/yoast-seo-wordpress\/ -->\n<title>Z\u00fclm\u0259tin a\u00e7d\u0131\u011f\u0131 &#039;&#039;Potyomkin k\u0259ndi&#039;&#039; - MEYDAN.TV<\/title>\n<meta name=\"robots\" content=\"index, follow, max-snippet:-1, max-image-preview:large, max-video-preview:-1\" \/>\n<link rel=\"canonical\" href=\"https:\/\/www.meydan.tv\/az\/article\/zulmetin-acdigi-potyomkin-kendi\/\" \/>\n<meta property=\"og:locale\" content=\"az_AZ\" \/>\n<meta property=\"og:type\" content=\"article\" \/>\n<meta property=\"og:title\" content=\"Z\u00fclm\u0259tin a\u00e7d\u0131\u011f\u0131 &#039;&#039;Potyomkin k\u0259ndi&#039;&#039; - MEYDAN.TV\" \/>\n<meta property=\"og:description\" content=\"Son g\u00fcnl\u0259r Az\u0259rbaycanda ba\u015f ver\u0259nl\u0259r fantastik seriallar\u0131 xat\u0131rlad\u0131r\" \/>\n<meta property=\"og:url\" content=\"https:\/\/www.meydan.tv\/az\/article\/zulmetin-acdigi-potyomkin-kendi\/\" \/>\n<meta property=\"og:site_name\" content=\"MEYDAN.TV\" \/>\n<meta property=\"article:published_time\" content=\"2018-07-05T15:35:04+00:00\" \/>\n<meta property=\"og:image\" content=\"https:\/\/www.meydan.tv\/wp-content\/uploads\/42171.png\" \/>\n\t<meta property=\"og:image:width\" content=\"1080\" \/>\n\t<meta property=\"og:image:height\" content=\"806\" \/>\n\t<meta property=\"og:image:type\" content=\"image\/png\" \/>\n<meta name=\"author\" content=\"user-manager\" \/>\n<meta name=\"twitter:card\" content=\"summary_large_image\" \/>\n<script type=\"application\/ld+json\" class=\"yoast-schema-graph\">{\"@context\":\"https:\\\/\\\/schema.org\",\"@graph\":[{\"@type\":\"Article\",\"@id\":\"https:\\\/\\\/www.meydan.tv\\\/az\\\/article\\\/zulmetin-acdigi-potyomkin-kendi\\\/#article\",\"isPartOf\":{\"@id\":\"https:\\\/\\\/www.meydan.tv\\\/az\\\/article\\\/zulmetin-acdigi-potyomkin-kendi\\\/\"},\"author\":{\"name\":\"user-manager\",\"@id\":\"https:\\\/\\\/www.meydan.tv\\\/az\\\/#\\\/schema\\\/person\\\/10d11eccf6da3662cf5fdab9806ea91a\"},\"headline\":\"Z\u00fclm\u0259tin a\u00e7d\u0131\u011f\u0131 &#8221;Potyomkin k\u0259ndi&#8221;\",\"datePublished\":\"2018-07-05T15:35:04+00:00\",\"mainEntityOfPage\":{\"@id\":\"https:\\\/\\\/www.meydan.tv\\\/az\\\/article\\\/zulmetin-acdigi-potyomkin-kendi\\\/\"},\"wordCount\":1610,\"publisher\":{\"@id\":\"https:\\\/\\\/www.meydan.tv\\\/az\\\/#organization\"},\"image\":{\"@id\":\"https:\\\/\\\/www.meydan.tv\\\/az\\\/article\\\/zulmetin-acdigi-potyomkin-kendi\\\/#primaryimage\"},\"thumbnailUrl\":\"https:\\\/\\\/www.meydan.tv\\\/wp-content\\\/uploads\\\/42171.png\",\"articleSection\":[\"M\u0259nim Fikrimc\u0259\"],\"inLanguage\":\"az\"},{\"@type\":\"WebPage\",\"@id\":\"https:\\\/\\\/www.meydan.tv\\\/az\\\/article\\\/zulmetin-acdigi-potyomkin-kendi\\\/\",\"url\":\"https:\\\/\\\/www.meydan.tv\\\/az\\\/article\\\/zulmetin-acdigi-potyomkin-kendi\\\/\",\"name\":\"Z\u00fclm\u0259tin a\u00e7d\u0131\u011f\u0131 ''Potyomkin k\u0259ndi'' - MEYDAN.TV\",\"isPartOf\":{\"@id\":\"https:\\\/\\\/www.meydan.tv\\\/az\\\/#website\"},\"primaryImageOfPage\":{\"@id\":\"https:\\\/\\\/www.meydan.tv\\\/az\\\/article\\\/zulmetin-acdigi-potyomkin-kendi\\\/#primaryimage\"},\"image\":{\"@id\":\"https:\\\/\\\/www.meydan.tv\\\/az\\\/article\\\/zulmetin-acdigi-potyomkin-kendi\\\/#primaryimage\"},\"thumbnailUrl\":\"https:\\\/\\\/www.meydan.tv\\\/wp-content\\\/uploads\\\/42171.png\",\"datePublished\":\"2018-07-05T15:35:04+00:00\",\"breadcrumb\":{\"@id\":\"https:\\\/\\\/www.meydan.tv\\\/az\\\/article\\\/zulmetin-acdigi-potyomkin-kendi\\\/#breadcrumb\"},\"inLanguage\":\"az\",\"potentialAction\":[{\"@type\":\"ReadAction\",\"target\":[\"https:\\\/\\\/www.meydan.tv\\\/az\\\/article\\\/zulmetin-acdigi-potyomkin-kendi\\\/\"]}]},{\"@type\":\"ImageObject\",\"inLanguage\":\"az\",\"@id\":\"https:\\\/\\\/www.meydan.tv\\\/az\\\/article\\\/zulmetin-acdigi-potyomkin-kendi\\\/#primaryimage\",\"url\":\"https:\\\/\\\/www.meydan.tv\\\/wp-content\\\/uploads\\\/42171.png\",\"contentUrl\":\"https:\\\/\\\/www.meydan.tv\\\/wp-content\\\/uploads\\\/42171.png\",\"width\":1080,\"height\":806,\"caption\":\"Source:\"},{\"@type\":\"BreadcrumbList\",\"@id\":\"https:\\\/\\\/www.meydan.tv\\\/az\\\/article\\\/zulmetin-acdigi-potyomkin-kendi\\\/#breadcrumb\",\"itemListElement\":[{\"@type\":\"ListItem\",\"position\":1,\"name\":\"Ana s\u0259hif\u0259\",\"item\":\"https:\\\/\\\/www.meydan.tv\\\/az\\\/\"},{\"@type\":\"ListItem\",\"position\":2,\"name\":\"M\u0259nim Fikrimc\u0259\",\"item\":\"https:\\\/\\\/www.meydan.tv\\\/az\\\/section\\\/menim-fikrimce\\\/\"},{\"@type\":\"ListItem\",\"position\":3,\"name\":\"Z\u00fclm\u0259tin a\u00e7d\u0131\u011f\u0131 &#8221;Potyomkin k\u0259ndi&#8221;\"}]},{\"@type\":\"WebSite\",\"@id\":\"https:\\\/\\\/www.meydan.tv\\\/az\\\/#website\",\"url\":\"https:\\\/\\\/www.meydan.tv\\\/az\\\/\",\"name\":\"MEYDAN.TV\",\"description\":\"Meydan TV Az\u0259rbaycan\u0131n media m\u0259kan\u0131ndak\u0131 alternativ s\u0259sidir\",\"publisher\":{\"@id\":\"https:\\\/\\\/www.meydan.tv\\\/az\\\/#organization\"},\"potentialAction\":[{\"@type\":\"SearchAction\",\"target\":{\"@type\":\"EntryPoint\",\"urlTemplate\":\"https:\\\/\\\/www.meydan.tv\\\/az\\\/?s={search_term_string}\"},\"query-input\":{\"@type\":\"PropertyValueSpecification\",\"valueRequired\":true,\"valueName\":\"search_term_string\"}}],\"inLanguage\":\"az\"},{\"@type\":\"Organization\",\"@id\":\"https:\\\/\\\/www.meydan.tv\\\/az\\\/#organization\",\"name\":\"Meydan TV\",\"url\":\"https:\\\/\\\/www.meydan.tv\\\/az\\\/\",\"logo\":{\"@type\":\"ImageObject\",\"inLanguage\":\"az\",\"@id\":\"https:\\\/\\\/www.meydan.tv\\\/az\\\/#\\\/schema\\\/logo\\\/image\\\/\",\"url\":\"https:\\\/\\\/www.meydan.tv\\\/wp-content\\\/uploads\\\/2021\\\/07\\\/meydan-logo.svg\",\"contentUrl\":\"https:\\\/\\\/www.meydan.tv\\\/wp-content\\\/uploads\\\/2021\\\/07\\\/meydan-logo.svg\",\"width\":195,\"height\":46,\"caption\":\"Meydan TV\"},\"image\":{\"@id\":\"https:\\\/\\\/www.meydan.tv\\\/az\\\/#\\\/schema\\\/logo\\\/image\\\/\"}},{\"@type\":\"Person\",\"@id\":\"https:\\\/\\\/www.meydan.tv\\\/az\\\/#\\\/schema\\\/person\\\/10d11eccf6da3662cf5fdab9806ea91a\",\"name\":\"user-manager\"}]}<\/script>\n<!-- \/ Yoast SEO plugin. -->","yoast_head_json":{"title":"Z\u00fclm\u0259tin a\u00e7d\u0131\u011f\u0131 ''Potyomkin k\u0259ndi'' - MEYDAN.TV","robots":{"index":"index","follow":"follow","max-snippet":"max-snippet:-1","max-image-preview":"max-image-preview:large","max-video-preview":"max-video-preview:-1"},"canonical":"https:\/\/www.meydan.tv\/az\/article\/zulmetin-acdigi-potyomkin-kendi\/","og_locale":"az_AZ","og_type":"article","og_title":"Z\u00fclm\u0259tin a\u00e7d\u0131\u011f\u0131 ''Potyomkin k\u0259ndi'' - MEYDAN.TV","og_description":"Son g\u00fcnl\u0259r Az\u0259rbaycanda ba\u015f ver\u0259nl\u0259r fantastik seriallar\u0131 xat\u0131rlad\u0131r","og_url":"https:\/\/www.meydan.tv\/az\/article\/zulmetin-acdigi-potyomkin-kendi\/","og_site_name":"MEYDAN.TV","article_published_time":"2018-07-05T15:35:04+00:00","og_image":[{"width":1080,"height":806,"url":"https:\/\/www.meydan.tv\/wp-content\/uploads\/42171.png","type":"image\/png"}],"author":"user-manager","twitter_card":"summary_large_image","schema":{"@context":"https:\/\/schema.org","@graph":[{"@type":"Article","@id":"https:\/\/www.meydan.tv\/az\/article\/zulmetin-acdigi-potyomkin-kendi\/#article","isPartOf":{"@id":"https:\/\/www.meydan.tv\/az\/article\/zulmetin-acdigi-potyomkin-kendi\/"},"author":{"name":"user-manager","@id":"https:\/\/www.meydan.tv\/az\/#\/schema\/person\/10d11eccf6da3662cf5fdab9806ea91a"},"headline":"Z\u00fclm\u0259tin a\u00e7d\u0131\u011f\u0131 &#8221;Potyomkin k\u0259ndi&#8221;","datePublished":"2018-07-05T15:35:04+00:00","mainEntityOfPage":{"@id":"https:\/\/www.meydan.tv\/az\/article\/zulmetin-acdigi-potyomkin-kendi\/"},"wordCount":1610,"publisher":{"@id":"https:\/\/www.meydan.tv\/az\/#organization"},"image":{"@id":"https:\/\/www.meydan.tv\/az\/article\/zulmetin-acdigi-potyomkin-kendi\/#primaryimage"},"thumbnailUrl":"https:\/\/www.meydan.tv\/wp-content\/uploads\/42171.png","articleSection":["M\u0259nim Fikrimc\u0259"],"inLanguage":"az"},{"@type":"WebPage","@id":"https:\/\/www.meydan.tv\/az\/article\/zulmetin-acdigi-potyomkin-kendi\/","url":"https:\/\/www.meydan.tv\/az\/article\/zulmetin-acdigi-potyomkin-kendi\/","name":"Z\u00fclm\u0259tin a\u00e7d\u0131\u011f\u0131 ''Potyomkin k\u0259ndi'' - MEYDAN.TV","isPartOf":{"@id":"https:\/\/www.meydan.tv\/az\/#website"},"primaryImageOfPage":{"@id":"https:\/\/www.meydan.tv\/az\/article\/zulmetin-acdigi-potyomkin-kendi\/#primaryimage"},"image":{"@id":"https:\/\/www.meydan.tv\/az\/article\/zulmetin-acdigi-potyomkin-kendi\/#primaryimage"},"thumbnailUrl":"https:\/\/www.meydan.tv\/wp-content\/uploads\/42171.png","datePublished":"2018-07-05T15:35:04+00:00","breadcrumb":{"@id":"https:\/\/www.meydan.tv\/az\/article\/zulmetin-acdigi-potyomkin-kendi\/#breadcrumb"},"inLanguage":"az","potentialAction":[{"@type":"ReadAction","target":["https:\/\/www.meydan.tv\/az\/article\/zulmetin-acdigi-potyomkin-kendi\/"]}]},{"@type":"ImageObject","inLanguage":"az","@id":"https:\/\/www.meydan.tv\/az\/article\/zulmetin-acdigi-potyomkin-kendi\/#primaryimage","url":"https:\/\/www.meydan.tv\/wp-content\/uploads\/42171.png","contentUrl":"https:\/\/www.meydan.tv\/wp-content\/uploads\/42171.png","width":1080,"height":806,"caption":"Source:"},{"@type":"BreadcrumbList","@id":"https:\/\/www.meydan.tv\/az\/article\/zulmetin-acdigi-potyomkin-kendi\/#breadcrumb","itemListElement":[{"@type":"ListItem","position":1,"name":"Ana s\u0259hif\u0259","item":"https:\/\/www.meydan.tv\/az\/"},{"@type":"ListItem","position":2,"name":"M\u0259nim Fikrimc\u0259","item":"https:\/\/www.meydan.tv\/az\/section\/menim-fikrimce\/"},{"@type":"ListItem","position":3,"name":"Z\u00fclm\u0259tin a\u00e7d\u0131\u011f\u0131 &#8221;Potyomkin k\u0259ndi&#8221;"}]},{"@type":"WebSite","@id":"https:\/\/www.meydan.tv\/az\/#website","url":"https:\/\/www.meydan.tv\/az\/","name":"MEYDAN.TV","description":"Meydan TV Az\u0259rbaycan\u0131n media m\u0259kan\u0131ndak\u0131 alternativ s\u0259sidir","publisher":{"@id":"https:\/\/www.meydan.tv\/az\/#organization"},"potentialAction":[{"@type":"SearchAction","target":{"@type":"EntryPoint","urlTemplate":"https:\/\/www.meydan.tv\/az\/?s={search_term_string}"},"query-input":{"@type":"PropertyValueSpecification","valueRequired":true,"valueName":"search_term_string"}}],"inLanguage":"az"},{"@type":"Organization","@id":"https:\/\/www.meydan.tv\/az\/#organization","name":"Meydan TV","url":"https:\/\/www.meydan.tv\/az\/","logo":{"@type":"ImageObject","inLanguage":"az","@id":"https:\/\/www.meydan.tv\/az\/#\/schema\/logo\/image\/","url":"https:\/\/www.meydan.tv\/wp-content\/uploads\/2021\/07\/meydan-logo.svg","contentUrl":"https:\/\/www.meydan.tv\/wp-content\/uploads\/2021\/07\/meydan-logo.svg","width":195,"height":46,"caption":"Meydan TV"},"image":{"@id":"https:\/\/www.meydan.tv\/az\/#\/schema\/logo\/image\/"}},{"@type":"Person","@id":"https:\/\/www.meydan.tv\/az\/#\/schema\/person\/10d11eccf6da3662cf5fdab9806ea91a","name":"user-manager"}]}},"_links":{"self":[{"href":"https:\/\/www.meydan.tv\/az\/wp-json\/wp\/v2\/posts\/190721","targetHints":{"allow":["GET"]}}],"collection":[{"href":"https:\/\/www.meydan.tv\/az\/wp-json\/wp\/v2\/posts"}],"about":[{"href":"https:\/\/www.meydan.tv\/az\/wp-json\/wp\/v2\/types\/post"}],"author":[{"embeddable":true,"href":"https:\/\/www.meydan.tv\/az\/wp-json\/wp\/v2\/users\/11"}],"replies":[{"embeddable":true,"href":"https:\/\/www.meydan.tv\/az\/wp-json\/wp\/v2\/comments?post=190721"}],"version-history":[{"count":0,"href":"https:\/\/www.meydan.tv\/az\/wp-json\/wp\/v2\/posts\/190721\/revisions"}],"wp:featuredmedia":[{"embeddable":true,"href":"https:\/\/www.meydan.tv\/az\/wp-json\/wp\/v2\/media\/106118"}],"wp:attachment":[{"href":"https:\/\/www.meydan.tv\/az\/wp-json\/wp\/v2\/media?parent=190721"}],"wp:term":[{"taxonomy":"category","embeddable":true,"href":"https:\/\/www.meydan.tv\/az\/wp-json\/wp\/v2\/categories?post=190721"},{"taxonomy":"post_tag","embeddable":true,"href":"https:\/\/www.meydan.tv\/az\/wp-json\/wp\/v2\/tags?post=190721"}],"curies":[{"name":"wp","href":"https:\/\/api.w.org\/{rel}","templated":true}]}}