{"id":190706,"date":"2018-07-04T15:38:04","date_gmt":"2018-07-04T15:38:04","guid":{"rendered":"https:\/\/www.meydan.tv\/article\/son-hadiseler-gedisatin-gozlenilmeden-deyise-bileceyini-gosterir\/"},"modified":"2018-07-04T15:38:04","modified_gmt":"2018-07-04T15:38:04","slug":"son-hadiseler-gedisatin-gozlenilmeden-deyise-bileceyini-gosterir","status":"publish","type":"post","link":"https:\/\/www.meydan.tv\/az\/article\/son-hadiseler-gedisatin-gozlenilmeden-deyise-bileceyini-gosterir\/","title":{"rendered":"&#8221;Son hadis\u0259l\u0259r gedi\u015fat\u0131n g\u00f6zl\u0259nilm\u0259d\u0259n d\u0259yi\u015f\u0259 bil\u0259c\u0259yini g\u00f6st\u0259rir&#8221;"},"content":{"rendered":"<figure class=\"wp-block-image size-large\">\n  <img decoding=\"async\" src=\"https:\/\/www.meydan.tv\/az\/sulheddin-ekber-3\/\" alt=\"S\u00fclh\u0259ddin \u018fkb\u0259r\" class=\"wp-image-99383\"\/><figcaption>\n    S\u00fclh\u0259ddin \u018fkb\u0259r<br \/>\n  <\/figcaption><\/figure>\n<p>\n  <i><br \/>\n    S\u00fclh\u0259ddin \u018fkb\u0259r: &#8221;Prosesl\u0259rin t\u0259hlili \u00fc\u00e7\u00fcn d\u0259qiq m\u0259lumat yoxdur&#8221;<br \/>\n  <\/i>\n<\/p>\n<p>\n  <a href=\"\/az\/article\/natiq-ceferli-enerji-sisteminin-hedden-artiq-yuklenmesi-fikri-qebuledilmezdir\/\"><br \/>\n    Ming\u0259\u00e7evir<br \/>\n  <\/a><br \/>\n  \u015f\u0259h\u0259rind\u0259ki \u201cAz\u0259rbaycan\u201d \u0130ES-d\u0259 iyulun 2 v\u0259 3-d\u0259 ba\u015f ver\u0259n partlay\u0131\u015f \u00f6lk\u0259nin n\u0259qliyyat sektorunu iflic v\u0259ziyy\u0259tin\u0259 sal\u0131b.\n<\/p>\n<p>\n  \u0130yulun 3-\u00fc ax\u015famdan \u201cBak\u0131 Metropoliteni\u201d f\u0259laiyy\u0259tini dayand\u0131r\u0131b, d\u0259miryolu is\u0259 i\u015fini m\u00fc\u0259yy\u0259n q\u0259d\u0259r b\u0259rpa ed\u0259 bilib. Bununla parallel olaraq G\u0259nc\u0259 \u015f\u0259h\u0259rinin icra ba\u015f\u00e7\u0131s\u0131<br \/>\n  <a href=\"\/az\/article\/gencenin-icra-bascisina-silahli-hucum-olub-yenilenir\/\"><br \/>\n    Elmar V\u0259liyev<br \/>\n  <\/a><br \/>\n  \u0259 qar\u015f\u0131 sui-q\u0259sd olub. R\u0259smi qurumlar icra ba\u015f\u00e7\u0131s\u0131n\u0131n v\u0259 m\u00fchafiz\u0259\u00e7isinin haz\u0131rda x\u0259st\u0259xanada oldu\u011funu bildiribl\u0259r.\n<\/p>\n<p>\n  Prezidentin k\u00f6m\u0259k\u00e7isi \u018fli H\u0259s\u0259nov Elmar V\u0259liyevin g\u00fcll\u0259l\u0259nm\u0259sini adi kriminal adland\u0131r\u0131b.\n<\/p>\n<p>\n  Amma r\u0259smi yana\u015fman\u0131 b\u00f6l\u00fc\u015fm\u0259y\u0259nl\u0259r d\u0259 var.\n<\/p>\n<p>\n  Siyasi icmal\u00e7\u0131 S\u00fclh\u0259ddin \u018fkb\u0259r Meydan TV-y\u0259 deyib ki, avtoritar sabitlikl\u0259r k\u00f6vr\u0259k oldu\u011fundan g\u00f6zl\u0259nilm\u0259d\u0259n \u201ch\u0259r \u015fey\u201d alt-\u00fcst olur.\n<\/p>\n<p>\n  \u201c\u00d6lk\u0259d\u0259 demokratik ictimai n\u0259zar\u0259t sistemi olmayanda, d\u00f6vl\u0259t v\u0259 hakimiyy\u0259t orqanlar\u0131 n\u0259zar\u0259tk\u0259nar qal\u0131r, n\u0259tic\u0259d\u0259 qanuni v\u0259zif\u0259l\u0259rini yerin\u0259 yetirmirl\u0259r. Son iki g\u00fcn\u00fcn hadis\u0259l\u0259ri q\u0131sa zaman k\u0259siyind\u0259 gedi\u015fat\u0131n g\u00f6zl\u0259nilm\u0259d\u0259n d\u0259yi\u015f\u0259 bil\u0259c\u0259yini g\u00f6st\u0259rir\u201d.\n<\/p>\n<p>\n  O qeyd edib ki, art\u0131q infrastruktur problemi yaran\u0131b, Ming\u0259\u00e7evir q\u0259zas\u0131n\u0131n t\u0259xribat olub-olmamas\u0131 h\u0259l\u0259lik b\u0259lli deyil, G\u0259nc\u0259 icra ba\u015f\u00e7\u0131s\u0131n\u0131n g\u00fcll\u0259l\u0259nm\u0259si \u018fli H\u0259s\u0259novun dediyi kimi adi kriminald\u0131r, yoxsa m\u0259qs\u0259dy\u00f6nl\u00fcd\u00fcrm\u00fc suallar\u0131 a\u00e7\u0131q qal\u0131r.\n<\/p>\n<p>\n  \u201c\u00c7\u00fcnki prosesl\u0259rin t\u0259hlili \u00fc\u00e7\u00fcn d\u0259qiq m\u0259lumat yoxdur. B\u00fct\u00fcn hallarda Az\u0259rbaycanda qapal\u0131 rejim oldu\u011fundan ictimaiyy\u0259t\u0259 m\u0259hdud, yanl\u0131\u015f v\u0259 dezinformasiya verir. H\u0259tta do\u011fru m\u0259lumat veril\u0259nd\u0259 d\u0259, c\u0259miyy\u0259t inams\u0131z oldu\u011fu \u00fc\u00e7\u00fcn insanlar arxa planda n\u0259s\u0259 axtar\u0131rlar\u201d.\n<\/p>\n<p>\n  S\u00fclh\u0259ddin \u018fkb\u0259r hesab edir ki, avtoritar rejimin m\u0259hdud potensial\u0131 oldu\u011fundan t\u00fck\u0259nm\u0259 gedir, \u00f6lk\u0259d\u0259 siyasi-h\u00fcquqi v\u0259 sosial-iqtisadi islahatlar ke\u00e7irilm\u0259s\u0259, v\u0259ziyy\u0259t daha da a\u011f\u0131rla\u015facaq, sabitlik pozulacaq v\u0259 n\u0259zar\u0259td\u0259n \u00e7\u0131xacaq.\n<\/p>\n<p>\n  \u201cOna g\u00f6r\u0259 hakimiyy\u0259t taleyini d\u00fc\u015f\u00fcn\u00fcrs\u0259, yuxar\u0131dan islahatlara ba\u015flamal\u0131d\u0131r, amma art\u0131q gecikibl\u0259r. Erm\u0259nistandak\u0131 son bir ne\u00e7\u0259 ay\u0131n olaylar\u0131 n\u0259z\u0259r\u0259 al\u0131nsa, Az\u0259rbaycan demokratik inki\u015faf prosesind\u0259 geri getdiyi \u00fc\u00e7\u00fcn beyn\u0259lxalq n\u00fcfuzunda ciddi z\u0259rb\u0259 al\u0131b\u201d.\n<\/p>\n<p>\n  O, islahatlar dey\u0259nd\u0259, siyasi sah\u0259d\u0259 m\u00fcxalif\u0259tl\u0259, ictimai institutlarla v\u0259 c\u0259miyy\u0259tl\u0259 dialoqa ba\u015flamal\u0131 oldu\u011funu vur\u011fulay\u0131b:\n<\/p>\n<p>\n  \u201cM\u00f6vcud durum d\u0259y\u0259rl\u0259ndirilm\u0259li v\u0259 siyasi yol x\u0259rit\u0259si haz\u0131rlanmal\u0131d\u0131r. Siyasi institutlar\u0131n legitimliyi t\u0259min olunmal\u0131d\u0131r. Se\u00e7ki qanunvericiliyi demokratik \u015f\u0259kild\u0259 t\u0259kmill\u0259\u015fdirilib v\u0259 ard\u0131nca azad, \u0259dal\u0259tli b\u0259l\u0259diyy\u0259, parlament, prezident se\u00e7kil\u0259ri ke\u00e7irilm\u0259lidir. Bunlar\u0131n ard\u0131nca icra orqanlar\u0131n\u0131n \u00fcz\u0259rind\u0259 parlament n\u0259zar\u0259ti g\u00fccl\u0259ndirilm\u0259lidir. Bu, o dem\u0259kdir ki, parlament h\u0259qiqi \u015f\u0259kild\u0259 d\u00f6vl\u0259t b\u00fcdc\u0259sin\u0259 n\u0259zar\u0259t etm\u0259lidir. Konstitusiyan\u0131n birinci madd\u0259si real \u015f\u0259kild\u0259 ger\u00e7\u0259kl\u0259\u015fm\u0259lidir. Sadalad\u0131qlar\u0131m olmadan islahat aparmaq qeyri-m\u00fcmk\u00fcnd\u00fcr. \u00c7\u00fcnki islahatlar\u0131n h\u00fcquqi bazas\u0131n\u0131 qanunverici orqan haz\u0131rlay\u0131r, isra hakimiyy\u0259ti is\u0259 ger\u00e7\u0259kl\u0259\u015fdirir, m\u0259tbuat, QHT sektoru n\u0259zar\u0259t edir\u201d.\n<\/p>\n<p>\n  S.\u018fkb\u0259rin s\u00f6zl\u0259rin\u0259 g\u00f6r\u0259, o\u011ful \u018fliyevin r\u0259hb\u0259rlik etdiyi avtoritar rejimin dair\u0259si 15 ild\u0259kind\u0259n f\u0259rqli olaraq daral\u0131b.\n<\/p>\n<p>\n  \u201cAvtoritar rejim \u201cinki\u015faf\u201d etdikc\u0259, hakim ail\u0259 t\u0259kl\u0259nir, h\u0259m \u00f6z \u00e7evr\u0259sind\u0259n, h\u0259m ona d\u0259st\u0259k ver\u0259n siyasi q\u00fcvv\u0259l\u0259rd\u0259n v\u0259 h\u0259m d\u0259 xalqdan ayr\u0131l\u0131r. Heyd\u0259r \u018fliyevin hakimiyy\u0259tind\u0259ki YAP-la o\u011ful \u018fliyevin iqtidar\u0131 zaman\u0131 YAP f\u0259rqli durumdad\u0131r. Yaxud birinci \u018fliyevin hakimiyy\u0259ti zaman\u0131 olan i\u015f adamlar\u0131yla indiki i\u015f adamlar\u0131, saylar\u0131 seyr\u0259lib. N\u0259 q\u0259d\u0259ri h\u0259bs olunub, yaxud \u00f6lk\u0259d\u0259n did\u0259rgin sal\u0131n\u0131b. Art\u0131q hakim elitada par\u00e7alanma var v\u0259 bunun \u00f6n\u00fcnd\u0259 ail\u0259nin adamlar\u0131 dayan\u0131r. Dem\u0259li, avtoritar rejim \u00f6z \u201cinki\u015faf\u0131nda\u201d son m\u0259rh\u0259l\u0259y\u0259 q\u0259d\u0259m qoyur\u201d.\n<\/p>\n<p>\n  Onun fikrinc\u0259, bu par\u00e7alanma m\u00fcxalif\u0259tin, ictimai institutlar\u0131n v\u0259 c\u0259miyy\u0259tin par\u00e7alanmas\u0131 il\u0259 n\u0259t\u0259c\u0259l\u0259n\u0259c\u0259k.\n<\/p>\n<p>\n  \u201cHakim elita daxilind\u0259 par\u00e7alanma m\u00fcxalif\u0259t daxilind\u0259 d\u0259 \u00f6z\u00fcn\u00fc biruz\u0259 verir. Avropada m\u00fcxalif qruplar aras\u0131ndak\u0131 duruma n\u0259z\u0259r salmaq kifay\u0259tdir. Hakim elitan\u0131n Avropadak\u0131 iki qanad\u0131 bir-biriyl\u0259 informasiya-t\u0259bli\u011fat m\u00fcharib\u0259si apar\u0131r. Eyni m\u0259nz\u0259r\u0259 son kadr t\u0259tyinatlar\u0131nda, i\u015f adamlar\u0131 aras\u0131nda, m\u00fclkiyy\u0259t u\u011frunda sava\u015fda \u00f6z\u00fcn\u00fc g\u00f6st\u0259rir\u201d.\n<\/p>\n<p>\n  Siyasi icmal\u00e7\u0131 bildirib ki, \u0130ran v\u0259 Rusiya m\u0259s\u0259l\u0259sinin g\u00fcnd\u0259m\u0259 g\u0259ldiyi bir zamanda Az\u0259rbaycandak\u0131 h\u0259r hans\u0131 hadis\u0259 qlobal v\u0259 regional g\u00fccl\u0259rin diqq\u0259t m\u0259rk\u0259zind\u0259dir.\n<\/p>\n<p>\n  \u201cOnlar aras\u0131nda m\u00fcbariz\u0259 h\u0259r bir \u00f6lk\u0259 u\u011frunda gedir, Erm\u0259nistanda, G\u00fcrc\u00fcstanda v\u0259 \u0130randak\u0131 prosesl\u0259r d\u0259 eyni istiqam\u0259td\u0259, bir-biril\u0259 \u0259laq\u0259li v\u0259 paralel gedir. Ona g\u00f6r\u0259 Az\u0259rbaycandak\u0131 h\u0259r hans\u0131 hadis\u0259 bax\u0131mdan k\u0259nar q\u00fcvv\u0259l\u0259rin daxild\u0259ki \u201ckalon\u201dlar\u0131 vasit\u0259sil\u0259 hakimiyy\u0259t\u0259 t\u0259zyiql\u0259rin olmas\u0131 t\u0259biidir. Hakimiyy\u0259t d\u0259 z\u0259ifl\u0259dikc\u0259, xarici q\u00fcvv\u0259l\u0259r qar\u015f\u0131s\u0131nda g\u00fcz\u0259\u015ft\u0259 getm\u0259y\u0259 daha \u00e7ox meylli olur\u201d.\n<\/p>\n<p>\n  O hesab edir ki, \u0259g\u0259r \u00f6lk\u0259y\u0259 bir kiber h\u00fccum n\u0259z\u0259rd\u0259 tutulubsa, b\u00fct\u00fcn \u00f6lk\u0259 buna a\u00e7\u0131qd\u0131r.\n<\/p>\n<p>\n  \u201cZaman\u0131nda BTC k\u0259m\u0259rinin T\u00fcrkiy\u0259 \u0259razisind\u0259ki hiss\u0259si partlad\u0131ld\u0131, komp\u00fctert idar\u0259\u00e7ilik sistemin\u0259 daxil olub boruda t\u0259zyiqi art\u0131r\u0131b bel\u0259 partlay\u0131\u015f t\u00f6r\u0259tmi\u015fdil\u0259r. H\u0259l\u0259 d\u0259 bunun s\u0259b\u0259bi tam a\u00e7\u0131qlanmad\u0131. Enerji sistemi is\u0259 daha h\u0259ssas oldu\u011fundan bu infrastrukturda kiber \u0259m\u0259liyyatlar ke\u00e7irm\u0259k daha rahatd\u0131r. Az\u0259rbaycanda is\u0259 kiber m\u00fcdafi\u0259 yox s\u0259viyy\u0259sind\u0259 oldu\u011fundan bu t\u0259hl\u00fck\u0259 reald\u0131r. \u0130ndiki d\u00fcnyada agenti g\u00f6nd\u0259rib hara is\u0259 partlay\u0131c\u0131 madd\u0259 qoyma\u011fa ehtiyac yoxdur, Avstraliyada oturub Az\u0259rbaycana kiber h\u00fccum t\u0259\u015fkil etm\u0259k m\u00fcmk\u00fcnd\u00fcr\u201d.<\/p>\n","protected":false},"excerpt":{"rendered":"<p>S\u00fclh\u0259ddin \u018fkb\u0259r: &#8221;Prosesl\u0259rin t\u0259hlili \u00fc\u00e7\u00fcn d\u0259qiq m\u0259lumat yoxdur&#8221;<\/p>\n","protected":false},"author":11,"featured_media":99383,"comment_status":"closed","ping_status":"open","sticky":false,"template":"","format":"standard","meta":{"_acf_changed":false,"_sitemap_exclude":false,"_sitemap_priority":"","_sitemap_frequency":"","footnotes":""},"categories":[51],"tags":[],"class_list":["post-190706","post","type-post","status-publish","format-standard","has-post-thumbnail","hentry","category-analitika","infinite-scroll-item","generate-columns","tablet-grid-50","mobile-grid-100","grid-parent","grid-33","no-featured-image-padding"],"acf":[],"yoast_head":"<!-- This site is optimized with the Yoast SEO plugin v27.4 - https:\/\/yoast.com\/product\/yoast-seo-wordpress\/ -->\n<title>&#039;&#039;Son hadis\u0259l\u0259r gedi\u015fat\u0131n g\u00f6zl\u0259nilm\u0259d\u0259n d\u0259yi\u015f\u0259 bil\u0259c\u0259yini g\u00f6st\u0259rir&#039;&#039; - MEYDAN.TV<\/title>\n<meta name=\"robots\" content=\"index, follow, max-snippet:-1, max-image-preview:large, max-video-preview:-1\" \/>\n<link rel=\"canonical\" href=\"https:\/\/www.meydan.tv\/az\/article\/son-hadiseler-gedisatin-gozlenilmeden-deyise-bileceyini-gosterir\/\" \/>\n<meta property=\"og:locale\" content=\"az_AZ\" \/>\n<meta property=\"og:type\" content=\"article\" \/>\n<meta property=\"og:title\" content=\"&#039;&#039;Son hadis\u0259l\u0259r gedi\u015fat\u0131n g\u00f6zl\u0259nilm\u0259d\u0259n d\u0259yi\u015f\u0259 bil\u0259c\u0259yini g\u00f6st\u0259rir&#039;&#039; - MEYDAN.TV\" \/>\n<meta property=\"og:description\" content=\"S\u00fclh\u0259ddin \u018fkb\u0259r: &#039;&#039;Prosesl\u0259rin t\u0259hlili \u00fc\u00e7\u00fcn d\u0259qiq m\u0259lumat yoxdur&#039;&#039;\" \/>\n<meta property=\"og:url\" content=\"https:\/\/www.meydan.tv\/az\/article\/son-hadiseler-gedisatin-gozlenilmeden-deyise-bileceyini-gosterir\/\" \/>\n<meta property=\"og:site_name\" content=\"MEYDAN.TV\" \/>\n<meta property=\"article:published_time\" content=\"2018-07-04T15:38:04+00:00\" \/>\n<meta property=\"og:image\" content=\"https:\/\/www.meydan.tv\/wp-content\/uploads\/39312.jpg\" \/>\n\t<meta property=\"og:image:width\" content=\"1000\" \/>\n\t<meta property=\"og:image:height\" content=\"541\" \/>\n\t<meta property=\"og:image:type\" content=\"image\/jpeg\" \/>\n<meta name=\"author\" content=\"user-manager\" \/>\n<meta name=\"twitter:card\" content=\"summary_large_image\" \/>\n<script type=\"application\/ld+json\" class=\"yoast-schema-graph\">{\"@context\":\"https:\\\/\\\/schema.org\",\"@graph\":[{\"@type\":\"Article\",\"@id\":\"https:\\\/\\\/www.meydan.tv\\\/az\\\/article\\\/son-hadiseler-gedisatin-gozlenilmeden-deyise-bileceyini-gosterir\\\/#article\",\"isPartOf\":{\"@id\":\"https:\\\/\\\/www.meydan.tv\\\/az\\\/article\\\/son-hadiseler-gedisatin-gozlenilmeden-deyise-bileceyini-gosterir\\\/\"},\"author\":{\"name\":\"user-manager\",\"@id\":\"https:\\\/\\\/www.meydan.tv\\\/az\\\/#\\\/schema\\\/person\\\/10d11eccf6da3662cf5fdab9806ea91a\"},\"headline\":\"&#8221;Son hadis\u0259l\u0259r gedi\u015fat\u0131n g\u00f6zl\u0259nilm\u0259d\u0259n d\u0259yi\u015f\u0259 bil\u0259c\u0259yini g\u00f6st\u0259rir&#8221;\",\"datePublished\":\"2018-07-04T15:38:04+00:00\",\"mainEntityOfPage\":{\"@id\":\"https:\\\/\\\/www.meydan.tv\\\/az\\\/article\\\/son-hadiseler-gedisatin-gozlenilmeden-deyise-bileceyini-gosterir\\\/\"},\"wordCount\":1124,\"publisher\":{\"@id\":\"https:\\\/\\\/www.meydan.tv\\\/az\\\/#organization\"},\"image\":{\"@id\":\"https:\\\/\\\/www.meydan.tv\\\/az\\\/article\\\/son-hadiseler-gedisatin-gozlenilmeden-deyise-bileceyini-gosterir\\\/#primaryimage\"},\"thumbnailUrl\":\"https:\\\/\\\/www.meydan.tv\\\/wp-content\\\/uploads\\\/39312.jpg\",\"articleSection\":[\"Analitika\"],\"inLanguage\":\"az\"},{\"@type\":\"WebPage\",\"@id\":\"https:\\\/\\\/www.meydan.tv\\\/az\\\/article\\\/son-hadiseler-gedisatin-gozlenilmeden-deyise-bileceyini-gosterir\\\/\",\"url\":\"https:\\\/\\\/www.meydan.tv\\\/az\\\/article\\\/son-hadiseler-gedisatin-gozlenilmeden-deyise-bileceyini-gosterir\\\/\",\"name\":\"''Son hadis\u0259l\u0259r gedi\u015fat\u0131n g\u00f6zl\u0259nilm\u0259d\u0259n d\u0259yi\u015f\u0259 bil\u0259c\u0259yini g\u00f6st\u0259rir'' - MEYDAN.TV\",\"isPartOf\":{\"@id\":\"https:\\\/\\\/www.meydan.tv\\\/az\\\/#website\"},\"primaryImageOfPage\":{\"@id\":\"https:\\\/\\\/www.meydan.tv\\\/az\\\/article\\\/son-hadiseler-gedisatin-gozlenilmeden-deyise-bileceyini-gosterir\\\/#primaryimage\"},\"image\":{\"@id\":\"https:\\\/\\\/www.meydan.tv\\\/az\\\/article\\\/son-hadiseler-gedisatin-gozlenilmeden-deyise-bileceyini-gosterir\\\/#primaryimage\"},\"thumbnailUrl\":\"https:\\\/\\\/www.meydan.tv\\\/wp-content\\\/uploads\\\/39312.jpg\",\"datePublished\":\"2018-07-04T15:38:04+00:00\",\"breadcrumb\":{\"@id\":\"https:\\\/\\\/www.meydan.tv\\\/az\\\/article\\\/son-hadiseler-gedisatin-gozlenilmeden-deyise-bileceyini-gosterir\\\/#breadcrumb\"},\"inLanguage\":\"az\",\"potentialAction\":[{\"@type\":\"ReadAction\",\"target\":[\"https:\\\/\\\/www.meydan.tv\\\/az\\\/article\\\/son-hadiseler-gedisatin-gozlenilmeden-deyise-bileceyini-gosterir\\\/\"]}]},{\"@type\":\"ImageObject\",\"inLanguage\":\"az\",\"@id\":\"https:\\\/\\\/www.meydan.tv\\\/az\\\/article\\\/son-hadiseler-gedisatin-gozlenilmeden-deyise-bileceyini-gosterir\\\/#primaryimage\",\"url\":\"https:\\\/\\\/www.meydan.tv\\\/wp-content\\\/uploads\\\/39312.jpg\",\"contentUrl\":\"https:\\\/\\\/www.meydan.tv\\\/wp-content\\\/uploads\\\/39312.jpg\",\"width\":1000,\"height\":541,\"caption\":\"Source:\"},{\"@type\":\"BreadcrumbList\",\"@id\":\"https:\\\/\\\/www.meydan.tv\\\/az\\\/article\\\/son-hadiseler-gedisatin-gozlenilmeden-deyise-bileceyini-gosterir\\\/#breadcrumb\",\"itemListElement\":[{\"@type\":\"ListItem\",\"position\":1,\"name\":\"Ana s\u0259hif\u0259\",\"item\":\"https:\\\/\\\/www.meydan.tv\\\/az\\\/\"},{\"@type\":\"ListItem\",\"position\":2,\"name\":\"Analitika\",\"item\":\"https:\\\/\\\/www.meydan.tv\\\/az\\\/section\\\/analitika\\\/\"},{\"@type\":\"ListItem\",\"position\":3,\"name\":\"&#8221;Son hadis\u0259l\u0259r gedi\u015fat\u0131n g\u00f6zl\u0259nilm\u0259d\u0259n d\u0259yi\u015f\u0259 bil\u0259c\u0259yini g\u00f6st\u0259rir&#8221;\"}]},{\"@type\":\"WebSite\",\"@id\":\"https:\\\/\\\/www.meydan.tv\\\/az\\\/#website\",\"url\":\"https:\\\/\\\/www.meydan.tv\\\/az\\\/\",\"name\":\"MEYDAN.TV\",\"description\":\"Meydan TV Az\u0259rbaycan\u0131n media m\u0259kan\u0131ndak\u0131 alternativ s\u0259sidir\",\"publisher\":{\"@id\":\"https:\\\/\\\/www.meydan.tv\\\/az\\\/#organization\"},\"potentialAction\":[{\"@type\":\"SearchAction\",\"target\":{\"@type\":\"EntryPoint\",\"urlTemplate\":\"https:\\\/\\\/www.meydan.tv\\\/az\\\/?s={search_term_string}\"},\"query-input\":{\"@type\":\"PropertyValueSpecification\",\"valueRequired\":true,\"valueName\":\"search_term_string\"}}],\"inLanguage\":\"az\"},{\"@type\":\"Organization\",\"@id\":\"https:\\\/\\\/www.meydan.tv\\\/az\\\/#organization\",\"name\":\"Meydan TV\",\"url\":\"https:\\\/\\\/www.meydan.tv\\\/az\\\/\",\"logo\":{\"@type\":\"ImageObject\",\"inLanguage\":\"az\",\"@id\":\"https:\\\/\\\/www.meydan.tv\\\/az\\\/#\\\/schema\\\/logo\\\/image\\\/\",\"url\":\"https:\\\/\\\/www.meydan.tv\\\/wp-content\\\/uploads\\\/2021\\\/07\\\/meydan-logo.svg\",\"contentUrl\":\"https:\\\/\\\/www.meydan.tv\\\/wp-content\\\/uploads\\\/2021\\\/07\\\/meydan-logo.svg\",\"width\":195,\"height\":46,\"caption\":\"Meydan TV\"},\"image\":{\"@id\":\"https:\\\/\\\/www.meydan.tv\\\/az\\\/#\\\/schema\\\/logo\\\/image\\\/\"}},{\"@type\":\"Person\",\"@id\":\"https:\\\/\\\/www.meydan.tv\\\/az\\\/#\\\/schema\\\/person\\\/10d11eccf6da3662cf5fdab9806ea91a\",\"name\":\"user-manager\"}]}<\/script>\n<!-- \/ Yoast SEO plugin. -->","yoast_head_json":{"title":"''Son hadis\u0259l\u0259r gedi\u015fat\u0131n g\u00f6zl\u0259nilm\u0259d\u0259n d\u0259yi\u015f\u0259 bil\u0259c\u0259yini g\u00f6st\u0259rir'' - MEYDAN.TV","robots":{"index":"index","follow":"follow","max-snippet":"max-snippet:-1","max-image-preview":"max-image-preview:large","max-video-preview":"max-video-preview:-1"},"canonical":"https:\/\/www.meydan.tv\/az\/article\/son-hadiseler-gedisatin-gozlenilmeden-deyise-bileceyini-gosterir\/","og_locale":"az_AZ","og_type":"article","og_title":"''Son hadis\u0259l\u0259r gedi\u015fat\u0131n g\u00f6zl\u0259nilm\u0259d\u0259n d\u0259yi\u015f\u0259 bil\u0259c\u0259yini g\u00f6st\u0259rir'' - MEYDAN.TV","og_description":"S\u00fclh\u0259ddin \u018fkb\u0259r: ''Prosesl\u0259rin t\u0259hlili \u00fc\u00e7\u00fcn d\u0259qiq m\u0259lumat yoxdur''","og_url":"https:\/\/www.meydan.tv\/az\/article\/son-hadiseler-gedisatin-gozlenilmeden-deyise-bileceyini-gosterir\/","og_site_name":"MEYDAN.TV","article_published_time":"2018-07-04T15:38:04+00:00","og_image":[{"width":1000,"height":541,"url":"https:\/\/www.meydan.tv\/wp-content\/uploads\/39312.jpg","type":"image\/jpeg"}],"author":"user-manager","twitter_card":"summary_large_image","schema":{"@context":"https:\/\/schema.org","@graph":[{"@type":"Article","@id":"https:\/\/www.meydan.tv\/az\/article\/son-hadiseler-gedisatin-gozlenilmeden-deyise-bileceyini-gosterir\/#article","isPartOf":{"@id":"https:\/\/www.meydan.tv\/az\/article\/son-hadiseler-gedisatin-gozlenilmeden-deyise-bileceyini-gosterir\/"},"author":{"name":"user-manager","@id":"https:\/\/www.meydan.tv\/az\/#\/schema\/person\/10d11eccf6da3662cf5fdab9806ea91a"},"headline":"&#8221;Son hadis\u0259l\u0259r gedi\u015fat\u0131n g\u00f6zl\u0259nilm\u0259d\u0259n d\u0259yi\u015f\u0259 bil\u0259c\u0259yini g\u00f6st\u0259rir&#8221;","datePublished":"2018-07-04T15:38:04+00:00","mainEntityOfPage":{"@id":"https:\/\/www.meydan.tv\/az\/article\/son-hadiseler-gedisatin-gozlenilmeden-deyise-bileceyini-gosterir\/"},"wordCount":1124,"publisher":{"@id":"https:\/\/www.meydan.tv\/az\/#organization"},"image":{"@id":"https:\/\/www.meydan.tv\/az\/article\/son-hadiseler-gedisatin-gozlenilmeden-deyise-bileceyini-gosterir\/#primaryimage"},"thumbnailUrl":"https:\/\/www.meydan.tv\/wp-content\/uploads\/39312.jpg","articleSection":["Analitika"],"inLanguage":"az"},{"@type":"WebPage","@id":"https:\/\/www.meydan.tv\/az\/article\/son-hadiseler-gedisatin-gozlenilmeden-deyise-bileceyini-gosterir\/","url":"https:\/\/www.meydan.tv\/az\/article\/son-hadiseler-gedisatin-gozlenilmeden-deyise-bileceyini-gosterir\/","name":"''Son hadis\u0259l\u0259r gedi\u015fat\u0131n g\u00f6zl\u0259nilm\u0259d\u0259n d\u0259yi\u015f\u0259 bil\u0259c\u0259yini g\u00f6st\u0259rir'' - MEYDAN.TV","isPartOf":{"@id":"https:\/\/www.meydan.tv\/az\/#website"},"primaryImageOfPage":{"@id":"https:\/\/www.meydan.tv\/az\/article\/son-hadiseler-gedisatin-gozlenilmeden-deyise-bileceyini-gosterir\/#primaryimage"},"image":{"@id":"https:\/\/www.meydan.tv\/az\/article\/son-hadiseler-gedisatin-gozlenilmeden-deyise-bileceyini-gosterir\/#primaryimage"},"thumbnailUrl":"https:\/\/www.meydan.tv\/wp-content\/uploads\/39312.jpg","datePublished":"2018-07-04T15:38:04+00:00","breadcrumb":{"@id":"https:\/\/www.meydan.tv\/az\/article\/son-hadiseler-gedisatin-gozlenilmeden-deyise-bileceyini-gosterir\/#breadcrumb"},"inLanguage":"az","potentialAction":[{"@type":"ReadAction","target":["https:\/\/www.meydan.tv\/az\/article\/son-hadiseler-gedisatin-gozlenilmeden-deyise-bileceyini-gosterir\/"]}]},{"@type":"ImageObject","inLanguage":"az","@id":"https:\/\/www.meydan.tv\/az\/article\/son-hadiseler-gedisatin-gozlenilmeden-deyise-bileceyini-gosterir\/#primaryimage","url":"https:\/\/www.meydan.tv\/wp-content\/uploads\/39312.jpg","contentUrl":"https:\/\/www.meydan.tv\/wp-content\/uploads\/39312.jpg","width":1000,"height":541,"caption":"Source:"},{"@type":"BreadcrumbList","@id":"https:\/\/www.meydan.tv\/az\/article\/son-hadiseler-gedisatin-gozlenilmeden-deyise-bileceyini-gosterir\/#breadcrumb","itemListElement":[{"@type":"ListItem","position":1,"name":"Ana s\u0259hif\u0259","item":"https:\/\/www.meydan.tv\/az\/"},{"@type":"ListItem","position":2,"name":"Analitika","item":"https:\/\/www.meydan.tv\/az\/section\/analitika\/"},{"@type":"ListItem","position":3,"name":"&#8221;Son hadis\u0259l\u0259r gedi\u015fat\u0131n g\u00f6zl\u0259nilm\u0259d\u0259n d\u0259yi\u015f\u0259 bil\u0259c\u0259yini g\u00f6st\u0259rir&#8221;"}]},{"@type":"WebSite","@id":"https:\/\/www.meydan.tv\/az\/#website","url":"https:\/\/www.meydan.tv\/az\/","name":"MEYDAN.TV","description":"Meydan TV Az\u0259rbaycan\u0131n media m\u0259kan\u0131ndak\u0131 alternativ s\u0259sidir","publisher":{"@id":"https:\/\/www.meydan.tv\/az\/#organization"},"potentialAction":[{"@type":"SearchAction","target":{"@type":"EntryPoint","urlTemplate":"https:\/\/www.meydan.tv\/az\/?s={search_term_string}"},"query-input":{"@type":"PropertyValueSpecification","valueRequired":true,"valueName":"search_term_string"}}],"inLanguage":"az"},{"@type":"Organization","@id":"https:\/\/www.meydan.tv\/az\/#organization","name":"Meydan TV","url":"https:\/\/www.meydan.tv\/az\/","logo":{"@type":"ImageObject","inLanguage":"az","@id":"https:\/\/www.meydan.tv\/az\/#\/schema\/logo\/image\/","url":"https:\/\/www.meydan.tv\/wp-content\/uploads\/2021\/07\/meydan-logo.svg","contentUrl":"https:\/\/www.meydan.tv\/wp-content\/uploads\/2021\/07\/meydan-logo.svg","width":195,"height":46,"caption":"Meydan TV"},"image":{"@id":"https:\/\/www.meydan.tv\/az\/#\/schema\/logo\/image\/"}},{"@type":"Person","@id":"https:\/\/www.meydan.tv\/az\/#\/schema\/person\/10d11eccf6da3662cf5fdab9806ea91a","name":"user-manager"}]}},"_links":{"self":[{"href":"https:\/\/www.meydan.tv\/az\/wp-json\/wp\/v2\/posts\/190706","targetHints":{"allow":["GET"]}}],"collection":[{"href":"https:\/\/www.meydan.tv\/az\/wp-json\/wp\/v2\/posts"}],"about":[{"href":"https:\/\/www.meydan.tv\/az\/wp-json\/wp\/v2\/types\/post"}],"author":[{"embeddable":true,"href":"https:\/\/www.meydan.tv\/az\/wp-json\/wp\/v2\/users\/11"}],"replies":[{"embeddable":true,"href":"https:\/\/www.meydan.tv\/az\/wp-json\/wp\/v2\/comments?post=190706"}],"version-history":[{"count":0,"href":"https:\/\/www.meydan.tv\/az\/wp-json\/wp\/v2\/posts\/190706\/revisions"}],"wp:featuredmedia":[{"embeddable":true,"href":"https:\/\/www.meydan.tv\/az\/wp-json\/wp\/v2\/media\/99383"}],"wp:attachment":[{"href":"https:\/\/www.meydan.tv\/az\/wp-json\/wp\/v2\/media?parent=190706"}],"wp:term":[{"taxonomy":"category","embeddable":true,"href":"https:\/\/www.meydan.tv\/az\/wp-json\/wp\/v2\/categories?post=190706"},{"taxonomy":"post_tag","embeddable":true,"href":"https:\/\/www.meydan.tv\/az\/wp-json\/wp\/v2\/tags?post=190706"}],"curies":[{"name":"wp","href":"https:\/\/api.w.org\/{rel}","templated":true}]}}