{"id":190694,"date":"2018-07-03T20:50:47","date_gmt":"2018-07-03T20:50:47","guid":{"rendered":"https:\/\/www.meydan.tv\/article\/hokumetin-pambiginin-yolunda-az-qala-qirilmisdiq\/"},"modified":"2018-07-03T20:50:47","modified_gmt":"2018-07-03T20:50:47","slug":"hokumetin-pambiginin-yolunda-az-qala-qirilmisdiq","status":"publish","type":"post","link":"https:\/\/www.meydan.tv\/az\/article\/hokumetin-pambiginin-yolunda-az-qala-qirilmisdiq\/","title":{"rendered":"&#8221;H\u00f6kum\u0259tin pamb\u0131\u011f\u0131n\u0131n yolunda az qala q\u0131r\u0131lm\u0131\u015fd\u0131q&#8221;"},"content":{"rendered":"<p>\n  Alaq otlar\u0131n\u0131 \u0259ll\u0259ri il\u0259 tarlalardan t\u0259mizl\u0259y\u0259n pamb\u0131q\u00e7\u0131lardan biri d\u0259 Elnar\u0259 H\u0259s\u0259nova olub. O, Saatl\u0131n\u0131n S\u0131mada k\u0259ndind\u0259ki pamb\u0131q tarlas\u0131nda 12-14 saat i\u015fl\u0259m\u0259kl\u0259 g\u00fcn\u0259 10 manat alan i\u015f\u00e7il\u0259rd\u0259n biridir.\n<\/p>\n<p>\n  \u0130yunun 10-da tarlan\u0131n sahibi E.H\u0259s\u0259novan\u0131n i\u015fl\u0259diyi briqadan\u0131 i\u015f g\u00fcn\u00fcn\u00fcn sonuna az qalm\u0131\u015f yax\u0131nl\u0131qda yerl\u0259\u015f\u0259n dig\u0259r bir tarlaya g\u00f6nd\u0259rib. Lakin briqadaya tarlan\u0131n d\u0259rmanland\u0131\u011f\u0131 haqda he\u00e7 bir x\u0259b\u0259rdarl\u0131q edilm\u0259yib.\n<\/p>\n<p>\n  \u201cBa\u015f\u0131m gic\u0259ll\u0259ndi, g\u00f6z\u00fcm qarald\u0131, \u00fcr\u0259yim bulanma\u011fa ba\u015flad\u0131. G\u00f6z\u00fcm\u00fc a\u00e7anda x\u0259st\u0259xanada idim. V\u0259ziyy\u0259tim o q\u0259d\u0259r a\u011f\u0131rd\u0131 ki, b\u00f6lg\u0259 x\u0259st\u0259xanas\u0131nda k\u00f6m\u0259k ed\u0259 bilm\u0259dil\u0259r, g\u00f6nd\u0259rdil\u0259r Bak\u0131ya. Yenic\u0259 ev\u0259 burax\u0131lm\u0131\u015fam\u201d, \u2013 Sabirabad\u0131n N\u0259simik\u0259nd sakini Elnar\u0259 H\u0259s\u0259nova deyir.\n<\/p>\n<p>\n  \u201cKiminin \u00fcr\u0259yi getmi\u015fdi, kimisi qaytar\u0131rd\u0131, b\u0259zil\u0259rinin a\u011fz\u0131ndan k\u00f6p\u00fck g\u0259lirdi. Ma\u015f\u0131ndan d\u00fc\u015f\u00fcb, onlara k\u00f6m\u0259k etm\u0259y\u0259 ba\u015flad\u0131m\u201d &#8211; dey\u0259 N\u0259simik\u0259nd sakini H\u0259qiq\u0259t M\u0259mm\u0259dova bildirir. Onun s\u00f6zl\u0259rin\u0259 g\u00f6r\u0259, h\u0259min g\u00fcn s\u0259h\u0259r i\u015f\u0259 ged\u0259nd\u0259 i\u015f\u00e7il\u0259ri iki qrupa b\u00f6l\u00fcbl\u0259r. O, d\u0259rmanl\u0131 sah\u0259y\u0259 d\u00fc\u015fm\u0259yib. Ancaq i\u015f\u00e7\u0131x\u0131\u015f\u0131 ev\u0259 d\u00f6n\u0259nd\u0259 insanlar\u0131n v\u0259ziyy\u0259tinin pisl\u0259\u015fdiyini g\u00f6r\u00fcb:\n<\/p>\n<p>\n  \u201cT\u0259cili Tibbi Yard\u0131m ma\u015f\u0131n\u0131 g\u0259ldi. Z\u0259h\u0259rl\u0259n\u0259nl\u0259ri Saatl\u0131 X\u0259st\u0259xanas\u0131na g\u0259tirdik. Bir 15 d\u0259qiq\u0259 sonra qarn\u0131m sanc\u0131land\u0131. Sonra \u00fcr\u0259kbulanma, ba\u015fgic\u0259ll\u0259nm\u0259 ba\u015flad\u0131. \u00dcr\u0259yim gedib, y\u0131x\u0131lm\u0131\u015fam. G\u00f6z\u00fcm\u00fc a\u00e7anda sistem qo\u015fmu\u015fdular. M\u0259n d\u0259rmanl\u0131 pamb\u0131q il\u0259 t\u0259masda olmam\u0131\u015fam. G\u00f6r\u00fcn\u00fcr, z\u0259h\u0259rl\u0259n\u0259nl\u0259rin paltarlar\u0131ndan ke\u00e7ib\u201d, &#8211; dey\u0259n H.M\u0259mm\u0259dova bildirir ki, z\u0259h\u0259rl\u0259nm\u0259d\u0259n sonra sol qolu i\u015fl\u0259mir.\n<\/p>\n<p>\n  \u0130yunun 10-da Saatl\u0131n\u0131n S\u0131mada k\u0259ndind\u0259 25, iyunun 19-da is\u0259 \u0130mi\u015flid\u0259 80 pamb\u0131q\u00e7\u0131 z\u0259h\u0259rl\u0259nib. Z\u0259h\u0259rl\u0259nm\u0259 insidentl\u0259rind\u0259 d\u00fcnyas\u0131n\u0131 d\u0259yi\u015f\u0259n olmay\u0131b.\n<\/p>\n<p>\n  B\u0259zi pamb\u0131q\u00e7\u0131lar\u0131n durumu a\u011f\u0131r oldu\u011fundan onlar Bak\u0131ya g\u00f6nd\u0259rilib, 3 g\u00fcn \u0259rzind\u0259 x\u0259st\u0259xanada qalmal\u0131 olublar. Dig\u0259rl\u0259ri is\u0259 Saatl\u0131 Rayon X\u0259st\u0259xanas\u0131nda m\u00fcalic\u0259 al\u0131blar.\n<\/p>\n<p>\n  \u201cRifle 48 EC\u201d d\u0259rman\u0131n\u0131n fotolar\u0131 Saatl\u0131n\u0131n pamb\u0131q tarlalar\u0131nda \u00e7\u0259kilib. Bu d\u0259rman\u0131n t\u0259rkibind\u0259ki \u0259sas inqridient Trifluralindir. M\u0259hz bu inqredient yaban\u0131 otlar\u0131 m\u0259hv edir.\n<\/p>\n<p>\n  Trifluralinin istehsal\u0131 v\u0259 istifad\u0259si 2008-ci ild\u0259n etibar\u0259n Avropa Birliyind\u0259 qada\u011fan edilib. Bu kimy\u0259vi madd\u0259 h\u0259l\u0259 d\u0259 T\u00fcrkiy\u0259d\u0259, Kanada v\u0259 AB\u015e-da istifad\u0259 edils\u0259 d\u0259, qaydalara \u0259sas\u0259n d\u0259rman, yaln\u0131z ba\u015fdan-aya\u011fa x\u00fcsusi geyimd\u0259 olan i\u015f\u00e7il\u0259r t\u0259r\u0259find\u0259n istifad\u0259 edil\u0259 bil\u0259r.\n<\/p>\n<p>\n  H\u0259s\u0259nova v\u0259 dig\u0259r pamb\u0131q\u00e7\u0131lar is\u0259 yaln\u0131z uzunqol k\u00f6yn\u0259kl\u0259r, par\u00e7a \u0259lc\u0259k v\u0259 \u00fczl\u0259rin\u0259 ba\u011flad\u0131qlar\u0131 yayl\u0131qlarla \u00f6zl\u0259rini d\u0259rmandan m\u00fcdafi\u0259 edibl\u0259r. Pamb\u0131q\u00e7\u0131n\u0131n s\u00f6zl\u0259rin\u0259 g\u00f6r\u0259, tarlada potensial t\u0259hl\u00fck\u0259nin oldu\u011fu haqda onlara he\u00e7 kim x\u0259b\u0259rdarl\u0131q etm\u0259yib.\n<\/p>\n<p>\n  <b><br \/>\n    Pamb\u0131\u011fa qay\u0131d\u0131\u015f<br \/>\n  <\/b>\n<\/p>\n<p>\n  Prezident \u0130lham \u018fliyev \u00fc\u00e7\u00fcn m\u0259qs\u0259d \u00e7ox ayd\u0131n idi.\n<\/p>\n<p>\n  1981-ci ild\u0259 Sovet \u0130ttifaq\u0131 d\u00f6n\u0259mind\u0259 atas\u0131 Heyd\u0259r \u018fliyevin r\u0259hb\u0259rliyi alt\u0131nda Az\u0259rbaycan milyonlarla ton pamb\u0131q istehsal etmi\u015fdi. Bu il mart\u0131n 26-da B\u0259rd\u0259d\u0259 pamb\u0131q\u00e7\u0131l\u0131\u011f\u0131n inki\u015faf\u0131na dair 3-c\u00fc m\u00fc\u015favir\u0259d\u0259 \u00e7\u0131x\u0131\u015f ed\u0259n \u0130.\u018fliyev atas\u0131n\u0131n miras qoydu\u011fu pamb\u0131\u011f s\u0259nayesinin yenid\u0259n b\u0259rpa edilm\u0259si haqq\u0131nda f\u0259xrl\u0259 \u00e7\u0131x\u0131\u015f edirdi. Prezident \u00e7\u0131x\u0131\u015f\u0131nda d\u00f6vl\u0259t proqram\u0131 say\u0259sind\u0259 pamb\u0131q hasilat\u0131n\u0131n 35 000 tondan (2015) 207 000 (2017) tonad\u0259k artd\u0131\u011f\u0131n\u0131 da vur\u011fulam\u0131\u015fd\u0131.\n<\/p>\n<p>\n  \u018fliyev h\u0259m\u00e7inin \u00e7\u0131x\u0131\u015f\u0131nda yaban\u0131 otlar v\u0259 b\u00f6c\u0259kl\u0259r\u0259 qar\u015f\u0131 istifad\u0259 edil\u0259n d\u0259rmanlarda probleml\u0259rin oldu\u011funu da dil\u0259 g\u0259tirmi\u015fdi:\n<\/p>\n<p>\n  \u201cKe\u00e7\u0259n il pestisidl\u0259rin keyfiyy\u0259ti b\u0259zi hallarda laz\u0131mi s\u0259viyy\u0259d\u0259 deyildi v\u0259 m\u0259hsuldarl\u0131\u011fa bunun \u00e7ox m\u0259nfi t\u0259siri olmu\u015fdu. Ona g\u00f6r\u0259 bu il bu sah\u0259y\u0259 \u00e7ox ciddi n\u0259zar\u0259t olunmal\u0131d\u0131r v\u0259 ancaq y\u00fcks\u0259k keyfiyy\u0259tli pestisidl\u0259r g\u0259tirilm\u0259lidir. N\u0259z\u0259r\u0259 alsaq ki, art\u0131q Az\u0259rbaycan \u00f6z\u00fc bu sah\u0259d\u0259 yerli istehsala start verib, \u0259min\u0259m ki, bu sah\u0259d\u0259 bundan sonra problem olmayacaq\u201d.\n<\/p>\n<p>\n  \u201ciFact.ge\u201d m\u00fcxbiri t\u0259r\u0259find\u0259n \u0130mi\u015flid\u0259 \u00e7\u0259kil\u0259n fotolar onu g\u00f6st\u0259rir ki, tarladak\u0131 b\u00f6c\u0259kl\u0259r\u0259 qar\u015f\u0131 \u201cMegasun 20 SP\u201d d\u0259rman\u0131ndan istifad\u0259 edilib. D\u0259rman\u0131n selofan paketi \u00fcz\u0259rind\u0259 ayd\u0131n \u015f\u0259kild\u0259 \u201cGilan Holding\u201d, \u201cMade in Azerbaijan\u201d (\u201cAz\u0259rbaycanda istehsal edilib\u201d) qeyd edilib. Bununla yana\u015f\u0131, \u201cd\u0259ri v\u0259 g\u00f6z t\u0259mas\u0131ndan \u00e7\u0259kinin. D\u0259rman\u0131n z\u0259rr\u0259cikl\u0259ri v\u0259 buxar\u0131 il\u0259 t\u0259n\u0259ff\u00fcs etm\u0259yin. D\u0259rmanlama zaman\u0131 qoruyucu geyim, \u0259lc\u0259k v\u0259 maskadan istifad\u0259 edin. D\u0259rmanlanm\u0131\u015f sah\u0259y\u0259 1 g\u00fcn m\u00fcdd\u0259tind\u0259 insan v\u0259 ya heyvan\u0131n daxil olmas\u0131 onun sa\u011flaml\u0131\u011f\u0131 \u00fc\u00e7\u00fcn t\u0259hl\u00fck\u0259lidir\u201d d\u0259 qeyd edilib.\n<\/p>\n<p>\n  \u201cGilan Holdinq\u201din b\u00f6y\u00fck pay hiss\u0259si Dubay qeydiyyat\u0131nda olan \u201cSahra FZCO\u201d \u015firk\u0259tinindir. OCCRP-nin yeni ara\u015fd\u0131rmalar\u0131n\u0131n birind\u0259 qeyd edilir ki, \u201cSahra FZCO\u201d-nun real sahibl\u0259ri prezident \u018fliyevin q\u0131zlar\u0131 Arzu v\u0259 Leylad\u0131r.\n<\/p>\n<p>\n  Az\u0259rbaycan\u0131n pamb\u0131q s\u0259nayesind\u0259 dominantl\u0131q \u201cGilan Holdinq\u201d\u0259 m\u0259xsusdur. B\u00f6y\u00fck tarlalardan \u0259lav\u0259, holdinqin iri \u0259kin sah\u0259l\u0259ri, 20-d\u0259k pamb\u0131\u011f\u0131n ilkin emal\u0131 zavodu, el\u0259c\u0259 d\u0259 Bak\u0131, G\u0259nc\u0259 v\u0259 Sumqay\u0131tda tekstil fabrikl\u0259ri var.\n<\/p>\n<p>\n  <b><br \/>\n    D\u0259rman yaban\u0131 otlara t\u0259sir etm\u0259yib<br \/>\n  <\/b>\n<\/p>\n<p>\n  H\u0259s\u0259novan\u0131n i\u015fl\u0259diyi Simada k\u0259ndi Sovet \u0130ttifaq\u0131 d\u00f6n\u0259mind\u0259 1150 ha sah\u0259si olan kolxoz olub. 1996-c\u0131 ild\u0259 H.\u018fliyev t\u0259r\u0259find\u0259n imzalanan f\u0259rmandan sonra b\u00fct\u00fcn\u00a0 kolxozlar l\u0259\u011fv edilib.\n<\/p>\n<p>\n  Saatl\u0131da S\u0131mada k\u0259ndind\u0259 ya\u015fayan h\u0259r bir ail\u0259 \u00fczv\u00fcn\u0259 90 sot torpaq verilib. L\u0259tif X\u0259lidov da torpaq sahibin\u0259 \u00e7evril\u0259n yerli sakinl\u0259rd\u0259n biridir:\n<\/p>\n<p>\n  \u201cBa\u015f\u0131m i\u015fl\u0259mir, bilmir\u0259m n\u0259 dey\u0259m. T\u0259kc\u0259 onu bilir\u0259m ki, d\u0259rman\u0131 biz almam\u0131\u015fd\u0131q. Bizim MKT \u0130stehsalat Kommersiya MMC il\u0259 m\u00fcqavil\u0259miz var. Bud\u0259f\u0259ki d\u0259rman\u0131 da MKT-nin Saatl\u0131 filial\u0131ndan g\u0259tirmi\u015fdil\u0259r\u201d, &#8211; dey\u0259n fermer \u0259lav\u0259 edir ki, il \u0259rzind\u0259 d\u0259rman\u0131, \u015fumlaman\u0131, g\u00fcbr\u0259ni v\u0259 s. MKT t\u0259dar\u00fck edir. Pamb\u0131\u011f\u0131 t\u0259hvil veril\u0259nd\u0259 is\u0259 \u015firk\u0259t bu xidm\u0259tl\u0259rin haqq\u0131n\u0131 tutur.\n<\/p>\n<p>\n  \u201c\u0130r\u0259li d\u00fc\u015f\u0259n d\u0259 olur. Amma pamb\u0131q el\u0259 y\u00fcks\u0259k g\u0259lirli sah\u0259 deyil. D\u00f6vl\u0259tin pamb\u0131q siyas\u0259tin\u0259 g\u00f6r\u0259 m\u0259cburiyy\u0259td\u0259n \u0259kirik\u201d, &#8211; dey\u0259 ad\u0131n\u0131n a\u00e7\u0131qlanmas\u0131n\u0131 ist\u0259m\u0259y\u0259n sahibkar bildirir:\n<\/p>\n<p>\n  \u201cH\u0259m d\u0259 pamb\u0131\u011f\u0131n bazar\u0131 var, MKT ham\u0131s\u0131n\u0131 al\u0131r. Dig\u0259r \u0259kinl\u0259rin bazar\u0131n\u0131 el\u0259 \u00f6ld\u00fcr\u00fcbl\u0259r ki, sat\u0131lmas\u0131n\u0131n qarant\u0131 yoxdur. H\u0259m d\u0259 h\u0259mi\u015f\u0259 eyni \u0259kin \u0259km\u0259k m\u00fcmk\u00fcn deyil. 2 il tax\u0131l \u0259kdins\u0259, sonra h\u00f6km\u0259n ba\u015fqa \u0259kin\u0259 ke\u00e7m\u0259lis\u0259n\u201d.\n<\/p>\n<p>\n  \u201ciFact.ge\u201d-nin m\u00fcxbiri MKT-nin Saatl\u0131 filial\u0131na ba\u015f \u00e7\u0259kdiyind\u0259 qap\u0131lar\u0131n m\u00f6h\u00fcrl\u00fc oldu\u011funu g\u00f6r\u00fcb, i\u00e7\u0259ri is\u0259 he\u00e7 kim burax\u0131lmay\u0131b. A\u00e7\u0131qlama verm\u0259k \u00fc\u00e7\u00fcn g\u0259l\u0259n zavod n\u00fcmay\u0259nd\u0259si sah\u0259l\u0259r\u0259 veril\u0259n d\u0259rmanlar\u0131n adlar\u0131n\u0131 bilm\u0259diyini s\u00f6yl\u0259yib.\n<\/p>\n<p>\n  \u201c\u00c7e\u015fid \u00e7oxdur. D\u0259rmanlar\u0131n \u00e7oxu xaricd\u0259n g\u0259lir, \u0259sas\u0259n, T\u00fcrkiy\u0259d\u0259n. Bilmir\u0259m, konkret h\u0259min sah\u0259y\u0259 hans\u0131 d\u0259rmandan vurulub\u201d, &#8211; dey\u0259n filial\u0131n n\u00fcmay\u0259nd\u0259si prokurorlu\u011fun ara\u015fd\u0131rma apard\u0131\u011f\u0131n\u0131 da qeyd edib: \u201cBizim r\u0259hb\u0259rliyi, \u00c7ingiz G\u00f6z\u0259lovu h\u0259bs edibl\u0259r. Buran\u0131 yuxar\u0131dak\u0131 \u015firk\u0259tl\u0259r idar\u0259 edir, bizlik deyil. H\u0259r \u015feyd\u0259n n\u00fcmun\u0259 g\u00f6t\u00fcr\u00fcb ekspertizaya g\u00f6nd\u0259ribl\u0259r\u201d.\n<\/p>\n<p>\n  L.X\u0259lidov bildirir ki, sah\u0259l\u0259ri d\u0259rmanlamaq \u00fc\u00e7\u00fcn zavodun onlara verdiyi d\u0259rman sar\u0131, 5 litrlik d\u0259mir qutularda olub: \u201cG\u00f6rd\u00fck ki, d\u0259rman\u0131n ala\u011fa t\u0259siri olmad\u0131, \u0259l \u0259m\u0259yind\u0259n istifad\u0259 etm\u0259k q\u0259rar\u0131na g\u0259ldik. F\u0259hl\u0259 tutduq ki, alaq otlar\u0131n\u0131 t\u0259mizl\u0259sinl\u0259r. Onun ax\u0131r\u0131 da bel\u0259 oldu. Ba\u015f\u0131m\u0131z\u0131 itirmi\u015fik\u201d.\n<\/p>\n<p>\n  X\u0259lidov \u0259lav\u0259 edir ki, d\u0259rman\u0131n istifad\u0259sind\u0259n sonra i\u015f\u00e7il\u0259ri n\u0259 vaxt tarlaya g\u0259tirm\u0259li olduqlar\u0131 haqda he\u00e7 bir m\u0259lumat\u0131 olmay\u0131b.\n<\/p>\n<p>\n  Onun s\u00f6zl\u0259rin\u0259 g\u00f6r\u0259, yaban\u0131 otlar\u0131 m\u0259hv ed\u0259n d\u0259rman i\u015f\u00e7il\u0259rin sah\u0259y\u0259 g\u0259tirilm\u0259sind\u0259n 24 saat \u00f6nc\u0259, sah\u0259y\u0259 x\u00fcsusi geyimd\u0259 v\u0259 x\u00fcsusi traktor vasit\u0259sil\u0259 s\u0259pilib. Daha sonra ya\u011f\u0131\u015f ya\u011f\u0131b, bir g\u00fcn sonra is\u0259 i\u015f\u00e7il\u0259r tarlaya g\u0259tizdirilib.\n<\/p>\n<p>\n  \u201cBiz sad\u0259 insanlar\u0131q, bilmirik n\u0259 d\u0259rman\u0131d\u0131r, yax\u015f\u0131d\u0131r, yoxsa pisdir. Buna zavod, bil\u0259n insanlar n\u0259zar\u0259t etm\u0259lidir\u201d, &#8211; X\u0259lidov bildirir.\n<\/p>\n<p>\n  D\u0259rman\u0131 sah\u0259y\u0259 s\u0259p\u0259n v\u0259 ad\u0131n\u0131n a\u00e7\u0131qlanmas\u0131n\u0131 ist\u0259m\u0259y\u0259n fermer deyir ki, istifad\u0259 edil\u0259n d\u0259rmanlar bir ne\u00e7\u0259 n\u00f6vd\u0259 olub: \u201cM\u0259nd\u0259 sar\u0131 qutuda olan d\u0259rman\u0131n foto\u015f\u0259kill\u0259ri d\u0259 var. H\u0259min fotolarda d\u0259rman\u0131n ad\u0131 da var. Zavoddan soru\u015fa bil\u0259rsiz. G\u00f6r\u00fcn\u00fcr, \u00e7oxlu d\u0259rman al\u0131b t\u0259dar\u00fck g\u00f6r\u00fcbl\u0259r. Art\u0131q qalanlar\u0131n\u0131 bu g\u00fcn d\u0259 istifad\u0259 edirl\u0259r. Onu da deyim ki, d\u0259rmanlama zaman\u0131 biz\u0259 he\u00e7 n\u0259 olmad\u0131. G\u00f6r\u00fcn\u00fcr, qald\u0131qca, g\u00fcn\u0259\u015f isitdikc\u0259, t\u0259sirini g\u00f6st\u0259rib, hardasa bir g\u00fcn sonra. H\u0259m d\u0259 biz \u0259ll\u0259 t\u0259mas etm\u0259dik, b\u0259lk\u0259 d\u0259 i\u015f\u00e7il\u0259rin he\u00e7 \u0259lc\u0259yi d\u0259 olmay\u0131b\u201d.\n<\/p>\n<p>\n  \u201cD\u00fczd\u00fcr, bizim d\u0259rmanlama i\u015find\u0259 \u00e7ar\u0259miz birdir. Ancaq \u201cGilan Holdinq\u201d\u0259 ba\u011fl\u0131 \u015firk\u0259tl\u0259r istehsal ed\u0259, sata v\u0259 \u00f6lk\u0259y\u0259 g\u0259tir\u0259 bil\u0259r. MKT d\u0259 bunlardan biridir. \u00c7e\u015fid \u00e7ox olsa, qiym\u0259t ucuz, keyfiyy\u0259t y\u00fcks\u0259k olar. Bizim sah\u0259 d\u0259 MKT-y\u0259 aiddir. Onunla m\u00fcqavil\u0259miz var\u201d.\n<\/p>\n<p>\n  MKT-nin qeydiyyatda oldu\u011fu \u00fcnvan \u201cGilan Holdinq\u201din qeydiyyat \u00fcnvan\u0131 il\u0259 eynidir. \u015eirk\u0259tin r\u0259hb\u0259ri Eld\u0259niz Quliyev is\u0259 \u201cGilan Holdinq\u201d\u0259 aid bir ne\u00e7\u0259 \u015firk\u0259td\u0259 v\u0259zif\u0259 sahibidir.\n<\/p>\n<p>\n  <b><br \/>\n    Qat\u0131q i\u00e7in, ke\u00e7\u0259c\u0259k<br \/>\n  <\/b>\n<\/p>\n<p>\n  \u0130yunun 19-da \u0130mi\u015flid\u0259 80 pamb\u0131q\u00e7\u0131 z\u0259h\u0259rl\u0259nib. \u018fvv\u0259ll\u0259r bu sah\u0259 da\u011fl\u0131q \u0259razil\u0259r \u00fc\u00e7\u00fcn otlaq kimi istifad\u0259 edilib v\u0259 \u0259kin\u00e7iliy\u0259 yarars\u0131z hala d\u00fc\u015f\u00fcb. Sah\u0259si 3813 ha olan MKT t\u0259r\u0259find\u0259n icar\u0259y\u0259 g\u00f6t\u00fcr\u00fcl\u0259r\u0259k, \u015foran torpa\u011f\u0131 yenid\u0259n istifad\u0259y\u0259 yararl\u0131 ed\u0259r\u0259k pamb\u0131q istehsal\u0131na ba\u015flay\u0131b.\n<\/p>\n<p>\n  \u201cSah\u0259 b\u00f6y\u00fck, i\u015f \u00e7ox idi. Tezd\u0259n ba\u015flam\u0131\u015fd\u0131q. Saat 11-d\u0259 \u00e7ay i\u00e7m\u0259y\u0259 oturmaq ist\u0259yirdik. Bird\u0259n camaat\u0131n hal\u0131 xarab olma\u011fa ba\u015flad\u0131. Ba\u015fgic\u0259ll\u0259nm\u0259, \u00fcr\u0259kbulanma, dizl\u0259rimiz \u0259sirdi. \u0130nsanlar qar\u0131\u015fqa kimi \u015fumun \u00fcst\u00fcn\u0259 s\u0259p\u0259l\u0259ndil\u0259r\u201d, &#8211; M\u0259tan\u0259t H\u00fcmb\u0259tova deyir.\n<\/p>\n<p>\n  Dig\u0259r bir i\u015f\u00e7i Mehpar\u0259 \u018fs\u0259dova is\u0259 deyir ki, x\u0259st\u0259xanalar a\u011fz\u0131na kimi dolu idi. Ona g\u00f6r\u0259 d\u0259 h\u0259kiml\u0259r onlara baxmay\u0131b. \u201cSizin v\u0259ziyy\u0259tiniz qism\u0259n yax\u015f\u0131d\u0131r, gedin evd\u0259 qat\u0131q, ayran i\u00e7in, ke\u00e7\u0259c\u0259k\u201d &#8211; deyib, yola sal\u0131blar.\n<\/p>\n<p>\n  \u0130\u015f\u00e7il\u0259r sah\u0259l\u0259rin d\u0259rmanl\u0131 olmas\u0131ndan x\u0259b\u0259rsiz olduqlar\u0131n\u0131 deyirl\u0259r. Odur ki, \u00e7oxu yal\u0131n \u0259ll\u0259 i\u015fl\u0259yirmi\u015f:\n<\/p>\n<p>\n  \u201cMaska, x\u00fcsusi geyiml\u0259rimiz is\u0259 yerli-dibli olmay\u0131b. El\u0259 ona g\u00f6r\u0259 d\u0259 z\u0259h\u0259r t\u0259sirini \u00e7ox tez g\u00f6st\u0259rmi\u015fdi. Ham\u0131 q\u0131\u015fq\u0131r\u0131rd\u0131, \u00f6z\u00fcn\u00fc torpa\u011fa s\u00fcrt\u0259nl\u0259r, yaxas\u0131n\u0131 c\u0131ranlar var idi. H\u00f6kum\u0259tin pamb\u0131\u011f\u0131n\u0131n yolunda az qala q\u0131r\u0131lm\u0131\u015fd\u0131q\u201d, &#8211; Mehpar\u0259 \u018fs\u0259dova bel\u0259 deyir.\n<\/p>\n<p>\n  \u0130\u015f\u00e7il\u0259r bildirirl\u0259r ki, onlar sah\u0259y\u0259 g\u0259ldikl\u0259ri g\u00fcn \u0259trafda h\u0259min d\u0259rman\u0131n qutular\u0131 qal\u0131bm\u0131\u015f. A\u011f, plastik qutuda, 2,3,5 litrlik qablarda, bir d\u0259 \u201cGilan Holdinq\u201d istehsal\u0131 olan sellofanlarda olub.\n<\/p>\n<p>\n  \u201ciFact.ge\u201d-nin m\u00fcxbiri \u0130mi\u015flid\u0259 yerl\u0259\u015f\u0259n tarlan\u0131n \u0259traf\u0131nda \u201cMEGASUN 20 SP\u201d yaz\u0131lan sellofanlar\u0131 tap\u0131b. Selofan paketl\u0259rin \u00fcz\u0259rind\u0259 qeyd edil\u0259n qaydalara \u0259sas\u0259n, d\u0259rman s\u0259pil\u0259nd\u0259n 24 saat sonra sah\u0259y\u0259 insan v\u0259 ya heyvan daxil olmamal\u0131, d\u0259ri v\u0259 g\u00f6zl\u0259 t\u0259masda olmamal\u0131d\u0131r. Tarlada i\u015fl\u0259y\u0259n i\u015f\u00e7il\u0259r is\u0259 \u00fczl\u0259rin\u0259 yayl\u0131q ba\u011flamaqla v\u0259 yal\u0131n \u0259ll\u0259 i\u015fl\u0259yibl\u0259r.\n<\/p>\n<p>\n  \u0130mi\u015fli Pamb\u0131q Zavodunda \u00e7al\u0131\u015fan, ad\u0131n\u0131n a\u00e7\u0131qlanmas\u0131n\u0131 ist\u0259m\u0259y\u0259n m\u0259nb\u0259 bildirir ki, istifad\u0259 etdikl\u0259ri d\u0259rmanlar\u0131n \u00e7oxu Az\u0259rbaycanda, Sumqay\u0131tda istehsal olunub: \u201cZ\u0259h\u0259rl\u0259nm\u0259nin is\u0259 \u0259sas 2 s\u0259b\u0259bi var. D\u0259rmanlar\u0131n i\u00e7ind\u0259 vaxt\u0131 ke\u00e7mi\u015fl\u0259r var idi. Bundan \u0259lav\u0259, d\u0259rman\u0131 sah\u0259l\u0259r\u0259 s\u0259p\u0259nl\u0259r bu sah\u0259nin pe\u015f\u0259kar\u0131 olmay\u0131blar. D\u0259rman s\u0259pm\u0259k el\u0259-bel\u0259 i\u015f deyil ax\u0131, onun \u00f6z qaydas\u0131 var. H\u0259tta b\u0259zi yerl\u0259rd\u0259 traktor s\u00fcr\u00fcc\u00fcl\u0259rin\u0259 h\u0259val\u0259 edilib. Onlar da suya qat\u0131b t\u00f6k\u00fcbl\u0259r torpa\u011fa\u201d.\n<\/p>\n<p>\n  M\u0259nb\u0259nin s\u00f6zl\u0259rin\u0259 g\u00f6r\u0259, baza r\u0259isi h\u0259bs edils\u0259 d\u0259, onun he\u00e7 bir g\u00fcnah\u0131 yoxdur: \u201cAnd-aman edir ki, bu il bazaya yeni d\u0259rmanlar g\u0259lm\u0259yib. \u00d6t\u0259n ill\u0259rd\u0259 al\u0131nanlar idi. Onu da ver dey\u0259nd\u0259n sonra o kimdir ki, desin yox, vermir\u0259m\u201d.\n<\/p>\n<p>\n  \u0130yunun 20-d\u0259 Az\u0259rbaycan Respublikas\u0131 K\u0259nd T\u0259s\u0259rr\u00fcfat\u0131 Nazirliyi yan\u0131nda D\u00f6vl\u0259t Fitosanitar N\u0259zar\u0259ti Xidm\u0259tinin r\u0259isi Camal Quliyev tutdu\u011fu v\u0259zif\u0259d\u0259n azad edilib.\n<\/p>\n<p>\n  Ba\u015f Prokurorlu\u011fun m\u0259tbuat xidm\u0259tinin r\u0259hb\u0259ri Eldar Sultanov s\u00f6zl\u0259rin\u0259 g\u00f6r\u0259, pamb\u0131q istehsal\u0131 il\u0259 m\u0259\u015f\u011ful olan \u015firk\u0259tl\u0259r, onlar\u0131n yerli aqronomlar\u0131 v\u0259 dig\u0259r m\u0259sul \u015f\u0259xsl\u0259r laz\u0131mi t\u0259limatlara \u0259m\u0259l etm\u0259yibl\u0259r. Hadis\u0259 bu s\u0259b\u0259bd\u0259n ba\u015f verib:\n<\/p>\n<p>\n  \u201cTarlada \u00e7al\u0131\u015fan i\u015f\u00e7il\u0259r d\u0259rmanlanma il\u0259 ba\u011fl\u0131 t\u0259limatland\u0131r\u0131lmay\u0131blar. D\u0259rmanlanm\u0131\u015f sah\u0259l\u0259rd\u0259, el\u0259c\u0259 d\u0259 qon\u015fu \u0259razil\u0259rd\u0259 kimy\u0259vi madd\u0259l\u0259rin t\u0259siretm\u0259 m\u00fcdd\u0259tl\u0259ri g\u00f6zl\u0259nilm\u0259d\u0259n i\u015f\u0259 c\u0259lb edilibl\u0259r. Bununla ba\u011fl\u0131 art\u0131q bir ne\u00e7\u0259 n\u0259f\u0259r d\u0259 h\u0259bs edilib. \u0130stintaq davam edir\u201d.\n<\/p>\n<p>\n  Bu arada, z\u0259h\u0259rl\u0259n\u0259n qad\u0131nlardan 28 n\u0259f\u0259ri art\u0131q i\u015f\u0259 \u00e7\u0131x\u0131r. Maddi c\u0259h\u0259td\u0259n \u00e7\u0259tin oldu\u011funa g\u00f6r\u0259, ba\u015fqa \u00e7ar\u0259l\u0259rinin olmad\u0131\u011f\u0131n\u0131 deyirl\u0259r.<\/p>\n","protected":false},"excerpt":{"rendered":"<p>Pamb\u0131q\u00e7\u0131lar z\u0259h\u0259rin \u00fcz\u0259rind\u0259 dayand\u0131qlar\u0131ndan x\u0259b\u0259rsiz olublar<\/p>\n","protected":false},"author":11,"featured_media":104721,"comment_status":"closed","ping_status":"open","sticky":false,"template":"","format":"standard","meta":{"_acf_changed":false,"_sitemap_exclude":false,"_sitemap_priority":"","_sitemap_frequency":"","footnotes":""},"categories":[51],"tags":[],"class_list":["post-190694","post","type-post","status-publish","format-standard","has-post-thumbnail","hentry","category-analitika","infinite-scroll-item","generate-columns","tablet-grid-50","mobile-grid-100","grid-parent","grid-33","no-featured-image-padding"],"acf":[],"yoast_head":"<!-- This site is optimized with the Yoast SEO plugin v27.4 - https:\/\/yoast.com\/product\/yoast-seo-wordpress\/ -->\n<title>&#039;&#039;H\u00f6kum\u0259tin pamb\u0131\u011f\u0131n\u0131n yolunda az qala q\u0131r\u0131lm\u0131\u015fd\u0131q&#039;&#039; - MEYDAN.TV<\/title>\n<meta name=\"robots\" content=\"index, follow, max-snippet:-1, max-image-preview:large, max-video-preview:-1\" \/>\n<link rel=\"canonical\" href=\"https:\/\/www.meydan.tv\/az\/article\/hokumetin-pambiginin-yolunda-az-qala-qirilmisdiq\/\" \/>\n<meta property=\"og:locale\" content=\"az_AZ\" \/>\n<meta property=\"og:type\" content=\"article\" \/>\n<meta property=\"og:title\" content=\"&#039;&#039;H\u00f6kum\u0259tin pamb\u0131\u011f\u0131n\u0131n yolunda az qala q\u0131r\u0131lm\u0131\u015fd\u0131q&#039;&#039; - MEYDAN.TV\" \/>\n<meta property=\"og:description\" content=\"Pamb\u0131q\u00e7\u0131lar z\u0259h\u0259rin \u00fcz\u0259rind\u0259 dayand\u0131qlar\u0131ndan x\u0259b\u0259rsiz olublar\" \/>\n<meta property=\"og:url\" content=\"https:\/\/www.meydan.tv\/az\/article\/hokumetin-pambiginin-yolunda-az-qala-qirilmisdiq\/\" \/>\n<meta property=\"og:site_name\" content=\"MEYDAN.TV\" \/>\n<meta property=\"article:published_time\" content=\"2018-07-03T20:50:47+00:00\" \/>\n<meta property=\"og:image\" content=\"https:\/\/www.meydan.tv\/wp-content\/uploads\/42117-scaled.jpg\" \/>\n\t<meta property=\"og:image:width\" content=\"2560\" \/>\n\t<meta property=\"og:image:height\" content=\"1920\" \/>\n\t<meta property=\"og:image:type\" content=\"image\/jpeg\" \/>\n<meta name=\"author\" content=\"user-manager\" \/>\n<meta name=\"twitter:card\" content=\"summary_large_image\" \/>\n<script type=\"application\/ld+json\" class=\"yoast-schema-graph\">{\"@context\":\"https:\\\/\\\/schema.org\",\"@graph\":[{\"@type\":\"Article\",\"@id\":\"https:\\\/\\\/www.meydan.tv\\\/az\\\/article\\\/hokumetin-pambiginin-yolunda-az-qala-qirilmisdiq\\\/#article\",\"isPartOf\":{\"@id\":\"https:\\\/\\\/www.meydan.tv\\\/az\\\/article\\\/hokumetin-pambiginin-yolunda-az-qala-qirilmisdiq\\\/\"},\"author\":{\"name\":\"user-manager\",\"@id\":\"https:\\\/\\\/www.meydan.tv\\\/az\\\/#\\\/schema\\\/person\\\/10d11eccf6da3662cf5fdab9806ea91a\"},\"headline\":\"&#8221;H\u00f6kum\u0259tin pamb\u0131\u011f\u0131n\u0131n yolunda az qala q\u0131r\u0131lm\u0131\u015fd\u0131q&#8221;\",\"datePublished\":\"2018-07-03T20:50:47+00:00\",\"mainEntityOfPage\":{\"@id\":\"https:\\\/\\\/www.meydan.tv\\\/az\\\/article\\\/hokumetin-pambiginin-yolunda-az-qala-qirilmisdiq\\\/\"},\"wordCount\":2592,\"publisher\":{\"@id\":\"https:\\\/\\\/www.meydan.tv\\\/az\\\/#organization\"},\"image\":{\"@id\":\"https:\\\/\\\/www.meydan.tv\\\/az\\\/article\\\/hokumetin-pambiginin-yolunda-az-qala-qirilmisdiq\\\/#primaryimage\"},\"thumbnailUrl\":\"https:\\\/\\\/www.meydan.tv\\\/wp-content\\\/uploads\\\/42117-scaled.jpg\",\"articleSection\":[\"Analitika\"],\"inLanguage\":\"az\"},{\"@type\":\"WebPage\",\"@id\":\"https:\\\/\\\/www.meydan.tv\\\/az\\\/article\\\/hokumetin-pambiginin-yolunda-az-qala-qirilmisdiq\\\/\",\"url\":\"https:\\\/\\\/www.meydan.tv\\\/az\\\/article\\\/hokumetin-pambiginin-yolunda-az-qala-qirilmisdiq\\\/\",\"name\":\"''H\u00f6kum\u0259tin pamb\u0131\u011f\u0131n\u0131n yolunda az qala q\u0131r\u0131lm\u0131\u015fd\u0131q'' - MEYDAN.TV\",\"isPartOf\":{\"@id\":\"https:\\\/\\\/www.meydan.tv\\\/az\\\/#website\"},\"primaryImageOfPage\":{\"@id\":\"https:\\\/\\\/www.meydan.tv\\\/az\\\/article\\\/hokumetin-pambiginin-yolunda-az-qala-qirilmisdiq\\\/#primaryimage\"},\"image\":{\"@id\":\"https:\\\/\\\/www.meydan.tv\\\/az\\\/article\\\/hokumetin-pambiginin-yolunda-az-qala-qirilmisdiq\\\/#primaryimage\"},\"thumbnailUrl\":\"https:\\\/\\\/www.meydan.tv\\\/wp-content\\\/uploads\\\/42117-scaled.jpg\",\"datePublished\":\"2018-07-03T20:50:47+00:00\",\"breadcrumb\":{\"@id\":\"https:\\\/\\\/www.meydan.tv\\\/az\\\/article\\\/hokumetin-pambiginin-yolunda-az-qala-qirilmisdiq\\\/#breadcrumb\"},\"inLanguage\":\"az\",\"potentialAction\":[{\"@type\":\"ReadAction\",\"target\":[\"https:\\\/\\\/www.meydan.tv\\\/az\\\/article\\\/hokumetin-pambiginin-yolunda-az-qala-qirilmisdiq\\\/\"]}]},{\"@type\":\"ImageObject\",\"inLanguage\":\"az\",\"@id\":\"https:\\\/\\\/www.meydan.tv\\\/az\\\/article\\\/hokumetin-pambiginin-yolunda-az-qala-qirilmisdiq\\\/#primaryimage\",\"url\":\"https:\\\/\\\/www.meydan.tv\\\/wp-content\\\/uploads\\\/42117-scaled.jpg\",\"contentUrl\":\"https:\\\/\\\/www.meydan.tv\\\/wp-content\\\/uploads\\\/42117-scaled.jpg\",\"width\":2560,\"height\":1920,\"caption\":\"Source:\"},{\"@type\":\"BreadcrumbList\",\"@id\":\"https:\\\/\\\/www.meydan.tv\\\/az\\\/article\\\/hokumetin-pambiginin-yolunda-az-qala-qirilmisdiq\\\/#breadcrumb\",\"itemListElement\":[{\"@type\":\"ListItem\",\"position\":1,\"name\":\"Ana s\u0259hif\u0259\",\"item\":\"https:\\\/\\\/www.meydan.tv\\\/az\\\/\"},{\"@type\":\"ListItem\",\"position\":2,\"name\":\"Analitika\",\"item\":\"https:\\\/\\\/www.meydan.tv\\\/az\\\/section\\\/analitika\\\/\"},{\"@type\":\"ListItem\",\"position\":3,\"name\":\"&#8221;H\u00f6kum\u0259tin pamb\u0131\u011f\u0131n\u0131n yolunda az qala q\u0131r\u0131lm\u0131\u015fd\u0131q&#8221;\"}]},{\"@type\":\"WebSite\",\"@id\":\"https:\\\/\\\/www.meydan.tv\\\/az\\\/#website\",\"url\":\"https:\\\/\\\/www.meydan.tv\\\/az\\\/\",\"name\":\"MEYDAN.TV\",\"description\":\"Meydan TV Az\u0259rbaycan\u0131n media m\u0259kan\u0131ndak\u0131 alternativ s\u0259sidir\",\"publisher\":{\"@id\":\"https:\\\/\\\/www.meydan.tv\\\/az\\\/#organization\"},\"potentialAction\":[{\"@type\":\"SearchAction\",\"target\":{\"@type\":\"EntryPoint\",\"urlTemplate\":\"https:\\\/\\\/www.meydan.tv\\\/az\\\/?s={search_term_string}\"},\"query-input\":{\"@type\":\"PropertyValueSpecification\",\"valueRequired\":true,\"valueName\":\"search_term_string\"}}],\"inLanguage\":\"az\"},{\"@type\":\"Organization\",\"@id\":\"https:\\\/\\\/www.meydan.tv\\\/az\\\/#organization\",\"name\":\"Meydan TV\",\"url\":\"https:\\\/\\\/www.meydan.tv\\\/az\\\/\",\"logo\":{\"@type\":\"ImageObject\",\"inLanguage\":\"az\",\"@id\":\"https:\\\/\\\/www.meydan.tv\\\/az\\\/#\\\/schema\\\/logo\\\/image\\\/\",\"url\":\"https:\\\/\\\/www.meydan.tv\\\/wp-content\\\/uploads\\\/2021\\\/07\\\/meydan-logo.svg\",\"contentUrl\":\"https:\\\/\\\/www.meydan.tv\\\/wp-content\\\/uploads\\\/2021\\\/07\\\/meydan-logo.svg\",\"width\":195,\"height\":46,\"caption\":\"Meydan TV\"},\"image\":{\"@id\":\"https:\\\/\\\/www.meydan.tv\\\/az\\\/#\\\/schema\\\/logo\\\/image\\\/\"}},{\"@type\":\"Person\",\"@id\":\"https:\\\/\\\/www.meydan.tv\\\/az\\\/#\\\/schema\\\/person\\\/10d11eccf6da3662cf5fdab9806ea91a\",\"name\":\"user-manager\"}]}<\/script>\n<!-- \/ Yoast SEO plugin. -->","yoast_head_json":{"title":"''H\u00f6kum\u0259tin pamb\u0131\u011f\u0131n\u0131n yolunda az qala q\u0131r\u0131lm\u0131\u015fd\u0131q'' - MEYDAN.TV","robots":{"index":"index","follow":"follow","max-snippet":"max-snippet:-1","max-image-preview":"max-image-preview:large","max-video-preview":"max-video-preview:-1"},"canonical":"https:\/\/www.meydan.tv\/az\/article\/hokumetin-pambiginin-yolunda-az-qala-qirilmisdiq\/","og_locale":"az_AZ","og_type":"article","og_title":"''H\u00f6kum\u0259tin pamb\u0131\u011f\u0131n\u0131n yolunda az qala q\u0131r\u0131lm\u0131\u015fd\u0131q'' - MEYDAN.TV","og_description":"Pamb\u0131q\u00e7\u0131lar z\u0259h\u0259rin \u00fcz\u0259rind\u0259 dayand\u0131qlar\u0131ndan x\u0259b\u0259rsiz olublar","og_url":"https:\/\/www.meydan.tv\/az\/article\/hokumetin-pambiginin-yolunda-az-qala-qirilmisdiq\/","og_site_name":"MEYDAN.TV","article_published_time":"2018-07-03T20:50:47+00:00","og_image":[{"width":2560,"height":1920,"url":"https:\/\/www.meydan.tv\/wp-content\/uploads\/42117-scaled.jpg","type":"image\/jpeg"}],"author":"user-manager","twitter_card":"summary_large_image","schema":{"@context":"https:\/\/schema.org","@graph":[{"@type":"Article","@id":"https:\/\/www.meydan.tv\/az\/article\/hokumetin-pambiginin-yolunda-az-qala-qirilmisdiq\/#article","isPartOf":{"@id":"https:\/\/www.meydan.tv\/az\/article\/hokumetin-pambiginin-yolunda-az-qala-qirilmisdiq\/"},"author":{"name":"user-manager","@id":"https:\/\/www.meydan.tv\/az\/#\/schema\/person\/10d11eccf6da3662cf5fdab9806ea91a"},"headline":"&#8221;H\u00f6kum\u0259tin pamb\u0131\u011f\u0131n\u0131n yolunda az qala q\u0131r\u0131lm\u0131\u015fd\u0131q&#8221;","datePublished":"2018-07-03T20:50:47+00:00","mainEntityOfPage":{"@id":"https:\/\/www.meydan.tv\/az\/article\/hokumetin-pambiginin-yolunda-az-qala-qirilmisdiq\/"},"wordCount":2592,"publisher":{"@id":"https:\/\/www.meydan.tv\/az\/#organization"},"image":{"@id":"https:\/\/www.meydan.tv\/az\/article\/hokumetin-pambiginin-yolunda-az-qala-qirilmisdiq\/#primaryimage"},"thumbnailUrl":"https:\/\/www.meydan.tv\/wp-content\/uploads\/42117-scaled.jpg","articleSection":["Analitika"],"inLanguage":"az"},{"@type":"WebPage","@id":"https:\/\/www.meydan.tv\/az\/article\/hokumetin-pambiginin-yolunda-az-qala-qirilmisdiq\/","url":"https:\/\/www.meydan.tv\/az\/article\/hokumetin-pambiginin-yolunda-az-qala-qirilmisdiq\/","name":"''H\u00f6kum\u0259tin pamb\u0131\u011f\u0131n\u0131n yolunda az qala q\u0131r\u0131lm\u0131\u015fd\u0131q'' - MEYDAN.TV","isPartOf":{"@id":"https:\/\/www.meydan.tv\/az\/#website"},"primaryImageOfPage":{"@id":"https:\/\/www.meydan.tv\/az\/article\/hokumetin-pambiginin-yolunda-az-qala-qirilmisdiq\/#primaryimage"},"image":{"@id":"https:\/\/www.meydan.tv\/az\/article\/hokumetin-pambiginin-yolunda-az-qala-qirilmisdiq\/#primaryimage"},"thumbnailUrl":"https:\/\/www.meydan.tv\/wp-content\/uploads\/42117-scaled.jpg","datePublished":"2018-07-03T20:50:47+00:00","breadcrumb":{"@id":"https:\/\/www.meydan.tv\/az\/article\/hokumetin-pambiginin-yolunda-az-qala-qirilmisdiq\/#breadcrumb"},"inLanguage":"az","potentialAction":[{"@type":"ReadAction","target":["https:\/\/www.meydan.tv\/az\/article\/hokumetin-pambiginin-yolunda-az-qala-qirilmisdiq\/"]}]},{"@type":"ImageObject","inLanguage":"az","@id":"https:\/\/www.meydan.tv\/az\/article\/hokumetin-pambiginin-yolunda-az-qala-qirilmisdiq\/#primaryimage","url":"https:\/\/www.meydan.tv\/wp-content\/uploads\/42117-scaled.jpg","contentUrl":"https:\/\/www.meydan.tv\/wp-content\/uploads\/42117-scaled.jpg","width":2560,"height":1920,"caption":"Source:"},{"@type":"BreadcrumbList","@id":"https:\/\/www.meydan.tv\/az\/article\/hokumetin-pambiginin-yolunda-az-qala-qirilmisdiq\/#breadcrumb","itemListElement":[{"@type":"ListItem","position":1,"name":"Ana s\u0259hif\u0259","item":"https:\/\/www.meydan.tv\/az\/"},{"@type":"ListItem","position":2,"name":"Analitika","item":"https:\/\/www.meydan.tv\/az\/section\/analitika\/"},{"@type":"ListItem","position":3,"name":"&#8221;H\u00f6kum\u0259tin pamb\u0131\u011f\u0131n\u0131n yolunda az qala q\u0131r\u0131lm\u0131\u015fd\u0131q&#8221;"}]},{"@type":"WebSite","@id":"https:\/\/www.meydan.tv\/az\/#website","url":"https:\/\/www.meydan.tv\/az\/","name":"MEYDAN.TV","description":"Meydan TV Az\u0259rbaycan\u0131n media m\u0259kan\u0131ndak\u0131 alternativ s\u0259sidir","publisher":{"@id":"https:\/\/www.meydan.tv\/az\/#organization"},"potentialAction":[{"@type":"SearchAction","target":{"@type":"EntryPoint","urlTemplate":"https:\/\/www.meydan.tv\/az\/?s={search_term_string}"},"query-input":{"@type":"PropertyValueSpecification","valueRequired":true,"valueName":"search_term_string"}}],"inLanguage":"az"},{"@type":"Organization","@id":"https:\/\/www.meydan.tv\/az\/#organization","name":"Meydan TV","url":"https:\/\/www.meydan.tv\/az\/","logo":{"@type":"ImageObject","inLanguage":"az","@id":"https:\/\/www.meydan.tv\/az\/#\/schema\/logo\/image\/","url":"https:\/\/www.meydan.tv\/wp-content\/uploads\/2021\/07\/meydan-logo.svg","contentUrl":"https:\/\/www.meydan.tv\/wp-content\/uploads\/2021\/07\/meydan-logo.svg","width":195,"height":46,"caption":"Meydan TV"},"image":{"@id":"https:\/\/www.meydan.tv\/az\/#\/schema\/logo\/image\/"}},{"@type":"Person","@id":"https:\/\/www.meydan.tv\/az\/#\/schema\/person\/10d11eccf6da3662cf5fdab9806ea91a","name":"user-manager"}]}},"_links":{"self":[{"href":"https:\/\/www.meydan.tv\/az\/wp-json\/wp\/v2\/posts\/190694","targetHints":{"allow":["GET"]}}],"collection":[{"href":"https:\/\/www.meydan.tv\/az\/wp-json\/wp\/v2\/posts"}],"about":[{"href":"https:\/\/www.meydan.tv\/az\/wp-json\/wp\/v2\/types\/post"}],"author":[{"embeddable":true,"href":"https:\/\/www.meydan.tv\/az\/wp-json\/wp\/v2\/users\/11"}],"replies":[{"embeddable":true,"href":"https:\/\/www.meydan.tv\/az\/wp-json\/wp\/v2\/comments?post=190694"}],"version-history":[{"count":0,"href":"https:\/\/www.meydan.tv\/az\/wp-json\/wp\/v2\/posts\/190694\/revisions"}],"wp:featuredmedia":[{"embeddable":true,"href":"https:\/\/www.meydan.tv\/az\/wp-json\/wp\/v2\/media\/104721"}],"wp:attachment":[{"href":"https:\/\/www.meydan.tv\/az\/wp-json\/wp\/v2\/media?parent=190694"}],"wp:term":[{"taxonomy":"category","embeddable":true,"href":"https:\/\/www.meydan.tv\/az\/wp-json\/wp\/v2\/categories?post=190694"},{"taxonomy":"post_tag","embeddable":true,"href":"https:\/\/www.meydan.tv\/az\/wp-json\/wp\/v2\/tags?post=190694"}],"curies":[{"name":"wp","href":"https:\/\/api.w.org\/{rel}","templated":true}]}}