{"id":190691,"date":"2018-07-03T17:25:11","date_gmt":"2018-07-03T17:25:11","guid":{"rendered":"https:\/\/www.meydan.tv\/article\/mingecevir-ses-in-tehlukesi\/"},"modified":"2018-07-03T17:25:11","modified_gmt":"2018-07-03T17:25:11","slug":"mingecevir-ses-in-tehlukesi","status":"publish","type":"post","link":"https:\/\/www.meydan.tv\/az\/article\/mingecevir-ses-in-tehlukesi\/","title":{"rendered":"Ming\u0259\u00e7evir SES-in t\u0259hl\u00fck\u0259si"},"content":{"rendered":"<figure class=\"wp-block-image size-large\">\n  <img decoding=\"async\" src=\"https:\/\/www.meydan.tv\/az\/mingecevir-ses-2\/\" alt=\"Ming\u0259\u00e7evir SES\" class=\"wp-image-106031\"\/><figcaption>\n    Ming\u0259\u00e7evir SES<br \/>\n  <\/figcaption><\/figure>\n<p>\n  1997-ci ild\u0259 g\u00fccl\u00fc leysan ya\u011f\u0131\u015f\u0131 Ming\u0259\u00e7evir SES-in (Su Elektrik Stansiyas\u0131) i\u015fini iflic hala salm\u0131\u015fd\u0131. O vaxt Ming\u0259\u00e7evir Regional M\u00fclki M\u00fcdafi\u0259 \u0130dar\u0259sind\u0259 M\u00fch\u0259ndis Xidm\u0259tinin r\u0259isi idim v\u0259 b\u00f6lg\u0259d\u0259 b\u00fct\u00fcn x\u00fcsusi t\u0259yinatl\u0131 m\u00fch\u0259ndis qur\u011fular\u0131n\u0131n v\u0259ziyy\u0259tin\u0259 n\u0259zar\u0259t edirdim. Q\u0259zayla \u0259laq\u0259dar SES-in b\u0259ndinin v\u0259ziyy\u0259tini yoxlamaq \u00fc\u00e7\u00fcn r\u0259smi tap\u015f\u0131r\u0131q alm\u0131\u015fd\u0131m. V\u0259ziyy\u0259ti ara\u015fd\u0131rd\u0131m. R\u0259smi orqanlara n\u0259tic\u0259ni m\u0259ruz\u0259 ed\u0259rk\u0259n \u015fok v\u0259ziyy\u0259ti al\u0131nm\u0131\u015fd\u0131. Birba\u015fa t\u0259klif el\u0259mi\u015fdim ki, yaln\u0131z suvarma kanallar\u0131n\u0131 suyla t\u0259min ed\u0259n bu SES-in vura bil\u0259c\u0259yi z\u0259r\u0259r xeyirind\u0259n qat-qat \u00e7oxdur v\u0259 s\u00f6k\u00fclm\u0259lidir. O vaxt \u00fc\u00e7\u00fcn tam m\u0259xfi hesab edil\u0259n b\u0259zi m\u0259lumatlar\u0131n m\u0259xfilik qrifi g\u00f6t\u00fcr\u00fcld\u00fc. V\u0259 m\u0259ruz\u0259m T\u0259hsil Nazirliyinin &#8220;Elmi \u0259s\u0259rl\u0259r&#8221; burax\u0131l\u0131\u015f\u0131nda (Bak\u0131, 1998 &#8220;\u00dcmman&#8221; n\u0259\u015friyyat\u0131) \u00e7ap olundu. B\u0259zi r\u0259q\u0259ml\u0259rl\u0259 v\u0259ziyy\u0259tin n\u0259 q\u0259d\u0259r ciddi oldu\u011funu yen\u0259 d\u0259 xat\u0131rlad\u0131m:\n<\/p>\n<p>\n  1. B\u0259ndd\u0259 suyun s\u0259viyy\u0259si 80 m-\u0259 \u00e7atanda d\u0259rya\u00e7an\u0131n tutumu 16 kub km olur. Bu, n\u0259 dem\u0259kdir? O dem\u0259kdir ki, \u0259g\u0259r b\u0259nd yar\u0131larsa:\n<\/p>\n<p>\n  -K\u00fcr-Araz oval\u0131\u011f\u0131n\u0131n 18 rayonu tam v\u0259 ya qism\u0259n su bas\u0131m\u0131na m\u0259ruz qal\u0131r. \u0130lkin dal\u011fan\u0131n h\u00fcnd\u00fcrl\u00fcy\u00fc 70 m-\u0259 \u00e7at\u0131r. Ming\u0259\u00e7evirin \u00f6z\u00fc 4 d\u0259qiq\u0259d\u0259n sonra relyefind\u0259n as\u0131l\u0131 olaraq 10-11 m suyun alt\u0131nda qal\u0131r. F\u0259lak\u0259tli subasma zonas\u0131nda 70 min \u0259hali ya\u015fay\u0131r (1997- ci il \u00fc\u00e7\u00fcn). Yevlax rayonunun 190 kv.km \u0259razisi 28-30 d\u0259qiq\u0259; A\u011fda\u015f rayonunun 75 kv. km \u0259razisi v\u0259 22 min \u0259halisi 80 d\u0259qiq\u0259 \u0259rzind\u0259; Ucar\u0131n 100 kv.km \u0259razisi v\u0259 34 min \u0259halisi 2 saat \u0259razisind\u0259 subasmaya m\u0259ruz qal\u0131r.\n<\/p>\n<p>\n  2. B\u0259nd hans\u0131 hallarda yar\u0131la bil\u0259r? D\u00f6rd halda:\n<\/p>\n<p>\n  &#8211; Rixter \u00fczr\u0259 11 bal g\u00fcc\u00fcnd\u0259 z\u0259lz\u0259l\u0259d\u0259n<br \/>\n  <br \/>\n  &#8211; \u015e\u0259mkir su anbar\u0131n\u0131n b\u0259ndinin da\u011f\u0131lmas\u0131ndan<br \/>\n  <br \/>\n  &#8211; B\u0259ndin sa\u011f-sol hiss\u0259sind\u0259 Bozda\u011f\u0131n yuyulub \u00e7atlamas\u0131ndan<br \/>\n  <br \/>\n  &#8211; Turbinl\u0259r\u0259 g\u0259l\u0259n suyun ax\u0131d\u0131c\u0131 qalareyan\u0131 t\u0259dric\u0259n \u00f6z-\u00f6z\u00fcn\u0259 a\u015f\u0131nd\u0131rmas\u0131ndan.<br \/>\n  <br \/>\n  D\u00fczd\u00fcr, Az\u0259rbaycan 8 baldan art\u0131q z\u0259lz\u0259l\u0259 g\u00f6rm\u0259yib; \u015e\u0259mkirin b\u0259ndind\u0259 q\u0259za olarsa, art\u0131q suyu bo\u015faltma\u011fa ax\u0131d\u0131c\u0131 kanallar n\u0259z\u0259rd\u0259 tutulub; b\u0259ndin torpaq yamaclar\u0131 v\u0259 filtrasiya sisteminin a\u015f\u0131nmas\u0131 da ciddi n\u0259zar\u0259td\u0259dir.<br \/>\n  <br \/>\n  &#8211; 1997-ci ild\u0259 izafi suyu bo\u015faltmaq \u00fc\u00e7\u00fcn ehtiyat kanal\u0131n jal\u00fcz\u00fc a\u00e7\u0131lmam\u0131\u015fd\u0131.<br \/>\n  <br \/>\n  &#8211; b\u0259ndin m\u00fch\u0259ndis-texniki t\u0259hl\u00fck\u0259sizliyi minumum hesab olunsa da, b\u0259nd 1985-ci ild\u0259n \u0259sasl\u0131 t\u0259mir\u0259 m\u00f6htacd\u0131r.\n<\/p>\n<p>\n  P.S. Su b\u0259ndl\u0259ri zarafat\u0131 sevmir. H\u0259m d\u0259 he\u00e7 sevmir! B\u0259nd \u0259sas\u0259n suvarma m\u0259qs\u0259di da\u015f\u0131y\u0131r, m\u00fcmk\u00fcn q\u0259d\u0259r tez s\u00f6k\u00fclm\u0259lidir ki, f\u0259lak\u0259tli da\u015fq\u0131n t\u0259hl\u00fck\u0259sind\u0259n can\u0131m\u0131z qurtars\u0131n. Tuqay, Sultanbud v\u0259 Samux me\u015f\u0259l\u0259ri t\u0259z\u0259d\u0259n cana g\u0259lsin. Aran b\u00f6lg\u0259sini c\u0259h\u0259nn\u0259m\u0259 d\u00f6nd\u0259r\u0259n \u015foranl\u0131qlar bird\u0259f\u0259lik \u00e7\u0259kilsin. X\u0259z\u0259r, K\u00fcr v\u0259 Araz\u0131n z\u0259ngin faunas\u0131 c\u0259nn\u0259t\u0259 qovu\u015fsun.\n<\/p>\n<p>\n  <i><br \/>\n    <b><br \/>\n      Yaz\u0131 m\u00fc\u0259llifin fikirl\u0259rini \u0259ks etdirir v\u0259 Meydan TV-nin m\u00f6vqeyi il\u0259 \u00fcst-\u00fcst\u0259 d\u00fc\u015fm\u0259y\u0259 bil\u0259r.<br \/>\n    <\/b><br \/>\n  <\/i><\/p>\n","protected":false},"excerpt":{"rendered":"<p>1997-ci ild\u0259 g\u00fccl\u00fc leysan ya\u011f\u0131\u015f\u0131 Ming\u0259\u00e7evir SES-in (Su Elektrik Stansiyas\u0131) i\u015fini iflic hala salm\u0131\u015fd\u0131<\/p>\n","protected":false},"author":11,"featured_media":106031,"comment_status":"closed","ping_status":"open","sticky":false,"template":"","format":"standard","meta":{"_acf_changed":false,"_sitemap_exclude":false,"_sitemap_priority":"","_sitemap_frequency":"","footnotes":""},"categories":[57],"tags":[],"class_list":["post-190691","post","type-post","status-publish","format-standard","has-post-thumbnail","hentry","category-menim-fikrimce","infinite-scroll-item","generate-columns","tablet-grid-50","mobile-grid-100","grid-parent","grid-33","no-featured-image-padding"],"acf":[],"yoast_head":"<!-- This site is optimized with the Yoast SEO plugin v27.4 - https:\/\/yoast.com\/product\/yoast-seo-wordpress\/ -->\n<title>Ming\u0259\u00e7evir SES-in t\u0259hl\u00fck\u0259si - MEYDAN.TV<\/title>\n<meta name=\"robots\" content=\"index, follow, max-snippet:-1, max-image-preview:large, max-video-preview:-1\" \/>\n<link rel=\"canonical\" href=\"https:\/\/www.meydan.tv\/az\/article\/mingecevir-ses-in-tehlukesi\/\" \/>\n<meta property=\"og:locale\" content=\"az_AZ\" \/>\n<meta property=\"og:type\" content=\"article\" \/>\n<meta property=\"og:title\" content=\"Ming\u0259\u00e7evir SES-in t\u0259hl\u00fck\u0259si - MEYDAN.TV\" \/>\n<meta property=\"og:description\" content=\"1997-ci ild\u0259 g\u00fccl\u00fc leysan ya\u011f\u0131\u015f\u0131 Ming\u0259\u00e7evir SES-in (Su Elektrik Stansiyas\u0131) i\u015fini iflic hala salm\u0131\u015fd\u0131\" \/>\n<meta property=\"og:url\" content=\"https:\/\/www.meydan.tv\/az\/article\/mingecevir-ses-in-tehlukesi\/\" \/>\n<meta property=\"og:site_name\" content=\"MEYDAN.TV\" \/>\n<meta property=\"article:published_time\" content=\"2018-07-03T17:25:11+00:00\" \/>\n<meta property=\"og:image\" content=\"https:\/\/www.meydan.tv\/wp-content\/uploads\/42113.png\" \/>\n\t<meta property=\"og:image:width\" content=\"1188\" \/>\n\t<meta property=\"og:image:height\" content=\"616\" \/>\n\t<meta property=\"og:image:type\" content=\"image\/png\" \/>\n<meta name=\"author\" content=\"user-manager\" \/>\n<meta name=\"twitter:card\" content=\"summary_large_image\" \/>\n<script type=\"application\/ld+json\" class=\"yoast-schema-graph\">{\"@context\":\"https:\\\/\\\/schema.org\",\"@graph\":[{\"@type\":\"Article\",\"@id\":\"https:\\\/\\\/www.meydan.tv\\\/az\\\/article\\\/mingecevir-ses-in-tehlukesi\\\/#article\",\"isPartOf\":{\"@id\":\"https:\\\/\\\/www.meydan.tv\\\/az\\\/article\\\/mingecevir-ses-in-tehlukesi\\\/\"},\"author\":{\"name\":\"user-manager\",\"@id\":\"https:\\\/\\\/www.meydan.tv\\\/az\\\/#\\\/schema\\\/person\\\/10d11eccf6da3662cf5fdab9806ea91a\"},\"headline\":\"Ming\u0259\u00e7evir SES-in t\u0259hl\u00fck\u0259si\",\"datePublished\":\"2018-07-03T17:25:11+00:00\",\"mainEntityOfPage\":{\"@id\":\"https:\\\/\\\/www.meydan.tv\\\/az\\\/article\\\/mingecevir-ses-in-tehlukesi\\\/\"},\"wordCount\":622,\"publisher\":{\"@id\":\"https:\\\/\\\/www.meydan.tv\\\/az\\\/#organization\"},\"image\":{\"@id\":\"https:\\\/\\\/www.meydan.tv\\\/az\\\/article\\\/mingecevir-ses-in-tehlukesi\\\/#primaryimage\"},\"thumbnailUrl\":\"https:\\\/\\\/www.meydan.tv\\\/wp-content\\\/uploads\\\/42113.png\",\"articleSection\":[\"M\u0259nim Fikrimc\u0259\"],\"inLanguage\":\"az\"},{\"@type\":\"WebPage\",\"@id\":\"https:\\\/\\\/www.meydan.tv\\\/az\\\/article\\\/mingecevir-ses-in-tehlukesi\\\/\",\"url\":\"https:\\\/\\\/www.meydan.tv\\\/az\\\/article\\\/mingecevir-ses-in-tehlukesi\\\/\",\"name\":\"Ming\u0259\u00e7evir SES-in t\u0259hl\u00fck\u0259si - MEYDAN.TV\",\"isPartOf\":{\"@id\":\"https:\\\/\\\/www.meydan.tv\\\/az\\\/#website\"},\"primaryImageOfPage\":{\"@id\":\"https:\\\/\\\/www.meydan.tv\\\/az\\\/article\\\/mingecevir-ses-in-tehlukesi\\\/#primaryimage\"},\"image\":{\"@id\":\"https:\\\/\\\/www.meydan.tv\\\/az\\\/article\\\/mingecevir-ses-in-tehlukesi\\\/#primaryimage\"},\"thumbnailUrl\":\"https:\\\/\\\/www.meydan.tv\\\/wp-content\\\/uploads\\\/42113.png\",\"datePublished\":\"2018-07-03T17:25:11+00:00\",\"breadcrumb\":{\"@id\":\"https:\\\/\\\/www.meydan.tv\\\/az\\\/article\\\/mingecevir-ses-in-tehlukesi\\\/#breadcrumb\"},\"inLanguage\":\"az\",\"potentialAction\":[{\"@type\":\"ReadAction\",\"target\":[\"https:\\\/\\\/www.meydan.tv\\\/az\\\/article\\\/mingecevir-ses-in-tehlukesi\\\/\"]}]},{\"@type\":\"ImageObject\",\"inLanguage\":\"az\",\"@id\":\"https:\\\/\\\/www.meydan.tv\\\/az\\\/article\\\/mingecevir-ses-in-tehlukesi\\\/#primaryimage\",\"url\":\"https:\\\/\\\/www.meydan.tv\\\/wp-content\\\/uploads\\\/42113.png\",\"contentUrl\":\"https:\\\/\\\/www.meydan.tv\\\/wp-content\\\/uploads\\\/42113.png\",\"width\":1188,\"height\":616,\"caption\":\"Source:\"},{\"@type\":\"BreadcrumbList\",\"@id\":\"https:\\\/\\\/www.meydan.tv\\\/az\\\/article\\\/mingecevir-ses-in-tehlukesi\\\/#breadcrumb\",\"itemListElement\":[{\"@type\":\"ListItem\",\"position\":1,\"name\":\"Ana s\u0259hif\u0259\",\"item\":\"https:\\\/\\\/www.meydan.tv\\\/az\\\/\"},{\"@type\":\"ListItem\",\"position\":2,\"name\":\"M\u0259nim Fikrimc\u0259\",\"item\":\"https:\\\/\\\/www.meydan.tv\\\/az\\\/section\\\/menim-fikrimce\\\/\"},{\"@type\":\"ListItem\",\"position\":3,\"name\":\"Ming\u0259\u00e7evir SES-in t\u0259hl\u00fck\u0259si\"}]},{\"@type\":\"WebSite\",\"@id\":\"https:\\\/\\\/www.meydan.tv\\\/az\\\/#website\",\"url\":\"https:\\\/\\\/www.meydan.tv\\\/az\\\/\",\"name\":\"MEYDAN.TV\",\"description\":\"Meydan TV Az\u0259rbaycan\u0131n media m\u0259kan\u0131ndak\u0131 alternativ s\u0259sidir\",\"publisher\":{\"@id\":\"https:\\\/\\\/www.meydan.tv\\\/az\\\/#organization\"},\"potentialAction\":[{\"@type\":\"SearchAction\",\"target\":{\"@type\":\"EntryPoint\",\"urlTemplate\":\"https:\\\/\\\/www.meydan.tv\\\/az\\\/?s={search_term_string}\"},\"query-input\":{\"@type\":\"PropertyValueSpecification\",\"valueRequired\":true,\"valueName\":\"search_term_string\"}}],\"inLanguage\":\"az\"},{\"@type\":\"Organization\",\"@id\":\"https:\\\/\\\/www.meydan.tv\\\/az\\\/#organization\",\"name\":\"Meydan TV\",\"url\":\"https:\\\/\\\/www.meydan.tv\\\/az\\\/\",\"logo\":{\"@type\":\"ImageObject\",\"inLanguage\":\"az\",\"@id\":\"https:\\\/\\\/www.meydan.tv\\\/az\\\/#\\\/schema\\\/logo\\\/image\\\/\",\"url\":\"https:\\\/\\\/www.meydan.tv\\\/wp-content\\\/uploads\\\/2021\\\/07\\\/meydan-logo.svg\",\"contentUrl\":\"https:\\\/\\\/www.meydan.tv\\\/wp-content\\\/uploads\\\/2021\\\/07\\\/meydan-logo.svg\",\"width\":195,\"height\":46,\"caption\":\"Meydan TV\"},\"image\":{\"@id\":\"https:\\\/\\\/www.meydan.tv\\\/az\\\/#\\\/schema\\\/logo\\\/image\\\/\"}},{\"@type\":\"Person\",\"@id\":\"https:\\\/\\\/www.meydan.tv\\\/az\\\/#\\\/schema\\\/person\\\/10d11eccf6da3662cf5fdab9806ea91a\",\"name\":\"user-manager\"}]}<\/script>\n<!-- \/ Yoast SEO plugin. -->","yoast_head_json":{"title":"Ming\u0259\u00e7evir SES-in t\u0259hl\u00fck\u0259si - MEYDAN.TV","robots":{"index":"index","follow":"follow","max-snippet":"max-snippet:-1","max-image-preview":"max-image-preview:large","max-video-preview":"max-video-preview:-1"},"canonical":"https:\/\/www.meydan.tv\/az\/article\/mingecevir-ses-in-tehlukesi\/","og_locale":"az_AZ","og_type":"article","og_title":"Ming\u0259\u00e7evir SES-in t\u0259hl\u00fck\u0259si - MEYDAN.TV","og_description":"1997-ci ild\u0259 g\u00fccl\u00fc leysan ya\u011f\u0131\u015f\u0131 Ming\u0259\u00e7evir SES-in (Su Elektrik Stansiyas\u0131) i\u015fini iflic hala salm\u0131\u015fd\u0131","og_url":"https:\/\/www.meydan.tv\/az\/article\/mingecevir-ses-in-tehlukesi\/","og_site_name":"MEYDAN.TV","article_published_time":"2018-07-03T17:25:11+00:00","og_image":[{"width":1188,"height":616,"url":"https:\/\/www.meydan.tv\/wp-content\/uploads\/42113.png","type":"image\/png"}],"author":"user-manager","twitter_card":"summary_large_image","schema":{"@context":"https:\/\/schema.org","@graph":[{"@type":"Article","@id":"https:\/\/www.meydan.tv\/az\/article\/mingecevir-ses-in-tehlukesi\/#article","isPartOf":{"@id":"https:\/\/www.meydan.tv\/az\/article\/mingecevir-ses-in-tehlukesi\/"},"author":{"name":"user-manager","@id":"https:\/\/www.meydan.tv\/az\/#\/schema\/person\/10d11eccf6da3662cf5fdab9806ea91a"},"headline":"Ming\u0259\u00e7evir SES-in t\u0259hl\u00fck\u0259si","datePublished":"2018-07-03T17:25:11+00:00","mainEntityOfPage":{"@id":"https:\/\/www.meydan.tv\/az\/article\/mingecevir-ses-in-tehlukesi\/"},"wordCount":622,"publisher":{"@id":"https:\/\/www.meydan.tv\/az\/#organization"},"image":{"@id":"https:\/\/www.meydan.tv\/az\/article\/mingecevir-ses-in-tehlukesi\/#primaryimage"},"thumbnailUrl":"https:\/\/www.meydan.tv\/wp-content\/uploads\/42113.png","articleSection":["M\u0259nim Fikrimc\u0259"],"inLanguage":"az"},{"@type":"WebPage","@id":"https:\/\/www.meydan.tv\/az\/article\/mingecevir-ses-in-tehlukesi\/","url":"https:\/\/www.meydan.tv\/az\/article\/mingecevir-ses-in-tehlukesi\/","name":"Ming\u0259\u00e7evir SES-in t\u0259hl\u00fck\u0259si - MEYDAN.TV","isPartOf":{"@id":"https:\/\/www.meydan.tv\/az\/#website"},"primaryImageOfPage":{"@id":"https:\/\/www.meydan.tv\/az\/article\/mingecevir-ses-in-tehlukesi\/#primaryimage"},"image":{"@id":"https:\/\/www.meydan.tv\/az\/article\/mingecevir-ses-in-tehlukesi\/#primaryimage"},"thumbnailUrl":"https:\/\/www.meydan.tv\/wp-content\/uploads\/42113.png","datePublished":"2018-07-03T17:25:11+00:00","breadcrumb":{"@id":"https:\/\/www.meydan.tv\/az\/article\/mingecevir-ses-in-tehlukesi\/#breadcrumb"},"inLanguage":"az","potentialAction":[{"@type":"ReadAction","target":["https:\/\/www.meydan.tv\/az\/article\/mingecevir-ses-in-tehlukesi\/"]}]},{"@type":"ImageObject","inLanguage":"az","@id":"https:\/\/www.meydan.tv\/az\/article\/mingecevir-ses-in-tehlukesi\/#primaryimage","url":"https:\/\/www.meydan.tv\/wp-content\/uploads\/42113.png","contentUrl":"https:\/\/www.meydan.tv\/wp-content\/uploads\/42113.png","width":1188,"height":616,"caption":"Source:"},{"@type":"BreadcrumbList","@id":"https:\/\/www.meydan.tv\/az\/article\/mingecevir-ses-in-tehlukesi\/#breadcrumb","itemListElement":[{"@type":"ListItem","position":1,"name":"Ana s\u0259hif\u0259","item":"https:\/\/www.meydan.tv\/az\/"},{"@type":"ListItem","position":2,"name":"M\u0259nim Fikrimc\u0259","item":"https:\/\/www.meydan.tv\/az\/section\/menim-fikrimce\/"},{"@type":"ListItem","position":3,"name":"Ming\u0259\u00e7evir SES-in t\u0259hl\u00fck\u0259si"}]},{"@type":"WebSite","@id":"https:\/\/www.meydan.tv\/az\/#website","url":"https:\/\/www.meydan.tv\/az\/","name":"MEYDAN.TV","description":"Meydan TV Az\u0259rbaycan\u0131n media m\u0259kan\u0131ndak\u0131 alternativ s\u0259sidir","publisher":{"@id":"https:\/\/www.meydan.tv\/az\/#organization"},"potentialAction":[{"@type":"SearchAction","target":{"@type":"EntryPoint","urlTemplate":"https:\/\/www.meydan.tv\/az\/?s={search_term_string}"},"query-input":{"@type":"PropertyValueSpecification","valueRequired":true,"valueName":"search_term_string"}}],"inLanguage":"az"},{"@type":"Organization","@id":"https:\/\/www.meydan.tv\/az\/#organization","name":"Meydan TV","url":"https:\/\/www.meydan.tv\/az\/","logo":{"@type":"ImageObject","inLanguage":"az","@id":"https:\/\/www.meydan.tv\/az\/#\/schema\/logo\/image\/","url":"https:\/\/www.meydan.tv\/wp-content\/uploads\/2021\/07\/meydan-logo.svg","contentUrl":"https:\/\/www.meydan.tv\/wp-content\/uploads\/2021\/07\/meydan-logo.svg","width":195,"height":46,"caption":"Meydan TV"},"image":{"@id":"https:\/\/www.meydan.tv\/az\/#\/schema\/logo\/image\/"}},{"@type":"Person","@id":"https:\/\/www.meydan.tv\/az\/#\/schema\/person\/10d11eccf6da3662cf5fdab9806ea91a","name":"user-manager"}]}},"_links":{"self":[{"href":"https:\/\/www.meydan.tv\/az\/wp-json\/wp\/v2\/posts\/190691","targetHints":{"allow":["GET"]}}],"collection":[{"href":"https:\/\/www.meydan.tv\/az\/wp-json\/wp\/v2\/posts"}],"about":[{"href":"https:\/\/www.meydan.tv\/az\/wp-json\/wp\/v2\/types\/post"}],"author":[{"embeddable":true,"href":"https:\/\/www.meydan.tv\/az\/wp-json\/wp\/v2\/users\/11"}],"replies":[{"embeddable":true,"href":"https:\/\/www.meydan.tv\/az\/wp-json\/wp\/v2\/comments?post=190691"}],"version-history":[{"count":0,"href":"https:\/\/www.meydan.tv\/az\/wp-json\/wp\/v2\/posts\/190691\/revisions"}],"wp:featuredmedia":[{"embeddable":true,"href":"https:\/\/www.meydan.tv\/az\/wp-json\/wp\/v2\/media\/106031"}],"wp:attachment":[{"href":"https:\/\/www.meydan.tv\/az\/wp-json\/wp\/v2\/media?parent=190691"}],"wp:term":[{"taxonomy":"category","embeddable":true,"href":"https:\/\/www.meydan.tv\/az\/wp-json\/wp\/v2\/categories?post=190691"},{"taxonomy":"post_tag","embeddable":true,"href":"https:\/\/www.meydan.tv\/az\/wp-json\/wp\/v2\/tags?post=190691"}],"curies":[{"name":"wp","href":"https:\/\/api.w.org\/{rel}","templated":true}]}}