{"id":190687,"date":"2018-07-03T15:52:56","date_gmt":"2018-07-03T15:52:56","guid":{"rendered":"https:\/\/www.meydan.tv\/article\/natiq-ceferli-enerji-sisteminin-hedden-artiq-yuklenmesi-fikri-qebuledilmezdir\/"},"modified":"2018-07-03T15:52:56","modified_gmt":"2018-07-03T15:52:56","slug":"natiq-ceferli-enerji-sisteminin-hedden-artiq-yuklenmesi-fikri-qebuledilmezdir","status":"publish","type":"post","link":"https:\/\/www.meydan.tv\/az\/article\/natiq-ceferli-enerji-sisteminin-hedden-artiq-yuklenmesi-fikri-qebuledilmezdir\/","title":{"rendered":"Natiq C\u0259f\u0259rli: Enerji sisteminin h\u0259dd\u0259n art\u0131q y\u00fckl\u0259nm\u0259si fikri q\u0259buledilm\u0259zdir"},"content":{"rendered":"<figure class=\"wp-block-embed is-type-video is-provider-youtube wp-block-embed-youtube wp-embed-aspect-16-9 wp-has-aspect-ratio\">\n<div class=\"wp-block-embed__wrapper\">\n    <iframe\ttitle=\"\" width=\"1200\" height=\"675\" data-src=\"https:\/\/www.youtube.com\/embed\/TVidj8NPSpg\"\tframeborder=\"0\"\tallow=\"accelerometer; autoplay; clipboard-write; encrypted-media; gyroscope; picture-in-picture\" allowfullscreen src=\"data:image\/svg+xml;base64,PHN2ZyB3aWR0aD0iMSIgaGVpZ2h0PSIxIiB4bWxucz0iaHR0cDovL3d3dy53My5vcmcvMjAwMC9zdmciPjwvc3ZnPg==\" class=\"lazyload\" data-load-mode=\"1\"><\/iframe>\n  <\/div><figcaption><\/figcaption><\/figure>\n<p>\n  <i><br \/>\n    V\u00fcqar Bayramov: \u201cKommunal xidm\u0259tl\u0259rd\u0259 idar\u0259etm\u0259nin \u00f6z\u0259l sektora verilm\u0259si bir daha aktualla\u015f\u0131b\u201d<br \/>\n  <\/i>\n<\/p>\n<p>\n  Bak\u0131n\u0131n 100 faizin\u0259, regionlar\u0131n is\u0259 \u00fcmumilikd\u0259 80 faizin\u0259 elektrik enerjisinin verilm\u0259si b\u0259rpa edilib.\n<\/p>\n<p>\n  Bu bar\u0259d\u0259 iyulun 3-d\u0259 \u201cAz\u0259ri\u015f\u0131q\u201d ASC-nin yayd\u0131\u011f\u0131 m\u0259lumatda qeyd edilir.\n<\/p>\n<p>\n  Meydan TV-y\u0259 veril\u0259n m\u0259lumata g\u00f6r\u0259 is\u0259, c\u0259nub regionlar\u0131nda, Sumqay\u0131t\u0131n bir s\u0131ra \u0259razil\u0259rind\u0259, X\u0131rdalanda, Sabun\u00e7uda v\u0259 Ke\u015fl\u0259d\u0259 elektrik enerjisinin verilm\u0259sind\u0259ki fasil\u0259l\u0259r davam edir.\n<\/p>\n<p>\n  \u0130yulun 2-d\u0259n 3-n\u0259 ke\u00e7\u0259n gec\u0259 Az\u0259rbaycanda elektrik enerjisinin verilm\u0259si<br \/>\n  <a href=\"\/az\/article\/azerbaycan-qaranliga-qerq-olub-yenilenir\/\" target=\"_blank\" rel=\"noopener\"><br \/>\n    dayand\u0131r\u0131l\u0131b.<br \/>\n  <\/a>\n<\/p>\n<p>\n  Ming\u0259\u00e7evird\u0259 ya\u015fayan jurnalistl\u0259rin Meydan TV-y\u0259 verdikl\u0259ri m\u0259lumata g\u00f6r\u0259, elektrik enerjisinin k\u0259silm\u0259sin\u0259 s\u0259b\u0259b stansiyada partlay\u0131\u015f olub.\n<\/p>\n<p>\n  F\u00f6vq\u0259lad\u0259 Hallar Nazirliyinin yayd\u0131\u011f\u0131 m\u0259lumata \u0259sas\u0259n, Ming\u0259\u00e7evir \u0130ES-in 6-c\u0131 blokunda yan\u011f\u0131n ba\u015f verib.\n<\/p>\n<blockquote><p>\n  Y\u00fckl\u0259nm\u0259 40 faiz art\u0131b\n<\/p><\/blockquote>\n<p>\n  \u201cHadis\u0259 yerin\u0259 F\u00f6vq\u0259lad\u0259 Hallar Nazirliyinin (FHN) q\u00fcvv\u0259l\u0259ri c\u0259lb olunub v\u0259 6-c\u0131 blokda v\u0259 yar\u0131mstansiyada ba\u015f ver\u0259n yan\u011f\u0131n s\u00f6nd\u00fcr\u00fcl\u00fcb\u201d.\n<\/p>\n<p>\n  R\u0259smi qurumlar hadis\u0259nin ilkin s\u0259b\u0259bini h\u0259ddind\u0259n art\u0131q y\u00fckl\u0259nm\u0259 il\u0259 izah edirl\u0259r.\n<\/p>\n<p>\n  Energetika Nazirliyinin r\u0259smi m\u0259lumat\u0131na \u0259sas\u0259n, anomal isti hava \u015f\u0259raiyi il\u0259 \u0259laq\u0259dar y\u00fckl\u0259nm\u0259 40 faiz art\u0131b.\n<\/p>\n<p>\n  Olaydan az sonra Prezidentin M\u0259tbuat xidm\u0259tinin yayd\u0131\u011f\u0131 m\u0259lumatda da bu m\u0259qam vur\u011fulan\u0131b:\n<\/p>\n<p>\n  \u201c\u0130yulun 2-d\u0259n 3-n\u0259 ke\u00e7\u0259n gec\u0259 hava \u015f\u0259raitinin k\u0259skin d\u0259r\u0259c\u0259d\u0259 d\u0259yi\u015fm\u0259si, temperaturun y\u00fcks\u0259k h\u0259dd\u0259 \u00e7atmas\u0131 n\u0259tic\u0259sind\u0259 \u0259halinin elektrik enerjisind\u0259n h\u0259dd\u0259n art\u0131q istifad\u0259 etm\u0259si il\u0259 \u0259laq\u0259dar Ming\u0259\u00e7evir \u0130ES-in yar\u0131mstansiyas\u0131nda c\u0259r\u0259yan transformatoru s\u0131radan \u00e7\u0131x\u0131b. Yar\u0131mstansiyada d\u0259rhal t\u0259mir b\u0259rpa i\u015fl\u0259rin\u0259 ba\u015flan\u0131b. V\u0259ziyy\u0259t Az\u0259rbaycan Respublikas\u0131 prezidentinin daim n\u0259zar\u0259tind\u0259dir\u201d.\n<\/p>\n<p>\n  Bildirlib ki, Ba\u015f nazirin birinci m\u00fcavini Yaqub Eyyubov v\u0259 \u201cAz\u0259renerji\u201d ASC-nin s\u0259dri Etibar Pirverdiyev Ming\u0259\u00e7evir\u0259 gedibl\u0259r.\n<\/p>\n<p>\n  Y.Eyyubov q\u0259zan\u0131n f\u0259sadlar\u0131n\u0131n aradan qald\u0131r\u0131lmas\u0131 istiqam\u0259tind\u0259 m\u00fcvafiq tap\u015f\u0131r\u0131qlar verib.\n<\/p>\n<p>\n  Elektrik enerjisind\u0259 yaranan problem su t\u0259chizat\u0131nda, Sumqay\u0131t-Bak\u0131 elektrik qatar\u0131nda, Bak\u0131 Metropolitenind\u0259, x\u0259st\u0259xanalarda v\u0259 dig\u0259r d\u00f6vl\u0259t \u0259h\u0259miyy\u0259tli obyektl\u0259rd\u0259 probleml\u0259r yarad\u0131b.\n<\/p>\n<p>\n  \u201cAz\u0259rsu\u201d Ceyranbatan su anbar\u0131nda sut\u0259mizl\u0259yici qur\u011fularda yaranan problemin aradan qald\u0131r\u0131lmas\u0131 \u00fc\u00e7\u00fcn i\u015fl\u0259rin apar\u0131ld\u0131\u011f\u0131 haqda m\u0259lumat yay\u0131b. Ancaq h\u0259l\u0259 d\u0259 paytaxt v\u0259 \u0259traf b\u00f6lg\u0259l\u0259r\u0259 su verilm\u0259diyi qeyd olunub.\n<\/p>\n<p>\n  Sumqayit-Bak\u0131 qatar\u0131 s\u0259h\u0259r saat 08:00 reysi i\u015fl\u0259m\u0259yib. Bununla ba\u011fl\u0131 D\u00f6vl\u0259t D\u0259mir Yollar\u0131 AS\u00c7 s\u0259rni\u015finl\u0259rd\u0259n \u00fczr ist\u0259yib.\n<\/p>\n<p>\n  Qurum n\u00f6vb\u0259ti x\u0259b\u0259rind\u0259 bildirib ki, yaranm\u0131\u015f s\u0259rni\u015fin s\u0131xl\u0131\u011f\u0131n\u0131 aradan qald\u0131rmaq \u00fc\u00e7\u00fcn g\u00fcn \u0259rzind\u0259 iki d\u0259f\u0259 bu istiqam\u0259td\u0259 ikiqruplu qatar x\u0259tt\u0259 burax\u0131lacaq.\n<\/p>\n<figure class=\"wp-block-image size-large\">\n  <img decoding=\"async\" src=\"https:\/\/www.meydan.tv\/az\/natiq-ceferli-6\/\" alt=\"Natiq C\u0259f\u0259rli\" class=\"wp-image-101198\"\/><figcaption>\n    Natiq C\u0259f\u0259rli<br \/>\n  <\/figcaption><\/figure>\n<blockquote><p>\n  S\u0259b\u0259b korrupsiya amili v\u0259 dayan\u0131ql\u0131, normal infrastrukturun qurulmamas\u0131d\u0131r\n<\/p><\/blockquote>\n<p>\n  \u0130qtisad\u00e7\u0131 Natiq C\u0259f\u0259rli r\u0259smi m\u0259lumatda \u201ctemperaturun y\u00fcks\u0259k h\u0259dd\u0259 \u00e7atmas\u0131 n\u0259tic\u0259sind\u0259 \u0259halinin elektrik enerjisind\u0259n h\u0259dd\u0259n art\u0131q istifad\u0259 etm\u0259si n\u0259tic\u0259sind\u0259 h\u0259ddind\u0259n art\u0131q y\u00fckl\u0259nm\u0259\u201d fikrini q\u0259buledilm\u0259z hesab edir.\n<\/p>\n<p>\n  O, Meydan TV-y\u0259 deyib ki, \u0259slind\u0259, h\u00f6kum\u0259t bu izahla qurdu\u011fu infrastrukturun y\u00fckl\u0259m\u0259l\u0259r\u0259 d\u00f6zm\u0259diyin\u0259 haqq qazand\u0131rmaq niyy\u0259ti g\u00fcd\u00fcr.\n<\/p>\n<p>\n  \u201cAmma indiy\u0259 q\u0259d\u0259r elektrik enerjisinin alt yap\u0131s\u0131n\u0131n qurulmas\u0131na 4-5 milyard manat x\u0259rcl\u0259nib, \u201cAz\u0259renerji\u201d buna g\u00f6r\u0259 beyn\u0259lxalq qurumlardan kredit g\u00f6t\u00fcr\u00fcb. Bir s\u00f6zl\u0259, qoyulan v\u0259saitl\u0259rin dayan\u0131ql\u0131 olmad\u0131\u011f\u0131 iyulun 2-d\u0259n 3-n\u0259 ke\u00e7\u0259n gec\u0259 \u00fcz\u0259 \u00e7\u0131xd\u0131. S\u0259b\u0259b korrupsiya amili v\u0259 dayan\u0131ql\u0131, normal infrastrukturun qurulmamas\u0131d\u0131r\u201d.\n<\/p>\n<blockquote><p>\n  Ekspert sual edib ki, \u00f6lk\u0259 niy\u0259 bir m\u0259nb\u0259d\u0259n as\u0131l\u0131 olmal\u0131d\u0131r?\n<\/p><\/blockquote>\n<p>\n  \u201cArt\u0131q y\u00fckl\u0259m\u0259l\u0259r olan kimi sistemd\u0259 problem yaran\u0131r. B\u0259li, d\u00fcnyan\u0131n m\u00fcxt\u0259lif \u00f6lk\u0259l\u0259rind\u0259 bel\u0259 q\u0259zalar olur. Sad\u0259c\u0259, alternativ m\u0259nb\u0259l\u0259r i\u015f\u0259 d\u00fc\u015f\u00fcr v\u0259 problem aradan qald\u0131r\u0131l\u0131r. T\u0259s\u0259vv\u00fcr edin, g\u00fcnd\u00fcz olsayd\u0131, insanlar metroda, liftl\u0259rd\u0259 qalar faci\u0259l\u0259r ya\u015fanard\u0131. Yaxud reanimasiya \u015f\u00f6b\u0259l\u0259rind\u0259 i\u015f\u0131q\u0131n k\u0259silm\u0259si n\u0259l\u0259r\u0259 s\u0259b\u0259b olard\u0131?!\u201d\n<\/p>\n<blockquote><p>\n  \u00d6lk\u0259nin bir enerji blokundan as\u0131l\u0131 olmas\u0131 ciddi probleml\u0259rd\u0259n x\u0259b\u0259r verir\n<\/p><\/blockquote>\n<p>\n  N.C\u0259f\u0259rli xat\u0131rlad\u0131b ki, h\u00f6kum\u0259t Az\u0259rbaycan\u0131n enerji istehsal\u00e7\u0131s\u0131na \u00e7evrildiyini, ixraacat\u0131 il\u0259 m\u0259\u015f\u011ful oldu\u011funu daim b\u0259yan edir.\n<\/p>\n<p>\n  \u201c\u018fsas problem odur ki, qoyulan v\u0259saitin insanlar\u0131n normal \u015f\u0259kild\u0259 elektrik enerjisi il\u0259 t\u0259min olunmas\u0131na kifay\u0259t etm\u0259yib. H\u0259tta Az\u0259rbaycan G\u00fcrc\u00fcstan\u0131n \u0259sas elektrik enerjisi ixraacat\u00e7\u0131s\u0131na \u00e7evrilib, ancaq yerli v\u0259t\u0259nda\u015flar arty\u0131q y\u00fckl\u0259m\u0259rd\u0259n \u0259ziyy\u0259t \u00e7\u0259kir. Art\u0131q y\u00fckl\u0259m\u0259l\u0259rin q\u0131\u015f v\u0259 yay aylar\u0131nda olmas\u0131 t\u0259biidir, g\u0259r\u0259k, infrastrukturu buna haz\u0131rl\u0131ql\u0131 hala g\u0259tirsinl\u0259r. B\u00fct\u00fcn \u00f6lk\u0259nin bir enerji blokundan as\u0131l\u0131 olmas\u0131 kifay\u0259t q\u0259d\u0259r ciddi probleml\u0259rd\u0259n x\u0259b\u0259r verir v\u0259 dem\u0259li, qurulan infrastruktur m\u00fcasir t\u0259l\u0259bl\u0259r\u0259 cavab vermir\u201d.\n<\/p>\n<figure class=\"wp-block-image size-large\">\n  <img decoding=\"async\" src=\"https:\/\/www.meydan.tv\/az\/vuqar-bayramov-2\/\" alt=\"V\u00fcqar Bayramov\" class=\"wp-image-95214\"\/><figcaption>\n    V\u00fcqar Bayramov<br \/>\n  <\/figcaption><\/figure>\n<blockquote><p>\n  Alternativ m\u0259nb\u0259l\u0259rd\u0259n istifad\u0259 edilm\u0259lidir\n<\/p><\/blockquote>\n<p>\n  \u0130qtisad\u00e7\u0131 V\u00fcqar Bayramov ba\u015f ver\u0259n hadis\u0259nin bir ne\u00e7\u0259 m\u0259s\u0259l\u0259nin aktualla\u015fd\u0131rd\u0131\u011f\u0131n\u0131 bildirib:\n<\/p>\n<p>\n  \u201c2-3 iyul olay\u0131 kommunal xidm\u0259tl\u0259rd\u0259 idar\u0259etm\u0259nin \u00f6z\u0259l sektora verilm\u0259sini bir daha aktualla\u015fd\u0131r\u0131b. Son hadis\u0259 g\u00f6st\u0259rdi ki, mavi qaz\u0131n, i\u00e7m\u0259li suyun, elektrik enerjisinin sat\u0131\u015f\u0131 v\u0259 t\u0259minat\u0131 daxil olmaqla dig\u0259r xidm\u0259tl\u0259rin d\u00f6vl\u0259td\u0259n al\u0131naraq \u00f6z\u0259l sektora verilm\u0259si s\u0259m\u0259r\u0259liliyi art\u0131rar v\u0259 h\u0259m d\u0259 \u015f\u0259ffafl\u0131\u011f\u0131 g\u00fccl\u0259ndir\u0259r. B\u00fct\u00f6vl\u00fckd\u0259 kommunal xidm\u0259tl\u0259rin v\u0259 elektrik enerjisinin istehsal\u0131 v\u0259 sat\u0131\u015f\u0131nda m\u00fcasir texnologiyadan istifad\u0259 edilm\u0259si il\u0259 n\u0259tic\u0259l\u0259n\u0259r\u201d.\n<\/p>\n<p>\n  O, t\u0259\u0259ss\u00fcf\u00fcn\u00fc bildirib ki, kommunal xidm\u0259tl\u0259rin t\u0259minat\u0131nda v\u0259 sat\u0131\u015f\u0131nda h\u0259l\u0259lik \u00f6z\u0259l sektorun aktiv i\u015ftirak\u0131 m\u00fc\u015fahid\u0259 olunmur.\n<\/p>\n<p>\n  \u201cAmma inki\u015faf etmi\u015f \u00f6lk\u0259l\u0259rd\u0259 f\u0259rqli m\u0259nz\u0259r\u0259dir. \u018fg\u0259r buna gedils\u0259, m\u00fcasir texnologiya transfer edil\u0259c\u0259k, v\u0259t\u0259nda\u015flar daha keyfiyy\u0259tli elektrik enerjisi alacaq v\u0259 s\u0259m\u0259r\u0259liliyin art\u0131r\u0131lmas\u0131 \u00fc\u00e7\u00fcn baza yaranacaq\u201d.\n<\/p>\n<p>\n  Dig\u0259r bir m\u0259qam kimi, V.Bayramov alternativ m\u0259nb\u0259l\u0259rd\u0259n istifad\u0259 edilm\u0259sinin vacibliyini bildirib.\n<\/p>\n<p>\n  \u201cYaln\u0131z Bak\u0131n\u0131 v\u0259 Ab\u015feronu g\u00fcn\u0259\u015f v\u0259 k\u00fcl\u0259k enerjisi il\u0259 t\u0259min etm\u0259k olar. Amma t\u0259\u0259ss\u00fcf ki, istifad\u0259 olunmur. Bu g\u00fcn alternativ enerjinin \u00fcmumi enerjid\u0259 pay\u0131na diqq\u0259t yetirils\u0259, c\u00fczi r\u0259q\u0259m al\u0131nar. \u0130lk n\u00f6vb\u0259d\u0259 bu istiqam\u0259td\u0259 qanunvericilik t\u0259kmill\u0259\u015fdirilm\u0259lidir, y\u0259ni \u00f6z\u0259l sektorun alternativ enerjisinin istehsal\u0131nda i\u015ftirak\u0131na v\u0259 onlara g\u00fcz\u0259\u015ftin t\u0259tbiqin\u0259 ehtiyac var\u201d.<\/p>\n","protected":false},"excerpt":{"rendered":"<p>V\u00fcqar Bayramov: \u201cKommunal xidm\u0259tl\u0259rd\u0259 idar\u0259etm\u0259nin \u00f6z\u0259l sektora verilm\u0259si bir daha aktualla\u015f\u0131b\u201d<\/p>\n","protected":false},"author":11,"featured_media":101198,"comment_status":"closed","ping_status":"open","sticky":false,"template":"","format":"standard","meta":{"_acf_changed":false,"_sitemap_exclude":false,"_sitemap_priority":"","_sitemap_frequency":"","footnotes":""},"categories":[56],"tags":[],"class_list":["post-190687","post","type-post","status-publish","format-standard","has-post-thumbnail","hentry","category-xeberler","infinite-scroll-item","generate-columns","tablet-grid-50","mobile-grid-100","grid-parent","grid-33","no-featured-image-padding"],"acf":[],"yoast_head":"<!-- This site is optimized with the Yoast SEO plugin v27.4 - https:\/\/yoast.com\/product\/yoast-seo-wordpress\/ -->\n<title>Natiq C\u0259f\u0259rli: Enerji sisteminin h\u0259dd\u0259n art\u0131q y\u00fckl\u0259nm\u0259si fikri q\u0259buledilm\u0259zdir - MEYDAN.TV<\/title>\n<meta name=\"robots\" content=\"index, follow, max-snippet:-1, max-image-preview:large, max-video-preview:-1\" \/>\n<link rel=\"canonical\" href=\"https:\/\/www.meydan.tv\/az\/article\/natiq-ceferli-enerji-sisteminin-hedden-artiq-yuklenmesi-fikri-qebuledilmezdir\/\" \/>\n<meta property=\"og:locale\" content=\"az_AZ\" \/>\n<meta property=\"og:type\" content=\"article\" \/>\n<meta property=\"og:title\" content=\"Natiq C\u0259f\u0259rli: Enerji sisteminin h\u0259dd\u0259n art\u0131q y\u00fckl\u0259nm\u0259si fikri q\u0259buledilm\u0259zdir - MEYDAN.TV\" \/>\n<meta property=\"og:description\" content=\"V\u00fcqar Bayramov: \u201cKommunal xidm\u0259tl\u0259rd\u0259 idar\u0259etm\u0259nin \u00f6z\u0259l sektora verilm\u0259si bir daha aktualla\u015f\u0131b\u201d\" \/>\n<meta property=\"og:url\" content=\"https:\/\/www.meydan.tv\/az\/article\/natiq-ceferli-enerji-sisteminin-hedden-artiq-yuklenmesi-fikri-qebuledilmezdir\/\" \/>\n<meta property=\"og:site_name\" content=\"MEYDAN.TV\" \/>\n<meta property=\"article:published_time\" content=\"2018-07-03T15:52:56+00:00\" \/>\n<meta property=\"og:image\" content=\"https:\/\/www.meydan.tv\/wp-content\/uploads\/40035.png\" \/>\n\t<meta property=\"og:image:width\" content=\"810\" \/>\n\t<meta property=\"og:image:height\" content=\"450\" \/>\n\t<meta property=\"og:image:type\" content=\"image\/png\" \/>\n<meta name=\"author\" content=\"user-manager\" \/>\n<meta name=\"twitter:card\" content=\"summary_large_image\" \/>\n<script type=\"application\/ld+json\" class=\"yoast-schema-graph\">{\"@context\":\"https:\\\/\\\/schema.org\",\"@graph\":[{\"@type\":\"Article\",\"@id\":\"https:\\\/\\\/www.meydan.tv\\\/az\\\/article\\\/natiq-ceferli-enerji-sisteminin-hedden-artiq-yuklenmesi-fikri-qebuledilmezdir\\\/#article\",\"isPartOf\":{\"@id\":\"https:\\\/\\\/www.meydan.tv\\\/az\\\/article\\\/natiq-ceferli-enerji-sisteminin-hedden-artiq-yuklenmesi-fikri-qebuledilmezdir\\\/\"},\"author\":{\"name\":\"user-manager\",\"@id\":\"https:\\\/\\\/www.meydan.tv\\\/az\\\/#\\\/schema\\\/person\\\/10d11eccf6da3662cf5fdab9806ea91a\"},\"headline\":\"Natiq C\u0259f\u0259rli: Enerji sisteminin h\u0259dd\u0259n art\u0131q y\u00fckl\u0259nm\u0259si fikri q\u0259buledilm\u0259zdir\",\"datePublished\":\"2018-07-03T15:52:56+00:00\",\"mainEntityOfPage\":{\"@id\":\"https:\\\/\\\/www.meydan.tv\\\/az\\\/article\\\/natiq-ceferli-enerji-sisteminin-hedden-artiq-yuklenmesi-fikri-qebuledilmezdir\\\/\"},\"wordCount\":1257,\"publisher\":{\"@id\":\"https:\\\/\\\/www.meydan.tv\\\/az\\\/#organization\"},\"image\":{\"@id\":\"https:\\\/\\\/www.meydan.tv\\\/az\\\/article\\\/natiq-ceferli-enerji-sisteminin-hedden-artiq-yuklenmesi-fikri-qebuledilmezdir\\\/#primaryimage\"},\"thumbnailUrl\":\"https:\\\/\\\/www.meydan.tv\\\/wp-content\\\/uploads\\\/40035.png\",\"articleSection\":[\"X\u0259b\u0259rl\u0259r\"],\"inLanguage\":\"az\"},{\"@type\":\"WebPage\",\"@id\":\"https:\\\/\\\/www.meydan.tv\\\/az\\\/article\\\/natiq-ceferli-enerji-sisteminin-hedden-artiq-yuklenmesi-fikri-qebuledilmezdir\\\/\",\"url\":\"https:\\\/\\\/www.meydan.tv\\\/az\\\/article\\\/natiq-ceferli-enerji-sisteminin-hedden-artiq-yuklenmesi-fikri-qebuledilmezdir\\\/\",\"name\":\"Natiq C\u0259f\u0259rli: Enerji sisteminin h\u0259dd\u0259n art\u0131q y\u00fckl\u0259nm\u0259si fikri q\u0259buledilm\u0259zdir - MEYDAN.TV\",\"isPartOf\":{\"@id\":\"https:\\\/\\\/www.meydan.tv\\\/az\\\/#website\"},\"primaryImageOfPage\":{\"@id\":\"https:\\\/\\\/www.meydan.tv\\\/az\\\/article\\\/natiq-ceferli-enerji-sisteminin-hedden-artiq-yuklenmesi-fikri-qebuledilmezdir\\\/#primaryimage\"},\"image\":{\"@id\":\"https:\\\/\\\/www.meydan.tv\\\/az\\\/article\\\/natiq-ceferli-enerji-sisteminin-hedden-artiq-yuklenmesi-fikri-qebuledilmezdir\\\/#primaryimage\"},\"thumbnailUrl\":\"https:\\\/\\\/www.meydan.tv\\\/wp-content\\\/uploads\\\/40035.png\",\"datePublished\":\"2018-07-03T15:52:56+00:00\",\"breadcrumb\":{\"@id\":\"https:\\\/\\\/www.meydan.tv\\\/az\\\/article\\\/natiq-ceferli-enerji-sisteminin-hedden-artiq-yuklenmesi-fikri-qebuledilmezdir\\\/#breadcrumb\"},\"inLanguage\":\"az\",\"potentialAction\":[{\"@type\":\"ReadAction\",\"target\":[\"https:\\\/\\\/www.meydan.tv\\\/az\\\/article\\\/natiq-ceferli-enerji-sisteminin-hedden-artiq-yuklenmesi-fikri-qebuledilmezdir\\\/\"]}]},{\"@type\":\"ImageObject\",\"inLanguage\":\"az\",\"@id\":\"https:\\\/\\\/www.meydan.tv\\\/az\\\/article\\\/natiq-ceferli-enerji-sisteminin-hedden-artiq-yuklenmesi-fikri-qebuledilmezdir\\\/#primaryimage\",\"url\":\"https:\\\/\\\/www.meydan.tv\\\/wp-content\\\/uploads\\\/40035.png\",\"contentUrl\":\"https:\\\/\\\/www.meydan.tv\\\/wp-content\\\/uploads\\\/40035.png\",\"width\":810,\"height\":450,\"caption\":\"Source:\"},{\"@type\":\"BreadcrumbList\",\"@id\":\"https:\\\/\\\/www.meydan.tv\\\/az\\\/article\\\/natiq-ceferli-enerji-sisteminin-hedden-artiq-yuklenmesi-fikri-qebuledilmezdir\\\/#breadcrumb\",\"itemListElement\":[{\"@type\":\"ListItem\",\"position\":1,\"name\":\"Ana s\u0259hif\u0259\",\"item\":\"https:\\\/\\\/www.meydan.tv\\\/az\\\/\"},{\"@type\":\"ListItem\",\"position\":2,\"name\":\"X\u0259b\u0259rl\u0259r\",\"item\":\"https:\\\/\\\/www.meydan.tv\\\/az\\\/section\\\/xeberler\\\/\"},{\"@type\":\"ListItem\",\"position\":3,\"name\":\"Natiq C\u0259f\u0259rli: Enerji sisteminin h\u0259dd\u0259n art\u0131q y\u00fckl\u0259nm\u0259si fikri q\u0259buledilm\u0259zdir\"}]},{\"@type\":\"WebSite\",\"@id\":\"https:\\\/\\\/www.meydan.tv\\\/az\\\/#website\",\"url\":\"https:\\\/\\\/www.meydan.tv\\\/az\\\/\",\"name\":\"MEYDAN.TV\",\"description\":\"Meydan TV Az\u0259rbaycan\u0131n media m\u0259kan\u0131ndak\u0131 alternativ s\u0259sidir\",\"publisher\":{\"@id\":\"https:\\\/\\\/www.meydan.tv\\\/az\\\/#organization\"},\"potentialAction\":[{\"@type\":\"SearchAction\",\"target\":{\"@type\":\"EntryPoint\",\"urlTemplate\":\"https:\\\/\\\/www.meydan.tv\\\/az\\\/?s={search_term_string}\"},\"query-input\":{\"@type\":\"PropertyValueSpecification\",\"valueRequired\":true,\"valueName\":\"search_term_string\"}}],\"inLanguage\":\"az\"},{\"@type\":\"Organization\",\"@id\":\"https:\\\/\\\/www.meydan.tv\\\/az\\\/#organization\",\"name\":\"Meydan TV\",\"url\":\"https:\\\/\\\/www.meydan.tv\\\/az\\\/\",\"logo\":{\"@type\":\"ImageObject\",\"inLanguage\":\"az\",\"@id\":\"https:\\\/\\\/www.meydan.tv\\\/az\\\/#\\\/schema\\\/logo\\\/image\\\/\",\"url\":\"https:\\\/\\\/www.meydan.tv\\\/wp-content\\\/uploads\\\/2021\\\/07\\\/meydan-logo.svg\",\"contentUrl\":\"https:\\\/\\\/www.meydan.tv\\\/wp-content\\\/uploads\\\/2021\\\/07\\\/meydan-logo.svg\",\"width\":195,\"height\":46,\"caption\":\"Meydan TV\"},\"image\":{\"@id\":\"https:\\\/\\\/www.meydan.tv\\\/az\\\/#\\\/schema\\\/logo\\\/image\\\/\"}},{\"@type\":\"Person\",\"@id\":\"https:\\\/\\\/www.meydan.tv\\\/az\\\/#\\\/schema\\\/person\\\/10d11eccf6da3662cf5fdab9806ea91a\",\"name\":\"user-manager\"}]}<\/script>\n<!-- \/ Yoast SEO plugin. -->","yoast_head_json":{"title":"Natiq C\u0259f\u0259rli: Enerji sisteminin h\u0259dd\u0259n art\u0131q y\u00fckl\u0259nm\u0259si fikri q\u0259buledilm\u0259zdir - MEYDAN.TV","robots":{"index":"index","follow":"follow","max-snippet":"max-snippet:-1","max-image-preview":"max-image-preview:large","max-video-preview":"max-video-preview:-1"},"canonical":"https:\/\/www.meydan.tv\/az\/article\/natiq-ceferli-enerji-sisteminin-hedden-artiq-yuklenmesi-fikri-qebuledilmezdir\/","og_locale":"az_AZ","og_type":"article","og_title":"Natiq C\u0259f\u0259rli: Enerji sisteminin h\u0259dd\u0259n art\u0131q y\u00fckl\u0259nm\u0259si fikri q\u0259buledilm\u0259zdir - MEYDAN.TV","og_description":"V\u00fcqar Bayramov: \u201cKommunal xidm\u0259tl\u0259rd\u0259 idar\u0259etm\u0259nin \u00f6z\u0259l sektora verilm\u0259si bir daha aktualla\u015f\u0131b\u201d","og_url":"https:\/\/www.meydan.tv\/az\/article\/natiq-ceferli-enerji-sisteminin-hedden-artiq-yuklenmesi-fikri-qebuledilmezdir\/","og_site_name":"MEYDAN.TV","article_published_time":"2018-07-03T15:52:56+00:00","og_image":[{"width":810,"height":450,"url":"https:\/\/www.meydan.tv\/wp-content\/uploads\/40035.png","type":"image\/png"}],"author":"user-manager","twitter_card":"summary_large_image","schema":{"@context":"https:\/\/schema.org","@graph":[{"@type":"Article","@id":"https:\/\/www.meydan.tv\/az\/article\/natiq-ceferli-enerji-sisteminin-hedden-artiq-yuklenmesi-fikri-qebuledilmezdir\/#article","isPartOf":{"@id":"https:\/\/www.meydan.tv\/az\/article\/natiq-ceferli-enerji-sisteminin-hedden-artiq-yuklenmesi-fikri-qebuledilmezdir\/"},"author":{"name":"user-manager","@id":"https:\/\/www.meydan.tv\/az\/#\/schema\/person\/10d11eccf6da3662cf5fdab9806ea91a"},"headline":"Natiq C\u0259f\u0259rli: Enerji sisteminin h\u0259dd\u0259n art\u0131q y\u00fckl\u0259nm\u0259si fikri q\u0259buledilm\u0259zdir","datePublished":"2018-07-03T15:52:56+00:00","mainEntityOfPage":{"@id":"https:\/\/www.meydan.tv\/az\/article\/natiq-ceferli-enerji-sisteminin-hedden-artiq-yuklenmesi-fikri-qebuledilmezdir\/"},"wordCount":1257,"publisher":{"@id":"https:\/\/www.meydan.tv\/az\/#organization"},"image":{"@id":"https:\/\/www.meydan.tv\/az\/article\/natiq-ceferli-enerji-sisteminin-hedden-artiq-yuklenmesi-fikri-qebuledilmezdir\/#primaryimage"},"thumbnailUrl":"https:\/\/www.meydan.tv\/wp-content\/uploads\/40035.png","articleSection":["X\u0259b\u0259rl\u0259r"],"inLanguage":"az"},{"@type":"WebPage","@id":"https:\/\/www.meydan.tv\/az\/article\/natiq-ceferli-enerji-sisteminin-hedden-artiq-yuklenmesi-fikri-qebuledilmezdir\/","url":"https:\/\/www.meydan.tv\/az\/article\/natiq-ceferli-enerji-sisteminin-hedden-artiq-yuklenmesi-fikri-qebuledilmezdir\/","name":"Natiq C\u0259f\u0259rli: Enerji sisteminin h\u0259dd\u0259n art\u0131q y\u00fckl\u0259nm\u0259si fikri q\u0259buledilm\u0259zdir - MEYDAN.TV","isPartOf":{"@id":"https:\/\/www.meydan.tv\/az\/#website"},"primaryImageOfPage":{"@id":"https:\/\/www.meydan.tv\/az\/article\/natiq-ceferli-enerji-sisteminin-hedden-artiq-yuklenmesi-fikri-qebuledilmezdir\/#primaryimage"},"image":{"@id":"https:\/\/www.meydan.tv\/az\/article\/natiq-ceferli-enerji-sisteminin-hedden-artiq-yuklenmesi-fikri-qebuledilmezdir\/#primaryimage"},"thumbnailUrl":"https:\/\/www.meydan.tv\/wp-content\/uploads\/40035.png","datePublished":"2018-07-03T15:52:56+00:00","breadcrumb":{"@id":"https:\/\/www.meydan.tv\/az\/article\/natiq-ceferli-enerji-sisteminin-hedden-artiq-yuklenmesi-fikri-qebuledilmezdir\/#breadcrumb"},"inLanguage":"az","potentialAction":[{"@type":"ReadAction","target":["https:\/\/www.meydan.tv\/az\/article\/natiq-ceferli-enerji-sisteminin-hedden-artiq-yuklenmesi-fikri-qebuledilmezdir\/"]}]},{"@type":"ImageObject","inLanguage":"az","@id":"https:\/\/www.meydan.tv\/az\/article\/natiq-ceferli-enerji-sisteminin-hedden-artiq-yuklenmesi-fikri-qebuledilmezdir\/#primaryimage","url":"https:\/\/www.meydan.tv\/wp-content\/uploads\/40035.png","contentUrl":"https:\/\/www.meydan.tv\/wp-content\/uploads\/40035.png","width":810,"height":450,"caption":"Source:"},{"@type":"BreadcrumbList","@id":"https:\/\/www.meydan.tv\/az\/article\/natiq-ceferli-enerji-sisteminin-hedden-artiq-yuklenmesi-fikri-qebuledilmezdir\/#breadcrumb","itemListElement":[{"@type":"ListItem","position":1,"name":"Ana s\u0259hif\u0259","item":"https:\/\/www.meydan.tv\/az\/"},{"@type":"ListItem","position":2,"name":"X\u0259b\u0259rl\u0259r","item":"https:\/\/www.meydan.tv\/az\/section\/xeberler\/"},{"@type":"ListItem","position":3,"name":"Natiq C\u0259f\u0259rli: Enerji sisteminin h\u0259dd\u0259n art\u0131q y\u00fckl\u0259nm\u0259si fikri q\u0259buledilm\u0259zdir"}]},{"@type":"WebSite","@id":"https:\/\/www.meydan.tv\/az\/#website","url":"https:\/\/www.meydan.tv\/az\/","name":"MEYDAN.TV","description":"Meydan TV Az\u0259rbaycan\u0131n media m\u0259kan\u0131ndak\u0131 alternativ s\u0259sidir","publisher":{"@id":"https:\/\/www.meydan.tv\/az\/#organization"},"potentialAction":[{"@type":"SearchAction","target":{"@type":"EntryPoint","urlTemplate":"https:\/\/www.meydan.tv\/az\/?s={search_term_string}"},"query-input":{"@type":"PropertyValueSpecification","valueRequired":true,"valueName":"search_term_string"}}],"inLanguage":"az"},{"@type":"Organization","@id":"https:\/\/www.meydan.tv\/az\/#organization","name":"Meydan TV","url":"https:\/\/www.meydan.tv\/az\/","logo":{"@type":"ImageObject","inLanguage":"az","@id":"https:\/\/www.meydan.tv\/az\/#\/schema\/logo\/image\/","url":"https:\/\/www.meydan.tv\/wp-content\/uploads\/2021\/07\/meydan-logo.svg","contentUrl":"https:\/\/www.meydan.tv\/wp-content\/uploads\/2021\/07\/meydan-logo.svg","width":195,"height":46,"caption":"Meydan TV"},"image":{"@id":"https:\/\/www.meydan.tv\/az\/#\/schema\/logo\/image\/"}},{"@type":"Person","@id":"https:\/\/www.meydan.tv\/az\/#\/schema\/person\/10d11eccf6da3662cf5fdab9806ea91a","name":"user-manager"}]}},"_links":{"self":[{"href":"https:\/\/www.meydan.tv\/az\/wp-json\/wp\/v2\/posts\/190687","targetHints":{"allow":["GET"]}}],"collection":[{"href":"https:\/\/www.meydan.tv\/az\/wp-json\/wp\/v2\/posts"}],"about":[{"href":"https:\/\/www.meydan.tv\/az\/wp-json\/wp\/v2\/types\/post"}],"author":[{"embeddable":true,"href":"https:\/\/www.meydan.tv\/az\/wp-json\/wp\/v2\/users\/11"}],"replies":[{"embeddable":true,"href":"https:\/\/www.meydan.tv\/az\/wp-json\/wp\/v2\/comments?post=190687"}],"version-history":[{"count":0,"href":"https:\/\/www.meydan.tv\/az\/wp-json\/wp\/v2\/posts\/190687\/revisions"}],"wp:featuredmedia":[{"embeddable":true,"href":"https:\/\/www.meydan.tv\/az\/wp-json\/wp\/v2\/media\/101198"}],"wp:attachment":[{"href":"https:\/\/www.meydan.tv\/az\/wp-json\/wp\/v2\/media?parent=190687"}],"wp:term":[{"taxonomy":"category","embeddable":true,"href":"https:\/\/www.meydan.tv\/az\/wp-json\/wp\/v2\/categories?post=190687"},{"taxonomy":"post_tag","embeddable":true,"href":"https:\/\/www.meydan.tv\/az\/wp-json\/wp\/v2\/tags?post=190687"}],"curies":[{"name":"wp","href":"https:\/\/api.w.org\/{rel}","templated":true}]}}