{"id":190683,"date":"2018-07-03T02:55:48","date_gmt":"2018-07-03T02:55:48","guid":{"rendered":"https:\/\/www.meydan.tv\/article\/azerbaycan-qaranliga-qerq-olub-yenilenir\/"},"modified":"2018-07-03T02:55:48","modified_gmt":"2018-07-03T02:55:48","slug":"azerbaycan-qaranliga-qerq-olub-yenilenir","status":"publish","type":"post","link":"https:\/\/www.meydan.tv\/az\/article\/azerbaycan-qaranliga-qerq-olub-yenilenir\/","title":{"rendered":"Az\u0259rbaycan qaranl\u0131\u011fa q\u0259rq olub (YEN\u0130L\u018fN\u0130R)"},"content":{"rendered":"<figure class=\"wp-block-image size-large\">\n  <img decoding=\"async\" src=\"https:\/\/www.meydan.tv\/az\/106013\/\" alt=\"\" class=\"wp-image-106013\"\/><figcaption><\/figcaption><\/figure>\n<p>\n  <b><br \/>\n    R\u018fSM\u0130: Ming\u0259\u00e7evir \u015f\u0259h\u0259rind\u0259 yerl\u0259\u015f\u0259n &#8220;Az\u0259rbaycan&#8221; \u0130stilik Elektrik Stansiyas\u0131nda q\u0259za ba\u015f verib.<br \/>\n  <\/b>\n<\/p>\n<p>\n  &#8220;Az\u0259ri\u015fiq&#8221; ASC-nin s\u0259dri Baba Rzayev ba\u015fda olmaqla b\u00fct\u00fcn i\u015f\u00e7il\u0259r t\u0259cili qaydada i\u015f\u0259 \u00e7a\u011f\u0131r\u0131l\u0131b. Hadis\u0259nin s\u0259b\u0259bl\u0259ri ara\u015fd\u0131r\u0131l\u0131r. Bunu &#8220;Report&#8221;a &#8220;Az\u0259ri\u015f\u0131q&#8221;\u0131n m\u0259tbat xidm\u0259tinin r\u0259hb\u0259ri Tanr\u0131verdi Mustafayev t\u0259sdiq edib.\n<\/p>\n<p>\n  \u00a0&#8220;Az\u0259renerji&#8221; ASC haz\u0131rda G\u00fcrc\u00fcstan v\u0259 ya Rusiyadan enerji m\u00fcbadil\u0259sinin apar\u0131lmas\u0131 v\u0259 q\u0259zan\u0131n n\u0259tic\u0259l\u0259ri aradan qald\u0131r\u0131lanad\u0259k respublikan\u0131n elektrik enerjisi il\u0259 t\u0259min edilm\u0259sin\u0259 \u00e7al\u0131\u015f\u0131r.\n<\/p>\n<p>\n  \u015e\u00fcv\u0259lan \u0130ES haz\u0131rda Bak\u0131da i\u015f\u0131qland\u0131rman\u0131 b\u0259rpa etm\u0259y\u0259 \u00e7al\u0131\u015f\u0131r. Ad\u0131n\u0131n a\u00e7\u0131qlanmas\u0131n\u0131 ist\u0259m\u0259y\u0259n qurum yetkilisi m\u0259lumat verib.\n<\/p>\n<p>\n  <i><br \/>\n    ***<br \/>\n  <\/i>\n<\/p>\n<p>\n  <i><br \/>\n    Ming\u0259\u00e7evir \u0130ES-d\u0259 partlay\u0131\u015f oldu\u011fu deyilir<br \/>\n  <\/i>\n<\/p>\n<p>\n  \u0130yulun 2-d\u0259n 3-n\u0259 ke\u00e7\u0259n gec\u0259 Bak\u0131da v\u0259 Az\u0259rbaycan\u0131n \u0259ks\u0259r rayonlar\u0131nda elektrik enerjisinin verilm\u0259si dayand\u0131r\u0131l\u0131b. \u0130lkin m\u0259lumata g\u00f6r\u0259, problem Ming\u0259\u00e7evir \u0130stilik Elektrik Stansiyas\u0131nda (\u0130ES) yaran\u0131b. Ming\u0259\u00e7evird\u0259 ya\u015fayan jurnalistl\u0259rin Meydan TV-y\u0259 verdikl\u0259ri m\u0259lumata g\u00f6r\u0259, stansiyada partlay\u0131\u015f olub. Elektrik enerjisinin k\u0259silm\u0259sin\u0259 s\u0259b\u0259b budur.\n<\/p>\n<p>\n  &#8220;Stansiyada yan\u011f\u0131n h\u0259l\u0259 d\u0259 davam edir, s\u00f6nm\u0259yib&#8221;.\n<\/p>\n<p>\n  H\u0259l\u0259lik, probleml\u0259 ba\u011fl\u0131 r\u0259smi a\u00e7\u0131qlama verilm\u0259yib.<\/p>\n","protected":false},"excerpt":{"rendered":"<p>Ming\u0259\u00e7evir \u0130ES-d\u0259 partlay\u0131\u015f oldu\u011fu deyilir<\/p>\n","protected":false},"author":11,"featured_media":106013,"comment_status":"closed","ping_status":"open","sticky":false,"template":"","format":"standard","meta":{"_acf_changed":false,"_sitemap_exclude":false,"_sitemap_priority":"","_sitemap_frequency":"","footnotes":""},"categories":[56],"tags":[],"class_list":["post-190683","post","type-post","status-publish","format-standard","has-post-thumbnail","hentry","category-xeberler","infinite-scroll-item","generate-columns","tablet-grid-50","mobile-grid-100","grid-parent","grid-33","no-featured-image-padding"],"acf":[],"yoast_head":"<!-- This site is optimized with the Yoast SEO plugin v27.4 - https:\/\/yoast.com\/product\/yoast-seo-wordpress\/ -->\n<title>Az\u0259rbaycan qaranl\u0131\u011fa q\u0259rq olub (YEN\u0130L\u018fN\u0130R) - MEYDAN.TV<\/title>\n<meta name=\"robots\" content=\"index, follow, max-snippet:-1, max-image-preview:large, max-video-preview:-1\" \/>\n<link rel=\"canonical\" href=\"https:\/\/www.meydan.tv\/az\/article\/azerbaycan-qaranliga-qerq-olub-yenilenir\/\" \/>\n<meta property=\"og:locale\" content=\"az_AZ\" \/>\n<meta property=\"og:type\" content=\"article\" \/>\n<meta property=\"og:title\" content=\"Az\u0259rbaycan qaranl\u0131\u011fa q\u0259rq olub (YEN\u0130L\u018fN\u0130R) - MEYDAN.TV\" \/>\n<meta property=\"og:description\" content=\"Ming\u0259\u00e7evir \u0130ES-d\u0259 partlay\u0131\u015f oldu\u011fu deyilir\" \/>\n<meta property=\"og:url\" content=\"https:\/\/www.meydan.tv\/az\/article\/azerbaycan-qaranliga-qerq-olub-yenilenir\/\" \/>\n<meta property=\"og:site_name\" content=\"MEYDAN.TV\" \/>\n<meta property=\"article:published_time\" content=\"2018-07-03T02:55:48+00:00\" \/>\n<meta property=\"og:image\" content=\"https:\/\/www.meydan.tv\/wp-content\/uploads\/42106.jpg\" \/>\n\t<meta property=\"og:image:width\" content=\"1280\" \/>\n\t<meta property=\"og:image:height\" content=\"853\" \/>\n\t<meta property=\"og:image:type\" content=\"image\/jpeg\" \/>\n<meta name=\"author\" content=\"user-manager\" \/>\n<meta name=\"twitter:card\" content=\"summary_large_image\" \/>\n<script type=\"application\/ld+json\" class=\"yoast-schema-graph\">{\"@context\":\"https:\\\/\\\/schema.org\",\"@graph\":[{\"@type\":\"Article\",\"@id\":\"https:\\\/\\\/www.meydan.tv\\\/az\\\/article\\\/azerbaycan-qaranliga-qerq-olub-yenilenir\\\/#article\",\"isPartOf\":{\"@id\":\"https:\\\/\\\/www.meydan.tv\\\/az\\\/article\\\/azerbaycan-qaranliga-qerq-olub-yenilenir\\\/\"},\"author\":{\"name\":\"user-manager\",\"@id\":\"https:\\\/\\\/www.meydan.tv\\\/az\\\/#\\\/schema\\\/person\\\/10d11eccf6da3662cf5fdab9806ea91a\"},\"headline\":\"Az\u0259rbaycan qaranl\u0131\u011fa q\u0259rq olub (YEN\u0130L\u018fN\u0130R)\",\"datePublished\":\"2018-07-03T02:55:48+00:00\",\"mainEntityOfPage\":{\"@id\":\"https:\\\/\\\/www.meydan.tv\\\/az\\\/article\\\/azerbaycan-qaranliga-qerq-olub-yenilenir\\\/\"},\"wordCount\":253,\"publisher\":{\"@id\":\"https:\\\/\\\/www.meydan.tv\\\/az\\\/#organization\"},\"image\":{\"@id\":\"https:\\\/\\\/www.meydan.tv\\\/az\\\/article\\\/azerbaycan-qaranliga-qerq-olub-yenilenir\\\/#primaryimage\"},\"thumbnailUrl\":\"https:\\\/\\\/www.meydan.tv\\\/wp-content\\\/uploads\\\/42106.jpg\",\"articleSection\":[\"X\u0259b\u0259rl\u0259r\"],\"inLanguage\":\"az\"},{\"@type\":\"WebPage\",\"@id\":\"https:\\\/\\\/www.meydan.tv\\\/az\\\/article\\\/azerbaycan-qaranliga-qerq-olub-yenilenir\\\/\",\"url\":\"https:\\\/\\\/www.meydan.tv\\\/az\\\/article\\\/azerbaycan-qaranliga-qerq-olub-yenilenir\\\/\",\"name\":\"Az\u0259rbaycan qaranl\u0131\u011fa q\u0259rq olub (YEN\u0130L\u018fN\u0130R) - MEYDAN.TV\",\"isPartOf\":{\"@id\":\"https:\\\/\\\/www.meydan.tv\\\/az\\\/#website\"},\"primaryImageOfPage\":{\"@id\":\"https:\\\/\\\/www.meydan.tv\\\/az\\\/article\\\/azerbaycan-qaranliga-qerq-olub-yenilenir\\\/#primaryimage\"},\"image\":{\"@id\":\"https:\\\/\\\/www.meydan.tv\\\/az\\\/article\\\/azerbaycan-qaranliga-qerq-olub-yenilenir\\\/#primaryimage\"},\"thumbnailUrl\":\"https:\\\/\\\/www.meydan.tv\\\/wp-content\\\/uploads\\\/42106.jpg\",\"datePublished\":\"2018-07-03T02:55:48+00:00\",\"breadcrumb\":{\"@id\":\"https:\\\/\\\/www.meydan.tv\\\/az\\\/article\\\/azerbaycan-qaranliga-qerq-olub-yenilenir\\\/#breadcrumb\"},\"inLanguage\":\"az\",\"potentialAction\":[{\"@type\":\"ReadAction\",\"target\":[\"https:\\\/\\\/www.meydan.tv\\\/az\\\/article\\\/azerbaycan-qaranliga-qerq-olub-yenilenir\\\/\"]}]},{\"@type\":\"ImageObject\",\"inLanguage\":\"az\",\"@id\":\"https:\\\/\\\/www.meydan.tv\\\/az\\\/article\\\/azerbaycan-qaranliga-qerq-olub-yenilenir\\\/#primaryimage\",\"url\":\"https:\\\/\\\/www.meydan.tv\\\/wp-content\\\/uploads\\\/42106.jpg\",\"contentUrl\":\"https:\\\/\\\/www.meydan.tv\\\/wp-content\\\/uploads\\\/42106.jpg\",\"width\":1280,\"height\":853,\"caption\":\"Source:\"},{\"@type\":\"BreadcrumbList\",\"@id\":\"https:\\\/\\\/www.meydan.tv\\\/az\\\/article\\\/azerbaycan-qaranliga-qerq-olub-yenilenir\\\/#breadcrumb\",\"itemListElement\":[{\"@type\":\"ListItem\",\"position\":1,\"name\":\"Ana s\u0259hif\u0259\",\"item\":\"https:\\\/\\\/www.meydan.tv\\\/az\\\/\"},{\"@type\":\"ListItem\",\"position\":2,\"name\":\"X\u0259b\u0259rl\u0259r\",\"item\":\"https:\\\/\\\/www.meydan.tv\\\/az\\\/section\\\/xeberler\\\/\"},{\"@type\":\"ListItem\",\"position\":3,\"name\":\"Az\u0259rbaycan qaranl\u0131\u011fa q\u0259rq olub (YEN\u0130L\u018fN\u0130R)\"}]},{\"@type\":\"WebSite\",\"@id\":\"https:\\\/\\\/www.meydan.tv\\\/az\\\/#website\",\"url\":\"https:\\\/\\\/www.meydan.tv\\\/az\\\/\",\"name\":\"MEYDAN.TV\",\"description\":\"Meydan TV Az\u0259rbaycan\u0131n media m\u0259kan\u0131ndak\u0131 alternativ s\u0259sidir\",\"publisher\":{\"@id\":\"https:\\\/\\\/www.meydan.tv\\\/az\\\/#organization\"},\"potentialAction\":[{\"@type\":\"SearchAction\",\"target\":{\"@type\":\"EntryPoint\",\"urlTemplate\":\"https:\\\/\\\/www.meydan.tv\\\/az\\\/?s={search_term_string}\"},\"query-input\":{\"@type\":\"PropertyValueSpecification\",\"valueRequired\":true,\"valueName\":\"search_term_string\"}}],\"inLanguage\":\"az\"},{\"@type\":\"Organization\",\"@id\":\"https:\\\/\\\/www.meydan.tv\\\/az\\\/#organization\",\"name\":\"Meydan TV\",\"url\":\"https:\\\/\\\/www.meydan.tv\\\/az\\\/\",\"logo\":{\"@type\":\"ImageObject\",\"inLanguage\":\"az\",\"@id\":\"https:\\\/\\\/www.meydan.tv\\\/az\\\/#\\\/schema\\\/logo\\\/image\\\/\",\"url\":\"https:\\\/\\\/www.meydan.tv\\\/wp-content\\\/uploads\\\/2021\\\/07\\\/meydan-logo.svg\",\"contentUrl\":\"https:\\\/\\\/www.meydan.tv\\\/wp-content\\\/uploads\\\/2021\\\/07\\\/meydan-logo.svg\",\"width\":195,\"height\":46,\"caption\":\"Meydan TV\"},\"image\":{\"@id\":\"https:\\\/\\\/www.meydan.tv\\\/az\\\/#\\\/schema\\\/logo\\\/image\\\/\"}},{\"@type\":\"Person\",\"@id\":\"https:\\\/\\\/www.meydan.tv\\\/az\\\/#\\\/schema\\\/person\\\/10d11eccf6da3662cf5fdab9806ea91a\",\"name\":\"user-manager\"}]}<\/script>\n<!-- \/ Yoast SEO plugin. -->","yoast_head_json":{"title":"Az\u0259rbaycan qaranl\u0131\u011fa q\u0259rq olub (YEN\u0130L\u018fN\u0130R) - MEYDAN.TV","robots":{"index":"index","follow":"follow","max-snippet":"max-snippet:-1","max-image-preview":"max-image-preview:large","max-video-preview":"max-video-preview:-1"},"canonical":"https:\/\/www.meydan.tv\/az\/article\/azerbaycan-qaranliga-qerq-olub-yenilenir\/","og_locale":"az_AZ","og_type":"article","og_title":"Az\u0259rbaycan qaranl\u0131\u011fa q\u0259rq olub (YEN\u0130L\u018fN\u0130R) - MEYDAN.TV","og_description":"Ming\u0259\u00e7evir \u0130ES-d\u0259 partlay\u0131\u015f oldu\u011fu deyilir","og_url":"https:\/\/www.meydan.tv\/az\/article\/azerbaycan-qaranliga-qerq-olub-yenilenir\/","og_site_name":"MEYDAN.TV","article_published_time":"2018-07-03T02:55:48+00:00","og_image":[{"width":1280,"height":853,"url":"https:\/\/www.meydan.tv\/wp-content\/uploads\/42106.jpg","type":"image\/jpeg"}],"author":"user-manager","twitter_card":"summary_large_image","schema":{"@context":"https:\/\/schema.org","@graph":[{"@type":"Article","@id":"https:\/\/www.meydan.tv\/az\/article\/azerbaycan-qaranliga-qerq-olub-yenilenir\/#article","isPartOf":{"@id":"https:\/\/www.meydan.tv\/az\/article\/azerbaycan-qaranliga-qerq-olub-yenilenir\/"},"author":{"name":"user-manager","@id":"https:\/\/www.meydan.tv\/az\/#\/schema\/person\/10d11eccf6da3662cf5fdab9806ea91a"},"headline":"Az\u0259rbaycan qaranl\u0131\u011fa q\u0259rq olub (YEN\u0130L\u018fN\u0130R)","datePublished":"2018-07-03T02:55:48+00:00","mainEntityOfPage":{"@id":"https:\/\/www.meydan.tv\/az\/article\/azerbaycan-qaranliga-qerq-olub-yenilenir\/"},"wordCount":253,"publisher":{"@id":"https:\/\/www.meydan.tv\/az\/#organization"},"image":{"@id":"https:\/\/www.meydan.tv\/az\/article\/azerbaycan-qaranliga-qerq-olub-yenilenir\/#primaryimage"},"thumbnailUrl":"https:\/\/www.meydan.tv\/wp-content\/uploads\/42106.jpg","articleSection":["X\u0259b\u0259rl\u0259r"],"inLanguage":"az"},{"@type":"WebPage","@id":"https:\/\/www.meydan.tv\/az\/article\/azerbaycan-qaranliga-qerq-olub-yenilenir\/","url":"https:\/\/www.meydan.tv\/az\/article\/azerbaycan-qaranliga-qerq-olub-yenilenir\/","name":"Az\u0259rbaycan qaranl\u0131\u011fa q\u0259rq olub (YEN\u0130L\u018fN\u0130R) - MEYDAN.TV","isPartOf":{"@id":"https:\/\/www.meydan.tv\/az\/#website"},"primaryImageOfPage":{"@id":"https:\/\/www.meydan.tv\/az\/article\/azerbaycan-qaranliga-qerq-olub-yenilenir\/#primaryimage"},"image":{"@id":"https:\/\/www.meydan.tv\/az\/article\/azerbaycan-qaranliga-qerq-olub-yenilenir\/#primaryimage"},"thumbnailUrl":"https:\/\/www.meydan.tv\/wp-content\/uploads\/42106.jpg","datePublished":"2018-07-03T02:55:48+00:00","breadcrumb":{"@id":"https:\/\/www.meydan.tv\/az\/article\/azerbaycan-qaranliga-qerq-olub-yenilenir\/#breadcrumb"},"inLanguage":"az","potentialAction":[{"@type":"ReadAction","target":["https:\/\/www.meydan.tv\/az\/article\/azerbaycan-qaranliga-qerq-olub-yenilenir\/"]}]},{"@type":"ImageObject","inLanguage":"az","@id":"https:\/\/www.meydan.tv\/az\/article\/azerbaycan-qaranliga-qerq-olub-yenilenir\/#primaryimage","url":"https:\/\/www.meydan.tv\/wp-content\/uploads\/42106.jpg","contentUrl":"https:\/\/www.meydan.tv\/wp-content\/uploads\/42106.jpg","width":1280,"height":853,"caption":"Source:"},{"@type":"BreadcrumbList","@id":"https:\/\/www.meydan.tv\/az\/article\/azerbaycan-qaranliga-qerq-olub-yenilenir\/#breadcrumb","itemListElement":[{"@type":"ListItem","position":1,"name":"Ana s\u0259hif\u0259","item":"https:\/\/www.meydan.tv\/az\/"},{"@type":"ListItem","position":2,"name":"X\u0259b\u0259rl\u0259r","item":"https:\/\/www.meydan.tv\/az\/section\/xeberler\/"},{"@type":"ListItem","position":3,"name":"Az\u0259rbaycan qaranl\u0131\u011fa q\u0259rq olub (YEN\u0130L\u018fN\u0130R)"}]},{"@type":"WebSite","@id":"https:\/\/www.meydan.tv\/az\/#website","url":"https:\/\/www.meydan.tv\/az\/","name":"MEYDAN.TV","description":"Meydan TV Az\u0259rbaycan\u0131n media m\u0259kan\u0131ndak\u0131 alternativ s\u0259sidir","publisher":{"@id":"https:\/\/www.meydan.tv\/az\/#organization"},"potentialAction":[{"@type":"SearchAction","target":{"@type":"EntryPoint","urlTemplate":"https:\/\/www.meydan.tv\/az\/?s={search_term_string}"},"query-input":{"@type":"PropertyValueSpecification","valueRequired":true,"valueName":"search_term_string"}}],"inLanguage":"az"},{"@type":"Organization","@id":"https:\/\/www.meydan.tv\/az\/#organization","name":"Meydan TV","url":"https:\/\/www.meydan.tv\/az\/","logo":{"@type":"ImageObject","inLanguage":"az","@id":"https:\/\/www.meydan.tv\/az\/#\/schema\/logo\/image\/","url":"https:\/\/www.meydan.tv\/wp-content\/uploads\/2021\/07\/meydan-logo.svg","contentUrl":"https:\/\/www.meydan.tv\/wp-content\/uploads\/2021\/07\/meydan-logo.svg","width":195,"height":46,"caption":"Meydan TV"},"image":{"@id":"https:\/\/www.meydan.tv\/az\/#\/schema\/logo\/image\/"}},{"@type":"Person","@id":"https:\/\/www.meydan.tv\/az\/#\/schema\/person\/10d11eccf6da3662cf5fdab9806ea91a","name":"user-manager"}]}},"_links":{"self":[{"href":"https:\/\/www.meydan.tv\/az\/wp-json\/wp\/v2\/posts\/190683","targetHints":{"allow":["GET"]}}],"collection":[{"href":"https:\/\/www.meydan.tv\/az\/wp-json\/wp\/v2\/posts"}],"about":[{"href":"https:\/\/www.meydan.tv\/az\/wp-json\/wp\/v2\/types\/post"}],"author":[{"embeddable":true,"href":"https:\/\/www.meydan.tv\/az\/wp-json\/wp\/v2\/users\/11"}],"replies":[{"embeddable":true,"href":"https:\/\/www.meydan.tv\/az\/wp-json\/wp\/v2\/comments?post=190683"}],"version-history":[{"count":0,"href":"https:\/\/www.meydan.tv\/az\/wp-json\/wp\/v2\/posts\/190683\/revisions"}],"wp:featuredmedia":[{"embeddable":true,"href":"https:\/\/www.meydan.tv\/az\/wp-json\/wp\/v2\/media\/106013"}],"wp:attachment":[{"href":"https:\/\/www.meydan.tv\/az\/wp-json\/wp\/v2\/media?parent=190683"}],"wp:term":[{"taxonomy":"category","embeddable":true,"href":"https:\/\/www.meydan.tv\/az\/wp-json\/wp\/v2\/categories?post=190683"},{"taxonomy":"post_tag","embeddable":true,"href":"https:\/\/www.meydan.tv\/az\/wp-json\/wp\/v2\/tags?post=190683"}],"curies":[{"name":"wp","href":"https:\/\/api.w.org\/{rel}","templated":true}]}}