{"id":190665,"date":"2018-07-01T01:41:23","date_gmt":"2018-07-01T01:41:23","guid":{"rendered":"https:\/\/www.meydan.tv\/article\/dinlemek-medeniyyeti\/"},"modified":"2018-07-01T01:41:23","modified_gmt":"2018-07-01T01:41:23","slug":"dinlemek-medeniyyeti","status":"publish","type":"post","link":"https:\/\/www.meydan.tv\/az\/article\/dinlemek-medeniyyeti\/","title":{"rendered":"Dinl\u0259m\u0259k m\u0259d\u0259niyy\u0259ti"},"content":{"rendered":"<figure class=\"wp-block-image size-large\">\n  <img decoding=\"async\" src=\"https:\/\/www.meydan.tv\/az\/orxan-adigozel-3\/\" alt=\"Orxan Ad\u0131g\u00f6z\u0259l\" class=\"wp-image-95247\"\/><figcaption>\n    Orxan Ad\u0131g\u00f6z\u0259l<br \/>\n  <\/figcaption><\/figure>\n<p>\n  B\u0259zi tan\u0131\u015flar\u0131m var, d\u0259f\u0259l\u0259rl\u0259 g\u00f6r\u00fc\u015fs\u0259k d\u0259, haqq\u0131mda \u00e7ox az \u015fey bilirl\u0259r. Ancaq m\u0259n onlar haqq\u0131nda xeyli m\u0259lumatl\u0131yam. Niy\u0259?\n<\/p>\n<p>\n  \u00c7\u00fcnki s\u00f6hb\u0259t zaman\u0131 90 faiz onlar, c\u0259mi 5-10 faiz is\u0259 m\u0259n dan\u0131\u015f\u0131ram. Bu, dan\u0131\u015fa bilm\u0259m\u0259yimin g\u00f6st\u0259ricisi deyil, yox. H\u0259m\u00e7inin dialoq qura bilm\u0259kl\u0259 ba\u011fl\u0131 da he\u00e7 bir problem ya\u015fam\u0131ram, \u00e7ox \u015f\u00fck\u00fcr. Sad\u0259c\u0259 h\u0259min adamlar m\u0259n\u0259 \u00fcr\u0259kl\u0259rini bo\u015faldacaq, etiraf v\u0259 d\u0259rdl\u0259rini dey\u0259 bil\u0259c\u0259k kils\u0259 rahibi kimi yana\u015f\u0131rlar. S\u00f6hb\u0259timiz sanki kils\u0259 h\u00fccr\u0259sind\u0259 ke\u00e7ir. Onlar m\u0259n\u0259 rahatl\u0131qla etibar edir, g\u00fcnahlar\u0131n\u0131 s\u00f6yl\u0259yir v\u0259 intim \u015feyl\u0259rini b\u00f6l\u00fc\u015f\u00fcrl\u0259r.\n<\/p>\n<p>\n  M\u0259n onlar \u00fc\u00e7\u00fcn sad\u0259c\u0259 dan\u0131\u015f\u0131b rahatlanmaq \u00fc\u00e7\u00fcn bir vasit\u0259y\u0259m. Bunu rahatl\u0131qla m\u00fc\u0259yy\u0259n etmi\u015f\u0259m. Onlar he\u00e7 vaxt m\u0259ni dinl\u0259m\u0259y\u0259 \u00e7al\u0131\u015fmay\u0131blar. D\u0259f\u0259l\u0259rl\u0259 m\u00fc\u015fahid\u0259 etmi\u015f\u0259m, dan\u0131\u015f\u0131q vaxt\u0131 s\u00f6hb\u0259tin m\u0259\u011fzin\u0259 uy\u011fun inc\u0259 \u015f\u0259kild\u0259 m\u0259n d\u0259 \u00f6z hekay\u0259md\u0259n dan\u0131\u015fma\u011fa ba\u015flayanda, s\u00f6z\u00fcm\u00fc k\u0259smi\u015f v\u0259 \u00f6zl\u0259ri haqda dan\u0131\u015fma\u011fa davam edib\u0259r. \u018fn \u00e7ox da \u00e7\u0259tin, a\u011f\u0131r g\u00fcnl\u0259rind\u0259 m\u0259ni yad edirl\u0259r. Bel\u0259l\u0259ri adam\u0131 dinl\u0259y\u0259nd\u0259 d\u0259 s\u0131rf cavab verm\u0259k x\u0259trin\u0259 dinl\u0259yirl\u0259r. H\u0259min vaxt onlar\u0131n \u00fcz ifad\u0259sind\u0259n s\u0259ni nec\u0259 yola verm\u0259kl\u0259ri a\u015fkar bilinir.\n<\/p>\n<p>\n  Bu yax\u0131nda h\u0259min q\u0259bild\u0259n olan bir \u015f\u0259xsl\u0259 t\u0259sad\u00fcf\u0259n \u015f\u0259h\u0259rd\u0259 qar\u015f\u0131la\u015fm\u0131\u015fd\u0131q v\u0259 yen\u0259 d\u0259 o, dayanmadan dan\u0131\u015f\u0131rd\u0131. Sonra onun hans\u0131sa tan\u0131\u015f\u0131na rast g\u0259ldik. Adam\u0131n m\u0259ni t\u0259qdim etm\u0259si t\u0259xmin\u0259n bu \u015f\u0259kild\u0259 oldu: \u201cBu Orxand\u0131r, Orxan ee, Orxan\u2026 Orxan can-ciy\u0259rdir\u201d. Halbuki \u00f6z tan\u0131\u015f\u0131n\u0131n hans\u0131 pe\u015f\u0259 sahibi oldu\u011fu bar\u0259d\u0259 bir-iki k\u0259lm\u0259 n\u0259s\u0259 dedi. M\u0259n \u015fokdayd\u0131m. Adam ill\u0259rdir m\u0259niml\u0259 tan\u0131\u015fd\u0131r. H\u0259tta biz\u0259 d\u0259 g\u0259lib-gedib, ancaq m\u0259nim haqq\u0131mda normal informasiyaya malik deyil. Bu, d\u0259h\u015f\u0259t hald\u0131r.\n<\/p>\n<p>\n  \u00c7\u00fcnki bizim s\u00f6hb\u0259tl\u0259rimiz dialoq yox, monoloq \u015f\u0259kilind\u0259 olurdu.\n<\/p>\n<p>\n  Haz\u0131rda o c\u00fcr \u015f\u0259xsl\u0259rd\u0259n uzaqla\u015fm\u0131\u015fam. Bel\u0259l\u0259rind\u0259n maksimum qa\u00e7ma\u011fa \u00e7al\u0131\u015f\u0131r v\u0259 \u00fcnsiyy\u0259t saxlam\u0131ram. \u00dcmumiyy\u0259tl\u0259, \u00e7ox dan\u0131\u015fan adamlardan uzaqla\u015fm\u0131\u015fam. Fikirl\u0259\u015fir\u0259m ki, bu add\u0131m\u0131m kifay\u0259t q\u0259d\u0259r \u0259dal\u0259tlidir. \u00c7ox dan\u0131\u015fmaq qar\u015f\u0131 t\u0259r\u0259fi dinl\u0259m\u0259y\u0259 ciddi \u015f\u0259kild\u0259 mane olan n\u00fcanslardand\u0131r.\n<\/p>\n<p>\n  \u00a0Halbuki, kimis\u0259 dinl\u0259y\u0259 bilm\u0259k d\u0259 m\u00fcnasib\u0259t m\u0259d\u0259niyy\u0259tidir. H\u0259r d\u0259f\u0259 yazd\u0131\u011f\u0131m ifad\u0259l\u0259r\u0259 izah verm\u0259y\u0259 \u00e7al\u0131\u015f\u0131ram. Bu m\u00f6vzu \u00f6z-\u00f6zl\u00fcy\u00fcnd\u0259 h\u0259ssas m\u00f6vzudur. H\u0259r an s\u0259ni yanl\u0131\u015f anlaya, s\u00f6zl\u0259rini t\u0259hrif ed\u0259 bil\u0259rl\u0259r. Yaz\u0131 tonu b\u0259z\u0259n adamlara x\u0259yal\u0259n ba\u015fqa c\u00fcr \u00e7at\u0131r. Ona g\u00f6r\u0259 d\u0259 qeyd etm\u0259liy\u0259m ki, m\u0259d\u0259niyy\u0259td\u0259n dan\u0131\u015fmaqla kiml\u0259ris\u0259 a\u015fa\u011f\u0131lamaq niyy\u0259tind\u0259 deyil\u0259m.\n<\/p>\n<p>\n  Bir \u00e7oxu dan\u0131\u015f\u0131q zaman\u0131 h\u0259ms\u00f6hb\u0259tini dinl\u0259m\u0259yi bacarm\u0131r. \u00c7ox yax\u015f\u0131 ba\u015fa d\u00fc\u015f\u00fcr\u0259m ki, insanlar\u0131m\u0131z\u0131n \u00fcr\u0259yi doludur v\u0259 onlar\u0131n d\u0259rdl\u0259rin\u0259 qulaq asan az tap\u0131l\u0131r, ancaq h\u0259min adamlar da qar\u015f\u0131 t\u0259r\u0259fi anlamal\u0131d\u0131lar.\n<\/p>\n<p>\n  S\u00f6hb\u0259t monoloq yox, dialoq \u015f\u0259kilind\u0259 olanda h\u0259r iki t\u0259r\u0259f\u0259 xo\u015f olur. S\u0259brli olmaq v\u0259 qar\u015f\u0131ndak\u0131n\u0131n s\u00f6z\u00fcn\u00fc bitirm\u0259sini g\u00f6zl\u0259m\u0259k etik olmaqdan ba\u015fqa, h\u0259m d\u0259 s\u0259nin \u00f6z h\u00f6rm\u0259tini \u00e7oxald\u0131r.\n<\/p>\n<p>\n  Y\u0259hudil\u0259rin \u00e7ox sevdiyim bir atalar s\u00f6z\u00fc var: az ye, az dan\u0131\u015f v\u0259 az \u015fikay\u0259t el\u0259. Bu atalar s\u00f6z\u00fcn\u0259 \u0259m\u0259l etm\u0259k insana b\u00f6y\u00fck xeyir g\u0259tirir.\n<\/p>\n<p>\n  Bilir\u0259m, bu yazd\u0131qlar\u0131m bir \u00e7oxuna kli\u015fe v\u0259 \u015fablon kimi g\u0259l\u0259c\u0259k. \u018fslind\u0259 m\u00fc\u0259yy\u0259n q\u0259d\u0259r d\u0259 el\u0259dir. Ancaq n\u0259 etm\u0259li? Yazmaq v\u0259 diqq\u0259t\u0259 \u00e7atd\u0131rmaqda fayda var.\n<\/p>\n<p>\n  Haz\u0131rda yaz\u0131\u00e7\u0131 Stefan Sveyqin filosof Fridrix Ni\u00e7\u015fe bar\u0259d\u0259 yazd\u0131\u011f\u0131 monoqrafiyan\u0131 oxuyuram. Ni\u00e7\u015fenin h\u0259yatboyu t\u0259nha olmas\u0131, \u00f6z-\u00f6z\u00fc il\u0259 dan\u0131\u015f\u0131b, \u0259zab \u00e7\u0259km\u0259si m\u0259ni \u00e7ox k\u0259d\u0259rl\u0259ndirir. Ona yax\u0131nla\u015fan v\u0259 h\u0259md\u0259m olan tap\u0131lm\u0131r. Yaz\u0131\u00e7\u0131 eyn\u0259n bel\u0259 d\u0259 qeyd edir: \u201cD\u0259h\u015f\u0259tlisi budur ki, onu kims\u0259 dinl\u0259mir\u201d.\n<\/p>\n<p>\n  H\u0259qiq\u0259t\u0259n d\u0259 insan\u0131n s\u0259mimi h\u0259ms\u00f6hb\u0259t\u0259 ehtiyac\u0131 var. Bizi dinl\u0259y\u0259 bil\u0259n, anlayan v\u0259 quru dill\u0259 bel\u0259 olsa, d\u0259st\u0259k oldu\u011funu s\u00f6yl\u0259y\u0259n dinl\u0259yici hava v\u0259 su q\u0259d\u0259r vacibdir.\n<\/p>\n<p>\n  Bir dostum var, deyir ki, h\u0259yat yolda\u015f\u0131m b\u0259z\u0259n saatlarla dan\u0131\u015f\u0131r. M\u0259n is\u0259 onun s\u00f6z\u00fcn\u00fc k\u0259sm\u0259d\u0259n dinl\u0259yir\u0259m. Ona g\u00f6r\u0259 qad\u0131n\u0131m m\u0259ni \u00e7ox sevir. O da \u00e7ox vaxt g\u0259rgin v\u0259 \u0259s\u0259bi hallar\u0131mda m\u0259n\u0259 g\u00fcz\u0259\u015ft\u0259 gedir. H\u0259m d\u0259 m\u0259ni dinl\u0259m\u0259yi bacar\u0131r.\n<\/p>\n<p>\n  Onlar\u0131n mehriban m\u00fcnasib\u0259tini g\u00f6rm\u0259k o q\u0259d\u0259r xo\u015fdur ki. Adamlar bir-birl\u0259rinin dilini tap\u0131blar. Bu hal h\u0259yat\u0131 daha asan ed\u0259n n\u0259sn\u0259l\u0259rd\u0259ndir.\n<\/p>\n<p>\n  Yaz\u0131\u00e7\u0131 Andre Morua \u00e7ox sevdiyim \u201cYad qad\u0131na m\u0259ktublar\u201d \u0259s\u0259rind\u0259 \u00f6n\u0259mli bir m\u0259qam var. Yaz\u0131\u00e7\u0131 sual edir: \u201cnec\u0259 etm\u0259li ki, sevimli olasan?\u201d\n<\/p>\n<p>\n  Cavab is\u0259 bel\u0259dir: \u0130nsanlara \u00f6zl\u0259ri bar\u0259d\u0259 dan\u0131\u015fma\u011fa \u015f\u0259rait yarat. Adamlar \u0259n \u00e7ox \u00f6zl\u0259ri haqda dan\u0131\u015fma\u011f\u0131 sevirl\u0259r. \u00d6zl\u0259ri bar\u0259d\u0259 dan\u0131\u015fd\u0131qlar\u0131 h\u0259ms\u00f6hb\u0259t is\u0259 yax\u015f\u0131 dinl\u0259yici oldu\u011fu \u00fc\u00e7\u00fcn onlar\u0131n g\u00f6zl\u0259rind\u0259 sevimli adama \u00e7evirilir.\n<\/p>\n<\/p>\n<p>\n  <b><br \/>\n    <i><br \/>\n      Yaz\u0131 m\u00fc\u0259llifin fikirl\u0259rini \u0259ks etdirir v\u0259 Meydan TV-nin m\u00f6vqeyi il\u0259 \u00fcst-\u00fcst\u0259 d\u00fc\u015fm\u0259y\u0259 bil\u0259r.<br \/>\n    <\/i><br \/>\n  <\/b><\/p>\n","protected":false},"excerpt":{"rendered":"<p>B\u0259zi tan\u0131\u015flar\u0131m var, d\u0259f\u0259l\u0259rl\u0259 g\u00f6r\u00fc\u015fs\u0259k d\u0259, haqq\u0131mda \u00e7ox az \u015fey bilirl\u0259r<\/p>\n","protected":false},"author":11,"featured_media":95247,"comment_status":"closed","ping_status":"open","sticky":false,"template":"","format":"standard","meta":{"_acf_changed":false,"_sitemap_exclude":false,"_sitemap_priority":"","_sitemap_frequency":"","footnotes":""},"categories":[57],"tags":[],"class_list":["post-190665","post","type-post","status-publish","format-standard","has-post-thumbnail","hentry","category-menim-fikrimce","infinite-scroll-item","generate-columns","tablet-grid-50","mobile-grid-100","grid-parent","grid-33","no-featured-image-padding"],"acf":[],"yoast_head":"<!-- This site is optimized with the Yoast SEO plugin v27.4 - https:\/\/yoast.com\/product\/yoast-seo-wordpress\/ -->\n<title>Dinl\u0259m\u0259k m\u0259d\u0259niyy\u0259ti - MEYDAN.TV<\/title>\n<meta name=\"robots\" content=\"index, follow, max-snippet:-1, max-image-preview:large, max-video-preview:-1\" \/>\n<link rel=\"canonical\" href=\"https:\/\/www.meydan.tv\/az\/article\/dinlemek-medeniyyeti\/\" \/>\n<meta property=\"og:locale\" content=\"az_AZ\" \/>\n<meta property=\"og:type\" content=\"article\" \/>\n<meta property=\"og:title\" content=\"Dinl\u0259m\u0259k m\u0259d\u0259niyy\u0259ti - MEYDAN.TV\" \/>\n<meta property=\"og:description\" content=\"B\u0259zi tan\u0131\u015flar\u0131m var, d\u0259f\u0259l\u0259rl\u0259 g\u00f6r\u00fc\u015fs\u0259k d\u0259, haqq\u0131mda \u00e7ox az \u015fey bilirl\u0259r\" \/>\n<meta property=\"og:url\" content=\"https:\/\/www.meydan.tv\/az\/article\/dinlemek-medeniyyeti\/\" \/>\n<meta property=\"og:site_name\" content=\"MEYDAN.TV\" \/>\n<meta property=\"article:published_time\" content=\"2018-07-01T01:41:23+00:00\" \/>\n<meta property=\"og:image\" content=\"https:\/\/www.meydan.tv\/wp-content\/uploads\/37636.jpg\" \/>\n\t<meta property=\"og:image:width\" content=\"2048\" \/>\n\t<meta property=\"og:image:height\" content=\"1365\" \/>\n\t<meta property=\"og:image:type\" content=\"image\/jpeg\" \/>\n<meta name=\"author\" content=\"user-manager\" \/>\n<meta name=\"twitter:card\" content=\"summary_large_image\" \/>\n<script type=\"application\/ld+json\" class=\"yoast-schema-graph\">{\"@context\":\"https:\\\/\\\/schema.org\",\"@graph\":[{\"@type\":\"Article\",\"@id\":\"https:\\\/\\\/www.meydan.tv\\\/az\\\/article\\\/dinlemek-medeniyyeti\\\/#article\",\"isPartOf\":{\"@id\":\"https:\\\/\\\/www.meydan.tv\\\/az\\\/article\\\/dinlemek-medeniyyeti\\\/\"},\"author\":{\"name\":\"user-manager\",\"@id\":\"https:\\\/\\\/www.meydan.tv\\\/az\\\/#\\\/schema\\\/person\\\/10d11eccf6da3662cf5fdab9806ea91a\"},\"headline\":\"Dinl\u0259m\u0259k m\u0259d\u0259niyy\u0259ti\",\"datePublished\":\"2018-07-01T01:41:23+00:00\",\"mainEntityOfPage\":{\"@id\":\"https:\\\/\\\/www.meydan.tv\\\/az\\\/article\\\/dinlemek-medeniyyeti\\\/\"},\"wordCount\":1045,\"publisher\":{\"@id\":\"https:\\\/\\\/www.meydan.tv\\\/az\\\/#organization\"},\"image\":{\"@id\":\"https:\\\/\\\/www.meydan.tv\\\/az\\\/article\\\/dinlemek-medeniyyeti\\\/#primaryimage\"},\"thumbnailUrl\":\"https:\\\/\\\/www.meydan.tv\\\/wp-content\\\/uploads\\\/37636.jpg\",\"articleSection\":[\"M\u0259nim Fikrimc\u0259\"],\"inLanguage\":\"az\"},{\"@type\":\"WebPage\",\"@id\":\"https:\\\/\\\/www.meydan.tv\\\/az\\\/article\\\/dinlemek-medeniyyeti\\\/\",\"url\":\"https:\\\/\\\/www.meydan.tv\\\/az\\\/article\\\/dinlemek-medeniyyeti\\\/\",\"name\":\"Dinl\u0259m\u0259k m\u0259d\u0259niyy\u0259ti - MEYDAN.TV\",\"isPartOf\":{\"@id\":\"https:\\\/\\\/www.meydan.tv\\\/az\\\/#website\"},\"primaryImageOfPage\":{\"@id\":\"https:\\\/\\\/www.meydan.tv\\\/az\\\/article\\\/dinlemek-medeniyyeti\\\/#primaryimage\"},\"image\":{\"@id\":\"https:\\\/\\\/www.meydan.tv\\\/az\\\/article\\\/dinlemek-medeniyyeti\\\/#primaryimage\"},\"thumbnailUrl\":\"https:\\\/\\\/www.meydan.tv\\\/wp-content\\\/uploads\\\/37636.jpg\",\"datePublished\":\"2018-07-01T01:41:23+00:00\",\"breadcrumb\":{\"@id\":\"https:\\\/\\\/www.meydan.tv\\\/az\\\/article\\\/dinlemek-medeniyyeti\\\/#breadcrumb\"},\"inLanguage\":\"az\",\"potentialAction\":[{\"@type\":\"ReadAction\",\"target\":[\"https:\\\/\\\/www.meydan.tv\\\/az\\\/article\\\/dinlemek-medeniyyeti\\\/\"]}]},{\"@type\":\"ImageObject\",\"inLanguage\":\"az\",\"@id\":\"https:\\\/\\\/www.meydan.tv\\\/az\\\/article\\\/dinlemek-medeniyyeti\\\/#primaryimage\",\"url\":\"https:\\\/\\\/www.meydan.tv\\\/wp-content\\\/uploads\\\/37636.jpg\",\"contentUrl\":\"https:\\\/\\\/www.meydan.tv\\\/wp-content\\\/uploads\\\/37636.jpg\",\"width\":2048,\"height\":1365,\"caption\":\"Source:\"},{\"@type\":\"BreadcrumbList\",\"@id\":\"https:\\\/\\\/www.meydan.tv\\\/az\\\/article\\\/dinlemek-medeniyyeti\\\/#breadcrumb\",\"itemListElement\":[{\"@type\":\"ListItem\",\"position\":1,\"name\":\"Ana s\u0259hif\u0259\",\"item\":\"https:\\\/\\\/www.meydan.tv\\\/az\\\/\"},{\"@type\":\"ListItem\",\"position\":2,\"name\":\"M\u0259nim Fikrimc\u0259\",\"item\":\"https:\\\/\\\/www.meydan.tv\\\/az\\\/section\\\/menim-fikrimce\\\/\"},{\"@type\":\"ListItem\",\"position\":3,\"name\":\"Dinl\u0259m\u0259k m\u0259d\u0259niyy\u0259ti\"}]},{\"@type\":\"WebSite\",\"@id\":\"https:\\\/\\\/www.meydan.tv\\\/az\\\/#website\",\"url\":\"https:\\\/\\\/www.meydan.tv\\\/az\\\/\",\"name\":\"MEYDAN.TV\",\"description\":\"Meydan TV Az\u0259rbaycan\u0131n media m\u0259kan\u0131ndak\u0131 alternativ s\u0259sidir\",\"publisher\":{\"@id\":\"https:\\\/\\\/www.meydan.tv\\\/az\\\/#organization\"},\"potentialAction\":[{\"@type\":\"SearchAction\",\"target\":{\"@type\":\"EntryPoint\",\"urlTemplate\":\"https:\\\/\\\/www.meydan.tv\\\/az\\\/?s={search_term_string}\"},\"query-input\":{\"@type\":\"PropertyValueSpecification\",\"valueRequired\":true,\"valueName\":\"search_term_string\"}}],\"inLanguage\":\"az\"},{\"@type\":\"Organization\",\"@id\":\"https:\\\/\\\/www.meydan.tv\\\/az\\\/#organization\",\"name\":\"Meydan TV\",\"url\":\"https:\\\/\\\/www.meydan.tv\\\/az\\\/\",\"logo\":{\"@type\":\"ImageObject\",\"inLanguage\":\"az\",\"@id\":\"https:\\\/\\\/www.meydan.tv\\\/az\\\/#\\\/schema\\\/logo\\\/image\\\/\",\"url\":\"https:\\\/\\\/www.meydan.tv\\\/wp-content\\\/uploads\\\/2021\\\/07\\\/meydan-logo.svg\",\"contentUrl\":\"https:\\\/\\\/www.meydan.tv\\\/wp-content\\\/uploads\\\/2021\\\/07\\\/meydan-logo.svg\",\"width\":195,\"height\":46,\"caption\":\"Meydan TV\"},\"image\":{\"@id\":\"https:\\\/\\\/www.meydan.tv\\\/az\\\/#\\\/schema\\\/logo\\\/image\\\/\"}},{\"@type\":\"Person\",\"@id\":\"https:\\\/\\\/www.meydan.tv\\\/az\\\/#\\\/schema\\\/person\\\/10d11eccf6da3662cf5fdab9806ea91a\",\"name\":\"user-manager\"}]}<\/script>\n<!-- \/ Yoast SEO plugin. -->","yoast_head_json":{"title":"Dinl\u0259m\u0259k m\u0259d\u0259niyy\u0259ti - MEYDAN.TV","robots":{"index":"index","follow":"follow","max-snippet":"max-snippet:-1","max-image-preview":"max-image-preview:large","max-video-preview":"max-video-preview:-1"},"canonical":"https:\/\/www.meydan.tv\/az\/article\/dinlemek-medeniyyeti\/","og_locale":"az_AZ","og_type":"article","og_title":"Dinl\u0259m\u0259k m\u0259d\u0259niyy\u0259ti - MEYDAN.TV","og_description":"B\u0259zi tan\u0131\u015flar\u0131m var, d\u0259f\u0259l\u0259rl\u0259 g\u00f6r\u00fc\u015fs\u0259k d\u0259, haqq\u0131mda \u00e7ox az \u015fey bilirl\u0259r","og_url":"https:\/\/www.meydan.tv\/az\/article\/dinlemek-medeniyyeti\/","og_site_name":"MEYDAN.TV","article_published_time":"2018-07-01T01:41:23+00:00","og_image":[{"width":2048,"height":1365,"url":"https:\/\/www.meydan.tv\/wp-content\/uploads\/37636.jpg","type":"image\/jpeg"}],"author":"user-manager","twitter_card":"summary_large_image","schema":{"@context":"https:\/\/schema.org","@graph":[{"@type":"Article","@id":"https:\/\/www.meydan.tv\/az\/article\/dinlemek-medeniyyeti\/#article","isPartOf":{"@id":"https:\/\/www.meydan.tv\/az\/article\/dinlemek-medeniyyeti\/"},"author":{"name":"user-manager","@id":"https:\/\/www.meydan.tv\/az\/#\/schema\/person\/10d11eccf6da3662cf5fdab9806ea91a"},"headline":"Dinl\u0259m\u0259k m\u0259d\u0259niyy\u0259ti","datePublished":"2018-07-01T01:41:23+00:00","mainEntityOfPage":{"@id":"https:\/\/www.meydan.tv\/az\/article\/dinlemek-medeniyyeti\/"},"wordCount":1045,"publisher":{"@id":"https:\/\/www.meydan.tv\/az\/#organization"},"image":{"@id":"https:\/\/www.meydan.tv\/az\/article\/dinlemek-medeniyyeti\/#primaryimage"},"thumbnailUrl":"https:\/\/www.meydan.tv\/wp-content\/uploads\/37636.jpg","articleSection":["M\u0259nim Fikrimc\u0259"],"inLanguage":"az"},{"@type":"WebPage","@id":"https:\/\/www.meydan.tv\/az\/article\/dinlemek-medeniyyeti\/","url":"https:\/\/www.meydan.tv\/az\/article\/dinlemek-medeniyyeti\/","name":"Dinl\u0259m\u0259k m\u0259d\u0259niyy\u0259ti - MEYDAN.TV","isPartOf":{"@id":"https:\/\/www.meydan.tv\/az\/#website"},"primaryImageOfPage":{"@id":"https:\/\/www.meydan.tv\/az\/article\/dinlemek-medeniyyeti\/#primaryimage"},"image":{"@id":"https:\/\/www.meydan.tv\/az\/article\/dinlemek-medeniyyeti\/#primaryimage"},"thumbnailUrl":"https:\/\/www.meydan.tv\/wp-content\/uploads\/37636.jpg","datePublished":"2018-07-01T01:41:23+00:00","breadcrumb":{"@id":"https:\/\/www.meydan.tv\/az\/article\/dinlemek-medeniyyeti\/#breadcrumb"},"inLanguage":"az","potentialAction":[{"@type":"ReadAction","target":["https:\/\/www.meydan.tv\/az\/article\/dinlemek-medeniyyeti\/"]}]},{"@type":"ImageObject","inLanguage":"az","@id":"https:\/\/www.meydan.tv\/az\/article\/dinlemek-medeniyyeti\/#primaryimage","url":"https:\/\/www.meydan.tv\/wp-content\/uploads\/37636.jpg","contentUrl":"https:\/\/www.meydan.tv\/wp-content\/uploads\/37636.jpg","width":2048,"height":1365,"caption":"Source:"},{"@type":"BreadcrumbList","@id":"https:\/\/www.meydan.tv\/az\/article\/dinlemek-medeniyyeti\/#breadcrumb","itemListElement":[{"@type":"ListItem","position":1,"name":"Ana s\u0259hif\u0259","item":"https:\/\/www.meydan.tv\/az\/"},{"@type":"ListItem","position":2,"name":"M\u0259nim Fikrimc\u0259","item":"https:\/\/www.meydan.tv\/az\/section\/menim-fikrimce\/"},{"@type":"ListItem","position":3,"name":"Dinl\u0259m\u0259k m\u0259d\u0259niyy\u0259ti"}]},{"@type":"WebSite","@id":"https:\/\/www.meydan.tv\/az\/#website","url":"https:\/\/www.meydan.tv\/az\/","name":"MEYDAN.TV","description":"Meydan TV Az\u0259rbaycan\u0131n media m\u0259kan\u0131ndak\u0131 alternativ s\u0259sidir","publisher":{"@id":"https:\/\/www.meydan.tv\/az\/#organization"},"potentialAction":[{"@type":"SearchAction","target":{"@type":"EntryPoint","urlTemplate":"https:\/\/www.meydan.tv\/az\/?s={search_term_string}"},"query-input":{"@type":"PropertyValueSpecification","valueRequired":true,"valueName":"search_term_string"}}],"inLanguage":"az"},{"@type":"Organization","@id":"https:\/\/www.meydan.tv\/az\/#organization","name":"Meydan TV","url":"https:\/\/www.meydan.tv\/az\/","logo":{"@type":"ImageObject","inLanguage":"az","@id":"https:\/\/www.meydan.tv\/az\/#\/schema\/logo\/image\/","url":"https:\/\/www.meydan.tv\/wp-content\/uploads\/2021\/07\/meydan-logo.svg","contentUrl":"https:\/\/www.meydan.tv\/wp-content\/uploads\/2021\/07\/meydan-logo.svg","width":195,"height":46,"caption":"Meydan TV"},"image":{"@id":"https:\/\/www.meydan.tv\/az\/#\/schema\/logo\/image\/"}},{"@type":"Person","@id":"https:\/\/www.meydan.tv\/az\/#\/schema\/person\/10d11eccf6da3662cf5fdab9806ea91a","name":"user-manager"}]}},"_links":{"self":[{"href":"https:\/\/www.meydan.tv\/az\/wp-json\/wp\/v2\/posts\/190665","targetHints":{"allow":["GET"]}}],"collection":[{"href":"https:\/\/www.meydan.tv\/az\/wp-json\/wp\/v2\/posts"}],"about":[{"href":"https:\/\/www.meydan.tv\/az\/wp-json\/wp\/v2\/types\/post"}],"author":[{"embeddable":true,"href":"https:\/\/www.meydan.tv\/az\/wp-json\/wp\/v2\/users\/11"}],"replies":[{"embeddable":true,"href":"https:\/\/www.meydan.tv\/az\/wp-json\/wp\/v2\/comments?post=190665"}],"version-history":[{"count":0,"href":"https:\/\/www.meydan.tv\/az\/wp-json\/wp\/v2\/posts\/190665\/revisions"}],"wp:featuredmedia":[{"embeddable":true,"href":"https:\/\/www.meydan.tv\/az\/wp-json\/wp\/v2\/media\/95247"}],"wp:attachment":[{"href":"https:\/\/www.meydan.tv\/az\/wp-json\/wp\/v2\/media?parent=190665"}],"wp:term":[{"taxonomy":"category","embeddable":true,"href":"https:\/\/www.meydan.tv\/az\/wp-json\/wp\/v2\/categories?post=190665"},{"taxonomy":"post_tag","embeddable":true,"href":"https:\/\/www.meydan.tv\/az\/wp-json\/wp\/v2\/tags?post=190665"}],"curies":[{"name":"wp","href":"https:\/\/api.w.org\/{rel}","templated":true}]}}