{"id":190659,"date":"2018-06-30T15:16:05","date_gmt":"2018-06-30T15:16:05","guid":{"rendered":"https:\/\/www.meydan.tv\/article\/azerbaycanin-siyasi-mehbus-problemi\/"},"modified":"2018-06-30T15:16:05","modified_gmt":"2018-06-30T15:16:05","slug":"azerbaycanin-siyasi-mehbus-problemi","status":"publish","type":"post","link":"https:\/\/www.meydan.tv\/az\/article\/azerbaycanin-siyasi-mehbus-problemi\/","title":{"rendered":"Az\u0259rbaycan\u0131n siyasi m\u0259hbus problemi"},"content":{"rendered":"<figure class=\"wp-block-image size-large\">\n  <img decoding=\"async\" src=\"https:\/\/www.meydan.tv\/az\/105932\/\" alt=\"\" class=\"wp-image-105932\"\/><figcaption><\/figcaption><\/figure>\n<p>\n  <i><br \/>\n    Problem Q\u0259rbl\u0259 m\u00fcnasib\u0259tl\u0259ri g\u0259rginl\u0259\u015fdirir<br \/>\n  <\/i>\n<\/p>\n<p>\n  Az\u0259rbaycanda siyasi m\u0259hbus problemi kifay\u0259t q\u0259d\u0259r ciddidir. H\u00fcquq m\u00fcdafi\u0259\u00e7il\u0259rinin t\u0259rtib etdiyi vahid siyah\u0131ya \u0259sas\u0259n \u00f6lk\u0259d\u0259 150-d\u0259n \u00e7ox siyasi m\u0259hbus var. Bu hal 25 ild\u0259n \u00e7oxdur ki, m\u00fct\u0259madi m\u00f6vcud olsa da, son ill\u0259r daha da qabar\u0131q g\u00f6r\u00fcn\u00fcr.\n<\/p>\n<p>\n  T\u0259qsirsiz insanlar\u0131n m\u00fcxt\u0259lif qondarma ittihamlarla h\u0259bs olunmas\u0131 adi hala \u00e7evrilib. \u00d6lk\u0259d\u0259 \u0259dal\u0259tli h\u00fcquqi m\u00fchakim\u0259 m\u00fcmk\u00fcns\u00fcz olub. M\u00fcv\u0259qq\u0259ti saxlama kameralar\u0131nda t\u0259qsirl\u0259ndiril\u0259n \u015f\u0259xsl\u0259r\u0259 a\u011f\u0131r i\u015fg\u0259nc\u0259l\u0259rin verilm\u0259si, m\u0259hk\u0259m\u0259l\u0259rin siyasi sifari\u015fl\u0259 q\u0259rar \u00e7\u0131xarmas\u0131, habel\u0259, bu kimi qanunsuzluqlara etiraz ed\u0259n v\u0259kill\u0259rin c\u0259zaland\u0131r\u0131lmas\u0131 c\u0259miyy\u0259td\u0259 a\u011f\u0131r h\u00fcquq b\u00f6hran\u0131ndan x\u0259b\u0259r verir.\n<\/p>\n<p>\n  Avropa \u015euras\u0131 il\u0259 Az\u0259rbaycan h\u00f6kum\u0259ti aras\u0131nda siyasi m\u0259hbus m\u0259s\u0259l\u0259l\u0259rin\u0259 g\u00f6r\u0259 d\u0259f\u0259l\u0259rl\u0259 kommunikasiya yaran\u0131b. M\u00fcxt\u0259lif vaxtlarda siyasi m\u0259hbus m\u0259s\u0259l\u0259l\u0259ri \u00fczr\u0259 m\u0259ruz\u0259\u00e7il\u0259r t\u0259yin edilib v\u0259 hesabatlar haz\u0131rlan\u0131b. H\u0259tta bu hesabatlarda ir\u0259li s\u00fcr\u00fcl\u0259n bir s\u0131ra t\u00f6vsiy\u0259l\u0259r \u00e7ox zaman n\u0259z\u0259r\u0259 al\u0131n\u0131b v\u0259 y\u00fczl\u0259rl\u0259 siyasi m\u0259hbus azad edilib. Ancaq \u00fcmumi halda \u00f6lk\u0259d\u0259 siyasi m\u0259hbus problemi n\u0259inki \u00f6z h\u0259llini tap\u0131b, \u0259ksin\u0259, \u00f6nc\u0259ki ill\u0259rl\u0259 m\u00fcqayis\u0259d\u0259 daha da a\u011f\u0131rla\u015f\u0131b.\n<\/p>\n<p>\n  Az\u0259rbaycan h\u00f6kum\u0259ti 25 ild\u0259n \u00e7oxdur ki, \u00f6lk\u0259d\u0259 siyasi motivli h\u0259bsl\u0259r h\u0259yata ke\u00e7irs\u0259 d\u0259, beyn\u0259lxalq qurumlar\u0131 \u00f6lk\u0259d\u0259 siyasi m\u0259hbus problemi olmamas\u0131na inand\u0131rmaq ist\u0259yir. H\u00f6kum\u0259t n\u00fcmay\u0259nd\u0259l\u0259ri iddia edirl\u0259r ki, Az\u0259rbaycanda ayr\u0131-ayr\u0131 cinay\u0259t \u0259m\u0259ll\u0259rin\u0259 g\u00f6r\u0259 h\u0259bs edilmi\u015f \u015f\u0259xsl\u0259r var v\u0259 onlar\u0131 siyasi m\u0259hbus hesab etmir. Bu istiqam\u0259td\u0259 beyn\u0259lxalq qurumlar\u0131 da m\u00fcxt\u0259lif vasit\u0259l\u0259rl\u0259 susdurma\u011fa c\u0259hdl\u0259r edilir. H\u0259tta Az\u0259rbaycan\u0131n Avropa \u015euras\u0131 \u00fczvl\u00fcy\u00fcnd\u0259n \u00e7\u0131xaca\u011f\u0131 il\u0259 ba\u011fl\u0131 h\u0259d\u0259l\u0259ri d\u0259 s\u0259sl\u0259ndirm\u0259kd\u0259n \u00e7\u0259kinmir.\n<\/p>\n<p>\n  Avropa \u015euras\u0131 bu il aprelin 22-d\u0259 korrupsiya iddialar\u0131 il\u0259 ba\u011fl\u0131 10 aydan art\u0131q davam ed\u0259n istintaq\u0131n n\u0259tic\u0259l\u0259rini a\u00e7\u0131qlam\u0131\u015fd\u0131. H\u0259min vaxt a\u00e7\u0131qlanm\u0131\u015f 219 s\u0259hif\u0259lik hesabatda iddia olunurdu ki, A\u015e-nin b\u0259zi \u00fczvl\u0259ri Az\u0259rbaycana m\u00fcnasib\u0259td\u0259 etika qaydalar\u0131n\u0131n pozulmas\u0131 hallar\u0131na yol verib.\n<\/p>\n<p>\n  H\u0259tta 2013-c\u00fc ild\u0259 A\u015ePA-n\u0131n almaniyal\u0131 deputat\u0131 Kristof \u015etrasserin haz\u0131rlad\u0131\u011f\u0131 &#8220;Az\u0259rbaycanda siyasi m\u0259hbuslarla ba\u011fl\u0131 hesabat&#8221;\u0131n A\u015ePA-n\u0131n sessiyas\u0131nda q\u0259bul edilm\u0259m\u0259si d\u0259 m\u00fc\u015fahid\u0259\u00e7il\u0259r t\u0259r\u0259find\u0259n t\u0259sad\u00fcfi say\u0131lmay\u0131b. Avropal\u0131 deputatlar\u0131n \u0259l\u0259 al\u0131nmas\u0131, r\u00fc\u015fv\u0259t v\u0259 korrupsiya iddialar\u0131, &#8220;k\u00fcr\u00fc diplomatiyas\u0131&#8221; kimi m\u0259s\u0259l\u0259l\u0259rd\u0259 Az\u0259rbaycan n\u00fcmay\u0259nd\u0259 hey\u0259ti \u00fczvl\u0259rinin adlar\u0131 d\u0259f\u0259l\u0259rl\u0259 hallan\u0131b.<br \/>\n  <br \/>\n  \u00d6lk\u0259d\u0259 siyasi, s\u00f6z, ifad\u0259 azadl\u0131qlar\u0131n\u0131n durumu \u00e7ox a\u011f\u0131rd\u0131r. Az\u0259rbaycan\u0131n ad\u0131 b\u00fct\u00fcn n\u00fcfuzlu hesabatlarda qeyri-azad \u00f6lk\u0259 kimi \u00e7\u0259kilir. H\u00f6kum\u0259t iqtisadi-siyasi azadl\u0131qlar istiqam\u0259tind\u0259 islahatlar apararsa, siyasi dayaqlar\u0131n\u0131 tamamil\u0259 itir\u0259c\u0259yind\u0259n narahatd\u0131r. Siyasi m\u0259hbuslar\u0131 azad ed\u0259c\u0259yi t\u0259qdird\u0259 c\u0259miyy\u0259td\u0259 siyasi f\u0259all\u0131\u011f\u0131n y\u00fcks\u0259l\u0259c\u0259yind\u0259n, demokratik prosesl\u0259rin ba\u015flayaca\u011f\u0131ndan ehtiyat edir.\n<\/p>\n<p>\n  \u00d6lk\u0259mizd\u0259 siyasi m\u0259hbus probleminin yenid\u0259n g\u00fcnd\u0259m\u0259 g\u0259tirilm\u0259sind\u0259 n\u00fcfuzlu beyn\u0259lxalq insan h\u00fcquqlar\u0131 t\u0259\u015fkilatlar\u0131n\u0131n davaml\u0131 \u00e7a\u011f\u0131r\u0131\u015flar\u0131, hesabatlar\u0131 m\u00fch\u00fcm pol oynay\u0131r. T\u0259sad\u00fcfi deyil ki, h\u0259l\u0259 2 ay \u0259vv\u0259l A\u015ePA-n\u0131n 24 deputat\u0131 Az\u0259rbaycana siyasi m\u0259hbuslar \u00fczr\u0259 yeni m\u0259ruz\u0259\u00e7inin t\u0259yin olunmas\u0131 v\u0259 hesabat\u0131n haz\u0131rlanmas\u0131n\u0131 t\u0259klif etmi\u015fdil\u0259r.<br \/>\n  <br \/>\n  N\u0259hay\u0259t, Avropa \u015euras\u0131n\u0131n H\u00fcquq v\u0259 insan haqlar\u0131 komit\u0259sinin q\u0259rar\u0131na \u0259sas\u0259n \u0130slandiyadan olan deputat Thorhild Sunna Evarsdottir &#8220;Az\u0259rbaycandak\u0131 siyasi m\u0259hbuslar&#8221; adl\u0131 hesabat haz\u0131rlamaq \u00fc\u00e7\u00fcn m\u0259ruz\u0259\u00e7i t\u0259yin edilib.\n<\/p>\n<p>\n  Avropa \u015euras\u0131 Parlament Assambleyas\u0131n\u0131n yay sessiyas\u0131nda Az\u0259rbaycanda siyasi m\u0259hbuslar \u00fczr\u0259 hesabat\u0131n haz\u0131rlanmas\u0131 \u00fczr\u0259 m\u0259ruz\u0259\u00e7inin t\u0259yin edilm\u0259si \u00f6zl\u00fcy\u00fcnd\u0259 \u00e7ox m\u00fcsb\u0259t hald\u0131r. Bu prosedur siyasi m\u0259hbus problemin\u0259 ciddi \u00e7\u00f6z\u00fcm g\u0259tirm\u0259s\u0259 d\u0259, beyn\u0259lxalq diqq\u0259ti art\u0131rmaq bax\u0131m\u0131ndan \u0259h\u0259miyy\u0259tli hesab edilir.\n<\/p>\n<p>\n  \u0130nsan h\u00fcquq v\u0259 azadl\u0131qlar\u0131na h\u00f6rm\u0259t g\u00f6st\u0259rm\u0259si bax\u0131m\u0131ndan bu add\u0131m\u0131n h\u00f6kum\u0259t qurumlar\u0131na psixoloji t\u0259sirl\u0259rini istisna etm\u0259k olmaz. Az\u0259rbaycan h\u00f6kum\u0259ti siyasi m\u0259hbus m\u0259s\u0259l\u0259sind\u0259 beyn\u0259lxalq t\u0259zyiql\u0259ri, habel\u0259, Avropa \u0130nsan Haqlar\u0131 M\u0259hk\u0259m\u0259sinin bir s\u0131ra t\u00f6vsiy\u0259l\u0259rini h\u0259l\u0259lik n\u0259z\u0259r\u0259 almasa da, b\u00fct\u00f6vl\u00fckd\u0259 bu faktlar\u0131n qar\u015f\u0131s\u0131nda gec-tez add\u0131m atmal\u0131 olacaq.\n<\/p>\n<p>\n  Az\u0259rbaycanda siyasi m\u0259hbus probleminin tam h\u0259ll olunmas\u0131 \u00fc\u00e7\u00fcn b\u00fct\u00fcn n\u00fcfuzlu beyn\u0259lxalq t\u0259\u015fkilatlar ciddi s\u0259y g\u00f6st\u0259rm\u0259lidir. Son prosesl\u0259r g\u00f6st\u0259rir ki, siyasi m\u0259hbuslar\u0131n i\u015fi \u00fczr\u0259 ssenari bu istiqam\u0259td\u0259 davam edir. V\u0259 bu, Az\u0259rbaycanda sosial-siyasi m\u00fcnasib\u0259tl\u0259rin hakimiyy\u0259t \u00fc\u00e7\u00fcn m\u00fcr\u0259kk\u0259b b\u00f6hran d\u00f6vr\u00fcn\u0259 ke\u00e7diyi zamanda ba\u015f verir.<\/p>\n","protected":false},"excerpt":{"rendered":"<p>Problem Q\u0259rbl\u0259 m\u00fcnasib\u0259tl\u0259ri g\u0259rginl\u0259\u015fdirir<\/p>\n","protected":false},"author":11,"featured_media":105932,"comment_status":"closed","ping_status":"open","sticky":false,"template":"","format":"standard","meta":{"_acf_changed":false,"_sitemap_exclude":false,"_sitemap_priority":"","_sitemap_frequency":"","footnotes":""},"categories":[51],"tags":[],"class_list":["post-190659","post","type-post","status-publish","format-standard","has-post-thumbnail","hentry","category-analitika","infinite-scroll-item","generate-columns","tablet-grid-50","mobile-grid-100","grid-parent","grid-33","no-featured-image-padding"],"acf":[],"yoast_head":"<!-- This site is optimized with the Yoast SEO plugin v27.4 - https:\/\/yoast.com\/product\/yoast-seo-wordpress\/ -->\n<title>Az\u0259rbaycan\u0131n siyasi m\u0259hbus problemi - MEYDAN.TV<\/title>\n<meta name=\"robots\" content=\"index, follow, max-snippet:-1, max-image-preview:large, max-video-preview:-1\" \/>\n<link rel=\"canonical\" href=\"https:\/\/www.meydan.tv\/az\/article\/azerbaycanin-siyasi-mehbus-problemi\/\" \/>\n<meta property=\"og:locale\" content=\"az_AZ\" \/>\n<meta property=\"og:type\" content=\"article\" \/>\n<meta property=\"og:title\" content=\"Az\u0259rbaycan\u0131n siyasi m\u0259hbus problemi - MEYDAN.TV\" \/>\n<meta property=\"og:description\" content=\"Problem Q\u0259rbl\u0259 m\u00fcnasib\u0259tl\u0259ri g\u0259rginl\u0259\u015fdirir\" \/>\n<meta property=\"og:url\" content=\"https:\/\/www.meydan.tv\/az\/article\/azerbaycanin-siyasi-mehbus-problemi\/\" \/>\n<meta property=\"og:site_name\" content=\"MEYDAN.TV\" \/>\n<meta property=\"article:published_time\" content=\"2018-06-30T15:16:05+00:00\" \/>\n<meta property=\"og:image\" content=\"https:\/\/www.meydan.tv\/wp-content\/uploads\/42078.jpg\" \/>\n\t<meta property=\"og:image:width\" content=\"800\" \/>\n\t<meta property=\"og:image:height\" content=\"535\" \/>\n\t<meta property=\"og:image:type\" content=\"image\/jpeg\" \/>\n<meta name=\"author\" content=\"user-manager\" \/>\n<meta name=\"twitter:card\" content=\"summary_large_image\" \/>\n<script type=\"application\/ld+json\" class=\"yoast-schema-graph\">{\"@context\":\"https:\\\/\\\/schema.org\",\"@graph\":[{\"@type\":\"Article\",\"@id\":\"https:\\\/\\\/www.meydan.tv\\\/az\\\/article\\\/azerbaycanin-siyasi-mehbus-problemi\\\/#article\",\"isPartOf\":{\"@id\":\"https:\\\/\\\/www.meydan.tv\\\/az\\\/article\\\/azerbaycanin-siyasi-mehbus-problemi\\\/\"},\"author\":{\"name\":\"user-manager\",\"@id\":\"https:\\\/\\\/www.meydan.tv\\\/az\\\/#\\\/schema\\\/person\\\/10d11eccf6da3662cf5fdab9806ea91a\"},\"headline\":\"Az\u0259rbaycan\u0131n siyasi m\u0259hbus problemi\",\"datePublished\":\"2018-06-30T15:16:05+00:00\",\"mainEntityOfPage\":{\"@id\":\"https:\\\/\\\/www.meydan.tv\\\/az\\\/article\\\/azerbaycanin-siyasi-mehbus-problemi\\\/\"},\"wordCount\":958,\"publisher\":{\"@id\":\"https:\\\/\\\/www.meydan.tv\\\/az\\\/#organization\"},\"image\":{\"@id\":\"https:\\\/\\\/www.meydan.tv\\\/az\\\/article\\\/azerbaycanin-siyasi-mehbus-problemi\\\/#primaryimage\"},\"thumbnailUrl\":\"https:\\\/\\\/www.meydan.tv\\\/wp-content\\\/uploads\\\/42078.jpg\",\"articleSection\":[\"Analitika\"],\"inLanguage\":\"az\"},{\"@type\":\"WebPage\",\"@id\":\"https:\\\/\\\/www.meydan.tv\\\/az\\\/article\\\/azerbaycanin-siyasi-mehbus-problemi\\\/\",\"url\":\"https:\\\/\\\/www.meydan.tv\\\/az\\\/article\\\/azerbaycanin-siyasi-mehbus-problemi\\\/\",\"name\":\"Az\u0259rbaycan\u0131n siyasi m\u0259hbus problemi - MEYDAN.TV\",\"isPartOf\":{\"@id\":\"https:\\\/\\\/www.meydan.tv\\\/az\\\/#website\"},\"primaryImageOfPage\":{\"@id\":\"https:\\\/\\\/www.meydan.tv\\\/az\\\/article\\\/azerbaycanin-siyasi-mehbus-problemi\\\/#primaryimage\"},\"image\":{\"@id\":\"https:\\\/\\\/www.meydan.tv\\\/az\\\/article\\\/azerbaycanin-siyasi-mehbus-problemi\\\/#primaryimage\"},\"thumbnailUrl\":\"https:\\\/\\\/www.meydan.tv\\\/wp-content\\\/uploads\\\/42078.jpg\",\"datePublished\":\"2018-06-30T15:16:05+00:00\",\"breadcrumb\":{\"@id\":\"https:\\\/\\\/www.meydan.tv\\\/az\\\/article\\\/azerbaycanin-siyasi-mehbus-problemi\\\/#breadcrumb\"},\"inLanguage\":\"az\",\"potentialAction\":[{\"@type\":\"ReadAction\",\"target\":[\"https:\\\/\\\/www.meydan.tv\\\/az\\\/article\\\/azerbaycanin-siyasi-mehbus-problemi\\\/\"]}]},{\"@type\":\"ImageObject\",\"inLanguage\":\"az\",\"@id\":\"https:\\\/\\\/www.meydan.tv\\\/az\\\/article\\\/azerbaycanin-siyasi-mehbus-problemi\\\/#primaryimage\",\"url\":\"https:\\\/\\\/www.meydan.tv\\\/wp-content\\\/uploads\\\/42078.jpg\",\"contentUrl\":\"https:\\\/\\\/www.meydan.tv\\\/wp-content\\\/uploads\\\/42078.jpg\",\"width\":800,\"height\":535,\"caption\":\"Source:\"},{\"@type\":\"BreadcrumbList\",\"@id\":\"https:\\\/\\\/www.meydan.tv\\\/az\\\/article\\\/azerbaycanin-siyasi-mehbus-problemi\\\/#breadcrumb\",\"itemListElement\":[{\"@type\":\"ListItem\",\"position\":1,\"name\":\"Ana s\u0259hif\u0259\",\"item\":\"https:\\\/\\\/www.meydan.tv\\\/az\\\/\"},{\"@type\":\"ListItem\",\"position\":2,\"name\":\"Analitika\",\"item\":\"https:\\\/\\\/www.meydan.tv\\\/az\\\/section\\\/analitika\\\/\"},{\"@type\":\"ListItem\",\"position\":3,\"name\":\"Az\u0259rbaycan\u0131n siyasi m\u0259hbus problemi\"}]},{\"@type\":\"WebSite\",\"@id\":\"https:\\\/\\\/www.meydan.tv\\\/az\\\/#website\",\"url\":\"https:\\\/\\\/www.meydan.tv\\\/az\\\/\",\"name\":\"MEYDAN.TV\",\"description\":\"Meydan TV Az\u0259rbaycan\u0131n media m\u0259kan\u0131ndak\u0131 alternativ s\u0259sidir\",\"publisher\":{\"@id\":\"https:\\\/\\\/www.meydan.tv\\\/az\\\/#organization\"},\"potentialAction\":[{\"@type\":\"SearchAction\",\"target\":{\"@type\":\"EntryPoint\",\"urlTemplate\":\"https:\\\/\\\/www.meydan.tv\\\/az\\\/?s={search_term_string}\"},\"query-input\":{\"@type\":\"PropertyValueSpecification\",\"valueRequired\":true,\"valueName\":\"search_term_string\"}}],\"inLanguage\":\"az\"},{\"@type\":\"Organization\",\"@id\":\"https:\\\/\\\/www.meydan.tv\\\/az\\\/#organization\",\"name\":\"Meydan TV\",\"url\":\"https:\\\/\\\/www.meydan.tv\\\/az\\\/\",\"logo\":{\"@type\":\"ImageObject\",\"inLanguage\":\"az\",\"@id\":\"https:\\\/\\\/www.meydan.tv\\\/az\\\/#\\\/schema\\\/logo\\\/image\\\/\",\"url\":\"https:\\\/\\\/www.meydan.tv\\\/wp-content\\\/uploads\\\/2021\\\/07\\\/meydan-logo.svg\",\"contentUrl\":\"https:\\\/\\\/www.meydan.tv\\\/wp-content\\\/uploads\\\/2021\\\/07\\\/meydan-logo.svg\",\"width\":195,\"height\":46,\"caption\":\"Meydan TV\"},\"image\":{\"@id\":\"https:\\\/\\\/www.meydan.tv\\\/az\\\/#\\\/schema\\\/logo\\\/image\\\/\"}},{\"@type\":\"Person\",\"@id\":\"https:\\\/\\\/www.meydan.tv\\\/az\\\/#\\\/schema\\\/person\\\/10d11eccf6da3662cf5fdab9806ea91a\",\"name\":\"user-manager\"}]}<\/script>\n<!-- \/ Yoast SEO plugin. -->","yoast_head_json":{"title":"Az\u0259rbaycan\u0131n siyasi m\u0259hbus problemi - MEYDAN.TV","robots":{"index":"index","follow":"follow","max-snippet":"max-snippet:-1","max-image-preview":"max-image-preview:large","max-video-preview":"max-video-preview:-1"},"canonical":"https:\/\/www.meydan.tv\/az\/article\/azerbaycanin-siyasi-mehbus-problemi\/","og_locale":"az_AZ","og_type":"article","og_title":"Az\u0259rbaycan\u0131n siyasi m\u0259hbus problemi - MEYDAN.TV","og_description":"Problem Q\u0259rbl\u0259 m\u00fcnasib\u0259tl\u0259ri g\u0259rginl\u0259\u015fdirir","og_url":"https:\/\/www.meydan.tv\/az\/article\/azerbaycanin-siyasi-mehbus-problemi\/","og_site_name":"MEYDAN.TV","article_published_time":"2018-06-30T15:16:05+00:00","og_image":[{"width":800,"height":535,"url":"https:\/\/www.meydan.tv\/wp-content\/uploads\/42078.jpg","type":"image\/jpeg"}],"author":"user-manager","twitter_card":"summary_large_image","schema":{"@context":"https:\/\/schema.org","@graph":[{"@type":"Article","@id":"https:\/\/www.meydan.tv\/az\/article\/azerbaycanin-siyasi-mehbus-problemi\/#article","isPartOf":{"@id":"https:\/\/www.meydan.tv\/az\/article\/azerbaycanin-siyasi-mehbus-problemi\/"},"author":{"name":"user-manager","@id":"https:\/\/www.meydan.tv\/az\/#\/schema\/person\/10d11eccf6da3662cf5fdab9806ea91a"},"headline":"Az\u0259rbaycan\u0131n siyasi m\u0259hbus problemi","datePublished":"2018-06-30T15:16:05+00:00","mainEntityOfPage":{"@id":"https:\/\/www.meydan.tv\/az\/article\/azerbaycanin-siyasi-mehbus-problemi\/"},"wordCount":958,"publisher":{"@id":"https:\/\/www.meydan.tv\/az\/#organization"},"image":{"@id":"https:\/\/www.meydan.tv\/az\/article\/azerbaycanin-siyasi-mehbus-problemi\/#primaryimage"},"thumbnailUrl":"https:\/\/www.meydan.tv\/wp-content\/uploads\/42078.jpg","articleSection":["Analitika"],"inLanguage":"az"},{"@type":"WebPage","@id":"https:\/\/www.meydan.tv\/az\/article\/azerbaycanin-siyasi-mehbus-problemi\/","url":"https:\/\/www.meydan.tv\/az\/article\/azerbaycanin-siyasi-mehbus-problemi\/","name":"Az\u0259rbaycan\u0131n siyasi m\u0259hbus problemi - MEYDAN.TV","isPartOf":{"@id":"https:\/\/www.meydan.tv\/az\/#website"},"primaryImageOfPage":{"@id":"https:\/\/www.meydan.tv\/az\/article\/azerbaycanin-siyasi-mehbus-problemi\/#primaryimage"},"image":{"@id":"https:\/\/www.meydan.tv\/az\/article\/azerbaycanin-siyasi-mehbus-problemi\/#primaryimage"},"thumbnailUrl":"https:\/\/www.meydan.tv\/wp-content\/uploads\/42078.jpg","datePublished":"2018-06-30T15:16:05+00:00","breadcrumb":{"@id":"https:\/\/www.meydan.tv\/az\/article\/azerbaycanin-siyasi-mehbus-problemi\/#breadcrumb"},"inLanguage":"az","potentialAction":[{"@type":"ReadAction","target":["https:\/\/www.meydan.tv\/az\/article\/azerbaycanin-siyasi-mehbus-problemi\/"]}]},{"@type":"ImageObject","inLanguage":"az","@id":"https:\/\/www.meydan.tv\/az\/article\/azerbaycanin-siyasi-mehbus-problemi\/#primaryimage","url":"https:\/\/www.meydan.tv\/wp-content\/uploads\/42078.jpg","contentUrl":"https:\/\/www.meydan.tv\/wp-content\/uploads\/42078.jpg","width":800,"height":535,"caption":"Source:"},{"@type":"BreadcrumbList","@id":"https:\/\/www.meydan.tv\/az\/article\/azerbaycanin-siyasi-mehbus-problemi\/#breadcrumb","itemListElement":[{"@type":"ListItem","position":1,"name":"Ana s\u0259hif\u0259","item":"https:\/\/www.meydan.tv\/az\/"},{"@type":"ListItem","position":2,"name":"Analitika","item":"https:\/\/www.meydan.tv\/az\/section\/analitika\/"},{"@type":"ListItem","position":3,"name":"Az\u0259rbaycan\u0131n siyasi m\u0259hbus problemi"}]},{"@type":"WebSite","@id":"https:\/\/www.meydan.tv\/az\/#website","url":"https:\/\/www.meydan.tv\/az\/","name":"MEYDAN.TV","description":"Meydan TV Az\u0259rbaycan\u0131n media m\u0259kan\u0131ndak\u0131 alternativ s\u0259sidir","publisher":{"@id":"https:\/\/www.meydan.tv\/az\/#organization"},"potentialAction":[{"@type":"SearchAction","target":{"@type":"EntryPoint","urlTemplate":"https:\/\/www.meydan.tv\/az\/?s={search_term_string}"},"query-input":{"@type":"PropertyValueSpecification","valueRequired":true,"valueName":"search_term_string"}}],"inLanguage":"az"},{"@type":"Organization","@id":"https:\/\/www.meydan.tv\/az\/#organization","name":"Meydan TV","url":"https:\/\/www.meydan.tv\/az\/","logo":{"@type":"ImageObject","inLanguage":"az","@id":"https:\/\/www.meydan.tv\/az\/#\/schema\/logo\/image\/","url":"https:\/\/www.meydan.tv\/wp-content\/uploads\/2021\/07\/meydan-logo.svg","contentUrl":"https:\/\/www.meydan.tv\/wp-content\/uploads\/2021\/07\/meydan-logo.svg","width":195,"height":46,"caption":"Meydan TV"},"image":{"@id":"https:\/\/www.meydan.tv\/az\/#\/schema\/logo\/image\/"}},{"@type":"Person","@id":"https:\/\/www.meydan.tv\/az\/#\/schema\/person\/10d11eccf6da3662cf5fdab9806ea91a","name":"user-manager"}]}},"_links":{"self":[{"href":"https:\/\/www.meydan.tv\/az\/wp-json\/wp\/v2\/posts\/190659","targetHints":{"allow":["GET"]}}],"collection":[{"href":"https:\/\/www.meydan.tv\/az\/wp-json\/wp\/v2\/posts"}],"about":[{"href":"https:\/\/www.meydan.tv\/az\/wp-json\/wp\/v2\/types\/post"}],"author":[{"embeddable":true,"href":"https:\/\/www.meydan.tv\/az\/wp-json\/wp\/v2\/users\/11"}],"replies":[{"embeddable":true,"href":"https:\/\/www.meydan.tv\/az\/wp-json\/wp\/v2\/comments?post=190659"}],"version-history":[{"count":0,"href":"https:\/\/www.meydan.tv\/az\/wp-json\/wp\/v2\/posts\/190659\/revisions"}],"wp:featuredmedia":[{"embeddable":true,"href":"https:\/\/www.meydan.tv\/az\/wp-json\/wp\/v2\/media\/105932"}],"wp:attachment":[{"href":"https:\/\/www.meydan.tv\/az\/wp-json\/wp\/v2\/media?parent=190659"}],"wp:term":[{"taxonomy":"category","embeddable":true,"href":"https:\/\/www.meydan.tv\/az\/wp-json\/wp\/v2\/categories?post=190659"},{"taxonomy":"post_tag","embeddable":true,"href":"https:\/\/www.meydan.tv\/az\/wp-json\/wp\/v2\/tags?post=190659"}],"curies":[{"name":"wp","href":"https:\/\/api.w.org\/{rel}","templated":true}]}}