{"id":190635,"date":"2018-06-29T13:16:57","date_gmt":"2018-06-29T13:16:57","guid":{"rendered":"https:\/\/www.meydan.tv\/article\/men-ona-azadliq-arzulayiram\/"},"modified":"2018-06-29T13:16:57","modified_gmt":"2018-06-29T13:16:57","slug":"men-ona-azadliq-arzulayiram","status":"publish","type":"post","link":"https:\/\/www.meydan.tv\/az\/article\/men-ona-azadliq-arzulayiram\/","title":{"rendered":"M\u0259n ona azadl\u0131q arzulay\u0131ram"},"content":{"rendered":"<figure class=\"wp-block-image size-large\">\n  <img decoding=\"async\" src=\"https:\/\/www.meydan.tv\/az\/ramin-hacili-2\/\" alt=\"Ramin Hac\u0131l\u0131\" class=\"wp-image-105866\"\/><figcaption>\n    Ramin Hac\u0131l\u0131<br \/>\n  <\/figcaption><\/figure>\n<p>\n  \u0130kinci kursda oxuyurdum. Erkin Q\u0259dirli biz\u0259 1 il d\u0259rs demi\u015fdi, amma onun m\u00fchazir\u0259l\u0259rinin dad\u0131 dama\u011f\u0131m\u0131zda qalm\u0131\u015fd\u0131. H\u0259r yerd\u0259 onun m\u00fchazir\u0259l\u0259rini, yaz\u0131lar\u0131n\u0131 axtar\u0131b tap\u0131r, g\u00f6z\u00fcm\u00fcz\u0259 t\u0259pirdik. Bir d\u0259f\u0259 hardasa bir elan g\u00f6rd\u00fck: \u201cAlma\u201d adl\u0131 q\u0259zet \u00e7\u0131xacaqd\u0131, m\u00fc\u0259llifl\u0259r d\u0259 filank\u0259sl\u0259r olacaqd\u0131. \u0130ndi, y\u0259qin ham\u0131s\u0131n\u0131 tan\u0131d\u0131\u011f\u0131m, b\u0259zil\u0259ri il\u0259 dost oldu\u011fum m\u00fc\u0259llifl\u0259r idi. Amma o vaxt yaln\u0131z Erkin Q\u0259dirlini tan\u0131d\u0131q v\u0259 u\u015faqlarla q\u0259rara ald\u0131q ki, bu q\u0259zeti m\u00fctl\u0259q almaq laz\u0131md\u0131r.\n<\/p>\n<p>\n  Bilmir\u0259m, \u201cAlma\u201dda Erkin m\u00fc\u0259llimin ilk yaz\u0131s\u0131n\u0131 n\u0259 vaxt g\u00f6rd\u00fcm, amma az\u0131 1 il olmad\u0131. F\u0259q\u0259t, biz q\u0259zeti oxuma\u011fa davam etdik. Oxumaq deyir\u0259m siz\u0259. M\u0259n q\u0259zetin ikinci s\u0259hif\u0259sind\u0259ki ba\u015f redaktorun, \u015fef redaktorun adlar\u0131n\u0131, tiraj\u0131n say\u0131n\u0131 \u2013 s\u0259hif\u0259l\u0259rd\u0259 oxuna bil\u0259n b\u00fct\u00fcn piktoqrafik, ideoqrafik, h\u0259rfi yaz\u0131lar\u0131 oxuyurdum. H\u0259mi\u015f\u0259 deyirdim ki, bir az yava\u015f-yava\u015f oxuyum, 1 h\u0259ft\u0259y\u0259 \u00e7ats\u0131n. Amma bazar g\u00fcn\u00fc q\u0259zeti al\u0131b, 1-ci g\u00fcn\u0259 yaln\u0131z 1-2 yaz\u0131 saxlaya bilirdim. Sonra olurdum \u201cAlma ac\u0131\u201d.\n<\/p>\n<p>\n  Sonralar \u201cAlma\u201dn\u0131n redaksiyas\u0131nda da oldum, bu q\u0259zeti \u00e7\u0131xaran \u201cDal\u011fa\u201d G\u0259ncl\u0259r H\u0259r\u0259kat\u0131n\u0131n aksiyalar\u0131nda da i\u015ftirak etdim. \u201cAlma\u201d ba\u011flananda a\u011flad\u0131m da. Yax\u0131nlara t\u0259klif etdim ki, y\u0131\u011f\u0131\u015faq, \u00e7\u0131xaraq, dedil\u0259r, bura Az\u0259rbaycand\u0131r, \u201cAlma\u201dn\u0131n kitab\u0131 yuxar\u0131dan ba\u011flan\u0131b. \u201cAlma\u201d g\u0259ncliyi yeti\u015fdi o vaxt. Pozitiv, mentalitet v\u0259 din \u0259leyhin\u0259, c\u0259sar\u0259tli, s\u0259rh\u0259dl\u0259ri da\u011f\u0131dan, etiraz\u00e7\u0131&#8230; Bu g\u0259nclik is\u0259 m\u0259\u011flubiyy\u0259td\u0259n do\u011fulmu\u015fdu.\n<\/p>\n<p>\n  2003-c\u00fc ild\u0259 Az\u0259rbaycan xalq\u0131n\u0131n a\u011f\u0131r m\u0259\u011flubiyy\u0259tini xat\u0131rlay\u0131rs\u0131n\u0131z y\u0259qin. M\u0259\u011flubiyy\u0259tin ard\u0131nca g\u0259l\u0259n g\u00fccl\u00fc repressiyadan sonra ortada qalan adamlar 2005-ci ild\u0259 bir d\u0259 y\u0131\u011f\u0131\u015fd\u0131lar v\u0259 s\u0131rf klassik m\u00fcxalif\u0259td\u0259n ibar\u0259t \u015f\u0259kild\u0259 sonuncu z\u0259rb\u0259l\u0259rini vurdular. \u00c7\u00fcnki 2005-ci ild\u0259ki m\u0259\u011flubiyy\u0259td\u0259n sonra d\u0259rin depressiv \u015f\u0259raitd\u0259 v\u0259ziyy\u0259ti yaln\u0131z klassik m\u00fcxalif\u0259t\u0259 aidiyyat\u0131 olmayan adamlar d\u0259yi\u015f\u0259 bil\u0259rdil\u0259r. Bunlar\u0131n \u00f6n\u00fcnd\u0259 is\u0259 g\u0259ncl\u0259r g\u0259ldi. 2005-ci il\u0259 q\u0259d\u0259rki siyasi v\u0259ziyy\u0259td\u0259 t\u0259qsiri olmayan saf g\u0259ncl\u0259r \u2013 yeni q\u00fcvv\u0259.\n<\/p>\n<p>\n  O vaxt h\u00f6kum\u0259t d\u0259 yeni meydana \u00e7\u0131xan g\u0259ncl\u0259r\u0259 qar\u015f\u0131 qoymaq \u00fc\u00e7\u00fcn \u00f6z sifari\u015fli g\u0259ncl\u0259rini ortaya atd\u0131. N\u0259tic\u0259d\u0259 ill\u0259rl\u0259 davam etmi\u015f \u201cDal\u011fa \u2013 \u0130r\u0259li\u201d qar\u015f\u0131durmas\u0131 yarand\u0131. Bir az o yandan ba\u015flad\u0131m, amma yaz\u0131m\u0131n m\u0259ram\u0131n\u0131 deyim. \u201cDal\u011fa\u201d G\u0259ncl\u0259r H\u0259r\u0259kat\u0131n\u0131n t\u0259sis\u00e7il\u0259rind\u0259n v\u0259 uzun ill\u0259r ya\u015fadanlardan biri Ramin Hac\u0131l\u0131 olub. 2006-da Raminin d\u0259 t\u0259\u015fkilat\u00e7\u0131l\u0131\u011f\u0131 il\u0259 \u201cAlma\u201d q\u0259zeti \u00e7\u0131xma\u011fa ba\u015flay\u0131b. \u201cDal\u011fa\u201dn\u0131n v\u0259 \u201cAlma\u201dn\u0131n bayaq sadalad\u0131\u011f\u0131m i\u015fl\u0259rinin ba\u015f\u0131nda Ramin durub h\u0259mi\u015f\u0259. Raminin d\u0259st\u0259k verdiyi, dayaq durdu\u011fu bir d\u0259st\u0259 (n\u0259 bilim, b\u0259lk\u0259 d\u0259 bir qo\u015fun) g\u0259nc var. O g\u0259ncl\u0259r, b\u0259lk\u0259 d\u0259, inqilab\u00e7\u0131 olmad\u0131lar, \u00f6lk\u0259ni ist\u0259dikl\u0259ri kimi d\u0259yi\u015f\u0259 bilm\u0259dil\u0259r, amma m\u0259n tan\u0131d\u0131\u011f\u0131m q\u0259d\u0259r, o g\u0259ncl\u0259r vicdanl\u0131 oldular, maarif\u00e7i, yaxud \u0259n az\u0131ndan maarifl\u0259nmi\u015f oldular, geriz\u0259kal\u0131 olmad\u0131lar, onlar\u0131n \u00f6vladlar\u0131 etibarl\u0131 \u0259ll\u0259rd\u0259dir (olacaq).\n<\/p>\n<p>\n  M\u0259n mentalitetin \u0259leyhin\u0259 \u00e7\u0131xma\u011f\u0131 \u201cAlatoran\u201ddan, \u201cAlma\u201ddan, \u201cDal\u011fa\u201ddan \u00f6yr\u0259ndim, dini niy\u0259 inkar etdiyimi \u201cAlma\u201ddan \u00f6yr\u0259ndim, bu \u00f6lk\u0259ni niy\u0259 xilas etm\u0259li oldu\u011fumuzu o \u201ckruq\u201ddan \u00f6yr\u0259ndim. \u201cDal\u011fa\u201dn\u0131n partil\u0259rind\u0259 ilk d\u0259f\u0259 \u201cheadbang\u201d-d\u0259n ba\u015f\u0131m\u0131z\u0131 d\u00f6\u015f\u0259m\u0259y\u0259 d\u0259yib qald\u0131ra bilm\u0259m\u0259yi d\u0259 \u00f6yr\u0259ndik. \u201cDal\u011fa\u201dn\u0131n \u00fczv\u00fc olmad\u0131m, amma \u00fczvl\u0259r\u0259 Raminin d\u0259st\u0259yini el\u0259 \u00e7\u0131lpaq g\u00f6zl\u0259 g\u00f6r\u00fcrd\u00fcm. Bir probleml\u0259ri olanda \u2013 s\u0259rxo\u015f olub ev\u0259 ged\u0259 bilm\u0259m\u0259kd\u0259n tutmu\u015f universitetd\u0259n qovulma\u011fa, h\u0259bs edilm\u0259y\u0259 q\u0259d\u0259r \u2013 h\u0259min u\u015faqlar d\u0259rhal Ramini axtar\u0131rd\u0131lar, o da yar\u0131d\u0131rd\u0131.\n<\/p>\n<p>\n  \u0130ndi is\u0259 Ramin h\u0259bsd\u0259dir. Siyasi m\u0259hbus deyil. Cinay\u0259t \u0259m\u0259l(l\u0259r)ind\u0259 ittiham olunur. M\u0259n i\u015fin mahiyy\u0259tini bilmir\u0259m. M\u0259hk\u0259m\u0259si olar, \u00f6z\u00fc dan\u0131\u015far. Amma m\u0259n Az\u0259rbaycan t\u0259cridxanalar\u0131n\u0131n, c\u0259za\u00e7\u0259km\u0259 m\u00fc\u0259ssis\u0259l\u0259rinin islah yeri olmad\u0131\u011f\u0131n\u0131 bilir\u0259m.\n<\/p>\n<p>\n  Bu rejim h\u0259r\u0259mizd\u0259n bir \u015fey d\u00fcz\u0259ldir. Ramind\u0259n d\u0259 n\u0259 is\u0259 d\u00fcz\u0259ldibl\u0259r. M\u0259n \u0259min\u0259m ki, demokratik rejim alt\u0131nda Ramin kimi adam \u00e7ox faydal\u0131 ola bil\u0259r, nec\u0259 ki, avtoritar idar\u0259\u00e7ilik alt\u0131nda \u00f6z faydas\u0131n\u0131 g\u00f6st\u0259rib. H\u0259bs el\u0259 yerdir ki, ora d\u00fc\u015f\u00fcb 1 g\u00fcn\u0259 h\u0259r \u015fey\u0259 g\u00f6r\u0259 \u00f6m\u00fcrl\u00fck pe\u015fman olan adamlar var. Amma islah sistemi o q\u0259d\u0259r axmaq qurulub ki, bir daha cinay\u0259t etm\u0259y\u0259c\u0259k adama 5-10 il c\u0259za verib, ondan zorla cinay\u0259tkar d\u00fcz\u0259ldirl\u0259r. Raminin s\u0259hvi varsa, onu ba\u015fa d\u00fc\u015f\u0259si, d\u00fcz\u0259ld\u0259si kapasit\u0259si d\u0259 var. M\u0259n ona azadl\u0131q arzulay\u0131ram.\n<\/p>\n<p>\n  <b><br \/>\n    <i><br \/>\n      Yaz\u0131 m\u00fc\u0259llifin fikirl\u0259rini \u0259ks etdirir v\u0259 Meydan TV-nin m\u00f6vqeyi il\u0259 \u00fcst-\u00fcst\u0259 d\u00fc\u015fm\u0259y\u0259 bil\u0259r.<br \/>\n    <\/i><br \/>\n  <\/b><\/p>\n","protected":false},"excerpt":{"rendered":"<p>2003-c\u00fc ild\u0259 Az\u0259rbaycan xalq\u0131n\u0131n a\u011f\u0131r m\u0259\u011flubiyy\u0259tini xat\u0131rlay\u0131rs\u0131n\u0131z y\u0259qin<\/p>\n","protected":false},"author":11,"featured_media":105866,"comment_status":"closed","ping_status":"open","sticky":false,"template":"","format":"standard","meta":{"_acf_changed":false,"_sitemap_exclude":false,"_sitemap_priority":"","_sitemap_frequency":"","footnotes":""},"categories":[57],"tags":[],"class_list":["post-190635","post","type-post","status-publish","format-standard","has-post-thumbnail","hentry","category-menim-fikrimce","infinite-scroll-item","generate-columns","tablet-grid-50","mobile-grid-100","grid-parent","grid-33","no-featured-image-padding"],"acf":[],"yoast_head":"<!-- This site is optimized with the Yoast SEO plugin v27.4 - https:\/\/yoast.com\/product\/yoast-seo-wordpress\/ -->\n<title>M\u0259n ona azadl\u0131q arzulay\u0131ram - MEYDAN.TV<\/title>\n<meta name=\"robots\" content=\"index, follow, max-snippet:-1, max-image-preview:large, max-video-preview:-1\" \/>\n<link rel=\"canonical\" href=\"https:\/\/www.meydan.tv\/az\/article\/men-ona-azadliq-arzulayiram\/\" \/>\n<meta property=\"og:locale\" content=\"az_AZ\" \/>\n<meta property=\"og:type\" content=\"article\" \/>\n<meta property=\"og:title\" content=\"M\u0259n ona azadl\u0131q arzulay\u0131ram - MEYDAN.TV\" \/>\n<meta property=\"og:description\" content=\"2003-c\u00fc ild\u0259 Az\u0259rbaycan xalq\u0131n\u0131n a\u011f\u0131r m\u0259\u011flubiyy\u0259tini xat\u0131rlay\u0131rs\u0131n\u0131z y\u0259qin\" \/>\n<meta property=\"og:url\" content=\"https:\/\/www.meydan.tv\/az\/article\/men-ona-azadliq-arzulayiram\/\" \/>\n<meta property=\"og:site_name\" content=\"MEYDAN.TV\" \/>\n<meta property=\"article:published_time\" content=\"2018-06-29T13:16:57+00:00\" \/>\n<meta property=\"og:image\" content=\"https:\/\/www.meydan.tv\/wp-content\/uploads\/42045.jpg\" \/>\n\t<meta property=\"og:image:width\" content=\"1200\" \/>\n\t<meta property=\"og:image:height\" content=\"675\" \/>\n\t<meta property=\"og:image:type\" content=\"image\/jpeg\" \/>\n<meta name=\"author\" content=\"user-manager\" \/>\n<meta name=\"twitter:card\" content=\"summary_large_image\" \/>\n<script type=\"application\/ld+json\" class=\"yoast-schema-graph\">{\"@context\":\"https:\\\/\\\/schema.org\",\"@graph\":[{\"@type\":\"Article\",\"@id\":\"https:\\\/\\\/www.meydan.tv\\\/az\\\/article\\\/men-ona-azadliq-arzulayiram\\\/#article\",\"isPartOf\":{\"@id\":\"https:\\\/\\\/www.meydan.tv\\\/az\\\/article\\\/men-ona-azadliq-arzulayiram\\\/\"},\"author\":{\"name\":\"user-manager\",\"@id\":\"https:\\\/\\\/www.meydan.tv\\\/az\\\/#\\\/schema\\\/person\\\/10d11eccf6da3662cf5fdab9806ea91a\"},\"headline\":\"M\u0259n ona azadl\u0131q arzulay\u0131ram\",\"datePublished\":\"2018-06-29T13:16:57+00:00\",\"mainEntityOfPage\":{\"@id\":\"https:\\\/\\\/www.meydan.tv\\\/az\\\/article\\\/men-ona-azadliq-arzulayiram\\\/\"},\"wordCount\":964,\"publisher\":{\"@id\":\"https:\\\/\\\/www.meydan.tv\\\/az\\\/#organization\"},\"image\":{\"@id\":\"https:\\\/\\\/www.meydan.tv\\\/az\\\/article\\\/men-ona-azadliq-arzulayiram\\\/#primaryimage\"},\"thumbnailUrl\":\"https:\\\/\\\/www.meydan.tv\\\/wp-content\\\/uploads\\\/42045-e1654684233353.jpg\",\"articleSection\":[\"M\u0259nim Fikrimc\u0259\"],\"inLanguage\":\"az\"},{\"@type\":\"WebPage\",\"@id\":\"https:\\\/\\\/www.meydan.tv\\\/az\\\/article\\\/men-ona-azadliq-arzulayiram\\\/\",\"url\":\"https:\\\/\\\/www.meydan.tv\\\/az\\\/article\\\/men-ona-azadliq-arzulayiram\\\/\",\"name\":\"M\u0259n ona azadl\u0131q arzulay\u0131ram - MEYDAN.TV\",\"isPartOf\":{\"@id\":\"https:\\\/\\\/www.meydan.tv\\\/az\\\/#website\"},\"primaryImageOfPage\":{\"@id\":\"https:\\\/\\\/www.meydan.tv\\\/az\\\/article\\\/men-ona-azadliq-arzulayiram\\\/#primaryimage\"},\"image\":{\"@id\":\"https:\\\/\\\/www.meydan.tv\\\/az\\\/article\\\/men-ona-azadliq-arzulayiram\\\/#primaryimage\"},\"thumbnailUrl\":\"https:\\\/\\\/www.meydan.tv\\\/wp-content\\\/uploads\\\/42045-e1654684233353.jpg\",\"datePublished\":\"2018-06-29T13:16:57+00:00\",\"breadcrumb\":{\"@id\":\"https:\\\/\\\/www.meydan.tv\\\/az\\\/article\\\/men-ona-azadliq-arzulayiram\\\/#breadcrumb\"},\"inLanguage\":\"az\",\"potentialAction\":[{\"@type\":\"ReadAction\",\"target\":[\"https:\\\/\\\/www.meydan.tv\\\/az\\\/article\\\/men-ona-azadliq-arzulayiram\\\/\"]}]},{\"@type\":\"ImageObject\",\"inLanguage\":\"az\",\"@id\":\"https:\\\/\\\/www.meydan.tv\\\/az\\\/article\\\/men-ona-azadliq-arzulayiram\\\/#primaryimage\",\"url\":\"https:\\\/\\\/www.meydan.tv\\\/wp-content\\\/uploads\\\/42045-e1654684233353.jpg\",\"contentUrl\":\"https:\\\/\\\/www.meydan.tv\\\/wp-content\\\/uploads\\\/42045-e1654684233353.jpg\",\"width\":1200,\"height\":528,\"caption\":\"Ramin Hac\u0131l\u0131. M\u0259nb\u0259: Azadl\u0131q Radiosu\"},{\"@type\":\"BreadcrumbList\",\"@id\":\"https:\\\/\\\/www.meydan.tv\\\/az\\\/article\\\/men-ona-azadliq-arzulayiram\\\/#breadcrumb\",\"itemListElement\":[{\"@type\":\"ListItem\",\"position\":1,\"name\":\"Ana s\u0259hif\u0259\",\"item\":\"https:\\\/\\\/www.meydan.tv\\\/az\\\/\"},{\"@type\":\"ListItem\",\"position\":2,\"name\":\"M\u0259nim Fikrimc\u0259\",\"item\":\"https:\\\/\\\/www.meydan.tv\\\/az\\\/section\\\/menim-fikrimce\\\/\"},{\"@type\":\"ListItem\",\"position\":3,\"name\":\"M\u0259n ona azadl\u0131q arzulay\u0131ram\"}]},{\"@type\":\"WebSite\",\"@id\":\"https:\\\/\\\/www.meydan.tv\\\/az\\\/#website\",\"url\":\"https:\\\/\\\/www.meydan.tv\\\/az\\\/\",\"name\":\"MEYDAN.TV\",\"description\":\"Meydan TV Az\u0259rbaycan\u0131n media m\u0259kan\u0131ndak\u0131 alternativ s\u0259sidir\",\"publisher\":{\"@id\":\"https:\\\/\\\/www.meydan.tv\\\/az\\\/#organization\"},\"potentialAction\":[{\"@type\":\"SearchAction\",\"target\":{\"@type\":\"EntryPoint\",\"urlTemplate\":\"https:\\\/\\\/www.meydan.tv\\\/az\\\/?s={search_term_string}\"},\"query-input\":{\"@type\":\"PropertyValueSpecification\",\"valueRequired\":true,\"valueName\":\"search_term_string\"}}],\"inLanguage\":\"az\"},{\"@type\":\"Organization\",\"@id\":\"https:\\\/\\\/www.meydan.tv\\\/az\\\/#organization\",\"name\":\"Meydan TV\",\"url\":\"https:\\\/\\\/www.meydan.tv\\\/az\\\/\",\"logo\":{\"@type\":\"ImageObject\",\"inLanguage\":\"az\",\"@id\":\"https:\\\/\\\/www.meydan.tv\\\/az\\\/#\\\/schema\\\/logo\\\/image\\\/\",\"url\":\"https:\\\/\\\/www.meydan.tv\\\/wp-content\\\/uploads\\\/2021\\\/07\\\/meydan-logo.svg\",\"contentUrl\":\"https:\\\/\\\/www.meydan.tv\\\/wp-content\\\/uploads\\\/2021\\\/07\\\/meydan-logo.svg\",\"width\":195,\"height\":46,\"caption\":\"Meydan TV\"},\"image\":{\"@id\":\"https:\\\/\\\/www.meydan.tv\\\/az\\\/#\\\/schema\\\/logo\\\/image\\\/\"}},{\"@type\":\"Person\",\"@id\":\"https:\\\/\\\/www.meydan.tv\\\/az\\\/#\\\/schema\\\/person\\\/10d11eccf6da3662cf5fdab9806ea91a\",\"name\":\"user-manager\"}]}<\/script>\n<!-- \/ Yoast SEO plugin. -->","yoast_head_json":{"title":"M\u0259n ona azadl\u0131q arzulay\u0131ram - MEYDAN.TV","robots":{"index":"index","follow":"follow","max-snippet":"max-snippet:-1","max-image-preview":"max-image-preview:large","max-video-preview":"max-video-preview:-1"},"canonical":"https:\/\/www.meydan.tv\/az\/article\/men-ona-azadliq-arzulayiram\/","og_locale":"az_AZ","og_type":"article","og_title":"M\u0259n ona azadl\u0131q arzulay\u0131ram - MEYDAN.TV","og_description":"2003-c\u00fc ild\u0259 Az\u0259rbaycan xalq\u0131n\u0131n a\u011f\u0131r m\u0259\u011flubiyy\u0259tini xat\u0131rlay\u0131rs\u0131n\u0131z y\u0259qin","og_url":"https:\/\/www.meydan.tv\/az\/article\/men-ona-azadliq-arzulayiram\/","og_site_name":"MEYDAN.TV","article_published_time":"2018-06-29T13:16:57+00:00","og_image":[{"width":1200,"height":675,"url":"https:\/\/www.meydan.tv\/wp-content\/uploads\/42045.jpg","type":"image\/jpeg"}],"author":"user-manager","twitter_card":"summary_large_image","schema":{"@context":"https:\/\/schema.org","@graph":[{"@type":"Article","@id":"https:\/\/www.meydan.tv\/az\/article\/men-ona-azadliq-arzulayiram\/#article","isPartOf":{"@id":"https:\/\/www.meydan.tv\/az\/article\/men-ona-azadliq-arzulayiram\/"},"author":{"name":"user-manager","@id":"https:\/\/www.meydan.tv\/az\/#\/schema\/person\/10d11eccf6da3662cf5fdab9806ea91a"},"headline":"M\u0259n ona azadl\u0131q arzulay\u0131ram","datePublished":"2018-06-29T13:16:57+00:00","mainEntityOfPage":{"@id":"https:\/\/www.meydan.tv\/az\/article\/men-ona-azadliq-arzulayiram\/"},"wordCount":964,"publisher":{"@id":"https:\/\/www.meydan.tv\/az\/#organization"},"image":{"@id":"https:\/\/www.meydan.tv\/az\/article\/men-ona-azadliq-arzulayiram\/#primaryimage"},"thumbnailUrl":"https:\/\/www.meydan.tv\/wp-content\/uploads\/42045-e1654684233353.jpg","articleSection":["M\u0259nim Fikrimc\u0259"],"inLanguage":"az"},{"@type":"WebPage","@id":"https:\/\/www.meydan.tv\/az\/article\/men-ona-azadliq-arzulayiram\/","url":"https:\/\/www.meydan.tv\/az\/article\/men-ona-azadliq-arzulayiram\/","name":"M\u0259n ona azadl\u0131q arzulay\u0131ram - MEYDAN.TV","isPartOf":{"@id":"https:\/\/www.meydan.tv\/az\/#website"},"primaryImageOfPage":{"@id":"https:\/\/www.meydan.tv\/az\/article\/men-ona-azadliq-arzulayiram\/#primaryimage"},"image":{"@id":"https:\/\/www.meydan.tv\/az\/article\/men-ona-azadliq-arzulayiram\/#primaryimage"},"thumbnailUrl":"https:\/\/www.meydan.tv\/wp-content\/uploads\/42045-e1654684233353.jpg","datePublished":"2018-06-29T13:16:57+00:00","breadcrumb":{"@id":"https:\/\/www.meydan.tv\/az\/article\/men-ona-azadliq-arzulayiram\/#breadcrumb"},"inLanguage":"az","potentialAction":[{"@type":"ReadAction","target":["https:\/\/www.meydan.tv\/az\/article\/men-ona-azadliq-arzulayiram\/"]}]},{"@type":"ImageObject","inLanguage":"az","@id":"https:\/\/www.meydan.tv\/az\/article\/men-ona-azadliq-arzulayiram\/#primaryimage","url":"https:\/\/www.meydan.tv\/wp-content\/uploads\/42045-e1654684233353.jpg","contentUrl":"https:\/\/www.meydan.tv\/wp-content\/uploads\/42045-e1654684233353.jpg","width":1200,"height":528,"caption":"Ramin Hac\u0131l\u0131. M\u0259nb\u0259: Azadl\u0131q Radiosu"},{"@type":"BreadcrumbList","@id":"https:\/\/www.meydan.tv\/az\/article\/men-ona-azadliq-arzulayiram\/#breadcrumb","itemListElement":[{"@type":"ListItem","position":1,"name":"Ana s\u0259hif\u0259","item":"https:\/\/www.meydan.tv\/az\/"},{"@type":"ListItem","position":2,"name":"M\u0259nim Fikrimc\u0259","item":"https:\/\/www.meydan.tv\/az\/section\/menim-fikrimce\/"},{"@type":"ListItem","position":3,"name":"M\u0259n ona azadl\u0131q arzulay\u0131ram"}]},{"@type":"WebSite","@id":"https:\/\/www.meydan.tv\/az\/#website","url":"https:\/\/www.meydan.tv\/az\/","name":"MEYDAN.TV","description":"Meydan TV Az\u0259rbaycan\u0131n media m\u0259kan\u0131ndak\u0131 alternativ s\u0259sidir","publisher":{"@id":"https:\/\/www.meydan.tv\/az\/#organization"},"potentialAction":[{"@type":"SearchAction","target":{"@type":"EntryPoint","urlTemplate":"https:\/\/www.meydan.tv\/az\/?s={search_term_string}"},"query-input":{"@type":"PropertyValueSpecification","valueRequired":true,"valueName":"search_term_string"}}],"inLanguage":"az"},{"@type":"Organization","@id":"https:\/\/www.meydan.tv\/az\/#organization","name":"Meydan TV","url":"https:\/\/www.meydan.tv\/az\/","logo":{"@type":"ImageObject","inLanguage":"az","@id":"https:\/\/www.meydan.tv\/az\/#\/schema\/logo\/image\/","url":"https:\/\/www.meydan.tv\/wp-content\/uploads\/2021\/07\/meydan-logo.svg","contentUrl":"https:\/\/www.meydan.tv\/wp-content\/uploads\/2021\/07\/meydan-logo.svg","width":195,"height":46,"caption":"Meydan TV"},"image":{"@id":"https:\/\/www.meydan.tv\/az\/#\/schema\/logo\/image\/"}},{"@type":"Person","@id":"https:\/\/www.meydan.tv\/az\/#\/schema\/person\/10d11eccf6da3662cf5fdab9806ea91a","name":"user-manager"}]}},"_links":{"self":[{"href":"https:\/\/www.meydan.tv\/az\/wp-json\/wp\/v2\/posts\/190635","targetHints":{"allow":["GET"]}}],"collection":[{"href":"https:\/\/www.meydan.tv\/az\/wp-json\/wp\/v2\/posts"}],"about":[{"href":"https:\/\/www.meydan.tv\/az\/wp-json\/wp\/v2\/types\/post"}],"author":[{"embeddable":true,"href":"https:\/\/www.meydan.tv\/az\/wp-json\/wp\/v2\/users\/11"}],"replies":[{"embeddable":true,"href":"https:\/\/www.meydan.tv\/az\/wp-json\/wp\/v2\/comments?post=190635"}],"version-history":[{"count":0,"href":"https:\/\/www.meydan.tv\/az\/wp-json\/wp\/v2\/posts\/190635\/revisions"}],"wp:featuredmedia":[{"embeddable":true,"href":"https:\/\/www.meydan.tv\/az\/wp-json\/wp\/v2\/media\/105866"}],"wp:attachment":[{"href":"https:\/\/www.meydan.tv\/az\/wp-json\/wp\/v2\/media?parent=190635"}],"wp:term":[{"taxonomy":"category","embeddable":true,"href":"https:\/\/www.meydan.tv\/az\/wp-json\/wp\/v2\/categories?post=190635"},{"taxonomy":"post_tag","embeddable":true,"href":"https:\/\/www.meydan.tv\/az\/wp-json\/wp\/v2\/tags?post=190635"}],"curies":[{"name":"wp","href":"https:\/\/api.w.org\/{rel}","templated":true}]}}