{"id":190581,"date":"2018-06-25T20:59:23","date_gmt":"2018-06-25T20:59:23","guid":{"rendered":"https:\/\/www.meydan.tv\/article\/ramazan-monitorinqi\/"},"modified":"2018-06-25T20:59:23","modified_gmt":"2018-06-25T20:59:23","slug":"ramazan-monitorinqi","status":"publish","type":"post","link":"https:\/\/www.meydan.tv\/az\/article\/ramazan-monitorinqi\/","title":{"rendered":"Ramazan monitorinqi"},"content":{"rendered":"<p>\n  Son g\u00fcnl\u0259r Az\u0259rbaycan c\u0259miyy\u0259tind\u0259 d\u0259 \u0259sas m\u00fczakir\u0259 m\u00f6vzusu qarda\u015f T\u00fcrkiy\u0259d\u0259ki se\u00e7kil\u0259rdir. B\u0259zil\u0259ri \u00f6lk\u0259mizd\u0259 ke\u00e7iril\u0259n se\u00e7kil\u0259rd\u0259n daha \u00e7ox T\u00fcrkiy\u0259d\u0259ki prosesl\u0259rl\u0259 ilgil\u0259nir. Bu da ba\u015fad\u00fc\u015f\u00fcl\u0259ndir, \u00e7\u00fcnki \u018frdo\u011fan T\u00fcrkiy\u0259si YAP hakimiyy\u0259tinin ba\u015fl\u0131ca dayaqlar\u0131ndan biridir. Ancaq ist\u0259nil\u0259n halda \u00f6lk\u0259mizd\u0259 ba\u015f ver\u0259nl\u0259r d\u0259 diqq\u0259td\u0259n k\u0259narda qalmamal\u0131d\u0131r. M\u0259s\u0259l\u0259n, QHT \u015euras\u0131n\u0131n 10 illik yubileyind\u0259 prezidentin k\u00f6m\u0259k\u00e7isi \u018fli H\u0259s\u0259novun \u201cAz\u0259rbaycanda azad media formala\u015f\u0131b\u201d s\u00f6zl\u0259ri qarda\u015f \u00f6lk\u0259nin se\u00e7ki ehtiras\u0131nda itib-batd\u0131. Bu a\u00e7\u0131qlamaya reaksiyalar olmad\u0131&#8230;\n<\/p>\n<p>\n  Maraql\u0131 x\u0259b\u0259rl\u0259rd\u0259n biri Dini Qurumlarla \u0130\u015f \u00fczr\u0259 D\u00f6vl\u0259t Komit\u0259sind\u0259n g\u0259lib. S\u0259n dem\u0259, bu komit\u0259 Ramazan ay\u0131 boyu monitorinql\u0259r apar\u0131b. Monitorinq s\u00f6z\u00fc e\u015fidil\u0259nd\u0259 adam\u0131n a\u011fl\u0131na \u0259sas\u0259n se\u00e7ki monitorinqi, siyasi m\u0259hbuslarla ba\u011fl\u0131 monitorinq, c\u0259bh\u0259 b\u00f6lg\u0259sind\u0259 monitorinq, qu\u015f qripi il\u0259 ba\u011fl\u0131 monitorinq v\u0259 s. g\u0259lir. Ancaq daha \u00f6n\u0259mli monitorinql\u0259r varm\u0131\u015f, x\u0259b\u0259rimiz yox&#8230;\n<\/p>\n<p>\n  Dini Qurumlarla \u0130\u015f \u00fczr\u0259 D\u00f6vl\u0259t Komit\u0259si Ramazan ay\u0131nda m\u0259scid v\u0259 ziyar\u0259tgahlarda monitorinql\u0259r apar\u0131b. Ramazan qurtarandan sonra, daha do\u011frusu, iyunun 21-d\u0259 n\u0259tic\u0259l\u0259ri a\u00e7\u0131qlay\u0131b. H\u0259m d\u0259 bu i\u015fi t\u0259k g\u00f6rm\u0259diyi bildirilib:\n<\/p>\n<p>\n  \u201cAyboyu icra olunacaq ibad\u0259tl\u0259rin vaxtlar\u0131 il\u0259 ba\u011fl\u0131 Qafqaz M\u00fcs\u0259lmanlar\u0131 \u0130dar\u0259si (QM\u0130) v\u0259 Milli Elml\u0259r Akademiyas\u0131n\u0131n \u015eamax\u0131 Astrofizika R\u0259s\u0259dxanas\u0131 il\u0259 birg\u0259 astronomik hesablamalara uy\u011fun x\u00fcsusi t\u0259qvim<br \/>\n  <a href=\"https:\/\/az.trend.az\/azerbaijan\/society\/2919717.html\" target=\"_blank\" rel=\"noopener\"><br \/>\n    haz\u0131rlan\u0131b\u201d<br \/>\n  <\/a><br \/>\n  .\n<\/p>\n<p>\n  \u00c7ox sevindiricidir. Yad\u0131mdad\u0131r, Az\u0259rbaycan Elml\u0259r Akademiyas\u0131n\u0131n ad\u0131 d\u0259yi\u015fdirilib Az\u0259rbaycan Milli Elml\u0259r Akademiyas\u0131 (AMEA) qoyulanda \u00e7oxu dodaq b\u00fczd\u00fc: milli d\u0259 elm olar, \u2013 dedil\u0259r. G\u00f6r\u00fcn\u00fcr, do\u011frudan da, h\u0259r \u015feyin zamana ehtiyac\u0131 var, zaman b\u00fct\u00fcn qaranl\u0131q suallar\u0131 yerb\u0259yer edir, vaxt\u0131 \u00e7atanda cavab\u0131n\u0131 verir. Budur, 85 ya\u015fl\u0131 h\u00f6rm\u0259tli alimimiz Akif \u018flizad\u0259nin r\u0259hb\u0259rlik etdiyi AMEA daha ciddi i\u015fl\u0259rl\u0259 m\u0259\u015f\u011ful oldu\u011funu ortaya qoydu. Onlar Dini Qurumlarla \u0130\u015f \u00fczr\u0259 D\u00f6vl\u0259t Komit\u0259si il\u0259 birg\u0259 astronomik hesablamalara uy\u011fun t\u0259qvim haz\u0131rlay\u0131blar. H\u0259r \u015fey d\u0259qiqdir, astronomikc\u0259sin\u0259. Namaz\u0131 n\u0259 vaxt q\u0131lmaq, oruca n\u0259 vaxt ba\u015flamaq, orucu n\u0259 vaxt a\u00e7maq; ham\u0131s\u0131 elmi \u015f\u0259kild\u0259 hesablan\u0131b v\u0259 M\u00fcbariz Qurbanl\u0131n\u0131n idar\u0259sin\u0259 t\u0259hvil verilib. Onlar da \u00f6z n\u00f6vb\u0259sind\u0259 bunu m\u0259scidl\u0259r\u0259 g\u00f6nd\u0259ribl\u0259r. H\u0259r \u015fey plana uy\u011fun gets\u0259 d\u0259, yen\u0259 destruktiv q\u00fcvv\u0259l\u0259r tap\u0131l\u0131b, bu elmi, astronomik t\u0259qvimi etalon kimi q\u0259bul etm\u0259yib. Ramazan bayram\u0131n\u0131 iyunun 15-d\u0259 deyil, 14-d\u0259 bayram kimi ke\u00e7ir\u0259nl\u0259r tap\u0131l\u0131b:\n<\/p>\n<p>\n  \u201c&#8230;Lakin B\u0259rd\u0259 \u015f\u0259h\u0259r \u201cC\u00fcm\u0259\u201d m\u0259scidind\u0259 QM\u0130-y\u0259 aid olmayan t\u0259qviml\u0259r paylan\u0131l\u0131b. A\u011fda\u015f \u015f\u0259h\u0259rind\u0259 is\u0259 bayram namaz\u0131n\u0131n iyunun 14-d\u0259 q\u0131l\u0131naca\u011f\u0131 bar\u0259d\u0259 \u00e7a\u015fd\u0131r\u0131c\u0131 xarakterli v\u0259r\u0259q\u0259l\u0259r paylan\u0131l\u0131b. Qeyd edil\u0259n neqativ hallar istisna olmaqla \u00fcmum\u0259n 2018-ci ild\u0259 Ramazan ay\u0131 \u00f6lk\u0259mizd\u0259 m\u0259n\u0259vi d\u0259y\u0259rl\u0259r\u0259 uy\u011fun formada ke\u00e7irilib. Ayboyu dini icmalara laz\u0131mi qay\u011f\u0131 v\u0259 d\u0259st\u0259k g\u00f6st\u0259rilib. Dini icmalar\u0131n s\u0259rb\u0259st \u015f\u0259kild\u0259 t\u0259ravih namazlar\u0131n\u0131n icras\u0131, Q\u0259dr gec\u0259l\u0259rinin \u0259hya edilm\u0259si il\u0259 ba\u011fl\u0131 laz\u0131mi \u015f\u0259rait yarad\u0131l\u0131b. 15 iyun tarixind\u0259 m\u0259scidl\u0259rd\u0259 icra olunmu\u015f bayram namazlar\u0131nda ciddi neqativ hallar m\u00fc\u015fahid\u0259 edilm\u0259yib&#8221;.\n<\/p>\n<p>\n  \u00c7ox \u015f\u00fck\u00fcr, ki\u00e7ik \u00f6zba\u015f\u0131nal\u0131qlar n\u0259z\u0259r\u0259 al\u0131nmasa, AMEA-n\u0131n z\u0259hm\u0259ti h\u0259d\u0259r getm\u0259yib. Astronomik hesablamalar n\u0259tic\u0259sind\u0259 adamlar namaz\u0131n\u0131 vaxt\u0131nda q\u0131la, orucunu vaxt\u0131nda a\u00e7a bilib. Ancaq \u00fcz\u00fcc\u00fc hallar da var. M\u0259l\u0259yin u\u00e7ma s\u00fcr\u0259tini hesablayan bir quruma b\u0259zil\u0259rinin etimads\u0131zl\u0131\u011f\u0131 adamda \u00e7ox ciddi x\u0259yal q\u0131r\u0131ql\u0131\u011f\u0131 yarad\u0131r&#8230;\n<\/p>\n<p>\n  Ramazana bar\u0131\u015f\u0131q ay\u0131 da deyirl\u0259r. Ramazan boyunca insanlar orucun hesab\u0131na g\u00fcnah i\u015fl\u0259tm\u0259kd\u0259n, yanl\u0131\u015f \u0259m\u0259ll\u0259rd\u0259n \u0259l \u00e7\u0259k\u0259r\u0259k \u0259dal\u0259tli olma\u011f\u0131 \u00f6yr\u0259nirl\u0259r. Bu Ramazanda \u0259dal\u0259tli olduqmu? Yanl\u0131\u015f \u0259m\u0259ll\u0259rd\u0259n \u0259l \u00e7\u0259kdikmi? G\u00fcnah i\u015fl\u0259rd\u0259n qa\u00e7d\u0131qm\u0131? R\u0259hmli olduqmu? Dini Qurumlarla \u0130\u015f \u00fczr\u0259 D\u00f6vl\u0259t Komit\u0259sinin apard\u0131\u011f\u0131 monitorinqd\u0259 bunlarla ba\u011fl\u0131 h\u0259r hans\u0131 informasiya il\u0259 qar\u015f\u0131la\u015fmad\u0131q. \u00d6z\u00fcm\u00fcz ay\u0131n monitorinqini aparmaq zorunda qald\u0131q.\n<\/p>\n<p>\n  Bel\u0259likl\u0259, Ramazan\u0131n 10-cu g\u00fcn\u00fcnd\u0259 AXCP-nin 3 \u00fczv\u00fc \u2013 Bab\u0259k H\u0259s\u0259nov, Ruslan N\u0259sirli v\u0259 Aqil M\u0259h\u0259rr\u0259mli h\u0259bs edilib. Bu 3 n\u0259f\u0259r\u0259 h\u0259l\u0259 d\u0259 yax\u0131nlar\u0131 il\u0259 g\u00f6r\u00fc\u015f imkan\u0131 verilmir. May\u0131n 29-da ReAL-\u0131n M\u0259clis \u00fczv\u00fc Az\u0259r Qas\u0131ml\u0131 h\u0259bs edilib. O, ba\u015fqalar\u0131yla birg\u0259 C\u00fcmhuriy\u0259tin 100 illiyi g\u00fcn\u00fc n\u00fcmayi\u015fd\u0259 i\u015ftirak\u0131na g\u00f6r\u0259 tutulub. Bunun ard\u0131nca ReAL-\u0131n M\u0259clis \u00fczvl\u0259rind\u0259n Elmin H\u0259mz\u0259yev 25, N\u0259riman \u0130smay\u0131l 30, \u018fr\u0259stun \u018flizad\u0259 is\u0259 25 sutka m\u00fcdd\u0259tin\u0259 h\u0259bs olunub. R\u0259smi ittiham ba\u015fqa olsa da, onlar da C\u00fcmhuriyy\u0259t y\u00fcr\u00fc\u015f\u00fcnd\u0259 i\u015ftiraka g\u00f6r\u0259 tutulublar. ReAL Partiyas\u0131n\u0131n h\u0259bsd\u0259 olan s\u0259dri \u0130lqar M\u0259mm\u0259dovun ad g\u00fcn\u00fcnd\u0259 ona azadl\u0131q t\u0259l\u0259b ed\u0259n F\u00fczuli H\u00fcseynov iyunun 14-d\u0259 h\u0259bs edilib(b\u0259zi destruktiv q\u00fcvv\u0259l\u0259r Ramazan\u0131 bayram etdikl\u0259ri g\u00fcn \u2013 R.H.). \u0130yunun 13-d\u0259 AXCP-nin daha 3 \u00fczv\u00fc h\u0259bs edilib. \u0130yunun 7-d\u0259 ReAL Partiyas\u0131n\u0131n f\u0259allar\u0131ndan Anar M\u0259mm\u0259dov evind\u0259n apar\u0131l\u0131b. \u0130yunun 8-d\u0259 Yasamal Rayon M\u0259hk\u0259m\u0259si ona 10 sutka c\u0259za verib.\n<\/p>\n<p>\n  AB\u015e-da t\u0259hsilini ba\u015fa vurub Bak\u0131ya qay\u0131dan g\u0259nc Emin Aslan iyunun 4-d\u0259 \u015f\u0259h\u0259rin m\u0259rk\u0259zind\u0259 o\u011furlan\u0131b, yax\u0131nlar\u0131 bir ne\u00e7\u0259 g\u00fcn ondan x\u0259b\u0259r tutmay\u0131b, sonra ona 30 sutka h\u0259bs verilib&#8230;\n<\/p>\n<p>\n  Maraql\u0131d\u0131r, g\u00f6r\u0259s\u0259n bu dini qurum inancl\u0131 k\u0259simin t\u00fcrm\u0259l\u0259r\u0259 doldurulmas\u0131, onlara i\u015fg\u0259nc\u0259 verilm\u0259si, \u00f6ld\u00fcr\u00fclm\u0259si, m\u0259hk\u0259m\u0259 prosesl\u0259ri il\u0259 ba\u011fl\u0131 da monitorinq apar\u0131rm\u0131? \u015eik\u0259st edilmi\u015f \u018fb\u00fclf\u0259z B\u00fcnyadova yax\u0131nlar\u0131 il\u0259 g\u00f6r\u00fc\u015f\u0259 imkan verilmir, yataq x\u0259st\u0259si olan bu adama qohumlar\u0131n\u0131n sahib durmas\u0131na \u015f\u0259rait yarad\u0131lm\u0131r. Bu sayaq i\u015fl\u0259ri monitorinq alt\u0131na almaq olmazm\u0131, h\u0259m d\u0259 Ombudsman Aparat\u0131 il\u0259 birg\u0259; bu qurumun 81 ya\u015fl\u0131 h\u00f6rm\u0259tli r\u0259hb\u0259ri astronomik hesablamalar aparma\u011f\u0131 bacarmasa bel\u0259&#8230;\n<\/p>\n<p>\n  <b><br \/>\n    <i><br \/>\n      Yaz\u0131 m\u00fc\u0259llifin fikirl\u0259rini \u0259ks etdirir v\u0259 Meydan TV-nin m\u00f6vqeyi il\u0259 \u00fcst-\u00fcst\u0259 d\u00fc\u015fm\u0259y\u0259 bil\u0259r.<br \/>\n    <\/i><br \/>\n  <\/b><\/p>\n","protected":false},"excerpt":{"rendered":"<p>Son g\u00fcnl\u0259r Az\u0259rbaycan c\u0259miyy\u0259tind\u0259 d\u0259 \u0259sas m\u00fczakir\u0259 m\u00f6vzusu qarda\u015f T\u00fcrkiy\u0259d\u0259ki se\u00e7kil\u0259rdir<\/p>\n","protected":false},"author":11,"featured_media":105653,"comment_status":"closed","ping_status":"open","sticky":false,"template":"","format":"standard","meta":{"_acf_changed":false,"_sitemap_exclude":false,"_sitemap_priority":"","_sitemap_frequency":"","footnotes":""},"categories":[57],"tags":[],"class_list":["post-190581","post","type-post","status-publish","format-standard","has-post-thumbnail","hentry","category-menim-fikrimce","infinite-scroll-item","generate-columns","tablet-grid-50","mobile-grid-100","grid-parent","grid-33","no-featured-image-padding"],"acf":[],"yoast_head":"<!-- This site is optimized with the Yoast SEO plugin v27.4 - https:\/\/yoast.com\/product\/yoast-seo-wordpress\/ -->\n<title>Ramazan monitorinqi - MEYDAN.TV<\/title>\n<meta name=\"robots\" content=\"index, follow, max-snippet:-1, max-image-preview:large, max-video-preview:-1\" \/>\n<link rel=\"canonical\" href=\"https:\/\/www.meydan.tv\/az\/article\/ramazan-monitorinqi\/\" \/>\n<meta property=\"og:locale\" content=\"az_AZ\" \/>\n<meta property=\"og:type\" content=\"article\" \/>\n<meta property=\"og:title\" content=\"Ramazan monitorinqi - MEYDAN.TV\" \/>\n<meta property=\"og:description\" content=\"Son g\u00fcnl\u0259r Az\u0259rbaycan c\u0259miyy\u0259tind\u0259 d\u0259 \u0259sas m\u00fczakir\u0259 m\u00f6vzusu qarda\u015f T\u00fcrkiy\u0259d\u0259ki se\u00e7kil\u0259rdir\" \/>\n<meta property=\"og:url\" content=\"https:\/\/www.meydan.tv\/az\/article\/ramazan-monitorinqi\/\" \/>\n<meta property=\"og:site_name\" content=\"MEYDAN.TV\" \/>\n<meta property=\"article:published_time\" content=\"2018-06-25T20:59:23+00:00\" \/>\n<meta property=\"og:image\" content=\"https:\/\/www.meydan.tv\/wp-content\/uploads\/41944.jpg\" \/>\n\t<meta property=\"og:image:width\" content=\"2000\" \/>\n\t<meta property=\"og:image:height\" content=\"1462\" \/>\n\t<meta property=\"og:image:type\" content=\"image\/jpeg\" \/>\n<meta name=\"author\" content=\"user-manager\" \/>\n<meta name=\"twitter:card\" content=\"summary_large_image\" \/>\n<script type=\"application\/ld+json\" class=\"yoast-schema-graph\">{\"@context\":\"https:\\\/\\\/schema.org\",\"@graph\":[{\"@type\":\"Article\",\"@id\":\"https:\\\/\\\/www.meydan.tv\\\/az\\\/article\\\/ramazan-monitorinqi\\\/#article\",\"isPartOf\":{\"@id\":\"https:\\\/\\\/www.meydan.tv\\\/az\\\/article\\\/ramazan-monitorinqi\\\/\"},\"author\":{\"name\":\"user-manager\",\"@id\":\"https:\\\/\\\/www.meydan.tv\\\/az\\\/#\\\/schema\\\/person\\\/10d11eccf6da3662cf5fdab9806ea91a\"},\"headline\":\"Ramazan monitorinqi\",\"datePublished\":\"2018-06-25T20:59:23+00:00\",\"mainEntityOfPage\":{\"@id\":\"https:\\\/\\\/www.meydan.tv\\\/az\\\/article\\\/ramazan-monitorinqi\\\/\"},\"wordCount\":1181,\"publisher\":{\"@id\":\"https:\\\/\\\/www.meydan.tv\\\/az\\\/#organization\"},\"image\":{\"@id\":\"https:\\\/\\\/www.meydan.tv\\\/az\\\/article\\\/ramazan-monitorinqi\\\/#primaryimage\"},\"thumbnailUrl\":\"https:\\\/\\\/www.meydan.tv\\\/wp-content\\\/uploads\\\/41944.jpg\",\"articleSection\":[\"M\u0259nim Fikrimc\u0259\"],\"inLanguage\":\"az\"},{\"@type\":\"WebPage\",\"@id\":\"https:\\\/\\\/www.meydan.tv\\\/az\\\/article\\\/ramazan-monitorinqi\\\/\",\"url\":\"https:\\\/\\\/www.meydan.tv\\\/az\\\/article\\\/ramazan-monitorinqi\\\/\",\"name\":\"Ramazan monitorinqi - MEYDAN.TV\",\"isPartOf\":{\"@id\":\"https:\\\/\\\/www.meydan.tv\\\/az\\\/#website\"},\"primaryImageOfPage\":{\"@id\":\"https:\\\/\\\/www.meydan.tv\\\/az\\\/article\\\/ramazan-monitorinqi\\\/#primaryimage\"},\"image\":{\"@id\":\"https:\\\/\\\/www.meydan.tv\\\/az\\\/article\\\/ramazan-monitorinqi\\\/#primaryimage\"},\"thumbnailUrl\":\"https:\\\/\\\/www.meydan.tv\\\/wp-content\\\/uploads\\\/41944.jpg\",\"datePublished\":\"2018-06-25T20:59:23+00:00\",\"breadcrumb\":{\"@id\":\"https:\\\/\\\/www.meydan.tv\\\/az\\\/article\\\/ramazan-monitorinqi\\\/#breadcrumb\"},\"inLanguage\":\"az\",\"potentialAction\":[{\"@type\":\"ReadAction\",\"target\":[\"https:\\\/\\\/www.meydan.tv\\\/az\\\/article\\\/ramazan-monitorinqi\\\/\"]}]},{\"@type\":\"ImageObject\",\"inLanguage\":\"az\",\"@id\":\"https:\\\/\\\/www.meydan.tv\\\/az\\\/article\\\/ramazan-monitorinqi\\\/#primaryimage\",\"url\":\"https:\\\/\\\/www.meydan.tv\\\/wp-content\\\/uploads\\\/41944.jpg\",\"contentUrl\":\"https:\\\/\\\/www.meydan.tv\\\/wp-content\\\/uploads\\\/41944.jpg\",\"width\":2000,\"height\":1462,\"caption\":\"Foto: arxiv\"},{\"@type\":\"BreadcrumbList\",\"@id\":\"https:\\\/\\\/www.meydan.tv\\\/az\\\/article\\\/ramazan-monitorinqi\\\/#breadcrumb\",\"itemListElement\":[{\"@type\":\"ListItem\",\"position\":1,\"name\":\"Ana s\u0259hif\u0259\",\"item\":\"https:\\\/\\\/www.meydan.tv\\\/az\\\/\"},{\"@type\":\"ListItem\",\"position\":2,\"name\":\"M\u0259nim Fikrimc\u0259\",\"item\":\"https:\\\/\\\/www.meydan.tv\\\/az\\\/section\\\/menim-fikrimce\\\/\"},{\"@type\":\"ListItem\",\"position\":3,\"name\":\"Ramazan monitorinqi\"}]},{\"@type\":\"WebSite\",\"@id\":\"https:\\\/\\\/www.meydan.tv\\\/az\\\/#website\",\"url\":\"https:\\\/\\\/www.meydan.tv\\\/az\\\/\",\"name\":\"MEYDAN.TV\",\"description\":\"Meydan TV Az\u0259rbaycan\u0131n media m\u0259kan\u0131ndak\u0131 alternativ s\u0259sidir\",\"publisher\":{\"@id\":\"https:\\\/\\\/www.meydan.tv\\\/az\\\/#organization\"},\"potentialAction\":[{\"@type\":\"SearchAction\",\"target\":{\"@type\":\"EntryPoint\",\"urlTemplate\":\"https:\\\/\\\/www.meydan.tv\\\/az\\\/?s={search_term_string}\"},\"query-input\":{\"@type\":\"PropertyValueSpecification\",\"valueRequired\":true,\"valueName\":\"search_term_string\"}}],\"inLanguage\":\"az\"},{\"@type\":\"Organization\",\"@id\":\"https:\\\/\\\/www.meydan.tv\\\/az\\\/#organization\",\"name\":\"Meydan TV\",\"url\":\"https:\\\/\\\/www.meydan.tv\\\/az\\\/\",\"logo\":{\"@type\":\"ImageObject\",\"inLanguage\":\"az\",\"@id\":\"https:\\\/\\\/www.meydan.tv\\\/az\\\/#\\\/schema\\\/logo\\\/image\\\/\",\"url\":\"https:\\\/\\\/www.meydan.tv\\\/wp-content\\\/uploads\\\/2021\\\/07\\\/meydan-logo.svg\",\"contentUrl\":\"https:\\\/\\\/www.meydan.tv\\\/wp-content\\\/uploads\\\/2021\\\/07\\\/meydan-logo.svg\",\"width\":195,\"height\":46,\"caption\":\"Meydan TV\"},\"image\":{\"@id\":\"https:\\\/\\\/www.meydan.tv\\\/az\\\/#\\\/schema\\\/logo\\\/image\\\/\"}},{\"@type\":\"Person\",\"@id\":\"https:\\\/\\\/www.meydan.tv\\\/az\\\/#\\\/schema\\\/person\\\/10d11eccf6da3662cf5fdab9806ea91a\",\"name\":\"user-manager\"}]}<\/script>\n<!-- \/ Yoast SEO plugin. -->","yoast_head_json":{"title":"Ramazan monitorinqi - MEYDAN.TV","robots":{"index":"index","follow":"follow","max-snippet":"max-snippet:-1","max-image-preview":"max-image-preview:large","max-video-preview":"max-video-preview:-1"},"canonical":"https:\/\/www.meydan.tv\/az\/article\/ramazan-monitorinqi\/","og_locale":"az_AZ","og_type":"article","og_title":"Ramazan monitorinqi - MEYDAN.TV","og_description":"Son g\u00fcnl\u0259r Az\u0259rbaycan c\u0259miyy\u0259tind\u0259 d\u0259 \u0259sas m\u00fczakir\u0259 m\u00f6vzusu qarda\u015f T\u00fcrkiy\u0259d\u0259ki se\u00e7kil\u0259rdir","og_url":"https:\/\/www.meydan.tv\/az\/article\/ramazan-monitorinqi\/","og_site_name":"MEYDAN.TV","article_published_time":"2018-06-25T20:59:23+00:00","og_image":[{"width":2000,"height":1462,"url":"https:\/\/www.meydan.tv\/wp-content\/uploads\/41944.jpg","type":"image\/jpeg"}],"author":"user-manager","twitter_card":"summary_large_image","schema":{"@context":"https:\/\/schema.org","@graph":[{"@type":"Article","@id":"https:\/\/www.meydan.tv\/az\/article\/ramazan-monitorinqi\/#article","isPartOf":{"@id":"https:\/\/www.meydan.tv\/az\/article\/ramazan-monitorinqi\/"},"author":{"name":"user-manager","@id":"https:\/\/www.meydan.tv\/az\/#\/schema\/person\/10d11eccf6da3662cf5fdab9806ea91a"},"headline":"Ramazan monitorinqi","datePublished":"2018-06-25T20:59:23+00:00","mainEntityOfPage":{"@id":"https:\/\/www.meydan.tv\/az\/article\/ramazan-monitorinqi\/"},"wordCount":1181,"publisher":{"@id":"https:\/\/www.meydan.tv\/az\/#organization"},"image":{"@id":"https:\/\/www.meydan.tv\/az\/article\/ramazan-monitorinqi\/#primaryimage"},"thumbnailUrl":"https:\/\/www.meydan.tv\/wp-content\/uploads\/41944.jpg","articleSection":["M\u0259nim Fikrimc\u0259"],"inLanguage":"az"},{"@type":"WebPage","@id":"https:\/\/www.meydan.tv\/az\/article\/ramazan-monitorinqi\/","url":"https:\/\/www.meydan.tv\/az\/article\/ramazan-monitorinqi\/","name":"Ramazan monitorinqi - MEYDAN.TV","isPartOf":{"@id":"https:\/\/www.meydan.tv\/az\/#website"},"primaryImageOfPage":{"@id":"https:\/\/www.meydan.tv\/az\/article\/ramazan-monitorinqi\/#primaryimage"},"image":{"@id":"https:\/\/www.meydan.tv\/az\/article\/ramazan-monitorinqi\/#primaryimage"},"thumbnailUrl":"https:\/\/www.meydan.tv\/wp-content\/uploads\/41944.jpg","datePublished":"2018-06-25T20:59:23+00:00","breadcrumb":{"@id":"https:\/\/www.meydan.tv\/az\/article\/ramazan-monitorinqi\/#breadcrumb"},"inLanguage":"az","potentialAction":[{"@type":"ReadAction","target":["https:\/\/www.meydan.tv\/az\/article\/ramazan-monitorinqi\/"]}]},{"@type":"ImageObject","inLanguage":"az","@id":"https:\/\/www.meydan.tv\/az\/article\/ramazan-monitorinqi\/#primaryimage","url":"https:\/\/www.meydan.tv\/wp-content\/uploads\/41944.jpg","contentUrl":"https:\/\/www.meydan.tv\/wp-content\/uploads\/41944.jpg","width":2000,"height":1462,"caption":"Foto: arxiv"},{"@type":"BreadcrumbList","@id":"https:\/\/www.meydan.tv\/az\/article\/ramazan-monitorinqi\/#breadcrumb","itemListElement":[{"@type":"ListItem","position":1,"name":"Ana s\u0259hif\u0259","item":"https:\/\/www.meydan.tv\/az\/"},{"@type":"ListItem","position":2,"name":"M\u0259nim Fikrimc\u0259","item":"https:\/\/www.meydan.tv\/az\/section\/menim-fikrimce\/"},{"@type":"ListItem","position":3,"name":"Ramazan monitorinqi"}]},{"@type":"WebSite","@id":"https:\/\/www.meydan.tv\/az\/#website","url":"https:\/\/www.meydan.tv\/az\/","name":"MEYDAN.TV","description":"Meydan TV Az\u0259rbaycan\u0131n media m\u0259kan\u0131ndak\u0131 alternativ s\u0259sidir","publisher":{"@id":"https:\/\/www.meydan.tv\/az\/#organization"},"potentialAction":[{"@type":"SearchAction","target":{"@type":"EntryPoint","urlTemplate":"https:\/\/www.meydan.tv\/az\/?s={search_term_string}"},"query-input":{"@type":"PropertyValueSpecification","valueRequired":true,"valueName":"search_term_string"}}],"inLanguage":"az"},{"@type":"Organization","@id":"https:\/\/www.meydan.tv\/az\/#organization","name":"Meydan TV","url":"https:\/\/www.meydan.tv\/az\/","logo":{"@type":"ImageObject","inLanguage":"az","@id":"https:\/\/www.meydan.tv\/az\/#\/schema\/logo\/image\/","url":"https:\/\/www.meydan.tv\/wp-content\/uploads\/2021\/07\/meydan-logo.svg","contentUrl":"https:\/\/www.meydan.tv\/wp-content\/uploads\/2021\/07\/meydan-logo.svg","width":195,"height":46,"caption":"Meydan TV"},"image":{"@id":"https:\/\/www.meydan.tv\/az\/#\/schema\/logo\/image\/"}},{"@type":"Person","@id":"https:\/\/www.meydan.tv\/az\/#\/schema\/person\/10d11eccf6da3662cf5fdab9806ea91a","name":"user-manager"}]}},"_links":{"self":[{"href":"https:\/\/www.meydan.tv\/az\/wp-json\/wp\/v2\/posts\/190581","targetHints":{"allow":["GET"]}}],"collection":[{"href":"https:\/\/www.meydan.tv\/az\/wp-json\/wp\/v2\/posts"}],"about":[{"href":"https:\/\/www.meydan.tv\/az\/wp-json\/wp\/v2\/types\/post"}],"author":[{"embeddable":true,"href":"https:\/\/www.meydan.tv\/az\/wp-json\/wp\/v2\/users\/11"}],"replies":[{"embeddable":true,"href":"https:\/\/www.meydan.tv\/az\/wp-json\/wp\/v2\/comments?post=190581"}],"version-history":[{"count":0,"href":"https:\/\/www.meydan.tv\/az\/wp-json\/wp\/v2\/posts\/190581\/revisions"}],"wp:featuredmedia":[{"embeddable":true,"href":"https:\/\/www.meydan.tv\/az\/wp-json\/wp\/v2\/media\/105653"}],"wp:attachment":[{"href":"https:\/\/www.meydan.tv\/az\/wp-json\/wp\/v2\/media?parent=190581"}],"wp:term":[{"taxonomy":"category","embeddable":true,"href":"https:\/\/www.meydan.tv\/az\/wp-json\/wp\/v2\/categories?post=190581"},{"taxonomy":"post_tag","embeddable":true,"href":"https:\/\/www.meydan.tv\/az\/wp-json\/wp\/v2\/tags?post=190581"}],"curies":[{"name":"wp","href":"https:\/\/api.w.org\/{rel}","templated":true}]}}