{"id":190563,"date":"2018-06-23T22:31:59","date_gmt":"2018-06-23T22:31:59","guid":{"rendered":"https:\/\/www.meydan.tv\/article\/ehalinin-ozune-aramsiz-xeyaneti\/"},"modified":"2018-06-23T22:31:59","modified_gmt":"2018-06-23T22:31:59","slug":"ehalinin-ozune-aramsiz-xeyaneti","status":"publish","type":"post","link":"https:\/\/www.meydan.tv\/az\/article\/ehalinin-ozune-aramsiz-xeyaneti\/","title":{"rendered":"\u018fhalinin \u00f6z\u00fcn\u0259 arams\u0131z x\u0259yan\u0259ti"},"content":{"rendered":"<figure class=\"wp-block-image size-large\">\n  <img decoding=\"async\" src=\"https:\/\/www.meydan.tv\/az\/105587\/\" alt=\"\" class=\"wp-image-105587\"\/><figcaption><\/figcaption><\/figure>\n<figure class=\"wp-block-image size-large\">\n  <img decoding=\"async\" src=\"https:\/\/www.meydan.tv\/az\/105587\/\" alt=\"\" class=\"wp-image-105587\"\/><figcaption><\/figcaption><\/figure>\n<p>\n  (Zaur Qurbanl\u0131n\u0131n \u201cEl\u00e7ib\u0259yin Az\u0259rbaycana ikinci x\u0259yan\u0259ti\u201d k\u00f6\u015f\u0259si bar\u0259d\u0259)\n<\/p>\n<p>\n  \u0130\u00e7i m\u0259n, k\u00f6\u015f\u0259 yazarlar\u0131 c\u0259miyy\u0259tin diqq\u0259tini hans\u0131sa vacib m\u0259s\u0259l\u0259y\u0259 c\u0259lb etm\u0259k ist\u0259yirl\u0259r.\n<\/p>\n<p>\n  B\u0259z\u0259n al\u0131n\u0131r.\n<\/p>\n<p>\n  \u00c7ox vaxt is\u0259 al\u0131nm\u0131r. Niy\u0259si m\u0259lumdur. \u018fhali q\u0259fl\u0259t yuxusundad\u0131r. \u015eirin q\u0259fl\u0259t yuxusunda. Bu yuxuya q\u0259sd ed\u0259n olur \u0259halinin qat\u0131 d\u00fc\u015fm\u0259ni. Olur \u00f6l\u00fcl\u0259rin dirilm\u0259y\u0259c\u0259yini dey\u0259n Kefli \u0130sk\u0259nd\u0259r. Bih\u00f6rm\u0259t, bih\u0259ya, avara Kefli \u0130sk\u0259nd\u0259r.\n<\/p>\n<p>\n  \u018fhalinin q\u0259fl\u0259t yuxusu \u00e7ox vaxt onun ay\u0131q vaxt\u0131na d\u00fc\u015f\u00fcr. Y\u0259ni ay\u0131qd\u0131r, amma beyni, \u015f\u00fcuru, d\u00fc\u015f\u00fcnm\u0259k qabiliyy\u0259ti yat\u0131b. Yeyir, i\u00e7ir, madd\u0259l\u0259r m\u00fcbadil\u0259si il\u0259 intensiv m\u0259\u015f\u011ful olur, h\u0259tta i\u015fl\u0259yir, yonub k\u0259sir, al\u0131b sat\u0131r, kim\u0259s\u0259 k\u0259f g\u0259lir, kims\u0259 ona k\u0259f g\u0259lir, toyda r\u0259qs edir, iclasda nitq yap\u0131r, lakin eyni zamanda \u0259m\u0259lli ba\u015fl\u0131 yat\u0131r, daha do\u011frusu, \u015firin q\u0259fl\u0259t yuxusunun l\u0259zz\u0259tind\u0259n ayr\u0131la bilmir.\n<\/p>\n<p>\n  Bu, \u0259halimizin ger\u00e7\u0259k h\u0259yat\u0131n\u0131 60 ildir diqq\u0259tl\u0259 m\u00fc\u015fahid\u0259 ed\u0259n b\u0259nd\u0259nizin g\u0259ldiyi q\u0259na\u0259tdir.\n<\/p>\n<p>\n  \u018fmin\u0259m ki, yan\u0131lm\u0131ram.\n<\/p>\n<p>\n  Zaur b\u0259y gileyl\u0259nir ki, \u0259n yeni tariximizi yaradanlar niy\u0259 yazm\u0131rlar?\n<\/p>\n<p>\n  B\u0259ndeyi-h\u0259qiriniz acizan\u0259 soru\u015fur ki, \u0259halimiz, i\u00e7i m\u00f6ht\u0259r\u0259m Zaur b\u0259y olmaqla, niy\u0259 oxumur?\n<\/p>\n<p>\n  Yaz\u0131lanlar var. \u0130\u00e7ind\u0259 d\u00fcr\u00fcst\u00fc, yanl\u0131\u015f\u0131, m\u00fck\u0259mm\u0259li, s\u0259thisi, sa\u011f buca\u011fdan baxan\u0131, sol bucaqdan baxan\u0131 var. Oxuyan yoxdur.\n<\/p>\n<p>\n  \u018fhali \u00f6z\u00fcn\u0259 arams\u0131z x\u0259yan\u0259t edir. Oxumur. He\u00e7 c\u00fcr \u00f6z \u015firin q\u0259fl\u0259t yuxusundan oyanmaq ist\u0259mir.\n<\/p>\n<p>\n  Oyansa, qorxar. G\u00f6r\u0259r ki, ad\u0131n\u0131 m\u00fcs\u0259lman qoyaraq m\u00fcrt\u0259d v\u0259 kafir kimi ya\u015fay\u0131r. Ad\u0131n\u0131 ateist qoyaraq cahil b\u00fctp\u0259r\u0259st kimi ya\u015fay\u0131r. Ad\u0131n\u0131 m\u0259\u011frur v\u0259t\u0259nda\u015f qoyaraq zavall\u0131 t\u0259hkimli kimi ya\u015fay\u0131r. Ad\u0131n\u0131 azad insan qoyaraq m\u00fcti qul h\u0259yat\u0131 s\u00fcr\u00fcr.\n<\/p>\n<p>\n  Anlayar ki, n\u0259 \u00f6z\u00fcn\u00fcn, n\u0259 d\u0259 \u0259traf\u0131n\u0131n \u015f\u0259r\u0259f v\u0259 l\u0259yaq\u0259t bar\u0259d\u0259 d\u00fcr\u00fcst t\u0259s\u0259vv\u00fcr\u00fc yoxdur. Y\u0259ni n\u0259 \u00f6z\u00fcn\u00fcn, n\u0259 d\u0259 \u0259traf\u0131n\u0131n \u015f\u0259r\u0259fli v\u0259 l\u0259yaq\u0259tli v\u0259t\u0259nda\u015f ad\u0131na iddia etm\u0259k \u00fc\u00e7\u00fcn z\u0259rr\u0259 q\u0259d\u0259r haqq\u0131 \u00e7atm\u0131r. Bu is\u0259, \u00e7ox a\u011fr\u0131l\u0131 bir m\u0259s\u0259l\u0259dir.\n<\/p>\n<p>\n  Oyansa, qorxar. Buna g\u00f6r\u0259 oyanm\u0131r. El\u0259 \u015firin q\u0259fl\u0259t yuxusuna dal\u0131b qalir.\n<\/p>\n<p>\n  B\u0259nd\u0259niz he\u00e7 vaxt, he\u00e7 bir d\u00f6n\u0259md\u0259 he\u00e7 bir y\u00fcks\u0259k v\u0259zif\u0259 tutmay\u0131b. Ona g\u00f6r\u0259 yox ki, \u0259li \u00e7atmay\u0131b. Xeyr, d\u0259f\u0259l\u0259rl\u0259 y\u00fcks\u0259k, \u0259n y\u00fcks\u0259k v\u0259zif\u0259y\u0259 t\u0259yin olunmaq imkan\u0131 olub. Cavanl\u0131\u011f\u0131mda d\u00f6rd d\u0259f\u0259 Moskvaya cox cazib\u0259dar v\u0259 g\u0259lirli i\u015fl\u0259r\u0259 d\u0259v\u0259t edibl\u0259r, \u201cyurdumu t\u0259rk ed\u0259mm\u0259r\u0259m\u201d deyib imtina etmi\u015f\u0259m. Son 30 ild\u0259 imkan olub ki, prezident, nazir v\u0259 mill\u0259t v\u0259kili olum, q\u0259ti r\u0259dd etmi\u015f\u0259m.\n<\/p>\n<p>\n  Niy\u0259? Bu c\u0259miyy\u0259td\u0259 y\u00fcks\u0259k v\u0259zif\u0259 lab\u00fcd olaraq z\u00fclm\u00fc g\u00f6r\u0259n vicdan\u0131n susdurulmas\u0131n\u0131 t\u0259l\u0259b edir. M\u0259n is\u0259 vicdan\u0131m\u0131n susdurulmas\u0131na he\u00e7 vaxt raz\u0131 olmam\u0131\u015fam.\n<\/p>\n<p>\n  Bununla yana\u015f\u0131 demi\u015f\u0259m v\u0259 deyir\u0259m ki, xalq\u0131m\u0131n son 30 illik taleyin\u0259 bigan\u0259 qalmam\u0131\u015fam. H\u0259lledici m\u0259qamlarda \u00f6n s\u0259f\u0259 at\u0131l\u0131b sin\u0259mi sip\u0259r etmi\u015f\u0259m, susmam\u0131\u015fam, h\u0259qiq\u0259ti demi\u015f\u0259m, insanlara d\u00fczg\u00fcn sayd\u0131\u011f\u0131m yolu g\u00f6st\u0259rmi\u015f\u0259m. \u0130ndi \u00f6zl\u0259rini xalq\u0131n lideri sayanlar\u0131n ciddi-c\u0259hdl\u0259 danmaqlar\u0131na baxmayaraq, Az\u0259rbaycan Xalq C\u0259bh\u0259sinin yarad\u0131lmas\u0131nda, t\u0259\u015f\u0259kk\u00fcl\u00fcnd\u0259 v\u0259 m\u00fcsb\u0259t sayd\u0131\u011f\u0131m ilk f\u0259aliyy\u0259t d\u00f6vr\u00fcnd\u0259 h\u0259lledici rolumu s\u00fcbut etmi\u015f\u0259m. Bunun \u00fc\u00e7\u00fcn y\u00fczl\u0259rl\u0259 m\u0259qal\u0259 yazm\u0131\u015fam, y\u00fczl\u0259rl\u0259 m\u00fcsahib\u0259 vermi\u015f\u0259m. N\u0259hay\u0259t, \u0259halinin ger\u00e7\u0259k h\u0259qiq\u0259ti bilm\u0259si \u00fc\u00e7\u00fcn kitab yazm\u0131\u015fam.\n<\/p>\n<p>\n  Kitab\u0131 h\u0259mm\u00fc\u0259llifim Rasim b\u0259y A\u011fayevl\u0259 birg\u0259 yazm\u0131\u015fam. 1988-1993-c\u00fc ill\u0259r tarixini Rasim b\u0259y hadis\u0259l\u0259r\u0259 \u00f6z i\u015f yerind\u0259n, AKP MK-n\u0131n birinci katibi \u018fbd\u00fcrr\u0259hman V\u0259zirovun v\u0259 Az\u0259rbaycan Respublikas\u0131n\u0131n birinci prezidenti Ayaz M\u00fct\u0259llibovun k\u00f6m\u0259k\u00e7isi kimi, Prezident Aparat\u0131n\u0131n be\u015finci m\u0259rt\u0259b\u0259sind\u0259n baxaraq yazm\u0131\u015fd\u0131r. Qeyd edin ki, y\u00fcks\u0259k ziyal\u0131 Rasim b\u0259y A\u011fayev m\u0259rdliyind\u0259n \u00e7\u0259kilm\u0259diyi \u00fc\u00e7\u00fcn 1990-c\u0131 ill\u0259rin ortas\u0131nda \u015f\u0259rl\u0259nm\u0131\u015f, m\u0259hb\u0259s\u0259 at\u0131lm\u0131\u015f, lakin s\u0131nmam\u0131\u015f v\u0259 l\u0259yaq\u0259tini saxlam\u0131\u015f insand\u0131r.\n<\/p>\n<p>\n  M\u0259n is\u0259 hadis\u0259l\u0259r\u0259 a\u015fa\u011f\u0131dan, k\u00fc\u00e7\u0259l\u0259rd\u0259n, institut auditoriyalar\u0131ndan, zavod sexl\u0259rind\u0259n, k\u0259ndistan \u00e7\u00f6ll\u0259rind\u0259n, hayq\u0131ran mitinq q\u0259l\u0259b\u0259liyind\u0259n baxaraq yazm\u0131\u015fam.\n<\/p>\n<p>\n  Eyni tarixi d\u00f6vr\u00fc iki m\u00fc\u0259llif iki f\u0259rqli bucaqdan t\u0259svir edib. Biri xalq h\u0259r\u0259kat\u0131n\u0131n f\u0259al\u0131, dig\u0259ri hakim z\u00fcmr\u0259nin \u00fczv\u00fc. Az\u0259rbaycan\u0131n m\u00fcasir tarixin\u0259 bel\u0259 maraql\u0131 bax\u0131\u015f ba\u015fqa he\u00e7 bir kitabda yoxdur.\n<\/p>\n<p>\n  Kitab 2006-c\u0131 ild\u0259 Moskvada rus dilind\u0259 1000 n\u00fcsx\u0259 \u00e7ap edilmi\u015fdir. 700 n\u00fcsx\u0259si Moskvada s\u00fcr\u0259tl\u0259 sat\u0131lm\u0131\u015fd\u0131r. Na\u015fir Az\u0259rbaycan\u0131n m\u00fcasir tarixi haqq\u0131nda kitab\u0131n 300 n\u00fcsx\u0259sini Bak\u0131ya sat\u0131\u015f \u00fc\u00e7\u00fcn g\u00f6nd\u0259rmi\u015fdir. 120 n\u00fcsx\u0259ni b\u0259nd\u0259niz al\u0131b paylam\u0131\u015fd\u0131r, 80 n\u00fcsx\u0259sini Rasim b\u0259y al\u0131b paylam\u0131\u015fd\u0131r. Qalm\u0131\u015fd\u0131r 100 n\u00fcsx\u0259. Kitab\u0131 satan xan\u0131m y\u00fczl\u0259rl\u0259 insana:\n<\/p>\n<p>\n  siyas\u0259t\u00e7il\u0259r\u0259, aliml\u0259r\u0259, m\u0259murlara, yaz\u0131\u00e7\u0131lara, \u015fairl\u0259r\u0259, r\u0259qqaslara, dumbul \u00e7alanlara, m\u00fc\u011f\u0259nnil\u0259r\u0259 v\u0259 sair \u00f6z\u00fcn\u00fc ziyal\u0131 sayanlara z\u0259ng edib kitab\u0131 t\u0259svir v\u0259 t\u0259rif etmi\u015fdir. \u018flaq\u0259 qurulmu\u015f insanlar\u0131n \u00e7oxu bu kitabdan v\u0259badan qorxan kimi qa\u00e7m\u0131\u015flar.\n<\/p>\n<p>\n  Uzun s\u00f6z\u00fcn q\u0131sas\u0131, 100 n\u00fcsx\u0259 kitab b\u00f6y\u00fck z\u00fcl\u00fcml\u0259 bir ne\u00e7\u0259 il\u0259 sat\u0131l\u0131b qurtarm\u0131\u015fd\u0131r.\n<\/p>\n<p>\n  B\u0259nd\u0259niz \u00f6z hiss\u0259sini \u0130nternetd\u0259 a\u00e7\u0131q qira\u0259t \u00fc\u00e7\u00fcn qoymu\u015fdur. N\u0259 q\u0259d\u0259r oxucu onu oxuyub, dey\u0259 bilm\u0259r\u0259m. Kifay\u0259tdir ki, ad\u0131m\u0131, soyad\u0131m\u0131 v\u0259 rusca \u201c\u0130kinci respublikan\u0131n sonu\u201d y\u0131\u011fasan, kitab m\u00fcy\u0259ss\u0259r olacaq.\n<\/p>\n<p>\n  G\u0259nc n\u0259sil gileyl\u0259nib ki, \u201crus dilind\u0259 oxuya bilmirik\u201d. Neyn\u0259k, \u00f6z dilimiz\u0259 t\u0259rc\u00fcm\u0259 edib kitab\u0131 yenid\u0259n i\u015fl\u0259mi\u015f\u0259m, b\u0259zi m\u0259qamlar\u0131 d\u0259qiql\u0259\u015fdirmi\u015f\u0259m, bir-iki x\u0259ta var idi, t\u0259shih etmi\u015f\u0259m. \u0130ki na\u015fir\u0259 g\u00f6st\u0259rmi\u015f\u0259m, oxuyub deyibl\u0259r:\n<\/p>\n<p>\n  \u201c\u00c7ap ets\u0259k, hakimiyy\u0259t n\u0259\u015friyyat\u0131m\u0131z\u0131 m\u0259hv ed\u0259r\u201d.\n<\/p>\n<p>\n  Dem\u0259liy\u0259m ki, t\u0259k hakimiyy\u0259t deyil, \u00f6z\u00fcn\u00fc demokratik sayan c\u0259miyy\u0259t d\u0259 f\u0259rqli bax\u0131\u015fdan yaz\u0131lm\u0131\u015f kitab\u0131 oxumaq v\u0259 h\u0259tta g\u00f6rm\u0259k ist\u0259mir. \u018fhalimizin guya demokrat olan hiss\u0259i d\u0259 q\u0259fl\u0259t yuxusundan oyanmaq ist\u0259mir.\n<\/p>\n<p>\n  Kitab\u0131m \u0259satirl\u0259ri da\u011f\u0131d\u0131r, b\u00fctl\u0259ri u\u00e7urdur, yatm\u0131\u015flar\u0131 oyatma\u011fa c\u0259hd edir. Buna g\u00f6r\u0259 t\u0259hl\u00fck\u0259li say\u0131l\u0131r. \u201cAh, nec\u0259 kef \u00e7\u0259km\u0259li \u0259yyam idi, Onda ki, \u00f6vladi-V\u0259t\u0259n xam idi&#8230;\u201d\n<\/p>\n<p>\n  Kitab\u0131n n\u0259\u015frin\u0259 \u00fcmidimi itirm\u0259mi\u015f\u0259m. Deyil\u0259n\u0259 g\u00f6r\u0259, bir c\u0259sar\u0259tli na\u015fir var, yelk\u0259n a\u00e7\u0131b d\u0259niz\u0259 \u00e7\u0131xmaqdan qorxmur.\n<\/p>\n<p>\n  \u0130nsaf\u0259n, ba\u015fqa m\u00fc\u0259llifl\u0259r d\u0259 \u0259n yeni tarix bar\u0259sind\u0259 kitablar yaz\u0131blar. Professor \u018fdal\u0259t Tahirzad\u0259nin Meydan hadis\u0259l\u0259rinin salnam\u0259si iki cildd\u0259 n\u0259\u015fr olunub. B\u00f6y\u00fck b\u0259st\u0259kar\u0131m\u0131z Arif M\u0259likovun 20 Yanvara h\u0259sr edilmi\u015f d\u0259y\u0259rli bir kitab\u0131 m\u00f6vcuddur. Sumqay\u0131t talan\u0131 bar\u0259d\u0259 kitab\u0131 h\u00fcquq\u015f\u00fcnas Aslan \u0130smay\u0131lov yazm\u0131\u015fd\u0131r. Tarix\u00e7i alim Ayd\u0131n Balayevin bu d\u00f6vr bar\u0259d\u0259 kitab\u0131 var. Siyasi f\u0259al \u018fnv\u0259r \u018fliyev \u00f6z\u00fcn\u00fcn 1988-ci il Meydan hadis\u0259l\u0259ri bar\u0259sind\u0259 kitab\u0131n\u0131, n\u0259hay\u0259t ki, \u00e7ap ed\u0259 bilmi\u015fdir. 18 il sovet h\u0259bs d\u00fc\u015f\u0259rg\u0259l\u0259rind\u0259 v\u0259 d\u0259lixanalar\u0131nda z\u00fclm \u00e7\u0259kmi\u015f dissident Nadir A\u011fayevin \u00f6z d\u00f6vr\u00fc bar\u0259d\u0259 kitab\u0131 \u00e7\u0131x\u0131b. Bug\u00fcnl\u0259rd\u0259 tarix\u00e7i alim N\u0259siman Yaqublunun bu d\u00f6vr\u0259 aid kitab\u0131 i\u015f\u0131q \u00fcz\u00fc g\u00f6r\u00fcb. Oxucu ist\u0259s\u0259, m\u0259rhum professor \u00c7apay Sultanovun coxsayl\u0131 kitablar\u0131ndan v\u0259 m\u00fck\u0259mm\u0259l sayt\u0131ndan xeyli m\u0259lumat \u0259ld\u0259 ed\u0259 bil\u0259r.\n<\/p>\n<p>\n  Maraqlananlar gedib Milli Elml\u0259r Akademiyas\u0131n\u0131n kitabxanas\u0131nda bu d\u00f6vr bar\u0259d\u0259 m\u00fcdafi\u0259 edilmi\u015f elmi t\u0259dqiqatlar\u0131 sifari\u015f edib oxuya bil\u0259rl\u0259r.\n<\/p>\n<p>\n  Qald\u0131 \u018fb\u00fclf\u0259z El\u00e7ib\u0259y\u0259, onun da 1989-cu ild\u0259 \u00e7ap edilmi\u015f bir kitab\u0131 var, ad\u0131 &#8211; \u201cBu, m\u0259nim taleyimdir\u201d.\n<\/p>\n<p>\n  M\u00fcsahib\u0259l\u0259rinin toplusudur. Qaraba\u011f u\u011frunda m\u00fccadil\u0259nin qaynar \u00e7a\u011f\u0131nda, 1989-cu ild\u0259, \u201c\u018fd\u0259biyyat v\u0259 inc\u0259s\u0259n\u0259t\u201d q\u0259zetind\u0259 sufi t\u00fcrk \u015fairi Yunus \u0130mr\u0259 bar\u0259sind\u0259 m\u0259qal\u0259 \u00e7ap etdirmi\u015fdi. Onun q\u0259l\u0259mind\u0259n \u00e7\u0131xm\u0131\u015f yaz\u0131 a\u015fiql\u0259ri yen\u0259 AMEA-n\u0131n kitabxanas\u0131nda \u201cOrta \u0259srl\u0259rd\u0259 Misird\u0259 t\u00fcrk Tulunil\u0259r s\u00fclal\u0259sinin tarixi\u201d adl\u0131 namiz\u0259dlik dissertasiyas\u0131n\u0131 oxuya bil\u0259rl\u0259r.\n<\/p>\n<p>\n  Qald\u0131 h\u0259r\u0259kat\u0131n liderl\u0259rinin d\u00f6vr\u00fcm\u00fcz\u00fcn tarixi bar\u0259d\u0259 kitablar\u0131na, m\u0259n dey\u0259rdim ki, buna hac\u0259t g\u00f6rm\u00fcr\u0259m.\n<\/p>\n<p>\n  \u201cG\u00f6r\u00fcn\u0259n da\u011fa n\u0259 b\u0259l\u0259d\u00e7i?\u201d\n<\/p>\n<\/p>\n<p>\n  <i><br \/>\n    Yaz\u0131 m\u00fc\u0259llifin fikirl\u0259rini \u0259ks etdirir v\u0259 Meydan TV-nin m\u00f6vqeyi il\u0259 \u00fcst-\u00fcst\u0259 d\u00fc\u015fm\u0259y\u0259 bil\u0259r.<br \/>\n  <\/i><\/p>\n","protected":false},"excerpt":{"rendered":"<p>Zaur Qurbanl\u0131n\u0131n \u201cEl\u00e7ib\u0259yin Az\u0259rbaycana ikinci x\u0259yan\u0259ti\u201d k\u00f6\u015f\u0259si bar\u0259d\u0259<\/p>\n","protected":false},"author":11,"featured_media":105587,"comment_status":"closed","ping_status":"open","sticky":false,"template":"","format":"standard","meta":{"_acf_changed":false,"_sitemap_exclude":false,"_sitemap_priority":"","_sitemap_frequency":"","footnotes":""},"categories":[57],"tags":[],"class_list":["post-190563","post","type-post","status-publish","format-standard","has-post-thumbnail","hentry","category-menim-fikrimce","infinite-scroll-item","generate-columns","tablet-grid-50","mobile-grid-100","grid-parent","grid-33","no-featured-image-padding"],"acf":[],"yoast_head":"<!-- This site is optimized with the Yoast SEO plugin v27.4 - https:\/\/yoast.com\/product\/yoast-seo-wordpress\/ -->\n<title>\u018fhalinin \u00f6z\u00fcn\u0259 arams\u0131z x\u0259yan\u0259ti - MEYDAN.TV<\/title>\n<meta name=\"robots\" content=\"index, follow, max-snippet:-1, max-image-preview:large, max-video-preview:-1\" \/>\n<link rel=\"canonical\" href=\"https:\/\/www.meydan.tv\/az\/article\/ehalinin-ozune-aramsiz-xeyaneti\/\" \/>\n<meta property=\"og:locale\" content=\"az_AZ\" \/>\n<meta property=\"og:type\" content=\"article\" \/>\n<meta property=\"og:title\" content=\"\u018fhalinin \u00f6z\u00fcn\u0259 arams\u0131z x\u0259yan\u0259ti - MEYDAN.TV\" \/>\n<meta property=\"og:description\" content=\"Zaur Qurbanl\u0131n\u0131n \u201cEl\u00e7ib\u0259yin Az\u0259rbaycana ikinci x\u0259yan\u0259ti\u201d k\u00f6\u015f\u0259si bar\u0259d\u0259\" \/>\n<meta property=\"og:url\" content=\"https:\/\/www.meydan.tv\/az\/article\/ehalinin-ozune-aramsiz-xeyaneti\/\" \/>\n<meta property=\"og:site_name\" content=\"MEYDAN.TV\" \/>\n<meta property=\"article:published_time\" content=\"2018-06-23T22:31:59+00:00\" \/>\n<meta property=\"og:image\" content=\"https:\/\/www.meydan.tv\/wp-content\/uploads\/41916.jpg\" \/>\n\t<meta property=\"og:image:width\" content=\"644\" \/>\n\t<meta property=\"og:image:height\" content=\"336\" \/>\n\t<meta property=\"og:image:type\" content=\"image\/jpeg\" \/>\n<meta name=\"author\" content=\"user-manager\" \/>\n<meta name=\"twitter:card\" content=\"summary_large_image\" \/>\n<script type=\"application\/ld+json\" class=\"yoast-schema-graph\">{\"@context\":\"https:\\\/\\\/schema.org\",\"@graph\":[{\"@type\":\"Article\",\"@id\":\"https:\\\/\\\/www.meydan.tv\\\/az\\\/article\\\/ehalinin-ozune-aramsiz-xeyaneti\\\/#article\",\"isPartOf\":{\"@id\":\"https:\\\/\\\/www.meydan.tv\\\/az\\\/article\\\/ehalinin-ozune-aramsiz-xeyaneti\\\/\"},\"author\":{\"name\":\"user-manager\",\"@id\":\"https:\\\/\\\/www.meydan.tv\\\/az\\\/#\\\/schema\\\/person\\\/10d11eccf6da3662cf5fdab9806ea91a\"},\"headline\":\"\u018fhalinin \u00f6z\u00fcn\u0259 arams\u0131z x\u0259yan\u0259ti\",\"datePublished\":\"2018-06-23T22:31:59+00:00\",\"mainEntityOfPage\":{\"@id\":\"https:\\\/\\\/www.meydan.tv\\\/az\\\/article\\\/ehalinin-ozune-aramsiz-xeyaneti\\\/\"},\"wordCount\":1670,\"publisher\":{\"@id\":\"https:\\\/\\\/www.meydan.tv\\\/az\\\/#organization\"},\"image\":{\"@id\":\"https:\\\/\\\/www.meydan.tv\\\/az\\\/article\\\/ehalinin-ozune-aramsiz-xeyaneti\\\/#primaryimage\"},\"thumbnailUrl\":\"https:\\\/\\\/www.meydan.tv\\\/wp-content\\\/uploads\\\/41916.jpg\",\"articleSection\":[\"M\u0259nim Fikrimc\u0259\"],\"inLanguage\":\"az\"},{\"@type\":\"WebPage\",\"@id\":\"https:\\\/\\\/www.meydan.tv\\\/az\\\/article\\\/ehalinin-ozune-aramsiz-xeyaneti\\\/\",\"url\":\"https:\\\/\\\/www.meydan.tv\\\/az\\\/article\\\/ehalinin-ozune-aramsiz-xeyaneti\\\/\",\"name\":\"\u018fhalinin \u00f6z\u00fcn\u0259 arams\u0131z x\u0259yan\u0259ti - MEYDAN.TV\",\"isPartOf\":{\"@id\":\"https:\\\/\\\/www.meydan.tv\\\/az\\\/#website\"},\"primaryImageOfPage\":{\"@id\":\"https:\\\/\\\/www.meydan.tv\\\/az\\\/article\\\/ehalinin-ozune-aramsiz-xeyaneti\\\/#primaryimage\"},\"image\":{\"@id\":\"https:\\\/\\\/www.meydan.tv\\\/az\\\/article\\\/ehalinin-ozune-aramsiz-xeyaneti\\\/#primaryimage\"},\"thumbnailUrl\":\"https:\\\/\\\/www.meydan.tv\\\/wp-content\\\/uploads\\\/41916.jpg\",\"datePublished\":\"2018-06-23T22:31:59+00:00\",\"breadcrumb\":{\"@id\":\"https:\\\/\\\/www.meydan.tv\\\/az\\\/article\\\/ehalinin-ozune-aramsiz-xeyaneti\\\/#breadcrumb\"},\"inLanguage\":\"az\",\"potentialAction\":[{\"@type\":\"ReadAction\",\"target\":[\"https:\\\/\\\/www.meydan.tv\\\/az\\\/article\\\/ehalinin-ozune-aramsiz-xeyaneti\\\/\"]}]},{\"@type\":\"ImageObject\",\"inLanguage\":\"az\",\"@id\":\"https:\\\/\\\/www.meydan.tv\\\/az\\\/article\\\/ehalinin-ozune-aramsiz-xeyaneti\\\/#primaryimage\",\"url\":\"https:\\\/\\\/www.meydan.tv\\\/wp-content\\\/uploads\\\/41916.jpg\",\"contentUrl\":\"https:\\\/\\\/www.meydan.tv\\\/wp-content\\\/uploads\\\/41916.jpg\",\"width\":644,\"height\":336,\"caption\":\"Source:\"},{\"@type\":\"BreadcrumbList\",\"@id\":\"https:\\\/\\\/www.meydan.tv\\\/az\\\/article\\\/ehalinin-ozune-aramsiz-xeyaneti\\\/#breadcrumb\",\"itemListElement\":[{\"@type\":\"ListItem\",\"position\":1,\"name\":\"Ana s\u0259hif\u0259\",\"item\":\"https:\\\/\\\/www.meydan.tv\\\/az\\\/\"},{\"@type\":\"ListItem\",\"position\":2,\"name\":\"M\u0259nim Fikrimc\u0259\",\"item\":\"https:\\\/\\\/www.meydan.tv\\\/az\\\/section\\\/menim-fikrimce\\\/\"},{\"@type\":\"ListItem\",\"position\":3,\"name\":\"\u018fhalinin \u00f6z\u00fcn\u0259 arams\u0131z x\u0259yan\u0259ti\"}]},{\"@type\":\"WebSite\",\"@id\":\"https:\\\/\\\/www.meydan.tv\\\/az\\\/#website\",\"url\":\"https:\\\/\\\/www.meydan.tv\\\/az\\\/\",\"name\":\"MEYDAN.TV\",\"description\":\"Meydan TV Az\u0259rbaycan\u0131n media m\u0259kan\u0131ndak\u0131 alternativ s\u0259sidir\",\"publisher\":{\"@id\":\"https:\\\/\\\/www.meydan.tv\\\/az\\\/#organization\"},\"potentialAction\":[{\"@type\":\"SearchAction\",\"target\":{\"@type\":\"EntryPoint\",\"urlTemplate\":\"https:\\\/\\\/www.meydan.tv\\\/az\\\/?s={search_term_string}\"},\"query-input\":{\"@type\":\"PropertyValueSpecification\",\"valueRequired\":true,\"valueName\":\"search_term_string\"}}],\"inLanguage\":\"az\"},{\"@type\":\"Organization\",\"@id\":\"https:\\\/\\\/www.meydan.tv\\\/az\\\/#organization\",\"name\":\"Meydan TV\",\"url\":\"https:\\\/\\\/www.meydan.tv\\\/az\\\/\",\"logo\":{\"@type\":\"ImageObject\",\"inLanguage\":\"az\",\"@id\":\"https:\\\/\\\/www.meydan.tv\\\/az\\\/#\\\/schema\\\/logo\\\/image\\\/\",\"url\":\"https:\\\/\\\/www.meydan.tv\\\/wp-content\\\/uploads\\\/2021\\\/07\\\/meydan-logo.svg\",\"contentUrl\":\"https:\\\/\\\/www.meydan.tv\\\/wp-content\\\/uploads\\\/2021\\\/07\\\/meydan-logo.svg\",\"width\":195,\"height\":46,\"caption\":\"Meydan TV\"},\"image\":{\"@id\":\"https:\\\/\\\/www.meydan.tv\\\/az\\\/#\\\/schema\\\/logo\\\/image\\\/\"}},{\"@type\":\"Person\",\"@id\":\"https:\\\/\\\/www.meydan.tv\\\/az\\\/#\\\/schema\\\/person\\\/10d11eccf6da3662cf5fdab9806ea91a\",\"name\":\"user-manager\"}]}<\/script>\n<!-- \/ Yoast SEO plugin. -->","yoast_head_json":{"title":"\u018fhalinin \u00f6z\u00fcn\u0259 arams\u0131z x\u0259yan\u0259ti - MEYDAN.TV","robots":{"index":"index","follow":"follow","max-snippet":"max-snippet:-1","max-image-preview":"max-image-preview:large","max-video-preview":"max-video-preview:-1"},"canonical":"https:\/\/www.meydan.tv\/az\/article\/ehalinin-ozune-aramsiz-xeyaneti\/","og_locale":"az_AZ","og_type":"article","og_title":"\u018fhalinin \u00f6z\u00fcn\u0259 arams\u0131z x\u0259yan\u0259ti - MEYDAN.TV","og_description":"Zaur Qurbanl\u0131n\u0131n \u201cEl\u00e7ib\u0259yin Az\u0259rbaycana ikinci x\u0259yan\u0259ti\u201d k\u00f6\u015f\u0259si bar\u0259d\u0259","og_url":"https:\/\/www.meydan.tv\/az\/article\/ehalinin-ozune-aramsiz-xeyaneti\/","og_site_name":"MEYDAN.TV","article_published_time":"2018-06-23T22:31:59+00:00","og_image":[{"width":644,"height":336,"url":"https:\/\/www.meydan.tv\/wp-content\/uploads\/41916.jpg","type":"image\/jpeg"}],"author":"user-manager","twitter_card":"summary_large_image","schema":{"@context":"https:\/\/schema.org","@graph":[{"@type":"Article","@id":"https:\/\/www.meydan.tv\/az\/article\/ehalinin-ozune-aramsiz-xeyaneti\/#article","isPartOf":{"@id":"https:\/\/www.meydan.tv\/az\/article\/ehalinin-ozune-aramsiz-xeyaneti\/"},"author":{"name":"user-manager","@id":"https:\/\/www.meydan.tv\/az\/#\/schema\/person\/10d11eccf6da3662cf5fdab9806ea91a"},"headline":"\u018fhalinin \u00f6z\u00fcn\u0259 arams\u0131z x\u0259yan\u0259ti","datePublished":"2018-06-23T22:31:59+00:00","mainEntityOfPage":{"@id":"https:\/\/www.meydan.tv\/az\/article\/ehalinin-ozune-aramsiz-xeyaneti\/"},"wordCount":1670,"publisher":{"@id":"https:\/\/www.meydan.tv\/az\/#organization"},"image":{"@id":"https:\/\/www.meydan.tv\/az\/article\/ehalinin-ozune-aramsiz-xeyaneti\/#primaryimage"},"thumbnailUrl":"https:\/\/www.meydan.tv\/wp-content\/uploads\/41916.jpg","articleSection":["M\u0259nim Fikrimc\u0259"],"inLanguage":"az"},{"@type":"WebPage","@id":"https:\/\/www.meydan.tv\/az\/article\/ehalinin-ozune-aramsiz-xeyaneti\/","url":"https:\/\/www.meydan.tv\/az\/article\/ehalinin-ozune-aramsiz-xeyaneti\/","name":"\u018fhalinin \u00f6z\u00fcn\u0259 arams\u0131z x\u0259yan\u0259ti - MEYDAN.TV","isPartOf":{"@id":"https:\/\/www.meydan.tv\/az\/#website"},"primaryImageOfPage":{"@id":"https:\/\/www.meydan.tv\/az\/article\/ehalinin-ozune-aramsiz-xeyaneti\/#primaryimage"},"image":{"@id":"https:\/\/www.meydan.tv\/az\/article\/ehalinin-ozune-aramsiz-xeyaneti\/#primaryimage"},"thumbnailUrl":"https:\/\/www.meydan.tv\/wp-content\/uploads\/41916.jpg","datePublished":"2018-06-23T22:31:59+00:00","breadcrumb":{"@id":"https:\/\/www.meydan.tv\/az\/article\/ehalinin-ozune-aramsiz-xeyaneti\/#breadcrumb"},"inLanguage":"az","potentialAction":[{"@type":"ReadAction","target":["https:\/\/www.meydan.tv\/az\/article\/ehalinin-ozune-aramsiz-xeyaneti\/"]}]},{"@type":"ImageObject","inLanguage":"az","@id":"https:\/\/www.meydan.tv\/az\/article\/ehalinin-ozune-aramsiz-xeyaneti\/#primaryimage","url":"https:\/\/www.meydan.tv\/wp-content\/uploads\/41916.jpg","contentUrl":"https:\/\/www.meydan.tv\/wp-content\/uploads\/41916.jpg","width":644,"height":336,"caption":"Source:"},{"@type":"BreadcrumbList","@id":"https:\/\/www.meydan.tv\/az\/article\/ehalinin-ozune-aramsiz-xeyaneti\/#breadcrumb","itemListElement":[{"@type":"ListItem","position":1,"name":"Ana s\u0259hif\u0259","item":"https:\/\/www.meydan.tv\/az\/"},{"@type":"ListItem","position":2,"name":"M\u0259nim Fikrimc\u0259","item":"https:\/\/www.meydan.tv\/az\/section\/menim-fikrimce\/"},{"@type":"ListItem","position":3,"name":"\u018fhalinin \u00f6z\u00fcn\u0259 arams\u0131z x\u0259yan\u0259ti"}]},{"@type":"WebSite","@id":"https:\/\/www.meydan.tv\/az\/#website","url":"https:\/\/www.meydan.tv\/az\/","name":"MEYDAN.TV","description":"Meydan TV Az\u0259rbaycan\u0131n media m\u0259kan\u0131ndak\u0131 alternativ s\u0259sidir","publisher":{"@id":"https:\/\/www.meydan.tv\/az\/#organization"},"potentialAction":[{"@type":"SearchAction","target":{"@type":"EntryPoint","urlTemplate":"https:\/\/www.meydan.tv\/az\/?s={search_term_string}"},"query-input":{"@type":"PropertyValueSpecification","valueRequired":true,"valueName":"search_term_string"}}],"inLanguage":"az"},{"@type":"Organization","@id":"https:\/\/www.meydan.tv\/az\/#organization","name":"Meydan TV","url":"https:\/\/www.meydan.tv\/az\/","logo":{"@type":"ImageObject","inLanguage":"az","@id":"https:\/\/www.meydan.tv\/az\/#\/schema\/logo\/image\/","url":"https:\/\/www.meydan.tv\/wp-content\/uploads\/2021\/07\/meydan-logo.svg","contentUrl":"https:\/\/www.meydan.tv\/wp-content\/uploads\/2021\/07\/meydan-logo.svg","width":195,"height":46,"caption":"Meydan TV"},"image":{"@id":"https:\/\/www.meydan.tv\/az\/#\/schema\/logo\/image\/"}},{"@type":"Person","@id":"https:\/\/www.meydan.tv\/az\/#\/schema\/person\/10d11eccf6da3662cf5fdab9806ea91a","name":"user-manager"}]}},"_links":{"self":[{"href":"https:\/\/www.meydan.tv\/az\/wp-json\/wp\/v2\/posts\/190563","targetHints":{"allow":["GET"]}}],"collection":[{"href":"https:\/\/www.meydan.tv\/az\/wp-json\/wp\/v2\/posts"}],"about":[{"href":"https:\/\/www.meydan.tv\/az\/wp-json\/wp\/v2\/types\/post"}],"author":[{"embeddable":true,"href":"https:\/\/www.meydan.tv\/az\/wp-json\/wp\/v2\/users\/11"}],"replies":[{"embeddable":true,"href":"https:\/\/www.meydan.tv\/az\/wp-json\/wp\/v2\/comments?post=190563"}],"version-history":[{"count":0,"href":"https:\/\/www.meydan.tv\/az\/wp-json\/wp\/v2\/posts\/190563\/revisions"}],"wp:featuredmedia":[{"embeddable":true,"href":"https:\/\/www.meydan.tv\/az\/wp-json\/wp\/v2\/media\/105587"}],"wp:attachment":[{"href":"https:\/\/www.meydan.tv\/az\/wp-json\/wp\/v2\/media?parent=190563"}],"wp:term":[{"taxonomy":"category","embeddable":true,"href":"https:\/\/www.meydan.tv\/az\/wp-json\/wp\/v2\/categories?post=190563"},{"taxonomy":"post_tag","embeddable":true,"href":"https:\/\/www.meydan.tv\/az\/wp-json\/wp\/v2\/tags?post=190563"}],"curies":[{"name":"wp","href":"https:\/\/api.w.org\/{rel}","templated":true}]}}