{"id":190551,"date":"2018-06-22T17:08:28","date_gmt":"2018-06-22T17:08:28","guid":{"rendered":"https:\/\/www.meydan.tv\/article\/rauf-mirqedirov-zakir-hesenovun-beyanati-iki-sual-yaradib\/"},"modified":"2018-06-22T17:08:28","modified_gmt":"2018-06-22T17:08:28","slug":"rauf-mirqedirov-zakir-hesenovun-beyanati-iki-sual-yaradib","status":"publish","type":"post","link":"https:\/\/www.meydan.tv\/az\/article\/rauf-mirqedirov-zakir-hesenovun-beyanati-iki-sual-yaradib\/","title":{"rendered":"Rauf Mirq\u0259dirov: Zakir H\u0259s\u0259novun b\u0259yanat\u0131 iki sual yarad\u0131b"},"content":{"rendered":"<figure class=\"wp-block-image size-large\">\n  <img decoding=\"async\" src=\"https:\/\/www.meydan.tv\/az\/zakir-hesenov-3\/\" alt=\"Zakir H\u0259s\u0259nov\" class=\"wp-image-105560\"\/><figcaption>\n    Zakir H\u0259s\u0259nov<br \/>\n  <\/figcaption><\/figure>\n<p>\n  <i><br \/>\n    &#8221;Nikol Pa\u015finyan\u0131n fikirl\u0259ri Ba\u015f nazir olandan sonra transformasiyaya u\u011fray\u0131b&#8221;<br \/>\n  <\/i>\n<\/p>\n<p>\n  <br \/>\n  \u201cAli Ba\u015f Komandan, \u0130lham \u018fliyev Erm\u0259nistan prezidentini he\u00e7 bir silahdan istifad\u0259 etm\u0259d\u0259n diplomatiya il\u0259 m\u0259hv etdi, Sarkisyan hakimiyy\u0259tini bitirdi\u201d.\n<\/p>\n<p>\n  Bu b\u0259yanat\u0131 \u00f6t\u0259n g\u00fcn m\u00fcdafi\u0259 naziri, general-polkovnik Zakir H\u0259s\u0259nov s\u0259sl\u0259dnirib.\n<\/p>\n<p>\n  Nazir hesab edir ki, i\u015f\u011fal\u00e7\u0131 \u00f6lk\u0259 Az\u0259rbaycana qar\u015f\u0131 \u00e7ox g\u00fccl\u00fc informasiya m\u00fcbariz\u0259si aparsa da, yen\u0259 d\u0259 uduzurlar.\n<\/p>\n<p>\n  Az\u0259rbaycan\u0131n Rusiyada sabiq s\u0259firi olan Hikm\u0259t Hac\u0131zad\u0259 nazir Zakir H\u0259s\u0259novun dedikl\u0259rini qism\u0259n do\u011fru say\u0131b:\n<\/p>\n<p>\n  \u201cErm\u0259nistan\u0131n hakim elitas\u0131 daxil\u0259n da\u011f\u0131lma\u011fa ba\u015flad\u0131. S\u0259b\u0259bl\u0259rd\u0259n ilki korrupsiya, daha sonra \u0259dal\u0259tsizlik v\u0259 qohumbazl\u0131q idi ki, n\u0259tic\u0259d\u0259 iqtisadi b\u00f6hran ya\u015fand\u0131\u201d.\n<\/p>\n<p>\n  O xat\u0131rlad\u0131b ki, Az\u0259rbaycan\u0131n n\u0259qliyyat siyas\u0259ti, neft-qaz borusu v\u0259 d\u0259miryollar\u0131 Erm\u0259nistandan k\u0259nar ke\u00e7di.\n<\/p>\n<figure class=\"wp-block-image size-large\">\n  <img decoding=\"async\" src=\"https:\/\/www.meydan.tv\/az\/hikmet-hacizade-8\/\" alt=\"Hikm\u0259t Hac\u0131zad\u0259\" class=\"wp-image-77169\"\/><figcaption>\n    Hikm\u0259t Hac\u0131zad\u0259<br \/>\n  <\/figcaption><\/figure>\n<p>\n  \u201cBununla Erm\u0259nistan itirdi, ona g\u00f6r\u0259 pensionerl\u0259r\u0259 v\u0259 b\u00fcdc\u0259 i\u015f\u00e7il\u0259rin\u0259 maa\u015f ver\u0259 bilmirl\u0259r. \u018fslind\u0259, Az\u0259rbaycan Erm\u0259nistana bir ne\u00e7\u0259 d\u0259f\u0259 s\u00fclh t\u0259klifi vermi\u015fdi ki, h\u0259min n\u0259qliyyat, neft-qaz siyas\u0259tind\u0259n siz d\u0259 qazan\u0131n. Amma onlar t\u0259klifl\u0259ri r\u0259dd etdiyind\u0259n Erm\u0259nistan iqtisadi layih\u0259l\u0259rd\u0259n k\u0259narda qald\u0131\u201d.\n<\/p>\n<p>\n  H.Hac\u0131zad\u0259 hesab edir ki, Erm\u0259nistan\u0131n uydurma soyq\u0131r\u0131m siyas\u0259ti d\u0259 iflasa u\u011fray\u0131b, \u00e7\u00fcnki Avropa M\u0259hk\u0259m\u0259si d\u0259 bu bar\u0259d\u0259 iddialar\u0131 r\u0259dd edir.\n<\/p>\n<p>\n  Avropada siyasi m\u00fchacir h\u0259yat\u0131 ya\u015fayan Rauf Mirq\u0259dirov nazirin a\u00e7\u0131qlamas\u0131ndan iki sual\u0131n ortaya \u00e7\u0131xd\u0131\u011f\u0131n\u0131 bildirib:\n<\/p>\n<p>\n  \u201cBirinci, Erm\u0259nistanda hakimiyy\u0259t d\u0259yi\u015fikliyi Qaraba\u011f problemini yax\u0131nla\u015fd\u0131rd\u0131, yoxsa uzaqla\u015fd\u0131rd\u0131? \u0130kinci, Erm\u0259nistanda hakimiyy\u0259t d\u0259yi\u015fikliyi Az\u0259rbaycan\u0131n m\u00fcst\u0259qilliyin\u0259 n\u0259 d\u0259r\u0259c\u0259d\u0259 xidm\u0259t edir? \u00c7\u00fcnki Qaraba\u011f m\u00fcnaqi\u015f\u0259si h\u0259m Az\u0259rbaycan\u0131n, h\u0259m d\u0259 Erm\u0259nistan\u0131n m\u00fcst\u0259qilliyi \u00fcz\u0259rind\u0259n as\u0131lm\u0131\u015f \u201cDomokl q\u0131l\u0131nc\u0131\u201dd\u0131r\u201d.\n<\/p>\n<p>\n  Politoloqun fikrinc\u0259, bunu SSR\u0130 da\u011f\u0131landan sonra yaranan dig\u0259r d\u00f6vl\u0259tl\u0259r\u0259 d\u0259 aid etm\u0259k olar.\n<\/p>\n<p>\n  \u201cBax\u0131n, Rusiya Ukrayna, G\u00fcrc\u00fcstan \u0259razil\u0259rin\u0259 h\u0259rbi m\u00fcdaxil\u0259l\u0259r etdi. Moldovada Dnestryan\u0131 b\u00f6lg\u0259ni yaddan \u00e7\u0131xarmaq laz\u0131m deyil. Ona g\u00f6r\u0259 d\u0259 Erm\u0259nistanda hakimiyy\u0259t d\u0259yi\u015fikliyinin m\u00fcnaqi\u015f\u0259nin h\u0259llini yax\u0131nla\u015fd\u0131rmad\u0131\u011f\u0131n\u0131 birba\u015fa dem\u0259k olar\u201d.\n<\/p>\n<p>\n  R.Mirq\u0259dirov deyib ki, m\u00fcnaqi\u015f\u0259y\u0259 c\u0259lb olunmu\u015f h\u0259r hans\u0131 \u00f6lk\u0259d\u0259 hakimiyy\u0259t d\u0259yi\u015fikliyi olursa, hakimiyy\u0259t prosesl\u0259 tan\u0131\u015f olmaq \u00fc\u00e7\u00fcn s\u00fclh dan\u0131\u015f\u0131qlar\u0131nda taym-aut g\u00f6t\u00fcr\u00fcr.\n<\/p>\n<p>\n  \u201cS\u0259b\u0259b d\u0259 odur ki, hakimiyy\u0259t\u0259 g\u0259l\u0259n yeni insanlar prosesi tam \u00f6yr\u0259nm\u0259lidirl\u0259r. Bundan \u0259lav\u0259 Erm\u0259nistanda yeni parlament se\u00e7kil\u0259ri ke\u00e7irilm\u0259lidir ki, bu proses vaxt aparacaq. N\u0259hay\u0259t, Ba\u015f nazir Pa\u015finyan \u00f6z\u00fcn\u00fc d\u00fcnyaya \u201cqalib g\u0259lmi\u015f\u201d \u00f6lk\u0259nin r\u0259hb\u0259ri kimi t\u0259qdim ets\u0259 d\u0259, ist\u0259r-ist\u0259m\u0259z k\u00fctl\u0259d\u0259n as\u0131l\u0131d\u0131r. K\u00fctl\u0259 d\u0259 bel\u0259 m\u0259s\u0259l\u0259l\u0259rd\u0259 daha \u00e7ox radikal olur\u201d.\n<\/p>\n<figure class=\"wp-block-image size-large\">\n  <img decoding=\"async\" src=\"https:\/\/www.meydan.tv\/az\/rauf-mirqedirov-3\/\" alt=\"Rauf Mirq\u0259dirov\" class=\"wp-image-51852\"\/><figcaption>\n    Rauf Mirq\u0259dirov<br \/>\n  <\/figcaption><\/figure>\n<p>\n  Rauf Mirq\u0259dirov xat\u0131rlad\u0131b ki, Nikol Pa\u015finyan\u0131n hakimiyy\u0259t\u0259 g\u0259lm\u0259zd\u0259n \u0259vv\u0259l Rusiya v\u0259 Q\u0259rbl\u0259 ba\u011fl\u0131 fikirl\u0259ri Ba\u015f nazir olandan sonra transformasiyaya u\u011frad\u0131.\n<\/p>\n<p>\n  \u201cArt\u0131q q\u0259rby\u00f6nl\u00fc Pa\u015finyan Rusiyay\u00f6nl\u00fc Ba\u015f nazir\u0259 \u00e7evrildi. Bu da t\u0259biidir, \u00e7\u00fcnki Erm\u0259nistan\u0131n t\u0259hl\u00fck\u0259sizliyin\u0259 t\u0259minat ver\u0259n yegan\u0259 d\u00f6vl\u0259t Rusiyad\u0131r. Bu m\u0259nada Erm\u0259nistanda ciddi d\u0259yi\u015fiklik olmay\u0131b. \u018fn \u0259sas\u0131 Rusiyan\u0131n m\u0259qs\u0259di m\u00fcnaqi\u015f\u0259ni hans\u0131sa d\u00f6vl\u0259tin xeyrin\u0259 h\u0259ll etm\u0259k deyil. \u015eimal d\u00f6vl\u0259t h\u0259r iki d\u00f6vl\u0259ti \u00f6z\u00fcn\u00fcn quberniyas\u0131na \u00e7evirm\u0259k ist\u0259yir. \u018fg\u0259r bel\u0259 olacaqsa, Az\u0259rbaycan v\u0259 Erm\u0259nistan qalib olmayacaq\u201d.\n<\/p>\n<p>\n  Politoqloq hesab edir ki, nazirin dedikl\u0259rind\u0259 bir m\u0259qamla raz\u0131la\u015fmaq olar.\n<\/p>\n<p>\n  \u201c\u0130lk d\u0259f\u0259 olaraq t\u0259r\u0259fl\u0259r yaranm\u0131\u015f v\u0259ziyy\u0259td\u0259 t\u0259xribatlara \u0259l atmad\u0131. \u018fvv\u0259lki ill\u0259rd\u0259 hans\u0131sa \u00f6lk\u0259d\u0259 daxili \u00e7axna\u015fma yarananda qar\u015f\u0131 t\u0259r\u0259f v\u0259ziyy\u0259td\u0259n istifad\u0259 edirdi. 90-c\u0131 ill\u0259rd\u0259 Az\u0259rbaycanda daxili v\u0259ziyy\u0259t g\u0259rginl\u0259\u015f\u0259nd\u0259, \u0259razil\u0259rimiz i\u015f\u011fal olunmu\u015fdu. Bu d\u0259f\u0259 Az\u0259rbaycan Erm\u0259nistandak\u0131 durumdan istifad\u0259 etm\u0259y\u0259 \u00e7al\u0131\u015fmad\u0131, y\u0259ni Qaraba\u011f \u201ckart\u0131\u201dndan \u00f6z hakimiyy\u0259tini m\u00f6hk\u0259ml\u0259ndirm\u0259y\u0259 c\u0259hd etm\u0259di\u201d.<\/p>\n","protected":false},"excerpt":{"rendered":"<p>&#8221;Nikol Pa\u015finyan\u0131n fikirl\u0259ri Ba\u015f nazir olandan sonra transformasiyaya u\u011fray\u0131b&#8221;<\/p>\n","protected":false},"author":11,"featured_media":105560,"comment_status":"closed","ping_status":"open","sticky":false,"template":"","format":"standard","meta":{"_acf_changed":false,"_sitemap_exclude":false,"_sitemap_priority":"","_sitemap_frequency":"","footnotes":""},"categories":[51],"tags":[],"class_list":["post-190551","post","type-post","status-publish","format-standard","has-post-thumbnail","hentry","category-analitika","infinite-scroll-item","generate-columns","tablet-grid-50","mobile-grid-100","grid-parent","grid-33","no-featured-image-padding"],"acf":[],"yoast_head":"<!-- This site is optimized with the Yoast SEO plugin v27.4 - https:\/\/yoast.com\/product\/yoast-seo-wordpress\/ -->\n<title>Rauf Mirq\u0259dirov: Zakir H\u0259s\u0259novun b\u0259yanat\u0131 iki sual yarad\u0131b - MEYDAN.TV<\/title>\n<meta name=\"robots\" content=\"index, follow, max-snippet:-1, max-image-preview:large, max-video-preview:-1\" \/>\n<link rel=\"canonical\" href=\"https:\/\/www.meydan.tv\/az\/article\/rauf-mirqedirov-zakir-hesenovun-beyanati-iki-sual-yaradib\/\" \/>\n<meta property=\"og:locale\" content=\"az_AZ\" \/>\n<meta property=\"og:type\" content=\"article\" \/>\n<meta property=\"og:title\" content=\"Rauf Mirq\u0259dirov: Zakir H\u0259s\u0259novun b\u0259yanat\u0131 iki sual yarad\u0131b - MEYDAN.TV\" \/>\n<meta property=\"og:description\" content=\"&#039;&#039;Nikol Pa\u015finyan\u0131n fikirl\u0259ri Ba\u015f nazir olandan sonra transformasiyaya u\u011fray\u0131b&#039;&#039;\" \/>\n<meta property=\"og:url\" content=\"https:\/\/www.meydan.tv\/az\/article\/rauf-mirqedirov-zakir-hesenovun-beyanati-iki-sual-yaradib\/\" \/>\n<meta property=\"og:site_name\" content=\"MEYDAN.TV\" \/>\n<meta property=\"article:published_time\" content=\"2018-06-22T17:08:28+00:00\" \/>\n<meta property=\"og:image\" content=\"https:\/\/www.meydan.tv\/wp-content\/uploads\/41906.jpg\" \/>\n\t<meta property=\"og:image:width\" content=\"1000\" \/>\n\t<meta property=\"og:image:height\" content=\"541\" \/>\n\t<meta property=\"og:image:type\" content=\"image\/jpeg\" \/>\n<meta name=\"author\" content=\"user-manager\" \/>\n<meta name=\"twitter:card\" content=\"summary_large_image\" \/>\n<script type=\"application\/ld+json\" class=\"yoast-schema-graph\">{\"@context\":\"https:\\\/\\\/schema.org\",\"@graph\":[{\"@type\":\"Article\",\"@id\":\"https:\\\/\\\/www.meydan.tv\\\/az\\\/article\\\/rauf-mirqedirov-zakir-hesenovun-beyanati-iki-sual-yaradib\\\/#article\",\"isPartOf\":{\"@id\":\"https:\\\/\\\/www.meydan.tv\\\/az\\\/article\\\/rauf-mirqedirov-zakir-hesenovun-beyanati-iki-sual-yaradib\\\/\"},\"author\":{\"name\":\"user-manager\",\"@id\":\"https:\\\/\\\/www.meydan.tv\\\/az\\\/#\\\/schema\\\/person\\\/10d11eccf6da3662cf5fdab9806ea91a\"},\"headline\":\"Rauf Mirq\u0259dirov: Zakir H\u0259s\u0259novun b\u0259yanat\u0131 iki sual yarad\u0131b\",\"datePublished\":\"2018-06-22T17:08:28+00:00\",\"mainEntityOfPage\":{\"@id\":\"https:\\\/\\\/www.meydan.tv\\\/az\\\/article\\\/rauf-mirqedirov-zakir-hesenovun-beyanati-iki-sual-yaradib\\\/\"},\"wordCount\":802,\"publisher\":{\"@id\":\"https:\\\/\\\/www.meydan.tv\\\/az\\\/#organization\"},\"image\":{\"@id\":\"https:\\\/\\\/www.meydan.tv\\\/az\\\/article\\\/rauf-mirqedirov-zakir-hesenovun-beyanati-iki-sual-yaradib\\\/#primaryimage\"},\"thumbnailUrl\":\"https:\\\/\\\/www.meydan.tv\\\/wp-content\\\/uploads\\\/41906.jpg\",\"articleSection\":[\"Analitika\"],\"inLanguage\":\"az\"},{\"@type\":\"WebPage\",\"@id\":\"https:\\\/\\\/www.meydan.tv\\\/az\\\/article\\\/rauf-mirqedirov-zakir-hesenovun-beyanati-iki-sual-yaradib\\\/\",\"url\":\"https:\\\/\\\/www.meydan.tv\\\/az\\\/article\\\/rauf-mirqedirov-zakir-hesenovun-beyanati-iki-sual-yaradib\\\/\",\"name\":\"Rauf Mirq\u0259dirov: Zakir H\u0259s\u0259novun b\u0259yanat\u0131 iki sual yarad\u0131b - MEYDAN.TV\",\"isPartOf\":{\"@id\":\"https:\\\/\\\/www.meydan.tv\\\/az\\\/#website\"},\"primaryImageOfPage\":{\"@id\":\"https:\\\/\\\/www.meydan.tv\\\/az\\\/article\\\/rauf-mirqedirov-zakir-hesenovun-beyanati-iki-sual-yaradib\\\/#primaryimage\"},\"image\":{\"@id\":\"https:\\\/\\\/www.meydan.tv\\\/az\\\/article\\\/rauf-mirqedirov-zakir-hesenovun-beyanati-iki-sual-yaradib\\\/#primaryimage\"},\"thumbnailUrl\":\"https:\\\/\\\/www.meydan.tv\\\/wp-content\\\/uploads\\\/41906.jpg\",\"datePublished\":\"2018-06-22T17:08:28+00:00\",\"breadcrumb\":{\"@id\":\"https:\\\/\\\/www.meydan.tv\\\/az\\\/article\\\/rauf-mirqedirov-zakir-hesenovun-beyanati-iki-sual-yaradib\\\/#breadcrumb\"},\"inLanguage\":\"az\",\"potentialAction\":[{\"@type\":\"ReadAction\",\"target\":[\"https:\\\/\\\/www.meydan.tv\\\/az\\\/article\\\/rauf-mirqedirov-zakir-hesenovun-beyanati-iki-sual-yaradib\\\/\"]}]},{\"@type\":\"ImageObject\",\"inLanguage\":\"az\",\"@id\":\"https:\\\/\\\/www.meydan.tv\\\/az\\\/article\\\/rauf-mirqedirov-zakir-hesenovun-beyanati-iki-sual-yaradib\\\/#primaryimage\",\"url\":\"https:\\\/\\\/www.meydan.tv\\\/wp-content\\\/uploads\\\/41906.jpg\",\"contentUrl\":\"https:\\\/\\\/www.meydan.tv\\\/wp-content\\\/uploads\\\/41906.jpg\",\"width\":1000,\"height\":541,\"caption\":\"Source:\"},{\"@type\":\"BreadcrumbList\",\"@id\":\"https:\\\/\\\/www.meydan.tv\\\/az\\\/article\\\/rauf-mirqedirov-zakir-hesenovun-beyanati-iki-sual-yaradib\\\/#breadcrumb\",\"itemListElement\":[{\"@type\":\"ListItem\",\"position\":1,\"name\":\"Ana s\u0259hif\u0259\",\"item\":\"https:\\\/\\\/www.meydan.tv\\\/az\\\/\"},{\"@type\":\"ListItem\",\"position\":2,\"name\":\"Analitika\",\"item\":\"https:\\\/\\\/www.meydan.tv\\\/az\\\/section\\\/analitika\\\/\"},{\"@type\":\"ListItem\",\"position\":3,\"name\":\"Rauf Mirq\u0259dirov: Zakir H\u0259s\u0259novun b\u0259yanat\u0131 iki sual yarad\u0131b\"}]},{\"@type\":\"WebSite\",\"@id\":\"https:\\\/\\\/www.meydan.tv\\\/az\\\/#website\",\"url\":\"https:\\\/\\\/www.meydan.tv\\\/az\\\/\",\"name\":\"MEYDAN.TV\",\"description\":\"Meydan TV Az\u0259rbaycan\u0131n media m\u0259kan\u0131ndak\u0131 alternativ s\u0259sidir\",\"publisher\":{\"@id\":\"https:\\\/\\\/www.meydan.tv\\\/az\\\/#organization\"},\"potentialAction\":[{\"@type\":\"SearchAction\",\"target\":{\"@type\":\"EntryPoint\",\"urlTemplate\":\"https:\\\/\\\/www.meydan.tv\\\/az\\\/?s={search_term_string}\"},\"query-input\":{\"@type\":\"PropertyValueSpecification\",\"valueRequired\":true,\"valueName\":\"search_term_string\"}}],\"inLanguage\":\"az\"},{\"@type\":\"Organization\",\"@id\":\"https:\\\/\\\/www.meydan.tv\\\/az\\\/#organization\",\"name\":\"Meydan TV\",\"url\":\"https:\\\/\\\/www.meydan.tv\\\/az\\\/\",\"logo\":{\"@type\":\"ImageObject\",\"inLanguage\":\"az\",\"@id\":\"https:\\\/\\\/www.meydan.tv\\\/az\\\/#\\\/schema\\\/logo\\\/image\\\/\",\"url\":\"https:\\\/\\\/www.meydan.tv\\\/wp-content\\\/uploads\\\/2021\\\/07\\\/meydan-logo.svg\",\"contentUrl\":\"https:\\\/\\\/www.meydan.tv\\\/wp-content\\\/uploads\\\/2021\\\/07\\\/meydan-logo.svg\",\"width\":195,\"height\":46,\"caption\":\"Meydan TV\"},\"image\":{\"@id\":\"https:\\\/\\\/www.meydan.tv\\\/az\\\/#\\\/schema\\\/logo\\\/image\\\/\"}},{\"@type\":\"Person\",\"@id\":\"https:\\\/\\\/www.meydan.tv\\\/az\\\/#\\\/schema\\\/person\\\/10d11eccf6da3662cf5fdab9806ea91a\",\"name\":\"user-manager\"}]}<\/script>\n<!-- \/ Yoast SEO plugin. -->","yoast_head_json":{"title":"Rauf Mirq\u0259dirov: Zakir H\u0259s\u0259novun b\u0259yanat\u0131 iki sual yarad\u0131b - MEYDAN.TV","robots":{"index":"index","follow":"follow","max-snippet":"max-snippet:-1","max-image-preview":"max-image-preview:large","max-video-preview":"max-video-preview:-1"},"canonical":"https:\/\/www.meydan.tv\/az\/article\/rauf-mirqedirov-zakir-hesenovun-beyanati-iki-sual-yaradib\/","og_locale":"az_AZ","og_type":"article","og_title":"Rauf Mirq\u0259dirov: Zakir H\u0259s\u0259novun b\u0259yanat\u0131 iki sual yarad\u0131b - MEYDAN.TV","og_description":"''Nikol Pa\u015finyan\u0131n fikirl\u0259ri Ba\u015f nazir olandan sonra transformasiyaya u\u011fray\u0131b''","og_url":"https:\/\/www.meydan.tv\/az\/article\/rauf-mirqedirov-zakir-hesenovun-beyanati-iki-sual-yaradib\/","og_site_name":"MEYDAN.TV","article_published_time":"2018-06-22T17:08:28+00:00","og_image":[{"width":1000,"height":541,"url":"https:\/\/www.meydan.tv\/wp-content\/uploads\/41906.jpg","type":"image\/jpeg"}],"author":"user-manager","twitter_card":"summary_large_image","schema":{"@context":"https:\/\/schema.org","@graph":[{"@type":"Article","@id":"https:\/\/www.meydan.tv\/az\/article\/rauf-mirqedirov-zakir-hesenovun-beyanati-iki-sual-yaradib\/#article","isPartOf":{"@id":"https:\/\/www.meydan.tv\/az\/article\/rauf-mirqedirov-zakir-hesenovun-beyanati-iki-sual-yaradib\/"},"author":{"name":"user-manager","@id":"https:\/\/www.meydan.tv\/az\/#\/schema\/person\/10d11eccf6da3662cf5fdab9806ea91a"},"headline":"Rauf Mirq\u0259dirov: Zakir H\u0259s\u0259novun b\u0259yanat\u0131 iki sual yarad\u0131b","datePublished":"2018-06-22T17:08:28+00:00","mainEntityOfPage":{"@id":"https:\/\/www.meydan.tv\/az\/article\/rauf-mirqedirov-zakir-hesenovun-beyanati-iki-sual-yaradib\/"},"wordCount":802,"publisher":{"@id":"https:\/\/www.meydan.tv\/az\/#organization"},"image":{"@id":"https:\/\/www.meydan.tv\/az\/article\/rauf-mirqedirov-zakir-hesenovun-beyanati-iki-sual-yaradib\/#primaryimage"},"thumbnailUrl":"https:\/\/www.meydan.tv\/wp-content\/uploads\/41906.jpg","articleSection":["Analitika"],"inLanguage":"az"},{"@type":"WebPage","@id":"https:\/\/www.meydan.tv\/az\/article\/rauf-mirqedirov-zakir-hesenovun-beyanati-iki-sual-yaradib\/","url":"https:\/\/www.meydan.tv\/az\/article\/rauf-mirqedirov-zakir-hesenovun-beyanati-iki-sual-yaradib\/","name":"Rauf Mirq\u0259dirov: Zakir H\u0259s\u0259novun b\u0259yanat\u0131 iki sual yarad\u0131b - MEYDAN.TV","isPartOf":{"@id":"https:\/\/www.meydan.tv\/az\/#website"},"primaryImageOfPage":{"@id":"https:\/\/www.meydan.tv\/az\/article\/rauf-mirqedirov-zakir-hesenovun-beyanati-iki-sual-yaradib\/#primaryimage"},"image":{"@id":"https:\/\/www.meydan.tv\/az\/article\/rauf-mirqedirov-zakir-hesenovun-beyanati-iki-sual-yaradib\/#primaryimage"},"thumbnailUrl":"https:\/\/www.meydan.tv\/wp-content\/uploads\/41906.jpg","datePublished":"2018-06-22T17:08:28+00:00","breadcrumb":{"@id":"https:\/\/www.meydan.tv\/az\/article\/rauf-mirqedirov-zakir-hesenovun-beyanati-iki-sual-yaradib\/#breadcrumb"},"inLanguage":"az","potentialAction":[{"@type":"ReadAction","target":["https:\/\/www.meydan.tv\/az\/article\/rauf-mirqedirov-zakir-hesenovun-beyanati-iki-sual-yaradib\/"]}]},{"@type":"ImageObject","inLanguage":"az","@id":"https:\/\/www.meydan.tv\/az\/article\/rauf-mirqedirov-zakir-hesenovun-beyanati-iki-sual-yaradib\/#primaryimage","url":"https:\/\/www.meydan.tv\/wp-content\/uploads\/41906.jpg","contentUrl":"https:\/\/www.meydan.tv\/wp-content\/uploads\/41906.jpg","width":1000,"height":541,"caption":"Source:"},{"@type":"BreadcrumbList","@id":"https:\/\/www.meydan.tv\/az\/article\/rauf-mirqedirov-zakir-hesenovun-beyanati-iki-sual-yaradib\/#breadcrumb","itemListElement":[{"@type":"ListItem","position":1,"name":"Ana s\u0259hif\u0259","item":"https:\/\/www.meydan.tv\/az\/"},{"@type":"ListItem","position":2,"name":"Analitika","item":"https:\/\/www.meydan.tv\/az\/section\/analitika\/"},{"@type":"ListItem","position":3,"name":"Rauf Mirq\u0259dirov: Zakir H\u0259s\u0259novun b\u0259yanat\u0131 iki sual yarad\u0131b"}]},{"@type":"WebSite","@id":"https:\/\/www.meydan.tv\/az\/#website","url":"https:\/\/www.meydan.tv\/az\/","name":"MEYDAN.TV","description":"Meydan TV Az\u0259rbaycan\u0131n media m\u0259kan\u0131ndak\u0131 alternativ s\u0259sidir","publisher":{"@id":"https:\/\/www.meydan.tv\/az\/#organization"},"potentialAction":[{"@type":"SearchAction","target":{"@type":"EntryPoint","urlTemplate":"https:\/\/www.meydan.tv\/az\/?s={search_term_string}"},"query-input":{"@type":"PropertyValueSpecification","valueRequired":true,"valueName":"search_term_string"}}],"inLanguage":"az"},{"@type":"Organization","@id":"https:\/\/www.meydan.tv\/az\/#organization","name":"Meydan TV","url":"https:\/\/www.meydan.tv\/az\/","logo":{"@type":"ImageObject","inLanguage":"az","@id":"https:\/\/www.meydan.tv\/az\/#\/schema\/logo\/image\/","url":"https:\/\/www.meydan.tv\/wp-content\/uploads\/2021\/07\/meydan-logo.svg","contentUrl":"https:\/\/www.meydan.tv\/wp-content\/uploads\/2021\/07\/meydan-logo.svg","width":195,"height":46,"caption":"Meydan TV"},"image":{"@id":"https:\/\/www.meydan.tv\/az\/#\/schema\/logo\/image\/"}},{"@type":"Person","@id":"https:\/\/www.meydan.tv\/az\/#\/schema\/person\/10d11eccf6da3662cf5fdab9806ea91a","name":"user-manager"}]}},"_links":{"self":[{"href":"https:\/\/www.meydan.tv\/az\/wp-json\/wp\/v2\/posts\/190551","targetHints":{"allow":["GET"]}}],"collection":[{"href":"https:\/\/www.meydan.tv\/az\/wp-json\/wp\/v2\/posts"}],"about":[{"href":"https:\/\/www.meydan.tv\/az\/wp-json\/wp\/v2\/types\/post"}],"author":[{"embeddable":true,"href":"https:\/\/www.meydan.tv\/az\/wp-json\/wp\/v2\/users\/11"}],"replies":[{"embeddable":true,"href":"https:\/\/www.meydan.tv\/az\/wp-json\/wp\/v2\/comments?post=190551"}],"version-history":[{"count":0,"href":"https:\/\/www.meydan.tv\/az\/wp-json\/wp\/v2\/posts\/190551\/revisions"}],"wp:featuredmedia":[{"embeddable":true,"href":"https:\/\/www.meydan.tv\/az\/wp-json\/wp\/v2\/media\/105560"}],"wp:attachment":[{"href":"https:\/\/www.meydan.tv\/az\/wp-json\/wp\/v2\/media?parent=190551"}],"wp:term":[{"taxonomy":"category","embeddable":true,"href":"https:\/\/www.meydan.tv\/az\/wp-json\/wp\/v2\/categories?post=190551"},{"taxonomy":"post_tag","embeddable":true,"href":"https:\/\/www.meydan.tv\/az\/wp-json\/wp\/v2\/tags?post=190551"}],"curies":[{"name":"wp","href":"https:\/\/api.w.org\/{rel}","templated":true}]}}