{"id":190538,"date":"2018-06-21T20:27:08","date_gmt":"2018-06-21T20:27:08","guid":{"rendered":"https:\/\/www.meydan.tv\/article\/elcibeyin-azerbaycana-ikinci-xeyaneti\/"},"modified":"2018-06-21T20:27:08","modified_gmt":"2018-06-21T20:27:08","slug":"elcibeyin-azerbaycana-ikinci-xeyaneti","status":"publish","type":"post","link":"https:\/\/www.meydan.tv\/az\/article\/elcibeyin-azerbaycana-ikinci-xeyaneti\/","title":{"rendered":"El\u00e7ib\u0259yin Az\u0259rbaycana ikinci x\u0259yan\u0259ti"},"content":{"rendered":"<figure class=\"wp-block-image size-large\">\n  <img decoding=\"async\" src=\"https:\/\/www.meydan.tv\/az\/elcibey\/\" alt=\"El\u00e7ib\u0259y\" class=\"wp-image-105409\"\/><figcaption>\n    El\u00e7ib\u0259y<br \/>\n  <\/figcaption><\/figure>\n<p>\n  Bir siyas\u0259t\u00e7inin, m\u00fcbariz adam\u0131n, aktivistin, \u00fcmumiyy\u0259tl\u0259, tarixi hadis\u0259l\u0259rin i\u015ftirak\u00e7\u0131s\u0131 olmu\u015f adam\u0131n \u0259sas v\u0259 he\u00e7 c\u00fcr g\u00fcz\u0259\u015ft edilm\u0259y\u0259c\u0259k v\u0259zif\u0259l\u0259rind\u0259n biri d\u0259 bildikl\u0259rini sonrak\u0131 n\u0259sill\u0259r\u0259 \u00e7atd\u0131rmaqd\u0131r. \u015e\u00fck\u00fcrl\u0259r olsun ki, 5 min il \u0259vv\u0259l yaz\u0131 ixtira olunub, indi yaz\u0131b \u00e7atd\u0131ra bilirik.\n<\/p>\n<p>\n  T\u0259bii, \u00f6z\u00fcnd\u0259 ictimai maraq k\u0259sb etm\u0259y\u0259n xatir\u0259l\u0259ri \u015fifahi yolla da ba\u015fqalar\u0131na \u00e7atd\u0131rmaq olar, amma bir d\u0259 var \u00f6lk\u0259nin taleyi \u00fc\u00e7\u00fcn \u0259h\u0259miyy\u0259tli m\u0259s\u0259l\u0259l\u0259r, AzTV demi\u015f, taley\u00fckl\u00fc hadis\u0259l\u0259r.\n<\/p>\n<p>\n  M\u0259s\u0259l\u0259n, s\u0259n olmusan parlamentin s\u0259dri, bir m\u00fcdd\u0259t d\u00f6vl\u0259t ba\u015f\u00e7\u0131s\u0131 v\u0259zif\u0259l\u0259rini icra el\u0259mis\u0259n, sonra prezidentin\u0259 &#8220;izindeyiz, atam&#8221; deyib, hakimiyy\u0259ti vermis\u0259n c\u0259nab generala, 10 il sonra camaat\u0131n yar\u0131s\u0131 s\u0259n\u0259 s\u0259s verib, on minl\u0259rl\u0259 adam \u00e7\u0131x\u0131b \u00f6l\u00fcm-dirim m\u00fcbariz\u0259sin\u0259 ki, s\u0259nin s\u0259sl\u0259rini qorusun v\u0259 s. v\u0259 i.a. he\u00e7 kimin ba\u015f\u0131na g\u0259lm\u0259y\u0259n, unikal, tarixi, son d\u0259r\u0259c\u0259 \u0259h\u0259miyy\u0259tli hadis\u0259l\u0259r s\u0259nin ba\u015f\u0131na g\u0259lib, ba\u015f rolda olmusan.\n<\/p>\n<p>\n  Yaxud g\u0259nc ya\u015f\u0131nda m\u00fcbariz\u0259 apar\u0131b, demokratik h\u00f6kum\u0259tin qurulmas\u0131nda \u0259h\u0259miyy\u0259tli rol oynam\u0131san, olmusan d\u00f6vl\u0259t katibi, sonra bu boyda h\u0259r\u0259kat\u0131n partiyas\u0131n\u0131n ba\u015f\u0131nda durmusan uzun ill\u0259r v\u0259 s. v\u0259 ia. tarixi hadis\u0259l\u0259rin m\u0259rk\u0259zi obraz\u0131 olmusan.\n<\/p>\n<p>\n  Yaxud ba\u015fqa, daha x\u0131rda v\u0259zif\u0259l\u0259r tutmusan, amma m\u0259s\u0259l\u0259l\u0259ri bilirs\u0259n, n\u0259 ba\u015f verdiyini \u00f6lk\u0259nin 99%-d\u0259n yax\u015f\u0131 anlay\u0131rsan, \u0259ks\u0259riyy\u0259tin bilm\u0259diyi h\u0259qiq\u0259tl\u0259r s\u0259nin neyronlar\u0131n aras\u0131ndak\u0131 impulslarda g\u0259rdi\u015f-i-d\u00f6vran-i-k\u0259cr\u0259ftar el\u0259yir.\n<\/p>\n<p>\n  Qarda\u015f, b\u0259y, day\u0131, atam, anam, bac\u0131m, yaz da bunlar\u0131. Niy\u0259 yazm\u0131rs\u0131n\u0131z? Niy\u0259 bu xalq\u0131, bu d\u00f6vl\u0259ti bir d\u0259 bu t\u0259r\u0259fd\u0259n \u015fik\u0259st edirsiniz? Bu xalq he\u00e7mi layiq deyil o h\u0259qiq\u0259tl\u0259ri bilm\u0259y\u0259? \u00d6z \u0259li il\u0259, s\u0259si il\u0259 qurdu\u011fu hakimiyy\u0259tl\u0259ri podnosda xuntaya verdiyiniz xalq bu q\u0259d\u0259r \u0259clafd\u0131r, a\u015fa\u011f\u0131l\u0131qd\u0131r ki, ba\u015f\u0131na g\u0259l\u0259nl\u0259ri inand\u0131\u011f\u0131, s\u0259s verdiyi adamlardan e\u015fitm\u0259m\u0259lidir, oxumamal\u0131d\u0131r?\n<\/p>\n<p>\n  Ax\u0131 bu b\u0259db\u0259xt camaat siz\u0259 v\u0259fa borcunu \u0259n az\u0131 passiv formada \u00f6d\u0259yir? Az\u0259rbaycanda he\u00e7 vaxt \u018fliyevl\u0259r se\u00e7kid\u0259 s\u0259s ala bilm\u0259yibl\u0259r. M\u0259n \u015f\u0259xs\u0259n buna g\u00f6r\u0259 T\u00fcrkiy\u0259 se\u00e7icil\u0259rin\u0259 yuxar\u0131dan a\u015fa\u011f\u0131 bax\u0131ram. Bizim Erdo\u011fan\u0131m\u0131z olmay\u0131b. Biz avtoritar liderl\u0259r\u0259 s\u0259s verm\u0259mi\u015fik, vermirik. Qaytar\u0131n da onlar\u0131n borcunu. Yaz\u0131n da n\u0259 ba\u015f verib. M\u0259n Manna d\u00f6vl\u0259ti haqq\u0131nda daha \u00e7ox bilir\u0259m, n\u0259inki 1992-93 hakimiyy\u0259ti haqq\u0131nda. Girdiman kral\u0131 Varaz Trdat haqq\u0131nda daha \u00e7ox bilir\u0259m, n\u0259inki El\u00e7ib\u0259y haqq\u0131nda. El\u00e7ib\u0259y \u00f6z\u00fc d\u0259 yazmad\u0131, b\u00fct\u00fcn sirl\u0259ri apar\u0131b-getdi. Bu, onun Az\u0259rbaycana ikinci x\u0259yan\u0259ti idi.\n<\/p>\n<p>\n  He\u00e7 kim dey\u0259 bilm\u0259z ki, 1988-ci il hadis\u0259l\u0259rini, 1990-c\u0131 il hadis\u0259l\u0259rini bir qrup adam el\u0259yib, 1992-ci il milli h\u00f6kum\u0259tini bir qrup adam qurub. C\u00fcmhuriyy\u0259tl\u0259 1992-nin f\u0259rqi d\u0259 bundad\u0131r. Meydanlarda y\u00fczminl\u0259r var idi. Q\u0259zetl\u0259r milyon n\u00fcsx\u0259 il\u0259 sat\u0131l\u0131rd\u0131. Xalq var idi, xalq. Siz t\u0259k deyildiniz, h\u00f6rm\u0259tli siyas\u0259t\u00e7il\u0259r. Sizin bu xalq qar\u015f\u0131s\u0131nda borcunuz olanlar\u0131 yazmaqd\u0131r. El\u00e7ib\u0259y etdi, r\u0259hm\u0259t\u0259 getmi\u015f bir xeylisi etdi, siz etm\u0259yin bu x\u0259yan\u0259ti. Tariximizi, yadda\u015f\u0131m\u0131z\u0131, Az\u0259rbaycan\u0131 bir az da \u015fik\u0259st qoymay\u0131n. Yazmaq laz\u0131md\u0131r. M\u00fctl\u0259q laz\u0131md\u0131r. \u0130nfarkt, x\u0259r\u00e7\u0259ng, \u015f\u0259k\u0259r, diktatura sizi bizd\u0259n t\u0259k-t\u0259k al\u0131r. Gecikm\u0259d\u0259n yaz\u0131n, borcunuzu \u00f6d\u0259yin.\n<\/p>\n<p>\n  \u0130ngilisl\u0259rin \u201chistorical contingency\u201d dediyi bir \u015fey var. Geni\u015f izah el\u0259yib, m\u00fc\u0259llimlik etm\u0259k ist\u0259mir\u0259m. Bizi bundan m\u0259hrum etm\u0259yin. \u00c7ox laz\u0131md\u0131r o biz\u0259. L\u00fctf\u0259n.\n<\/p>\n<p>\n  <b><br \/>\n    <i><br \/>\n      Yaz\u0131 m\u00fc\u0259llifin fikirl\u0259rini \u0259ks etdirir v\u0259 Meydan TV-nin m\u00f6vqeyi il\u0259 \u00fcst-\u00fcst\u0259 d\u00fc\u015fm\u0259y\u0259 bil\u0259r.<br \/>\n    <\/i><br \/>\n  <\/b><\/p>\n","protected":false},"excerpt":{"rendered":"<p>AzTV demi\u015f, taley\u00fckl\u00fc hadis\u0259l\u0259r<\/p>\n","protected":false},"author":11,"featured_media":105409,"comment_status":"closed","ping_status":"open","sticky":false,"template":"","format":"standard","meta":{"_acf_changed":false,"_sitemap_exclude":false,"_sitemap_priority":"","_sitemap_frequency":"","footnotes":""},"categories":[57],"tags":[],"class_list":["post-190538","post","type-post","status-publish","format-standard","has-post-thumbnail","hentry","category-menim-fikrimce","infinite-scroll-item","generate-columns","tablet-grid-50","mobile-grid-100","grid-parent","grid-33","no-featured-image-padding"],"acf":[],"yoast_head":"<!-- This site is optimized with the Yoast SEO plugin v27.4 - https:\/\/yoast.com\/product\/yoast-seo-wordpress\/ -->\n<title>El\u00e7ib\u0259yin Az\u0259rbaycana ikinci x\u0259yan\u0259ti - MEYDAN.TV<\/title>\n<meta name=\"robots\" content=\"index, follow, max-snippet:-1, max-image-preview:large, max-video-preview:-1\" \/>\n<link rel=\"canonical\" href=\"https:\/\/www.meydan.tv\/az\/article\/elcibeyin-azerbaycana-ikinci-xeyaneti\/\" \/>\n<meta property=\"og:locale\" content=\"az_AZ\" \/>\n<meta property=\"og:type\" content=\"article\" \/>\n<meta property=\"og:title\" content=\"El\u00e7ib\u0259yin Az\u0259rbaycana ikinci x\u0259yan\u0259ti - MEYDAN.TV\" \/>\n<meta property=\"og:description\" content=\"AzTV demi\u015f, taley\u00fckl\u00fc hadis\u0259l\u0259r\" \/>\n<meta property=\"og:url\" content=\"https:\/\/www.meydan.tv\/az\/article\/elcibeyin-azerbaycana-ikinci-xeyaneti\/\" \/>\n<meta property=\"og:site_name\" content=\"MEYDAN.TV\" \/>\n<meta property=\"article:published_time\" content=\"2018-06-21T20:27:08+00:00\" \/>\n<meta property=\"og:image\" content=\"https:\/\/www.meydan.tv\/wp-content\/uploads\/41894.jpg\" \/>\n\t<meta property=\"og:image:width\" content=\"1200\" \/>\n\t<meta property=\"og:image:height\" content=\"675\" \/>\n\t<meta property=\"og:image:type\" content=\"image\/jpeg\" \/>\n<meta name=\"author\" content=\"user-manager\" \/>\n<meta name=\"twitter:card\" content=\"summary_large_image\" \/>\n<script type=\"application\/ld+json\" class=\"yoast-schema-graph\">{\"@context\":\"https:\\\/\\\/schema.org\",\"@graph\":[{\"@type\":\"Article\",\"@id\":\"https:\\\/\\\/www.meydan.tv\\\/az\\\/article\\\/elcibeyin-azerbaycana-ikinci-xeyaneti\\\/#article\",\"isPartOf\":{\"@id\":\"https:\\\/\\\/www.meydan.tv\\\/az\\\/article\\\/elcibeyin-azerbaycana-ikinci-xeyaneti\\\/\"},\"author\":{\"name\":\"user-manager\",\"@id\":\"https:\\\/\\\/www.meydan.tv\\\/az\\\/#\\\/schema\\\/person\\\/10d11eccf6da3662cf5fdab9806ea91a\"},\"headline\":\"El\u00e7ib\u0259yin Az\u0259rbaycana ikinci x\u0259yan\u0259ti\",\"datePublished\":\"2018-06-21T20:27:08+00:00\",\"mainEntityOfPage\":{\"@id\":\"https:\\\/\\\/www.meydan.tv\\\/az\\\/article\\\/elcibeyin-azerbaycana-ikinci-xeyaneti\\\/\"},\"wordCount\":760,\"publisher\":{\"@id\":\"https:\\\/\\\/www.meydan.tv\\\/az\\\/#organization\"},\"image\":{\"@id\":\"https:\\\/\\\/www.meydan.tv\\\/az\\\/article\\\/elcibeyin-azerbaycana-ikinci-xeyaneti\\\/#primaryimage\"},\"thumbnailUrl\":\"https:\\\/\\\/www.meydan.tv\\\/wp-content\\\/uploads\\\/41894.jpg\",\"articleSection\":[\"M\u0259nim Fikrimc\u0259\"],\"inLanguage\":\"az\"},{\"@type\":\"WebPage\",\"@id\":\"https:\\\/\\\/www.meydan.tv\\\/az\\\/article\\\/elcibeyin-azerbaycana-ikinci-xeyaneti\\\/\",\"url\":\"https:\\\/\\\/www.meydan.tv\\\/az\\\/article\\\/elcibeyin-azerbaycana-ikinci-xeyaneti\\\/\",\"name\":\"El\u00e7ib\u0259yin Az\u0259rbaycana ikinci x\u0259yan\u0259ti - MEYDAN.TV\",\"isPartOf\":{\"@id\":\"https:\\\/\\\/www.meydan.tv\\\/az\\\/#website\"},\"primaryImageOfPage\":{\"@id\":\"https:\\\/\\\/www.meydan.tv\\\/az\\\/article\\\/elcibeyin-azerbaycana-ikinci-xeyaneti\\\/#primaryimage\"},\"image\":{\"@id\":\"https:\\\/\\\/www.meydan.tv\\\/az\\\/article\\\/elcibeyin-azerbaycana-ikinci-xeyaneti\\\/#primaryimage\"},\"thumbnailUrl\":\"https:\\\/\\\/www.meydan.tv\\\/wp-content\\\/uploads\\\/41894.jpg\",\"datePublished\":\"2018-06-21T20:27:08+00:00\",\"breadcrumb\":{\"@id\":\"https:\\\/\\\/www.meydan.tv\\\/az\\\/article\\\/elcibeyin-azerbaycana-ikinci-xeyaneti\\\/#breadcrumb\"},\"inLanguage\":\"az\",\"potentialAction\":[{\"@type\":\"ReadAction\",\"target\":[\"https:\\\/\\\/www.meydan.tv\\\/az\\\/article\\\/elcibeyin-azerbaycana-ikinci-xeyaneti\\\/\"]}]},{\"@type\":\"ImageObject\",\"inLanguage\":\"az\",\"@id\":\"https:\\\/\\\/www.meydan.tv\\\/az\\\/article\\\/elcibeyin-azerbaycana-ikinci-xeyaneti\\\/#primaryimage\",\"url\":\"https:\\\/\\\/www.meydan.tv\\\/wp-content\\\/uploads\\\/41894.jpg\",\"contentUrl\":\"https:\\\/\\\/www.meydan.tv\\\/wp-content\\\/uploads\\\/41894.jpg\",\"width\":1200,\"height\":675,\"caption\":\"Source:\"},{\"@type\":\"BreadcrumbList\",\"@id\":\"https:\\\/\\\/www.meydan.tv\\\/az\\\/article\\\/elcibeyin-azerbaycana-ikinci-xeyaneti\\\/#breadcrumb\",\"itemListElement\":[{\"@type\":\"ListItem\",\"position\":1,\"name\":\"Ana s\u0259hif\u0259\",\"item\":\"https:\\\/\\\/www.meydan.tv\\\/az\\\/\"},{\"@type\":\"ListItem\",\"position\":2,\"name\":\"M\u0259nim Fikrimc\u0259\",\"item\":\"https:\\\/\\\/www.meydan.tv\\\/az\\\/section\\\/menim-fikrimce\\\/\"},{\"@type\":\"ListItem\",\"position\":3,\"name\":\"El\u00e7ib\u0259yin Az\u0259rbaycana ikinci x\u0259yan\u0259ti\"}]},{\"@type\":\"WebSite\",\"@id\":\"https:\\\/\\\/www.meydan.tv\\\/az\\\/#website\",\"url\":\"https:\\\/\\\/www.meydan.tv\\\/az\\\/\",\"name\":\"MEYDAN.TV\",\"description\":\"Meydan TV Az\u0259rbaycan\u0131n media m\u0259kan\u0131ndak\u0131 alternativ s\u0259sidir\",\"publisher\":{\"@id\":\"https:\\\/\\\/www.meydan.tv\\\/az\\\/#organization\"},\"potentialAction\":[{\"@type\":\"SearchAction\",\"target\":{\"@type\":\"EntryPoint\",\"urlTemplate\":\"https:\\\/\\\/www.meydan.tv\\\/az\\\/?s={search_term_string}\"},\"query-input\":{\"@type\":\"PropertyValueSpecification\",\"valueRequired\":true,\"valueName\":\"search_term_string\"}}],\"inLanguage\":\"az\"},{\"@type\":\"Organization\",\"@id\":\"https:\\\/\\\/www.meydan.tv\\\/az\\\/#organization\",\"name\":\"Meydan TV\",\"url\":\"https:\\\/\\\/www.meydan.tv\\\/az\\\/\",\"logo\":{\"@type\":\"ImageObject\",\"inLanguage\":\"az\",\"@id\":\"https:\\\/\\\/www.meydan.tv\\\/az\\\/#\\\/schema\\\/logo\\\/image\\\/\",\"url\":\"https:\\\/\\\/www.meydan.tv\\\/wp-content\\\/uploads\\\/2021\\\/07\\\/meydan-logo.svg\",\"contentUrl\":\"https:\\\/\\\/www.meydan.tv\\\/wp-content\\\/uploads\\\/2021\\\/07\\\/meydan-logo.svg\",\"width\":195,\"height\":46,\"caption\":\"Meydan TV\"},\"image\":{\"@id\":\"https:\\\/\\\/www.meydan.tv\\\/az\\\/#\\\/schema\\\/logo\\\/image\\\/\"}},{\"@type\":\"Person\",\"@id\":\"https:\\\/\\\/www.meydan.tv\\\/az\\\/#\\\/schema\\\/person\\\/10d11eccf6da3662cf5fdab9806ea91a\",\"name\":\"user-manager\"}]}<\/script>\n<!-- \/ Yoast SEO plugin. -->","yoast_head_json":{"title":"El\u00e7ib\u0259yin Az\u0259rbaycana ikinci x\u0259yan\u0259ti - MEYDAN.TV","robots":{"index":"index","follow":"follow","max-snippet":"max-snippet:-1","max-image-preview":"max-image-preview:large","max-video-preview":"max-video-preview:-1"},"canonical":"https:\/\/www.meydan.tv\/az\/article\/elcibeyin-azerbaycana-ikinci-xeyaneti\/","og_locale":"az_AZ","og_type":"article","og_title":"El\u00e7ib\u0259yin Az\u0259rbaycana ikinci x\u0259yan\u0259ti - MEYDAN.TV","og_description":"AzTV demi\u015f, taley\u00fckl\u00fc hadis\u0259l\u0259r","og_url":"https:\/\/www.meydan.tv\/az\/article\/elcibeyin-azerbaycana-ikinci-xeyaneti\/","og_site_name":"MEYDAN.TV","article_published_time":"2018-06-21T20:27:08+00:00","og_image":[{"width":1200,"height":675,"url":"https:\/\/www.meydan.tv\/wp-content\/uploads\/41894.jpg","type":"image\/jpeg"}],"author":"user-manager","twitter_card":"summary_large_image","schema":{"@context":"https:\/\/schema.org","@graph":[{"@type":"Article","@id":"https:\/\/www.meydan.tv\/az\/article\/elcibeyin-azerbaycana-ikinci-xeyaneti\/#article","isPartOf":{"@id":"https:\/\/www.meydan.tv\/az\/article\/elcibeyin-azerbaycana-ikinci-xeyaneti\/"},"author":{"name":"user-manager","@id":"https:\/\/www.meydan.tv\/az\/#\/schema\/person\/10d11eccf6da3662cf5fdab9806ea91a"},"headline":"El\u00e7ib\u0259yin Az\u0259rbaycana ikinci x\u0259yan\u0259ti","datePublished":"2018-06-21T20:27:08+00:00","mainEntityOfPage":{"@id":"https:\/\/www.meydan.tv\/az\/article\/elcibeyin-azerbaycana-ikinci-xeyaneti\/"},"wordCount":760,"publisher":{"@id":"https:\/\/www.meydan.tv\/az\/#organization"},"image":{"@id":"https:\/\/www.meydan.tv\/az\/article\/elcibeyin-azerbaycana-ikinci-xeyaneti\/#primaryimage"},"thumbnailUrl":"https:\/\/www.meydan.tv\/wp-content\/uploads\/41894.jpg","articleSection":["M\u0259nim Fikrimc\u0259"],"inLanguage":"az"},{"@type":"WebPage","@id":"https:\/\/www.meydan.tv\/az\/article\/elcibeyin-azerbaycana-ikinci-xeyaneti\/","url":"https:\/\/www.meydan.tv\/az\/article\/elcibeyin-azerbaycana-ikinci-xeyaneti\/","name":"El\u00e7ib\u0259yin Az\u0259rbaycana ikinci x\u0259yan\u0259ti - MEYDAN.TV","isPartOf":{"@id":"https:\/\/www.meydan.tv\/az\/#website"},"primaryImageOfPage":{"@id":"https:\/\/www.meydan.tv\/az\/article\/elcibeyin-azerbaycana-ikinci-xeyaneti\/#primaryimage"},"image":{"@id":"https:\/\/www.meydan.tv\/az\/article\/elcibeyin-azerbaycana-ikinci-xeyaneti\/#primaryimage"},"thumbnailUrl":"https:\/\/www.meydan.tv\/wp-content\/uploads\/41894.jpg","datePublished":"2018-06-21T20:27:08+00:00","breadcrumb":{"@id":"https:\/\/www.meydan.tv\/az\/article\/elcibeyin-azerbaycana-ikinci-xeyaneti\/#breadcrumb"},"inLanguage":"az","potentialAction":[{"@type":"ReadAction","target":["https:\/\/www.meydan.tv\/az\/article\/elcibeyin-azerbaycana-ikinci-xeyaneti\/"]}]},{"@type":"ImageObject","inLanguage":"az","@id":"https:\/\/www.meydan.tv\/az\/article\/elcibeyin-azerbaycana-ikinci-xeyaneti\/#primaryimage","url":"https:\/\/www.meydan.tv\/wp-content\/uploads\/41894.jpg","contentUrl":"https:\/\/www.meydan.tv\/wp-content\/uploads\/41894.jpg","width":1200,"height":675,"caption":"Source:"},{"@type":"BreadcrumbList","@id":"https:\/\/www.meydan.tv\/az\/article\/elcibeyin-azerbaycana-ikinci-xeyaneti\/#breadcrumb","itemListElement":[{"@type":"ListItem","position":1,"name":"Ana s\u0259hif\u0259","item":"https:\/\/www.meydan.tv\/az\/"},{"@type":"ListItem","position":2,"name":"M\u0259nim Fikrimc\u0259","item":"https:\/\/www.meydan.tv\/az\/section\/menim-fikrimce\/"},{"@type":"ListItem","position":3,"name":"El\u00e7ib\u0259yin Az\u0259rbaycana ikinci x\u0259yan\u0259ti"}]},{"@type":"WebSite","@id":"https:\/\/www.meydan.tv\/az\/#website","url":"https:\/\/www.meydan.tv\/az\/","name":"MEYDAN.TV","description":"Meydan TV Az\u0259rbaycan\u0131n media m\u0259kan\u0131ndak\u0131 alternativ s\u0259sidir","publisher":{"@id":"https:\/\/www.meydan.tv\/az\/#organization"},"potentialAction":[{"@type":"SearchAction","target":{"@type":"EntryPoint","urlTemplate":"https:\/\/www.meydan.tv\/az\/?s={search_term_string}"},"query-input":{"@type":"PropertyValueSpecification","valueRequired":true,"valueName":"search_term_string"}}],"inLanguage":"az"},{"@type":"Organization","@id":"https:\/\/www.meydan.tv\/az\/#organization","name":"Meydan TV","url":"https:\/\/www.meydan.tv\/az\/","logo":{"@type":"ImageObject","inLanguage":"az","@id":"https:\/\/www.meydan.tv\/az\/#\/schema\/logo\/image\/","url":"https:\/\/www.meydan.tv\/wp-content\/uploads\/2021\/07\/meydan-logo.svg","contentUrl":"https:\/\/www.meydan.tv\/wp-content\/uploads\/2021\/07\/meydan-logo.svg","width":195,"height":46,"caption":"Meydan TV"},"image":{"@id":"https:\/\/www.meydan.tv\/az\/#\/schema\/logo\/image\/"}},{"@type":"Person","@id":"https:\/\/www.meydan.tv\/az\/#\/schema\/person\/10d11eccf6da3662cf5fdab9806ea91a","name":"user-manager"}]}},"_links":{"self":[{"href":"https:\/\/www.meydan.tv\/az\/wp-json\/wp\/v2\/posts\/190538","targetHints":{"allow":["GET"]}}],"collection":[{"href":"https:\/\/www.meydan.tv\/az\/wp-json\/wp\/v2\/posts"}],"about":[{"href":"https:\/\/www.meydan.tv\/az\/wp-json\/wp\/v2\/types\/post"}],"author":[{"embeddable":true,"href":"https:\/\/www.meydan.tv\/az\/wp-json\/wp\/v2\/users\/11"}],"replies":[{"embeddable":true,"href":"https:\/\/www.meydan.tv\/az\/wp-json\/wp\/v2\/comments?post=190538"}],"version-history":[{"count":0,"href":"https:\/\/www.meydan.tv\/az\/wp-json\/wp\/v2\/posts\/190538\/revisions"}],"wp:featuredmedia":[{"embeddable":true,"href":"https:\/\/www.meydan.tv\/az\/wp-json\/wp\/v2\/media\/105409"}],"wp:attachment":[{"href":"https:\/\/www.meydan.tv\/az\/wp-json\/wp\/v2\/media?parent=190538"}],"wp:term":[{"taxonomy":"category","embeddable":true,"href":"https:\/\/www.meydan.tv\/az\/wp-json\/wp\/v2\/categories?post=190538"},{"taxonomy":"post_tag","embeddable":true,"href":"https:\/\/www.meydan.tv\/az\/wp-json\/wp\/v2\/tags?post=190538"}],"curies":[{"name":"wp","href":"https:\/\/api.w.org\/{rel}","templated":true}]}}