{"id":190489,"date":"2018-06-17T02:52:43","date_gmt":"2018-06-17T02:52:43","guid":{"rendered":"https:\/\/www.meydan.tv\/article\/imanov-numunesi\/"},"modified":"2018-06-17T02:52:43","modified_gmt":"2018-06-17T02:52:43","slug":"imanov-numunesi","status":"publish","type":"post","link":"https:\/\/www.meydan.tv\/az\/article\/imanov-numunesi\/","title":{"rendered":"\u0130manov n\u00fcmun\u0259si"},"content":{"rendered":"<figure class=\"wp-block-image size-large\">\n  <img decoding=\"async\" src=\"https:\/\/www.meydan.tv\/az\/rovsen-memmedli-2\/\" alt=\"R\u00f6v\u015f\u0259n M\u0259mm\u0259dli\" class=\"wp-image-78105\"\/><figcaption>\n    R\u00f6v\u015f\u0259n M\u0259mm\u0259dli<br \/>\n  <\/figcaption><\/figure>\n<p>\n  Bu yaz\u0131n\u0131 daha \u0259vv\u0259l q\u0259l\u0259m\u0259 alma\u011f\u0131 planla\u015fd\u0131rm\u0131\u015fd\u0131m. Noyabrda \u2013 Yal\u00e7\u0131n \u0130manov V\u0259kill\u0259r Kollegiyas\u0131ndan uzaqla\u015fd\u0131r\u0131landa. Bir ne\u00e7\u0259 g\u00fcn \u00f6nc\u0259 m\u0259rhum Elton Quliyev haqda baxd\u0131\u011f\u0131m film v\u0259 \u0130rad\u0259 Cavadovan\u0131n kollegiyadan \u00e7\u0131xar\u0131lmas\u0131 yazmaq fikrimi q\u0259til\u0259\u015fdirdi. Niy\u0259 yaz\u0131ram? \u00d6nc\u0259 bu sual\u0131 ayd\u0131nla\u015fd\u0131r\u0131m. Yazma\u011f\u0131m\u0131n bir t\u0259k s\u0259b\u0259bi var &#8211; \u0130manov n\u00fcmun\u0259sini az da olsa insanlara tan\u0131tmaq. Hans\u0131 ki, s\u00f6hb\u0259tl\u0259rimizd\u0259 \u201crol model\u201d bar\u0259d\u0259 \u00f6z\u00fc tez-tez dan\u0131\u015f\u0131r. Bir az sad\u0259l\u00f6vhc\u0259, bir az da rabit\u0259siz \u015f\u0259kild\u0259 \u015fikay\u04d9tl\u04d9nir:\n<\/p>\n<p>\n  \u201cC\u0259miyy\u0259t olaraq, n\u00fcmun\u0259l\u0259r\u0259 ehtiyac\u0131m\u0131z var. Biz bu ill\u0259r \u0259rzind\u0259 n\u00fcmun\u0259 yarada bilm\u0259mi\u015fik\u201d.\n<\/p>\n<p>\n  \u0130manov \u00f6z\u00fc f\u0259rqind\u0259 olmasa da, Elton Quliyev kimi n\u00fcmun\u0259 yaradan, bir v\u0259t\u0259nda\u015f kimi n\u00fcmun\u0259 olan insanlardand\u0131r.\n<\/p>\n<p>\n  V\u0259kill\u0259rin geydiyi mantiyan\u0131n r\u0259ngi qarad\u0131r. Qara r\u0259ng &#8211; \u0259dal\u0259ti simvoliz\u0259 edir. Y\u00fcz ill\u0259r \u0259rzind\u0259 insanlar qaran\u0131 \u0259dal\u0259tin r\u0259ngi hesab edibl\u0259r. Bu mantiyan\u0131n he\u00e7 bir d\u00fcym\u0259si, ilg\u0259yi d\u04d9 yoxdur. Bu is\u0259 h\u00fcququn, h\u00fcququ t\u04d9msil ed\u04d9n insanlar\u0131n he\u00e7 bir g\u00fcc\u0259 tabe olmad\u0131\u011f\u0131n\u0131, he\u00e7 kimin qar\u015f\u0131s\u0131nda yaxas\u0131n\u0131 d\u00fcym\u0259l\u0259m\u0259diyini bildirir. \u0130manov geydiyi mantiyan\u0131n haqq\u0131n\u0131 ver\u0259n v\u0259kill\u0259rd\u0259ndir. \u201cNardaran prosesi\u201dnd\u0259 &#8211; \u0130manovun \u00f6hd\u0259sin\u0259 g\u00f6t\u00fcrd\u00fcy\u00fc bu sonuncu m\u04d9hk\u04d9m\u04d9 i\u015find\u04d9 birc\u0259 d\u0259f\u0259 i\u015ftirak ed\u0259n ist\u0259nil\u0259n \u015f\u0259xs bunu t\u04d9sdiql\u04d9y\u04d9r. M\u0259hkumlar\u0131n dil\u0259 g\u0259tirdiyi h\u0259r i\u015fg\u0259nc\u0259 fakt\u0131nda ba\u015f\u0131n\u0131 \u0259ll\u0259ri aras\u0131na al\u0131b heyr\u0259tl\u0259 yell\u0259yir, az qala h\u0259r m\u0259hk\u0259m\u0259 prosesin\u0259 bir yaz\u0131 h\u0259sr edir, eyni \u015f\u00f6vql\u0259 d\u0259 iclas zal\u0131nda saxta ittihamlar\u0131 darmada\u011f\u0131n edirdi. T\u0259bii ki, hakiml\u0259rd\u0259n kollegiyaya ged\u0259n \u015fikay\u0259tl\u0259rin d\u0259 ard\u0131-aras\u0131 k\u0259silmirdi. M\u00fctt\u0259himl\u0259ri pe\u015f\u0259karcas\u0131na, bir az da ehtiyats\u0131z v\u0259 emosional \u015f\u0259kild\u0259 m\u00fcdafi\u0259 ed\u0259rk\u0259n, prosesl\u0259 ba\u011fl\u0131 yaz\u0131lar yazark\u0259n karyeras\u0131n\u0131 risk\u0259 atd\u0131\u011f\u0131 b\u0259lli idi. (Tarixin ironiyas\u0131d\u0131r dey\u0259s\u0259n, kollegiyan\u0131n \u0259vv\u0259lki s\u0259dri d\u00f6vr\u00fcnd\u0259 v\u0259kill\u0259rd\u0259n m\u0259hk\u0259m\u0259 prosesl\u0259rind\u0259 mantiya geym\u0259l\u0259ri t\u0259l\u0259b olunmurdu. Buna baxmayaraq, v\u0259kill\u0259r daha m\u00fcst\u0259qil idil\u0259r. Yeni s\u0259dr is\u0259 mantiya m\u0259s\u0259l\u0259sin\u0259 \u015f\u0259xs\u0259n n\u0259zar\u0259t ed\u0259c\u0259yini a\u00e7\u0131qlay\u0131b. \u018fv\u0259zind\u0259 onlardan daha az m\u00fcst\u0259qil olmalar\u0131, daha \u00e7ox \u201cd\u00fcym\u0259l\u0259nm\u0259l\u0259ri\u201d ist\u0259nilir).\n<\/p>\n<p>\n  \u015e\u0259xs\u0259n m\u0259n v\u0259kil h\u0259mkar\u0131n\u0131n istehza il\u0259 onu idealist olmaqda, reall\u0131q hissini itirm\u0259kd\u0259 su\u00e7lamas\u0131n\u0131n \u015fahidi olmu\u015fam. H\u0259min v\u0259kilin simas\u0131ndak\u0131 ifad\u0259d\u0259n \u0130manovu anlamad\u0131\u011f\u0131, bir az da f\u0259rsiz hesab etdiyi sezilirdi. M\u0259ns\u0259 anlay\u0131rd\u0131m, o, kobud ger\u00e7\u0259kliyin f\u0259rqind\u0259dir, sad\u0259c\u0259 ya\u015fad\u0131\u011f\u0131 m\u00fchitin r\u0259ngin\u0259 boyanmaq ist\u0259mir. Onun he\u00e7 bir siyasi ambisiyas\u0131 yoxdur, c\u0259miyy\u0259t\u0259 y\u00f6n verm\u0259k, \u00f6z\u00fcnd\u0259n dissident obraz\u0131 d\u00fcz\u0259ltm\u0259k d\u04d9 fikrind\u04d9n ke\u00e7mir. Bu, onun \u00fc\u00e7\u00fcn \u015f\u0259xsi l\u0259yaq\u0259t hissind\u0259n do\u011fan t\u0259bii davran\u0131\u015fdan ba\u015fqa bir \u015fey deyil. Ba\u015f\u0131n\u0131n \u00fcst\u00fcnd\u0259 qara buludlar g\u00f6r\u00fcn\u0259n, Penitensiar Xidm\u0259t onu kollegiyaya \u015fikay\u0259t ed\u0259n vaxtlarda n\u00fcmay\u0259nd\u0259lik institutunun l\u0259\u011fvin\u0259 etiraz ed\u0259n h\u00fcquq\u015funaslara d\u0259st\u0259k verm\u0259sini d\u0259 yaln\u0131z bu m\u0259ntiql\u0259 izah etm\u0259k olar.\n<\/p>\n<p>\n  Az\u0259rbaycanl\u0131lar bu pe\u015f\u0259 sahibl\u0259rini \u201cv\u0259kil\u201d adland\u0131rmaqla onlar\u0131n \u00fcz\u0259rin\u0259 daha b\u00f6y\u00fck m\u0259suliyy\u0259t qoyublar. Q\u0259dim romal\u0131lar\u0131n i\u015fl\u0259tdiyi \u201cadvocatus\u201d (m\u0259hk\u0259m\u0259y\u0259 \u00e7a\u011f\u0131r\u0131lan \u015f\u0259xs) s\u00f6z\u00fcnd\u0259n f\u0259rqli olaraq, \u0259r\u0259b dilind\u0259n g\u0259l\u0259n \u201cv\u0259kil\u201d Allah\u0131n ad\u0131d\u0131r, m\u0259nas\u0131 \u201cqoruyan, etimad edil\u0259n\u201d dem\u0259kdir. G\u00f6r\u00fcn\u00fcr, el\u0259 buna g\u00f6r\u0259 bir az da m\u00fcq\u0259dd\u0259slik qat\u0131l\u0131b bu pe\u015f\u0259y\u0259. \u0130manov bu bax\u0131mdan da \u04d9sl v\u04d9kildir. M\u0259s\u0259l\u0259n, kollegiyadan \u00e7\u0131xar\u0131lmas\u0131na s\u0259b\u0259b olan hadis\u0259ni \u2013 \u201cNardaran m\u0259hbusu\u201d Abbas H\u00fcseynova veril\u0259n i\u015fg\u0259nc\u0259l\u0259ri ictimail\u0259\u015fdir\u0259rk\u0259n tam m\u0259nas\u0131nda v\u0259kil kimi davranm\u0131\u015fd\u0131. Baxmayaraq ki, buna ox\u015far situasiyalarda b\u0259zi h\u0259mkarlar\u0131 susmaq yolunu se\u00e7\u0259r, \u0259n az\u0131ndan informasiyan\u0131 ba\u015fqa yolla ictimail\u0259\u015fdirm\u0259y\u0259 \u00e7al\u0131\u015fard\u0131.\n<\/p>\n<p>\n  Yal\u00e7\u0131n \u0130manov ondan ist\u0259nilm\u0259diyi halda \u0259n uzaq m\u0259saf\u0259l\u0259rd\u0259 yerl\u0259\u015f\u0259n h\u0259bsxanalardak\u0131 siyasi m\u0259hbuslara &#8211; &#8220;dost&#8221;lar\u0131na ba\u015f \u00e7\u0259km\u0259y\u0259 ged\u0259r, h\u0259m d\u0259 bunu h\u0259r k\u0259sd\u0259n x\u0259b\u0259rsiz ed\u0259rdi. \u00d6z\u00fcm &#8220;dost&#8221; ifad\u0259sini i\u015fl\u0259tdim, \u00e7\u00fcnki o, h\u00fcquqlar\u0131n\u0131 m\u00fcdafi\u0259 etdiyi \u015f\u0259xl\u0259rl\u0259 s\u00f6z\u00fcn \u04d9sl m\u04d9nas\u0131nda dostla\u015fm\u0131\u015fd\u0131. Kollegiyadan \u00e7\u0131xar\u0131landan sonra verdiyi m\u00fcsahib\u0259sind\u0259 d\u0259 bunu deyir, yegan\u0259 narahatl\u0131\u011f\u0131n\u0131n h\u0259bsd\u0259 olan dostlar il\u0259 sa\u011folla\u015fa bilm\u0259diyi oldu\u011funu qeyd edirdi.\n<\/p>\n<p>\n  \u015eekspirin \u201cVI Henry\u201d \u0259s\u0259rind\u0259 \u201cDick the Butcher\u201d adl\u0131 m\u0259nfi q\u0259hr\u0259man var. O, iqtidara g\u0259l\u0259c\u0259yi t\u0259qdird\u0259 ilk i\u015finin \u201cb\u00fct\u00fcn v\u0259kill\u0259ri \u00f6ld\u00fcrm\u0259k\u201d oldu\u011funu bildirir. Bununla \u0259slind\u0259, \u00f6z despot hakimiyy\u0259tini qurmaq \u00fc\u00e7\u00fcn t\u0259k yolun h\u00fcququ yox etm\u0259k, bunun \u00fc\u00e7\u00fcn d\u0259 h\u00fcququ t\u0259msil ed\u0259n \u015f\u0259xsl\u0259ri \u00f6ld\u00fcrm\u0259k oldu\u011funu dem\u0259k ist\u0259yir. B\u0259li, i\u015fl\u0259k h\u00fcquq sistemi v\u0259 vicdanl\u0131, pe\u015f\u0259kar h\u00fcquq\u015funaslar despot hakiml\u0259r qar\u015f\u0131s\u0131nda b\u00f6y\u00fck \u0259ng\u0259ldirl\u04d9r. Ona g\u00f6r\u04d9, \u0130manov kimil\u04d9rin i\u015find\u04d9n olmas\u0131 t\u04d9\u04d9ss\u00fcfverici olsa da, ba\u015fa d\u00fc\u015f\u00fcl\u04d9ndir.\n<\/p>\n<p>\n  <b><br \/>\n    <i><br \/>\n      Yaz\u0131 m\u00fc\u0259llifin fikirl\u0259rini \u0259ks etdirir v\u0259 Meydan TV-nin m\u00f6vqeyi il\u0259 \u00fcst-\u00fcst\u0259 d\u00fc\u015fm\u0259y\u0259 bil\u0259r.<br \/>\n    <\/i><br \/>\n  <\/b><\/p>\n","protected":false},"excerpt":{"rendered":"<p>Bu yaz\u0131n\u0131 daha \u0259vv\u0259l q\u0259l\u0259m\u0259 alma\u011f\u0131 planla\u015fd\u0131rm\u0131\u015fd\u0131m<\/p>\n","protected":false},"author":11,"featured_media":78105,"comment_status":"closed","ping_status":"open","sticky":false,"template":"","format":"standard","meta":{"_acf_changed":false,"_sitemap_exclude":false,"_sitemap_priority":"","_sitemap_frequency":"","footnotes":""},"categories":[57],"tags":[],"class_list":["post-190489","post","type-post","status-publish","format-standard","has-post-thumbnail","hentry","category-menim-fikrimce","infinite-scroll-item","generate-columns","tablet-grid-50","mobile-grid-100","grid-parent","grid-33","no-featured-image-padding"],"acf":[],"yoast_head":"<!-- This site is optimized with the Yoast SEO plugin v27.4 - https:\/\/yoast.com\/product\/yoast-seo-wordpress\/ -->\n<title>\u0130manov n\u00fcmun\u0259si - MEYDAN.TV<\/title>\n<meta name=\"robots\" content=\"index, follow, max-snippet:-1, max-image-preview:large, max-video-preview:-1\" \/>\n<link rel=\"canonical\" href=\"https:\/\/www.meydan.tv\/az\/article\/imanov-numunesi\/\" \/>\n<meta property=\"og:locale\" content=\"az_AZ\" \/>\n<meta property=\"og:type\" content=\"article\" \/>\n<meta property=\"og:title\" content=\"\u0130manov n\u00fcmun\u0259si - MEYDAN.TV\" \/>\n<meta property=\"og:description\" content=\"Bu yaz\u0131n\u0131 daha \u0259vv\u0259l q\u0259l\u0259m\u0259 alma\u011f\u0131 planla\u015fd\u0131rm\u0131\u015fd\u0131m\" \/>\n<meta property=\"og:url\" content=\"https:\/\/www.meydan.tv\/az\/article\/imanov-numunesi\/\" \/>\n<meta property=\"og:site_name\" content=\"MEYDAN.TV\" \/>\n<meta property=\"article:published_time\" content=\"2018-06-17T02:52:43+00:00\" \/>\n<meta property=\"og:image\" content=\"https:\/\/www.meydan.tv\/wp-content\/uploads\/30343.jpg\" \/>\n\t<meta property=\"og:image:width\" content=\"926\" \/>\n\t<meta property=\"og:image:height\" content=\"600\" \/>\n\t<meta property=\"og:image:type\" content=\"image\/jpeg\" \/>\n<meta name=\"author\" content=\"user-manager\" \/>\n<meta name=\"twitter:card\" content=\"summary_large_image\" \/>\n<script type=\"application\/ld+json\" class=\"yoast-schema-graph\">{\"@context\":\"https:\\\/\\\/schema.org\",\"@graph\":[{\"@type\":\"Article\",\"@id\":\"https:\\\/\\\/www.meydan.tv\\\/az\\\/article\\\/imanov-numunesi\\\/#article\",\"isPartOf\":{\"@id\":\"https:\\\/\\\/www.meydan.tv\\\/az\\\/article\\\/imanov-numunesi\\\/\"},\"author\":{\"name\":\"user-manager\",\"@id\":\"https:\\\/\\\/www.meydan.tv\\\/az\\\/#\\\/schema\\\/person\\\/10d11eccf6da3662cf5fdab9806ea91a\"},\"headline\":\"\u0130manov n\u00fcmun\u0259si\",\"datePublished\":\"2018-06-17T02:52:43+00:00\",\"mainEntityOfPage\":{\"@id\":\"https:\\\/\\\/www.meydan.tv\\\/az\\\/article\\\/imanov-numunesi\\\/\"},\"wordCount\":1044,\"publisher\":{\"@id\":\"https:\\\/\\\/www.meydan.tv\\\/az\\\/#organization\"},\"image\":{\"@id\":\"https:\\\/\\\/www.meydan.tv\\\/az\\\/article\\\/imanov-numunesi\\\/#primaryimage\"},\"thumbnailUrl\":\"https:\\\/\\\/www.meydan.tv\\\/wp-content\\\/uploads\\\/30343.jpg\",\"articleSection\":[\"M\u0259nim Fikrimc\u0259\"],\"inLanguage\":\"az\"},{\"@type\":\"WebPage\",\"@id\":\"https:\\\/\\\/www.meydan.tv\\\/az\\\/article\\\/imanov-numunesi\\\/\",\"url\":\"https:\\\/\\\/www.meydan.tv\\\/az\\\/article\\\/imanov-numunesi\\\/\",\"name\":\"\u0130manov n\u00fcmun\u0259si - MEYDAN.TV\",\"isPartOf\":{\"@id\":\"https:\\\/\\\/www.meydan.tv\\\/az\\\/#website\"},\"primaryImageOfPage\":{\"@id\":\"https:\\\/\\\/www.meydan.tv\\\/az\\\/article\\\/imanov-numunesi\\\/#primaryimage\"},\"image\":{\"@id\":\"https:\\\/\\\/www.meydan.tv\\\/az\\\/article\\\/imanov-numunesi\\\/#primaryimage\"},\"thumbnailUrl\":\"https:\\\/\\\/www.meydan.tv\\\/wp-content\\\/uploads\\\/30343.jpg\",\"datePublished\":\"2018-06-17T02:52:43+00:00\",\"breadcrumb\":{\"@id\":\"https:\\\/\\\/www.meydan.tv\\\/az\\\/article\\\/imanov-numunesi\\\/#breadcrumb\"},\"inLanguage\":\"az\",\"potentialAction\":[{\"@type\":\"ReadAction\",\"target\":[\"https:\\\/\\\/www.meydan.tv\\\/az\\\/article\\\/imanov-numunesi\\\/\"]}]},{\"@type\":\"ImageObject\",\"inLanguage\":\"az\",\"@id\":\"https:\\\/\\\/www.meydan.tv\\\/az\\\/article\\\/imanov-numunesi\\\/#primaryimage\",\"url\":\"https:\\\/\\\/www.meydan.tv\\\/wp-content\\\/uploads\\\/30343.jpg\",\"contentUrl\":\"https:\\\/\\\/www.meydan.tv\\\/wp-content\\\/uploads\\\/30343.jpg\",\"width\":926,\"height\":600,\"caption\":\"Source:\"},{\"@type\":\"BreadcrumbList\",\"@id\":\"https:\\\/\\\/www.meydan.tv\\\/az\\\/article\\\/imanov-numunesi\\\/#breadcrumb\",\"itemListElement\":[{\"@type\":\"ListItem\",\"position\":1,\"name\":\"Ana s\u0259hif\u0259\",\"item\":\"https:\\\/\\\/www.meydan.tv\\\/az\\\/\"},{\"@type\":\"ListItem\",\"position\":2,\"name\":\"M\u0259nim Fikrimc\u0259\",\"item\":\"https:\\\/\\\/www.meydan.tv\\\/az\\\/section\\\/menim-fikrimce\\\/\"},{\"@type\":\"ListItem\",\"position\":3,\"name\":\"\u0130manov n\u00fcmun\u0259si\"}]},{\"@type\":\"WebSite\",\"@id\":\"https:\\\/\\\/www.meydan.tv\\\/az\\\/#website\",\"url\":\"https:\\\/\\\/www.meydan.tv\\\/az\\\/\",\"name\":\"MEYDAN.TV\",\"description\":\"Meydan TV Az\u0259rbaycan\u0131n media m\u0259kan\u0131ndak\u0131 alternativ s\u0259sidir\",\"publisher\":{\"@id\":\"https:\\\/\\\/www.meydan.tv\\\/az\\\/#organization\"},\"potentialAction\":[{\"@type\":\"SearchAction\",\"target\":{\"@type\":\"EntryPoint\",\"urlTemplate\":\"https:\\\/\\\/www.meydan.tv\\\/az\\\/?s={search_term_string}\"},\"query-input\":{\"@type\":\"PropertyValueSpecification\",\"valueRequired\":true,\"valueName\":\"search_term_string\"}}],\"inLanguage\":\"az\"},{\"@type\":\"Organization\",\"@id\":\"https:\\\/\\\/www.meydan.tv\\\/az\\\/#organization\",\"name\":\"Meydan TV\",\"url\":\"https:\\\/\\\/www.meydan.tv\\\/az\\\/\",\"logo\":{\"@type\":\"ImageObject\",\"inLanguage\":\"az\",\"@id\":\"https:\\\/\\\/www.meydan.tv\\\/az\\\/#\\\/schema\\\/logo\\\/image\\\/\",\"url\":\"https:\\\/\\\/www.meydan.tv\\\/wp-content\\\/uploads\\\/2021\\\/07\\\/meydan-logo.svg\",\"contentUrl\":\"https:\\\/\\\/www.meydan.tv\\\/wp-content\\\/uploads\\\/2021\\\/07\\\/meydan-logo.svg\",\"width\":195,\"height\":46,\"caption\":\"Meydan TV\"},\"image\":{\"@id\":\"https:\\\/\\\/www.meydan.tv\\\/az\\\/#\\\/schema\\\/logo\\\/image\\\/\"}},{\"@type\":\"Person\",\"@id\":\"https:\\\/\\\/www.meydan.tv\\\/az\\\/#\\\/schema\\\/person\\\/10d11eccf6da3662cf5fdab9806ea91a\",\"name\":\"user-manager\"}]}<\/script>\n<!-- \/ Yoast SEO plugin. -->","yoast_head_json":{"title":"\u0130manov n\u00fcmun\u0259si - MEYDAN.TV","robots":{"index":"index","follow":"follow","max-snippet":"max-snippet:-1","max-image-preview":"max-image-preview:large","max-video-preview":"max-video-preview:-1"},"canonical":"https:\/\/www.meydan.tv\/az\/article\/imanov-numunesi\/","og_locale":"az_AZ","og_type":"article","og_title":"\u0130manov n\u00fcmun\u0259si - MEYDAN.TV","og_description":"Bu yaz\u0131n\u0131 daha \u0259vv\u0259l q\u0259l\u0259m\u0259 alma\u011f\u0131 planla\u015fd\u0131rm\u0131\u015fd\u0131m","og_url":"https:\/\/www.meydan.tv\/az\/article\/imanov-numunesi\/","og_site_name":"MEYDAN.TV","article_published_time":"2018-06-17T02:52:43+00:00","og_image":[{"width":926,"height":600,"url":"https:\/\/www.meydan.tv\/wp-content\/uploads\/30343.jpg","type":"image\/jpeg"}],"author":"user-manager","twitter_card":"summary_large_image","schema":{"@context":"https:\/\/schema.org","@graph":[{"@type":"Article","@id":"https:\/\/www.meydan.tv\/az\/article\/imanov-numunesi\/#article","isPartOf":{"@id":"https:\/\/www.meydan.tv\/az\/article\/imanov-numunesi\/"},"author":{"name":"user-manager","@id":"https:\/\/www.meydan.tv\/az\/#\/schema\/person\/10d11eccf6da3662cf5fdab9806ea91a"},"headline":"\u0130manov n\u00fcmun\u0259si","datePublished":"2018-06-17T02:52:43+00:00","mainEntityOfPage":{"@id":"https:\/\/www.meydan.tv\/az\/article\/imanov-numunesi\/"},"wordCount":1044,"publisher":{"@id":"https:\/\/www.meydan.tv\/az\/#organization"},"image":{"@id":"https:\/\/www.meydan.tv\/az\/article\/imanov-numunesi\/#primaryimage"},"thumbnailUrl":"https:\/\/www.meydan.tv\/wp-content\/uploads\/30343.jpg","articleSection":["M\u0259nim Fikrimc\u0259"],"inLanguage":"az"},{"@type":"WebPage","@id":"https:\/\/www.meydan.tv\/az\/article\/imanov-numunesi\/","url":"https:\/\/www.meydan.tv\/az\/article\/imanov-numunesi\/","name":"\u0130manov n\u00fcmun\u0259si - MEYDAN.TV","isPartOf":{"@id":"https:\/\/www.meydan.tv\/az\/#website"},"primaryImageOfPage":{"@id":"https:\/\/www.meydan.tv\/az\/article\/imanov-numunesi\/#primaryimage"},"image":{"@id":"https:\/\/www.meydan.tv\/az\/article\/imanov-numunesi\/#primaryimage"},"thumbnailUrl":"https:\/\/www.meydan.tv\/wp-content\/uploads\/30343.jpg","datePublished":"2018-06-17T02:52:43+00:00","breadcrumb":{"@id":"https:\/\/www.meydan.tv\/az\/article\/imanov-numunesi\/#breadcrumb"},"inLanguage":"az","potentialAction":[{"@type":"ReadAction","target":["https:\/\/www.meydan.tv\/az\/article\/imanov-numunesi\/"]}]},{"@type":"ImageObject","inLanguage":"az","@id":"https:\/\/www.meydan.tv\/az\/article\/imanov-numunesi\/#primaryimage","url":"https:\/\/www.meydan.tv\/wp-content\/uploads\/30343.jpg","contentUrl":"https:\/\/www.meydan.tv\/wp-content\/uploads\/30343.jpg","width":926,"height":600,"caption":"Source:"},{"@type":"BreadcrumbList","@id":"https:\/\/www.meydan.tv\/az\/article\/imanov-numunesi\/#breadcrumb","itemListElement":[{"@type":"ListItem","position":1,"name":"Ana s\u0259hif\u0259","item":"https:\/\/www.meydan.tv\/az\/"},{"@type":"ListItem","position":2,"name":"M\u0259nim Fikrimc\u0259","item":"https:\/\/www.meydan.tv\/az\/section\/menim-fikrimce\/"},{"@type":"ListItem","position":3,"name":"\u0130manov n\u00fcmun\u0259si"}]},{"@type":"WebSite","@id":"https:\/\/www.meydan.tv\/az\/#website","url":"https:\/\/www.meydan.tv\/az\/","name":"MEYDAN.TV","description":"Meydan TV Az\u0259rbaycan\u0131n media m\u0259kan\u0131ndak\u0131 alternativ s\u0259sidir","publisher":{"@id":"https:\/\/www.meydan.tv\/az\/#organization"},"potentialAction":[{"@type":"SearchAction","target":{"@type":"EntryPoint","urlTemplate":"https:\/\/www.meydan.tv\/az\/?s={search_term_string}"},"query-input":{"@type":"PropertyValueSpecification","valueRequired":true,"valueName":"search_term_string"}}],"inLanguage":"az"},{"@type":"Organization","@id":"https:\/\/www.meydan.tv\/az\/#organization","name":"Meydan TV","url":"https:\/\/www.meydan.tv\/az\/","logo":{"@type":"ImageObject","inLanguage":"az","@id":"https:\/\/www.meydan.tv\/az\/#\/schema\/logo\/image\/","url":"https:\/\/www.meydan.tv\/wp-content\/uploads\/2021\/07\/meydan-logo.svg","contentUrl":"https:\/\/www.meydan.tv\/wp-content\/uploads\/2021\/07\/meydan-logo.svg","width":195,"height":46,"caption":"Meydan TV"},"image":{"@id":"https:\/\/www.meydan.tv\/az\/#\/schema\/logo\/image\/"}},{"@type":"Person","@id":"https:\/\/www.meydan.tv\/az\/#\/schema\/person\/10d11eccf6da3662cf5fdab9806ea91a","name":"user-manager"}]}},"_links":{"self":[{"href":"https:\/\/www.meydan.tv\/az\/wp-json\/wp\/v2\/posts\/190489","targetHints":{"allow":["GET"]}}],"collection":[{"href":"https:\/\/www.meydan.tv\/az\/wp-json\/wp\/v2\/posts"}],"about":[{"href":"https:\/\/www.meydan.tv\/az\/wp-json\/wp\/v2\/types\/post"}],"author":[{"embeddable":true,"href":"https:\/\/www.meydan.tv\/az\/wp-json\/wp\/v2\/users\/11"}],"replies":[{"embeddable":true,"href":"https:\/\/www.meydan.tv\/az\/wp-json\/wp\/v2\/comments?post=190489"}],"version-history":[{"count":0,"href":"https:\/\/www.meydan.tv\/az\/wp-json\/wp\/v2\/posts\/190489\/revisions"}],"wp:featuredmedia":[{"embeddable":true,"href":"https:\/\/www.meydan.tv\/az\/wp-json\/wp\/v2\/media\/78105"}],"wp:attachment":[{"href":"https:\/\/www.meydan.tv\/az\/wp-json\/wp\/v2\/media?parent=190489"}],"wp:term":[{"taxonomy":"category","embeddable":true,"href":"https:\/\/www.meydan.tv\/az\/wp-json\/wp\/v2\/categories?post=190489"},{"taxonomy":"post_tag","embeddable":true,"href":"https:\/\/www.meydan.tv\/az\/wp-json\/wp\/v2\/tags?post=190489"}],"curies":[{"name":"wp","href":"https:\/\/api.w.org\/{rel}","templated":true}]}}