{"id":190462,"date":"2018-06-14T17:29:55","date_gmt":"2018-06-14T17:29:55","guid":{"rendered":"https:\/\/www.meydan.tv\/article\/polsa-seferim\/"},"modified":"2018-06-14T17:29:55","modified_gmt":"2018-06-14T17:29:55","slug":"polsa-seferim","status":"publish","type":"post","link":"https:\/\/www.meydan.tv\/az\/article\/polsa-seferim\/","title":{"rendered":"Pol\u015fa s\u0259f\u0259rim"},"content":{"rendered":"<figure class=\"wp-block-image size-large\">\n  <img decoding=\"async\" src=\"https:\/\/www.meydan.tv\/az\/orxan-adigozel-3\/\" alt=\"Orxan Ad\u0131g\u00f6z\u0259l\" class=\"wp-image-95247\"\/><figcaption>\n    Orxan Ad\u0131g\u00f6z\u0259l<br \/>\n  <\/figcaption><\/figure>\n<p>\n  Bu yax\u0131nda \u00fc\u00e7\u00fcnc\u00fc d\u0259f\u0259 Pol\u015faya s\u0259f\u0259r etdim. \u0130lk d\u0259f\u0259 2015-ci ilin q\u0131\u015f\u0131nda s\u0259f\u0259r etdiyim bu Avropa \u00f6lk\u0259si m\u0259ni \u0259vv\u0259ld\u0259n c\u0259lb el\u0259mi\u015fdi. Pol\u015fan\u0131n tarixi, \u00f6lk\u0259nin c\u0259sur \u015f\u0259xsiyy\u0259tl\u0259ri, siyas\u0259td\u0259ki f\u0259all\u0131qlar\u0131 v\u0259 t\u0259bii ki, g\u00f6z\u0259l q\u0131zlar\u0131 bar\u0259d\u0259 \u00e7ox e\u015fitmi\u015fdim.\n<\/p>\n<p>\n  Paytaxt Var\u015favada ke\u00e7irdiyim bir ne\u00e7\u0259 g\u00fcn xatir\u0259l\u0259rimd\u0259 maraql\u0131 izl\u0259r buraxd\u0131. Orada oldu\u011fum m\u00fcdd\u0259td\u0259 bir xeyli adamla tan\u0131\u015f oldum. Var\u015favadan \u00e7ox yazmaq fikirim yoxdur. S\u0259liq\u0259li v\u0259 g\u00f6z\u0259g\u0259limli \u015f\u0259h\u0259r olsa da, s\u0131rf turistik s\u0259f\u0259r \u00fc\u00e7\u00fcn ideal say\u0131la bil\u0259c\u0259k m\u0259kan deyil. Turizm c\u0259h\u0259td\u0259n Avropan\u0131n ad qazanm\u0131\u015f \u015f\u0259h\u0259rl\u0259rinin yan\u0131nda Var\u015fava bir az s\u00f6n\u00fck qal\u0131r. \u0130st\u0259nil\u0259n halda ordan xo\u015f t\u0259\u0259ss\u00fcratlarla ayr\u0131lm\u0131\u015fd\u0131m.\n<\/p>\n<p>\n  Sonra 2016-c\u0131 ilin mart ay\u0131nda Pol\u015fan\u0131n Qdansk \u015f\u0259h\u0259rini ziyar\u0259t etdim. H\u0259min vaxt orda sosial f\u0259all\u0131qla ba\u011fl\u0131 forumda i\u015ftirak edirdim. T\u0259dbir olduqca maraql\u0131 idi. Sosial bacar\u0131qlar\u0131n inki\u015faf\u0131, d\u00fcnyag\u00f6r\u00fc\u015f\u00fcn\u00fcn artmas\u0131 \u00fc\u00e7\u00fcn h\u0259min forum bug\u00fcn\u0259 kimi i\u015ftirak etdiyim beyn\u0259lxalq t\u0259liml\u0259r i\u00e7ind\u0259 \u0259n yax\u015f\u0131lardan say\u0131la bil\u0259r.\n<\/p>\n<p>\n  Baltik d\u0259nizinin sahilind\u0259 yerl\u0259\u015f\u0259n Qdansk \u015f\u0259h\u0259ri mart ay\u0131nda \u00e7ox soyuq idi. Bak\u0131da oldu\u011fu kimi burda da k\u00fcl\u0259k adama dinclik vermirdi. Orda oldu\u011fum \u00fc\u00e7 g\u00fcn \u0259rzind\u0259 \u015f\u0259h\u0259ri q\u0259tiyy\u0259n g\u0259z\u0259 bilm\u0259dim. Birincisi ona g\u00f6r\u0259 ki, i\u015ftirak etdiyim t\u0259dbir s\u0259h\u0259rd\u0259n ax\u015fama q\u0259d\u0259r davam edirdi. Ax\u015fam saatlar\u0131nda otel\u0259 el\u0259 yor\u011fun d\u00f6n\u00fcrd\u00fcm ki, harasa \u00e7\u0131x\u0131b g\u0259zm\u0259y\u0259 hal\u0131m olmurdu. \u0130kinci \u0259sas vacib n\u00fcans ondan ibar\u0259t idi ki, hava, do\u011furdan da, \u00e7ox soyuq idi. Bel\u0259 s\u0259rt havada 10 d\u0259qiq\u0259d\u0259n art\u0131q \u00e7\u00f6ld\u0259 qalmaq olmurdu. Yoxsa he\u00e7 d\u0259 yor\u011funlu\u011fu b\u0259han\u0259 g\u0259tirm\u0259zdim. \u00c7\u00fcnki g\u0259zm\u0259yi \u00e7ox sevir\u0259m. Yen\u0259 d\u0259 m\u00fcsb\u0259t olan o idi ki, i\u015ftirak etdiyim t\u0259dbird\u0259n maksimum yararlanm\u0131\u015f, \u00f6z\u00fcm \u00fc\u00e7\u00fcn faydal\u0131 olan bilgil\u0259r \u0259ld\u0259 etmi\u015fdim.\n<\/p>\n<p>\n  \u015e\u0259h\u0259rd\u0259n ayr\u0131landa m\u0259ni \u0259n \u00e7ox \u00fcz\u0259n \u015fey oran\u0131 g\u0259zm\u0259m\u0259yim idi. Qdanska getm\u0259mi\u015fd\u0259n qabaq \u201cGoogle\u201dd\u0259 axtar\u0131\u015f verib \u015f\u0259h\u0259r haqq\u0131nda m\u0259lumatlar \u00f6yr\u0259nmi\u015f, \u015f\u0259kill\u0259rd\u0259ki g\u00f6z\u0259llikl\u0259rd\u0259n feyzyab olmu\u015fdum. Al\u00e7aq binalar\u0131n xo\u015fag\u0259l\u0259n formalar\u0131, xudmani evl\u0259rin r\u0259ngli \u00f6rt\u00fckl\u0259 \u00fczl\u0259nmi\u015f evl\u0259rin g\u00f6r\u00fcn\u00fc\u015f\u00fc, yara\u015f\u0131ql\u0131 tarixi tikilil\u0259r \u015f\u0259kill\u0259rd\u0259n olsa bel\u0259 m\u0259ni bu q\u0259dim \u015f\u0259h\u0259r\u0259 \u00e7\u0259kirdi.\n<\/p>\n<p>\n  Qeyd edim ki, Qdansk Baltik d\u0259nizind\u0259 iri liman, h\u0259m d\u0259 s\u0259nay\u0259 m\u0259rk\u0259zidir. Yayda bura turizm f\u0259all\u0131\u011f\u0131n\u0131 lap art\u0131r\u0131r. Milyonlarla polyak v\u0259 Avropa \u0130ttifaq\u0131n\u0131n dig\u0259r \u00f6lk\u0259l\u0259rinin v\u0259t\u0259nda\u015flar\u0131 Baltik d\u0259nizi sahilind\u0259 \u00e7im\u0259rlikl\u0259rd\u0259 dinc\u0259lirl\u0259r. \u015e\u0259h\u0259ri g\u00f6z\u0259l ed\u0259n h\u0259m d\u0259 Avropan\u0131n \u0259ks\u0259r \u015f\u0259h\u0259rl\u0259rind\u0259 rast g\u0259lin\u0259n v\u0259 onlar\u0131 daha da cazib\u0259li ed\u0259n ya\u015f\u0131ll\u0131qlard\u0131r.\n<\/p>\n<p>\n  Bu ilin aprelind\u0259 Qdanska yenid\u0259n s\u0259f\u0259r etdim. Bu d\u0259f\u0259 yadda qalan m\u0259qam, s\u0259f\u0259r c\u0259h\u0259td\u0259n x\u00fcsusi rol oynayan n\u00fcans Var\u015favadan Qdanska s\u00fcr\u0259t qatar\u0131 il\u0259 getm\u0259yim oldu. Var\u015favada \u201cFridrix \u015eopen\u201d hava liman\u0131n yan\u0131ndak\u0131 metro il\u0259 qatar stansiyas\u0131na g\u0259ldim. Metro stansiyas\u0131 kimi, qatar stansiyas\u0131 da \u0259lil arabas\u0131 \u00fc\u00e7\u00fcn tam m\u00fc\u0259ss\u0259r oldu\u011fu \u00fc\u00e7\u00fcn he\u00e7 bir \u0259ng\u0259l ya\u015famadan h\u0259r\u0259k\u0259t ed\u0259 bilirdim. H\u0259, onu da qeyd edim ki, \u00fc\u00e7 il qabaq Var\u015fava metrosunda \u0259lilliyi olan insanlar \u00fc\u00e7\u00fcn yarad\u0131lm\u0131\u015f m\u00fck\u0259mm\u0259l \u015f\u0259raiti g\u00f6r\u0259nd\u0259 heyr\u0259tl\u0259nmi\u015f, h\u0259m d\u0259 \u00e7ox t\u0259\u0259ss\u00fcfl\u0259nmi\u015fdim. Ke\u00e7irdiyim q\u0259zadan 7 il sonra ilk d\u0259f\u0259 metrodan istifad\u0259 etm\u0259k xo\u015f duy\u011fu yarad\u0131rd\u0131. T\u0259\u0259ss\u00fcf etdiyim m\u0259s\u0259l\u0259 is\u0259 s\u0131rf ya\u015fad\u0131\u011f\u0131m Bak\u0131 \u015f\u0259h\u0259rinin metrosunun \u0259lilliyi olan insanlar \u00fc\u00e7\u00fcn tamamil\u0259 \u0259lveri\u015fsiz olmas\u0131 il\u0259 ba\u011fl\u0131 idi. Do\u011furdan da, b\u0259db\u0259xtlikdir ki, \u00f6z ya\u015fad\u0131\u011f\u0131n \u015f\u0259h\u0259rd\u0259 ictimai n\u0259qliyyatdan istifad\u0259 ed\u0259 bilm\u0259y\u0259s\u0259n. \u0130ll\u0259rdir bu haqda yazsaq da, m\u00fcxt\u0259lif m\u00fcraci\u0259tl\u0259r ets\u0259k d\u0259, m\u00fcbariz\u0259 aparsaq da, aidiyyat\u0131 qurumlardan adekvat add\u0131mlar yoxdur.\n<\/p>\n<p>\n  N\u0259 is\u0259. Metrodan \u00e7\u0131x\u0131b, qatar stansiyas\u0131na g\u0259ldik. Orda da \u0259lil arabas\u0131 \u00fc\u00e7\u00fcn ideal \u015f\u0259raitl\u0259 qar\u015f\u0131la\u015fd\u0131m. S\u00fcr\u0259t qatar\u0131 \u00fc\u00e7 saatl\u0131q yol m\u0259n\u0259 \u00e7ox l\u0259zz\u0259t el\u0259di. \u00dcmumiyy\u0259tl\u0259, h\u0259mi\u015f\u0259 avtobusla, avtomobill\u0259 uzun yol ged\u0259rk\u0259n \u0259traf\u0131 seyr etm\u0259kd\u0259n xo\u015fum g\u0259lir. D\u00fc\u015f\u00fcn\u00fcr\u0259m ki, bu hal bir \u00e7oxu \u00fc\u00e7\u00fcn eyni d\u0259r\u0259c\u0259d\u0259 xo\u015fa g\u0259l\u0259n prosesdir. Oturdu\u011fum \u0259lil arabas\u0131n\u0131 birba\u015fa \u00fcz\u00fc p\u0259nc\u0259r\u0259y\u0259 yax\u0131nla\u015fd\u0131r\u0131b yolu izl\u0259m\u0259kd\u0259n z\u00f6vq ald\u0131m. Yolboyu g\u00f6rd\u00fcy\u00fcm me\u015f\u0259likl\u0259r, ya\u015f\u0131l d\u00fcz\u0259nlikl\u0259r, hamar t\u0259p\u0259l\u0259r, g\u00f6zox\u015fayan evl\u0259r, t\u0259mizliyi il\u0259 se\u00e7il\u0259n m\u00fcxt\u0259lif \u0259razil\u0259r q\u0259lbimi riqq\u0259t\u0259 g\u0259tirdi. H\u0259r \u015fey o q\u0259d\u0259r s\u0259liq\u0259li idi ki, bo\u015f \u0259razil\u0259rd\u0259 d\u0259 x\u00fcsusi f\u00fcsunkarl\u0131q hiss olunurdu. Ara-s\u0131ra dizimin \u00fcst\u00fcnd\u0259 saxlad\u0131\u011f\u0131m Kristof Jan Qranjenin \u201cQara yol\u201d kitab\u0131n\u0131 oxuyurdum. Psixoloji triller janr\u0131ndak\u0131 romanla, qar\u015f\u0131mda a\u00e7\u0131lm\u0131\u015f ya\u015f\u0131ll\u0131qlarla dolu g\u00f6z\u0259l yerl\u0259r aras\u0131nda m\u00fc\u0259yy\u0259n paralell\u0259r apar\u0131rd\u0131m. D\u00fczd\u00fcr, kitabdak\u0131 qanl\u0131 v\u0259 v\u0259h\u015fi s\u0259hn\u0259l\u0259r, g\u00f6rd\u00fcy\u00fcm s\u0259fal\u0131 yerl\u0259rl\u0259 he\u00e7 c\u00fcr uy\u011funluq tapm\u0131rd\u0131. Bir d\u0259n\u0259 ya\u011f\u0131\u015f ya\u011fma\u011fa ba\u015flayanda qatar\u0131n p\u0259nc\u0259r\u0259l\u0259rind\u0259n q\u0259rib\u0259 \u015f\u0259kild\u0259 s\u00fcz\u00fcl\u0259n ya\u011f\u0131\u015f sular\u0131 il\u0259, romanda 27 b\u0131\u00e7aq yaras\u0131 alm\u0131\u015f qad\u0131n\u0131n qan\u0131n\u0131n ax\u0131\u015f\u0131 aras\u0131nda m\u00fc\u0259yy\u0259n, q\u0259rib\u0259 ox\u015farl\u0131q sezdim. Ancaq \u0259s\u0259r \u00e7ox \u00fcr\u0259yimc\u0259 idi. \u0130kiqat h\u0259zz ya\u015fay\u0131rd\u0131m. G\u00f6zl\u0259rim v\u0259 ruhum dinc\u0259lirdi. Xeyr, manyak-zad deyil\u0259m. Sad\u0259c\u0259 psixoloji triller janr\u0131n\u0131 \u00e7ox b\u0259y\u0259nir\u0259m. Qdanska \u00e7atanda \u00fc\u00e7 saat\u0131n nec\u0259 ke\u00e7diyini hiss etm\u0259diyimin f\u0259rqin\u0259 vard\u0131m.<br \/>\n  <br \/>\n  400 mind\u0259n \u00e7ox \u0259halisi olan bu \u015f\u0259h\u0259r, do\u011frudan da, g\u00f6z\u0259ldir. Bu d\u0259f\u0259 m\u0259rk\u0259zi yerl\u0259ri el\u0259 yol\u00fcst\u00fc g\u0259z\u0259 bildim. Ancaq yen\u0259 d\u0259 buna \u201cg\u0259zm\u0259k\u201d dem\u0259k olmaz. S\u0259thi, \u00fcstd\u0259n olan y\u00fcng\u00fcl ki\u00e7ik g\u0259zinti v\u0259 12 saatl\u0131q s\u0259f\u0259rd\u0259n sonra m\u00fctl\u0259q dinc\u0259lm\u0259k ehtiyac\u0131..\n<\/p>\n<p>\n  Niy\u0259 12 saat?\n<\/p>\n<p>\n  Bak\u0131dan Kiyev hava liman\u0131na u\u00e7maq, orda bir xeyli g\u00f6zl\u0259m\u0259k, ard\u0131nca Kiyevd\u0259n Var\u015favaya u\u00e7u\u015f v\u0259 orda da bir az g\u00f6zl\u0259dikd\u0259n sonra s\u00fcr\u0259t qatar\u0131 il\u0259 Qdanska s\u0259f\u0259r. Yor\u011fun idim. Dinc\u0259lm\u0259li idim. S\u0259h\u0259r tezd\u0259n t\u0259dbir\u0259 ged\u0259c\u0259kdim.\n<\/p>\n<p>\n  D\u00fczd\u00fcr, bu d\u0259f\u0259 d\u0259 Qdanskda Baltik d\u0259nizind\u0259n g\u0259l\u0259n s\u0259rt k\u00fcl\u0259kl\u0259rl\u0259 rastla\u015fsam da, g\u00f6z\u0259l \u015f\u0259h\u0259ri dola\u015fa bildim. Qdansk\u0131n \u00f6z\u00fc kimi \u015f\u0259h\u0259r sakinl\u0259ri d\u0259 m\u00fcsb\u0259t enerji sa\u00e7\u0131rd\u0131lar. Bu istilikl\u0259 kifay\u0259tl\u0259nm\u0259li oldum. Paytaxt Var\u015favada insanlar\u0131n bel\u0259 istiqanl\u0131l\u0131\u011f\u0131n\u0131 g\u00f6rm\u0259k m\u00fc\u015fk\u00fcl\u0259 \u00e7evirilir.\n<\/p>\n<p>\n  Qdansk \u015f\u0259h\u0259ri h\u0259m d\u0259 d\u00fcnyaca m\u0259\u015fhur \u015f\u0259xsl\u0259ri il\u0259 d\u0259 se\u00e7ilir:\n<\/p>\n<p>\n  \u018fslind\u0259 h\u0259min \u015f\u0259h\u0259rd\u0259 do\u011fulan bir xeyli insan var, ancaq m\u0259n \u00f6z tan\u0131d\u0131qlar\u0131m\u0131 yazacam- t\u0259zyiq \u015fkalas\u0131n\u0131 k\u0259\u015ff ed\u0259n-Qabriel Faranqeyt, filosof Artur \u015eopenhauer, \u0259d\u0259biyyat \u00fczr\u0259 Nobel m\u00fckafat\u00e7\u0131s\u0131 G\u00fcnter Qrass, politoloq Donald Tusk v\u0259 s.\n<\/p>\n<p>\n  Avropaya gets\u0259niz, Pol\u015faya ba\u015f \u00e7\u0259km\u0259yi unutmay\u0131n.\n<\/p>\n<p>\n  <b><br \/>\n    <i><br \/>\n      Yaz\u0131 m\u00fc\u0259llifin fikirl\u0259rini \u0259ks etdirir v\u0259 Meydan TV-nin m\u00f6vqeyi il\u0259 \u00fcst-\u00fcst\u0259 d\u00fc\u015fm\u0259y\u0259 bil\u0259r.<br \/>\n    <\/i><br \/>\n  <\/b>\n<\/p>\n<\/p><\/p>\n","protected":false},"excerpt":{"rendered":"<p>Bu yax\u0131nda \u00fc\u00e7\u00fcnc\u00fc d\u0259f\u0259 Pol\u015faya s\u0259f\u0259r etdim<\/p>\n","protected":false},"author":11,"featured_media":95247,"comment_status":"closed","ping_status":"open","sticky":false,"template":"","format":"standard","meta":{"_acf_changed":false,"_sitemap_exclude":false,"_sitemap_priority":"","_sitemap_frequency":"","footnotes":""},"categories":[57],"tags":[],"class_list":["post-190462","post","type-post","status-publish","format-standard","has-post-thumbnail","hentry","category-menim-fikrimce","infinite-scroll-item","generate-columns","tablet-grid-50","mobile-grid-100","grid-parent","grid-33","no-featured-image-padding"],"acf":[],"yoast_head":"<!-- This site is optimized with the Yoast SEO plugin v27.4 - https:\/\/yoast.com\/product\/yoast-seo-wordpress\/ -->\n<title>Pol\u015fa s\u0259f\u0259rim - MEYDAN.TV<\/title>\n<meta name=\"robots\" content=\"index, follow, max-snippet:-1, max-image-preview:large, max-video-preview:-1\" \/>\n<link rel=\"canonical\" href=\"https:\/\/www.meydan.tv\/az\/article\/polsa-seferim\/\" \/>\n<meta property=\"og:locale\" content=\"az_AZ\" \/>\n<meta property=\"og:type\" content=\"article\" \/>\n<meta property=\"og:title\" content=\"Pol\u015fa s\u0259f\u0259rim - MEYDAN.TV\" \/>\n<meta property=\"og:description\" content=\"Bu yax\u0131nda \u00fc\u00e7\u00fcnc\u00fc d\u0259f\u0259 Pol\u015faya s\u0259f\u0259r etdim\" \/>\n<meta property=\"og:url\" content=\"https:\/\/www.meydan.tv\/az\/article\/polsa-seferim\/\" \/>\n<meta property=\"og:site_name\" content=\"MEYDAN.TV\" \/>\n<meta property=\"article:published_time\" content=\"2018-06-14T17:29:55+00:00\" \/>\n<meta property=\"og:image\" content=\"https:\/\/www.meydan.tv\/wp-content\/uploads\/37636.jpg\" \/>\n\t<meta property=\"og:image:width\" content=\"2048\" \/>\n\t<meta property=\"og:image:height\" content=\"1365\" \/>\n\t<meta property=\"og:image:type\" content=\"image\/jpeg\" \/>\n<meta name=\"author\" content=\"user-manager\" \/>\n<meta name=\"twitter:card\" content=\"summary_large_image\" \/>\n<script type=\"application\/ld+json\" class=\"yoast-schema-graph\">{\"@context\":\"https:\\\/\\\/schema.org\",\"@graph\":[{\"@type\":\"Article\",\"@id\":\"https:\\\/\\\/www.meydan.tv\\\/az\\\/article\\\/polsa-seferim\\\/#article\",\"isPartOf\":{\"@id\":\"https:\\\/\\\/www.meydan.tv\\\/az\\\/article\\\/polsa-seferim\\\/\"},\"author\":{\"name\":\"user-manager\",\"@id\":\"https:\\\/\\\/www.meydan.tv\\\/az\\\/#\\\/schema\\\/person\\\/10d11eccf6da3662cf5fdab9806ea91a\"},\"headline\":\"Pol\u015fa s\u0259f\u0259rim\",\"datePublished\":\"2018-06-14T17:29:55+00:00\",\"mainEntityOfPage\":{\"@id\":\"https:\\\/\\\/www.meydan.tv\\\/az\\\/article\\\/polsa-seferim\\\/\"},\"wordCount\":1426,\"publisher\":{\"@id\":\"https:\\\/\\\/www.meydan.tv\\\/az\\\/#organization\"},\"image\":{\"@id\":\"https:\\\/\\\/www.meydan.tv\\\/az\\\/article\\\/polsa-seferim\\\/#primaryimage\"},\"thumbnailUrl\":\"https:\\\/\\\/www.meydan.tv\\\/wp-content\\\/uploads\\\/37636.jpg\",\"articleSection\":[\"M\u0259nim Fikrimc\u0259\"],\"inLanguage\":\"az\"},{\"@type\":\"WebPage\",\"@id\":\"https:\\\/\\\/www.meydan.tv\\\/az\\\/article\\\/polsa-seferim\\\/\",\"url\":\"https:\\\/\\\/www.meydan.tv\\\/az\\\/article\\\/polsa-seferim\\\/\",\"name\":\"Pol\u015fa s\u0259f\u0259rim - MEYDAN.TV\",\"isPartOf\":{\"@id\":\"https:\\\/\\\/www.meydan.tv\\\/az\\\/#website\"},\"primaryImageOfPage\":{\"@id\":\"https:\\\/\\\/www.meydan.tv\\\/az\\\/article\\\/polsa-seferim\\\/#primaryimage\"},\"image\":{\"@id\":\"https:\\\/\\\/www.meydan.tv\\\/az\\\/article\\\/polsa-seferim\\\/#primaryimage\"},\"thumbnailUrl\":\"https:\\\/\\\/www.meydan.tv\\\/wp-content\\\/uploads\\\/37636.jpg\",\"datePublished\":\"2018-06-14T17:29:55+00:00\",\"breadcrumb\":{\"@id\":\"https:\\\/\\\/www.meydan.tv\\\/az\\\/article\\\/polsa-seferim\\\/#breadcrumb\"},\"inLanguage\":\"az\",\"potentialAction\":[{\"@type\":\"ReadAction\",\"target\":[\"https:\\\/\\\/www.meydan.tv\\\/az\\\/article\\\/polsa-seferim\\\/\"]}]},{\"@type\":\"ImageObject\",\"inLanguage\":\"az\",\"@id\":\"https:\\\/\\\/www.meydan.tv\\\/az\\\/article\\\/polsa-seferim\\\/#primaryimage\",\"url\":\"https:\\\/\\\/www.meydan.tv\\\/wp-content\\\/uploads\\\/37636.jpg\",\"contentUrl\":\"https:\\\/\\\/www.meydan.tv\\\/wp-content\\\/uploads\\\/37636.jpg\",\"width\":2048,\"height\":1365,\"caption\":\"Source:\"},{\"@type\":\"BreadcrumbList\",\"@id\":\"https:\\\/\\\/www.meydan.tv\\\/az\\\/article\\\/polsa-seferim\\\/#breadcrumb\",\"itemListElement\":[{\"@type\":\"ListItem\",\"position\":1,\"name\":\"Ana s\u0259hif\u0259\",\"item\":\"https:\\\/\\\/www.meydan.tv\\\/az\\\/\"},{\"@type\":\"ListItem\",\"position\":2,\"name\":\"M\u0259nim Fikrimc\u0259\",\"item\":\"https:\\\/\\\/www.meydan.tv\\\/az\\\/section\\\/menim-fikrimce\\\/\"},{\"@type\":\"ListItem\",\"position\":3,\"name\":\"Pol\u015fa s\u0259f\u0259rim\"}]},{\"@type\":\"WebSite\",\"@id\":\"https:\\\/\\\/www.meydan.tv\\\/az\\\/#website\",\"url\":\"https:\\\/\\\/www.meydan.tv\\\/az\\\/\",\"name\":\"MEYDAN.TV\",\"description\":\"Meydan TV Az\u0259rbaycan\u0131n media m\u0259kan\u0131ndak\u0131 alternativ s\u0259sidir\",\"publisher\":{\"@id\":\"https:\\\/\\\/www.meydan.tv\\\/az\\\/#organization\"},\"potentialAction\":[{\"@type\":\"SearchAction\",\"target\":{\"@type\":\"EntryPoint\",\"urlTemplate\":\"https:\\\/\\\/www.meydan.tv\\\/az\\\/?s={search_term_string}\"},\"query-input\":{\"@type\":\"PropertyValueSpecification\",\"valueRequired\":true,\"valueName\":\"search_term_string\"}}],\"inLanguage\":\"az\"},{\"@type\":\"Organization\",\"@id\":\"https:\\\/\\\/www.meydan.tv\\\/az\\\/#organization\",\"name\":\"Meydan TV\",\"url\":\"https:\\\/\\\/www.meydan.tv\\\/az\\\/\",\"logo\":{\"@type\":\"ImageObject\",\"inLanguage\":\"az\",\"@id\":\"https:\\\/\\\/www.meydan.tv\\\/az\\\/#\\\/schema\\\/logo\\\/image\\\/\",\"url\":\"https:\\\/\\\/www.meydan.tv\\\/wp-content\\\/uploads\\\/2021\\\/07\\\/meydan-logo.svg\",\"contentUrl\":\"https:\\\/\\\/www.meydan.tv\\\/wp-content\\\/uploads\\\/2021\\\/07\\\/meydan-logo.svg\",\"width\":195,\"height\":46,\"caption\":\"Meydan TV\"},\"image\":{\"@id\":\"https:\\\/\\\/www.meydan.tv\\\/az\\\/#\\\/schema\\\/logo\\\/image\\\/\"}},{\"@type\":\"Person\",\"@id\":\"https:\\\/\\\/www.meydan.tv\\\/az\\\/#\\\/schema\\\/person\\\/10d11eccf6da3662cf5fdab9806ea91a\",\"name\":\"user-manager\"}]}<\/script>\n<!-- \/ Yoast SEO plugin. -->","yoast_head_json":{"title":"Pol\u015fa s\u0259f\u0259rim - MEYDAN.TV","robots":{"index":"index","follow":"follow","max-snippet":"max-snippet:-1","max-image-preview":"max-image-preview:large","max-video-preview":"max-video-preview:-1"},"canonical":"https:\/\/www.meydan.tv\/az\/article\/polsa-seferim\/","og_locale":"az_AZ","og_type":"article","og_title":"Pol\u015fa s\u0259f\u0259rim - MEYDAN.TV","og_description":"Bu yax\u0131nda \u00fc\u00e7\u00fcnc\u00fc d\u0259f\u0259 Pol\u015faya s\u0259f\u0259r etdim","og_url":"https:\/\/www.meydan.tv\/az\/article\/polsa-seferim\/","og_site_name":"MEYDAN.TV","article_published_time":"2018-06-14T17:29:55+00:00","og_image":[{"width":2048,"height":1365,"url":"https:\/\/www.meydan.tv\/wp-content\/uploads\/37636.jpg","type":"image\/jpeg"}],"author":"user-manager","twitter_card":"summary_large_image","schema":{"@context":"https:\/\/schema.org","@graph":[{"@type":"Article","@id":"https:\/\/www.meydan.tv\/az\/article\/polsa-seferim\/#article","isPartOf":{"@id":"https:\/\/www.meydan.tv\/az\/article\/polsa-seferim\/"},"author":{"name":"user-manager","@id":"https:\/\/www.meydan.tv\/az\/#\/schema\/person\/10d11eccf6da3662cf5fdab9806ea91a"},"headline":"Pol\u015fa s\u0259f\u0259rim","datePublished":"2018-06-14T17:29:55+00:00","mainEntityOfPage":{"@id":"https:\/\/www.meydan.tv\/az\/article\/polsa-seferim\/"},"wordCount":1426,"publisher":{"@id":"https:\/\/www.meydan.tv\/az\/#organization"},"image":{"@id":"https:\/\/www.meydan.tv\/az\/article\/polsa-seferim\/#primaryimage"},"thumbnailUrl":"https:\/\/www.meydan.tv\/wp-content\/uploads\/37636.jpg","articleSection":["M\u0259nim Fikrimc\u0259"],"inLanguage":"az"},{"@type":"WebPage","@id":"https:\/\/www.meydan.tv\/az\/article\/polsa-seferim\/","url":"https:\/\/www.meydan.tv\/az\/article\/polsa-seferim\/","name":"Pol\u015fa s\u0259f\u0259rim - MEYDAN.TV","isPartOf":{"@id":"https:\/\/www.meydan.tv\/az\/#website"},"primaryImageOfPage":{"@id":"https:\/\/www.meydan.tv\/az\/article\/polsa-seferim\/#primaryimage"},"image":{"@id":"https:\/\/www.meydan.tv\/az\/article\/polsa-seferim\/#primaryimage"},"thumbnailUrl":"https:\/\/www.meydan.tv\/wp-content\/uploads\/37636.jpg","datePublished":"2018-06-14T17:29:55+00:00","breadcrumb":{"@id":"https:\/\/www.meydan.tv\/az\/article\/polsa-seferim\/#breadcrumb"},"inLanguage":"az","potentialAction":[{"@type":"ReadAction","target":["https:\/\/www.meydan.tv\/az\/article\/polsa-seferim\/"]}]},{"@type":"ImageObject","inLanguage":"az","@id":"https:\/\/www.meydan.tv\/az\/article\/polsa-seferim\/#primaryimage","url":"https:\/\/www.meydan.tv\/wp-content\/uploads\/37636.jpg","contentUrl":"https:\/\/www.meydan.tv\/wp-content\/uploads\/37636.jpg","width":2048,"height":1365,"caption":"Source:"},{"@type":"BreadcrumbList","@id":"https:\/\/www.meydan.tv\/az\/article\/polsa-seferim\/#breadcrumb","itemListElement":[{"@type":"ListItem","position":1,"name":"Ana s\u0259hif\u0259","item":"https:\/\/www.meydan.tv\/az\/"},{"@type":"ListItem","position":2,"name":"M\u0259nim Fikrimc\u0259","item":"https:\/\/www.meydan.tv\/az\/section\/menim-fikrimce\/"},{"@type":"ListItem","position":3,"name":"Pol\u015fa s\u0259f\u0259rim"}]},{"@type":"WebSite","@id":"https:\/\/www.meydan.tv\/az\/#website","url":"https:\/\/www.meydan.tv\/az\/","name":"MEYDAN.TV","description":"Meydan TV Az\u0259rbaycan\u0131n media m\u0259kan\u0131ndak\u0131 alternativ s\u0259sidir","publisher":{"@id":"https:\/\/www.meydan.tv\/az\/#organization"},"potentialAction":[{"@type":"SearchAction","target":{"@type":"EntryPoint","urlTemplate":"https:\/\/www.meydan.tv\/az\/?s={search_term_string}"},"query-input":{"@type":"PropertyValueSpecification","valueRequired":true,"valueName":"search_term_string"}}],"inLanguage":"az"},{"@type":"Organization","@id":"https:\/\/www.meydan.tv\/az\/#organization","name":"Meydan TV","url":"https:\/\/www.meydan.tv\/az\/","logo":{"@type":"ImageObject","inLanguage":"az","@id":"https:\/\/www.meydan.tv\/az\/#\/schema\/logo\/image\/","url":"https:\/\/www.meydan.tv\/wp-content\/uploads\/2021\/07\/meydan-logo.svg","contentUrl":"https:\/\/www.meydan.tv\/wp-content\/uploads\/2021\/07\/meydan-logo.svg","width":195,"height":46,"caption":"Meydan TV"},"image":{"@id":"https:\/\/www.meydan.tv\/az\/#\/schema\/logo\/image\/"}},{"@type":"Person","@id":"https:\/\/www.meydan.tv\/az\/#\/schema\/person\/10d11eccf6da3662cf5fdab9806ea91a","name":"user-manager"}]}},"_links":{"self":[{"href":"https:\/\/www.meydan.tv\/az\/wp-json\/wp\/v2\/posts\/190462","targetHints":{"allow":["GET"]}}],"collection":[{"href":"https:\/\/www.meydan.tv\/az\/wp-json\/wp\/v2\/posts"}],"about":[{"href":"https:\/\/www.meydan.tv\/az\/wp-json\/wp\/v2\/types\/post"}],"author":[{"embeddable":true,"href":"https:\/\/www.meydan.tv\/az\/wp-json\/wp\/v2\/users\/11"}],"replies":[{"embeddable":true,"href":"https:\/\/www.meydan.tv\/az\/wp-json\/wp\/v2\/comments?post=190462"}],"version-history":[{"count":0,"href":"https:\/\/www.meydan.tv\/az\/wp-json\/wp\/v2\/posts\/190462\/revisions"}],"wp:featuredmedia":[{"embeddable":true,"href":"https:\/\/www.meydan.tv\/az\/wp-json\/wp\/v2\/media\/95247"}],"wp:attachment":[{"href":"https:\/\/www.meydan.tv\/az\/wp-json\/wp\/v2\/media?parent=190462"}],"wp:term":[{"taxonomy":"category","embeddable":true,"href":"https:\/\/www.meydan.tv\/az\/wp-json\/wp\/v2\/categories?post=190462"},{"taxonomy":"post_tag","embeddable":true,"href":"https:\/\/www.meydan.tv\/az\/wp-json\/wp\/v2\/tags?post=190462"}],"curies":[{"name":"wp","href":"https:\/\/api.w.org\/{rel}","templated":true}]}}