{"id":190424,"date":"2018-06-12T18:16:20","date_gmt":"2018-06-12T18:16:20","guid":{"rendered":"https:\/\/www.meydan.tv\/article\/ezizim-irade-xanima\/"},"modified":"2018-06-12T18:16:20","modified_gmt":"2018-06-12T18:16:20","slug":"ezizim-irade-xanima","status":"publish","type":"post","link":"https:\/\/www.meydan.tv\/az\/article\/ezizim-irade-xanima\/","title":{"rendered":"\u018fzizim \u0130rad\u0259 xan\u0131ma!"},"content":{"rendered":"<figure class=\"wp-block-image size-large\">\n  <img decoding=\"async\" src=\"https:\/\/www.meydan.tv\/az\/yalcin-imanov-4\/\" alt=\"Yal\u00e7\u0131n \u0130manov\" class=\"wp-image-100928\"\/><figcaption>\n    Yal\u00e7\u0131n \u0130manov<br \/>\n  <\/figcaption><\/figure>\n<p>\n  Sizin Kollegiyadan xaric edilm\u0259yinizl\u0259 ba\u011fl\u0131 m\u0259lumatdan gec x\u0259b\u0259r tutdum v\u0259 d\u0259rhal g\u00f6zl\u0259rimd\u0259 \u00f6t\u0259n ilin 20 noyabr\u0131nda m\u0259nim v\u0259killik f\u0259aliyy\u0259tim\u0259 xitam verilm\u0259si il\u0259 ba\u011fl\u0131 el\u0259 h\u0259min Kollegiyan\u0131n sovetl\u0259rin 37-ci ill\u0259rini xat\u0131rladan iclas\u0131 canland\u0131.\n<\/p>\n<p>\n  Siz h\u0259min iclasda vicdan\u0131 l\u0259k\u0259li v\u0259 a\u011f\u0131r cinay\u0259ti (i\u015fg\u0259nc\u0259ni) \u00f6rt-basd\u0131r v\u0259 m\u00fcdafi\u0259, \u00fcst\u0259lik, t\u0259\u015fviq ed\u0259n m\u00fct\u0259\u015f\u0259kkil d\u0259st\u0259nin qar\u015f\u0131s\u0131nda t\u0259k-t\u0259nha dayanm\u0131\u015fd\u0131n\u0131z.\n<\/p>\n<p>\n  Emosional v\u0259 g\u0259rgindiniz! H\u0259yacandan \u00f6z\u00fcn\u00fcz\u0259 n\u0259zar\u0259ti, daxili m\u00fcvazin\u0259ti itirmi\u015fdiniz. M\u0259ni ba\u015fqa, daha nec\u0259 m\u00fcdafi\u0259 ed\u0259 bil\u0259c\u0259yiniz fikri g\u00f6zl\u0259rinizd\u0259n oxunurdu. Hiss edirdim ki, niy\u0259s\u0259 \u00f6z\u00fcn\u00fcz\u00fc g\u00fcnahkar say\u0131rs\u0131n\u0131z.\n<\/p>\n<p>\n  Y\u0259qin el\u0259 buna g\u00f6r\u0259ydi ki, iclasdan az sonra siz\u0259 z\u0259ng edib, m\u00fcdafi\u0259y\u0259 g\u00f6r\u0259 t\u0259\u015f\u0259kk\u00fcr\u00fcm\u00fc bildir\u0259nd\u0259, dan\u0131\u015fa bilm\u0259yib, el\u0259c\u0259 uzun m\u00fcdd\u0259t h\u00f6nk\u00fcr-h\u00f6nk\u00fcr a\u011flay\u0131rd\u0131n\u0131z.\n<\/p>\n<p>\n  B\u00fct\u00fcn vicdanl\u0131 adamlarda bel\u0259dir. \u00c7\u0259tin, m\u00fcr\u0259kk\u0259b, esktremal situasiyalarda ancaq \u00f6zl\u0259rini g\u00fcnahkar say\u0131r, yaln\u0131z \u00f6z m\u0259suliyy\u0259t pay\u0131n\u0131 d\u00fc\u015f\u00fcn\u00fcrl\u0259r. \u201cB\u0259lk\u0259 bunu ets\u0259ydim, n\u0259tic\u0259 f\u0259rqli olard\u0131\u201d, \u201cfilan \u015fey yad\u0131mdan \u00e7\u0131xd\u0131, g\u00fcman ki, onun da i\u015f\u0259 n\u0259s\u0259 bir xeyri d\u0259y\u0259rdi\u201d v\u0259 s. v\u0259 i.a. Siz, u\u015faq sad\u0259l\u00f6vhl\u00fcy\u00fc il\u0259 el\u0259 d\u00fc\u015f\u00fcn\u00fcrd\u00fcz ki, m\u0259nim v\u0259killik taleyim o iclasda h\u0259ll olunur. Buna g\u00f6r\u0259 d\u0259 arams\u0131z \u015f\u0259kild\u0259, nitqiniz tez-tez, kobud \u015f\u0259kild\u0259 k\u0259sils\u0259 bel\u0259, h\u0259min o m\u0259\u015fum d\u0259st\u0259y\u0259 n\u0259l\u0259ris\u0259 izah etm\u0259k, ba\u015fa salmaq ist\u0259yirdiniz.\n<\/p>\n<p>\n  H\u0259r\u00e7\u0259nd, o toplant\u0131yad\u0259k \u00e7ox nadir hallarda, c\u0259mi bir ne\u00e7\u0259 d\u0259f\u0259 h\u0259yatda rastla\u015f\u0131b, salamla\u015f\u0131b, ayaq\u00fcst\u00fc hal-\u0259hval tutmu\u015fduq. H\u0259r hans\u0131 ortaq \u015f\u0259xsi mara\u011f\u0131m\u0131z yox idi. Sizin m\u0259ni m\u00fcdafi\u0259 etm\u0259k kimi bir \u00f6hd\u0259liyiniz d\u0259 yoxdu.\n<\/p>\n<p>\n  Amma siz \u00f6z\u00fcn\u00fcz\u0259 yara\u015fan\u0131 etdiniz, n\u0259cib, g\u00f6z\u0259l v\u0259 xarakterli bir xan\u0131m\u0131n inan\u0131lmaz c\u0259sar\u0259ti m\u0259ni xeyli m\u00fct\u0259\u0259ssir edib, t\u0259sirl\u0259ndirmi\u015fdi.\n<\/p>\n<p>\n  Bu, m\u00fcasir d\u00f6vr\u00fcn \u201cOrlean q\u0131z\u0131\u201dn\u0131n (Janna d`Ark) \u00f6z\u00fcn\u0259xas davran\u0131\u015f\u0131yd\u0131.\n<\/p>\n<p>\n  Siz m\u0259nim \u00fc\u00e7\u00fcn, daha do\u011frusu, \u0259dal\u0259tli hesab etdiyiniz v\u0259 do\u011fru bildiyiniz d\u0259y\u0259rl\u0259r \u00fc\u00e7\u00fcn h\u0259min m\u00fct\u0259\u015f\u0259kkil d\u0259st\u0259 v\u0259 bu d\u0259st\u0259nin arxas\u0131nda dayanan b\u00fct\u00fcn b\u0259\u015f\u0259ri keyfiyy\u0259tl\u0259rd\u0259n yoxsun bir sisteml\u0259 qar\u015f\u0131-qar\u015f\u0131ya g\u0259lmi\u015fdiniz.\n<\/p>\n<p>\n  M\u0259hz el\u0259 bu qeyri-b\u0259rab\u0259r qar\u015f\u0131durman\u0131n n\u0259tic\u0259siydi ki, yen\u0259 el\u0259 h\u0259min il dekabr\u0131n 7-d\u0259 orta ya\u015fl\u0131, amma perspektivi olmayan, he\u00e7 vaxt i\u015f ba\u015f\u0131nda v\u0259killik h\u0259yacan\u0131n\u0131 ya\u015famam\u0131\u015f, anadang\u0259lm\u0259 konyuktur v\u0259 m\u00fcbt\u0259la karyerist birinin s\u0259dr t\u0259yinat\u0131ndan d\u0259rhal sonra ham\u0131dan \u00e7ox haqq etdiyiniz R\u0259yas\u0259t Hey\u0259tinin \u00fczvl\u00fcy\u00fcnd\u0259n k\u0259nala\u015fd\u0131r\u0131ld\u0131n\u0131z.\n<\/p>\n<p>\n  Qisas\u00e7\u0131 natura h\u0259m d\u0259 qorxaq olur! \u0130lk f\u00fcrs\u0259td\u0259, m\u0259qamdaca \u0259v\u0259z v\u0259 \u00f6c alma\u011fa ba\u015flay\u0131r! \u0130ndi biz ki\u015fil\u0259rin qad\u0131nlardan qisas almas\u0131 d\u00f6vr\u00fcn\u00fc ya\u015fay\u0131r\u0131q! B\u00f6y\u00fck buzla\u015fma d\u00f6vr\u00fc! Yaran\u0131\u015f\u0131n mahiyy\u0259tin\u0259 zidd intolerantl\u0131q paradoksu!\n<\/p>\n<p>\n  Onlar\u0131n yegan\u0259 bir qabiliyy\u0259tl\u0259ri var. O da vur-tut el\u0259 budur, instinktiv, anadang\u0259lm\u0259, darqursaq qisas hissi. G\u00f6r, \u00fcfun\u0259tli nifr\u0259t v\u0259 kinli qisas infantil beyinl\u0259ri nec\u0259 s\u0259rxo\u015f edib, hans\u0131 k\u0259ll\u0259-\u00e7arxa vurmu\u015fdusa, siz\u0259 h\u0259min o m\u0259sx\u0259r\u0259 konfransda s\u00f6z d\u0259 verm\u0259mi\u015fdil\u0259r.\n<\/p>\n<p>\n  Sonra bu \u201cBandotdel\u201d s\u00f6hb\u0259ti. Media vasit\u0259sil\u0259 ictimail\u0259\u015fmi\u015f h\u0259min m\u00fcraci\u0259tinizd\u0259 he\u00e7 i\u015fg\u0259nc\u0259d\u0259n d\u0259 s\u00f6hb\u0259t getmir, sad\u0259c\u0259, v\u0259kili oldu\u011funuz m\u00fc\u015ft\u0259rinin qanunsuz saxlanmas\u0131 v\u0259 onunla g\u00f6r\u00fc\u015f\u0259 bilm\u0259m\u0259yiniz problemi ah\u0259st\u0259 qald\u0131r\u0131l\u0131r.\n<\/p>\n<p>\n  Y\u0259qin bu sizin \u201cg\u00fcnah\u0131n\u0131zd\u0131\u201d ki, \u201cBandotdel\u201din qeyri-r\u0259smi \u0259m\u0259kda\u015f\u0131 olan, b\u00fct\u00fcn i\u015fl\u0259rin alt\u0131ndan niy\u0259s\u0259 yaln\u0131z onun imzas\u0131 hopp edib \u00e7\u0131xan \u201cm\u0259h\u015fur\u201d bir v\u0259kil kimi h\u0259min qorxunc idar\u0259y\u0259 sor\u011fu-suals\u0131z v\u0259 t\u0259fti\u015fsiz girib-\u00e7\u0131xmaq komfortundan \u00e7oxdan imtina etmi\u015fdiniz!\n<\/p>\n<p>\n  Y\u0259qin siz d\u0259 m\u00fc\u015ft\u0259rinizi \u201cbenzin pulu\u201d v\u0259 bir-iki isti, yumru zavod \u00e7\u00f6r\u0259yin\u0259 satsayd\u0131n\u0131z, bug\u00fcn f\u0259rqli olard\u0131!\n<\/p>\n<p>\n  \u018fzizim \u0130rad\u0259 xan\u0131m!\n<\/p>\n<p>\n  \u018fmin\u0259m ki, \u00f6t\u0259n ilin 20 noyabr\u0131nda sizin m\u0259ni q\u0131z\u011f\u0131n v\u0259 \u00fcr\u0259kl\u0259 m\u00fcdafi\u0259 etm\u0259yiniz v\u0259killik aqib\u0259tinizd\u0259 m\u00fch\u00fcm, h\u0259lledici rol oynad\u0131. He\u00e7 bunu sizd\u0259n soru\u015fma\u011fa da ehtiyac duymuram, faktlar\u0131n ard\u0131c\u0131l d\u00fcz\u00fcm\u00fc v\u0259 konstatasiyas\u0131 kifay\u0259t edir. \u0130ndi niy\u0259s\u0259 m\u0259n \u00f6z\u00fcm\u00fc g\u00fcnahkar hiss edir\u0259m, m\u0259ni m\u00fcdafi\u0259 etm\u0259s\u0259ydiniz, ya xora qo\u015fulub, ya da el\u0259c\u0259, sakitc\u0259 sussayd\u0131n\u0131z, g\u00fcman ki, ba\u015fqa c\u00fcr olard\u0131.\n<\/p>\n<p>\n  Bu \u00f6lk\u0259d\u0259 b\u00f6y\u00fck \u0259ks\u0259riyy\u0259t \u201cba\u015f\u0131n\u0131 a\u015fa\u011f\u0131 sal, i\u015fini g\u00f6r\u201d &#8211; deyir. Amma ba\u015f\u0131 yuxar\u0131 qald\u0131r\u0131b da i\u015f g\u00f6rm\u0259k olar. Bir kims\u0259 demir ki, \u201cba\u015f\u0131n\u0131 qald\u0131r, i\u015fini g\u00f6r\u201d! Ax\u0131, Tanr\u0131, bu b\u0259d\u0259n \u00fczv\u00fcn\u00fc b\u0259nd\u0259sin\u0259 el\u0259 ucada, dik saxlamaq \u00fc\u00e7\u00fcn verib!\n<\/p>\n<p>\n  M\u0259n bilmir\u0259m, n\u0259 deyim, siz\u0259 nec\u0259 t\u0259s\u0259lli verim, y\u0259qin ki, bu sonuncuya ehtiyac\u0131n\u0131z da yoxdur. Ax\u0131 siz d\u0259 g\u00f6z\u0259l bilirsiniz ki, t\u0259s\u0259lli n\u0259yis\u0259 ki\u00e7iltm\u0259k, kimis\u0259 aldatmaq c\u0259hdidir. Amma yen\u0259 d\u0259. Yax\u015f\u0131 bilir\u0259m, pe\u015f\u0259nizi \u00e7ox sevirsiz, v\u0259killiy\u0259 q\u0259lb\u0259n ba\u011fl\u0131s\u0131z v\u0259 s\u00f6z\u00fcn a\u00e7\u0131\u011f\u0131, bu pe\u015f\u0259 d\u0259 siz\u0259 \u00e7ox yara\u015f\u0131r. Siz bu qaranl\u0131q \u00f6lk\u0259d\u0259 h\u0259mkarlar\u0131m i\u00e7ind\u0259 tan\u0131d\u0131\u011f\u0131m azsayl\u0131 i\u015f\u0131ql\u0131 adamlardan birisiniz.\n<\/p>\n<p>\n  \u018fg\u0259r, V\u0259kill\u0259r Kollegiyas\u0131 sizi daha v\u0259kil kimi g\u00f6rm\u0259k ist\u0259mirs\u0259, qoy onda, bu Kollegiya yubanmadan v\u0259 d\u0259rhal yax\u015f\u0131 bir \u00e7at\u0131 sifari\u015f verib, ba\u015f\u0131na sal\u0131b, \u00f6z\u00fcn\u00fc ass\u0131n!\n<\/p>\n<p>\n  &#8230; \u0130lahi, he\u00e7 olmasa, bu q\u0259ddar yadda\u015f\u0131 biz\u0259 \u00e7ox g\u00f6rm\u0259!\n<\/p><\/p>\n","protected":false},"excerpt":{"rendered":"<p>Yal\u00e7\u0131n \u0130manov Sizin Kollegiyadan xaric edilm\u0259yinizl\u0259 ba\u011fl\u0131 m\u0259lumatdan gec x\u0259b\u0259r &#8230; <\/p>\n<p class=\"read-more-container\"><a title=\"\u018fzizim \u0130rad\u0259 xan\u0131ma!\" class=\"read-more button\" href=\"https:\/\/www.meydan.tv\/az\/article\/ezizim-irade-xanima\/#more-190424\" aria-label=\"Read more about \u018fzizim \u0130rad\u0259 xan\u0131ma!\">Davam\u0131<\/a><\/p>\n","protected":false},"author":11,"featured_media":100928,"comment_status":"closed","ping_status":"open","sticky":false,"template":"","format":"standard","meta":{"_acf_changed":false,"_sitemap_exclude":false,"_sitemap_priority":"","_sitemap_frequency":"","footnotes":""},"categories":[57],"tags":[],"class_list":["post-190424","post","type-post","status-publish","format-standard","has-post-thumbnail","hentry","category-menim-fikrimce","infinite-scroll-item","generate-columns","tablet-grid-50","mobile-grid-100","grid-parent","grid-33","no-featured-image-padding"],"acf":[],"yoast_head":"<!-- This site is optimized with the Yoast SEO plugin v27.4 - https:\/\/yoast.com\/product\/yoast-seo-wordpress\/ -->\n<title>\u018fzizim \u0130rad\u0259 xan\u0131ma! - MEYDAN.TV<\/title>\n<meta name=\"robots\" content=\"index, follow, max-snippet:-1, max-image-preview:large, max-video-preview:-1\" \/>\n<link rel=\"canonical\" href=\"https:\/\/www.meydan.tv\/az\/article\/ezizim-irade-xanima\/\" \/>\n<meta property=\"og:locale\" content=\"az_AZ\" \/>\n<meta property=\"og:type\" content=\"article\" \/>\n<meta property=\"og:title\" content=\"\u018fzizim \u0130rad\u0259 xan\u0131ma! - MEYDAN.TV\" \/>\n<meta property=\"og:description\" content=\"Yal\u00e7\u0131n \u0130manov Sizin Kollegiyadan xaric edilm\u0259yinizl\u0259 ba\u011fl\u0131 m\u0259lumatdan gec x\u0259b\u0259r ... Davam\u0131\" \/>\n<meta property=\"og:url\" content=\"https:\/\/www.meydan.tv\/az\/article\/ezizim-irade-xanima\/\" \/>\n<meta property=\"og:site_name\" content=\"MEYDAN.TV\" \/>\n<meta property=\"article:published_time\" content=\"2018-06-12T18:16:20+00:00\" \/>\n<meta property=\"og:image\" content=\"https:\/\/www.meydan.tv\/wp-content\/uploads\/39925.jpg\" \/>\n\t<meta property=\"og:image:width\" content=\"1023\" \/>\n\t<meta property=\"og:image:height\" content=\"575\" \/>\n\t<meta property=\"og:image:type\" content=\"image\/jpeg\" \/>\n<meta name=\"author\" content=\"user-manager\" \/>\n<meta name=\"twitter:card\" content=\"summary_large_image\" \/>\n<script type=\"application\/ld+json\" class=\"yoast-schema-graph\">{\"@context\":\"https:\\\/\\\/schema.org\",\"@graph\":[{\"@type\":\"Article\",\"@id\":\"https:\\\/\\\/www.meydan.tv\\\/az\\\/article\\\/ezizim-irade-xanima\\\/#article\",\"isPartOf\":{\"@id\":\"https:\\\/\\\/www.meydan.tv\\\/az\\\/article\\\/ezizim-irade-xanima\\\/\"},\"author\":{\"name\":\"user-manager\",\"@id\":\"https:\\\/\\\/www.meydan.tv\\\/az\\\/#\\\/schema\\\/person\\\/10d11eccf6da3662cf5fdab9806ea91a\"},\"headline\":\"\u018fzizim \u0130rad\u0259 xan\u0131ma!\",\"datePublished\":\"2018-06-12T18:16:20+00:00\",\"mainEntityOfPage\":{\"@id\":\"https:\\\/\\\/www.meydan.tv\\\/az\\\/article\\\/ezizim-irade-xanima\\\/\"},\"wordCount\":1102,\"publisher\":{\"@id\":\"https:\\\/\\\/www.meydan.tv\\\/az\\\/#organization\"},\"image\":{\"@id\":\"https:\\\/\\\/www.meydan.tv\\\/az\\\/article\\\/ezizim-irade-xanima\\\/#primaryimage\"},\"thumbnailUrl\":\"https:\\\/\\\/www.meydan.tv\\\/wp-content\\\/uploads\\\/39925.jpg\",\"articleSection\":[\"M\u0259nim Fikrimc\u0259\"],\"inLanguage\":\"az\"},{\"@type\":\"WebPage\",\"@id\":\"https:\\\/\\\/www.meydan.tv\\\/az\\\/article\\\/ezizim-irade-xanima\\\/\",\"url\":\"https:\\\/\\\/www.meydan.tv\\\/az\\\/article\\\/ezizim-irade-xanima\\\/\",\"name\":\"\u018fzizim \u0130rad\u0259 xan\u0131ma! - MEYDAN.TV\",\"isPartOf\":{\"@id\":\"https:\\\/\\\/www.meydan.tv\\\/az\\\/#website\"},\"primaryImageOfPage\":{\"@id\":\"https:\\\/\\\/www.meydan.tv\\\/az\\\/article\\\/ezizim-irade-xanima\\\/#primaryimage\"},\"image\":{\"@id\":\"https:\\\/\\\/www.meydan.tv\\\/az\\\/article\\\/ezizim-irade-xanima\\\/#primaryimage\"},\"thumbnailUrl\":\"https:\\\/\\\/www.meydan.tv\\\/wp-content\\\/uploads\\\/39925.jpg\",\"datePublished\":\"2018-06-12T18:16:20+00:00\",\"breadcrumb\":{\"@id\":\"https:\\\/\\\/www.meydan.tv\\\/az\\\/article\\\/ezizim-irade-xanima\\\/#breadcrumb\"},\"inLanguage\":\"az\",\"potentialAction\":[{\"@type\":\"ReadAction\",\"target\":[\"https:\\\/\\\/www.meydan.tv\\\/az\\\/article\\\/ezizim-irade-xanima\\\/\"]}]},{\"@type\":\"ImageObject\",\"inLanguage\":\"az\",\"@id\":\"https:\\\/\\\/www.meydan.tv\\\/az\\\/article\\\/ezizim-irade-xanima\\\/#primaryimage\",\"url\":\"https:\\\/\\\/www.meydan.tv\\\/wp-content\\\/uploads\\\/39925.jpg\",\"contentUrl\":\"https:\\\/\\\/www.meydan.tv\\\/wp-content\\\/uploads\\\/39925.jpg\",\"width\":1023,\"height\":575,\"caption\":\"Source:\"},{\"@type\":\"BreadcrumbList\",\"@id\":\"https:\\\/\\\/www.meydan.tv\\\/az\\\/article\\\/ezizim-irade-xanima\\\/#breadcrumb\",\"itemListElement\":[{\"@type\":\"ListItem\",\"position\":1,\"name\":\"Ana s\u0259hif\u0259\",\"item\":\"https:\\\/\\\/www.meydan.tv\\\/az\\\/\"},{\"@type\":\"ListItem\",\"position\":2,\"name\":\"M\u0259nim Fikrimc\u0259\",\"item\":\"https:\\\/\\\/www.meydan.tv\\\/az\\\/section\\\/menim-fikrimce\\\/\"},{\"@type\":\"ListItem\",\"position\":3,\"name\":\"\u018fzizim \u0130rad\u0259 xan\u0131ma!\"}]},{\"@type\":\"WebSite\",\"@id\":\"https:\\\/\\\/www.meydan.tv\\\/az\\\/#website\",\"url\":\"https:\\\/\\\/www.meydan.tv\\\/az\\\/\",\"name\":\"MEYDAN.TV\",\"description\":\"Meydan TV Az\u0259rbaycan\u0131n media m\u0259kan\u0131ndak\u0131 alternativ s\u0259sidir\",\"publisher\":{\"@id\":\"https:\\\/\\\/www.meydan.tv\\\/az\\\/#organization\"},\"potentialAction\":[{\"@type\":\"SearchAction\",\"target\":{\"@type\":\"EntryPoint\",\"urlTemplate\":\"https:\\\/\\\/www.meydan.tv\\\/az\\\/?s={search_term_string}\"},\"query-input\":{\"@type\":\"PropertyValueSpecification\",\"valueRequired\":true,\"valueName\":\"search_term_string\"}}],\"inLanguage\":\"az\"},{\"@type\":\"Organization\",\"@id\":\"https:\\\/\\\/www.meydan.tv\\\/az\\\/#organization\",\"name\":\"Meydan TV\",\"url\":\"https:\\\/\\\/www.meydan.tv\\\/az\\\/\",\"logo\":{\"@type\":\"ImageObject\",\"inLanguage\":\"az\",\"@id\":\"https:\\\/\\\/www.meydan.tv\\\/az\\\/#\\\/schema\\\/logo\\\/image\\\/\",\"url\":\"https:\\\/\\\/www.meydan.tv\\\/wp-content\\\/uploads\\\/2021\\\/07\\\/meydan-logo.svg\",\"contentUrl\":\"https:\\\/\\\/www.meydan.tv\\\/wp-content\\\/uploads\\\/2021\\\/07\\\/meydan-logo.svg\",\"width\":195,\"height\":46,\"caption\":\"Meydan TV\"},\"image\":{\"@id\":\"https:\\\/\\\/www.meydan.tv\\\/az\\\/#\\\/schema\\\/logo\\\/image\\\/\"}},{\"@type\":\"Person\",\"@id\":\"https:\\\/\\\/www.meydan.tv\\\/az\\\/#\\\/schema\\\/person\\\/10d11eccf6da3662cf5fdab9806ea91a\",\"name\":\"user-manager\"}]}<\/script>\n<!-- \/ Yoast SEO plugin. -->","yoast_head_json":{"title":"\u018fzizim \u0130rad\u0259 xan\u0131ma! - MEYDAN.TV","robots":{"index":"index","follow":"follow","max-snippet":"max-snippet:-1","max-image-preview":"max-image-preview:large","max-video-preview":"max-video-preview:-1"},"canonical":"https:\/\/www.meydan.tv\/az\/article\/ezizim-irade-xanima\/","og_locale":"az_AZ","og_type":"article","og_title":"\u018fzizim \u0130rad\u0259 xan\u0131ma! - MEYDAN.TV","og_description":"Yal\u00e7\u0131n \u0130manov Sizin Kollegiyadan xaric edilm\u0259yinizl\u0259 ba\u011fl\u0131 m\u0259lumatdan gec x\u0259b\u0259r ... Davam\u0131","og_url":"https:\/\/www.meydan.tv\/az\/article\/ezizim-irade-xanima\/","og_site_name":"MEYDAN.TV","article_published_time":"2018-06-12T18:16:20+00:00","og_image":[{"width":1023,"height":575,"url":"https:\/\/www.meydan.tv\/wp-content\/uploads\/39925.jpg","type":"image\/jpeg"}],"author":"user-manager","twitter_card":"summary_large_image","schema":{"@context":"https:\/\/schema.org","@graph":[{"@type":"Article","@id":"https:\/\/www.meydan.tv\/az\/article\/ezizim-irade-xanima\/#article","isPartOf":{"@id":"https:\/\/www.meydan.tv\/az\/article\/ezizim-irade-xanima\/"},"author":{"name":"user-manager","@id":"https:\/\/www.meydan.tv\/az\/#\/schema\/person\/10d11eccf6da3662cf5fdab9806ea91a"},"headline":"\u018fzizim \u0130rad\u0259 xan\u0131ma!","datePublished":"2018-06-12T18:16:20+00:00","mainEntityOfPage":{"@id":"https:\/\/www.meydan.tv\/az\/article\/ezizim-irade-xanima\/"},"wordCount":1102,"publisher":{"@id":"https:\/\/www.meydan.tv\/az\/#organization"},"image":{"@id":"https:\/\/www.meydan.tv\/az\/article\/ezizim-irade-xanima\/#primaryimage"},"thumbnailUrl":"https:\/\/www.meydan.tv\/wp-content\/uploads\/39925.jpg","articleSection":["M\u0259nim Fikrimc\u0259"],"inLanguage":"az"},{"@type":"WebPage","@id":"https:\/\/www.meydan.tv\/az\/article\/ezizim-irade-xanima\/","url":"https:\/\/www.meydan.tv\/az\/article\/ezizim-irade-xanima\/","name":"\u018fzizim \u0130rad\u0259 xan\u0131ma! - MEYDAN.TV","isPartOf":{"@id":"https:\/\/www.meydan.tv\/az\/#website"},"primaryImageOfPage":{"@id":"https:\/\/www.meydan.tv\/az\/article\/ezizim-irade-xanima\/#primaryimage"},"image":{"@id":"https:\/\/www.meydan.tv\/az\/article\/ezizim-irade-xanima\/#primaryimage"},"thumbnailUrl":"https:\/\/www.meydan.tv\/wp-content\/uploads\/39925.jpg","datePublished":"2018-06-12T18:16:20+00:00","breadcrumb":{"@id":"https:\/\/www.meydan.tv\/az\/article\/ezizim-irade-xanima\/#breadcrumb"},"inLanguage":"az","potentialAction":[{"@type":"ReadAction","target":["https:\/\/www.meydan.tv\/az\/article\/ezizim-irade-xanima\/"]}]},{"@type":"ImageObject","inLanguage":"az","@id":"https:\/\/www.meydan.tv\/az\/article\/ezizim-irade-xanima\/#primaryimage","url":"https:\/\/www.meydan.tv\/wp-content\/uploads\/39925.jpg","contentUrl":"https:\/\/www.meydan.tv\/wp-content\/uploads\/39925.jpg","width":1023,"height":575,"caption":"Source:"},{"@type":"BreadcrumbList","@id":"https:\/\/www.meydan.tv\/az\/article\/ezizim-irade-xanima\/#breadcrumb","itemListElement":[{"@type":"ListItem","position":1,"name":"Ana s\u0259hif\u0259","item":"https:\/\/www.meydan.tv\/az\/"},{"@type":"ListItem","position":2,"name":"M\u0259nim Fikrimc\u0259","item":"https:\/\/www.meydan.tv\/az\/section\/menim-fikrimce\/"},{"@type":"ListItem","position":3,"name":"\u018fzizim \u0130rad\u0259 xan\u0131ma!"}]},{"@type":"WebSite","@id":"https:\/\/www.meydan.tv\/az\/#website","url":"https:\/\/www.meydan.tv\/az\/","name":"MEYDAN.TV","description":"Meydan TV Az\u0259rbaycan\u0131n media m\u0259kan\u0131ndak\u0131 alternativ s\u0259sidir","publisher":{"@id":"https:\/\/www.meydan.tv\/az\/#organization"},"potentialAction":[{"@type":"SearchAction","target":{"@type":"EntryPoint","urlTemplate":"https:\/\/www.meydan.tv\/az\/?s={search_term_string}"},"query-input":{"@type":"PropertyValueSpecification","valueRequired":true,"valueName":"search_term_string"}}],"inLanguage":"az"},{"@type":"Organization","@id":"https:\/\/www.meydan.tv\/az\/#organization","name":"Meydan TV","url":"https:\/\/www.meydan.tv\/az\/","logo":{"@type":"ImageObject","inLanguage":"az","@id":"https:\/\/www.meydan.tv\/az\/#\/schema\/logo\/image\/","url":"https:\/\/www.meydan.tv\/wp-content\/uploads\/2021\/07\/meydan-logo.svg","contentUrl":"https:\/\/www.meydan.tv\/wp-content\/uploads\/2021\/07\/meydan-logo.svg","width":195,"height":46,"caption":"Meydan TV"},"image":{"@id":"https:\/\/www.meydan.tv\/az\/#\/schema\/logo\/image\/"}},{"@type":"Person","@id":"https:\/\/www.meydan.tv\/az\/#\/schema\/person\/10d11eccf6da3662cf5fdab9806ea91a","name":"user-manager"}]}},"_links":{"self":[{"href":"https:\/\/www.meydan.tv\/az\/wp-json\/wp\/v2\/posts\/190424","targetHints":{"allow":["GET"]}}],"collection":[{"href":"https:\/\/www.meydan.tv\/az\/wp-json\/wp\/v2\/posts"}],"about":[{"href":"https:\/\/www.meydan.tv\/az\/wp-json\/wp\/v2\/types\/post"}],"author":[{"embeddable":true,"href":"https:\/\/www.meydan.tv\/az\/wp-json\/wp\/v2\/users\/11"}],"replies":[{"embeddable":true,"href":"https:\/\/www.meydan.tv\/az\/wp-json\/wp\/v2\/comments?post=190424"}],"version-history":[{"count":0,"href":"https:\/\/www.meydan.tv\/az\/wp-json\/wp\/v2\/posts\/190424\/revisions"}],"wp:featuredmedia":[{"embeddable":true,"href":"https:\/\/www.meydan.tv\/az\/wp-json\/wp\/v2\/media\/100928"}],"wp:attachment":[{"href":"https:\/\/www.meydan.tv\/az\/wp-json\/wp\/v2\/media?parent=190424"}],"wp:term":[{"taxonomy":"category","embeddable":true,"href":"https:\/\/www.meydan.tv\/az\/wp-json\/wp\/v2\/categories?post=190424"},{"taxonomy":"post_tag","embeddable":true,"href":"https:\/\/www.meydan.tv\/az\/wp-json\/wp\/v2\/tags?post=190424"}],"curies":[{"name":"wp","href":"https:\/\/api.w.org\/{rel}","templated":true}]}}