{"id":190383,"date":"2018-06-08T16:18:34","date_gmt":"2018-06-08T16:18:34","guid":{"rendered":"https:\/\/www.meydan.tv\/article\/prezident-seckisinden-sonra-dogrulmayan-umidler\/"},"modified":"2018-06-08T16:18:34","modified_gmt":"2018-06-08T16:18:34","slug":"prezident-seckisinden-sonra-dogrulmayan-umidler","status":"publish","type":"post","link":"https:\/\/www.meydan.tv\/az\/article\/prezident-seckisinden-sonra-dogrulmayan-umidler\/","title":{"rendered":"Prezident se\u00e7kisind\u0259n sonra do\u011frulmayan \u00fcmidl\u0259r"},"content":{"rendered":"<figure class=\"wp-block-image size-large\">\n  <img decoding=\"async\" src=\"https:\/\/www.meydan.tv\/az\/foto-meydan-tv-79\/\" alt=\"foto Meydan TV\" class=\"wp-image-104962\"\/><figcaption>\n    foto Meydan TV<br \/>\n  <\/figcaption><\/figure>\n<p>\n  <i><br \/>\n    &#8221;Se\u00e7kid\u0259n sonrak\u0131 d\u00f6vr yeni t\u0259zyiq dal\u011fas\u0131 il\u0259 yadda qald\u0131&#8221;<br \/>\n  <\/i>\n<\/p>\n<p>\n  Az\u0259rbaycanda aprelin 11-d\u0259 ke\u00e7iril\u0259n n\u00f6vb\u0259d\u0259nk\u0259nar prezident se\u00e7kil\u0259rind\u0259n sonrak\u0131 v\u0259ziyy\u0259tin t\u0259hlil ed\u0259n \u201cTuran\u201d informasiya agentliyi, aprelin 11-d\u0259n May\u0131n 28-\u0259 q\u0259d\u0259r olan d\u00f6vr\u00fcn m\u00fcxalif\u0259t\u0259 v\u0259 v\u0259t\u0259nda\u015f c\u0259miyy\u0259tin\u0259 yeni t\u0259zyiq dal\u011fas\u0131 il\u0259 yadda qald\u0131\u011f\u0131n\u0131 hesab edir.\n<\/p>\n<p>\n  Agentliyin bu d\u00f6vrl\u0259 \u0259laq\u0259dar t\u0259hlil yaz\u0131s\u0131nda qeyd edilir ki, bu dal\u011fa 2014-c\u00fc il hadis\u0259l\u0259ri il\u0259 m\u00fcqayis\u0259 oluna bil\u0259r.\n<\/p>\n<p>\n  \u201cH\u0259min vaxt m\u0259\u015fhur v\u0259t\u0259nda\u015f c\u0259miyy\u0259ti f\u0259allar\u0131na qar\u015f\u0131 repressiyalar dal\u011fas\u0131 v\u0259 Q\u0259rbin donor t\u0259\u015fkilatlar\u0131 il\u0259 m\u00fcnasib\u0259tl\u0259rin pozulmas\u0131 Az\u0259rbaycanda klassik avtoritarizm qurulmas\u0131na g\u0259tirib \u00e7\u0131xarm\u0131\u015fd\u0131.\n<\/p>\n<p>\n  Prezident \u018fliyevin administrasiyas\u0131n\u0131n r\u0259qibl\u0259rin\u0259 qar\u015f\u0131 h\u0259r\u0259k\u0259tl\u0259ri Respublikan\u0131n 100 illiyini hakimiyy\u0259t v\u0259 c\u0259miyy\u0259t aras\u0131nda konstruktiv m\u00fcnasib\u0259tl\u0259rin qurulmas\u0131 \u00fc\u00e7\u00fcn \u015fans kimi g\u00f6r\u0259n c\u0259miyy\u0259tin v\u0259 beyn\u0259lxalq ictimaiyy\u0259tin \u00fcmidl\u0259rin\u0259 zidd idi.\n<\/p>\n<p>\n  M\u0259s\u0259l\u0259n, siyasi m\u0259hbuslarla ba\u011fl\u0131 \u201cq\u0131z\u0131l amnistiya\u201d m\u0259s\u0259l\u0259sin\u0259 hakimiyy\u0259tin dialoq qurulmas\u0131 yolunda m\u00fcmk\u00fcn xo\u015f m\u0259ram add\u0131m\u0131 kimi bax\u0131l\u0131rd\u0131. Bu amnistiya m\u00f6vzusu \u201cYeni Az\u0259rbaycan\u201d partiyas\u0131n\u0131n siyasi \u015furas\u0131n\u0131n \u00fczv\u00fc Siyavu\u015f Novruzov kimi rejimin q\u0131z\u011f\u0131n m\u0259ddahlar\u0131 t\u0259r\u0259find\u0259n s\u0259sl\u0259nirdi. Amma inauqurasiyadan sonrak\u0131 add\u0131mlar tamamil\u0259 \u0259ks idi. Amnistiya olmad\u0131. Xalq C\u0259bh\u0259si Partiyas\u0131n\u0131n v\u0259 dig\u0259r partiyalar\u0131n s\u0131ralar\u0131nda h\u0259bsl\u0259r ba\u015flad\u0131, AXCP lideri \u018fli K\u0259rimli pullar\u0131n yuyulmas\u0131nda ittiham olundu, Demokratik Q\u00fcvv\u0259l\u0259rin Milli \u015euras\u0131n\u0131n ke\u00e7mi\u015f s\u0259dri, dramaturq R\u00fcst\u0259m \u0130brahimb\u0259yovun erm\u0259nil\u0259r\u0259 i\u015fl\u0259m\u0259kl\u0259 qaralanmas\u0131 kampaniyas\u0131na v\u0259 s. start verildi\u201d.\n<\/p>\n<p>\n  <b><br \/>\n    Kontekst<br \/>\n  <\/b>\n<\/p>\n<p>\n  Bu m\u0259nada n\u0259z\u0259r sald\u0131\u011f\u0131m\u0131z d\u00f6vr\u00fc \u0259hat\u0259 ed\u0259n hadis\u0259l\u0259r v\u0259 daxili v\u0259 xarici oyun\u00e7ular\u0131n dispozisiyalar\u0131 n\u00f6qteyi-n\u0259z\u0259rd\u0259n v\u0259ziyy\u0259ti qiym\u0259tl\u0259ndirm\u0259k vacibdir. Onlara a\u015fa\u011f\u0131dak\u0131lar\u0131 aid etm\u0259k laz\u0131md\u0131r:\n<\/p>\n<p>\n  <i><br \/>\n    &#8211; prezident se\u00e7kil\u0259ri;<br \/>\n  <\/i><br \/>\n  <br \/>\n  <i><br \/>\n    &#8211; institusional islahatlar v\u0259 kadr islahatlar\u0131;<br \/>\n  <\/i><br \/>\n  <br \/>\n  <i><br \/>\n    &#8211; AXC-nin 100 illiyi;<br \/>\n  <\/i><br \/>\n  <br \/>\n  <i><br \/>\n    &#8211; British Petroleum, Statoil (Equinor) il\u0259 n\u00f6vb\u0259ti neft-qaz layih\u0259l\u0259rinin imzalanmas\u0131, Total \u015firk\u0259tinin Ab\u015feron yata\u011f\u0131nda qaz\u0131nt\u0131lara ba\u015flamas\u0131;<br \/>\n  <\/i><br \/>\n  <br \/>\n  <i><br \/>\n    &#8211; TANAP c\u0259nub qaz d\u0259hlizinin a\u00e7\u0131l\u0131\u015f\u0131;<br \/>\n  <\/i><br \/>\n  <br \/>\n  <i><br \/>\n    &#8211; \u018fl\u0259t beyn\u0259lxalq liman\u0131 b\u00f6lg\u0259sind\u0259 azad iqtisadi zona layih\u0259sinin h\u0259yata ke\u00e7irilm\u0259sin\u0259 ba\u015flanmas\u0131;<br \/>\n  <\/i><br \/>\n  <br \/>\n  <i><br \/>\n    &#8211; Erm\u0259nistanda xalq inqilab\u0131;<br \/>\n  <\/i><br \/>\n  <br \/>\n  <i><br \/>\n    &#8211; AB\u015e-\u0131n \u0130rana qar\u015f\u0131 yeni sanksiyalar\u0131;<br \/>\n  <\/i><br \/>\n  <br \/>\n  <i><br \/>\n    &#8211; Suriyada \u00f6lk\u0259nin Rusiya, AB\u015e, T\u00fcrkiy\u0259 v\u0259 \u0130ran\u0131n m\u0259suliyy\u0259t zonalar\u0131na b\u00f6l\u00fcnm\u0259si \u00fczr\u0259 h\u0259rbi kampaniyan\u0131n ba\u015flamas\u0131.<br \/>\n  <\/i>\n<\/p>\n<p>\n  <b><br \/>\n    Xarici amil<br \/>\n  <\/b>\n<\/p>\n<p>\n  Yaz\u0131 m\u00fc\u0259llifl\u0259ri h\u00fcsab edirl\u0259r ki, h\u0259min d\u00f6vrd\u0259 Q\u0259rbin rejim\u0259 m\u00fcnasib\u0259ti tamamil\u0259 d\u0259yi\u015fib.\n<\/p>\n<p>\n  \u201cVaxt\u0131ndan \u0259vv\u0259l prezident se\u00e7kil\u0259ri ideyas\u0131n\u0131n, onun xarakterinin v\u0259 ke\u00e7irilm\u0259si \u015f\u0259raitinin a\u00e7\u0131q-a\u015fkar d\u0259st\u0259kl\u0259nm\u0259sini v\u0259 ya pisl\u0259nm\u0259sini m\u00fc\u015fahid\u0259 etm\u0259s\u0259k d\u0259, ton h\u0259ddind\u0259n art\u0131q t\u0259mkinli idi v\u0259 se\u00e7kil\u0259rin legitimliyini t\u0259min etdi ki, prezident \u018fliyevin d\u0259 buna ehtiyac\u0131 var idi. A\u0130 v\u0259 AB\u015e liderl\u0259rinin se\u00e7ki\u00f6nc\u0259si v\u0259 se\u00e7kisonras\u0131 mesajlar\u0131 q\u0259l\u0259b\u0259nin etiraf\u0131 deyildi, amma energetika, islahatlar, t\u0259hl\u00fck\u0259sizlik v\u0259 korrupsiyaya qar\u015f\u0131 m\u00fcbariz\u0259 sah\u0259sind\u0259 \u0259m\u0259kda\u015fl\u0131\u011fa d\u0259v\u0259t \u00e7a\u011f\u0131r\u0131\u015flar\u0131 idi. Demokratiya v\u0259 insan h\u00fcquqlar\u0131, \u00f6t\u0259n ill\u0259rd\u0259ki bu c\u00fcr mesajlara baxmayaraq, leksikondan \u00e7\u0131x\u0131b (m\u0259s\u0259l\u0259n, 2015-2016-c\u0131 ill\u0259rd\u0259 rejim\u0259 t\u0259zyiq hiss olunurdu). Prinsipc\u0259, bu d\u0259v\u0259tl\u0259r daha \u00e7ox \u018fliyevin se\u00e7ildikd\u0259n sonra yerin\u0259 yetirm\u0259y\u0259 v\u0259d etdiyi \u00f6hd\u0259likl\u0259ri xat\u0131rlad\u0131rd\u0131\u201d.\n<\/p>\n<p>\n  M\u00fc\u0259llifl\u0259rin fikrinc\u0259, faktiki olaraq, Q\u0259rbin \u018fliyev\u0259 n\u0259vazi\u015f g\u00f6st\u0259r\u0259r\u0259k, ondan b\u0259zi add\u0131mlar g\u00f6zl\u0259diyi n\u0259z\u0259r\u0259 \u00e7arp\u0131r. Hans\u0131 m\u00fcmkin \u00fcmidl\u0259r var? Sadalayaq:\n<\/p>\n<p>\n  <i><br \/>\n    &#8211; neft-qaz m\u00fcqavil\u0259l\u0259rinin h\u0259yata ke\u00e7irilm\u0259sinin davam etm\u0259si,<br \/>\n  <\/i><br \/>\n  <br \/>\n  <i><br \/>\n    &#8211; kommunikasiya layih\u0259l\u0259ri \u015f\u0259b\u0259k\u0259sinin, o c\u00fcml\u0259d\u0259n boru k\u0259m\u0259rl\u0259rinin, d\u0259mir yollar\u0131n\u0131n formala\u015fd\u0131r\u0131lmas\u0131n\u0131n davam etm\u0259si,<br \/>\n  <\/i><br \/>\n  <br \/>\n  <i><br \/>\n    &#8211; institusional islahatlar ke\u00e7irilm\u0259si v\u0259 klan v\u0259 oliqarxiyaya \u0259saslanan k\u00f6hn\u0259 komandan\u0131n tamamil\u0259 k\u0259narla\u015fd\u0131r\u0131lmas\u0131,<br \/>\n  <\/i><br \/>\n  <br \/>\n  <i><br \/>\n    &#8211; A\u0130 il\u0259 strateji t\u0259r\u0259fda\u015fl\u0131q sazi\u015finin imzalanmas\u0131,<br \/>\n  <\/i><br \/>\n  <br \/>\n  <i><br \/>\n    &#8211; korrupsiyaya qar\u015f\u0131 m\u00fcbariz\u0259 v\u0259 iqtisadiyyat\u0131n leqalla\u015fd\u0131r\u0131lmas\u0131,<br \/>\n  <\/i><br \/>\n  <br \/>\n  <i><br \/>\n    &#8211; Q\u0259rbin qeyri-neft kapital\u0131n\u0131n t\u0259tbiqi \u00fc\u00e7\u00fcn \u015f\u0259rait yarad\u0131lmas\u0131,<br \/>\n  <\/i><br \/>\n  <br \/>\n  <i><br \/>\n    &#8211; \u0130ran \u0259leyhin\u0259 sanksiyalarda i\u015ftirak.<br \/>\n  <\/i>\n<\/p>\n<p>\n  <b><br \/>\n    Daxili s\u0259b\u0259bl\u0259r<br \/>\n  <\/b>\n<\/p>\n<p>\n  Yaz\u0131da vur\u011fulan\u0131r ki, b\u00fct\u00fcn bu \u00fcmidl\u0259r\u0259 \u018fliyevin c\u0259miyy\u0259t\u0259 qar\u015f\u0131 daha amans\u0131z x\u0259tt tutmas\u0131na imkan ver\u0259n b\u00f6y\u00fck amil kimi baxmaq laz\u0131md\u0131r.\n<\/p>\n<p>\n  \u201cAdministrasiyan\u0131n add\u0131mlar\u0131n\u0131n s\u0259b\u0259bl\u0259ri il\u0259 ba\u011fl\u0131 variantlara baxaq. Onlar aras\u0131nda a\u015fa\u011f\u0131dak\u0131lar ola bil\u0259r:\n<\/p>\n<p>\n  &#8211;<br \/>\n  <i><br \/>\n    AXCP lideri \u018fli K\u0259rimlid\u0259n v\u0259 onun t\u0259r\u0259fdarlar\u0131ndan se\u00e7kiqaba\u011f\u0131 f\u0259aliyy\u0259tl\u0259rin\u0259 g\u00f6r\u0259 qisas almaq. C\u0259bh\u0259\u00e7il\u0259rin lideri se\u00e7ikiqaba\u011f\u0131 mitinql\u0259rin f\u0259al t\u0259\u015fkilat\u00e7\u0131s\u0131 idi. Bu mitinql\u0259r m\u00fcxalif\u0259tin boykotu n\u0259tic\u0259sind\u0259 mahiyy\u0259tc\u0259 texniki olan se\u00e7kil\u0259rin fonunu korlay\u0131rd\u0131. AXCP f\u0259allar\u0131 sosial \u015f\u0259b\u0259k\u0259l\u0259rd\u0259 d\u0259 rejim\u0259 qar\u015f\u0131 f\u0259al virtual m\u00fcbariz\u0259 apar\u0131rlar, rejimin c\u0259lb etdiyi trollar\u0131 k\u00f6lg\u0259d\u0259 qoyurlar.<br \/>\n  <\/i>\n<\/p>\n<p>\n  <i><br \/>\n    &#8211; Kulminasiya m\u0259rh\u0259l\u0259sin\u0259 q\u0259d\u0259m qoyan hakimiyy\u0259tdaxili m\u00fcbariz\u0259 fonunda m\u00fcxalif\u0259tin tamamil\u0259 z\u0259r\u0259rsizl\u0259\u015fdirilm\u0259si v\u0259 ya z\u0259ifl\u0259dilm\u0259si. Prezident m\u00fcxalif\u0259tin v\u0259 m\u00f6vqel\u0259rind\u0259n \u00e7\u0259kil\u0259n k\u00f6hn\u0259 komandan\u0131n ittifaq\u0131ndan ehtiyatlana bil\u0259r. Praktiki olaraq, b\u00fct\u00fcn idar\u0259l\u0259rd\u0259 k\u00f6hn\u0259 kadrlar d\u0259yi\u015fdirilir. H\u0259l\u0259lik g\u00fcc qurumlar\u0131 &#8211; D\u0130N, FHN, MN istisna t\u0259\u015fkil edir, onlarda kadrlar\u0131n k\u0259narla\u015fd\u0131r\u0131lmas\u0131 qa\u00e7\u0131lmazd\u0131r v\u0259 zaman m\u0259s\u0259l\u0259sidir.<br \/>\n  <\/i>\n<\/p>\n<p>\n  <i><br \/>\n    &#8211; Xalq\u0131n irad\u0259sini bildirm\u0259si n\u0259tic\u0259sind\u0259 hakimiyy\u0259tin d\u0259yi\u015fm\u0259sinin m\u00fcmk\u00fcnl\u00fcy\u00fcn\u00fcn ilham ver\u0259n n\u00fcmun\u0259si olan Erm\u0259nistanda inqilabi hadis\u0259l\u0259r \u015f\u0259raitind\u0259 m\u00fcxalif\u0259t\u0259 t\u0259zyiq.<br \/>\n  <\/i>\n<\/p>\n<p>\n  <i><br \/>\n    &#8211; \u018fhalinin sosial naraz\u0131l\u0131\u011f\u0131n\u0131n artmas\u0131 fonunda f\u0259allar\u0131n n\u00fcmayi\u015fkaran\u0259 \u015f\u0259kild\u0259 h\u0259bsi yolu il\u0259 c\u0259miyy\u0259t\u0259 qorxu sal\u0131nmas\u0131. Xalq\u0131n naraz\u0131l\u0131\u011f\u0131 real t\u0259hl\u00fck\u0259 t\u0259\u015fkil edir, bu, iyunun 5-d\u0259 m\u0259cburi k\u00f6\u00e7k\u00fcnl\u0259rin Nazirl\u0259r Kabinetinin binas\u0131 qar\u015f\u0131s\u0131nda etiraz aksiyas\u0131n\u0131n n\u00fcmun\u0259sind\u0259 yax\u015f\u0131 g\u00f6r\u00fcn\u00fcrd\u00fc. Hakimiyy\u0259t h\u0259mi\u015f\u0259 sosial g\u0259rginliyin artmas\u0131 \u015f\u0259raitind\u0259 m\u00fcxalif\u0259t\u0259 qar\u015f\u0131 n\u00fcmayi\u015fkaran\u0259 g\u00fcc t\u0259tbiq ed\u0259r\u0259k, dolay\u0131 yolla ist\u0259nil\u0259n etirazlar\u0131 v\u0259 naraz\u0131l\u0131q izharlar\u0131n\u0131 yat\u0131rma\u011fa haz\u0131r oldu\u011funu g\u00f6st\u0259rirdi. 2015-ci il sistem b\u00f6hran\u0131 \u0259r\u0259f\u0259sind\u0259 v\u0259 b\u00f6hran\u0131n inki\u015faf\u0131 zaman\u0131 &#8211; 2014-c\u00fc ilin ikinci yar\u0131s\u0131nda d\u00fcny\u0259vi v\u0259t\u0259nda\u015f f\u0259allar\u0131n\u0131n v\u0259 2015-ci ilin noyabr\u0131nda dini f\u0259allar\u0131n h\u0259bsi buna n\u00fcmun\u0259 ola bil\u0259r\u201d.<br \/>\n  <\/i>\n<\/p>\n<p>\n  <b><br \/>\n    Tax\u0131l v\u0259 alaq<br \/>\n  <\/b>\n<\/p>\n<p>\n  Bu halda sadalanan xarici v\u0259 daxili amill\u0259ri bir-birind\u0259n ay\u0131rmaq \u00e7\u0259tindir, onlar, \u00e7ox g\u00fcman ki, bir-biri il\u0259 \u0259laq\u0259lidir. M\u0259s\u0259l\u0259 yaln\u0131z hans\u0131n\u0131n ikinci d\u0259r\u0259c\u0259li olmas\u0131ndad\u0131r. Xarici amill\u0259r siyah\u0131s\u0131ndan siyasi sistemd\u0259 islahatlar v\u0259 konstruktiv m\u00fcnasib\u0259tl\u0259r qurulmas\u0131 il\u0259 ba\u011fl\u0131 \u00fcmidl\u0259r daha \u0259h\u0259miyy\u0259tlidir. Hakimiyy\u0259tin f\u0259aliyy\u0259tinin daxili s\u0259b\u0259bl\u0259rind\u0259n b\u00f6hran v\u0259ziyy\u0259tinin v\u0259 c\u0259miyy\u0259td\u0259 sosial g\u0259rginliyin m\u00f6vcudlu\u011fu \u0259sas kimi g\u00f6r\u00fcn\u00fcr, ictimai \u0259hval-ruhiyy\u0259nin monitorinqini aparan hakimiyy\u0259t bundan x\u0259b\u0259rsiz deyil.\n<\/p>\n<p>\n  Bel\u0259likl\u0259, iki x\u0259ttin &#8211; Q\u0259rbin \u00fcmidl\u0259rinin v\u0259 b\u00f6hrandan \u00e7\u0131x\u0131\u015f prosesinin uzad\u0131lmas\u0131n\u0131n yeni v\u0259ziyy\u0259t\u0259 t\u0259kan ver\u0259c\u0259yi, Q\u0259rbin 2015-2016-c\u0131 ill\u0259r dal\u011fas\u0131 kimi misli g\u00f6r\u00fcnm\u0259mi\u015f t\u0259zyiqinin b\u0259rpa edil\u0259c\u0259yi v\u0259 ictimai \u0259hval-ruhiyy\u0259y\u0259 t\u0259sir g\u00f6st\u0259r\u0259 bil\u0259c\u0259yi n\u0259tic\u0259sin\u0259 g\u0259lm\u0259k olar. H\u0259m\u00e7inin, xat\u0131rlatmaq laz\u0131md\u0131r ki, 2014-c\u00fc ild\u0259 hakimiyy\u0259tin c\u0259miyy\u0259t\u0259 t\u0259zyiqi onun yol verm\u0259m\u0259y\u0259 \u00e7al\u0131\u015fd\u0131\u011f\u0131 v\u0259 h\u0259min vaxt rezonans do\u011furan h\u0259bsl\u0259rin s\u0259b\u0259bl\u0259rind\u0259n biri olan 2015-ci il sistem b\u00f6hran\u0131n\u0131n qar\u015f\u0131s\u0131n\u0131 almad\u0131.<\/p>\n","protected":false},"excerpt":{"rendered":"<p>&#8221;Se\u00e7kid\u0259n sonrak\u0131 d\u00f6vr yeni t\u0259zyiq dal\u011fas\u0131 il\u0259 yadda qald\u0131&#8221;<\/p>\n","protected":false},"author":11,"featured_media":104962,"comment_status":"closed","ping_status":"open","sticky":false,"template":"","format":"standard","meta":{"_acf_changed":false,"_sitemap_exclude":false,"_sitemap_priority":"","_sitemap_frequency":"","footnotes":""},"categories":[51],"tags":[],"class_list":["post-190383","post","type-post","status-publish","format-standard","has-post-thumbnail","hentry","category-analitika","infinite-scroll-item","generate-columns","tablet-grid-50","mobile-grid-100","grid-parent","grid-33","no-featured-image-padding"],"acf":[],"yoast_head":"<!-- This site is optimized with the Yoast SEO plugin v27.4 - https:\/\/yoast.com\/product\/yoast-seo-wordpress\/ -->\n<title>Prezident se\u00e7kisind\u0259n sonra do\u011frulmayan \u00fcmidl\u0259r - MEYDAN.TV<\/title>\n<meta name=\"robots\" content=\"index, follow, max-snippet:-1, max-image-preview:large, max-video-preview:-1\" \/>\n<link rel=\"canonical\" href=\"https:\/\/www.meydan.tv\/az\/article\/prezident-seckisinden-sonra-dogrulmayan-umidler\/\" \/>\n<meta property=\"og:locale\" content=\"az_AZ\" \/>\n<meta property=\"og:type\" content=\"article\" \/>\n<meta property=\"og:title\" content=\"Prezident se\u00e7kisind\u0259n sonra do\u011frulmayan \u00fcmidl\u0259r - MEYDAN.TV\" \/>\n<meta property=\"og:description\" content=\"&#039;&#039;Se\u00e7kid\u0259n sonrak\u0131 d\u00f6vr yeni t\u0259zyiq dal\u011fas\u0131 il\u0259 yadda qald\u0131&#039;&#039;\" \/>\n<meta property=\"og:url\" content=\"https:\/\/www.meydan.tv\/az\/article\/prezident-seckisinden-sonra-dogrulmayan-umidler\/\" \/>\n<meta property=\"og:site_name\" content=\"MEYDAN.TV\" \/>\n<meta property=\"article:published_time\" content=\"2018-06-08T16:18:34+00:00\" \/>\n<meta property=\"og:image\" content=\"https:\/\/www.meydan.tv\/wp-content\/uploads\/41630.jpg\" \/>\n\t<meta property=\"og:image:width\" content=\"810\" \/>\n\t<meta property=\"og:image:height\" content=\"450\" \/>\n\t<meta property=\"og:image:type\" content=\"image\/jpeg\" \/>\n<meta name=\"author\" content=\"user-manager\" \/>\n<meta name=\"twitter:card\" content=\"summary_large_image\" \/>\n<script type=\"application\/ld+json\" class=\"yoast-schema-graph\">{\"@context\":\"https:\\\/\\\/schema.org\",\"@graph\":[{\"@type\":\"Article\",\"@id\":\"https:\\\/\\\/www.meydan.tv\\\/az\\\/article\\\/prezident-seckisinden-sonra-dogrulmayan-umidler\\\/#article\",\"isPartOf\":{\"@id\":\"https:\\\/\\\/www.meydan.tv\\\/az\\\/article\\\/prezident-seckisinden-sonra-dogrulmayan-umidler\\\/\"},\"author\":{\"name\":\"user-manager\",\"@id\":\"https:\\\/\\\/www.meydan.tv\\\/az\\\/#\\\/schema\\\/person\\\/10d11eccf6da3662cf5fdab9806ea91a\"},\"headline\":\"Prezident se\u00e7kisind\u0259n sonra do\u011frulmayan \u00fcmidl\u0259r\",\"datePublished\":\"2018-06-08T16:18:34+00:00\",\"mainEntityOfPage\":{\"@id\":\"https:\\\/\\\/www.meydan.tv\\\/az\\\/article\\\/prezident-seckisinden-sonra-dogrulmayan-umidler\\\/\"},\"wordCount\":1516,\"publisher\":{\"@id\":\"https:\\\/\\\/www.meydan.tv\\\/az\\\/#organization\"},\"image\":{\"@id\":\"https:\\\/\\\/www.meydan.tv\\\/az\\\/article\\\/prezident-seckisinden-sonra-dogrulmayan-umidler\\\/#primaryimage\"},\"thumbnailUrl\":\"https:\\\/\\\/www.meydan.tv\\\/wp-content\\\/uploads\\\/41630.jpg\",\"articleSection\":[\"Analitika\"],\"inLanguage\":\"az\"},{\"@type\":\"WebPage\",\"@id\":\"https:\\\/\\\/www.meydan.tv\\\/az\\\/article\\\/prezident-seckisinden-sonra-dogrulmayan-umidler\\\/\",\"url\":\"https:\\\/\\\/www.meydan.tv\\\/az\\\/article\\\/prezident-seckisinden-sonra-dogrulmayan-umidler\\\/\",\"name\":\"Prezident se\u00e7kisind\u0259n sonra do\u011frulmayan \u00fcmidl\u0259r - MEYDAN.TV\",\"isPartOf\":{\"@id\":\"https:\\\/\\\/www.meydan.tv\\\/az\\\/#website\"},\"primaryImageOfPage\":{\"@id\":\"https:\\\/\\\/www.meydan.tv\\\/az\\\/article\\\/prezident-seckisinden-sonra-dogrulmayan-umidler\\\/#primaryimage\"},\"image\":{\"@id\":\"https:\\\/\\\/www.meydan.tv\\\/az\\\/article\\\/prezident-seckisinden-sonra-dogrulmayan-umidler\\\/#primaryimage\"},\"thumbnailUrl\":\"https:\\\/\\\/www.meydan.tv\\\/wp-content\\\/uploads\\\/41630.jpg\",\"datePublished\":\"2018-06-08T16:18:34+00:00\",\"breadcrumb\":{\"@id\":\"https:\\\/\\\/www.meydan.tv\\\/az\\\/article\\\/prezident-seckisinden-sonra-dogrulmayan-umidler\\\/#breadcrumb\"},\"inLanguage\":\"az\",\"potentialAction\":[{\"@type\":\"ReadAction\",\"target\":[\"https:\\\/\\\/www.meydan.tv\\\/az\\\/article\\\/prezident-seckisinden-sonra-dogrulmayan-umidler\\\/\"]}]},{\"@type\":\"ImageObject\",\"inLanguage\":\"az\",\"@id\":\"https:\\\/\\\/www.meydan.tv\\\/az\\\/article\\\/prezident-seckisinden-sonra-dogrulmayan-umidler\\\/#primaryimage\",\"url\":\"https:\\\/\\\/www.meydan.tv\\\/wp-content\\\/uploads\\\/41630.jpg\",\"contentUrl\":\"https:\\\/\\\/www.meydan.tv\\\/wp-content\\\/uploads\\\/41630.jpg\",\"width\":810,\"height\":450,\"caption\":\"Source:\"},{\"@type\":\"BreadcrumbList\",\"@id\":\"https:\\\/\\\/www.meydan.tv\\\/az\\\/article\\\/prezident-seckisinden-sonra-dogrulmayan-umidler\\\/#breadcrumb\",\"itemListElement\":[{\"@type\":\"ListItem\",\"position\":1,\"name\":\"Ana s\u0259hif\u0259\",\"item\":\"https:\\\/\\\/www.meydan.tv\\\/az\\\/\"},{\"@type\":\"ListItem\",\"position\":2,\"name\":\"Analitika\",\"item\":\"https:\\\/\\\/www.meydan.tv\\\/az\\\/section\\\/analitika\\\/\"},{\"@type\":\"ListItem\",\"position\":3,\"name\":\"Prezident se\u00e7kisind\u0259n sonra do\u011frulmayan \u00fcmidl\u0259r\"}]},{\"@type\":\"WebSite\",\"@id\":\"https:\\\/\\\/www.meydan.tv\\\/az\\\/#website\",\"url\":\"https:\\\/\\\/www.meydan.tv\\\/az\\\/\",\"name\":\"MEYDAN.TV\",\"description\":\"Meydan TV Az\u0259rbaycan\u0131n media m\u0259kan\u0131ndak\u0131 alternativ s\u0259sidir\",\"publisher\":{\"@id\":\"https:\\\/\\\/www.meydan.tv\\\/az\\\/#organization\"},\"potentialAction\":[{\"@type\":\"SearchAction\",\"target\":{\"@type\":\"EntryPoint\",\"urlTemplate\":\"https:\\\/\\\/www.meydan.tv\\\/az\\\/?s={search_term_string}\"},\"query-input\":{\"@type\":\"PropertyValueSpecification\",\"valueRequired\":true,\"valueName\":\"search_term_string\"}}],\"inLanguage\":\"az\"},{\"@type\":\"Organization\",\"@id\":\"https:\\\/\\\/www.meydan.tv\\\/az\\\/#organization\",\"name\":\"Meydan TV\",\"url\":\"https:\\\/\\\/www.meydan.tv\\\/az\\\/\",\"logo\":{\"@type\":\"ImageObject\",\"inLanguage\":\"az\",\"@id\":\"https:\\\/\\\/www.meydan.tv\\\/az\\\/#\\\/schema\\\/logo\\\/image\\\/\",\"url\":\"https:\\\/\\\/www.meydan.tv\\\/wp-content\\\/uploads\\\/2021\\\/07\\\/meydan-logo.svg\",\"contentUrl\":\"https:\\\/\\\/www.meydan.tv\\\/wp-content\\\/uploads\\\/2021\\\/07\\\/meydan-logo.svg\",\"width\":195,\"height\":46,\"caption\":\"Meydan TV\"},\"image\":{\"@id\":\"https:\\\/\\\/www.meydan.tv\\\/az\\\/#\\\/schema\\\/logo\\\/image\\\/\"}},{\"@type\":\"Person\",\"@id\":\"https:\\\/\\\/www.meydan.tv\\\/az\\\/#\\\/schema\\\/person\\\/10d11eccf6da3662cf5fdab9806ea91a\",\"name\":\"user-manager\"}]}<\/script>\n<!-- \/ Yoast SEO plugin. -->","yoast_head_json":{"title":"Prezident se\u00e7kisind\u0259n sonra do\u011frulmayan \u00fcmidl\u0259r - MEYDAN.TV","robots":{"index":"index","follow":"follow","max-snippet":"max-snippet:-1","max-image-preview":"max-image-preview:large","max-video-preview":"max-video-preview:-1"},"canonical":"https:\/\/www.meydan.tv\/az\/article\/prezident-seckisinden-sonra-dogrulmayan-umidler\/","og_locale":"az_AZ","og_type":"article","og_title":"Prezident se\u00e7kisind\u0259n sonra do\u011frulmayan \u00fcmidl\u0259r - MEYDAN.TV","og_description":"''Se\u00e7kid\u0259n sonrak\u0131 d\u00f6vr yeni t\u0259zyiq dal\u011fas\u0131 il\u0259 yadda qald\u0131''","og_url":"https:\/\/www.meydan.tv\/az\/article\/prezident-seckisinden-sonra-dogrulmayan-umidler\/","og_site_name":"MEYDAN.TV","article_published_time":"2018-06-08T16:18:34+00:00","og_image":[{"width":810,"height":450,"url":"https:\/\/www.meydan.tv\/wp-content\/uploads\/41630.jpg","type":"image\/jpeg"}],"author":"user-manager","twitter_card":"summary_large_image","schema":{"@context":"https:\/\/schema.org","@graph":[{"@type":"Article","@id":"https:\/\/www.meydan.tv\/az\/article\/prezident-seckisinden-sonra-dogrulmayan-umidler\/#article","isPartOf":{"@id":"https:\/\/www.meydan.tv\/az\/article\/prezident-seckisinden-sonra-dogrulmayan-umidler\/"},"author":{"name":"user-manager","@id":"https:\/\/www.meydan.tv\/az\/#\/schema\/person\/10d11eccf6da3662cf5fdab9806ea91a"},"headline":"Prezident se\u00e7kisind\u0259n sonra do\u011frulmayan \u00fcmidl\u0259r","datePublished":"2018-06-08T16:18:34+00:00","mainEntityOfPage":{"@id":"https:\/\/www.meydan.tv\/az\/article\/prezident-seckisinden-sonra-dogrulmayan-umidler\/"},"wordCount":1516,"publisher":{"@id":"https:\/\/www.meydan.tv\/az\/#organization"},"image":{"@id":"https:\/\/www.meydan.tv\/az\/article\/prezident-seckisinden-sonra-dogrulmayan-umidler\/#primaryimage"},"thumbnailUrl":"https:\/\/www.meydan.tv\/wp-content\/uploads\/41630.jpg","articleSection":["Analitika"],"inLanguage":"az"},{"@type":"WebPage","@id":"https:\/\/www.meydan.tv\/az\/article\/prezident-seckisinden-sonra-dogrulmayan-umidler\/","url":"https:\/\/www.meydan.tv\/az\/article\/prezident-seckisinden-sonra-dogrulmayan-umidler\/","name":"Prezident se\u00e7kisind\u0259n sonra do\u011frulmayan \u00fcmidl\u0259r - MEYDAN.TV","isPartOf":{"@id":"https:\/\/www.meydan.tv\/az\/#website"},"primaryImageOfPage":{"@id":"https:\/\/www.meydan.tv\/az\/article\/prezident-seckisinden-sonra-dogrulmayan-umidler\/#primaryimage"},"image":{"@id":"https:\/\/www.meydan.tv\/az\/article\/prezident-seckisinden-sonra-dogrulmayan-umidler\/#primaryimage"},"thumbnailUrl":"https:\/\/www.meydan.tv\/wp-content\/uploads\/41630.jpg","datePublished":"2018-06-08T16:18:34+00:00","breadcrumb":{"@id":"https:\/\/www.meydan.tv\/az\/article\/prezident-seckisinden-sonra-dogrulmayan-umidler\/#breadcrumb"},"inLanguage":"az","potentialAction":[{"@type":"ReadAction","target":["https:\/\/www.meydan.tv\/az\/article\/prezident-seckisinden-sonra-dogrulmayan-umidler\/"]}]},{"@type":"ImageObject","inLanguage":"az","@id":"https:\/\/www.meydan.tv\/az\/article\/prezident-seckisinden-sonra-dogrulmayan-umidler\/#primaryimage","url":"https:\/\/www.meydan.tv\/wp-content\/uploads\/41630.jpg","contentUrl":"https:\/\/www.meydan.tv\/wp-content\/uploads\/41630.jpg","width":810,"height":450,"caption":"Source:"},{"@type":"BreadcrumbList","@id":"https:\/\/www.meydan.tv\/az\/article\/prezident-seckisinden-sonra-dogrulmayan-umidler\/#breadcrumb","itemListElement":[{"@type":"ListItem","position":1,"name":"Ana s\u0259hif\u0259","item":"https:\/\/www.meydan.tv\/az\/"},{"@type":"ListItem","position":2,"name":"Analitika","item":"https:\/\/www.meydan.tv\/az\/section\/analitika\/"},{"@type":"ListItem","position":3,"name":"Prezident se\u00e7kisind\u0259n sonra do\u011frulmayan \u00fcmidl\u0259r"}]},{"@type":"WebSite","@id":"https:\/\/www.meydan.tv\/az\/#website","url":"https:\/\/www.meydan.tv\/az\/","name":"MEYDAN.TV","description":"Meydan TV Az\u0259rbaycan\u0131n media m\u0259kan\u0131ndak\u0131 alternativ s\u0259sidir","publisher":{"@id":"https:\/\/www.meydan.tv\/az\/#organization"},"potentialAction":[{"@type":"SearchAction","target":{"@type":"EntryPoint","urlTemplate":"https:\/\/www.meydan.tv\/az\/?s={search_term_string}"},"query-input":{"@type":"PropertyValueSpecification","valueRequired":true,"valueName":"search_term_string"}}],"inLanguage":"az"},{"@type":"Organization","@id":"https:\/\/www.meydan.tv\/az\/#organization","name":"Meydan TV","url":"https:\/\/www.meydan.tv\/az\/","logo":{"@type":"ImageObject","inLanguage":"az","@id":"https:\/\/www.meydan.tv\/az\/#\/schema\/logo\/image\/","url":"https:\/\/www.meydan.tv\/wp-content\/uploads\/2021\/07\/meydan-logo.svg","contentUrl":"https:\/\/www.meydan.tv\/wp-content\/uploads\/2021\/07\/meydan-logo.svg","width":195,"height":46,"caption":"Meydan TV"},"image":{"@id":"https:\/\/www.meydan.tv\/az\/#\/schema\/logo\/image\/"}},{"@type":"Person","@id":"https:\/\/www.meydan.tv\/az\/#\/schema\/person\/10d11eccf6da3662cf5fdab9806ea91a","name":"user-manager"}]}},"_links":{"self":[{"href":"https:\/\/www.meydan.tv\/az\/wp-json\/wp\/v2\/posts\/190383","targetHints":{"allow":["GET"]}}],"collection":[{"href":"https:\/\/www.meydan.tv\/az\/wp-json\/wp\/v2\/posts"}],"about":[{"href":"https:\/\/www.meydan.tv\/az\/wp-json\/wp\/v2\/types\/post"}],"author":[{"embeddable":true,"href":"https:\/\/www.meydan.tv\/az\/wp-json\/wp\/v2\/users\/11"}],"replies":[{"embeddable":true,"href":"https:\/\/www.meydan.tv\/az\/wp-json\/wp\/v2\/comments?post=190383"}],"version-history":[{"count":0,"href":"https:\/\/www.meydan.tv\/az\/wp-json\/wp\/v2\/posts\/190383\/revisions"}],"wp:featuredmedia":[{"embeddable":true,"href":"https:\/\/www.meydan.tv\/az\/wp-json\/wp\/v2\/media\/104962"}],"wp:attachment":[{"href":"https:\/\/www.meydan.tv\/az\/wp-json\/wp\/v2\/media?parent=190383"}],"wp:term":[{"taxonomy":"category","embeddable":true,"href":"https:\/\/www.meydan.tv\/az\/wp-json\/wp\/v2\/categories?post=190383"},{"taxonomy":"post_tag","embeddable":true,"href":"https:\/\/www.meydan.tv\/az\/wp-json\/wp\/v2\/tags?post=190383"}],"curies":[{"name":"wp","href":"https:\/\/api.w.org\/{rel}","templated":true}]}}