{"id":190380,"date":"2018-06-08T15:21:39","date_gmt":"2018-06-08T15:21:39","guid":{"rendered":"https:\/\/www.meydan.tv\/article\/beynimizdeki-ejdaha\/"},"modified":"2018-06-08T15:21:39","modified_gmt":"2018-06-08T15:21:39","slug":"beynimizdeki-ejdaha","status":"publish","type":"post","link":"https:\/\/www.meydan.tv\/az\/article\/beynimizdeki-ejdaha\/","title":{"rendered":"Beynimizd\u0259ki \u0259jdaha"},"content":{"rendered":"<figure class=\"wp-block-image size-large\">\n  <img decoding=\"async\" src=\"https:\/\/www.meydan.tv\/az\/mark-rutte-yeri-temizleyerken\/\" alt=\"Mark Rutte yeri t\u0259mizl\u0259y\u0259rk\u0259n\" class=\"wp-image-104959\"\/><figcaption>\n    Mark Rutte yeri t\u0259mizl\u0259y\u0259rk\u0259n<br \/>\n  <\/figcaption><\/figure>\n<p>\n  Bug\u00fcnl\u0259rd\u0259 sosial \u015f\u0259b\u0259k\u0259l\u0259rd\u0259 maraq do\u011furan hadis\u0259l\u0259rd\u0259n biri Niderland\u0131n Ba\u015f naziri Mark R\u00fcttenin ba\u015f\u0131na g\u0259l\u0259nl\u0259r oldu. Ba\u015f nazir h\u00f6kum\u0259tin yerl\u0259\u015fdiyi binada yoxlama aparat\u0131ndan ke\u00e7\u0259rk\u0259n \u0259lind\u0259ki bir st\u0259kan q\u0259hv\u0259ni yer\u0259 da\u011f\u0131td\u0131. Bundan sonra is\u0259 bizim daha \u00e7ox &#8220;\u015fvabra&#8221; dediyimiz d\u00f6\u015f\u0259m\u0259 taxtas\u0131n\u0131 g\u00f6t\u00fcr\u00fcb yeri t\u0259mizl\u0259m\u0259y\u0259 ba\u015flad\u0131. Arada \u0259lin\u0259 \u0259ski alaraq yoxlama aparat\u0131na \u00e7il\u0259nmi\u015f q\u0259hv\u0259ni d\u0259 sildi.\n<\/p>\n<p>\n  Ba\u015f nazir yenid\u0259n d\u00f6\u015f\u0259m\u0259 taxtas\u0131na &#8220;m\u00fcraci\u0259t ed\u0259rk\u0259n&#8221; t\u0259mizlik i\u015f\u00e7il\u0259rind\u0259n iki xan\u0131m ona yax\u0131nla\u015fd\u0131. G\u00f6zl\u0259m\u0259k olard\u0131 ki, \u0259m\u0259k al\u0259tini c\u0259nab R\u00fctted\u0259n alacaqlar, \u00f6zl\u0259ri davam ed\u0259c\u0259kl\u0259r. Lakin i\u015f\u00e7il\u0259r ad\u0131 d\u00f6\u015f\u0259m\u0259 taxtas\u0131 olsa da, \u0259slind\u0259 metaldan olan al\u0259ti Ba\u015f nazirin rahat i\u015fl\u0259m\u0259si \u00fc\u00e7\u00fcn uzatd\u0131lar v\u0259 k\u0259nara \u00e7\u0259kilib t\u0259b\u0259ss\u00fcml\u0259 izl\u0259m\u0259y\u0259 ba\u015flad\u0131lar.\n<\/p>\n<p>\n  T\u0259bii ki, Ba\u015f nazirin d\u00f6\u015f\u0259m\u0259 silm\u0259si h\u0259r g\u00fcn ba\u015f ver\u0259n adi hadis\u0259 deyildi. Lakin eyni zamanda \u0259trafdak\u0131lar t\u0259r\u0259find\u0259n heyr\u0259tamiz hal kimi d\u0259 qar\u015f\u0131lanm\u0131rd\u0131. S\u0259b\u0259b is\u0259 \u00e7ox g\u00fcman ki, azad \u00f6lk\u0259l\u0259rd\u0259 v\u0259zif\u0259sind\u0259n as\u0131l\u0131 olmayaraq he\u00e7 k\u0259sd\u0259n \u018fjdaha d\u00fcz\u0259ltm\u0259m\u0259l\u0259ridir.\n<\/p>\n<p>\n  \u018fjdaha demi\u015fk\u0259n, ke\u00e7mi\u015f SSR\u0130-d\u0259 1988-ci ild\u0259 \u00e7\u0259kilimi\u015f bir film var, &#8220;\u018fjdahan\u0131 \u00f6ld\u00fcrm\u0259k&#8221;. \u00d6nc\u0259 deyim ki, o zaman maraql\u0131 d\u00f6vr idi. Marginal \u015f\u0259xsl\u0259r istisna olmaqla, ham\u0131 d\u0259yi\u015fiklikl\u0259r, islahatlar t\u0259r\u0259fdar\u0131 idi, \u0259vv\u0259lki kimi ya\u015fama\u011f\u0131n m\u00fcmk\u00fcns\u00fczl\u00fcy\u00fcnd\u0259 h\u0259mr\u0259y idil\u0259r. O c\u00fcml\u0259d\u0259n, ad\u0131\u00e7\u0259kil\u0259n filmin ba\u015f rejissoru, bu g\u00fcn Putinin qanad\u0131 alt\u0131na s\u0131\u011f\u0131nm\u0131\u015f, iki ay \u00f6nc\u0259 ondan &#8220;\u018fm\u0259k Q\u0259hr\u0259man\u0131&#8221; titulunu alm\u0131\u015f Mark Zaxarov da.\n<\/p>\n<p>\n  Antiutopiya janr\u0131nda \u00e7\u0259kil\u0259n filmin s\u00fcjeti bel\u0259dir: kral Artur haqq\u0131nda \u0259satirl\u0259rd\u0259n tan\u0131d\u0131\u011f\u0131m\u0131z c\u0259ngav\u0259r Lanselotun s\u0259l\u0259fi v\u0259 ada\u015f\u0131 olan c\u0259ngav\u0259r bir \u015f\u0259h\u0259r\u0259 g\u0259lir. Burada 400 ildir ki, \u018fjdahan\u0131n diktaturas\u0131 b\u0259rq\u0259rar olub. Buna baxmayaraq, \u015f\u0259h\u0259r \u0259halisi \u00f6z taleyind\u0259n m\u0259mnun g\u00f6r\u00fcn\u00fcr, d\u0259yi\u015fikliy\u0259 can atm\u0131r.\n<\/p>\n<p>\n  Onlar \u018fjdahan\u0131n \u0259zazil v\u0259 tiran olmas\u0131na qayda-qanun yaratmas\u0131, tikintil\u0259r aparmas\u0131 il\u0259 haqq qazand\u0131r\u0131rlar. Personajlardan birinin dediyi kimi, \u0259jdaha &#8220;s\u0259rtdir, lakin \u0259dal\u0259tlidir!&#8221; Filmd\u0259 bununla ba\u011fl\u0131 maraql\u0131 fikirl\u0259r, dialoqlar s\u0259sl\u0259nir, ham\u0131s\u0131n\u0131 \u0259hat\u0259 etm\u0259k m\u00fcmk\u00fcn deyil, baxma\u011f\u0131n\u0131z m\u0259sl\u0259h\u0259tdir.\n<\/p>\n<p>\n  \u0130nsanlar\u0131n bu m\u00f6vqeyi he\u00e7 d\u0259 \u00fcr\u0259ka\u00e7an, m\u00fcbariz\u0259y\u0259 h\u0259v\u0259sl\u0259ndir\u0259n deyil. Xo\u015fb\u0259xtlikd\u0259n Lanselotu motivasiya ed\u0259n ba\u015fqa s\u0259b\u0259b d\u0259 var. O, \u015f\u0259h\u0259r arxivariusunun q\u0131z\u0131, g\u00f6z\u0259l Elzan\u0131 \u018fjdaha il\u0259 zorak\u0131 v\u0259 lab\u00fcd nikahdan xilas etm\u0259k ist\u0259yir.\n<\/p>\n<p>\n  Lanselot \u018fjdahan\u0131 d\u00f6y\u00fc\u015f\u0259 \u00e7a\u011f\u0131raraq qalib g\u0259lir, lakin \u00f6z\u00fc d\u0259 yaralan\u0131r v\u0259 gizl\u0259nir. G\u00f6zl\u0259m\u0259k olard\u0131 ki, f\u00fcrs\u0259td\u0259n istifad\u0259 ed\u0259n \u015f\u0259h\u0259r \u0259halisi azadl\u0131\u011f\u0131na qovu\u015facaq. Lakin onlar \u018fjdahas\u0131z ya\u015faya bilmirl\u0259r. Filmd\u0259 personajlardan birinin dilind\u0259n s\u0259sl\u0259ndiril\u0259n kimi, ax\u0131 kimis\u0259 sevm\u0259k laz\u0131md\u0131r.\n<\/p>\n<p>\n  Q\u0131sam\u00fcdd\u0259tli xaosdan sonra \u015f\u0259h\u0259rin maymaq burqomistri (bu rolu Yevgeni Leonov m\u00f6ht\u0259\u015f\u0259m ifa edir) hakimiyy\u0259ti \u0259l\u0259 ke\u00e7irir. \u00d6z\u00fc d\u0259 bu i\u015fd\u0259 burqomistrin \u00f6z\u00fcnd\u0259n \u00e7ox yeni \u018fjdahas\u0131z ke\u00e7in\u0259 bilm\u0259y\u0259n \u0259halinin rolu olur.\n<\/p>\n<p>\n  H\u0259r bir diktatorun hekay\u0259si olmal\u0131d\u0131r. Yeni diktatorun da hekay\u0259si ondan ibar\u0259t olur ki, guya \u018fjdahan\u0131 Lanselot deyil, o \u00f6ld\u00fcr\u00fcb v\u0259 \u015f\u0259h\u0259r\u0259 azadl\u0131q g\u0259tirib. \u00dcmumiyy\u0259tl\u0259, diktatorlar v\u0259 diktaturalar h\u0259mi\u015f\u0259 azadl\u0131q m\u0259fhumunu istismar edirl\u0259r. \u018fn q\u0259ddar diktaturalar azadl\u0131q \u015f\u00fcar\u0131 alt\u0131nda qurulur. \u018fn \u0259zici \u0259sar\u0259t azadl\u0131q kimi t\u0259qdim olunur.\n<\/p>\n<p>\n  Bir m\u00fcdd\u0259t sonra art\u0131q burqomistr Elza il\u0259 evl\u0259nm\u0259k ist\u0259yir. Nikah m\u0259rasimi zaman\u0131 Lanselot geri d\u00f6n\u00fcr. H\u0259yat\u0131n\u0131 t\u0259hl\u00fck\u0259y\u0259 ataraq azadl\u0131q b\u0259x\u015f etdiyini d\u00fc\u015f\u00fcnd\u00fcy\u00fc \u015f\u0259h\u0259rin yenid\u0259n \u0259sar\u0259td\u0259 ya\u015famas\u0131na heyr\u0259tl\u0259 \u015fahidlik edir.\n<\/p>\n<p>\n  O, \u00e7\u0131\u011f\u0131raraq &#8220;siz art\u0131q bir ildir ki, azad insanlars\u0131n\u0131z&#8221; deyir. Lakin personajlar\u0131n cavablar\u0131ndan ayd\u0131n olur ki, \u0259sar\u0259t \u018fjdaha il\u0259 ba\u011fl\u0131 deyil, onlar\u0131n \u00f6z t\u0259f\u0259kk\u00fcrl\u0259rind\u0259dir. Onlar Lanselotun \u00f6n\u00fcnd\u0259 diz \u00e7\u00f6k\u0259r\u0259k yeni tiran, yeni \u018fjdaha kimi q\u0259bul etdikl\u0259rini g\u00f6st\u0259rirl\u0259r, \u015f\u0259rq t\u0259birinc\u0259 des\u0259k, bi\u0259t edirl\u0259r.\n<\/p>\n<p>\n  Bunun m\u00fcqabilind\u0259 Lanselot aln\u0131n\u0131 g\u00f6st\u0259r\u0259r\u0259k &#8220;\u018fjdaha buradad\u0131r. M\u0259n indi ham\u0131n\u0131z\u0131 bunu anlama\u011fa v\u0259 \u00f6z\u00fcn\u00fczd\u0259ki \u0259jdahan\u0131 \u00f6ld\u00fcrm\u0259y\u0259 m\u0259cbur ed\u0259c\u0259y\u0259m&#8221;, &#8211; dey\u0259 \u00e7\u0131\u011f\u0131r\u0131r. Burada Lanselotun m\u0259qs\u0259dl\u0259ri il\u0259 h\u0259r\u0259k\u0259tl\u0259ri aras\u0131nda f\u0259rq yaran\u0131r. \u018fjdahan\u0131n \u00f6l\u00fcm\u00fcn\u0259 \u00e7al\u0131\u015fan c\u0259ngav\u0259r \u00f6z\u00fc d\u0259 hiss etm\u0259d\u0259n tiran kimi davranma\u011fa ba\u015flay\u0131r. Yaln\u0131z Elzan\u0131n onun sif\u0259tin\u0259 \u00e7\u0131rpd\u0131\u011f\u0131 bir q\u0259d\u0259h sudan sonra \u00f6z\u00fcn\u0259 g\u0259lm\u0259y\u0259 ba\u015flay\u0131r.\n<\/p>\n<p>\n  Elzan\u0131n bu demar\u015f\u0131 Lanselotu xilas edir. O, h\u0259l\u0259 tirana \u00e7evrilm\u0259mi\u015f, \u00f6z\u00fcn\u00fcn q\u00fcsursuzlu\u011funa \u0259min olmam\u0131\u015f m\u00fcqavim\u0259tl\u0259 rastla\u015f\u0131r v\u0259 dayan\u0131r. \u00dcmumiyy\u0259tl\u0259, ist\u0259nil\u0259n tiran\u0131 ilk vaxtlarda durdurmaq daha asand\u0131r. T\u0259\u0259ss\u00fcf ki, \u00e7oxu tiraniyan\u0131 x\u0259r\u00e7\u0259ng x\u0259st\u0259liyi kimi yaln\u0131z \u0259zab verm\u0259y\u0259 ba\u015flayanda hiss edirl\u0259r. Bu zaman is\u0259 art\u0131q gec olur. X\u0259r\u00e7\u0259ng metastaz ver\u0259n kimi tiraniya da d\u0259rin k\u00f6kl\u0259r sal\u0131r v\u0259 c\u0259miyy\u0259tin kollaps\u0131na s\u0259b\u0259b olur.\n<\/p>\n<p>\n  S\u00f6z d\u00fc\u015fm\u00fc\u015fk\u0259n, 1992-1993-c\u00fc ill\u0259rd\u0259 m\u00f6vcud olan demokratik hakimiyy\u0259tin y\u0131x\u0131lmas\u0131n\u0131n \u0259sas s\u0259b\u0259bl\u0259rind\u0259n biri d\u0259 \u0259ks\u0259riyy\u0259tin \u0259jdahas\u0131z ya\u015faya bilm\u0259m\u0259si oldu.\n<\/p>\n<p>\n  \u00c7\u00fcnki c\u0259miyy\u0259t olaraq \u0259jdahalar yaratma\u011fa meylliyik. H\u0259r v\u0259zif\u0259nin kalibrin\u0259 uy\u011fun \u0259jdaha g\u00f6rm\u0259k ist\u0259yirik. \u00c7evrilm\u0259k ist\u0259m\u0259y\u0259n adam\u0131 is\u0259 zorla \u0259jdaha oldu\u011funa inand\u0131rmaq ist\u0259yirik v\u0259 daha xeyirli t\u0259tbiq\u0259 layiq inadla nail oluruq. \u018fjdaha olmaq ist\u0259m\u0259y\u0259n \u015f\u0259xsl\u0259r is\u0259 g\u00f6z\u00fcm\u00fczd\u0259 n\u00fcfuzlar\u0131n\u0131 itirirl\u0259r. 1992-1993-c\u00fc ill\u0259rin hakimiyy\u0259ti kimi.\n<\/p>\n<p>\n  B\u0259hs etdiyim filmd\u0259 d\u0259 burqomistr \u0259vv\u0259lc\u0259 \u018fjdaha missiyas\u0131n\u0131n a\u011f\u0131rl\u0131\u011f\u0131ndan qorxur. Zat\u0259n \u015f\u0259xsi keyfiyy\u0259tl\u0259ri d\u0259 uy\u011fun deyildi. O, \u018fjdahan\u0131 \u00f6z\u00fcn\u00fcn \u00f6ld\u00fcrd\u00fcy\u00fcn\u0259 \u0259vv\u0259lc\u0259 inanm\u0131r: &#8220;M\u0259n d\u0259 inanm\u0131rd\u0131m. Lakin faktlar, \u015fahidl\u0259r, g\u00f6r\u0259nl\u0259r&#8230;&#8221;. Amma \u018fjdahas\u0131z ya\u015faya bilm\u0259y\u0259n insanlar onu inand\u0131r\u0131rlar, h\u0259tta guya ba\u015f vermi\u015f d\u00f6y\u00fc\u015f\u00fcn plan\u0131n\u0131 da t\u0259rtib edirl\u0259r. N\u0259hay\u0259t, psixi c\u0259h\u0259td\u0259n anormal, sarsaq birisini \u00f6z\u00fcn\u00fcn yeni \u018fjdaha oldu\u011funa \u0259min edirl\u0259r.\n<\/p>\n<p>\n  Reall\u0131\u011f\u0131n filmd\u0259n f\u0259rqi ondad\u0131r ki, bel\u0259 c\u0259miyy\u0259tl\u0259rd\u0259 bir \u018fjdaha olmur. B\u00f6y\u00fck \u018fjdahadan \u00fcz\u00fc a\u015fa\u011f\u0131 m\u00fcxt\u0259lif kalibrli \u0259jdahalar yarad\u0131l\u0131r. H\u0259tta \u018fjdaha v\u0259 \u0259jdaha\u00e7\u0131l\u0131qla m\u00fcbariz\u0259 apard\u0131\u011f\u0131n\u0131 iddia ed\u0259n t\u0259\u015fkilatlarda bel\u0259 \u00f6z \u0259jdahas\u0131, h\u0259tta b\u00f6y\u00fck h\u0259rfl\u0259 \u018fjdahas\u0131 formala\u015f\u0131r.\n<\/p>\n<p>\n  Maraql\u0131d\u0131r ki, b\u0259hs etdiyim filmd\u0259 d\u0259 bu bar\u0259d\u0259 fikir var: &#8220;\u018fjdahadan qurtulma\u011f\u0131n yegan\u0259 yolu &#8211; \u00f6z \u0259jdahan\u0131 yaratmaqd\u0131r&#8221;. Lakin bu yolla tirana qalib g\u0259lm\u0259k olar, tiraniyaya is\u0259 yox. Devril\u0259n tiran\u0131n yerini yenisi tutur.<br \/>\n  <br \/>\n  Tamamil\u0259 \u0259ks d\u00fc\u015f\u0259rg\u0259y\u0259, antaqonist ideologiyaya m\u0259xsus insanlar\u0131n eyni mahiyy\u0259tli, &#8220;bir medal\u0131n iki \u00fcz\u00fc&#8221; olan \u0259jdaha\u00e7\u0131ya \u00e7evrilm\u0259si prosesi \u00e7ox maraql\u0131d\u0131r. Hakimiyy\u0259t \u00f6z t\u0259nqid\u00e7il\u0259rini &#8220;xarici qara q\u00fcvv\u0259l\u0259r\u0259&#8221; v\u0259 &#8220;erm\u0259ni d\u0259yirman\u0131na&#8221; i\u015fl\u0259y\u0259nl\u0259r kimi q\u0259l\u0259m\u0259 verir. \u018fks d\u00fc\u015f\u0259rg\u0259y\u0259 m\u0259xsus bir lideri y\u00fcng\u00fclvari t\u0259nqid etm\u0259k yet\u0259rlidir ki, art\u0131q bu t\u0259r\u0259fd\u0259n &#8220;c\u00fcml\u0259 x\u0259yan\u0259tl\u0259r\u0259 bais&#8221; kimi t\u0259qdim olunasan.\n<\/p>\n<p>\n  Son ill\u0259r Az\u0259rbaycandak\u0131 rejimd\u0259n \u0259n \u00e7ox z\u0259rb\u0259 yey\u0259n dindar k\u0259simdir. Lakin bu onlara ist\u0259r yerli, ist\u0259rs\u0259 \u0259cn\u0259bi bir din xadimini t\u0259nqid ed\u0259ni sionizm v\u0259 imperializmin qulluq\u00e7usu elan etm\u0259y\u0259 mane olmur. \u00c7\u00fcnki onlar problemi \u015f\u0259xsd\u0259 g\u00f6r\u00fcrl\u0259r. Halbuki \u0259sl problem \u0259jdahalar yaradan t\u0259f\u0259kk\u00fcrd\u0259dir.\n<\/p>\n<p>\n  \u018fjdaha il\u0259 m\u00fcbariz\u0259d\u0259 \u00f6z\u00fcn\u00fcn \u0259jdahaya \u00e7evrilm\u0259m\u0259k \u0259sas \u015f\u0259rtdir. \u0130nsanlar is\u0259 \u0259jdahas\u0131z c\u0259miyy\u0259t t\u0259s\u0259vv\u00fcr etmirl\u0259r. Sad\u0259c\u0259 d\u00fc\u015fm\u0259n \u0259jdahan\u0131 do\u011fma \u0259jdahas\u0131 il\u0259 \u0259v\u0259z etm\u0259y\u0259 \u00e7al\u0131\u015f\u0131rlar. Bu tiran is\u0259 art\u0131q ba\u015fqalar\u0131n\u0131 \u0259zm\u0259lidir.\n<\/p>\n<p>\n  \u018fjdaha v\u0259 \u0259jdaha\u00e7\u0131l\u0131q yaln\u0131z ayr\u0131-ayr\u0131 xalqlara, insan qruplar\u0131na aid olan hal deyil. B\u00fct\u00fcn mill\u0259tl\u0259rd\u0259 \u018fjdaha olmaq ist\u0259y\u0259n v\u0259 ba\u015f\u0131 \u00fcst\u00fcnd\u0259 \u018fjdaha g\u00f6rm\u0259k ist\u0259y\u0259n insanlar var. Filmin son epizodu da \u018fjdaha il\u0259 m\u00fcbariz\u0259nin daimi oldu\u011funa i\u015far\u0259 edir.\n<\/p>\n<p>\n  Lakin normal d\u00f6vl\u0259tl\u0259rd\u0259 \u0259jdaha\u00e7\u0131l\u0131\u011fa ged\u0259n yolun \u00f6n\u00fcn\u00fc k\u0259s\u0259n mexanizml\u0259r var. Normal c\u0259miyy\u0259tl\u0259rd\u0259 \u018fjdahaya \u00e7evrilm\u0259kd\u0259 olan insan\u0131n \u00fcz\u00fcn\u0259 su \u00e7\u0131rparaq durduran Elza var.\n<\/p>\n<p>\n  <i><br \/>\n    Yaz\u0131 m\u00fc\u0259llifin fikirl\u0259rini \u0259ks etdirir v\u0259 Meydan TV-nin m\u00f6vqeyi il\u0259 \u00fcst-\u00fcst\u0259 d\u00fc\u015fm\u0259y\u0259 bil\u0259r.<br \/>\n  <\/i><\/p>\n","protected":false},"excerpt":{"rendered":"<p>Bug\u00fcnl\u0259rd\u0259 sosial \u015f\u0259b\u0259k\u0259l\u0259rd\u0259 maraq do\u011furan hadis\u0259l\u0259rd\u0259n biri Niderland\u0131n Ba\u015f naziri Mark R\u00fcttenin ba\u015f\u0131na g\u0259l\u0259nl\u0259r oldu<\/p>\n","protected":false},"author":11,"featured_media":104959,"comment_status":"closed","ping_status":"open","sticky":false,"template":"","format":"standard","meta":{"_acf_changed":false,"_sitemap_exclude":false,"_sitemap_priority":"","_sitemap_frequency":"","footnotes":""},"categories":[57],"tags":[],"class_list":["post-190380","post","type-post","status-publish","format-standard","has-post-thumbnail","hentry","category-menim-fikrimce","infinite-scroll-item","generate-columns","tablet-grid-50","mobile-grid-100","grid-parent","grid-33","no-featured-image-padding"],"acf":[],"yoast_head":"<!-- This site is optimized with the Yoast SEO plugin v27.4 - https:\/\/yoast.com\/product\/yoast-seo-wordpress\/ -->\n<title>Beynimizd\u0259ki \u0259jdaha - MEYDAN.TV<\/title>\n<meta name=\"robots\" content=\"index, follow, max-snippet:-1, max-image-preview:large, max-video-preview:-1\" \/>\n<link rel=\"canonical\" href=\"https:\/\/www.meydan.tv\/az\/article\/beynimizdeki-ejdaha\/\" \/>\n<meta property=\"og:locale\" content=\"az_AZ\" \/>\n<meta property=\"og:type\" content=\"article\" \/>\n<meta property=\"og:title\" content=\"Beynimizd\u0259ki \u0259jdaha - MEYDAN.TV\" \/>\n<meta property=\"og:description\" content=\"Bug\u00fcnl\u0259rd\u0259 sosial \u015f\u0259b\u0259k\u0259l\u0259rd\u0259 maraq do\u011furan hadis\u0259l\u0259rd\u0259n biri Niderland\u0131n Ba\u015f naziri Mark R\u00fcttenin ba\u015f\u0131na g\u0259l\u0259nl\u0259r oldu\" \/>\n<meta property=\"og:url\" content=\"https:\/\/www.meydan.tv\/az\/article\/beynimizdeki-ejdaha\/\" \/>\n<meta property=\"og:site_name\" content=\"MEYDAN.TV\" \/>\n<meta property=\"article:published_time\" content=\"2018-06-08T15:21:39+00:00\" \/>\n<meta property=\"og:image\" content=\"https:\/\/www.meydan.tv\/wp-content\/uploads\/41628.jpg\" \/>\n\t<meta property=\"og:image:width\" content=\"1600\" \/>\n\t<meta property=\"og:image:height\" content=\"900\" \/>\n\t<meta property=\"og:image:type\" content=\"image\/jpeg\" \/>\n<meta name=\"author\" content=\"user-manager\" \/>\n<meta name=\"twitter:card\" content=\"summary_large_image\" \/>\n<script type=\"application\/ld+json\" class=\"yoast-schema-graph\">{\"@context\":\"https:\\\/\\\/schema.org\",\"@graph\":[{\"@type\":\"Article\",\"@id\":\"https:\\\/\\\/www.meydan.tv\\\/az\\\/article\\\/beynimizdeki-ejdaha\\\/#article\",\"isPartOf\":{\"@id\":\"https:\\\/\\\/www.meydan.tv\\\/az\\\/article\\\/beynimizdeki-ejdaha\\\/\"},\"author\":{\"name\":\"user-manager\",\"@id\":\"https:\\\/\\\/www.meydan.tv\\\/az\\\/#\\\/schema\\\/person\\\/10d11eccf6da3662cf5fdab9806ea91a\"},\"headline\":\"Beynimizd\u0259ki \u0259jdaha\",\"datePublished\":\"2018-06-08T15:21:39+00:00\",\"mainEntityOfPage\":{\"@id\":\"https:\\\/\\\/www.meydan.tv\\\/az\\\/article\\\/beynimizdeki-ejdaha\\\/\"},\"wordCount\":1671,\"publisher\":{\"@id\":\"https:\\\/\\\/www.meydan.tv\\\/az\\\/#organization\"},\"image\":{\"@id\":\"https:\\\/\\\/www.meydan.tv\\\/az\\\/article\\\/beynimizdeki-ejdaha\\\/#primaryimage\"},\"thumbnailUrl\":\"https:\\\/\\\/www.meydan.tv\\\/wp-content\\\/uploads\\\/41628.jpg\",\"articleSection\":[\"M\u0259nim Fikrimc\u0259\"],\"inLanguage\":\"az\"},{\"@type\":\"WebPage\",\"@id\":\"https:\\\/\\\/www.meydan.tv\\\/az\\\/article\\\/beynimizdeki-ejdaha\\\/\",\"url\":\"https:\\\/\\\/www.meydan.tv\\\/az\\\/article\\\/beynimizdeki-ejdaha\\\/\",\"name\":\"Beynimizd\u0259ki \u0259jdaha - MEYDAN.TV\",\"isPartOf\":{\"@id\":\"https:\\\/\\\/www.meydan.tv\\\/az\\\/#website\"},\"primaryImageOfPage\":{\"@id\":\"https:\\\/\\\/www.meydan.tv\\\/az\\\/article\\\/beynimizdeki-ejdaha\\\/#primaryimage\"},\"image\":{\"@id\":\"https:\\\/\\\/www.meydan.tv\\\/az\\\/article\\\/beynimizdeki-ejdaha\\\/#primaryimage\"},\"thumbnailUrl\":\"https:\\\/\\\/www.meydan.tv\\\/wp-content\\\/uploads\\\/41628.jpg\",\"datePublished\":\"2018-06-08T15:21:39+00:00\",\"breadcrumb\":{\"@id\":\"https:\\\/\\\/www.meydan.tv\\\/az\\\/article\\\/beynimizdeki-ejdaha\\\/#breadcrumb\"},\"inLanguage\":\"az\",\"potentialAction\":[{\"@type\":\"ReadAction\",\"target\":[\"https:\\\/\\\/www.meydan.tv\\\/az\\\/article\\\/beynimizdeki-ejdaha\\\/\"]}]},{\"@type\":\"ImageObject\",\"inLanguage\":\"az\",\"@id\":\"https:\\\/\\\/www.meydan.tv\\\/az\\\/article\\\/beynimizdeki-ejdaha\\\/#primaryimage\",\"url\":\"https:\\\/\\\/www.meydan.tv\\\/wp-content\\\/uploads\\\/41628.jpg\",\"contentUrl\":\"https:\\\/\\\/www.meydan.tv\\\/wp-content\\\/uploads\\\/41628.jpg\",\"width\":1600,\"height\":900,\"caption\":\"Source:\"},{\"@type\":\"BreadcrumbList\",\"@id\":\"https:\\\/\\\/www.meydan.tv\\\/az\\\/article\\\/beynimizdeki-ejdaha\\\/#breadcrumb\",\"itemListElement\":[{\"@type\":\"ListItem\",\"position\":1,\"name\":\"Ana s\u0259hif\u0259\",\"item\":\"https:\\\/\\\/www.meydan.tv\\\/az\\\/\"},{\"@type\":\"ListItem\",\"position\":2,\"name\":\"M\u0259nim Fikrimc\u0259\",\"item\":\"https:\\\/\\\/www.meydan.tv\\\/az\\\/section\\\/menim-fikrimce\\\/\"},{\"@type\":\"ListItem\",\"position\":3,\"name\":\"Beynimizd\u0259ki \u0259jdaha\"}]},{\"@type\":\"WebSite\",\"@id\":\"https:\\\/\\\/www.meydan.tv\\\/az\\\/#website\",\"url\":\"https:\\\/\\\/www.meydan.tv\\\/az\\\/\",\"name\":\"MEYDAN.TV\",\"description\":\"Meydan TV Az\u0259rbaycan\u0131n media m\u0259kan\u0131ndak\u0131 alternativ s\u0259sidir\",\"publisher\":{\"@id\":\"https:\\\/\\\/www.meydan.tv\\\/az\\\/#organization\"},\"potentialAction\":[{\"@type\":\"SearchAction\",\"target\":{\"@type\":\"EntryPoint\",\"urlTemplate\":\"https:\\\/\\\/www.meydan.tv\\\/az\\\/?s={search_term_string}\"},\"query-input\":{\"@type\":\"PropertyValueSpecification\",\"valueRequired\":true,\"valueName\":\"search_term_string\"}}],\"inLanguage\":\"az\"},{\"@type\":\"Organization\",\"@id\":\"https:\\\/\\\/www.meydan.tv\\\/az\\\/#organization\",\"name\":\"Meydan TV\",\"url\":\"https:\\\/\\\/www.meydan.tv\\\/az\\\/\",\"logo\":{\"@type\":\"ImageObject\",\"inLanguage\":\"az\",\"@id\":\"https:\\\/\\\/www.meydan.tv\\\/az\\\/#\\\/schema\\\/logo\\\/image\\\/\",\"url\":\"https:\\\/\\\/www.meydan.tv\\\/wp-content\\\/uploads\\\/2021\\\/07\\\/meydan-logo.svg\",\"contentUrl\":\"https:\\\/\\\/www.meydan.tv\\\/wp-content\\\/uploads\\\/2021\\\/07\\\/meydan-logo.svg\",\"width\":195,\"height\":46,\"caption\":\"Meydan TV\"},\"image\":{\"@id\":\"https:\\\/\\\/www.meydan.tv\\\/az\\\/#\\\/schema\\\/logo\\\/image\\\/\"}},{\"@type\":\"Person\",\"@id\":\"https:\\\/\\\/www.meydan.tv\\\/az\\\/#\\\/schema\\\/person\\\/10d11eccf6da3662cf5fdab9806ea91a\",\"name\":\"user-manager\"}]}<\/script>\n<!-- \/ Yoast SEO plugin. -->","yoast_head_json":{"title":"Beynimizd\u0259ki \u0259jdaha - MEYDAN.TV","robots":{"index":"index","follow":"follow","max-snippet":"max-snippet:-1","max-image-preview":"max-image-preview:large","max-video-preview":"max-video-preview:-1"},"canonical":"https:\/\/www.meydan.tv\/az\/article\/beynimizdeki-ejdaha\/","og_locale":"az_AZ","og_type":"article","og_title":"Beynimizd\u0259ki \u0259jdaha - MEYDAN.TV","og_description":"Bug\u00fcnl\u0259rd\u0259 sosial \u015f\u0259b\u0259k\u0259l\u0259rd\u0259 maraq do\u011furan hadis\u0259l\u0259rd\u0259n biri Niderland\u0131n Ba\u015f naziri Mark R\u00fcttenin ba\u015f\u0131na g\u0259l\u0259nl\u0259r oldu","og_url":"https:\/\/www.meydan.tv\/az\/article\/beynimizdeki-ejdaha\/","og_site_name":"MEYDAN.TV","article_published_time":"2018-06-08T15:21:39+00:00","og_image":[{"width":1600,"height":900,"url":"https:\/\/www.meydan.tv\/wp-content\/uploads\/41628.jpg","type":"image\/jpeg"}],"author":"user-manager","twitter_card":"summary_large_image","schema":{"@context":"https:\/\/schema.org","@graph":[{"@type":"Article","@id":"https:\/\/www.meydan.tv\/az\/article\/beynimizdeki-ejdaha\/#article","isPartOf":{"@id":"https:\/\/www.meydan.tv\/az\/article\/beynimizdeki-ejdaha\/"},"author":{"name":"user-manager","@id":"https:\/\/www.meydan.tv\/az\/#\/schema\/person\/10d11eccf6da3662cf5fdab9806ea91a"},"headline":"Beynimizd\u0259ki \u0259jdaha","datePublished":"2018-06-08T15:21:39+00:00","mainEntityOfPage":{"@id":"https:\/\/www.meydan.tv\/az\/article\/beynimizdeki-ejdaha\/"},"wordCount":1671,"publisher":{"@id":"https:\/\/www.meydan.tv\/az\/#organization"},"image":{"@id":"https:\/\/www.meydan.tv\/az\/article\/beynimizdeki-ejdaha\/#primaryimage"},"thumbnailUrl":"https:\/\/www.meydan.tv\/wp-content\/uploads\/41628.jpg","articleSection":["M\u0259nim Fikrimc\u0259"],"inLanguage":"az"},{"@type":"WebPage","@id":"https:\/\/www.meydan.tv\/az\/article\/beynimizdeki-ejdaha\/","url":"https:\/\/www.meydan.tv\/az\/article\/beynimizdeki-ejdaha\/","name":"Beynimizd\u0259ki \u0259jdaha - MEYDAN.TV","isPartOf":{"@id":"https:\/\/www.meydan.tv\/az\/#website"},"primaryImageOfPage":{"@id":"https:\/\/www.meydan.tv\/az\/article\/beynimizdeki-ejdaha\/#primaryimage"},"image":{"@id":"https:\/\/www.meydan.tv\/az\/article\/beynimizdeki-ejdaha\/#primaryimage"},"thumbnailUrl":"https:\/\/www.meydan.tv\/wp-content\/uploads\/41628.jpg","datePublished":"2018-06-08T15:21:39+00:00","breadcrumb":{"@id":"https:\/\/www.meydan.tv\/az\/article\/beynimizdeki-ejdaha\/#breadcrumb"},"inLanguage":"az","potentialAction":[{"@type":"ReadAction","target":["https:\/\/www.meydan.tv\/az\/article\/beynimizdeki-ejdaha\/"]}]},{"@type":"ImageObject","inLanguage":"az","@id":"https:\/\/www.meydan.tv\/az\/article\/beynimizdeki-ejdaha\/#primaryimage","url":"https:\/\/www.meydan.tv\/wp-content\/uploads\/41628.jpg","contentUrl":"https:\/\/www.meydan.tv\/wp-content\/uploads\/41628.jpg","width":1600,"height":900,"caption":"Source:"},{"@type":"BreadcrumbList","@id":"https:\/\/www.meydan.tv\/az\/article\/beynimizdeki-ejdaha\/#breadcrumb","itemListElement":[{"@type":"ListItem","position":1,"name":"Ana s\u0259hif\u0259","item":"https:\/\/www.meydan.tv\/az\/"},{"@type":"ListItem","position":2,"name":"M\u0259nim Fikrimc\u0259","item":"https:\/\/www.meydan.tv\/az\/section\/menim-fikrimce\/"},{"@type":"ListItem","position":3,"name":"Beynimizd\u0259ki \u0259jdaha"}]},{"@type":"WebSite","@id":"https:\/\/www.meydan.tv\/az\/#website","url":"https:\/\/www.meydan.tv\/az\/","name":"MEYDAN.TV","description":"Meydan TV Az\u0259rbaycan\u0131n media m\u0259kan\u0131ndak\u0131 alternativ s\u0259sidir","publisher":{"@id":"https:\/\/www.meydan.tv\/az\/#organization"},"potentialAction":[{"@type":"SearchAction","target":{"@type":"EntryPoint","urlTemplate":"https:\/\/www.meydan.tv\/az\/?s={search_term_string}"},"query-input":{"@type":"PropertyValueSpecification","valueRequired":true,"valueName":"search_term_string"}}],"inLanguage":"az"},{"@type":"Organization","@id":"https:\/\/www.meydan.tv\/az\/#organization","name":"Meydan TV","url":"https:\/\/www.meydan.tv\/az\/","logo":{"@type":"ImageObject","inLanguage":"az","@id":"https:\/\/www.meydan.tv\/az\/#\/schema\/logo\/image\/","url":"https:\/\/www.meydan.tv\/wp-content\/uploads\/2021\/07\/meydan-logo.svg","contentUrl":"https:\/\/www.meydan.tv\/wp-content\/uploads\/2021\/07\/meydan-logo.svg","width":195,"height":46,"caption":"Meydan TV"},"image":{"@id":"https:\/\/www.meydan.tv\/az\/#\/schema\/logo\/image\/"}},{"@type":"Person","@id":"https:\/\/www.meydan.tv\/az\/#\/schema\/person\/10d11eccf6da3662cf5fdab9806ea91a","name":"user-manager"}]}},"_links":{"self":[{"href":"https:\/\/www.meydan.tv\/az\/wp-json\/wp\/v2\/posts\/190380","targetHints":{"allow":["GET"]}}],"collection":[{"href":"https:\/\/www.meydan.tv\/az\/wp-json\/wp\/v2\/posts"}],"about":[{"href":"https:\/\/www.meydan.tv\/az\/wp-json\/wp\/v2\/types\/post"}],"author":[{"embeddable":true,"href":"https:\/\/www.meydan.tv\/az\/wp-json\/wp\/v2\/users\/11"}],"replies":[{"embeddable":true,"href":"https:\/\/www.meydan.tv\/az\/wp-json\/wp\/v2\/comments?post=190380"}],"version-history":[{"count":0,"href":"https:\/\/www.meydan.tv\/az\/wp-json\/wp\/v2\/posts\/190380\/revisions"}],"wp:featuredmedia":[{"embeddable":true,"href":"https:\/\/www.meydan.tv\/az\/wp-json\/wp\/v2\/media\/104959"}],"wp:attachment":[{"href":"https:\/\/www.meydan.tv\/az\/wp-json\/wp\/v2\/media?parent=190380"}],"wp:term":[{"taxonomy":"category","embeddable":true,"href":"https:\/\/www.meydan.tv\/az\/wp-json\/wp\/v2\/categories?post=190380"},{"taxonomy":"post_tag","embeddable":true,"href":"https:\/\/www.meydan.tv\/az\/wp-json\/wp\/v2\/tags?post=190380"}],"curies":[{"name":"wp","href":"https:\/\/api.w.org\/{rel}","templated":true}]}}